{"id":27021,"date":"2019-11-04T08:30:25","date_gmt":"2019-11-04T07:30:25","guid":{"rendered":"https:\/\/leregardlibre.com\/?p=27021"},"modified":"2026-03-15T10:49:14","modified_gmt":"2026-03-15T09:49:14","slug":"des-luttes-mondiales","status":"publish","type":"post","link":"https:\/\/leregardlibre.com\/de\/politik\/welt\/des-luttes-mondiales\/","title":{"rendered":"Globale K\u00e4mpfe?"},"content":{"rendered":"<p><em>Montags Nachrichten - <a href=\"https:\/\/leregardlibre.com\/de\/tag\/clement-guntern\/\">Cl\u00e9ment Guntern<\/a><\/em><\/p>\n\n\n\n<p class=\"has-drop-cap\"><strong>Manchmal scheinen die internationalen Nachrichten mit einer Stimme zu sprechen. Seit einigen Tagen haben sich die sozialen Massenbewegungen rund um den Globus vervielfacht. Einige waren seit einigen Monaten im Winterschlaf, wie in Katalonien, andere sind schon l\u00e4nger aktiv, wie in Hongkong.<\/strong><\/p>\n\n\n\n<!--more Lire la chronique-->\n\n\n\n<p>Ce sont surtout les \u00e9v\u00e9nements en Irak, au Chili et au Liban qui frappent par une certaine simultan\u00e9it\u00e9. Le d\u00e9nominateur commun est que le peuple se lance dans la rue pour se battre contre un Etat injuste. En Irak, on se bat contre tout le syst\u00e8me politique corrompu et influenc\u00e9 par l\u2019Iran; au Liban, on n&#8217;en peut plus des anciennes structures communautaires, de l\u2019impuissance et de la corruption du gouvernement; au Chili, ce sont la pauvret\u00e9 et les in\u00e9galit\u00e9s qui secouent le peuple.&nbsp;A Hong Kong, on se mobilise par peur du g\u00e9ant chinois et de son autoritarisme; en Catalogne, c\u2019\u00e9tait la condamnation du mouvement ind\u00e9pendantiste; enfin, en Equateur, il y a quelques semaines, on se battait contre la fin des subventions pour l\u2019essence.<\/p>\n\n\n\n<p>Sonne-t-on le glas du n\u00e9o-lib\u00e9ralisme et de la globalisation? C\u2019est plut\u00f4t dans le rejet de la corruption qu\u2019il faut chercher la racine de tous ces mouvements tant les revendications sont larges et touchent des pays et des situations vari\u00e9es. La corruption, alors qu\u2019elle a fait partie de la vie politique de certains Etats depuis des d\u00e9cennies ou des si\u00e8cles, commence \u00e0 devenir de moins en moins tol\u00e9rable \u2013 et \u00e0 juste titre. Mais assiste-t-on \u00e0 l\u2019avant-premi\u00e8re de ce que sera la lutte politique de demain, \u00e0 la crois\u00e9e de la polarisation des id\u00e9es et de la croissance des in\u00e9galit\u00e9s? On peut le craindre. La derni\u00e8re question \u00e0 se poser est celle de la r\u00e9ussite de telles mobilisations. Les changements s\u2019obtiennent-ils de cette fa\u00e7on?<\/p>\n\n\n\n<p><strong>Lesen Sie auch | <a href=\"https:\/\/leregardlibre.com\/de\/2019\/01\/21\/le-peuple-est-il-dangereux\/\">Ist das Volk gef\u00e4hrlich?<\/a><\/strong><\/p>\n\n\n\n<p>L\u2019exemple le plus r\u00e9cent de foisonnement de contestations demeure ce que l\u2019on a appel\u00e9 les Printemps arabes. Les mobilisations en Tunisie, en Libye, en Egypte et en Syrie, notamment, se sont sold\u00e9es par des r\u00e9sultats tr\u00e8s diff\u00e9rents, alors que tous luttaient contre un r\u00e9gime autoritaire. Le probl\u00e8me ne r\u00e9side pas vraiment dans la mobilisation, mais dans l\u2019\u00e9tat d\u2019esprit de tout un peuple, ou plut\u00f4t dans le logiciel interne des pays. Ceux-ci ont des structures et des valeurs sociales diff\u00e9rentes qui favorisent ou d\u00e9favorisent le changement. Ce ne fut pas l\u00e0 o\u00f9 le gouvernement \u00e9tait le plus corrompu ou le plus injuste que les protestations ont eu le plus d\u2019effets. Ni l\u00e0 o\u00f9 les opposants \u00e9taient les plus violents d\u2019ailleurs, en t\u00e9moigne le sort de la Libye.<\/p>\n\n\n\n<p>Un gouvernement ou une \u00e9lite ne va pas r\u00e9pondre de la m\u00eame mani\u00e8re en fonction de son logiciel, en fonction de son histoire, de sa culture et de sa structure sociale. En France, les gr\u00e8ves font partie du paysage politique depuis des d\u00e9cennies, tandis qu\u2019en Suisse, des actions du m\u00eame type ne m\u00e8neraient certainement pas aux m\u00eames r\u00e9sultats. De plus, toutes les manifestations actuelles n\u2019ont pas la m\u00eame valeur, entre Hong Kong, l\u2019Irak, le Chili, le Liban ou la Catalogne\u2026<\/p>\n\n\n\n<p>Cependant, il faut se garder de penser qu\u2019un syst\u00e8me ne change pas. Il ne faut pas se dire que telle ou telle mobilisation ne peut qu\u2019\u00e9chouer en raison du syst\u00e8me en place, cela reviendrait \u00e0 commettre une faute intellectuelle. Il y a toujours un facteur de changement inattendu qui peut survenir sans pr\u00e9venir, \u00e0 l\u2019image de la chute du communisme en Europe. Dans tous les cas, il faut se m\u00e9fier de voir une convergence des luttes au niveau mondial et de penser qu\u2019une mobilisation violente puisse n\u00e9cessairement sortir victorieuse. <\/p>\n\n\n\n<p><em>Schreiben Sie dem Autor: <\/em><a rel=\"noreferrer noopener\" aria-label=\"clement.guntern@leregardlibre.com (s\u2019ouvre dans un nouvel onglet)\" href=\"mailto:clement.guntern@leregardlibre.com\" target=\"_blank\"><em>clement.guntern@leregardlibre.com<\/em><\/a><\/p>\n\n\n\n<p>\u00a9 Wikimedia<\/p>","protected":false},"excerpt":{"rendered":"<p>Konvergenz der gewaltt\u00e4tigen Mobilisierungen?<\/p>","protected":false},"author":325,"featured_media":510744,"comment_status":"open","ping_status":"open","sticky":false,"template":"","format":"standard","meta":{"_acf_changed":false,"footnotes":""},"categories":[644357281],"tags":[495851,644341949,22388,644343240,26256,248540,644343239,538],"class_list":["post-27021","post","type-post","status-publish","format-standard","has-post-thumbnail","hentry","category-monde","tag-catalogne","tag-chili","tag-corruption","tag-hong-kong","tag-irak","tag-liban","tag-luttes-mondiales","tag-violence"],"acf":[],"yoast_head":"<!-- This site is optimized with the Yoast SEO Premium plugin v27.4 (Yoast SEO v27.4) - https:\/\/yoast.com\/product\/yoast-seo-premium-wordpress\/ -->\n<title>Des luttes mondiales?<\/title>\n<meta name=\"robots\" content=\"index, follow, max-snippet:-1, max-image-preview:large, max-video-preview:-1\" \/>\n<link rel=\"canonical\" href=\"https:\/\/leregardlibre.com\/de\/politik\/welt\/des-luttes-mondiales\/\" \/>\n<meta property=\"og:locale\" content=\"de_DE\" \/>\n<meta property=\"og:type\" content=\"article\" \/>\n<meta property=\"og:title\" content=\"Des luttes mondiales?\" \/>\n<meta property=\"og:description\" content=\"Une convergence des mobilisations violentes?\" \/>\n<meta property=\"og:url\" content=\"https:\/\/leregardlibre.com\/de\/politik\/welt\/des-luttes-mondiales\/\" \/>\n<meta property=\"og:site_name\" content=\"Le Regard Libre\" \/>\n<meta property=\"article:publisher\" content=\"https:\/\/www.facebook.com\/leregardlibre\/\" \/>\n<meta property=\"article:published_time\" content=\"2019-11-04T07:30:25+00:00\" \/>\n<meta property=\"article:modified_time\" content=\"2026-03-15T09:49:14+00:00\" \/>\n<meta property=\"og:image\" content=\"https:\/\/leregardlibre.com\/wp-content\/uploads\/2019\/11\/\u00a9-Wikimedia-1-1024x768.jpg\" \/>\n\t<meta property=\"og:image:width\" content=\"1024\" \/>\n\t<meta property=\"og:image:height\" content=\"768\" \/>\n\t<meta property=\"og:image:type\" content=\"image\/jpeg\" \/>\n<meta name=\"author\" content=\"Cl\u00e9ment Guntern\" \/>\n<meta name=\"twitter:card\" content=\"summary_large_image\" \/>\n<meta name=\"twitter:creator\" content=\"@LeRegardLibre\" \/>\n<meta name=\"twitter:site\" content=\"@LeRegardLibre\" \/>\n<meta name=\"twitter:label1\" content=\"Verfasst von\" \/>\n\t<meta name=\"twitter:data1\" content=\"Cl\u00e9ment Guntern\" \/>\n\t<meta name=\"twitter:label2\" content=\"Gesch\u00e4tzte Lesezeit\" \/>\n\t<meta name=\"twitter:data2\" content=\"4\u00a0Minuten\" \/>\n<script type=\"application\/ld+json\" class=\"yoast-schema-graph\">{\"@context\":\"https:\\\/\\\/schema.org\",\"@graph\":[{\"@type\":\"Article\",\"@id\":\"https:\\\/\\\/leregardlibre.com\\\/politique\\\/monde\\\/des-luttes-mondiales\\\/#article\",\"isPartOf\":{\"@id\":\"https:\\\/\\\/leregardlibre.com\\\/politique\\\/monde\\\/des-luttes-mondiales\\\/\"},\"author\":{\"name\":\"Cl\u00e9ment Guntern\",\"@id\":\"https:\\\/\\\/leregardlibre.com\\\/#\\\/schema\\\/person\\\/30daacd8c04cd92ec59532d74a7b18f8\"},\"headline\":\"Des luttes mondiales?\",\"datePublished\":\"2019-11-04T07:30:25+00:00\",\"dateModified\":\"2026-03-15T09:49:14+00:00\",\"mainEntityOfPage\":{\"@id\":\"https:\\\/\\\/leregardlibre.com\\\/politique\\\/monde\\\/des-luttes-mondiales\\\/\"},\"wordCount\":680,\"commentCount\":0,\"publisher\":{\"@id\":\"https:\\\/\\\/leregardlibre.com\\\/#organization\"},\"image\":{\"@id\":\"https:\\\/\\\/leregardlibre.com\\\/politique\\\/monde\\\/des-luttes-mondiales\\\/#primaryimage\"},\"thumbnailUrl\":\"https:\\\/\\\/leregardlibre.com\\\/wp-content\\\/uploads\\\/2019\\\/11\\\/\u00a9-Wikimedia-1.jpg\",\"keywords\":[\"Catalogne\",\"Chili\",\"Corruption\",\"Hong Kong\",\"Irak\",\"Liban\",\"luttes mondiales\",\"Violence\"],\"articleSection\":[\"Monde\"],\"inLanguage\":\"de\",\"potentialAction\":[{\"@type\":\"CommentAction\",\"name\":\"Comment\",\"target\":[\"https:\\\/\\\/leregardlibre.com\\\/politique\\\/monde\\\/des-luttes-mondiales\\\/#respond\"]}]},{\"@type\":\"WebPage\",\"@id\":\"https:\\\/\\\/leregardlibre.com\\\/politique\\\/monde\\\/des-luttes-mondiales\\\/\",\"url\":\"https:\\\/\\\/leregardlibre.com\\\/politique\\\/monde\\\/des-luttes-mondiales\\\/\",\"name\":\"Des luttes mondiales?\",\"isPartOf\":{\"@id\":\"https:\\\/\\\/leregardlibre.com\\\/#website\"},\"primaryImageOfPage\":{\"@id\":\"https:\\\/\\\/leregardlibre.com\\\/politique\\\/monde\\\/des-luttes-mondiales\\\/#primaryimage\"},\"image\":{\"@id\":\"https:\\\/\\\/leregardlibre.com\\\/politique\\\/monde\\\/des-luttes-mondiales\\\/#primaryimage\"},\"thumbnailUrl\":\"https:\\\/\\\/leregardlibre.com\\\/wp-content\\\/uploads\\\/2019\\\/11\\\/\u00a9-Wikimedia-1.jpg\",\"datePublished\":\"2019-11-04T07:30:25+00:00\",\"dateModified\":\"2026-03-15T09:49:14+00:00\",\"breadcrumb\":{\"@id\":\"https:\\\/\\\/leregardlibre.com\\\/politique\\\/monde\\\/des-luttes-mondiales\\\/#breadcrumb\"},\"inLanguage\":\"de\",\"potentialAction\":[{\"@type\":\"ReadAction\",\"target\":[\"https:\\\/\\\/leregardlibre.com\\\/politique\\\/monde\\\/des-luttes-mondiales\\\/\"]}]},{\"@type\":\"ImageObject\",\"inLanguage\":\"de\",\"@id\":\"https:\\\/\\\/leregardlibre.com\\\/politique\\\/monde\\\/des-luttes-mondiales\\\/#primaryimage\",\"url\":\"https:\\\/\\\/leregardlibre.com\\\/wp-content\\\/uploads\\\/2019\\\/11\\\/\u00a9-Wikimedia-1.jpg\",\"contentUrl\":\"https:\\\/\\\/leregardlibre.com\\\/wp-content\\\/uploads\\\/2019\\\/11\\\/\u00a9-Wikimedia-1.jpg\",\"width\":4160,\"height\":3120},{\"@type\":\"BreadcrumbList\",\"@id\":\"https:\\\/\\\/leregardlibre.com\\\/politique\\\/monde\\\/des-luttes-mondiales\\\/#breadcrumb\",\"itemListElement\":[{\"@type\":\"ListItem\",\"position\":1,\"name\":\"Accueil\",\"item\":\"https:\\\/\\\/leregardlibre.com\\\/\"},{\"@type\":\"ListItem\",\"position\":2,\"name\":\"Des luttes mondiales?\"}]},{\"@type\":\"WebSite\",\"@id\":\"https:\\\/\\\/leregardlibre.com\\\/#website\",\"url\":\"https:\\\/\\\/leregardlibre.com\\\/\",\"name\":\"Le Regard Libre\",\"description\":\"Premier mensuel suisse de d\u00e9bat\",\"publisher\":{\"@id\":\"https:\\\/\\\/leregardlibre.com\\\/#organization\"},\"potentialAction\":[{\"@type\":\"SearchAction\",\"target\":{\"@type\":\"EntryPoint\",\"urlTemplate\":\"https:\\\/\\\/leregardlibre.com\\\/?s={search_term_string}\"},\"query-input\":{\"@type\":\"PropertyValueSpecification\",\"valueRequired\":true,\"valueName\":\"search_term_string\"}}],\"inLanguage\":\"de\"},{\"@type\":\"Organization\",\"@id\":\"https:\\\/\\\/leregardlibre.com\\\/#organization\",\"name\":\"Le Regard Libre\",\"url\":\"https:\\\/\\\/leregardlibre.com\\\/\",\"logo\":{\"@type\":\"ImageObject\",\"inLanguage\":\"de\",\"@id\":\"https:\\\/\\\/leregardlibre.com\\\/#\\\/schema\\\/logo\\\/image\\\/\",\"url\":\"https:\\\/\\\/leregardlibre.com\\\/wp-content\\\/uploads\\\/2025\\\/08\\\/logo-rl-icone-neg.jpeg\",\"contentUrl\":\"https:\\\/\\\/leregardlibre.com\\\/wp-content\\\/uploads\\\/2025\\\/08\\\/logo-rl-icone-neg.jpeg\",\"width\":557,\"height\":556,\"caption\":\"Le Regard Libre\"},\"image\":{\"@id\":\"https:\\\/\\\/leregardlibre.com\\\/#\\\/schema\\\/logo\\\/image\\\/\"},\"sameAs\":[\"https:\\\/\\\/www.facebook.com\\\/leregardlibre\\\/\",\"https:\\\/\\\/x.com\\\/LeRegardLibre\",\"https:\\\/\\\/www.linkedin.com\\\/company\\\/le-regard-libre\",\"https:\\\/\\\/www.instagram.com\\\/leregardlibre\\\/\",\"http:\\\/\\\/t.me\\\/leregardlibre\",\"https:\\\/\\\/youtube.com\\\/channel\\\/UC6HzGPomj1LsUmlz-sJtITQ\"],\"description\":\"Le Regard Libre est un mensuel suisse de d\u00e9bat intellectuel et culturel. Sa r\u00e9daction est jeune, b\u00e9n\u00e9vole, lib\u00e9rale et pluraliste. Le magazine para\u00eet en ligne et sous forme papier. Sa langue est le fran\u00e7ais.\",\"email\":\"redaction@leregardlibre.com\",\"legalName\":\"Le Regard Libre\",\"foundingDate\":\"2014-01-01\",\"numberOfEmployees\":{\"@type\":\"QuantitativeValue\",\"minValue\":\"11\",\"maxValue\":\"50\"},\"publishingPrinciples\":\"https:\\\/\\\/leregardlibre.com\\\/a-propos\\\/notre-manifeste\\\/\",\"ownershipFundingInfo\":\"https:\\\/\\\/leregardlibre.com\\\/mentions-legales\\\/\",\"actionableFeedbackPolicy\":\"https:\\\/\\\/leregardlibre.com\\\/conditions-generales-de-vente\\\/\"},{\"@type\":\"Person\",\"@id\":\"https:\\\/\\\/leregardlibre.com\\\/#\\\/schema\\\/person\\\/30daacd8c04cd92ec59532d74a7b18f8\",\"name\":\"Cl\u00e9ment Guntern\",\"image\":{\"@type\":\"ImageObject\",\"inLanguage\":\"de\",\"@id\":\"https:\\\/\\\/secure.gravatar.com\\\/avatar\\\/79a3aae9b5ce6c4dcd8890bc4d3171c7198fe739971f91e509b3f8b98aa66d64?s=96&d=identicon&r=g\",\"url\":\"https:\\\/\\\/secure.gravatar.com\\\/avatar\\\/79a3aae9b5ce6c4dcd8890bc4d3171c7198fe739971f91e509b3f8b98aa66d64?s=96&d=identicon&r=g\",\"contentUrl\":\"https:\\\/\\\/secure.gravatar.com\\\/avatar\\\/79a3aae9b5ce6c4dcd8890bc4d3171c7198fe739971f91e509b3f8b98aa66d64?s=96&d=identicon&r=g\",\"caption\":\"Cl\u00e9ment Guntern\"},\"sameAs\":[\"https:\\\/\\\/leregardlibre.com\\\/\"],\"url\":\"https:\\\/\\\/leregardlibre.com\\\/de\\\/author\\\/clement-guntern\\\/\"}]}<\/script>\n<!-- \/ Yoast SEO Premium plugin. -->","yoast_head_json":{"title":"Globale K\u00e4mpfe?","robots":{"index":"index","follow":"follow","max-snippet":"max-snippet:-1","max-image-preview":"max-image-preview:large","max-video-preview":"max-video-preview:-1"},"canonical":"https:\/\/leregardlibre.com\/de\/politik\/welt\/des-luttes-mondiales\/","og_locale":"de_DE","og_type":"article","og_title":"Des luttes mondiales?","og_description":"Une convergence des mobilisations violentes?","og_url":"https:\/\/leregardlibre.com\/de\/politik\/welt\/des-luttes-mondiales\/","og_site_name":"Le Regard Libre","article_publisher":"https:\/\/www.facebook.com\/leregardlibre\/","article_published_time":"2019-11-04T07:30:25+00:00","article_modified_time":"2026-03-15T09:49:14+00:00","og_image":[{"width":1024,"height":768,"url":"https:\/\/leregardlibre.com\/wp-content\/uploads\/2019\/11\/\u00a9-Wikimedia-1-1024x768.jpg","type":"image\/jpeg"}],"author":"Cl\u00e9ment Guntern","twitter_card":"summary_large_image","twitter_creator":"@LeRegardLibre","twitter_site":"@LeRegardLibre","twitter_misc":{"Verfasst von":"Cl\u00e9ment Guntern","Gesch\u00e4tzte Lesezeit":"4\u00a0Minuten"},"schema":{"@context":"https:\/\/schema.org","@graph":[{"@type":"Article","@id":"https:\/\/leregardlibre.com\/politique\/monde\/des-luttes-mondiales\/#article","isPartOf":{"@id":"https:\/\/leregardlibre.com\/politique\/monde\/des-luttes-mondiales\/"},"author":{"name":"Cl\u00e9ment Guntern","@id":"https:\/\/leregardlibre.com\/#\/schema\/person\/30daacd8c04cd92ec59532d74a7b18f8"},"headline":"Des luttes mondiales?","datePublished":"2019-11-04T07:30:25+00:00","dateModified":"2026-03-15T09:49:14+00:00","mainEntityOfPage":{"@id":"https:\/\/leregardlibre.com\/politique\/monde\/des-luttes-mondiales\/"},"wordCount":680,"commentCount":0,"publisher":{"@id":"https:\/\/leregardlibre.com\/#organization"},"image":{"@id":"https:\/\/leregardlibre.com\/politique\/monde\/des-luttes-mondiales\/#primaryimage"},"thumbnailUrl":"https:\/\/leregardlibre.com\/wp-content\/uploads\/2019\/11\/\u00a9-Wikimedia-1.jpg","keywords":["Catalogne","Chili","Corruption","Hong Kong","Irak","Liban","luttes mondiales","Violence"],"articleSection":["Monde"],"inLanguage":"de","potentialAction":[{"@type":"CommentAction","name":"Comment","target":["https:\/\/leregardlibre.com\/politique\/monde\/des-luttes-mondiales\/#respond"]}]},{"@type":"WebPage","@id":"https:\/\/leregardlibre.com\/politique\/monde\/des-luttes-mondiales\/","url":"https:\/\/leregardlibre.com\/politique\/monde\/des-luttes-mondiales\/","name":"Globale K\u00e4mpfe?","isPartOf":{"@id":"https:\/\/leregardlibre.com\/#website"},"primaryImageOfPage":{"@id":"https:\/\/leregardlibre.com\/politique\/monde\/des-luttes-mondiales\/#primaryimage"},"image":{"@id":"https:\/\/leregardlibre.com\/politique\/monde\/des-luttes-mondiales\/#primaryimage"},"thumbnailUrl":"https:\/\/leregardlibre.com\/wp-content\/uploads\/2019\/11\/\u00a9-Wikimedia-1.jpg","datePublished":"2019-11-04T07:30:25+00:00","dateModified":"2026-03-15T09:49:14+00:00","breadcrumb":{"@id":"https:\/\/leregardlibre.com\/politique\/monde\/des-luttes-mondiales\/#breadcrumb"},"inLanguage":"de","potentialAction":[{"@type":"ReadAction","target":["https:\/\/leregardlibre.com\/politique\/monde\/des-luttes-mondiales\/"]}]},{"@type":"ImageObject","inLanguage":"de","@id":"https:\/\/leregardlibre.com\/politique\/monde\/des-luttes-mondiales\/#primaryimage","url":"https:\/\/leregardlibre.com\/wp-content\/uploads\/2019\/11\/\u00a9-Wikimedia-1.jpg","contentUrl":"https:\/\/leregardlibre.com\/wp-content\/uploads\/2019\/11\/\u00a9-Wikimedia-1.jpg","width":4160,"height":3120},{"@type":"BreadcrumbList","@id":"https:\/\/leregardlibre.com\/politique\/monde\/des-luttes-mondiales\/#breadcrumb","itemListElement":[{"@type":"ListItem","position":1,"name":"Accueil","item":"https:\/\/leregardlibre.com\/"},{"@type":"ListItem","position":2,"name":"Des luttes mondiales?"}]},{"@type":"WebSite","@id":"https:\/\/leregardlibre.com\/#website","url":"https:\/\/leregardlibre.com\/","name":"Le Regard Libre","description":"Erste Schweizer Monatszeitschrift f\u00fcr Debatten","publisher":{"@id":"https:\/\/leregardlibre.com\/#organization"},"potentialAction":[{"@type":"SearchAction","target":{"@type":"EntryPoint","urlTemplate":"https:\/\/leregardlibre.com\/?s={search_term_string}"},"query-input":{"@type":"PropertyValueSpecification","valueRequired":true,"valueName":"search_term_string"}}],"inLanguage":"de"},{"@type":"Organization","@id":"https:\/\/leregardlibre.com\/#organization","name":"Le Regard Libre","url":"https:\/\/leregardlibre.com\/","logo":{"@type":"ImageObject","inLanguage":"de","@id":"https:\/\/leregardlibre.com\/#\/schema\/logo\/image\/","url":"https:\/\/leregardlibre.com\/wp-content\/uploads\/2025\/08\/logo-rl-icone-neg.jpeg","contentUrl":"https:\/\/leregardlibre.com\/wp-content\/uploads\/2025\/08\/logo-rl-icone-neg.jpeg","width":557,"height":556,"caption":"Le Regard Libre"},"image":{"@id":"https:\/\/leregardlibre.com\/#\/schema\/logo\/image\/"},"sameAs":["https:\/\/www.facebook.com\/leregardlibre\/","https:\/\/x.com\/LeRegardLibre","https:\/\/www.linkedin.com\/company\/le-regard-libre","https:\/\/www.instagram.com\/leregardlibre\/","http:\/\/t.me\/leregardlibre","https:\/\/youtube.com\/channel\/UC6HzGPomj1LsUmlz-sJtITQ"],"description":"Le Regard Libre ist eine Schweizer Monatszeitschrift f\u00fcr intellektuelle und kulturelle Debatten. Seine Redaktion ist jung, ehrenamtlich, liberal und pluralistisch. Das Magazin erscheint online und in gedruckter Form. Seine Sprache ist Franz\u00f6sisch.","email":"redaction@leregardlibre.com","legalName":"Le Regard Libre","foundingDate":"2014-01-01","numberOfEmployees":{"@type":"QuantitativeValue","minValue":"11","maxValue":"50"},"publishingPrinciples":"https:\/\/leregardlibre.com\/a-propos\/notre-manifeste\/","ownershipFundingInfo":"https:\/\/leregardlibre.com\/mentions-legales\/","actionableFeedbackPolicy":"https:\/\/leregardlibre.com\/conditions-generales-de-vente\/"},{"@type":"Person","@id":"https:\/\/leregardlibre.com\/#\/schema\/person\/30daacd8c04cd92ec59532d74a7b18f8","name":"Cl\u00e9ment Guntern","image":{"@type":"ImageObject","inLanguage":"de","@id":"https:\/\/secure.gravatar.com\/avatar\/79a3aae9b5ce6c4dcd8890bc4d3171c7198fe739971f91e509b3f8b98aa66d64?s=96&d=identicon&r=g","url":"https:\/\/secure.gravatar.com\/avatar\/79a3aae9b5ce6c4dcd8890bc4d3171c7198fe739971f91e509b3f8b98aa66d64?s=96&d=identicon&r=g","contentUrl":"https:\/\/secure.gravatar.com\/avatar\/79a3aae9b5ce6c4dcd8890bc4d3171c7198fe739971f91e509b3f8b98aa66d64?s=96&d=identicon&r=g","caption":"Cl\u00e9ment Guntern"},"sameAs":["https:\/\/leregardlibre.com\/"],"url":"https:\/\/leregardlibre.com\/de\/author\/clement-guntern\/"}]}},"_links":{"self":[{"href":"https:\/\/leregardlibre.com\/de\/wp-json\/wp\/v2\/posts\/27021","targetHints":{"allow":["GET"]}}],"collection":[{"href":"https:\/\/leregardlibre.com\/de\/wp-json\/wp\/v2\/posts"}],"about":[{"href":"https:\/\/leregardlibre.com\/de\/wp-json\/wp\/v2\/types\/post"}],"author":[{"embeddable":true,"href":"https:\/\/leregardlibre.com\/de\/wp-json\/wp\/v2\/users\/325"}],"replies":[{"embeddable":true,"href":"https:\/\/leregardlibre.com\/de\/wp-json\/wp\/v2\/comments?post=27021"}],"version-history":[{"count":1,"href":"https:\/\/leregardlibre.com\/de\/wp-json\/wp\/v2\/posts\/27021\/revisions"}],"predecessor-version":[{"id":510743,"href":"https:\/\/leregardlibre.com\/de\/wp-json\/wp\/v2\/posts\/27021\/revisions\/510743"}],"wp:featuredmedia":[{"embeddable":true,"href":"https:\/\/leregardlibre.com\/de\/wp-json\/wp\/v2\/media\/510744"}],"wp:attachment":[{"href":"https:\/\/leregardlibre.com\/de\/wp-json\/wp\/v2\/media?parent=27021"}],"wp:term":[{"taxonomy":"category","embeddable":true,"href":"https:\/\/leregardlibre.com\/de\/wp-json\/wp\/v2\/categories?post=27021"},{"taxonomy":"post_tag","embeddable":true,"href":"https:\/\/leregardlibre.com\/de\/wp-json\/wp\/v2\/tags?post=27021"}],"curies":[{"name":"wp","href":"https:\/\/api.w.org\/{rel}","templated":true}]}}