{"id":27373,"date":"2019-11-13T12:35:54","date_gmt":"2019-11-13T11:35:54","guid":{"rendered":"https:\/\/leregardlibre.com\/?p=27373"},"modified":"2025-12-04T22:30:12","modified_gmt":"2025-12-04T21:30:12","slug":"das-drama-der-bauern-von-edouard-bergeon-ins-lecran-gebracht","status":"publish","type":"post","link":"https:\/\/leregardlibre.com\/de\/kino\/filme\/das-drama-der-bauern-von-edouard-bergeon-ins-lecran-gebracht\/","title":{"rendered":"Das Drama der Bauern von Edouard Bergeon auf die Leinwand gebracht"},"content":{"rendered":"<p><em>Les mercredidis du cin\u00e9ma - Jonas Follonier<\/em><\/p>\n\n\n\n<p class=\"has-drop-cap\"><strong>Es ist ein Film, der sowohl hart ist - in seiner Aussage und dem, was er auf der Leinwand zeigt - als auch k\u00fcnstlerisch gelungen und daher sch\u00f6n ist. <em>Im Namen der Erde<\/em> von Edouard Bergeon handelt von einem Bauern (Guillaume Canet), der den Hof seines Vaters \u00fcbernimmt und trotz einer liebenden Frau und Kindern langsam vom Gl\u00fcck in den Horror abrutscht. Ein eindringlicher Film, der leider auf der Realit\u00e4t der Landwirtschaft und ihrer Entwicklung in den letzten vierzig Jahren beruht.<\/strong><\/p>\n\n\n\n<!--more Lire la critique-->\n\n\n\n<p>Frankreich, 1979. Pierre (Guillaume Canet) kehrt aus Wyoming zur\u00fcck, wo er sich um Tausende von Tieren k\u00fcmmern musste. Die Farm seiner Familie, die er nun vorfindet, geh\u00f6rt zwar zu einem kleineren Ma\u00dfstab, aber das hat sie nicht daran gehindert, w\u00e4hrend seiner Abwesenheit erheblich zu wachsen. Sein Vater Jacques Jarjeau (Rufus), der den Hof nach dem Tod seines eigenen Vaters im Alter von nur dreizehn Jahren erbte, baute ihn nat\u00fcrlich weiter aus, allerdings nicht ohne die geltenden Normen zu verletzen. Nun ist Pierre an der Reihe, den Familienhof zu \u00fcbernehmen. <em>\u00abGut, wichtig ist, dass es in der Familie bleibt\u00bb<\/em>, In diesem Film wird der altmodische Bauer an seinen Sohn verh\u00f6kert, als er den Hof vor dem Notar und Pierres Verlobter, der sch\u00f6nen und fremden Claire (Veerle Baetens), \u00fcbergibt.<\/p>\n\n\n\n<figure class=\"wp-block-image size-large\"><img decoding=\"async\" src=\"http:\/\/leregardlibre.com\/wp-content\/uploads\/2019\/11\/AuNomDeLaTerre_Filmstill1-scaled.jpg\" alt=\"\" class=\"wp-image-27435\"\/><figcaption>Rufus und Guillaume Canet in \u00abAu nom de la terre\u00bb von Edouard Bergeon \u00a9 Filmcoopi<\/figcaption><\/figure>\n\n\n\n<p>Dreiundzwanzig Jahre sp\u00e4ter hat sich die immer schwieriger werdende Realit\u00e4t der traditionellen Landwirtschaft bemerkbar gemacht und die Schulden werden immer gr\u00f6\u00dfer. Dennoch investiert Pierre massiv in neue Infrastrukturen, um mit der Zeit Schritt zu halten und den Hof rentabler zu machen. Die Hoffnung stirbt zuletzt. Aber wenn es keine Hoffnung mehr gibt, ist schwarz eben schwarz. Die Aufzucht einer gro\u00dfen Gefl\u00fcgelpopulation wird schnell zur Katastrophe, als die neue Anlage, die eine Salatsch\u00fcssel gekostet hat, bereits zu versagen beginnt. Das ist der Anfang von Pierres H\u00f6llenfahrt.<\/p>\n\n\n\n<figure class=\"wp-block-embed-youtube wp-block-embed is-type-video is-provider-youtube wp-embed-aspect-16-9 wp-has-aspect-ratio\"><div class=\"wp-block-embed__wrapper\">\n<iframe title=\"AU NOM DE LA TERRE Trailer (2019) Guillaume Canet, Franz\u00f6sischer Film\" width=\"1000\" height=\"563\" src=\"https:\/\/www.youtube.com\/embed\/GMws7-SjDU8?feature=oembed\" frameborder=\"0\" allow=\"accelerometer; autoplay; clipboard-write; encrypted-media; gyroscope; picture-in-picture; web-share\" referrerpolicy=\"strict-origin-when-cross-origin\" allowfullscreen><\/iframe>\n<\/div><\/figure>\n\n\n\n<p>Die unbestreitbar hervorragenden Schauspieler, bis hin zu Pierres Sohn Thomas (Anthony Bajon), verbinden sich mit der anderen gro\u00dfen St\u00e4rke des Films, n\u00e4mlich der Thematik der Vater-Sohn-Beziehung. \u00abPierre\u00bb ist der Vater; der Vater ist ein Stein, ein harter Fels, ein harter Rock. Pierre, ein Familienvater, der trotz der Liebe seiner Familie zunehmend arbeitslos wird, m\u00f6chte vor allem nicht der Erbe der H\u00e4rte und Strenge seines Vaters sein, auch wenn er dessen Hof erbt. Diese sind nicht nur auf eine alte und schwierige Welt zur\u00fcckzuf\u00fchren, sondern auch auf eine echte Boshaftigkeit, wie z. B. die Freude daran, die Arbeitsweise anderer zu kritisieren und nie bedingungslose Liebe f\u00fcr seine Frau oder seine Kinder zu zeigen.<\/p>\n\n\n\n<p>Zweifellos spielt diese ewig schwierige Vater-Sohn-Beziehung, die so viele von uns kennen und die daher nahe an der universellen Sackgasse ist, eine gro\u00dfe Rolle f\u00fcr den tragischen Ausgang von Pierre und des Films. <em>Im Namen der Erde<\/em> ist nicht nur ein wichtiges Werk \u00fcber die aktuelle Thematik des Ernstes der Landwirtschaft, sondern geht sogar noch dar\u00fcber hinaus, indem er ein Familiendrama mit intimen Frustrationen ohne L\u00f6sungen vom Vater zum Sohn einbaut. Vor der Leinwand kann man sich nicht irren: Man sieht, dass der Regisseur von seinen eigenen Erfahrungen spricht. Und die Art und Weise, wie er sie mit so viel Talent in eine fiktionale Form gebracht hat, ist mehr als bemerkenswert.<\/p>\n\n\n\n<p><em>Schreiben Sie dem Autor: <a href=\"mailto:jonas.follonier@leregardlibre.com\">jonas.follonier@leregardlibre.com<\/a><\/em><\/p>\n\n\n\n<p>Bildnachweis: \u00a9 Filmcoopi<\/p>\n\n\n<div data-block-name=\"woocommerce\/handpicked-products\" data-edit-mode=\"false\" data-products=\"[24185,17631]\" class=\"wc-block-grid wp-block-handpicked-products wp-block-woocommerce-handpicked-products wc-block-handpicked-products has-3-columns has-multiple-rows\"><ul class=\"wc-block-grid__products\"><li class=\"wc-block-grid__product\">\n\t\t\t\t<a href=\"https:\/\/leregardlibre.com\/de\/produkt\/le-regard-libre-abonnement-annuel-a-la-version-papier\/\" class=\"wc-block-grid__product-link\">\n\t\t\t\t\t\n\t\t\t\t\t<div class=\"wc-block-grid__product-image\"><img fetchpriority=\"high\" decoding=\"async\" width=\"300\" height=\"300\" src=\"https:\/\/leregardlibre.com\/wp-content\/uploads\/woocommerce-placeholder.webp\" class=\"woocommerce-placeholder wp-post-image\" alt=\"\" srcset=\"https:\/\/leregardlibre.com\/wp-content\/uploads\/woocommerce-placeholder.webp 1200w, https:\/\/leregardlibre.com\/wp-content\/uploads\/woocommerce-placeholder-300x300.webp 300w, https:\/\/leregardlibre.com\/wp-content\/uploads\/woocommerce-placeholder-1024x1024.webp 1024w, https:\/\/leregardlibre.com\/wp-content\/uploads\/woocommerce-placeholder-150x150.webp 150w, https:\/\/leregardlibre.com\/wp-content\/uploads\/woocommerce-placeholder-768x768.webp 768w, https:\/\/leregardlibre.com\/wp-content\/uploads\/woocommerce-placeholder-1170x1170.webp 1170w, https:\/\/leregardlibre.com\/wp-content\/uploads\/woocommerce-placeholder-585x585.webp 585w\" sizes=\"(max-width: 300px) 100vw, 300px\" \/><\/div>\n\t\t\t\t\t<div class=\"wc-block-grid__product-title\">Standard-Abonnement (Schweiz)<\/div>\n\t\t\t\t<\/a>\n\t\t\t\t<div class=\"wc-block-grid__product-price price\"><span class=\"woocommerce-Price-amount amount\"><span class=\"woocommerce-Price-currencySymbol\">CHF<\/span>100.00<\/span> <span class=\"subscription-details\"> \/ Jahr<\/span><\/div>\n\t\t\t\t\n\t\t\t\t<div class=\"wp-block-button wc-block-grid__product-add-to-cart\"><a href=\"\/de\/wp-json\/wp\/v2\/posts\/27373?add-to-cart=17631\" aria-label=\"Jetzt abonnieren: \u201eStandardabonnement (Schweiz)\u201c.\u201c\" data-quantity=\"1\" data-product_id=\"17631\" data-product_sku=\"\" data-price=\"100\" rel=\"nofollow\" class=\"wp-block-button__link  add_to_cart_button ajax_add_to_cart\">Jetzt abonnieren<\/a><\/div>\n\t\t\t<\/li><li class=\"wc-block-grid__product\">\n\t\t\t\t<a href=\"https:\/\/leregardlibre.com\/de\/produkt\/abonnement-numerique\/\" class=\"wc-block-grid__product-link\">\n\t\t\t\t\t\n\t\t\t\t\t<div class=\"wc-block-grid__product-image\"><img fetchpriority=\"high\" decoding=\"async\" width=\"300\" height=\"300\" src=\"https:\/\/leregardlibre.com\/wp-content\/uploads\/woocommerce-placeholder.webp\" class=\"woocommerce-placeholder wp-post-image\" alt=\"\" srcset=\"https:\/\/leregardlibre.com\/wp-content\/uploads\/woocommerce-placeholder.webp 1200w, https:\/\/leregardlibre.com\/wp-content\/uploads\/woocommerce-placeholder-300x300.webp 300w, https:\/\/leregardlibre.com\/wp-content\/uploads\/woocommerce-placeholder-1024x1024.webp 1024w, https:\/\/leregardlibre.com\/wp-content\/uploads\/woocommerce-placeholder-150x150.webp 150w, https:\/\/leregardlibre.com\/wp-content\/uploads\/woocommerce-placeholder-768x768.webp 768w, https:\/\/leregardlibre.com\/wp-content\/uploads\/woocommerce-placeholder-1170x1170.webp 1170w, https:\/\/leregardlibre.com\/wp-content\/uploads\/woocommerce-placeholder-585x585.webp 585w\" sizes=\"(max-width: 300px) 100vw, 300px\" \/><\/div>\n\t\t\t\t\t<div class=\"wc-block-grid__product-title\">Digitales Abonnement<\/div>\n\t\t\t\t<\/a>\n\t\t\t\t<div class=\"wc-block-grid__product-price price\"><span class=\"woocommerce-Price-amount amount\"><span class=\"woocommerce-Price-currencySymbol\">CHF<\/span>50.00<\/span> <span class=\"subscription-details\"> \/ Jahr<\/span><\/div>\n\t\t\t\t\n\t\t\t\t<div class=\"wp-block-button wc-block-grid__product-add-to-cart\"><a href=\"https:\/\/leregardlibre.com\/de\/produkt\/abonnement-numerique\/\" aria-label=\"Weitere Informationen zu \u201eDigitales Abonnement\u201c\" data-quantity=\"1\" data-product_id=\"24185\" data-product_sku=\"\" data-price=\"50\" rel=\"nofollow\" class=\"wp-block-button__link  add_to_cart_button\">Mehr erfahren<\/a><\/div>\n\t\t\t<\/li><\/ul><\/div>","protected":false},"excerpt":{"rendered":"<p>Ein Film \u00fcber die l\u00e4ndliche Welt und die Vater-Sohn-Beziehung<\/p>","protected":false},"author":138,"featured_media":27431,"comment_status":"open","ping_status":"open","sticky":false,"template":"","format":"standard","meta":{"_acf_changed":false,"footnotes":""},"categories":[644355829],"tags":[14572,644343317,644343294,61026,14228,2372260,2092400,8624307,4628479,644343316,644341761],"class_list":["post-27373","post","type-post","status-publish","format-standard","has-post-thumbnail","hentry","category-films","tag-agriculture","tag-anthony-bajon","tag-au-nom-de-la-terre","tag-cinema-francais","tag-drame","tag-guillaume-canet","tag-paternite","tag-paysannerie","tag-paysans","tag-rufus","tag-veerle-baetens"],"acf":[],"yoast_head":"<!-- This site is optimized with the Yoast SEO Premium plugin v27.4 (Yoast SEO v27.4) - https:\/\/yoast.com\/product\/yoast-seo-premium-wordpress\/ -->\n<title>Le drame des paysans port\u00e9 \u00e0 l&#039;\u00e9cran par Edouard Bergeon<\/title>\n<meta name=\"robots\" content=\"index, follow, max-snippet:-1, max-image-preview:large, max-video-preview:-1\" \/>\n<link rel=\"canonical\" href=\"https:\/\/leregardlibre.com\/de\/kino\/filme\/das-drama-der-bauern-von-edouard-bergeon-ins-lecran-gebracht\/\" \/>\n<meta property=\"og:locale\" content=\"de_DE\" \/>\n<meta property=\"og:type\" content=\"article\" \/>\n<meta property=\"og:title\" content=\"Le drame des paysans port\u00e9 \u00e0 l&#039;\u00e9cran par Edouard Bergeon\" \/>\n<meta property=\"og:description\" content=\"Un film sur le monde rural et le rapport p\u00e8re-fils\" \/>\n<meta property=\"og:url\" content=\"https:\/\/leregardlibre.com\/de\/kino\/filme\/das-drama-der-bauern-von-edouard-bergeon-ins-lecran-gebracht\/\" \/>\n<meta property=\"og:site_name\" content=\"Le Regard Libre\" \/>\n<meta property=\"article:publisher\" content=\"https:\/\/www.facebook.com\/leregardlibre\/\" \/>\n<meta property=\"article:author\" content=\"https:\/\/www.facebook.com\/jonas.follonier\/\" \/>\n<meta property=\"article:published_time\" content=\"2019-11-13T11:35:54+00:00\" \/>\n<meta property=\"article:modified_time\" content=\"2025-12-04T21:30:12+00:00\" \/>\n<meta property=\"og:image\" content=\"https:\/\/leregardlibre.com\/wp-content\/uploads\/2019\/11\/AuNomDeLaTerre_Filmstill5-1024x683.jpg\" \/>\n\t<meta property=\"og:image:width\" content=\"1024\" \/>\n\t<meta property=\"og:image:height\" content=\"683\" \/>\n\t<meta property=\"og:image:type\" content=\"image\/jpeg\" \/>\n<meta name=\"author\" content=\"Jonas Follonier\" \/>\n<meta name=\"twitter:card\" content=\"summary_large_image\" \/>\n<meta name=\"twitter:creator\" content=\"@LeRegardLibre\" \/>\n<meta name=\"twitter:site\" content=\"@LeRegardLibre\" \/>\n<meta name=\"twitter:label1\" content=\"Verfasst von\" \/>\n\t<meta name=\"twitter:data1\" content=\"Jonas Follonier\" \/>\n\t<meta name=\"twitter:label2\" content=\"Gesch\u00e4tzte Lesezeit\" \/>\n\t<meta name=\"twitter:data2\" content=\"3\u00a0Minuten\" \/>\n<script type=\"application\/ld+json\" class=\"yoast-schema-graph\">{\"@context\":\"https:\\\/\\\/schema.org\",\"@graph\":[{\"@type\":\"Article\",\"@id\":\"https:\\\/\\\/leregardlibre.com\\\/cinema\\\/films\\\/le-drame-des-paysans-porte-a-lecran-par-edouard-bergeon\\\/#article\",\"isPartOf\":{\"@id\":\"https:\\\/\\\/leregardlibre.com\\\/cinema\\\/films\\\/le-drame-des-paysans-porte-a-lecran-par-edouard-bergeon\\\/\"},\"author\":{\"name\":\"Jonas Follonier\",\"@id\":\"https:\\\/\\\/leregardlibre.com\\\/#\\\/schema\\\/person\\\/bfe5aa794a23be71485d60e2d93ec0d2\"},\"headline\":\"Le drame des paysans port\u00e9 \u00e0 l&#8217;\u00e9cran par Edouard Bergeon\",\"datePublished\":\"2019-11-13T11:35:54+00:00\",\"dateModified\":\"2025-12-04T21:30:12+00:00\",\"mainEntityOfPage\":{\"@id\":\"https:\\\/\\\/leregardlibre.com\\\/cinema\\\/films\\\/le-drame-des-paysans-porte-a-lecran-par-edouard-bergeon\\\/\"},\"wordCount\":667,\"commentCount\":0,\"publisher\":{\"@id\":\"https:\\\/\\\/leregardlibre.com\\\/#organization\"},\"image\":{\"@id\":\"https:\\\/\\\/leregardlibre.com\\\/cinema\\\/films\\\/le-drame-des-paysans-porte-a-lecran-par-edouard-bergeon\\\/#primaryimage\"},\"thumbnailUrl\":\"https:\\\/\\\/leregardlibre.com\\\/wp-content\\\/uploads\\\/2019\\\/11\\\/AuNomDeLaTerre_Filmstill5-scaled.jpg\",\"keywords\":[\"Agriculture\",\"anthony bajon\",\"au nom de la terre\",\"Cin\u00e9ma fran\u00e7ais\",\"Drame\",\"Guillaume Canet\",\"Paternit\u00e9\",\"paysannerie\",\"paysans\",\"rufus\",\"veerle baetens\"],\"articleSection\":[\"Films\"],\"inLanguage\":\"de\",\"potentialAction\":[{\"@type\":\"CommentAction\",\"name\":\"Comment\",\"target\":[\"https:\\\/\\\/leregardlibre.com\\\/cinema\\\/films\\\/le-drame-des-paysans-porte-a-lecran-par-edouard-bergeon\\\/#respond\"]}]},{\"@type\":\"WebPage\",\"@id\":\"https:\\\/\\\/leregardlibre.com\\\/cinema\\\/films\\\/le-drame-des-paysans-porte-a-lecran-par-edouard-bergeon\\\/\",\"url\":\"https:\\\/\\\/leregardlibre.com\\\/cinema\\\/films\\\/le-drame-des-paysans-porte-a-lecran-par-edouard-bergeon\\\/\",\"name\":\"Le drame des paysans port\u00e9 \u00e0 l'\u00e9cran par Edouard Bergeon\",\"isPartOf\":{\"@id\":\"https:\\\/\\\/leregardlibre.com\\\/#website\"},\"primaryImageOfPage\":{\"@id\":\"https:\\\/\\\/leregardlibre.com\\\/cinema\\\/films\\\/le-drame-des-paysans-porte-a-lecran-par-edouard-bergeon\\\/#primaryimage\"},\"image\":{\"@id\":\"https:\\\/\\\/leregardlibre.com\\\/cinema\\\/films\\\/le-drame-des-paysans-porte-a-lecran-par-edouard-bergeon\\\/#primaryimage\"},\"thumbnailUrl\":\"https:\\\/\\\/leregardlibre.com\\\/wp-content\\\/uploads\\\/2019\\\/11\\\/AuNomDeLaTerre_Filmstill5-scaled.jpg\",\"datePublished\":\"2019-11-13T11:35:54+00:00\",\"dateModified\":\"2025-12-04T21:30:12+00:00\",\"breadcrumb\":{\"@id\":\"https:\\\/\\\/leregardlibre.com\\\/cinema\\\/films\\\/le-drame-des-paysans-porte-a-lecran-par-edouard-bergeon\\\/#breadcrumb\"},\"inLanguage\":\"de\",\"potentialAction\":[{\"@type\":\"ReadAction\",\"target\":[\"https:\\\/\\\/leregardlibre.com\\\/cinema\\\/films\\\/le-drame-des-paysans-porte-a-lecran-par-edouard-bergeon\\\/\"]}]},{\"@type\":\"ImageObject\",\"inLanguage\":\"de\",\"@id\":\"https:\\\/\\\/leregardlibre.com\\\/cinema\\\/films\\\/le-drame-des-paysans-porte-a-lecran-par-edouard-bergeon\\\/#primaryimage\",\"url\":\"https:\\\/\\\/leregardlibre.com\\\/wp-content\\\/uploads\\\/2019\\\/11\\\/AuNomDeLaTerre_Filmstill5-scaled.jpg\",\"contentUrl\":\"https:\\\/\\\/leregardlibre.com\\\/wp-content\\\/uploads\\\/2019\\\/11\\\/AuNomDeLaTerre_Filmstill5-scaled.jpg\",\"width\":3600,\"height\":2400},{\"@type\":\"BreadcrumbList\",\"@id\":\"https:\\\/\\\/leregardlibre.com\\\/cinema\\\/films\\\/le-drame-des-paysans-porte-a-lecran-par-edouard-bergeon\\\/#breadcrumb\",\"itemListElement\":[{\"@type\":\"ListItem\",\"position\":1,\"name\":\"Accueil\",\"item\":\"https:\\\/\\\/leregardlibre.com\\\/\"},{\"@type\":\"ListItem\",\"position\":2,\"name\":\"Le drame des paysans port\u00e9 \u00e0 l&#8217;\u00e9cran par Edouard Bergeon\"}]},{\"@type\":\"WebSite\",\"@id\":\"https:\\\/\\\/leregardlibre.com\\\/#website\",\"url\":\"https:\\\/\\\/leregardlibre.com\\\/\",\"name\":\"Le Regard Libre\",\"description\":\"Premier mensuel suisse de d\u00e9bat\",\"publisher\":{\"@id\":\"https:\\\/\\\/leregardlibre.com\\\/#organization\"},\"potentialAction\":[{\"@type\":\"SearchAction\",\"target\":{\"@type\":\"EntryPoint\",\"urlTemplate\":\"https:\\\/\\\/leregardlibre.com\\\/?s={search_term_string}\"},\"query-input\":{\"@type\":\"PropertyValueSpecification\",\"valueRequired\":true,\"valueName\":\"search_term_string\"}}],\"inLanguage\":\"de\"},{\"@type\":\"Organization\",\"@id\":\"https:\\\/\\\/leregardlibre.com\\\/#organization\",\"name\":\"Le Regard Libre\",\"url\":\"https:\\\/\\\/leregardlibre.com\\\/\",\"logo\":{\"@type\":\"ImageObject\",\"inLanguage\":\"de\",\"@id\":\"https:\\\/\\\/leregardlibre.com\\\/#\\\/schema\\\/logo\\\/image\\\/\",\"url\":\"https:\\\/\\\/leregardlibre.com\\\/wp-content\\\/uploads\\\/2025\\\/08\\\/logo-rl-icone-neg.jpeg\",\"contentUrl\":\"https:\\\/\\\/leregardlibre.com\\\/wp-content\\\/uploads\\\/2025\\\/08\\\/logo-rl-icone-neg.jpeg\",\"width\":557,\"height\":556,\"caption\":\"Le Regard Libre\"},\"image\":{\"@id\":\"https:\\\/\\\/leregardlibre.com\\\/#\\\/schema\\\/logo\\\/image\\\/\"},\"sameAs\":[\"https:\\\/\\\/www.facebook.com\\\/leregardlibre\\\/\",\"https:\\\/\\\/x.com\\\/LeRegardLibre\",\"https:\\\/\\\/www.linkedin.com\\\/company\\\/le-regard-libre\",\"https:\\\/\\\/www.instagram.com\\\/leregardlibre\\\/\",\"http:\\\/\\\/t.me\\\/leregardlibre\",\"https:\\\/\\\/youtube.com\\\/channel\\\/UC6HzGPomj1LsUmlz-sJtITQ\"],\"description\":\"Le Regard Libre est un mensuel suisse de d\u00e9bat intellectuel et culturel. Sa r\u00e9daction est jeune, b\u00e9n\u00e9vole, lib\u00e9rale et pluraliste. Le magazine para\u00eet en ligne et sous forme papier. Sa langue est le fran\u00e7ais.\",\"email\":\"redaction@leregardlibre.com\",\"legalName\":\"Le Regard Libre\",\"foundingDate\":\"2014-01-01\",\"numberOfEmployees\":{\"@type\":\"QuantitativeValue\",\"minValue\":\"11\",\"maxValue\":\"50\"},\"publishingPrinciples\":\"https:\\\/\\\/leregardlibre.com\\\/a-propos\\\/notre-manifeste\\\/\",\"ownershipFundingInfo\":\"https:\\\/\\\/leregardlibre.com\\\/mentions-legales\\\/\",\"actionableFeedbackPolicy\":\"https:\\\/\\\/leregardlibre.com\\\/conditions-generales-de-vente\\\/\"},{\"@type\":\"Person\",\"@id\":\"https:\\\/\\\/leregardlibre.com\\\/#\\\/schema\\\/person\\\/bfe5aa794a23be71485d60e2d93ec0d2\",\"name\":\"Jonas Follonier\",\"image\":{\"@type\":\"ImageObject\",\"inLanguage\":\"de\",\"@id\":\"https:\\\/\\\/secure.gravatar.com\\\/avatar\\\/602060b40f6a458420c2d140f49b6caea99152ce6704f2c332e5a0c5aad80303?s=96&d=identicon&r=g\",\"url\":\"https:\\\/\\\/secure.gravatar.com\\\/avatar\\\/602060b40f6a458420c2d140f49b6caea99152ce6704f2c332e5a0c5aad80303?s=96&d=identicon&r=g\",\"contentUrl\":\"https:\\\/\\\/secure.gravatar.com\\\/avatar\\\/602060b40f6a458420c2d140f49b6caea99152ce6704f2c332e5a0c5aad80303?s=96&d=identicon&r=g\",\"caption\":\"Jonas Follonier\"},\"description\":\"Correspondant au Palais f\u00e9d\u00e9ral pour \u00abL\u2019Agefi\u00bb, auteur-compositeur-interpr\u00e8te et essayiste, Jonas Follonier est le fondateur et r\u00e9dacteur en chef du \u00abRegard Libre\u00bb.\",\"sameAs\":[\"https:\\\/\\\/www.facebook.com\\\/jonas.follonier\\\/\",\"https:\\\/\\\/www.instagram.com\\\/jonasfollonier\\\/\",\"https:\\\/\\\/www.linkedin.com\\\/in\\\/jonasfollonier\\\/\",\"https:\\\/\\\/fr.wikipedia.org\\\/wiki\\\/Le_Regard_libre\"],\"url\":\"https:\\\/\\\/leregardlibre.com\\\/de\\\/author\\\/jonas-follonier\\\/\"}]}<\/script>\n<!-- \/ Yoast SEO Premium plugin. -->","yoast_head_json":{"title":"Das Drama der Bauern von Edouard Bergeon auf die Leinwand gebracht","robots":{"index":"index","follow":"follow","max-snippet":"max-snippet:-1","max-image-preview":"max-image-preview:large","max-video-preview":"max-video-preview:-1"},"canonical":"https:\/\/leregardlibre.com\/de\/kino\/filme\/das-drama-der-bauern-von-edouard-bergeon-ins-lecran-gebracht\/","og_locale":"de_DE","og_type":"article","og_title":"Le drame des paysans port\u00e9 \u00e0 l'\u00e9cran par Edouard Bergeon","og_description":"Un film sur le monde rural et le rapport p\u00e8re-fils","og_url":"https:\/\/leregardlibre.com\/de\/kino\/filme\/das-drama-der-bauern-von-edouard-bergeon-ins-lecran-gebracht\/","og_site_name":"Le Regard Libre","article_publisher":"https:\/\/www.facebook.com\/leregardlibre\/","article_author":"https:\/\/www.facebook.com\/jonas.follonier\/","article_published_time":"2019-11-13T11:35:54+00:00","article_modified_time":"2025-12-04T21:30:12+00:00","og_image":[{"width":1024,"height":683,"url":"https:\/\/leregardlibre.com\/wp-content\/uploads\/2019\/11\/AuNomDeLaTerre_Filmstill5-1024x683.jpg","type":"image\/jpeg"}],"author":"Jonas Follonier","twitter_card":"summary_large_image","twitter_creator":"@LeRegardLibre","twitter_site":"@LeRegardLibre","twitter_misc":{"Verfasst von":"Jonas Follonier","Gesch\u00e4tzte Lesezeit":"3\u00a0Minuten"},"schema":{"@context":"https:\/\/schema.org","@graph":[{"@type":"Article","@id":"https:\/\/leregardlibre.com\/cinema\/films\/le-drame-des-paysans-porte-a-lecran-par-edouard-bergeon\/#article","isPartOf":{"@id":"https:\/\/leregardlibre.com\/cinema\/films\/le-drame-des-paysans-porte-a-lecran-par-edouard-bergeon\/"},"author":{"name":"Jonas Follonier","@id":"https:\/\/leregardlibre.com\/#\/schema\/person\/bfe5aa794a23be71485d60e2d93ec0d2"},"headline":"Le drame des paysans port\u00e9 \u00e0 l&#8217;\u00e9cran par Edouard Bergeon","datePublished":"2019-11-13T11:35:54+00:00","dateModified":"2025-12-04T21:30:12+00:00","mainEntityOfPage":{"@id":"https:\/\/leregardlibre.com\/cinema\/films\/le-drame-des-paysans-porte-a-lecran-par-edouard-bergeon\/"},"wordCount":667,"commentCount":0,"publisher":{"@id":"https:\/\/leregardlibre.com\/#organization"},"image":{"@id":"https:\/\/leregardlibre.com\/cinema\/films\/le-drame-des-paysans-porte-a-lecran-par-edouard-bergeon\/#primaryimage"},"thumbnailUrl":"https:\/\/leregardlibre.com\/wp-content\/uploads\/2019\/11\/AuNomDeLaTerre_Filmstill5-scaled.jpg","keywords":["Agriculture","anthony bajon","au nom de la terre","Cin\u00e9ma fran\u00e7ais","Drame","Guillaume Canet","Paternit\u00e9","paysannerie","paysans","rufus","veerle baetens"],"articleSection":["Films"],"inLanguage":"de","potentialAction":[{"@type":"CommentAction","name":"Comment","target":["https:\/\/leregardlibre.com\/cinema\/films\/le-drame-des-paysans-porte-a-lecran-par-edouard-bergeon\/#respond"]}]},{"@type":"WebPage","@id":"https:\/\/leregardlibre.com\/cinema\/films\/le-drame-des-paysans-porte-a-lecran-par-edouard-bergeon\/","url":"https:\/\/leregardlibre.com\/cinema\/films\/le-drame-des-paysans-porte-a-lecran-par-edouard-bergeon\/","name":"Das Drama der Bauern von Edouard Bergeon auf die Leinwand gebracht","isPartOf":{"@id":"https:\/\/leregardlibre.com\/#website"},"primaryImageOfPage":{"@id":"https:\/\/leregardlibre.com\/cinema\/films\/le-drame-des-paysans-porte-a-lecran-par-edouard-bergeon\/#primaryimage"},"image":{"@id":"https:\/\/leregardlibre.com\/cinema\/films\/le-drame-des-paysans-porte-a-lecran-par-edouard-bergeon\/#primaryimage"},"thumbnailUrl":"https:\/\/leregardlibre.com\/wp-content\/uploads\/2019\/11\/AuNomDeLaTerre_Filmstill5-scaled.jpg","datePublished":"2019-11-13T11:35:54+00:00","dateModified":"2025-12-04T21:30:12+00:00","breadcrumb":{"@id":"https:\/\/leregardlibre.com\/cinema\/films\/le-drame-des-paysans-porte-a-lecran-par-edouard-bergeon\/#breadcrumb"},"inLanguage":"de","potentialAction":[{"@type":"ReadAction","target":["https:\/\/leregardlibre.com\/cinema\/films\/le-drame-des-paysans-porte-a-lecran-par-edouard-bergeon\/"]}]},{"@type":"ImageObject","inLanguage":"de","@id":"https:\/\/leregardlibre.com\/cinema\/films\/le-drame-des-paysans-porte-a-lecran-par-edouard-bergeon\/#primaryimage","url":"https:\/\/leregardlibre.com\/wp-content\/uploads\/2019\/11\/AuNomDeLaTerre_Filmstill5-scaled.jpg","contentUrl":"https:\/\/leregardlibre.com\/wp-content\/uploads\/2019\/11\/AuNomDeLaTerre_Filmstill5-scaled.jpg","width":3600,"height":2400},{"@type":"BreadcrumbList","@id":"https:\/\/leregardlibre.com\/cinema\/films\/le-drame-des-paysans-porte-a-lecran-par-edouard-bergeon\/#breadcrumb","itemListElement":[{"@type":"ListItem","position":1,"name":"Accueil","item":"https:\/\/leregardlibre.com\/"},{"@type":"ListItem","position":2,"name":"Le drame des paysans port\u00e9 \u00e0 l&#8217;\u00e9cran par Edouard Bergeon"}]},{"@type":"WebSite","@id":"https:\/\/leregardlibre.com\/#website","url":"https:\/\/leregardlibre.com\/","name":"Le Regard Libre","description":"Erste Schweizer Monatszeitschrift f\u00fcr Debatten","publisher":{"@id":"https:\/\/leregardlibre.com\/#organization"},"potentialAction":[{"@type":"SearchAction","target":{"@type":"EntryPoint","urlTemplate":"https:\/\/leregardlibre.com\/?s={search_term_string}"},"query-input":{"@type":"PropertyValueSpecification","valueRequired":true,"valueName":"search_term_string"}}],"inLanguage":"de"},{"@type":"Organization","@id":"https:\/\/leregardlibre.com\/#organization","name":"Le Regard Libre","url":"https:\/\/leregardlibre.com\/","logo":{"@type":"ImageObject","inLanguage":"de","@id":"https:\/\/leregardlibre.com\/#\/schema\/logo\/image\/","url":"https:\/\/leregardlibre.com\/wp-content\/uploads\/2025\/08\/logo-rl-icone-neg.jpeg","contentUrl":"https:\/\/leregardlibre.com\/wp-content\/uploads\/2025\/08\/logo-rl-icone-neg.jpeg","width":557,"height":556,"caption":"Le Regard Libre"},"image":{"@id":"https:\/\/leregardlibre.com\/#\/schema\/logo\/image\/"},"sameAs":["https:\/\/www.facebook.com\/leregardlibre\/","https:\/\/x.com\/LeRegardLibre","https:\/\/www.linkedin.com\/company\/le-regard-libre","https:\/\/www.instagram.com\/leregardlibre\/","http:\/\/t.me\/leregardlibre","https:\/\/youtube.com\/channel\/UC6HzGPomj1LsUmlz-sJtITQ"],"description":"Le Regard Libre ist eine Schweizer Monatszeitschrift f\u00fcr intellektuelle und kulturelle Debatten. Seine Redaktion ist jung, ehrenamtlich, liberal und pluralistisch. Das Magazin erscheint online und in gedruckter Form. Seine Sprache ist Franz\u00f6sisch.","email":"redaction@leregardlibre.com","legalName":"Le Regard Libre","foundingDate":"2014-01-01","numberOfEmployees":{"@type":"QuantitativeValue","minValue":"11","maxValue":"50"},"publishingPrinciples":"https:\/\/leregardlibre.com\/a-propos\/notre-manifeste\/","ownershipFundingInfo":"https:\/\/leregardlibre.com\/mentions-legales\/","actionableFeedbackPolicy":"https:\/\/leregardlibre.com\/conditions-generales-de-vente\/"},{"@type":"Person","@id":"https:\/\/leregardlibre.com\/#\/schema\/person\/bfe5aa794a23be71485d60e2d93ec0d2","name":"Jonas Follonier","image":{"@type":"ImageObject","inLanguage":"de","@id":"https:\/\/secure.gravatar.com\/avatar\/602060b40f6a458420c2d140f49b6caea99152ce6704f2c332e5a0c5aad80303?s=96&d=identicon&r=g","url":"https:\/\/secure.gravatar.com\/avatar\/602060b40f6a458420c2d140f49b6caea99152ce6704f2c332e5a0c5aad80303?s=96&d=identicon&r=g","contentUrl":"https:\/\/secure.gravatar.com\/avatar\/602060b40f6a458420c2d140f49b6caea99152ce6704f2c332e5a0c5aad80303?s=96&d=identicon&r=g","caption":"Jonas Follonier"},"description":"Bundeshauskorrespondent f\u00fcr \u00abL'Agefi\u00bb, Singer-Songwriter, Jonas Follonier ist Gr\u00fcnder und Chefredakteur von \u00abRegard Libre\u00bb.","sameAs":["https:\/\/www.facebook.com\/jonas.follonier\/","https:\/\/www.instagram.com\/jonasfollonier\/","https:\/\/www.linkedin.com\/in\/jonasfollonier\/","https:\/\/fr.wikipedia.org\/wiki\/Le_Regard_libre"],"url":"https:\/\/leregardlibre.com\/de\/author\/jonas-follonier\/"}]}},"_links":{"self":[{"href":"https:\/\/leregardlibre.com\/de\/wp-json\/wp\/v2\/posts\/27373","targetHints":{"allow":["GET"]}}],"collection":[{"href":"https:\/\/leregardlibre.com\/de\/wp-json\/wp\/v2\/posts"}],"about":[{"href":"https:\/\/leregardlibre.com\/de\/wp-json\/wp\/v2\/types\/post"}],"author":[{"embeddable":true,"href":"https:\/\/leregardlibre.com\/de\/wp-json\/wp\/v2\/users\/138"}],"replies":[{"embeddable":true,"href":"https:\/\/leregardlibre.com\/de\/wp-json\/wp\/v2\/comments?post=27373"}],"version-history":[{"count":1,"href":"https:\/\/leregardlibre.com\/de\/wp-json\/wp\/v2\/posts\/27373\/revisions"}],"predecessor-version":[{"id":510750,"href":"https:\/\/leregardlibre.com\/de\/wp-json\/wp\/v2\/posts\/27373\/revisions\/510750"}],"wp:featuredmedia":[{"embeddable":true,"href":"https:\/\/leregardlibre.com\/de\/wp-json\/wp\/v2\/media\/27431"}],"wp:attachment":[{"href":"https:\/\/leregardlibre.com\/de\/wp-json\/wp\/v2\/media?parent=27373"}],"wp:term":[{"taxonomy":"category","embeddable":true,"href":"https:\/\/leregardlibre.com\/de\/wp-json\/wp\/v2\/categories?post=27373"},{"taxonomy":"post_tag","embeddable":true,"href":"https:\/\/leregardlibre.com\/de\/wp-json\/wp\/v2\/tags?post=27373"}],"curies":[{"name":"wp","href":"https:\/\/api.w.org\/{rel}","templated":true}]}}