{"id":28389,"date":"2019-12-04T15:10:11","date_gmt":"2019-12-04T14:10:11","guid":{"rendered":"https:\/\/leregardlibre.com\/?p=28389"},"modified":"2025-12-04T22:30:01","modified_gmt":"2025-12-04T21:30:01","slug":"elsa-est-le-christ-dans-la-reine-des-neiges-2","status":"publish","type":"post","link":"https:\/\/leregardlibre.com\/de\/kino\/filme\/elsa-est-le-christ-dans-la-reine-des-neiges-2\/","title":{"rendered":"Elsa ist der Christus in \u00abDie Schneek\u00f6nigin 2\u00bb.\u00bb"},"content":{"rendered":"<p class=\"has-drop-cap\"><strong>Anna und Elsa kehren zur\u00fcck. Nach dem gro\u00dfen Erfolg im Jahr 2013 werden aus den niedlichen M\u00e4dchen nun hinrei\u00dfende Frauen. <em>Die Schneek\u00f6nigin 2<\/em> setzt sich in den Kinos\u00e4len durch, mit einer Musik, die immer noch zentral ist, und einer neuen, h\u00f6chst \u00fcberraschenden Dimension.<\/strong><\/p>\n\n\n\n<!--more Lire la critique-->\n\n\n\n<h3 class=\"wp-block-heading\">La musique et la beaut\u00e9 chez\nDisney<\/h3>\n\n\n\n<p>Les musiques changent, mais ne baissent pas en qualit\u00e9. Bien s\u00fbr, il y en a toujours certaines qui s\u2019oublient assez vite et d\u2019autres qui restent dans les m\u00e9moires. Pour ce dessin anim\u00e9, on trouve avec le titre <em>Je te cherche<\/em> un digne successeur au tube que demeure <em>Lib\u00e9r\u00e9e, d\u00e9livr\u00e9e<\/em>. En outre, les jeux de rappel entre reprises de notes tout au long du film et les insertions des m\u00e9lodies dans les bruits de la nature t\u00e9moignent d\u2019une grande habilet\u00e9 musicale de la part de Disney qui fait de ses bandes sonores son point fort. <\/p>\n\n\n\n<figure class=\"wp-block-embed is-type-video is-provider-youtube wp-block-embed-youtube wp-embed-aspect-16-9 wp-has-aspect-ratio\"><div class=\"wp-block-embed__wrapper\">\n<iframe title=\"Charlotte Hervieux, Prisca Demarez - Je te cherche (De &quot;La Reine des Neiges 2&quot;\/Lyric Video)\" width=\"1000\" height=\"563\" src=\"https:\/\/www.youtube.com\/embed\/LnI8IqPJ7eU?feature=oembed\" frameborder=\"0\" allow=\"accelerometer; autoplay; clipboard-write; encrypted-media; gyroscope; picture-in-picture; web-share\" referrerpolicy=\"strict-origin-when-cross-origin\" allowfullscreen><\/iframe>\n<\/div><figcaption><em>Je te cherche<\/em>, chanson principale de <em>Die Schneek\u00f6nigin 2<\/em><\/figcaption><\/figure>\n\n\n\n<p>Il y a d\u2019ailleurs tout \u00e0 gagner\nde miser \u00e0 fond sur les musiques dans des r\u00e9alisations destin\u00e9es en premier\nlieu aux enfants. Non seulement on s\u2019assure un succ\u00e8s commercial, mais on\nassure aussi la perp\u00e9tuation de l\u2019\u0153uvre \u00e0 travers des albums et des com\u00e9dies\nmusicales. Sans parler de l\u2019\u00e9ducation \u00e0 l\u2019art que l\u2019on transmet \u00e0 l\u2019enfance.\nV\u00e9ritable exercice d\u2019harmonie qui sensibilise le jeune public \u00e0 la beaut\u00e9. <\/p>\n\n\n\n<p>Beaut\u00e9 qui n\u2019est pas qu\u2019auditive. Le soin des v\u00eatements d\u2019Elsa et Anna invite \u00e0 l\u2019\u00e9l\u00e9gance et \u00e0 l\u2019exigence de bien se pr\u00e9senter \u00e0 autrui. Ce point a d\u2019ailleurs provoqu\u00e9 le d\u00e9bat, si ce n\u2019est la pol\u00e9mique, sur les plateaux d\u2019\u00e9missions consacr\u00e9es aux cin\u00e9ma et \u00e0 l\u2019enfance. Comment un dessin anim\u00e9 qui montre deux femmes courageuses et aventureuses acc\u00e9der au pouvoir politique peut-il autant sexualiser sa repr\u00e9sentation de la gent f\u00e9minine? Minces et gracieuses, les deux h\u00e9ro\u00efnes vont \u00e0 l\u2019encontre des campagnes qui veulent mettre en avant toutes les femmes, des plus rondes aux plus n\u00e9glig\u00e9es. <\/p>\n\n\n\n<p>A mon avis, il n\u2019y a pas \u00e0 prendre parti. Il est bon que tous les types de femmes soient repr\u00e9sent\u00e9s dans les films et \u00e0 la t\u00e9l\u00e9vision, mais il demeure l\u00e9gitime de dessiner des personnages f\u00e9minins selon les crit\u00e8res de la beaut\u00e9 canonique actuelle. Comme les musiques sensibilisent les oreilles \u00e0 la beaut\u00e9, les tenues et l\u2019esth\u00e9tique corporelle encouragent \u00e0 prendre soin de soi pour plaire et pour se plaire. Pour ma part en tout cas, la vision d\u2019un bel acteur \u00e9l\u00e9gant m\u2019encourage plut\u00f4t \u00e0 prendre soin de moi. Il n\u2019y a pas \u00e0 se d\u00e9courager en se disant que l\u2019on ne pourra jamais atteindre la musculature, la minceur, la classe d\u2019un tel ou une telle, parce que ce n\u2019est pas l\u2019imitation qui doit \u00eatre vis\u00e9e, mais l\u2019inspiration d\u2019un personnage admir\u00e9.<\/p>\n\n\n\n<figure class=\"wp-block-image size-large\"><img fetchpriority=\"high\" decoding=\"async\" width=\"1920\" height=\"804\" src=\"http:\/\/leregardlibre.com\/wp-content\/uploads\/2019\/12\/Frozen-2-Szenen-ov-06-Scene-Picture.jpg\" alt=\"\" class=\"wp-image-28393\" srcset=\"https:\/\/leregardlibre.com\/wp-content\/uploads\/2019\/12\/Frozen-2-Szenen-ov-06-Scene-Picture.jpg 1920w, https:\/\/leregardlibre.com\/wp-content\/uploads\/2019\/12\/Frozen-2-Szenen-ov-06-Scene-Picture-1170x490.jpg 1170w, https:\/\/leregardlibre.com\/wp-content\/uploads\/2019\/12\/Frozen-2-Szenen-ov-06-Scene-Picture-585x245.jpg 585w, https:\/\/leregardlibre.com\/wp-content\/uploads\/2019\/12\/Frozen-2-Szenen-ov-06-Scene-Picture-150x63.jpg 150w, https:\/\/leregardlibre.com\/wp-content\/uploads\/2019\/12\/Frozen-2-Szenen-ov-06-Scene-Picture-300x126.jpg 300w, https:\/\/leregardlibre.com\/wp-content\/uploads\/2019\/12\/Frozen-2-Szenen-ov-06-Scene-Picture-768x322.jpg 768w, https:\/\/leregardlibre.com\/wp-content\/uploads\/2019\/12\/Frozen-2-Szenen-ov-06-Scene-Picture-1024x429.jpg 1024w, https:\/\/leregardlibre.com\/wp-content\/uploads\/2019\/12\/Frozen-2-Szenen-ov-06-Scene-Picture-1536x643.jpg 1536w, https:\/\/leregardlibre.com\/wp-content\/uploads\/2019\/12\/Frozen-2-Szenen-ov-06-Scene-Picture-600x251.jpg 600w\" sizes=\"(max-width: 1920px) 100vw, 1920px\" \/><\/figure>\n\n\n\n<h3 class=\"wp-block-heading\">Elsa est le Christ<\/h3>\n\n\n\n<p>Et sinon, \u00e0 part le fait que le dessin anim\u00e9 est un excellent divertissement, id\u00e9e de sortie avec ses enfants pour les vacances de fin d\u2019ann\u00e9e, et qu\u2019il est en tout point ma\u00eetris\u00e9 et r\u00e9ussi, il reste un \u00e9l\u00e9ment des plus \u00e9tonnants \u00e0 souligner. La dimension christique d\u2019Elsa. Oui, elle a des supers pouvoirs qui ne sont pas \u00e0 confondre avec les miracles; elle est reine comme le Christ est roi; elle se sacrifie pour ses amis. Mais une r\u00e9plique d\u2019Anna a failli me faire tomber du si\u00e8ge: \u00abElsa a donn\u00e9 sa vie pour la v\u00e9rit\u00e9.\u00bb&nbsp;Mon Dieu! C\u2019est un copi\u00e9-coll\u00e9 des Evangiles. Sans entrer dans les d\u00e9tails de l\u2019importance accord\u00e9e \u00e0 la r\u00e9surrection, au pardon et au salut du monde dans la trame.<\/p>\n\n\n\n<p>Bien, pas bien? Quelle conclusion en tirer? Avant tout que la <em>Reine des Neiges 2<\/em> n\u2019est pas une propagande chr\u00e9tienne. Ensuite, qu\u2019Elsa adopte une attitude christique ne change rien au message du dessin anim\u00e9: cultivez vos talents, utilisez-les au service de la v\u00e9rit\u00e9 et du bien, et surtout, ne laissez jamais tomber vos proches. Ils ont besoin de vous, tout autant que vous avez besoin d\u2019eux.  <\/p>\n\n\n\n<p><em>Schreiben Sie dem Autor:\u00a0<a href=\"mailto:loris.musumeci@leregardlibre.com\">loris.musumeci@leregardlibre.com<\/a><\/em><\/p>\n\n\n\n<p><strong>Sie haben gerade einen frei zug\u00e4nglichen Artikel gelesen.\u00a0<\/strong>Debatten, Analysen, Kulturnachrichten:\u00a0<a href=\"https:\/\/leregardlibre.com\/de\/abonnement\/\">abonnieren Sie<\/a>\u00a0um uns zu unterst\u00fctzen und Zugang zu all unseren Inhalten zu erhalten!<a href=\"http:\/\/leregardlibre.com\/wp-content\/uploads\/2023\/04\/les-trois-mousquetaires-affiche.jpg\"><\/a><\/p>\n\n\n\n<figure class=\"wp-block-image size-large\"><img decoding=\"async\" width=\"695\" height=\"1000\" src=\"http:\/\/leregardlibre.com\/wp-content\/uploads\/2019\/12\/Frozen-2-Artwork-chf-02-F-1-Sheet_695x1000px_fr.png\" alt=\"\" class=\"wp-image-28395\" srcset=\"https:\/\/leregardlibre.com\/wp-content\/uploads\/2019\/12\/Frozen-2-Artwork-chf-02-F-1-Sheet_695x1000px_fr.png 695w, https:\/\/leregardlibre.com\/wp-content\/uploads\/2019\/12\/Frozen-2-Artwork-chf-02-F-1-Sheet_695x1000px_fr-585x842.png 585w, https:\/\/leregardlibre.com\/wp-content\/uploads\/2019\/12\/Frozen-2-Artwork-chf-02-F-1-Sheet_695x1000px_fr-104x150.png 104w, https:\/\/leregardlibre.com\/wp-content\/uploads\/2019\/12\/Frozen-2-Artwork-chf-02-F-1-Sheet_695x1000px_fr-209x300.png 209w, https:\/\/leregardlibre.com\/wp-content\/uploads\/2019\/12\/Frozen-2-Artwork-chf-02-F-1-Sheet_695x1000px_fr-300x432.png 300w, https:\/\/leregardlibre.com\/wp-content\/uploads\/2019\/12\/Frozen-2-Artwork-chf-02-F-1-Sheet_695x1000px_fr-600x863.png 600w\" sizes=\"(max-width: 695px) 100vw, 695px\" \/><\/figure>","protected":false},"excerpt":{"rendered":"<p>Anna und Elsa kehren zur\u00fcck. Nach dem gro\u00dfen Erfolg von 2013 werden aus den niedlichen M\u00e4dchen nun bezaubernde Frauen. \u00abDie Schneek\u00f6nigin 2\u00bb erobert die Kinos\u00e4le mit einer immer noch zentralen Musik und einer neuen, h\u00f6chst \u00fcberraschenden Dimension.<\/p>","protected":false},"author":18,"featured_media":28394,"comment_status":"open","ping_status":"open","sticky":false,"template":"","format":"standard","meta":{"_acf_changed":false,"footnotes":""},"categories":[644355829],"tags":[133229,644341146,1090624,644343479,49907,409921,200531],"class_list":["post-28389","post","type-post","status-publish","format-standard","has-post-thumbnail","hentry","category-films","tag-christ","tag-critiques-cinema","tag-dessin-anime","tag-evangile","tag-sacrifice","tag-verite","tag-walt-disney"],"acf":[],"yoast_head":"<!-- This site is optimized with the Yoast SEO Premium plugin v27.4 (Yoast SEO v27.4) - https:\/\/yoast.com\/product\/yoast-seo-premium-wordpress\/ -->\n<title>Dans \u00abLa Reine des Neiges 2\u00bb, Elsa est le Christ<\/title>\n<meta name=\"description\" content=\"\u00abLa Reine des Neiges 2\u00bb s\u2019impose avec une musique toujours aussi centrale et une nouvelle dimension des plus surprenantes.\" \/>\n<meta name=\"robots\" content=\"index, follow, max-snippet:-1, max-image-preview:large, max-video-preview:-1\" \/>\n<link rel=\"canonical\" href=\"https:\/\/leregardlibre.com\/de\/kino\/filme\/elsa-est-le-christ-dans-la-reine-des-neiges-2\/\" \/>\n<meta property=\"og:locale\" content=\"de_DE\" \/>\n<meta property=\"og:type\" content=\"article\" \/>\n<meta property=\"og:title\" content=\"Elsa est le Christ dans \u00abLa Reine des Neiges 2\u00bb\" \/>\n<meta property=\"og:description\" content=\"\u00abLa Reine des Neiges 2\u00bb s\u2019impose avec une musique toujours aussi centrale et une nouvelle dimension des plus surprenantes.\" \/>\n<meta property=\"og:url\" content=\"https:\/\/leregardlibre.com\/de\/kino\/filme\/elsa-est-le-christ-dans-la-reine-des-neiges-2\/\" \/>\n<meta property=\"og:site_name\" content=\"Le Regard Libre\" \/>\n<meta property=\"article:publisher\" content=\"https:\/\/www.facebook.com\/leregardlibre\/\" \/>\n<meta property=\"article:published_time\" content=\"2019-12-04T14:10:11+00:00\" \/>\n<meta property=\"article:modified_time\" content=\"2025-12-04T21:30:01+00:00\" \/>\n<meta property=\"og:image\" content=\"https:\/\/leregardlibre.com\/wp-content\/uploads\/2019\/12\/Frozen-2-Szenen-ov-09-Scene-Picture-1024x429.jpg\" \/>\n\t<meta property=\"og:image:width\" content=\"1024\" \/>\n\t<meta property=\"og:image:height\" content=\"429\" \/>\n\t<meta property=\"og:image:type\" content=\"image\/jpeg\" \/>\n<meta name=\"author\" content=\"Loris S. Musumeci\" \/>\n<meta name=\"twitter:card\" content=\"summary_large_image\" \/>\n<meta name=\"twitter:creator\" content=\"@LeRegardLibre\" \/>\n<meta name=\"twitter:site\" content=\"@LeRegardLibre\" \/>\n<meta name=\"twitter:label1\" content=\"Verfasst von\" \/>\n\t<meta name=\"twitter:data1\" content=\"Loris S. Musumeci\" \/>\n\t<meta name=\"twitter:label2\" content=\"Gesch\u00e4tzte Lesezeit\" \/>\n\t<meta name=\"twitter:data2\" content=\"4\u00a0Minuten\" \/>\n<script type=\"application\/ld+json\" class=\"yoast-schema-graph\">{\"@context\":\"https:\\\/\\\/schema.org\",\"@graph\":[{\"@type\":\"Article\",\"@id\":\"https:\\\/\\\/leregardlibre.com\\\/cinema\\\/films\\\/elsa-est-le-christ-dans-la-reine-des-neiges-2\\\/#article\",\"isPartOf\":{\"@id\":\"https:\\\/\\\/leregardlibre.com\\\/cinema\\\/films\\\/elsa-est-le-christ-dans-la-reine-des-neiges-2\\\/\"},\"author\":{\"name\":\"Loris S. Musumeci\",\"@id\":\"https:\\\/\\\/leregardlibre.com\\\/#\\\/schema\\\/person\\\/04d80ec47094bca6b1fa22dffad24005\"},\"headline\":\"Elsa est le Christ dans \u00abLa Reine des Neiges 2\u00bb\",\"datePublished\":\"2019-12-04T14:10:11+00:00\",\"dateModified\":\"2025-12-04T21:30:01+00:00\",\"mainEntityOfPage\":{\"@id\":\"https:\\\/\\\/leregardlibre.com\\\/cinema\\\/films\\\/elsa-est-le-christ-dans-la-reine-des-neiges-2\\\/\"},\"wordCount\":774,\"commentCount\":0,\"publisher\":{\"@id\":\"https:\\\/\\\/leregardlibre.com\\\/#organization\"},\"image\":{\"@id\":\"https:\\\/\\\/leregardlibre.com\\\/cinema\\\/films\\\/elsa-est-le-christ-dans-la-reine-des-neiges-2\\\/#primaryimage\"},\"thumbnailUrl\":\"https:\\\/\\\/leregardlibre.com\\\/wp-content\\\/uploads\\\/2019\\\/12\\\/Frozen-2-Szenen-ov-09-Scene-Picture-scaled.jpg\",\"keywords\":[\"christ\",\"Critique cin\u00e9ma\",\"dessin anim\u00e9\",\"evangile\",\"Sacrifice\",\"V\u00e9rit\u00e9\",\"Walt Disney\"],\"articleSection\":[\"Films\"],\"inLanguage\":\"de\",\"potentialAction\":[{\"@type\":\"CommentAction\",\"name\":\"Comment\",\"target\":[\"https:\\\/\\\/leregardlibre.com\\\/cinema\\\/films\\\/elsa-est-le-christ-dans-la-reine-des-neiges-2\\\/#respond\"]}]},{\"@type\":\"WebPage\",\"@id\":\"https:\\\/\\\/leregardlibre.com\\\/cinema\\\/films\\\/elsa-est-le-christ-dans-la-reine-des-neiges-2\\\/\",\"url\":\"https:\\\/\\\/leregardlibre.com\\\/cinema\\\/films\\\/elsa-est-le-christ-dans-la-reine-des-neiges-2\\\/\",\"name\":\"Dans \u00abLa Reine des Neiges 2\u00bb, Elsa est le Christ\",\"isPartOf\":{\"@id\":\"https:\\\/\\\/leregardlibre.com\\\/#website\"},\"primaryImageOfPage\":{\"@id\":\"https:\\\/\\\/leregardlibre.com\\\/cinema\\\/films\\\/elsa-est-le-christ-dans-la-reine-des-neiges-2\\\/#primaryimage\"},\"image\":{\"@id\":\"https:\\\/\\\/leregardlibre.com\\\/cinema\\\/films\\\/elsa-est-le-christ-dans-la-reine-des-neiges-2\\\/#primaryimage\"},\"thumbnailUrl\":\"https:\\\/\\\/leregardlibre.com\\\/wp-content\\\/uploads\\\/2019\\\/12\\\/Frozen-2-Szenen-ov-09-Scene-Picture-scaled.jpg\",\"datePublished\":\"2019-12-04T14:10:11+00:00\",\"dateModified\":\"2025-12-04T21:30:01+00:00\",\"description\":\"\u00abLa Reine des Neiges 2\u00bb s\u2019impose avec une musique toujours aussi centrale et une nouvelle dimension des plus surprenantes.\",\"breadcrumb\":{\"@id\":\"https:\\\/\\\/leregardlibre.com\\\/cinema\\\/films\\\/elsa-est-le-christ-dans-la-reine-des-neiges-2\\\/#breadcrumb\"},\"inLanguage\":\"de\",\"potentialAction\":[{\"@type\":\"ReadAction\",\"target\":[\"https:\\\/\\\/leregardlibre.com\\\/cinema\\\/films\\\/elsa-est-le-christ-dans-la-reine-des-neiges-2\\\/\"]}]},{\"@type\":\"ImageObject\",\"inLanguage\":\"de\",\"@id\":\"https:\\\/\\\/leregardlibre.com\\\/cinema\\\/films\\\/elsa-est-le-christ-dans-la-reine-des-neiges-2\\\/#primaryimage\",\"url\":\"https:\\\/\\\/leregardlibre.com\\\/wp-content\\\/uploads\\\/2019\\\/12\\\/Frozen-2-Szenen-ov-09-Scene-Picture-scaled.jpg\",\"contentUrl\":\"https:\\\/\\\/leregardlibre.com\\\/wp-content\\\/uploads\\\/2019\\\/12\\\/Frozen-2-Szenen-ov-09-Scene-Picture-scaled.jpg\",\"width\":6720,\"height\":2814,\"caption\":\"\u00a9 The Walt Disney Company Switzerland\"},{\"@type\":\"BreadcrumbList\",\"@id\":\"https:\\\/\\\/leregardlibre.com\\\/cinema\\\/films\\\/elsa-est-le-christ-dans-la-reine-des-neiges-2\\\/#breadcrumb\",\"itemListElement\":[{\"@type\":\"ListItem\",\"position\":1,\"name\":\"Accueil\",\"item\":\"https:\\\/\\\/leregardlibre.com\\\/\"},{\"@type\":\"ListItem\",\"position\":2,\"name\":\"Elsa est le Christ dans \u00abLa Reine des Neiges 2\u00bb\"}]},{\"@type\":\"WebSite\",\"@id\":\"https:\\\/\\\/leregardlibre.com\\\/#website\",\"url\":\"https:\\\/\\\/leregardlibre.com\\\/\",\"name\":\"Le Regard Libre\",\"description\":\"Premier mensuel suisse de d\u00e9bat\",\"publisher\":{\"@id\":\"https:\\\/\\\/leregardlibre.com\\\/#organization\"},\"potentialAction\":[{\"@type\":\"SearchAction\",\"target\":{\"@type\":\"EntryPoint\",\"urlTemplate\":\"https:\\\/\\\/leregardlibre.com\\\/?s={search_term_string}\"},\"query-input\":{\"@type\":\"PropertyValueSpecification\",\"valueRequired\":true,\"valueName\":\"search_term_string\"}}],\"inLanguage\":\"de\"},{\"@type\":\"Organization\",\"@id\":\"https:\\\/\\\/leregardlibre.com\\\/#organization\",\"name\":\"Le Regard Libre\",\"url\":\"https:\\\/\\\/leregardlibre.com\\\/\",\"logo\":{\"@type\":\"ImageObject\",\"inLanguage\":\"de\",\"@id\":\"https:\\\/\\\/leregardlibre.com\\\/#\\\/schema\\\/logo\\\/image\\\/\",\"url\":\"https:\\\/\\\/leregardlibre.com\\\/wp-content\\\/uploads\\\/2025\\\/08\\\/logo-rl-icone-neg.jpeg\",\"contentUrl\":\"https:\\\/\\\/leregardlibre.com\\\/wp-content\\\/uploads\\\/2025\\\/08\\\/logo-rl-icone-neg.jpeg\",\"width\":557,\"height\":556,\"caption\":\"Le Regard Libre\"},\"image\":{\"@id\":\"https:\\\/\\\/leregardlibre.com\\\/#\\\/schema\\\/logo\\\/image\\\/\"},\"sameAs\":[\"https:\\\/\\\/www.facebook.com\\\/leregardlibre\\\/\",\"https:\\\/\\\/x.com\\\/LeRegardLibre\",\"https:\\\/\\\/www.linkedin.com\\\/company\\\/le-regard-libre\",\"https:\\\/\\\/www.instagram.com\\\/leregardlibre\\\/\",\"http:\\\/\\\/t.me\\\/leregardlibre\",\"https:\\\/\\\/youtube.com\\\/channel\\\/UC6HzGPomj1LsUmlz-sJtITQ\"],\"description\":\"Le Regard Libre est un mensuel suisse de d\u00e9bat intellectuel et culturel. Sa r\u00e9daction est jeune, b\u00e9n\u00e9vole, lib\u00e9rale et pluraliste. Le magazine para\u00eet en ligne et sous forme papier. Sa langue est le fran\u00e7ais.\",\"email\":\"redaction@leregardlibre.com\",\"legalName\":\"Le Regard Libre\",\"foundingDate\":\"2014-01-01\",\"numberOfEmployees\":{\"@type\":\"QuantitativeValue\",\"minValue\":\"11\",\"maxValue\":\"50\"},\"publishingPrinciples\":\"https:\\\/\\\/leregardlibre.com\\\/a-propos\\\/notre-manifeste\\\/\",\"ownershipFundingInfo\":\"https:\\\/\\\/leregardlibre.com\\\/mentions-legales\\\/\",\"actionableFeedbackPolicy\":\"https:\\\/\\\/leregardlibre.com\\\/conditions-generales-de-vente\\\/\"},{\"@type\":\"Person\",\"@id\":\"https:\\\/\\\/leregardlibre.com\\\/#\\\/schema\\\/person\\\/04d80ec47094bca6b1fa22dffad24005\",\"name\":\"Loris S. Musumeci\",\"image\":{\"@type\":\"ImageObject\",\"inLanguage\":\"de\",\"@id\":\"https:\\\/\\\/secure.gravatar.com\\\/avatar\\\/fa476654dadfee0d962e80160d0303549febb2769f8fa26c7a1ebe037f7c7c54?s=96&d=identicon&r=g\",\"url\":\"https:\\\/\\\/secure.gravatar.com\\\/avatar\\\/fa476654dadfee0d962e80160d0303549febb2769f8fa26c7a1ebe037f7c7c54?s=96&d=identicon&r=g\",\"contentUrl\":\"https:\\\/\\\/secure.gravatar.com\\\/avatar\\\/fa476654dadfee0d962e80160d0303549febb2769f8fa26c7a1ebe037f7c7c54?s=96&d=identicon&r=g\",\"caption\":\"Loris S. Musumeci\"},\"sameAs\":[\"https:\\\/\\\/leregardlibre.com\\\/\",\"https:\\\/\\\/fr.wikipedia.org\\\/wiki\\\/Le_Regard_libre\"],\"url\":\"https:\\\/\\\/leregardlibre.com\\\/de\\\/author\\\/loris-musumeci\\\/\"}]}<\/script>\n<!-- \/ Yoast SEO Premium plugin. -->","yoast_head_json":{"title":"Dans \u00abLa Reine des Neiges 2\u00bb, Elsa est le Christ","description":"\u00abLa Reine des Neiges 2\u00bb s\u2019impose avec une musique toujours aussi centrale et une nouvelle dimension des plus surprenantes.","robots":{"index":"index","follow":"follow","max-snippet":"max-snippet:-1","max-image-preview":"max-image-preview:large","max-video-preview":"max-video-preview:-1"},"canonical":"https:\/\/leregardlibre.com\/de\/kino\/filme\/elsa-est-le-christ-dans-la-reine-des-neiges-2\/","og_locale":"de_DE","og_type":"article","og_title":"Elsa est le Christ dans \u00abLa Reine des Neiges 2\u00bb","og_description":"\u00abLa Reine des Neiges 2\u00bb s\u2019impose avec une musique toujours aussi centrale et une nouvelle dimension des plus surprenantes.","og_url":"https:\/\/leregardlibre.com\/de\/kino\/filme\/elsa-est-le-christ-dans-la-reine-des-neiges-2\/","og_site_name":"Le Regard Libre","article_publisher":"https:\/\/www.facebook.com\/leregardlibre\/","article_published_time":"2019-12-04T14:10:11+00:00","article_modified_time":"2025-12-04T21:30:01+00:00","og_image":[{"width":1024,"height":429,"url":"https:\/\/leregardlibre.com\/wp-content\/uploads\/2019\/12\/Frozen-2-Szenen-ov-09-Scene-Picture-1024x429.jpg","type":"image\/jpeg"}],"author":"Loris S. Musumeci","twitter_card":"summary_large_image","twitter_creator":"@LeRegardLibre","twitter_site":"@LeRegardLibre","twitter_misc":{"Verfasst von":"Loris S. Musumeci","Gesch\u00e4tzte Lesezeit":"4\u00a0Minuten"},"schema":{"@context":"https:\/\/schema.org","@graph":[{"@type":"Article","@id":"https:\/\/leregardlibre.com\/cinema\/films\/elsa-est-le-christ-dans-la-reine-des-neiges-2\/#article","isPartOf":{"@id":"https:\/\/leregardlibre.com\/cinema\/films\/elsa-est-le-christ-dans-la-reine-des-neiges-2\/"},"author":{"name":"Loris S. Musumeci","@id":"https:\/\/leregardlibre.com\/#\/schema\/person\/04d80ec47094bca6b1fa22dffad24005"},"headline":"Elsa est le Christ dans \u00abLa Reine des Neiges 2\u00bb","datePublished":"2019-12-04T14:10:11+00:00","dateModified":"2025-12-04T21:30:01+00:00","mainEntityOfPage":{"@id":"https:\/\/leregardlibre.com\/cinema\/films\/elsa-est-le-christ-dans-la-reine-des-neiges-2\/"},"wordCount":774,"commentCount":0,"publisher":{"@id":"https:\/\/leregardlibre.com\/#organization"},"image":{"@id":"https:\/\/leregardlibre.com\/cinema\/films\/elsa-est-le-christ-dans-la-reine-des-neiges-2\/#primaryimage"},"thumbnailUrl":"https:\/\/leregardlibre.com\/wp-content\/uploads\/2019\/12\/Frozen-2-Szenen-ov-09-Scene-Picture-scaled.jpg","keywords":["christ","Critique cin\u00e9ma","dessin anim\u00e9","evangile","Sacrifice","V\u00e9rit\u00e9","Walt Disney"],"articleSection":["Films"],"inLanguage":"de","potentialAction":[{"@type":"CommentAction","name":"Comment","target":["https:\/\/leregardlibre.com\/cinema\/films\/elsa-est-le-christ-dans-la-reine-des-neiges-2\/#respond"]}]},{"@type":"WebPage","@id":"https:\/\/leregardlibre.com\/cinema\/films\/elsa-est-le-christ-dans-la-reine-des-neiges-2\/","url":"https:\/\/leregardlibre.com\/cinema\/films\/elsa-est-le-christ-dans-la-reine-des-neiges-2\/","name":"Dans \u00abLa Reine des Neiges 2\u00bb, Elsa est le Christ","isPartOf":{"@id":"https:\/\/leregardlibre.com\/#website"},"primaryImageOfPage":{"@id":"https:\/\/leregardlibre.com\/cinema\/films\/elsa-est-le-christ-dans-la-reine-des-neiges-2\/#primaryimage"},"image":{"@id":"https:\/\/leregardlibre.com\/cinema\/films\/elsa-est-le-christ-dans-la-reine-des-neiges-2\/#primaryimage"},"thumbnailUrl":"https:\/\/leregardlibre.com\/wp-content\/uploads\/2019\/12\/Frozen-2-Szenen-ov-09-Scene-Picture-scaled.jpg","datePublished":"2019-12-04T14:10:11+00:00","dateModified":"2025-12-04T21:30:01+00:00","description":"\u00abLa Reine des Neiges 2\u00bb s\u2019impose avec une musique toujours aussi centrale et une nouvelle dimension des plus surprenantes.","breadcrumb":{"@id":"https:\/\/leregardlibre.com\/cinema\/films\/elsa-est-le-christ-dans-la-reine-des-neiges-2\/#breadcrumb"},"inLanguage":"de","potentialAction":[{"@type":"ReadAction","target":["https:\/\/leregardlibre.com\/cinema\/films\/elsa-est-le-christ-dans-la-reine-des-neiges-2\/"]}]},{"@type":"ImageObject","inLanguage":"de","@id":"https:\/\/leregardlibre.com\/cinema\/films\/elsa-est-le-christ-dans-la-reine-des-neiges-2\/#primaryimage","url":"https:\/\/leregardlibre.com\/wp-content\/uploads\/2019\/12\/Frozen-2-Szenen-ov-09-Scene-Picture-scaled.jpg","contentUrl":"https:\/\/leregardlibre.com\/wp-content\/uploads\/2019\/12\/Frozen-2-Szenen-ov-09-Scene-Picture-scaled.jpg","width":6720,"height":2814,"caption":"\u00a9 The Walt Disney Company Switzerland"},{"@type":"BreadcrumbList","@id":"https:\/\/leregardlibre.com\/cinema\/films\/elsa-est-le-christ-dans-la-reine-des-neiges-2\/#breadcrumb","itemListElement":[{"@type":"ListItem","position":1,"name":"Accueil","item":"https:\/\/leregardlibre.com\/"},{"@type":"ListItem","position":2,"name":"Elsa est le Christ dans \u00abLa Reine des Neiges 2\u00bb"}]},{"@type":"WebSite","@id":"https:\/\/leregardlibre.com\/#website","url":"https:\/\/leregardlibre.com\/","name":"Le Regard Libre","description":"Erste Schweizer Monatszeitschrift f\u00fcr Debatten","publisher":{"@id":"https:\/\/leregardlibre.com\/#organization"},"potentialAction":[{"@type":"SearchAction","target":{"@type":"EntryPoint","urlTemplate":"https:\/\/leregardlibre.com\/?s={search_term_string}"},"query-input":{"@type":"PropertyValueSpecification","valueRequired":true,"valueName":"search_term_string"}}],"inLanguage":"de"},{"@type":"Organization","@id":"https:\/\/leregardlibre.com\/#organization","name":"Le Regard Libre","url":"https:\/\/leregardlibre.com\/","logo":{"@type":"ImageObject","inLanguage":"de","@id":"https:\/\/leregardlibre.com\/#\/schema\/logo\/image\/","url":"https:\/\/leregardlibre.com\/wp-content\/uploads\/2025\/08\/logo-rl-icone-neg.jpeg","contentUrl":"https:\/\/leregardlibre.com\/wp-content\/uploads\/2025\/08\/logo-rl-icone-neg.jpeg","width":557,"height":556,"caption":"Le Regard Libre"},"image":{"@id":"https:\/\/leregardlibre.com\/#\/schema\/logo\/image\/"},"sameAs":["https:\/\/www.facebook.com\/leregardlibre\/","https:\/\/x.com\/LeRegardLibre","https:\/\/www.linkedin.com\/company\/le-regard-libre","https:\/\/www.instagram.com\/leregardlibre\/","http:\/\/t.me\/leregardlibre","https:\/\/youtube.com\/channel\/UC6HzGPomj1LsUmlz-sJtITQ"],"description":"Le Regard Libre ist eine Schweizer Monatszeitschrift f\u00fcr intellektuelle und kulturelle Debatten. Seine Redaktion ist jung, ehrenamtlich, liberal und pluralistisch. Das Magazin erscheint online und in gedruckter Form. Seine Sprache ist Franz\u00f6sisch.","email":"redaction@leregardlibre.com","legalName":"Le Regard Libre","foundingDate":"2014-01-01","numberOfEmployees":{"@type":"QuantitativeValue","minValue":"11","maxValue":"50"},"publishingPrinciples":"https:\/\/leregardlibre.com\/a-propos\/notre-manifeste\/","ownershipFundingInfo":"https:\/\/leregardlibre.com\/mentions-legales\/","actionableFeedbackPolicy":"https:\/\/leregardlibre.com\/conditions-generales-de-vente\/"},{"@type":"Person","@id":"https:\/\/leregardlibre.com\/#\/schema\/person\/04d80ec47094bca6b1fa22dffad24005","name":"Loris S. Musumeci","image":{"@type":"ImageObject","inLanguage":"de","@id":"https:\/\/secure.gravatar.com\/avatar\/fa476654dadfee0d962e80160d0303549febb2769f8fa26c7a1ebe037f7c7c54?s=96&d=identicon&r=g","url":"https:\/\/secure.gravatar.com\/avatar\/fa476654dadfee0d962e80160d0303549febb2769f8fa26c7a1ebe037f7c7c54?s=96&d=identicon&r=g","contentUrl":"https:\/\/secure.gravatar.com\/avatar\/fa476654dadfee0d962e80160d0303549febb2769f8fa26c7a1ebe037f7c7c54?s=96&d=identicon&r=g","caption":"Loris S. Musumeci"},"sameAs":["https:\/\/leregardlibre.com\/","https:\/\/fr.wikipedia.org\/wiki\/Le_Regard_libre"],"url":"https:\/\/leregardlibre.com\/de\/author\/loris-musumeci\/"}]}},"_links":{"self":[{"href":"https:\/\/leregardlibre.com\/de\/wp-json\/wp\/v2\/posts\/28389","targetHints":{"allow":["GET"]}}],"collection":[{"href":"https:\/\/leregardlibre.com\/de\/wp-json\/wp\/v2\/posts"}],"about":[{"href":"https:\/\/leregardlibre.com\/de\/wp-json\/wp\/v2\/types\/post"}],"author":[{"embeddable":true,"href":"https:\/\/leregardlibre.com\/de\/wp-json\/wp\/v2\/users\/18"}],"replies":[{"embeddable":true,"href":"https:\/\/leregardlibre.com\/de\/wp-json\/wp\/v2\/comments?post=28389"}],"version-history":[{"count":2,"href":"https:\/\/leregardlibre.com\/de\/wp-json\/wp\/v2\/posts\/28389\/revisions"}],"predecessor-version":[{"id":517898,"href":"https:\/\/leregardlibre.com\/de\/wp-json\/wp\/v2\/posts\/28389\/revisions\/517898"}],"wp:featuredmedia":[{"embeddable":true,"href":"https:\/\/leregardlibre.com\/de\/wp-json\/wp\/v2\/media\/28394"}],"wp:attachment":[{"href":"https:\/\/leregardlibre.com\/de\/wp-json\/wp\/v2\/media?parent=28389"}],"wp:term":[{"taxonomy":"category","embeddable":true,"href":"https:\/\/leregardlibre.com\/de\/wp-json\/wp\/v2\/categories?post=28389"},{"taxonomy":"post_tag","embeddable":true,"href":"https:\/\/leregardlibre.com\/de\/wp-json\/wp\/v2\/tags?post=28389"}],"curies":[{"name":"wp","href":"https:\/\/api.w.org\/{rel}","templated":true}]}}