{"id":29254,"date":"2019-12-27T11:19:03","date_gmt":"2019-12-27T10:19:03","guid":{"rendered":"https:\/\/leregardlibre.com\/?p=29254"},"modified":"2023-03-05T22:48:50","modified_gmt":"2023-03-05T21:48:50","slug":"lattitude-liberale","status":"publish","type":"post","link":"https:\/\/leregardlibre.com\/de\/gesellschaft\/lattitude-liberale\/","title":{"rendered":"Die liberale Haltung"},"content":{"rendered":"<p class=\"has-drop-cap\"><strong>Es geht hier weder um ein Wirtschaftssystem noch um eine politische Philosophie, sondern um eine Haltung, die liberale Haltung.<\/strong> Wenn der klassische Liberalismus auf den Prinzipien des Privateigentums, der individuellen Verantwortung und der kollektiven Zustimmung beruht, ist er nur dann ein Garant f\u00fcr eine offene Gesellschaft - wir werden nicht von einer \u00abinklusiven\u00bb Gesellschaft sprechen, einem von Progressiven aller Art beliebten Adjektiv -, wenn er als weitere Bedingung f\u00fcr das Zusammenleben das Prinzip der <em>Toleranz<\/em>.<\/p>\n\n\n\n<!--more Lire la suite de l'\u00e9dito (en libre acc\u00e8s)-->\n\n\n\n<p><strong>La tol\u00e9rance, contrairement \u00e0 ce que l\u2019on peut croire, surtout actuellement, ne revient pas \u00e0 tout accepter; au contraire.<\/strong> Etre d\u2019accord avec le fait qu\u2019autrui pense diff\u00e9remment, ce qui est typique de l\u2019esprit de tol\u00e9rance, n\u2019implique pas d\u2019\u00eatre d\u2019accord avec sa pens\u00e9e. C\u2019est pr\u00e9cis\u00e9ment l\u2019inverse: on tol\u00e8re par d\u00e9finition une chose que l\u2019on n\u2019approuve pas, ou une personne aux id\u00e9es ou aux agissements diff\u00e9rents des siens. Il ne me viendrait pas \u00e0 l\u2019id\u00e9e de \u00abtol\u00e9rer mes propres convictions\u00bb ou de \u00abtol\u00e9rer des gens admirables en tous points\u00bb.<\/p>\n\n\n\n<form method=\"post\" action=\"https:\/\/newsletter.infomaniak.com\/external\/submit\" class=\"inf-form\" target=\"_blank\"><input type=\"email\" name=\"email\" style=\"display:none\"><input type=\"hidden\" name=\"key\" value=\"eyJpdiI6ImJLMzBCZjhrQXI2QVZqaHlsQ2xRXC9RbUZ2TlhaY08wSGd6VllUbHc0MUtzPSIsInZhbHVlIjoiYlJ4K0NhTElMb21iY010YkUyVmk2R0pVK2JocklVcERIbUNPTGduczcycz0iLCJtYWMiOiJmY2MwNGM1ZDBjZThjMmQ1MTVkY2Q2ZDE5OTBlNDU0YzE0MjlhM2IxY2M5YWM0NjA2YTgxY2QxNzg2ZmFiY2FkIn0=\"><input type=\"hidden\" name=\"webform_id\" value=\"7291\"><style> .inf-main_3000311ca56a1cb93397bc676c0b7fff{ background-color:#f5f5f5; padding:25px 20px; margin:25px auto; } .inf-main_3000311ca56a1cb93397bc676c0b7fff .inf-content { margin-top:13px;} .inf-main_3000311ca56a1cb93397bc676c0b7fff h4, .inf-main_3000311ca56a1cb93397bc676c0b7fff span, .inf-main_3000311ca56a1cb93397bc676c0b7fff label, .inf-main_3000311ca56a1cb93397bc676c0b7fff input, .inf-main_3000311ca56a1cb93397bc676c0b7fff .inf-submit, .inf-main_3000311ca56a1cb93397bc676c0b7fff .inf-success p a { color:#555555; font-size:14px; } .inf-main_3000311ca56a1cb93397bc676c0b7fff h4{ font-size:18px; margin:0px 0px 13px 0px; } .inf-main_3000311ca56a1cb93397bc676c0b7fff h4, .inf-main_3000311ca56a1cb93397bc676c0b7fff label{ font-weight:bold; } .inf-main_3000311ca56a1cb93397bc676c0b7fff .inf-input { margin-bottom:7px; } .inf-main_3000311ca56a1cb93397bc676c0b7fff label { display:block;} .inf-main_3000311ca56a1cb93397bc676c0b7fff input{ height:35px; color:#999999; border: 1px solid #E9E9E9; border:none; padding-left:7px; } .inf-main_3000311ca56a1cb93397bc676c0b7fff .inf-input.inf-error label, .inf-main_3000311ca56a1cb93397bc676c0b7fff .inf-input.inf-error span.inf-message{ color: #cc0033; } .inf-main_3000311ca56a1cb93397bc676c0b7fff .inf-input.inf-error input{ border: 1px solid #cc0033; } .inf-main_3000311ca56a1cb93397bc676c0b7fff .inf-input input { width:100%;} .inf-main_3000311ca56a1cb93397bc676c0b7fff .inf-input.inf-error span.inf-message { display: block; } .inf-main_3000311ca56a1cb93397bc676c0b7fff .inf-submit { text-align:right;} .inf-main_3000311ca56a1cb93397bc676c0b7fff .inf-submit input{ background-color:#777777; color:#ffffff; border:none; font-weight: normal; height:auto; padding:7px; } .inf-main_3000311ca56a1cb93397bc676c0b7fff .inf-submit input.disabled{ opacity: 0.4; } .inf-btn { color: rgb(85, 85, 85); border: medium none; font-weight: normal; height: auto; padding: 7px; display: inline-block; background-color: white; box-shadow: 0px 1px 1px rgba(0, 0, 0, 0.24); border-radius: 2px; line-height: 1em; } .inf-rgpd { margin:25px 0px 15px 0px; color:#555555; } <\/style> <div class=\"inf-main_3000311ca56a1cb93397bc676c0b7fff\"> <h4>NEWSLETTER DES FREIEN BLICKS<\/h4> <span>Erhalten Sie unsere Artikel jeden Sonntag kostenlos!<\/span> <div class=\"inf-success\" style=\"display:none\"> <h4>Ihre Anmeldung f\u00fcr unseren w\u00f6chentlichen Newsletter wurde erfolgreich registriert!<\/h4> <p> <a href=\"#\" class=\"inf-btn\">\u00ab<\/a> <\/p> <\/div> <div class=\"inf-content\"> <div class=\"inf-input inf-input-text\"> <input type=\"text\" name=\"inf[1]\" data-inf-meta=\"1\" data-inf-error=\"Merci de renseigner une adresse email\" required=\"required\" placeholder=\"E-Mail\"> <\/div> <div class=\"inf-submit\"> <input type=\"submit\" name=\"\" value=\"Anmelden\"> <\/div> <\/div> <\/div> <\/form>\n\n\n\n<p><strong>La tol\u00e9rance est donc la prise en consid\u00e9ration de ce que l\u2019on r\u00e9cuse. <\/strong>Elle est la condition du d\u00e9bat et de la vie en soci\u00e9t\u00e9. Le concept de tol\u00e9rance avait \u00e9t\u00e9 forg\u00e9 et brandi par des personnalit\u00e9s telles que Locke ou Voltaire pour justifier une attitude critique face \u00e0 l\u2019Eglise et \u00e0 son pouvoir sur les esprits. La libre pens\u00e9e, voil\u00e0 la grande avanc\u00e9e des Lumi\u00e8res. Et la libre pens\u00e9e suppose que l\u2019on puisse critiquer des croyances, des institutions, des religions, des id\u00e9ologies. Comme l\u2019\u00e9crit le penseur isra\u00e9lo-suisse Carlo Strenger, la tol\u00e9rance implique l\u2019id\u00e9e d\u2019un certain \u00abm\u00e9pris civilis\u00e9\u00bb, le contraire absolu du politiquement correct.<\/p>\n\n\n\n<p><strong>La tol\u00e9rance ainsi d\u00e9finie peut \u00eatre consid\u00e9r\u00e9e comme une caract\u00e9ristique de l\u2019attitude lib\u00e9rale. <\/strong>L\u2019homme lib\u00e9ral est non seulement tol\u00e9rant, mais aussi curieux, g\u00e9n\u00e9reux, si possible \u00e9l\u00e9gant, et tout simplement aimable. Il est h\u00e9las aussi rare dans notre soci\u00e9t\u00e9 qu\u2019une panth\u00e8re des neiges. Et c\u2019est pour cela qu\u2019il est pr\u00e9cieux. Il est celui-l\u00e0 m\u00eame dont nous avons la nostalgie quand nous nous trouvons au milieu d\u2019une pl\u00e8be d\u00e9goulinante d\u2019irrespect dans un m\u00e9tro lausannois. Tandis que l\u2019esprit illib\u00e9ral est un \u00e9go\u00efste sans int\u00e9r\u00eat ni respect pour l\u2019autre, l\u2019authentique esprit lib\u00e9ral assume sa condition d\u2019animal social et s\u2019int\u00e9resse donc \u00e0 autrui, aussi bien en le respectant qu\u2019en se donnant le droit de critiquer ses paroles et ses actes.<\/p>\n\n\n\n<p><strong>Ainsi \u2013 si, si! \u2013 l\u2019attitude lib\u00e9rale permet de pr\u00e9venir les d\u00e9rives de l\u2019individualisme.<\/strong> C\u2019est le grand drame de notre \u00e9poque: nous sommes entr\u00e9s dans un monde capitaliste et mondialis\u00e9 sans nous assurer que les gens endossent une attitude lib\u00e9rale. Cela peut para\u00eetre philosophique; \u00e7a l\u2019est. Mais c\u2019est une r\u00e9flexion philosophique qui nous concerne tous \u2013 et tous les jours: il s\u2019agit de dire que lorsque nous discutons autour d\u2019une table, il ne devrait pas y avoir de camps du bien et du mal; que l\u2019amabilit\u00e9, la prise au s\u00e9rieux des gens, la civilit\u00e9 valent mieux pour construire une soci\u00e9t\u00e9 saine que la m\u00e9chancet\u00e9 que nous connaissons trop; que nous avons le droit de critiquer une religion, quelle qu\u2019elle soit, ou d\u2019en avoir peur; que la critique et le d\u00e9bat ne sont pas des tares, mais des conditions n\u00e9cessaires \u00e0 la connaissance, \u00e0 la vie collective et m\u00eame au bonheur.<\/p>\n\n\n\n<p><strong>Le d\u00e9bat, encore le d\u00e9bat, toujours le d\u00e9bat.<\/strong> Voil\u00e0 comment nous nous en sortirons. Pour cela, il faudrait que l\u2019universit\u00e9 et les grands m\u00e9dias, bastions contemporains de la pens\u00e9e unique, se remettent en question sur l\u2019abandon du d\u00e9bat qui a \u00e9t\u00e9 le leur. Mais hors de question d\u2019\u00e9tablir une distinction nette entre base et \u00e9lites: le manque d\u2019attitude lib\u00e9rale concerne toutes les couches de la population. Puissions-nous donc tous en faire preuve!<\/p>\n\n\n\n<p><em>Schreiben Sie dem Autor: <a href=\"mailto:jonas.follonier@leregardlibre.com\">jonas.follonier@leregardlibre.com<\/a><\/em><\/p>","protected":false},"excerpt":{"rendered":"<p>Es geht hier weder um ein Wirtschaftssystem noch um eine politische Philosophie, sondern um eine Haltung, die liberale Haltung.<\/p>","protected":false},"author":138,"featured_media":0,"comment_status":"open","ping_status":"open","sticky":false,"template":"","format":"standard","meta":{"_acf_changed":false,"footnotes":""},"categories":[8796],"tags":[733481,644357659,644339091,672179,33225,33100],"class_list":["post-29254","post","type-post","status-publish","format-standard","hentry","category-societe","tag-curiosite","tag-editoriaux","tag-elegance","tag-individualisme","tag-liberalisme","tag-tolerance"],"acf":[],"yoast_head":"<!-- This site is optimized with the Yoast SEO Premium plugin v27.4 (Yoast SEO v27.4) - https:\/\/yoast.com\/product\/yoast-seo-premium-wordpress\/ -->\n<title>L\u2019attitude lib\u00e9rale<\/title>\n<meta name=\"description\" content=\"Il ne sera question ici ni d\u2019un syst\u00e8me \u00e9conomique ni d\u2019une philosophie politique: il sera question d\u2019une attitude, l\u2019attitude lib\u00e9rale.\" \/>\n<meta name=\"robots\" content=\"index, follow, max-snippet:-1, max-image-preview:large, max-video-preview:-1\" \/>\n<link rel=\"canonical\" href=\"https:\/\/leregardlibre.com\/de\/gesellschaft\/lattitude-liberale\/\" \/>\n<meta property=\"og:locale\" content=\"de_DE\" \/>\n<meta property=\"og:type\" content=\"article\" \/>\n<meta property=\"og:title\" content=\"L\u2019attitude lib\u00e9rale\" \/>\n<meta property=\"og:description\" content=\"Il ne sera question ici ni d\u2019un syst\u00e8me \u00e9conomique ni d\u2019une philosophie politique: il sera question d\u2019une attitude, l\u2019attitude lib\u00e9rale.\" \/>\n<meta property=\"og:url\" content=\"https:\/\/leregardlibre.com\/de\/gesellschaft\/lattitude-liberale\/\" \/>\n<meta property=\"og:site_name\" content=\"Le Regard Libre\" \/>\n<meta property=\"article:publisher\" content=\"https:\/\/www.facebook.com\/leregardlibre\/\" \/>\n<meta property=\"article:author\" content=\"https:\/\/www.facebook.com\/jonas.follonier\/\" \/>\n<meta property=\"article:published_time\" content=\"2019-12-27T10:19:03+00:00\" \/>\n<meta property=\"article:modified_time\" content=\"2023-03-05T21:48:50+00:00\" \/>\n<meta property=\"og:image\" content=\"https:\/\/leregardlibre.com\/wp-content\/uploads\/2022\/08\/Jonas-Follonier-\u00a9-Nathanae\u0308l-Schmid-pour-Le-Regard-Libre.webp\" \/>\n\t<meta property=\"og:image:width\" content=\"1038\" \/>\n\t<meta property=\"og:image:height\" content=\"576\" \/>\n\t<meta property=\"og:image:type\" content=\"image\/webp\" \/>\n<meta name=\"author\" content=\"Jonas Follonier\" \/>\n<meta name=\"twitter:card\" content=\"summary_large_image\" \/>\n<meta name=\"twitter:creator\" content=\"@LeRegardLibre\" \/>\n<meta name=\"twitter:site\" content=\"@LeRegardLibre\" \/>\n<meta name=\"twitter:label1\" content=\"Verfasst von\" \/>\n\t<meta name=\"twitter:data1\" content=\"Jonas Follonier\" \/>\n\t<meta name=\"twitter:label2\" content=\"Gesch\u00e4tzte Lesezeit\" \/>\n\t<meta name=\"twitter:data2\" content=\"4\u00a0Minuten\" \/>\n<script type=\"application\/ld+json\" class=\"yoast-schema-graph\">{\"@context\":\"https:\\\/\\\/schema.org\",\"@graph\":[{\"@type\":\"Article\",\"@id\":\"https:\\\/\\\/leregardlibre.com\\\/societe\\\/lattitude-liberale\\\/#article\",\"isPartOf\":{\"@id\":\"https:\\\/\\\/leregardlibre.com\\\/societe\\\/lattitude-liberale\\\/\"},\"author\":{\"name\":\"Jonas Follonier\",\"@id\":\"https:\\\/\\\/leregardlibre.com\\\/#\\\/schema\\\/person\\\/bfe5aa794a23be71485d60e2d93ec0d2\"},\"headline\":\"L\u2019attitude lib\u00e9rale\",\"datePublished\":\"2019-12-27T10:19:03+00:00\",\"dateModified\":\"2023-03-05T21:48:50+00:00\",\"mainEntityOfPage\":{\"@id\":\"https:\\\/\\\/leregardlibre.com\\\/societe\\\/lattitude-liberale\\\/\"},\"wordCount\":758,\"commentCount\":0,\"publisher\":{\"@id\":\"https:\\\/\\\/leregardlibre.com\\\/#organization\"},\"keywords\":[\"Curiosit\u00e9\",\"Editorial\",\"El\u00e9gance\",\"Individualisme\",\"Lib\u00e9ralisme\",\"Tol\u00e9rance\"],\"articleSection\":[\"Soci\u00e9t\u00e9\"],\"inLanguage\":\"de\",\"potentialAction\":[{\"@type\":\"CommentAction\",\"name\":\"Comment\",\"target\":[\"https:\\\/\\\/leregardlibre.com\\\/societe\\\/lattitude-liberale\\\/#respond\"]}]},{\"@type\":\"WebPage\",\"@id\":\"https:\\\/\\\/leregardlibre.com\\\/societe\\\/lattitude-liberale\\\/\",\"url\":\"https:\\\/\\\/leregardlibre.com\\\/societe\\\/lattitude-liberale\\\/\",\"name\":\"L\u2019attitude lib\u00e9rale\",\"isPartOf\":{\"@id\":\"https:\\\/\\\/leregardlibre.com\\\/#website\"},\"datePublished\":\"2019-12-27T10:19:03+00:00\",\"dateModified\":\"2023-03-05T21:48:50+00:00\",\"description\":\"Il ne sera question ici ni d\u2019un syst\u00e8me \u00e9conomique ni d\u2019une philosophie politique: il sera question d\u2019une attitude, l\u2019attitude lib\u00e9rale.\",\"breadcrumb\":{\"@id\":\"https:\\\/\\\/leregardlibre.com\\\/societe\\\/lattitude-liberale\\\/#breadcrumb\"},\"inLanguage\":\"de\",\"potentialAction\":[{\"@type\":\"ReadAction\",\"target\":[\"https:\\\/\\\/leregardlibre.com\\\/societe\\\/lattitude-liberale\\\/\"]}]},{\"@type\":\"BreadcrumbList\",\"@id\":\"https:\\\/\\\/leregardlibre.com\\\/societe\\\/lattitude-liberale\\\/#breadcrumb\",\"itemListElement\":[{\"@type\":\"ListItem\",\"position\":1,\"name\":\"Accueil\",\"item\":\"https:\\\/\\\/leregardlibre.com\\\/\"},{\"@type\":\"ListItem\",\"position\":2,\"name\":\"L\u2019attitude lib\u00e9rale\"}]},{\"@type\":\"WebSite\",\"@id\":\"https:\\\/\\\/leregardlibre.com\\\/#website\",\"url\":\"https:\\\/\\\/leregardlibre.com\\\/\",\"name\":\"Le Regard Libre\",\"description\":\"Premier mensuel suisse de d\u00e9bat\",\"publisher\":{\"@id\":\"https:\\\/\\\/leregardlibre.com\\\/#organization\"},\"potentialAction\":[{\"@type\":\"SearchAction\",\"target\":{\"@type\":\"EntryPoint\",\"urlTemplate\":\"https:\\\/\\\/leregardlibre.com\\\/?s={search_term_string}\"},\"query-input\":{\"@type\":\"PropertyValueSpecification\",\"valueRequired\":true,\"valueName\":\"search_term_string\"}}],\"inLanguage\":\"de\"},{\"@type\":\"Organization\",\"@id\":\"https:\\\/\\\/leregardlibre.com\\\/#organization\",\"name\":\"Le Regard Libre\",\"url\":\"https:\\\/\\\/leregardlibre.com\\\/\",\"logo\":{\"@type\":\"ImageObject\",\"inLanguage\":\"de\",\"@id\":\"https:\\\/\\\/leregardlibre.com\\\/#\\\/schema\\\/logo\\\/image\\\/\",\"url\":\"https:\\\/\\\/leregardlibre.com\\\/wp-content\\\/uploads\\\/2025\\\/08\\\/logo-rl-icone-neg.jpeg\",\"contentUrl\":\"https:\\\/\\\/leregardlibre.com\\\/wp-content\\\/uploads\\\/2025\\\/08\\\/logo-rl-icone-neg.jpeg\",\"width\":557,\"height\":556,\"caption\":\"Le Regard Libre\"},\"image\":{\"@id\":\"https:\\\/\\\/leregardlibre.com\\\/#\\\/schema\\\/logo\\\/image\\\/\"},\"sameAs\":[\"https:\\\/\\\/www.facebook.com\\\/leregardlibre\\\/\",\"https:\\\/\\\/x.com\\\/LeRegardLibre\",\"https:\\\/\\\/www.linkedin.com\\\/company\\\/le-regard-libre\",\"https:\\\/\\\/www.instagram.com\\\/leregardlibre\\\/\",\"http:\\\/\\\/t.me\\\/leregardlibre\",\"https:\\\/\\\/youtube.com\\\/channel\\\/UC6HzGPomj1LsUmlz-sJtITQ\"],\"description\":\"Le Regard Libre est un mensuel suisse de d\u00e9bat intellectuel et culturel. Sa r\u00e9daction est jeune, b\u00e9n\u00e9vole, lib\u00e9rale et pluraliste. Le magazine para\u00eet en ligne et sous forme papier. Sa langue est le fran\u00e7ais.\",\"email\":\"redaction@leregardlibre.com\",\"legalName\":\"Le Regard Libre\",\"foundingDate\":\"2014-01-01\",\"numberOfEmployees\":{\"@type\":\"QuantitativeValue\",\"minValue\":\"11\",\"maxValue\":\"50\"},\"publishingPrinciples\":\"https:\\\/\\\/leregardlibre.com\\\/a-propos\\\/notre-manifeste\\\/\",\"ownershipFundingInfo\":\"https:\\\/\\\/leregardlibre.com\\\/mentions-legales\\\/\",\"actionableFeedbackPolicy\":\"https:\\\/\\\/leregardlibre.com\\\/conditions-generales-de-vente\\\/\"},{\"@type\":\"Person\",\"@id\":\"https:\\\/\\\/leregardlibre.com\\\/#\\\/schema\\\/person\\\/bfe5aa794a23be71485d60e2d93ec0d2\",\"name\":\"Jonas Follonier\",\"image\":{\"@type\":\"ImageObject\",\"inLanguage\":\"de\",\"@id\":\"https:\\\/\\\/secure.gravatar.com\\\/avatar\\\/602060b40f6a458420c2d140f49b6caea99152ce6704f2c332e5a0c5aad80303?s=96&d=identicon&r=g\",\"url\":\"https:\\\/\\\/secure.gravatar.com\\\/avatar\\\/602060b40f6a458420c2d140f49b6caea99152ce6704f2c332e5a0c5aad80303?s=96&d=identicon&r=g\",\"contentUrl\":\"https:\\\/\\\/secure.gravatar.com\\\/avatar\\\/602060b40f6a458420c2d140f49b6caea99152ce6704f2c332e5a0c5aad80303?s=96&d=identicon&r=g\",\"caption\":\"Jonas Follonier\"},\"description\":\"Correspondant au Palais f\u00e9d\u00e9ral pour \u00abL\u2019Agefi\u00bb, auteur-compositeur-interpr\u00e8te et essayiste, Jonas Follonier est le fondateur et r\u00e9dacteur en chef du \u00abRegard Libre\u00bb.\",\"sameAs\":[\"https:\\\/\\\/www.facebook.com\\\/jonas.follonier\\\/\",\"https:\\\/\\\/www.instagram.com\\\/jonasfollonier\\\/\",\"https:\\\/\\\/www.linkedin.com\\\/in\\\/jonasfollonier\\\/\",\"https:\\\/\\\/fr.wikipedia.org\\\/wiki\\\/Le_Regard_libre\"],\"url\":\"https:\\\/\\\/leregardlibre.com\\\/de\\\/author\\\/jonas-follonier\\\/\"}]}<\/script>\n<!-- \/ Yoast SEO Premium plugin. -->","yoast_head_json":{"title":"Die liberale Haltung","description":"Es geht hier weder um ein Wirtschaftssystem noch um eine politische Philosophie, sondern um eine Haltung, die liberale Haltung.","robots":{"index":"index","follow":"follow","max-snippet":"max-snippet:-1","max-image-preview":"max-image-preview:large","max-video-preview":"max-video-preview:-1"},"canonical":"https:\/\/leregardlibre.com\/de\/gesellschaft\/lattitude-liberale\/","og_locale":"de_DE","og_type":"article","og_title":"L\u2019attitude lib\u00e9rale","og_description":"Il ne sera question ici ni d\u2019un syst\u00e8me \u00e9conomique ni d\u2019une philosophie politique: il sera question d\u2019une attitude, l\u2019attitude lib\u00e9rale.","og_url":"https:\/\/leregardlibre.com\/de\/gesellschaft\/lattitude-liberale\/","og_site_name":"Le Regard Libre","article_publisher":"https:\/\/www.facebook.com\/leregardlibre\/","article_author":"https:\/\/www.facebook.com\/jonas.follonier\/","article_published_time":"2019-12-27T10:19:03+00:00","article_modified_time":"2023-03-05T21:48:50+00:00","og_image":[{"width":1038,"height":576,"url":"https:\/\/leregardlibre.com\/wp-content\/uploads\/2022\/08\/Jonas-Follonier-\u00a9-Nathanae\u0308l-Schmid-pour-Le-Regard-Libre.webp","type":"image\/webp"}],"author":"Jonas Follonier","twitter_card":"summary_large_image","twitter_creator":"@LeRegardLibre","twitter_site":"@LeRegardLibre","twitter_misc":{"Verfasst von":"Jonas Follonier","Gesch\u00e4tzte Lesezeit":"4\u00a0Minuten"},"schema":{"@context":"https:\/\/schema.org","@graph":[{"@type":"Article","@id":"https:\/\/leregardlibre.com\/societe\/lattitude-liberale\/#article","isPartOf":{"@id":"https:\/\/leregardlibre.com\/societe\/lattitude-liberale\/"},"author":{"name":"Jonas Follonier","@id":"https:\/\/leregardlibre.com\/#\/schema\/person\/bfe5aa794a23be71485d60e2d93ec0d2"},"headline":"L\u2019attitude lib\u00e9rale","datePublished":"2019-12-27T10:19:03+00:00","dateModified":"2023-03-05T21:48:50+00:00","mainEntityOfPage":{"@id":"https:\/\/leregardlibre.com\/societe\/lattitude-liberale\/"},"wordCount":758,"commentCount":0,"publisher":{"@id":"https:\/\/leregardlibre.com\/#organization"},"keywords":["Curiosit\u00e9","Editorial","El\u00e9gance","Individualisme","Lib\u00e9ralisme","Tol\u00e9rance"],"articleSection":["Soci\u00e9t\u00e9"],"inLanguage":"de","potentialAction":[{"@type":"CommentAction","name":"Comment","target":["https:\/\/leregardlibre.com\/societe\/lattitude-liberale\/#respond"]}]},{"@type":"WebPage","@id":"https:\/\/leregardlibre.com\/societe\/lattitude-liberale\/","url":"https:\/\/leregardlibre.com\/societe\/lattitude-liberale\/","name":"Die liberale Haltung","isPartOf":{"@id":"https:\/\/leregardlibre.com\/#website"},"datePublished":"2019-12-27T10:19:03+00:00","dateModified":"2023-03-05T21:48:50+00:00","description":"Es geht hier weder um ein Wirtschaftssystem noch um eine politische Philosophie, sondern um eine Haltung, die liberale Haltung.","breadcrumb":{"@id":"https:\/\/leregardlibre.com\/societe\/lattitude-liberale\/#breadcrumb"},"inLanguage":"de","potentialAction":[{"@type":"ReadAction","target":["https:\/\/leregardlibre.com\/societe\/lattitude-liberale\/"]}]},{"@type":"BreadcrumbList","@id":"https:\/\/leregardlibre.com\/societe\/lattitude-liberale\/#breadcrumb","itemListElement":[{"@type":"ListItem","position":1,"name":"Accueil","item":"https:\/\/leregardlibre.com\/"},{"@type":"ListItem","position":2,"name":"L\u2019attitude lib\u00e9rale"}]},{"@type":"WebSite","@id":"https:\/\/leregardlibre.com\/#website","url":"https:\/\/leregardlibre.com\/","name":"Le Regard Libre","description":"Erste Schweizer Monatszeitschrift f\u00fcr Debatten","publisher":{"@id":"https:\/\/leregardlibre.com\/#organization"},"potentialAction":[{"@type":"SearchAction","target":{"@type":"EntryPoint","urlTemplate":"https:\/\/leregardlibre.com\/?s={search_term_string}"},"query-input":{"@type":"PropertyValueSpecification","valueRequired":true,"valueName":"search_term_string"}}],"inLanguage":"de"},{"@type":"Organization","@id":"https:\/\/leregardlibre.com\/#organization","name":"Le Regard Libre","url":"https:\/\/leregardlibre.com\/","logo":{"@type":"ImageObject","inLanguage":"de","@id":"https:\/\/leregardlibre.com\/#\/schema\/logo\/image\/","url":"https:\/\/leregardlibre.com\/wp-content\/uploads\/2025\/08\/logo-rl-icone-neg.jpeg","contentUrl":"https:\/\/leregardlibre.com\/wp-content\/uploads\/2025\/08\/logo-rl-icone-neg.jpeg","width":557,"height":556,"caption":"Le Regard Libre"},"image":{"@id":"https:\/\/leregardlibre.com\/#\/schema\/logo\/image\/"},"sameAs":["https:\/\/www.facebook.com\/leregardlibre\/","https:\/\/x.com\/LeRegardLibre","https:\/\/www.linkedin.com\/company\/le-regard-libre","https:\/\/www.instagram.com\/leregardlibre\/","http:\/\/t.me\/leregardlibre","https:\/\/youtube.com\/channel\/UC6HzGPomj1LsUmlz-sJtITQ"],"description":"Le Regard Libre ist eine Schweizer Monatszeitschrift f\u00fcr intellektuelle und kulturelle Debatten. Seine Redaktion ist jung, ehrenamtlich, liberal und pluralistisch. Das Magazin erscheint online und in gedruckter Form. Seine Sprache ist Franz\u00f6sisch.","email":"redaction@leregardlibre.com","legalName":"Le Regard Libre","foundingDate":"2014-01-01","numberOfEmployees":{"@type":"QuantitativeValue","minValue":"11","maxValue":"50"},"publishingPrinciples":"https:\/\/leregardlibre.com\/a-propos\/notre-manifeste\/","ownershipFundingInfo":"https:\/\/leregardlibre.com\/mentions-legales\/","actionableFeedbackPolicy":"https:\/\/leregardlibre.com\/conditions-generales-de-vente\/"},{"@type":"Person","@id":"https:\/\/leregardlibre.com\/#\/schema\/person\/bfe5aa794a23be71485d60e2d93ec0d2","name":"Jonas Follonier","image":{"@type":"ImageObject","inLanguage":"de","@id":"https:\/\/secure.gravatar.com\/avatar\/602060b40f6a458420c2d140f49b6caea99152ce6704f2c332e5a0c5aad80303?s=96&d=identicon&r=g","url":"https:\/\/secure.gravatar.com\/avatar\/602060b40f6a458420c2d140f49b6caea99152ce6704f2c332e5a0c5aad80303?s=96&d=identicon&r=g","contentUrl":"https:\/\/secure.gravatar.com\/avatar\/602060b40f6a458420c2d140f49b6caea99152ce6704f2c332e5a0c5aad80303?s=96&d=identicon&r=g","caption":"Jonas Follonier"},"description":"Bundeshauskorrespondent f\u00fcr \u00abL'Agefi\u00bb, Singer-Songwriter, Jonas Follonier ist Gr\u00fcnder und Chefredakteur von \u00abRegard Libre\u00bb.","sameAs":["https:\/\/www.facebook.com\/jonas.follonier\/","https:\/\/www.instagram.com\/jonasfollonier\/","https:\/\/www.linkedin.com\/in\/jonasfollonier\/","https:\/\/fr.wikipedia.org\/wiki\/Le_Regard_libre"],"url":"https:\/\/leregardlibre.com\/de\/author\/jonas-follonier\/"}]}},"_links":{"self":[{"href":"https:\/\/leregardlibre.com\/de\/wp-json\/wp\/v2\/posts\/29254","targetHints":{"allow":["GET"]}}],"collection":[{"href":"https:\/\/leregardlibre.com\/de\/wp-json\/wp\/v2\/posts"}],"about":[{"href":"https:\/\/leregardlibre.com\/de\/wp-json\/wp\/v2\/types\/post"}],"author":[{"embeddable":true,"href":"https:\/\/leregardlibre.com\/de\/wp-json\/wp\/v2\/users\/138"}],"replies":[{"embeddable":true,"href":"https:\/\/leregardlibre.com\/de\/wp-json\/wp\/v2\/comments?post=29254"}],"version-history":[{"count":2,"href":"https:\/\/leregardlibre.com\/de\/wp-json\/wp\/v2\/posts\/29254\/revisions"}],"predecessor-version":[{"id":516719,"href":"https:\/\/leregardlibre.com\/de\/wp-json\/wp\/v2\/posts\/29254\/revisions\/516719"}],"wp:attachment":[{"href":"https:\/\/leregardlibre.com\/de\/wp-json\/wp\/v2\/media?parent=29254"}],"wp:term":[{"taxonomy":"category","embeddable":true,"href":"https:\/\/leregardlibre.com\/de\/wp-json\/wp\/v2\/categories?post=29254"},{"taxonomy":"post_tag","embeddable":true,"href":"https:\/\/leregardlibre.com\/de\/wp-json\/wp\/v2\/tags?post=29254"}],"curies":[{"name":"wp","href":"https:\/\/api.w.org\/{rel}","templated":true}]}}