{"id":3010,"date":"2016-11-10T12:08:35","date_gmt":"2016-11-10T11:08:35","guid":{"rendered":"http:\/\/leregardlibre.com\/?p=3010"},"modified":"2025-12-04T23:02:33","modified_gmt":"2025-12-04T22:02:33","slug":"die-letzten-kinobesuche","status":"publish","type":"post","link":"https:\/\/leregardlibre.com\/de\/kino\/filme\/die-letzten-kinobesuche\/","title":{"rendered":"Die neuesten Kinostarts"},"content":{"rendered":"<p><em>Unver\u00f6ffentlichter Artikel - Jonas Follonier<\/em><\/p>\n<p>Die letzten Kinostarts boten ein breites Spektrum an Stimmungen, Bildern und Drehb\u00fcchern... Loris S. Musumeci ver\u00f6ffentlichte in unserer Novemberausgabe eine <a href=\"\/de\/_wp_link_placeholder\/\" data-wplink-edit=\"true\">sehr positive Kritik<\/a> von <em>Steinkrankheit<\/em>. Drei weitere Filme, die derzeit in den Kinos laufen, sind ebenfalls sehenswert.<\/p>\n<p><strong><em><img decoding=\"async\" class=\"wp-image-3081 alignleft\" src=\"http:\/\/leregardlibre.com\/wp-content\/uploads\/2016\/11\/le-ciel-attendra.jpg\" alt=\"der-himmel-wartet-auf\" width=\"162\" height=\"162\" srcset=\"https:\/\/leregardlibre.com\/wp-content\/uploads\/2016\/11\/le-ciel-attendra.jpg 300w, https:\/\/leregardlibre.com\/wp-content\/uploads\/2016\/11\/le-ciel-attendra-150x150.jpg 150w, https:\/\/leregardlibre.com\/wp-content\/uploads\/2016\/11\/le-ciel-attendra-200x200.jpg 200w, https:\/\/leregardlibre.com\/wp-content\/uploads\/2016\/11\/le-ciel-attendra-100x100.jpg 100w\" sizes=\"(max-width: 162px) 100vw, 162px\" \/>Der Himmel wird warten (10\/10)<\/em><\/strong> - Dieses franz\u00f6sische Drama ist in erster Linie ein gro\u00dfes k\u00fcnstlerisches Werk: Die \u00c4sthetik stimmt mit talentierten Schauspielern, einem perfekten Drehbuch und einer perfekten Regie von Marie-Castile Mention sowie einer bemerkenswerten Musik \u00fcberein. Zweitens ist es ein aktueller und universeller Film: Das Thema der islamistischen Radikalisierung junger Franz\u00f6sinnen (Musliminnen oder Nicht-Musliminnen) wird auf ersch\u00fctternde Weise behandelt. Und schlie\u00dflich ist es ein Film, der sich nicht zu sehr engagiert, denn er l\u00e4sst aus diesen Trag\u00f6dien nur ein Gef\u00fchl des v\u00f6lligen Unverst\u00e4ndnisses entstehen, das von Sandrine Bonnaire, Zinedine Soualem und Clotilde Courau wunderbar dargestellt wird.<!--more--><\/p>\n<p><em><strong><img decoding=\"async\" class=\"wp-image-3084 alignleft\" src=\"http:\/\/leregardlibre.com\/wp-content\/uploads\/2016\/11\/ma-vie-de-courgette.jpg\" alt=\"ma-vie-de-courgette\" width=\"162\" height=\"219\" srcset=\"https:\/\/leregardlibre.com\/wp-content\/uploads\/2016\/11\/ma-vie-de-courgette.jpg 215w, https:\/\/leregardlibre.com\/wp-content\/uploads\/2016\/11\/ma-vie-de-courgette-111x150.jpg 111w\" sizes=\"(max-width: 162px) 100vw, 162px\" \/>Mein Leben als Zucchini (9\/10)<\/strong><\/em> - Lassen Sie sich nicht vom Titel t\u00e4uschen: Courgette ist nur der Name, oder besser gesagt der Spitzname, der Hauptfigur dieses Animationsfilms von Claude Barras. Dieser Spitzname sagt viel \u00fcber den Lebensschmerz des jungen Charakters aus, der seinen Vater verloren und seine Mutter ohne Absicht get\u00f6tet hat. Abgesehen von der r\u00fchrenden Geschichte, in deren Mittelpunkt eine Gruppe von Waisenkindern, das Personal der Sonderschule und ein Polizist stehen, verl\u00e4sst die Atmosph\u00e4re des Zeichentrickfilms, der \u00abim alten Stil\u00bb gedreht wurde und dessen Modelle bis zum 2. April 2017 im Mus\u00e9e Miniature et Cin\u00e9ma in Lyon ausgestellt sind, die ausgetretenen Pfade und l\u00e4sst uns (wieder) eintauchen, und zwar nicht in <em>unsere<\/em> Kindheit, aber in <em>eine andere<\/em> Kindheit.<\/p>\n<p><strong><em><img decoding=\"async\" class=\"wp-image-3086 alignleft\" src=\"http:\/\/leregardlibre.com\/wp-content\/uploads\/2016\/11\/the-girl-on-the-train.jpg\" alt=\"the-girl-on-the-train\" width=\"162\" height=\"239\" srcset=\"https:\/\/leregardlibre.com\/wp-content\/uploads\/2016\/11\/the-girl-on-the-train.jpg 182w, https:\/\/leregardlibre.com\/wp-content\/uploads\/2016\/11\/the-girl-on-the-train-102x150.jpg 102w\" sizes=\"(max-width: 162px) 100vw, 162px\" \/>Das M\u00e4dchen im Zug (7\/10)<\/em><\/strong> - \u00abWenn Sie in einem Zug sitzen, haben Sie dann jemals \u00fcber das Leben anderer Menschen nachgedacht?\u00bb Es ist nicht der beste Film, den ich in den letzten Tagen gesehen habe, aber dieser Thriller ist ein ma\u00dfvoller Thriller, nicht zu gruselig und nicht zu blutig, was in unserer Zeit, in der Gewalt sehr, sehr pr\u00e4sent ist, gut tut. In diesem amerikanischen Werk von Tate Taylor nach einem <em>Bestseller<\/em>, Die Poesie der Angst gewinnt die Oberhand. Der Film ist zwar fad, aber diese Fadheit fesselt den Zuschauer. Sie l\u00e4sst uns in die Handlung eindringen, als w\u00e4ren wir ein Kieselstein auf der Wiese in dem Viertel, in dem die Handlung stattfindet. Ein kleiner Wermutstropfen ist das Ende, das zum Teil relativ vorhersehbar ist.<\/p>\n<p>Auf in die Kinos!<\/p>\n<p><em>Schreiben Sie dem Autor: <a href=\"mailto:jonas.follonier@leregardlibre.com\">jonas.follonier@leregardlibre.com<\/a><\/em><\/p>","protected":false},"excerpt":{"rendered":"<p>Article in\u00e9dit &#8211; Jonas Follonier Les derni\u00e8res sorties cin\u00e9matographiques ont offert un large panel d&#8217;ambiances, d&#8217;images, de sc\u00e9narios&#8230; Loris S&#8230;.<\/p>","protected":false},"author":138,"featured_media":3086,"comment_status":"open","ping_status":"open","sticky":false,"template":"","format":"standard","meta":{"_acf_changed":false,"footnotes":""},"categories":[644355829],"tags":[28533714,644341146,6547019],"class_list":["post-3010","post","type-post","status-publish","format-standard","has-post-thumbnail","hentry","category-films","tag-claude-barras","tag-critiques-cinema","tag-tate-taylor"],"acf":[],"yoast_head":"<!-- This site is optimized with the Yoast SEO Premium plugin v27.4 (Yoast SEO v27.4) - https:\/\/yoast.com\/product\/yoast-seo-premium-wordpress\/ -->\n<title>Les derni\u00e8res sorties cin\u00e9ma<\/title>\n<meta name=\"robots\" content=\"index, follow, max-snippet:-1, max-image-preview:large, max-video-preview:-1\" \/>\n<link rel=\"canonical\" href=\"https:\/\/leregardlibre.com\/de\/kino\/filme\/die-letzten-kinobesuche\/\" \/>\n<meta property=\"og:locale\" content=\"de_DE\" \/>\n<meta property=\"og:type\" content=\"article\" \/>\n<meta property=\"og:title\" content=\"Les derni\u00e8res sorties cin\u00e9ma\" \/>\n<meta property=\"og:description\" content=\"Article in\u00e9dit - Jonas Follonier Les derni\u00e8res sorties cin\u00e9matographiques ont offert un large panel d&#039;ambiances, d&#039;images, de sc\u00e9narios... Loris S....\" \/>\n<meta property=\"og:url\" content=\"https:\/\/leregardlibre.com\/de\/kino\/filme\/die-letzten-kinobesuche\/\" \/>\n<meta property=\"og:site_name\" content=\"Le Regard Libre\" \/>\n<meta property=\"article:publisher\" content=\"https:\/\/www.facebook.com\/leregardlibre\/\" \/>\n<meta property=\"article:author\" content=\"https:\/\/www.facebook.com\/jonas.follonier\/\" \/>\n<meta property=\"article:published_time\" content=\"2016-11-10T11:08:35+00:00\" \/>\n<meta property=\"article:modified_time\" content=\"2025-12-04T22:02:33+00:00\" \/>\n<meta property=\"og:image\" content=\"https:\/\/leregardlibre.com\/wp-content\/uploads\/2016\/11\/the-girl-on-the-train.jpg\" \/>\n\t<meta property=\"og:image:width\" content=\"182\" \/>\n\t<meta property=\"og:image:height\" content=\"268\" \/>\n\t<meta property=\"og:image:type\" content=\"image\/jpeg\" \/>\n<meta name=\"author\" content=\"Jonas Follonier\" \/>\n<meta name=\"twitter:card\" content=\"summary_large_image\" \/>\n<meta name=\"twitter:creator\" content=\"@LeRegardLibre\" \/>\n<meta name=\"twitter:site\" content=\"@LeRegardLibre\" \/>\n<meta name=\"twitter:label1\" content=\"Verfasst von\" \/>\n\t<meta name=\"twitter:data1\" content=\"Jonas Follonier\" \/>\n\t<meta name=\"twitter:label2\" content=\"Gesch\u00e4tzte Lesezeit\" \/>\n\t<meta name=\"twitter:data2\" content=\"2\u00a0Minuten\" \/>\n<script type=\"application\/ld+json\" class=\"yoast-schema-graph\">{\"@context\":\"https:\\\/\\\/schema.org\",\"@graph\":[{\"@type\":\"Article\",\"@id\":\"https:\\\/\\\/leregardlibre.com\\\/cinema\\\/films\\\/les-dernieres-sorties-cinema\\\/#article\",\"isPartOf\":{\"@id\":\"https:\\\/\\\/leregardlibre.com\\\/cinema\\\/films\\\/les-dernieres-sorties-cinema\\\/\"},\"author\":{\"name\":\"Jonas Follonier\",\"@id\":\"https:\\\/\\\/leregardlibre.com\\\/#\\\/schema\\\/person\\\/bfe5aa794a23be71485d60e2d93ec0d2\"},\"headline\":\"Les derni\u00e8res sorties cin\u00e9ma\",\"datePublished\":\"2016-11-10T11:08:35+00:00\",\"dateModified\":\"2025-12-04T22:02:33+00:00\",\"mainEntityOfPage\":{\"@id\":\"https:\\\/\\\/leregardlibre.com\\\/cinema\\\/films\\\/les-dernieres-sorties-cinema\\\/\"},\"wordCount\":455,\"commentCount\":0,\"publisher\":{\"@id\":\"https:\\\/\\\/leregardlibre.com\\\/#organization\"},\"image\":{\"@id\":\"https:\\\/\\\/leregardlibre.com\\\/cinema\\\/films\\\/les-dernieres-sorties-cinema\\\/#primaryimage\"},\"thumbnailUrl\":\"https:\\\/\\\/leregardlibre.com\\\/wp-content\\\/uploads\\\/2016\\\/11\\\/the-girl-on-the-train.jpg\",\"keywords\":[\"Claude Barras\",\"Critique cin\u00e9ma\",\"Tate Taylor\"],\"articleSection\":[\"Films\"],\"inLanguage\":\"de\",\"potentialAction\":[{\"@type\":\"CommentAction\",\"name\":\"Comment\",\"target\":[\"https:\\\/\\\/leregardlibre.com\\\/cinema\\\/films\\\/les-dernieres-sorties-cinema\\\/#respond\"]}]},{\"@type\":\"WebPage\",\"@id\":\"https:\\\/\\\/leregardlibre.com\\\/cinema\\\/films\\\/les-dernieres-sorties-cinema\\\/\",\"url\":\"https:\\\/\\\/leregardlibre.com\\\/cinema\\\/films\\\/les-dernieres-sorties-cinema\\\/\",\"name\":\"Les derni\u00e8res sorties cin\u00e9ma\",\"isPartOf\":{\"@id\":\"https:\\\/\\\/leregardlibre.com\\\/#website\"},\"primaryImageOfPage\":{\"@id\":\"https:\\\/\\\/leregardlibre.com\\\/cinema\\\/films\\\/les-dernieres-sorties-cinema\\\/#primaryimage\"},\"image\":{\"@id\":\"https:\\\/\\\/leregardlibre.com\\\/cinema\\\/films\\\/les-dernieres-sorties-cinema\\\/#primaryimage\"},\"thumbnailUrl\":\"https:\\\/\\\/leregardlibre.com\\\/wp-content\\\/uploads\\\/2016\\\/11\\\/the-girl-on-the-train.jpg\",\"datePublished\":\"2016-11-10T11:08:35+00:00\",\"dateModified\":\"2025-12-04T22:02:33+00:00\",\"breadcrumb\":{\"@id\":\"https:\\\/\\\/leregardlibre.com\\\/cinema\\\/films\\\/les-dernieres-sorties-cinema\\\/#breadcrumb\"},\"inLanguage\":\"de\",\"potentialAction\":[{\"@type\":\"ReadAction\",\"target\":[\"https:\\\/\\\/leregardlibre.com\\\/cinema\\\/films\\\/les-dernieres-sorties-cinema\\\/\"]}]},{\"@type\":\"ImageObject\",\"inLanguage\":\"de\",\"@id\":\"https:\\\/\\\/leregardlibre.com\\\/cinema\\\/films\\\/les-dernieres-sorties-cinema\\\/#primaryimage\",\"url\":\"https:\\\/\\\/leregardlibre.com\\\/wp-content\\\/uploads\\\/2016\\\/11\\\/the-girl-on-the-train.jpg\",\"contentUrl\":\"https:\\\/\\\/leregardlibre.com\\\/wp-content\\\/uploads\\\/2016\\\/11\\\/the-girl-on-the-train.jpg\",\"width\":182,\"height\":268},{\"@type\":\"BreadcrumbList\",\"@id\":\"https:\\\/\\\/leregardlibre.com\\\/cinema\\\/films\\\/les-dernieres-sorties-cinema\\\/#breadcrumb\",\"itemListElement\":[{\"@type\":\"ListItem\",\"position\":1,\"name\":\"Accueil\",\"item\":\"https:\\\/\\\/leregardlibre.com\\\/\"},{\"@type\":\"ListItem\",\"position\":2,\"name\":\"Les derni\u00e8res sorties cin\u00e9ma\"}]},{\"@type\":\"WebSite\",\"@id\":\"https:\\\/\\\/leregardlibre.com\\\/#website\",\"url\":\"https:\\\/\\\/leregardlibre.com\\\/\",\"name\":\"Le Regard Libre\",\"description\":\"Premier mensuel suisse de d\u00e9bat\",\"publisher\":{\"@id\":\"https:\\\/\\\/leregardlibre.com\\\/#organization\"},\"potentialAction\":[{\"@type\":\"SearchAction\",\"target\":{\"@type\":\"EntryPoint\",\"urlTemplate\":\"https:\\\/\\\/leregardlibre.com\\\/?s={search_term_string}\"},\"query-input\":{\"@type\":\"PropertyValueSpecification\",\"valueRequired\":true,\"valueName\":\"search_term_string\"}}],\"inLanguage\":\"de\"},{\"@type\":\"Organization\",\"@id\":\"https:\\\/\\\/leregardlibre.com\\\/#organization\",\"name\":\"Le Regard Libre\",\"url\":\"https:\\\/\\\/leregardlibre.com\\\/\",\"logo\":{\"@type\":\"ImageObject\",\"inLanguage\":\"de\",\"@id\":\"https:\\\/\\\/leregardlibre.com\\\/#\\\/schema\\\/logo\\\/image\\\/\",\"url\":\"https:\\\/\\\/leregardlibre.com\\\/wp-content\\\/uploads\\\/2025\\\/08\\\/logo-rl-icone-neg.jpeg\",\"contentUrl\":\"https:\\\/\\\/leregardlibre.com\\\/wp-content\\\/uploads\\\/2025\\\/08\\\/logo-rl-icone-neg.jpeg\",\"width\":557,\"height\":556,\"caption\":\"Le Regard Libre\"},\"image\":{\"@id\":\"https:\\\/\\\/leregardlibre.com\\\/#\\\/schema\\\/logo\\\/image\\\/\"},\"sameAs\":[\"https:\\\/\\\/www.facebook.com\\\/leregardlibre\\\/\",\"https:\\\/\\\/x.com\\\/LeRegardLibre\",\"https:\\\/\\\/www.linkedin.com\\\/company\\\/le-regard-libre\",\"https:\\\/\\\/www.instagram.com\\\/leregardlibre\\\/\",\"http:\\\/\\\/t.me\\\/leregardlibre\",\"https:\\\/\\\/youtube.com\\\/channel\\\/UC6HzGPomj1LsUmlz-sJtITQ\"],\"description\":\"Le Regard Libre est un mensuel suisse de d\u00e9bat intellectuel et culturel. Sa r\u00e9daction est jeune, b\u00e9n\u00e9vole, lib\u00e9rale et pluraliste. Le magazine para\u00eet en ligne et sous forme papier. Sa langue est le fran\u00e7ais.\",\"email\":\"redaction@leregardlibre.com\",\"legalName\":\"Le Regard Libre\",\"foundingDate\":\"2014-01-01\",\"numberOfEmployees\":{\"@type\":\"QuantitativeValue\",\"minValue\":\"11\",\"maxValue\":\"50\"},\"publishingPrinciples\":\"https:\\\/\\\/leregardlibre.com\\\/a-propos\\\/notre-manifeste\\\/\",\"ownershipFundingInfo\":\"https:\\\/\\\/leregardlibre.com\\\/mentions-legales\\\/\",\"actionableFeedbackPolicy\":\"https:\\\/\\\/leregardlibre.com\\\/conditions-generales-de-vente\\\/\"},{\"@type\":\"Person\",\"@id\":\"https:\\\/\\\/leregardlibre.com\\\/#\\\/schema\\\/person\\\/bfe5aa794a23be71485d60e2d93ec0d2\",\"name\":\"Jonas Follonier\",\"image\":{\"@type\":\"ImageObject\",\"inLanguage\":\"de\",\"@id\":\"https:\\\/\\\/secure.gravatar.com\\\/avatar\\\/602060b40f6a458420c2d140f49b6caea99152ce6704f2c332e5a0c5aad80303?s=96&d=identicon&r=g\",\"url\":\"https:\\\/\\\/secure.gravatar.com\\\/avatar\\\/602060b40f6a458420c2d140f49b6caea99152ce6704f2c332e5a0c5aad80303?s=96&d=identicon&r=g\",\"contentUrl\":\"https:\\\/\\\/secure.gravatar.com\\\/avatar\\\/602060b40f6a458420c2d140f49b6caea99152ce6704f2c332e5a0c5aad80303?s=96&d=identicon&r=g\",\"caption\":\"Jonas Follonier\"},\"description\":\"Correspondant au Palais f\u00e9d\u00e9ral pour \u00abL\u2019Agefi\u00bb, auteur-compositeur-interpr\u00e8te et essayiste, Jonas Follonier est le fondateur et r\u00e9dacteur en chef du \u00abRegard Libre\u00bb.\",\"sameAs\":[\"https:\\\/\\\/www.facebook.com\\\/jonas.follonier\\\/\",\"https:\\\/\\\/www.instagram.com\\\/jonasfollonier\\\/\",\"https:\\\/\\\/www.linkedin.com\\\/in\\\/jonasfollonier\\\/\",\"https:\\\/\\\/fr.wikipedia.org\\\/wiki\\\/Le_Regard_libre\"],\"url\":\"https:\\\/\\\/leregardlibre.com\\\/de\\\/author\\\/jonas-follonier\\\/\"}]}<\/script>\n<!-- \/ Yoast SEO Premium plugin. -->","yoast_head_json":{"title":"Die neuesten Kinostarts","robots":{"index":"index","follow":"follow","max-snippet":"max-snippet:-1","max-image-preview":"max-image-preview:large","max-video-preview":"max-video-preview:-1"},"canonical":"https:\/\/leregardlibre.com\/de\/kino\/filme\/die-letzten-kinobesuche\/","og_locale":"de_DE","og_type":"article","og_title":"Les derni\u00e8res sorties cin\u00e9ma","og_description":"Article in\u00e9dit - Jonas Follonier Les derni\u00e8res sorties cin\u00e9matographiques ont offert un large panel d'ambiances, d'images, de sc\u00e9narios... Loris S....","og_url":"https:\/\/leregardlibre.com\/de\/kino\/filme\/die-letzten-kinobesuche\/","og_site_name":"Le Regard Libre","article_publisher":"https:\/\/www.facebook.com\/leregardlibre\/","article_author":"https:\/\/www.facebook.com\/jonas.follonier\/","article_published_time":"2016-11-10T11:08:35+00:00","article_modified_time":"2025-12-04T22:02:33+00:00","og_image":[{"width":182,"height":268,"url":"https:\/\/leregardlibre.com\/wp-content\/uploads\/2016\/11\/the-girl-on-the-train.jpg","type":"image\/jpeg"}],"author":"Jonas Follonier","twitter_card":"summary_large_image","twitter_creator":"@LeRegardLibre","twitter_site":"@LeRegardLibre","twitter_misc":{"Verfasst von":"Jonas Follonier","Gesch\u00e4tzte Lesezeit":"2\u00a0Minuten"},"schema":{"@context":"https:\/\/schema.org","@graph":[{"@type":"Article","@id":"https:\/\/leregardlibre.com\/cinema\/films\/les-dernieres-sorties-cinema\/#article","isPartOf":{"@id":"https:\/\/leregardlibre.com\/cinema\/films\/les-dernieres-sorties-cinema\/"},"author":{"name":"Jonas Follonier","@id":"https:\/\/leregardlibre.com\/#\/schema\/person\/bfe5aa794a23be71485d60e2d93ec0d2"},"headline":"Les derni\u00e8res sorties cin\u00e9ma","datePublished":"2016-11-10T11:08:35+00:00","dateModified":"2025-12-04T22:02:33+00:00","mainEntityOfPage":{"@id":"https:\/\/leregardlibre.com\/cinema\/films\/les-dernieres-sorties-cinema\/"},"wordCount":455,"commentCount":0,"publisher":{"@id":"https:\/\/leregardlibre.com\/#organization"},"image":{"@id":"https:\/\/leregardlibre.com\/cinema\/films\/les-dernieres-sorties-cinema\/#primaryimage"},"thumbnailUrl":"https:\/\/leregardlibre.com\/wp-content\/uploads\/2016\/11\/the-girl-on-the-train.jpg","keywords":["Claude Barras","Critique cin\u00e9ma","Tate Taylor"],"articleSection":["Films"],"inLanguage":"de","potentialAction":[{"@type":"CommentAction","name":"Comment","target":["https:\/\/leregardlibre.com\/cinema\/films\/les-dernieres-sorties-cinema\/#respond"]}]},{"@type":"WebPage","@id":"https:\/\/leregardlibre.com\/cinema\/films\/les-dernieres-sorties-cinema\/","url":"https:\/\/leregardlibre.com\/cinema\/films\/les-dernieres-sorties-cinema\/","name":"Die neuesten Kinostarts","isPartOf":{"@id":"https:\/\/leregardlibre.com\/#website"},"primaryImageOfPage":{"@id":"https:\/\/leregardlibre.com\/cinema\/films\/les-dernieres-sorties-cinema\/#primaryimage"},"image":{"@id":"https:\/\/leregardlibre.com\/cinema\/films\/les-dernieres-sorties-cinema\/#primaryimage"},"thumbnailUrl":"https:\/\/leregardlibre.com\/wp-content\/uploads\/2016\/11\/the-girl-on-the-train.jpg","datePublished":"2016-11-10T11:08:35+00:00","dateModified":"2025-12-04T22:02:33+00:00","breadcrumb":{"@id":"https:\/\/leregardlibre.com\/cinema\/films\/les-dernieres-sorties-cinema\/#breadcrumb"},"inLanguage":"de","potentialAction":[{"@type":"ReadAction","target":["https:\/\/leregardlibre.com\/cinema\/films\/les-dernieres-sorties-cinema\/"]}]},{"@type":"ImageObject","inLanguage":"de","@id":"https:\/\/leregardlibre.com\/cinema\/films\/les-dernieres-sorties-cinema\/#primaryimage","url":"https:\/\/leregardlibre.com\/wp-content\/uploads\/2016\/11\/the-girl-on-the-train.jpg","contentUrl":"https:\/\/leregardlibre.com\/wp-content\/uploads\/2016\/11\/the-girl-on-the-train.jpg","width":182,"height":268},{"@type":"BreadcrumbList","@id":"https:\/\/leregardlibre.com\/cinema\/films\/les-dernieres-sorties-cinema\/#breadcrumb","itemListElement":[{"@type":"ListItem","position":1,"name":"Accueil","item":"https:\/\/leregardlibre.com\/"},{"@type":"ListItem","position":2,"name":"Les derni\u00e8res sorties cin\u00e9ma"}]},{"@type":"WebSite","@id":"https:\/\/leregardlibre.com\/#website","url":"https:\/\/leregardlibre.com\/","name":"Le Regard Libre","description":"Erste Schweizer Monatszeitschrift f\u00fcr Debatten","publisher":{"@id":"https:\/\/leregardlibre.com\/#organization"},"potentialAction":[{"@type":"SearchAction","target":{"@type":"EntryPoint","urlTemplate":"https:\/\/leregardlibre.com\/?s={search_term_string}"},"query-input":{"@type":"PropertyValueSpecification","valueRequired":true,"valueName":"search_term_string"}}],"inLanguage":"de"},{"@type":"Organization","@id":"https:\/\/leregardlibre.com\/#organization","name":"Le Regard Libre","url":"https:\/\/leregardlibre.com\/","logo":{"@type":"ImageObject","inLanguage":"de","@id":"https:\/\/leregardlibre.com\/#\/schema\/logo\/image\/","url":"https:\/\/leregardlibre.com\/wp-content\/uploads\/2025\/08\/logo-rl-icone-neg.jpeg","contentUrl":"https:\/\/leregardlibre.com\/wp-content\/uploads\/2025\/08\/logo-rl-icone-neg.jpeg","width":557,"height":556,"caption":"Le Regard Libre"},"image":{"@id":"https:\/\/leregardlibre.com\/#\/schema\/logo\/image\/"},"sameAs":["https:\/\/www.facebook.com\/leregardlibre\/","https:\/\/x.com\/LeRegardLibre","https:\/\/www.linkedin.com\/company\/le-regard-libre","https:\/\/www.instagram.com\/leregardlibre\/","http:\/\/t.me\/leregardlibre","https:\/\/youtube.com\/channel\/UC6HzGPomj1LsUmlz-sJtITQ"],"description":"Le Regard Libre ist eine Schweizer Monatszeitschrift f\u00fcr intellektuelle und kulturelle Debatten. Seine Redaktion ist jung, ehrenamtlich, liberal und pluralistisch. Das Magazin erscheint online und in gedruckter Form. Seine Sprache ist Franz\u00f6sisch.","email":"redaction@leregardlibre.com","legalName":"Le Regard Libre","foundingDate":"2014-01-01","numberOfEmployees":{"@type":"QuantitativeValue","minValue":"11","maxValue":"50"},"publishingPrinciples":"https:\/\/leregardlibre.com\/a-propos\/notre-manifeste\/","ownershipFundingInfo":"https:\/\/leregardlibre.com\/mentions-legales\/","actionableFeedbackPolicy":"https:\/\/leregardlibre.com\/conditions-generales-de-vente\/"},{"@type":"Person","@id":"https:\/\/leregardlibre.com\/#\/schema\/person\/bfe5aa794a23be71485d60e2d93ec0d2","name":"Jonas Follonier","image":{"@type":"ImageObject","inLanguage":"de","@id":"https:\/\/secure.gravatar.com\/avatar\/602060b40f6a458420c2d140f49b6caea99152ce6704f2c332e5a0c5aad80303?s=96&d=identicon&r=g","url":"https:\/\/secure.gravatar.com\/avatar\/602060b40f6a458420c2d140f49b6caea99152ce6704f2c332e5a0c5aad80303?s=96&d=identicon&r=g","contentUrl":"https:\/\/secure.gravatar.com\/avatar\/602060b40f6a458420c2d140f49b6caea99152ce6704f2c332e5a0c5aad80303?s=96&d=identicon&r=g","caption":"Jonas Follonier"},"description":"Bundeshauskorrespondent f\u00fcr \u00abL'Agefi\u00bb, Singer-Songwriter, Jonas Follonier ist Gr\u00fcnder und Chefredakteur von \u00abRegard Libre\u00bb.","sameAs":["https:\/\/www.facebook.com\/jonas.follonier\/","https:\/\/www.instagram.com\/jonasfollonier\/","https:\/\/www.linkedin.com\/in\/jonasfollonier\/","https:\/\/fr.wikipedia.org\/wiki\/Le_Regard_libre"],"url":"https:\/\/leregardlibre.com\/de\/author\/jonas-follonier\/"}]}},"_links":{"self":[{"href":"https:\/\/leregardlibre.com\/de\/wp-json\/wp\/v2\/posts\/3010","targetHints":{"allow":["GET"]}}],"collection":[{"href":"https:\/\/leregardlibre.com\/de\/wp-json\/wp\/v2\/posts"}],"about":[{"href":"https:\/\/leregardlibre.com\/de\/wp-json\/wp\/v2\/types\/post"}],"author":[{"embeddable":true,"href":"https:\/\/leregardlibre.com\/de\/wp-json\/wp\/v2\/users\/138"}],"replies":[{"embeddable":true,"href":"https:\/\/leregardlibre.com\/de\/wp-json\/wp\/v2\/comments?post=3010"}],"version-history":[{"count":2,"href":"https:\/\/leregardlibre.com\/de\/wp-json\/wp\/v2\/posts\/3010\/revisions"}],"predecessor-version":[{"id":509672,"href":"https:\/\/leregardlibre.com\/de\/wp-json\/wp\/v2\/posts\/3010\/revisions\/509672"}],"wp:featuredmedia":[{"embeddable":true,"href":"https:\/\/leregardlibre.com\/de\/wp-json\/wp\/v2\/media\/3086"}],"wp:attachment":[{"href":"https:\/\/leregardlibre.com\/de\/wp-json\/wp\/v2\/media?parent=3010"}],"wp:term":[{"taxonomy":"category","embeddable":true,"href":"https:\/\/leregardlibre.com\/de\/wp-json\/wp\/v2\/categories?post=3010"},{"taxonomy":"post_tag","embeddable":true,"href":"https:\/\/leregardlibre.com\/de\/wp-json\/wp\/v2\/tags?post=3010"}],"curies":[{"name":"wp","href":"https:\/\/api.w.org\/{rel}","templated":true}]}}