{"id":30309,"date":"2020-01-15T19:30:44","date_gmt":"2020-01-15T18:30:44","guid":{"rendered":"https:\/\/leregardlibre.com\/?p=30309"},"modified":"2025-12-04T22:29:35","modified_gmt":"2025-12-04T21:29:35","slug":"apres-amercian-beauty-et-skyfall-sam-mendes-nous-epate-avec-1917","status":"publish","type":"post","link":"https:\/\/leregardlibre.com\/de\/kino\/filme\/apres-amercian-beauty-et-skyfall-sam-mendes-nous-epate-avec-1917\/","title":{"rendered":"Nach \u00abAmerican Beauty\u00bb und \u00abSkyfall\u00bb verbl\u00fcfft uns Sam Mendes mit \u00ab1917\u00bb.\u00bb"},"content":{"rendered":"<p><em>Mittwochs im Kino - Loris S. Musumeci<\/em><\/p>\n\n\n\n<blockquote class=\"wp-block-quote is-layout-flow wp-block-quote-is-layout-flow\"><p>\u00abZum Ruhm oder zum Leichentuch, schneller reist, wer allein geht.\u00bb<\/p><\/blockquote>\n\n\n\n<p class=\"has-drop-cap\">6. April 1917. Die britische Armee hat M\u00e4nner in Frankreich stationiert. Der Gefreite Blake befindet sich in einer explosiven Zone: an der Frontlinie der deutschen Vorst\u00f6\u00dfe. Wer seinen Kopf aus dem Sch\u00fctzengraben streckt, wird abgehackt. Und doch muss er aus diesen Gr\u00e4ben herauskommen. Direkter Befehl von General Erinemore. Nachdem er einen Kameraden, den Gefreiten Schofield, ausw\u00e4hlen musste, wird ihm die Tragweite dieser Mission mitgeteilt, die alles andere als unm\u00f6glich ist.<\/p>\n\n\n\n<!--more Lire la suite de la critique-->\n\n\n\n<figure class=\"wp-block-embed-youtube wp-block-embed is-type-video is-provider-youtube wp-embed-aspect-16-9 wp-has-aspect-ratio\"><div class=\"wp-block-embed__wrapper\">\n<iframe title=\"1917 - Bande-annonce Officielle VF [Au cin\u00e9ma le 15 janvier]\" width=\"1000\" height=\"563\" src=\"https:\/\/www.youtube.com\/embed\/AzWSHM9rYCo?feature=oembed\" frameborder=\"0\" allow=\"accelerometer; autoplay; clipboard-write; encrypted-media; gyroscope; picture-in-picture; web-share\" referrerpolicy=\"strict-origin-when-cross-origin\" allowfullscreen><\/iframe>\n<\/div><\/figure>\n\n\n\n<p>Sortir des tranch\u00e9es, certes, mais traverser le territoire ennemi pour porter un message \u00e0 un autre bataillon, qui se pr\u00e9pare \u00e0 envoyer le lendemain, \u00e0 l\u2019aube, 1600 soldats \u00e0 la mort. Pi\u00e8ge des Allemands; qui ont d\u2019ailleurs bien pens\u00e9 \u00e0 rendre impossible toute communication entre les diff\u00e9rents bataillons. Le seul moyen d\u2019\u00e9viter le massacre, c\u2019est d\u2019envoyer deux hommes \u00e0 pieds. Ordre de g\u00e9n\u00e9ral, oui, mais \u00e0 quoi bon courir vers&nbsp;une mort quasi certaine? Dans ce bataillon qui se pr\u00e9pare \u00e0 \u00eatre d\u00e9cim\u00e9, il y a le fr\u00e8re du caporal Blake: le lieutenant Blake. Les caporaux se lancent, la peur au ventre, le courage au c\u0153ur.<\/p>\n\n\n\n<h3 class=\"wp-block-heading\">Un regard diff\u00e9rent<\/h3>\n\n\n\n<p>Sam Mendes n\u2019a pas vis\u00e9 l\u2019originalit\u00e9, du moins pour le sujet. M\u00eame si, premi\u00e8re ou seconde Guerre mondiale que ce soit, le th\u00e8me n\u2019est jamais vraiment \u00e9puis\u00e9. Derri\u00e8re les maintes redites, il y a un regard diff\u00e9rent. Qui rend par l\u00e0 l\u2019\u0153uvre int\u00e9ressante. <em>1917<\/em> est int\u00e9ressant. M\u00eame tr\u00e8s int\u00e9ressant. Et prenant, \u00e9mouvant. Et spectaculaire, \u00e9prouvant. Et angoissant, \u00e9patant. Quel film!<\/p>\n\n\n\n<p>Au niveau formel, le travail cr\u00e9atif de la r\u00e9alisation saute aux yeux. D\u00e9j\u00e0 par le fait que tout le long-m\u00e9trage est construit en une s\u00e9rie de plan-s\u00e9quences. C\u2019est pour cette raison qu\u2019on a l\u2019impression que la cam\u00e9ra ne l\u00e2che jamais d\u2019une semelle les deux personnages principaux. C\u2019est pour cette raison que le spectateur les suit \u00e0 son tour, d\u00e9couvrant toujours apr\u00e8s eux les p\u00e9rils qui les attendent. Quand la cam\u00e9ra est derri\u00e8re l\u2019un des caporaux, elle laisse planer le myst\u00e8re \u00e0 chaque angle. Quand elle est devant, face au canon du fusil, elle ignore tout; elle se concentre sur l\u2019expression du visage du personnage qui risque sa vie.<\/p>\n\n\n\n<figure class=\"wp-block-image size-large\"><img decoding=\"async\" src=\"http:\/\/leregardlibre.com\/wp-content\/uploads\/2020\/01\/1917-Szenen-ov-05-Scene-Picture-1-1.jpg\" alt=\"\" class=\"wp-image-30314\"\/><figcaption>\u00a9&nbsp;Universal Pictures International Switzerland<\/figcaption><\/figure>\n\n\n\n<p>La cam\u00e9ra, dans ses mouvements, concorde aussi avec les \u00e9motions de Blake et de Schofield. Elle les suit, par devant ou par derri\u00e8re, dans un <em>travelling<\/em> stable quand ils sont calmes. Elles s\u2019agite quand ils s\u2019agitent. L\u2019effet est flagrant! On reconna\u00eet la ma\u00eetrise de l\u2019image dont avait fait preuve le r\u00e9alisateur, \u00e0 l\u2019\u00e9poque encore naissant, pour <em>American Beauty<\/em> (1999), chef-d\u2019\u0153uvre qui avait gagn\u00e9 l\u2019Oscar du meilleur film en 2000, entre autres nombreux prix.<\/p>\n\n\n\n<p>Mais le d\u00e9lice du travail formel ne s\u2019arr\u00eate pas l\u00e0. De la r\u00e9f\u00e9rence \u00e0 <em>American Beauty<\/em>, on passe \u00e0 celle encore plus populaire du James Bond <em>Skyfall<\/em> (2012), toujours de Sam Mendes. Les jeux d\u2019ombres et de lumi\u00e8res avaient r\u00e9v\u00e9l\u00e9 que les aventures de 007 pouvaient \u00eatre port\u00e9es par des images spectaculaires. Le spectacle continue avec <em>1917<\/em>. Le caporal Schofield traverse un village en ruines durant la nuit, des explosifs sortent les pierres de leur obscurit\u00e9 \u00e0 intervalles r\u00e9guliers. Les ombres se confondent aux ruines. Le rouge envahit le paysage gris-mort. Et imaginez-vous le tout dans un plan-s\u00e9quence qui dure une bonne dizaine de minutes. Clou\u00e9s face \u00e0 l\u2019\u00e9cran, vous partagez la peur m\u00e2tin\u00e9e de d\u00e9termination du caporal, vous assistez \u00e0 des images oniriques. Le film devient un po\u00e8me tragique, un po\u00e8me \u00e9pique, par son visuel.<\/p>\n\n\n\n<figure class=\"wp-block-image size-large\"><img fetchpriority=\"high\" decoding=\"async\" width=\"420\" height=\"595\" src=\"http:\/\/leregardlibre.com\/wp-content\/uploads\/2020\/01\/1917-Artwork-chf-04-F-1-Sheet-LowRes.png\" alt=\"\" class=\"wp-image-30313\" srcset=\"https:\/\/leregardlibre.com\/wp-content\/uploads\/2020\/01\/1917-Artwork-chf-04-F-1-Sheet-LowRes.png 420w, https:\/\/leregardlibre.com\/wp-content\/uploads\/2020\/01\/1917-Artwork-chf-04-F-1-Sheet-LowRes-106x150.png 106w, https:\/\/leregardlibre.com\/wp-content\/uploads\/2020\/01\/1917-Artwork-chf-04-F-1-Sheet-LowRes-212x300.png 212w, https:\/\/leregardlibre.com\/wp-content\/uploads\/2020\/01\/1917-Artwork-chf-04-F-1-Sheet-LowRes-300x425.png 300w\" sizes=\"(max-width: 420px) 100vw, 420px\" \/><\/figure>\n\n\n\n<h3 class=\"wp-block-heading\">La contrebasse grince encore<\/h3>\n\n\n\n<p>Et la bande sonore nous ram\u00e8ne \u00e0 un autre film de guerre: <a href=\"https:\/\/leregardlibre.com\/de\/2017\/07\/26\/dunkerque-et-les-visages-de-la-guerre\/\"><em>D\u00fcnkirchen<\/em> <\/a>(2017) de Christopher Nolan.&nbsp;Pas de bruits d\u2019avion qui d\u00e9chirent le ciel cette fois, mais la m\u00eame contrebasse qui grince gravement. Le m\u00eame chronom\u00e8tre tambourinant le temps qui passe; ce temps dont la vie de 1600 hommes d\u00e9pend. La photographie est riche \u00e0 chaque instant du film, mais certaines sc\u00e8nes donnent la priorit\u00e9 aux sons qui nous en disent encore plus que l&#8217;image. Un c\u0153ur qui bat d\u2019angoisse. Une respiration qui s\u2019acc\u00e9l\u00e8re jusqu\u2019\u00e0 se couper. Des pas qui courent, tapant \u00e0 terre le rythme du salut. De justesse.<\/p>\n\n\n\n<p><em>1917<\/em>, un film de guerre. Un film d\u2019horreur aussi, dans ce que l\u2019horreur peut nous dire de la r\u00e9alit\u00e9. Des corps qui pourrissent. Des corps qui s\u2019en vont, dans les becs des corbeaux, sous les dents des rats. Des maisons d\u00e9truites. Des soldats mutil\u00e9s. Le film ne se termine pas sur les sourires de la fin de la guerre, mais dans le deuil. Il n\u2019y pas de <em>Happy End<\/em> au bout d\u2019un fusil. Mais les hommes restent des hommes, \u00e0 la guerre comme \u00e0 la paix. Et nul ne peut vivre sans la confiance en autrui. Sans l\u2019amiti\u00e9. La seule capable de provoquer des miracles dans la mort, dans l\u2019horreur, dans la boue, dans le feu, dans une guerre, en 1917.<\/p>\n\n\n\n<blockquote class=\"wp-block-quote is-layout-flow wp-block-quote-is-layout-flow\"><p>\u00abCette guerre ne se terminera que d\u2019une seule fa\u00e7on: au dernier survivant.\u00bb&nbsp;<\/p><\/blockquote>\n\n\n\n<p><em>Schreiben Sie dem Autor:&nbsp;<a href=\"mailto:loris.musumeci@leregardlibre.com\">loris.musumeci@leregardlibre.com<\/a><\/em><\/p>\n\n\n\n<p>Cr\u00e9dit photo: \u00a9&nbsp;Universal Pictures International Switzerland<\/p>","protected":false},"excerpt":{"rendered":"<p>Kein Happy End am Ende eines Gewehrs<\/p>","protected":false},"author":18,"featured_media":30311,"comment_status":"open","ping_status":"open","sticky":false,"template":"","format":"standard","meta":{"_acf_changed":false,"footnotes":""},"categories":[644355829],"tags":[98616,254925,644343967,644343971,644343972,644341146,1149527,644343978,644343973,61091,644339051,211032,644343968,146064],"class_list":["post-30309","post","type-post","status-publish","format-standard","has-post-thumbnail","hentry","category-films","tag-armee","tag-bande-son","tag-bataillon","tag-caporal-blake","tag-caporal-schofield","tag-critiques-cinema","tag-dunkerque","tag-fusil","tag-general-erinemore","tag-guerre","tag-james-bond","tag-mort","tag-sam-mendes","tag-soldat"],"acf":[],"yoast_head":"<!-- This site is optimized with the Yoast SEO Premium plugin v27.4 (Yoast SEO v27.4) - https:\/\/yoast.com\/product\/yoast-seo-premium-wordpress\/ -->\n<title>Apr\u00e8s \u00abAmerican Beauty\u00bb et \u00abSkyfall\u00bb, Sam Mendes nous \u00e9pate avec \u00ab1917\u00bb<\/title>\n<meta name=\"robots\" content=\"index, follow, max-snippet:-1, max-image-preview:large, max-video-preview:-1\" \/>\n<link rel=\"canonical\" href=\"https:\/\/leregardlibre.com\/de\/kino\/filme\/apres-amercian-beauty-et-skyfall-sam-mendes-nous-epate-avec-1917\/\" \/>\n<meta property=\"og:locale\" content=\"de_DE\" \/>\n<meta property=\"og:type\" content=\"article\" \/>\n<meta property=\"og:title\" content=\"Apr\u00e8s \u00abAmerican Beauty\u00bb et \u00abSkyfall\u00bb, Sam Mendes nous \u00e9pate avec \u00ab1917\u00bb\" \/>\n<meta property=\"og:description\" content=\"Pas de happy end au bout d\u2019un fusil\" \/>\n<meta property=\"og:url\" content=\"https:\/\/leregardlibre.com\/de\/kino\/filme\/apres-amercian-beauty-et-skyfall-sam-mendes-nous-epate-avec-1917\/\" \/>\n<meta property=\"og:site_name\" content=\"Le Regard Libre\" \/>\n<meta property=\"article:publisher\" content=\"https:\/\/www.facebook.com\/leregardlibre\/\" \/>\n<meta property=\"article:published_time\" content=\"2020-01-15T18:30:44+00:00\" \/>\n<meta property=\"article:modified_time\" content=\"2025-12-04T21:29:35+00:00\" \/>\n<meta property=\"og:image\" content=\"https:\/\/leregardlibre.com\/wp-content\/uploads\/2020\/01\/1917-Szenen-ov-01-Scene-Picture-1024x683.jpg\" \/>\n\t<meta property=\"og:image:width\" content=\"1024\" \/>\n\t<meta property=\"og:image:height\" content=\"683\" \/>\n\t<meta property=\"og:image:type\" content=\"image\/jpeg\" \/>\n<meta name=\"author\" content=\"Loris S. Musumeci\" \/>\n<meta name=\"twitter:card\" content=\"summary_large_image\" \/>\n<meta name=\"twitter:creator\" content=\"@LeRegardLibre\" \/>\n<meta name=\"twitter:site\" content=\"@LeRegardLibre\" \/>\n<meta name=\"twitter:label1\" content=\"Verfasst von\" \/>\n\t<meta name=\"twitter:data1\" content=\"Loris S. Musumeci\" \/>\n\t<meta name=\"twitter:label2\" content=\"Gesch\u00e4tzte Lesezeit\" \/>\n\t<meta name=\"twitter:data2\" content=\"5\u00a0Minuten\" \/>\n<script type=\"application\/ld+json\" class=\"yoast-schema-graph\">{\"@context\":\"https:\\\/\\\/schema.org\",\"@graph\":[{\"@type\":\"Article\",\"@id\":\"https:\\\/\\\/leregardlibre.com\\\/cinema\\\/films\\\/apres-amercian-beauty-et-skyfall-sam-mendes-nous-epate-avec-1917\\\/#article\",\"isPartOf\":{\"@id\":\"https:\\\/\\\/leregardlibre.com\\\/cinema\\\/films\\\/apres-amercian-beauty-et-skyfall-sam-mendes-nous-epate-avec-1917\\\/\"},\"author\":{\"name\":\"Loris S. Musumeci\",\"@id\":\"https:\\\/\\\/leregardlibre.com\\\/#\\\/schema\\\/person\\\/04d80ec47094bca6b1fa22dffad24005\"},\"headline\":\"Apr\u00e8s \u00abAmerican Beauty\u00bb et \u00abSkyfall\u00bb, Sam Mendes nous \u00e9pate avec \u00ab1917\u00bb\",\"datePublished\":\"2020-01-15T18:30:44+00:00\",\"dateModified\":\"2025-12-04T21:29:35+00:00\",\"mainEntityOfPage\":{\"@id\":\"https:\\\/\\\/leregardlibre.com\\\/cinema\\\/films\\\/apres-amercian-beauty-et-skyfall-sam-mendes-nous-epate-avec-1917\\\/\"},\"wordCount\":950,\"commentCount\":0,\"publisher\":{\"@id\":\"https:\\\/\\\/leregardlibre.com\\\/#organization\"},\"image\":{\"@id\":\"https:\\\/\\\/leregardlibre.com\\\/cinema\\\/films\\\/apres-amercian-beauty-et-skyfall-sam-mendes-nous-epate-avec-1917\\\/#primaryimage\"},\"thumbnailUrl\":\"https:\\\/\\\/leregardlibre.com\\\/wp-content\\\/uploads\\\/2020\\\/01\\\/1917-Szenen-ov-01-Scene-Picture-scaled.jpg\",\"keywords\":[\"Arm\u00e9e\",\"Bande-son\",\"bataillon\",\"caporal blake\",\"caporal schofield\",\"Critique cin\u00e9ma\",\"dunkerque\",\"fusil\",\"g\u00e9n\u00e9ral erinemore\",\"Guerre\",\"James Bond\",\"Mort\",\"Sam Mendes\",\"soldat\"],\"articleSection\":[\"Films\"],\"inLanguage\":\"de\",\"potentialAction\":[{\"@type\":\"CommentAction\",\"name\":\"Comment\",\"target\":[\"https:\\\/\\\/leregardlibre.com\\\/cinema\\\/films\\\/apres-amercian-beauty-et-skyfall-sam-mendes-nous-epate-avec-1917\\\/#respond\"]}]},{\"@type\":\"WebPage\",\"@id\":\"https:\\\/\\\/leregardlibre.com\\\/cinema\\\/films\\\/apres-amercian-beauty-et-skyfall-sam-mendes-nous-epate-avec-1917\\\/\",\"url\":\"https:\\\/\\\/leregardlibre.com\\\/cinema\\\/films\\\/apres-amercian-beauty-et-skyfall-sam-mendes-nous-epate-avec-1917\\\/\",\"name\":\"Apr\u00e8s \u00abAmerican Beauty\u00bb et \u00abSkyfall\u00bb, Sam Mendes nous \u00e9pate avec \u00ab1917\u00bb\",\"isPartOf\":{\"@id\":\"https:\\\/\\\/leregardlibre.com\\\/#website\"},\"primaryImageOfPage\":{\"@id\":\"https:\\\/\\\/leregardlibre.com\\\/cinema\\\/films\\\/apres-amercian-beauty-et-skyfall-sam-mendes-nous-epate-avec-1917\\\/#primaryimage\"},\"image\":{\"@id\":\"https:\\\/\\\/leregardlibre.com\\\/cinema\\\/films\\\/apres-amercian-beauty-et-skyfall-sam-mendes-nous-epate-avec-1917\\\/#primaryimage\"},\"thumbnailUrl\":\"https:\\\/\\\/leregardlibre.com\\\/wp-content\\\/uploads\\\/2020\\\/01\\\/1917-Szenen-ov-01-Scene-Picture-scaled.jpg\",\"datePublished\":\"2020-01-15T18:30:44+00:00\",\"dateModified\":\"2025-12-04T21:29:35+00:00\",\"breadcrumb\":{\"@id\":\"https:\\\/\\\/leregardlibre.com\\\/cinema\\\/films\\\/apres-amercian-beauty-et-skyfall-sam-mendes-nous-epate-avec-1917\\\/#breadcrumb\"},\"inLanguage\":\"de\",\"potentialAction\":[{\"@type\":\"ReadAction\",\"target\":[\"https:\\\/\\\/leregardlibre.com\\\/cinema\\\/films\\\/apres-amercian-beauty-et-skyfall-sam-mendes-nous-epate-avec-1917\\\/\"]}]},{\"@type\":\"ImageObject\",\"inLanguage\":\"de\",\"@id\":\"https:\\\/\\\/leregardlibre.com\\\/cinema\\\/films\\\/apres-amercian-beauty-et-skyfall-sam-mendes-nous-epate-avec-1917\\\/#primaryimage\",\"url\":\"https:\\\/\\\/leregardlibre.com\\\/wp-content\\\/uploads\\\/2020\\\/01\\\/1917-Szenen-ov-01-Scene-Picture-scaled.jpg\",\"contentUrl\":\"https:\\\/\\\/leregardlibre.com\\\/wp-content\\\/uploads\\\/2020\\\/01\\\/1917-Szenen-ov-01-Scene-Picture-scaled.jpg\",\"width\":5606,\"height\":3737},{\"@type\":\"BreadcrumbList\",\"@id\":\"https:\\\/\\\/leregardlibre.com\\\/cinema\\\/films\\\/apres-amercian-beauty-et-skyfall-sam-mendes-nous-epate-avec-1917\\\/#breadcrumb\",\"itemListElement\":[{\"@type\":\"ListItem\",\"position\":1,\"name\":\"Accueil\",\"item\":\"https:\\\/\\\/leregardlibre.com\\\/\"},{\"@type\":\"ListItem\",\"position\":2,\"name\":\"Apr\u00e8s \u00abAmerican Beauty\u00bb et \u00abSkyfall\u00bb, Sam Mendes nous \u00e9pate avec \u00ab1917\u00bb\"}]},{\"@type\":\"WebSite\",\"@id\":\"https:\\\/\\\/leregardlibre.com\\\/#website\",\"url\":\"https:\\\/\\\/leregardlibre.com\\\/\",\"name\":\"Le Regard Libre\",\"description\":\"Premier mensuel suisse de d\u00e9bat\",\"publisher\":{\"@id\":\"https:\\\/\\\/leregardlibre.com\\\/#organization\"},\"potentialAction\":[{\"@type\":\"SearchAction\",\"target\":{\"@type\":\"EntryPoint\",\"urlTemplate\":\"https:\\\/\\\/leregardlibre.com\\\/?s={search_term_string}\"},\"query-input\":{\"@type\":\"PropertyValueSpecification\",\"valueRequired\":true,\"valueName\":\"search_term_string\"}}],\"inLanguage\":\"de\"},{\"@type\":\"Organization\",\"@id\":\"https:\\\/\\\/leregardlibre.com\\\/#organization\",\"name\":\"Le Regard Libre\",\"url\":\"https:\\\/\\\/leregardlibre.com\\\/\",\"logo\":{\"@type\":\"ImageObject\",\"inLanguage\":\"de\",\"@id\":\"https:\\\/\\\/leregardlibre.com\\\/#\\\/schema\\\/logo\\\/image\\\/\",\"url\":\"https:\\\/\\\/leregardlibre.com\\\/wp-content\\\/uploads\\\/2025\\\/08\\\/logo-rl-icone-neg.jpeg\",\"contentUrl\":\"https:\\\/\\\/leregardlibre.com\\\/wp-content\\\/uploads\\\/2025\\\/08\\\/logo-rl-icone-neg.jpeg\",\"width\":557,\"height\":556,\"caption\":\"Le Regard Libre\"},\"image\":{\"@id\":\"https:\\\/\\\/leregardlibre.com\\\/#\\\/schema\\\/logo\\\/image\\\/\"},\"sameAs\":[\"https:\\\/\\\/www.facebook.com\\\/leregardlibre\\\/\",\"https:\\\/\\\/x.com\\\/LeRegardLibre\",\"https:\\\/\\\/www.linkedin.com\\\/company\\\/le-regard-libre\",\"https:\\\/\\\/www.instagram.com\\\/leregardlibre\\\/\",\"http:\\\/\\\/t.me\\\/leregardlibre\",\"https:\\\/\\\/youtube.com\\\/channel\\\/UC6HzGPomj1LsUmlz-sJtITQ\"],\"description\":\"Le Regard Libre est un mensuel suisse de d\u00e9bat intellectuel et culturel. Sa r\u00e9daction est jeune, b\u00e9n\u00e9vole, lib\u00e9rale et pluraliste. Le magazine para\u00eet en ligne et sous forme papier. Sa langue est le fran\u00e7ais.\",\"email\":\"redaction@leregardlibre.com\",\"legalName\":\"Le Regard Libre\",\"foundingDate\":\"2014-01-01\",\"numberOfEmployees\":{\"@type\":\"QuantitativeValue\",\"minValue\":\"11\",\"maxValue\":\"50\"},\"publishingPrinciples\":\"https:\\\/\\\/leregardlibre.com\\\/a-propos\\\/notre-manifeste\\\/\",\"ownershipFundingInfo\":\"https:\\\/\\\/leregardlibre.com\\\/mentions-legales\\\/\",\"actionableFeedbackPolicy\":\"https:\\\/\\\/leregardlibre.com\\\/conditions-generales-de-vente\\\/\"},{\"@type\":\"Person\",\"@id\":\"https:\\\/\\\/leregardlibre.com\\\/#\\\/schema\\\/person\\\/04d80ec47094bca6b1fa22dffad24005\",\"name\":\"Loris S. Musumeci\",\"image\":{\"@type\":\"ImageObject\",\"inLanguage\":\"de\",\"@id\":\"https:\\\/\\\/secure.gravatar.com\\\/avatar\\\/fa476654dadfee0d962e80160d0303549febb2769f8fa26c7a1ebe037f7c7c54?s=96&d=identicon&r=g\",\"url\":\"https:\\\/\\\/secure.gravatar.com\\\/avatar\\\/fa476654dadfee0d962e80160d0303549febb2769f8fa26c7a1ebe037f7c7c54?s=96&d=identicon&r=g\",\"contentUrl\":\"https:\\\/\\\/secure.gravatar.com\\\/avatar\\\/fa476654dadfee0d962e80160d0303549febb2769f8fa26c7a1ebe037f7c7c54?s=96&d=identicon&r=g\",\"caption\":\"Loris S. Musumeci\"},\"sameAs\":[\"https:\\\/\\\/leregardlibre.com\\\/\",\"https:\\\/\\\/fr.wikipedia.org\\\/wiki\\\/Le_Regard_libre\"],\"url\":\"https:\\\/\\\/leregardlibre.com\\\/de\\\/author\\\/loris-musumeci\\\/\"}]}<\/script>\n<!-- \/ Yoast SEO Premium plugin. -->","yoast_head_json":{"title":"Nach \u00abAmerican Beauty\u00bb und \u00abSkyfall\u00bb verbl\u00fcfft uns Sam Mendes mit \u00ab1917\u00bb.\u00bb","robots":{"index":"index","follow":"follow","max-snippet":"max-snippet:-1","max-image-preview":"max-image-preview:large","max-video-preview":"max-video-preview:-1"},"canonical":"https:\/\/leregardlibre.com\/de\/kino\/filme\/apres-amercian-beauty-et-skyfall-sam-mendes-nous-epate-avec-1917\/","og_locale":"de_DE","og_type":"article","og_title":"Apr\u00e8s \u00abAmerican Beauty\u00bb et \u00abSkyfall\u00bb, Sam Mendes nous \u00e9pate avec \u00ab1917\u00bb","og_description":"Pas de happy end au bout d\u2019un fusil","og_url":"https:\/\/leregardlibre.com\/de\/kino\/filme\/apres-amercian-beauty-et-skyfall-sam-mendes-nous-epate-avec-1917\/","og_site_name":"Le Regard Libre","article_publisher":"https:\/\/www.facebook.com\/leregardlibre\/","article_published_time":"2020-01-15T18:30:44+00:00","article_modified_time":"2025-12-04T21:29:35+00:00","og_image":[{"width":1024,"height":683,"url":"https:\/\/leregardlibre.com\/wp-content\/uploads\/2020\/01\/1917-Szenen-ov-01-Scene-Picture-1024x683.jpg","type":"image\/jpeg"}],"author":"Loris S. Musumeci","twitter_card":"summary_large_image","twitter_creator":"@LeRegardLibre","twitter_site":"@LeRegardLibre","twitter_misc":{"Verfasst von":"Loris S. Musumeci","Gesch\u00e4tzte Lesezeit":"5\u00a0Minuten"},"schema":{"@context":"https:\/\/schema.org","@graph":[{"@type":"Article","@id":"https:\/\/leregardlibre.com\/cinema\/films\/apres-amercian-beauty-et-skyfall-sam-mendes-nous-epate-avec-1917\/#article","isPartOf":{"@id":"https:\/\/leregardlibre.com\/cinema\/films\/apres-amercian-beauty-et-skyfall-sam-mendes-nous-epate-avec-1917\/"},"author":{"name":"Loris S. Musumeci","@id":"https:\/\/leregardlibre.com\/#\/schema\/person\/04d80ec47094bca6b1fa22dffad24005"},"headline":"Apr\u00e8s \u00abAmerican Beauty\u00bb et \u00abSkyfall\u00bb, Sam Mendes nous \u00e9pate avec \u00ab1917\u00bb","datePublished":"2020-01-15T18:30:44+00:00","dateModified":"2025-12-04T21:29:35+00:00","mainEntityOfPage":{"@id":"https:\/\/leregardlibre.com\/cinema\/films\/apres-amercian-beauty-et-skyfall-sam-mendes-nous-epate-avec-1917\/"},"wordCount":950,"commentCount":0,"publisher":{"@id":"https:\/\/leregardlibre.com\/#organization"},"image":{"@id":"https:\/\/leregardlibre.com\/cinema\/films\/apres-amercian-beauty-et-skyfall-sam-mendes-nous-epate-avec-1917\/#primaryimage"},"thumbnailUrl":"https:\/\/leregardlibre.com\/wp-content\/uploads\/2020\/01\/1917-Szenen-ov-01-Scene-Picture-scaled.jpg","keywords":["Arm\u00e9e","Bande-son","bataillon","caporal blake","caporal schofield","Critique cin\u00e9ma","dunkerque","fusil","g\u00e9n\u00e9ral erinemore","Guerre","James Bond","Mort","Sam Mendes","soldat"],"articleSection":["Films"],"inLanguage":"de","potentialAction":[{"@type":"CommentAction","name":"Comment","target":["https:\/\/leregardlibre.com\/cinema\/films\/apres-amercian-beauty-et-skyfall-sam-mendes-nous-epate-avec-1917\/#respond"]}]},{"@type":"WebPage","@id":"https:\/\/leregardlibre.com\/cinema\/films\/apres-amercian-beauty-et-skyfall-sam-mendes-nous-epate-avec-1917\/","url":"https:\/\/leregardlibre.com\/cinema\/films\/apres-amercian-beauty-et-skyfall-sam-mendes-nous-epate-avec-1917\/","name":"Nach \u00abAmerican Beauty\u00bb und \u00abSkyfall\u00bb verbl\u00fcfft uns Sam Mendes mit \u00ab1917\u00bb.\u00bb","isPartOf":{"@id":"https:\/\/leregardlibre.com\/#website"},"primaryImageOfPage":{"@id":"https:\/\/leregardlibre.com\/cinema\/films\/apres-amercian-beauty-et-skyfall-sam-mendes-nous-epate-avec-1917\/#primaryimage"},"image":{"@id":"https:\/\/leregardlibre.com\/cinema\/films\/apres-amercian-beauty-et-skyfall-sam-mendes-nous-epate-avec-1917\/#primaryimage"},"thumbnailUrl":"https:\/\/leregardlibre.com\/wp-content\/uploads\/2020\/01\/1917-Szenen-ov-01-Scene-Picture-scaled.jpg","datePublished":"2020-01-15T18:30:44+00:00","dateModified":"2025-12-04T21:29:35+00:00","breadcrumb":{"@id":"https:\/\/leregardlibre.com\/cinema\/films\/apres-amercian-beauty-et-skyfall-sam-mendes-nous-epate-avec-1917\/#breadcrumb"},"inLanguage":"de","potentialAction":[{"@type":"ReadAction","target":["https:\/\/leregardlibre.com\/cinema\/films\/apres-amercian-beauty-et-skyfall-sam-mendes-nous-epate-avec-1917\/"]}]},{"@type":"ImageObject","inLanguage":"de","@id":"https:\/\/leregardlibre.com\/cinema\/films\/apres-amercian-beauty-et-skyfall-sam-mendes-nous-epate-avec-1917\/#primaryimage","url":"https:\/\/leregardlibre.com\/wp-content\/uploads\/2020\/01\/1917-Szenen-ov-01-Scene-Picture-scaled.jpg","contentUrl":"https:\/\/leregardlibre.com\/wp-content\/uploads\/2020\/01\/1917-Szenen-ov-01-Scene-Picture-scaled.jpg","width":5606,"height":3737},{"@type":"BreadcrumbList","@id":"https:\/\/leregardlibre.com\/cinema\/films\/apres-amercian-beauty-et-skyfall-sam-mendes-nous-epate-avec-1917\/#breadcrumb","itemListElement":[{"@type":"ListItem","position":1,"name":"Accueil","item":"https:\/\/leregardlibre.com\/"},{"@type":"ListItem","position":2,"name":"Apr\u00e8s \u00abAmerican Beauty\u00bb et \u00abSkyfall\u00bb, Sam Mendes nous \u00e9pate avec \u00ab1917\u00bb"}]},{"@type":"WebSite","@id":"https:\/\/leregardlibre.com\/#website","url":"https:\/\/leregardlibre.com\/","name":"Le Regard Libre","description":"Erste Schweizer Monatszeitschrift f\u00fcr Debatten","publisher":{"@id":"https:\/\/leregardlibre.com\/#organization"},"potentialAction":[{"@type":"SearchAction","target":{"@type":"EntryPoint","urlTemplate":"https:\/\/leregardlibre.com\/?s={search_term_string}"},"query-input":{"@type":"PropertyValueSpecification","valueRequired":true,"valueName":"search_term_string"}}],"inLanguage":"de"},{"@type":"Organization","@id":"https:\/\/leregardlibre.com\/#organization","name":"Le Regard Libre","url":"https:\/\/leregardlibre.com\/","logo":{"@type":"ImageObject","inLanguage":"de","@id":"https:\/\/leregardlibre.com\/#\/schema\/logo\/image\/","url":"https:\/\/leregardlibre.com\/wp-content\/uploads\/2025\/08\/logo-rl-icone-neg.jpeg","contentUrl":"https:\/\/leregardlibre.com\/wp-content\/uploads\/2025\/08\/logo-rl-icone-neg.jpeg","width":557,"height":556,"caption":"Le Regard Libre"},"image":{"@id":"https:\/\/leregardlibre.com\/#\/schema\/logo\/image\/"},"sameAs":["https:\/\/www.facebook.com\/leregardlibre\/","https:\/\/x.com\/LeRegardLibre","https:\/\/www.linkedin.com\/company\/le-regard-libre","https:\/\/www.instagram.com\/leregardlibre\/","http:\/\/t.me\/leregardlibre","https:\/\/youtube.com\/channel\/UC6HzGPomj1LsUmlz-sJtITQ"],"description":"Le Regard Libre ist eine Schweizer Monatszeitschrift f\u00fcr intellektuelle und kulturelle Debatten. Seine Redaktion ist jung, ehrenamtlich, liberal und pluralistisch. Das Magazin erscheint online und in gedruckter Form. Seine Sprache ist Franz\u00f6sisch.","email":"redaction@leregardlibre.com","legalName":"Le Regard Libre","foundingDate":"2014-01-01","numberOfEmployees":{"@type":"QuantitativeValue","minValue":"11","maxValue":"50"},"publishingPrinciples":"https:\/\/leregardlibre.com\/a-propos\/notre-manifeste\/","ownershipFundingInfo":"https:\/\/leregardlibre.com\/mentions-legales\/","actionableFeedbackPolicy":"https:\/\/leregardlibre.com\/conditions-generales-de-vente\/"},{"@type":"Person","@id":"https:\/\/leregardlibre.com\/#\/schema\/person\/04d80ec47094bca6b1fa22dffad24005","name":"Loris S. Musumeci","image":{"@type":"ImageObject","inLanguage":"de","@id":"https:\/\/secure.gravatar.com\/avatar\/fa476654dadfee0d962e80160d0303549febb2769f8fa26c7a1ebe037f7c7c54?s=96&d=identicon&r=g","url":"https:\/\/secure.gravatar.com\/avatar\/fa476654dadfee0d962e80160d0303549febb2769f8fa26c7a1ebe037f7c7c54?s=96&d=identicon&r=g","contentUrl":"https:\/\/secure.gravatar.com\/avatar\/fa476654dadfee0d962e80160d0303549febb2769f8fa26c7a1ebe037f7c7c54?s=96&d=identicon&r=g","caption":"Loris S. Musumeci"},"sameAs":["https:\/\/leregardlibre.com\/","https:\/\/fr.wikipedia.org\/wiki\/Le_Regard_libre"],"url":"https:\/\/leregardlibre.com\/de\/author\/loris-musumeci\/"}]}},"_links":{"self":[{"href":"https:\/\/leregardlibre.com\/de\/wp-json\/wp\/v2\/posts\/30309","targetHints":{"allow":["GET"]}}],"collection":[{"href":"https:\/\/leregardlibre.com\/de\/wp-json\/wp\/v2\/posts"}],"about":[{"href":"https:\/\/leregardlibre.com\/de\/wp-json\/wp\/v2\/types\/post"}],"author":[{"embeddable":true,"href":"https:\/\/leregardlibre.com\/de\/wp-json\/wp\/v2\/users\/18"}],"replies":[{"embeddable":true,"href":"https:\/\/leregardlibre.com\/de\/wp-json\/wp\/v2\/comments?post=30309"}],"version-history":[{"count":1,"href":"https:\/\/leregardlibre.com\/de\/wp-json\/wp\/v2\/posts\/30309\/revisions"}],"predecessor-version":[{"id":511584,"href":"https:\/\/leregardlibre.com\/de\/wp-json\/wp\/v2\/posts\/30309\/revisions\/511584"}],"wp:featuredmedia":[{"embeddable":true,"href":"https:\/\/leregardlibre.com\/de\/wp-json\/wp\/v2\/media\/30311"}],"wp:attachment":[{"href":"https:\/\/leregardlibre.com\/de\/wp-json\/wp\/v2\/media?parent=30309"}],"wp:term":[{"taxonomy":"category","embeddable":true,"href":"https:\/\/leregardlibre.com\/de\/wp-json\/wp\/v2\/categories?post=30309"},{"taxonomy":"post_tag","embeddable":true,"href":"https:\/\/leregardlibre.com\/de\/wp-json\/wp\/v2\/tags?post=30309"}],"curies":[{"name":"wp","href":"https:\/\/api.w.org\/{rel}","templated":true}]}}