{"id":30770,"date":"2020-01-26T19:11:10","date_gmt":"2020-01-26T18:11:10","guid":{"rendered":"https:\/\/leregardlibre.com\/?p=30770"},"modified":"2025-12-04T22:29:26","modified_gmt":"2025-12-04T21:29:26","slug":"easy-rider-et-la-quete-melancolique-de-liberte","status":"publish","type":"post","link":"https:\/\/leregardlibre.com\/de\/kino\/filme\/easy-rider-et-la-quete-melancolique-de-liberte\/","title":{"rendered":"\u00abEasy Rider\u00bb und das melancholische Streben nach Freiheit"},"content":{"rendered":"<p><em><a href=\"https:\/\/leregardlibre.com\/de\/produkt\/der-freie-blick-nr-58\/\">Le Regard Libre Nr. 58<\/a> - Jonas Follonier<\/em><\/p>\n\n\n\n<p class=\"has-drop-cap\"><strong>Im Jahr 2019 wird der Film <em>Easy Rider<\/em> von Dennis Hopper feierte seinen f\u00fcnfzigsten Geburtstag. Die Fellini Foundation for Cinema in Sion (VS) widmete ihm eine Ausstellung in Zusammenarbeit mit dem Dennis Hopper Institut und der Cin\u00e9math\u00e8que Suisse. Ich war dort und konnte den Moment des Umschwungs sp\u00fcren, den das Ende der Sechzigerjahre innerhalb des Hollywood-Kinos darstellte. Eine Retrospektive mit dem Geschmack von Harleys und dem Sound von LSD.<\/strong><\/p>\n\n\n\n<!--more Lire l'article-->\n\n\n\n<p>Inutile de le rappeler. Ou peut-\u00eatre bien que si. Il est des moments absolument fascinants qui consistent en des changements profonds dans l\u2019histoire de la culture occidentale. La fin des ann\u00e9es soixante en est. A No\u00ebl, ma g\u00e9nialissime grand-m\u00e8re me rappelait cette caract\u00e9ristique fondamentale des <em>sixties<\/em>: \u00abC\u2019\u00e9tait l\u2019\u00e9poque <em>baba-cool<\/em>. On \u00e9tait insouciants. Il n\u2019y avait pas de violence. Apr\u00e8s, tout a chang\u00e9.\u00bb Bien dit, grand-maman. L\u2019art du r\u00e9sum\u00e9 et du bon sens, mieux qu\u2019une quelconque encyclop\u00e9die. La formule est si bien choisie qu\u2019elle se pr\u00eate \u00e0 merveille \u00e0 mon article. Ce qui fait la sp\u00e9cificit\u00e9 du tournant des <em>sixties<\/em> und <em>seventies<\/em>, c\u2019est en quelque sorte la fin d\u2019une utopie. La preuve en sera l\u2019assassinat de Sharon Tate, l\u2019\u00e9pouse d\u2019alors de Roman Polanski, par une secte hippie sataniste emmen\u00e9e par le gourou Charles Manson.<\/p>\n\n\n\n<h3 class=\"wp-block-heading\"><strong>Auf dem Weg zum \u00abneuen Hollywood\u00bb<\/strong><\/h3>\n\n\n\n<p>C\u2019est donc dans ce contexte de progression vers la fin d\u2019un monde id\u00e9alis\u00e9, quasi-cin\u00e9matographique, que le cin\u00e9ma lui-m\u00eame vit une grande entreprise de renouveau. A la fin des ann\u00e9es cinquante, les salles obscures se vident pour devenir presque d\u00e9sertiques \u2013 de quoi faire penser \u00e0 notre \u00e9poque. Les h\u00e9ros traditionnels des productions hollywoodiennes ne correspondent plus, si tant est qu\u2019ils aient jamais correspondu, \u00e0 l\u2019imaginaire de jeunes spectateurs d\u00e9sormais engag\u00e9s et rebelles.<\/p>\n\n\n\n<div class=\"wp-block-cover has-background-dim\" style=\"background-image:url(https:\/\/leregardlibre.com\/wp-content\/uploads\/2020\/01\/Monument_Valley_in_Arizona.jpg);min-height:438px;aspect-ratio:unset;\"><div class=\"wp-block-cover__inner-container is-layout-flow wp-block-cover-is-layout-flow\">\n<p><mark><strong>En commande: notre \u00e9dition de f\u00e9vrier \u00abMusique et cin\u00e9ma: L\u2019\u00e2ge d\u2019or 1966 &#8211; 1975<\/strong>\u00bb<\/mark><\/p>\n\n\n<div data-block-name=\"woocommerce\/handpicked-products\" data-edit-mode=\"false\" data-products=\"[30776]\" class=\"wc-block-grid wp-block-handpicked-products wp-block-woocommerce-handpicked-products wc-block-handpicked-products has-3-columns has-multiple-rows\"><ul class=\"wc-block-grid__products\"><li class=\"wc-block-grid__product\">\n\t\t\t\t<a href=\"https:\/\/leregardlibre.com\/de\/produkt\/der-freie-blick-nr-59\/\" class=\"wc-block-grid__product-link\">\n\t\t\t\t\t\n\t\t\t\t\t<div class=\"wc-block-grid__product-image\"><img fetchpriority=\"high\" decoding=\"async\" width=\"300\" height=\"424\" src=\"https:\/\/leregardlibre.com\/wp-content\/uploads\/2020\/01\/Une-RL-N\u00b0-59-1-300x424.jpg\" class=\"attachment-woocommerce_thumbnail size-woocommerce_thumbnail\" alt=\"Le Regard Libre - Nr. 59\" srcset=\"https:\/\/leregardlibre.com\/wp-content\/uploads\/2020\/01\/Une-RL-N\u00b0-59-1-300x424.jpg 300w, https:\/\/leregardlibre.com\/wp-content\/uploads\/2020\/01\/Une-RL-N\u00b0-59-1-1920x2715.jpg 1920w, https:\/\/leregardlibre.com\/wp-content\/uploads\/2020\/01\/Une-RL-N\u00b0-59-1-1170x1655.jpg 1170w, https:\/\/leregardlibre.com\/wp-content\/uploads\/2020\/01\/Une-RL-N\u00b0-59-1-585x827.jpg 585w, https:\/\/leregardlibre.com\/wp-content\/uploads\/2020\/01\/Une-RL-N\u00b0-59-1-106x150.jpg 106w, https:\/\/leregardlibre.com\/wp-content\/uploads\/2020\/01\/Une-RL-N\u00b0-59-1-212x300.jpg 212w, https:\/\/leregardlibre.com\/wp-content\/uploads\/2020\/01\/Une-RL-N\u00b0-59-1-768x1086.jpg 768w, https:\/\/leregardlibre.com\/wp-content\/uploads\/2020\/01\/Une-RL-N\u00b0-59-1-724x1024.jpg 724w, https:\/\/leregardlibre.com\/wp-content\/uploads\/2020\/01\/Une-RL-N\u00b0-59-1-1086x1536.jpg 1086w, https:\/\/leregardlibre.com\/wp-content\/uploads\/2020\/01\/Une-RL-N\u00b0-59-1-1448x2048.jpg 1448w, https:\/\/leregardlibre.com\/wp-content\/uploads\/2020\/01\/Une-RL-N\u00b0-59-1-600x849.jpg 600w\" sizes=\"(max-width: 300px) 100vw, 300px\" \/><\/div>\n\t\t\t\t\t<div class=\"wc-block-grid__product-title\">Le Regard Libre - Nr. 59<\/div>\n\t\t\t\t<\/a>\n\t\t\t\t<div class=\"wc-block-grid__product-price price\"><span class=\"woocommerce-Price-amount amount\"><span class=\"woocommerce-Price-currencySymbol\">CHF<\/span>10.00<\/span><\/div>\n\t\t\t\t\n\t\t\t\t<div class=\"wp-block-button wc-block-grid__product-add-to-cart\"><a href=\"\/de\/wp-json\/wp\/v2\/posts\/30770?add-to-cart=30776\" aria-label=\"In den Warenkorb legen: \u201eLe Regard Libre - N\u00ba 59\u201c.\u201c\" data-quantity=\"1\" data-product_id=\"30776\" data-product_sku=\"\" data-price=\"10\" rel=\"nofollow\" class=\"wp-block-button__link  add_to_cart_button ajax_add_to_cart\">In den Warenkorb<\/a><\/div>\n\t\t\t<\/li><\/ul><\/div><\/div><\/div>\n\n\n\n<p>Aujourd\u2019hui, le succ\u00e8s du septi\u00e8me art se perp\u00e9tue chez les jeunes <em>\u00fcber<\/em> la plateforme Netflix. A cette \u00e9poque-l\u00e0, aux Etats-Unis, la solution arrive avec des longs-m\u00e9trages pr\u00e9curseurs. <em>Bonnye and Clyde<\/em> und <em>Le laur\u00e9at<\/em> sortiront en 1967 comme une r\u00e9ponse \u00e0 la soif d\u2019identification de la jeune g\u00e9n\u00e9ration am\u00e9ricaine. Des cin\u00e9astes <em>surfant<\/em> sur l\u2019air du temps? Oui et non. D\u2019abord, leurs \u0153uvres ne suivent pas une mode \u00e9manant du milieu artistique, mais bien un sentiment diffus mais puissant au sein m\u00eame de la nation. Et c\u2019est toujours la rencontre entre une \u0153uvre telle qu\u2019imagin\u00e9e par son cr\u00e9ateur et son potentiel de r\u00e9ception, rencontre qui dans ce cas s\u2019av\u00e8re optimale. C\u2019est la d\u00e9finition m\u00eame d\u2019un film qui fait date. D\u2019un classique. Qu\u2019il soit r\u00e9volutionnaire ou non.<\/p>\n\n\n\n<figure class=\"wp-block-image size-large\"><img decoding=\"async\" src=\"http:\/\/leregardlibre.com\/wp-content\/uploads\/2020\/01\/Easy-Rider3-1969-Coll.-Cine\u0301mathe\u0300que-suisse-\u00a9-Tous-droits-re\u0301serve\u0301s-scaled.jpg\" alt=\"\" class=\"wp-image-30771\"\/><figcaption>Easy Rider, 1969 Coll. Cin\u00e9math\u00e8que suisse \u00a9 Tous droits r\u00e9serv\u00e9s<\/figcaption><\/figure>\n\n\n\n<p><em>Easy Rider<\/em> peut-\u00eatre consid\u00e9r\u00e9 comme l\u2019apog\u00e9e de ce que les critiques appel\u00e8rent le \u00abnouvel Hollywood\u00bb. Avec l\u2019appel de la route, les motos, l\u2019acide, la soif de nouveaut\u00e9, bien s\u00fbr. Mais aussi le paradoxe propre \u00e0 tous ces grands films que l\u2019on compte re\u00e7oit aujourd\u2019hui de Tarantino ou d\u2019Eastwood: celui d\u2019une libert\u00e9 qui se manifeste avant tout comme l\u2019objet d\u2019une nostalgie. D\u2019o\u00f9 le besoin urgent pour l\u2019artiste de la mettre en sc\u00e8ne. D\u2019o\u00f9 les personnages ambigus, la fascination du sc\u00e9nario pour les marginaux, les <em>Verlierer<\/em>, le jeu avec les r\u00e8gles classiques du cin\u00e9ma. Au sein de ce magma cin\u00e9matographique unique, la libert\u00e9 est <em>recherch\u00e9e<\/em> au sens de la qu\u00eate m\u00e9lancolique et qui se frotte \u00e0 l\u2019absurde de la vie:<\/p>\n\n\n\n<blockquote class=\"wp-block-quote is-layout-flow wp-block-quote-is-layout-flow\"><p>\u00abQu\u2019est-ce qu\u2019il y a de mauvais avec la libert\u00e9? Il n\u2019y a que \u00e7a qui compte.<br>\u2013 C\u2019est vrai, il n\u2019y a que \u00e7a qui compte. Mais en parler, et \u00eatre libre&#8230; c\u2019est pas la m\u00eame chose. C\u2019est vraiment dur d\u2019\u00eatre libre quand on est un pur produit achet\u00e9 et vendu au march\u00e9. Ne leur dis jamais qu\u2019ils ne sont pas libres, ils se mettraient \u00e0 tuer et \u00e0 massacrer pour prouver qu\u2019ils le sont.\u00bb<\/p><\/blockquote>\n\n\n\n<p><em>Schreiben Sie dem Autor: <a href=\"mailto:jonas.follonier@leregardlibre.com\">jonas.follonier@leregardlibre.com<\/a><\/em><\/p>\n\n\n\n<p>Cr\u00e9dits photos: Easy Rider, 1969 Coll. Cin\u00e9math\u00e8que suisse \u00a9 Tous droits r\u00e9serv\u00e9s<\/p>\n\n\n<div data-block-name=\"woocommerce\/handpicked-products\" data-columns=\"2\" data-edit-mode=\"false\" data-orderby=\"price_asc\" data-products=\"[19241,24185,30345,17631]\" class=\"wc-block-grid wp-block-handpicked-products wp-block-woocommerce-handpicked-products wc-block-handpicked-products has-2-columns has-multiple-rows\"><ul class=\"wc-block-grid__products\"><li class=\"wc-block-grid__product\">\n\t\t\t\t<a href=\"https:\/\/leregardlibre.com\/de\/produkt\/der-freie-blick-nr-58\/\" class=\"wc-block-grid__product-link\">\n\t\t\t\t\t\n\t\t\t\t\t<div class=\"wc-block-grid__product-image\"><img decoding=\"async\" width=\"300\" height=\"424\" src=\"https:\/\/leregardlibre.com\/wp-content\/uploads\/2020\/01\/Une-RL-N\u00b0-58-300x424.jpg\" class=\"attachment-woocommerce_thumbnail size-woocommerce_thumbnail\" alt=\"Le Regard Libre - Nr. 58\" srcset=\"https:\/\/leregardlibre.com\/wp-content\/uploads\/2020\/01\/Une-RL-N\u00b0-58-300x424.jpg 300w, https:\/\/leregardlibre.com\/wp-content\/uploads\/2020\/01\/Une-RL-N\u00b0-58-1920x2715.jpg 1920w, https:\/\/leregardlibre.com\/wp-content\/uploads\/2020\/01\/Une-RL-N\u00b0-58-1170x1655.jpg 1170w, https:\/\/leregardlibre.com\/wp-content\/uploads\/2020\/01\/Une-RL-N\u00b0-58-585x827.jpg 585w, https:\/\/leregardlibre.com\/wp-content\/uploads\/2020\/01\/Une-RL-N\u00b0-58-106x150.jpg 106w, https:\/\/leregardlibre.com\/wp-content\/uploads\/2020\/01\/Une-RL-N\u00b0-58-212x300.jpg 212w, https:\/\/leregardlibre.com\/wp-content\/uploads\/2020\/01\/Une-RL-N\u00b0-58-768x1086.jpg 768w, https:\/\/leregardlibre.com\/wp-content\/uploads\/2020\/01\/Une-RL-N\u00b0-58-724x1024.jpg 724w, https:\/\/leregardlibre.com\/wp-content\/uploads\/2020\/01\/Une-RL-N\u00b0-58-1086x1536.jpg 1086w, https:\/\/leregardlibre.com\/wp-content\/uploads\/2020\/01\/Une-RL-N\u00b0-58-1448x2048.jpg 1448w, https:\/\/leregardlibre.com\/wp-content\/uploads\/2020\/01\/Une-RL-N\u00b0-58-600x849.jpg 600w\" sizes=\"(max-width: 300px) 100vw, 300px\" \/><\/div>\n\t\t\t\t\t<div class=\"wc-block-grid__product-title\">Le Regard Libre - Nr. 58<\/div>\n\t\t\t\t<\/a>\n\t\t\t\t<div class=\"wc-block-grid__product-price price\"><span class=\"woocommerce-Price-amount amount\"><span class=\"woocommerce-Price-currencySymbol\">CHF<\/span>10.00<\/span><\/div>\n\t\t\t\t\n\t\t\t\t<div class=\"wp-block-button wc-block-grid__product-add-to-cart\"><a href=\"\/de\/wp-json\/wp\/v2\/posts\/30770?add-to-cart=30345\" aria-label=\"In den Warenkorb legen: \u201eLe Regard Libre - N\u00ba 58\u201c.\u201c\" data-quantity=\"1\" data-product_id=\"30345\" data-product_sku=\"\" data-price=\"10\" rel=\"nofollow\" class=\"wp-block-button__link  add_to_cart_button ajax_add_to_cart\">In den Warenkorb<\/a><\/div>\n\t\t\t<\/li><li class=\"wc-block-grid__product\">\n\t\t\t\t<a href=\"https:\/\/leregardlibre.com\/de\/produkt\/abonnement-numerique\/\" class=\"wc-block-grid__product-link\">\n\t\t\t\t\t\n\t\t\t\t\t<div class=\"wc-block-grid__product-image\"><img decoding=\"async\" width=\"300\" height=\"300\" src=\"https:\/\/leregardlibre.com\/wp-content\/uploads\/woocommerce-placeholder.webp\" class=\"woocommerce-placeholder wp-post-image\" alt=\"\" srcset=\"https:\/\/leregardlibre.com\/wp-content\/uploads\/woocommerce-placeholder.webp 1200w, https:\/\/leregardlibre.com\/wp-content\/uploads\/woocommerce-placeholder-300x300.webp 300w, https:\/\/leregardlibre.com\/wp-content\/uploads\/woocommerce-placeholder-1024x1024.webp 1024w, https:\/\/leregardlibre.com\/wp-content\/uploads\/woocommerce-placeholder-150x150.webp 150w, https:\/\/leregardlibre.com\/wp-content\/uploads\/woocommerce-placeholder-768x768.webp 768w, https:\/\/leregardlibre.com\/wp-content\/uploads\/woocommerce-placeholder-1170x1170.webp 1170w, https:\/\/leregardlibre.com\/wp-content\/uploads\/woocommerce-placeholder-585x585.webp 585w\" sizes=\"(max-width: 300px) 100vw, 300px\" \/><\/div>\n\t\t\t\t\t<div class=\"wc-block-grid__product-title\">Digitales Abonnement<\/div>\n\t\t\t\t<\/a>\n\t\t\t\t<div class=\"wc-block-grid__product-price price\"><span class=\"woocommerce-Price-amount amount\"><span class=\"woocommerce-Price-currencySymbol\">CHF<\/span>50.00<\/span> <span class=\"subscription-details\"> \/ Jahr<\/span><\/div>\n\t\t\t\t\n\t\t\t\t<div class=\"wp-block-button wc-block-grid__product-add-to-cart\"><a href=\"https:\/\/leregardlibre.com\/de\/produkt\/abonnement-numerique\/\" aria-label=\"Weitere Informationen zu \u201eDigitales Abonnement\u201c\" data-quantity=\"1\" data-product_id=\"24185\" data-product_sku=\"\" data-price=\"50\" rel=\"nofollow\" class=\"wp-block-button__link  add_to_cart_button\">Mehr erfahren<\/a><\/div>\n\t\t\t<\/li><li class=\"wc-block-grid__product\">\n\t\t\t\t<a href=\"https:\/\/leregardlibre.com\/de\/produkt\/le-regard-libre-abonnement-annuel-a-la-version-papier\/\" class=\"wc-block-grid__product-link\">\n\t\t\t\t\t\n\t\t\t\t\t<div class=\"wc-block-grid__product-image\"><img decoding=\"async\" width=\"300\" height=\"300\" src=\"https:\/\/leregardlibre.com\/wp-content\/uploads\/woocommerce-placeholder.webp\" class=\"woocommerce-placeholder wp-post-image\" alt=\"\" srcset=\"https:\/\/leregardlibre.com\/wp-content\/uploads\/woocommerce-placeholder.webp 1200w, https:\/\/leregardlibre.com\/wp-content\/uploads\/woocommerce-placeholder-300x300.webp 300w, https:\/\/leregardlibre.com\/wp-content\/uploads\/woocommerce-placeholder-1024x1024.webp 1024w, https:\/\/leregardlibre.com\/wp-content\/uploads\/woocommerce-placeholder-150x150.webp 150w, https:\/\/leregardlibre.com\/wp-content\/uploads\/woocommerce-placeholder-768x768.webp 768w, https:\/\/leregardlibre.com\/wp-content\/uploads\/woocommerce-placeholder-1170x1170.webp 1170w, https:\/\/leregardlibre.com\/wp-content\/uploads\/woocommerce-placeholder-585x585.webp 585w\" sizes=\"(max-width: 300px) 100vw, 300px\" \/><\/div>\n\t\t\t\t\t<div class=\"wc-block-grid__product-title\">Standard-Abonnement (Schweiz)<\/div>\n\t\t\t\t<\/a>\n\t\t\t\t<div class=\"wc-block-grid__product-price price\"><span class=\"woocommerce-Price-amount amount\"><span class=\"woocommerce-Price-currencySymbol\">CHF<\/span>100.00<\/span> <span class=\"subscription-details\"> \/ Jahr<\/span><\/div>\n\t\t\t\t\n\t\t\t\t<div class=\"wp-block-button wc-block-grid__product-add-to-cart\"><a href=\"\/de\/wp-json\/wp\/v2\/posts\/30770?add-to-cart=17631\" aria-label=\"Jetzt abonnieren: \u201eStandardabonnement (Schweiz)\u201c.\u201c\" data-quantity=\"1\" data-product_id=\"17631\" data-product_sku=\"\" data-price=\"100\" rel=\"nofollow\" class=\"wp-block-button__link  add_to_cart_button ajax_add_to_cart\">Jetzt abonnieren<\/a><\/div>\n\t\t\t<\/li><li class=\"wc-block-grid__product\">\n\t\t\t\t<a href=\"https:\/\/leregardlibre.com\/de\/produkt\/fordermitgliedschaft\/\" class=\"wc-block-grid__product-link\">\n\t\t\t\t\t\n\t\t\t\t\t<div class=\"wc-block-grid__product-image\"><img decoding=\"async\" width=\"300\" height=\"300\" src=\"https:\/\/leregardlibre.com\/wp-content\/uploads\/woocommerce-placeholder.webp\" class=\"woocommerce-placeholder wp-post-image\" alt=\"\" srcset=\"https:\/\/leregardlibre.com\/wp-content\/uploads\/woocommerce-placeholder.webp 1200w, https:\/\/leregardlibre.com\/wp-content\/uploads\/woocommerce-placeholder-300x300.webp 300w, https:\/\/leregardlibre.com\/wp-content\/uploads\/woocommerce-placeholder-1024x1024.webp 1024w, https:\/\/leregardlibre.com\/wp-content\/uploads\/woocommerce-placeholder-150x150.webp 150w, https:\/\/leregardlibre.com\/wp-content\/uploads\/woocommerce-placeholder-768x768.webp 768w, https:\/\/leregardlibre.com\/wp-content\/uploads\/woocommerce-placeholder-1170x1170.webp 1170w, https:\/\/leregardlibre.com\/wp-content\/uploads\/woocommerce-placeholder-585x585.webp 585w\" sizes=\"(max-width: 300px) 100vw, 300px\" \/><\/div>\n\t\t\t\t\t<div class=\"wc-block-grid__product-title\">Unterst\u00fctzendes Abonnement<\/div>\n\t\t\t\t<\/a>\n\t\t\t\t<div class=\"wc-block-grid__product-price price\"><span class=\"woocommerce-Price-amount amount\"><span class=\"woocommerce-Price-currencySymbol\">CHF<\/span>200.00<\/span> <span class=\"subscription-details\"> \/ Jahr<\/span><\/div>\n\t\t\t\t\n\t\t\t\t<div class=\"wp-block-button wc-block-grid__product-add-to-cart\"><a href=\"https:\/\/leregardlibre.com\/de\/produkt\/fordermitgliedschaft\/\" aria-label=\"Weitere Informationen zu \u201eF\u00f6rdermitgliedschaft\u201c\" data-quantity=\"1\" data-product_id=\"19241\" data-product_sku=\"\" data-price=\"200\" rel=\"nofollow\" class=\"wp-block-button__link  add_to_cart_button\">Mehr erfahren<\/a><\/div>\n\t\t\t<\/li><\/ul><\/div>","protected":false},"excerpt":{"rendered":"<p>Auf dem Weg zum \u00abneuen Hollywood\u00bb<\/p>","protected":false},"author":138,"featured_media":0,"comment_status":"open","ping_status":"open","sticky":false,"template":"","format":"standard","meta":{"_acf_changed":false,"footnotes":""},"categories":[644355829],"tags":[506440,644342637,415599,644341300,644344100,644344099,644344097,644341118,644342132,644344101,644344104,45553,55993,671541,644344108,644344107,56942,337414],"class_list":["post-30770","post","type-post","status-publish","format-standard","hentry","category-films","tag-absurde","tag-annees-60","tag-cinema-americain","tag-cinema-hollywoodien","tag-cinematheque-suisse","tag-dennis-hopper","tag-easy-rider","tag-exposition","tag-harley","tag-harley-davidson","tag-le-laureat","tag-liberte","tag-lsd","tag-melancolie","tag-moto","tag-motos","tag-nostalgie","tag-seventies"],"acf":[],"yoast_head":"<!-- This site is optimized with the Yoast SEO Premium plugin v27.4 (Yoast SEO v27.4) - https:\/\/yoast.com\/product\/yoast-seo-premium-wordpress\/ -->\n<title>\u00abEasy rider\u00bb et la qu\u00eate m\u00e9lancolique de libert\u00e9<\/title>\n<meta name=\"robots\" content=\"index, follow, max-snippet:-1, max-image-preview:large, max-video-preview:-1\" \/>\n<link rel=\"canonical\" href=\"https:\/\/leregardlibre.com\/de\/kino\/filme\/easy-rider-et-la-quete-melancolique-de-liberte\/\" \/>\n<meta property=\"og:locale\" content=\"de_DE\" \/>\n<meta property=\"og:type\" content=\"article\" \/>\n<meta property=\"og:title\" content=\"\u00abEasy rider\u00bb et la qu\u00eate m\u00e9lancolique de libert\u00e9\" \/>\n<meta property=\"og:description\" content=\"Sur la route du \u00abnouvel Hollywood\u00bb\" \/>\n<meta property=\"og:url\" content=\"https:\/\/leregardlibre.com\/de\/kino\/filme\/easy-rider-et-la-quete-melancolique-de-liberte\/\" \/>\n<meta property=\"og:site_name\" content=\"Le Regard Libre\" \/>\n<meta property=\"article:publisher\" content=\"https:\/\/www.facebook.com\/leregardlibre\/\" \/>\n<meta property=\"article:author\" content=\"https:\/\/www.facebook.com\/jonas.follonier\/\" \/>\n<meta property=\"article:published_time\" content=\"2020-01-26T18:11:10+00:00\" \/>\n<meta property=\"article:modified_time\" content=\"2025-12-04T21:29:26+00:00\" \/>\n<meta property=\"og:image\" content=\"https:\/\/leregardlibre.com\/wp-content\/uploads\/2025\/11\/rl_logo_1a-e1762609033480.jpg\" \/>\n\t<meta property=\"og:image:width\" content=\"2154\" \/>\n\t<meta property=\"og:image:height\" content=\"1264\" \/>\n\t<meta property=\"og:image:type\" content=\"image\/jpeg\" \/>\n<meta name=\"author\" content=\"Jonas Follonier\" \/>\n<meta name=\"twitter:card\" content=\"summary_large_image\" \/>\n<meta name=\"twitter:creator\" content=\"@LeRegardLibre\" \/>\n<meta name=\"twitter:site\" content=\"@LeRegardLibre\" \/>\n<meta name=\"twitter:label1\" content=\"Verfasst von\" \/>\n\t<meta name=\"twitter:data1\" content=\"Jonas Follonier\" \/>\n\t<meta name=\"twitter:label2\" content=\"Gesch\u00e4tzte Lesezeit\" \/>\n\t<meta name=\"twitter:data2\" content=\"4\u00a0Minuten\" \/>\n<script type=\"application\/ld+json\" class=\"yoast-schema-graph\">{\"@context\":\"https:\\\/\\\/schema.org\",\"@graph\":[{\"@type\":\"Article\",\"@id\":\"https:\\\/\\\/leregardlibre.com\\\/cinema\\\/films\\\/easy-rider-et-la-quete-melancolique-de-liberte\\\/#article\",\"isPartOf\":{\"@id\":\"https:\\\/\\\/leregardlibre.com\\\/cinema\\\/films\\\/easy-rider-et-la-quete-melancolique-de-liberte\\\/\"},\"author\":{\"name\":\"Jonas Follonier\",\"@id\":\"https:\\\/\\\/leregardlibre.com\\\/#\\\/schema\\\/person\\\/bfe5aa794a23be71485d60e2d93ec0d2\"},\"headline\":\"\u00abEasy rider\u00bb et la qu\u00eate m\u00e9lancolique de libert\u00e9\",\"datePublished\":\"2020-01-26T18:11:10+00:00\",\"dateModified\":\"2025-12-04T21:29:26+00:00\",\"mainEntityOfPage\":{\"@id\":\"https:\\\/\\\/leregardlibre.com\\\/cinema\\\/films\\\/easy-rider-et-la-quete-melancolique-de-liberte\\\/\"},\"wordCount\":768,\"commentCount\":0,\"publisher\":{\"@id\":\"https:\\\/\\\/leregardlibre.com\\\/#organization\"},\"keywords\":[\"Absurde\",\"Ann\u00e9es 60\",\"Cin\u00e9ma am\u00e9ricain\",\"Cin\u00e9ma hollywoodien\",\"Cin\u00e9math\u00e8que suisse\",\"dennis hopper\",\"easy rider\",\"Exposition\",\"harley\",\"harley davidson\",\"le laur\u00e9at\",\"Libert\u00e9\",\"LSD\",\"M\u00e9lancolie\",\"moto\",\"motos\",\"Nostalgie\",\"seventies\"],\"articleSection\":[\"Films\"],\"inLanguage\":\"de\",\"potentialAction\":[{\"@type\":\"CommentAction\",\"name\":\"Comment\",\"target\":[\"https:\\\/\\\/leregardlibre.com\\\/cinema\\\/films\\\/easy-rider-et-la-quete-melancolique-de-liberte\\\/#respond\"]}]},{\"@type\":\"WebPage\",\"@id\":\"https:\\\/\\\/leregardlibre.com\\\/cinema\\\/films\\\/easy-rider-et-la-quete-melancolique-de-liberte\\\/\",\"url\":\"https:\\\/\\\/leregardlibre.com\\\/cinema\\\/films\\\/easy-rider-et-la-quete-melancolique-de-liberte\\\/\",\"name\":\"\u00abEasy rider\u00bb et la qu\u00eate m\u00e9lancolique de libert\u00e9\",\"isPartOf\":{\"@id\":\"https:\\\/\\\/leregardlibre.com\\\/#website\"},\"datePublished\":\"2020-01-26T18:11:10+00:00\",\"dateModified\":\"2025-12-04T21:29:26+00:00\",\"breadcrumb\":{\"@id\":\"https:\\\/\\\/leregardlibre.com\\\/cinema\\\/films\\\/easy-rider-et-la-quete-melancolique-de-liberte\\\/#breadcrumb\"},\"inLanguage\":\"de\",\"potentialAction\":[{\"@type\":\"ReadAction\",\"target\":[\"https:\\\/\\\/leregardlibre.com\\\/cinema\\\/films\\\/easy-rider-et-la-quete-melancolique-de-liberte\\\/\"]}]},{\"@type\":\"BreadcrumbList\",\"@id\":\"https:\\\/\\\/leregardlibre.com\\\/cinema\\\/films\\\/easy-rider-et-la-quete-melancolique-de-liberte\\\/#breadcrumb\",\"itemListElement\":[{\"@type\":\"ListItem\",\"position\":1,\"name\":\"Accueil\",\"item\":\"https:\\\/\\\/leregardlibre.com\\\/\"},{\"@type\":\"ListItem\",\"position\":2,\"name\":\"\u00abEasy rider\u00bb et la qu\u00eate m\u00e9lancolique de libert\u00e9\"}]},{\"@type\":\"WebSite\",\"@id\":\"https:\\\/\\\/leregardlibre.com\\\/#website\",\"url\":\"https:\\\/\\\/leregardlibre.com\\\/\",\"name\":\"Le Regard Libre\",\"description\":\"Premier mensuel suisse de d\u00e9bat\",\"publisher\":{\"@id\":\"https:\\\/\\\/leregardlibre.com\\\/#organization\"},\"potentialAction\":[{\"@type\":\"SearchAction\",\"target\":{\"@type\":\"EntryPoint\",\"urlTemplate\":\"https:\\\/\\\/leregardlibre.com\\\/?s={search_term_string}\"},\"query-input\":{\"@type\":\"PropertyValueSpecification\",\"valueRequired\":true,\"valueName\":\"search_term_string\"}}],\"inLanguage\":\"de\"},{\"@type\":\"Organization\",\"@id\":\"https:\\\/\\\/leregardlibre.com\\\/#organization\",\"name\":\"Le Regard Libre\",\"url\":\"https:\\\/\\\/leregardlibre.com\\\/\",\"logo\":{\"@type\":\"ImageObject\",\"inLanguage\":\"de\",\"@id\":\"https:\\\/\\\/leregardlibre.com\\\/#\\\/schema\\\/logo\\\/image\\\/\",\"url\":\"https:\\\/\\\/leregardlibre.com\\\/wp-content\\\/uploads\\\/2025\\\/08\\\/logo-rl-icone-neg.jpeg\",\"contentUrl\":\"https:\\\/\\\/leregardlibre.com\\\/wp-content\\\/uploads\\\/2025\\\/08\\\/logo-rl-icone-neg.jpeg\",\"width\":557,\"height\":556,\"caption\":\"Le Regard Libre\"},\"image\":{\"@id\":\"https:\\\/\\\/leregardlibre.com\\\/#\\\/schema\\\/logo\\\/image\\\/\"},\"sameAs\":[\"https:\\\/\\\/www.facebook.com\\\/leregardlibre\\\/\",\"https:\\\/\\\/x.com\\\/LeRegardLibre\",\"https:\\\/\\\/www.linkedin.com\\\/company\\\/le-regard-libre\",\"https:\\\/\\\/www.instagram.com\\\/leregardlibre\\\/\",\"http:\\\/\\\/t.me\\\/leregardlibre\",\"https:\\\/\\\/youtube.com\\\/channel\\\/UC6HzGPomj1LsUmlz-sJtITQ\"],\"description\":\"Le Regard Libre est un mensuel suisse de d\u00e9bat intellectuel et culturel. Sa r\u00e9daction est jeune, b\u00e9n\u00e9vole, lib\u00e9rale et pluraliste. Le magazine para\u00eet en ligne et sous forme papier. Sa langue est le fran\u00e7ais.\",\"email\":\"redaction@leregardlibre.com\",\"legalName\":\"Le Regard Libre\",\"foundingDate\":\"2014-01-01\",\"numberOfEmployees\":{\"@type\":\"QuantitativeValue\",\"minValue\":\"11\",\"maxValue\":\"50\"},\"publishingPrinciples\":\"https:\\\/\\\/leregardlibre.com\\\/a-propos\\\/notre-manifeste\\\/\",\"ownershipFundingInfo\":\"https:\\\/\\\/leregardlibre.com\\\/mentions-legales\\\/\",\"actionableFeedbackPolicy\":\"https:\\\/\\\/leregardlibre.com\\\/conditions-generales-de-vente\\\/\"},{\"@type\":\"Person\",\"@id\":\"https:\\\/\\\/leregardlibre.com\\\/#\\\/schema\\\/person\\\/bfe5aa794a23be71485d60e2d93ec0d2\",\"name\":\"Jonas Follonier\",\"image\":{\"@type\":\"ImageObject\",\"inLanguage\":\"de\",\"@id\":\"https:\\\/\\\/secure.gravatar.com\\\/avatar\\\/602060b40f6a458420c2d140f49b6caea99152ce6704f2c332e5a0c5aad80303?s=96&d=identicon&r=g\",\"url\":\"https:\\\/\\\/secure.gravatar.com\\\/avatar\\\/602060b40f6a458420c2d140f49b6caea99152ce6704f2c332e5a0c5aad80303?s=96&d=identicon&r=g\",\"contentUrl\":\"https:\\\/\\\/secure.gravatar.com\\\/avatar\\\/602060b40f6a458420c2d140f49b6caea99152ce6704f2c332e5a0c5aad80303?s=96&d=identicon&r=g\",\"caption\":\"Jonas Follonier\"},\"description\":\"Correspondant au Palais f\u00e9d\u00e9ral pour \u00abL\u2019Agefi\u00bb, auteur-compositeur-interpr\u00e8te et essayiste, Jonas Follonier est le fondateur et r\u00e9dacteur en chef du \u00abRegard Libre\u00bb.\",\"sameAs\":[\"https:\\\/\\\/www.facebook.com\\\/jonas.follonier\\\/\",\"https:\\\/\\\/www.instagram.com\\\/jonasfollonier\\\/\",\"https:\\\/\\\/www.linkedin.com\\\/in\\\/jonasfollonier\\\/\",\"https:\\\/\\\/fr.wikipedia.org\\\/wiki\\\/Le_Regard_libre\"],\"url\":\"https:\\\/\\\/leregardlibre.com\\\/de\\\/author\\\/jonas-follonier\\\/\"}]}<\/script>\n<!-- \/ Yoast SEO Premium plugin. -->","yoast_head_json":{"title":"\u00abEasy Rider\u00bb und das melancholische Streben nach Freiheit","robots":{"index":"index","follow":"follow","max-snippet":"max-snippet:-1","max-image-preview":"max-image-preview:large","max-video-preview":"max-video-preview:-1"},"canonical":"https:\/\/leregardlibre.com\/de\/kino\/filme\/easy-rider-et-la-quete-melancolique-de-liberte\/","og_locale":"de_DE","og_type":"article","og_title":"\u00abEasy rider\u00bb et la qu\u00eate m\u00e9lancolique de libert\u00e9","og_description":"Sur la route du \u00abnouvel Hollywood\u00bb","og_url":"https:\/\/leregardlibre.com\/de\/kino\/filme\/easy-rider-et-la-quete-melancolique-de-liberte\/","og_site_name":"Le Regard Libre","article_publisher":"https:\/\/www.facebook.com\/leregardlibre\/","article_author":"https:\/\/www.facebook.com\/jonas.follonier\/","article_published_time":"2020-01-26T18:11:10+00:00","article_modified_time":"2025-12-04T21:29:26+00:00","og_image":[{"width":2154,"height":1264,"url":"https:\/\/leregardlibre.com\/wp-content\/uploads\/2025\/11\/rl_logo_1a-e1762609033480.jpg","type":"image\/jpeg"}],"author":"Jonas Follonier","twitter_card":"summary_large_image","twitter_creator":"@LeRegardLibre","twitter_site":"@LeRegardLibre","twitter_misc":{"Verfasst von":"Jonas Follonier","Gesch\u00e4tzte Lesezeit":"4\u00a0Minuten"},"schema":{"@context":"https:\/\/schema.org","@graph":[{"@type":"Article","@id":"https:\/\/leregardlibre.com\/cinema\/films\/easy-rider-et-la-quete-melancolique-de-liberte\/#article","isPartOf":{"@id":"https:\/\/leregardlibre.com\/cinema\/films\/easy-rider-et-la-quete-melancolique-de-liberte\/"},"author":{"name":"Jonas Follonier","@id":"https:\/\/leregardlibre.com\/#\/schema\/person\/bfe5aa794a23be71485d60e2d93ec0d2"},"headline":"\u00abEasy rider\u00bb et la qu\u00eate m\u00e9lancolique de libert\u00e9","datePublished":"2020-01-26T18:11:10+00:00","dateModified":"2025-12-04T21:29:26+00:00","mainEntityOfPage":{"@id":"https:\/\/leregardlibre.com\/cinema\/films\/easy-rider-et-la-quete-melancolique-de-liberte\/"},"wordCount":768,"commentCount":0,"publisher":{"@id":"https:\/\/leregardlibre.com\/#organization"},"keywords":["Absurde","Ann\u00e9es 60","Cin\u00e9ma am\u00e9ricain","Cin\u00e9ma hollywoodien","Cin\u00e9math\u00e8que suisse","dennis hopper","easy rider","Exposition","harley","harley davidson","le laur\u00e9at","Libert\u00e9","LSD","M\u00e9lancolie","moto","motos","Nostalgie","seventies"],"articleSection":["Films"],"inLanguage":"de","potentialAction":[{"@type":"CommentAction","name":"Comment","target":["https:\/\/leregardlibre.com\/cinema\/films\/easy-rider-et-la-quete-melancolique-de-liberte\/#respond"]}]},{"@type":"WebPage","@id":"https:\/\/leregardlibre.com\/cinema\/films\/easy-rider-et-la-quete-melancolique-de-liberte\/","url":"https:\/\/leregardlibre.com\/cinema\/films\/easy-rider-et-la-quete-melancolique-de-liberte\/","name":"\u00abEasy Rider\u00bb und das melancholische Streben nach Freiheit","isPartOf":{"@id":"https:\/\/leregardlibre.com\/#website"},"datePublished":"2020-01-26T18:11:10+00:00","dateModified":"2025-12-04T21:29:26+00:00","breadcrumb":{"@id":"https:\/\/leregardlibre.com\/cinema\/films\/easy-rider-et-la-quete-melancolique-de-liberte\/#breadcrumb"},"inLanguage":"de","potentialAction":[{"@type":"ReadAction","target":["https:\/\/leregardlibre.com\/cinema\/films\/easy-rider-et-la-quete-melancolique-de-liberte\/"]}]},{"@type":"BreadcrumbList","@id":"https:\/\/leregardlibre.com\/cinema\/films\/easy-rider-et-la-quete-melancolique-de-liberte\/#breadcrumb","itemListElement":[{"@type":"ListItem","position":1,"name":"Accueil","item":"https:\/\/leregardlibre.com\/"},{"@type":"ListItem","position":2,"name":"\u00abEasy rider\u00bb et la qu\u00eate m\u00e9lancolique de libert\u00e9"}]},{"@type":"WebSite","@id":"https:\/\/leregardlibre.com\/#website","url":"https:\/\/leregardlibre.com\/","name":"Le Regard Libre","description":"Erste Schweizer Monatszeitschrift f\u00fcr Debatten","publisher":{"@id":"https:\/\/leregardlibre.com\/#organization"},"potentialAction":[{"@type":"SearchAction","target":{"@type":"EntryPoint","urlTemplate":"https:\/\/leregardlibre.com\/?s={search_term_string}"},"query-input":{"@type":"PropertyValueSpecification","valueRequired":true,"valueName":"search_term_string"}}],"inLanguage":"de"},{"@type":"Organization","@id":"https:\/\/leregardlibre.com\/#organization","name":"Le Regard Libre","url":"https:\/\/leregardlibre.com\/","logo":{"@type":"ImageObject","inLanguage":"de","@id":"https:\/\/leregardlibre.com\/#\/schema\/logo\/image\/","url":"https:\/\/leregardlibre.com\/wp-content\/uploads\/2025\/08\/logo-rl-icone-neg.jpeg","contentUrl":"https:\/\/leregardlibre.com\/wp-content\/uploads\/2025\/08\/logo-rl-icone-neg.jpeg","width":557,"height":556,"caption":"Le Regard Libre"},"image":{"@id":"https:\/\/leregardlibre.com\/#\/schema\/logo\/image\/"},"sameAs":["https:\/\/www.facebook.com\/leregardlibre\/","https:\/\/x.com\/LeRegardLibre","https:\/\/www.linkedin.com\/company\/le-regard-libre","https:\/\/www.instagram.com\/leregardlibre\/","http:\/\/t.me\/leregardlibre","https:\/\/youtube.com\/channel\/UC6HzGPomj1LsUmlz-sJtITQ"],"description":"Le Regard Libre ist eine Schweizer Monatszeitschrift f\u00fcr intellektuelle und kulturelle Debatten. Seine Redaktion ist jung, ehrenamtlich, liberal und pluralistisch. Das Magazin erscheint online und in gedruckter Form. Seine Sprache ist Franz\u00f6sisch.","email":"redaction@leregardlibre.com","legalName":"Le Regard Libre","foundingDate":"2014-01-01","numberOfEmployees":{"@type":"QuantitativeValue","minValue":"11","maxValue":"50"},"publishingPrinciples":"https:\/\/leregardlibre.com\/a-propos\/notre-manifeste\/","ownershipFundingInfo":"https:\/\/leregardlibre.com\/mentions-legales\/","actionableFeedbackPolicy":"https:\/\/leregardlibre.com\/conditions-generales-de-vente\/"},{"@type":"Person","@id":"https:\/\/leregardlibre.com\/#\/schema\/person\/bfe5aa794a23be71485d60e2d93ec0d2","name":"Jonas Follonier","image":{"@type":"ImageObject","inLanguage":"de","@id":"https:\/\/secure.gravatar.com\/avatar\/602060b40f6a458420c2d140f49b6caea99152ce6704f2c332e5a0c5aad80303?s=96&d=identicon&r=g","url":"https:\/\/secure.gravatar.com\/avatar\/602060b40f6a458420c2d140f49b6caea99152ce6704f2c332e5a0c5aad80303?s=96&d=identicon&r=g","contentUrl":"https:\/\/secure.gravatar.com\/avatar\/602060b40f6a458420c2d140f49b6caea99152ce6704f2c332e5a0c5aad80303?s=96&d=identicon&r=g","caption":"Jonas Follonier"},"description":"Bundeshauskorrespondent f\u00fcr \u00abL'Agefi\u00bb, Singer-Songwriter, Jonas Follonier ist Gr\u00fcnder und Chefredakteur von \u00abRegard Libre\u00bb.","sameAs":["https:\/\/www.facebook.com\/jonas.follonier\/","https:\/\/www.instagram.com\/jonasfollonier\/","https:\/\/www.linkedin.com\/in\/jonasfollonier\/","https:\/\/fr.wikipedia.org\/wiki\/Le_Regard_libre"],"url":"https:\/\/leregardlibre.com\/de\/author\/jonas-follonier\/"}]}},"_links":{"self":[{"href":"https:\/\/leregardlibre.com\/de\/wp-json\/wp\/v2\/posts\/30770","targetHints":{"allow":["GET"]}}],"collection":[{"href":"https:\/\/leregardlibre.com\/de\/wp-json\/wp\/v2\/posts"}],"about":[{"href":"https:\/\/leregardlibre.com\/de\/wp-json\/wp\/v2\/types\/post"}],"author":[{"embeddable":true,"href":"https:\/\/leregardlibre.com\/de\/wp-json\/wp\/v2\/users\/138"}],"replies":[{"embeddable":true,"href":"https:\/\/leregardlibre.com\/de\/wp-json\/wp\/v2\/comments?post=30770"}],"version-history":[{"count":1,"href":"https:\/\/leregardlibre.com\/de\/wp-json\/wp\/v2\/posts\/30770\/revisions"}],"predecessor-version":[{"id":511599,"href":"https:\/\/leregardlibre.com\/de\/wp-json\/wp\/v2\/posts\/30770\/revisions\/511599"}],"wp:attachment":[{"href":"https:\/\/leregardlibre.com\/de\/wp-json\/wp\/v2\/media?parent=30770"}],"wp:term":[{"taxonomy":"category","embeddable":true,"href":"https:\/\/leregardlibre.com\/de\/wp-json\/wp\/v2\/categories?post=30770"},{"taxonomy":"post_tag","embeddable":true,"href":"https:\/\/leregardlibre.com\/de\/wp-json\/wp\/v2\/tags?post=30770"}],"curies":[{"name":"wp","href":"https:\/\/api.w.org\/{rel}","templated":true}]}}