{"id":31485,"date":"2020-02-11T20:00:49","date_gmt":"2020-02-11T19:00:49","guid":{"rendered":"https:\/\/leregardlibre.com\/?p=31485"},"modified":"2022-09-25T16:17:49","modified_gmt":"2022-09-25T14:17:49","slug":"jonathan-coe-das-herz-zerrissen-von-langleterre-der-2010er-jahre","status":"publish","type":"post","link":"https:\/\/leregardlibre.com\/de\/literatur\/jonathan-coe-das-herz-zerrissen-von-langleterre-der-2010er-jahre\/","title":{"rendered":"Jonathan Coe, dessen Herz vom England der 2010er Jahre zerrissen wurde"},"content":{"rendered":"<p><em>B\u00fccher am Dienstag - Lauriane Pipoz<\/em><\/p>\n\n\n\n<p class=\"has-drop-cap\"><strong>Zwischen Roman und politischem Essay angesiedelt, hat Jonathan Coe\nkehrt zur\u00fcck, um uns die dem Brexit zugrunde liegenden Kr\u00e4fte vorzustellen. Durch die\nFiguren von <em>Willkommen im Club<\/em> und\nder <em>Geschlossener Kreis<\/em>, Er erz\u00e4hlt uns von der\ndie Zersplitterung des einst so m\u00e4chtigen Landes. Dank ihrer Abenteuer und vor allem\nihren guten W\u00f6rtern habe ich viel gelacht. Aber es ist dennoch die Geschichte eines\nZusammenbruchs, die uns der Autor beschreibt. Ohne den Anschein zu erwecken.<\/strong><\/p>\n\n\n\n<!--more Lire la critique-->\n\n\n\n<p>\u00abWie ist es in England so weit gekommen?\u00bb Diese Frage versuchen die Figuren in dem Roman \u00abDas Herz von England\" zu beantworten. Mehr oder weniger bewusst. Was hat sich zwischen 2010 und 2018 ver\u00e4ndert? Was ist der Grund f\u00fcr den Brexit? Wie kommt es, dass der Hass auf den Stra\u00dfen zunimmt?<\/p>\n\n\n\n<p>Letzteres ist in diesem Roman gut sp\u00fcrbar. <em>Willkommen im Club<\/em> war von den Pub-Attentaten von 1974 gepr\u00e4gt. Hier erleben wir die Unruhen von 2011. Wie in den ersten F\u00e4llen sind auch diese Gewaltausbr\u00fcche politisch motiviert. Daher sind sie f\u00fcr unseren Autor von Interesse, der sich viel M\u00fche gibt, nicht nur die Ursachen, sondern auch die verheerenden Folgen dieser Gewalttaten aufzuzeigen. Er erkl\u00e4rt sie uns auf einfache Weise durch die klaren Stellungnahmen der Charaktere. Benjamin, Doug, Sophie und die anderen kommen zusammen und stehen sich gegen\u00fcber, um uns zu zeigen, wie das soziale Umfeld bestimmen kann - oder auch nicht -, auf welcher Seite sie stehen werden, wenn die Brexit-Frage aufkommt. Oder des <em>Brixit<\/em>, Der Autor verwendet diesen Begriff, um auf surreale Weise zu zeigen, wie realit\u00e4tsfremd Dave Camerons Kabinett ist.<\/p>\n\n\n\n<blockquote class=\"wp-block-quote is-layout-flow wp-block-quote-is-layout-flow\"><p>\u00abNehmen wir an, die Menschen stimmen f\u00fcr was?<br>- Der Brexit\u00bb.\u00bb<br>Nigel sah ihn verbl\u00fcfft an. \u00abWie kommen Sie auf dieses Wort?<br>- Ist es nicht das, was die Leute sagen?<br>- Ich dachte, es hie\u00dfe Brixit.<br>- Was? Der Brixit?<br>- Das sagen wir.<br>- Wer wir?<br>-Dave und das gesamte Team\u00bb.\u00bb<\/p><\/blockquote>\n\n\n\n<blockquote class=\"wp-block-quote is-layout-flow wp-block-quote-is-layout-flow\"><p>\u00abUnd wir, die wir immer Brixit gesagt haben...\u00bb Nigel sch\u00fcttelte den Kopf, w\u00e4hrend er weitere detaillierte Notizen machte. \u00abDas wird bei der n\u00e4chsten Kabinettssitzung wie eine Bombe einschlagen. <br>- Bah, in dem Ma\u00dfe, in dem Sie davon \u00fcberzeugt sind, dass es nicht passieren wird, brauchen Sie nicht wirklich ein Wort, um das zu sagen ...\u00bb.\u00bb<\/p><\/blockquote>\n\n\n\n<p>Diese Einfachheit ist die St\u00e4rke von Jonathan Coe. Haben Sie die ersten beiden Teile dieser Trilogie gelesen? Das ist perfekt. Sie haben sie nicht gelesen? Das ist auch in Ordnung. Denn Jonathan Coe l\u00e4sst niemanden zur\u00fcck. Weder seine neuen Leser noch diejenigen, die sich nicht mit der britischen Politik auskennen. Die Protagonisten erinnern sich oft genug an die Vergangenheit, damit der unerfahrene Leser auf den Zug aufspringen kann. Allerdings ohne den Eindruck zu erwecken, dass dies der Fall ist. Die K\u00fcrze der Ereignisse l\u00e4sst keine Langeweile aufkommen; ihre Anzahl erm\u00f6glicht es, ein vollst\u00e4ndiges Bild der politischen und pers\u00f6nlichen - und oft auch der politisch-pers\u00f6nlichen, da beides fast immer miteinander verbunden ist - Situationen zu zeichnen. Das ist der wahre Reichtum dieses Genres zwischen Roman und politischem Essay: Der Autor benutzt seine Figuren, um uns die politischen Kr\u00e4fte, die am Werk sind, leicht verst\u00e4ndlich zu machen. Das beste Beispiel daf\u00fcr ist die Spaltung der Ehe zwischen Sophie und Ian, die mit Hilfe von <em>bleiben<\/em> und von <em>leave<\/em>.<\/p>\n\n\n\n<blockquote class=\"wp-block-quote is-layout-flow wp-block-quote-is-layout-flow\"><p>Schon bei der ersten Sitzung eine Woche sp\u00e4ter erkl\u00e4rte ihre Eheberaterin Lorna, dass viele der Paare, die sie derzeit betreute, den Brexit als Schl\u00fcsselfaktor f\u00fcr ihr Auseinanderdriften genannt hatten.<br>\u00abNormalerweise beginne ich damit, jedem die gleiche Frage zu stellen. Sophie, warum sind Sie so w\u00fctend auf Ian, weil er mit Nein zur Europ\u00e4ischen Union gestimmt hat. Und du, Ian, warum bist du so sauer auf Sophie, weil sie mit Ja gestimmt hat?\u00bb.\u00bb<br>Sophie \u00fcberlegt, bevor sie antwortet.<br>\u00abIch glaube, das liegt daran, dass ich mir dachte, dass er nicht so offen war, wie ich es mir pers\u00f6nlich vorgestellt hatte. Dass f\u00fcr ihn das erste Modell der menschlichen Beziehungen auf Antagonismus und Wettbewerb hinauslief und nicht auf Kooperation.\u00bb<\/p><\/blockquote>\n\n\n\n<p>Ich m\u00f6chte hinzuf\u00fcgen\ndass dieser Virtuose der auf wahren Begebenheiten beruhenden Fiktion die F\u00e4higkeit besitzt, die\nmenschlichen Beziehungen mit Bravour. Die Charaktere werden in Situationen gebracht\nzweideutig dargestellt. Wir m\u00fcssen also nachdenken, um zu verstehen, auf welcher Seite der Autor steht.\nUnd vor allem, unsere eigene zu bestimmen. Diese Zerst\u00fcckelungen haben mich manchmal unterbrochen\nin meiner Lekt\u00fcre. Das ist jedoch positiv zu bewerten, denn sie repr\u00e4sentieren genau die Gr\u00fcnde, die das Land dazu veranlasst haben, das Land zu verlassen.\ndie Gr\u00fcnde, warum das Land des Autors zersplittert ist. Dar\u00fcber hinaus,\nDiese Ambivalenz bringt den Leser nicht allzu sehr aus dem Gleichgewicht, da die Psychologie der\nder Hauptfiguren recht einfach ist. Ziemlich vorhersehbare Protagonisten, die miteinander interagieren\nund reagieren auf gro\u00dfe Ereignisse: Dieses realistische Rezept - ja, ja, wir sind alle\nWir sind alle ein bisschen vorhersehbar - scheint perfekt zu funktionieren.<\/p>\n\n\n\n<p>In diesem letzten Teil kann man Coes Ansichten \u00fcber ein politisches Bild, das sich \u00fcber Jahrzehnte erstreckt, nachvollziehen. Alles in allem bietet diese Fiktion Neulingen in der britischen Politik eine F\u00fclle von Wissen und eine gro\u00dfe Sensibilit\u00e4t f\u00fcr das Land des\u2019<em>After Eight<\/em>. F\u00fcr andere Humor <em>british <\/em>Der trockene Humor wird Sie \u00fcberzeugen. Ich habe das Buch mit viel Freude, aber auch mit einem bitters\u00fc\u00dfen Geschmack im Mund beendet. Dass der Bruch in der Bev\u00f6lkerung vielleicht vorhersehbar war, und vor allem, dass er bereits begonnen hat. Dass der Autor dieser Trilogie seinen Figuren zwar den Anschein einer <em>Happy End<\/em>, Die Brexit-Saga ist noch lange nicht zu Ende, wie er selbst wei\u00df. Und schlie\u00dflich, dass sie mit Sicherheit kein gutes Ende nehmen wird.<\/p>\n\n\n\n<blockquote class=\"wp-block-quote is-layout-flow wp-block-quote-is-layout-flow\"><p>\u00abCameron ist immer nur ein Teil der Geschichte\u00bb, fuhr Charlie fort. Meiner Meinung nach hat sich in England im Mai 1979 alles ver\u00e4ndert und vierzig Jahre sp\u00e4ter zahlen wir immer noch f\u00fcr die Folgen.\"<\/p><\/blockquote>\n\n\n\n<p><em>Schreiben Sie der Autorin: <a href=\"mailto:lauriane.pipoz@leregardlibre.com\">lauriane.pipoz@leregardlibre.com<\/a><\/em><\/p>\n\n\n\n<p>Fotocredit: \u00a9 Jonas Follonier<\/p>\n\n\n\n<div class=\"wp-block-media-text alignwide\" style=\"grid-template-columns:22% auto\"><figure class=\"wp-block-media-text__media\"><img fetchpriority=\"high\" decoding=\"async\" width=\"600\" height=\"877\" src=\"http:\/\/leregardlibre.com\/wp-content\/uploads\/2020\/02\/lblob.aspx_.jpeg\" alt=\"\" class=\"wp-image-31489\" srcset=\"https:\/\/leregardlibre.com\/wp-content\/uploads\/2020\/02\/lblob.aspx_.jpeg 600w, https:\/\/leregardlibre.com\/wp-content\/uploads\/2020\/02\/lblob.aspx_-585x855.jpeg 585w, https:\/\/leregardlibre.com\/wp-content\/uploads\/2020\/02\/lblob.aspx_-103x150.jpeg 103w, https:\/\/leregardlibre.com\/wp-content\/uploads\/2020\/02\/lblob.aspx_-205x300.jpeg 205w, https:\/\/leregardlibre.com\/wp-content\/uploads\/2020\/02\/lblob.aspx_-300x439.jpeg 300w\" sizes=\"(max-width: 600px) 100vw, 600px\" \/><\/figure><div class=\"wp-block-media-text__content\">\n<p class=\"has-large-font-size\">Jonathan Coe<br \/><em>Das Herz von England<br \/><\/em>Gallimard Verlag<br \/>2019<br \/>548 Seiten<\/p>\n<\/div><\/div>\n\n\n\n<div class=\"wp-block-button\"><a class=\"wp-block-button__link\" href=\"https:\/\/www.payot.ch\/Detail\/le_coeur_de_langleterre-jonathan_coe-9782072829529\">kaufen<\/a><\/div>","protected":false},"excerpt":{"rendered":"<p>Zwischen Roman und politischem Essay.<\/p>","protected":false},"author":102,"featured_media":31494,"comment_status":"open","ping_status":"open","sticky":false,"template":"","format":"standard","meta":{"_acf_changed":false,"footnotes":""},"categories":[20663],"tags":[48028,644344279,119286966,54879,4328,644344278,644344282,38542,157129],"class_list":["post-31485","post","type-post","status-publish","format-standard","has-post-thumbnail","hentry","category-litterature","tag-angleterre","tag-bienvenue-au-club","tag-brexit","tag-critiques-litteraires","tag-europe","tag-jonathan-coe","tag-lois-trotter","tag-roman","tag-union-europeenne"],"acf":[],"yoast_head":"<!-- This site is optimized with the Yoast SEO Premium plugin v27.4 (Yoast SEO v27.4) - https:\/\/yoast.com\/product\/yoast-seo-premium-wordpress\/ -->\n<title>Jonathan Coe, le c\u0153ur d\u00e9chir\u00e9 par l\u2019Angleterre des ann\u00e9es 2010<\/title>\n<meta name=\"robots\" content=\"index, follow, max-snippet:-1, max-image-preview:large, max-video-preview:-1\" \/>\n<link rel=\"canonical\" href=\"https:\/\/leregardlibre.com\/de\/literatur\/jonathan-coe-das-herz-zerrissen-von-langleterre-der-2010er-jahre\/\" \/>\n<meta property=\"og:locale\" content=\"de_DE\" \/>\n<meta property=\"og:type\" content=\"article\" \/>\n<meta property=\"og:title\" content=\"Jonathan Coe, le c\u0153ur d\u00e9chir\u00e9 par l\u2019Angleterre des ann\u00e9es 2010\" \/>\n<meta property=\"og:description\" content=\"Entre roman et essai politique.\" \/>\n<meta property=\"og:url\" content=\"https:\/\/leregardlibre.com\/de\/literatur\/jonathan-coe-das-herz-zerrissen-von-langleterre-der-2010er-jahre\/\" \/>\n<meta property=\"og:site_name\" content=\"Le Regard Libre\" \/>\n<meta property=\"article:publisher\" content=\"https:\/\/www.facebook.com\/leregardlibre\/\" \/>\n<meta property=\"article:published_time\" content=\"2020-02-11T19:00:49+00:00\" \/>\n<meta property=\"article:modified_time\" content=\"2022-09-25T14:17:49+00:00\" \/>\n<meta property=\"og:image\" content=\"https:\/\/leregardlibre.com\/wp-content\/uploads\/2020\/02\/image0-scaled.jpeg\" \/>\n\t<meta property=\"og:image:width\" content=\"3990\" \/>\n\t<meta property=\"og:image:height\" content=\"2267\" \/>\n\t<meta property=\"og:image:type\" content=\"image\/jpeg\" \/>\n<meta name=\"author\" content=\"Lauriane Pipoz\" \/>\n<meta name=\"twitter:card\" content=\"summary_large_image\" \/>\n<meta name=\"twitter:creator\" content=\"@LeRegardLibre\" \/>\n<meta name=\"twitter:site\" content=\"@LeRegardLibre\" \/>\n<meta name=\"twitter:label1\" content=\"Verfasst von\" \/>\n\t<meta name=\"twitter:data1\" content=\"Lauriane Pipoz\" \/>\n\t<meta name=\"twitter:label2\" content=\"Gesch\u00e4tzte Lesezeit\" \/>\n\t<meta name=\"twitter:data2\" content=\"5\u00a0Minuten\" \/>\n<script type=\"application\/ld+json\" class=\"yoast-schema-graph\">{\"@context\":\"https:\\\/\\\/schema.org\",\"@graph\":[{\"@type\":\"Article\",\"@id\":\"https:\\\/\\\/leregardlibre.com\\\/litterature\\\/jonathan-coe-le-coeur-dechire-par-langleterre-des-annees-2010\\\/#article\",\"isPartOf\":{\"@id\":\"https:\\\/\\\/leregardlibre.com\\\/litterature\\\/jonathan-coe-le-coeur-dechire-par-langleterre-des-annees-2010\\\/\"},\"author\":{\"name\":\"Lauriane Pipoz\",\"@id\":\"https:\\\/\\\/leregardlibre.com\\\/#\\\/schema\\\/person\\\/4a90f0c5c8d33c0d6228249a2f2d37f5\"},\"headline\":\"Jonathan Coe, le c\u0153ur d\u00e9chir\u00e9 par l\u2019Angleterre des ann\u00e9es 2010\",\"datePublished\":\"2020-02-11T19:00:49+00:00\",\"dateModified\":\"2022-09-25T14:17:49+00:00\",\"mainEntityOfPage\":{\"@id\":\"https:\\\/\\\/leregardlibre.com\\\/litterature\\\/jonathan-coe-le-coeur-dechire-par-langleterre-des-annees-2010\\\/\"},\"wordCount\":1064,\"commentCount\":1,\"publisher\":{\"@id\":\"https:\\\/\\\/leregardlibre.com\\\/#organization\"},\"image\":{\"@id\":\"https:\\\/\\\/leregardlibre.com\\\/litterature\\\/jonathan-coe-le-coeur-dechire-par-langleterre-des-annees-2010\\\/#primaryimage\"},\"thumbnailUrl\":\"https:\\\/\\\/leregardlibre.com\\\/wp-content\\\/uploads\\\/2020\\\/02\\\/image0-scaled.jpeg\",\"keywords\":[\"Angleterre\",\"bienvenue au club\",\"Brexit\",\"Critique litt\u00e9raire\",\"Europe\",\"jonathan coe\",\"lois trotter\",\"Roman\",\"Union europ\u00e9enne\"],\"articleSection\":[\"Litt\u00e9rature\"],\"inLanguage\":\"de\",\"potentialAction\":[{\"@type\":\"CommentAction\",\"name\":\"Comment\",\"target\":[\"https:\\\/\\\/leregardlibre.com\\\/litterature\\\/jonathan-coe-le-coeur-dechire-par-langleterre-des-annees-2010\\\/#respond\"]}]},{\"@type\":\"WebPage\",\"@id\":\"https:\\\/\\\/leregardlibre.com\\\/litterature\\\/jonathan-coe-le-coeur-dechire-par-langleterre-des-annees-2010\\\/\",\"url\":\"https:\\\/\\\/leregardlibre.com\\\/litterature\\\/jonathan-coe-le-coeur-dechire-par-langleterre-des-annees-2010\\\/\",\"name\":\"Jonathan Coe, le c\u0153ur d\u00e9chir\u00e9 par l\u2019Angleterre des ann\u00e9es 2010\",\"isPartOf\":{\"@id\":\"https:\\\/\\\/leregardlibre.com\\\/#website\"},\"primaryImageOfPage\":{\"@id\":\"https:\\\/\\\/leregardlibre.com\\\/litterature\\\/jonathan-coe-le-coeur-dechire-par-langleterre-des-annees-2010\\\/#primaryimage\"},\"image\":{\"@id\":\"https:\\\/\\\/leregardlibre.com\\\/litterature\\\/jonathan-coe-le-coeur-dechire-par-langleterre-des-annees-2010\\\/#primaryimage\"},\"thumbnailUrl\":\"https:\\\/\\\/leregardlibre.com\\\/wp-content\\\/uploads\\\/2020\\\/02\\\/image0-scaled.jpeg\",\"datePublished\":\"2020-02-11T19:00:49+00:00\",\"dateModified\":\"2022-09-25T14:17:49+00:00\",\"breadcrumb\":{\"@id\":\"https:\\\/\\\/leregardlibre.com\\\/litterature\\\/jonathan-coe-le-coeur-dechire-par-langleterre-des-annees-2010\\\/#breadcrumb\"},\"inLanguage\":\"de\",\"potentialAction\":[{\"@type\":\"ReadAction\",\"target\":[\"https:\\\/\\\/leregardlibre.com\\\/litterature\\\/jonathan-coe-le-coeur-dechire-par-langleterre-des-annees-2010\\\/\"]}]},{\"@type\":\"ImageObject\",\"inLanguage\":\"de\",\"@id\":\"https:\\\/\\\/leregardlibre.com\\\/litterature\\\/jonathan-coe-le-coeur-dechire-par-langleterre-des-annees-2010\\\/#primaryimage\",\"url\":\"https:\\\/\\\/leregardlibre.com\\\/wp-content\\\/uploads\\\/2020\\\/02\\\/image0-scaled.jpeg\",\"contentUrl\":\"https:\\\/\\\/leregardlibre.com\\\/wp-content\\\/uploads\\\/2020\\\/02\\\/image0-scaled.jpeg\",\"width\":3990,\"height\":2267},{\"@type\":\"BreadcrumbList\",\"@id\":\"https:\\\/\\\/leregardlibre.com\\\/litterature\\\/jonathan-coe-le-coeur-dechire-par-langleterre-des-annees-2010\\\/#breadcrumb\",\"itemListElement\":[{\"@type\":\"ListItem\",\"position\":1,\"name\":\"Accueil\",\"item\":\"https:\\\/\\\/leregardlibre.com\\\/\"},{\"@type\":\"ListItem\",\"position\":2,\"name\":\"Jonathan Coe, le c\u0153ur d\u00e9chir\u00e9 par l\u2019Angleterre des ann\u00e9es 2010\"}]},{\"@type\":\"WebSite\",\"@id\":\"https:\\\/\\\/leregardlibre.com\\\/#website\",\"url\":\"https:\\\/\\\/leregardlibre.com\\\/\",\"name\":\"Le Regard Libre\",\"description\":\"Premier mensuel suisse de d\u00e9bat\",\"publisher\":{\"@id\":\"https:\\\/\\\/leregardlibre.com\\\/#organization\"},\"potentialAction\":[{\"@type\":\"SearchAction\",\"target\":{\"@type\":\"EntryPoint\",\"urlTemplate\":\"https:\\\/\\\/leregardlibre.com\\\/?s={search_term_string}\"},\"query-input\":{\"@type\":\"PropertyValueSpecification\",\"valueRequired\":true,\"valueName\":\"search_term_string\"}}],\"inLanguage\":\"de\"},{\"@type\":\"Organization\",\"@id\":\"https:\\\/\\\/leregardlibre.com\\\/#organization\",\"name\":\"Le Regard Libre\",\"url\":\"https:\\\/\\\/leregardlibre.com\\\/\",\"logo\":{\"@type\":\"ImageObject\",\"inLanguage\":\"de\",\"@id\":\"https:\\\/\\\/leregardlibre.com\\\/#\\\/schema\\\/logo\\\/image\\\/\",\"url\":\"https:\\\/\\\/leregardlibre.com\\\/wp-content\\\/uploads\\\/2025\\\/08\\\/logo-rl-icone-neg.jpeg\",\"contentUrl\":\"https:\\\/\\\/leregardlibre.com\\\/wp-content\\\/uploads\\\/2025\\\/08\\\/logo-rl-icone-neg.jpeg\",\"width\":557,\"height\":556,\"caption\":\"Le Regard Libre\"},\"image\":{\"@id\":\"https:\\\/\\\/leregardlibre.com\\\/#\\\/schema\\\/logo\\\/image\\\/\"},\"sameAs\":[\"https:\\\/\\\/www.facebook.com\\\/leregardlibre\\\/\",\"https:\\\/\\\/x.com\\\/LeRegardLibre\",\"https:\\\/\\\/www.linkedin.com\\\/company\\\/le-regard-libre\",\"https:\\\/\\\/www.instagram.com\\\/leregardlibre\\\/\",\"http:\\\/\\\/t.me\\\/leregardlibre\",\"https:\\\/\\\/youtube.com\\\/channel\\\/UC6HzGPomj1LsUmlz-sJtITQ\"],\"description\":\"Le Regard Libre est un mensuel suisse de d\u00e9bat intellectuel et culturel. Sa r\u00e9daction est jeune, b\u00e9n\u00e9vole, lib\u00e9rale et pluraliste. Le magazine para\u00eet en ligne et sous forme papier. Sa langue est le fran\u00e7ais.\",\"email\":\"redaction@leregardlibre.com\",\"legalName\":\"Le Regard Libre\",\"foundingDate\":\"2014-01-01\",\"numberOfEmployees\":{\"@type\":\"QuantitativeValue\",\"minValue\":\"11\",\"maxValue\":\"50\"},\"publishingPrinciples\":\"https:\\\/\\\/leregardlibre.com\\\/a-propos\\\/notre-manifeste\\\/\",\"ownershipFundingInfo\":\"https:\\\/\\\/leregardlibre.com\\\/mentions-legales\\\/\",\"actionableFeedbackPolicy\":\"https:\\\/\\\/leregardlibre.com\\\/conditions-generales-de-vente\\\/\"},{\"@type\":\"Person\",\"@id\":\"https:\\\/\\\/leregardlibre.com\\\/#\\\/schema\\\/person\\\/4a90f0c5c8d33c0d6228249a2f2d37f5\",\"name\":\"Lauriane Pipoz\",\"image\":{\"@type\":\"ImageObject\",\"inLanguage\":\"de\",\"@id\":\"https:\\\/\\\/secure.gravatar.com\\\/avatar\\\/9a20095942ede01d828f2fc30b63370b5d10612b2f5f1b4099e9dd868b95749d?s=96&d=identicon&r=g\",\"url\":\"https:\\\/\\\/secure.gravatar.com\\\/avatar\\\/9a20095942ede01d828f2fc30b63370b5d10612b2f5f1b4099e9dd868b95749d?s=96&d=identicon&r=g\",\"contentUrl\":\"https:\\\/\\\/secure.gravatar.com\\\/avatar\\\/9a20095942ede01d828f2fc30b63370b5d10612b2f5f1b4099e9dd868b95749d?s=96&d=identicon&r=g\",\"caption\":\"Lauriane Pipoz\"},\"sameAs\":[\"https:\\\/\\\/leregardlibre.com\\\/\",\"https:\\\/\\\/fr.wikipedia.org\\\/wiki\\\/Le_Regard_libre\"],\"url\":\"https:\\\/\\\/leregardlibre.com\\\/de\\\/author\\\/lauriane00\\\/\"}]}<\/script>\n<!-- \/ Yoast SEO Premium plugin. -->","yoast_head_json":{"title":"Jonathan Coe, dessen Herz vom England der 2010er Jahre zerrissen wurde","robots":{"index":"index","follow":"follow","max-snippet":"max-snippet:-1","max-image-preview":"max-image-preview:large","max-video-preview":"max-video-preview:-1"},"canonical":"https:\/\/leregardlibre.com\/de\/literatur\/jonathan-coe-das-herz-zerrissen-von-langleterre-der-2010er-jahre\/","og_locale":"de_DE","og_type":"article","og_title":"Jonathan Coe, le c\u0153ur d\u00e9chir\u00e9 par l\u2019Angleterre des ann\u00e9es 2010","og_description":"Entre roman et essai politique.","og_url":"https:\/\/leregardlibre.com\/de\/literatur\/jonathan-coe-das-herz-zerrissen-von-langleterre-der-2010er-jahre\/","og_site_name":"Le Regard Libre","article_publisher":"https:\/\/www.facebook.com\/leregardlibre\/","article_published_time":"2020-02-11T19:00:49+00:00","article_modified_time":"2022-09-25T14:17:49+00:00","og_image":[{"width":3990,"height":2267,"url":"https:\/\/leregardlibre.com\/wp-content\/uploads\/2020\/02\/image0-scaled.jpeg","type":"image\/jpeg"}],"author":"Lauriane Pipoz","twitter_card":"summary_large_image","twitter_creator":"@LeRegardLibre","twitter_site":"@LeRegardLibre","twitter_misc":{"Verfasst von":"Lauriane Pipoz","Gesch\u00e4tzte Lesezeit":"5\u00a0Minuten"},"schema":{"@context":"https:\/\/schema.org","@graph":[{"@type":"Article","@id":"https:\/\/leregardlibre.com\/litterature\/jonathan-coe-le-coeur-dechire-par-langleterre-des-annees-2010\/#article","isPartOf":{"@id":"https:\/\/leregardlibre.com\/litterature\/jonathan-coe-le-coeur-dechire-par-langleterre-des-annees-2010\/"},"author":{"name":"Lauriane Pipoz","@id":"https:\/\/leregardlibre.com\/#\/schema\/person\/4a90f0c5c8d33c0d6228249a2f2d37f5"},"headline":"Jonathan Coe, le c\u0153ur d\u00e9chir\u00e9 par l\u2019Angleterre des ann\u00e9es 2010","datePublished":"2020-02-11T19:00:49+00:00","dateModified":"2022-09-25T14:17:49+00:00","mainEntityOfPage":{"@id":"https:\/\/leregardlibre.com\/litterature\/jonathan-coe-le-coeur-dechire-par-langleterre-des-annees-2010\/"},"wordCount":1064,"commentCount":1,"publisher":{"@id":"https:\/\/leregardlibre.com\/#organization"},"image":{"@id":"https:\/\/leregardlibre.com\/litterature\/jonathan-coe-le-coeur-dechire-par-langleterre-des-annees-2010\/#primaryimage"},"thumbnailUrl":"https:\/\/leregardlibre.com\/wp-content\/uploads\/2020\/02\/image0-scaled.jpeg","keywords":["Angleterre","bienvenue au club","Brexit","Critique litt\u00e9raire","Europe","jonathan coe","lois trotter","Roman","Union europ\u00e9enne"],"articleSection":["Litt\u00e9rature"],"inLanguage":"de","potentialAction":[{"@type":"CommentAction","name":"Comment","target":["https:\/\/leregardlibre.com\/litterature\/jonathan-coe-le-coeur-dechire-par-langleterre-des-annees-2010\/#respond"]}]},{"@type":"WebPage","@id":"https:\/\/leregardlibre.com\/litterature\/jonathan-coe-le-coeur-dechire-par-langleterre-des-annees-2010\/","url":"https:\/\/leregardlibre.com\/litterature\/jonathan-coe-le-coeur-dechire-par-langleterre-des-annees-2010\/","name":"Jonathan Coe, dessen Herz vom England der 2010er Jahre zerrissen wurde","isPartOf":{"@id":"https:\/\/leregardlibre.com\/#website"},"primaryImageOfPage":{"@id":"https:\/\/leregardlibre.com\/litterature\/jonathan-coe-le-coeur-dechire-par-langleterre-des-annees-2010\/#primaryimage"},"image":{"@id":"https:\/\/leregardlibre.com\/litterature\/jonathan-coe-le-coeur-dechire-par-langleterre-des-annees-2010\/#primaryimage"},"thumbnailUrl":"https:\/\/leregardlibre.com\/wp-content\/uploads\/2020\/02\/image0-scaled.jpeg","datePublished":"2020-02-11T19:00:49+00:00","dateModified":"2022-09-25T14:17:49+00:00","breadcrumb":{"@id":"https:\/\/leregardlibre.com\/litterature\/jonathan-coe-le-coeur-dechire-par-langleterre-des-annees-2010\/#breadcrumb"},"inLanguage":"de","potentialAction":[{"@type":"ReadAction","target":["https:\/\/leregardlibre.com\/litterature\/jonathan-coe-le-coeur-dechire-par-langleterre-des-annees-2010\/"]}]},{"@type":"ImageObject","inLanguage":"de","@id":"https:\/\/leregardlibre.com\/litterature\/jonathan-coe-le-coeur-dechire-par-langleterre-des-annees-2010\/#primaryimage","url":"https:\/\/leregardlibre.com\/wp-content\/uploads\/2020\/02\/image0-scaled.jpeg","contentUrl":"https:\/\/leregardlibre.com\/wp-content\/uploads\/2020\/02\/image0-scaled.jpeg","width":3990,"height":2267},{"@type":"BreadcrumbList","@id":"https:\/\/leregardlibre.com\/litterature\/jonathan-coe-le-coeur-dechire-par-langleterre-des-annees-2010\/#breadcrumb","itemListElement":[{"@type":"ListItem","position":1,"name":"Accueil","item":"https:\/\/leregardlibre.com\/"},{"@type":"ListItem","position":2,"name":"Jonathan Coe, le c\u0153ur d\u00e9chir\u00e9 par l\u2019Angleterre des ann\u00e9es 2010"}]},{"@type":"WebSite","@id":"https:\/\/leregardlibre.com\/#website","url":"https:\/\/leregardlibre.com\/","name":"Le Regard Libre","description":"Erste Schweizer Monatszeitschrift f\u00fcr Debatten","publisher":{"@id":"https:\/\/leregardlibre.com\/#organization"},"potentialAction":[{"@type":"SearchAction","target":{"@type":"EntryPoint","urlTemplate":"https:\/\/leregardlibre.com\/?s={search_term_string}"},"query-input":{"@type":"PropertyValueSpecification","valueRequired":true,"valueName":"search_term_string"}}],"inLanguage":"de"},{"@type":"Organization","@id":"https:\/\/leregardlibre.com\/#organization","name":"Le Regard Libre","url":"https:\/\/leregardlibre.com\/","logo":{"@type":"ImageObject","inLanguage":"de","@id":"https:\/\/leregardlibre.com\/#\/schema\/logo\/image\/","url":"https:\/\/leregardlibre.com\/wp-content\/uploads\/2025\/08\/logo-rl-icone-neg.jpeg","contentUrl":"https:\/\/leregardlibre.com\/wp-content\/uploads\/2025\/08\/logo-rl-icone-neg.jpeg","width":557,"height":556,"caption":"Le Regard Libre"},"image":{"@id":"https:\/\/leregardlibre.com\/#\/schema\/logo\/image\/"},"sameAs":["https:\/\/www.facebook.com\/leregardlibre\/","https:\/\/x.com\/LeRegardLibre","https:\/\/www.linkedin.com\/company\/le-regard-libre","https:\/\/www.instagram.com\/leregardlibre\/","http:\/\/t.me\/leregardlibre","https:\/\/youtube.com\/channel\/UC6HzGPomj1LsUmlz-sJtITQ"],"description":"Le Regard Libre ist eine Schweizer Monatszeitschrift f\u00fcr intellektuelle und kulturelle Debatten. Seine Redaktion ist jung, ehrenamtlich, liberal und pluralistisch. Das Magazin erscheint online und in gedruckter Form. Seine Sprache ist Franz\u00f6sisch.","email":"redaction@leregardlibre.com","legalName":"Le Regard Libre","foundingDate":"2014-01-01","numberOfEmployees":{"@type":"QuantitativeValue","minValue":"11","maxValue":"50"},"publishingPrinciples":"https:\/\/leregardlibre.com\/a-propos\/notre-manifeste\/","ownershipFundingInfo":"https:\/\/leregardlibre.com\/mentions-legales\/","actionableFeedbackPolicy":"https:\/\/leregardlibre.com\/conditions-generales-de-vente\/"},{"@type":"Person","@id":"https:\/\/leregardlibre.com\/#\/schema\/person\/4a90f0c5c8d33c0d6228249a2f2d37f5","name":"Lauriane Pipoz","image":{"@type":"ImageObject","inLanguage":"de","@id":"https:\/\/secure.gravatar.com\/avatar\/9a20095942ede01d828f2fc30b63370b5d10612b2f5f1b4099e9dd868b95749d?s=96&d=identicon&r=g","url":"https:\/\/secure.gravatar.com\/avatar\/9a20095942ede01d828f2fc30b63370b5d10612b2f5f1b4099e9dd868b95749d?s=96&d=identicon&r=g","contentUrl":"https:\/\/secure.gravatar.com\/avatar\/9a20095942ede01d828f2fc30b63370b5d10612b2f5f1b4099e9dd868b95749d?s=96&d=identicon&r=g","caption":"Lauriane Pipoz"},"sameAs":["https:\/\/leregardlibre.com\/","https:\/\/fr.wikipedia.org\/wiki\/Le_Regard_libre"],"url":"https:\/\/leregardlibre.com\/de\/author\/lauriane00\/"}]}},"_links":{"self":[{"href":"https:\/\/leregardlibre.com\/de\/wp-json\/wp\/v2\/posts\/31485","targetHints":{"allow":["GET"]}}],"collection":[{"href":"https:\/\/leregardlibre.com\/de\/wp-json\/wp\/v2\/posts"}],"about":[{"href":"https:\/\/leregardlibre.com\/de\/wp-json\/wp\/v2\/types\/post"}],"author":[{"embeddable":true,"href":"https:\/\/leregardlibre.com\/de\/wp-json\/wp\/v2\/users\/102"}],"replies":[{"embeddable":true,"href":"https:\/\/leregardlibre.com\/de\/wp-json\/wp\/v2\/comments?post=31485"}],"version-history":[{"count":1,"href":"https:\/\/leregardlibre.com\/de\/wp-json\/wp\/v2\/posts\/31485\/revisions"}],"predecessor-version":[{"id":511622,"href":"https:\/\/leregardlibre.com\/de\/wp-json\/wp\/v2\/posts\/31485\/revisions\/511622"}],"wp:featuredmedia":[{"embeddable":true,"href":"https:\/\/leregardlibre.com\/de\/wp-json\/wp\/v2\/media\/31494"}],"wp:attachment":[{"href":"https:\/\/leregardlibre.com\/de\/wp-json\/wp\/v2\/media?parent=31485"}],"wp:term":[{"taxonomy":"category","embeddable":true,"href":"https:\/\/leregardlibre.com\/de\/wp-json\/wp\/v2\/categories?post=31485"},{"taxonomy":"post_tag","embeddable":true,"href":"https:\/\/leregardlibre.com\/de\/wp-json\/wp\/v2\/tags?post=31485"}],"curies":[{"name":"wp","href":"https:\/\/api.w.org\/{rel}","templated":true}]}}