{"id":31676,"date":"2020-02-22T19:14:58","date_gmt":"2020-02-22T18:14:58","guid":{"rendered":"https:\/\/leregardlibre.com\/?p=31676"},"modified":"2025-12-13T22:24:03","modified_gmt":"2025-12-13T21:24:03","slug":"roma-les-souvenirs-de-cuaron-de-fellini-et-les-miens","status":"publish","type":"post","link":"https:\/\/leregardlibre.com\/de\/kino\/filme\/roma-les-souvenirs-de-cuaron-de-fellini-et-les-miens\/","title":{"rendered":"\u00abRoma\u00bb: Erinnerungen an Cuar\u00f3n, Fellini und meine eigenen"},"content":{"rendered":"<p><em>Der Netflix &amp; Chill des Samstags - Loris S. Musumeci<\/em><\/p>\n\n\n\n<p class=\"has-drop-cap\"><strong><em>Roma<\/em> von Alfonso <strong>Cuar\u00f3n<\/strong> ist einer der Gr\u00fcnde, warum unsere Rubrik <a href=\"https:\/\/leregardlibre.com\/de\/2019\/11\/30\/et-si-vous-pouviez-pecho-grace-au-regard-libre\/\">\u00abDas Netflix &amp; Chill am Samstag\u00bb<\/a> wurde vor fast drei Monaten ver\u00f6ffentlicht. Wie kann man sich ein solches Werk entgehen lassen, nur weil es nicht auf dem klassischen Weg, d. h. im Kino, erscheint? Auch wenn der Film nicht mehr in den neuesten Kinostarts zu finden ist, muss man \u00fcber ihn sprechen. Er muss angesprochen werden. Seit Ende 2018 ist er ein Netflix-Sch\u00fcler. Mit <em><a href=\"https:\/\/leregardlibre.com\/de\/2019\/12\/07\/the-irishman-leben-und-tod-der-gotter-des-pegre\/\">The Irishman<\/a><\/em> von Martin Scorsese bietet er der Plattform einen Raum f\u00fcr das Kino, eine Lektion \u00fcber das Kino, ein kleines Juwel, das sich von Tablet zu Smartphone durchschl\u00e4ngelt, f\u00fcr die breite \u00d6ffentlichkeit.<\/strong><\/p>\n\n\n\n<!--more Lire la critique-->\n\n\n\n<figure class=\"wp-block-embed-youtube wp-block-embed is-type-video is-provider-youtube wp-embed-aspect-16-9 wp-has-aspect-ratio\"><div class=\"wp-block-embed__wrapper\">\n<iframe title=\"ROMA | Official Trailer | Netflix\" width=\"1000\" height=\"563\" src=\"https:\/\/www.youtube.com\/embed\/6BS27ngZtxg?feature=oembed\" frameborder=\"0\" allow=\"accelerometer; autoplay; clipboard-write; encrypted-media; gyroscope; picture-in-picture; web-share\" referrerpolicy=\"strict-origin-when-cross-origin\" allowfullscreen><\/iframe>\n<\/div><\/figure>\n\n\n\n<p>Une histoire mexicaine, une histoire universelle. Dans le quartier Colonia Roma de Mexico, les domestiques Cleo et Adela travaillent pour une famille ais\u00e9e, exemplaire. Le p\u00e8re est un m\u00e9decin r\u00e9put\u00e9, la m\u00e8re, Sofia, une chimiste fine et cultiv\u00e9e. La grand-m\u00e8re, s\u00e9v\u00e8re et attachante. Le chien, b\u00eate et affectueux. Les quatre enfants sont berc\u00e9s par les jeux et la joie de vivre. Et par l\u2019amour de Cleo, qui les aime d\u2019un amour proprement maternelle. Le p\u00e8re pr\u00e9texte un important voyage au Canada pour son travail, et il fuit la famille pour vivre son idylle amoureuse avec une nouvelle conqu\u00eate.<\/p>\n\n\n\n<p>Les femmes se retrouvent seules avec les enfants. La vie suit son cours. L\u2019\u00e9cole, les vacances, No\u00ebl, Nouvel An. Cleo fr\u00e9quente un jeune homme lors de ses cong\u00e9s. Elle se laisse prendre, toucher; elle conna\u00eet le gar\u00e7on dans son intimit\u00e9. Dans son corps. F\u00e9cond\u00e9e par un relation du dimanche, elle en avertit trois mois plus tard le futur p\u00e8re. Semblant se r\u00e9jouir, il prend la fuite. Cleo est seule avec sa grossesse. Sofia, tout aussi seule. Mais deux femmes seules cr\u00e9ent un ensemble. Solidaires des abandons qu\u2019elles ont chacune essuy\u00e9s, elles se soutiennent dans les \u00e9preuves les plus rudes que l\u2019ann\u00e9e 1971 leur r\u00e9serve.<\/p>\n\n\n\n<h3 class=\"wp-block-heading\">Une r\u00e9ception en clivage<\/h3>\n\n\n\n<p><em>Roma<\/em> clive avant son visionnage. Il clive d\u00e8s ses premi\u00e8res sc\u00e8nes. R\u00e9jouissance d\u2019entrer dans un paysage cin\u00e9matographique parfait, pur, esth\u00e9tique, riche en r\u00e9f\u00e9rences et en symboles. Universel dans sa trame qui pose son regard sur la vie d\u2019une petite domestique. Mais inqui\u00e9tude aussi. Celle d\u2019assister \u00e0 une supercherie. Celle d\u2019\u00eatre d\u00e9\u00e7u par un film trop calcul\u00e9, trop l\u00e9ch\u00e9, trop parfait, trop chef-d\u2019\u0153uvre. Un film qui ferait trop l\u2019unanimit\u00e9, qu\u2019on n\u2019aurait pas le droit de ne pas adorer. R\u00e9jouissance et inqui\u00e9tude m\u2019habitaient encore au moment de cliquer sur play. Je ne ressors du film ni r\u00e9joui ni inquiet. J\u2019en ressors fascin\u00e9, \u00e9mu, la t\u00eate pleine, le c\u0153ur l\u00e9ger.<\/p>\n\n\n\n<p>Je pense que c\u2019est le cas pour beaucoup qui ont su appr\u00e9cier le long-m\u00e9trage avec la mesure qui lui sied. D\u2019aucuns ont cri\u00e9 au chef-d\u2019\u0153uvre trop t\u00f4t parce que c\u2019est Cuar\u00f3n, parce que c\u2019est en noir et blanc, parce que c\u2019est un film d\u2019auteur, un film social, un film philosophique. Peut-\u00eatre n\u2019ont-ils pas r\u00e9ussi \u00e0 consid\u00e9rer le film dans ses tr\u00e9sors cach\u00e9s, obnubil\u00e9s par le fait que de toute fa\u00e7on <em>Roma<\/em> doit \u00eatre excellent. Peut-\u00eatre ont-ils simplement eu un bon pressentiment; il se sont r\u00e9jouis et n\u2019ont pas \u00e9t\u00e9 d\u00e9\u00e7us. Ils ont exult\u00e9 lors de la remise du Lion d\u2019Or au r\u00e9alisateur. D\u2019autres ont jet\u00e9 le sc\u00e9nario et les images du film, critiquant un film ennuyeux, lourd et pr\u00e9tentieux. C\u2019est leur droit. Pr\u00e9tendre \u00e0 l\u2019unanimit\u00e9 pour <em>Roma<\/em>, serait une trahison envers cette \u0153uvre forte et imposante qui laisse n\u00e9anmoins une libert\u00e9 \u00e9norme au spectateur.<\/p>\n\n\n\n<figure class=\"wp-block-image size-large\"><img fetchpriority=\"high\" decoding=\"async\" width=\"1000\" height=\"563\" src=\"http:\/\/leregardlibre.com\/wp-content\/uploads\/2020\/02\/alfonso-cuaron-variety-cover-story-16x9-1.jpg\" alt=\"\" class=\"wp-image-31678\" srcset=\"https:\/\/leregardlibre.com\/wp-content\/uploads\/2020\/02\/alfonso-cuaron-variety-cover-story-16x9-1.jpg 1000w, https:\/\/leregardlibre.com\/wp-content\/uploads\/2020\/02\/alfonso-cuaron-variety-cover-story-16x9-1-585x329.jpg 585w, https:\/\/leregardlibre.com\/wp-content\/uploads\/2020\/02\/alfonso-cuaron-variety-cover-story-16x9-1-150x84.jpg 150w, https:\/\/leregardlibre.com\/wp-content\/uploads\/2020\/02\/alfonso-cuaron-variety-cover-story-16x9-1-300x169.jpg 300w, https:\/\/leregardlibre.com\/wp-content\/uploads\/2020\/02\/alfonso-cuaron-variety-cover-story-16x9-1-768x432.jpg 768w, https:\/\/leregardlibre.com\/wp-content\/uploads\/2020\/02\/alfonso-cuaron-variety-cover-story-16x9-1-600x338.jpg 600w\" sizes=\"(max-width: 1000px) 100vw, 1000px\" \/><figcaption>Alfonso Cuar\u00f3n, r\u00e9alisateur de \u00abRoma\u00bb (2018) \u00a9\u00a0Netflix<\/figcaption><\/figure>\n\n\n\n<h3 class=\"wp-block-heading\">Cuar\u00f3n rend hommage \u00e0 Fellini<\/h3>\n\n\n\n<p>Une libert\u00e9 qui fait notamment appel aux r\u00e9f\u00e9rences et souvenirs de chacun. <em>Roma<\/em> tisse des liens et permet de tisser ses propres liens au r\u00e9surgences du pass\u00e9, \u00e0 l\u2019enfance, ses lieux et ses sens, aux films qui marquent. Alfonso Cuar\u00f3n s\u2019accorde d\u2019ailleurs cette libert\u00e9 pour lui-m\u00eame. Comme la figure individuelle de Cleo qui a une port\u00e9e universelle, les sentiments particuliers de Cuar\u00f3n s\u2019offrent \u00e0 l\u2019universel. L\u2019hommage qu\u2019il rend au grand r\u00e9alisateur italien Federico Fellini puise au fond de sa cin\u00e9philie comme il puise aussi dans la mienne. Mais de mani\u00e8re diff\u00e9rente. Lui a son Fellini, j\u2019ai le mien.<\/p>\n\n\n\n<p>Fellini, donc, auquel le titre m\u00eame du film est emprunt\u00e9. <em>Roma<\/em> (2018) revisite les souvenirs d\u2019un r\u00e9alisateur dans le Mexique du d\u00e9but des ann\u00e9es septante, <em>Roma<\/em> (1972) revisite les souvenirs d\u2019un r\u00e9alisateur dans l\u2019Italie des ann\u00e9es trente aux ann\u00e9es soixante. <em>Roma <\/em>(2018) revisite l\u2019enfance, l\u2019adolescence, les peines et le bonheur de Cuar\u00f3n; <em>Huit et demi<\/em> (1963) et <em>Amarcord<\/em> (1973), deux autres films de Fellini, revisitent les phantasmes, les r\u00eaves, les sentiments et le parcours de celui qui est devenu l\u2019une des figures majeures du cin\u00e9ma, de l\u2019art et de la culture. L\u2019hommage \u00e0 Fellini est complet.<\/p>\n\n\n\n<figure class=\"wp-block-image size-large\"><img decoding=\"async\" width=\"1200\" height=\"954\" src=\"http:\/\/leregardlibre.com\/wp-content\/uploads\/2020\/02\/image-17-12-19-01-26-1.jpeg\" alt=\"\" class=\"wp-image-31679\" srcset=\"https:\/\/leregardlibre.com\/wp-content\/uploads\/2020\/02\/image-17-12-19-01-26-1.jpeg 1200w, https:\/\/leregardlibre.com\/wp-content\/uploads\/2020\/02\/image-17-12-19-01-26-1-1170x930.jpeg 1170w, https:\/\/leregardlibre.com\/wp-content\/uploads\/2020\/02\/image-17-12-19-01-26-1-585x465.jpeg 585w, https:\/\/leregardlibre.com\/wp-content\/uploads\/2020\/02\/image-17-12-19-01-26-1-150x119.jpeg 150w, https:\/\/leregardlibre.com\/wp-content\/uploads\/2020\/02\/image-17-12-19-01-26-1-300x239.jpeg 300w, https:\/\/leregardlibre.com\/wp-content\/uploads\/2020\/02\/image-17-12-19-01-26-1-768x611.jpeg 768w, https:\/\/leregardlibre.com\/wp-content\/uploads\/2020\/02\/image-17-12-19-01-26-1-1024x814.jpeg 1024w, https:\/\/leregardlibre.com\/wp-content\/uploads\/2020\/02\/image-17-12-19-01-26-1-600x477.jpeg 600w\" sizes=\"(max-width: 1200px) 100vw, 1200px\" \/><figcaption>Federico Fellini, Maestro du cin\u00e9ma <\/figcaption><\/figure>\n\n\n\n<h3 class=\"wp-block-heading\">Radio nostalgie<\/h3>\n\n\n\n<p>Mais le film ne se prive pas d\u2019autres r\u00e9f\u00e9rences, comme celle \u00e0 Louis de Fun\u00e8s que Cleo va voir au cin\u00e9ma avec son petit-ami, ou \u00e0 d\u2019autres films qui rassemblent la famille face au t\u00e9l\u00e9viseur. R\u00e9f\u00e9rences aux chansons, qui ont rythm\u00e9 la jeunesse de Cuar\u00f3n et qui rythment le travail quotidien de Cleo. Que la m\u00e8re \u00e9coute avec ses enfants, avec ses amis lors de la f\u00eate du Nouvel An. Qui passent \u00e0 la radio en faisant danser les enfants, en animant les voyages en voiture. Radio. Radio. Radio nostalgie. Nostalgie de titres qui ont fait danser jusqu\u2019\u00e0 mes grands-parents. J\u2019ai eu les <em>brividi<\/em> \u2013 les frissons \u2013, lorsqu\u2019a surgi de de la bande sonore la version espagnole de l\u2019une des chansons pr\u00e9f\u00e9r\u00e9es de ma grand-m\u00e8re: \u00abIl cuore \u00e8 uno zingaro\u00bb \u2013 \u00abMi corazon es un gitano\u00bb en espagnol. \u00a0\u00a0<\/p>\n\n\n\n<figure class=\"wp-block-embed-youtube wp-block-embed is-type-video is-provider-youtube wp-embed-aspect-16-9 wp-has-aspect-ratio\"><div class=\"wp-block-embed__wrapper\">\nhttps:\/\/www.youtube.com\/watch?v=8nEjylJ5rQI\n<\/div><\/figure>\n\n\n\n<p>Chanson que j\u2019ai d\u00e9couverte il y a quelques \u00e9t\u00e9s de cela, dans les rues de mon village de Sicile. Mon grand-p\u00e8re, au volant de sa vieille Lancia Ypsilon verte, ma grand-m\u00e8re, \u00e0 ses c\u00f4t\u00e9s, fredonnant ce titre qui r\u00e9apparaissait de leur jeunesse par un CD qui tournait dans la voiture: <em>I pi\u00f9 grandi successi della musica italiana<\/em>. Ma s\u0153ur et moi, \u00e0 l\u2019arri\u00e8re, emport\u00e9s par la chanson, nous appropriant une jeunesse qui n\u2019\u00e9tait pas la n\u00f4tre. Entrant dans la <a href=\"https:\/\/leregardlibre.com\/de\/2019\/08\/21\/il-etait-une-fois-quentin-tarantino\/\">nostalgie d\u2019une \u00e9poque que nous n\u2019avons pas v\u00e9cue<\/a>.<\/p>\n\n\n\n<h3 class=\"wp-block-heading\">La terrasse et la lumi\u00e8re<\/h3>\n\n\n\n<p>J\u2019ai revu \u00e9galement la terrasse de la maison de mes grands-parents en Sicile quand Cleo \u00e9tend le linge sur la terrasse de la maison. Le m\u00eame linge parfum\u00e9 et blanc, la m\u00eame fra\u00eecheur, le m\u00eame soleil. <em>Roma<\/em> fait appel aux sens. Par les souvenirs qu\u2019il \u00e9voque, par sa photographie. En noir et blanc, la pellicule parvient \u00e0 donner des jeux de lumi\u00e8res absolument sublimes. Notamment avec le soleil, qui sans jaunir ou oranger l\u2019image, apanage du cin\u00e9ma en couleur, inonde de sa clart\u00e9 la peau de Cleo, son regard. La terrasse devient blanche de soleil. Le cadet vient y jouer. Cleo et lui se couchent, sous les v\u00eatements humides, embrass\u00e9s par la chaleur du soleil, caress\u00e9s par son ombre.<\/p>\n\n\n\n<p>En plus de sa lumi\u00e8re sublimissime, la photographie s\u2019impose par la lenteur de ses plans. Ils fixent des pi\u00e8ces de la maison, un paysage br\u00fbl\u00e9 de la campagne, un paysage maritime, un avion dans le ciel, un voiture qui se gare, un b\u00e9b\u00e9 sans vie, une m\u00e8re en larme, des crottes de chien, un carrelage sous des vaguelettes d\u2019eau mousseuse. De la trag\u00e9die la plus existentielle \u00e0 l\u2019\u00e9l\u00e9ment le plus insignifiant, les plans touchent droit aux yeux, droit au c\u0153ur par leur sobri\u00e9t\u00e9 \u00e9l\u00e9gante. Et puisque dans les grands films la forme s\u2019allie au fond, chacun de ces plans porte en lui un symbole qui en dit tant sur l\u2019enfance de Cuar\u00f3n, sur mon enfance, sur ton enfance, sur le Mexique, sur Cleo, sa condition, la condition des petites gens, la condition des femmes, la vie, la fatalit\u00e9.<\/p>\n\n\n\n<blockquote class=\"wp-block-quote is-layout-flow wp-block-quote-is-layout-flow\"><p>\u00abPeu importe ce qu\u2019on dit, nous les femmes, nous sommes toujours seules.\u00bb&nbsp;<\/p><\/blockquote>\n\n\n\n<figure class=\"wp-block-image size-large\"><img decoding=\"async\" width=\"1130\" height=\"879\" src=\"http:\/\/leregardlibre.com\/wp-content\/uploads\/2020\/02\/Netflix-Roma-d-Alfonso-Cuaron-les-secrets-du-decor-du-film.jpg\" alt=\"\" class=\"wp-image-31682\" srcset=\"https:\/\/leregardlibre.com\/wp-content\/uploads\/2020\/02\/Netflix-Roma-d-Alfonso-Cuaron-les-secrets-du-decor-du-film.jpg 1130w, https:\/\/leregardlibre.com\/wp-content\/uploads\/2020\/02\/Netflix-Roma-d-Alfonso-Cuaron-les-secrets-du-decor-du-film-585x455.jpg 585w, https:\/\/leregardlibre.com\/wp-content\/uploads\/2020\/02\/Netflix-Roma-d-Alfonso-Cuaron-les-secrets-du-decor-du-film-150x117.jpg 150w, https:\/\/leregardlibre.com\/wp-content\/uploads\/2020\/02\/Netflix-Roma-d-Alfonso-Cuaron-les-secrets-du-decor-du-film-300x233.jpg 300w, https:\/\/leregardlibre.com\/wp-content\/uploads\/2020\/02\/Netflix-Roma-d-Alfonso-Cuaron-les-secrets-du-decor-du-film-768x597.jpg 768w, https:\/\/leregardlibre.com\/wp-content\/uploads\/2020\/02\/Netflix-Roma-d-Alfonso-Cuaron-les-secrets-du-decor-du-film-1024x797.jpg 1024w, https:\/\/leregardlibre.com\/wp-content\/uploads\/2020\/02\/Netflix-Roma-d-Alfonso-Cuaron-les-secrets-du-decor-du-film-600x467.jpg 600w\" sizes=\"(max-width: 1130px) 100vw, 1130px\" \/><figcaption>\u00a9&nbsp;Netflix<\/figcaption><\/figure>\n\n\n\n<h3 class=\"wp-block-heading\">Des racines et des ailes<\/h3>\n\n\n\n<p>Cleo, femme fatale. Pas au sens o\u00f9 on l\u2019entend habituellement. Elle a certes un visage radieux, mais n\u2019a pas l\u2019allure de Miss Mexique. Femme fatale: femme investie par la fatalit\u00e9. Silencieuse et soumise, Cleo accepte les \u00e9v\u00e9nements qui lui tombent dessus sans s\u2019apitoyer. C\u2019est ce qui fait qu\u2019elle est noblement soumise dans son service, mais n\u2019est pas soumise face \u00e0 son destin. Quoi qu\u2019il lui arrive, elle sait poser un choix libre. Rester une femme int\u00e8gre. Rester au service de Sofia et de ses enfants. Elle choisit l\u2019amour de <em>ces<\/em> enfants, qui sont en quelque sorte <em>seine <\/em>enfants. Elle choisit d\u2019accepter la f\u00e9condit\u00e9 \u00e0 laquelle elle est appel\u00e9e, au-del\u00e0 d\u2019une grossesse douloureuse qu\u2019elle doit subir. Elle choisit de donner la tendresse, qu\u2019elle accepte en retour des quatre enfants qui l\u2019adorent. Elle choisit d\u2019aider Sofia, elle accepte son aide et son amiti\u00e9.<\/p>\n\n\n\n<p>A chaque moment, Cleo est dans l\u2019esp\u00e9rance. La fatalit\u00e9 est dure. Mais en l\u2019acceptant, elle la sublime. Elle s\u2019enracine dans cette famille, sans renoncer \u00e0 y laisser ses ailes se d\u00e9ployer. Des racines et des ailes. Les racines des quatre enfants de la famille, qui voient na\u00eetre leurs ailes gr\u00e2ce \u00e0 l\u2019amour de leur m\u00e8re, de leur grand-m\u00e8re et bien s\u00fbr de Cleo. Les racines de Sofia, qui dans la difficult\u00e9, d\u00e9couvre les ailes d\u2019une femme libre et forte. Les racines de Cuar\u00f3n, qui donnent \u00e0 <em>Roma<\/em> les ailes d\u2019un film grandiose et universel. Les racines de Fellini, qui ont fait de lui le Maestro ail\u00e9 du cin\u00e9ma. Les racines de chacun, terreau de l\u2019envol vers une libert\u00e9 pleine, quels que soient la condition ou les drames. <em>Roma<\/em> et Cleo nous y invitent.<\/p>\n\n\n\n<p><em>Schreiben Sie dem Autor:&nbsp;<a href=\"mailto:loris.musumeci@leregardlibre.com\">loris.musumeci@leregardlibre.com<\/a><\/em><\/p>\n\n\n\n<p>Fotocredits: \u00a9 Netflix<br><\/p>\n\n\n\n<figure class=\"wp-block-image size-large\"><img loading=\"lazy\" decoding=\"async\" width=\"960\" height=\"1440\" src=\"http:\/\/leregardlibre.com\/wp-content\/uploads\/2020\/02\/roma-2.jpg\" alt=\"\" class=\"wp-image-31685\" srcset=\"https:\/\/leregardlibre.com\/wp-content\/uploads\/2020\/02\/roma-2.jpg 960w, https:\/\/leregardlibre.com\/wp-content\/uploads\/2020\/02\/roma-2-585x878.jpg 585w, https:\/\/leregardlibre.com\/wp-content\/uploads\/2020\/02\/roma-2-100x150.jpg 100w, https:\/\/leregardlibre.com\/wp-content\/uploads\/2020\/02\/roma-2-200x300.jpg 200w, https:\/\/leregardlibre.com\/wp-content\/uploads\/2020\/02\/roma-2-768x1152.jpg 768w, https:\/\/leregardlibre.com\/wp-content\/uploads\/2020\/02\/roma-2-683x1024.jpg 683w, https:\/\/leregardlibre.com\/wp-content\/uploads\/2020\/02\/roma-2-300x450.jpg 300w, https:\/\/leregardlibre.com\/wp-content\/uploads\/2020\/02\/roma-2-600x900.jpg 600w\" sizes=\"(max-width: 960px) 100vw, 960px\" \/><\/figure>","protected":false},"excerpt":{"rendered":"<p>Meine Schwester und ich traten in die Nostalgie ein<\/p>","protected":false},"author":18,"featured_media":31684,"comment_status":"open","ping_status":"open","sticky":false,"template":"","format":"standard","meta":{"_acf_changed":false,"footnotes":""},"categories":[644355829],"tags":[644344354,644344360,1085127,644344362,399466,644344356,644344355,644344353,644341146,357966,11239,303653,644344361,644344364,79354,334243,644339804,783,291711,644344363,644344358,644338981,56942,275,644339230,644344359,644339685,644343438],"class_list":["post-31676","post","type-post","status-publish","format-standard","has-post-thumbnail","hentry","category-films","tag-alfonso-cuaron","tag-amarcord","tag-annees-70","tag-cd","tag-cinema-italien","tag-cinema-mexicain","tag-cleo","tag-colonia-roma","tag-critiques-cinema","tag-enfance","tag-famille","tag-federico-fellini","tag-huit-et-demi","tag-il-cuore-e-uno-zingaro","tag-lumiere","tag-martin-scorsese","tag-maternite","tag-mexico","tag-mexique","tag-mi-corazon-es-un-gitano","tag-mostra-de-venise","tag-netflix","tag-nostalgie","tag-radio","tag-roma","tag-sofia","tag-souvenir","tag-the-irishman"],"acf":[],"yoast_head":"<!-- This site is optimized with the Yoast SEO Premium plugin v27.4 (Yoast SEO v27.4) - https:\/\/yoast.com\/product\/yoast-seo-premium-wordpress\/ -->\n<title>\u00abRoma\u00bb: les souvenirs de Cuar\u00f3n, de Fellini et les miens<\/title>\n<meta name=\"robots\" content=\"index, follow, max-snippet:-1, max-image-preview:large, max-video-preview:-1\" \/>\n<link rel=\"canonical\" href=\"https:\/\/leregardlibre.com\/de\/kino\/filme\/roma-les-souvenirs-de-cuaron-de-fellini-et-les-miens\/\" \/>\n<meta property=\"og:locale\" content=\"de_DE\" \/>\n<meta property=\"og:type\" content=\"article\" \/>\n<meta property=\"og:title\" content=\"\u00abRoma\u00bb: les souvenirs de Cuar\u00f3n, de Fellini et les miens\" \/>\n<meta property=\"og:description\" content=\"Ma s\u0153ur et moi entrions dans la nostalgie\" \/>\n<meta property=\"og:url\" content=\"https:\/\/leregardlibre.com\/de\/kino\/filme\/roma-les-souvenirs-de-cuaron-de-fellini-et-les-miens\/\" \/>\n<meta property=\"og:site_name\" content=\"Le Regard Libre\" \/>\n<meta property=\"article:publisher\" content=\"https:\/\/www.facebook.com\/leregardlibre\/\" \/>\n<meta property=\"article:published_time\" content=\"2020-02-22T18:14:58+00:00\" \/>\n<meta property=\"article:modified_time\" content=\"2025-12-13T21:24:03+00:00\" \/>\n<meta property=\"og:image\" content=\"https:\/\/leregardlibre.com\/wp-content\/uploads\/2020\/02\/1Ax1d-niKFGZ9Ttp1tngJCw.jpeg\" \/>\n\t<meta property=\"og:image:width\" content=\"1200\" \/>\n\t<meta property=\"og:image:height\" content=\"675\" \/>\n\t<meta property=\"og:image:type\" content=\"image\/jpeg\" \/>\n<meta name=\"author\" content=\"Loris S. Musumeci\" \/>\n<meta name=\"twitter:card\" content=\"summary_large_image\" \/>\n<meta name=\"twitter:creator\" content=\"@LeRegardLibre\" \/>\n<meta name=\"twitter:site\" content=\"@LeRegardLibre\" \/>\n<meta name=\"twitter:label1\" content=\"Verfasst von\" \/>\n\t<meta name=\"twitter:data1\" content=\"Loris S. Musumeci\" \/>\n\t<meta name=\"twitter:label2\" content=\"Gesch\u00e4tzte Lesezeit\" \/>\n\t<meta name=\"twitter:data2\" content=\"9\u00a0Minuten\" \/>\n<script type=\"application\/ld+json\" class=\"yoast-schema-graph\">{\"@context\":\"https:\\\/\\\/schema.org\",\"@graph\":[{\"@type\":\"Article\",\"@id\":\"https:\\\/\\\/leregardlibre.com\\\/cinema\\\/films\\\/roma-les-souvenirs-de-cuaron-de-fellini-et-les-miens\\\/#article\",\"isPartOf\":{\"@id\":\"https:\\\/\\\/leregardlibre.com\\\/cinema\\\/films\\\/roma-les-souvenirs-de-cuaron-de-fellini-et-les-miens\\\/\"},\"author\":{\"name\":\"Loris S. Musumeci\",\"@id\":\"https:\\\/\\\/leregardlibre.com\\\/#\\\/schema\\\/person\\\/04d80ec47094bca6b1fa22dffad24005\"},\"headline\":\"\u00abRoma\u00bb: les souvenirs de Cuar\u00f3n, de Fellini et les miens\",\"datePublished\":\"2020-02-22T18:14:58+00:00\",\"dateModified\":\"2025-12-13T21:24:03+00:00\",\"mainEntityOfPage\":{\"@id\":\"https:\\\/\\\/leregardlibre.com\\\/cinema\\\/films\\\/roma-les-souvenirs-de-cuaron-de-fellini-et-les-miens\\\/\"},\"wordCount\":1835,\"commentCount\":0,\"publisher\":{\"@id\":\"https:\\\/\\\/leregardlibre.com\\\/#organization\"},\"image\":{\"@id\":\"https:\\\/\\\/leregardlibre.com\\\/cinema\\\/films\\\/roma-les-souvenirs-de-cuaron-de-fellini-et-les-miens\\\/#primaryimage\"},\"thumbnailUrl\":\"https:\\\/\\\/leregardlibre.com\\\/wp-content\\\/uploads\\\/2020\\\/02\\\/1Ax1d-niKFGZ9Ttp1tngJCw.jpeg\",\"keywords\":[\"Alfonso Cuaron\",\"amarcord\",\"ann\u00e9es 70\",\"cd\",\"Cin\u00e9ma italien\",\"Cin\u00e9ma mexicain\",\"cleo\",\"colonia roma\",\"Critique cin\u00e9ma\",\"Enfance\",\"Famille\",\"Federico Fellini\",\"huit et demi\",\"il cuore \u00e8 uno zingaro\",\"Lumi\u00e8re\",\"Martin Scorsese\",\"Maternit\u00e9\",\"Mexico\",\"Mexique\",\"mi corazon es un gitano\",\"Mostra de Venise\",\"Netflix\",\"Nostalgie\",\"Radio\",\"roma\",\"sofia\",\"souvenir\",\"the irishman\"],\"articleSection\":[\"Films\"],\"inLanguage\":\"de\",\"potentialAction\":[{\"@type\":\"CommentAction\",\"name\":\"Comment\",\"target\":[\"https:\\\/\\\/leregardlibre.com\\\/cinema\\\/films\\\/roma-les-souvenirs-de-cuaron-de-fellini-et-les-miens\\\/#respond\"]}]},{\"@type\":\"WebPage\",\"@id\":\"https:\\\/\\\/leregardlibre.com\\\/cinema\\\/films\\\/roma-les-souvenirs-de-cuaron-de-fellini-et-les-miens\\\/\",\"url\":\"https:\\\/\\\/leregardlibre.com\\\/cinema\\\/films\\\/roma-les-souvenirs-de-cuaron-de-fellini-et-les-miens\\\/\",\"name\":\"\u00abRoma\u00bb: les souvenirs de Cuar\u00f3n, de Fellini et les miens\",\"isPartOf\":{\"@id\":\"https:\\\/\\\/leregardlibre.com\\\/#website\"},\"primaryImageOfPage\":{\"@id\":\"https:\\\/\\\/leregardlibre.com\\\/cinema\\\/films\\\/roma-les-souvenirs-de-cuaron-de-fellini-et-les-miens\\\/#primaryimage\"},\"image\":{\"@id\":\"https:\\\/\\\/leregardlibre.com\\\/cinema\\\/films\\\/roma-les-souvenirs-de-cuaron-de-fellini-et-les-miens\\\/#primaryimage\"},\"thumbnailUrl\":\"https:\\\/\\\/leregardlibre.com\\\/wp-content\\\/uploads\\\/2020\\\/02\\\/1Ax1d-niKFGZ9Ttp1tngJCw.jpeg\",\"datePublished\":\"2020-02-22T18:14:58+00:00\",\"dateModified\":\"2025-12-13T21:24:03+00:00\",\"breadcrumb\":{\"@id\":\"https:\\\/\\\/leregardlibre.com\\\/cinema\\\/films\\\/roma-les-souvenirs-de-cuaron-de-fellini-et-les-miens\\\/#breadcrumb\"},\"inLanguage\":\"de\",\"potentialAction\":[{\"@type\":\"ReadAction\",\"target\":[\"https:\\\/\\\/leregardlibre.com\\\/cinema\\\/films\\\/roma-les-souvenirs-de-cuaron-de-fellini-et-les-miens\\\/\"]}]},{\"@type\":\"ImageObject\",\"inLanguage\":\"de\",\"@id\":\"https:\\\/\\\/leregardlibre.com\\\/cinema\\\/films\\\/roma-les-souvenirs-de-cuaron-de-fellini-et-les-miens\\\/#primaryimage\",\"url\":\"https:\\\/\\\/leregardlibre.com\\\/wp-content\\\/uploads\\\/2020\\\/02\\\/1Ax1d-niKFGZ9Ttp1tngJCw.jpeg\",\"contentUrl\":\"https:\\\/\\\/leregardlibre.com\\\/wp-content\\\/uploads\\\/2020\\\/02\\\/1Ax1d-niKFGZ9Ttp1tngJCw.jpeg\",\"width\":1200,\"height\":675},{\"@type\":\"BreadcrumbList\",\"@id\":\"https:\\\/\\\/leregardlibre.com\\\/cinema\\\/films\\\/roma-les-souvenirs-de-cuaron-de-fellini-et-les-miens\\\/#breadcrumb\",\"itemListElement\":[{\"@type\":\"ListItem\",\"position\":1,\"name\":\"Accueil\",\"item\":\"https:\\\/\\\/leregardlibre.com\\\/\"},{\"@type\":\"ListItem\",\"position\":2,\"name\":\"\u00abRoma\u00bb: les souvenirs de Cuar\u00f3n, de Fellini et les miens\"}]},{\"@type\":\"WebSite\",\"@id\":\"https:\\\/\\\/leregardlibre.com\\\/#website\",\"url\":\"https:\\\/\\\/leregardlibre.com\\\/\",\"name\":\"Le Regard Libre\",\"description\":\"Premier mensuel suisse de d\u00e9bat\",\"publisher\":{\"@id\":\"https:\\\/\\\/leregardlibre.com\\\/#organization\"},\"potentialAction\":[{\"@type\":\"SearchAction\",\"target\":{\"@type\":\"EntryPoint\",\"urlTemplate\":\"https:\\\/\\\/leregardlibre.com\\\/?s={search_term_string}\"},\"query-input\":{\"@type\":\"PropertyValueSpecification\",\"valueRequired\":true,\"valueName\":\"search_term_string\"}}],\"inLanguage\":\"de\"},{\"@type\":\"Organization\",\"@id\":\"https:\\\/\\\/leregardlibre.com\\\/#organization\",\"name\":\"Le Regard Libre\",\"url\":\"https:\\\/\\\/leregardlibre.com\\\/\",\"logo\":{\"@type\":\"ImageObject\",\"inLanguage\":\"de\",\"@id\":\"https:\\\/\\\/leregardlibre.com\\\/#\\\/schema\\\/logo\\\/image\\\/\",\"url\":\"https:\\\/\\\/leregardlibre.com\\\/wp-content\\\/uploads\\\/2025\\\/08\\\/logo-rl-icone-neg.jpeg\",\"contentUrl\":\"https:\\\/\\\/leregardlibre.com\\\/wp-content\\\/uploads\\\/2025\\\/08\\\/logo-rl-icone-neg.jpeg\",\"width\":557,\"height\":556,\"caption\":\"Le Regard Libre\"},\"image\":{\"@id\":\"https:\\\/\\\/leregardlibre.com\\\/#\\\/schema\\\/logo\\\/image\\\/\"},\"sameAs\":[\"https:\\\/\\\/www.facebook.com\\\/leregardlibre\\\/\",\"https:\\\/\\\/x.com\\\/LeRegardLibre\",\"https:\\\/\\\/www.linkedin.com\\\/company\\\/le-regard-libre\",\"https:\\\/\\\/www.instagram.com\\\/leregardlibre\\\/\",\"http:\\\/\\\/t.me\\\/leregardlibre\",\"https:\\\/\\\/youtube.com\\\/channel\\\/UC6HzGPomj1LsUmlz-sJtITQ\"],\"description\":\"Le Regard Libre est un mensuel suisse de d\u00e9bat intellectuel et culturel. Sa r\u00e9daction est jeune, b\u00e9n\u00e9vole, lib\u00e9rale et pluraliste. Le magazine para\u00eet en ligne et sous forme papier. Sa langue est le fran\u00e7ais.\",\"email\":\"redaction@leregardlibre.com\",\"legalName\":\"Le Regard Libre\",\"foundingDate\":\"2014-01-01\",\"numberOfEmployees\":{\"@type\":\"QuantitativeValue\",\"minValue\":\"11\",\"maxValue\":\"50\"},\"publishingPrinciples\":\"https:\\\/\\\/leregardlibre.com\\\/a-propos\\\/notre-manifeste\\\/\",\"ownershipFundingInfo\":\"https:\\\/\\\/leregardlibre.com\\\/mentions-legales\\\/\",\"actionableFeedbackPolicy\":\"https:\\\/\\\/leregardlibre.com\\\/conditions-generales-de-vente\\\/\"},{\"@type\":\"Person\",\"@id\":\"https:\\\/\\\/leregardlibre.com\\\/#\\\/schema\\\/person\\\/04d80ec47094bca6b1fa22dffad24005\",\"name\":\"Loris S. Musumeci\",\"image\":{\"@type\":\"ImageObject\",\"inLanguage\":\"de\",\"@id\":\"https:\\\/\\\/secure.gravatar.com\\\/avatar\\\/fa476654dadfee0d962e80160d0303549febb2769f8fa26c7a1ebe037f7c7c54?s=96&d=identicon&r=g\",\"url\":\"https:\\\/\\\/secure.gravatar.com\\\/avatar\\\/fa476654dadfee0d962e80160d0303549febb2769f8fa26c7a1ebe037f7c7c54?s=96&d=identicon&r=g\",\"contentUrl\":\"https:\\\/\\\/secure.gravatar.com\\\/avatar\\\/fa476654dadfee0d962e80160d0303549febb2769f8fa26c7a1ebe037f7c7c54?s=96&d=identicon&r=g\",\"caption\":\"Loris S. Musumeci\"},\"sameAs\":[\"https:\\\/\\\/leregardlibre.com\\\/\",\"https:\\\/\\\/fr.wikipedia.org\\\/wiki\\\/Le_Regard_libre\"],\"url\":\"https:\\\/\\\/leregardlibre.com\\\/de\\\/author\\\/loris-musumeci\\\/\"}]}<\/script>\n<!-- \/ Yoast SEO Premium plugin. -->","yoast_head_json":{"title":"\u00abRoma\u00bb: Erinnerungen an Cuar\u00f3n, Fellini und meine eigenen","robots":{"index":"index","follow":"follow","max-snippet":"max-snippet:-1","max-image-preview":"max-image-preview:large","max-video-preview":"max-video-preview:-1"},"canonical":"https:\/\/leregardlibre.com\/de\/kino\/filme\/roma-les-souvenirs-de-cuaron-de-fellini-et-les-miens\/","og_locale":"de_DE","og_type":"article","og_title":"\u00abRoma\u00bb: les souvenirs de Cuar\u00f3n, de Fellini et les miens","og_description":"Ma s\u0153ur et moi entrions dans la nostalgie","og_url":"https:\/\/leregardlibre.com\/de\/kino\/filme\/roma-les-souvenirs-de-cuaron-de-fellini-et-les-miens\/","og_site_name":"Le Regard Libre","article_publisher":"https:\/\/www.facebook.com\/leregardlibre\/","article_published_time":"2020-02-22T18:14:58+00:00","article_modified_time":"2025-12-13T21:24:03+00:00","og_image":[{"width":1200,"height":675,"url":"https:\/\/leregardlibre.com\/wp-content\/uploads\/2020\/02\/1Ax1d-niKFGZ9Ttp1tngJCw.jpeg","type":"image\/jpeg"}],"author":"Loris S. Musumeci","twitter_card":"summary_large_image","twitter_creator":"@LeRegardLibre","twitter_site":"@LeRegardLibre","twitter_misc":{"Verfasst von":"Loris S. Musumeci","Gesch\u00e4tzte Lesezeit":"9\u00a0Minuten"},"schema":{"@context":"https:\/\/schema.org","@graph":[{"@type":"Article","@id":"https:\/\/leregardlibre.com\/cinema\/films\/roma-les-souvenirs-de-cuaron-de-fellini-et-les-miens\/#article","isPartOf":{"@id":"https:\/\/leregardlibre.com\/cinema\/films\/roma-les-souvenirs-de-cuaron-de-fellini-et-les-miens\/"},"author":{"name":"Loris S. Musumeci","@id":"https:\/\/leregardlibre.com\/#\/schema\/person\/04d80ec47094bca6b1fa22dffad24005"},"headline":"\u00abRoma\u00bb: les souvenirs de Cuar\u00f3n, de Fellini et les miens","datePublished":"2020-02-22T18:14:58+00:00","dateModified":"2025-12-13T21:24:03+00:00","mainEntityOfPage":{"@id":"https:\/\/leregardlibre.com\/cinema\/films\/roma-les-souvenirs-de-cuaron-de-fellini-et-les-miens\/"},"wordCount":1835,"commentCount":0,"publisher":{"@id":"https:\/\/leregardlibre.com\/#organization"},"image":{"@id":"https:\/\/leregardlibre.com\/cinema\/films\/roma-les-souvenirs-de-cuaron-de-fellini-et-les-miens\/#primaryimage"},"thumbnailUrl":"https:\/\/leregardlibre.com\/wp-content\/uploads\/2020\/02\/1Ax1d-niKFGZ9Ttp1tngJCw.jpeg","keywords":["Alfonso Cuaron","amarcord","ann\u00e9es 70","cd","Cin\u00e9ma italien","Cin\u00e9ma mexicain","cleo","colonia roma","Critique cin\u00e9ma","Enfance","Famille","Federico Fellini","huit et demi","il cuore \u00e8 uno zingaro","Lumi\u00e8re","Martin Scorsese","Maternit\u00e9","Mexico","Mexique","mi corazon es un gitano","Mostra de Venise","Netflix","Nostalgie","Radio","roma","sofia","souvenir","the irishman"],"articleSection":["Films"],"inLanguage":"de","potentialAction":[{"@type":"CommentAction","name":"Comment","target":["https:\/\/leregardlibre.com\/cinema\/films\/roma-les-souvenirs-de-cuaron-de-fellini-et-les-miens\/#respond"]}]},{"@type":"WebPage","@id":"https:\/\/leregardlibre.com\/cinema\/films\/roma-les-souvenirs-de-cuaron-de-fellini-et-les-miens\/","url":"https:\/\/leregardlibre.com\/cinema\/films\/roma-les-souvenirs-de-cuaron-de-fellini-et-les-miens\/","name":"\u00abRoma\u00bb: Erinnerungen an Cuar\u00f3n, Fellini und meine eigenen","isPartOf":{"@id":"https:\/\/leregardlibre.com\/#website"},"primaryImageOfPage":{"@id":"https:\/\/leregardlibre.com\/cinema\/films\/roma-les-souvenirs-de-cuaron-de-fellini-et-les-miens\/#primaryimage"},"image":{"@id":"https:\/\/leregardlibre.com\/cinema\/films\/roma-les-souvenirs-de-cuaron-de-fellini-et-les-miens\/#primaryimage"},"thumbnailUrl":"https:\/\/leregardlibre.com\/wp-content\/uploads\/2020\/02\/1Ax1d-niKFGZ9Ttp1tngJCw.jpeg","datePublished":"2020-02-22T18:14:58+00:00","dateModified":"2025-12-13T21:24:03+00:00","breadcrumb":{"@id":"https:\/\/leregardlibre.com\/cinema\/films\/roma-les-souvenirs-de-cuaron-de-fellini-et-les-miens\/#breadcrumb"},"inLanguage":"de","potentialAction":[{"@type":"ReadAction","target":["https:\/\/leregardlibre.com\/cinema\/films\/roma-les-souvenirs-de-cuaron-de-fellini-et-les-miens\/"]}]},{"@type":"ImageObject","inLanguage":"de","@id":"https:\/\/leregardlibre.com\/cinema\/films\/roma-les-souvenirs-de-cuaron-de-fellini-et-les-miens\/#primaryimage","url":"https:\/\/leregardlibre.com\/wp-content\/uploads\/2020\/02\/1Ax1d-niKFGZ9Ttp1tngJCw.jpeg","contentUrl":"https:\/\/leregardlibre.com\/wp-content\/uploads\/2020\/02\/1Ax1d-niKFGZ9Ttp1tngJCw.jpeg","width":1200,"height":675},{"@type":"BreadcrumbList","@id":"https:\/\/leregardlibre.com\/cinema\/films\/roma-les-souvenirs-de-cuaron-de-fellini-et-les-miens\/#breadcrumb","itemListElement":[{"@type":"ListItem","position":1,"name":"Accueil","item":"https:\/\/leregardlibre.com\/"},{"@type":"ListItem","position":2,"name":"\u00abRoma\u00bb: les souvenirs de Cuar\u00f3n, de Fellini et les miens"}]},{"@type":"WebSite","@id":"https:\/\/leregardlibre.com\/#website","url":"https:\/\/leregardlibre.com\/","name":"Le Regard Libre","description":"Erste Schweizer Monatszeitschrift f\u00fcr Debatten","publisher":{"@id":"https:\/\/leregardlibre.com\/#organization"},"potentialAction":[{"@type":"SearchAction","target":{"@type":"EntryPoint","urlTemplate":"https:\/\/leregardlibre.com\/?s={search_term_string}"},"query-input":{"@type":"PropertyValueSpecification","valueRequired":true,"valueName":"search_term_string"}}],"inLanguage":"de"},{"@type":"Organization","@id":"https:\/\/leregardlibre.com\/#organization","name":"Le Regard Libre","url":"https:\/\/leregardlibre.com\/","logo":{"@type":"ImageObject","inLanguage":"de","@id":"https:\/\/leregardlibre.com\/#\/schema\/logo\/image\/","url":"https:\/\/leregardlibre.com\/wp-content\/uploads\/2025\/08\/logo-rl-icone-neg.jpeg","contentUrl":"https:\/\/leregardlibre.com\/wp-content\/uploads\/2025\/08\/logo-rl-icone-neg.jpeg","width":557,"height":556,"caption":"Le Regard Libre"},"image":{"@id":"https:\/\/leregardlibre.com\/#\/schema\/logo\/image\/"},"sameAs":["https:\/\/www.facebook.com\/leregardlibre\/","https:\/\/x.com\/LeRegardLibre","https:\/\/www.linkedin.com\/company\/le-regard-libre","https:\/\/www.instagram.com\/leregardlibre\/","http:\/\/t.me\/leregardlibre","https:\/\/youtube.com\/channel\/UC6HzGPomj1LsUmlz-sJtITQ"],"description":"Le Regard Libre ist eine Schweizer Monatszeitschrift f\u00fcr intellektuelle und kulturelle Debatten. Seine Redaktion ist jung, ehrenamtlich, liberal und pluralistisch. Das Magazin erscheint online und in gedruckter Form. Seine Sprache ist Franz\u00f6sisch.","email":"redaction@leregardlibre.com","legalName":"Le Regard Libre","foundingDate":"2014-01-01","numberOfEmployees":{"@type":"QuantitativeValue","minValue":"11","maxValue":"50"},"publishingPrinciples":"https:\/\/leregardlibre.com\/a-propos\/notre-manifeste\/","ownershipFundingInfo":"https:\/\/leregardlibre.com\/mentions-legales\/","actionableFeedbackPolicy":"https:\/\/leregardlibre.com\/conditions-generales-de-vente\/"},{"@type":"Person","@id":"https:\/\/leregardlibre.com\/#\/schema\/person\/04d80ec47094bca6b1fa22dffad24005","name":"Loris S. Musumeci","image":{"@type":"ImageObject","inLanguage":"de","@id":"https:\/\/secure.gravatar.com\/avatar\/fa476654dadfee0d962e80160d0303549febb2769f8fa26c7a1ebe037f7c7c54?s=96&d=identicon&r=g","url":"https:\/\/secure.gravatar.com\/avatar\/fa476654dadfee0d962e80160d0303549febb2769f8fa26c7a1ebe037f7c7c54?s=96&d=identicon&r=g","contentUrl":"https:\/\/secure.gravatar.com\/avatar\/fa476654dadfee0d962e80160d0303549febb2769f8fa26c7a1ebe037f7c7c54?s=96&d=identicon&r=g","caption":"Loris S. Musumeci"},"sameAs":["https:\/\/leregardlibre.com\/","https:\/\/fr.wikipedia.org\/wiki\/Le_Regard_libre"],"url":"https:\/\/leregardlibre.com\/de\/author\/loris-musumeci\/"}]}},"_links":{"self":[{"href":"https:\/\/leregardlibre.com\/de\/wp-json\/wp\/v2\/posts\/31676","targetHints":{"allow":["GET"]}}],"collection":[{"href":"https:\/\/leregardlibre.com\/de\/wp-json\/wp\/v2\/posts"}],"about":[{"href":"https:\/\/leregardlibre.com\/de\/wp-json\/wp\/v2\/types\/post"}],"author":[{"embeddable":true,"href":"https:\/\/leregardlibre.com\/de\/wp-json\/wp\/v2\/users\/18"}],"replies":[{"embeddable":true,"href":"https:\/\/leregardlibre.com\/de\/wp-json\/wp\/v2\/comments?post=31676"}],"version-history":[{"count":1,"href":"https:\/\/leregardlibre.com\/de\/wp-json\/wp\/v2\/posts\/31676\/revisions"}],"predecessor-version":[{"id":511633,"href":"https:\/\/leregardlibre.com\/de\/wp-json\/wp\/v2\/posts\/31676\/revisions\/511633"}],"wp:featuredmedia":[{"embeddable":true,"href":"https:\/\/leregardlibre.com\/de\/wp-json\/wp\/v2\/media\/31684"}],"wp:attachment":[{"href":"https:\/\/leregardlibre.com\/de\/wp-json\/wp\/v2\/media?parent=31676"}],"wp:term":[{"taxonomy":"category","embeddable":true,"href":"https:\/\/leregardlibre.com\/de\/wp-json\/wp\/v2\/categories?post=31676"},{"taxonomy":"post_tag","embeddable":true,"href":"https:\/\/leregardlibre.com\/de\/wp-json\/wp\/v2\/tags?post=31676"}],"curies":[{"name":"wp","href":"https:\/\/api.w.org\/{rel}","templated":true}]}}