{"id":31759,"date":"2020-02-28T11:00:00","date_gmt":"2020-02-28T10:00:00","guid":{"rendered":"https:\/\/leregardlibre.com\/?p=31759"},"modified":"2022-09-25T16:17:48","modified_gmt":"2022-09-25T14:17:48","slug":"alain-mabanckou-je-crois-en-lunivers-litteraire-qui-rappelle-toujours-dou-lon-vient","status":"publish","type":"post","link":"https:\/\/leregardlibre.com\/de\/literatur\/alain-mabanckou-je-crois-en-lunivers-litteraire-qui-rappelle-toujours-dou-lon-vient\/","title":{"rendered":"Alain Mabanckou: \u00abIch glaube an das literarische Universum, das einen immer daran erinnert, woher man kommt\u00bb.\u00bb"},"content":{"rendered":"<div class='content_excerpt'>\n<p>Le Regard Libre Nr. 59 - Loris S. Musumeci<\/p>\n\n\n\n<p class=\"has-drop-cap\"><strong>Im Saal des NH Hotels in Freiburg wurde gelacht. Alain Mabanckou hielt dort einen Vortrag, der weit entfernt von strengen und ernsten Thesen war und den Zuh\u00f6rern eine unterhaltsame, aber lehrreiche Unterhaltung bot! Er erz\u00e4hlte uns vom Kongo und seiner Kindheit, die er in seinem letzten Roman Les cigognes sont immortelles (Die St\u00f6rche sind unsterblich) beschreibt. Seine Hauptfigur, der kleine Michel, trauert um den Tod des kommunistischen Pr\u00e4sidenten Ngouabi, und seine Familie wird in eine schmutzige Aff\u00e4re verwickelt. Ausgehend von dieser autobiografisch gepr\u00e4gten Geschichte l\u00e4sst uns der Schriftsteller einen einfachen und reichen Stil mit einem kindlichen und zugleich klaren Tonfall genie\u00dfen.<\/strong><\/p>\n\n\n\n Interview lesen\n    <div class='restricted_content_fade'><\/div>\n    <\/div>\n  <style>\n    .content_excerpt{\n      position: relative;\n    }\n    .content_excerpt .restricted_content_fade{\n      position: absolute;\n      bottom: 0;\n      left: 0;\n      right: 0;\n      height: 75px;\n\t  margin-bottom: 0px;\n      background-image: linear-gradient(#ffffff2e, white);\n    }\n\n    .restricted_content{\n      margin-top: 30px;\n      border: solid #dddddd 1px;\n      border-radius: 7px;\n      padding: 30px;\n    }\n    \n    .restricted_content .restricted_content_title{\n      font-size: 22px;\n      font-weight: 600;\n    }\n    .restricted_content .restricted_content_flex_row{\n      display: flex;\n      flex-direction: row;\n    }\n    .restricted_content .restricted_content_image_container{\n      flex: 3;\n    }\n    .restricted_content .restricted_content_flex_column{\n      flex: 4;\n      display: flex;\n      flex-direction: column;\n      margin-left: 40px;\n      justify-content: center;\n    }\n\n\n    .restricted_content_buttons{\n      display: flex;\n      flex-direction: column;\n      width: min-content;\n    }\n    .restricted_content_button{\n      background-color: #f2f2f2;\n      text-transform: uppercase;\n      font-weight: 600;\n      padding: 8px 40px;\n      text-align: center;\n      font-size: 13px;\n      margin-top: 10px;\n      width: max-content;\n      width: 100%;\n      white-space: nowrap;\n    }\n    .restricted_content_button:hover {\n      background-color: #111111;\n      color: white;\n      text-decoration: none !important;\n    }\n\n    .restricted_content_primary_button{\n      background-color: #1F2A68 !important;\n      color: white !important;\n    }\n    .restricted_content_primary_button:hover {\n      background-color: #111111;\n    }\n\n    .restricted_content_text{\n      margin-bottom: 10px;\n      line-height: 1.2;\n      font-weight: 500;\n      font-size: 16px;\n    }\n\n  \n  <\/style>\n  <div class='restricted_content'>\n    <h3 class='restricted_content_title'>Dieser Inhalt ist unseren Abonnenten vorbehalten.<\/h3>\n    <div class='restricted_content_flex_row'>\n      <div class='restricted_content_image_container'>\n        <img class='restricted_content_image' src='\/wp-content\/uploads\/2025\/08\/abo_physique.png' \/>\n      <\/div>\n      <div class='restricted_content_flex_column'>\n        <div class='restricted_content_text'>Wenn Sie ein Konto haben, loggen Sie sich ein. Ansonsten entdecken Sie unsere verschiedenen Abonnements und erstellen Sie ein Konto ab CHF 2.50 im ersten Monat.<\/div>\n        <div class='restricted_content_buttons'>\n          <a href='\/de\/abonnement\/' class='restricted_content_button restricted_content_primary_button'>Abonnements ansehen<\/a><a href='\/de\/mein-konto\/?redirect_to=https:\/\/leregardlibre.com\/de\/literatur\/alain-mabanckou-je-crois-en-lunivers-litteraire-qui-rappelle-toujours-dou-lon-vient\/'class='restricted_content_button'>Sich anmelden<\/a><\/div>\n      <\/div>\n    <\/div>\n  <\/div>","protected":false},"excerpt":{"rendered":"<div class='content_excerpt'>\n<p>Le Regard Libre Nr. 59 - Loris S. Musumeci<\/p>\n<p class=\"has-drop-cap\"><strong>Im Saal des NH Hotels in Freiburg wurde gelacht. Alain Mabanckou hielt dort einen Vortrag, der weit entfernt von strengen und ernsten Thesen war und den Zuh\u00f6rern eine unterhaltsame, aber lehrreiche Unterhaltung bot! Er erz\u00e4hlte uns vom Kongo und seiner Kindheit, die er in seinem letzten Roman Les cigognes sont immortelles (Die St\u00f6rche sind unsterblich) beschreibt. Seine Hauptfigur, der kleine Michel, trauert um den Tod des kommunistischen Pr\u00e4sidenten Ngouabi, und seine Familie wird in eine schmutzige Aff\u00e4re verwickelt. Ausgehend von dieser autobiografisch gepr\u00e4gten Geschichte l\u00e4sst uns der Schriftsteller einen einfachen und reichen Stil mit einem kindlichen und zugleich klaren Tonfall genie\u00dfen.<\/strong><\/p>\n<p> Interview lesen<\/p>\n<div class='restricted_content_fade'><\/div>\n<\/p><\/div>\n<style>\n    .content_excerpt{\n      position: relative;\n    }\n    .content_excerpt .restricted_content_fade{\n      position: absolute;\n      bottom: 0;\n      left: 0;\n      right: 0;\n      height: 75px;\n\t  margin-bottom: 0px;\n      background-image: linear-gradient(#ffffff2e, white);\n    }<\/p>\n<p>    .restricted_content{\n      margin-top: 30px;\n      border: solid #dddddd 1px;\n      border-radius: 7px;\n      padding: 30px;\n    }<\/p>\n<p>    .restricted_content .restricted_content_title{\n      font-size: 22px;\n      font-weight: 600;\n    }\n    .restricted_content .restricted_content_flex_row{\n      display: flex;\n      flex-direction: row;\n    }\n    .restricted_content .restricted_content_image_container{\n      flex: 3;\n    }\n    .restricted_content .restricted_content_flex_column{\n      flex: 4;\n      display: flex;\n      flex-direction: column;\n      margin-left: 40px;\n      justify-content: center;\n    }<\/p>\n<p>    .restricted_content_buttons{\n      display: flex;\n      flex-direction: column;\n      width: min-content;\n    }\n    .restricted_content_button{\n      background-color: #f2f2f2;\n      text-transform: uppercase;\n      font-weight: 600;\n      padding: 8px 40px;\n      text-align: center;\n      font-size: 13px;\n      margin-top: 10px;\n      width: max-content;\n      width: 100%;\n      white-space: nowrap;\n    }\n    .restricted_content_button:hover {\n      background-color: #111111;\n      color: white;\n      text-decoration: none !important;\n    }<\/p>\n<p>    .restricted_content_primary_button{\n      background-color: #1F2A68 !important;\n      color: white !important;\n    }\n    .restricted_content_primary_button:hover {\n      background-color: #111111;\n    }<\/p>\n<p>    .restricted_content_text{\n      margin-bottom: 10px;\n      line-height: 1.2;\n      font-weight: 500;\n      font-size: 16px;\n    }<\/p>\n<\/style>\n<div class='restricted_content'>\n<h3 class='restricted_content_title'>Dieser Inhalt ist unseren Abonnenten vorbehalten.<\/h3>\n<div class='restricted_content_flex_row'>\n<div class='restricted_content_image_container'>\n        <img class='restricted_content_image' src='\/wp-content\/uploads\/2025\/08\/abo_physique.png' \/>\n      <\/div>\n<div class='restricted_content_flex_column'>\n<div class='restricted_content_text'>Wenn Sie ein Konto haben, loggen Sie sich ein. Ansonsten entdecken Sie unsere verschiedenen Abonnements und erstellen Sie ein Konto ab CHF 2.50 im ersten Monat.<\/div>\n<div class='restricted_content_buttons'>\n          <a href='\/de\/abonnement\/' class='restricted_content_button restricted_content_primary_button'>Abonnements ansehen<\/a><a href='\/de\/mein-konto\/?redirect_to=https:\/\/leregardlibre.com\/de\/literatur\/alain-mabanckou-je-crois-en-lunivers-litteraire-qui-rappelle-toujours-dou-lon-vient\/'class='restricted_content_button'>Sich anmelden<\/a><\/div>\n<\/p><\/div>\n<\/p><\/div>\n<\/p><\/div>","protected":false},"author":18,"featured_media":31763,"comment_status":"open","ping_status":"open","sticky":false,"template":"","format":"standard","meta":{"_acf_changed":false,"footnotes":""},"categories":[20663],"tags":[61519,644344397,644341424,261720,644344406,54879,644339288,357966,11788,644344398,1532851,25270,644344399],"class_list":["post-31759","post","type-post","status-publish","format-standard","has-post-thumbnail","hentry","category-litterature","tag-afrique","tag-alain-mabanckou","tag-alliance-francaise-de-fribourg","tag-bonheur","tag-congo","tag-critiques-litteraires","tag-dessins","tag-enfance","tag-interviews","tag-les-cigognes-sont-immortelles","tag-litterature-francophone","tag-los-angeles","tag-origine","membership-content","access-restricted"],"acf":[],"yoast_head":"<!-- This site is optimized with the Yoast SEO Premium plugin v27.4 (Yoast SEO v27.4) - https:\/\/yoast.com\/product\/yoast-seo-premium-wordpress\/ -->\n<title>Alain Mabanckou: \u00abJe crois en l\u2019univers litt\u00e9raire qui rappelle toujours d\u2019o\u00f9 l\u2019on vient\u00bb<\/title>\n<meta name=\"robots\" content=\"index, follow, max-snippet:-1, max-image-preview:large, max-video-preview:-1\" \/>\n<link rel=\"canonical\" href=\"https:\/\/leregardlibre.com\/de\/literatur\/alain-mabanckou-je-crois-en-lunivers-litteraire-qui-rappelle-toujours-dou-lon-vient\/\" \/>\n<meta property=\"og:locale\" content=\"de_DE\" \/>\n<meta property=\"og:type\" content=\"article\" \/>\n<meta property=\"og:title\" content=\"Alain Mabanckou: \u00abJe crois en l\u2019univers litt\u00e9raire qui rappelle toujours d\u2019o\u00f9 l\u2019on vient\u00bb\" \/>\n<meta property=\"og:description\" content=\"Rencontre avec l&#039;auteur \u00e0 succ\" \/>\n<meta property=\"og:url\" content=\"https:\/\/leregardlibre.com\/de\/literatur\/alain-mabanckou-je-crois-en-lunivers-litteraire-qui-rappelle-toujours-dou-lon-vient\/\" \/>\n<meta property=\"og:site_name\" content=\"Le Regard Libre\" \/>\n<meta property=\"article:publisher\" content=\"https:\/\/www.facebook.com\/leregardlibre\/\" \/>\n<meta property=\"article:published_time\" content=\"2020-02-28T10:00:00+00:00\" \/>\n<meta property=\"article:modified_time\" content=\"2022-09-25T14:17:48+00:00\" \/>\n<meta property=\"og:image\" content=\"https:\/\/leregardlibre.com\/wp-content\/uploads\/2020\/02\/Alain-Mabanckou-5-\u00a9-Loris-S.-Musumeci-pour-Le-Regard-Libre-scaled.jpg\" \/>\n\t<meta property=\"og:image:width\" content=\"2560\" \/>\n\t<meta property=\"og:image:height\" content=\"1421\" \/>\n\t<meta property=\"og:image:type\" content=\"image\/jpeg\" \/>\n<meta name=\"author\" content=\"Loris S. Musumeci\" \/>\n<meta name=\"twitter:card\" content=\"summary_large_image\" \/>\n<meta name=\"twitter:creator\" content=\"@LeRegardLibre\" \/>\n<meta name=\"twitter:site\" content=\"@LeRegardLibre\" \/>\n<meta name=\"twitter:label1\" content=\"Verfasst von\" \/>\n\t<meta name=\"twitter:data1\" content=\"Loris S. Musumeci\" \/>\n\t<meta name=\"twitter:label2\" content=\"Gesch\u00e4tzte Lesezeit\" \/>\n\t<meta name=\"twitter:data2\" content=\"9\u00a0Minuten\" \/>\n<script type=\"application\/ld+json\" class=\"yoast-schema-graph\">{\"@context\":\"https:\\\/\\\/schema.org\",\"@graph\":[{\"@type\":\"Article\",\"@id\":\"https:\\\/\\\/leregardlibre.com\\\/litterature\\\/alain-mabanckou-je-crois-en-lunivers-litteraire-qui-rappelle-toujours-dou-lon-vient\\\/#article\",\"isPartOf\":{\"@id\":\"https:\\\/\\\/leregardlibre.com\\\/litterature\\\/alain-mabanckou-je-crois-en-lunivers-litteraire-qui-rappelle-toujours-dou-lon-vient\\\/\"},\"author\":{\"name\":\"Loris S. Musumeci\",\"@id\":\"https:\\\/\\\/leregardlibre.com\\\/#\\\/schema\\\/person\\\/04d80ec47094bca6b1fa22dffad24005\"},\"headline\":\"Alain Mabanckou: \u00abJe crois en l\u2019univers litt\u00e9raire qui rappelle toujours d\u2019o\u00f9 l\u2019on vient\u00bb\",\"datePublished\":\"2020-02-28T10:00:00+00:00\",\"dateModified\":\"2022-09-25T14:17:48+00:00\",\"mainEntityOfPage\":{\"@id\":\"https:\\\/\\\/leregardlibre.com\\\/litterature\\\/alain-mabanckou-je-crois-en-lunivers-litteraire-qui-rappelle-toujours-dou-lon-vient\\\/\"},\"wordCount\":1883,\"commentCount\":0,\"publisher\":{\"@id\":\"https:\\\/\\\/leregardlibre.com\\\/#organization\"},\"image\":{\"@id\":\"https:\\\/\\\/leregardlibre.com\\\/litterature\\\/alain-mabanckou-je-crois-en-lunivers-litteraire-qui-rappelle-toujours-dou-lon-vient\\\/#primaryimage\"},\"thumbnailUrl\":\"https:\\\/\\\/leregardlibre.com\\\/wp-content\\\/uploads\\\/2020\\\/02\\\/Alain-Mabanckou-5-\u00a9-Loris-S.-Musumeci-pour-Le-Regard-Libre-scaled.jpg\",\"keywords\":[\"Afrique\",\"alain mabanckou\",\"Alliance fran\u00e7aise de Fribourg\",\"Bonheur\",\"Congo\",\"Critique litt\u00e9raire\",\"dessins\",\"Enfance\",\"Interview\",\"les cigognes sont immortelles\",\"Litt\u00e9rature francophone\",\"Los Angeles\",\"origine\"],\"articleSection\":[\"Litt\u00e9rature\"],\"inLanguage\":\"de\",\"potentialAction\":[{\"@type\":\"CommentAction\",\"name\":\"Comment\",\"target\":[\"https:\\\/\\\/leregardlibre.com\\\/litterature\\\/alain-mabanckou-je-crois-en-lunivers-litteraire-qui-rappelle-toujours-dou-lon-vient\\\/#respond\"]}]},{\"@type\":\"WebPage\",\"@id\":\"https:\\\/\\\/leregardlibre.com\\\/litterature\\\/alain-mabanckou-je-crois-en-lunivers-litteraire-qui-rappelle-toujours-dou-lon-vient\\\/\",\"url\":\"https:\\\/\\\/leregardlibre.com\\\/litterature\\\/alain-mabanckou-je-crois-en-lunivers-litteraire-qui-rappelle-toujours-dou-lon-vient\\\/\",\"name\":\"Alain Mabanckou: \u00abJe crois en l\u2019univers litt\u00e9raire qui rappelle toujours d\u2019o\u00f9 l\u2019on vient\u00bb\",\"isPartOf\":{\"@id\":\"https:\\\/\\\/leregardlibre.com\\\/#website\"},\"primaryImageOfPage\":{\"@id\":\"https:\\\/\\\/leregardlibre.com\\\/litterature\\\/alain-mabanckou-je-crois-en-lunivers-litteraire-qui-rappelle-toujours-dou-lon-vient\\\/#primaryimage\"},\"image\":{\"@id\":\"https:\\\/\\\/leregardlibre.com\\\/litterature\\\/alain-mabanckou-je-crois-en-lunivers-litteraire-qui-rappelle-toujours-dou-lon-vient\\\/#primaryimage\"},\"thumbnailUrl\":\"https:\\\/\\\/leregardlibre.com\\\/wp-content\\\/uploads\\\/2020\\\/02\\\/Alain-Mabanckou-5-\u00a9-Loris-S.-Musumeci-pour-Le-Regard-Libre-scaled.jpg\",\"datePublished\":\"2020-02-28T10:00:00+00:00\",\"dateModified\":\"2022-09-25T14:17:48+00:00\",\"breadcrumb\":{\"@id\":\"https:\\\/\\\/leregardlibre.com\\\/litterature\\\/alain-mabanckou-je-crois-en-lunivers-litteraire-qui-rappelle-toujours-dou-lon-vient\\\/#breadcrumb\"},\"inLanguage\":\"de\",\"potentialAction\":[{\"@type\":\"ReadAction\",\"target\":[\"https:\\\/\\\/leregardlibre.com\\\/litterature\\\/alain-mabanckou-je-crois-en-lunivers-litteraire-qui-rappelle-toujours-dou-lon-vient\\\/\"]}]},{\"@type\":\"ImageObject\",\"inLanguage\":\"de\",\"@id\":\"https:\\\/\\\/leregardlibre.com\\\/litterature\\\/alain-mabanckou-je-crois-en-lunivers-litteraire-qui-rappelle-toujours-dou-lon-vient\\\/#primaryimage\",\"url\":\"https:\\\/\\\/leregardlibre.com\\\/wp-content\\\/uploads\\\/2020\\\/02\\\/Alain-Mabanckou-5-\u00a9-Loris-S.-Musumeci-pour-Le-Regard-Libre-scaled.jpg\",\"contentUrl\":\"https:\\\/\\\/leregardlibre.com\\\/wp-content\\\/uploads\\\/2020\\\/02\\\/Alain-Mabanckou-5-\u00a9-Loris-S.-Musumeci-pour-Le-Regard-Libre-scaled.jpg\",\"width\":2560,\"height\":1421,\"caption\":\"OLYMPUS DIGITAL CAMERA\"},{\"@type\":\"BreadcrumbList\",\"@id\":\"https:\\\/\\\/leregardlibre.com\\\/litterature\\\/alain-mabanckou-je-crois-en-lunivers-litteraire-qui-rappelle-toujours-dou-lon-vient\\\/#breadcrumb\",\"itemListElement\":[{\"@type\":\"ListItem\",\"position\":1,\"name\":\"Accueil\",\"item\":\"https:\\\/\\\/leregardlibre.com\\\/\"},{\"@type\":\"ListItem\",\"position\":2,\"name\":\"Alain Mabanckou: \u00abJe crois en l\u2019univers litt\u00e9raire qui rappelle toujours d\u2019o\u00f9 l\u2019on vient\u00bb\"}]},{\"@type\":\"WebSite\",\"@id\":\"https:\\\/\\\/leregardlibre.com\\\/#website\",\"url\":\"https:\\\/\\\/leregardlibre.com\\\/\",\"name\":\"Le Regard Libre\",\"description\":\"Premier mensuel suisse de d\u00e9bat\",\"publisher\":{\"@id\":\"https:\\\/\\\/leregardlibre.com\\\/#organization\"},\"potentialAction\":[{\"@type\":\"SearchAction\",\"target\":{\"@type\":\"EntryPoint\",\"urlTemplate\":\"https:\\\/\\\/leregardlibre.com\\\/?s={search_term_string}\"},\"query-input\":{\"@type\":\"PropertyValueSpecification\",\"valueRequired\":true,\"valueName\":\"search_term_string\"}}],\"inLanguage\":\"de\"},{\"@type\":\"Organization\",\"@id\":\"https:\\\/\\\/leregardlibre.com\\\/#organization\",\"name\":\"Le Regard Libre\",\"url\":\"https:\\\/\\\/leregardlibre.com\\\/\",\"logo\":{\"@type\":\"ImageObject\",\"inLanguage\":\"de\",\"@id\":\"https:\\\/\\\/leregardlibre.com\\\/#\\\/schema\\\/logo\\\/image\\\/\",\"url\":\"https:\\\/\\\/leregardlibre.com\\\/wp-content\\\/uploads\\\/2025\\\/08\\\/logo-rl-icone-neg.jpeg\",\"contentUrl\":\"https:\\\/\\\/leregardlibre.com\\\/wp-content\\\/uploads\\\/2025\\\/08\\\/logo-rl-icone-neg.jpeg\",\"width\":557,\"height\":556,\"caption\":\"Le Regard Libre\"},\"image\":{\"@id\":\"https:\\\/\\\/leregardlibre.com\\\/#\\\/schema\\\/logo\\\/image\\\/\"},\"sameAs\":[\"https:\\\/\\\/www.facebook.com\\\/leregardlibre\\\/\",\"https:\\\/\\\/x.com\\\/LeRegardLibre\",\"https:\\\/\\\/www.linkedin.com\\\/company\\\/le-regard-libre\",\"https:\\\/\\\/www.instagram.com\\\/leregardlibre\\\/\",\"http:\\\/\\\/t.me\\\/leregardlibre\",\"https:\\\/\\\/youtube.com\\\/channel\\\/UC6HzGPomj1LsUmlz-sJtITQ\"],\"description\":\"Le Regard Libre est un mensuel suisse de d\u00e9bat intellectuel et culturel. Sa r\u00e9daction est jeune, b\u00e9n\u00e9vole, lib\u00e9rale et pluraliste. Le magazine para\u00eet en ligne et sous forme papier. Sa langue est le fran\u00e7ais.\",\"email\":\"redaction@leregardlibre.com\",\"legalName\":\"Le Regard Libre\",\"foundingDate\":\"2014-01-01\",\"numberOfEmployees\":{\"@type\":\"QuantitativeValue\",\"minValue\":\"11\",\"maxValue\":\"50\"},\"publishingPrinciples\":\"https:\\\/\\\/leregardlibre.com\\\/a-propos\\\/notre-manifeste\\\/\",\"ownershipFundingInfo\":\"https:\\\/\\\/leregardlibre.com\\\/mentions-legales\\\/\",\"actionableFeedbackPolicy\":\"https:\\\/\\\/leregardlibre.com\\\/conditions-generales-de-vente\\\/\"},{\"@type\":\"Person\",\"@id\":\"https:\\\/\\\/leregardlibre.com\\\/#\\\/schema\\\/person\\\/04d80ec47094bca6b1fa22dffad24005\",\"name\":\"Loris S. Musumeci\",\"image\":{\"@type\":\"ImageObject\",\"inLanguage\":\"de\",\"@id\":\"https:\\\/\\\/secure.gravatar.com\\\/avatar\\\/fa476654dadfee0d962e80160d0303549febb2769f8fa26c7a1ebe037f7c7c54?s=96&d=identicon&r=g\",\"url\":\"https:\\\/\\\/secure.gravatar.com\\\/avatar\\\/fa476654dadfee0d962e80160d0303549febb2769f8fa26c7a1ebe037f7c7c54?s=96&d=identicon&r=g\",\"contentUrl\":\"https:\\\/\\\/secure.gravatar.com\\\/avatar\\\/fa476654dadfee0d962e80160d0303549febb2769f8fa26c7a1ebe037f7c7c54?s=96&d=identicon&r=g\",\"caption\":\"Loris S. Musumeci\"},\"sameAs\":[\"https:\\\/\\\/leregardlibre.com\\\/\",\"https:\\\/\\\/fr.wikipedia.org\\\/wiki\\\/Le_Regard_libre\"],\"url\":\"https:\\\/\\\/leregardlibre.com\\\/de\\\/author\\\/loris-musumeci\\\/\"}]}<\/script>\n<!-- \/ Yoast SEO Premium plugin. -->","yoast_head_json":{"title":"Alain Mabanckou: \u00abIch glaube an das literarische Universum, das einen immer daran erinnert, woher man kommt\u00bb.\u00bb","robots":{"index":"index","follow":"follow","max-snippet":"max-snippet:-1","max-image-preview":"max-image-preview:large","max-video-preview":"max-video-preview:-1"},"canonical":"https:\/\/leregardlibre.com\/de\/literatur\/alain-mabanckou-je-crois-en-lunivers-litteraire-qui-rappelle-toujours-dou-lon-vient\/","og_locale":"de_DE","og_type":"article","og_title":"Alain Mabanckou: \u00abJe crois en l\u2019univers litt\u00e9raire qui rappelle toujours d\u2019o\u00f9 l\u2019on vient\u00bb","og_description":"Rencontre avec l'auteur \u00e0 succ","og_url":"https:\/\/leregardlibre.com\/de\/literatur\/alain-mabanckou-je-crois-en-lunivers-litteraire-qui-rappelle-toujours-dou-lon-vient\/","og_site_name":"Le Regard Libre","article_publisher":"https:\/\/www.facebook.com\/leregardlibre\/","article_published_time":"2020-02-28T10:00:00+00:00","article_modified_time":"2022-09-25T14:17:48+00:00","og_image":[{"width":2560,"height":1421,"url":"https:\/\/leregardlibre.com\/wp-content\/uploads\/2020\/02\/Alain-Mabanckou-5-\u00a9-Loris-S.-Musumeci-pour-Le-Regard-Libre-scaled.jpg","type":"image\/jpeg"}],"author":"Loris S. Musumeci","twitter_card":"summary_large_image","twitter_creator":"@LeRegardLibre","twitter_site":"@LeRegardLibre","twitter_misc":{"Verfasst von":"Loris S. Musumeci","Gesch\u00e4tzte Lesezeit":"9\u00a0Minuten"},"schema":{"@context":"https:\/\/schema.org","@graph":[{"@type":"Article","@id":"https:\/\/leregardlibre.com\/litterature\/alain-mabanckou-je-crois-en-lunivers-litteraire-qui-rappelle-toujours-dou-lon-vient\/#article","isPartOf":{"@id":"https:\/\/leregardlibre.com\/litterature\/alain-mabanckou-je-crois-en-lunivers-litteraire-qui-rappelle-toujours-dou-lon-vient\/"},"author":{"name":"Loris S. Musumeci","@id":"https:\/\/leregardlibre.com\/#\/schema\/person\/04d80ec47094bca6b1fa22dffad24005"},"headline":"Alain Mabanckou: \u00abJe crois en l\u2019univers litt\u00e9raire qui rappelle toujours d\u2019o\u00f9 l\u2019on vient\u00bb","datePublished":"2020-02-28T10:00:00+00:00","dateModified":"2022-09-25T14:17:48+00:00","mainEntityOfPage":{"@id":"https:\/\/leregardlibre.com\/litterature\/alain-mabanckou-je-crois-en-lunivers-litteraire-qui-rappelle-toujours-dou-lon-vient\/"},"wordCount":1883,"commentCount":0,"publisher":{"@id":"https:\/\/leregardlibre.com\/#organization"},"image":{"@id":"https:\/\/leregardlibre.com\/litterature\/alain-mabanckou-je-crois-en-lunivers-litteraire-qui-rappelle-toujours-dou-lon-vient\/#primaryimage"},"thumbnailUrl":"https:\/\/leregardlibre.com\/wp-content\/uploads\/2020\/02\/Alain-Mabanckou-5-\u00a9-Loris-S.-Musumeci-pour-Le-Regard-Libre-scaled.jpg","keywords":["Afrique","alain mabanckou","Alliance fran\u00e7aise de Fribourg","Bonheur","Congo","Critique litt\u00e9raire","dessins","Enfance","Interview","les cigognes sont immortelles","Litt\u00e9rature francophone","Los Angeles","origine"],"articleSection":["Litt\u00e9rature"],"inLanguage":"de","potentialAction":[{"@type":"CommentAction","name":"Comment","target":["https:\/\/leregardlibre.com\/litterature\/alain-mabanckou-je-crois-en-lunivers-litteraire-qui-rappelle-toujours-dou-lon-vient\/#respond"]}]},{"@type":"WebPage","@id":"https:\/\/leregardlibre.com\/litterature\/alain-mabanckou-je-crois-en-lunivers-litteraire-qui-rappelle-toujours-dou-lon-vient\/","url":"https:\/\/leregardlibre.com\/litterature\/alain-mabanckou-je-crois-en-lunivers-litteraire-qui-rappelle-toujours-dou-lon-vient\/","name":"Alain Mabanckou: \u00abIch glaube an das literarische Universum, das einen immer daran erinnert, woher man kommt\u00bb.\u00bb","isPartOf":{"@id":"https:\/\/leregardlibre.com\/#website"},"primaryImageOfPage":{"@id":"https:\/\/leregardlibre.com\/litterature\/alain-mabanckou-je-crois-en-lunivers-litteraire-qui-rappelle-toujours-dou-lon-vient\/#primaryimage"},"image":{"@id":"https:\/\/leregardlibre.com\/litterature\/alain-mabanckou-je-crois-en-lunivers-litteraire-qui-rappelle-toujours-dou-lon-vient\/#primaryimage"},"thumbnailUrl":"https:\/\/leregardlibre.com\/wp-content\/uploads\/2020\/02\/Alain-Mabanckou-5-\u00a9-Loris-S.-Musumeci-pour-Le-Regard-Libre-scaled.jpg","datePublished":"2020-02-28T10:00:00+00:00","dateModified":"2022-09-25T14:17:48+00:00","breadcrumb":{"@id":"https:\/\/leregardlibre.com\/litterature\/alain-mabanckou-je-crois-en-lunivers-litteraire-qui-rappelle-toujours-dou-lon-vient\/#breadcrumb"},"inLanguage":"de","potentialAction":[{"@type":"ReadAction","target":["https:\/\/leregardlibre.com\/litterature\/alain-mabanckou-je-crois-en-lunivers-litteraire-qui-rappelle-toujours-dou-lon-vient\/"]}]},{"@type":"ImageObject","inLanguage":"de","@id":"https:\/\/leregardlibre.com\/litterature\/alain-mabanckou-je-crois-en-lunivers-litteraire-qui-rappelle-toujours-dou-lon-vient\/#primaryimage","url":"https:\/\/leregardlibre.com\/wp-content\/uploads\/2020\/02\/Alain-Mabanckou-5-\u00a9-Loris-S.-Musumeci-pour-Le-Regard-Libre-scaled.jpg","contentUrl":"https:\/\/leregardlibre.com\/wp-content\/uploads\/2020\/02\/Alain-Mabanckou-5-\u00a9-Loris-S.-Musumeci-pour-Le-Regard-Libre-scaled.jpg","width":2560,"height":1421,"caption":"OLYMPUS DIGITAL CAMERA"},{"@type":"BreadcrumbList","@id":"https:\/\/leregardlibre.com\/litterature\/alain-mabanckou-je-crois-en-lunivers-litteraire-qui-rappelle-toujours-dou-lon-vient\/#breadcrumb","itemListElement":[{"@type":"ListItem","position":1,"name":"Accueil","item":"https:\/\/leregardlibre.com\/"},{"@type":"ListItem","position":2,"name":"Alain Mabanckou: \u00abJe crois en l\u2019univers litt\u00e9raire qui rappelle toujours d\u2019o\u00f9 l\u2019on vient\u00bb"}]},{"@type":"WebSite","@id":"https:\/\/leregardlibre.com\/#website","url":"https:\/\/leregardlibre.com\/","name":"Le Regard Libre","description":"Erste Schweizer Monatszeitschrift f\u00fcr Debatten","publisher":{"@id":"https:\/\/leregardlibre.com\/#organization"},"potentialAction":[{"@type":"SearchAction","target":{"@type":"EntryPoint","urlTemplate":"https:\/\/leregardlibre.com\/?s={search_term_string}"},"query-input":{"@type":"PropertyValueSpecification","valueRequired":true,"valueName":"search_term_string"}}],"inLanguage":"de"},{"@type":"Organization","@id":"https:\/\/leregardlibre.com\/#organization","name":"Le Regard Libre","url":"https:\/\/leregardlibre.com\/","logo":{"@type":"ImageObject","inLanguage":"de","@id":"https:\/\/leregardlibre.com\/#\/schema\/logo\/image\/","url":"https:\/\/leregardlibre.com\/wp-content\/uploads\/2025\/08\/logo-rl-icone-neg.jpeg","contentUrl":"https:\/\/leregardlibre.com\/wp-content\/uploads\/2025\/08\/logo-rl-icone-neg.jpeg","width":557,"height":556,"caption":"Le Regard Libre"},"image":{"@id":"https:\/\/leregardlibre.com\/#\/schema\/logo\/image\/"},"sameAs":["https:\/\/www.facebook.com\/leregardlibre\/","https:\/\/x.com\/LeRegardLibre","https:\/\/www.linkedin.com\/company\/le-regard-libre","https:\/\/www.instagram.com\/leregardlibre\/","http:\/\/t.me\/leregardlibre","https:\/\/youtube.com\/channel\/UC6HzGPomj1LsUmlz-sJtITQ"],"description":"Le Regard Libre ist eine Schweizer Monatszeitschrift f\u00fcr intellektuelle und kulturelle Debatten. Seine Redaktion ist jung, ehrenamtlich, liberal und pluralistisch. Das Magazin erscheint online und in gedruckter Form. Seine Sprache ist Franz\u00f6sisch.","email":"redaction@leregardlibre.com","legalName":"Le Regard Libre","foundingDate":"2014-01-01","numberOfEmployees":{"@type":"QuantitativeValue","minValue":"11","maxValue":"50"},"publishingPrinciples":"https:\/\/leregardlibre.com\/a-propos\/notre-manifeste\/","ownershipFundingInfo":"https:\/\/leregardlibre.com\/mentions-legales\/","actionableFeedbackPolicy":"https:\/\/leregardlibre.com\/conditions-generales-de-vente\/"},{"@type":"Person","@id":"https:\/\/leregardlibre.com\/#\/schema\/person\/04d80ec47094bca6b1fa22dffad24005","name":"Loris S. Musumeci","image":{"@type":"ImageObject","inLanguage":"de","@id":"https:\/\/secure.gravatar.com\/avatar\/fa476654dadfee0d962e80160d0303549febb2769f8fa26c7a1ebe037f7c7c54?s=96&d=identicon&r=g","url":"https:\/\/secure.gravatar.com\/avatar\/fa476654dadfee0d962e80160d0303549febb2769f8fa26c7a1ebe037f7c7c54?s=96&d=identicon&r=g","contentUrl":"https:\/\/secure.gravatar.com\/avatar\/fa476654dadfee0d962e80160d0303549febb2769f8fa26c7a1ebe037f7c7c54?s=96&d=identicon&r=g","caption":"Loris S. Musumeci"},"sameAs":["https:\/\/leregardlibre.com\/","https:\/\/fr.wikipedia.org\/wiki\/Le_Regard_libre"],"url":"https:\/\/leregardlibre.com\/de\/author\/loris-musumeci\/"}]}},"_links":{"self":[{"href":"https:\/\/leregardlibre.com\/de\/wp-json\/wp\/v2\/posts\/31759","targetHints":{"allow":["GET"]}}],"collection":[{"href":"https:\/\/leregardlibre.com\/de\/wp-json\/wp\/v2\/posts"}],"about":[{"href":"https:\/\/leregardlibre.com\/de\/wp-json\/wp\/v2\/types\/post"}],"author":[{"embeddable":true,"href":"https:\/\/leregardlibre.com\/de\/wp-json\/wp\/v2\/users\/18"}],"replies":[{"embeddable":true,"href":"https:\/\/leregardlibre.com\/de\/wp-json\/wp\/v2\/comments?post=31759"}],"version-history":[{"count":1,"href":"https:\/\/leregardlibre.com\/de\/wp-json\/wp\/v2\/posts\/31759\/revisions"}],"predecessor-version":[{"id":511640,"href":"https:\/\/leregardlibre.com\/de\/wp-json\/wp\/v2\/posts\/31759\/revisions\/511640"}],"wp:featuredmedia":[{"embeddable":true,"href":"https:\/\/leregardlibre.com\/de\/wp-json\/wp\/v2\/media\/31763"}],"wp:attachment":[{"href":"https:\/\/leregardlibre.com\/de\/wp-json\/wp\/v2\/media?parent=31759"}],"wp:term":[{"taxonomy":"category","embeddable":true,"href":"https:\/\/leregardlibre.com\/de\/wp-json\/wp\/v2\/categories?post=31759"},{"taxonomy":"post_tag","embeddable":true,"href":"https:\/\/leregardlibre.com\/de\/wp-json\/wp\/v2\/tags?post=31759"}],"curies":[{"name":"wp","href":"https:\/\/api.w.org\/{rel}","templated":true}]}}