{"id":31927,"date":"2020-03-10T20:00:51","date_gmt":"2020-03-10T19:00:51","guid":{"rendered":"https:\/\/leregardlibre.com\/?p=31927"},"modified":"2022-09-25T16:17:48","modified_gmt":"2022-09-25T14:17:48","slug":"le-siecle-demma-une-histoire-dhommes-et-de-femmes","status":"publish","type":"post","link":"https:\/\/leregardlibre.com\/de\/literatur\/le-siecle-demma-une-histoire-dhommes-et-de-femmes\/","title":{"rendered":"\u00abLe si\u00e8cle d\u2019Emma\u00bb, une histoire d\u2019hommes et de femmes"},"content":{"rendered":"<p><em>B\u00fccher am Dienstag - Am\u00e9lie Wauthier<\/em><\/p>\n\n\n\n<p class=\"has-drop-cap\"><strong>Sur la couverture rose, quatre personnages nous font face. Au premier plan, une femme pose fi\u00e8rement, les mains sur les hanches. Derri\u00e8re elle, un soldat suisse au regard s\u00e9v\u00e8re semble tirer la tronche. A sa gauche, une jeune hippie brandit une pancarte pour les droits des femmes aux c\u00f4t\u00e9 d\u2019un blouson noir \u00e0 la banane parfaite. Hasard du calendrier, je me retrouve \u00e0 \u00e9crire ma critique du roman graphique <em>Le si\u00e8cle d\u2019Emma<\/em> le 8 mars 2020. <\/strong><\/p>\n\n\n\n<!--more Lire la critique-->\n\n\n\n<p>En page 3, on peut lire les raisons qui ont pouss\u00e9 Eric Burnand et Fanny Vaucher \u00e0 collaborer sur ce projet. \u00abHaha! Mais il ne s\u2019est jamais rien pass\u00e9 en Suisse!\u00bb; on croirait m\u2019entendre. Visiblement, on est bien quelques-uns \u00e0 penser que notre ch\u00e8re nation n\u2019est pas l\u2019endroit le plus rock\u2019n\u2019roll sur Terre. Et pourtant, ce n\u2019est pas parce qu\u2019on ne s\u2019est jamais tous donn\u00e9 rendez-vous \u00e0 la Bastille pour faire tomber quelques t\u00eates couronn\u00e9es qu\u2019en Suisse, il ne s\u2019est jamais rien pass\u00e9! <\/p>\n\n\n\n<p>L\u2019histoire d\u00e9bute \u00e0 Granges, dans le canton du Jura. Emma est n\u00e9e au d\u00e9but du XX<sup>.<\/sup> si\u00e8cle et s\u2019appr\u00eate \u00e0 devenir institutrice alors que Marius, son fianc\u00e9, travaille comme ouvrier dans le secteur de l\u2019horlogerie. La grippe espagnole fait des ravages, on est au lendemain de la Premi\u00e8re Guerre mondiale, les temps sont durs et de nombreux foyers sont dans la d\u00e8che. Et puis, c\u2019est le drame. Alors que la Suisse est divis\u00e9e et que le climat est ultra tendu, Marius est abattu par un soldat lors de la gr\u00e8ve g\u00e9n\u00e9rale du 14 novembre 1918. Ce jour-l\u00e0, ils seront trois \u00e0 tomber sans jamais se relever. Emma est \u00e9c\u0153ur\u00e9e. Elle ne supporte plus ni l\u2019arm\u00e9e, ni la passivit\u00e9 dont font preuve les Suisses. Elle part alors \u00e0 Zurich retrouver son fr\u00e8re Franz, un banquier qui r\u00eave de r\u00e9volution et partage sa rage. <\/p>\n\n\n\n<p>Du r\u00e9cit d\u2019Emma, on bascule dans celui de Franz, vingt ans plus tard. On d\u00e9couvre son parcours, devenant spectateur des rouages qui le m\u00e8nent \u00e0 trahir son pays au profit de l\u2019Allemagne nazie. Les \u00e9v\u00e9nements s\u2019encha\u00eenent, de m\u00eame que les gal\u00e8res, puis les r\u00e9cits. On suit ainsi plusieurs g\u00e9n\u00e9rations de Suisses \u00e0 travers les combats des membres d\u2019une m\u00eame famille, tous t\u00e9moins de l\u2019histoire de notre pays. On aborde la question du suffrage f\u00e9minin, celle des conditions de vie des saisonniers italiens, le rock, la lib\u00e9ration sexuelle et la vie communautaire des ann\u00e9es septante.<\/p>\n\n\n\n<h3 class=\"wp-block-heading\"><strong>Simple et efficace<\/strong><\/h3>\n\n\n\n<p>Autant de th\u00e8mes et \u00e9v\u00e9nements abord\u00e9s de fa\u00e7on simple et efficace. Les mots d\u2019Eric Burnand sont pertinents et bien mis en valeur par le trait de Fanny Vaucher. D\u2019ordinaire, je ne suis pas tr\u00e8s <em>fan<\/em> de ce genre de trac\u00e9. Mais l\u2019illustratrice parvient bien \u00e0 rendre l\u2019\u00e2me de notre cher pays. Par ailleurs, sa mise en page est tr\u00e8s dynamique et chaleureuse. Car si la jeune femme a r\u00e9ussi le pari assez ambitieux de me s\u00e9duire par ses dessins, c\u2019est avant tout parce que ceux-ci sont r\u00e9alis\u00e9s \u00e0 l\u2019ancienne: avec du papier et de l\u2019encre! Je ne remercierai jamais assez les artistes qui ont encore recours \u00e0 ces outils qu\u2019on pourrait croire d\u00e9pass\u00e9s\u2026 Car m\u00eame avec un BAC+10 en photoshop, rien ne rend aussi bien la chaleur, le grain du papier et du crayon, que le papier et le crayon. <\/p>\n\n\n\n<p>La vie de ces personnages fictifs est ponctu\u00e9e de cartes et d\u2019\u00e9v\u00e9nements historiques av\u00e9r\u00e9s, archiv\u00e9s et instructifs. Des fiches biographiques ont permis \u00e0 l\u2019ignare que je suis de d\u00e9couvrir qui \u00e9taient Ernst Nobs, meneur de gr\u00e8ve, le syndicaliste nationaliste Willi Ritschard ou encore la pionni\u00e8re du f\u00e9minisme Jacqueline Wavre. Je dois bien reconna\u00eetre que l\u2019histoire n\u2019est de loin pas une passion chez moi. Mais je m\u2019y int\u00e9resserais s\u00fbrement avec davantage de plaisir si elle \u00e9tait \u00e0 chaque fois expliqu\u00e9e de fa\u00e7on aussi audacieuse \u2013 et avec une dose suppl\u00e9mentaire d\u2019humour, peut-\u00eatre m\u00eame que je retiendrais quelques \u00e9v\u00e9nements marquants.<\/p>\n\n\n\n<p>Un livre agr\u00e9able \u00e0 parcourir et qui vient briser certains clich\u00e9s concernant la Suisse, pays neutre par excellence o\u00f9 il fait si bon de vivre\u2026 et peut-\u00eatre que ces h\u00e9ros\/antih\u00e9ros du pass\u00e9 pourraient, qui sait, donner quelques id\u00e9es \u00e0 leurs enfants du pr\u00e9sent.<\/p>\n\n\n\n<p>Bildnachweis: \u00a9 Am\u00e9lie Wauthier<\/p>\n\n\n\n<p><em>Schreiben Sie der Autorin: <a href=\"mailto:amelie.wauthier@leregardlibre.com\">amelie.wauthier@leregardlibre.com<\/a><\/em><\/p>\n\n\n\n<div class=\"wp-block-media-text alignwide\" style=\"grid-template-columns:26% auto\"><figure class=\"wp-block-media-text__media\"><img fetchpriority=\"high\" decoding=\"async\" width=\"336\" height=\"475\" src=\"http:\/\/leregardlibre.com\/wp-content\/uploads\/2020\/03\/1707257_f.jpg.gif\" alt=\"\" class=\"wp-image-31934\"\/><\/figure><div class=\"wp-block-media-text__content\">\n<p><strong>Fanny Vaucher et Eric Burnand<\/strong><br><strong><em>Le si\u00e8cle d&#8217;Emma<\/em><\/strong><br><strong>Antipodes<\/strong><br><strong>2019<\/strong><br><strong>207 pages<\/strong><\/p>\n<\/div><\/div>\n\n\n\n<div class=\"wp-block-button\"><a class=\"wp-block-button__link\" href=\"https:\/\/www.payot.ch\/Detail\/le_siecle_demma-fanny_vaucher-9782889011599\">kaufen<\/a><\/div>","protected":false},"excerpt":{"rendered":"<p>L&#8217;histoire suisse est rock&#8217;n&#8217;roll.<\/p>","protected":false},"author":1,"featured_media":32022,"comment_status":"open","ping_status":"open","sticky":false,"template":"","format":"standard","meta":{"_acf_changed":false,"footnotes":""},"categories":[20663],"tags":[54879,644344491,644344492,94209,2112358,644344490],"class_list":["post-31927","post","type-post","status-publish","format-standard","has-post-thumbnail","hentry","category-litterature","tag-critiques-litteraires","tag-eric-burnand","tag-fanny-vaucher","tag-femmes","tag-histoire-suisse","tag-roman-graphique"],"acf":[],"yoast_head":"<!-- This site is optimized with the Yoast SEO Premium plugin v27.4 (Yoast SEO v27.4) - https:\/\/yoast.com\/product\/yoast-seo-premium-wordpress\/ -->\n<title>\u00abLe si\u00e8cle d\u2019Emma\u00bb, une histoire d\u2019hommes et de femmes<\/title>\n<meta name=\"robots\" content=\"index, follow, max-snippet:-1, max-image-preview:large, max-video-preview:-1\" \/>\n<link rel=\"canonical\" href=\"https:\/\/leregardlibre.com\/de\/literatur\/le-siecle-demma-une-histoire-dhommes-et-de-femmes\/\" \/>\n<meta property=\"og:locale\" content=\"de_DE\" \/>\n<meta property=\"og:type\" content=\"article\" \/>\n<meta property=\"og:title\" content=\"\u00abLe si\u00e8cle d\u2019Emma\u00bb, une histoire d\u2019hommes et de femmes\" \/>\n<meta property=\"og:description\" content=\"L&#039;histoire suisse est rock&#039;n&#039;roll.\" \/>\n<meta property=\"og:url\" content=\"https:\/\/leregardlibre.com\/de\/literatur\/le-siecle-demma-une-histoire-dhommes-et-de-femmes\/\" \/>\n<meta property=\"og:site_name\" content=\"Le Regard Libre\" \/>\n<meta property=\"article:publisher\" content=\"https:\/\/www.facebook.com\/leregardlibre\/\" \/>\n<meta property=\"article:published_time\" content=\"2020-03-10T19:00:51+00:00\" \/>\n<meta property=\"article:modified_time\" content=\"2022-09-25T14:17:48+00:00\" \/>\n<meta property=\"og:image\" content=\"https:\/\/leregardlibre.com\/wp-content\/uploads\/2020\/03\/Le-sie\u0300cle-dEmma.jpeg\" \/>\n\t<meta property=\"og:image:width\" content=\"1800\" \/>\n\t<meta property=\"og:image:height\" content=\"1012\" \/>\n\t<meta property=\"og:image:type\" content=\"image\/jpeg\" \/>\n<meta name=\"author\" content=\"Le Regard Libre\" \/>\n<meta name=\"twitter:card\" content=\"summary_large_image\" \/>\n<meta name=\"twitter:creator\" content=\"@LeRegardLibre\" \/>\n<meta name=\"twitter:site\" content=\"@LeRegardLibre\" \/>\n<meta name=\"twitter:label1\" content=\"Verfasst von\" \/>\n\t<meta name=\"twitter:data1\" content=\"Le Regard Libre\" \/>\n\t<meta name=\"twitter:label2\" content=\"Gesch\u00e4tzte Lesezeit\" \/>\n\t<meta name=\"twitter:data2\" content=\"4\u00a0Minuten\" \/>\n<script type=\"application\/ld+json\" class=\"yoast-schema-graph\">{\"@context\":\"https:\\\/\\\/schema.org\",\"@graph\":[{\"@type\":\"Article\",\"@id\":\"https:\\\/\\\/leregardlibre.com\\\/litterature\\\/le-siecle-demma-une-histoire-dhommes-et-de-femmes\\\/#article\",\"isPartOf\":{\"@id\":\"https:\\\/\\\/leregardlibre.com\\\/litterature\\\/le-siecle-demma-une-histoire-dhommes-et-de-femmes\\\/\"},\"author\":{\"name\":\"Le Regard Libre\",\"@id\":\"https:\\\/\\\/leregardlibre.com\\\/#\\\/schema\\\/person\\\/68aceea2de84966d0928b49556d54101\"},\"headline\":\"\u00abLe si\u00e8cle d\u2019Emma\u00bb, une histoire d\u2019hommes et de femmes\",\"datePublished\":\"2020-03-10T19:00:51+00:00\",\"dateModified\":\"2022-09-25T14:17:48+00:00\",\"mainEntityOfPage\":{\"@id\":\"https:\\\/\\\/leregardlibre.com\\\/litterature\\\/le-siecle-demma-une-histoire-dhommes-et-de-femmes\\\/\"},\"wordCount\":818,\"commentCount\":0,\"publisher\":{\"@id\":\"https:\\\/\\\/leregardlibre.com\\\/#organization\"},\"image\":{\"@id\":\"https:\\\/\\\/leregardlibre.com\\\/litterature\\\/le-siecle-demma-une-histoire-dhommes-et-de-femmes\\\/#primaryimage\"},\"thumbnailUrl\":\"https:\\\/\\\/leregardlibre.com\\\/wp-content\\\/uploads\\\/2020\\\/03\\\/Le-sie\u0300cle-dEmma.jpeg\",\"keywords\":[\"Critique litt\u00e9raire\",\"eric burnand\",\"fanny vaucher\",\"Femmes\",\"Histoire suisse\",\"Roman graphique\"],\"articleSection\":[\"Litt\u00e9rature\"],\"inLanguage\":\"de\",\"potentialAction\":[{\"@type\":\"CommentAction\",\"name\":\"Comment\",\"target\":[\"https:\\\/\\\/leregardlibre.com\\\/litterature\\\/le-siecle-demma-une-histoire-dhommes-et-de-femmes\\\/#respond\"]}]},{\"@type\":\"WebPage\",\"@id\":\"https:\\\/\\\/leregardlibre.com\\\/litterature\\\/le-siecle-demma-une-histoire-dhommes-et-de-femmes\\\/\",\"url\":\"https:\\\/\\\/leregardlibre.com\\\/litterature\\\/le-siecle-demma-une-histoire-dhommes-et-de-femmes\\\/\",\"name\":\"\u00abLe si\u00e8cle d\u2019Emma\u00bb, une histoire d\u2019hommes et de femmes\",\"isPartOf\":{\"@id\":\"https:\\\/\\\/leregardlibre.com\\\/#website\"},\"primaryImageOfPage\":{\"@id\":\"https:\\\/\\\/leregardlibre.com\\\/litterature\\\/le-siecle-demma-une-histoire-dhommes-et-de-femmes\\\/#primaryimage\"},\"image\":{\"@id\":\"https:\\\/\\\/leregardlibre.com\\\/litterature\\\/le-siecle-demma-une-histoire-dhommes-et-de-femmes\\\/#primaryimage\"},\"thumbnailUrl\":\"https:\\\/\\\/leregardlibre.com\\\/wp-content\\\/uploads\\\/2020\\\/03\\\/Le-sie\u0300cle-dEmma.jpeg\",\"datePublished\":\"2020-03-10T19:00:51+00:00\",\"dateModified\":\"2022-09-25T14:17:48+00:00\",\"breadcrumb\":{\"@id\":\"https:\\\/\\\/leregardlibre.com\\\/litterature\\\/le-siecle-demma-une-histoire-dhommes-et-de-femmes\\\/#breadcrumb\"},\"inLanguage\":\"de\",\"potentialAction\":[{\"@type\":\"ReadAction\",\"target\":[\"https:\\\/\\\/leregardlibre.com\\\/litterature\\\/le-siecle-demma-une-histoire-dhommes-et-de-femmes\\\/\"]}]},{\"@type\":\"ImageObject\",\"inLanguage\":\"de\",\"@id\":\"https:\\\/\\\/leregardlibre.com\\\/litterature\\\/le-siecle-demma-une-histoire-dhommes-et-de-femmes\\\/#primaryimage\",\"url\":\"https:\\\/\\\/leregardlibre.com\\\/wp-content\\\/uploads\\\/2020\\\/03\\\/Le-sie\u0300cle-dEmma.jpeg\",\"contentUrl\":\"https:\\\/\\\/leregardlibre.com\\\/wp-content\\\/uploads\\\/2020\\\/03\\\/Le-sie\u0300cle-dEmma.jpeg\",\"width\":1800,\"height\":1012},{\"@type\":\"BreadcrumbList\",\"@id\":\"https:\\\/\\\/leregardlibre.com\\\/litterature\\\/le-siecle-demma-une-histoire-dhommes-et-de-femmes\\\/#breadcrumb\",\"itemListElement\":[{\"@type\":\"ListItem\",\"position\":1,\"name\":\"Accueil\",\"item\":\"https:\\\/\\\/leregardlibre.com\\\/\"},{\"@type\":\"ListItem\",\"position\":2,\"name\":\"\u00abLe si\u00e8cle d\u2019Emma\u00bb, une histoire d\u2019hommes et de femmes\"}]},{\"@type\":\"WebSite\",\"@id\":\"https:\\\/\\\/leregardlibre.com\\\/#website\",\"url\":\"https:\\\/\\\/leregardlibre.com\\\/\",\"name\":\"Le Regard Libre\",\"description\":\"Premier mensuel suisse de d\u00e9bat\",\"publisher\":{\"@id\":\"https:\\\/\\\/leregardlibre.com\\\/#organization\"},\"potentialAction\":[{\"@type\":\"SearchAction\",\"target\":{\"@type\":\"EntryPoint\",\"urlTemplate\":\"https:\\\/\\\/leregardlibre.com\\\/?s={search_term_string}\"},\"query-input\":{\"@type\":\"PropertyValueSpecification\",\"valueRequired\":true,\"valueName\":\"search_term_string\"}}],\"inLanguage\":\"de\"},{\"@type\":\"Organization\",\"@id\":\"https:\\\/\\\/leregardlibre.com\\\/#organization\",\"name\":\"Le Regard Libre\",\"url\":\"https:\\\/\\\/leregardlibre.com\\\/\",\"logo\":{\"@type\":\"ImageObject\",\"inLanguage\":\"de\",\"@id\":\"https:\\\/\\\/leregardlibre.com\\\/#\\\/schema\\\/logo\\\/image\\\/\",\"url\":\"https:\\\/\\\/leregardlibre.com\\\/wp-content\\\/uploads\\\/2025\\\/08\\\/logo-rl-icone-neg.jpeg\",\"contentUrl\":\"https:\\\/\\\/leregardlibre.com\\\/wp-content\\\/uploads\\\/2025\\\/08\\\/logo-rl-icone-neg.jpeg\",\"width\":557,\"height\":556,\"caption\":\"Le Regard Libre\"},\"image\":{\"@id\":\"https:\\\/\\\/leregardlibre.com\\\/#\\\/schema\\\/logo\\\/image\\\/\"},\"sameAs\":[\"https:\\\/\\\/www.facebook.com\\\/leregardlibre\\\/\",\"https:\\\/\\\/x.com\\\/LeRegardLibre\",\"https:\\\/\\\/www.linkedin.com\\\/company\\\/le-regard-libre\",\"https:\\\/\\\/www.instagram.com\\\/leregardlibre\\\/\",\"http:\\\/\\\/t.me\\\/leregardlibre\",\"https:\\\/\\\/youtube.com\\\/channel\\\/UC6HzGPomj1LsUmlz-sJtITQ\"],\"description\":\"Le Regard Libre est un mensuel suisse de d\u00e9bat intellectuel et culturel. Sa r\u00e9daction est jeune, b\u00e9n\u00e9vole, lib\u00e9rale et pluraliste. Le magazine para\u00eet en ligne et sous forme papier. Sa langue est le fran\u00e7ais.\",\"email\":\"redaction@leregardlibre.com\",\"legalName\":\"Le Regard Libre\",\"foundingDate\":\"2014-01-01\",\"numberOfEmployees\":{\"@type\":\"QuantitativeValue\",\"minValue\":\"11\",\"maxValue\":\"50\"},\"publishingPrinciples\":\"https:\\\/\\\/leregardlibre.com\\\/a-propos\\\/notre-manifeste\\\/\",\"ownershipFundingInfo\":\"https:\\\/\\\/leregardlibre.com\\\/mentions-legales\\\/\",\"actionableFeedbackPolicy\":\"https:\\\/\\\/leregardlibre.com\\\/conditions-generales-de-vente\\\/\"},{\"@type\":\"Person\",\"@id\":\"https:\\\/\\\/leregardlibre.com\\\/#\\\/schema\\\/person\\\/68aceea2de84966d0928b49556d54101\",\"name\":\"Le Regard Libre\",\"image\":{\"@type\":\"ImageObject\",\"inLanguage\":\"de\",\"@id\":\"https:\\\/\\\/secure.gravatar.com\\\/avatar\\\/ccf13a262e399e026577c8158b11cbdef98921ac28fa06bc0d43a2d0e2a4a1c0?s=96&d=identicon&r=g\",\"url\":\"https:\\\/\\\/secure.gravatar.com\\\/avatar\\\/ccf13a262e399e026577c8158b11cbdef98921ac28fa06bc0d43a2d0e2a4a1c0?s=96&d=identicon&r=g\",\"contentUrl\":\"https:\\\/\\\/secure.gravatar.com\\\/avatar\\\/ccf13a262e399e026577c8158b11cbdef98921ac28fa06bc0d43a2d0e2a4a1c0?s=96&d=identicon&r=g\",\"caption\":\"Le Regard Libre\"},\"description\":\"Premier mensuel suisse de d\u00e9bat\",\"sameAs\":[\"https:\\\/\\\/fr.wikipedia.org\\\/wiki\\\/Le_Regard_libre\"],\"url\":\"https:\\\/\\\/leregardlibre.com\\\/de\\\/author\\\/leregardlibre\\\/\"}]}<\/script>\n<!-- \/ Yoast SEO Premium plugin. -->","yoast_head_json":{"title":"\u00abLe si\u00e8cle d\u2019Emma\u00bb, une histoire d\u2019hommes et de femmes","robots":{"index":"index","follow":"follow","max-snippet":"max-snippet:-1","max-image-preview":"max-image-preview:large","max-video-preview":"max-video-preview:-1"},"canonical":"https:\/\/leregardlibre.com\/de\/literatur\/le-siecle-demma-une-histoire-dhommes-et-de-femmes\/","og_locale":"de_DE","og_type":"article","og_title":"\u00abLe si\u00e8cle d\u2019Emma\u00bb, une histoire d\u2019hommes et de femmes","og_description":"L'histoire suisse est rock'n'roll.","og_url":"https:\/\/leregardlibre.com\/de\/literatur\/le-siecle-demma-une-histoire-dhommes-et-de-femmes\/","og_site_name":"Le Regard Libre","article_publisher":"https:\/\/www.facebook.com\/leregardlibre\/","article_published_time":"2020-03-10T19:00:51+00:00","article_modified_time":"2022-09-25T14:17:48+00:00","og_image":[{"width":1800,"height":1012,"url":"https:\/\/leregardlibre.com\/wp-content\/uploads\/2020\/03\/Le-sie\u0300cle-dEmma.jpeg","type":"image\/jpeg"}],"author":"Le Regard Libre","twitter_card":"summary_large_image","twitter_creator":"@LeRegardLibre","twitter_site":"@LeRegardLibre","twitter_misc":{"Verfasst von":"Le Regard Libre","Gesch\u00e4tzte Lesezeit":"4\u00a0Minuten"},"schema":{"@context":"https:\/\/schema.org","@graph":[{"@type":"Article","@id":"https:\/\/leregardlibre.com\/litterature\/le-siecle-demma-une-histoire-dhommes-et-de-femmes\/#article","isPartOf":{"@id":"https:\/\/leregardlibre.com\/litterature\/le-siecle-demma-une-histoire-dhommes-et-de-femmes\/"},"author":{"name":"Le Regard Libre","@id":"https:\/\/leregardlibre.com\/#\/schema\/person\/68aceea2de84966d0928b49556d54101"},"headline":"\u00abLe si\u00e8cle d\u2019Emma\u00bb, une histoire d\u2019hommes et de femmes","datePublished":"2020-03-10T19:00:51+00:00","dateModified":"2022-09-25T14:17:48+00:00","mainEntityOfPage":{"@id":"https:\/\/leregardlibre.com\/litterature\/le-siecle-demma-une-histoire-dhommes-et-de-femmes\/"},"wordCount":818,"commentCount":0,"publisher":{"@id":"https:\/\/leregardlibre.com\/#organization"},"image":{"@id":"https:\/\/leregardlibre.com\/litterature\/le-siecle-demma-une-histoire-dhommes-et-de-femmes\/#primaryimage"},"thumbnailUrl":"https:\/\/leregardlibre.com\/wp-content\/uploads\/2020\/03\/Le-sie\u0300cle-dEmma.jpeg","keywords":["Critique litt\u00e9raire","eric burnand","fanny vaucher","Femmes","Histoire suisse","Roman graphique"],"articleSection":["Litt\u00e9rature"],"inLanguage":"de","potentialAction":[{"@type":"CommentAction","name":"Comment","target":["https:\/\/leregardlibre.com\/litterature\/le-siecle-demma-une-histoire-dhommes-et-de-femmes\/#respond"]}]},{"@type":"WebPage","@id":"https:\/\/leregardlibre.com\/litterature\/le-siecle-demma-une-histoire-dhommes-et-de-femmes\/","url":"https:\/\/leregardlibre.com\/litterature\/le-siecle-demma-une-histoire-dhommes-et-de-femmes\/","name":"\u00abLe si\u00e8cle d\u2019Emma\u00bb, une histoire d\u2019hommes et de femmes","isPartOf":{"@id":"https:\/\/leregardlibre.com\/#website"},"primaryImageOfPage":{"@id":"https:\/\/leregardlibre.com\/litterature\/le-siecle-demma-une-histoire-dhommes-et-de-femmes\/#primaryimage"},"image":{"@id":"https:\/\/leregardlibre.com\/litterature\/le-siecle-demma-une-histoire-dhommes-et-de-femmes\/#primaryimage"},"thumbnailUrl":"https:\/\/leregardlibre.com\/wp-content\/uploads\/2020\/03\/Le-sie\u0300cle-dEmma.jpeg","datePublished":"2020-03-10T19:00:51+00:00","dateModified":"2022-09-25T14:17:48+00:00","breadcrumb":{"@id":"https:\/\/leregardlibre.com\/litterature\/le-siecle-demma-une-histoire-dhommes-et-de-femmes\/#breadcrumb"},"inLanguage":"de","potentialAction":[{"@type":"ReadAction","target":["https:\/\/leregardlibre.com\/litterature\/le-siecle-demma-une-histoire-dhommes-et-de-femmes\/"]}]},{"@type":"ImageObject","inLanguage":"de","@id":"https:\/\/leregardlibre.com\/litterature\/le-siecle-demma-une-histoire-dhommes-et-de-femmes\/#primaryimage","url":"https:\/\/leregardlibre.com\/wp-content\/uploads\/2020\/03\/Le-sie\u0300cle-dEmma.jpeg","contentUrl":"https:\/\/leregardlibre.com\/wp-content\/uploads\/2020\/03\/Le-sie\u0300cle-dEmma.jpeg","width":1800,"height":1012},{"@type":"BreadcrumbList","@id":"https:\/\/leregardlibre.com\/litterature\/le-siecle-demma-une-histoire-dhommes-et-de-femmes\/#breadcrumb","itemListElement":[{"@type":"ListItem","position":1,"name":"Accueil","item":"https:\/\/leregardlibre.com\/"},{"@type":"ListItem","position":2,"name":"\u00abLe si\u00e8cle d\u2019Emma\u00bb, une histoire d\u2019hommes et de femmes"}]},{"@type":"WebSite","@id":"https:\/\/leregardlibre.com\/#website","url":"https:\/\/leregardlibre.com\/","name":"Le Regard Libre","description":"Erste Schweizer Monatszeitschrift f\u00fcr Debatten","publisher":{"@id":"https:\/\/leregardlibre.com\/#organization"},"potentialAction":[{"@type":"SearchAction","target":{"@type":"EntryPoint","urlTemplate":"https:\/\/leregardlibre.com\/?s={search_term_string}"},"query-input":{"@type":"PropertyValueSpecification","valueRequired":true,"valueName":"search_term_string"}}],"inLanguage":"de"},{"@type":"Organization","@id":"https:\/\/leregardlibre.com\/#organization","name":"Le Regard Libre","url":"https:\/\/leregardlibre.com\/","logo":{"@type":"ImageObject","inLanguage":"de","@id":"https:\/\/leregardlibre.com\/#\/schema\/logo\/image\/","url":"https:\/\/leregardlibre.com\/wp-content\/uploads\/2025\/08\/logo-rl-icone-neg.jpeg","contentUrl":"https:\/\/leregardlibre.com\/wp-content\/uploads\/2025\/08\/logo-rl-icone-neg.jpeg","width":557,"height":556,"caption":"Le Regard Libre"},"image":{"@id":"https:\/\/leregardlibre.com\/#\/schema\/logo\/image\/"},"sameAs":["https:\/\/www.facebook.com\/leregardlibre\/","https:\/\/x.com\/LeRegardLibre","https:\/\/www.linkedin.com\/company\/le-regard-libre","https:\/\/www.instagram.com\/leregardlibre\/","http:\/\/t.me\/leregardlibre","https:\/\/youtube.com\/channel\/UC6HzGPomj1LsUmlz-sJtITQ"],"description":"Le Regard Libre ist eine Schweizer Monatszeitschrift f\u00fcr intellektuelle und kulturelle Debatten. Seine Redaktion ist jung, ehrenamtlich, liberal und pluralistisch. Das Magazin erscheint online und in gedruckter Form. Seine Sprache ist Franz\u00f6sisch.","email":"redaction@leregardlibre.com","legalName":"Le Regard Libre","foundingDate":"2014-01-01","numberOfEmployees":{"@type":"QuantitativeValue","minValue":"11","maxValue":"50"},"publishingPrinciples":"https:\/\/leregardlibre.com\/a-propos\/notre-manifeste\/","ownershipFundingInfo":"https:\/\/leregardlibre.com\/mentions-legales\/","actionableFeedbackPolicy":"https:\/\/leregardlibre.com\/conditions-generales-de-vente\/"},{"@type":"Person","@id":"https:\/\/leregardlibre.com\/#\/schema\/person\/68aceea2de84966d0928b49556d54101","name":"Le Regard Libre","image":{"@type":"ImageObject","inLanguage":"de","@id":"https:\/\/secure.gravatar.com\/avatar\/ccf13a262e399e026577c8158b11cbdef98921ac28fa06bc0d43a2d0e2a4a1c0?s=96&d=identicon&r=g","url":"https:\/\/secure.gravatar.com\/avatar\/ccf13a262e399e026577c8158b11cbdef98921ac28fa06bc0d43a2d0e2a4a1c0?s=96&d=identicon&r=g","contentUrl":"https:\/\/secure.gravatar.com\/avatar\/ccf13a262e399e026577c8158b11cbdef98921ac28fa06bc0d43a2d0e2a4a1c0?s=96&d=identicon&r=g","caption":"Le Regard Libre"},"description":"Erste Schweizer Monatszeitschrift f\u00fcr Debatten","sameAs":["https:\/\/fr.wikipedia.org\/wiki\/Le_Regard_libre"],"url":"https:\/\/leregardlibre.com\/de\/author\/leregardlibre\/"}]}},"_links":{"self":[{"href":"https:\/\/leregardlibre.com\/de\/wp-json\/wp\/v2\/posts\/31927","targetHints":{"allow":["GET"]}}],"collection":[{"href":"https:\/\/leregardlibre.com\/de\/wp-json\/wp\/v2\/posts"}],"about":[{"href":"https:\/\/leregardlibre.com\/de\/wp-json\/wp\/v2\/types\/post"}],"author":[{"embeddable":true,"href":"https:\/\/leregardlibre.com\/de\/wp-json\/wp\/v2\/users\/1"}],"replies":[{"embeddable":true,"href":"https:\/\/leregardlibre.com\/de\/wp-json\/wp\/v2\/comments?post=31927"}],"version-history":[{"count":1,"href":"https:\/\/leregardlibre.com\/de\/wp-json\/wp\/v2\/posts\/31927\/revisions"}],"predecessor-version":[{"id":511654,"href":"https:\/\/leregardlibre.com\/de\/wp-json\/wp\/v2\/posts\/31927\/revisions\/511654"}],"wp:featuredmedia":[{"embeddable":true,"href":"https:\/\/leregardlibre.com\/de\/wp-json\/wp\/v2\/media\/32022"}],"wp:attachment":[{"href":"https:\/\/leregardlibre.com\/de\/wp-json\/wp\/v2\/media?parent=31927"}],"wp:term":[{"taxonomy":"category","embeddable":true,"href":"https:\/\/leregardlibre.com\/de\/wp-json\/wp\/v2\/categories?post=31927"},{"taxonomy":"post_tag","embeddable":true,"href":"https:\/\/leregardlibre.com\/de\/wp-json\/wp\/v2\/tags?post=31927"}],"curies":[{"name":"wp","href":"https:\/\/api.w.org\/{rel}","templated":true}]}}