{"id":31968,"date":"2020-03-12T11:28:35","date_gmt":"2020-03-12T10:28:35","guid":{"rendered":"https:\/\/leregardlibre.com\/?p=31968"},"modified":"2022-09-04T10:38:34","modified_gmt":"2022-09-04T08:38:34","slug":"treffen-mit-einer-lustigen-truppe-die-kokodyniacks","status":"publish","type":"post","link":"https:\/\/leregardlibre.com\/de\/darstellende-kunste\/theater\/treffen-mit-einer-lustigen-truppe-die-kokodyniacks\/","title":{"rendered":"Treffen mit einer lustigen Truppe: die Kokodyniacks"},"content":{"rendered":"<p><em>In Wahrheit - Ivan Garcia<\/em><\/p>\n\n\n\n<p class=\"has-drop-cap\">Die Cie Kokodyniack bereitet sich auf ihren Aufenthalt im Th\u00e9\u00e2tre Benno Besson vor. Die Kokodyniack sind eine Theatergruppe, die von Jean-Baptiste Roybon und V\u00e9ronique Doleyres gegr\u00fcndet wurde. Ihre Arbeitsmethode beruht auf Gespr\u00e4chen und m\u00fcndlicher \u00dcberlieferung. Ihre Auff\u00fchrung, <em>Die Gesichter<\/em>, Das St\u00fcck ist in sieben Portr\u00e4ts (\u00abGesichter\u00bb) von sieben Einwohnern der Region unterteilt, die das Ensemble getroffen und deren Aussagen es gesammelt und transkribiert hat. Die Cie Kokodyniack wird vom 13. bis 22. M\u00e4rz zwei Auff\u00fchrungen beim Festival \u00abA Vrai Dire\u00bb, dem von der TBB organisierten Festival der Autofiktionen, geben. Treffen Sie die beiden Gr\u00fcnder der Kompanie im Theater, um dar\u00fcber zu sprechen, was sie im Hinblick auf das Festival vorhaben und wie sie arbeiten. &nbsp;<\/p>\n\n\n\n<!--more Lire l'entretien-->\n\n\n\n<p><strong><em>Le Regard Libre<\/em><\/strong><strong>: Wie sind Sie auf die Idee f\u00fcr die Show gekommen <em>Die Gesichter<\/em>, Das Buch ist in sieben Teile gegliedert und besteht aus Portr\u00e4ts von Menschen aus der Region, die Sie besucht haben.<\/strong><\/p>\n\n\n\n<p>Jean-Baptiste Roybon (JBR): Zun\u00e4chst einmal hat unser Duo eine gewisse Besonderheit: Wir sind ein Paar, haben Kinder und erarbeiten gemeinsam Theaterst\u00fccke. Wir sind 2013 in die Region gekommen und haben seitdem diese besondere Art des Schreibens \u00fcbernommen, die unsere St\u00fccke auszeichnet. Eigentlich lieben wir die Geschichte und insbesondere die territoriale Geschichte. Unser dramaturgischer Ansatz fragt sich, wie Geschichte durch die spezifische Art und Weise erz\u00e4hlt werden kann, in der jeder Mensch die Welt bewohnt. Anders gesagt, wenn man idealerweise die Geschichte nicht dadurch erz\u00e4hlen k\u00f6nnte, dass man tausend Menschen auf einen Nenner bringt, sondern indem man diese tausend Menschen \u00fcber ihre Unterschiede berichten l\u00e4sst, um am Ende das Gleiche zu sehen.<\/p>\n\n\n\n<p><strong>Es handelt sich also um Mikrogeschichte.<\/strong><\/p>\n\n\n\n<p>JBR: Ja, das ist Mikrogeschichte. Und es geht um das Ideal, Geschichte zu lernen. Als K\u00fcnstler k\u00f6nnen wir uns daran wagen, dieses Ideal zu erreichen. Das idyllische Gebiet, um diese Arten, die Welt zu bewohnen, zu erforschen, ist das Gebiet um uns herum, das Gebiet unserer Region. Da wir im Nord Vaudois leben und diese Region lieben, hatten wir den Wunsch, sie bekannt zu machen und zu verteidigen. Das Feld, in dem wir um uns herum forschen und schreiben k\u00f6nnen, ist riesig. Letztendlich w\u00fcrde ich sagen, dass das Projekt <em>Die Gesichter <\/em>entstand, als wir Georges Grbic, den Direktor des Theaters Benno Besson in Yverdon-Les-Bains, trafen, der uns unterst\u00fctzte und ermutigte. Dieser war damals an der Idee interessiert, dass sich eine lokale Theatergruppe engagieren m\u00f6chte, und fragte uns daher, was wir anzubieten h\u00e4tten. Und das war der Moment, in dem wir anfingen, Ideen zu sammeln.<\/p>\n\n\n\n<p>V\u00e9ronique Doleyres (VD): Wir leben in einem kleinen Dorf in der Region. Damals haben wir ein Theaterst\u00fcck mit dem Titel <em>Die Linie<\/em> in Genf zu besuchen. Wir dachten, dass es toll w\u00e4re, eine Show \u00fcber die Zuglinie zwischen Yverdon-Les-Bains und Sainte-Croix zu machen. Wir hatten zum Beispiel daran gedacht, eine Auff\u00fchrung \u00fcber die Menschen zu machen, die diese Zuglinie benutzten. Wir hatten daraufhin an den Direktor des Theaters Benno Besson geschrieben, was tats\u00e4chlich eine Br\u00fccke zwischen dieser Institution und unserem Projekt schlug. Und so begann das Projekt <em>Die Gesichter<\/em>.<\/p>\n\n\n\n<p>JBR: Inzwischen, vor dieser Frage der<em> Gesichter<\/em>, Die Com\u00e9die de Gen\u00e8ve, die von Denis Maillefer und Natacha Koutchoumov geleitet wird, hatte uns angeboten, die Produktion zu \u00fcbernehmen - Denis Maillefer, der uns \u00fcbrigens seit unseren Anf\u00e4ngen begleitet.<\/p>\n\n\n\n<p><strong>Sie sprechen \u00fcber die Show <em>Mein kleines Land<\/em> das in der n\u00e4chsten Saison von der Com\u00e9die de Gen\u00e8ve produziert wird.<\/strong><\/p>\n\n\n\n<p>JBR: Ja, <em>Mein kleines Land <\/em>ist ein St\u00fcck, das in Koproduktion von der Com\u00e9die de Gen\u00e8ve und dem Th\u00e9\u00e2tre Benno Besson in Yverdon-Les-Bains produziert wird. Es wird die Auff\u00fchrung sein, mit der die Saison 2020-2021 an der La Com\u00e9die de Gen\u00e8ve er\u00f6ffnet wird. In der Tat, <em>Mein kleines Land <\/em>tritt in dieses gro\u00dfe Projekt ein, das sich nachtr\u00e4glich in der Region entwickelt hat. Wir trafen dieses pensionierte Ehepaar, die Protagonisten von <em>Mein kleines Land<\/em>, Wir haben sie zu uns nach Hause eingeladen, weil sie eine sehr leckere Bratwurst herstellen. Bei diesem stundenlangen Treffen passierte etwas Au\u00dfergew\u00f6hnliches: Wir erfuhren eine unglaubliche Geschichte, die uns umgehauen hat. W\u00e4hrend wir a\u00dfen, enth\u00fcllten sie nach und nach ihre Geschichte, die Geschichte von Pflegekindern. Veronique und ich waren uns einig, dass wir ein St\u00fcck dar\u00fcber schreiben sollten. Nach monatelangen \u00dcberlegungen machten wir ihnen den Vorschlag, den sie annahmen, und f\u00fchrten mehrere Stunden Interviews mit ihnen und schrieben alles ab. Dann trafen wir uns mit Georges Grbic und begannen, ein gro\u00dfes, die Region umfassendes Projekt aufzubauen. Zu diesem Zeitpunkt warteten wir auf eine Gelegenheit, um \u00fcber das Land, das uns umgibt, zu arbeiten. Wir beschlossen jedoch, schon vorher damit anzufangen und Portr\u00e4ts von Menschen zu machen, die in der Gegend leben. Die Idee war, zuf\u00e4llig Menschen aus der Region zu treffen.<\/p>\n\n\n\n<p><strong>Was meinen Sie mit \u00abzuf\u00e4llig\u00bb?<\/strong><\/p>\n\n\n\n<p>JBR: Wir haben mit der ersten Person angefangen, die uns in der Region getroffen und willkommen gehei\u00dfen hat.<\/p>\n\n\n\n<p>VD: Diese erste Person war die Protagonistin des ersten \u00abGesichts\u00bb, das im Oktober 2019 pr\u00e4sentiert wurde. Danach hat sie uns geraten, eine andere Person zu besuchen, was zu einem weiteren \u00abGesicht\u00bb f\u00fchrte. F\u00fcr eine der Auff\u00fchrungen schlug ich Jean-Baptiste \u00fcbrigens vor, Interviews mit einer Person zu f\u00fchren, die ich z. B. im Bus getroffen hatte. Wir entwickelten ein weiteres \u00fcber eine Person, die ein extrem gutes Brot buk, ein weiteres \u00fcber einen Fischer und so weiter.<\/p>\n\n\n\n<p>JBR: Dar\u00fcber hinaus haben wir versucht, die\nWir haben versucht, die Geografie des Landes und die Geschlechterverteilung in den einzelnen Kapiteln zu ber\u00fccksichtigen.\nder Portr\u00e4ts in <em>Die\nGesichter<\/em>. Wir haben auch beschlossen, k\u00fcrzere Interviews zu f\u00fchren.\nmit der gleichen Idee, dass die Menschen uns von ihrer Art, die Welt zu bewohnen, erz\u00e4hlen.\nWelt erz\u00e4hlen. Aber um sie zu erz\u00e4hlen, bewaffnen wir uns immer mit Vorw\u00e4nden. Zum Beispiel\nzum Beispiel die Tatsache, dass eine Person in einer Stadt wohnt, an einer Zugstrecke liegt\nZug liegt, und dass wir deshalb gezwungen sind, sie zu treffen. All diese\nsind in Wirklichkeit nur Vorw\u00e4nde, um Menschen treffen zu k\u00f6nnen,\nund um sie davon zu \u00fcberzeugen, uns einen langen Moment ihrer Zeit zu widmen, um\nzwei Fragen von uns zu beantworten. In einem ersten Schritt bitten wir sie\nuns ihre Lebensgeschichte zu erz\u00e4hlen, von ihrer Herkunft bis zu ihrer Begegnung mit uns. In\nIn einem zweiten Schritt fragen wir sie, was die gr\u00f6\u00dfte Herausforderung f\u00fcr sie war oder ist.\ngr\u00f6\u00dfte Herausforderung in ihrem Leben war. Anschlie\u00dfend, nachdem wir der Person zugeh\u00f6rt haben, transkribieren wir\ndas Ganze. Auf diese Weise erhalten wir enorm viel Material, um eine Auff\u00fchrung zu schreiben. <\/p>\n\n\n\n<figure class=\"wp-block-image size-large\"><img decoding=\"async\" src=\"http:\/\/leregardlibre.com\/wp-content\/uploads\/2020\/03\/Kokodyniack-\u00a9-Indra-Crittin-pour-Le-Regard-Libre-1-1.jpg\" alt=\"\" class=\"wp-image-31971\"\/><figcaption>Indra Crittin f\u00fcr Le Regard Libre<\/figcaption><\/figure>\n\n\n\n<p><strong>Wie befragen Sie die ausgew\u00e4hlten Personen?<\/strong><\/p>\n\n\n\n<p>VD: Um die Leute dazu zu bringen, sich zu \u00f6ffnen, sind etwa zweieinhalb Stunden Gespr\u00e4ch n\u00f6tig. Das ist sehr lang. Wir haben uns daher auf eine Stunde pro Interview beschr\u00e4nkt, das wir allein durchf\u00fchren wollten, um die Intimsph\u00e4re der Menschen zu erreichen. Ich stand allein vor den verschiedenen Personen, die aus folgenden Komponenten bestanden <em>Die Gesichter<\/em>. Um Menschen dazu zu bringen, \u00fcber ihr Innerstes zu sprechen, m\u00fcssen wir Menschen finden, die ihren Beruf lieben, und sie werden uns durch ihren Beruf von sich erz\u00e4hlen. So konnten wir feststellen, dass wir Zugang zu ihrem Inneren haben, wenn eine Person wirklich von ihrem Beruf begeistert ist und dar\u00fcber spricht. Diese Personen erz\u00e4hlten uns dann sowohl von ihrem Beruf als auch von sich selbst. Um mit den verschiedenen Befragten in Kontakt zu treten, rief ich sie im Vorfeld an und wir vereinbarten einen Termin. Ich fand, dass die Leute alle sehr offen waren und wir keine Absagen erhielten.<\/p>\n\n\n\n<p>JBR: Das liegt wahrscheinlich daran, dass wir ein ziemlich genaues Protokoll f\u00fcr diese Interviews haben, was den Teilnehmern Sicherheit gibt. Ich selbst komme urspr\u00fcnglich nicht aus dem Theaterbereich, sondern war Sonderp\u00e4dagoge im benachbarten Frankreich. Die Frage des Interviews ist ein Thema, das mich pers\u00f6nlich jahrelang fasziniert hat. Als ich V\u00e9ronique kennenlernte, arbeiteten wir weiter am Thema Interviews, insbesondere an der Frage, wie man ein Interview bearbeitet. Ausgehend von dieser Arbeit haben wir eine Interviewmethode mit drei Personen (zwei Interviewer und ein Befragter) eingef\u00fchrt, um jeden Kommentar zu entfernen. Denn wenn ein Gespr\u00e4chspartner Anzeichen von Langeweile zeigt, verf\u00e4llt der Sprechende in eine Form der Empathie gegen\u00fcber dem Zuh\u00f6renden, was den \u00d6ffnungsprozess des Sprechers blockiert. Es ist wichtig zu sagen, dass es sich bei unserer Arbeit nicht um \u00abMikro-Trottoir-Schreiben\u00bb handelt. F\u00fcr uns kommt dieses Schreiben tats\u00e4chlich aus der M\u00fcndlichkeit, aber diese hat viele verschiedene Ebenen. Wie ein Fotograf, der Aufnahmen von wilden Tieren machen m\u00f6chte, glauben wir, dass es mehrere M\u00f6glichkeiten gibt, sich der Frage der M\u00fcndlichkeit zu n\u00e4hern.<\/p>\n\n\n\n<p><strong>In den letzten Jahren sehen wir\nauf den Westschweizer B\u00fchnen viel \u00abDokumentartheater\u00bb. Die Form, die Sie verwenden\nSie verwenden, scheint eher der Reportage zu \u00e4hneln.<\/strong><\/p>\n\n\n\n<p>VD: Es ist immer schwierig, eine Bezeichnung f\u00fcr unsere Methode zu finden. Wir w\u00fcrden aber eher sagen, dass wir \u00abdokumentiertes Theater\u00bb machen. Nat\u00fcrlich gibt es in unserer Arbeit die Produktion eines Dokuments, n\u00e4mlich die Aussage der befragten Person. Dann die Umschreibung, die aus diesem Dokument gemacht wird, wobei die M\u00fcndlichkeit transkribiert wird. Der Inhalt ist dokumentiert, aber die Form ist besonders, weil die M\u00fcndlichkeit unsere Leidenschaft ist. Unsere Art, Theater zu machen, interessiert sich daf\u00fcr, wie man Zugang zu anderen Menschen durch ihre Sprechgeschwindigkeit, ihr Z\u00f6gern oder wie ihre Emotionen durch ihre Sprechweise zum Vorschein kommen.<\/p>\n\n\n\n<p>JBR: Ich w\u00fcrde auch sagen, dass wir \u00abdokumentiertes Theater\u00bb in dem Sinne machen, dass wir ein Dokument suchen. Dann schreiben wir auf der Grundlage dieses Dokuments eine Form von Fiktion. Zwischen diesen verschiedenen Etappen gibt es eine immense Montagearbeit; wenn wir zu Beginn unserer Arbeit tausend Seiten Transkriptionen haben, bleiben in der endg\u00fcltigen Version oft nur drei\u00dfig oder f\u00fcnfzig Seiten \u00fcbrig. Die Montage ist eine Form des Schreibens. Es gibt keine Schrift in der Satzform, denn unser Ziel ist es, zum Beispiel herauszufinden, wie die Person atmet und wie sie sich ausdr\u00fcckt. All diese Interaktionen erz\u00e4hlen etwas.<\/p>\n\n\n\n<p><strong>In Bezug auf <em>Die Gesichter<\/em>, Warum haben Sie die sieben Befragten nicht auf die B\u00fchne gebeten?<\/strong><\/p>\n\n\n\n<p>VD: Das liegt an unserer Art, Theater zu machen. Das Entfernen von Handlungen, Gesten und der Komplexit\u00e4t der Person erm\u00f6glicht es, die Aussage zu bereinigen. Ich denke, wenn wir auf die B\u00fchne kommen und eine Aussage machen, wird das Wesentliche der Aussage sichtbar. Ich nenne es gerne das \u00ab\u00e4therische \u00d6l\u00bb des Zeugnisses. Es handelt sich um ein Konzentrat von Partikeln aus dem Zeugnis des eigenen Lebens.<\/p>\n\n\n\n<p>JBR: Konkret geht es uns um einen humanistischen Ansatz. Bei unserer Arbeit interessiert uns der Reichtum der M\u00fcndlichkeit. Daher entfernen wir die Komplexit\u00e4t der Person, um das Wesentliche zu bewahren, d. h. die Art und Weise, wie man die Welt bewohnt. F\u00fcr uns erfolgt diese Art, die Welt zu bewohnen, auf der Grundlage der Sprache. Es handelt sich um einen humanistischen Ansatz, um sich alle zusammenzufinden. Meiner Meinung nach gibt es in unserer Methode eine Form der Vers\u00f6hnung.<\/p>\n\n\n\n<p><strong>Termine, die Sie sich merken sollten:<\/strong><br>Benno-Besson-Theater, <a href=\"https:\/\/www.theatrebennobesson.ch\/avd\">Festival <em>A Vrai Dire<\/em><\/a>, Vom 13. bis 22. M\u00e4rz, Reservierungen: 024 423 65 84, <a href=\"https:\/\/www.theatrebennobesson.ch\">www.theatrebennobesson.ch<\/a><br>Cie Kokodyniack, <a href=\"https:\/\/www.theatrebennobesson.ch\/les-visages\"><em>Die Gesichter<\/em>, 13. M\u00e4rz um 19.00 Uhr, Treppe des Theaters Benno Besson<\/a> \/ <a href=\"https:\/\/www.theatrebennobesson.ch\/les-visages\">22. M\u00e4rz um 17.00 Uhr, Treppe des Theaters Benno Besson.<\/a><br>Am Donnerstag, den 19. M\u00e4rz um 20:30 Uhr wird die Cie Kokodyniack an einer Podiumsdiskussion teilnehmen \u00fcber <a href=\"https:\/\/www.theatrebennobesson.ch\/avd\">\u00abDie Schriften des Realen\u00bb<\/a> im Foyer des Theaters Benno Besson.<\/p>\n\n\n\n<p><em>Schreiben Sie dem Autor: <a href=\"mailto:ivan.garcia@leregardlibre.com\">ivan.garcia@leregardlibre.com<\/a><\/em><\/p>\n\n\n\n<p>Fotocredits: \u00a9 Indra Crittin f\u00fcr <em>Le Regard Libre<\/em><\/p>","protected":false},"excerpt":{"rendered":"<p>Mikrogeschichten im Nord Vaudois<\/p>","protected":false},"author":53,"featured_media":31970,"comment_status":"open","ping_status":"open","sticky":false,"template":"","format":"standard","meta":{"_acf_changed":false,"footnotes":""},"categories":[5386],"tags":[644343789,644344525,644344528,11788,644343791,644343826,644343792,488979],"class_list":["post-31968","post","type-post","status-publish","format-standard","has-post-thumbnail","hentry","category-theatre","tag-cie-kokodyniack","tag-compagnie-kokodyniack","tag-entretien","tag-interviews","tag-jean-baptiste-roybon","tag-tbb","tag-veronique-doleyres","tag-visages"],"acf":[],"yoast_head":"<!-- This site is optimized with the Yoast SEO Premium plugin v27.4 (Yoast SEO v27.4) - https:\/\/yoast.com\/product\/yoast-seo-premium-wordpress\/ -->\n<title>Rencontre avec une dr\u00f4le de compagnie: les Kokodyniack<\/title>\n<meta name=\"robots\" content=\"index, follow, max-snippet:-1, max-image-preview:large, max-video-preview:-1\" \/>\n<link rel=\"canonical\" href=\"https:\/\/leregardlibre.com\/de\/darstellende-kunste\/theater\/treffen-mit-einer-lustigen-truppe-die-kokodyniacks\/\" \/>\n<meta property=\"og:locale\" content=\"de_DE\" \/>\n<meta property=\"og:type\" content=\"article\" \/>\n<meta property=\"og:title\" content=\"Rencontre avec une dr\u00f4le de compagnie: les Kokodyniack\" \/>\n<meta property=\"og:description\" content=\"Micro-histoires dans le Nord Vaudois\" \/>\n<meta property=\"og:url\" content=\"https:\/\/leregardlibre.com\/de\/darstellende-kunste\/theater\/treffen-mit-einer-lustigen-truppe-die-kokodyniacks\/\" \/>\n<meta property=\"og:site_name\" content=\"Le Regard Libre\" \/>\n<meta property=\"article:publisher\" content=\"https:\/\/www.facebook.com\/leregardlibre\/\" \/>\n<meta property=\"article:published_time\" content=\"2020-03-12T10:28:35+00:00\" \/>\n<meta property=\"article:modified_time\" content=\"2022-09-04T08:38:34+00:00\" \/>\n<meta property=\"og:image\" content=\"https:\/\/leregardlibre.com\/wp-content\/uploads\/2020\/03\/Kokodyniack-\u00a9-Indra-Crittin-pour-Le-Regard-Libre-5-scaled.jpg\" \/>\n\t<meta property=\"og:image:width\" content=\"2560\" \/>\n\t<meta property=\"og:image:height\" content=\"1707\" \/>\n\t<meta property=\"og:image:type\" content=\"image\/jpeg\" \/>\n<meta name=\"author\" content=\"Ivan Garcia\" \/>\n<meta name=\"twitter:card\" content=\"summary_large_image\" \/>\n<meta name=\"twitter:creator\" content=\"@LeRegardLibre\" \/>\n<meta name=\"twitter:site\" content=\"@LeRegardLibre\" \/>\n<meta name=\"twitter:label1\" content=\"Verfasst von\" \/>\n\t<meta name=\"twitter:data1\" content=\"Ivan Garcia\" \/>\n\t<meta name=\"twitter:label2\" content=\"Gesch\u00e4tzte Lesezeit\" \/>\n\t<meta name=\"twitter:data2\" content=\"11\u00a0Minuten\" \/>\n<script type=\"application\/ld+json\" class=\"yoast-schema-graph\">{\"@context\":\"https:\\\/\\\/schema.org\",\"@graph\":[{\"@type\":\"Article\",\"@id\":\"https:\\\/\\\/leregardlibre.com\\\/arts-vivants\\\/theatre\\\/rencontre-avec-une-drole-de-compagnie-les-kokodyniack\\\/#article\",\"isPartOf\":{\"@id\":\"https:\\\/\\\/leregardlibre.com\\\/arts-vivants\\\/theatre\\\/rencontre-avec-une-drole-de-compagnie-les-kokodyniack\\\/\"},\"author\":{\"name\":\"Ivan Garcia\",\"@id\":\"https:\\\/\\\/leregardlibre.com\\\/#\\\/schema\\\/person\\\/d80dd0028be8739b0c3bed60e131e94a\"},\"headline\":\"Rencontre avec une dr\u00f4le de compagnie: les Kokodyniack\",\"datePublished\":\"2020-03-12T10:28:35+00:00\",\"dateModified\":\"2022-09-04T08:38:34+00:00\",\"mainEntityOfPage\":{\"@id\":\"https:\\\/\\\/leregardlibre.com\\\/arts-vivants\\\/theatre\\\/rencontre-avec-une-drole-de-compagnie-les-kokodyniack\\\/\"},\"wordCount\":2161,\"commentCount\":0,\"publisher\":{\"@id\":\"https:\\\/\\\/leregardlibre.com\\\/#organization\"},\"image\":{\"@id\":\"https:\\\/\\\/leregardlibre.com\\\/arts-vivants\\\/theatre\\\/rencontre-avec-une-drole-de-compagnie-les-kokodyniack\\\/#primaryimage\"},\"thumbnailUrl\":\"https:\\\/\\\/leregardlibre.com\\\/wp-content\\\/uploads\\\/2020\\\/03\\\/Kokodyniack-\u00a9-Indra-Crittin-pour-Le-Regard-Libre-5-scaled.jpg\",\"keywords\":[\"cie kokodyniack\",\"compagnie kokodyniack\",\"entretien\",\"Interview\",\"jean-baptiste roybon\",\"tbb\",\"v\u00e9ronique doleyres\",\"visages\"],\"articleSection\":[\"Th\u00e9\u00e2tre\"],\"inLanguage\":\"de\",\"potentialAction\":[{\"@type\":\"CommentAction\",\"name\":\"Comment\",\"target\":[\"https:\\\/\\\/leregardlibre.com\\\/arts-vivants\\\/theatre\\\/rencontre-avec-une-drole-de-compagnie-les-kokodyniack\\\/#respond\"]}]},{\"@type\":\"WebPage\",\"@id\":\"https:\\\/\\\/leregardlibre.com\\\/arts-vivants\\\/theatre\\\/rencontre-avec-une-drole-de-compagnie-les-kokodyniack\\\/\",\"url\":\"https:\\\/\\\/leregardlibre.com\\\/arts-vivants\\\/theatre\\\/rencontre-avec-une-drole-de-compagnie-les-kokodyniack\\\/\",\"name\":\"Rencontre avec une dr\u00f4le de compagnie: les Kokodyniack\",\"isPartOf\":{\"@id\":\"https:\\\/\\\/leregardlibre.com\\\/#website\"},\"primaryImageOfPage\":{\"@id\":\"https:\\\/\\\/leregardlibre.com\\\/arts-vivants\\\/theatre\\\/rencontre-avec-une-drole-de-compagnie-les-kokodyniack\\\/#primaryimage\"},\"image\":{\"@id\":\"https:\\\/\\\/leregardlibre.com\\\/arts-vivants\\\/theatre\\\/rencontre-avec-une-drole-de-compagnie-les-kokodyniack\\\/#primaryimage\"},\"thumbnailUrl\":\"https:\\\/\\\/leregardlibre.com\\\/wp-content\\\/uploads\\\/2020\\\/03\\\/Kokodyniack-\u00a9-Indra-Crittin-pour-Le-Regard-Libre-5-scaled.jpg\",\"datePublished\":\"2020-03-12T10:28:35+00:00\",\"dateModified\":\"2022-09-04T08:38:34+00:00\",\"breadcrumb\":{\"@id\":\"https:\\\/\\\/leregardlibre.com\\\/arts-vivants\\\/theatre\\\/rencontre-avec-une-drole-de-compagnie-les-kokodyniack\\\/#breadcrumb\"},\"inLanguage\":\"de\",\"potentialAction\":[{\"@type\":\"ReadAction\",\"target\":[\"https:\\\/\\\/leregardlibre.com\\\/arts-vivants\\\/theatre\\\/rencontre-avec-une-drole-de-compagnie-les-kokodyniack\\\/\"]}]},{\"@type\":\"ImageObject\",\"inLanguage\":\"de\",\"@id\":\"https:\\\/\\\/leregardlibre.com\\\/arts-vivants\\\/theatre\\\/rencontre-avec-une-drole-de-compagnie-les-kokodyniack\\\/#primaryimage\",\"url\":\"https:\\\/\\\/leregardlibre.com\\\/wp-content\\\/uploads\\\/2020\\\/03\\\/Kokodyniack-\u00a9-Indra-Crittin-pour-Le-Regard-Libre-5-scaled.jpg\",\"contentUrl\":\"https:\\\/\\\/leregardlibre.com\\\/wp-content\\\/uploads\\\/2020\\\/03\\\/Kokodyniack-\u00a9-Indra-Crittin-pour-Le-Regard-Libre-5-scaled.jpg\",\"width\":2560,\"height\":1707,\"caption\":\"Kokodyniack \u00a9 Indra Crittin\"},{\"@type\":\"BreadcrumbList\",\"@id\":\"https:\\\/\\\/leregardlibre.com\\\/arts-vivants\\\/theatre\\\/rencontre-avec-une-drole-de-compagnie-les-kokodyniack\\\/#breadcrumb\",\"itemListElement\":[{\"@type\":\"ListItem\",\"position\":1,\"name\":\"Accueil\",\"item\":\"https:\\\/\\\/leregardlibre.com\\\/\"},{\"@type\":\"ListItem\",\"position\":2,\"name\":\"Rencontre avec une dr\u00f4le de compagnie: les Kokodyniack\"}]},{\"@type\":\"WebSite\",\"@id\":\"https:\\\/\\\/leregardlibre.com\\\/#website\",\"url\":\"https:\\\/\\\/leregardlibre.com\\\/\",\"name\":\"Le Regard Libre\",\"description\":\"Premier mensuel suisse de d\u00e9bat\",\"publisher\":{\"@id\":\"https:\\\/\\\/leregardlibre.com\\\/#organization\"},\"potentialAction\":[{\"@type\":\"SearchAction\",\"target\":{\"@type\":\"EntryPoint\",\"urlTemplate\":\"https:\\\/\\\/leregardlibre.com\\\/?s={search_term_string}\"},\"query-input\":{\"@type\":\"PropertyValueSpecification\",\"valueRequired\":true,\"valueName\":\"search_term_string\"}}],\"inLanguage\":\"de\"},{\"@type\":\"Organization\",\"@id\":\"https:\\\/\\\/leregardlibre.com\\\/#organization\",\"name\":\"Le Regard Libre\",\"url\":\"https:\\\/\\\/leregardlibre.com\\\/\",\"logo\":{\"@type\":\"ImageObject\",\"inLanguage\":\"de\",\"@id\":\"https:\\\/\\\/leregardlibre.com\\\/#\\\/schema\\\/logo\\\/image\\\/\",\"url\":\"https:\\\/\\\/leregardlibre.com\\\/wp-content\\\/uploads\\\/2025\\\/08\\\/logo-rl-icone-neg.jpeg\",\"contentUrl\":\"https:\\\/\\\/leregardlibre.com\\\/wp-content\\\/uploads\\\/2025\\\/08\\\/logo-rl-icone-neg.jpeg\",\"width\":557,\"height\":556,\"caption\":\"Le Regard Libre\"},\"image\":{\"@id\":\"https:\\\/\\\/leregardlibre.com\\\/#\\\/schema\\\/logo\\\/image\\\/\"},\"sameAs\":[\"https:\\\/\\\/www.facebook.com\\\/leregardlibre\\\/\",\"https:\\\/\\\/x.com\\\/LeRegardLibre\",\"https:\\\/\\\/www.linkedin.com\\\/company\\\/le-regard-libre\",\"https:\\\/\\\/www.instagram.com\\\/leregardlibre\\\/\",\"http:\\\/\\\/t.me\\\/leregardlibre\",\"https:\\\/\\\/youtube.com\\\/channel\\\/UC6HzGPomj1LsUmlz-sJtITQ\"],\"description\":\"Le Regard Libre est un mensuel suisse de d\u00e9bat intellectuel et culturel. Sa r\u00e9daction est jeune, b\u00e9n\u00e9vole, lib\u00e9rale et pluraliste. Le magazine para\u00eet en ligne et sous forme papier. Sa langue est le fran\u00e7ais.\",\"email\":\"redaction@leregardlibre.com\",\"legalName\":\"Le Regard Libre\",\"foundingDate\":\"2014-01-01\",\"numberOfEmployees\":{\"@type\":\"QuantitativeValue\",\"minValue\":\"11\",\"maxValue\":\"50\"},\"publishingPrinciples\":\"https:\\\/\\\/leregardlibre.com\\\/a-propos\\\/notre-manifeste\\\/\",\"ownershipFundingInfo\":\"https:\\\/\\\/leregardlibre.com\\\/mentions-legales\\\/\",\"actionableFeedbackPolicy\":\"https:\\\/\\\/leregardlibre.com\\\/conditions-generales-de-vente\\\/\"},{\"@type\":\"Person\",\"@id\":\"https:\\\/\\\/leregardlibre.com\\\/#\\\/schema\\\/person\\\/d80dd0028be8739b0c3bed60e131e94a\",\"name\":\"Ivan Garcia\",\"image\":{\"@type\":\"ImageObject\",\"inLanguage\":\"de\",\"@id\":\"https:\\\/\\\/secure.gravatar.com\\\/avatar\\\/8d1951260e83d4b801d564ae27e751dece8ced40a4256105c3a960ddb6c32ee8?s=96&d=identicon&r=g\",\"url\":\"https:\\\/\\\/secure.gravatar.com\\\/avatar\\\/8d1951260e83d4b801d564ae27e751dece8ced40a4256105c3a960ddb6c32ee8?s=96&d=identicon&r=g\",\"contentUrl\":\"https:\\\/\\\/secure.gravatar.com\\\/avatar\\\/8d1951260e83d4b801d564ae27e751dece8ced40a4256105c3a960ddb6c32ee8?s=96&d=identicon&r=g\",\"caption\":\"Ivan Garcia\"},\"description\":\"Editeur Web au journal Le Temps et stagiaire en enseignement, Ivan Garcia est le responsable de la rubrique Litt\u00e9rature du Regard Libre, o\u00f9 il \u00e9crit r\u00e9guli\u00e8rement.\",\"sameAs\":[\"https:\\\/\\\/leregardlibre.com\\\/\",\"https:\\\/\\\/fr.wikipedia.org\\\/wiki\\\/Le_Regard_libre\"],\"url\":\"https:\\\/\\\/leregardlibre.com\\\/de\\\/author\\\/ivan-garcia-ig89\\\/\"}]}<\/script>\n<!-- \/ Yoast SEO Premium plugin. -->","yoast_head_json":{"title":"Treffen mit einer lustigen Truppe: die Kokodyniacks","robots":{"index":"index","follow":"follow","max-snippet":"max-snippet:-1","max-image-preview":"max-image-preview:large","max-video-preview":"max-video-preview:-1"},"canonical":"https:\/\/leregardlibre.com\/de\/darstellende-kunste\/theater\/treffen-mit-einer-lustigen-truppe-die-kokodyniacks\/","og_locale":"de_DE","og_type":"article","og_title":"Rencontre avec une dr\u00f4le de compagnie: les Kokodyniack","og_description":"Micro-histoires dans le Nord Vaudois","og_url":"https:\/\/leregardlibre.com\/de\/darstellende-kunste\/theater\/treffen-mit-einer-lustigen-truppe-die-kokodyniacks\/","og_site_name":"Le Regard Libre","article_publisher":"https:\/\/www.facebook.com\/leregardlibre\/","article_published_time":"2020-03-12T10:28:35+00:00","article_modified_time":"2022-09-04T08:38:34+00:00","og_image":[{"width":2560,"height":1707,"url":"https:\/\/leregardlibre.com\/wp-content\/uploads\/2020\/03\/Kokodyniack-\u00a9-Indra-Crittin-pour-Le-Regard-Libre-5-scaled.jpg","type":"image\/jpeg"}],"author":"Ivan Garcia","twitter_card":"summary_large_image","twitter_creator":"@LeRegardLibre","twitter_site":"@LeRegardLibre","twitter_misc":{"Verfasst von":"Ivan Garcia","Gesch\u00e4tzte Lesezeit":"11\u00a0Minuten"},"schema":{"@context":"https:\/\/schema.org","@graph":[{"@type":"Article","@id":"https:\/\/leregardlibre.com\/arts-vivants\/theatre\/rencontre-avec-une-drole-de-compagnie-les-kokodyniack\/#article","isPartOf":{"@id":"https:\/\/leregardlibre.com\/arts-vivants\/theatre\/rencontre-avec-une-drole-de-compagnie-les-kokodyniack\/"},"author":{"name":"Ivan Garcia","@id":"https:\/\/leregardlibre.com\/#\/schema\/person\/d80dd0028be8739b0c3bed60e131e94a"},"headline":"Rencontre avec une dr\u00f4le de compagnie: les Kokodyniack","datePublished":"2020-03-12T10:28:35+00:00","dateModified":"2022-09-04T08:38:34+00:00","mainEntityOfPage":{"@id":"https:\/\/leregardlibre.com\/arts-vivants\/theatre\/rencontre-avec-une-drole-de-compagnie-les-kokodyniack\/"},"wordCount":2161,"commentCount":0,"publisher":{"@id":"https:\/\/leregardlibre.com\/#organization"},"image":{"@id":"https:\/\/leregardlibre.com\/arts-vivants\/theatre\/rencontre-avec-une-drole-de-compagnie-les-kokodyniack\/#primaryimage"},"thumbnailUrl":"https:\/\/leregardlibre.com\/wp-content\/uploads\/2020\/03\/Kokodyniack-\u00a9-Indra-Crittin-pour-Le-Regard-Libre-5-scaled.jpg","keywords":["cie kokodyniack","compagnie kokodyniack","entretien","Interview","jean-baptiste roybon","tbb","v\u00e9ronique doleyres","visages"],"articleSection":["Th\u00e9\u00e2tre"],"inLanguage":"de","potentialAction":[{"@type":"CommentAction","name":"Comment","target":["https:\/\/leregardlibre.com\/arts-vivants\/theatre\/rencontre-avec-une-drole-de-compagnie-les-kokodyniack\/#respond"]}]},{"@type":"WebPage","@id":"https:\/\/leregardlibre.com\/arts-vivants\/theatre\/rencontre-avec-une-drole-de-compagnie-les-kokodyniack\/","url":"https:\/\/leregardlibre.com\/arts-vivants\/theatre\/rencontre-avec-une-drole-de-compagnie-les-kokodyniack\/","name":"Treffen mit einer lustigen Truppe: die Kokodyniacks","isPartOf":{"@id":"https:\/\/leregardlibre.com\/#website"},"primaryImageOfPage":{"@id":"https:\/\/leregardlibre.com\/arts-vivants\/theatre\/rencontre-avec-une-drole-de-compagnie-les-kokodyniack\/#primaryimage"},"image":{"@id":"https:\/\/leregardlibre.com\/arts-vivants\/theatre\/rencontre-avec-une-drole-de-compagnie-les-kokodyniack\/#primaryimage"},"thumbnailUrl":"https:\/\/leregardlibre.com\/wp-content\/uploads\/2020\/03\/Kokodyniack-\u00a9-Indra-Crittin-pour-Le-Regard-Libre-5-scaled.jpg","datePublished":"2020-03-12T10:28:35+00:00","dateModified":"2022-09-04T08:38:34+00:00","breadcrumb":{"@id":"https:\/\/leregardlibre.com\/arts-vivants\/theatre\/rencontre-avec-une-drole-de-compagnie-les-kokodyniack\/#breadcrumb"},"inLanguage":"de","potentialAction":[{"@type":"ReadAction","target":["https:\/\/leregardlibre.com\/arts-vivants\/theatre\/rencontre-avec-une-drole-de-compagnie-les-kokodyniack\/"]}]},{"@type":"ImageObject","inLanguage":"de","@id":"https:\/\/leregardlibre.com\/arts-vivants\/theatre\/rencontre-avec-une-drole-de-compagnie-les-kokodyniack\/#primaryimage","url":"https:\/\/leregardlibre.com\/wp-content\/uploads\/2020\/03\/Kokodyniack-\u00a9-Indra-Crittin-pour-Le-Regard-Libre-5-scaled.jpg","contentUrl":"https:\/\/leregardlibre.com\/wp-content\/uploads\/2020\/03\/Kokodyniack-\u00a9-Indra-Crittin-pour-Le-Regard-Libre-5-scaled.jpg","width":2560,"height":1707,"caption":"Kokodyniack \u00a9 Indra Crittin"},{"@type":"BreadcrumbList","@id":"https:\/\/leregardlibre.com\/arts-vivants\/theatre\/rencontre-avec-une-drole-de-compagnie-les-kokodyniack\/#breadcrumb","itemListElement":[{"@type":"ListItem","position":1,"name":"Accueil","item":"https:\/\/leregardlibre.com\/"},{"@type":"ListItem","position":2,"name":"Rencontre avec une dr\u00f4le de compagnie: les Kokodyniack"}]},{"@type":"WebSite","@id":"https:\/\/leregardlibre.com\/#website","url":"https:\/\/leregardlibre.com\/","name":"Le Regard Libre","description":"Erste Schweizer Monatszeitschrift f\u00fcr Debatten","publisher":{"@id":"https:\/\/leregardlibre.com\/#organization"},"potentialAction":[{"@type":"SearchAction","target":{"@type":"EntryPoint","urlTemplate":"https:\/\/leregardlibre.com\/?s={search_term_string}"},"query-input":{"@type":"PropertyValueSpecification","valueRequired":true,"valueName":"search_term_string"}}],"inLanguage":"de"},{"@type":"Organization","@id":"https:\/\/leregardlibre.com\/#organization","name":"Le Regard Libre","url":"https:\/\/leregardlibre.com\/","logo":{"@type":"ImageObject","inLanguage":"de","@id":"https:\/\/leregardlibre.com\/#\/schema\/logo\/image\/","url":"https:\/\/leregardlibre.com\/wp-content\/uploads\/2025\/08\/logo-rl-icone-neg.jpeg","contentUrl":"https:\/\/leregardlibre.com\/wp-content\/uploads\/2025\/08\/logo-rl-icone-neg.jpeg","width":557,"height":556,"caption":"Le Regard Libre"},"image":{"@id":"https:\/\/leregardlibre.com\/#\/schema\/logo\/image\/"},"sameAs":["https:\/\/www.facebook.com\/leregardlibre\/","https:\/\/x.com\/LeRegardLibre","https:\/\/www.linkedin.com\/company\/le-regard-libre","https:\/\/www.instagram.com\/leregardlibre\/","http:\/\/t.me\/leregardlibre","https:\/\/youtube.com\/channel\/UC6HzGPomj1LsUmlz-sJtITQ"],"description":"Le Regard Libre ist eine Schweizer Monatszeitschrift f\u00fcr intellektuelle und kulturelle Debatten. Seine Redaktion ist jung, ehrenamtlich, liberal und pluralistisch. Das Magazin erscheint online und in gedruckter Form. Seine Sprache ist Franz\u00f6sisch.","email":"redaction@leregardlibre.com","legalName":"Le Regard Libre","foundingDate":"2014-01-01","numberOfEmployees":{"@type":"QuantitativeValue","minValue":"11","maxValue":"50"},"publishingPrinciples":"https:\/\/leregardlibre.com\/a-propos\/notre-manifeste\/","ownershipFundingInfo":"https:\/\/leregardlibre.com\/mentions-legales\/","actionableFeedbackPolicy":"https:\/\/leregardlibre.com\/conditions-generales-de-vente\/"},{"@type":"Person","@id":"https:\/\/leregardlibre.com\/#\/schema\/person\/d80dd0028be8739b0c3bed60e131e94a","name":"Ivan Garcia","image":{"@type":"ImageObject","inLanguage":"de","@id":"https:\/\/secure.gravatar.com\/avatar\/8d1951260e83d4b801d564ae27e751dece8ced40a4256105c3a960ddb6c32ee8?s=96&d=identicon&r=g","url":"https:\/\/secure.gravatar.com\/avatar\/8d1951260e83d4b801d564ae27e751dece8ced40a4256105c3a960ddb6c32ee8?s=96&d=identicon&r=g","contentUrl":"https:\/\/secure.gravatar.com\/avatar\/8d1951260e83d4b801d564ae27e751dece8ced40a4256105c3a960ddb6c32ee8?s=96&d=identicon&r=g","caption":"Ivan Garcia"},"description":"Ivan Garcia ist Web-Editor bei der Zeitung Le Temps und Referendar. Er leitet die Literaturrubrik von Le Regard Libre und schreibt dort regelm\u00e4\u00dfig.","sameAs":["https:\/\/leregardlibre.com\/","https:\/\/fr.wikipedia.org\/wiki\/Le_Regard_libre"],"url":"https:\/\/leregardlibre.com\/de\/author\/ivan-garcia-ig89\/"}]}},"_links":{"self":[{"href":"https:\/\/leregardlibre.com\/de\/wp-json\/wp\/v2\/posts\/31968","targetHints":{"allow":["GET"]}}],"collection":[{"href":"https:\/\/leregardlibre.com\/de\/wp-json\/wp\/v2\/posts"}],"about":[{"href":"https:\/\/leregardlibre.com\/de\/wp-json\/wp\/v2\/types\/post"}],"author":[{"embeddable":true,"href":"https:\/\/leregardlibre.com\/de\/wp-json\/wp\/v2\/users\/53"}],"replies":[{"embeddable":true,"href":"https:\/\/leregardlibre.com\/de\/wp-json\/wp\/v2\/comments?post=31968"}],"version-history":[{"count":1,"href":"https:\/\/leregardlibre.com\/de\/wp-json\/wp\/v2\/posts\/31968\/revisions"}],"predecessor-version":[{"id":511660,"href":"https:\/\/leregardlibre.com\/de\/wp-json\/wp\/v2\/posts\/31968\/revisions\/511660"}],"wp:featuredmedia":[{"embeddable":true,"href":"https:\/\/leregardlibre.com\/de\/wp-json\/wp\/v2\/media\/31970"}],"wp:attachment":[{"href":"https:\/\/leregardlibre.com\/de\/wp-json\/wp\/v2\/media?parent=31968"}],"wp:term":[{"taxonomy":"category","embeddable":true,"href":"https:\/\/leregardlibre.com\/de\/wp-json\/wp\/v2\/categories?post=31968"},{"taxonomy":"post_tag","embeddable":true,"href":"https:\/\/leregardlibre.com\/de\/wp-json\/wp\/v2\/tags?post=31968"}],"curies":[{"name":"wp","href":"https:\/\/api.w.org\/{rel}","templated":true}]}}