{"id":32822,"date":"2020-04-07T13:21:33","date_gmt":"2020-04-07T11:21:33","guid":{"rendered":"https:\/\/leregardlibre.com\/?p=32822"},"modified":"2022-10-15T13:32:31","modified_gmt":"2022-10-15T11:32:31","slug":"ich-trinke-du-trinkst-er-spricht-wir-lachen-du-lachelst-sie-traumen","status":"publish","type":"post","link":"https:\/\/leregardlibre.com\/de\/literatur\/ich-trinke-du-trinkst-er-spricht-wir-lachen-du-lachelst-sie-traumen\/","title":{"rendered":"Ich trinke, du trinkst, er spricht, wir lachen, du l\u00e4chelst, sie tr\u00e4umen"},"content":{"rendered":"<p class=\"has-drop-cap\"><strong>In Zeiten des Einschlusses in kleinen Schritten wieder lesen <em>Die neuen Tresenkurzgeschichten <\/em>von Jean-Marie Gourio bedeutet, dumm zu lachen, sich zu beruhigen und auf Kommando die Welt neu zu gestalten. Und vielleicht eine Reflexion \u00fcber den Traum er\u00f6ffnen.<\/strong><\/p>\n\n\n\n<!--more Lire la critique-->\n\n\n\n<p>Die durch die aktuelle Gesundheitskrise des Coronavirus erzwungene Isolation ist f\u00fcr eine bestimmte Art von Lesern, die k\u00fchnsten unter ihnen, eine hervorragende Gelegenheit, ihre Unwissenheit mit der Lekt\u00fcre von Melville, Proust oder Tolstoi zu f\u00fcllen. Das hei\u00dft, eine lange, langsame und sorgf\u00e4ltige Lekt\u00fcre zu beginnen und dabei die ungew\u00f6hnliche Macht der Literatur, die, wie Mona Ozouf sagt, darin besteht, die Existenz zu vervielfachen, ma\u00dflos auszunutzen.<a href=\"#_ftn1\">[1]<\/a>, Die Rolle und die Haut zu wechseln, warum nicht Walfang, das Jahrhundert und das Alter zu wechseln, warum nicht in die Kindheit zur\u00fcckkehren, die Stadt und das Land zu wechseln, warum nicht durch die Stra\u00dfen von St. Petersburg oder Moskau gehen.<\/p>\n\n\n\n<p>Aber jede Odyssee hat ihre Kehrseite. Der Nachteil der literarischen Reise ist, dass sie durstig macht. Ein Durst wie ein Wolf. Der Durst eines Affen, der Sie auf die Baumkronen springen l\u00e4sst, um aus der ersten Wolke zu trinken, die vorbeizieht. Und wegen dieses h\u00f6chsten Durstes, der tief in der Kehle lauert, wird der wagemutige Leser seine K\u00fchnheit f\u00fcr einen Moment beiseite legen, Melville, Proust oder Tolstoi zuklappen und in kleinen, k\u00f6stlichen Sch\u00fcben wieder lesen, <em>Die neuen Tresenkurzgeschichten<\/em> von Jean-Marie Gourio. Denn diese Kurzgeschichten zu lesen, bedeutet, sofort zu trinken, den Gaumen zu baden und die Kehle zu befeuchten. Es bedeutet, aus dem Haus zu gehen und sich auf die Theke eines Bistros zu lehnen, <em>Der Napoleon<\/em> Sie werden von der Anwesenheit Ihres Nachbarn erfasst, der auf einen Blick zum Bruder wird. Und der zu Ihnen sagt: \u00abAlkoholiker datiert man nicht mit Kohlenstoff 14, sondern mit Pastis 51\u00bb.\u00bb<\/p>\n\n\n\n<h3 class=\"wp-block-heading\">Spaziergang von Bistro zu Bistro<\/h3>\n\n\n\n<p>Seit dem Jahr 1987 ist Jean-Marie Gourio, Redakteur f\u00fcr <em>Charlie Hebdo<\/em> und <em>Hara-Kiri<\/em>, Der Autor erfolgreicher Sendungen wie \u00abLes Guignols de l'Info\u00bb zieht von Kneipe zu Kneipe, um die kleinen S\u00e4tze aufzuschreiben, die sich die Leute an den Theken, auf den Terrassen oder neben den Toiletten sagen. Kurz gesagt: Menschen, die ausgehen, um auf Freundschaft oder Liebe anzusto\u00dfen, um ihren Kummer oder den Piranha-Fisch, der an ihnen nagt, zu ertr\u00e4nken, um zu scherzen, um zu spinnen, um sich die Birne zu spalten und um zu tr\u00e4umen, wie der Autor selbst im Vorwort schreibt: \u00abWenn die gesch\u00e4ftigen Leute am Caf\u00e9 vorbeigehen. Und wir stehen einfach nur da. Senkrecht, aber nicht alle. Und reden. \u00dcber alles. \u00dcber nichts. Und machen Bl\u00f6dsinn. Die Leere. Das volle Programm. Sich beschweren! Was f\u00fcr ein Vergn\u00fcgen! Bei den Benzinpreisen sollte man sie mit Champagnerkeksen servieren. Zu tr\u00e4umen. Zu trinken. Schulter an Schulter. Traum gegen Traum. Es lebe die Br\u00fcderlichkeit an der Theke.\u00bb<\/p>\n\n\n\n<p>Diese kleinen, revolution\u00e4ren, unmittelbaren, ungeschliffenen und primitiven S\u00e4tze, die wie Funken spr\u00fchen, verpacken den manchmal grauen Alltag in bunte Worte. Man k\u00f6nnte diese kleinen S\u00e4tze als witzig, belebend und blitzartig bezeichnen, sie machen die Schule des raffinierten, geschliffenen und auch gem\u00e4\u00dfigten Denkens blau und f\u00fchren uns auf schwindelerregende, steile, fettige und rutschige Abh\u00e4nge, von denen wir wie das Kind, das wir waren, in schallendes Gel\u00e4chter ausbrechen und herunterfallen. Der Alkohol verrichtet seine Arbeit als Ameise mit Perfektion. Und diese kleinen S\u00e4tze tragen eine Portion Poesie und Humor, sp\u00e4te Rache, nationale Klage und absurde Begeisterung in sich, die uns eher zum Schmunzeln bringen und uns \u00abein klares Auge durch Scham und Nebel\" verschaffen.<a href=\"#_ftn2\">[2]<\/a>\u00bb.<\/p>\n\n\n\n<p>Von Sport bis Politik: \u00abWenn man de Gaulle in der Mitte faltet, macht das zwei Sarkozys\u00bb, von Kunst bis Milit\u00e4r: \u00abEin Atom-U-Boot darf keine Blasen werfen\u00bb, von Medizin bis Forschung: \u00abMit Nanotechnologien bauen sie kleine Z\u00fcge in einem Haar, aber wohin?\u00bbVon der Philosophie zur Soziologie: \u00abEine Familie mit vier Kindern geh\u00f6rt in einen Eierkarton\u00bb, von der Architektur zur Religion: \u00abGott hat den Menschen nach seinem Bild geschaffen, au\u00dfer f\u00fcr die Wohnung\u00bb, von der Ethnologie zur Ethologie: \u00abEin Schlittenhund in einem Taxi, normalerweise f\u00e4hrt er\u00bb, von der Sexualit\u00e4t zur Gastronomie: \u00abK\u00e4nguru ist ein gutes Fleisch, au\u00dferdem hat es einen Beutel f\u00fcr die Pommes.\u00bb<\/p>\n\n\n\n<p>Aber diese kleinen S\u00e4tze, die einander gegen\u00fcbergestellt werden, w\u00e4ren nichts ohne den kollektiven Aspekt, der sich aus einer solchen journalistischen Untersuchung ergibt. Im Mittelpunkt dieser Kurzmeldungen steht der Mensch. Der Mensch im Alltag, der die Unbilden des Lebens ebenso wie die kleinen Freuden wie eine lebendige Liebkosung empf\u00e4ngt. Jenseits des Lachens, des Trinkens und des Tresens, jenseits der Kontingenzen der Realit\u00e4t gibt es den Traum, der uns alle aus dem gleichen Tritt bringt. Und Tr\u00e4umen ist universell. Es ist so etwas wie die wertvollste Fl\u00fcssigkeit auf dem Planeten.<\/p>\n\n\n\n<hr class=\"wp-block-separator has-css-opacity\"\/>\n\n\n\n<p><a href=\"#_ftnref1\">[1]<\/a> <em>Um das Leben leichter zu machen<\/em>, Mona Ozouf, unter der Leitung von Alain Finkielkraut.<\/p>\n\n\n\n<p><a href=\"#_ftnref2\">[2]<\/a> <em>Nachdenklich,<\/em> Paul Eluard<\/p>\n\n\n\n<p>Fotocredit: \u00a9 Juliana Styles\/Pexels <\/p>\n\n\n\n<p><em>Schreiben Sie dem Autor: <a href=\"\/de\/arthur.billerey@leregardlibre.com\/\">arthur.billerey@leregardlibre.com<\/a><\/em><\/p>\n\n\n\n<div class=\"wp-block-media-text alignwide is-stacked-on-mobile\" style=\"grid-template-columns:39% auto\"><figure class=\"wp-block-media-text__media\"><img fetchpriority=\"high\" decoding=\"async\" width=\"340\" height=\"340\" src=\"http:\/\/leregardlibre.com\/wp-content\/uploads\/2020\/04\/Les-nouvelles-breves-de-comptoir.jpg\" alt=\"\" class=\"wp-image-32826 size-full\" srcset=\"https:\/\/leregardlibre.com\/wp-content\/uploads\/2020\/04\/Les-nouvelles-breves-de-comptoir.jpg 340w, https:\/\/leregardlibre.com\/wp-content\/uploads\/2020\/04\/Les-nouvelles-breves-de-comptoir-150x150.jpg 150w, https:\/\/leregardlibre.com\/wp-content\/uploads\/2020\/04\/Les-nouvelles-breves-de-comptoir-300x300.jpg 300w, https:\/\/leregardlibre.com\/wp-content\/uploads\/2020\/04\/Les-nouvelles-breves-de-comptoir-100x100.jpg 100w\" sizes=\"(max-width: 340px) 100vw, 340px\" \/><\/figure><div class=\"wp-block-media-text__content\">\n<p><strong>Jean-Marie Gourio<br><em>Die neuen Thekenkurzgeschichten (Tome 1)<\/em><br>Robert Laffont<br>2008<br>416 Seiten<\/strong><\/p>\n\n\n<\/div><\/div>\n\n\n\n<div class=\"wp-block-buttons is-layout-flex wp-block-buttons-is-layout-flex\">\n<div class=\"wp-block-button\"><a class=\"wp-block-button__link\" href=\"https:\/\/www.fr.fnac.ch\/a2416474\/Jean-Marie-Gourio-Les-nouvelles-breves-de-comptoir?Origin=fnac_google\">kaufen<\/a><\/div>\n<\/div>","protected":false},"excerpt":{"rendered":"<p>Kurznachrichten.<\/p>","protected":false},"author":331,"featured_media":32825,"comment_status":"open","ping_status":"open","sticky":false,"template":"","format":"standard","meta":{"_acf_changed":false,"footnotes":""},"categories":[20663],"tags":[644346632,644346612,644346614,54879,644346608,644346606,644355020,644354738,145927],"class_list":["post-32822","post","type-post","status-publish","format-standard","has-post-thumbnail","hentry","category-litterature","tag-bistrot","tag-comptoir","tag-convivialite","tag-critiques-litteraires","tag-jean-marie-gourio","tag-les-coronaretrospectives-de-la-litterature","tag-mona-ozouf","tag-pour-rendre-la-vie-plus-legere","tag-reve"],"acf":[],"yoast_head":"<!-- This site is optimized with the Yoast SEO Premium plugin v27.4 (Yoast SEO v27.4) - https:\/\/yoast.com\/product\/yoast-seo-premium-wordpress\/ -->\n<title>Je bois, tu bois, il parle, nous rions, vous souriez, ils r\u00eavent<\/title>\n<meta name=\"robots\" content=\"index, follow, max-snippet:-1, max-image-preview:large, max-video-preview:-1\" \/>\n<link rel=\"canonical\" href=\"https:\/\/leregardlibre.com\/de\/literatur\/ich-trinke-du-trinkst-er-spricht-wir-lachen-du-lachelst-sie-traumen\/\" \/>\n<meta property=\"og:locale\" content=\"de_DE\" \/>\n<meta property=\"og:type\" content=\"article\" \/>\n<meta property=\"og:title\" content=\"Je bois, tu bois, il parle, nous rions, vous souriez, ils r\u00eavent\" \/>\n<meta property=\"og:description\" content=\"Des nouvelles br\u00e8ves de comptoir.\" \/>\n<meta property=\"og:url\" content=\"https:\/\/leregardlibre.com\/de\/literatur\/ich-trinke-du-trinkst-er-spricht-wir-lachen-du-lachelst-sie-traumen\/\" \/>\n<meta property=\"og:site_name\" content=\"Le Regard Libre\" \/>\n<meta property=\"article:publisher\" content=\"https:\/\/www.facebook.com\/leregardlibre\/\" \/>\n<meta property=\"article:published_time\" content=\"2020-04-07T11:21:33+00:00\" \/>\n<meta property=\"article:modified_time\" content=\"2022-10-15T11:32:31+00:00\" \/>\n<meta property=\"og:image\" content=\"https:\/\/leregardlibre.com\/wp-content\/uploads\/2020\/04\/pexels-photo-2198400.jpeg\" \/>\n\t<meta property=\"og:image:width\" content=\"1125\" \/>\n\t<meta property=\"og:image:height\" content=\"750\" \/>\n\t<meta property=\"og:image:type\" content=\"image\/jpeg\" \/>\n<meta name=\"author\" content=\"Arthur Billerey\" \/>\n<meta name=\"twitter:card\" content=\"summary_large_image\" \/>\n<meta name=\"twitter:creator\" content=\"@LeRegardLibre\" \/>\n<meta name=\"twitter:site\" content=\"@LeRegardLibre\" \/>\n<meta name=\"twitter:label1\" content=\"Verfasst von\" \/>\n\t<meta name=\"twitter:data1\" content=\"Arthur Billerey\" \/>\n\t<meta name=\"twitter:label2\" content=\"Gesch\u00e4tzte Lesezeit\" \/>\n\t<meta name=\"twitter:data2\" content=\"5\u00a0Minuten\" \/>\n<script type=\"application\/ld+json\" class=\"yoast-schema-graph\">{\"@context\":\"https:\\\/\\\/schema.org\",\"@graph\":[{\"@type\":\"Article\",\"@id\":\"https:\\\/\\\/leregardlibre.com\\\/litterature\\\/je-bois-tu-bois-il-parle-nous-rions-vous-souriez-ils-revent\\\/#article\",\"isPartOf\":{\"@id\":\"https:\\\/\\\/leregardlibre.com\\\/litterature\\\/je-bois-tu-bois-il-parle-nous-rions-vous-souriez-ils-revent\\\/\"},\"author\":{\"name\":\"Arthur Billerey\",\"@id\":\"https:\\\/\\\/leregardlibre.com\\\/#\\\/schema\\\/person\\\/700dda4dc95978812204edee7b38bce8\"},\"headline\":\"Je bois, tu bois, il parle, nous rions, vous souriez, ils r\u00eavent\",\"datePublished\":\"2020-04-07T11:21:33+00:00\",\"dateModified\":\"2022-10-15T11:32:31+00:00\",\"mainEntityOfPage\":{\"@id\":\"https:\\\/\\\/leregardlibre.com\\\/litterature\\\/je-bois-tu-bois-il-parle-nous-rions-vous-souriez-ils-revent\\\/\"},\"wordCount\":958,\"commentCount\":0,\"publisher\":{\"@id\":\"https:\\\/\\\/leregardlibre.com\\\/#organization\"},\"image\":{\"@id\":\"https:\\\/\\\/leregardlibre.com\\\/litterature\\\/je-bois-tu-bois-il-parle-nous-rions-vous-souriez-ils-revent\\\/#primaryimage\"},\"thumbnailUrl\":\"https:\\\/\\\/leregardlibre.com\\\/wp-content\\\/uploads\\\/2020\\\/04\\\/pexels-photo-2198400.jpeg\",\"keywords\":[\"bistrot\",\"comptoir\",\"convivialit\u00e9\",\"Critique litt\u00e9raire\",\"jean-marie gourio\",\"Les coronar\u00e9trospectives de la litt\u00e9rature\",\"mona ozouf\",\"pour rendre la vie plus l\u00e9g\u00e8re\",\"R\u00eave\"],\"articleSection\":[\"Litt\u00e9rature\"],\"inLanguage\":\"de\",\"potentialAction\":[{\"@type\":\"CommentAction\",\"name\":\"Comment\",\"target\":[\"https:\\\/\\\/leregardlibre.com\\\/litterature\\\/je-bois-tu-bois-il-parle-nous-rions-vous-souriez-ils-revent\\\/#respond\"]}]},{\"@type\":\"WebPage\",\"@id\":\"https:\\\/\\\/leregardlibre.com\\\/litterature\\\/je-bois-tu-bois-il-parle-nous-rions-vous-souriez-ils-revent\\\/\",\"url\":\"https:\\\/\\\/leregardlibre.com\\\/litterature\\\/je-bois-tu-bois-il-parle-nous-rions-vous-souriez-ils-revent\\\/\",\"name\":\"Je bois, tu bois, il parle, nous rions, vous souriez, ils r\u00eavent\",\"isPartOf\":{\"@id\":\"https:\\\/\\\/leregardlibre.com\\\/#website\"},\"primaryImageOfPage\":{\"@id\":\"https:\\\/\\\/leregardlibre.com\\\/litterature\\\/je-bois-tu-bois-il-parle-nous-rions-vous-souriez-ils-revent\\\/#primaryimage\"},\"image\":{\"@id\":\"https:\\\/\\\/leregardlibre.com\\\/litterature\\\/je-bois-tu-bois-il-parle-nous-rions-vous-souriez-ils-revent\\\/#primaryimage\"},\"thumbnailUrl\":\"https:\\\/\\\/leregardlibre.com\\\/wp-content\\\/uploads\\\/2020\\\/04\\\/pexels-photo-2198400.jpeg\",\"datePublished\":\"2020-04-07T11:21:33+00:00\",\"dateModified\":\"2022-10-15T11:32:31+00:00\",\"breadcrumb\":{\"@id\":\"https:\\\/\\\/leregardlibre.com\\\/litterature\\\/je-bois-tu-bois-il-parle-nous-rions-vous-souriez-ils-revent\\\/#breadcrumb\"},\"inLanguage\":\"de\",\"potentialAction\":[{\"@type\":\"ReadAction\",\"target\":[\"https:\\\/\\\/leregardlibre.com\\\/litterature\\\/je-bois-tu-bois-il-parle-nous-rions-vous-souriez-ils-revent\\\/\"]}]},{\"@type\":\"ImageObject\",\"inLanguage\":\"de\",\"@id\":\"https:\\\/\\\/leregardlibre.com\\\/litterature\\\/je-bois-tu-bois-il-parle-nous-rions-vous-souriez-ils-revent\\\/#primaryimage\",\"url\":\"https:\\\/\\\/leregardlibre.com\\\/wp-content\\\/uploads\\\/2020\\\/04\\\/pexels-photo-2198400.jpeg\",\"contentUrl\":\"https:\\\/\\\/leregardlibre.com\\\/wp-content\\\/uploads\\\/2020\\\/04\\\/pexels-photo-2198400.jpeg\",\"width\":1125,\"height\":750},{\"@type\":\"BreadcrumbList\",\"@id\":\"https:\\\/\\\/leregardlibre.com\\\/litterature\\\/je-bois-tu-bois-il-parle-nous-rions-vous-souriez-ils-revent\\\/#breadcrumb\",\"itemListElement\":[{\"@type\":\"ListItem\",\"position\":1,\"name\":\"Accueil\",\"item\":\"https:\\\/\\\/leregardlibre.com\\\/\"},{\"@type\":\"ListItem\",\"position\":2,\"name\":\"Je bois, tu bois, il parle, nous rions, vous souriez, ils r\u00eavent\"}]},{\"@type\":\"WebSite\",\"@id\":\"https:\\\/\\\/leregardlibre.com\\\/#website\",\"url\":\"https:\\\/\\\/leregardlibre.com\\\/\",\"name\":\"Le Regard Libre\",\"description\":\"Premier mensuel suisse de d\u00e9bat\",\"publisher\":{\"@id\":\"https:\\\/\\\/leregardlibre.com\\\/#organization\"},\"potentialAction\":[{\"@type\":\"SearchAction\",\"target\":{\"@type\":\"EntryPoint\",\"urlTemplate\":\"https:\\\/\\\/leregardlibre.com\\\/?s={search_term_string}\"},\"query-input\":{\"@type\":\"PropertyValueSpecification\",\"valueRequired\":true,\"valueName\":\"search_term_string\"}}],\"inLanguage\":\"de\"},{\"@type\":\"Organization\",\"@id\":\"https:\\\/\\\/leregardlibre.com\\\/#organization\",\"name\":\"Le Regard Libre\",\"url\":\"https:\\\/\\\/leregardlibre.com\\\/\",\"logo\":{\"@type\":\"ImageObject\",\"inLanguage\":\"de\",\"@id\":\"https:\\\/\\\/leregardlibre.com\\\/#\\\/schema\\\/logo\\\/image\\\/\",\"url\":\"https:\\\/\\\/leregardlibre.com\\\/wp-content\\\/uploads\\\/2025\\\/08\\\/logo-rl-icone-neg.jpeg\",\"contentUrl\":\"https:\\\/\\\/leregardlibre.com\\\/wp-content\\\/uploads\\\/2025\\\/08\\\/logo-rl-icone-neg.jpeg\",\"width\":557,\"height\":556,\"caption\":\"Le Regard Libre\"},\"image\":{\"@id\":\"https:\\\/\\\/leregardlibre.com\\\/#\\\/schema\\\/logo\\\/image\\\/\"},\"sameAs\":[\"https:\\\/\\\/www.facebook.com\\\/leregardlibre\\\/\",\"https:\\\/\\\/x.com\\\/LeRegardLibre\",\"https:\\\/\\\/www.linkedin.com\\\/company\\\/le-regard-libre\",\"https:\\\/\\\/www.instagram.com\\\/leregardlibre\\\/\",\"http:\\\/\\\/t.me\\\/leregardlibre\",\"https:\\\/\\\/youtube.com\\\/channel\\\/UC6HzGPomj1LsUmlz-sJtITQ\"],\"description\":\"Le Regard Libre est un mensuel suisse de d\u00e9bat intellectuel et culturel. Sa r\u00e9daction est jeune, b\u00e9n\u00e9vole, lib\u00e9rale et pluraliste. Le magazine para\u00eet en ligne et sous forme papier. Sa langue est le fran\u00e7ais.\",\"email\":\"redaction@leregardlibre.com\",\"legalName\":\"Le Regard Libre\",\"foundingDate\":\"2014-01-01\",\"numberOfEmployees\":{\"@type\":\"QuantitativeValue\",\"minValue\":\"11\",\"maxValue\":\"50\"},\"publishingPrinciples\":\"https:\\\/\\\/leregardlibre.com\\\/a-propos\\\/notre-manifeste\\\/\",\"ownershipFundingInfo\":\"https:\\\/\\\/leregardlibre.com\\\/mentions-legales\\\/\",\"actionableFeedbackPolicy\":\"https:\\\/\\\/leregardlibre.com\\\/conditions-generales-de-vente\\\/\"},{\"@type\":\"Person\",\"@id\":\"https:\\\/\\\/leregardlibre.com\\\/#\\\/schema\\\/person\\\/700dda4dc95978812204edee7b38bce8\",\"name\":\"Arthur Billerey\",\"image\":{\"@type\":\"ImageObject\",\"inLanguage\":\"de\",\"@id\":\"https:\\\/\\\/secure.gravatar.com\\\/avatar\\\/6a6e2c877113a791180538347e49c18fa859d29860fce86bff3730f66bc9ee1d?s=96&d=identicon&r=g\",\"url\":\"https:\\\/\\\/secure.gravatar.com\\\/avatar\\\/6a6e2c877113a791180538347e49c18fa859d29860fce86bff3730f66bc9ee1d?s=96&d=identicon&r=g\",\"contentUrl\":\"https:\\\/\\\/secure.gravatar.com\\\/avatar\\\/6a6e2c877113a791180538347e49c18fa859d29860fce86bff3730f66bc9ee1d?s=96&d=identicon&r=g\",\"caption\":\"Arthur Billerey\"},\"sameAs\":[\"https:\\\/\\\/leregardlibre.com\\\/\",\"https:\\\/\\\/fr.wikipedia.org\\\/wiki\\\/Le_Regard_libre\"],\"url\":\"https:\\\/\\\/leregardlibre.com\\\/de\\\/author\\\/arthur-billerey\\\/\"}]}<\/script>\n<!-- \/ Yoast SEO Premium plugin. -->","yoast_head_json":{"title":"Ich trinke, du trinkst, er spricht, wir lachen, du l\u00e4chelst, sie tr\u00e4umen","robots":{"index":"index","follow":"follow","max-snippet":"max-snippet:-1","max-image-preview":"max-image-preview:large","max-video-preview":"max-video-preview:-1"},"canonical":"https:\/\/leregardlibre.com\/de\/literatur\/ich-trinke-du-trinkst-er-spricht-wir-lachen-du-lachelst-sie-traumen\/","og_locale":"de_DE","og_type":"article","og_title":"Je bois, tu bois, il parle, nous rions, vous souriez, ils r\u00eavent","og_description":"Des nouvelles br\u00e8ves de comptoir.","og_url":"https:\/\/leregardlibre.com\/de\/literatur\/ich-trinke-du-trinkst-er-spricht-wir-lachen-du-lachelst-sie-traumen\/","og_site_name":"Le Regard Libre","article_publisher":"https:\/\/www.facebook.com\/leregardlibre\/","article_published_time":"2020-04-07T11:21:33+00:00","article_modified_time":"2022-10-15T11:32:31+00:00","og_image":[{"width":1125,"height":750,"url":"https:\/\/leregardlibre.com\/wp-content\/uploads\/2020\/04\/pexels-photo-2198400.jpeg","type":"image\/jpeg"}],"author":"Arthur Billerey","twitter_card":"summary_large_image","twitter_creator":"@LeRegardLibre","twitter_site":"@LeRegardLibre","twitter_misc":{"Verfasst von":"Arthur Billerey","Gesch\u00e4tzte Lesezeit":"5\u00a0Minuten"},"schema":{"@context":"https:\/\/schema.org","@graph":[{"@type":"Article","@id":"https:\/\/leregardlibre.com\/litterature\/je-bois-tu-bois-il-parle-nous-rions-vous-souriez-ils-revent\/#article","isPartOf":{"@id":"https:\/\/leregardlibre.com\/litterature\/je-bois-tu-bois-il-parle-nous-rions-vous-souriez-ils-revent\/"},"author":{"name":"Arthur Billerey","@id":"https:\/\/leregardlibre.com\/#\/schema\/person\/700dda4dc95978812204edee7b38bce8"},"headline":"Je bois, tu bois, il parle, nous rions, vous souriez, ils r\u00eavent","datePublished":"2020-04-07T11:21:33+00:00","dateModified":"2022-10-15T11:32:31+00:00","mainEntityOfPage":{"@id":"https:\/\/leregardlibre.com\/litterature\/je-bois-tu-bois-il-parle-nous-rions-vous-souriez-ils-revent\/"},"wordCount":958,"commentCount":0,"publisher":{"@id":"https:\/\/leregardlibre.com\/#organization"},"image":{"@id":"https:\/\/leregardlibre.com\/litterature\/je-bois-tu-bois-il-parle-nous-rions-vous-souriez-ils-revent\/#primaryimage"},"thumbnailUrl":"https:\/\/leregardlibre.com\/wp-content\/uploads\/2020\/04\/pexels-photo-2198400.jpeg","keywords":["bistrot","comptoir","convivialit\u00e9","Critique litt\u00e9raire","jean-marie gourio","Les coronar\u00e9trospectives de la litt\u00e9rature","mona ozouf","pour rendre la vie plus l\u00e9g\u00e8re","R\u00eave"],"articleSection":["Litt\u00e9rature"],"inLanguage":"de","potentialAction":[{"@type":"CommentAction","name":"Comment","target":["https:\/\/leregardlibre.com\/litterature\/je-bois-tu-bois-il-parle-nous-rions-vous-souriez-ils-revent\/#respond"]}]},{"@type":"WebPage","@id":"https:\/\/leregardlibre.com\/litterature\/je-bois-tu-bois-il-parle-nous-rions-vous-souriez-ils-revent\/","url":"https:\/\/leregardlibre.com\/litterature\/je-bois-tu-bois-il-parle-nous-rions-vous-souriez-ils-revent\/","name":"Ich trinke, du trinkst, er spricht, wir lachen, du l\u00e4chelst, sie tr\u00e4umen","isPartOf":{"@id":"https:\/\/leregardlibre.com\/#website"},"primaryImageOfPage":{"@id":"https:\/\/leregardlibre.com\/litterature\/je-bois-tu-bois-il-parle-nous-rions-vous-souriez-ils-revent\/#primaryimage"},"image":{"@id":"https:\/\/leregardlibre.com\/litterature\/je-bois-tu-bois-il-parle-nous-rions-vous-souriez-ils-revent\/#primaryimage"},"thumbnailUrl":"https:\/\/leregardlibre.com\/wp-content\/uploads\/2020\/04\/pexels-photo-2198400.jpeg","datePublished":"2020-04-07T11:21:33+00:00","dateModified":"2022-10-15T11:32:31+00:00","breadcrumb":{"@id":"https:\/\/leregardlibre.com\/litterature\/je-bois-tu-bois-il-parle-nous-rions-vous-souriez-ils-revent\/#breadcrumb"},"inLanguage":"de","potentialAction":[{"@type":"ReadAction","target":["https:\/\/leregardlibre.com\/litterature\/je-bois-tu-bois-il-parle-nous-rions-vous-souriez-ils-revent\/"]}]},{"@type":"ImageObject","inLanguage":"de","@id":"https:\/\/leregardlibre.com\/litterature\/je-bois-tu-bois-il-parle-nous-rions-vous-souriez-ils-revent\/#primaryimage","url":"https:\/\/leregardlibre.com\/wp-content\/uploads\/2020\/04\/pexels-photo-2198400.jpeg","contentUrl":"https:\/\/leregardlibre.com\/wp-content\/uploads\/2020\/04\/pexels-photo-2198400.jpeg","width":1125,"height":750},{"@type":"BreadcrumbList","@id":"https:\/\/leregardlibre.com\/litterature\/je-bois-tu-bois-il-parle-nous-rions-vous-souriez-ils-revent\/#breadcrumb","itemListElement":[{"@type":"ListItem","position":1,"name":"Accueil","item":"https:\/\/leregardlibre.com\/"},{"@type":"ListItem","position":2,"name":"Je bois, tu bois, il parle, nous rions, vous souriez, ils r\u00eavent"}]},{"@type":"WebSite","@id":"https:\/\/leregardlibre.com\/#website","url":"https:\/\/leregardlibre.com\/","name":"Le Regard Libre","description":"Erste Schweizer Monatszeitschrift f\u00fcr Debatten","publisher":{"@id":"https:\/\/leregardlibre.com\/#organization"},"potentialAction":[{"@type":"SearchAction","target":{"@type":"EntryPoint","urlTemplate":"https:\/\/leregardlibre.com\/?s={search_term_string}"},"query-input":{"@type":"PropertyValueSpecification","valueRequired":true,"valueName":"search_term_string"}}],"inLanguage":"de"},{"@type":"Organization","@id":"https:\/\/leregardlibre.com\/#organization","name":"Le Regard Libre","url":"https:\/\/leregardlibre.com\/","logo":{"@type":"ImageObject","inLanguage":"de","@id":"https:\/\/leregardlibre.com\/#\/schema\/logo\/image\/","url":"https:\/\/leregardlibre.com\/wp-content\/uploads\/2025\/08\/logo-rl-icone-neg.jpeg","contentUrl":"https:\/\/leregardlibre.com\/wp-content\/uploads\/2025\/08\/logo-rl-icone-neg.jpeg","width":557,"height":556,"caption":"Le Regard Libre"},"image":{"@id":"https:\/\/leregardlibre.com\/#\/schema\/logo\/image\/"},"sameAs":["https:\/\/www.facebook.com\/leregardlibre\/","https:\/\/x.com\/LeRegardLibre","https:\/\/www.linkedin.com\/company\/le-regard-libre","https:\/\/www.instagram.com\/leregardlibre\/","http:\/\/t.me\/leregardlibre","https:\/\/youtube.com\/channel\/UC6HzGPomj1LsUmlz-sJtITQ"],"description":"Le Regard Libre ist eine Schweizer Monatszeitschrift f\u00fcr intellektuelle und kulturelle Debatten. Seine Redaktion ist jung, ehrenamtlich, liberal und pluralistisch. Das Magazin erscheint online und in gedruckter Form. Seine Sprache ist Franz\u00f6sisch.","email":"redaction@leregardlibre.com","legalName":"Le Regard Libre","foundingDate":"2014-01-01","numberOfEmployees":{"@type":"QuantitativeValue","minValue":"11","maxValue":"50"},"publishingPrinciples":"https:\/\/leregardlibre.com\/a-propos\/notre-manifeste\/","ownershipFundingInfo":"https:\/\/leregardlibre.com\/mentions-legales\/","actionableFeedbackPolicy":"https:\/\/leregardlibre.com\/conditions-generales-de-vente\/"},{"@type":"Person","@id":"https:\/\/leregardlibre.com\/#\/schema\/person\/700dda4dc95978812204edee7b38bce8","name":"Arthur Billerey","image":{"@type":"ImageObject","inLanguage":"de","@id":"https:\/\/secure.gravatar.com\/avatar\/6a6e2c877113a791180538347e49c18fa859d29860fce86bff3730f66bc9ee1d?s=96&d=identicon&r=g","url":"https:\/\/secure.gravatar.com\/avatar\/6a6e2c877113a791180538347e49c18fa859d29860fce86bff3730f66bc9ee1d?s=96&d=identicon&r=g","contentUrl":"https:\/\/secure.gravatar.com\/avatar\/6a6e2c877113a791180538347e49c18fa859d29860fce86bff3730f66bc9ee1d?s=96&d=identicon&r=g","caption":"Arthur Billerey"},"sameAs":["https:\/\/leregardlibre.com\/","https:\/\/fr.wikipedia.org\/wiki\/Le_Regard_libre"],"url":"https:\/\/leregardlibre.com\/de\/author\/arthur-billerey\/"}]}},"_links":{"self":[{"href":"https:\/\/leregardlibre.com\/de\/wp-json\/wp\/v2\/posts\/32822","targetHints":{"allow":["GET"]}}],"collection":[{"href":"https:\/\/leregardlibre.com\/de\/wp-json\/wp\/v2\/posts"}],"about":[{"href":"https:\/\/leregardlibre.com\/de\/wp-json\/wp\/v2\/types\/post"}],"author":[{"embeddable":true,"href":"https:\/\/leregardlibre.com\/de\/wp-json\/wp\/v2\/users\/331"}],"replies":[{"embeddable":true,"href":"https:\/\/leregardlibre.com\/de\/wp-json\/wp\/v2\/comments?post=32822"}],"version-history":[{"count":2,"href":"https:\/\/leregardlibre.com\/de\/wp-json\/wp\/v2\/posts\/32822\/revisions"}],"predecessor-version":[{"id":513040,"href":"https:\/\/leregardlibre.com\/de\/wp-json\/wp\/v2\/posts\/32822\/revisions\/513040"}],"wp:featuredmedia":[{"embeddable":true,"href":"https:\/\/leregardlibre.com\/de\/wp-json\/wp\/v2\/media\/32825"}],"wp:attachment":[{"href":"https:\/\/leregardlibre.com\/de\/wp-json\/wp\/v2\/media?parent=32822"}],"wp:term":[{"taxonomy":"category","embeddable":true,"href":"https:\/\/leregardlibre.com\/de\/wp-json\/wp\/v2\/categories?post=32822"},{"taxonomy":"post_tag","embeddable":true,"href":"https:\/\/leregardlibre.com\/de\/wp-json\/wp\/v2\/tags?post=32822"}],"curies":[{"name":"wp","href":"https:\/\/api.w.org\/{rel}","templated":true}]}}