{"id":32958,"date":"2020-04-08T19:15:00","date_gmt":"2020-04-08T17:15:00","guid":{"rendered":"https:\/\/leregardlibre.com\/?p=32958"},"modified":"2025-12-04T22:28:15","modified_gmt":"2025-12-04T21:28:15","slug":"fenster-zum-innenhof-fenster-zur-gesellschaft","status":"publish","type":"post","link":"https:\/\/leregardlibre.com\/de\/cinema\/films\/fenetre-sur-cour-fenetre-sur-la-societe\/","title":{"rendered":"\u00abFenster zum Hof\u00bb, Fenster zur Gesellschaft"},"content":{"rendered":"<p class=\"has-drop-cap\">Jeff Jefferies (James Stewart) ist eingesperrt. Kein Virus in der Luft, aber ein gebrochenes Bein. Der Fotoreporter ist es nicht gewohnt, zu Hause zu bleiben. Hier hat er keine Wahl. Also langweilt er sich. Er verbringt den ganzen Tag damit, aus dem Fenster seiner Wohnung zu schauen, das auf einen Innenhof hinausgeht. Er beobachtet t\u00e4glich, was seine Nachbarn tun. Es gibt angenehme Anblicke, wie den, den ihm die junge, bezaubernde T\u00e4nzerin Miss Torso - ohne sein Wissen - bietet, wenn sie sich sinnlich mit den Beinen in der Luft streckt oder wenn sie sich anzieht, w\u00e4hrend der Rest in der Luft h\u00e4ngt. Lustige Darbietungen, wie die Haushaltsszenen eines alten Paares oder die fr\u00fche Erm\u00fcdung eines jungen Paares. Eine traurige Vorstellung ist die von Miss Lonely Heart, die von einer Liebe tr\u00e4umt, die nicht kommt, aber den Empfang eines imagin\u00e4ren Liebhabers simuliert, der ihr einen Drink serviert, der nie getrunken wird.<\/p>\n\n\n\n<!--more Lire la suite de la r\u00e9trospective-->\n\n\n\n<p>Und dann ist da noch das zentrale Ereignis des Films: ein anderes Paar. Frau Thorwald liegt mit Grippe im Bett. Herr Thorwald l\u00e4uft den ganzen Tag hin und her. Jeff, der nur schwer einschlafen kann, bemerkt, dass Herr Thorwald auch nachts weiter hin und her l\u00e4uft. Seltsam. Er beobachtet die Situation, wie immer unauff\u00e4llig, mit seinem Teleobjektiv als Fotograf. Zus\u00e4tzlich zu den Hin- und Herl\u00e4ufen tr\u00e4gt Herr Thorwald mal einen Koffer, mal eine S\u00e4ge, mal ein Seil, mal ein Messer. Er wirkt \u00e4ngstlich und angespannt. Und Frau Thorwald, obwohl bettl\u00e4gerig, ist verschwunden. Jeff will mehr dar\u00fcber erfahren. Zu viele verd\u00e4chtige Umst\u00e4nde. Was, wenn es sich um einen Ehemord handelt? Jeffs Krankenschwester, die ihn t\u00e4glich besucht, beginnt sich schlie\u00dflich ebenfalls f\u00fcr den Fall zu interessieren. Genauso wie seine Lebensgef\u00e4hrtin Lisa (gespielt von der <em>un\u00fcbertrefflich, un\u00fcbertrefflich, un\u00fcbertrefflich<\/em> Grace Kelly!), die in erster Instanz genervt ist, weil ihr Begleiter ihr keine Aufmerksamkeit schenkt, und nun ebenfalls ihren Blick auf den Hof richtet. Verdammt noch mal! Die drei angehenden Detektive sind \u00fcberzeugt: Es muss sich um einen Mord handeln!<\/p>\n\n\n\n<figure class=\"wp-block-image size-large is-resized\"><a href=\"http:\/\/leregardlibre.com\/wp-content\/uploads\/2020\/04\/Fene\u0302tre-sur-cour-3-Archives-du-Spetie\u0300me-Art.jpeg\"><img fetchpriority=\"high\" decoding=\"async\" src=\"http:\/\/leregardlibre.com\/wp-content\/uploads\/2020\/04\/Fene\u0302tre-sur-cour-3-Archives-du-Spetie\u0300me-Art.jpeg\" alt=\"\" class=\"wp-image-32965\" width=\"780\" height=\"470\" srcset=\"https:\/\/leregardlibre.com\/wp-content\/uploads\/2020\/04\/Fene\u0302tre-sur-cour-3-Archives-du-Spetie\u0300me-Art.jpeg 2000w, https:\/\/leregardlibre.com\/wp-content\/uploads\/2020\/04\/Fene\u0302tre-sur-cour-3-Archives-du-Spetie\u0300me-Art-1920x1159.jpeg 1920w, https:\/\/leregardlibre.com\/wp-content\/uploads\/2020\/04\/Fene\u0302tre-sur-cour-3-Archives-du-Spetie\u0300me-Art-1170x706.jpeg 1170w, https:\/\/leregardlibre.com\/wp-content\/uploads\/2020\/04\/Fene\u0302tre-sur-cour-3-Archives-du-Spetie\u0300me-Art-585x353.jpeg 585w, https:\/\/leregardlibre.com\/wp-content\/uploads\/2020\/04\/Fene\u0302tre-sur-cour-3-Archives-du-Spetie\u0300me-Art-150x91.jpeg 150w, https:\/\/leregardlibre.com\/wp-content\/uploads\/2020\/04\/Fene\u0302tre-sur-cour-3-Archives-du-Spetie\u0300me-Art-300x181.jpeg 300w, https:\/\/leregardlibre.com\/wp-content\/uploads\/2020\/04\/Fene\u0302tre-sur-cour-3-Archives-du-Spetie\u0300me-Art-768x463.jpeg 768w, https:\/\/leregardlibre.com\/wp-content\/uploads\/2020\/04\/Fene\u0302tre-sur-cour-3-Archives-du-Spetie\u0300me-Art-1024x618.jpeg 1024w, https:\/\/leregardlibre.com\/wp-content\/uploads\/2020\/04\/Fene\u0302tre-sur-cour-3-Archives-du-Spetie\u0300me-Art-1536x927.jpeg 1536w, https:\/\/leregardlibre.com\/wp-content\/uploads\/2020\/04\/Fene\u0302tre-sur-cour-3-Archives-du-Spetie\u0300me-Art-600x362.jpeg 600w\" sizes=\"(max-width: 780px) 100vw, 780px\" \/><\/a><figcaption class=\"wp-element-caption\">\u00a9 Archiv der Filmkunst<\/figcaption><\/figure>\n\n\n\n<h3 class=\"wp-block-heading\">Im Bild und au\u00dferhalb des Bildes<\/h3>\n\n\n\n<p><em>Fenster zum Hof<\/em> ist vielleicht nicht Hitchcocks bester Film, aber zweifellos sein gr\u00f6\u00dfter Geniestreich. Zumindest aus technischer Sicht. Jeff befindet sich hinter verschlossenen T\u00fcren. Er kann beobachten, mitf\u00fchlen, sich an dem Anblick erg\u00f6tzen, sich Sorgen machen, hat aber keine M\u00f6glichkeit, einzugreifen. Genau wie der Zuschauer. Der von seinem Sessel aus das Geschehen auf der Leinwand beobachtet, aber keinerlei M\u00f6glichkeit hat, in den Film einzugreifen. Der Blick des Zuschauers ist \u00fcbrigens der von Jeff. Von seinem Fenster aus sieht er alles, ohne alles zu sehen. In seinem Blickfeld ist nur das sichtbar, was sich am Fenster seiner Nachbarn abspielt. Dennoch hat er einen guten \u00dcberblick, denn es ist Sommer, es ist sehr hei\u00df, die Fenster stehen offen und die Menschen leben quasi an ihren Fenstern.<\/p>\n\n\n\n<p>Diese Gesamtansicht entspricht der Perspektive des Zuschauers, der alles sieht, was gefilmt wird, in <em>Feld<\/em>, das hei\u00dft innerhalb der von der Kamera gefilmten Einstellungen. Da die W\u00e4nde der Wohnungen nicht nur aus Fenstern bestehen, gibt es Zwischenr\u00e4ume zwischen den einzelnen R\u00e4umen, die Jeff und der Zuschauer nicht sehen. Das ist der <em>au\u00dferhalb des Bildausschnitts<\/em>. Was \u00fcbrigens die gesamte Handlung des Films erst m\u00f6glich macht. Jeff hat, ohne selbst gesehen zu werden, genug gesehen \u2013 sogar mehr als genug \u2013, aber er hat nicht alles gesehen. Er hat weder den mutma\u00dflichen Mord noch das Blut noch die Leiche gesehen, aber er hat alles andere gesehen. Genau wie der Zuschauer, dessen Gedanken, Vermutungen und Sorgen parallel zu denen der Hauptfigur verlaufen.<\/p>\n\n\n\n<figure class=\"wp-block-image size-large\"><a href=\"https:\/\/leregardlibre.com\/wp-content\/uploads\/2020\/04\/Fene\u0302tre-sur-cour-1-Archives-du-Spetie\u0300me-Art.jpg\"><img decoding=\"async\" width=\"1280\" height=\"720\" src=\"http:\/\/leregardlibre.com\/wp-content\/uploads\/2020\/04\/Fene\u0302tre-sur-cour-1-Archives-du-Spetie\u0300me-Art.jpg\" alt=\"\" class=\"wp-image-32966\" srcset=\"https:\/\/leregardlibre.com\/wp-content\/uploads\/2020\/04\/Fene\u0302tre-sur-cour-1-Archives-du-Spetie\u0300me-Art.jpg 1280w, https:\/\/leregardlibre.com\/wp-content\/uploads\/2020\/04\/Fene\u0302tre-sur-cour-1-Archives-du-Spetie\u0300me-Art-1170x658.jpg 1170w, https:\/\/leregardlibre.com\/wp-content\/uploads\/2020\/04\/Fene\u0302tre-sur-cour-1-Archives-du-Spetie\u0300me-Art-585x329.jpg 585w, https:\/\/leregardlibre.com\/wp-content\/uploads\/2020\/04\/Fene\u0302tre-sur-cour-1-Archives-du-Spetie\u0300me-Art-150x84.jpg 150w, https:\/\/leregardlibre.com\/wp-content\/uploads\/2020\/04\/Fene\u0302tre-sur-cour-1-Archives-du-Spetie\u0300me-Art-300x169.jpg 300w, https:\/\/leregardlibre.com\/wp-content\/uploads\/2020\/04\/Fene\u0302tre-sur-cour-1-Archives-du-Spetie\u0300me-Art-768x432.jpg 768w, https:\/\/leregardlibre.com\/wp-content\/uploads\/2020\/04\/Fene\u0302tre-sur-cour-1-Archives-du-Spetie\u0300me-Art-1024x576.jpg 1024w, https:\/\/leregardlibre.com\/wp-content\/uploads\/2020\/04\/Fene\u0302tre-sur-cour-1-Archives-du-Spetie\u0300me-Art-600x338.jpg 600w\" sizes=\"(max-width: 1280px) 100vw, 1280px\" \/><\/a><figcaption class=\"wp-element-caption\">\u00a9 Archiv der Filmkunst<\/figcaption><\/figure>\n\n\n\n<h3 class=\"wp-block-heading\"><em>Geteilter Bildschirm<\/em><\/h3>\n\n\n\n<p>Der Bau des <em>Feld<\/em>, was man sieht, spielt sich \u00fcber den gr\u00f6\u00dften Teil des Films hinweg in <em>Split-Screen<\/em>. Die einzigen Momente, in denen diese Inszenierung nicht zum Tragen kommt, sind die Einstellungen im Inneren von Jeffs Wohnung. Die Momente, in denen er versucht, ganz bei sich selbst zu sein oder die Zweisamkeit mit seiner Partnerin zu genie\u00dfen. Doch Jeff ist von der Au\u00dfenwelt besessen, zumal es vielleicht \u2013 ja, mit Sicherheit \u2013 um einen Mord geht. Und drau\u00dfen gibt es nat\u00fcrlich immer Interessanteres zu beobachten: sei es die T\u00e4nzerin, den Pianisten, die Paare, eine sehr originelle Skulptur oder einen kleinen Hund, der ein tragisches Ende nehmen wird.<\/p>\n\n\n\n<p>W\u00e4hrend zu Beginn der Zuschauer Jeffs Blick folgt, ist es im Laufe des Films Jeff selbst, der den Blick eines Zuschauers annimmt, der dazu verdammt ist, sich f\u00fcr die Dauer einer Kinovorstellung selbst zu vergessen, um nur das zu sehen, was die Einstellungen ihm zeigen wollen. Die Einstellungen werden vom Regisseur, also Hitchcock, festgelegt, der f\u00fcr einen kurzen Moment in einer Wohnung in einer Cameo-Rolle auftaucht und dabei die Zeiger einer Uhr einstellt. Er ist der Herr \u00fcber die Zeit. Er nimmt uns f\u00fcr die Dauer eines Films, dessen L\u00e4nge er selbst bestimmt hat, in seine Obhut.<\/p>\n\n\n\n<figure class=\"wp-block-embed is-type-video is-provider-youtube wp-block-embed-youtube wp-embed-aspect-4-3 wp-has-aspect-ratio\"><div class=\"wp-block-embed__wrapper\">\n<iframe title=\"Fenster zum Hof (A. Hitchcock, 1954) \u2013 Trailer\" width=\"1000\" height=\"750\" src=\"https:\/\/www.youtube.com\/embed\/GRtW95YmXmg?feature=oembed\" frameborder=\"0\" allow=\"accelerometer; autoplay; clipboard-write; encrypted-media; gyroscope; picture-in-picture; web-share\" referrerpolicy=\"strict-origin-when-cross-origin\" allowfullscreen><\/iframe>\n<\/div><\/figure>\n\n\n\n<h3 class=\"wp-block-heading\">Die H\u00f6lle, das Paradies und die anderen<\/h3>\n\n\n\n<p>Die <em>Split-Screen <\/em>bedeutet auch, dass die Trennw\u00e4nde zwischen den Fenstern die R\u00e4ume, die Wohnungen und die Menschen, die darin leben, voneinander trennen. In dem Gesamtbild, das den Bildschirm ausmacht \u2013 also dem Blick aus Jeffs Fenster \u2013, zeigt sich eine Vielzahl von Szenen aus dem Alltag verschiedener Menschen. Der Bildschirm als Ganzes steht f\u00fcr die Gesellschaft; die Fenster sind Portr\u00e4ts. <em>Fenster zum Hof<\/em> wird in dieser Hinsicht zu einem durch und durch sozialen Werk. Es zeigt Portr\u00e4ts des modernen Lebens in den 1950er Jahren. Ohne etwas anzuprangern oder zu loben, vertiefen diese Portr\u00e4ts die philosophische Dimension des Films, indem sie Jeff und den Zuschauer zum Thema Ehe und deren Folgen, ganz einfach zum Leben als Paar, zur Einsamkeit, zum Individualismus, zum k\u00fcnstlerischen Schaffen in dieser Einsamkeit oder ganz allgemein zum Verh\u00e4ltnis jedes Einzelnen zur Andersartigkeit hinterfragen.<\/p>\n\n\n\n<p>\u00abDie H\u00f6lle, das sind die anderen\u00bb, hei\u00dft es bei Sartre in <em>Huis Clos<\/em> Genau. Ob H\u00f6lle oder nicht, diese anderen sind eine Notwendigkeit. Jeff verk\u00f6rpert dies in seiner Abh\u00e4ngigkeit von der Krankenschwester, die jeden Tag kommt, um sich um ihn zu k\u00fcmmern. In seiner Zuneigung zu Lisa, der er sich nicht festbinden kann, um ihr einen Heiratsantrag zu machen, von der er sich aber nicht trennen kann. In seiner Besessenheit, aus dem Fenster zu schauen. Obwohl er den mutma\u00dflichen Mord ignorieren k\u00f6nnte, f\u00fchlt er sich verpflichtet, Nachforschungen anzustellen. Das ist einerseits Voyeurismus, andererseits Verantwortung gegen\u00fcber dem N\u00e4chsten. Die H\u00f6lle, das sind die anderen. Das Paradies, das sind ebenfalls die anderen. Denn ob gl\u00fccklich oder ungl\u00fccklich \u2013 wir kommen nicht darum herum, die anderen zu beobachten. Was sich \u00e4ndert, ist die Boshaftigkeit oder das Wohlwollen im Blick. Jeff schwankt zwischen beiden hin und her. Genau wie der Zuschauer. Wir sind Wesen, die <em>Split-Screen<\/em>. Wir k\u00f6nnen einfach nicht anders.<\/p>\n\n\n\n<h6 class=\"wp-block-heading\">Sie haben soeben einen Artikel aus unserer Sonderaktion gelesen <a href=\"https:\/\/leregardlibre.com\/de\/kino\/tout-savoir-sur-hitchcock-avec-les-coronaretrospectives-du-cinema\/\">\u00abAlles \u00fcber Hitchcock\u00bb<\/a>.<\/h6>\n\n\n\n<figure class=\"wp-block-image size-large\"><a href=\"http:\/\/leregardlibre.com\/wp-content\/uploads\/2020\/04\/Fene\u0302tre-sur-cour-4-Archives-du-Spetie\u0300me-Art-scaled.jpg\"><img decoding=\"async\" width=\"1869\" height=\"2560\" src=\"http:\/\/leregardlibre.com\/wp-content\/uploads\/2020\/04\/Fene\u0302tre-sur-cour-4-Archives-du-Spetie\u0300me-Art-scaled.jpg\" alt=\"\" class=\"wp-image-32969\" srcset=\"https:\/\/leregardlibre.com\/wp-content\/uploads\/2020\/04\/Fene\u0302tre-sur-cour-4-Archives-du-Spetie\u0300me-Art-scaled.jpg 1869w, https:\/\/leregardlibre.com\/wp-content\/uploads\/2020\/04\/Fene\u0302tre-sur-cour-4-Archives-du-Spetie\u0300me-Art-scaled-1170x1603.jpg 1170w, https:\/\/leregardlibre.com\/wp-content\/uploads\/2020\/04\/Fene\u0302tre-sur-cour-4-Archives-du-Spetie\u0300me-Art-scaled-585x801.jpg 585w, https:\/\/leregardlibre.com\/wp-content\/uploads\/2020\/04\/Fene\u0302tre-sur-cour-4-Archives-du-Spetie\u0300me-Art-110x150.jpg 110w, https:\/\/leregardlibre.com\/wp-content\/uploads\/2020\/04\/Fene\u0302tre-sur-cour-4-Archives-du-Spetie\u0300me-Art-219x300.jpg 219w, https:\/\/leregardlibre.com\/wp-content\/uploads\/2020\/04\/Fene\u0302tre-sur-cour-4-Archives-du-Spetie\u0300me-Art-768x1052.jpg 768w, https:\/\/leregardlibre.com\/wp-content\/uploads\/2020\/04\/Fene\u0302tre-sur-cour-4-Archives-du-Spetie\u0300me-Art-748x1024.jpg 748w, https:\/\/leregardlibre.com\/wp-content\/uploads\/2020\/04\/Fene\u0302tre-sur-cour-4-Archives-du-Spetie\u0300me-Art-1121x1536.jpg 1121w, https:\/\/leregardlibre.com\/wp-content\/uploads\/2020\/04\/Fene\u0302tre-sur-cour-4-Archives-du-Spetie\u0300me-Art-1495x2048.jpg 1495w, https:\/\/leregardlibre.com\/wp-content\/uploads\/2020\/04\/Fene\u0302tre-sur-cour-4-Archives-du-Spetie\u0300me-Art-scaled-300x411.jpg 300w, https:\/\/leregardlibre.com\/wp-content\/uploads\/2020\/04\/Fene\u0302tre-sur-cour-4-Archives-du-Spetie\u0300me-Art-scaled-600x822.jpg 600w\" sizes=\"(max-width: 1869px) 100vw, 1869px\" \/><\/a><figcaption class=\"wp-element-caption\">\u00a9 Archiv der Filmkunst<\/figcaption><\/figure>","protected":false},"excerpt":{"rendered":"<p>\u00abFenster zum Hof\u00bb ist vielleicht nicht Hitchcocks bester Film, aber aus technischer Sicht ist er sein gr\u00f6\u00dfter Geniestreich.<\/p>","protected":false},"author":18,"featured_media":32963,"comment_status":"open","ping_status":"open","sticky":false,"template":"","format":"standard","meta":{"_acf_changed":false,"footnotes":""},"categories":[644355829],"tags":[644339175,102359,644341146,713332,644347067,644346802,644347051,644347056,158670,644347064,644347054,644340339,362396,644338954,644358363],"class_list":["post-32958","post","type-post","status-publish","format-standard","has-post-thumbnail","hentry","category-films","tag-alfred-hitchcock","tag-couple","tag-critiques-cinema","tag-enfer","tag-fenetre","tag-fenetre-sur-cour","tag-grace-kelly","tag-hors-champ","tag-huis-clos","tag-lisa","tag-miss-torso","tag-obsession","tag-paradis","tag-rear-window","tag-tout-savoir-sur-hitchcock"],"acf":[],"yoast_head":"<!-- This site is optimized with the Yoast SEO Premium plugin v28.4 (Yoast SEO v28.4) - https:\/\/yoast.com\/product\/yoast-seo-premium-wordpress\/ -->\n<title>\u00abFen\u00eatre sur cour\u00bb, fen\u00eatre sur la soci\u00e9t\u00e9<\/title>\n<meta name=\"description\" content=\"\u00abFen\u00eatre sur cour\u00bb n\u2019est peut-\u00eatre pas le meilleur film d\u2019Hitchcock, mais c\u2019est son plus grand coup de g\u00e9nie du point de vue technique.\" \/>\n<meta name=\"robots\" content=\"index, follow, max-snippet:-1, max-image-preview:large, max-video-preview:-1\" \/>\n<link rel=\"canonical\" href=\"https:\/\/leregardlibre.com\/de\/kino\/filme\/fenster-zum-innenhof-fenster-zur-gesellschaft\/\" \/>\n<meta property=\"og:locale\" content=\"de_DE\" \/>\n<meta property=\"og:type\" content=\"article\" \/>\n<meta property=\"og:title\" content=\"\u00abFen\u00eatre sur cour\u00bb, fen\u00eatre sur la soci\u00e9t\u00e9\" \/>\n<meta property=\"og:description\" content=\"\u00abFen\u00eatre sur cour\u00bb n\u2019est peut-\u00eatre pas le meilleur film d\u2019Hitchcock, mais c\u2019est son plus grand coup de g\u00e9nie du point de vue technique.\" \/>\n<meta property=\"og:url\" content=\"https:\/\/leregardlibre.com\/de\/kino\/filme\/fenster-zum-innenhof-fenster-zur-gesellschaft\/\" \/>\n<meta property=\"og:site_name\" content=\"Le Regard Libre\" \/>\n<meta property=\"article:publisher\" content=\"https:\/\/www.facebook.com\/leregardlibre\/\" \/>\n<meta property=\"article:published_time\" content=\"2020-04-08T17:15:00+00:00\" \/>\n<meta property=\"article:modified_time\" content=\"2025-12-04T21:28:15+00:00\" \/>\n<meta property=\"og:image\" content=\"https:\/\/leregardlibre.com\/wp-content\/uploads\/2020\/04\/Fene\u0302tre-sur-cour-2-Archives-du-Spetie\u0300me-Art.jpg\" \/>\n\t<meta property=\"og:image:width\" content=\"1232\" \/>\n\t<meta property=\"og:image:height\" content=\"720\" \/>\n\t<meta property=\"og:image:type\" content=\"image\/jpeg\" \/>\n<meta name=\"author\" content=\"Loris S. Musumeci\" \/>\n<meta name=\"twitter:card\" content=\"summary_large_image\" \/>\n<meta name=\"twitter:creator\" content=\"@LeRegardLibre\" \/>\n<meta name=\"twitter:site\" content=\"@LeRegardLibre\" \/>\n<meta name=\"twitter:label1\" content=\"Verfasst von\" \/>\n\t<meta name=\"twitter:data1\" content=\"Loris S. Musumeci\" \/>\n\t<meta name=\"twitter:label2\" content=\"Gesch\u00e4tzte Lesezeit\" \/>\n\t<meta name=\"twitter:data2\" content=\"7\u00a0Minuten\" \/>\n<script type=\"application\/ld+json\" class=\"yoast-schema-graph\">{\"@context\":\"https:\\\/\\\/schema.org\",\"@graph\":[{\"@type\":\"Article\",\"@id\":\"https:\\\/\\\/leregardlibre.com\\\/cinema\\\/films\\\/fenetre-sur-cour-fenetre-sur-la-societe\\\/#article\",\"isPartOf\":{\"@id\":\"https:\\\/\\\/leregardlibre.com\\\/cinema\\\/films\\\/fenetre-sur-cour-fenetre-sur-la-societe\\\/\"},\"author\":{\"name\":\"Loris S. Musumeci\",\"@id\":\"https:\\\/\\\/leregardlibre.com\\\/#\\\/schema\\\/person\\\/04d80ec47094bca6b1fa22dffad24005\"},\"headline\":\"\u00abFen\u00eatre sur cour\u00bb, fen\u00eatre sur la soci\u00e9t\u00e9\",\"datePublished\":\"2020-04-08T17:15:00+00:00\",\"dateModified\":\"2025-12-04T21:28:15+00:00\",\"mainEntityOfPage\":{\"@id\":\"https:\\\/\\\/leregardlibre.com\\\/cinema\\\/films\\\/fenetre-sur-cour-fenetre-sur-la-societe\\\/\"},\"wordCount\":1266,\"commentCount\":0,\"publisher\":{\"@id\":\"https:\\\/\\\/leregardlibre.com\\\/#organization\"},\"image\":{\"@id\":\"https:\\\/\\\/leregardlibre.com\\\/cinema\\\/films\\\/fenetre-sur-cour-fenetre-sur-la-societe\\\/#primaryimage\"},\"thumbnailUrl\":\"https:\\\/\\\/leregardlibre.com\\\/wp-content\\\/uploads\\\/2020\\\/04\\\/Fene\u0302tre-sur-cour-2-Archives-du-Spetie\u0300me-Art.jpg\",\"keywords\":[\"Alfred Hitchcock\",\"Couple\",\"Critique cin\u00e9ma\",\"Enfer\",\"fen\u00eatre\",\"fen\u00eatre sur cour\",\"grace kelly\",\"hors-champ\",\"Huis Clos\",\"lisa\",\"miss torso\",\"obsession\",\"Paradis\",\"rear window\",\"Tout savoir sur Hitchcock\"],\"articleSection\":[\"Films\"],\"inLanguage\":\"de\",\"potentialAction\":[{\"@type\":\"CommentAction\",\"name\":\"Comment\",\"target\":[\"https:\\\/\\\/leregardlibre.com\\\/cinema\\\/films\\\/fenetre-sur-cour-fenetre-sur-la-societe\\\/#respond\"]}]},{\"@type\":\"WebPage\",\"@id\":\"https:\\\/\\\/leregardlibre.com\\\/cinema\\\/films\\\/fenetre-sur-cour-fenetre-sur-la-societe\\\/\",\"url\":\"https:\\\/\\\/leregardlibre.com\\\/cinema\\\/films\\\/fenetre-sur-cour-fenetre-sur-la-societe\\\/\",\"name\":\"\u00abFen\u00eatre sur cour\u00bb, fen\u00eatre sur la soci\u00e9t\u00e9\",\"isPartOf\":{\"@id\":\"https:\\\/\\\/leregardlibre.com\\\/#website\"},\"primaryImageOfPage\":{\"@id\":\"https:\\\/\\\/leregardlibre.com\\\/cinema\\\/films\\\/fenetre-sur-cour-fenetre-sur-la-societe\\\/#primaryimage\"},\"image\":{\"@id\":\"https:\\\/\\\/leregardlibre.com\\\/cinema\\\/films\\\/fenetre-sur-cour-fenetre-sur-la-societe\\\/#primaryimage\"},\"thumbnailUrl\":\"https:\\\/\\\/leregardlibre.com\\\/wp-content\\\/uploads\\\/2020\\\/04\\\/Fene\u0302tre-sur-cour-2-Archives-du-Spetie\u0300me-Art.jpg\",\"datePublished\":\"2020-04-08T17:15:00+00:00\",\"dateModified\":\"2025-12-04T21:28:15+00:00\",\"description\":\"\u00abFen\u00eatre sur cour\u00bb n\u2019est peut-\u00eatre pas le meilleur film d\u2019Hitchcock, mais c\u2019est son plus grand coup de g\u00e9nie du point de vue technique.\",\"breadcrumb\":{\"@id\":\"https:\\\/\\\/leregardlibre.com\\\/cinema\\\/films\\\/fenetre-sur-cour-fenetre-sur-la-societe\\\/#breadcrumb\"},\"inLanguage\":\"de\",\"potentialAction\":[{\"@type\":\"ReadAction\",\"target\":[\"https:\\\/\\\/leregardlibre.com\\\/cinema\\\/films\\\/fenetre-sur-cour-fenetre-sur-la-societe\\\/\"]}]},{\"@type\":\"ImageObject\",\"inLanguage\":\"de\",\"@id\":\"https:\\\/\\\/leregardlibre.com\\\/cinema\\\/films\\\/fenetre-sur-cour-fenetre-sur-la-societe\\\/#primaryimage\",\"url\":\"https:\\\/\\\/leregardlibre.com\\\/wp-content\\\/uploads\\\/2020\\\/04\\\/Fene\u0302tre-sur-cour-2-Archives-du-Spetie\u0300me-Art.jpg\",\"contentUrl\":\"https:\\\/\\\/leregardlibre.com\\\/wp-content\\\/uploads\\\/2020\\\/04\\\/Fene\u0302tre-sur-cour-2-Archives-du-Spetie\u0300me-Art.jpg\",\"width\":1232,\"height\":720,\"caption\":\"\u00a9 Archives du Septi\u00e8me Art\"},{\"@type\":\"BreadcrumbList\",\"@id\":\"https:\\\/\\\/leregardlibre.com\\\/cinema\\\/films\\\/fenetre-sur-cour-fenetre-sur-la-societe\\\/#breadcrumb\",\"itemListElement\":[{\"@type\":\"ListItem\",\"position\":1,\"name\":\"Accueil\",\"item\":\"https:\\\/\\\/leregardlibre.com\\\/\"},{\"@type\":\"ListItem\",\"position\":2,\"name\":\"\u00abFen\u00eatre sur cour\u00bb, fen\u00eatre sur la soci\u00e9t\u00e9\"}]},{\"@type\":\"WebSite\",\"@id\":\"https:\\\/\\\/leregardlibre.com\\\/#website\",\"url\":\"https:\\\/\\\/leregardlibre.com\\\/\",\"name\":\"Le Regard Libre\",\"description\":\"Premier mensuel suisse de d\u00e9bat\",\"publisher\":{\"@id\":\"https:\\\/\\\/leregardlibre.com\\\/#organization\"},\"potentialAction\":[{\"@type\":\"SearchAction\",\"target\":{\"@type\":\"EntryPoint\",\"urlTemplate\":\"https:\\\/\\\/leregardlibre.com\\\/?s={search_term_string}\"},\"query-input\":{\"@type\":\"PropertyValueSpecification\",\"valueRequired\":true,\"valueName\":\"search_term_string\"}}],\"inLanguage\":\"de\"},{\"@type\":\"Organization\",\"@id\":\"https:\\\/\\\/leregardlibre.com\\\/#organization\",\"name\":\"Le Regard Libre\",\"url\":\"https:\\\/\\\/leregardlibre.com\\\/\",\"logo\":{\"@type\":\"ImageObject\",\"inLanguage\":\"de\",\"@id\":\"https:\\\/\\\/leregardlibre.com\\\/#\\\/schema\\\/logo\\\/image\\\/\",\"url\":\"https:\\\/\\\/leregardlibre.com\\\/wp-content\\\/uploads\\\/2025\\\/08\\\/logo-rl-icone-neg.jpeg\",\"contentUrl\":\"https:\\\/\\\/leregardlibre.com\\\/wp-content\\\/uploads\\\/2025\\\/08\\\/logo-rl-icone-neg.jpeg\",\"width\":557,\"height\":556,\"caption\":\"Le Regard Libre\"},\"image\":{\"@id\":\"https:\\\/\\\/leregardlibre.com\\\/#\\\/schema\\\/logo\\\/image\\\/\"},\"sameAs\":[\"https:\\\/\\\/www.facebook.com\\\/leregardlibre\\\/\",\"https:\\\/\\\/x.com\\\/LeRegardLibre\",\"https:\\\/\\\/www.linkedin.com\\\/company\\\/le-regard-libre\",\"https:\\\/\\\/www.instagram.com\\\/leregardlibre\\\/\",\"http:\\\/\\\/t.me\\\/leregardlibre\",\"https:\\\/\\\/youtube.com\\\/channel\\\/UC6HzGPomj1LsUmlz-sJtITQ\"],\"description\":\"Le Regard Libre est un mensuel suisse de d\u00e9bat intellectuel et culturel. Sa r\u00e9daction est jeune, b\u00e9n\u00e9vole, lib\u00e9rale et pluraliste. Le magazine para\u00eet en ligne et sous forme papier. Sa langue est le fran\u00e7ais.\",\"email\":\"redaction@leregardlibre.com\",\"legalName\":\"Le Regard Libre\",\"foundingDate\":\"2014-01-01\",\"numberOfEmployees\":{\"@type\":\"QuantitativeValue\",\"minValue\":\"11\",\"maxValue\":\"50\"},\"publishingPrinciples\":\"https:\\\/\\\/leregardlibre.com\\\/a-propos\\\/notre-manifeste\\\/\",\"ownershipFundingInfo\":\"https:\\\/\\\/leregardlibre.com\\\/mentions-legales\\\/\",\"actionableFeedbackPolicy\":\"https:\\\/\\\/leregardlibre.com\\\/conditions-generales-de-vente\\\/\"},{\"@type\":\"Person\",\"@id\":\"https:\\\/\\\/leregardlibre.com\\\/#\\\/schema\\\/person\\\/04d80ec47094bca6b1fa22dffad24005\",\"name\":\"Loris S. Musumeci\",\"image\":{\"@type\":\"ImageObject\",\"inLanguage\":\"de\",\"@id\":\"https:\\\/\\\/secure.gravatar.com\\\/avatar\\\/fa476654dadfee0d962e80160d0303549febb2769f8fa26c7a1ebe037f7c7c54?s=96&d=identicon&r=g\",\"url\":\"https:\\\/\\\/secure.gravatar.com\\\/avatar\\\/fa476654dadfee0d962e80160d0303549febb2769f8fa26c7a1ebe037f7c7c54?s=96&d=identicon&r=g\",\"contentUrl\":\"https:\\\/\\\/secure.gravatar.com\\\/avatar\\\/fa476654dadfee0d962e80160d0303549febb2769f8fa26c7a1ebe037f7c7c54?s=96&d=identicon&r=g\",\"caption\":\"Loris S. Musumeci\"},\"sameAs\":[\"https:\\\/\\\/leregardlibre.com\\\/\",\"https:\\\/\\\/fr.wikipedia.org\\\/wiki\\\/Le_Regard_libre\"],\"url\":\"https:\\\/\\\/leregardlibre.com\\\/de\\\/author\\\/loris-musumeci\\\/\"}]}<\/script>\n<!-- \/ Yoast SEO Premium plugin. -->","yoast_head_json":{"title":"\u00abFenster zum Hof\u00bb, Fenster zur Gesellschaft","description":"\u00abFenster zum Hof\u00bb ist vielleicht nicht Hitchcocks bester Film, aber aus technischer Sicht ist er sein gr\u00f6\u00dfter Geniestreich.","robots":{"index":"index","follow":"follow","max-snippet":"max-snippet:-1","max-image-preview":"max-image-preview:large","max-video-preview":"max-video-preview:-1"},"canonical":"https:\/\/leregardlibre.com\/de\/kino\/filme\/fenster-zum-innenhof-fenster-zur-gesellschaft\/","og_locale":"de_DE","og_type":"article","og_title":"\u00abFen\u00eatre sur cour\u00bb, fen\u00eatre sur la soci\u00e9t\u00e9","og_description":"\u00abFen\u00eatre sur cour\u00bb n\u2019est peut-\u00eatre pas le meilleur film d\u2019Hitchcock, mais c\u2019est son plus grand coup de g\u00e9nie du point de vue technique.","og_url":"https:\/\/leregardlibre.com\/de\/kino\/filme\/fenster-zum-innenhof-fenster-zur-gesellschaft\/","og_site_name":"Le Regard Libre","article_publisher":"https:\/\/www.facebook.com\/leregardlibre\/","article_published_time":"2020-04-08T17:15:00+00:00","article_modified_time":"2025-12-04T21:28:15+00:00","og_image":[{"width":1232,"height":720,"url":"https:\/\/leregardlibre.com\/wp-content\/uploads\/2020\/04\/Fene\u0302tre-sur-cour-2-Archives-du-Spetie\u0300me-Art.jpg","type":"image\/jpeg"}],"author":"Loris S. Musumeci","twitter_card":"summary_large_image","twitter_creator":"@LeRegardLibre","twitter_site":"@LeRegardLibre","twitter_misc":{"Verfasst von":"Loris S. Musumeci","Gesch\u00e4tzte Lesezeit":"7\u00a0Minuten"},"schema":{"@context":"https:\/\/schema.org","@graph":[{"@type":"Article","@id":"https:\/\/leregardlibre.com\/cinema\/films\/fenetre-sur-cour-fenetre-sur-la-societe\/#article","isPartOf":{"@id":"https:\/\/leregardlibre.com\/cinema\/films\/fenetre-sur-cour-fenetre-sur-la-societe\/"},"author":{"name":"Loris S. Musumeci","@id":"https:\/\/leregardlibre.com\/#\/schema\/person\/04d80ec47094bca6b1fa22dffad24005"},"headline":"\u00abFen\u00eatre sur cour\u00bb, fen\u00eatre sur la soci\u00e9t\u00e9","datePublished":"2020-04-08T17:15:00+00:00","dateModified":"2025-12-04T21:28:15+00:00","mainEntityOfPage":{"@id":"https:\/\/leregardlibre.com\/cinema\/films\/fenetre-sur-cour-fenetre-sur-la-societe\/"},"wordCount":1266,"commentCount":0,"publisher":{"@id":"https:\/\/leregardlibre.com\/#organization"},"image":{"@id":"https:\/\/leregardlibre.com\/cinema\/films\/fenetre-sur-cour-fenetre-sur-la-societe\/#primaryimage"},"thumbnailUrl":"https:\/\/leregardlibre.com\/wp-content\/uploads\/2020\/04\/Fene\u0302tre-sur-cour-2-Archives-du-Spetie\u0300me-Art.jpg","keywords":["Alfred Hitchcock","Couple","Critique cin\u00e9ma","Enfer","fen\u00eatre","fen\u00eatre sur cour","grace kelly","hors-champ","Huis Clos","lisa","miss torso","obsession","Paradis","rear window","Tout savoir sur Hitchcock"],"articleSection":["Films"],"inLanguage":"de","potentialAction":[{"@type":"CommentAction","name":"Comment","target":["https:\/\/leregardlibre.com\/cinema\/films\/fenetre-sur-cour-fenetre-sur-la-societe\/#respond"]}]},{"@type":"WebPage","@id":"https:\/\/leregardlibre.com\/cinema\/films\/fenetre-sur-cour-fenetre-sur-la-societe\/","url":"https:\/\/leregardlibre.com\/cinema\/films\/fenetre-sur-cour-fenetre-sur-la-societe\/","name":"\u00abFenster zum Hof\u00bb, Fenster zur Gesellschaft","isPartOf":{"@id":"https:\/\/leregardlibre.com\/#website"},"primaryImageOfPage":{"@id":"https:\/\/leregardlibre.com\/cinema\/films\/fenetre-sur-cour-fenetre-sur-la-societe\/#primaryimage"},"image":{"@id":"https:\/\/leregardlibre.com\/cinema\/films\/fenetre-sur-cour-fenetre-sur-la-societe\/#primaryimage"},"thumbnailUrl":"https:\/\/leregardlibre.com\/wp-content\/uploads\/2020\/04\/Fene\u0302tre-sur-cour-2-Archives-du-Spetie\u0300me-Art.jpg","datePublished":"2020-04-08T17:15:00+00:00","dateModified":"2025-12-04T21:28:15+00:00","description":"\u00abFenster zum Hof\u00bb ist vielleicht nicht Hitchcocks bester Film, aber aus technischer Sicht ist er sein gr\u00f6\u00dfter Geniestreich.","breadcrumb":{"@id":"https:\/\/leregardlibre.com\/cinema\/films\/fenetre-sur-cour-fenetre-sur-la-societe\/#breadcrumb"},"inLanguage":"de","potentialAction":[{"@type":"ReadAction","target":["https:\/\/leregardlibre.com\/cinema\/films\/fenetre-sur-cour-fenetre-sur-la-societe\/"]}]},{"@type":"ImageObject","inLanguage":"de","@id":"https:\/\/leregardlibre.com\/cinema\/films\/fenetre-sur-cour-fenetre-sur-la-societe\/#primaryimage","url":"https:\/\/leregardlibre.com\/wp-content\/uploads\/2020\/04\/Fene\u0302tre-sur-cour-2-Archives-du-Spetie\u0300me-Art.jpg","contentUrl":"https:\/\/leregardlibre.com\/wp-content\/uploads\/2020\/04\/Fene\u0302tre-sur-cour-2-Archives-du-Spetie\u0300me-Art.jpg","width":1232,"height":720,"caption":"\u00a9 Archives du Septi\u00e8me Art"},{"@type":"BreadcrumbList","@id":"https:\/\/leregardlibre.com\/cinema\/films\/fenetre-sur-cour-fenetre-sur-la-societe\/#breadcrumb","itemListElement":[{"@type":"ListItem","position":1,"name":"Accueil","item":"https:\/\/leregardlibre.com\/"},{"@type":"ListItem","position":2,"name":"\u00abFen\u00eatre sur cour\u00bb, fen\u00eatre sur la soci\u00e9t\u00e9"}]},{"@type":"WebSite","@id":"https:\/\/leregardlibre.com\/#website","url":"https:\/\/leregardlibre.com\/","name":"Le Regard Libre","description":"Erste Schweizer Monatszeitschrift f\u00fcr Debatten","publisher":{"@id":"https:\/\/leregardlibre.com\/#organization"},"potentialAction":[{"@type":"SearchAction","target":{"@type":"EntryPoint","urlTemplate":"https:\/\/leregardlibre.com\/?s={search_term_string}"},"query-input":{"@type":"PropertyValueSpecification","valueRequired":true,"valueName":"search_term_string"}}],"inLanguage":"de"},{"@type":"Organization","@id":"https:\/\/leregardlibre.com\/#organization","name":"Le Regard Libre","url":"https:\/\/leregardlibre.com\/","logo":{"@type":"ImageObject","inLanguage":"de","@id":"https:\/\/leregardlibre.com\/#\/schema\/logo\/image\/","url":"https:\/\/leregardlibre.com\/wp-content\/uploads\/2025\/08\/logo-rl-icone-neg.jpeg","contentUrl":"https:\/\/leregardlibre.com\/wp-content\/uploads\/2025\/08\/logo-rl-icone-neg.jpeg","width":557,"height":556,"caption":"Le Regard Libre"},"image":{"@id":"https:\/\/leregardlibre.com\/#\/schema\/logo\/image\/"},"sameAs":["https:\/\/www.facebook.com\/leregardlibre\/","https:\/\/x.com\/LeRegardLibre","https:\/\/www.linkedin.com\/company\/le-regard-libre","https:\/\/www.instagram.com\/leregardlibre\/","http:\/\/t.me\/leregardlibre","https:\/\/youtube.com\/channel\/UC6HzGPomj1LsUmlz-sJtITQ"],"description":"Le Regard Libre ist eine Schweizer Monatszeitschrift f\u00fcr intellektuelle und kulturelle Debatten. Seine Redaktion ist jung, ehrenamtlich, liberal und pluralistisch. Das Magazin erscheint online und in gedruckter Form. Seine Sprache ist Franz\u00f6sisch.","email":"redaction@leregardlibre.com","legalName":"Le Regard Libre","foundingDate":"2014-01-01","numberOfEmployees":{"@type":"QuantitativeValue","minValue":"11","maxValue":"50"},"publishingPrinciples":"https:\/\/leregardlibre.com\/a-propos\/notre-manifeste\/","ownershipFundingInfo":"https:\/\/leregardlibre.com\/mentions-legales\/","actionableFeedbackPolicy":"https:\/\/leregardlibre.com\/conditions-generales-de-vente\/"},{"@type":"Person","@id":"https:\/\/leregardlibre.com\/#\/schema\/person\/04d80ec47094bca6b1fa22dffad24005","name":"Loris S. Musumeci","image":{"@type":"ImageObject","inLanguage":"de","@id":"https:\/\/secure.gravatar.com\/avatar\/fa476654dadfee0d962e80160d0303549febb2769f8fa26c7a1ebe037f7c7c54?s=96&d=identicon&r=g","url":"https:\/\/secure.gravatar.com\/avatar\/fa476654dadfee0d962e80160d0303549febb2769f8fa26c7a1ebe037f7c7c54?s=96&d=identicon&r=g","contentUrl":"https:\/\/secure.gravatar.com\/avatar\/fa476654dadfee0d962e80160d0303549febb2769f8fa26c7a1ebe037f7c7c54?s=96&d=identicon&r=g","caption":"Loris S. Musumeci"},"sameAs":["https:\/\/leregardlibre.com\/","https:\/\/fr.wikipedia.org\/wiki\/Le_Regard_libre"],"url":"https:\/\/leregardlibre.com\/de\/author\/loris-musumeci\/"}]}},"_links":{"self":[{"href":"https:\/\/leregardlibre.com\/de\/wp-json\/wp\/v2\/posts\/32958","targetHints":{"allow":["GET"]}}],"collection":[{"href":"https:\/\/leregardlibre.com\/de\/wp-json\/wp\/v2\/posts"}],"about":[{"href":"https:\/\/leregardlibre.com\/de\/wp-json\/wp\/v2\/types\/post"}],"author":[{"embeddable":true,"href":"https:\/\/leregardlibre.com\/de\/wp-json\/wp\/v2\/users\/18"}],"replies":[{"embeddable":true,"href":"https:\/\/leregardlibre.com\/de\/wp-json\/wp\/v2\/comments?post=32958"}],"version-history":[{"count":2,"href":"https:\/\/leregardlibre.com\/de\/wp-json\/wp\/v2\/posts\/32958\/revisions"}],"predecessor-version":[{"id":522217,"href":"https:\/\/leregardlibre.com\/de\/wp-json\/wp\/v2\/posts\/32958\/revisions\/522217"}],"wp:featuredmedia":[{"embeddable":true,"href":"https:\/\/leregardlibre.com\/de\/wp-json\/wp\/v2\/media\/32963"}],"wp:attachment":[{"href":"https:\/\/leregardlibre.com\/de\/wp-json\/wp\/v2\/media?parent=32958"}],"wp:term":[{"taxonomy":"category","embeddable":true,"href":"https:\/\/leregardlibre.com\/de\/wp-json\/wp\/v2\/categories?post=32958"},{"taxonomy":"post_tag","embeddable":true,"href":"https:\/\/leregardlibre.com\/de\/wp-json\/wp\/v2\/tags?post=32958"}],"curies":[{"name":"wp","href":"https:\/\/api.w.org\/{rel}","templated":true}]}}