{"id":34517,"date":"2020-06-16T19:00:00","date_gmt":"2020-06-16T17:00:00","guid":{"rendered":"https:\/\/leregardlibre.com\/?p=34517"},"modified":"2022-11-13T14:51:30","modified_gmt":"2022-11-13T13:51:30","slug":"unsere-verabredungen-haben-einen-dinacheve-geschmack","status":"publish","type":"post","link":"https:\/\/leregardlibre.com\/de\/literatur\/unsere-verabredungen-haben-einen-dinacheve-geschmack\/","title":{"rendered":"\u00abUnsere Verabredungen\u00bb haben einen Beigeschmack von Unvollst\u00e4ndigkeit"},"content":{"rendered":"<p><em>B\u00fccher am Dienstag - Lauriane Pipoz<\/em><\/p>\n\n\n\n<p class=\"has-drop-cap\"><strong><em>Unsere Termine<\/em> erz\u00e4hlt eine Reihe von Interviews, die zur falschen Zeit stattgefunden haben. Auf rund 100 Seiten portr\u00e4tiert Eliette Ab\u00e9cassis Vincent und Am\u00e9lie. Zwei Pariser, die ihr Leben getrennt voneinander f\u00fchren und einander vermissen. Weil das eine das andere nicht ausschlie\u00dft und weil die Liebe durch die Abwesenheit verst\u00e4rkt wird.<\/strong><\/p>\n\n\n\n<!--more Lire la critique-->\n\n\n\n<p>Man muss Eliette Ab\u00e9cassis nur zuh\u00f6ren, um zu verstehen, dass sich hinter der Leichtigkeit dieser Philosophin eine echte Reflexion verbirgt. Ihr Buch besitzt die gleiche Qualit\u00e4t. Es ist knapp, leicht zug\u00e4nglich, trotz einiger Redundanzen unterhaltsam und liest sich, als w\u00fcrde man eine Packung Kekse verschlingen. Mit der Versuchung, es in wenigen Stunden zu verschlingen. Und genau das ist der beste Weg, um den Kerngedanken des Buches zu verdeutlichen: Heutzutage versuchen wir, zu schnell zu sein. Eine Gewohnheit, die sich auch auf die Gef\u00fchle auswirkt. Ja, diese Idee ist fast schon ein Gemeinplatz. Dennoch vergessen wir sie oft.<\/p>\n\n\n\n<h3 class=\"wp-block-heading\"><strong>Verpasste Verabredungen<\/strong><\/h3>\n\n\n\n<p>Vincent und Am\u00e9lie lernen sich kennen, m\u00f6gen sich, verabreden sich - und verpassen sich. In den weniger vernetzten Achtzigerjahren kann eine einfache Versp\u00e4tung verheerende Folgen haben. Ihre Geschichte hat eine Besonderheit: Die Verbindung zwischen den beiden Liebenden basiert auf der Abwesenheit des anderen. Der Leser folgt diesen beiden verlorenen Seelen \u00fcber Jahrzehnte hinweg durch ihre Erfolge, ihre Misserfolge und ihre Entt\u00e4uschungen. Der Rhythmus wird von einer einzigen Konstante bestimmt: dem Fehlen des anderen.<\/p>\n\n\n\n<p><strong>Auch zu lesen: <a href=\"https:\/\/leregardlibre.com\/de\/literatur\/tesson-linimitable\/\">Tesson der Unnachahmliche<\/a><\/strong><\/p>\n\n\n\n<p>Diese schmerzliche Abwesenheit ist ein integraler Bestandteil jeder Phase, der durch einige Gespr\u00e4che und vor allem durch ihre jeweilige Vorstellungswelt aufrechterhalten wird. So stehen wir schlie\u00dflich vor <em>zwei<\/em> Phantasiegeschichten - die von Vincent und die von Am\u00e9lie -, die nur in den K\u00f6pfen der beiden Figuren existieren. Phantasmen, die sich nur periodisch, alle zehn Jahre, durch fl\u00fcchtige Kommunikation begegnen.<\/p>\n\n\n\n<p>Die Autorin ist der Meinung, dass die Gef\u00fchle wachsen, wenn sie nicht dem Alltag unterworfen sind. Die Erwartung des anderen n\u00e4hrt den Wunsch, zusammen zu sein, der durch die Vorstellungskraft dieser Begegnungen gesch\u00fcrt wird. Langsamkeit w\u00e4re also der Schl\u00fcssel zu einer sch\u00f6nen Geschichte. Aber kann eine Romanze in der Phantasie interessanter sein als in der Realit\u00e4t?  Diese Frage bleibt nat\u00fcrlich offen. Man kann sich jedoch fragen, ob die Chemie zwischen den beiden Protagonisten wirklich stimmt. Sie scheint in den Tr\u00e4umen st\u00e4rker vorhanden zu sein als in der Realit\u00e4t, und es f\u00e4llt dem Leser vielleicht sogar schwer, sich die beiden zusammen vorzustellen. Aber vielleicht ist das auch beabsichtigt?<\/p>\n\n\n\n<p>Das Buch mag etwas leichtfertig oder sogar naiv erscheinen. Aber man kann es auch als Fabel sehen, als Ode an die Illusion der einzigartigen Liebe. Da diese in der heutigen Welt nicht mehr m\u00f6glich ist, kann man sie sich genauso gut vorstellen. Diese Interpretation passt zum Stil der Autorin: ein wenig zu blumig, ein wenig zu vertr\u00e4umt, um f\u00fcr bare M\u00fcnze genommen zu werden. Dies wird deutlich, wenn man sieht, dass die Philosophin in ihren Gespr\u00e4chen ein eher pragmatisches Bild vermittelt. Phantasie oder Realit\u00e4t?<\/p>\n\n\n\n<p><em>Schreiben Sie der Autorin: <a href=\"mailto:lauriane.pipoz@leregardlibre.com\">lauriane.pipoz@leregardlibre.com<\/a><\/em><\/p>\n\n\n\n<p>Bildnachweis: \u00a9 Offizielle Website von Eliette Ab\u00e9cassiz <\/p>\n\n\n\n<div class=\"wp-block-media-text alignwide is-stacked-on-mobile\" style=\"grid-template-columns:25% auto\"><figure class=\"wp-block-media-text__media\"><img fetchpriority=\"high\" decoding=\"async\" width=\"304\" height=\"475\" src=\"http:\/\/leregardlibre.com\/wp-content\/uploads\/2020\/06\/1829681_f.gif\" alt=\"\" class=\"wp-image-34520\"\/><\/figure><div class=\"wp-block-media-text__content\">\n<p><strong>Eliette Ab\u00e9cassiz<br><em>Unsere Termine<br><\/em>Verlag Grasset &amp; Fasquelle<br>2020<br>152 Seiten<\/strong><\/p>\n\n\n\n<div class=\"wp-block-buttons is-layout-flex wp-block-buttons-is-layout-flex\">\n<div class=\"wp-block-button\"><a class=\"wp-block-button__link\" href=\"https:\/\/www.payot.ch\/Detail\/nos_rendez_vous-eliette_abecassis-9782246817376\">Kaufen<\/a><\/div>\n<\/div>\n<\/div><\/div>","protected":false},"excerpt":{"rendered":"<p>Une r\u00e9flexion sur l&#8217;amour et l&#8217;absence.<\/p>","protected":false},"author":102,"featured_media":34527,"comment_status":"open","ping_status":"open","sticky":false,"template":"","format":"standard","meta":{"_acf_changed":false,"footnotes":""},"categories":[20663],"tags":[31254,54879,3054962,277140,1532851,644351292,644351295,644351294,38542,644343079],"class_list":["post-34517","post","type-post","status-publish","format-standard","has-post-thumbnail","hentry","category-litterature","tag-amour","tag-critiques-litteraires","tag-lenteur","tag-litterature-francaise","tag-litterature-francophone","tag-nos-rendez-vous","tag-philosophe","tag-rencard","tag-roman","tag-roman-francais"],"acf":[],"yoast_head":"<!-- This site is optimized with the Yoast SEO Premium plugin v27.4 (Yoast SEO v27.4) - https:\/\/yoast.com\/product\/yoast-seo-premium-wordpress\/ -->\n<title>\u00abNos rendez-vous\u00bb ont un go\u00fbt d&#039;inachev\u00e9<\/title>\n<meta name=\"robots\" content=\"index, follow, max-snippet:-1, max-image-preview:large, max-video-preview:-1\" \/>\n<link rel=\"canonical\" href=\"https:\/\/leregardlibre.com\/de\/literatur\/unsere-verabredungen-haben-einen-dinacheve-geschmack\/\" \/>\n<meta property=\"og:locale\" content=\"de_DE\" \/>\n<meta property=\"og:type\" content=\"article\" \/>\n<meta property=\"og:title\" content=\"\u00abNos rendez-vous\u00bb ont un go\u00fbt d&#039;inachev\u00e9\" \/>\n<meta property=\"og:description\" content=\"Une r\u00e9flexion sur l&#039;amour et l&#039;absence.\" \/>\n<meta property=\"og:url\" content=\"https:\/\/leregardlibre.com\/de\/literatur\/unsere-verabredungen-haben-einen-dinacheve-geschmack\/\" \/>\n<meta property=\"og:site_name\" content=\"Le Regard Libre\" \/>\n<meta property=\"article:publisher\" content=\"https:\/\/www.facebook.com\/leregardlibre\/\" \/>\n<meta property=\"article:published_time\" content=\"2020-06-16T17:00:00+00:00\" \/>\n<meta property=\"article:modified_time\" content=\"2022-11-13T13:51:30+00:00\" \/>\n<meta property=\"og:image\" content=\"https:\/\/leregardlibre.com\/wp-content\/uploads\/2020\/06\/eliette_abecassiz.jpg\" \/>\n\t<meta property=\"og:image:width\" content=\"1299\" \/>\n\t<meta property=\"og:image:height\" content=\"890\" \/>\n\t<meta property=\"og:image:type\" content=\"image\/jpeg\" \/>\n<meta name=\"author\" content=\"Lauriane Pipoz\" \/>\n<meta name=\"twitter:card\" content=\"summary_large_image\" \/>\n<meta name=\"twitter:creator\" content=\"@LeRegardLibre\" \/>\n<meta name=\"twitter:site\" content=\"@LeRegardLibre\" \/>\n<meta name=\"twitter:label1\" content=\"Verfasst von\" \/>\n\t<meta name=\"twitter:data1\" content=\"Lauriane Pipoz\" \/>\n\t<meta name=\"twitter:label2\" content=\"Gesch\u00e4tzte Lesezeit\" \/>\n\t<meta name=\"twitter:data2\" content=\"3\u00a0Minuten\" \/>\n<script type=\"application\/ld+json\" class=\"yoast-schema-graph\">{\"@context\":\"https:\\\/\\\/schema.org\",\"@graph\":[{\"@type\":\"Article\",\"@id\":\"https:\\\/\\\/leregardlibre.com\\\/litterature\\\/nos-rendez-vous-ont-un-gout-dinacheve\\\/#article\",\"isPartOf\":{\"@id\":\"https:\\\/\\\/leregardlibre.com\\\/litterature\\\/nos-rendez-vous-ont-un-gout-dinacheve\\\/\"},\"author\":{\"name\":\"Lauriane Pipoz\",\"@id\":\"https:\\\/\\\/leregardlibre.com\\\/#\\\/schema\\\/person\\\/4a90f0c5c8d33c0d6228249a2f2d37f5\"},\"headline\":\"\u00abNos rendez-vous\u00bb ont un go\u00fbt d&#8217;inachev\u00e9\",\"datePublished\":\"2020-06-16T17:00:00+00:00\",\"dateModified\":\"2022-11-13T13:51:30+00:00\",\"mainEntityOfPage\":{\"@id\":\"https:\\\/\\\/leregardlibre.com\\\/litterature\\\/nos-rendez-vous-ont-un-gout-dinacheve\\\/\"},\"wordCount\":602,\"commentCount\":0,\"publisher\":{\"@id\":\"https:\\\/\\\/leregardlibre.com\\\/#organization\"},\"image\":{\"@id\":\"https:\\\/\\\/leregardlibre.com\\\/litterature\\\/nos-rendez-vous-ont-un-gout-dinacheve\\\/#primaryimage\"},\"thumbnailUrl\":\"https:\\\/\\\/leregardlibre.com\\\/wp-content\\\/uploads\\\/2020\\\/06\\\/eliette_abecassiz.jpg\",\"keywords\":[\"Amour\",\"Critique litt\u00e9raire\",\"lenteur\",\"Litt\u00e9rature fran\u00e7aise\",\"Litt\u00e9rature francophone\",\"nos rendez-vous\",\"philosophe\",\"rencard\",\"Roman\",\"roman fran\u00e7ais\"],\"articleSection\":[\"Litt\u00e9rature\"],\"inLanguage\":\"de\",\"potentialAction\":[{\"@type\":\"CommentAction\",\"name\":\"Comment\",\"target\":[\"https:\\\/\\\/leregardlibre.com\\\/litterature\\\/nos-rendez-vous-ont-un-gout-dinacheve\\\/#respond\"]}]},{\"@type\":\"WebPage\",\"@id\":\"https:\\\/\\\/leregardlibre.com\\\/litterature\\\/nos-rendez-vous-ont-un-gout-dinacheve\\\/\",\"url\":\"https:\\\/\\\/leregardlibre.com\\\/litterature\\\/nos-rendez-vous-ont-un-gout-dinacheve\\\/\",\"name\":\"\u00abNos rendez-vous\u00bb ont un go\u00fbt d'inachev\u00e9\",\"isPartOf\":{\"@id\":\"https:\\\/\\\/leregardlibre.com\\\/#website\"},\"primaryImageOfPage\":{\"@id\":\"https:\\\/\\\/leregardlibre.com\\\/litterature\\\/nos-rendez-vous-ont-un-gout-dinacheve\\\/#primaryimage\"},\"image\":{\"@id\":\"https:\\\/\\\/leregardlibre.com\\\/litterature\\\/nos-rendez-vous-ont-un-gout-dinacheve\\\/#primaryimage\"},\"thumbnailUrl\":\"https:\\\/\\\/leregardlibre.com\\\/wp-content\\\/uploads\\\/2020\\\/06\\\/eliette_abecassiz.jpg\",\"datePublished\":\"2020-06-16T17:00:00+00:00\",\"dateModified\":\"2022-11-13T13:51:30+00:00\",\"breadcrumb\":{\"@id\":\"https:\\\/\\\/leregardlibre.com\\\/litterature\\\/nos-rendez-vous-ont-un-gout-dinacheve\\\/#breadcrumb\"},\"inLanguage\":\"de\",\"potentialAction\":[{\"@type\":\"ReadAction\",\"target\":[\"https:\\\/\\\/leregardlibre.com\\\/litterature\\\/nos-rendez-vous-ont-un-gout-dinacheve\\\/\"]}]},{\"@type\":\"ImageObject\",\"inLanguage\":\"de\",\"@id\":\"https:\\\/\\\/leregardlibre.com\\\/litterature\\\/nos-rendez-vous-ont-un-gout-dinacheve\\\/#primaryimage\",\"url\":\"https:\\\/\\\/leregardlibre.com\\\/wp-content\\\/uploads\\\/2020\\\/06\\\/eliette_abecassiz.jpg\",\"contentUrl\":\"https:\\\/\\\/leregardlibre.com\\\/wp-content\\\/uploads\\\/2020\\\/06\\\/eliette_abecassiz.jpg\",\"width\":1299,\"height\":890},{\"@type\":\"BreadcrumbList\",\"@id\":\"https:\\\/\\\/leregardlibre.com\\\/litterature\\\/nos-rendez-vous-ont-un-gout-dinacheve\\\/#breadcrumb\",\"itemListElement\":[{\"@type\":\"ListItem\",\"position\":1,\"name\":\"Accueil\",\"item\":\"https:\\\/\\\/leregardlibre.com\\\/\"},{\"@type\":\"ListItem\",\"position\":2,\"name\":\"\u00abNos rendez-vous\u00bb ont un go\u00fbt d&#8217;inachev\u00e9\"}]},{\"@type\":\"WebSite\",\"@id\":\"https:\\\/\\\/leregardlibre.com\\\/#website\",\"url\":\"https:\\\/\\\/leregardlibre.com\\\/\",\"name\":\"Le Regard Libre\",\"description\":\"Premier mensuel suisse de d\u00e9bat\",\"publisher\":{\"@id\":\"https:\\\/\\\/leregardlibre.com\\\/#organization\"},\"potentialAction\":[{\"@type\":\"SearchAction\",\"target\":{\"@type\":\"EntryPoint\",\"urlTemplate\":\"https:\\\/\\\/leregardlibre.com\\\/?s={search_term_string}\"},\"query-input\":{\"@type\":\"PropertyValueSpecification\",\"valueRequired\":true,\"valueName\":\"search_term_string\"}}],\"inLanguage\":\"de\"},{\"@type\":\"Organization\",\"@id\":\"https:\\\/\\\/leregardlibre.com\\\/#organization\",\"name\":\"Le Regard Libre\",\"url\":\"https:\\\/\\\/leregardlibre.com\\\/\",\"logo\":{\"@type\":\"ImageObject\",\"inLanguage\":\"de\",\"@id\":\"https:\\\/\\\/leregardlibre.com\\\/#\\\/schema\\\/logo\\\/image\\\/\",\"url\":\"https:\\\/\\\/leregardlibre.com\\\/wp-content\\\/uploads\\\/2025\\\/08\\\/logo-rl-icone-neg.jpeg\",\"contentUrl\":\"https:\\\/\\\/leregardlibre.com\\\/wp-content\\\/uploads\\\/2025\\\/08\\\/logo-rl-icone-neg.jpeg\",\"width\":557,\"height\":556,\"caption\":\"Le Regard Libre\"},\"image\":{\"@id\":\"https:\\\/\\\/leregardlibre.com\\\/#\\\/schema\\\/logo\\\/image\\\/\"},\"sameAs\":[\"https:\\\/\\\/www.facebook.com\\\/leregardlibre\\\/\",\"https:\\\/\\\/x.com\\\/LeRegardLibre\",\"https:\\\/\\\/www.linkedin.com\\\/company\\\/le-regard-libre\",\"https:\\\/\\\/www.instagram.com\\\/leregardlibre\\\/\",\"http:\\\/\\\/t.me\\\/leregardlibre\",\"https:\\\/\\\/youtube.com\\\/channel\\\/UC6HzGPomj1LsUmlz-sJtITQ\"],\"description\":\"Le Regard Libre est un mensuel suisse de d\u00e9bat intellectuel et culturel. Sa r\u00e9daction est jeune, b\u00e9n\u00e9vole, lib\u00e9rale et pluraliste. Le magazine para\u00eet en ligne et sous forme papier. Sa langue est le fran\u00e7ais.\",\"email\":\"redaction@leregardlibre.com\",\"legalName\":\"Le Regard Libre\",\"foundingDate\":\"2014-01-01\",\"numberOfEmployees\":{\"@type\":\"QuantitativeValue\",\"minValue\":\"11\",\"maxValue\":\"50\"},\"publishingPrinciples\":\"https:\\\/\\\/leregardlibre.com\\\/a-propos\\\/notre-manifeste\\\/\",\"ownershipFundingInfo\":\"https:\\\/\\\/leregardlibre.com\\\/mentions-legales\\\/\",\"actionableFeedbackPolicy\":\"https:\\\/\\\/leregardlibre.com\\\/conditions-generales-de-vente\\\/\"},{\"@type\":\"Person\",\"@id\":\"https:\\\/\\\/leregardlibre.com\\\/#\\\/schema\\\/person\\\/4a90f0c5c8d33c0d6228249a2f2d37f5\",\"name\":\"Lauriane Pipoz\",\"image\":{\"@type\":\"ImageObject\",\"inLanguage\":\"de\",\"@id\":\"https:\\\/\\\/secure.gravatar.com\\\/avatar\\\/9a20095942ede01d828f2fc30b63370b5d10612b2f5f1b4099e9dd868b95749d?s=96&d=identicon&r=g\",\"url\":\"https:\\\/\\\/secure.gravatar.com\\\/avatar\\\/9a20095942ede01d828f2fc30b63370b5d10612b2f5f1b4099e9dd868b95749d?s=96&d=identicon&r=g\",\"contentUrl\":\"https:\\\/\\\/secure.gravatar.com\\\/avatar\\\/9a20095942ede01d828f2fc30b63370b5d10612b2f5f1b4099e9dd868b95749d?s=96&d=identicon&r=g\",\"caption\":\"Lauriane Pipoz\"},\"sameAs\":[\"https:\\\/\\\/leregardlibre.com\\\/\",\"https:\\\/\\\/fr.wikipedia.org\\\/wiki\\\/Le_Regard_libre\"],\"url\":\"https:\\\/\\\/leregardlibre.com\\\/de\\\/author\\\/lauriane00\\\/\"}]}<\/script>\n<!-- \/ Yoast SEO Premium plugin. -->","yoast_head_json":{"title":"\u00abUnsere Verabredungen\u00bb haben einen Beigeschmack von Unvollst\u00e4ndigkeit","robots":{"index":"index","follow":"follow","max-snippet":"max-snippet:-1","max-image-preview":"max-image-preview:large","max-video-preview":"max-video-preview:-1"},"canonical":"https:\/\/leregardlibre.com\/de\/literatur\/unsere-verabredungen-haben-einen-dinacheve-geschmack\/","og_locale":"de_DE","og_type":"article","og_title":"\u00abNos rendez-vous\u00bb ont un go\u00fbt d'inachev\u00e9","og_description":"Une r\u00e9flexion sur l'amour et l'absence.","og_url":"https:\/\/leregardlibre.com\/de\/literatur\/unsere-verabredungen-haben-einen-dinacheve-geschmack\/","og_site_name":"Le Regard Libre","article_publisher":"https:\/\/www.facebook.com\/leregardlibre\/","article_published_time":"2020-06-16T17:00:00+00:00","article_modified_time":"2022-11-13T13:51:30+00:00","og_image":[{"width":1299,"height":890,"url":"https:\/\/leregardlibre.com\/wp-content\/uploads\/2020\/06\/eliette_abecassiz.jpg","type":"image\/jpeg"}],"author":"Lauriane Pipoz","twitter_card":"summary_large_image","twitter_creator":"@LeRegardLibre","twitter_site":"@LeRegardLibre","twitter_misc":{"Verfasst von":"Lauriane Pipoz","Gesch\u00e4tzte Lesezeit":"3\u00a0Minuten"},"schema":{"@context":"https:\/\/schema.org","@graph":[{"@type":"Article","@id":"https:\/\/leregardlibre.com\/litterature\/nos-rendez-vous-ont-un-gout-dinacheve\/#article","isPartOf":{"@id":"https:\/\/leregardlibre.com\/litterature\/nos-rendez-vous-ont-un-gout-dinacheve\/"},"author":{"name":"Lauriane Pipoz","@id":"https:\/\/leregardlibre.com\/#\/schema\/person\/4a90f0c5c8d33c0d6228249a2f2d37f5"},"headline":"\u00abNos rendez-vous\u00bb ont un go\u00fbt d&#8217;inachev\u00e9","datePublished":"2020-06-16T17:00:00+00:00","dateModified":"2022-11-13T13:51:30+00:00","mainEntityOfPage":{"@id":"https:\/\/leregardlibre.com\/litterature\/nos-rendez-vous-ont-un-gout-dinacheve\/"},"wordCount":602,"commentCount":0,"publisher":{"@id":"https:\/\/leregardlibre.com\/#organization"},"image":{"@id":"https:\/\/leregardlibre.com\/litterature\/nos-rendez-vous-ont-un-gout-dinacheve\/#primaryimage"},"thumbnailUrl":"https:\/\/leregardlibre.com\/wp-content\/uploads\/2020\/06\/eliette_abecassiz.jpg","keywords":["Amour","Critique litt\u00e9raire","lenteur","Litt\u00e9rature fran\u00e7aise","Litt\u00e9rature francophone","nos rendez-vous","philosophe","rencard","Roman","roman fran\u00e7ais"],"articleSection":["Litt\u00e9rature"],"inLanguage":"de","potentialAction":[{"@type":"CommentAction","name":"Comment","target":["https:\/\/leregardlibre.com\/litterature\/nos-rendez-vous-ont-un-gout-dinacheve\/#respond"]}]},{"@type":"WebPage","@id":"https:\/\/leregardlibre.com\/litterature\/nos-rendez-vous-ont-un-gout-dinacheve\/","url":"https:\/\/leregardlibre.com\/litterature\/nos-rendez-vous-ont-un-gout-dinacheve\/","name":"\u00abUnsere Verabredungen\u00bb haben einen Beigeschmack von Unvollst\u00e4ndigkeit","isPartOf":{"@id":"https:\/\/leregardlibre.com\/#website"},"primaryImageOfPage":{"@id":"https:\/\/leregardlibre.com\/litterature\/nos-rendez-vous-ont-un-gout-dinacheve\/#primaryimage"},"image":{"@id":"https:\/\/leregardlibre.com\/litterature\/nos-rendez-vous-ont-un-gout-dinacheve\/#primaryimage"},"thumbnailUrl":"https:\/\/leregardlibre.com\/wp-content\/uploads\/2020\/06\/eliette_abecassiz.jpg","datePublished":"2020-06-16T17:00:00+00:00","dateModified":"2022-11-13T13:51:30+00:00","breadcrumb":{"@id":"https:\/\/leregardlibre.com\/litterature\/nos-rendez-vous-ont-un-gout-dinacheve\/#breadcrumb"},"inLanguage":"de","potentialAction":[{"@type":"ReadAction","target":["https:\/\/leregardlibre.com\/litterature\/nos-rendez-vous-ont-un-gout-dinacheve\/"]}]},{"@type":"ImageObject","inLanguage":"de","@id":"https:\/\/leregardlibre.com\/litterature\/nos-rendez-vous-ont-un-gout-dinacheve\/#primaryimage","url":"https:\/\/leregardlibre.com\/wp-content\/uploads\/2020\/06\/eliette_abecassiz.jpg","contentUrl":"https:\/\/leregardlibre.com\/wp-content\/uploads\/2020\/06\/eliette_abecassiz.jpg","width":1299,"height":890},{"@type":"BreadcrumbList","@id":"https:\/\/leregardlibre.com\/litterature\/nos-rendez-vous-ont-un-gout-dinacheve\/#breadcrumb","itemListElement":[{"@type":"ListItem","position":1,"name":"Accueil","item":"https:\/\/leregardlibre.com\/"},{"@type":"ListItem","position":2,"name":"\u00abNos rendez-vous\u00bb ont un go\u00fbt d&#8217;inachev\u00e9"}]},{"@type":"WebSite","@id":"https:\/\/leregardlibre.com\/#website","url":"https:\/\/leregardlibre.com\/","name":"Le Regard Libre","description":"Erste Schweizer Monatszeitschrift f\u00fcr Debatten","publisher":{"@id":"https:\/\/leregardlibre.com\/#organization"},"potentialAction":[{"@type":"SearchAction","target":{"@type":"EntryPoint","urlTemplate":"https:\/\/leregardlibre.com\/?s={search_term_string}"},"query-input":{"@type":"PropertyValueSpecification","valueRequired":true,"valueName":"search_term_string"}}],"inLanguage":"de"},{"@type":"Organization","@id":"https:\/\/leregardlibre.com\/#organization","name":"Le Regard Libre","url":"https:\/\/leregardlibre.com\/","logo":{"@type":"ImageObject","inLanguage":"de","@id":"https:\/\/leregardlibre.com\/#\/schema\/logo\/image\/","url":"https:\/\/leregardlibre.com\/wp-content\/uploads\/2025\/08\/logo-rl-icone-neg.jpeg","contentUrl":"https:\/\/leregardlibre.com\/wp-content\/uploads\/2025\/08\/logo-rl-icone-neg.jpeg","width":557,"height":556,"caption":"Le Regard Libre"},"image":{"@id":"https:\/\/leregardlibre.com\/#\/schema\/logo\/image\/"},"sameAs":["https:\/\/www.facebook.com\/leregardlibre\/","https:\/\/x.com\/LeRegardLibre","https:\/\/www.linkedin.com\/company\/le-regard-libre","https:\/\/www.instagram.com\/leregardlibre\/","http:\/\/t.me\/leregardlibre","https:\/\/youtube.com\/channel\/UC6HzGPomj1LsUmlz-sJtITQ"],"description":"Le Regard Libre ist eine Schweizer Monatszeitschrift f\u00fcr intellektuelle und kulturelle Debatten. Seine Redaktion ist jung, ehrenamtlich, liberal und pluralistisch. Das Magazin erscheint online und in gedruckter Form. Seine Sprache ist Franz\u00f6sisch.","email":"redaction@leregardlibre.com","legalName":"Le Regard Libre","foundingDate":"2014-01-01","numberOfEmployees":{"@type":"QuantitativeValue","minValue":"11","maxValue":"50"},"publishingPrinciples":"https:\/\/leregardlibre.com\/a-propos\/notre-manifeste\/","ownershipFundingInfo":"https:\/\/leregardlibre.com\/mentions-legales\/","actionableFeedbackPolicy":"https:\/\/leregardlibre.com\/conditions-generales-de-vente\/"},{"@type":"Person","@id":"https:\/\/leregardlibre.com\/#\/schema\/person\/4a90f0c5c8d33c0d6228249a2f2d37f5","name":"Lauriane Pipoz","image":{"@type":"ImageObject","inLanguage":"de","@id":"https:\/\/secure.gravatar.com\/avatar\/9a20095942ede01d828f2fc30b63370b5d10612b2f5f1b4099e9dd868b95749d?s=96&d=identicon&r=g","url":"https:\/\/secure.gravatar.com\/avatar\/9a20095942ede01d828f2fc30b63370b5d10612b2f5f1b4099e9dd868b95749d?s=96&d=identicon&r=g","contentUrl":"https:\/\/secure.gravatar.com\/avatar\/9a20095942ede01d828f2fc30b63370b5d10612b2f5f1b4099e9dd868b95749d?s=96&d=identicon&r=g","caption":"Lauriane Pipoz"},"sameAs":["https:\/\/leregardlibre.com\/","https:\/\/fr.wikipedia.org\/wiki\/Le_Regard_libre"],"url":"https:\/\/leregardlibre.com\/de\/author\/lauriane00\/"}]}},"_links":{"self":[{"href":"https:\/\/leregardlibre.com\/de\/wp-json\/wp\/v2\/posts\/34517","targetHints":{"allow":["GET"]}}],"collection":[{"href":"https:\/\/leregardlibre.com\/de\/wp-json\/wp\/v2\/posts"}],"about":[{"href":"https:\/\/leregardlibre.com\/de\/wp-json\/wp\/v2\/types\/post"}],"author":[{"embeddable":true,"href":"https:\/\/leregardlibre.com\/de\/wp-json\/wp\/v2\/users\/102"}],"replies":[{"embeddable":true,"href":"https:\/\/leregardlibre.com\/de\/wp-json\/wp\/v2\/comments?post=34517"}],"version-history":[{"count":1,"href":"https:\/\/leregardlibre.com\/de\/wp-json\/wp\/v2\/posts\/34517\/revisions"}],"predecessor-version":[{"id":511793,"href":"https:\/\/leregardlibre.com\/de\/wp-json\/wp\/v2\/posts\/34517\/revisions\/511793"}],"wp:featuredmedia":[{"embeddable":true,"href":"https:\/\/leregardlibre.com\/de\/wp-json\/wp\/v2\/media\/34527"}],"wp:attachment":[{"href":"https:\/\/leregardlibre.com\/de\/wp-json\/wp\/v2\/media?parent=34517"}],"wp:term":[{"taxonomy":"category","embeddable":true,"href":"https:\/\/leregardlibre.com\/de\/wp-json\/wp\/v2\/categories?post=34517"},{"taxonomy":"post_tag","embeddable":true,"href":"https:\/\/leregardlibre.com\/de\/wp-json\/wp\/v2\/tags?post=34517"}],"curies":[{"name":"wp","href":"https:\/\/api.w.org\/{rel}","templated":true}]}}