{"id":35566,"date":"2020-08-21T06:00:00","date_gmt":"2020-08-21T04:00:00","guid":{"rendered":"https:\/\/leregardlibre.com\/?p=35566"},"modified":"2025-12-13T22:53:41","modified_gmt":"2025-12-13T21:53:41","slug":"khaled-drareni-journaliste-algerien-condamne-son-frere-temoigne","status":"publish","type":"post","link":"https:\/\/leregardlibre.com\/de\/politik\/welt\/khaled-drareni-journaliste-algerien-condamne-son-frere-temoigne\/","title":{"rendered":"Khaled Drareni, verurteilter algerischer Journalist: Sein Bruder sagt aus"},"content":{"rendered":"<p class=\"has-drop-cap\"><strong>\u00abLe gouvernement veut faire peur aux militants du hirak, mais cela va produire l\u2019effet contraire.\u00bb De New York o\u00f9 il est \u00e9tabli, Chekib Drareni<\/strong>, <strong>le fr\u00e8re cadet du reporter et militant du soul\u00e8vement pacifique en Alg\u00e9rie, explique les actions qu\u2019il m\u00e8ne en faveur de la lib\u00e9ration de ce dernier et nous en dit plus sur son parcours depuis l\u2019enfance.<\/strong><\/p>\n\n\n\n<!--more Lire le t\u00e9moignage en libre acc\u00e8s-->\n\n\n\n<p>Le journaliste et militant Khaled Drareni est devenu au fil des mois la figure embl\u00e9matique du hirak alg\u00e9rien, ce soul\u00e8vement populaire et pacifique d\u00e9clench\u00e9 le 22 f\u00e9vrier 2019 en opposition \u00e0 un cinqui\u00e8me mandat de l\u2019ex-pr\u00e9sident Abdelaziz Bouteflika. Condamn\u00e9 le 10 ao\u00fbt \u00e0 trois ans de prison ferme pour \u00abatteinte \u00e0 l\u2019unit\u00e9 nationale\u00bb, <a href=\"https:\/\/www.letemps.ch\/monde\/une-lourde-peine-frappe-journaliste-khaled-drareni\">plus lourde peine<\/a> prononc\u00e9e depuis le d\u00e9but du mouvement, il en est d\u00e9sormais une figure h\u00e9ro\u00efque. Le journaliste \u00e9tait notamment poursuivi pour \u00abincitation \u00e0 un attroupement non arm\u00e9.\u00bb Nous avons joint par t\u00e9l\u00e9phone son fr\u00e8re, Chekib Drareni, trente-six ans, \u00e9tabli depuis quelque temps \u00e0 New York. Il y dirige une galerie d\u2019art apr\u00e8s avoir \u00e9t\u00e9 chef de cabine dans une compagnie a\u00e9rienne op\u00e9rant au Moyen-Orient. Des Etats-Unis, il s\u2019active pour obtenir la lib\u00e9ration de son fr\u00e8re a\u00een\u00e9. Il livre ici son t\u00e9moignage.<\/p>\n\n\n\n<p><em>\u00abMon fr\u00e8re a f\u00eat\u00e9 ses quarante ans en prison, le 10 mai. Il est incarc\u00e9r\u00e9 \u00e0 la prison de Kolea, \u00e0 une trentaine de kilom\u00e8tres d\u2019Alger, en direction de Tipaza. Khaled a \u00e9t\u00e9 emprisonn\u00e9 le 27 mars, \u00e0 la prison d\u2019El Harrach, un quartier d\u2019Alger, mais un ou deux jours plus tard, il a \u00e9t\u00e9 transf\u00e9r\u00e9 \u00e0 celle de Kolea, pour l\u2019\u00e9loigner de la capitale, fer de lance de la contestation contre le r\u00e9gime.<\/em><\/p>\n\n\n\n\n\n<p><em>Khaled est innocent. Nous avons fait appel du jugement. Nous, ses nombreux soutiens, r\u00e9clamons sa lib\u00e9ration.&nbsp;J\u2019ai lanc\u00e9 une p\u00e9tition \u00e0 cet effet <a href=\"https:\/\/www.change.org\/p\/chekib-drareni-lib%C3%A9rez-khaled-drareni-free-khaled-drareni?recruiter=900867570&amp;utm_source=share_petition&amp;utm_medium=twitter&amp;recruited_by_id=03c5a9a0-bd27-11e8-84a2-f95e8448b601\">sur le site change.org<\/a>. Certains, sur les r\u00e9seaux sociaux, me disent que ma place est en Alg\u00e9rie, aupr\u00e8s du collectif agissant en faveur de mon fr\u00e8re. Mais je pense \u00eatre tout aussi utile, sinon plus, l\u00e0 o\u00f9 je me trouve, aux Etats-Unis. Le 15 ao\u00fbt, j\u2019ai organis\u00e9 un sit-in devant le consulat d\u2019Alg\u00e9rie \u00e0 New York. Certes, nous n\u2019\u00e9tions qu\u2019une douzaine, mais c\u2019est un d\u00e9but et le fait que la famille de Khaled, \u00e0 travers moi, ait \u00e9t\u00e9 pr\u00e9sente \u00e0 cette occasion est quelque chose d\u2019important. Nous avons l\u2019intention d\u2019organiser prochainement un sit-in devant l\u2019ambassade d\u2019Alg\u00e9rie \u00e0 Washington. Ce qui compte, c\u2019est de donner une dimension internationale \u00e0 cette affaire synonyme d\u2019injustice. Il y a eu un <a href=\"https:\/\/www.nytimes.com\/2020\/08\/10\/world\/africa\/Algerian-journalist-Khaled-Drareni-convicted.html\">Artikel<\/a> in der <\/em>New York Times<em>, deux autres dans des journaux de Houston et de Las Vegas. Nous avons le soutien de plusieurs pays, je ne vous dirai pas lesquels, mais le 15 ao\u00fbt, le Premier ministre canadien Justin Trudeau, alert\u00e9 par les soutiens de mon fr\u00e8re au Canada, a transmis son <a href=\"https:\/\/maghrebemergent.info\/le-premier-ministre-canadien-suit-laffaire-de-khaled-drareni\/\">dossier<\/a> au minist\u00e8re des affaires \u00e9trang\u00e8res.<\/em><\/p>\n\n\n\n<p><em>Ma famille est d\u2019Alger. Mes parents et nous, leurs enfants, sommes passionn\u00e9s par la politique. Mon p\u00e8re est un ancien combattant de la guerre d\u2019ind\u00e9pendance et mon oncle, Mohamed Drareni, y est mort martyr \u00e0 la fin des ann\u00e9es 50. D\u00e8s l\u2019enfance, Khaled a eu le journalisme pour centre d\u2019int\u00e9r\u00eat. Il r\u00eavait de pr\u00e9senter les infos \u00e0 la t\u00e9l\u00e9. Si la politique le passionnait, il ne voulait pas pour autant devenir politicien. Il a fait un an de droit, puis quatre ans en sciences-po \u00e0 la fac d\u2019Alger.<\/em><\/p>\n\n\n\n<p><em>Il a travaill\u00e9 pour la cha\u00eene Echourouk TV, o\u00f9 il pr\u00e9sentait le journal de 19 heures. Il est le fondateur en 2017 de <\/em>Casbah Tribune<em>, un m\u00e9dia \u00e0 la fois francophone et arabophone. Au moment de son arrestation, et alors qu\u2019il couvrait, depuis le d\u00e9but, le hirak, il \u00e9tait membre de Reporters sans fronti\u00e8res et correspondant en Alg\u00e9rie de la cha\u00eene fran\u00e7aise TV5Monde. C\u2019est au cours d\u2019un entretien men\u00e9 par mon fr\u00e8re qu\u2019Emmanuel Macron, en 2017, alors candidat \u00e0 la pr\u00e9sidence de la R\u00e9publique, a dit que la colonisation de l\u2019Alg\u00e9rie \u00e9tait un crime contre l\u2019humanit\u00e9. Khaled milite pour la libert\u00e9 d\u2019expression et l\u2019av\u00e8nement de l\u2019Etat de droit en Alg\u00e9rie.<\/em><\/p>\n\n\n\n<p><em>L\u2019affaire de la condamnation injuste de mon fr\u00e8re t\u00e9moigne de la nervosit\u00e9 du r\u00e9gime. Ce jugement \u2013 trois ans de prison \u2013 est cens\u00e9 envoyer un message \u00e0 la jeunesse alg\u00e9rienne, \u00e0 toute une nouvelle g\u00e9n\u00e9ration qui aspire \u00e0 un profond changement. En condamnant lourdement mon fr\u00e8re, le gouvernement veut faire peur aux militants du hirak, mais cela va produire l\u2019effet contraire, j\u2019en suis s\u00fbr.\u00bb<\/em><\/p>\n\n\n\n<p>Interrompu par la pand\u00e9mie de Covid-19, le hirak alg\u00e9rien est-il aujourd\u2019hui un mouvement essouffl\u00e9? S\u2019il a obtenu le retrait de la candidature de Bouteflika \u00e0 sa propre succession, il n\u2019a pas r\u00e9ussi \u00e0 faire tomber le \u00abpouvoir\u00bb&nbsp;\u2013 un objectif peut-\u00eatre illusoire, tant ce mot est prot\u00e9iforme et peut vouloir dire une chose et une autre, selon la cat\u00e9gorie d\u2019opposants au r\u00e9gime. De m\u00eame, le mouvement semble travers\u00e9 de s\u00e9rieuses contradictions, notamment sur la <a href=\"https:\/\/leregardlibre.com\/de\/politik\/der-hirak-in-algerien-und-wir-das-ende-der-linnocence\/#more-34385\">question des m\u0153urs<\/a>. Alors que les Bi\u00e9lorusses vont peut-\u00eatre obtenir en quelques jours de grandes avanc\u00e9es d\u00e9mocratiques, les Alg\u00e9riens paraissent un brin pi\u00e9tiner, m\u00eame si une r\u00e9forme constitutionnelle \u2013 qui ne peut \u00eatre qu\u2019encourageante \u2013 est en route. Il n\u2019emp\u00eache, le pouvoir, comme on dit en Alg\u00e9rie, n\u2019est pas rassur\u00e9 et <a href=\"https:\/\/www.lemonde.fr\/afrique\/article\/2020\/06\/26\/la-repression-implacable-du-hirak-entrave-la-reforme-constitutionnelle-en-algerie-selon-amnesty_6044254_3212.html\">multiplie les jugements p\u00e9naux<\/a> contre des militants du hirak. Dans le but, en effet, de briser le mouvement. Parviendra-t-il \u00e0 ses fins? Les soutiens du prisonnier Khaled Drareni veulent croire que non. Son fr\u00e8re, Chekib, n\u2019exclut pas d\u2019entreprendre des d\u00e9marches pour faire reconna\u00eetre le caract\u00e8re \u00abinjuste&nbsp;et contraire aux droits de l\u2019homme\u00bb de sa condamnation.<\/p>\n\n\n\n<hr class=\"wp-block-separator has-css-opacity\"\/>\n\n\n\n<h6 class=\"wp-block-heading\"><em><em><em>Antoine Menusier<\/em><\/em><strong><strong><em><strong><em><strong>&nbsp;ist ein Journalist. Er war von 2009 bis 2011 Chefredakteur des Bondy Blog und ehemaliger Reporter beim<\/strong><\/em><strong> <\/strong><\/strong><\/em><\/strong><\/strong><\/em><strong><strong><strong><strong>Zeit<\/strong><\/strong><\/strong><\/strong><em><strong><strong><em><strong><em><strong>&nbsp;und zu&nbsp;<\/strong><\/em><\/strong><\/em><\/strong><\/strong><\/em><strong><strong><strong><strong>L'Hebdo<\/strong><\/strong><\/strong><\/strong><em><strong><strong><em><strong><em><strong>, Er ist der Autor des&nbsp;<\/strong><\/em><strong><a href=\"https:\/\/www.payot.ch\/Detail\/le_livre_des_indesires-menusier_antoine-9782204112703?fp=1\">Buch der Unerw\u00fcnschten - Eine Geschichte der Araber in Frankreich<\/a><\/strong><em><strong>&nbsp;(Editions du Cerf, 2019). Heute schreibt er f\u00fcr das Schweizer Medium Watson und tr\u00e4gt zu den franz\u00f6sischen Magazinen <\/strong><\/em><\/strong><\/em><\/strong><\/strong><\/em><strong><strong><strong><strong>Marianne<\/strong><\/strong><\/strong><\/strong><em><strong><strong><em><strong><em><strong> und <\/strong><\/em><\/strong><\/em><\/strong><\/strong><\/em><strong><strong><strong><strong>Der Express<\/strong><\/strong><\/strong><\/strong><em><strong><strong><em><strong><em><strong>.<\/strong><\/em><\/strong><\/em><\/strong><\/strong><\/em><\/h6>\n\n\n<div data-block-name=\"woocommerce\/handpicked-products\" data-orderby=\"price_asc\" data-products=\"[50354,50366,50371]\" class=\"wc-block-grid wp-block-handpicked-products wp-block-woocommerce-handpicked-products wc-block-handpicked-products has-3-columns has-multiple-rows\"><ul class=\"wc-block-grid__products\"><li class=\"wc-block-grid__product\">\n\t\t\t\t<a href=\"https:\/\/leregardlibre.com\/de\/produkt\/jugendabo-2\/\" class=\"wc-block-grid__product-link\">\n\t\t\t\t\t\n\t\t\t\t\t<div class=\"wc-block-grid__product-image\"><img fetchpriority=\"high\" decoding=\"async\" width=\"300\" height=\"226\" src=\"https:\/\/leregardlibre.com\/wp-content\/uploads\/2024\/03\/rl_abo-1-300x226.png\" class=\"attachment-woocommerce_thumbnail size-woocommerce_thumbnail\" alt=\"Jugend-Abonnement\" srcset=\"https:\/\/leregardlibre.com\/wp-content\/uploads\/2024\/03\/rl_abo-1-300x226.png 300w, https:\/\/leregardlibre.com\/wp-content\/uploads\/2024\/03\/rl_abo-1-150x113.png 150w, https:\/\/leregardlibre.com\/wp-content\/uploads\/2024\/03\/rl_abo-1-768x578.png 768w, https:\/\/leregardlibre.com\/wp-content\/uploads\/2024\/03\/rl_abo-1-585x440.png 585w, https:\/\/leregardlibre.com\/wp-content\/uploads\/2024\/03\/rl_abo-1-600x452.png 600w, https:\/\/leregardlibre.com\/wp-content\/uploads\/2024\/03\/rl_abo-1.png 800w\" sizes=\"(max-width: 300px) 100vw, 300px\" \/><\/div>\n\t\t\t\t\t<div class=\"wc-block-grid__product-title\">Jugend-Abonnement<\/div>\n\t\t\t\t<\/a>\n\t\t\t\t<div class=\"wc-block-grid__product-price price\"><span class=\"from\">Ab: <\/span><span class=\"woocommerce-Price-amount amount\"><span class=\"woocommerce-Price-currencySymbol\">CHF<\/span>2.50<\/span> <span class=\"subscription-details\"> \/ Monat<\/span><\/div>\n\t\t\t\t\n\t\t\t\t<div class=\"wp-block-button wc-block-grid__product-add-to-cart\"><a href=\"https:\/\/leregardlibre.com\/de\/produkt\/jugendabo-2\/\" aria-label=\"W\u00e4hle Optionen f\u00fcr \u201eJugend-Abo\u201c\" data-quantity=\"1\" data-product_id=\"50354\" data-product_sku=\"\" data-price=\"2.5\" rel=\"nofollow\" class=\"wp-block-button__link  add_to_cart_button\">Ausf\u00fchrung w\u00e4hlen<\/a><\/div>\n\t\t\t<\/li><li class=\"wc-block-grid__product\">\n\t\t\t\t<a href=\"https:\/\/leregardlibre.com\/de\/produkt\/digitales-abonnement-2\/\" class=\"wc-block-grid__product-link\">\n\t\t\t\t\t\n\t\t\t\t\t<div class=\"wc-block-grid__product-image\"><img decoding=\"async\" width=\"300\" height=\"226\" src=\"https:\/\/leregardlibre.com\/wp-content\/uploads\/2024\/03\/rl_abo-1-300x226.png\" class=\"attachment-woocommerce_thumbnail size-woocommerce_thumbnail\" alt=\"Digitales Abonnement\" srcset=\"https:\/\/leregardlibre.com\/wp-content\/uploads\/2024\/03\/rl_abo-1-300x226.png 300w, https:\/\/leregardlibre.com\/wp-content\/uploads\/2024\/03\/rl_abo-1-150x113.png 150w, https:\/\/leregardlibre.com\/wp-content\/uploads\/2024\/03\/rl_abo-1-768x578.png 768w, https:\/\/leregardlibre.com\/wp-content\/uploads\/2024\/03\/rl_abo-1-585x440.png 585w, https:\/\/leregardlibre.com\/wp-content\/uploads\/2024\/03\/rl_abo-1-600x452.png 600w, https:\/\/leregardlibre.com\/wp-content\/uploads\/2024\/03\/rl_abo-1.png 800w\" sizes=\"(max-width: 300px) 100vw, 300px\" \/><\/div>\n\t\t\t\t\t<div class=\"wc-block-grid__product-title\">Digitales Abonnement<\/div>\n\t\t\t\t<\/a>\n\t\t\t\t<div class=\"wc-block-grid__product-price price\"><span class=\"from\">Ab: <\/span><span class=\"woocommerce-Price-amount amount\"><span class=\"woocommerce-Price-currencySymbol\">CHF<\/span>5.00<\/span> <span class=\"subscription-details\"> \/ Monat mit einer 30-Tage kostenlosen Testphase und einer <span class=\"woocommerce-Price-amount amount\"><span class=\"woocommerce-Price-currencySymbol\">CHF<\/span>2.50<\/span> Einrichtungsgeb\u00fchr<\/span><\/div>\n\t\t\t\t\n\t\t\t\t<div class=\"wp-block-button wc-block-grid__product-add-to-cart\"><a href=\"https:\/\/leregardlibre.com\/de\/produkt\/digitales-abonnement-2\/\" aria-label=\"W\u00e4hle Optionen f\u00fcr \u201eDigitales Abonnement\u201c\" data-quantity=\"1\" data-product_id=\"50366\" data-product_sku=\"\" data-price=\"5\" rel=\"nofollow\" class=\"wp-block-button__link  add_to_cart_button\">Ausf\u00fchrung w\u00e4hlen<\/a><\/div>\n\t\t\t<\/li><li class=\"wc-block-grid__product\">\n\t\t\t\t<a href=\"https:\/\/leregardlibre.com\/de\/produkt\/standardabonnement\/\" class=\"wc-block-grid__product-link\">\n\t\t\t\t\t\n\t\t\t\t\t<div class=\"wc-block-grid__product-image\"><img decoding=\"async\" width=\"300\" height=\"226\" src=\"https:\/\/leregardlibre.com\/wp-content\/uploads\/2022\/07\/visuel-abonnement-rl-300x226.png\" class=\"attachment-woocommerce_thumbnail size-woocommerce_thumbnail\" alt=\"abonnement le regard libre\" srcset=\"https:\/\/leregardlibre.com\/wp-content\/uploads\/2022\/07\/visuel-abonnement-rl-300x226.png 300w, https:\/\/leregardlibre.com\/wp-content\/uploads\/2022\/07\/visuel-abonnement-rl-150x113.png 150w, https:\/\/leregardlibre.com\/wp-content\/uploads\/2022\/07\/visuel-abonnement-rl-768x578.png 768w, https:\/\/leregardlibre.com\/wp-content\/uploads\/2022\/07\/visuel-abonnement-rl-585x440.png 585w, https:\/\/leregardlibre.com\/wp-content\/uploads\/2022\/07\/visuel-abonnement-rl-600x452.png 600w, https:\/\/leregardlibre.com\/wp-content\/uploads\/2022\/07\/visuel-abonnement-rl.png 800w\" sizes=\"(max-width: 300px) 100vw, 300px\" \/><\/div>\n\t\t\t\t\t<div class=\"wc-block-grid__product-title\">Standard-Abonnement<\/div>\n\t\t\t\t<\/a>\n\t\t\t\t<div class=\"wc-block-grid__product-price price\"><span class=\"from\">Ab: <\/span><span class=\"woocommerce-Price-amount amount\"><span class=\"woocommerce-Price-currencySymbol\">CHF<\/span>10.00<\/span> <span class=\"subscription-details\"> \/ Monat mit einer 30-Tage kostenlosen Testphase und einer <span class=\"woocommerce-Price-amount amount\"><span class=\"woocommerce-Price-currencySymbol\">CHF<\/span>2.50<\/span> Einrichtungsgeb\u00fchr<\/span><\/div>\n\t\t\t\t\n\t\t\t\t<div class=\"wp-block-button wc-block-grid__product-add-to-cart\"><a href=\"https:\/\/leregardlibre.com\/de\/produkt\/standardabonnement\/\" aria-label=\"W\u00e4hle Optionen f\u00fcr \u201eStandardabonnement\u201c\" data-quantity=\"1\" data-product_id=\"50371\" data-product_sku=\"\" data-price=\"10\" rel=\"nofollow\" class=\"wp-block-button__link  add_to_cart_button\">Ausf\u00fchrung w\u00e4hlen<\/a><\/div>\n\t\t\t<\/li><\/ul><\/div>","protected":false},"excerpt":{"rendered":"<p>\u00abDie Regierung will den Hirak-Aktivisten Angst machen, aber das wird das Gegenteil bewirken.\u00bb Von seinem Wohnort New York aus erl\u00e4utert Chekib Drareni, der j\u00fcngere Bruder des Reporters und Aktivist des friedlichen Aufstands in Algerien, seine Aktionen f\u00fcr die Freilassung des Reporters und erz\u00e4hlt uns mehr \u00fcber seinen Weg seit der Kindheit.<\/p>","protected":false},"author":120,"featured_media":35580,"comment_status":"open","ping_status":"open","sticky":false,"template":"","format":"standard","meta":{"_acf_changed":false,"footnotes":""},"categories":[644357281],"tags":[100140,2654963,131453,644350897,644354412,644354422,644342480],"class_list":["post-35566","post","type-post","status-publish","format-standard","has-post-thumbnail","hentry","category-monde","tag-algerie","tag-autoritarisme","tag-censure","tag-hirak","tag-hirak-algerien","tag-liberte-de-la-presse","tag-temoignage"],"acf":[],"yoast_head":"<!-- This site is optimized with the Yoast SEO Premium plugin v27.4 (Yoast SEO v27.4) - https:\/\/yoast.com\/product\/yoast-seo-premium-wordpress\/ -->\n<title>Khaled Drareni, journaliste alg\u00e9rien condamn\u00e9: son fr\u00e8re t\u00e9moigne<\/title>\n<meta name=\"description\" content=\"Le fr\u00e8re du reporter et militant pacifiste alg\u00e9rien Khaled Drareni explique les actions qu\u2019il m\u00e8ne en faveur de la lib\u00e9ration de ce dernier.\" \/>\n<meta name=\"robots\" content=\"index, follow, max-snippet:-1, max-image-preview:large, max-video-preview:-1\" \/>\n<link rel=\"canonical\" href=\"https:\/\/leregardlibre.com\/de\/politik\/welt\/khaled-drareni-journaliste-algerien-condamne-son-frere-temoigne\/\" \/>\n<meta property=\"og:locale\" content=\"de_DE\" \/>\n<meta property=\"og:type\" content=\"article\" \/>\n<meta property=\"og:title\" content=\"Khaled Drareni, journaliste alg\u00e9rien condamn\u00e9: son fr\u00e8re t\u00e9moigne\" \/>\n<meta property=\"og:description\" content=\"Le fr\u00e8re du reporter et militant pacifiste alg\u00e9rien Khaled Drareni explique les actions qu\u2019il m\u00e8ne en faveur de la lib\u00e9ration de ce dernier.\" \/>\n<meta property=\"og:url\" content=\"https:\/\/leregardlibre.com\/de\/politik\/welt\/khaled-drareni-journaliste-algerien-condamne-son-frere-temoigne\/\" \/>\n<meta property=\"og:site_name\" content=\"Le Regard Libre\" \/>\n<meta property=\"article:publisher\" content=\"https:\/\/www.facebook.com\/leregardlibre\/\" \/>\n<meta property=\"article:published_time\" content=\"2020-08-21T04:00:00+00:00\" \/>\n<meta property=\"article:modified_time\" content=\"2025-12-13T21:53:41+00:00\" \/>\n<meta property=\"og:image\" content=\"https:\/\/leregardlibre.com\/wp-content\/uploads\/2020\/08\/Chekib-Drareni-1.jpg\" \/>\n\t<meta property=\"og:image:width\" content=\"2048\" \/>\n\t<meta property=\"og:image:height\" content=\"1536\" \/>\n\t<meta property=\"og:image:type\" content=\"image\/jpeg\" \/>\n<meta name=\"author\" content=\"Antoine Menusier\" \/>\n<meta name=\"twitter:card\" content=\"summary_large_image\" \/>\n<meta name=\"twitter:creator\" content=\"@LeRegardLibre\" \/>\n<meta name=\"twitter:site\" content=\"@LeRegardLibre\" \/>\n<meta name=\"twitter:label1\" content=\"Verfasst von\" \/>\n\t<meta name=\"twitter:data1\" content=\"Antoine Menusier\" \/>\n\t<meta name=\"twitter:label2\" content=\"Gesch\u00e4tzte Lesezeit\" \/>\n\t<meta name=\"twitter:data2\" content=\"5\u00a0Minuten\" \/>\n<script type=\"application\/ld+json\" class=\"yoast-schema-graph\">{\"@context\":\"https:\\\/\\\/schema.org\",\"@graph\":[{\"@type\":\"Article\",\"@id\":\"https:\\\/\\\/leregardlibre.com\\\/politique\\\/monde\\\/khaled-drareni-journaliste-algerien-condamne-son-frere-temoigne\\\/#article\",\"isPartOf\":{\"@id\":\"https:\\\/\\\/leregardlibre.com\\\/politique\\\/monde\\\/khaled-drareni-journaliste-algerien-condamne-son-frere-temoigne\\\/\"},\"author\":{\"name\":\"Antoine Menusier\",\"@id\":\"https:\\\/\\\/leregardlibre.com\\\/#\\\/schema\\\/person\\\/ce386ed8f858409e7182fce38cdbb91e\"},\"headline\":\"Khaled Drareni, journaliste alg\u00e9rien condamn\u00e9: son fr\u00e8re t\u00e9moigne\",\"datePublished\":\"2020-08-21T04:00:00+00:00\",\"dateModified\":\"2025-12-13T21:53:41+00:00\",\"mainEntityOfPage\":{\"@id\":\"https:\\\/\\\/leregardlibre.com\\\/politique\\\/monde\\\/khaled-drareni-journaliste-algerien-condamne-son-frere-temoigne\\\/\"},\"wordCount\":1106,\"commentCount\":0,\"publisher\":{\"@id\":\"https:\\\/\\\/leregardlibre.com\\\/#organization\"},\"image\":{\"@id\":\"https:\\\/\\\/leregardlibre.com\\\/politique\\\/monde\\\/khaled-drareni-journaliste-algerien-condamne-son-frere-temoigne\\\/#primaryimage\"},\"thumbnailUrl\":\"https:\\\/\\\/leregardlibre.com\\\/wp-content\\\/uploads\\\/2020\\\/08\\\/Chekib-Drareni-1.jpg\",\"keywords\":[\"Alg\u00e9rie\",\"Autoritarisme\",\"Censure\",\"Hirak\",\"Hirak alg\u00e9rien\",\"Libert\u00e9 de la presse\",\"T\u00e9moignage\"],\"articleSection\":[\"Monde\"],\"inLanguage\":\"de\",\"potentialAction\":[{\"@type\":\"CommentAction\",\"name\":\"Comment\",\"target\":[\"https:\\\/\\\/leregardlibre.com\\\/politique\\\/monde\\\/khaled-drareni-journaliste-algerien-condamne-son-frere-temoigne\\\/#respond\"]}]},{\"@type\":\"WebPage\",\"@id\":\"https:\\\/\\\/leregardlibre.com\\\/politique\\\/monde\\\/khaled-drareni-journaliste-algerien-condamne-son-frere-temoigne\\\/\",\"url\":\"https:\\\/\\\/leregardlibre.com\\\/politique\\\/monde\\\/khaled-drareni-journaliste-algerien-condamne-son-frere-temoigne\\\/\",\"name\":\"Khaled Drareni, journaliste alg\u00e9rien condamn\u00e9: son fr\u00e8re t\u00e9moigne\",\"isPartOf\":{\"@id\":\"https:\\\/\\\/leregardlibre.com\\\/#website\"},\"primaryImageOfPage\":{\"@id\":\"https:\\\/\\\/leregardlibre.com\\\/politique\\\/monde\\\/khaled-drareni-journaliste-algerien-condamne-son-frere-temoigne\\\/#primaryimage\"},\"image\":{\"@id\":\"https:\\\/\\\/leregardlibre.com\\\/politique\\\/monde\\\/khaled-drareni-journaliste-algerien-condamne-son-frere-temoigne\\\/#primaryimage\"},\"thumbnailUrl\":\"https:\\\/\\\/leregardlibre.com\\\/wp-content\\\/uploads\\\/2020\\\/08\\\/Chekib-Drareni-1.jpg\",\"datePublished\":\"2020-08-21T04:00:00+00:00\",\"dateModified\":\"2025-12-13T21:53:41+00:00\",\"description\":\"Le fr\u00e8re du reporter et militant pacifiste alg\u00e9rien Khaled Drareni explique les actions qu\u2019il m\u00e8ne en faveur de la lib\u00e9ration de ce dernier.\",\"breadcrumb\":{\"@id\":\"https:\\\/\\\/leregardlibre.com\\\/politique\\\/monde\\\/khaled-drareni-journaliste-algerien-condamne-son-frere-temoigne\\\/#breadcrumb\"},\"inLanguage\":\"de\",\"potentialAction\":[{\"@type\":\"ReadAction\",\"target\":[\"https:\\\/\\\/leregardlibre.com\\\/politique\\\/monde\\\/khaled-drareni-journaliste-algerien-condamne-son-frere-temoigne\\\/\"]}]},{\"@type\":\"ImageObject\",\"inLanguage\":\"de\",\"@id\":\"https:\\\/\\\/leregardlibre.com\\\/politique\\\/monde\\\/khaled-drareni-journaliste-algerien-condamne-son-frere-temoigne\\\/#primaryimage\",\"url\":\"https:\\\/\\\/leregardlibre.com\\\/wp-content\\\/uploads\\\/2020\\\/08\\\/Chekib-Drareni-1.jpg\",\"contentUrl\":\"https:\\\/\\\/leregardlibre.com\\\/wp-content\\\/uploads\\\/2020\\\/08\\\/Chekib-Drareni-1.jpg\",\"width\":2048,\"height\":1536},{\"@type\":\"BreadcrumbList\",\"@id\":\"https:\\\/\\\/leregardlibre.com\\\/politique\\\/monde\\\/khaled-drareni-journaliste-algerien-condamne-son-frere-temoigne\\\/#breadcrumb\",\"itemListElement\":[{\"@type\":\"ListItem\",\"position\":1,\"name\":\"Accueil\",\"item\":\"https:\\\/\\\/leregardlibre.com\\\/\"},{\"@type\":\"ListItem\",\"position\":2,\"name\":\"Khaled Drareni, journaliste alg\u00e9rien condamn\u00e9: son fr\u00e8re t\u00e9moigne\"}]},{\"@type\":\"WebSite\",\"@id\":\"https:\\\/\\\/leregardlibre.com\\\/#website\",\"url\":\"https:\\\/\\\/leregardlibre.com\\\/\",\"name\":\"Le Regard Libre\",\"description\":\"Premier mensuel suisse de d\u00e9bat\",\"publisher\":{\"@id\":\"https:\\\/\\\/leregardlibre.com\\\/#organization\"},\"potentialAction\":[{\"@type\":\"SearchAction\",\"target\":{\"@type\":\"EntryPoint\",\"urlTemplate\":\"https:\\\/\\\/leregardlibre.com\\\/?s={search_term_string}\"},\"query-input\":{\"@type\":\"PropertyValueSpecification\",\"valueRequired\":true,\"valueName\":\"search_term_string\"}}],\"inLanguage\":\"de\"},{\"@type\":\"Organization\",\"@id\":\"https:\\\/\\\/leregardlibre.com\\\/#organization\",\"name\":\"Le Regard Libre\",\"url\":\"https:\\\/\\\/leregardlibre.com\\\/\",\"logo\":{\"@type\":\"ImageObject\",\"inLanguage\":\"de\",\"@id\":\"https:\\\/\\\/leregardlibre.com\\\/#\\\/schema\\\/logo\\\/image\\\/\",\"url\":\"https:\\\/\\\/leregardlibre.com\\\/wp-content\\\/uploads\\\/2025\\\/08\\\/logo-rl-icone-neg.jpeg\",\"contentUrl\":\"https:\\\/\\\/leregardlibre.com\\\/wp-content\\\/uploads\\\/2025\\\/08\\\/logo-rl-icone-neg.jpeg\",\"width\":557,\"height\":556,\"caption\":\"Le Regard Libre\"},\"image\":{\"@id\":\"https:\\\/\\\/leregardlibre.com\\\/#\\\/schema\\\/logo\\\/image\\\/\"},\"sameAs\":[\"https:\\\/\\\/www.facebook.com\\\/leregardlibre\\\/\",\"https:\\\/\\\/x.com\\\/LeRegardLibre\",\"https:\\\/\\\/www.linkedin.com\\\/company\\\/le-regard-libre\",\"https:\\\/\\\/www.instagram.com\\\/leregardlibre\\\/\",\"http:\\\/\\\/t.me\\\/leregardlibre\",\"https:\\\/\\\/youtube.com\\\/channel\\\/UC6HzGPomj1LsUmlz-sJtITQ\"],\"description\":\"Le Regard Libre est un mensuel suisse de d\u00e9bat intellectuel et culturel. Sa r\u00e9daction est jeune, b\u00e9n\u00e9vole, lib\u00e9rale et pluraliste. Le magazine para\u00eet en ligne et sous forme papier. Sa langue est le fran\u00e7ais.\",\"email\":\"redaction@leregardlibre.com\",\"legalName\":\"Le Regard Libre\",\"foundingDate\":\"2014-01-01\",\"numberOfEmployees\":{\"@type\":\"QuantitativeValue\",\"minValue\":\"11\",\"maxValue\":\"50\"},\"publishingPrinciples\":\"https:\\\/\\\/leregardlibre.com\\\/a-propos\\\/notre-manifeste\\\/\",\"ownershipFundingInfo\":\"https:\\\/\\\/leregardlibre.com\\\/mentions-legales\\\/\",\"actionableFeedbackPolicy\":\"https:\\\/\\\/leregardlibre.com\\\/conditions-generales-de-vente\\\/\"},{\"@type\":\"Person\",\"@id\":\"https:\\\/\\\/leregardlibre.com\\\/#\\\/schema\\\/person\\\/ce386ed8f858409e7182fce38cdbb91e\",\"name\":\"Antoine Menusier\",\"image\":{\"@type\":\"ImageObject\",\"inLanguage\":\"de\",\"@id\":\"https:\\\/\\\/secure.gravatar.com\\\/avatar\\\/208175bba5059c5f43351df297c13fa344b548ac03dbdad0be8633426f4f08af?s=96&d=identicon&r=g\",\"url\":\"https:\\\/\\\/secure.gravatar.com\\\/avatar\\\/208175bba5059c5f43351df297c13fa344b548ac03dbdad0be8633426f4f08af?s=96&d=identicon&r=g\",\"contentUrl\":\"https:\\\/\\\/secure.gravatar.com\\\/avatar\\\/208175bba5059c5f43351df297c13fa344b548ac03dbdad0be8633426f4f08af?s=96&d=identicon&r=g\",\"caption\":\"Antoine Menusier\"},\"description\":\"Journaliste, essayiste, auteur du \u00abLivre des ind\u00e9sir\u00e9s \u2013 Une histoire des Arabes en France\u00bb (Editions du Cerf, 2019), Antoine Menusier contribue au Regard Libre en tant qu'invit\u00e9 de la r\u00e9daction.\",\"sameAs\":[\"https:\\\/\\\/leregardlibre.com\\\/\",\"https:\\\/\\\/fr.wikipedia.org\\\/wiki\\\/Le_Regard_libre\"],\"url\":\"https:\\\/\\\/leregardlibre.com\\\/de\\\/author\\\/antoine-menusier\\\/\"}]}<\/script>\n<!-- \/ Yoast SEO Premium plugin. -->","yoast_head_json":{"title":"Khaled Drareni, verurteilter algerischer Journalist: Sein Bruder sagt aus","description":"Le fr\u00e8re du reporter et militant pacifiste alg\u00e9rien Khaled Drareni explique les actions qu\u2019il m\u00e8ne en faveur de la lib\u00e9ration de ce dernier.","robots":{"index":"index","follow":"follow","max-snippet":"max-snippet:-1","max-image-preview":"max-image-preview:large","max-video-preview":"max-video-preview:-1"},"canonical":"https:\/\/leregardlibre.com\/de\/politik\/welt\/khaled-drareni-journaliste-algerien-condamne-son-frere-temoigne\/","og_locale":"de_DE","og_type":"article","og_title":"Khaled Drareni, journaliste alg\u00e9rien condamn\u00e9: son fr\u00e8re t\u00e9moigne","og_description":"Le fr\u00e8re du reporter et militant pacifiste alg\u00e9rien Khaled Drareni explique les actions qu\u2019il m\u00e8ne en faveur de la lib\u00e9ration de ce dernier.","og_url":"https:\/\/leregardlibre.com\/de\/politik\/welt\/khaled-drareni-journaliste-algerien-condamne-son-frere-temoigne\/","og_site_name":"Le Regard Libre","article_publisher":"https:\/\/www.facebook.com\/leregardlibre\/","article_published_time":"2020-08-21T04:00:00+00:00","article_modified_time":"2025-12-13T21:53:41+00:00","og_image":[{"width":2048,"height":1536,"url":"https:\/\/leregardlibre.com\/wp-content\/uploads\/2020\/08\/Chekib-Drareni-1.jpg","type":"image\/jpeg"}],"author":"Antoine Menusier","twitter_card":"summary_large_image","twitter_creator":"@LeRegardLibre","twitter_site":"@LeRegardLibre","twitter_misc":{"Verfasst von":"Antoine Menusier","Gesch\u00e4tzte Lesezeit":"5\u00a0Minuten"},"schema":{"@context":"https:\/\/schema.org","@graph":[{"@type":"Article","@id":"https:\/\/leregardlibre.com\/politique\/monde\/khaled-drareni-journaliste-algerien-condamne-son-frere-temoigne\/#article","isPartOf":{"@id":"https:\/\/leregardlibre.com\/politique\/monde\/khaled-drareni-journaliste-algerien-condamne-son-frere-temoigne\/"},"author":{"name":"Antoine Menusier","@id":"https:\/\/leregardlibre.com\/#\/schema\/person\/ce386ed8f858409e7182fce38cdbb91e"},"headline":"Khaled Drareni, journaliste alg\u00e9rien condamn\u00e9: son fr\u00e8re t\u00e9moigne","datePublished":"2020-08-21T04:00:00+00:00","dateModified":"2025-12-13T21:53:41+00:00","mainEntityOfPage":{"@id":"https:\/\/leregardlibre.com\/politique\/monde\/khaled-drareni-journaliste-algerien-condamne-son-frere-temoigne\/"},"wordCount":1106,"commentCount":0,"publisher":{"@id":"https:\/\/leregardlibre.com\/#organization"},"image":{"@id":"https:\/\/leregardlibre.com\/politique\/monde\/khaled-drareni-journaliste-algerien-condamne-son-frere-temoigne\/#primaryimage"},"thumbnailUrl":"https:\/\/leregardlibre.com\/wp-content\/uploads\/2020\/08\/Chekib-Drareni-1.jpg","keywords":["Alg\u00e9rie","Autoritarisme","Censure","Hirak","Hirak alg\u00e9rien","Libert\u00e9 de la presse","T\u00e9moignage"],"articleSection":["Monde"],"inLanguage":"de","potentialAction":[{"@type":"CommentAction","name":"Comment","target":["https:\/\/leregardlibre.com\/politique\/monde\/khaled-drareni-journaliste-algerien-condamne-son-frere-temoigne\/#respond"]}]},{"@type":"WebPage","@id":"https:\/\/leregardlibre.com\/politique\/monde\/khaled-drareni-journaliste-algerien-condamne-son-frere-temoigne\/","url":"https:\/\/leregardlibre.com\/politique\/monde\/khaled-drareni-journaliste-algerien-condamne-son-frere-temoigne\/","name":"Khaled Drareni, verurteilter algerischer Journalist: Sein Bruder sagt aus","isPartOf":{"@id":"https:\/\/leregardlibre.com\/#website"},"primaryImageOfPage":{"@id":"https:\/\/leregardlibre.com\/politique\/monde\/khaled-drareni-journaliste-algerien-condamne-son-frere-temoigne\/#primaryimage"},"image":{"@id":"https:\/\/leregardlibre.com\/politique\/monde\/khaled-drareni-journaliste-algerien-condamne-son-frere-temoigne\/#primaryimage"},"thumbnailUrl":"https:\/\/leregardlibre.com\/wp-content\/uploads\/2020\/08\/Chekib-Drareni-1.jpg","datePublished":"2020-08-21T04:00:00+00:00","dateModified":"2025-12-13T21:53:41+00:00","description":"Le fr\u00e8re du reporter et militant pacifiste alg\u00e9rien Khaled Drareni explique les actions qu\u2019il m\u00e8ne en faveur de la lib\u00e9ration de ce dernier.","breadcrumb":{"@id":"https:\/\/leregardlibre.com\/politique\/monde\/khaled-drareni-journaliste-algerien-condamne-son-frere-temoigne\/#breadcrumb"},"inLanguage":"de","potentialAction":[{"@type":"ReadAction","target":["https:\/\/leregardlibre.com\/politique\/monde\/khaled-drareni-journaliste-algerien-condamne-son-frere-temoigne\/"]}]},{"@type":"ImageObject","inLanguage":"de","@id":"https:\/\/leregardlibre.com\/politique\/monde\/khaled-drareni-journaliste-algerien-condamne-son-frere-temoigne\/#primaryimage","url":"https:\/\/leregardlibre.com\/wp-content\/uploads\/2020\/08\/Chekib-Drareni-1.jpg","contentUrl":"https:\/\/leregardlibre.com\/wp-content\/uploads\/2020\/08\/Chekib-Drareni-1.jpg","width":2048,"height":1536},{"@type":"BreadcrumbList","@id":"https:\/\/leregardlibre.com\/politique\/monde\/khaled-drareni-journaliste-algerien-condamne-son-frere-temoigne\/#breadcrumb","itemListElement":[{"@type":"ListItem","position":1,"name":"Accueil","item":"https:\/\/leregardlibre.com\/"},{"@type":"ListItem","position":2,"name":"Khaled Drareni, journaliste alg\u00e9rien condamn\u00e9: son fr\u00e8re t\u00e9moigne"}]},{"@type":"WebSite","@id":"https:\/\/leregardlibre.com\/#website","url":"https:\/\/leregardlibre.com\/","name":"Le Regard Libre","description":"Erste Schweizer Monatszeitschrift f\u00fcr Debatten","publisher":{"@id":"https:\/\/leregardlibre.com\/#organization"},"potentialAction":[{"@type":"SearchAction","target":{"@type":"EntryPoint","urlTemplate":"https:\/\/leregardlibre.com\/?s={search_term_string}"},"query-input":{"@type":"PropertyValueSpecification","valueRequired":true,"valueName":"search_term_string"}}],"inLanguage":"de"},{"@type":"Organization","@id":"https:\/\/leregardlibre.com\/#organization","name":"Le Regard Libre","url":"https:\/\/leregardlibre.com\/","logo":{"@type":"ImageObject","inLanguage":"de","@id":"https:\/\/leregardlibre.com\/#\/schema\/logo\/image\/","url":"https:\/\/leregardlibre.com\/wp-content\/uploads\/2025\/08\/logo-rl-icone-neg.jpeg","contentUrl":"https:\/\/leregardlibre.com\/wp-content\/uploads\/2025\/08\/logo-rl-icone-neg.jpeg","width":557,"height":556,"caption":"Le Regard Libre"},"image":{"@id":"https:\/\/leregardlibre.com\/#\/schema\/logo\/image\/"},"sameAs":["https:\/\/www.facebook.com\/leregardlibre\/","https:\/\/x.com\/LeRegardLibre","https:\/\/www.linkedin.com\/company\/le-regard-libre","https:\/\/www.instagram.com\/leregardlibre\/","http:\/\/t.me\/leregardlibre","https:\/\/youtube.com\/channel\/UC6HzGPomj1LsUmlz-sJtITQ"],"description":"Le Regard Libre ist eine Schweizer Monatszeitschrift f\u00fcr intellektuelle und kulturelle Debatten. Seine Redaktion ist jung, ehrenamtlich, liberal und pluralistisch. Das Magazin erscheint online und in gedruckter Form. Seine Sprache ist Franz\u00f6sisch.","email":"redaction@leregardlibre.com","legalName":"Le Regard Libre","foundingDate":"2014-01-01","numberOfEmployees":{"@type":"QuantitativeValue","minValue":"11","maxValue":"50"},"publishingPrinciples":"https:\/\/leregardlibre.com\/a-propos\/notre-manifeste\/","ownershipFundingInfo":"https:\/\/leregardlibre.com\/mentions-legales\/","actionableFeedbackPolicy":"https:\/\/leregardlibre.com\/conditions-generales-de-vente\/"},{"@type":"Person","@id":"https:\/\/leregardlibre.com\/#\/schema\/person\/ce386ed8f858409e7182fce38cdbb91e","name":"Antoine Menusier","image":{"@type":"ImageObject","inLanguage":"de","@id":"https:\/\/secure.gravatar.com\/avatar\/208175bba5059c5f43351df297c13fa344b548ac03dbdad0be8633426f4f08af?s=96&d=identicon&r=g","url":"https:\/\/secure.gravatar.com\/avatar\/208175bba5059c5f43351df297c13fa344b548ac03dbdad0be8633426f4f08af?s=96&d=identicon&r=g","contentUrl":"https:\/\/secure.gravatar.com\/avatar\/208175bba5059c5f43351df297c13fa344b548ac03dbdad0be8633426f4f08af?s=96&d=identicon&r=g","caption":"Antoine Menusier"},"description":"Journalist, Essayist und Autor von \u00abLivre des indir\u00e9s - Une histoire des Arabes en France\u00bb (Editions du Cerf, 2019), Antoine Menusier tr\u00e4gt als Gast der Redaktion zum Regard Libre bei.","sameAs":["https:\/\/leregardlibre.com\/","https:\/\/fr.wikipedia.org\/wiki\/Le_Regard_libre"],"url":"https:\/\/leregardlibre.com\/de\/author\/antoine-menusier\/"}]}},"_links":{"self":[{"href":"https:\/\/leregardlibre.com\/de\/wp-json\/wp\/v2\/posts\/35566","targetHints":{"allow":["GET"]}}],"collection":[{"href":"https:\/\/leregardlibre.com\/de\/wp-json\/wp\/v2\/posts"}],"about":[{"href":"https:\/\/leregardlibre.com\/de\/wp-json\/wp\/v2\/types\/post"}],"author":[{"embeddable":true,"href":"https:\/\/leregardlibre.com\/de\/wp-json\/wp\/v2\/users\/120"}],"replies":[{"embeddable":true,"href":"https:\/\/leregardlibre.com\/de\/wp-json\/wp\/v2\/comments?post=35566"}],"version-history":[{"count":2,"href":"https:\/\/leregardlibre.com\/de\/wp-json\/wp\/v2\/posts\/35566\/revisions"}],"predecessor-version":[{"id":521298,"href":"https:\/\/leregardlibre.com\/de\/wp-json\/wp\/v2\/posts\/35566\/revisions\/521298"}],"wp:featuredmedia":[{"embeddable":true,"href":"https:\/\/leregardlibre.com\/de\/wp-json\/wp\/v2\/media\/35580"}],"wp:attachment":[{"href":"https:\/\/leregardlibre.com\/de\/wp-json\/wp\/v2\/media?parent=35566"}],"wp:term":[{"taxonomy":"category","embeddable":true,"href":"https:\/\/leregardlibre.com\/de\/wp-json\/wp\/v2\/categories?post=35566"},{"taxonomy":"post_tag","embeddable":true,"href":"https:\/\/leregardlibre.com\/de\/wp-json\/wp\/v2\/tags?post=35566"}],"curies":[{"name":"wp","href":"https:\/\/api.w.org\/{rel}","templated":true}]}}