{"id":35646,"date":"2020-08-25T19:54:50","date_gmt":"2020-08-25T17:54:50","guid":{"rendered":"https:\/\/leregardlibre.com\/?p=35646"},"modified":"2022-09-04T10:40:27","modified_gmt":"2022-09-04T08:40:27","slug":"mona-ozouf-liefert-ein-wunderbares-pladoyer-fur-die-literatur","status":"publish","type":"post","link":"https:\/\/leregardlibre.com\/de\/literatur\/mona-ozouf-liefert-ein-wunderbares-pladoyer-fur-die-literatur\/","title":{"rendered":"Mona Ozouf liefert ein wunderbares Pl\u00e4doyer f\u00fcr die Literatur"},"content":{"rendered":"<p><em>B\u00fccher am Dienstag - Jonas Follonier<\/em><\/p>\n\n\n\n<p class=\"has-drop-cap\"><strong>Es handelt sich um ein wichtiges Werk, das von den Editions Stock in der so sch\u00f6nen Reihe mit dem von Le Petit Atelier angefertigten Einband ver\u00f6ffentlicht wurde. <em>Um das Leben leichter zu machen. B\u00fccher, Frauen, Manieren<\/em> l\u00e4sst die Stimmen von Mona Ozouf und ihren Gespr\u00e4chspartnern Pierre Manent, Diane de Margerie, Genevi\u00e8ve Brisac, Philippe Raynaud, Claude Habib, Philippe B\u00e9laval und Patrice Gueniffey h\u00f6ren, sowie den Moderator der Sendung <em>Repliken<\/em> der Gastgeber dieser Gespr\u00e4che, der Essayist und Akademiker Alain Finkielkraut. Sie diskutieren darin \u00fcber das Wesen der Literatur, \u00fcber ihre Auswirkungen auf unser Leben mehr als \u00fcber ihre Rolle sowie \u00fcber Galanterie, die auf \u00e4u\u00dferst subtile und \u00fcberzeugende Weise in diesem Buch mit B\u00fcchern in Verbindung gebracht wird.<\/strong><\/p>\n\n\n\n<!--more Lire la chronique-->\n\n\n\n<p>Man k\u00f6nnte sagen, dass das, was B\u00fccher und Manieren vereint, neben ihren <em>Auswirkungen<\/em> auf die Existenz, n\u00e4mlich Leichtigkeit zu bringen, ist ihre <em>Benzin<\/em> sogar: Es ist Kunst. <em>Ars<\/em>, ist das lateinische \u00c4quivalent des griechischen Wortes <em>techn\u00e9<\/em>, Das Wort \u00abTechnik\u00bb, das das franz\u00f6sische Wort \u00abtechnique\u00bb (Technik) gepr\u00e4gt hat, bedeutet im eigentlichen Sinne \u00abProduktion\u00bb. Es handelt sich also um etwas vom Menschen Geschaffenes. Um diese Dimension der Welt, das Nicht-Nat\u00fcrliche, zu erkennen, muss man jedoch bereits das Nat\u00fcrliche erkennen. Das ist der fr\u00f6hlichen Gesellschaft, die aus diesen neun Intellektuellen besteht, gemeinsam. Es sei darauf hingewiesen, dass diese Haltung in der heutigen akademischen Welt in der Minderheit ist, was f\u00fcr den Laien vielleicht unglaublich klingt.<\/p>\n\n\n\n<p>Was also tun die Koautoren von <em>Um das Leben leichter zu machen<\/em>, Wenn man so will, geht es darum, die Natur zu rehabilitieren, nicht um sie zu loben, sondern um die Raffinessen aufzuzeigen, die man in ihr hervorbringen kann. Und da wir gerade von Literatur und Manieren sprechen, geht es auch viel um die menschliche Natur und die Natur der menschlichen Beziehungen. Da M\u00e4nner von Natur aus Frauen in Bezug auf ihre k\u00f6rperliche St\u00e4rke \u00fcberlegen sind, erm\u00f6glicht die Ritterlichkeit eine Umkehrung der nat\u00fcrlichen Rollen: Der Mann macht sich schwach und erkennt die \u00dcberlegenheit der Frau in Bezug auf Raffinesse und die \u00dcberlegenheit dieser \u00dcberlegenheit \u00fcber den anderen an. In \u00e4hnlicher Weise ist die Literatur der realen Welt in Bezug auf die Art der Erfahrungen, die sie uns vermittelt, \u00fcberlegen:<\/p>\n\n\n\n<blockquote class=\"wp-block-quote is-layout-flow wp-block-quote-is-layout-flow\"><p>\u00abIn den Werken, die wir studieren, lernen wir die Leidenschaften kennen und erfahren, was Grausamkeit, Verlassenheit, Eifersucht und Rache sind. Aber wir sterben nicht mit dem Helden, und wenn wir mit ihm leiden, dann nicht wie er; die Emotionen k\u00f6nnen uns noch so sehr packen, zu keinem Zeitpunkt verl\u00e4sst uns die Gewissheit, dass sie uns nicht zerst\u00f6ren werden. [...] Dies war laut Alain die Kardinaltugend der Schule: An der Tafel werden falsche Additionen, die paradoxerweise den Sch\u00fcler belehren, \u201cniemanden ruinieren\u201d.<\/p><\/blockquote>\n\n\n\n<p>Die Entdeckung der B\u00fccher, von der Mona Ozouf hier erz\u00e4hlt, indem sie von ihrer Schulzeit im alten Stil spricht (in der man Zeit hatte, sich zu langweilen und somit zu lesen und zu tr\u00e4umen), ist f\u00fcr einen Landbewohner gleichbedeutend mit der Entdeckung einer Gro\u00dfstadt oder f\u00fcr einen verheirateten Mann, der auf der Suche nach Abenteuern ist, mit dem wiedergefundenen Junggesellenleben: der Ort aller M\u00f6glichkeiten. Wie Mona Ozouf es so sch\u00f6n formuliert, \u00abvervielfacht die Literatur die Existenz\u00bb. Und zwar eine Existenz, die auf die Welt ausgerichtet ist und nicht nur auf das eigene Ich. Dies ist das gro\u00dfe Drama unserer Zeit, das von allen G\u00e4sten dieses Buches ganz oder teilweise erkannt wird: die Einschlie\u00dfung der Romane entweder nur in der Welt und nicht mehr im Ich.\u2019<em>Existenz<\/em> in der Welt oder in der Existenz allein (au\u00dferdem handelt es sich dabei meist um die Existenz der Autoren selbst). Alain Finkielkraut schreibt:<\/p>\n\n\n\n<blockquote class=\"wp-block-quote is-layout-flow wp-block-quote-is-layout-flow\"><p>\u00abJames h\u00e4tte das moderne Misstrauen gegen\u00fcber dem Roman nicht verstanden, denn f\u00fcr ihn war, bevor er das <em>Erz\u00e4hlung<\/em> - \u2018\u2018Die Marquise ging um f\u00fcnf Uhr hinaus\u2019\u2019 -, ist der Roman <em>Blick<\/em>, Es ist eine Art, die Welt zu begreifen. Und Lambert Strether, der untreue Gesandte, kann schlie\u00dflich Europa aufgeben und nach Hause zur\u00fcckkehren: Er ist nicht mehr derselbe, er hat gelernt zu sehen, er ist gewisserma\u00dfen zum Roman bekehrt worden.\u00bb<\/p><\/blockquote>\n\n\n\n<p>Und Mona Ozouf f\u00fcgte hinzu:<\/p>\n\n\n\n<blockquote class=\"wp-block-quote is-layout-flow wp-block-quote-is-layout-flow\"><p>\u00abDas Thema dieses Romans ist die Bescheidenheit oder die Unschuld gegen\u00fcber dem Spektakel. Das Spektakel ist dem zeitgen\u00f6ssischen Roman verloren gegangen, aber es macht das Wesen des Romans aus.\u00bb<\/p><\/blockquote>\n\n\n\n<p>Die Kontemplation, kurz gesagt, die von der Philosophie geteilt wird. Aber es gibt noch mehr. Die Verbindung von B\u00fcchern mit der Wahrheit: Laut der Philosophin, die sich hier auf Proust st\u00fctzt, ist Wahrheit nicht immer gleichbedeutend mit Spontaneit\u00e4t. Wenn man spontan ist, kann man Dinge sagen, die man so sehr meint, dass man sie gar nicht meint - jeder hat solche Situationen schon einmal im Zorn erlebt. Im Gegensatz dazu kann man mit dem Feingef\u00fchl, das die Literatur oder die Umgangsformen bieten, das richtige Wort finden. Man denkt nicht nur <em>von<\/em> die Worte, aber \u00abman denkt <em>in<\/em> die Worte\u00bb, wie der Anwalt Marc Bonnant in unseren Breitengraden feststellt. Eine \u00dcberlegung, die uns dazu auffordert, den heutigen Kult der Authentizit\u00e4t und des Loslassens zu hinterfragen.<\/p>\n\n\n\n<p>Literatur ist eben gerade nicht ein Loslassen. Lesen ist Flucht, aber diese Flucht unterh\u00e4lt nicht nur, sondern erzieht, moduliert das Wesen und zeigt den au\u00dfergew\u00f6hnlichen Adel der K\u00fcnstlichkeit. Aber woher kommt der Hass auf den Schein, der heute herrscht und der sich in der Ablehnung der Galanterie als heuchlerisch widerspiegelt? Rousseau ist schuld, sagt Finkielkraut. Das ist sicher richtig. Aber der Autor von\u2019<em>Ein intelligentes Herz <\/em>erkennt sein Genie im Vorbeigehen und wird in seinen Nuancen von seinen anderen G\u00e4sten begleitet. Das ist die gro\u00dfe St\u00e4rke von <em>Um das Leben leichter zu machen<\/em>, <a href=\"https:\/\/bonpourlatete.com\/culture\/des-animaux-des-hommes-et-des-robots\">die man bereits in <em>Von Tieren und Menschen<\/em><\/a>Polyphonie, konzeptuell und literarisch - aber ist das nicht alles dasselbe?<\/p>\n\n\n\n<p><em>Schreiben Sie dem Autor: <a href=\"mailto:jonas.follonier@leregardlibre.com\">jonas.follonier@leregardlibre.com<\/a><\/em><\/p>\n\n\n\n<p>Bildnachweis: Screenshot Youtube (France 5 \/ La Grande Librairie)<\/p>\n\n\n\n<div class=\"wp-block-group\"><div class=\"wp-block-group__inner-container is-layout-flow wp-block-group-is-layout-flow\">\n<div class=\"wp-block-media-text alignwide is-stacked-on-mobile\" style=\"grid-template-columns:32% auto\"><figure class=\"wp-block-media-text__media\"><img fetchpriority=\"high\" decoding=\"async\" width=\"250\" height=\"398\" src=\"http:\/\/leregardlibre.com\/wp-content\/uploads\/2020\/08\/9782234088184-001-G.jpeg\" alt=\"\" class=\"wp-image-35647\" srcset=\"https:\/\/leregardlibre.com\/wp-content\/uploads\/2020\/08\/9782234088184-001-G.jpeg 250w, https:\/\/leregardlibre.com\/wp-content\/uploads\/2020\/08\/9782234088184-001-G-94x150.jpeg 94w, https:\/\/leregardlibre.com\/wp-content\/uploads\/2020\/08\/9782234088184-001-G-188x300.jpeg 188w\" sizes=\"(max-width: 250px) 100vw, 250px\" \/><\/figure><div class=\"wp-block-media-text__content\">\n<p><strong>Mona Ouzouf, unter der Leitung von Alain Finkielkraut<\/strong><br><em><strong>Um das Leben leichter zu machen. B\u00fccher, Frauen, Manieren<\/strong><\/em><br><strong>2020<\/strong><br><strong>Stock Verlag<\/strong><br><strong>300 Seiten<\/strong><\/p>\n\n\n\n<div class=\"wp-block-buttons is-layout-flex wp-block-buttons-is-layout-flex\">\n<div class=\"wp-block-button\"><a class=\"wp-block-button__link\" href=\"https:\/\/www.editions-stock.fr\/livres\/essais-documents\/pour-rendre-la-vie-plus-legere-9782234088184\">Bestellen<\/a><\/div>\n<\/div>\n<\/div><\/div>\n<\/div><\/div>","protected":false},"excerpt":{"rendered":"<p>Literatur und Galanterie in einer Sache!<\/p>","protected":false},"author":138,"featured_media":35654,"comment_status":"open","ping_status":"open","sticky":false,"template":"","format":"standard","meta":{"_acf_changed":false,"footnotes":""},"categories":[20663],"tags":[745417,177,1179730,644341267,35916,644354769,644355020,1099,644354738,644344431],"class_list":["post-35646","post","type-post","status-publish","format-standard","has-post-thumbnail","hentry","category-litterature","tag-alain-finkielkraut","tag-art","tag-civilite","tag-galanterie","tag-livres","tag-manieres","tag-mona-ozouf","tag-nature","tag-pour-rendre-la-vie-plus-legere","tag-stock"],"acf":[],"yoast_head":"<!-- This site is optimized with the Yoast SEO Premium plugin v27.4 (Yoast SEO v27.4) - https:\/\/yoast.com\/product\/yoast-seo-premium-wordpress\/ -->\n<title>Mona Ozouf livre un magnifique plaidoyer pour la litt\u00e9rature<\/title>\n<meta name=\"robots\" content=\"index, follow, max-snippet:-1, max-image-preview:large, max-video-preview:-1\" \/>\n<link rel=\"canonical\" href=\"https:\/\/leregardlibre.com\/de\/literatur\/mona-ozouf-liefert-ein-wunderbares-pladoyer-fur-die-literatur\/\" \/>\n<meta property=\"og:locale\" content=\"de_DE\" \/>\n<meta property=\"og:type\" content=\"article\" \/>\n<meta property=\"og:title\" content=\"Mona Ozouf livre un magnifique plaidoyer pour la litt\u00e9rature\" \/>\n<meta property=\"og:description\" content=\"La litt\u00e9rature et la galanterie en une m\u00eame cause!\" \/>\n<meta property=\"og:url\" content=\"https:\/\/leregardlibre.com\/de\/literatur\/mona-ozouf-liefert-ein-wunderbares-pladoyer-fur-die-literatur\/\" \/>\n<meta property=\"og:site_name\" content=\"Le Regard Libre\" \/>\n<meta property=\"article:publisher\" content=\"https:\/\/www.facebook.com\/leregardlibre\/\" \/>\n<meta property=\"article:author\" content=\"https:\/\/www.facebook.com\/jonas.follonier\/\" \/>\n<meta property=\"article:published_time\" content=\"2020-08-25T17:54:50+00:00\" \/>\n<meta property=\"article:modified_time\" content=\"2022-09-04T08:40:27+00:00\" \/>\n<meta property=\"og:image\" content=\"https:\/\/leregardlibre.com\/wp-content\/uploads\/2020\/08\/Mona-Ozouf-\u00a9-France-5-La-Grande-Librairire.jpg\" \/>\n\t<meta property=\"og:image:width\" content=\"1280\" \/>\n\t<meta property=\"og:image:height\" content=\"720\" \/>\n\t<meta property=\"og:image:type\" content=\"image\/jpeg\" \/>\n<meta name=\"author\" content=\"Jonas Follonier\" \/>\n<meta name=\"twitter:card\" content=\"summary_large_image\" \/>\n<meta name=\"twitter:creator\" content=\"@LeRegardLibre\" \/>\n<meta name=\"twitter:site\" content=\"@LeRegardLibre\" \/>\n<meta name=\"twitter:label1\" content=\"Verfasst von\" \/>\n\t<meta name=\"twitter:data1\" content=\"Jonas Follonier\" \/>\n\t<meta name=\"twitter:label2\" content=\"Gesch\u00e4tzte Lesezeit\" \/>\n\t<meta name=\"twitter:data2\" content=\"6\u00a0Minuten\" \/>\n<script type=\"application\/ld+json\" class=\"yoast-schema-graph\">{\"@context\":\"https:\\\/\\\/schema.org\",\"@graph\":[{\"@type\":\"Article\",\"@id\":\"https:\\\/\\\/leregardlibre.com\\\/litterature\\\/mona-ozouf-livre-un-magnifique-plaidoyer-pour-la-litterature\\\/#article\",\"isPartOf\":{\"@id\":\"https:\\\/\\\/leregardlibre.com\\\/litterature\\\/mona-ozouf-livre-un-magnifique-plaidoyer-pour-la-litterature\\\/\"},\"author\":{\"name\":\"Jonas Follonier\",\"@id\":\"https:\\\/\\\/leregardlibre.com\\\/#\\\/schema\\\/person\\\/bfe5aa794a23be71485d60e2d93ec0d2\"},\"headline\":\"Mona Ozouf livre un magnifique plaidoyer pour la litt\u00e9rature\",\"datePublished\":\"2020-08-25T17:54:50+00:00\",\"dateModified\":\"2022-09-04T08:40:27+00:00\",\"mainEntityOfPage\":{\"@id\":\"https:\\\/\\\/leregardlibre.com\\\/litterature\\\/mona-ozouf-livre-un-magnifique-plaidoyer-pour-la-litterature\\\/\"},\"wordCount\":1137,\"commentCount\":0,\"publisher\":{\"@id\":\"https:\\\/\\\/leregardlibre.com\\\/#organization\"},\"image\":{\"@id\":\"https:\\\/\\\/leregardlibre.com\\\/litterature\\\/mona-ozouf-livre-un-magnifique-plaidoyer-pour-la-litterature\\\/#primaryimage\"},\"thumbnailUrl\":\"https:\\\/\\\/leregardlibre.com\\\/wp-content\\\/uploads\\\/2020\\\/08\\\/Mona-Ozouf-\u00a9-France-5-La-Grande-Librairire.jpg\",\"keywords\":[\"Alain Finkielkraut\",\"Art\",\"Civilit\u00e9\",\"Galanterie\",\"livres\",\"mani\u00e8res\",\"mona ozouf\",\"Nature\",\"pour rendre la vie plus l\u00e9g\u00e8re\",\"stock\"],\"articleSection\":[\"Litt\u00e9rature\"],\"inLanguage\":\"de\",\"potentialAction\":[{\"@type\":\"CommentAction\",\"name\":\"Comment\",\"target\":[\"https:\\\/\\\/leregardlibre.com\\\/litterature\\\/mona-ozouf-livre-un-magnifique-plaidoyer-pour-la-litterature\\\/#respond\"]}]},{\"@type\":\"WebPage\",\"@id\":\"https:\\\/\\\/leregardlibre.com\\\/litterature\\\/mona-ozouf-livre-un-magnifique-plaidoyer-pour-la-litterature\\\/\",\"url\":\"https:\\\/\\\/leregardlibre.com\\\/litterature\\\/mona-ozouf-livre-un-magnifique-plaidoyer-pour-la-litterature\\\/\",\"name\":\"Mona Ozouf livre un magnifique plaidoyer pour la litt\u00e9rature\",\"isPartOf\":{\"@id\":\"https:\\\/\\\/leregardlibre.com\\\/#website\"},\"primaryImageOfPage\":{\"@id\":\"https:\\\/\\\/leregardlibre.com\\\/litterature\\\/mona-ozouf-livre-un-magnifique-plaidoyer-pour-la-litterature\\\/#primaryimage\"},\"image\":{\"@id\":\"https:\\\/\\\/leregardlibre.com\\\/litterature\\\/mona-ozouf-livre-un-magnifique-plaidoyer-pour-la-litterature\\\/#primaryimage\"},\"thumbnailUrl\":\"https:\\\/\\\/leregardlibre.com\\\/wp-content\\\/uploads\\\/2020\\\/08\\\/Mona-Ozouf-\u00a9-France-5-La-Grande-Librairire.jpg\",\"datePublished\":\"2020-08-25T17:54:50+00:00\",\"dateModified\":\"2022-09-04T08:40:27+00:00\",\"breadcrumb\":{\"@id\":\"https:\\\/\\\/leregardlibre.com\\\/litterature\\\/mona-ozouf-livre-un-magnifique-plaidoyer-pour-la-litterature\\\/#breadcrumb\"},\"inLanguage\":\"de\",\"potentialAction\":[{\"@type\":\"ReadAction\",\"target\":[\"https:\\\/\\\/leregardlibre.com\\\/litterature\\\/mona-ozouf-livre-un-magnifique-plaidoyer-pour-la-litterature\\\/\"]}]},{\"@type\":\"ImageObject\",\"inLanguage\":\"de\",\"@id\":\"https:\\\/\\\/leregardlibre.com\\\/litterature\\\/mona-ozouf-livre-un-magnifique-plaidoyer-pour-la-litterature\\\/#primaryimage\",\"url\":\"https:\\\/\\\/leregardlibre.com\\\/wp-content\\\/uploads\\\/2020\\\/08\\\/Mona-Ozouf-\u00a9-France-5-La-Grande-Librairire.jpg\",\"contentUrl\":\"https:\\\/\\\/leregardlibre.com\\\/wp-content\\\/uploads\\\/2020\\\/08\\\/Mona-Ozouf-\u00a9-France-5-La-Grande-Librairire.jpg\",\"width\":1280,\"height\":720},{\"@type\":\"BreadcrumbList\",\"@id\":\"https:\\\/\\\/leregardlibre.com\\\/litterature\\\/mona-ozouf-livre-un-magnifique-plaidoyer-pour-la-litterature\\\/#breadcrumb\",\"itemListElement\":[{\"@type\":\"ListItem\",\"position\":1,\"name\":\"Accueil\",\"item\":\"https:\\\/\\\/leregardlibre.com\\\/\"},{\"@type\":\"ListItem\",\"position\":2,\"name\":\"Mona Ozouf livre un magnifique plaidoyer pour la litt\u00e9rature\"}]},{\"@type\":\"WebSite\",\"@id\":\"https:\\\/\\\/leregardlibre.com\\\/#website\",\"url\":\"https:\\\/\\\/leregardlibre.com\\\/\",\"name\":\"Le Regard Libre\",\"description\":\"Premier mensuel suisse de d\u00e9bat\",\"publisher\":{\"@id\":\"https:\\\/\\\/leregardlibre.com\\\/#organization\"},\"potentialAction\":[{\"@type\":\"SearchAction\",\"target\":{\"@type\":\"EntryPoint\",\"urlTemplate\":\"https:\\\/\\\/leregardlibre.com\\\/?s={search_term_string}\"},\"query-input\":{\"@type\":\"PropertyValueSpecification\",\"valueRequired\":true,\"valueName\":\"search_term_string\"}}],\"inLanguage\":\"de\"},{\"@type\":\"Organization\",\"@id\":\"https:\\\/\\\/leregardlibre.com\\\/#organization\",\"name\":\"Le Regard Libre\",\"url\":\"https:\\\/\\\/leregardlibre.com\\\/\",\"logo\":{\"@type\":\"ImageObject\",\"inLanguage\":\"de\",\"@id\":\"https:\\\/\\\/leregardlibre.com\\\/#\\\/schema\\\/logo\\\/image\\\/\",\"url\":\"https:\\\/\\\/leregardlibre.com\\\/wp-content\\\/uploads\\\/2025\\\/08\\\/logo-rl-icone-neg.jpeg\",\"contentUrl\":\"https:\\\/\\\/leregardlibre.com\\\/wp-content\\\/uploads\\\/2025\\\/08\\\/logo-rl-icone-neg.jpeg\",\"width\":557,\"height\":556,\"caption\":\"Le Regard Libre\"},\"image\":{\"@id\":\"https:\\\/\\\/leregardlibre.com\\\/#\\\/schema\\\/logo\\\/image\\\/\"},\"sameAs\":[\"https:\\\/\\\/www.facebook.com\\\/leregardlibre\\\/\",\"https:\\\/\\\/x.com\\\/LeRegardLibre\",\"https:\\\/\\\/www.linkedin.com\\\/company\\\/le-regard-libre\",\"https:\\\/\\\/www.instagram.com\\\/leregardlibre\\\/\",\"http:\\\/\\\/t.me\\\/leregardlibre\",\"https:\\\/\\\/youtube.com\\\/channel\\\/UC6HzGPomj1LsUmlz-sJtITQ\"],\"description\":\"Le Regard Libre est un mensuel suisse de d\u00e9bat intellectuel et culturel. Sa r\u00e9daction est jeune, b\u00e9n\u00e9vole, lib\u00e9rale et pluraliste. Le magazine para\u00eet en ligne et sous forme papier. Sa langue est le fran\u00e7ais.\",\"email\":\"redaction@leregardlibre.com\",\"legalName\":\"Le Regard Libre\",\"foundingDate\":\"2014-01-01\",\"numberOfEmployees\":{\"@type\":\"QuantitativeValue\",\"minValue\":\"11\",\"maxValue\":\"50\"},\"publishingPrinciples\":\"https:\\\/\\\/leregardlibre.com\\\/a-propos\\\/notre-manifeste\\\/\",\"ownershipFundingInfo\":\"https:\\\/\\\/leregardlibre.com\\\/mentions-legales\\\/\",\"actionableFeedbackPolicy\":\"https:\\\/\\\/leregardlibre.com\\\/conditions-generales-de-vente\\\/\"},{\"@type\":\"Person\",\"@id\":\"https:\\\/\\\/leregardlibre.com\\\/#\\\/schema\\\/person\\\/bfe5aa794a23be71485d60e2d93ec0d2\",\"name\":\"Jonas Follonier\",\"image\":{\"@type\":\"ImageObject\",\"inLanguage\":\"de\",\"@id\":\"https:\\\/\\\/secure.gravatar.com\\\/avatar\\\/602060b40f6a458420c2d140f49b6caea99152ce6704f2c332e5a0c5aad80303?s=96&d=identicon&r=g\",\"url\":\"https:\\\/\\\/secure.gravatar.com\\\/avatar\\\/602060b40f6a458420c2d140f49b6caea99152ce6704f2c332e5a0c5aad80303?s=96&d=identicon&r=g\",\"contentUrl\":\"https:\\\/\\\/secure.gravatar.com\\\/avatar\\\/602060b40f6a458420c2d140f49b6caea99152ce6704f2c332e5a0c5aad80303?s=96&d=identicon&r=g\",\"caption\":\"Jonas Follonier\"},\"description\":\"Correspondant au Palais f\u00e9d\u00e9ral pour \u00abL\u2019Agefi\u00bb, auteur-compositeur-interpr\u00e8te et essayiste, Jonas Follonier est le fondateur et r\u00e9dacteur en chef du \u00abRegard Libre\u00bb.\",\"sameAs\":[\"https:\\\/\\\/www.facebook.com\\\/jonas.follonier\\\/\",\"https:\\\/\\\/www.instagram.com\\\/jonasfollonier\\\/\",\"https:\\\/\\\/www.linkedin.com\\\/in\\\/jonasfollonier\\\/\",\"https:\\\/\\\/fr.wikipedia.org\\\/wiki\\\/Le_Regard_libre\"],\"url\":\"https:\\\/\\\/leregardlibre.com\\\/de\\\/author\\\/jonas-follonier\\\/\"}]}<\/script>\n<!-- \/ Yoast SEO Premium plugin. -->","yoast_head_json":{"title":"Mona Ozouf liefert ein wunderbares Pl\u00e4doyer f\u00fcr die Literatur","robots":{"index":"index","follow":"follow","max-snippet":"max-snippet:-1","max-image-preview":"max-image-preview:large","max-video-preview":"max-video-preview:-1"},"canonical":"https:\/\/leregardlibre.com\/de\/literatur\/mona-ozouf-liefert-ein-wunderbares-pladoyer-fur-die-literatur\/","og_locale":"de_DE","og_type":"article","og_title":"Mona Ozouf livre un magnifique plaidoyer pour la litt\u00e9rature","og_description":"La litt\u00e9rature et la galanterie en une m\u00eame cause!","og_url":"https:\/\/leregardlibre.com\/de\/literatur\/mona-ozouf-liefert-ein-wunderbares-pladoyer-fur-die-literatur\/","og_site_name":"Le Regard Libre","article_publisher":"https:\/\/www.facebook.com\/leregardlibre\/","article_author":"https:\/\/www.facebook.com\/jonas.follonier\/","article_published_time":"2020-08-25T17:54:50+00:00","article_modified_time":"2022-09-04T08:40:27+00:00","og_image":[{"width":1280,"height":720,"url":"https:\/\/leregardlibre.com\/wp-content\/uploads\/2020\/08\/Mona-Ozouf-\u00a9-France-5-La-Grande-Librairire.jpg","type":"image\/jpeg"}],"author":"Jonas Follonier","twitter_card":"summary_large_image","twitter_creator":"@LeRegardLibre","twitter_site":"@LeRegardLibre","twitter_misc":{"Verfasst von":"Jonas Follonier","Gesch\u00e4tzte Lesezeit":"6\u00a0Minuten"},"schema":{"@context":"https:\/\/schema.org","@graph":[{"@type":"Article","@id":"https:\/\/leregardlibre.com\/litterature\/mona-ozouf-livre-un-magnifique-plaidoyer-pour-la-litterature\/#article","isPartOf":{"@id":"https:\/\/leregardlibre.com\/litterature\/mona-ozouf-livre-un-magnifique-plaidoyer-pour-la-litterature\/"},"author":{"name":"Jonas Follonier","@id":"https:\/\/leregardlibre.com\/#\/schema\/person\/bfe5aa794a23be71485d60e2d93ec0d2"},"headline":"Mona Ozouf livre un magnifique plaidoyer pour la litt\u00e9rature","datePublished":"2020-08-25T17:54:50+00:00","dateModified":"2022-09-04T08:40:27+00:00","mainEntityOfPage":{"@id":"https:\/\/leregardlibre.com\/litterature\/mona-ozouf-livre-un-magnifique-plaidoyer-pour-la-litterature\/"},"wordCount":1137,"commentCount":0,"publisher":{"@id":"https:\/\/leregardlibre.com\/#organization"},"image":{"@id":"https:\/\/leregardlibre.com\/litterature\/mona-ozouf-livre-un-magnifique-plaidoyer-pour-la-litterature\/#primaryimage"},"thumbnailUrl":"https:\/\/leregardlibre.com\/wp-content\/uploads\/2020\/08\/Mona-Ozouf-\u00a9-France-5-La-Grande-Librairire.jpg","keywords":["Alain Finkielkraut","Art","Civilit\u00e9","Galanterie","livres","mani\u00e8res","mona ozouf","Nature","pour rendre la vie plus l\u00e9g\u00e8re","stock"],"articleSection":["Litt\u00e9rature"],"inLanguage":"de","potentialAction":[{"@type":"CommentAction","name":"Comment","target":["https:\/\/leregardlibre.com\/litterature\/mona-ozouf-livre-un-magnifique-plaidoyer-pour-la-litterature\/#respond"]}]},{"@type":"WebPage","@id":"https:\/\/leregardlibre.com\/litterature\/mona-ozouf-livre-un-magnifique-plaidoyer-pour-la-litterature\/","url":"https:\/\/leregardlibre.com\/litterature\/mona-ozouf-livre-un-magnifique-plaidoyer-pour-la-litterature\/","name":"Mona Ozouf liefert ein wunderbares Pl\u00e4doyer f\u00fcr die Literatur","isPartOf":{"@id":"https:\/\/leregardlibre.com\/#website"},"primaryImageOfPage":{"@id":"https:\/\/leregardlibre.com\/litterature\/mona-ozouf-livre-un-magnifique-plaidoyer-pour-la-litterature\/#primaryimage"},"image":{"@id":"https:\/\/leregardlibre.com\/litterature\/mona-ozouf-livre-un-magnifique-plaidoyer-pour-la-litterature\/#primaryimage"},"thumbnailUrl":"https:\/\/leregardlibre.com\/wp-content\/uploads\/2020\/08\/Mona-Ozouf-\u00a9-France-5-La-Grande-Librairire.jpg","datePublished":"2020-08-25T17:54:50+00:00","dateModified":"2022-09-04T08:40:27+00:00","breadcrumb":{"@id":"https:\/\/leregardlibre.com\/litterature\/mona-ozouf-livre-un-magnifique-plaidoyer-pour-la-litterature\/#breadcrumb"},"inLanguage":"de","potentialAction":[{"@type":"ReadAction","target":["https:\/\/leregardlibre.com\/litterature\/mona-ozouf-livre-un-magnifique-plaidoyer-pour-la-litterature\/"]}]},{"@type":"ImageObject","inLanguage":"de","@id":"https:\/\/leregardlibre.com\/litterature\/mona-ozouf-livre-un-magnifique-plaidoyer-pour-la-litterature\/#primaryimage","url":"https:\/\/leregardlibre.com\/wp-content\/uploads\/2020\/08\/Mona-Ozouf-\u00a9-France-5-La-Grande-Librairire.jpg","contentUrl":"https:\/\/leregardlibre.com\/wp-content\/uploads\/2020\/08\/Mona-Ozouf-\u00a9-France-5-La-Grande-Librairire.jpg","width":1280,"height":720},{"@type":"BreadcrumbList","@id":"https:\/\/leregardlibre.com\/litterature\/mona-ozouf-livre-un-magnifique-plaidoyer-pour-la-litterature\/#breadcrumb","itemListElement":[{"@type":"ListItem","position":1,"name":"Accueil","item":"https:\/\/leregardlibre.com\/"},{"@type":"ListItem","position":2,"name":"Mona Ozouf livre un magnifique plaidoyer pour la litt\u00e9rature"}]},{"@type":"WebSite","@id":"https:\/\/leregardlibre.com\/#website","url":"https:\/\/leregardlibre.com\/","name":"Le Regard Libre","description":"Erste Schweizer Monatszeitschrift f\u00fcr Debatten","publisher":{"@id":"https:\/\/leregardlibre.com\/#organization"},"potentialAction":[{"@type":"SearchAction","target":{"@type":"EntryPoint","urlTemplate":"https:\/\/leregardlibre.com\/?s={search_term_string}"},"query-input":{"@type":"PropertyValueSpecification","valueRequired":true,"valueName":"search_term_string"}}],"inLanguage":"de"},{"@type":"Organization","@id":"https:\/\/leregardlibre.com\/#organization","name":"Le Regard Libre","url":"https:\/\/leregardlibre.com\/","logo":{"@type":"ImageObject","inLanguage":"de","@id":"https:\/\/leregardlibre.com\/#\/schema\/logo\/image\/","url":"https:\/\/leregardlibre.com\/wp-content\/uploads\/2025\/08\/logo-rl-icone-neg.jpeg","contentUrl":"https:\/\/leregardlibre.com\/wp-content\/uploads\/2025\/08\/logo-rl-icone-neg.jpeg","width":557,"height":556,"caption":"Le Regard Libre"},"image":{"@id":"https:\/\/leregardlibre.com\/#\/schema\/logo\/image\/"},"sameAs":["https:\/\/www.facebook.com\/leregardlibre\/","https:\/\/x.com\/LeRegardLibre","https:\/\/www.linkedin.com\/company\/le-regard-libre","https:\/\/www.instagram.com\/leregardlibre\/","http:\/\/t.me\/leregardlibre","https:\/\/youtube.com\/channel\/UC6HzGPomj1LsUmlz-sJtITQ"],"description":"Le Regard Libre ist eine Schweizer Monatszeitschrift f\u00fcr intellektuelle und kulturelle Debatten. Seine Redaktion ist jung, ehrenamtlich, liberal und pluralistisch. Das Magazin erscheint online und in gedruckter Form. Seine Sprache ist Franz\u00f6sisch.","email":"redaction@leregardlibre.com","legalName":"Le Regard Libre","foundingDate":"2014-01-01","numberOfEmployees":{"@type":"QuantitativeValue","minValue":"11","maxValue":"50"},"publishingPrinciples":"https:\/\/leregardlibre.com\/a-propos\/notre-manifeste\/","ownershipFundingInfo":"https:\/\/leregardlibre.com\/mentions-legales\/","actionableFeedbackPolicy":"https:\/\/leregardlibre.com\/conditions-generales-de-vente\/"},{"@type":"Person","@id":"https:\/\/leregardlibre.com\/#\/schema\/person\/bfe5aa794a23be71485d60e2d93ec0d2","name":"Jonas Follonier","image":{"@type":"ImageObject","inLanguage":"de","@id":"https:\/\/secure.gravatar.com\/avatar\/602060b40f6a458420c2d140f49b6caea99152ce6704f2c332e5a0c5aad80303?s=96&d=identicon&r=g","url":"https:\/\/secure.gravatar.com\/avatar\/602060b40f6a458420c2d140f49b6caea99152ce6704f2c332e5a0c5aad80303?s=96&d=identicon&r=g","contentUrl":"https:\/\/secure.gravatar.com\/avatar\/602060b40f6a458420c2d140f49b6caea99152ce6704f2c332e5a0c5aad80303?s=96&d=identicon&r=g","caption":"Jonas Follonier"},"description":"Bundeshauskorrespondent f\u00fcr \u00abL'Agefi\u00bb, Singer-Songwriter, Jonas Follonier ist Gr\u00fcnder und Chefredakteur von \u00abRegard Libre\u00bb.","sameAs":["https:\/\/www.facebook.com\/jonas.follonier\/","https:\/\/www.instagram.com\/jonasfollonier\/","https:\/\/www.linkedin.com\/in\/jonasfollonier\/","https:\/\/fr.wikipedia.org\/wiki\/Le_Regard_libre"],"url":"https:\/\/leregardlibre.com\/de\/author\/jonas-follonier\/"}]}},"_links":{"self":[{"href":"https:\/\/leregardlibre.com\/de\/wp-json\/wp\/v2\/posts\/35646","targetHints":{"allow":["GET"]}}],"collection":[{"href":"https:\/\/leregardlibre.com\/de\/wp-json\/wp\/v2\/posts"}],"about":[{"href":"https:\/\/leregardlibre.com\/de\/wp-json\/wp\/v2\/types\/post"}],"author":[{"embeddable":true,"href":"https:\/\/leregardlibre.com\/de\/wp-json\/wp\/v2\/users\/138"}],"replies":[{"embeddable":true,"href":"https:\/\/leregardlibre.com\/de\/wp-json\/wp\/v2\/comments?post=35646"}],"version-history":[{"count":1,"href":"https:\/\/leregardlibre.com\/de\/wp-json\/wp\/v2\/posts\/35646\/revisions"}],"predecessor-version":[{"id":511862,"href":"https:\/\/leregardlibre.com\/de\/wp-json\/wp\/v2\/posts\/35646\/revisions\/511862"}],"wp:featuredmedia":[{"embeddable":true,"href":"https:\/\/leregardlibre.com\/de\/wp-json\/wp\/v2\/media\/35654"}],"wp:attachment":[{"href":"https:\/\/leregardlibre.com\/de\/wp-json\/wp\/v2\/media?parent=35646"}],"wp:term":[{"taxonomy":"category","embeddable":true,"href":"https:\/\/leregardlibre.com\/de\/wp-json\/wp\/v2\/categories?post=35646"},{"taxonomy":"post_tag","embeddable":true,"href":"https:\/\/leregardlibre.com\/de\/wp-json\/wp\/v2\/tags?post=35646"}],"curies":[{"name":"wp","href":"https:\/\/api.w.org\/{rel}","templated":true}]}}