{"id":36012,"date":"2020-09-14T06:00:45","date_gmt":"2020-09-14T04:00:45","guid":{"rendered":"https:\/\/leregardlibre.com\/?p=36012"},"modified":"2023-08-08T16:53:07","modified_gmt":"2023-08-08T14:53:07","slug":"lebensstile-und-lebenskunste","status":"publish","type":"post","link":"https:\/\/leregardlibre.com\/de\/gesellschaft\/lebensstile-und-lebenskunste\/","title":{"rendered":"Lebensstile und Lebenskunst"},"content":{"rendered":"<p><em><a href=\"https:\/\/leregardlibre.com\/de\/produkt\/der-freie-blick-nr-66\/\">Le Regard Libre Nr. 66<\/a>&nbsp;- Jonas Follonier<\/em><\/p>\n\n\n\n<p class=\"has-drop-cap\"><strong>Lebensstile sind Produkte von Zivilisationen.<\/strong> Auf diese Frage hat mir der Artikel \u00abEurop\u00e4ische Zivilisationen\u00bb von Robin Parisi auf Seite 16 dieser Ausgabe die Augen ge\u00f6ffnet. Im Gegensatz zu dem, was ich seit einiger Zeit f\u00fcr selbstverst\u00e4ndlich hielt, gibt es keine europ\u00e4ische Zivilisation, sondern vielmehr <em>der<\/em> Zivilisationen, die sich in Europa \u00fcberschneiden. Es gibt drei Zivilisationen: die lateinische, die slawische und die germanische Zivilisation. Alle drei entsprechen im Gro\u00dfen und Ganzen den wichtigsten Zweigen des Christentums: dem katholischen, dem orthodoxen und dem protestantischen. Es gibt eine starke Verbindung zwischen Religionen und Lebensweisen.<\/p>\n\n\n\n<!--more Lire la suite de l'\u00e9dito-->\n\n\n\n<p><strong>Aber gibt es nicht auch nationsspezifische Lebensweisen?<\/strong> Irrtum, wenn man der Argumentation meines Kollegen Glauben schenkt. Man k\u00f6nnte sagen, dass einige Nationalstaaten des 19.<sup>. <\/sup>Jahrhundert zu berufenen Imperien wie Frankreich oder England wollten sich f\u00fcr Zivilisationen halten, aber dass sie nur <em>angeben<\/em> was in erster Linie eine Sache der Zivilisationen bleibt. Die Nation pr\u00e4gt nicht eine Lebensweise, sondern verfeinert sie. Es gibt eine spanische Art, lateinisch zu sein, ebenso wie es eine schwedische Art gibt, germanisch zu sein. Worin liegen diese Unterschiede? Im Gro\u00dfen und Ganzen in der Sprache.<\/p>\n\n\n\n\n\n<p><strong>Daher k\u00f6nnte man sagen, dass die Lebenskunst f\u00fcr die Nation das ist, was der Lebensstil f\u00fcr die Zivilisation ist.<\/strong> L\u2019<em>Kunst<\/em> Die Lebensweise hat per Definition etwas \u00c4sthetischeres als der Lebensstil, der mehr mit Ethik zu tun hat. Wenn der Lebensstil die Art und Weise ist, wie man in der Welt ist, dann ist die Lebenskunst die Art und Weise, wie man in diesem Lebensstil ist, und das wird zum gro\u00dfen Teil durch die Sprache bestimmt. In einer Sprache zu sprechen, bedeutet bereits zu denken, und vor allem zu denken <em>in gewisser Weise<\/em>. Lange vor dem Individuum, lange vor der Ideologie, lange vor den famili\u00e4ren Konditionierungen gibt es die Gegebenheit der Sprachgemeinschaft.<\/p>\n\n\n\n<p><strong>Die frankophone Gemeinschaft: Dieser Ausdruck liegt mir sehr am Herzen.<\/strong> Wir setzen sie jeden Monat in dieser Zeitschrift um - mit Nuancen, gewiss, aber mit demselben Geist. Zu den Merkmalen geh\u00f6rt, dass wir uns an Franz\u00f6sischsprachige als Franz\u00f6sischsprachige wenden. Was bedeutet das? Nun, als Frankophone sind wir auf eine Art und Weise angewiesen, die Welt zu verstehen, die ihre Quellen im Lateinischen hat und uns gleichzeitig mit der lateinischen Sprache verbindet. <a href=\"https:\/\/bonpourlatete.com\/actuel\/le-danger-de-la-bulle\">lateinische Zivilisation<\/a>. Rom konditioniert uns durch die W\u00f6rter selbst, die wir verwenden. So wie ein frankoprovenzalischer Dialekt auf eine bestimmte Umgebung und bestimmte Werkzeuge verweist, die nur dieses Sprechen ausdr\u00fcckt, ist eine Sprache, <em>a fortiori<\/em>, Es ist ein verwurzeltes Denken und daher farbenfroh und duftend.<\/p>\n\n\n\n\n\n<p><strong>Da die Nationalstaaten das Novum einf\u00fchrten, die Sprache nicht mehr an die Zivilisation, sondern an den Staat zu binden, kam es unweigerlich zu einer Scheidung zwischen Schriftsprachen und Religionen und damit zur Entstehung unterschiedlicher Lebensk\u00fcnste innerhalb desselben zivilisatorischen Raums. <\/strong>Daraus resultiert zum Beispiel die Galanterie als Kennzeichen der franz\u00f6sischen Lebensart. Schwieriger - und damit auch spannender - wird es, wenn sich mehrere Zivilisationen in einem Staat vermischen. Die Schweiz ist in dieser Hinsicht ein Beispiel. Wir sollten also festhalten, dass Lebensstile und Lebenskunst das Einzige erg\u00e4nzen, was der Staat gestalten kann: Lebensnormen, Regeln und Gesetze. Kurz gesagt: das Gesetz. Lebensweisen und Lebensstile beeinflussen zwar das Gesetz - man spricht vom Gewohnheitsrecht als einer der Rechtsquellen -, aber sie lassen sich nicht auf das Gesetz reduzieren. Es sei erlaubt, daf\u00fcr sensibel zu sein. Und seinen eigenen kleinen, individuellen Beitrag dazu leisten.<\/p>\n\n\n\n<p><em>Schreiben Sie dem Autor:&nbsp;<a href=\"mailto:jonas.follonier@leregardlibre.com\">jonas.follonier@leregardlibre.com<\/a><\/em><\/p>\n\n\n\n<p>Zeichnung: \u00a9 Nathana\u00ebl Schmid f\u00fcr&nbsp;<em>Le Regard Libre<\/em><a href=\"https:\/\/leregardlibre.com\/de\/editorials\/letat-du-debat-didees-en-suisse-romande\/?share=facebook&amp;nb=1\" target=\"_blank\" rel=\"noreferrer noopener\"><\/a><\/p>\n\n\n<div data-block-name=\"woocommerce\/handpicked-products\" data-orderby=\"price_asc\" data-products=\"[35767,19241,35852,24185,17631]\" class=\"wc-block-grid wp-block-handpicked-products wp-block-woocommerce-handpicked-products wc-block-handpicked-products has-3-columns has-multiple-rows\"><ul class=\"wc-block-grid__products\"><li class=\"wc-block-grid__product\">\n\t\t\t\t<a href=\"https:\/\/leregardlibre.com\/de\/produkt\/jugendabo\/\" class=\"wc-block-grid__product-link\">\n\t\t\t\t\t\n\t\t\t\t\t<div class=\"wc-block-grid__product-image\"><img fetchpriority=\"high\" decoding=\"async\" width=\"300\" height=\"300\" src=\"https:\/\/leregardlibre.com\/wp-content\/uploads\/woocommerce-placeholder.webp\" class=\"woocommerce-placeholder wp-post-image\" alt=\"\" srcset=\"https:\/\/leregardlibre.com\/wp-content\/uploads\/woocommerce-placeholder.webp 1200w, https:\/\/leregardlibre.com\/wp-content\/uploads\/woocommerce-placeholder-300x300.webp 300w, https:\/\/leregardlibre.com\/wp-content\/uploads\/woocommerce-placeholder-1024x1024.webp 1024w, https:\/\/leregardlibre.com\/wp-content\/uploads\/woocommerce-placeholder-150x150.webp 150w, https:\/\/leregardlibre.com\/wp-content\/uploads\/woocommerce-placeholder-768x768.webp 768w, https:\/\/leregardlibre.com\/wp-content\/uploads\/woocommerce-placeholder-1170x1170.webp 1170w, https:\/\/leregardlibre.com\/wp-content\/uploads\/woocommerce-placeholder-585x585.webp 585w\" sizes=\"(max-width: 300px) 100vw, 300px\" \/><\/div>\n\t\t\t\t\t<div class=\"wc-block-grid__product-title\">Jugend-Abonnement<\/div>\n\t\t\t\t<\/a>\n\t\t\t\t<div class=\"wc-block-grid__product-price price\"><span class=\"woocommerce-Price-amount amount\"><span class=\"woocommerce-Price-currencySymbol\">CHF<\/span>25.00<\/span> <span class=\"subscription-details\"> \/ Jahr<\/span><\/div>\n\t\t\t\t\n\t\t\t\t<div class=\"wp-block-button wc-block-grid__product-add-to-cart\"><a href=\"\/de\/wp-json\/wp\/v2\/posts\/36012?add-to-cart=35852\" aria-label=\"Jetzt anmelden: \u201eJugendabo\u201c.\u201c\" data-quantity=\"1\" data-product_id=\"35852\" data-product_sku=\"\" data-price=\"25\" rel=\"nofollow\" class=\"wp-block-button__link  add_to_cart_button ajax_add_to_cart\">Jetzt abonnieren<\/a><\/div>\n\t\t\t<\/li><li class=\"wc-block-grid__product\">\n\t\t\t\t<a href=\"https:\/\/leregardlibre.com\/de\/produkt\/abonnement-numerique\/\" class=\"wc-block-grid__product-link\">\n\t\t\t\t\t\n\t\t\t\t\t<div class=\"wc-block-grid__product-image\"><img fetchpriority=\"high\" decoding=\"async\" width=\"300\" height=\"300\" src=\"https:\/\/leregardlibre.com\/wp-content\/uploads\/woocommerce-placeholder.webp\" class=\"woocommerce-placeholder wp-post-image\" alt=\"\" srcset=\"https:\/\/leregardlibre.com\/wp-content\/uploads\/woocommerce-placeholder.webp 1200w, https:\/\/leregardlibre.com\/wp-content\/uploads\/woocommerce-placeholder-300x300.webp 300w, https:\/\/leregardlibre.com\/wp-content\/uploads\/woocommerce-placeholder-1024x1024.webp 1024w, https:\/\/leregardlibre.com\/wp-content\/uploads\/woocommerce-placeholder-150x150.webp 150w, https:\/\/leregardlibre.com\/wp-content\/uploads\/woocommerce-placeholder-768x768.webp 768w, https:\/\/leregardlibre.com\/wp-content\/uploads\/woocommerce-placeholder-1170x1170.webp 1170w, https:\/\/leregardlibre.com\/wp-content\/uploads\/woocommerce-placeholder-585x585.webp 585w\" sizes=\"(max-width: 300px) 100vw, 300px\" \/><\/div>\n\t\t\t\t\t<div class=\"wc-block-grid__product-title\">Digitales Abonnement<\/div>\n\t\t\t\t<\/a>\n\t\t\t\t<div class=\"wc-block-grid__product-price price\"><span class=\"woocommerce-Price-amount amount\"><span class=\"woocommerce-Price-currencySymbol\">CHF<\/span>50.00<\/span> <span class=\"subscription-details\"> \/ Jahr<\/span><\/div>\n\t\t\t\t\n\t\t\t\t<div class=\"wp-block-button wc-block-grid__product-add-to-cart\"><a href=\"https:\/\/leregardlibre.com\/de\/produkt\/abonnement-numerique\/\" aria-label=\"Weitere Informationen zu \u201eDigitales Abonnement\u201c\" data-quantity=\"1\" data-product_id=\"24185\" data-product_sku=\"\" data-price=\"50\" rel=\"nofollow\" class=\"wp-block-button__link  add_to_cart_button\">Mehr erfahren<\/a><\/div>\n\t\t\t<\/li><li class=\"wc-block-grid__product\">\n\t\t\t\t<a href=\"https:\/\/leregardlibre.com\/de\/produkt\/le-regard-libre-abonnement-annuel-a-la-version-papier\/\" class=\"wc-block-grid__product-link\">\n\t\t\t\t\t\n\t\t\t\t\t<div class=\"wc-block-grid__product-image\"><img fetchpriority=\"high\" decoding=\"async\" width=\"300\" height=\"300\" src=\"https:\/\/leregardlibre.com\/wp-content\/uploads\/woocommerce-placeholder.webp\" class=\"woocommerce-placeholder wp-post-image\" alt=\"\" srcset=\"https:\/\/leregardlibre.com\/wp-content\/uploads\/woocommerce-placeholder.webp 1200w, https:\/\/leregardlibre.com\/wp-content\/uploads\/woocommerce-placeholder-300x300.webp 300w, https:\/\/leregardlibre.com\/wp-content\/uploads\/woocommerce-placeholder-1024x1024.webp 1024w, https:\/\/leregardlibre.com\/wp-content\/uploads\/woocommerce-placeholder-150x150.webp 150w, https:\/\/leregardlibre.com\/wp-content\/uploads\/woocommerce-placeholder-768x768.webp 768w, https:\/\/leregardlibre.com\/wp-content\/uploads\/woocommerce-placeholder-1170x1170.webp 1170w, https:\/\/leregardlibre.com\/wp-content\/uploads\/woocommerce-placeholder-585x585.webp 585w\" sizes=\"(max-width: 300px) 100vw, 300px\" \/><\/div>\n\t\t\t\t\t<div class=\"wc-block-grid__product-title\">Standard-Abonnement (Schweiz)<\/div>\n\t\t\t\t<\/a>\n\t\t\t\t<div class=\"wc-block-grid__product-price price\"><span class=\"woocommerce-Price-amount amount\"><span class=\"woocommerce-Price-currencySymbol\">CHF<\/span>100.00<\/span> <span class=\"subscription-details\"> \/ Jahr<\/span><\/div>\n\t\t\t\t\n\t\t\t\t<div class=\"wp-block-button wc-block-grid__product-add-to-cart\"><a href=\"\/de\/wp-json\/wp\/v2\/posts\/36012?add-to-cart=17631\" aria-label=\"Jetzt abonnieren: \u201eStandardabonnement (Schweiz)\u201c.\u201c\" data-quantity=\"1\" data-product_id=\"17631\" data-product_sku=\"\" data-price=\"100\" rel=\"nofollow\" class=\"wp-block-button__link  add_to_cart_button ajax_add_to_cart\">Jetzt abonnieren<\/a><\/div>\n\t\t\t<\/li><li class=\"wc-block-grid__product\">\n\t\t\t\t<a href=\"https:\/\/leregardlibre.com\/de\/produkt\/fordermitgliedschaft\/\" class=\"wc-block-grid__product-link\">\n\t\t\t\t\t\n\t\t\t\t\t<div class=\"wc-block-grid__product-image\"><img fetchpriority=\"high\" decoding=\"async\" width=\"300\" height=\"300\" src=\"https:\/\/leregardlibre.com\/wp-content\/uploads\/woocommerce-placeholder.webp\" class=\"woocommerce-placeholder wp-post-image\" alt=\"\" srcset=\"https:\/\/leregardlibre.com\/wp-content\/uploads\/woocommerce-placeholder.webp 1200w, https:\/\/leregardlibre.com\/wp-content\/uploads\/woocommerce-placeholder-300x300.webp 300w, https:\/\/leregardlibre.com\/wp-content\/uploads\/woocommerce-placeholder-1024x1024.webp 1024w, https:\/\/leregardlibre.com\/wp-content\/uploads\/woocommerce-placeholder-150x150.webp 150w, https:\/\/leregardlibre.com\/wp-content\/uploads\/woocommerce-placeholder-768x768.webp 768w, https:\/\/leregardlibre.com\/wp-content\/uploads\/woocommerce-placeholder-1170x1170.webp 1170w, https:\/\/leregardlibre.com\/wp-content\/uploads\/woocommerce-placeholder-585x585.webp 585w\" sizes=\"(max-width: 300px) 100vw, 300px\" \/><\/div>\n\t\t\t\t\t<div class=\"wc-block-grid__product-title\">Unterst\u00fctzendes Abonnement<\/div>\n\t\t\t\t<\/a>\n\t\t\t\t<div class=\"wc-block-grid__product-price price\"><span class=\"woocommerce-Price-amount amount\"><span class=\"woocommerce-Price-currencySymbol\">CHF<\/span>200.00<\/span> <span class=\"subscription-details\"> \/ Jahr<\/span><\/div>\n\t\t\t\t\n\t\t\t\t<div class=\"wp-block-button wc-block-grid__product-add-to-cart\"><a href=\"https:\/\/leregardlibre.com\/de\/produkt\/fordermitgliedschaft\/\" aria-label=\"Weitere Informationen zu \u201eF\u00f6rdermitgliedschaft\u201c\" data-quantity=\"1\" data-product_id=\"19241\" data-product_sku=\"\" data-price=\"200\" rel=\"nofollow\" class=\"wp-block-button__link  add_to_cart_button\">Mehr erfahren<\/a><\/div>\n\t\t\t<\/li><\/ul><\/div>","protected":false},"excerpt":{"rendered":"<p>Ein feiner Unterschied<\/p>","protected":false},"author":138,"featured_media":0,"comment_status":"open","ping_status":"open","sticky":false,"template":"","format":"standard","meta":{"_acf_changed":false,"footnotes":""},"categories":[8796],"tags":[644357659,644341267,644340738,644339760,644355160,644355163],"class_list":["post-36012","post","type-post","status-publish","format-standard","hentry","category-societe","tag-editoriaux","tag-galanterie","tag-langues","tag-mode-de-vie","tag-modes-de-vie","tag-pays"],"acf":[],"yoast_head":"<!-- This site is optimized with the Yoast SEO Premium plugin v27.4 (Yoast SEO v27.4) - https:\/\/yoast.com\/product\/yoast-seo-premium-wordpress\/ -->\n<title>Modes de vie et arts de vivre<\/title>\n<meta name=\"robots\" content=\"index, follow, max-snippet:-1, max-image-preview:large, max-video-preview:-1\" \/>\n<link rel=\"canonical\" href=\"https:\/\/leregardlibre.com\/de\/gesellschaft\/lebensstile-und-lebenskunste\/\" \/>\n<meta property=\"og:locale\" content=\"de_DE\" \/>\n<meta property=\"og:type\" content=\"article\" \/>\n<meta property=\"og:title\" content=\"Modes de vie et arts de vivre\" \/>\n<meta property=\"og:description\" content=\"Une diff\u00e9rence subtile\" \/>\n<meta property=\"og:url\" content=\"https:\/\/leregardlibre.com\/de\/gesellschaft\/lebensstile-und-lebenskunste\/\" \/>\n<meta property=\"og:site_name\" content=\"Le Regard Libre\" \/>\n<meta property=\"article:publisher\" content=\"https:\/\/www.facebook.com\/leregardlibre\/\" \/>\n<meta property=\"article:author\" content=\"https:\/\/www.facebook.com\/jonas.follonier\/\" \/>\n<meta property=\"article:published_time\" content=\"2020-09-14T04:00:45+00:00\" \/>\n<meta property=\"article:modified_time\" content=\"2023-08-08T14:53:07+00:00\" \/>\n<meta property=\"og:image\" content=\"https:\/\/leregardlibre.com\/wp-content\/uploads\/2022\/08\/Jonas-Follonier-\u00a9-Nathanae\u0308l-Schmid-pour-Le-Regard-Libre.webp\" \/>\n\t<meta property=\"og:image:width\" content=\"1038\" \/>\n\t<meta property=\"og:image:height\" content=\"576\" \/>\n\t<meta property=\"og:image:type\" content=\"image\/webp\" \/>\n<meta name=\"author\" content=\"Jonas Follonier\" \/>\n<meta name=\"twitter:card\" content=\"summary_large_image\" \/>\n<meta name=\"twitter:creator\" content=\"@LeRegardLibre\" \/>\n<meta name=\"twitter:site\" content=\"@LeRegardLibre\" \/>\n<meta name=\"twitter:label1\" content=\"Verfasst von\" \/>\n\t<meta name=\"twitter:data1\" content=\"Jonas Follonier\" \/>\n\t<meta name=\"twitter:label2\" content=\"Gesch\u00e4tzte Lesezeit\" \/>\n\t<meta name=\"twitter:data2\" content=\"4\u00a0Minuten\" \/>\n<script type=\"application\/ld+json\" class=\"yoast-schema-graph\">{\"@context\":\"https:\\\/\\\/schema.org\",\"@graph\":[{\"@type\":\"Article\",\"@id\":\"https:\\\/\\\/leregardlibre.com\\\/societe\\\/modes-de-vie-et-arts-de-vivre\\\/#article\",\"isPartOf\":{\"@id\":\"https:\\\/\\\/leregardlibre.com\\\/societe\\\/modes-de-vie-et-arts-de-vivre\\\/\"},\"author\":{\"name\":\"Jonas Follonier\",\"@id\":\"https:\\\/\\\/leregardlibre.com\\\/#\\\/schema\\\/person\\\/bfe5aa794a23be71485d60e2d93ec0d2\"},\"headline\":\"Modes de vie et arts de vivre\",\"datePublished\":\"2020-09-14T04:00:45+00:00\",\"dateModified\":\"2023-08-08T14:53:07+00:00\",\"mainEntityOfPage\":{\"@id\":\"https:\\\/\\\/leregardlibre.com\\\/societe\\\/modes-de-vie-et-arts-de-vivre\\\/\"},\"wordCount\":697,\"commentCount\":0,\"publisher\":{\"@id\":\"https:\\\/\\\/leregardlibre.com\\\/#organization\"},\"keywords\":[\"Editorial\",\"Galanterie\",\"Langues\",\"mode de vie\",\"modes de vie\",\"pays\"],\"articleSection\":[\"Soci\u00e9t\u00e9\"],\"inLanguage\":\"de\",\"potentialAction\":[{\"@type\":\"CommentAction\",\"name\":\"Comment\",\"target\":[\"https:\\\/\\\/leregardlibre.com\\\/societe\\\/modes-de-vie-et-arts-de-vivre\\\/#respond\"]}]},{\"@type\":\"WebPage\",\"@id\":\"https:\\\/\\\/leregardlibre.com\\\/societe\\\/modes-de-vie-et-arts-de-vivre\\\/\",\"url\":\"https:\\\/\\\/leregardlibre.com\\\/societe\\\/modes-de-vie-et-arts-de-vivre\\\/\",\"name\":\"Modes de vie et arts de vivre\",\"isPartOf\":{\"@id\":\"https:\\\/\\\/leregardlibre.com\\\/#website\"},\"datePublished\":\"2020-09-14T04:00:45+00:00\",\"dateModified\":\"2023-08-08T14:53:07+00:00\",\"breadcrumb\":{\"@id\":\"https:\\\/\\\/leregardlibre.com\\\/societe\\\/modes-de-vie-et-arts-de-vivre\\\/#breadcrumb\"},\"inLanguage\":\"de\",\"potentialAction\":[{\"@type\":\"ReadAction\",\"target\":[\"https:\\\/\\\/leregardlibre.com\\\/societe\\\/modes-de-vie-et-arts-de-vivre\\\/\"]}]},{\"@type\":\"BreadcrumbList\",\"@id\":\"https:\\\/\\\/leregardlibre.com\\\/societe\\\/modes-de-vie-et-arts-de-vivre\\\/#breadcrumb\",\"itemListElement\":[{\"@type\":\"ListItem\",\"position\":1,\"name\":\"Accueil\",\"item\":\"https:\\\/\\\/leregardlibre.com\\\/\"},{\"@type\":\"ListItem\",\"position\":2,\"name\":\"Modes de vie et arts de vivre\"}]},{\"@type\":\"WebSite\",\"@id\":\"https:\\\/\\\/leregardlibre.com\\\/#website\",\"url\":\"https:\\\/\\\/leregardlibre.com\\\/\",\"name\":\"Le Regard Libre\",\"description\":\"Premier mensuel suisse de d\u00e9bat\",\"publisher\":{\"@id\":\"https:\\\/\\\/leregardlibre.com\\\/#organization\"},\"potentialAction\":[{\"@type\":\"SearchAction\",\"target\":{\"@type\":\"EntryPoint\",\"urlTemplate\":\"https:\\\/\\\/leregardlibre.com\\\/?s={search_term_string}\"},\"query-input\":{\"@type\":\"PropertyValueSpecification\",\"valueRequired\":true,\"valueName\":\"search_term_string\"}}],\"inLanguage\":\"de\"},{\"@type\":\"Organization\",\"@id\":\"https:\\\/\\\/leregardlibre.com\\\/#organization\",\"name\":\"Le Regard Libre\",\"url\":\"https:\\\/\\\/leregardlibre.com\\\/\",\"logo\":{\"@type\":\"ImageObject\",\"inLanguage\":\"de\",\"@id\":\"https:\\\/\\\/leregardlibre.com\\\/#\\\/schema\\\/logo\\\/image\\\/\",\"url\":\"https:\\\/\\\/leregardlibre.com\\\/wp-content\\\/uploads\\\/2025\\\/08\\\/logo-rl-icone-neg.jpeg\",\"contentUrl\":\"https:\\\/\\\/leregardlibre.com\\\/wp-content\\\/uploads\\\/2025\\\/08\\\/logo-rl-icone-neg.jpeg\",\"width\":557,\"height\":556,\"caption\":\"Le Regard Libre\"},\"image\":{\"@id\":\"https:\\\/\\\/leregardlibre.com\\\/#\\\/schema\\\/logo\\\/image\\\/\"},\"sameAs\":[\"https:\\\/\\\/www.facebook.com\\\/leregardlibre\\\/\",\"https:\\\/\\\/x.com\\\/LeRegardLibre\",\"https:\\\/\\\/www.linkedin.com\\\/company\\\/le-regard-libre\",\"https:\\\/\\\/www.instagram.com\\\/leregardlibre\\\/\",\"http:\\\/\\\/t.me\\\/leregardlibre\",\"https:\\\/\\\/youtube.com\\\/channel\\\/UC6HzGPomj1LsUmlz-sJtITQ\"],\"description\":\"Le Regard Libre est un mensuel suisse de d\u00e9bat intellectuel et culturel. Sa r\u00e9daction est jeune, b\u00e9n\u00e9vole, lib\u00e9rale et pluraliste. Le magazine para\u00eet en ligne et sous forme papier. Sa langue est le fran\u00e7ais.\",\"email\":\"redaction@leregardlibre.com\",\"legalName\":\"Le Regard Libre\",\"foundingDate\":\"2014-01-01\",\"numberOfEmployees\":{\"@type\":\"QuantitativeValue\",\"minValue\":\"11\",\"maxValue\":\"50\"},\"publishingPrinciples\":\"https:\\\/\\\/leregardlibre.com\\\/a-propos\\\/notre-manifeste\\\/\",\"ownershipFundingInfo\":\"https:\\\/\\\/leregardlibre.com\\\/mentions-legales\\\/\",\"actionableFeedbackPolicy\":\"https:\\\/\\\/leregardlibre.com\\\/conditions-generales-de-vente\\\/\"},{\"@type\":\"Person\",\"@id\":\"https:\\\/\\\/leregardlibre.com\\\/#\\\/schema\\\/person\\\/bfe5aa794a23be71485d60e2d93ec0d2\",\"name\":\"Jonas Follonier\",\"image\":{\"@type\":\"ImageObject\",\"inLanguage\":\"de\",\"@id\":\"https:\\\/\\\/secure.gravatar.com\\\/avatar\\\/602060b40f6a458420c2d140f49b6caea99152ce6704f2c332e5a0c5aad80303?s=96&d=identicon&r=g\",\"url\":\"https:\\\/\\\/secure.gravatar.com\\\/avatar\\\/602060b40f6a458420c2d140f49b6caea99152ce6704f2c332e5a0c5aad80303?s=96&d=identicon&r=g\",\"contentUrl\":\"https:\\\/\\\/secure.gravatar.com\\\/avatar\\\/602060b40f6a458420c2d140f49b6caea99152ce6704f2c332e5a0c5aad80303?s=96&d=identicon&r=g\",\"caption\":\"Jonas Follonier\"},\"description\":\"Correspondant au Palais f\u00e9d\u00e9ral pour \u00abL\u2019Agefi\u00bb, auteur-compositeur-interpr\u00e8te et essayiste, Jonas Follonier est le fondateur et r\u00e9dacteur en chef du \u00abRegard Libre\u00bb.\",\"sameAs\":[\"https:\\\/\\\/www.facebook.com\\\/jonas.follonier\\\/\",\"https:\\\/\\\/www.instagram.com\\\/jonasfollonier\\\/\",\"https:\\\/\\\/www.linkedin.com\\\/in\\\/jonasfollonier\\\/\",\"https:\\\/\\\/fr.wikipedia.org\\\/wiki\\\/Le_Regard_libre\"],\"url\":\"https:\\\/\\\/leregardlibre.com\\\/de\\\/author\\\/jonas-follonier\\\/\"}]}<\/script>\n<!-- \/ Yoast SEO Premium plugin. -->","yoast_head_json":{"title":"Lebensstile und Lebenskunst","robots":{"index":"index","follow":"follow","max-snippet":"max-snippet:-1","max-image-preview":"max-image-preview:large","max-video-preview":"max-video-preview:-1"},"canonical":"https:\/\/leregardlibre.com\/de\/gesellschaft\/lebensstile-und-lebenskunste\/","og_locale":"de_DE","og_type":"article","og_title":"Modes de vie et arts de vivre","og_description":"Une diff\u00e9rence subtile","og_url":"https:\/\/leregardlibre.com\/de\/gesellschaft\/lebensstile-und-lebenskunste\/","og_site_name":"Le Regard Libre","article_publisher":"https:\/\/www.facebook.com\/leregardlibre\/","article_author":"https:\/\/www.facebook.com\/jonas.follonier\/","article_published_time":"2020-09-14T04:00:45+00:00","article_modified_time":"2023-08-08T14:53:07+00:00","og_image":[{"width":1038,"height":576,"url":"https:\/\/leregardlibre.com\/wp-content\/uploads\/2022\/08\/Jonas-Follonier-\u00a9-Nathanae\u0308l-Schmid-pour-Le-Regard-Libre.webp","type":"image\/webp"}],"author":"Jonas Follonier","twitter_card":"summary_large_image","twitter_creator":"@LeRegardLibre","twitter_site":"@LeRegardLibre","twitter_misc":{"Verfasst von":"Jonas Follonier","Gesch\u00e4tzte Lesezeit":"4\u00a0Minuten"},"schema":{"@context":"https:\/\/schema.org","@graph":[{"@type":"Article","@id":"https:\/\/leregardlibre.com\/societe\/modes-de-vie-et-arts-de-vivre\/#article","isPartOf":{"@id":"https:\/\/leregardlibre.com\/societe\/modes-de-vie-et-arts-de-vivre\/"},"author":{"name":"Jonas Follonier","@id":"https:\/\/leregardlibre.com\/#\/schema\/person\/bfe5aa794a23be71485d60e2d93ec0d2"},"headline":"Modes de vie et arts de vivre","datePublished":"2020-09-14T04:00:45+00:00","dateModified":"2023-08-08T14:53:07+00:00","mainEntityOfPage":{"@id":"https:\/\/leregardlibre.com\/societe\/modes-de-vie-et-arts-de-vivre\/"},"wordCount":697,"commentCount":0,"publisher":{"@id":"https:\/\/leregardlibre.com\/#organization"},"keywords":["Editorial","Galanterie","Langues","mode de vie","modes de vie","pays"],"articleSection":["Soci\u00e9t\u00e9"],"inLanguage":"de","potentialAction":[{"@type":"CommentAction","name":"Comment","target":["https:\/\/leregardlibre.com\/societe\/modes-de-vie-et-arts-de-vivre\/#respond"]}]},{"@type":"WebPage","@id":"https:\/\/leregardlibre.com\/societe\/modes-de-vie-et-arts-de-vivre\/","url":"https:\/\/leregardlibre.com\/societe\/modes-de-vie-et-arts-de-vivre\/","name":"Lebensstile und Lebenskunst","isPartOf":{"@id":"https:\/\/leregardlibre.com\/#website"},"datePublished":"2020-09-14T04:00:45+00:00","dateModified":"2023-08-08T14:53:07+00:00","breadcrumb":{"@id":"https:\/\/leregardlibre.com\/societe\/modes-de-vie-et-arts-de-vivre\/#breadcrumb"},"inLanguage":"de","potentialAction":[{"@type":"ReadAction","target":["https:\/\/leregardlibre.com\/societe\/modes-de-vie-et-arts-de-vivre\/"]}]},{"@type":"BreadcrumbList","@id":"https:\/\/leregardlibre.com\/societe\/modes-de-vie-et-arts-de-vivre\/#breadcrumb","itemListElement":[{"@type":"ListItem","position":1,"name":"Accueil","item":"https:\/\/leregardlibre.com\/"},{"@type":"ListItem","position":2,"name":"Modes de vie et arts de vivre"}]},{"@type":"WebSite","@id":"https:\/\/leregardlibre.com\/#website","url":"https:\/\/leregardlibre.com\/","name":"Le Regard Libre","description":"Erste Schweizer Monatszeitschrift f\u00fcr Debatten","publisher":{"@id":"https:\/\/leregardlibre.com\/#organization"},"potentialAction":[{"@type":"SearchAction","target":{"@type":"EntryPoint","urlTemplate":"https:\/\/leregardlibre.com\/?s={search_term_string}"},"query-input":{"@type":"PropertyValueSpecification","valueRequired":true,"valueName":"search_term_string"}}],"inLanguage":"de"},{"@type":"Organization","@id":"https:\/\/leregardlibre.com\/#organization","name":"Le Regard Libre","url":"https:\/\/leregardlibre.com\/","logo":{"@type":"ImageObject","inLanguage":"de","@id":"https:\/\/leregardlibre.com\/#\/schema\/logo\/image\/","url":"https:\/\/leregardlibre.com\/wp-content\/uploads\/2025\/08\/logo-rl-icone-neg.jpeg","contentUrl":"https:\/\/leregardlibre.com\/wp-content\/uploads\/2025\/08\/logo-rl-icone-neg.jpeg","width":557,"height":556,"caption":"Le Regard Libre"},"image":{"@id":"https:\/\/leregardlibre.com\/#\/schema\/logo\/image\/"},"sameAs":["https:\/\/www.facebook.com\/leregardlibre\/","https:\/\/x.com\/LeRegardLibre","https:\/\/www.linkedin.com\/company\/le-regard-libre","https:\/\/www.instagram.com\/leregardlibre\/","http:\/\/t.me\/leregardlibre","https:\/\/youtube.com\/channel\/UC6HzGPomj1LsUmlz-sJtITQ"],"description":"Le Regard Libre ist eine Schweizer Monatszeitschrift f\u00fcr intellektuelle und kulturelle Debatten. Seine Redaktion ist jung, ehrenamtlich, liberal und pluralistisch. Das Magazin erscheint online und in gedruckter Form. Seine Sprache ist Franz\u00f6sisch.","email":"redaction@leregardlibre.com","legalName":"Le Regard Libre","foundingDate":"2014-01-01","numberOfEmployees":{"@type":"QuantitativeValue","minValue":"11","maxValue":"50"},"publishingPrinciples":"https:\/\/leregardlibre.com\/a-propos\/notre-manifeste\/","ownershipFundingInfo":"https:\/\/leregardlibre.com\/mentions-legales\/","actionableFeedbackPolicy":"https:\/\/leregardlibre.com\/conditions-generales-de-vente\/"},{"@type":"Person","@id":"https:\/\/leregardlibre.com\/#\/schema\/person\/bfe5aa794a23be71485d60e2d93ec0d2","name":"Jonas Follonier","image":{"@type":"ImageObject","inLanguage":"de","@id":"https:\/\/secure.gravatar.com\/avatar\/602060b40f6a458420c2d140f49b6caea99152ce6704f2c332e5a0c5aad80303?s=96&d=identicon&r=g","url":"https:\/\/secure.gravatar.com\/avatar\/602060b40f6a458420c2d140f49b6caea99152ce6704f2c332e5a0c5aad80303?s=96&d=identicon&r=g","contentUrl":"https:\/\/secure.gravatar.com\/avatar\/602060b40f6a458420c2d140f49b6caea99152ce6704f2c332e5a0c5aad80303?s=96&d=identicon&r=g","caption":"Jonas Follonier"},"description":"Bundeshauskorrespondent f\u00fcr \u00abL'Agefi\u00bb, Singer-Songwriter, Jonas Follonier ist Gr\u00fcnder und Chefredakteur von \u00abRegard Libre\u00bb.","sameAs":["https:\/\/www.facebook.com\/jonas.follonier\/","https:\/\/www.instagram.com\/jonasfollonier\/","https:\/\/www.linkedin.com\/in\/jonasfollonier\/","https:\/\/fr.wikipedia.org\/wiki\/Le_Regard_libre"],"url":"https:\/\/leregardlibre.com\/de\/author\/jonas-follonier\/"}]}},"_links":{"self":[{"href":"https:\/\/leregardlibre.com\/de\/wp-json\/wp\/v2\/posts\/36012","targetHints":{"allow":["GET"]}}],"collection":[{"href":"https:\/\/leregardlibre.com\/de\/wp-json\/wp\/v2\/posts"}],"about":[{"href":"https:\/\/leregardlibre.com\/de\/wp-json\/wp\/v2\/types\/post"}],"author":[{"embeddable":true,"href":"https:\/\/leregardlibre.com\/de\/wp-json\/wp\/v2\/users\/138"}],"replies":[{"embeddable":true,"href":"https:\/\/leregardlibre.com\/de\/wp-json\/wp\/v2\/comments?post=36012"}],"version-history":[{"count":2,"href":"https:\/\/leregardlibre.com\/de\/wp-json\/wp\/v2\/posts\/36012\/revisions"}],"predecessor-version":[{"id":512010,"href":"https:\/\/leregardlibre.com\/de\/wp-json\/wp\/v2\/posts\/36012\/revisions\/512010"}],"wp:attachment":[{"href":"https:\/\/leregardlibre.com\/de\/wp-json\/wp\/v2\/media?parent=36012"}],"wp:term":[{"taxonomy":"category","embeddable":true,"href":"https:\/\/leregardlibre.com\/de\/wp-json\/wp\/v2\/categories?post=36012"},{"taxonomy":"post_tag","embeddable":true,"href":"https:\/\/leregardlibre.com\/de\/wp-json\/wp\/v2\/tags?post=36012"}],"curies":[{"name":"wp","href":"https:\/\/api.w.org\/{rel}","templated":true}]}}