{"id":36016,"date":"2020-09-15T12:30:42","date_gmt":"2020-09-15T10:30:42","guid":{"rendered":"https:\/\/leregardlibre.com\/?p=36016"},"modified":"2022-09-25T16:11:36","modified_gmt":"2022-09-25T14:11:36","slug":"die-letzten-tage-des-marlon-brando-die-letzten-tage-eines-glorreichen-abfalls","status":"publish","type":"post","link":"https:\/\/leregardlibre.com\/de\/literatur\/die-letzten-tage-des-marlon-brando-die-letzten-tage-eines-glorreichen-abfalls\/","title":{"rendered":"\u00abDie letzten Tage des Marlon Brando\u00bb: Die letzten Tage eines glorreichen Abfalls"},"content":{"rendered":"<p><em>B\u00fccher am Dienstag - Loris S. Musumeci<\/em><\/p>\n\n\n\n<p class=\"has-drop-cap\"><strong><em>Eine Stra\u00dfenbahn namens Verlangen<\/em>, <em>Die Revolte auf der Bounty<\/em>, <em>Der letzte Tango in Paris<\/em> und vor allem <em>Der Pate<\/em> und <em>Apocalypse Now<\/em>. Diese Filme, von denen die beiden letzten dauerhaft legend\u00e4r sind, haben eine Legende hervorgebracht oder zumindest best\u00e4tigt. Eine Legende, die einen ebenso legend\u00e4ren Namen tr\u00e4gt und ebenso in der Filmgeschichte verankert ist: Marlon Brando. In <em>Die letzten Tage des Marlon Brando<\/em>, Der gro\u00dfe Reporter des <em>Welt<\/em> Samuel Blumenfeld erz\u00e4hlt eine Geschichte, die er zu einem Roman komponiert. Die Geschichte von seiner eigenen Begegnung im Interview mit dieser Legende Brando, in seinem Haus am Mulholland Drive 12900.<\/strong><\/p>\n\n\n\n<!--more Lire la chronique-->\n\n\n\n<p>Und hier ist es der Traum, der mit der Trostlosigkeit verschmilzt, einer Trostlosigkeit, der es jedoch nicht an Faszination mangelt. Blumenfeld steht vor Brando wie ein Gl\u00e4ubiger vor seinem allm\u00e4chtigen Gott. Trotz des Ideals, das der Schauspieler in seiner gro\u00dfen Zeit darstellte, ist der Gott nun gefallen. Dennoch bleibt er ein Gott. Eine Legende. Ein heiliges Tier des Kinos. Dennoch \u00fcbergewichtig, dennoch v\u00f6llig exzessiv, dennoch v\u00f6llig verr\u00fcckt.<\/p>\n\n\n\n<p>Der Goldw\u00e4scher sieht sich am Ende mit einem Abfallprodukt konfrontiert. Und es gibt keine \u00dcbertreibung in der Wortwahl. Brando ist wirklich zu einem Abfallprodukt geworden, sowohl durch seinen runden Bauch als auch durch seinen Kopf, der nicht mehr ganz so rund l\u00e4uft. Er liegt auf seinem Bett und sieht fern. Aber der Fernseher hat einen ganz besonderen Platz: Er befindet sich auf dem riesigen Bauch des Schauspielers. Und das ist noch gar nichts ... denn unser lieber Marlon ist ein paranoider Typ, der wie der unausgeglichene \u00dcberlebensk\u00fcnstler ausgestattet ist und in seiner Garage genauso viele Vorr\u00e4te anh\u00e4uft wie in seinem Bauch. Als Bulimiker stopft er Tag und Nacht ganze T\u00f6pfe mit Eiscreme oder Fast-Food-Gerichten in sich hinein, die per Lieferservice bei ihm ankommen, indem er \u00fcber das Tor seiner Festung fliegt.<\/p>\n\n\n\n<p>Der Charakter ist tragisch. Sie ist komisch. Der Autor erm\u00f6glicht uns eine Begegnung mit dieser hervorragend tragikomischen Figur, indem er uns in seine Erz\u00e4hlung einbezieht. Marlon Brando ist der Ruhm von einst, der sich in die L\u00e4cherlichkeit st\u00fcrzt. Es ist die L\u00e4cherlichkeit, die dennoch bewegt und die die Furche, die eine - ich wiederhole - legend\u00e4re Karriere gezogen hat, nicht ausl\u00f6scht. Es ist die Leichtigkeit eines Mannes, der schlief, wo er wollte, mit wem er wollte, ob Frau oder Mann; die Ungezwungenheit eines Genies, das sich den Luxus erlaubte, die h\u00f6chste Auszeichnung f\u00fcr Filmstars abzulehnen: den Oscar als bester Hauptdarsteller, den er f\u00fcr seine Darstellung des Don Vito Corleone im Film <em>Der Pate<\/em>. Schlie\u00dflich ist er ein Vater, der hier und da Kinder eingestreut hat, ohne dass es ihm gelungen w\u00e4re, seiner Rasse Fruchtbarkeit zu verleihen. Ein leidender Vater, der mit ansehen musste, wie sein Lieblingssohn zum M\u00f6rder wurde.<\/p>\n\n\n\n<figure class=\"wp-block-embed-youtube wp-block-embed is-type-video is-provider-youtube wp-embed-aspect-16-9 wp-has-aspect-ratio\"><div class=\"wp-block-embed__wrapper\">\n<iframe title=\"Payot - Pagemark - Samuel Blumenfeld - Die letzten Tage des Marlon Brando\" width=\"1000\" height=\"563\" src=\"https:\/\/www.youtube.com\/embed\/1pLxPsUFAvw?start=55&#038;feature=oembed\" frameborder=\"0\" allow=\"accelerometer; autoplay; clipboard-write; encrypted-media; gyroscope; picture-in-picture; web-share\" referrerpolicy=\"strict-origin-when-cross-origin\" allowfullscreen><\/iframe>\n<\/div><\/figure>\n\n\n\n<p>In diesem witzigen und bewegenden Buch portr\u00e4tiert Samuel Blumenfeld seinen Marlon Brando, den wir uns zu eigen machen k\u00f6nnen. Er nimmt uns mit von Filmset zu Filmset, um die Sensationen der Filme wiederzubeleben, die die stets kalauernde und immer essentielle Pr\u00e4senz des Schauspielers ertragen haben. Er erkl\u00e4rt dem Kino und seinen Stars einmal mehr seinen Neid. Die gleichen, \u00abdie f\u00fcr meine Erziehung verantwortlich waren\u00bb, schreibt er auf den ersten Seiten, die gleichen, denen gegen\u00fcber \u00abich eine gewisse M\u00e4nnlichkeit suchte, lernen wollte, mich zu kleiden, mich zu rasieren, Hallo zu sagen, mit einer Frau zu sprechen, sie zu lieben, mich in meiner Arbeit zu positionieren\u00bb. Den letzten Tagen von Marlon Brando beizuwohnen, war f\u00fcr Blumenfeld eine Pr\u00fcfung des Unbehagens und der Kontemplation. F\u00fcr den Leser ist es fast dasselbe, dank der Macht der Worte und der Macht der Fiktionen, die die Realit\u00e4t durchdringen.<\/p>\n\n\n\n<blockquote class=\"wp-block-quote is-layout-flow wp-block-quote-is-layout-flow\"><p>\u00abIch h\u00f6rte in dem Moment auf, mich vor ihm zu f\u00fcrchten, als mir diese Hirngespinste offenbart wurden. Als ich ihn in seiner ganzen Zerbrechlichkeit betrachtete, wurde mir klar, dass wir nun auf gleicher Augenh\u00f6he diskutierten. Es gab nicht mehr ihn auf der einen Seite, der in seinem Reich feststeckte, und mich, der aus dem Nichts kam und auf Zehenspitzen hineinging. Was er suchte - einen Ausweg, eine Flucht aus seinem Elend - entsprach dem, was ich suchte: Stoff f\u00fcr ein Portr\u00e4t, die Begegnung mit einem wei\u00dfen Wal, die Aussicht, meinem Chefredakteur mitteilen zu k\u00f6nnen, dass ich der Mann war, der den B\u00e4ren gesehen hatte, der in die Legende einbrach.\u00bb<\/p><\/blockquote>\n\n\n\n<p><em>Schreiben Sie dem Autor: <a href=\"mailto:loris.musumeci@leregardlibre.com\">loris.musumeci@leregardlibre.com<\/a><\/em><\/p>\n\n\n\n<p>Bildnachweis: \u00a9 Universal Pictures<\/p>\n\n\n\n<div class=\"wp-block-media-text alignwide is-stacked-on-mobile\" style=\"grid-template-columns:32% auto\"><figure class=\"wp-block-media-text__media\"><img fetchpriority=\"high\" decoding=\"async\" width=\"302\" height=\"480\" src=\"http:\/\/leregardlibre.com\/wp-content\/uploads\/2020\/09\/9782234079205-001-T.jpeg\" alt=\"\" class=\"wp-image-36017\" srcset=\"https:\/\/leregardlibre.com\/wp-content\/uploads\/2020\/09\/9782234079205-001-T.jpeg 302w, https:\/\/leregardlibre.com\/wp-content\/uploads\/2020\/09\/9782234079205-001-T-94x150.jpeg 94w, https:\/\/leregardlibre.com\/wp-content\/uploads\/2020\/09\/9782234079205-001-T-189x300.jpeg 189w, https:\/\/leregardlibre.com\/wp-content\/uploads\/2020\/09\/9782234079205-001-T-300x477.jpeg 300w\" sizes=\"(max-width: 302px) 100vw, 302px\" \/><\/figure><div class=\"wp-block-media-text__content\">\n<p><strong>Samuel Blumenfeld<br><em>Die letzten Tage des Marlon Brando<\/em><br>Stock Verlag<br>2019<br>249 Seiten<\/strong><\/p>\n\n\n\n<div class=\"wp-block-buttons is-layout-flex wp-block-buttons-is-layout-flex\">\n<div class=\"wp-block-button\"><a class=\"wp-block-button__link\" href=\"https:\/\/www.editions-stock.fr\/livres\/la-bleue\/les-derniers-jours-de-marlon-brando-9782234079205\">bestellen<\/a><\/div>\n<\/div>\n<\/div><\/div>","protected":false},"excerpt":{"rendered":"<p>Ein Interview mit der Legende Brando.<\/p>","protected":false},"author":18,"featured_media":36021,"comment_status":"open","ping_status":"open","sticky":false,"template":"","format":"standard","meta":{"_acf_changed":false,"footnotes":""},"categories":[20663],"tags":[644341300,54879,644343514,644344075,644342485,644355171,644344431],"class_list":["post-36016","post","type-post","status-publish","format-standard","has-post-thumbnail","hentry","category-litterature","tag-cinema-hollywoodien","tag-critiques-litteraires","tag-le-parrain","tag-legende","tag-marlon-brando","tag-samuel-blumenfeld","tag-stock"],"acf":[],"yoast_head":"<!-- This site is optimized with the Yoast SEO Premium plugin v27.4 (Yoast SEO v27.4) - https:\/\/yoast.com\/product\/yoast-seo-premium-wordpress\/ -->\n<title>\u00abLes derniers jours de Marlon Brando\u00bb: les derniers jours d\u2019un d\u00e9chet glorieux<\/title>\n<meta name=\"robots\" content=\"index, follow, max-snippet:-1, max-image-preview:large, max-video-preview:-1\" \/>\n<link rel=\"canonical\" href=\"https:\/\/leregardlibre.com\/de\/literatur\/die-letzten-tage-des-marlon-brando-die-letzten-tage-eines-glorreichen-abfalls\/\" \/>\n<meta property=\"og:locale\" content=\"de_DE\" \/>\n<meta property=\"og:type\" content=\"article\" \/>\n<meta property=\"og:title\" content=\"\u00abLes derniers jours de Marlon Brando\u00bb: les derniers jours d\u2019un d\u00e9chet glorieux\" \/>\n<meta property=\"og:description\" content=\"Une entrevue avec cette l\u00e9gende de Brando.\" \/>\n<meta property=\"og:url\" content=\"https:\/\/leregardlibre.com\/de\/literatur\/die-letzten-tage-des-marlon-brando-die-letzten-tage-eines-glorreichen-abfalls\/\" \/>\n<meta property=\"og:site_name\" content=\"Le Regard Libre\" \/>\n<meta property=\"article:publisher\" content=\"https:\/\/www.facebook.com\/leregardlibre\/\" \/>\n<meta property=\"article:published_time\" content=\"2020-09-15T10:30:42+00:00\" \/>\n<meta property=\"article:modified_time\" content=\"2022-09-25T14:11:36+00:00\" \/>\n<meta property=\"og:image\" content=\"https:\/\/leregardlibre.com\/wp-content\/uploads\/2020\/09\/5657952.jpg-r_1280_720-f_jpg-q_x-xxyxx.jpg\" \/>\n\t<meta property=\"og:image:width\" content=\"1280\" \/>\n\t<meta property=\"og:image:height\" content=\"720\" \/>\n\t<meta property=\"og:image:type\" content=\"image\/jpeg\" \/>\n<meta name=\"author\" content=\"Loris S. Musumeci\" \/>\n<meta name=\"twitter:card\" content=\"summary_large_image\" \/>\n<meta name=\"twitter:creator\" content=\"@LeRegardLibre\" \/>\n<meta name=\"twitter:site\" content=\"@LeRegardLibre\" \/>\n<meta name=\"twitter:label1\" content=\"Verfasst von\" \/>\n\t<meta name=\"twitter:data1\" content=\"Loris S. Musumeci\" \/>\n\t<meta name=\"twitter:label2\" content=\"Gesch\u00e4tzte Lesezeit\" \/>\n\t<meta name=\"twitter:data2\" content=\"4\u00a0Minuten\" \/>\n<script type=\"application\/ld+json\" class=\"yoast-schema-graph\">{\"@context\":\"https:\\\/\\\/schema.org\",\"@graph\":[{\"@type\":\"Article\",\"@id\":\"https:\\\/\\\/leregardlibre.com\\\/litterature\\\/les-derniers-jours-de-marlon-brando-les-derniers-jours-dun-dechet-glorieux\\\/#article\",\"isPartOf\":{\"@id\":\"https:\\\/\\\/leregardlibre.com\\\/litterature\\\/les-derniers-jours-de-marlon-brando-les-derniers-jours-dun-dechet-glorieux\\\/\"},\"author\":{\"name\":\"Loris S. Musumeci\",\"@id\":\"https:\\\/\\\/leregardlibre.com\\\/#\\\/schema\\\/person\\\/04d80ec47094bca6b1fa22dffad24005\"},\"headline\":\"\u00abLes derniers jours de Marlon Brando\u00bb: les derniers jours d\u2019un d\u00e9chet glorieux\",\"datePublished\":\"2020-09-15T10:30:42+00:00\",\"dateModified\":\"2022-09-25T14:11:36+00:00\",\"mainEntityOfPage\":{\"@id\":\"https:\\\/\\\/leregardlibre.com\\\/litterature\\\/les-derniers-jours-de-marlon-brando-les-derniers-jours-dun-dechet-glorieux\\\/\"},\"wordCount\":865,\"commentCount\":0,\"publisher\":{\"@id\":\"https:\\\/\\\/leregardlibre.com\\\/#organization\"},\"image\":{\"@id\":\"https:\\\/\\\/leregardlibre.com\\\/litterature\\\/les-derniers-jours-de-marlon-brando-les-derniers-jours-dun-dechet-glorieux\\\/#primaryimage\"},\"thumbnailUrl\":\"https:\\\/\\\/leregardlibre.com\\\/wp-content\\\/uploads\\\/2020\\\/09\\\/5657952.jpg-r_1280_720-f_jpg-q_x-xxyxx.jpg\",\"keywords\":[\"Cin\u00e9ma hollywoodien\",\"Critique litt\u00e9raire\",\"Le Parrain\",\"l\u00e9gende\",\"Marlon Brando\",\"samuel blumenfeld\",\"stock\"],\"articleSection\":[\"Litt\u00e9rature\"],\"inLanguage\":\"de\",\"potentialAction\":[{\"@type\":\"CommentAction\",\"name\":\"Comment\",\"target\":[\"https:\\\/\\\/leregardlibre.com\\\/litterature\\\/les-derniers-jours-de-marlon-brando-les-derniers-jours-dun-dechet-glorieux\\\/#respond\"]}]},{\"@type\":\"WebPage\",\"@id\":\"https:\\\/\\\/leregardlibre.com\\\/litterature\\\/les-derniers-jours-de-marlon-brando-les-derniers-jours-dun-dechet-glorieux\\\/\",\"url\":\"https:\\\/\\\/leregardlibre.com\\\/litterature\\\/les-derniers-jours-de-marlon-brando-les-derniers-jours-dun-dechet-glorieux\\\/\",\"name\":\"\u00abLes derniers jours de Marlon Brando\u00bb: les derniers jours d\u2019un d\u00e9chet glorieux\",\"isPartOf\":{\"@id\":\"https:\\\/\\\/leregardlibre.com\\\/#website\"},\"primaryImageOfPage\":{\"@id\":\"https:\\\/\\\/leregardlibre.com\\\/litterature\\\/les-derniers-jours-de-marlon-brando-les-derniers-jours-dun-dechet-glorieux\\\/#primaryimage\"},\"image\":{\"@id\":\"https:\\\/\\\/leregardlibre.com\\\/litterature\\\/les-derniers-jours-de-marlon-brando-les-derniers-jours-dun-dechet-glorieux\\\/#primaryimage\"},\"thumbnailUrl\":\"https:\\\/\\\/leregardlibre.com\\\/wp-content\\\/uploads\\\/2020\\\/09\\\/5657952.jpg-r_1280_720-f_jpg-q_x-xxyxx.jpg\",\"datePublished\":\"2020-09-15T10:30:42+00:00\",\"dateModified\":\"2022-09-25T14:11:36+00:00\",\"breadcrumb\":{\"@id\":\"https:\\\/\\\/leregardlibre.com\\\/litterature\\\/les-derniers-jours-de-marlon-brando-les-derniers-jours-dun-dechet-glorieux\\\/#breadcrumb\"},\"inLanguage\":\"de\",\"potentialAction\":[{\"@type\":\"ReadAction\",\"target\":[\"https:\\\/\\\/leregardlibre.com\\\/litterature\\\/les-derniers-jours-de-marlon-brando-les-derniers-jours-dun-dechet-glorieux\\\/\"]}]},{\"@type\":\"ImageObject\",\"inLanguage\":\"de\",\"@id\":\"https:\\\/\\\/leregardlibre.com\\\/litterature\\\/les-derniers-jours-de-marlon-brando-les-derniers-jours-dun-dechet-glorieux\\\/#primaryimage\",\"url\":\"https:\\\/\\\/leregardlibre.com\\\/wp-content\\\/uploads\\\/2020\\\/09\\\/5657952.jpg-r_1280_720-f_jpg-q_x-xxyxx.jpg\",\"contentUrl\":\"https:\\\/\\\/leregardlibre.com\\\/wp-content\\\/uploads\\\/2020\\\/09\\\/5657952.jpg-r_1280_720-f_jpg-q_x-xxyxx.jpg\",\"width\":1280,\"height\":720},{\"@type\":\"BreadcrumbList\",\"@id\":\"https:\\\/\\\/leregardlibre.com\\\/litterature\\\/les-derniers-jours-de-marlon-brando-les-derniers-jours-dun-dechet-glorieux\\\/#breadcrumb\",\"itemListElement\":[{\"@type\":\"ListItem\",\"position\":1,\"name\":\"Accueil\",\"item\":\"https:\\\/\\\/leregardlibre.com\\\/\"},{\"@type\":\"ListItem\",\"position\":2,\"name\":\"\u00abLes derniers jours de Marlon Brando\u00bb: les derniers jours d\u2019un d\u00e9chet glorieux\"}]},{\"@type\":\"WebSite\",\"@id\":\"https:\\\/\\\/leregardlibre.com\\\/#website\",\"url\":\"https:\\\/\\\/leregardlibre.com\\\/\",\"name\":\"Le Regard Libre\",\"description\":\"Premier mensuel suisse de d\u00e9bat\",\"publisher\":{\"@id\":\"https:\\\/\\\/leregardlibre.com\\\/#organization\"},\"potentialAction\":[{\"@type\":\"SearchAction\",\"target\":{\"@type\":\"EntryPoint\",\"urlTemplate\":\"https:\\\/\\\/leregardlibre.com\\\/?s={search_term_string}\"},\"query-input\":{\"@type\":\"PropertyValueSpecification\",\"valueRequired\":true,\"valueName\":\"search_term_string\"}}],\"inLanguage\":\"de\"},{\"@type\":\"Organization\",\"@id\":\"https:\\\/\\\/leregardlibre.com\\\/#organization\",\"name\":\"Le Regard Libre\",\"url\":\"https:\\\/\\\/leregardlibre.com\\\/\",\"logo\":{\"@type\":\"ImageObject\",\"inLanguage\":\"de\",\"@id\":\"https:\\\/\\\/leregardlibre.com\\\/#\\\/schema\\\/logo\\\/image\\\/\",\"url\":\"https:\\\/\\\/leregardlibre.com\\\/wp-content\\\/uploads\\\/2025\\\/08\\\/logo-rl-icone-neg.jpeg\",\"contentUrl\":\"https:\\\/\\\/leregardlibre.com\\\/wp-content\\\/uploads\\\/2025\\\/08\\\/logo-rl-icone-neg.jpeg\",\"width\":557,\"height\":556,\"caption\":\"Le Regard Libre\"},\"image\":{\"@id\":\"https:\\\/\\\/leregardlibre.com\\\/#\\\/schema\\\/logo\\\/image\\\/\"},\"sameAs\":[\"https:\\\/\\\/www.facebook.com\\\/leregardlibre\\\/\",\"https:\\\/\\\/x.com\\\/LeRegardLibre\",\"https:\\\/\\\/www.linkedin.com\\\/company\\\/le-regard-libre\",\"https:\\\/\\\/www.instagram.com\\\/leregardlibre\\\/\",\"http:\\\/\\\/t.me\\\/leregardlibre\",\"https:\\\/\\\/youtube.com\\\/channel\\\/UC6HzGPomj1LsUmlz-sJtITQ\"],\"description\":\"Le Regard Libre est un mensuel suisse de d\u00e9bat intellectuel et culturel. Sa r\u00e9daction est jeune, b\u00e9n\u00e9vole, lib\u00e9rale et pluraliste. Le magazine para\u00eet en ligne et sous forme papier. Sa langue est le fran\u00e7ais.\",\"email\":\"redaction@leregardlibre.com\",\"legalName\":\"Le Regard Libre\",\"foundingDate\":\"2014-01-01\",\"numberOfEmployees\":{\"@type\":\"QuantitativeValue\",\"minValue\":\"11\",\"maxValue\":\"50\"},\"publishingPrinciples\":\"https:\\\/\\\/leregardlibre.com\\\/a-propos\\\/notre-manifeste\\\/\",\"ownershipFundingInfo\":\"https:\\\/\\\/leregardlibre.com\\\/mentions-legales\\\/\",\"actionableFeedbackPolicy\":\"https:\\\/\\\/leregardlibre.com\\\/conditions-generales-de-vente\\\/\"},{\"@type\":\"Person\",\"@id\":\"https:\\\/\\\/leregardlibre.com\\\/#\\\/schema\\\/person\\\/04d80ec47094bca6b1fa22dffad24005\",\"name\":\"Loris S. Musumeci\",\"image\":{\"@type\":\"ImageObject\",\"inLanguage\":\"de\",\"@id\":\"https:\\\/\\\/secure.gravatar.com\\\/avatar\\\/fa476654dadfee0d962e80160d0303549febb2769f8fa26c7a1ebe037f7c7c54?s=96&d=identicon&r=g\",\"url\":\"https:\\\/\\\/secure.gravatar.com\\\/avatar\\\/fa476654dadfee0d962e80160d0303549febb2769f8fa26c7a1ebe037f7c7c54?s=96&d=identicon&r=g\",\"contentUrl\":\"https:\\\/\\\/secure.gravatar.com\\\/avatar\\\/fa476654dadfee0d962e80160d0303549febb2769f8fa26c7a1ebe037f7c7c54?s=96&d=identicon&r=g\",\"caption\":\"Loris S. Musumeci\"},\"sameAs\":[\"https:\\\/\\\/leregardlibre.com\\\/\",\"https:\\\/\\\/fr.wikipedia.org\\\/wiki\\\/Le_Regard_libre\"],\"url\":\"https:\\\/\\\/leregardlibre.com\\\/de\\\/author\\\/loris-musumeci\\\/\"}]}<\/script>\n<!-- \/ Yoast SEO Premium plugin. -->","yoast_head_json":{"title":"\u00abDie letzten Tage des Marlon Brando\u00bb: Die letzten Tage eines glorreichen Abfalls","robots":{"index":"index","follow":"follow","max-snippet":"max-snippet:-1","max-image-preview":"max-image-preview:large","max-video-preview":"max-video-preview:-1"},"canonical":"https:\/\/leregardlibre.com\/de\/literatur\/die-letzten-tage-des-marlon-brando-die-letzten-tage-eines-glorreichen-abfalls\/","og_locale":"de_DE","og_type":"article","og_title":"\u00abLes derniers jours de Marlon Brando\u00bb: les derniers jours d\u2019un d\u00e9chet glorieux","og_description":"Une entrevue avec cette l\u00e9gende de Brando.","og_url":"https:\/\/leregardlibre.com\/de\/literatur\/die-letzten-tage-des-marlon-brando-die-letzten-tage-eines-glorreichen-abfalls\/","og_site_name":"Le Regard Libre","article_publisher":"https:\/\/www.facebook.com\/leregardlibre\/","article_published_time":"2020-09-15T10:30:42+00:00","article_modified_time":"2022-09-25T14:11:36+00:00","og_image":[{"width":1280,"height":720,"url":"https:\/\/leregardlibre.com\/wp-content\/uploads\/2020\/09\/5657952.jpg-r_1280_720-f_jpg-q_x-xxyxx.jpg","type":"image\/jpeg"}],"author":"Loris S. Musumeci","twitter_card":"summary_large_image","twitter_creator":"@LeRegardLibre","twitter_site":"@LeRegardLibre","twitter_misc":{"Verfasst von":"Loris S. Musumeci","Gesch\u00e4tzte Lesezeit":"4\u00a0Minuten"},"schema":{"@context":"https:\/\/schema.org","@graph":[{"@type":"Article","@id":"https:\/\/leregardlibre.com\/litterature\/les-derniers-jours-de-marlon-brando-les-derniers-jours-dun-dechet-glorieux\/#article","isPartOf":{"@id":"https:\/\/leregardlibre.com\/litterature\/les-derniers-jours-de-marlon-brando-les-derniers-jours-dun-dechet-glorieux\/"},"author":{"name":"Loris S. Musumeci","@id":"https:\/\/leregardlibre.com\/#\/schema\/person\/04d80ec47094bca6b1fa22dffad24005"},"headline":"\u00abLes derniers jours de Marlon Brando\u00bb: les derniers jours d\u2019un d\u00e9chet glorieux","datePublished":"2020-09-15T10:30:42+00:00","dateModified":"2022-09-25T14:11:36+00:00","mainEntityOfPage":{"@id":"https:\/\/leregardlibre.com\/litterature\/les-derniers-jours-de-marlon-brando-les-derniers-jours-dun-dechet-glorieux\/"},"wordCount":865,"commentCount":0,"publisher":{"@id":"https:\/\/leregardlibre.com\/#organization"},"image":{"@id":"https:\/\/leregardlibre.com\/litterature\/les-derniers-jours-de-marlon-brando-les-derniers-jours-dun-dechet-glorieux\/#primaryimage"},"thumbnailUrl":"https:\/\/leregardlibre.com\/wp-content\/uploads\/2020\/09\/5657952.jpg-r_1280_720-f_jpg-q_x-xxyxx.jpg","keywords":["Cin\u00e9ma hollywoodien","Critique litt\u00e9raire","Le Parrain","l\u00e9gende","Marlon Brando","samuel blumenfeld","stock"],"articleSection":["Litt\u00e9rature"],"inLanguage":"de","potentialAction":[{"@type":"CommentAction","name":"Comment","target":["https:\/\/leregardlibre.com\/litterature\/les-derniers-jours-de-marlon-brando-les-derniers-jours-dun-dechet-glorieux\/#respond"]}]},{"@type":"WebPage","@id":"https:\/\/leregardlibre.com\/litterature\/les-derniers-jours-de-marlon-brando-les-derniers-jours-dun-dechet-glorieux\/","url":"https:\/\/leregardlibre.com\/litterature\/les-derniers-jours-de-marlon-brando-les-derniers-jours-dun-dechet-glorieux\/","name":"\u00abDie letzten Tage des Marlon Brando\u00bb: Die letzten Tage eines glorreichen Abfalls","isPartOf":{"@id":"https:\/\/leregardlibre.com\/#website"},"primaryImageOfPage":{"@id":"https:\/\/leregardlibre.com\/litterature\/les-derniers-jours-de-marlon-brando-les-derniers-jours-dun-dechet-glorieux\/#primaryimage"},"image":{"@id":"https:\/\/leregardlibre.com\/litterature\/les-derniers-jours-de-marlon-brando-les-derniers-jours-dun-dechet-glorieux\/#primaryimage"},"thumbnailUrl":"https:\/\/leregardlibre.com\/wp-content\/uploads\/2020\/09\/5657952.jpg-r_1280_720-f_jpg-q_x-xxyxx.jpg","datePublished":"2020-09-15T10:30:42+00:00","dateModified":"2022-09-25T14:11:36+00:00","breadcrumb":{"@id":"https:\/\/leregardlibre.com\/litterature\/les-derniers-jours-de-marlon-brando-les-derniers-jours-dun-dechet-glorieux\/#breadcrumb"},"inLanguage":"de","potentialAction":[{"@type":"ReadAction","target":["https:\/\/leregardlibre.com\/litterature\/les-derniers-jours-de-marlon-brando-les-derniers-jours-dun-dechet-glorieux\/"]}]},{"@type":"ImageObject","inLanguage":"de","@id":"https:\/\/leregardlibre.com\/litterature\/les-derniers-jours-de-marlon-brando-les-derniers-jours-dun-dechet-glorieux\/#primaryimage","url":"https:\/\/leregardlibre.com\/wp-content\/uploads\/2020\/09\/5657952.jpg-r_1280_720-f_jpg-q_x-xxyxx.jpg","contentUrl":"https:\/\/leregardlibre.com\/wp-content\/uploads\/2020\/09\/5657952.jpg-r_1280_720-f_jpg-q_x-xxyxx.jpg","width":1280,"height":720},{"@type":"BreadcrumbList","@id":"https:\/\/leregardlibre.com\/litterature\/les-derniers-jours-de-marlon-brando-les-derniers-jours-dun-dechet-glorieux\/#breadcrumb","itemListElement":[{"@type":"ListItem","position":1,"name":"Accueil","item":"https:\/\/leregardlibre.com\/"},{"@type":"ListItem","position":2,"name":"\u00abLes derniers jours de Marlon Brando\u00bb: les derniers jours d\u2019un d\u00e9chet glorieux"}]},{"@type":"WebSite","@id":"https:\/\/leregardlibre.com\/#website","url":"https:\/\/leregardlibre.com\/","name":"Le Regard Libre","description":"Erste Schweizer Monatszeitschrift f\u00fcr Debatten","publisher":{"@id":"https:\/\/leregardlibre.com\/#organization"},"potentialAction":[{"@type":"SearchAction","target":{"@type":"EntryPoint","urlTemplate":"https:\/\/leregardlibre.com\/?s={search_term_string}"},"query-input":{"@type":"PropertyValueSpecification","valueRequired":true,"valueName":"search_term_string"}}],"inLanguage":"de"},{"@type":"Organization","@id":"https:\/\/leregardlibre.com\/#organization","name":"Le Regard Libre","url":"https:\/\/leregardlibre.com\/","logo":{"@type":"ImageObject","inLanguage":"de","@id":"https:\/\/leregardlibre.com\/#\/schema\/logo\/image\/","url":"https:\/\/leregardlibre.com\/wp-content\/uploads\/2025\/08\/logo-rl-icone-neg.jpeg","contentUrl":"https:\/\/leregardlibre.com\/wp-content\/uploads\/2025\/08\/logo-rl-icone-neg.jpeg","width":557,"height":556,"caption":"Le Regard Libre"},"image":{"@id":"https:\/\/leregardlibre.com\/#\/schema\/logo\/image\/"},"sameAs":["https:\/\/www.facebook.com\/leregardlibre\/","https:\/\/x.com\/LeRegardLibre","https:\/\/www.linkedin.com\/company\/le-regard-libre","https:\/\/www.instagram.com\/leregardlibre\/","http:\/\/t.me\/leregardlibre","https:\/\/youtube.com\/channel\/UC6HzGPomj1LsUmlz-sJtITQ"],"description":"Le Regard Libre ist eine Schweizer Monatszeitschrift f\u00fcr intellektuelle und kulturelle Debatten. Seine Redaktion ist jung, ehrenamtlich, liberal und pluralistisch. Das Magazin erscheint online und in gedruckter Form. Seine Sprache ist Franz\u00f6sisch.","email":"redaction@leregardlibre.com","legalName":"Le Regard Libre","foundingDate":"2014-01-01","numberOfEmployees":{"@type":"QuantitativeValue","minValue":"11","maxValue":"50"},"publishingPrinciples":"https:\/\/leregardlibre.com\/a-propos\/notre-manifeste\/","ownershipFundingInfo":"https:\/\/leregardlibre.com\/mentions-legales\/","actionableFeedbackPolicy":"https:\/\/leregardlibre.com\/conditions-generales-de-vente\/"},{"@type":"Person","@id":"https:\/\/leregardlibre.com\/#\/schema\/person\/04d80ec47094bca6b1fa22dffad24005","name":"Loris S. Musumeci","image":{"@type":"ImageObject","inLanguage":"de","@id":"https:\/\/secure.gravatar.com\/avatar\/fa476654dadfee0d962e80160d0303549febb2769f8fa26c7a1ebe037f7c7c54?s=96&d=identicon&r=g","url":"https:\/\/secure.gravatar.com\/avatar\/fa476654dadfee0d962e80160d0303549febb2769f8fa26c7a1ebe037f7c7c54?s=96&d=identicon&r=g","contentUrl":"https:\/\/secure.gravatar.com\/avatar\/fa476654dadfee0d962e80160d0303549febb2769f8fa26c7a1ebe037f7c7c54?s=96&d=identicon&r=g","caption":"Loris S. Musumeci"},"sameAs":["https:\/\/leregardlibre.com\/","https:\/\/fr.wikipedia.org\/wiki\/Le_Regard_libre"],"url":"https:\/\/leregardlibre.com\/de\/author\/loris-musumeci\/"}]}},"_links":{"self":[{"href":"https:\/\/leregardlibre.com\/de\/wp-json\/wp\/v2\/posts\/36016","targetHints":{"allow":["GET"]}}],"collection":[{"href":"https:\/\/leregardlibre.com\/de\/wp-json\/wp\/v2\/posts"}],"about":[{"href":"https:\/\/leregardlibre.com\/de\/wp-json\/wp\/v2\/types\/post"}],"author":[{"embeddable":true,"href":"https:\/\/leregardlibre.com\/de\/wp-json\/wp\/v2\/users\/18"}],"replies":[{"embeddable":true,"href":"https:\/\/leregardlibre.com\/de\/wp-json\/wp\/v2\/comments?post=36016"}],"version-history":[{"count":1,"href":"https:\/\/leregardlibre.com\/de\/wp-json\/wp\/v2\/posts\/36016\/revisions"}],"predecessor-version":[{"id":511881,"href":"https:\/\/leregardlibre.com\/de\/wp-json\/wp\/v2\/posts\/36016\/revisions\/511881"}],"wp:featuredmedia":[{"embeddable":true,"href":"https:\/\/leregardlibre.com\/de\/wp-json\/wp\/v2\/media\/36021"}],"wp:attachment":[{"href":"https:\/\/leregardlibre.com\/de\/wp-json\/wp\/v2\/media?parent=36016"}],"wp:term":[{"taxonomy":"category","embeddable":true,"href":"https:\/\/leregardlibre.com\/de\/wp-json\/wp\/v2\/categories?post=36016"},{"taxonomy":"post_tag","embeddable":true,"href":"https:\/\/leregardlibre.com\/de\/wp-json\/wp\/v2\/tags?post=36016"}],"curies":[{"name":"wp","href":"https:\/\/api.w.org\/{rel}","templated":true}]}}