{"id":36115,"date":"2020-09-24T20:40:17","date_gmt":"2020-09-24T18:40:17","guid":{"rendered":"https:\/\/leregardlibre.com\/?p=36115"},"modified":"2022-09-04T10:40:41","modified_gmt":"2022-09-04T08:40:41","slug":"europaische-zivilisationen","status":"publish","type":"post","link":"https:\/\/leregardlibre.com\/de\/geschichte\/europaische-zivilisationen\/","title":{"rendered":"Europ\u00e4ische Zivilisationen"},"content":{"rendered":"<div class='content_excerpt'>\n<p>Le Regard Libre Nr. 66 - Robin Parisi<\/p>\n\n\n\n<p class=\"has-drop-cap\"><strong>\u00abWesterner\u00bb: So werden Europ\u00e4er, Nordamerikaner und Ozeanier au\u00dferhalb ihrer eigenen zivilisatorischen Sph\u00e4re genannt. Lateinamerikaner, Angelsachsen und Slawen werden unter einer einzigen, faszinierenden Bezeichnung zusammengefasst. Auch in unserem Vokabular gibt es den Begriff \u00abwestlich\u00bb, der eine Verwandtschaft, ja sogar einen Gruppenzusammenhalt impliziert. Der Ponant, der w\u00e4hrend des Kalten Krieges in Opposition zum Ostblock entstanden ist, erlebt zu Beginn des 21. Jahrhunderts zahlreiche interne Spannungen, die wahrscheinlich darauf zur\u00fcckzuf\u00fchren sind, dass er nicht homogen ist. Urspr\u00fcnglich war es nur ein vor\u00fcbergehendes B\u00fcndnis zwischen zwei Zivilisationen: \u00abgermanisch\/protestantisch\u00bb und \u00ablateinisch\/katholisch\u00bb. Nichts ist n\u00fctzlicher als ein Blick auf die Geschichte der westlichen Zivilisationen.<\/strong><\/p>\n\n\n\n Langen Artikel lesen\n    <div class='restricted_content_fade'><\/div>\n    <\/div>\n  <style>\n    .content_excerpt{\n      position: relative;\n    }\n    .content_excerpt .restricted_content_fade{\n      position: absolute;\n      bottom: 0;\n      left: 0;\n      right: 0;\n      height: 75px;\n\t  margin-bottom: 0px;\n      background-image: linear-gradient(#ffffff2e, white);\n    }\n\n    .restricted_content{\n      margin-top: 30px;\n      border: solid #dddddd 1px;\n      border-radius: 7px;\n      padding: 30px;\n    }\n    \n    .restricted_content .restricted_content_title{\n      font-size: 22px;\n      font-weight: 600;\n    }\n    .restricted_content .restricted_content_flex_row{\n      display: flex;\n      flex-direction: row;\n    }\n    .restricted_content .restricted_content_image_container{\n      flex: 3;\n    }\n    .restricted_content .restricted_content_flex_column{\n      flex: 4;\n      display: flex;\n      flex-direction: column;\n      margin-left: 40px;\n      justify-content: center;\n    }\n\n\n    .restricted_content_buttons{\n      display: flex;\n      flex-direction: column;\n      width: min-content;\n    }\n    .restricted_content_button{\n      background-color: #f2f2f2;\n      text-transform: uppercase;\n      font-weight: 600;\n      padding: 8px 40px;\n      text-align: center;\n      font-size: 13px;\n      margin-top: 10px;\n      width: max-content;\n      width: 100%;\n      white-space: nowrap;\n    }\n    .restricted_content_button:hover {\n      background-color: #111111;\n      color: white;\n      text-decoration: none !important;\n    }\n\n    .restricted_content_primary_button{\n      background-color: #1F2A68 !important;\n      color: white !important;\n    }\n    .restricted_content_primary_button:hover {\n      background-color: #111111;\n    }\n\n    .restricted_content_text{\n      margin-bottom: 10px;\n      line-height: 1.2;\n      font-weight: 500;\n      font-size: 16px;\n    }\n\n  \n  <\/style>\n  <div class='restricted_content'>\n    <h3 class='restricted_content_title'>Dieser Inhalt ist unseren Abonnenten vorbehalten.<\/h3>\n    <div class='restricted_content_flex_row'>\n      <div class='restricted_content_image_container'>\n        <img class='restricted_content_image' src='\/wp-content\/uploads\/2025\/08\/abo_physique.png' \/>\n      <\/div>\n      <div class='restricted_content_flex_column'>\n        <div class='restricted_content_text'>Wenn Sie ein Konto haben, loggen Sie sich ein. Ansonsten entdecken Sie unsere verschiedenen Abonnements und erstellen Sie ein Konto ab CHF 2.50 im ersten Monat.<\/div>\n        <div class='restricted_content_buttons'>\n          <a href='\/de\/abonnement\/' class='restricted_content_button restricted_content_primary_button'>Abonnements ansehen<\/a><a href='\/de\/mein-konto\/?redirect_to=https:\/\/leregardlibre.com\/de\/geschichte\/europaische-zivilisationen\/'class='restricted_content_button'>Sich anmelden<\/a><\/div>\n      <\/div>\n    <\/div>\n  <\/div>","protected":false},"excerpt":{"rendered":"<div class='content_excerpt'>\n<p>Le Regard Libre Nr. 66 - Robin Parisi<\/p>\n<p class=\"has-drop-cap\"><strong>\u00abWesterner\u00bb: So werden Europ\u00e4er, Nordamerikaner und Ozeanier au\u00dferhalb ihrer eigenen zivilisatorischen Sph\u00e4re genannt. Lateinamerikaner, Angelsachsen und Slawen werden unter einer einzigen, faszinierenden Bezeichnung zusammengefasst. Auch in unserem Vokabular gibt es den Begriff \u00abwestlich\u00bb, der eine Verwandtschaft, ja sogar einen Gruppenzusammenhalt impliziert. Der Ponant, der w\u00e4hrend des Kalten Krieges in Opposition zum Ostblock entstanden ist, erlebt zu Beginn des 21. Jahrhunderts zahlreiche interne Spannungen, die wahrscheinlich darauf zur\u00fcckzuf\u00fchren sind, dass er nicht homogen ist. Urspr\u00fcnglich war es nur ein vor\u00fcbergehendes B\u00fcndnis zwischen zwei Zivilisationen: \u00abgermanisch\/protestantisch\u00bb und \u00ablateinisch\/katholisch\u00bb. Nichts ist n\u00fctzlicher als ein Blick auf die Geschichte der westlichen Zivilisationen.<\/strong><\/p>\n<p> Langen Artikel lesen<\/p>\n<div class='restricted_content_fade'><\/div>\n<\/p><\/div>\n<style>\n    .content_excerpt{\n      position: relative;\n    }\n    .content_excerpt .restricted_content_fade{\n      position: absolute;\n      bottom: 0;\n      left: 0;\n      right: 0;\n      height: 75px;\n\t  margin-bottom: 0px;\n      background-image: linear-gradient(#ffffff2e, white);\n    }<\/p>\n<p>    .restricted_content{\n      margin-top: 30px;\n      border: solid #dddddd 1px;\n      border-radius: 7px;\n      padding: 30px;\n    }<\/p>\n<p>    .restricted_content .restricted_content_title{\n      font-size: 22px;\n      font-weight: 600;\n    }\n    .restricted_content .restricted_content_flex_row{\n      display: flex;\n      flex-direction: row;\n    }\n    .restricted_content .restricted_content_image_container{\n      flex: 3;\n    }\n    .restricted_content .restricted_content_flex_column{\n      flex: 4;\n      display: flex;\n      flex-direction: column;\n      margin-left: 40px;\n      justify-content: center;\n    }<\/p>\n<p>    .restricted_content_buttons{\n      display: flex;\n      flex-direction: column;\n      width: min-content;\n    }\n    .restricted_content_button{\n      background-color: #f2f2f2;\n      text-transform: uppercase;\n      font-weight: 600;\n      padding: 8px 40px;\n      text-align: center;\n      font-size: 13px;\n      margin-top: 10px;\n      width: max-content;\n      width: 100%;\n      white-space: nowrap;\n    }\n    .restricted_content_button:hover {\n      background-color: #111111;\n      color: white;\n      text-decoration: none !important;\n    }<\/p>\n<p>    .restricted_content_primary_button{\n      background-color: #1F2A68 !important;\n      color: white !important;\n    }\n    .restricted_content_primary_button:hover {\n      background-color: #111111;\n    }<\/p>\n<p>    .restricted_content_text{\n      margin-bottom: 10px;\n      line-height: 1.2;\n      font-weight: 500;\n      font-size: 16px;\n    }<\/p>\n<\/style>\n<div class='restricted_content'>\n<h3 class='restricted_content_title'>Dieser Inhalt ist unseren Abonnenten vorbehalten.<\/h3>\n<div class='restricted_content_flex_row'>\n<div class='restricted_content_image_container'>\n        <img class='restricted_content_image' src='\/wp-content\/uploads\/2025\/08\/abo_physique.png' \/>\n      <\/div>\n<div class='restricted_content_flex_column'>\n<div class='restricted_content_text'>Wenn Sie ein Konto haben, loggen Sie sich ein. Ansonsten entdecken Sie unsere verschiedenen Abonnements und erstellen Sie ein Konto ab CHF 2.50 im ersten Monat.<\/div>\n<div class='restricted_content_buttons'>\n          <a href='\/de\/abonnement\/' class='restricted_content_button restricted_content_primary_button'>Abonnements ansehen<\/a><a href='\/de\/mein-konto\/?redirect_to=https:\/\/leregardlibre.com\/de\/geschichte\/europaische-zivilisationen\/'class='restricted_content_button'>Sich anmelden<\/a><\/div>\n<\/p><\/div>\n<\/p><\/div>\n<\/p><\/div>","protected":false},"author":71,"featured_media":36117,"comment_status":"open","ping_status":"open","sticky":false,"template":"","format":"standard","meta":{"_acf_changed":false,"footnotes":""},"categories":[27785],"tags":[4328,644355227,644355160,254760,155290],"class_list":["post-36115","post","type-post","status-publish","format-standard","has-post-thumbnail","hentry","category-histoire","tag-europe","tag-histoire-occidentale","tag-modes-de-vie","tag-occident","tag-protestantisme","membership-content","access-restricted"],"acf":[],"yoast_head":"<!-- This site is optimized with the Yoast SEO Premium plugin v27.4 (Yoast SEO v27.4) - https:\/\/yoast.com\/product\/yoast-seo-premium-wordpress\/ -->\n<title>Civilisations europ\u00e9ennes<\/title>\n<meta name=\"robots\" content=\"index, follow, max-snippet:-1, max-image-preview:large, max-video-preview:-1\" \/>\n<link rel=\"canonical\" href=\"https:\/\/leregardlibre.com\/de\/geschichte\/europaische-zivilisationen\/\" \/>\n<meta property=\"og:locale\" content=\"de_DE\" \/>\n<meta property=\"og:type\" content=\"article\" \/>\n<meta property=\"og:title\" content=\"Civilisations europ\u00e9ennes\" \/>\n<meta property=\"og:description\" content=\"\u00abWesterner\u00bb: c\u2019est ainsi que les Europ\u00e9ens, Nord-am\u00e9ricains et Oc\u00e9aniens sont appel\u00e9s en dehors de leur propre sph\u00e8re civilisationnelle. Latins, anglo-saxons, slaves sont unis sous une m\u00eame \u00e9tiquette pour le moins intrigante. Il existe, dans notre vocabulaire \u00e9galement, cette notion \u00abd\u2019occidental\u00bb qui implique une parent\u00e9, voir une coh\u00e9sion de groupe. N\u00e9 lors de la guerre froide en opposition au bloc de l\u2019Est, le ponant vit, en ce d\u00e9but de XXIe si\u00e8cle, de nombreuses tensions internes qui sont probablement issues de ce qu\u2019il n\u2019est pas homog\u00e8ne. A la base, il ne s\u2019agissait seulement que d\u2019une alliance temporaire entre deux civilisations: \u00abgermanique\/protestante\u00bb et \u00ablatine\/catholique\u00bb. Rien n\u2019est plus utile que de se pencher sur l\u2019histoire des civilisations occidentales.\" \/>\n<meta property=\"og:url\" content=\"https:\/\/leregardlibre.com\/de\/geschichte\/europaische-zivilisationen\/\" \/>\n<meta property=\"og:site_name\" content=\"Le Regard Libre\" \/>\n<meta property=\"article:publisher\" content=\"https:\/\/www.facebook.com\/leregardlibre\/\" \/>\n<meta property=\"article:published_time\" content=\"2020-09-24T18:40:17+00:00\" \/>\n<meta property=\"article:modified_time\" content=\"2022-09-04T08:40:41+00:00\" \/>\n<meta property=\"og:image\" content=\"https:\/\/leregardlibre.com\/wp-content\/uploads\/2020\/09\/globe-3383088-scaled.jpg\" \/>\n\t<meta property=\"og:image:width\" content=\"2560\" \/>\n\t<meta property=\"og:image:height\" content=\"1707\" \/>\n\t<meta property=\"og:image:type\" content=\"image\/jpeg\" \/>\n<meta name=\"author\" content=\"Robin Parisi\" \/>\n<meta name=\"twitter:card\" content=\"summary_large_image\" \/>\n<meta name=\"twitter:creator\" content=\"@LeRegardLibre\" \/>\n<meta name=\"twitter:site\" content=\"@LeRegardLibre\" \/>\n<meta name=\"twitter:label1\" content=\"Verfasst von\" \/>\n\t<meta name=\"twitter:data1\" content=\"Robin Parisi\" \/>\n\t<meta name=\"twitter:label2\" content=\"Gesch\u00e4tzte Lesezeit\" \/>\n\t<meta name=\"twitter:data2\" content=\"7\u00a0Minuten\" \/>\n<script type=\"application\/ld+json\" class=\"yoast-schema-graph\">{\"@context\":\"https:\\\/\\\/schema.org\",\"@graph\":[{\"@type\":\"Article\",\"@id\":\"https:\\\/\\\/leregardlibre.com\\\/histoire\\\/civilisations-europeennes\\\/#article\",\"isPartOf\":{\"@id\":\"https:\\\/\\\/leregardlibre.com\\\/histoire\\\/civilisations-europeennes\\\/\"},\"author\":{\"name\":\"Robin Parisi\",\"@id\":\"https:\\\/\\\/leregardlibre.com\\\/#\\\/schema\\\/person\\\/bbd092b935ec607fce1451949ef91c76\"},\"headline\":\"Civilisations europ\u00e9ennes\",\"datePublished\":\"2020-09-24T18:40:17+00:00\",\"dateModified\":\"2022-09-04T08:40:41+00:00\",\"mainEntityOfPage\":{\"@id\":\"https:\\\/\\\/leregardlibre.com\\\/histoire\\\/civilisations-europeennes\\\/\"},\"wordCount\":1481,\"commentCount\":0,\"publisher\":{\"@id\":\"https:\\\/\\\/leregardlibre.com\\\/#organization\"},\"image\":{\"@id\":\"https:\\\/\\\/leregardlibre.com\\\/histoire\\\/civilisations-europeennes\\\/#primaryimage\"},\"thumbnailUrl\":\"https:\\\/\\\/leregardlibre.com\\\/wp-content\\\/uploads\\\/2020\\\/09\\\/globe-3383088-scaled.jpg\",\"keywords\":[\"Europe\",\"histoire occidentale\",\"modes de vie\",\"Occident\",\"Protestantisme\"],\"articleSection\":[\"Histoire\"],\"inLanguage\":\"de\",\"potentialAction\":[{\"@type\":\"CommentAction\",\"name\":\"Comment\",\"target\":[\"https:\\\/\\\/leregardlibre.com\\\/histoire\\\/civilisations-europeennes\\\/#respond\"]}]},{\"@type\":\"WebPage\",\"@id\":\"https:\\\/\\\/leregardlibre.com\\\/histoire\\\/civilisations-europeennes\\\/\",\"url\":\"https:\\\/\\\/leregardlibre.com\\\/histoire\\\/civilisations-europeennes\\\/\",\"name\":\"Civilisations europ\u00e9ennes\",\"isPartOf\":{\"@id\":\"https:\\\/\\\/leregardlibre.com\\\/#website\"},\"primaryImageOfPage\":{\"@id\":\"https:\\\/\\\/leregardlibre.com\\\/histoire\\\/civilisations-europeennes\\\/#primaryimage\"},\"image\":{\"@id\":\"https:\\\/\\\/leregardlibre.com\\\/histoire\\\/civilisations-europeennes\\\/#primaryimage\"},\"thumbnailUrl\":\"https:\\\/\\\/leregardlibre.com\\\/wp-content\\\/uploads\\\/2020\\\/09\\\/globe-3383088-scaled.jpg\",\"datePublished\":\"2020-09-24T18:40:17+00:00\",\"dateModified\":\"2022-09-04T08:40:41+00:00\",\"breadcrumb\":{\"@id\":\"https:\\\/\\\/leregardlibre.com\\\/histoire\\\/civilisations-europeennes\\\/#breadcrumb\"},\"inLanguage\":\"de\",\"potentialAction\":[{\"@type\":\"ReadAction\",\"target\":[\"https:\\\/\\\/leregardlibre.com\\\/histoire\\\/civilisations-europeennes\\\/\"]}]},{\"@type\":\"ImageObject\",\"inLanguage\":\"de\",\"@id\":\"https:\\\/\\\/leregardlibre.com\\\/histoire\\\/civilisations-europeennes\\\/#primaryimage\",\"url\":\"https:\\\/\\\/leregardlibre.com\\\/wp-content\\\/uploads\\\/2020\\\/09\\\/globe-3383088-scaled.jpg\",\"contentUrl\":\"https:\\\/\\\/leregardlibre.com\\\/wp-content\\\/uploads\\\/2020\\\/09\\\/globe-3383088-scaled.jpg\",\"width\":2560,\"height\":1707},{\"@type\":\"BreadcrumbList\",\"@id\":\"https:\\\/\\\/leregardlibre.com\\\/histoire\\\/civilisations-europeennes\\\/#breadcrumb\",\"itemListElement\":[{\"@type\":\"ListItem\",\"position\":1,\"name\":\"Accueil\",\"item\":\"https:\\\/\\\/leregardlibre.com\\\/\"},{\"@type\":\"ListItem\",\"position\":2,\"name\":\"Civilisations europ\u00e9ennes\"}]},{\"@type\":\"WebSite\",\"@id\":\"https:\\\/\\\/leregardlibre.com\\\/#website\",\"url\":\"https:\\\/\\\/leregardlibre.com\\\/\",\"name\":\"Le Regard Libre\",\"description\":\"Premier mensuel suisse de d\u00e9bat\",\"publisher\":{\"@id\":\"https:\\\/\\\/leregardlibre.com\\\/#organization\"},\"potentialAction\":[{\"@type\":\"SearchAction\",\"target\":{\"@type\":\"EntryPoint\",\"urlTemplate\":\"https:\\\/\\\/leregardlibre.com\\\/?s={search_term_string}\"},\"query-input\":{\"@type\":\"PropertyValueSpecification\",\"valueRequired\":true,\"valueName\":\"search_term_string\"}}],\"inLanguage\":\"de\"},{\"@type\":\"Organization\",\"@id\":\"https:\\\/\\\/leregardlibre.com\\\/#organization\",\"name\":\"Le Regard Libre\",\"url\":\"https:\\\/\\\/leregardlibre.com\\\/\",\"logo\":{\"@type\":\"ImageObject\",\"inLanguage\":\"de\",\"@id\":\"https:\\\/\\\/leregardlibre.com\\\/#\\\/schema\\\/logo\\\/image\\\/\",\"url\":\"https:\\\/\\\/leregardlibre.com\\\/wp-content\\\/uploads\\\/2025\\\/08\\\/logo-rl-icone-neg.jpeg\",\"contentUrl\":\"https:\\\/\\\/leregardlibre.com\\\/wp-content\\\/uploads\\\/2025\\\/08\\\/logo-rl-icone-neg.jpeg\",\"width\":557,\"height\":556,\"caption\":\"Le Regard Libre\"},\"image\":{\"@id\":\"https:\\\/\\\/leregardlibre.com\\\/#\\\/schema\\\/logo\\\/image\\\/\"},\"sameAs\":[\"https:\\\/\\\/www.facebook.com\\\/leregardlibre\\\/\",\"https:\\\/\\\/x.com\\\/LeRegardLibre\",\"https:\\\/\\\/www.linkedin.com\\\/company\\\/le-regard-libre\",\"https:\\\/\\\/www.instagram.com\\\/leregardlibre\\\/\",\"http:\\\/\\\/t.me\\\/leregardlibre\",\"https:\\\/\\\/youtube.com\\\/channel\\\/UC6HzGPomj1LsUmlz-sJtITQ\"],\"description\":\"Le Regard Libre est un mensuel suisse de d\u00e9bat intellectuel et culturel. Sa r\u00e9daction est jeune, b\u00e9n\u00e9vole, lib\u00e9rale et pluraliste. Le magazine para\u00eet en ligne et sous forme papier. Sa langue est le fran\u00e7ais.\",\"email\":\"redaction@leregardlibre.com\",\"legalName\":\"Le Regard Libre\",\"foundingDate\":\"2014-01-01\",\"numberOfEmployees\":{\"@type\":\"QuantitativeValue\",\"minValue\":\"11\",\"maxValue\":\"50\"},\"publishingPrinciples\":\"https:\\\/\\\/leregardlibre.com\\\/a-propos\\\/notre-manifeste\\\/\",\"ownershipFundingInfo\":\"https:\\\/\\\/leregardlibre.com\\\/mentions-legales\\\/\",\"actionableFeedbackPolicy\":\"https:\\\/\\\/leregardlibre.com\\\/conditions-generales-de-vente\\\/\"},{\"@type\":\"Person\",\"@id\":\"https:\\\/\\\/leregardlibre.com\\\/#\\\/schema\\\/person\\\/bbd092b935ec607fce1451949ef91c76\",\"name\":\"Robin Parisi\",\"image\":{\"@type\":\"ImageObject\",\"inLanguage\":\"de\",\"@id\":\"https:\\\/\\\/secure.gravatar.com\\\/avatar\\\/ad8c8068bdd78791f2f277b4b5c2ca9cb243054c63283995d6b629f385ea90c9?s=96&d=identicon&r=g\",\"url\":\"https:\\\/\\\/secure.gravatar.com\\\/avatar\\\/ad8c8068bdd78791f2f277b4b5c2ca9cb243054c63283995d6b629f385ea90c9?s=96&d=identicon&r=g\",\"contentUrl\":\"https:\\\/\\\/secure.gravatar.com\\\/avatar\\\/ad8c8068bdd78791f2f277b4b5c2ca9cb243054c63283995d6b629f385ea90c9?s=96&d=identicon&r=g\",\"caption\":\"Robin Parisi\"},\"sameAs\":[\"https:\\\/\\\/leregardlibre.com\\\/\",\"https:\\\/\\\/fr.wikipedia.org\\\/wiki\\\/Le_Regard_libre\"],\"url\":\"https:\\\/\\\/leregardlibre.com\\\/de\\\/author\\\/robin-parisi\\\/\"}]}<\/script>\n<!-- \/ Yoast SEO Premium plugin. -->","yoast_head_json":{"title":"Europ\u00e4ische Zivilisationen","robots":{"index":"index","follow":"follow","max-snippet":"max-snippet:-1","max-image-preview":"max-image-preview:large","max-video-preview":"max-video-preview:-1"},"canonical":"https:\/\/leregardlibre.com\/de\/geschichte\/europaische-zivilisationen\/","og_locale":"de_DE","og_type":"article","og_title":"Civilisations europ\u00e9ennes","og_description":"\u00abWesterner\u00bb: c\u2019est ainsi que les Europ\u00e9ens, Nord-am\u00e9ricains et Oc\u00e9aniens sont appel\u00e9s en dehors de leur propre sph\u00e8re civilisationnelle. Latins, anglo-saxons, slaves sont unis sous une m\u00eame \u00e9tiquette pour le moins intrigante. Il existe, dans notre vocabulaire \u00e9galement, cette notion \u00abd\u2019occidental\u00bb qui implique une parent\u00e9, voir une coh\u00e9sion de groupe. N\u00e9 lors de la guerre froide en opposition au bloc de l\u2019Est, le ponant vit, en ce d\u00e9but de XXIe si\u00e8cle, de nombreuses tensions internes qui sont probablement issues de ce qu\u2019il n\u2019est pas homog\u00e8ne. A la base, il ne s\u2019agissait seulement que d\u2019une alliance temporaire entre deux civilisations: \u00abgermanique\/protestante\u00bb et \u00ablatine\/catholique\u00bb. Rien n\u2019est plus utile que de se pencher sur l\u2019histoire des civilisations occidentales.","og_url":"https:\/\/leregardlibre.com\/de\/geschichte\/europaische-zivilisationen\/","og_site_name":"Le Regard Libre","article_publisher":"https:\/\/www.facebook.com\/leregardlibre\/","article_published_time":"2020-09-24T18:40:17+00:00","article_modified_time":"2022-09-04T08:40:41+00:00","og_image":[{"width":2560,"height":1707,"url":"https:\/\/leregardlibre.com\/wp-content\/uploads\/2020\/09\/globe-3383088-scaled.jpg","type":"image\/jpeg"}],"author":"Robin Parisi","twitter_card":"summary_large_image","twitter_creator":"@LeRegardLibre","twitter_site":"@LeRegardLibre","twitter_misc":{"Verfasst von":"Robin Parisi","Gesch\u00e4tzte Lesezeit":"7\u00a0Minuten"},"schema":{"@context":"https:\/\/schema.org","@graph":[{"@type":"Article","@id":"https:\/\/leregardlibre.com\/histoire\/civilisations-europeennes\/#article","isPartOf":{"@id":"https:\/\/leregardlibre.com\/histoire\/civilisations-europeennes\/"},"author":{"name":"Robin Parisi","@id":"https:\/\/leregardlibre.com\/#\/schema\/person\/bbd092b935ec607fce1451949ef91c76"},"headline":"Civilisations europ\u00e9ennes","datePublished":"2020-09-24T18:40:17+00:00","dateModified":"2022-09-04T08:40:41+00:00","mainEntityOfPage":{"@id":"https:\/\/leregardlibre.com\/histoire\/civilisations-europeennes\/"},"wordCount":1481,"commentCount":0,"publisher":{"@id":"https:\/\/leregardlibre.com\/#organization"},"image":{"@id":"https:\/\/leregardlibre.com\/histoire\/civilisations-europeennes\/#primaryimage"},"thumbnailUrl":"https:\/\/leregardlibre.com\/wp-content\/uploads\/2020\/09\/globe-3383088-scaled.jpg","keywords":["Europe","histoire occidentale","modes de vie","Occident","Protestantisme"],"articleSection":["Histoire"],"inLanguage":"de","potentialAction":[{"@type":"CommentAction","name":"Comment","target":["https:\/\/leregardlibre.com\/histoire\/civilisations-europeennes\/#respond"]}]},{"@type":"WebPage","@id":"https:\/\/leregardlibre.com\/histoire\/civilisations-europeennes\/","url":"https:\/\/leregardlibre.com\/histoire\/civilisations-europeennes\/","name":"Europ\u00e4ische Zivilisationen","isPartOf":{"@id":"https:\/\/leregardlibre.com\/#website"},"primaryImageOfPage":{"@id":"https:\/\/leregardlibre.com\/histoire\/civilisations-europeennes\/#primaryimage"},"image":{"@id":"https:\/\/leregardlibre.com\/histoire\/civilisations-europeennes\/#primaryimage"},"thumbnailUrl":"https:\/\/leregardlibre.com\/wp-content\/uploads\/2020\/09\/globe-3383088-scaled.jpg","datePublished":"2020-09-24T18:40:17+00:00","dateModified":"2022-09-04T08:40:41+00:00","breadcrumb":{"@id":"https:\/\/leregardlibre.com\/histoire\/civilisations-europeennes\/#breadcrumb"},"inLanguage":"de","potentialAction":[{"@type":"ReadAction","target":["https:\/\/leregardlibre.com\/histoire\/civilisations-europeennes\/"]}]},{"@type":"ImageObject","inLanguage":"de","@id":"https:\/\/leregardlibre.com\/histoire\/civilisations-europeennes\/#primaryimage","url":"https:\/\/leregardlibre.com\/wp-content\/uploads\/2020\/09\/globe-3383088-scaled.jpg","contentUrl":"https:\/\/leregardlibre.com\/wp-content\/uploads\/2020\/09\/globe-3383088-scaled.jpg","width":2560,"height":1707},{"@type":"BreadcrumbList","@id":"https:\/\/leregardlibre.com\/histoire\/civilisations-europeennes\/#breadcrumb","itemListElement":[{"@type":"ListItem","position":1,"name":"Accueil","item":"https:\/\/leregardlibre.com\/"},{"@type":"ListItem","position":2,"name":"Civilisations europ\u00e9ennes"}]},{"@type":"WebSite","@id":"https:\/\/leregardlibre.com\/#website","url":"https:\/\/leregardlibre.com\/","name":"Le Regard Libre","description":"Erste Schweizer Monatszeitschrift f\u00fcr Debatten","publisher":{"@id":"https:\/\/leregardlibre.com\/#organization"},"potentialAction":[{"@type":"SearchAction","target":{"@type":"EntryPoint","urlTemplate":"https:\/\/leregardlibre.com\/?s={search_term_string}"},"query-input":{"@type":"PropertyValueSpecification","valueRequired":true,"valueName":"search_term_string"}}],"inLanguage":"de"},{"@type":"Organization","@id":"https:\/\/leregardlibre.com\/#organization","name":"Le Regard Libre","url":"https:\/\/leregardlibre.com\/","logo":{"@type":"ImageObject","inLanguage":"de","@id":"https:\/\/leregardlibre.com\/#\/schema\/logo\/image\/","url":"https:\/\/leregardlibre.com\/wp-content\/uploads\/2025\/08\/logo-rl-icone-neg.jpeg","contentUrl":"https:\/\/leregardlibre.com\/wp-content\/uploads\/2025\/08\/logo-rl-icone-neg.jpeg","width":557,"height":556,"caption":"Le Regard Libre"},"image":{"@id":"https:\/\/leregardlibre.com\/#\/schema\/logo\/image\/"},"sameAs":["https:\/\/www.facebook.com\/leregardlibre\/","https:\/\/x.com\/LeRegardLibre","https:\/\/www.linkedin.com\/company\/le-regard-libre","https:\/\/www.instagram.com\/leregardlibre\/","http:\/\/t.me\/leregardlibre","https:\/\/youtube.com\/channel\/UC6HzGPomj1LsUmlz-sJtITQ"],"description":"Le Regard Libre ist eine Schweizer Monatszeitschrift f\u00fcr intellektuelle und kulturelle Debatten. Seine Redaktion ist jung, ehrenamtlich, liberal und pluralistisch. Das Magazin erscheint online und in gedruckter Form. Seine Sprache ist Franz\u00f6sisch.","email":"redaction@leregardlibre.com","legalName":"Le Regard Libre","foundingDate":"2014-01-01","numberOfEmployees":{"@type":"QuantitativeValue","minValue":"11","maxValue":"50"},"publishingPrinciples":"https:\/\/leregardlibre.com\/a-propos\/notre-manifeste\/","ownershipFundingInfo":"https:\/\/leregardlibre.com\/mentions-legales\/","actionableFeedbackPolicy":"https:\/\/leregardlibre.com\/conditions-generales-de-vente\/"},{"@type":"Person","@id":"https:\/\/leregardlibre.com\/#\/schema\/person\/bbd092b935ec607fce1451949ef91c76","name":"Robin Parisi","image":{"@type":"ImageObject","inLanguage":"de","@id":"https:\/\/secure.gravatar.com\/avatar\/ad8c8068bdd78791f2f277b4b5c2ca9cb243054c63283995d6b629f385ea90c9?s=96&d=identicon&r=g","url":"https:\/\/secure.gravatar.com\/avatar\/ad8c8068bdd78791f2f277b4b5c2ca9cb243054c63283995d6b629f385ea90c9?s=96&d=identicon&r=g","contentUrl":"https:\/\/secure.gravatar.com\/avatar\/ad8c8068bdd78791f2f277b4b5c2ca9cb243054c63283995d6b629f385ea90c9?s=96&d=identicon&r=g","caption":"Robin Parisi"},"sameAs":["https:\/\/leregardlibre.com\/","https:\/\/fr.wikipedia.org\/wiki\/Le_Regard_libre"],"url":"https:\/\/leregardlibre.com\/de\/author\/robin-parisi\/"}]}},"_links":{"self":[{"href":"https:\/\/leregardlibre.com\/de\/wp-json\/wp\/v2\/posts\/36115","targetHints":{"allow":["GET"]}}],"collection":[{"href":"https:\/\/leregardlibre.com\/de\/wp-json\/wp\/v2\/posts"}],"about":[{"href":"https:\/\/leregardlibre.com\/de\/wp-json\/wp\/v2\/types\/post"}],"author":[{"embeddable":true,"href":"https:\/\/leregardlibre.com\/de\/wp-json\/wp\/v2\/users\/71"}],"replies":[{"embeddable":true,"href":"https:\/\/leregardlibre.com\/de\/wp-json\/wp\/v2\/comments?post=36115"}],"version-history":[{"count":1,"href":"https:\/\/leregardlibre.com\/de\/wp-json\/wp\/v2\/posts\/36115\/revisions"}],"predecessor-version":[{"id":511887,"href":"https:\/\/leregardlibre.com\/de\/wp-json\/wp\/v2\/posts\/36115\/revisions\/511887"}],"wp:featuredmedia":[{"embeddable":true,"href":"https:\/\/leregardlibre.com\/de\/wp-json\/wp\/v2\/media\/36117"}],"wp:attachment":[{"href":"https:\/\/leregardlibre.com\/de\/wp-json\/wp\/v2\/media?parent=36115"}],"wp:term":[{"taxonomy":"category","embeddable":true,"href":"https:\/\/leregardlibre.com\/de\/wp-json\/wp\/v2\/categories?post=36115"},{"taxonomy":"post_tag","embeddable":true,"href":"https:\/\/leregardlibre.com\/de\/wp-json\/wp\/v2\/tags?post=36115"}],"curies":[{"name":"wp","href":"https:\/\/api.w.org\/{rel}","templated":true}]}}