{"id":36680,"date":"2020-11-05T06:00:00","date_gmt":"2020-11-05T05:00:00","guid":{"rendered":"https:\/\/leregardlibre.com\/?p=36680"},"modified":"2022-09-04T10:16:37","modified_gmt":"2022-09-04T08:16:37","slug":"jonathan-coe-cest-fascinant-comme-nimporte-quoi-peut-devenir-politique-en-un-rien-de-temps","status":"publish","type":"post","link":"https:\/\/leregardlibre.com\/de\/literatur\/jonathan-coe-cest-fascinant-comme-nimporte-quoi-peut-devenir-politique-en-un-rien-de-temps\/","title":{"rendered":"Jonathan Coe: \u00abEs ist faszinierend, wie alles in k\u00fcrzester Zeit politisch werden kann!\u00bb"},"content":{"rendered":"<div class='content_excerpt'>\n<p>Le Regard Libre Nr. 67 - Lauriane Pipoz<\/p>\n\n\n\n<p class=\"has-drop-cap\">Anl\u00e4sslich der Messe \u00abLe Livre sur les quais\u00bb erhielt Le Regard Libre ein reichhaltiges Interview mit Jonathan Coe. Der Brite hat derzeit rund 15 Romane verfasst. Als Liebhaber seines Landes wird er gew\u00f6hnlich mit seiner literarischen Gattung in Verbindung gebracht, die politische Essays und Fiktion vermischt. Sein neuestes Werk, Das Herz von England (2018), ist dem Brexit gewidmet. Es ist der dritte Teil, der den Abenteuern der Protagonisten der Romane Willkommen im Club (2001) und Der geschlossene Kreis (2004) folgt. Wir f\u00fchren eine politische, aber auch eine intime Diskussion: Der Autor hatte uns einiges zu sagen, sowohl \u00fcber die soziale Kluft in Gro\u00dfbritannien als auch \u00fcber seine Beziehung zu seinen Werken und die Ziele, die er mit ihnen verfolgt.<\/p>\n\n\n\n Langes Interview lesen (Abonnenten)\n    <div class='restricted_content_fade'><\/div>\n    <\/div>\n  <style>\n    .content_excerpt{\n      position: relative;\n    }\n    .content_excerpt .restricted_content_fade{\n      position: absolute;\n      bottom: 0;\n      left: 0;\n      right: 0;\n      height: 75px;\n\t  margin-bottom: 0px;\n      background-image: linear-gradient(#ffffff2e, white);\n    }\n\n    .restricted_content{\n      margin-top: 30px;\n      border: solid #dddddd 1px;\n      border-radius: 7px;\n      padding: 30px;\n    }\n    \n    .restricted_content .restricted_content_title{\n      font-size: 22px;\n      font-weight: 600;\n    }\n    .restricted_content .restricted_content_flex_row{\n      display: flex;\n      flex-direction: row;\n    }\n    .restricted_content .restricted_content_image_container{\n      flex: 3;\n    }\n    .restricted_content .restricted_content_flex_column{\n      flex: 4;\n      display: flex;\n      flex-direction: column;\n      margin-left: 40px;\n      justify-content: center;\n    }\n\n\n    .restricted_content_buttons{\n      display: flex;\n      flex-direction: column;\n      width: min-content;\n    }\n    .restricted_content_button{\n      background-color: #f2f2f2;\n      text-transform: uppercase;\n      font-weight: 600;\n      padding: 8px 40px;\n      text-align: center;\n      font-size: 13px;\n      margin-top: 10px;\n      width: max-content;\n      width: 100%;\n      white-space: nowrap;\n    }\n    .restricted_content_button:hover {\n      background-color: #111111;\n      color: white;\n      text-decoration: none !important;\n    }\n\n    .restricted_content_primary_button{\n      background-color: #1F2A68 !important;\n      color: white !important;\n    }\n    .restricted_content_primary_button:hover {\n      background-color: #111111;\n    }\n\n    .restricted_content_text{\n      margin-bottom: 10px;\n      line-height: 1.2;\n      font-weight: 500;\n      font-size: 16px;\n    }\n\n  \n  <\/style>\n  <div class='restricted_content'>\n    <h3 class='restricted_content_title'>Dieser Inhalt ist unseren Abonnenten vorbehalten.<\/h3>\n    <div class='restricted_content_flex_row'>\n      <div class='restricted_content_image_container'>\n        <img class='restricted_content_image' src='\/wp-content\/uploads\/2025\/08\/abo_physique.png' \/>\n      <\/div>\n      <div class='restricted_content_flex_column'>\n        <div class='restricted_content_text'>Wenn Sie ein Konto haben, loggen Sie sich ein. Ansonsten entdecken Sie unsere verschiedenen Abonnements und erstellen Sie ein Konto ab CHF 2.50 im ersten Monat.<\/div>\n        <div class='restricted_content_buttons'>\n          <a href='\/de\/abonnement\/' class='restricted_content_button restricted_content_primary_button'>Abonnements ansehen<\/a><a href='\/de\/mein-konto\/?redirect_to=https:\/\/leregardlibre.com\/de\/literatur\/jonathan-coe-cest-fascinant-comme-nimporte-quoi-peut-devenir-politique-en-un-rien-de-temps\/'class='restricted_content_button'>Sich anmelden<\/a><\/div>\n      <\/div>\n    <\/div>\n  <\/div>","protected":false},"excerpt":{"rendered":"<div class='content_excerpt'>\n<p>Le Regard Libre Nr. 67 - Lauriane Pipoz<\/p>\n<p class=\"has-drop-cap\">Anl\u00e4sslich der Messe \u00abLe Livre sur les quais\u00bb erhielt Le Regard Libre ein reichhaltiges Interview mit Jonathan Coe. Der Brite hat derzeit rund 15 Romane verfasst. Als Liebhaber seines Landes wird er gew\u00f6hnlich mit seiner literarischen Gattung in Verbindung gebracht, die politische Essays und Fiktion vermischt. Sein neuestes Werk, Das Herz von England (2018), ist dem Brexit gewidmet. Es ist der dritte Teil, der den Abenteuern der Protagonisten der Romane Willkommen im Club (2001) und Der geschlossene Kreis (2004) folgt. Wir f\u00fchren eine politische, aber auch eine intime Diskussion: Der Autor hatte uns einiges zu sagen, sowohl \u00fcber die soziale Kluft in Gro\u00dfbritannien als auch \u00fcber seine Beziehung zu seinen Werken und die Ziele, die er mit ihnen verfolgt.<\/p>\n<p> Langes Interview lesen (Abonnenten)<\/p>\n<div class='restricted_content_fade'><\/div>\n<\/p><\/div>\n<style>\n    .content_excerpt{\n      position: relative;\n    }\n    .content_excerpt .restricted_content_fade{\n      position: absolute;\n      bottom: 0;\n      left: 0;\n      right: 0;\n      height: 75px;\n\t  margin-bottom: 0px;\n      background-image: linear-gradient(#ffffff2e, white);\n    }<\/p>\n<p>    .restricted_content{\n      margin-top: 30px;\n      border: solid #dddddd 1px;\n      border-radius: 7px;\n      padding: 30px;\n    }<\/p>\n<p>    .restricted_content .restricted_content_title{\n      font-size: 22px;\n      font-weight: 600;\n    }\n    .restricted_content .restricted_content_flex_row{\n      display: flex;\n      flex-direction: row;\n    }\n    .restricted_content .restricted_content_image_container{\n      flex: 3;\n    }\n    .restricted_content .restricted_content_flex_column{\n      flex: 4;\n      display: flex;\n      flex-direction: column;\n      margin-left: 40px;\n      justify-content: center;\n    }<\/p>\n<p>    .restricted_content_buttons{\n      display: flex;\n      flex-direction: column;\n      width: min-content;\n    }\n    .restricted_content_button{\n      background-color: #f2f2f2;\n      text-transform: uppercase;\n      font-weight: 600;\n      padding: 8px 40px;\n      text-align: center;\n      font-size: 13px;\n      margin-top: 10px;\n      width: max-content;\n      width: 100%;\n      white-space: nowrap;\n    }\n    .restricted_content_button:hover {\n      background-color: #111111;\n      color: white;\n      text-decoration: none !important;\n    }<\/p>\n<p>    .restricted_content_primary_button{\n      background-color: #1F2A68 !important;\n      color: white !important;\n    }\n    .restricted_content_primary_button:hover {\n      background-color: #111111;\n    }<\/p>\n<p>    .restricted_content_text{\n      margin-bottom: 10px;\n      line-height: 1.2;\n      font-weight: 500;\n      font-size: 16px;\n    }<\/p>\n<\/style>\n<div class='restricted_content'>\n<h3 class='restricted_content_title'>Dieser Inhalt ist unseren Abonnenten vorbehalten.<\/h3>\n<div class='restricted_content_flex_row'>\n<div class='restricted_content_image_container'>\n        <img class='restricted_content_image' src='\/wp-content\/uploads\/2025\/08\/abo_physique.png' \/>\n      <\/div>\n<div class='restricted_content_flex_column'>\n<div class='restricted_content_text'>Wenn Sie ein Konto haben, loggen Sie sich ein. Ansonsten entdecken Sie unsere verschiedenen Abonnements und erstellen Sie ein Konto ab CHF 2.50 im ersten Monat.<\/div>\n<div class='restricted_content_buttons'>\n          <a href='\/de\/abonnement\/' class='restricted_content_button restricted_content_primary_button'>Abonnements ansehen<\/a><a href='\/de\/mein-konto\/?redirect_to=https:\/\/leregardlibre.com\/de\/literatur\/jonathan-coe-cest-fascinant-comme-nimporte-quoi-peut-devenir-politique-en-un-rien-de-temps\/'class='restricted_content_button'>Sich anmelden<\/a><\/div>\n<\/p><\/div>\n<\/p><\/div>\n<\/p><\/div>","protected":false},"author":102,"featured_media":36698,"comment_status":"open","ping_status":"open","sticky":false,"template":"","format":"standard","meta":{"_acf_changed":false,"footnotes":""},"categories":[20663],"tags":[644344279,644355519,644355310,119286966,644340666,449179,11788,644344278,644355516,18594],"class_list":["post-36680","post","type-post","status-publish","format-standard","has-post-thumbnail","hentry","category-litterature","tag-bienvenue-au-club","tag-birmingham","tag-black-lives-matter","tag-brexit","tag-gilets-jaunes","tag-grande-bretagne","tag-interviews","tag-jonathan-coe","tag-le-livre-sur-les-quais","tag-londres","membership-content","access-restricted"],"acf":[],"yoast_head":"<!-- This site is optimized with the Yoast SEO Premium plugin v27.4 (Yoast SEO v27.4) - https:\/\/yoast.com\/product\/yoast-seo-premium-wordpress\/ -->\n<title>Jonathan Coe: \u00abC\u2019est fascinant comme n\u2019importe quoi peut devenir politique en un rien de temps\u00bb<\/title>\n<meta name=\"robots\" content=\"index, follow, max-snippet:-1, max-image-preview:large, max-video-preview:-1\" \/>\n<link rel=\"canonical\" href=\"https:\/\/leregardlibre.com\/de\/literatur\/jonathan-coe-cest-fascinant-comme-nimporte-quoi-peut-devenir-politique-en-un-rien-de-temps\/\" \/>\n<meta property=\"og:locale\" content=\"de_DE\" \/>\n<meta property=\"og:type\" content=\"article\" \/>\n<meta property=\"og:title\" content=\"Jonathan Coe: \u00abC\u2019est fascinant comme n\u2019importe quoi peut devenir politique en un rien de temps\u00bb\" \/>\n<meta property=\"og:description\" content=\"Au \u00ab\u00a0c\u0153ur de l\u2019Angleterre\u00a0\u00bb et des clivages\" \/>\n<meta property=\"og:url\" content=\"https:\/\/leregardlibre.com\/de\/literatur\/jonathan-coe-cest-fascinant-comme-nimporte-quoi-peut-devenir-politique-en-un-rien-de-temps\/\" \/>\n<meta property=\"og:site_name\" content=\"Le Regard Libre\" \/>\n<meta property=\"article:publisher\" content=\"https:\/\/www.facebook.com\/leregardlibre\/\" \/>\n<meta property=\"article:published_time\" content=\"2020-11-05T05:00:00+00:00\" \/>\n<meta property=\"article:modified_time\" content=\"2022-09-04T08:16:37+00:00\" \/>\n<meta property=\"og:image\" content=\"https:\/\/leregardlibre.com\/wp-content\/uploads\/2020\/11\/Jonathan-Coe-\u00a9-Indra-Crittin-pour-Le-Regard-Libre-2-3481145194-1604570968353-scaled.jpg\" \/>\n\t<meta property=\"og:image:width\" content=\"2560\" \/>\n\t<meta property=\"og:image:height\" content=\"1440\" \/>\n\t<meta property=\"og:image:type\" content=\"image\/jpeg\" \/>\n<meta name=\"author\" content=\"Lauriane Pipoz\" \/>\n<meta name=\"twitter:card\" content=\"summary_large_image\" \/>\n<meta name=\"twitter:creator\" content=\"@LeRegardLibre\" \/>\n<meta name=\"twitter:site\" content=\"@LeRegardLibre\" \/>\n<meta name=\"twitter:label1\" content=\"Verfasst von\" \/>\n\t<meta name=\"twitter:data1\" content=\"Lauriane Pipoz\" \/>\n\t<meta name=\"twitter:label2\" content=\"Gesch\u00e4tzte Lesezeit\" \/>\n\t<meta name=\"twitter:data2\" content=\"13\u00a0Minuten\" \/>\n<script type=\"application\/ld+json\" class=\"yoast-schema-graph\">{\"@context\":\"https:\\\/\\\/schema.org\",\"@graph\":[{\"@type\":\"Article\",\"@id\":\"https:\\\/\\\/leregardlibre.com\\\/litterature\\\/jonathan-coe-cest-fascinant-comme-nimporte-quoi-peut-devenir-politique-en-un-rien-de-temps\\\/#article\",\"isPartOf\":{\"@id\":\"https:\\\/\\\/leregardlibre.com\\\/litterature\\\/jonathan-coe-cest-fascinant-comme-nimporte-quoi-peut-devenir-politique-en-un-rien-de-temps\\\/\"},\"author\":{\"name\":\"Lauriane Pipoz\",\"@id\":\"https:\\\/\\\/leregardlibre.com\\\/#\\\/schema\\\/person\\\/4a90f0c5c8d33c0d6228249a2f2d37f5\"},\"headline\":\"Jonathan Coe: \u00abC\u2019est fascinant comme n\u2019importe quoi peut devenir politique en un rien de temps\u00bb\",\"datePublished\":\"2020-11-05T05:00:00+00:00\",\"dateModified\":\"2022-09-04T08:16:37+00:00\",\"mainEntityOfPage\":{\"@id\":\"https:\\\/\\\/leregardlibre.com\\\/litterature\\\/jonathan-coe-cest-fascinant-comme-nimporte-quoi-peut-devenir-politique-en-un-rien-de-temps\\\/\"},\"wordCount\":2576,\"commentCount\":0,\"publisher\":{\"@id\":\"https:\\\/\\\/leregardlibre.com\\\/#organization\"},\"image\":{\"@id\":\"https:\\\/\\\/leregardlibre.com\\\/litterature\\\/jonathan-coe-cest-fascinant-comme-nimporte-quoi-peut-devenir-politique-en-un-rien-de-temps\\\/#primaryimage\"},\"thumbnailUrl\":\"https:\\\/\\\/leregardlibre.com\\\/wp-content\\\/uploads\\\/2020\\\/11\\\/Jonathan-Coe-\u00a9-Indra-Crittin-pour-Le-Regard-Libre-2-3481145194-1604570968353-scaled.jpg\",\"keywords\":[\"bienvenue au club\",\"birmingham\",\"Black Lives Matter\",\"Brexit\",\"Gilets jaunes\",\"Grande-Bretagne\",\"Interview\",\"jonathan coe\",\"Le livre sur les quais\",\"Londres\"],\"articleSection\":[\"Litt\u00e9rature\"],\"inLanguage\":\"de\",\"potentialAction\":[{\"@type\":\"CommentAction\",\"name\":\"Comment\",\"target\":[\"https:\\\/\\\/leregardlibre.com\\\/litterature\\\/jonathan-coe-cest-fascinant-comme-nimporte-quoi-peut-devenir-politique-en-un-rien-de-temps\\\/#respond\"]}]},{\"@type\":\"WebPage\",\"@id\":\"https:\\\/\\\/leregardlibre.com\\\/litterature\\\/jonathan-coe-cest-fascinant-comme-nimporte-quoi-peut-devenir-politique-en-un-rien-de-temps\\\/\",\"url\":\"https:\\\/\\\/leregardlibre.com\\\/litterature\\\/jonathan-coe-cest-fascinant-comme-nimporte-quoi-peut-devenir-politique-en-un-rien-de-temps\\\/\",\"name\":\"Jonathan Coe: \u00abC\u2019est fascinant comme n\u2019importe quoi peut devenir politique en un rien de temps\u00bb\",\"isPartOf\":{\"@id\":\"https:\\\/\\\/leregardlibre.com\\\/#website\"},\"primaryImageOfPage\":{\"@id\":\"https:\\\/\\\/leregardlibre.com\\\/litterature\\\/jonathan-coe-cest-fascinant-comme-nimporte-quoi-peut-devenir-politique-en-un-rien-de-temps\\\/#primaryimage\"},\"image\":{\"@id\":\"https:\\\/\\\/leregardlibre.com\\\/litterature\\\/jonathan-coe-cest-fascinant-comme-nimporte-quoi-peut-devenir-politique-en-un-rien-de-temps\\\/#primaryimage\"},\"thumbnailUrl\":\"https:\\\/\\\/leregardlibre.com\\\/wp-content\\\/uploads\\\/2020\\\/11\\\/Jonathan-Coe-\u00a9-Indra-Crittin-pour-Le-Regard-Libre-2-3481145194-1604570968353-scaled.jpg\",\"datePublished\":\"2020-11-05T05:00:00+00:00\",\"dateModified\":\"2022-09-04T08:16:37+00:00\",\"breadcrumb\":{\"@id\":\"https:\\\/\\\/leregardlibre.com\\\/litterature\\\/jonathan-coe-cest-fascinant-comme-nimporte-quoi-peut-devenir-politique-en-un-rien-de-temps\\\/#breadcrumb\"},\"inLanguage\":\"de\",\"potentialAction\":[{\"@type\":\"ReadAction\",\"target\":[\"https:\\\/\\\/leregardlibre.com\\\/litterature\\\/jonathan-coe-cest-fascinant-comme-nimporte-quoi-peut-devenir-politique-en-un-rien-de-temps\\\/\"]}]},{\"@type\":\"ImageObject\",\"inLanguage\":\"de\",\"@id\":\"https:\\\/\\\/leregardlibre.com\\\/litterature\\\/jonathan-coe-cest-fascinant-comme-nimporte-quoi-peut-devenir-politique-en-un-rien-de-temps\\\/#primaryimage\",\"url\":\"https:\\\/\\\/leregardlibre.com\\\/wp-content\\\/uploads\\\/2020\\\/11\\\/Jonathan-Coe-\u00a9-Indra-Crittin-pour-Le-Regard-Libre-2-3481145194-1604570968353-scaled.jpg\",\"contentUrl\":\"https:\\\/\\\/leregardlibre.com\\\/wp-content\\\/uploads\\\/2020\\\/11\\\/Jonathan-Coe-\u00a9-Indra-Crittin-pour-Le-Regard-Libre-2-3481145194-1604570968353-scaled.jpg\",\"width\":2560,\"height\":1440},{\"@type\":\"BreadcrumbList\",\"@id\":\"https:\\\/\\\/leregardlibre.com\\\/litterature\\\/jonathan-coe-cest-fascinant-comme-nimporte-quoi-peut-devenir-politique-en-un-rien-de-temps\\\/#breadcrumb\",\"itemListElement\":[{\"@type\":\"ListItem\",\"position\":1,\"name\":\"Accueil\",\"item\":\"https:\\\/\\\/leregardlibre.com\\\/\"},{\"@type\":\"ListItem\",\"position\":2,\"name\":\"Jonathan Coe: \u00abC\u2019est fascinant comme n\u2019importe quoi peut devenir politique en un rien de temps\u00bb\"}]},{\"@type\":\"WebSite\",\"@id\":\"https:\\\/\\\/leregardlibre.com\\\/#website\",\"url\":\"https:\\\/\\\/leregardlibre.com\\\/\",\"name\":\"Le Regard Libre\",\"description\":\"Premier mensuel suisse de d\u00e9bat\",\"publisher\":{\"@id\":\"https:\\\/\\\/leregardlibre.com\\\/#organization\"},\"potentialAction\":[{\"@type\":\"SearchAction\",\"target\":{\"@type\":\"EntryPoint\",\"urlTemplate\":\"https:\\\/\\\/leregardlibre.com\\\/?s={search_term_string}\"},\"query-input\":{\"@type\":\"PropertyValueSpecification\",\"valueRequired\":true,\"valueName\":\"search_term_string\"}}],\"inLanguage\":\"de\"},{\"@type\":\"Organization\",\"@id\":\"https:\\\/\\\/leregardlibre.com\\\/#organization\",\"name\":\"Le Regard Libre\",\"url\":\"https:\\\/\\\/leregardlibre.com\\\/\",\"logo\":{\"@type\":\"ImageObject\",\"inLanguage\":\"de\",\"@id\":\"https:\\\/\\\/leregardlibre.com\\\/#\\\/schema\\\/logo\\\/image\\\/\",\"url\":\"https:\\\/\\\/leregardlibre.com\\\/wp-content\\\/uploads\\\/2025\\\/08\\\/logo-rl-icone-neg.jpeg\",\"contentUrl\":\"https:\\\/\\\/leregardlibre.com\\\/wp-content\\\/uploads\\\/2025\\\/08\\\/logo-rl-icone-neg.jpeg\",\"width\":557,\"height\":556,\"caption\":\"Le Regard Libre\"},\"image\":{\"@id\":\"https:\\\/\\\/leregardlibre.com\\\/#\\\/schema\\\/logo\\\/image\\\/\"},\"sameAs\":[\"https:\\\/\\\/www.facebook.com\\\/leregardlibre\\\/\",\"https:\\\/\\\/x.com\\\/LeRegardLibre\",\"https:\\\/\\\/www.linkedin.com\\\/company\\\/le-regard-libre\",\"https:\\\/\\\/www.instagram.com\\\/leregardlibre\\\/\",\"http:\\\/\\\/t.me\\\/leregardlibre\",\"https:\\\/\\\/youtube.com\\\/channel\\\/UC6HzGPomj1LsUmlz-sJtITQ\"],\"description\":\"Le Regard Libre est un mensuel suisse de d\u00e9bat intellectuel et culturel. Sa r\u00e9daction est jeune, b\u00e9n\u00e9vole, lib\u00e9rale et pluraliste. Le magazine para\u00eet en ligne et sous forme papier. Sa langue est le fran\u00e7ais.\",\"email\":\"redaction@leregardlibre.com\",\"legalName\":\"Le Regard Libre\",\"foundingDate\":\"2014-01-01\",\"numberOfEmployees\":{\"@type\":\"QuantitativeValue\",\"minValue\":\"11\",\"maxValue\":\"50\"},\"publishingPrinciples\":\"https:\\\/\\\/leregardlibre.com\\\/a-propos\\\/notre-manifeste\\\/\",\"ownershipFundingInfo\":\"https:\\\/\\\/leregardlibre.com\\\/mentions-legales\\\/\",\"actionableFeedbackPolicy\":\"https:\\\/\\\/leregardlibre.com\\\/conditions-generales-de-vente\\\/\"},{\"@type\":\"Person\",\"@id\":\"https:\\\/\\\/leregardlibre.com\\\/#\\\/schema\\\/person\\\/4a90f0c5c8d33c0d6228249a2f2d37f5\",\"name\":\"Lauriane Pipoz\",\"image\":{\"@type\":\"ImageObject\",\"inLanguage\":\"de\",\"@id\":\"https:\\\/\\\/secure.gravatar.com\\\/avatar\\\/9a20095942ede01d828f2fc30b63370b5d10612b2f5f1b4099e9dd868b95749d?s=96&d=identicon&r=g\",\"url\":\"https:\\\/\\\/secure.gravatar.com\\\/avatar\\\/9a20095942ede01d828f2fc30b63370b5d10612b2f5f1b4099e9dd868b95749d?s=96&d=identicon&r=g\",\"contentUrl\":\"https:\\\/\\\/secure.gravatar.com\\\/avatar\\\/9a20095942ede01d828f2fc30b63370b5d10612b2f5f1b4099e9dd868b95749d?s=96&d=identicon&r=g\",\"caption\":\"Lauriane Pipoz\"},\"sameAs\":[\"https:\\\/\\\/leregardlibre.com\\\/\",\"https:\\\/\\\/fr.wikipedia.org\\\/wiki\\\/Le_Regard_libre\"],\"url\":\"https:\\\/\\\/leregardlibre.com\\\/de\\\/author\\\/lauriane00\\\/\"}]}<\/script>\n<!-- \/ Yoast SEO Premium plugin. -->","yoast_head_json":{"title":"Jonathan Coe: \u00abEs ist faszinierend, wie alles in k\u00fcrzester Zeit politisch werden kann!\u00bb","robots":{"index":"index","follow":"follow","max-snippet":"max-snippet:-1","max-image-preview":"max-image-preview:large","max-video-preview":"max-video-preview:-1"},"canonical":"https:\/\/leregardlibre.com\/de\/literatur\/jonathan-coe-cest-fascinant-comme-nimporte-quoi-peut-devenir-politique-en-un-rien-de-temps\/","og_locale":"de_DE","og_type":"article","og_title":"Jonathan Coe: \u00abC\u2019est fascinant comme n\u2019importe quoi peut devenir politique en un rien de temps\u00bb","og_description":"Au \u00ab\u00a0c\u0153ur de l\u2019Angleterre\u00a0\u00bb et des clivages","og_url":"https:\/\/leregardlibre.com\/de\/literatur\/jonathan-coe-cest-fascinant-comme-nimporte-quoi-peut-devenir-politique-en-un-rien-de-temps\/","og_site_name":"Le Regard Libre","article_publisher":"https:\/\/www.facebook.com\/leregardlibre\/","article_published_time":"2020-11-05T05:00:00+00:00","article_modified_time":"2022-09-04T08:16:37+00:00","og_image":[{"width":2560,"height":1440,"url":"https:\/\/leregardlibre.com\/wp-content\/uploads\/2020\/11\/Jonathan-Coe-\u00a9-Indra-Crittin-pour-Le-Regard-Libre-2-3481145194-1604570968353-scaled.jpg","type":"image\/jpeg"}],"author":"Lauriane Pipoz","twitter_card":"summary_large_image","twitter_creator":"@LeRegardLibre","twitter_site":"@LeRegardLibre","twitter_misc":{"Verfasst von":"Lauriane Pipoz","Gesch\u00e4tzte Lesezeit":"13\u00a0Minuten"},"schema":{"@context":"https:\/\/schema.org","@graph":[{"@type":"Article","@id":"https:\/\/leregardlibre.com\/litterature\/jonathan-coe-cest-fascinant-comme-nimporte-quoi-peut-devenir-politique-en-un-rien-de-temps\/#article","isPartOf":{"@id":"https:\/\/leregardlibre.com\/litterature\/jonathan-coe-cest-fascinant-comme-nimporte-quoi-peut-devenir-politique-en-un-rien-de-temps\/"},"author":{"name":"Lauriane Pipoz","@id":"https:\/\/leregardlibre.com\/#\/schema\/person\/4a90f0c5c8d33c0d6228249a2f2d37f5"},"headline":"Jonathan Coe: \u00abC\u2019est fascinant comme n\u2019importe quoi peut devenir politique en un rien de temps\u00bb","datePublished":"2020-11-05T05:00:00+00:00","dateModified":"2022-09-04T08:16:37+00:00","mainEntityOfPage":{"@id":"https:\/\/leregardlibre.com\/litterature\/jonathan-coe-cest-fascinant-comme-nimporte-quoi-peut-devenir-politique-en-un-rien-de-temps\/"},"wordCount":2576,"commentCount":0,"publisher":{"@id":"https:\/\/leregardlibre.com\/#organization"},"image":{"@id":"https:\/\/leregardlibre.com\/litterature\/jonathan-coe-cest-fascinant-comme-nimporte-quoi-peut-devenir-politique-en-un-rien-de-temps\/#primaryimage"},"thumbnailUrl":"https:\/\/leregardlibre.com\/wp-content\/uploads\/2020\/11\/Jonathan-Coe-\u00a9-Indra-Crittin-pour-Le-Regard-Libre-2-3481145194-1604570968353-scaled.jpg","keywords":["bienvenue au club","birmingham","Black Lives Matter","Brexit","Gilets jaunes","Grande-Bretagne","Interview","jonathan coe","Le livre sur les quais","Londres"],"articleSection":["Litt\u00e9rature"],"inLanguage":"de","potentialAction":[{"@type":"CommentAction","name":"Comment","target":["https:\/\/leregardlibre.com\/litterature\/jonathan-coe-cest-fascinant-comme-nimporte-quoi-peut-devenir-politique-en-un-rien-de-temps\/#respond"]}]},{"@type":"WebPage","@id":"https:\/\/leregardlibre.com\/litterature\/jonathan-coe-cest-fascinant-comme-nimporte-quoi-peut-devenir-politique-en-un-rien-de-temps\/","url":"https:\/\/leregardlibre.com\/litterature\/jonathan-coe-cest-fascinant-comme-nimporte-quoi-peut-devenir-politique-en-un-rien-de-temps\/","name":"Jonathan Coe: \u00abEs ist faszinierend, wie alles in k\u00fcrzester Zeit politisch werden kann!\u00bb","isPartOf":{"@id":"https:\/\/leregardlibre.com\/#website"},"primaryImageOfPage":{"@id":"https:\/\/leregardlibre.com\/litterature\/jonathan-coe-cest-fascinant-comme-nimporte-quoi-peut-devenir-politique-en-un-rien-de-temps\/#primaryimage"},"image":{"@id":"https:\/\/leregardlibre.com\/litterature\/jonathan-coe-cest-fascinant-comme-nimporte-quoi-peut-devenir-politique-en-un-rien-de-temps\/#primaryimage"},"thumbnailUrl":"https:\/\/leregardlibre.com\/wp-content\/uploads\/2020\/11\/Jonathan-Coe-\u00a9-Indra-Crittin-pour-Le-Regard-Libre-2-3481145194-1604570968353-scaled.jpg","datePublished":"2020-11-05T05:00:00+00:00","dateModified":"2022-09-04T08:16:37+00:00","breadcrumb":{"@id":"https:\/\/leregardlibre.com\/litterature\/jonathan-coe-cest-fascinant-comme-nimporte-quoi-peut-devenir-politique-en-un-rien-de-temps\/#breadcrumb"},"inLanguage":"de","potentialAction":[{"@type":"ReadAction","target":["https:\/\/leregardlibre.com\/litterature\/jonathan-coe-cest-fascinant-comme-nimporte-quoi-peut-devenir-politique-en-un-rien-de-temps\/"]}]},{"@type":"ImageObject","inLanguage":"de","@id":"https:\/\/leregardlibre.com\/litterature\/jonathan-coe-cest-fascinant-comme-nimporte-quoi-peut-devenir-politique-en-un-rien-de-temps\/#primaryimage","url":"https:\/\/leregardlibre.com\/wp-content\/uploads\/2020\/11\/Jonathan-Coe-\u00a9-Indra-Crittin-pour-Le-Regard-Libre-2-3481145194-1604570968353-scaled.jpg","contentUrl":"https:\/\/leregardlibre.com\/wp-content\/uploads\/2020\/11\/Jonathan-Coe-\u00a9-Indra-Crittin-pour-Le-Regard-Libre-2-3481145194-1604570968353-scaled.jpg","width":2560,"height":1440},{"@type":"BreadcrumbList","@id":"https:\/\/leregardlibre.com\/litterature\/jonathan-coe-cest-fascinant-comme-nimporte-quoi-peut-devenir-politique-en-un-rien-de-temps\/#breadcrumb","itemListElement":[{"@type":"ListItem","position":1,"name":"Accueil","item":"https:\/\/leregardlibre.com\/"},{"@type":"ListItem","position":2,"name":"Jonathan Coe: \u00abC\u2019est fascinant comme n\u2019importe quoi peut devenir politique en un rien de temps\u00bb"}]},{"@type":"WebSite","@id":"https:\/\/leregardlibre.com\/#website","url":"https:\/\/leregardlibre.com\/","name":"Le Regard Libre","description":"Erste Schweizer Monatszeitschrift f\u00fcr Debatten","publisher":{"@id":"https:\/\/leregardlibre.com\/#organization"},"potentialAction":[{"@type":"SearchAction","target":{"@type":"EntryPoint","urlTemplate":"https:\/\/leregardlibre.com\/?s={search_term_string}"},"query-input":{"@type":"PropertyValueSpecification","valueRequired":true,"valueName":"search_term_string"}}],"inLanguage":"de"},{"@type":"Organization","@id":"https:\/\/leregardlibre.com\/#organization","name":"Le Regard Libre","url":"https:\/\/leregardlibre.com\/","logo":{"@type":"ImageObject","inLanguage":"de","@id":"https:\/\/leregardlibre.com\/#\/schema\/logo\/image\/","url":"https:\/\/leregardlibre.com\/wp-content\/uploads\/2025\/08\/logo-rl-icone-neg.jpeg","contentUrl":"https:\/\/leregardlibre.com\/wp-content\/uploads\/2025\/08\/logo-rl-icone-neg.jpeg","width":557,"height":556,"caption":"Le Regard Libre"},"image":{"@id":"https:\/\/leregardlibre.com\/#\/schema\/logo\/image\/"},"sameAs":["https:\/\/www.facebook.com\/leregardlibre\/","https:\/\/x.com\/LeRegardLibre","https:\/\/www.linkedin.com\/company\/le-regard-libre","https:\/\/www.instagram.com\/leregardlibre\/","http:\/\/t.me\/leregardlibre","https:\/\/youtube.com\/channel\/UC6HzGPomj1LsUmlz-sJtITQ"],"description":"Le Regard Libre ist eine Schweizer Monatszeitschrift f\u00fcr intellektuelle und kulturelle Debatten. Seine Redaktion ist jung, ehrenamtlich, liberal und pluralistisch. Das Magazin erscheint online und in gedruckter Form. Seine Sprache ist Franz\u00f6sisch.","email":"redaction@leregardlibre.com","legalName":"Le Regard Libre","foundingDate":"2014-01-01","numberOfEmployees":{"@type":"QuantitativeValue","minValue":"11","maxValue":"50"},"publishingPrinciples":"https:\/\/leregardlibre.com\/a-propos\/notre-manifeste\/","ownershipFundingInfo":"https:\/\/leregardlibre.com\/mentions-legales\/","actionableFeedbackPolicy":"https:\/\/leregardlibre.com\/conditions-generales-de-vente\/"},{"@type":"Person","@id":"https:\/\/leregardlibre.com\/#\/schema\/person\/4a90f0c5c8d33c0d6228249a2f2d37f5","name":"Lauriane Pipoz","image":{"@type":"ImageObject","inLanguage":"de","@id":"https:\/\/secure.gravatar.com\/avatar\/9a20095942ede01d828f2fc30b63370b5d10612b2f5f1b4099e9dd868b95749d?s=96&d=identicon&r=g","url":"https:\/\/secure.gravatar.com\/avatar\/9a20095942ede01d828f2fc30b63370b5d10612b2f5f1b4099e9dd868b95749d?s=96&d=identicon&r=g","contentUrl":"https:\/\/secure.gravatar.com\/avatar\/9a20095942ede01d828f2fc30b63370b5d10612b2f5f1b4099e9dd868b95749d?s=96&d=identicon&r=g","caption":"Lauriane Pipoz"},"sameAs":["https:\/\/leregardlibre.com\/","https:\/\/fr.wikipedia.org\/wiki\/Le_Regard_libre"],"url":"https:\/\/leregardlibre.com\/de\/author\/lauriane00\/"}]}},"_links":{"self":[{"href":"https:\/\/leregardlibre.com\/de\/wp-json\/wp\/v2\/posts\/36680","targetHints":{"allow":["GET"]}}],"collection":[{"href":"https:\/\/leregardlibre.com\/de\/wp-json\/wp\/v2\/posts"}],"about":[{"href":"https:\/\/leregardlibre.com\/de\/wp-json\/wp\/v2\/types\/post"}],"author":[{"embeddable":true,"href":"https:\/\/leregardlibre.com\/de\/wp-json\/wp\/v2\/users\/102"}],"replies":[{"embeddable":true,"href":"https:\/\/leregardlibre.com\/de\/wp-json\/wp\/v2\/comments?post=36680"}],"version-history":[{"count":1,"href":"https:\/\/leregardlibre.com\/de\/wp-json\/wp\/v2\/posts\/36680\/revisions"}],"predecessor-version":[{"id":510983,"href":"https:\/\/leregardlibre.com\/de\/wp-json\/wp\/v2\/posts\/36680\/revisions\/510983"}],"wp:featuredmedia":[{"embeddable":true,"href":"https:\/\/leregardlibre.com\/de\/wp-json\/wp\/v2\/media\/36698"}],"wp:attachment":[{"href":"https:\/\/leregardlibre.com\/de\/wp-json\/wp\/v2\/media?parent=36680"}],"wp:term":[{"taxonomy":"category","embeddable":true,"href":"https:\/\/leregardlibre.com\/de\/wp-json\/wp\/v2\/categories?post=36680"},{"taxonomy":"post_tag","embeddable":true,"href":"https:\/\/leregardlibre.com\/de\/wp-json\/wp\/v2\/tags?post=36680"}],"curies":[{"name":"wp","href":"https:\/\/api.w.org\/{rel}","templated":true}]}}