{"id":36714,"date":"2020-11-07T17:25:32","date_gmt":"2020-11-07T16:25:32","guid":{"rendered":"https:\/\/leregardlibre.com\/?p=36714"},"modified":"2025-12-13T22:53:37","modified_gmt":"2025-12-13T21:53:37","slug":"letrange-definition-of-freedom-of-expression-according-to-justin-trudeau","status":"publish","type":"post","link":"https:\/\/leregardlibre.com\/de\/politik\/welt\/letrange-definition-of-freedom-of-expression-according-to-justin-trudeau\/","title":{"rendered":"Justin Trudeaus seltsame Definition von Meinungsfreiheit"},"content":{"rendered":"<p><em>Unver\u00f6ffentlichter Artikel - <a href=\"https:\/\/leregardlibre.com\/de\/tag\/jonas-follonier\/\">Jonas Follonier<\/a><\/em><\/p>\n\n\n\n<p class=\"has-drop-cap\"><strong>K\u00fcrzlich hat der kanadische Premierminister Justin Trudeau \u00f6ffentlich erkl\u00e4rt, dass seiner Meinung nach \u00abdie Meinungsfreiheit nicht grenzenlos ist\u00bb. Es gehe darum, immer gut zu \u00fcberlegen, ob das, was man sagt, potenziell verletzend f\u00fcr andere Menschen ist. Dies ist eine sehr merkw\u00fcrdige Vorstellung von einem Recht, das f\u00fcr jeden liberalen Geist rudiment\u00e4r ist. Kurios im Sinne von seltsam, aber nicht kurios im Sinne von erstaunlich: Die Kommunitaristen sind nicht um eine Wahnvorstellung verlegen.<\/strong><\/p>\n\n\n\n<!--more Lire l\u2019article (en libre acc\u00e8s)-->\n\n\n\n<p>Die Reaktion der franz\u00f6sischen Politiker auf die Enthauptung von Samuel Paty lie\u00df nicht lange auf sich warten. Sie waren sich einig, dass man um jeden Preis daran erinnern m\u00fcsse, dass die Meinungsfreiheit auch die M\u00f6glichkeit der Blasphemie beinhalte und dass Frankreich seinen Laizismus verteidigen m\u00fcsse - das sei das Minimum, sagen wir. Die Reaktion von Justin Trudeau kam viel sp\u00e4ter: Es dauerte elf Tage und einen Antrag des Bloc qu\u00e9b\u00e9cois, bis er sich dazu herablie\u00df, das Wort zu ergreifen. Der Chef der Liberalen Partei Kanadas, der bereits f\u00fcr diese fast schon schuldhafte Langsamkeit kritisiert wurde, hat sich bei einer Pressekonferenz am 30. Oktober mit seiner Antwort auf eine Frage zum Recht auf Karikatur noch weiter in die Zweideutigkeit hineingesteigert:<\/p>\n\n\n\n<figure class=\"wp-block-embed is-type-video is-provider-youtube wp-block-embed-youtube wp-embed-aspect-16-9 wp-has-aspect-ratio\"><div class=\"wp-block-embed__wrapper\">\nhttps:\/\/www.youtube.com\/watch?v=mg7EyCYA6Ak\n<\/div><\/figure>\n\n\n\n<p>\u00abDas Recht auf freie Meinungs\u00e4u\u00dferung ist nicht grenzenlos. [...] Wir sind es uns schuldig, mit Respekt f\u00fcr andere zu handeln und danach zu streben, diejenigen, mit denen wir eine Gesellschaft und einen Planeten teilen, nicht willk\u00fcrlich oder unn\u00f6tig zu verletzen\u00bb, <a href=\"https:\/\/www.youtube.com\/watch?v=mg7EyCYA6Ak\">sch\u00e4tzte der Staatsmann<\/a> und sieht sich selbst als progressiven Liberalen. Wenn es eine politische Linie gibt, die diese Erkl\u00e4rung verfolgt, dann ist es die des Kommunitarismus und nicht die des Liberalismus. Es ist nicht mehr das Individuum, das unver\u00e4u\u00dferliche Rechte wie das Recht auf Meinungs\u00e4u\u00dferung hat, sondern die Gemeinschaften haben das Recht auf \u00abAnerkennung\u00bb und \u00abRespekt\u00bb, wie uns die neuen fortschrittlichen Kr\u00e4fte nach Trudeau-Art sagen. Ist das wirklich so schlimm? Ist die unternehmerische Freiheit nicht das Wichtigste? K\u00f6nnte der Liberale nicht damit leben, dass er einige s\u00e4kulare Zeichner auffordert, ihre Kritzeleien zu z\u00fcgeln?<\/p>\n\n\n\n<p>Das hie\u00dfe, das Wesen der Freiheit nicht zu verstehen. Die Freiheit wird an den Details gemessen, in denen sich der Teufel verbirgt. Und der gro\u00dfe liberale Denker Alexis de Tocqueville schrieb in <em>\u00dcber die Demokratie in Amerika<\/em>&nbsp;(1840), prophezeite bereits eine Zeit, in der man diese grundlegende Tatsache vergessen w\u00fcrde: \u00abNachdem der Herrscher auf diese Weise jeden Einzelnen abwechselnd in seine m\u00e4chtigen H\u00e4nde genommen und nach seinem Belieben geknetet hat, breitet er seine Arme \u00fcber die ganze Gesellschaft aus; er bedeckt ihre Oberfl\u00e4che mit einem Netz kleiner, komplizierter, sorgf\u00e4ltiger und gleichf\u00f6rmiger Regeln, durch die die originellsten Geister und die st\u00e4rksten Seelen nicht hervorkommen k\u00f6nnen, um die Menge zu \u00fcbertreffen; Sie bricht den Willen nicht, sondern erweicht, biegt und lenkt ihn; sie zwingt selten zum Handeln, sondern widersetzt sich st\u00e4ndig dem Handeln; sie zerst\u00f6rt nicht, sondern verhindert die Entstehung; sie tyrannisiert nicht, sondern behindert, komprimiert, entnervt, l\u00f6scht, bet\u00e4ubt und reduziert schlie\u00dflich jede Nation auf eine Herde scheuer und flei\u00dfiger Tiere, deren Hirte die Regierung ist.\u00bb<\/p>\n\n\n\n\n\n<p>In j\u00fcngerer Zeit, <a href=\"https:\/\/leregardlibre.com\/de\/politik\/la-gauche-et-la-droite-selon-olivier-meuwly\/\">in den Spalten des <em>Regard Libre<\/em><\/a>, Der ebenso liberale Historiker Olivier Meuwly \u00e4u\u00dferte sich besorgt dar\u00fcber, dass die \u00abRechte auf\u00bb (sogenannte \u00abpositive\u00bb Rechte, die von Linken gesch\u00e4tzt werden) tats\u00e4chlich allm\u00e4hlich die Oberhand \u00fcber die \u00abRechte an\u00bb (sogenannte \u00abnegative\u00bb Rechte) gewinnen: \u00ab...] F\u00fcr die Rechte, die insgesamt liberal ist, abgesehen von den Erben der konservativen katholischen Rechten, sind die Menschenrechte die der franz\u00f6sischen und amerikanischen Revolution. Es scheint grundlegend zu sein, \u00fcbergeordnete Rechte zu haben, die die individuellen Freiheiten sch\u00fctzen.\u00bb Die neuen \u00abRechte\u00bb, die keine individuellen Freiheiten sind, stellen also ein Risiko f\u00fcr die Freiheit jedes Einzelnen im Namen des Egalitarismus dar. Der Kommunitarismus ist nur eine Variante davon. Es ist paradox, dass diese nicht-westliche Art, die Gesellschaft zu begreifen, Nationen in ihren Bann gezogen hat, die stark zur Schmiedung der liberalen Idee beigetragen hatten, n\u00e4mlich die angels\u00e4chsischen L\u00e4nder.<\/p>\n\n\n\n<p>Der Universalismus, in dem wir die Keimzelle sowohl des franz\u00f6sischen Laizismus - \u00fcber den sicher zu viel geredet wird, weil er nicht wirklich das Thema ist - als auch der nat\u00fcrlichen Rechte jedes Menschen und, auf institutioneller Ebene, der Rechtsstaatlichkeit unserer westlichen Nationen finden k\u00f6nnen, vertritt ein Konzept, das dem des Kommunitarismus, in den Kanada verstrickt ist, entgegengesetzt ist. Es gibt keine Grenzen f\u00fcr die Meinungsfreiheit; Selbstzensur ist nicht zu rechtfertigen. Jeder Mensch kann seine Meinung frei \u00e4u\u00dfern, auch wenn sie provokativ oder sp\u00f6ttisch ist. Um es mit den Worten der Philosophin Simone Weil zu sagen, die - gelinde gesagt - keine Reaktion\u00e4rin war: \u00abDie totale, unbegrenzte Meinungsfreiheit f\u00fcr jede Meinung, ohne jede Einschr\u00e4nkung oder Vorbehalt, ist ein absolutes Bed\u00fcrfnis der Intelligenz\u00bb (<em>Die Verwurzelung<\/em>, 1949). Dies gilt \u00fcbrigens f\u00fcr den Geist der Debatte ebenso wie f\u00fcr das Grundprinzip der Freiheit.<\/p>\n\n\n\n\n\n<p>In diesem Zusammenhang sei darauf hingewiesen, dass es nat\u00fcrlich Codes gibt, wie wir andere ansprechen sollen. Diese Codes sind jedoch nicht politischer Natur, sondern fallen in den Bereich der Umgangsformen, der H\u00f6flichkeit und der Erziehung. Wir sollten auch klarstellen, dass es nat\u00fcrlich nicht tolerierbar ist, anderen zu schaden, seinen Mitmenschen zu schaden, seine Integrit\u00e4t zu verletzen. Dies ist in der westlichen Welt auf unsere j\u00fcdisch-christliche Tradition zur\u00fcckzuf\u00fchren, die den Unterschied zwischen der Person und ihren \u00dcberzeugungen oder Handlungen begr\u00fcndet. Auf dieser kulturellen Tradition hat sich im Laufe der Jahrhunderte unsere moderne politische Tradition aufgebaut, aus der die universellen Menschen- und B\u00fcrgerrechte hervorgegangen sind.<\/p>\n\n\n\n<p>Wenn man den Propheten in einer Zeitung oder in einer Zeichnung angreift, greift man einen Glauben an, ja sogar die Instrumentalisierung dieses Glaubens: Es ist also ein Recht und in gewisser Weise sogar eine Pflicht, wenn man davon ausgeht, dass man analysieren und kritisieren muss, um von seiner Intelligenz Gebrauch zu machen. Die Aufkl\u00e4rung steht f\u00fcr Vernunft und damit f\u00fcr Kritik. Der israelisch-schweizerische Autor Carlo Strenger geht in einem Buch mit diesem Ausdruck im Titel (2015) sogar so weit, von \u00abzivilisierter Verachtung\u00bb zu sprechen: \u00abEine Kultur der zivilisierten Verachtung beruht [...] auf dem Willen, diese Denkweise mit allen Konsequenzen durchzusetzen - das ist das Prinzip, das es erm\u00f6glicht, sich eine verantwortliche Meinung zu bilden.\u00bb Aufkl\u00e4rung versus Gutmenschentum.<\/p>\n\n\n\n<p><strong>Auch zu lesen: <a href=\"https:\/\/leregardlibre.com\/de\/editorials\/lattitude-liberale\/\" data-type=\"post\" data-id=\"29254\">Die liberale Haltung<\/a><\/strong><\/p>\n\n\n\n<p>Indem Trudeau den Karikaturenstreit auf eine \u00abGemeinschaft\u00bb reduziert, die \u00abstigmatisiert\u00bb werde, macht er - ist er sich dessen \u00fcberhaupt bewusst? - in die Falle der Terroristen. Aus vermeintlich tugendhaften Gr\u00fcnden, aber vielmehr aus wahltaktischem Klientelismus, wirft der kanadische Oberlehrer Muslime und Islamisten in einen Topf und verwechselt Muslime mit dem Islam, als ob kein Muslim in der Lage w\u00e4re, sich von der Vorstellung zu distanzieren, dass Blasphemie bestraft werden sollte. W\u00e4hrend die Trudeaus uns mit \u00abkein Amalgam\u00bb vollquatschen, sind sie es, die sich dabei ertappen, die von den Islamisten geforderte Treue der Muslime gegen\u00fcber ihrer angeblichen \u00abGemeinschaft\u00bb zu beschw\u00f6ren. Sie sind es, die den Terror verst\u00e4rken, Erkl\u00e4rung um Erkl\u00e4rung, Gesetz um Gesetz, Dummheit um Dummheit. Umgekehrt tritt die Richtigkeit eines Emmanuel Macron - \u00abIn Frankreich gibt es nur eine einzige Gemeinschaft, die nationale Gemeinschaft\u00bb - st\u00e4rker hervor.<\/p>\n\n\n\n<form method=\"post\" action=\"https:\/\/newsletter.infomaniak.com\/external\/submit\" class=\"inf-form\" target=\"_blank\"><input type=\"email\" name=\"email\" style=\"display:none\"><input type=\"hidden\" name=\"key\" value=\"eyJpdiI6IlZXRVJGMlRGQUU2alNqUE81bitIUk5adnNVa0c4MllFTStzOHdHT1FQZ3c9IiwidmFsdWUiOiJIYzhwMUVCK1pTNnlhY3MyMmhuZlhReWJqemEwNk93blMxTjFHc0s2VHZrPSIsIm1hYyI6ImVhYTQ5N2I1M2NiYWE4NzBmNjk2NzgzYjliM2Y5NmYzM2E2ZmU3NGQxNTU1ZDFkMTU1MzY5NTdjYjE3ZTJmNTUifQ==\"><input type=\"hidden\" name=\"webform_id\" value=\"7291\"><style> .inf-main_3000311ca56a1cb93397bc676c0b7fff{ background-color:#f5f5f5; padding:25px 20px; margin:25px auto; } .inf-main_3000311ca56a1cb93397bc676c0b7fff .inf-content { margin-top:13px;} .inf-main_3000311ca56a1cb93397bc676c0b7fff h4, .inf-main_3000311ca56a1cb93397bc676c0b7fff span, .inf-main_3000311ca56a1cb93397bc676c0b7fff label, .inf-main_3000311ca56a1cb93397bc676c0b7fff input, .inf-main_3000311ca56a1cb93397bc676c0b7fff .inf-submit, .inf-main_3000311ca56a1cb93397bc676c0b7fff .inf-success p a { color:#555555; font-size:14px; } .inf-main_3000311ca56a1cb93397bc676c0b7fff h4{ font-size:18px; margin:0px 0px 13px 0px; } .inf-main_3000311ca56a1cb93397bc676c0b7fff h4, .inf-main_3000311ca56a1cb93397bc676c0b7fff label{ font-weight:bold; } .inf-main_3000311ca56a1cb93397bc676c0b7fff .inf-input { margin-bottom:7px; } .inf-main_3000311ca56a1cb93397bc676c0b7fff label { display:block;} .inf-main_3000311ca56a1cb93397bc676c0b7fff input{ height:35px; color:#999999; border: 1px solid #E9E9E9; border:none; padding-left:7px; } .inf-main_3000311ca56a1cb93397bc676c0b7fff .inf-input.inf-error label, .inf-main_3000311ca56a1cb93397bc676c0b7fff .inf-input.inf-error span.inf-message{ color: #cc0033; } .inf-main_3000311ca56a1cb93397bc676c0b7fff .inf-input.inf-error input{ border: 1px solid #cc0033; } .inf-main_3000311ca56a1cb93397bc676c0b7fff .inf-input input { width:100%;} .inf-main_3000311ca56a1cb93397bc676c0b7fff .inf-input.inf-error span.inf-message { display: block; } .inf-main_3000311ca56a1cb93397bc676c0b7fff .inf-submit { text-align:right;} .inf-main_3000311ca56a1cb93397bc676c0b7fff .inf-submit input{ background-color:#777777; color:#ffffff; border:none; font-weight: normal; height:auto; padding:7px; } .inf-main_3000311ca56a1cb93397bc676c0b7fff .inf-submit input.disabled{ opacity: 0.4; } .inf-btn { color: rgb(85, 85, 85); border: medium none; font-weight: normal; height: auto; padding: 7px; display: inline-block; background-color: white; box-shadow: 0px 1px 1px rgba(0, 0, 0, 0.24); border-radius: 2px; line-height: 1em; } .inf-rgpd { margin:25px 0px 15px 0px; color:#555555; } <\/style> <div class=\"inf-main_3000311ca56a1cb93397bc676c0b7fff\"> <h4>NEWSLETTER DES FREIEN BLICKS<\/h4> <span>Erhalten Sie unsere Artikel jeden Sonntag.<\/span> <div class=\"inf-success\" style=\"display:none\"> <h4>Ihre Anmeldung f\u00fcr unseren w\u00f6chentlichen Newsletter wurde erfolgreich registriert!<\/h4> <p> <a href=\"#\" class=\"inf-btn\">\u00ab<\/a> <\/p> <\/div> <div class=\"inf-content\"> <div class=\"inf-input inf-input-text\"> <input type=\"text\" name=\"inf[1]\" data-inf-meta=\"1\" data-inf-error=\"Merci de renseigner une adresse email\" required=\"required\" placeholder=\"E-Mail\"> <\/div> <div class=\"inf-submit\"> <input type=\"submit\" name=\"\" value=\"Anmelden\"> <\/div> <\/div> <\/div> <\/form>\n\n\n\n<p>Justin Trudeau ist, um es drastisch auszudr\u00fccken, nicht Charlie. Charlie zu sein bedeutete jedoch nie, ihren Humor der Ironie eines Philip Roth vorzuziehen. Der gesunde Menschenverstand verlangt lediglich, dass wir akzeptieren, dass man in unserem Teil der Welt noch frei sprechen, zeichnen und leben kann. Und wie der Journalist Konrad Yakabuski richtig feststellte <a href=\"https:\/\/www.ledevoir.com\/opinion\/chroniques\/589302\/liberte-d-expression-version-trudeau\">in der kanadischen Tageszeitung <em>Le Devoir<\/em><\/a>, Die Tatsache, dass der Premierminister seither seine Aussagen zur\u00fcckgenommen hat, indem er versicherte, dass er die Karikaturen von <em>Charlie Hebdo<\/em>, Das \u00e4ndert nichts an der Sache. Denn \u00abder Schaden [ist] angerichtet. Wenn er zwei Wochen gebraucht hat, um seine Gedanken zur Meinungsfreiheit klarzustellen, dann deshalb, weil sie ihm nicht so wichtig ist.\u00bb In Wirklichkeit ist die Tatsache, dass Trudeau zwei Wochen sp\u00e4ter klarstellte, dass er die Karikaturen nicht verurteilte, eine Geste, die uns sogar erschrecken sollte: Sie zeigt uns, dass er es h\u00e4tte klarstellen m\u00fcssen. Um sich selbst davon zu \u00fcberzeugen?<\/p>\n\n\n\n<p><em>Schreiben Sie dem Autor:&nbsp;<a href=\"mailto:jonas.follonier@leregardlibre.com\">jonas.follonier@leregardlibre.com<\/a><\/em><\/p>\n\n\n\n<p>Bildnachweis: Wikimedia CC BY 3.0<\/p>\n\n\n<div data-block-name=\"woocommerce\/handpicked-products\" data-edit-mode=\"false\" data-products=\"[35767,19241,35852,24185,17631,36024]\" class=\"wc-block-grid wp-block-handpicked-products wp-block-woocommerce-handpicked-products wc-block-handpicked-products has-3-columns has-multiple-rows\"><ul class=\"wc-block-grid__products\"><li class=\"wc-block-grid__product\">\n\t\t\t\t<a href=\"https:\/\/leregardlibre.com\/de\/produkt\/der-freie-blick-nr-67\/\" class=\"wc-block-grid__product-link\">\n\t\t\t\t\t\n\t\t\t\t\t<div class=\"wc-block-grid__product-image\"><img fetchpriority=\"high\" decoding=\"async\" width=\"300\" height=\"424\" src=\"https:\/\/leregardlibre.com\/wp-content\/uploads\/2020\/09\/Une-RL-N\u00b0-67-scaled-300x424.jpg\" class=\"attachment-woocommerce_thumbnail size-woocommerce_thumbnail\" alt=\"der freie Blick andre comte-sponville\" srcset=\"https:\/\/leregardlibre.com\/wp-content\/uploads\/2020\/09\/Une-RL-N\u00b0-67-scaled-300x424.jpg 300w, https:\/\/leregardlibre.com\/wp-content\/uploads\/2020\/09\/Une-RL-N\u00b0-67-scaled-1170x1655.jpg 1170w, https:\/\/leregardlibre.com\/wp-content\/uploads\/2020\/09\/Une-RL-N\u00b0-67-scaled-585x827.jpg 585w, https:\/\/leregardlibre.com\/wp-content\/uploads\/2020\/09\/Une-RL-N\u00b0-67-106x150.jpg 106w, https:\/\/leregardlibre.com\/wp-content\/uploads\/2020\/09\/Une-RL-N\u00b0-67-212x300.jpg 212w, https:\/\/leregardlibre.com\/wp-content\/uploads\/2020\/09\/Une-RL-N\u00b0-67-768x1086.jpg 768w, https:\/\/leregardlibre.com\/wp-content\/uploads\/2020\/09\/Une-RL-N\u00b0-67-724x1024.jpg 724w, https:\/\/leregardlibre.com\/wp-content\/uploads\/2020\/09\/Une-RL-N\u00b0-67-1086x1536.jpg 1086w, https:\/\/leregardlibre.com\/wp-content\/uploads\/2020\/09\/Une-RL-N\u00b0-67-1448x2048.jpg 1448w, https:\/\/leregardlibre.com\/wp-content\/uploads\/2020\/09\/Une-RL-N\u00b0-67-scaled-600x849.jpg 600w, https:\/\/leregardlibre.com\/wp-content\/uploads\/2020\/09\/Une-RL-N\u00b0-67-scaled.jpg 1810w\" sizes=\"(max-width: 300px) 100vw, 300px\" \/><\/div>\n\t\t\t\t\t<div class=\"wc-block-grid__product-title\">Le Regard Libre - Nr. 67<\/div>\n\t\t\t\t<\/a>\n\t\t\t\t<div class=\"wc-block-grid__product-price price\"><span class=\"woocommerce-Price-amount amount\"><span class=\"woocommerce-Price-currencySymbol\">CHF<\/span>10.00<\/span><\/div>\n\t\t\t\t\n\t\t\t\t<div class=\"wp-block-button wc-block-grid__product-add-to-cart\"><a href=\"https:\/\/leregardlibre.com\/de\/produkt\/der-freie-blick-nr-67\/\" aria-label=\"Lesen Sie mehr \u00fcber \u201eLe Regard Libre - N\u00ba 67\u201c.\u201c\" data-quantity=\"1\" data-product_id=\"36024\" data-product_sku=\"\" data-price=\"10\" rel=\"nofollow\" class=\"wp-block-button__link  add_to_cart_button\">Weiterlesen<\/a><\/div>\n\t\t\t<\/li><li class=\"wc-block-grid__product\">\n\t\t\t\t<a href=\"https:\/\/leregardlibre.com\/de\/produkt\/fordermitgliedschaft\/\" class=\"wc-block-grid__product-link\">\n\t\t\t\t\t\n\t\t\t\t\t<div class=\"wc-block-grid__product-image\"><img decoding=\"async\" width=\"300\" height=\"300\" src=\"https:\/\/leregardlibre.com\/wp-content\/uploads\/woocommerce-placeholder.webp\" class=\"woocommerce-placeholder wp-post-image\" alt=\"\" srcset=\"https:\/\/leregardlibre.com\/wp-content\/uploads\/woocommerce-placeholder.webp 1200w, https:\/\/leregardlibre.com\/wp-content\/uploads\/woocommerce-placeholder-300x300.webp 300w, https:\/\/leregardlibre.com\/wp-content\/uploads\/woocommerce-placeholder-1024x1024.webp 1024w, https:\/\/leregardlibre.com\/wp-content\/uploads\/woocommerce-placeholder-150x150.webp 150w, https:\/\/leregardlibre.com\/wp-content\/uploads\/woocommerce-placeholder-768x768.webp 768w, https:\/\/leregardlibre.com\/wp-content\/uploads\/woocommerce-placeholder-1170x1170.webp 1170w, https:\/\/leregardlibre.com\/wp-content\/uploads\/woocommerce-placeholder-585x585.webp 585w\" sizes=\"(max-width: 300px) 100vw, 300px\" \/><\/div>\n\t\t\t\t\t<div class=\"wc-block-grid__product-title\">Unterst\u00fctzendes Abonnement<\/div>\n\t\t\t\t<\/a>\n\t\t\t\t<div class=\"wc-block-grid__product-price price\"><span class=\"woocommerce-Price-amount amount\"><span class=\"woocommerce-Price-currencySymbol\">CHF<\/span>200.00<\/span> <span class=\"subscription-details\"> \/ Jahr<\/span><\/div>\n\t\t\t\t\n\t\t\t\t<div class=\"wp-block-button wc-block-grid__product-add-to-cart\"><a href=\"https:\/\/leregardlibre.com\/de\/produkt\/fordermitgliedschaft\/\" aria-label=\"Weitere Informationen zu \u201eF\u00f6rdermitgliedschaft\u201c\" data-quantity=\"1\" data-product_id=\"19241\" data-product_sku=\"\" data-price=\"200\" rel=\"nofollow\" class=\"wp-block-button__link  add_to_cart_button\">Mehr erfahren<\/a><\/div>\n\t\t\t<\/li><li class=\"wc-block-grid__product\">\n\t\t\t\t<a href=\"https:\/\/leregardlibre.com\/de\/produkt\/le-regard-libre-abonnement-annuel-a-la-version-papier\/\" class=\"wc-block-grid__product-link\">\n\t\t\t\t\t\n\t\t\t\t\t<div class=\"wc-block-grid__product-image\"><img decoding=\"async\" width=\"300\" height=\"300\" src=\"https:\/\/leregardlibre.com\/wp-content\/uploads\/woocommerce-placeholder.webp\" class=\"woocommerce-placeholder wp-post-image\" alt=\"\" srcset=\"https:\/\/leregardlibre.com\/wp-content\/uploads\/woocommerce-placeholder.webp 1200w, https:\/\/leregardlibre.com\/wp-content\/uploads\/woocommerce-placeholder-300x300.webp 300w, https:\/\/leregardlibre.com\/wp-content\/uploads\/woocommerce-placeholder-1024x1024.webp 1024w, https:\/\/leregardlibre.com\/wp-content\/uploads\/woocommerce-placeholder-150x150.webp 150w, https:\/\/leregardlibre.com\/wp-content\/uploads\/woocommerce-placeholder-768x768.webp 768w, https:\/\/leregardlibre.com\/wp-content\/uploads\/woocommerce-placeholder-1170x1170.webp 1170w, https:\/\/leregardlibre.com\/wp-content\/uploads\/woocommerce-placeholder-585x585.webp 585w\" sizes=\"(max-width: 300px) 100vw, 300px\" \/><\/div>\n\t\t\t\t\t<div class=\"wc-block-grid__product-title\">Standard-Abonnement (Schweiz)<\/div>\n\t\t\t\t<\/a>\n\t\t\t\t<div class=\"wc-block-grid__product-price price\"><span class=\"woocommerce-Price-amount amount\"><span class=\"woocommerce-Price-currencySymbol\">CHF<\/span>100.00<\/span> <span class=\"subscription-details\"> \/ Jahr<\/span><\/div>\n\t\t\t\t\n\t\t\t\t<div class=\"wp-block-button wc-block-grid__product-add-to-cart\"><a href=\"\/de\/wp-json\/wp\/v2\/posts\/36714?add-to-cart=17631\" aria-label=\"Jetzt abonnieren: \u201eStandardabonnement (Schweiz)\u201c.\u201c\" data-quantity=\"1\" data-product_id=\"17631\" data-product_sku=\"\" data-price=\"100\" rel=\"nofollow\" class=\"wp-block-button__link  add_to_cart_button ajax_add_to_cart\">Jetzt abonnieren<\/a><\/div>\n\t\t\t<\/li><li class=\"wc-block-grid__product\">\n\t\t\t\t<a href=\"https:\/\/leregardlibre.com\/de\/produkt\/abonnement-numerique\/\" class=\"wc-block-grid__product-link\">\n\t\t\t\t\t\n\t\t\t\t\t<div class=\"wc-block-grid__product-image\"><img decoding=\"async\" width=\"300\" height=\"300\" src=\"https:\/\/leregardlibre.com\/wp-content\/uploads\/woocommerce-placeholder.webp\" class=\"woocommerce-placeholder wp-post-image\" alt=\"\" srcset=\"https:\/\/leregardlibre.com\/wp-content\/uploads\/woocommerce-placeholder.webp 1200w, https:\/\/leregardlibre.com\/wp-content\/uploads\/woocommerce-placeholder-300x300.webp 300w, https:\/\/leregardlibre.com\/wp-content\/uploads\/woocommerce-placeholder-1024x1024.webp 1024w, https:\/\/leregardlibre.com\/wp-content\/uploads\/woocommerce-placeholder-150x150.webp 150w, https:\/\/leregardlibre.com\/wp-content\/uploads\/woocommerce-placeholder-768x768.webp 768w, https:\/\/leregardlibre.com\/wp-content\/uploads\/woocommerce-placeholder-1170x1170.webp 1170w, https:\/\/leregardlibre.com\/wp-content\/uploads\/woocommerce-placeholder-585x585.webp 585w\" sizes=\"(max-width: 300px) 100vw, 300px\" \/><\/div>\n\t\t\t\t\t<div class=\"wc-block-grid__product-title\">Digitales Abonnement<\/div>\n\t\t\t\t<\/a>\n\t\t\t\t<div class=\"wc-block-grid__product-price price\"><span class=\"woocommerce-Price-amount amount\"><span class=\"woocommerce-Price-currencySymbol\">CHF<\/span>50.00<\/span> <span class=\"subscription-details\"> \/ Jahr<\/span><\/div>\n\t\t\t\t\n\t\t\t\t<div class=\"wp-block-button wc-block-grid__product-add-to-cart\"><a href=\"https:\/\/leregardlibre.com\/de\/produkt\/abonnement-numerique\/\" aria-label=\"Weitere Informationen zu \u201eDigitales Abonnement\u201c\" data-quantity=\"1\" data-product_id=\"24185\" data-product_sku=\"\" data-price=\"50\" rel=\"nofollow\" class=\"wp-block-button__link  add_to_cart_button\">Mehr erfahren<\/a><\/div>\n\t\t\t<\/li><li class=\"wc-block-grid__product\">\n\t\t\t\t<a href=\"https:\/\/leregardlibre.com\/de\/produkt\/jugendabo\/\" class=\"wc-block-grid__product-link\">\n\t\t\t\t\t\n\t\t\t\t\t<div class=\"wc-block-grid__product-image\"><img decoding=\"async\" width=\"300\" height=\"300\" src=\"https:\/\/leregardlibre.com\/wp-content\/uploads\/woocommerce-placeholder.webp\" class=\"woocommerce-placeholder wp-post-image\" alt=\"\" srcset=\"https:\/\/leregardlibre.com\/wp-content\/uploads\/woocommerce-placeholder.webp 1200w, https:\/\/leregardlibre.com\/wp-content\/uploads\/woocommerce-placeholder-300x300.webp 300w, https:\/\/leregardlibre.com\/wp-content\/uploads\/woocommerce-placeholder-1024x1024.webp 1024w, https:\/\/leregardlibre.com\/wp-content\/uploads\/woocommerce-placeholder-150x150.webp 150w, https:\/\/leregardlibre.com\/wp-content\/uploads\/woocommerce-placeholder-768x768.webp 768w, https:\/\/leregardlibre.com\/wp-content\/uploads\/woocommerce-placeholder-1170x1170.webp 1170w, https:\/\/leregardlibre.com\/wp-content\/uploads\/woocommerce-placeholder-585x585.webp 585w\" sizes=\"(max-width: 300px) 100vw, 300px\" \/><\/div>\n\t\t\t\t\t<div class=\"wc-block-grid__product-title\">Jugend-Abonnement<\/div>\n\t\t\t\t<\/a>\n\t\t\t\t<div class=\"wc-block-grid__product-price price\"><span class=\"woocommerce-Price-amount amount\"><span class=\"woocommerce-Price-currencySymbol\">CHF<\/span>25.00<\/span> <span class=\"subscription-details\"> \/ Jahr<\/span><\/div>\n\t\t\t\t\n\t\t\t\t<div class=\"wp-block-button wc-block-grid__product-add-to-cart\"><a href=\"\/de\/wp-json\/wp\/v2\/posts\/36714?add-to-cart=35852\" aria-label=\"Jetzt anmelden: \u201eJugendabo\u201c.\u201c\" data-quantity=\"1\" data-product_id=\"35852\" data-product_sku=\"\" data-price=\"25\" rel=\"nofollow\" class=\"wp-block-button__link  add_to_cart_button ajax_add_to_cart\">Jetzt abonnieren<\/a><\/div>\n\t\t\t<\/li><\/ul><\/div>","protected":false},"excerpt":{"rendered":"<p>Das ist nicht mehr kommunitaristisch!<\/p>","protected":false},"author":138,"featured_media":36780,"comment_status":"open","ping_status":"open","sticky":false,"template":"","format":"standard","meta":{"_acf_changed":false,"footnotes":""},"categories":[644357281],"tags":[2443,801668,644339114,644355520,491880,26288,644355397],"class_list":["post-36714","post","type-post","status-publish","format-standard","has-post-thumbnail","hentry","category-monde","tag-canada","tag-communautarisme","tag-democratie-liberale","tag-justin-trudeau","tag-liberte-dexpression","tag-terrorisme","tag-universalisme"],"acf":[],"yoast_head":"<!-- This site is optimized with the Yoast SEO Premium plugin v27.4 (Yoast SEO v27.4) - https:\/\/yoast.com\/product\/yoast-seo-premium-wordpress\/ -->\n<title>L\u2019\u00e9trange d\u00e9finition de la libert\u00e9 d\u2019expression selon Justin Trudeau<\/title>\n<meta name=\"robots\" content=\"index, follow, max-snippet:-1, max-image-preview:large, max-video-preview:-1\" \/>\n<link rel=\"canonical\" href=\"https:\/\/leregardlibre.com\/de\/politik\/welt\/letrange-definition-of-freedom-of-expression-according-to-justin-trudeau\/\" \/>\n<meta property=\"og:locale\" content=\"de_DE\" \/>\n<meta property=\"og:type\" content=\"article\" \/>\n<meta property=\"og:title\" content=\"L\u2019\u00e9trange d\u00e9finition de la libert\u00e9 d\u2019expression selon Justin Trudeau\" \/>\n<meta property=\"og:description\" content=\"Plus communautariste, tu meurs!\" \/>\n<meta property=\"og:url\" content=\"https:\/\/leregardlibre.com\/de\/politik\/welt\/letrange-definition-of-freedom-of-expression-according-to-justin-trudeau\/\" \/>\n<meta property=\"og:site_name\" content=\"Le Regard Libre\" \/>\n<meta property=\"article:publisher\" content=\"https:\/\/www.facebook.com\/leregardlibre\/\" \/>\n<meta property=\"article:author\" content=\"https:\/\/www.facebook.com\/jonas.follonier\/\" \/>\n<meta property=\"article:published_time\" content=\"2020-11-07T16:25:32+00:00\" \/>\n<meta property=\"article:modified_time\" content=\"2025-12-13T21:53:37+00:00\" \/>\n<meta property=\"og:image\" content=\"https:\/\/leregardlibre.com\/wp-content\/uploads\/2020\/11\/Prime_Minister_Trudeau_delivers_a_message_on_Eid_al-Fitr_-_2020.jpg\" \/>\n\t<meta property=\"og:image:width\" content=\"1280\" \/>\n\t<meta property=\"og:image:height\" content=\"720\" \/>\n\t<meta property=\"og:image:type\" content=\"image\/jpeg\" \/>\n<meta name=\"author\" content=\"Jonas Follonier\" \/>\n<meta name=\"twitter:card\" content=\"summary_large_image\" \/>\n<meta name=\"twitter:creator\" content=\"@LeRegardLibre\" \/>\n<meta name=\"twitter:site\" content=\"@LeRegardLibre\" \/>\n<meta name=\"twitter:label1\" content=\"Verfasst von\" \/>\n\t<meta name=\"twitter:data1\" content=\"Jonas Follonier\" \/>\n\t<meta name=\"twitter:label2\" content=\"Gesch\u00e4tzte Lesezeit\" \/>\n\t<meta name=\"twitter:data2\" content=\"8\u00a0Minuten\" \/>\n<script type=\"application\/ld+json\" class=\"yoast-schema-graph\">{\"@context\":\"https:\\\/\\\/schema.org\",\"@graph\":[{\"@type\":\"Article\",\"@id\":\"https:\\\/\\\/leregardlibre.com\\\/politique\\\/monde\\\/letrange-definition-de-la-liberte-dexpression-selon-justin-trudeau\\\/#article\",\"isPartOf\":{\"@id\":\"https:\\\/\\\/leregardlibre.com\\\/politique\\\/monde\\\/letrange-definition-de-la-liberte-dexpression-selon-justin-trudeau\\\/\"},\"author\":{\"name\":\"Jonas Follonier\",\"@id\":\"https:\\\/\\\/leregardlibre.com\\\/#\\\/schema\\\/person\\\/bfe5aa794a23be71485d60e2d93ec0d2\"},\"headline\":\"L\u2019\u00e9trange d\u00e9finition de la libert\u00e9 d\u2019expression selon Justin Trudeau\",\"datePublished\":\"2020-11-07T16:25:32+00:00\",\"dateModified\":\"2025-12-13T21:53:37+00:00\",\"mainEntityOfPage\":{\"@id\":\"https:\\\/\\\/leregardlibre.com\\\/politique\\\/monde\\\/letrange-definition-de-la-liberte-dexpression-selon-justin-trudeau\\\/\"},\"wordCount\":1604,\"commentCount\":0,\"publisher\":{\"@id\":\"https:\\\/\\\/leregardlibre.com\\\/#organization\"},\"image\":{\"@id\":\"https:\\\/\\\/leregardlibre.com\\\/politique\\\/monde\\\/letrange-definition-de-la-liberte-dexpression-selon-justin-trudeau\\\/#primaryimage\"},\"thumbnailUrl\":\"https:\\\/\\\/leregardlibre.com\\\/wp-content\\\/uploads\\\/2020\\\/11\\\/Prime_Minister_Trudeau_delivers_a_message_on_Eid_al-Fitr_-_2020.jpg\",\"keywords\":[\"Canada\",\"Communautarisme\",\"D\u00e9mocratie lib\u00e9rale\",\"Justin Trudeau\",\"Libert\u00e9 d'expression\",\"Terrorisme\",\"Universalisme\"],\"articleSection\":[\"Monde\"],\"inLanguage\":\"de\",\"potentialAction\":[{\"@type\":\"CommentAction\",\"name\":\"Comment\",\"target\":[\"https:\\\/\\\/leregardlibre.com\\\/politique\\\/monde\\\/letrange-definition-de-la-liberte-dexpression-selon-justin-trudeau\\\/#respond\"]}]},{\"@type\":\"WebPage\",\"@id\":\"https:\\\/\\\/leregardlibre.com\\\/politique\\\/monde\\\/letrange-definition-de-la-liberte-dexpression-selon-justin-trudeau\\\/\",\"url\":\"https:\\\/\\\/leregardlibre.com\\\/politique\\\/monde\\\/letrange-definition-de-la-liberte-dexpression-selon-justin-trudeau\\\/\",\"name\":\"L\u2019\u00e9trange d\u00e9finition de la libert\u00e9 d\u2019expression selon Justin Trudeau\",\"isPartOf\":{\"@id\":\"https:\\\/\\\/leregardlibre.com\\\/#website\"},\"primaryImageOfPage\":{\"@id\":\"https:\\\/\\\/leregardlibre.com\\\/politique\\\/monde\\\/letrange-definition-de-la-liberte-dexpression-selon-justin-trudeau\\\/#primaryimage\"},\"image\":{\"@id\":\"https:\\\/\\\/leregardlibre.com\\\/politique\\\/monde\\\/letrange-definition-de-la-liberte-dexpression-selon-justin-trudeau\\\/#primaryimage\"},\"thumbnailUrl\":\"https:\\\/\\\/leregardlibre.com\\\/wp-content\\\/uploads\\\/2020\\\/11\\\/Prime_Minister_Trudeau_delivers_a_message_on_Eid_al-Fitr_-_2020.jpg\",\"datePublished\":\"2020-11-07T16:25:32+00:00\",\"dateModified\":\"2025-12-13T21:53:37+00:00\",\"breadcrumb\":{\"@id\":\"https:\\\/\\\/leregardlibre.com\\\/politique\\\/monde\\\/letrange-definition-de-la-liberte-dexpression-selon-justin-trudeau\\\/#breadcrumb\"},\"inLanguage\":\"de\",\"potentialAction\":[{\"@type\":\"ReadAction\",\"target\":[\"https:\\\/\\\/leregardlibre.com\\\/politique\\\/monde\\\/letrange-definition-de-la-liberte-dexpression-selon-justin-trudeau\\\/\"]}]},{\"@type\":\"ImageObject\",\"inLanguage\":\"de\",\"@id\":\"https:\\\/\\\/leregardlibre.com\\\/politique\\\/monde\\\/letrange-definition-de-la-liberte-dexpression-selon-justin-trudeau\\\/#primaryimage\",\"url\":\"https:\\\/\\\/leregardlibre.com\\\/wp-content\\\/uploads\\\/2020\\\/11\\\/Prime_Minister_Trudeau_delivers_a_message_on_Eid_al-Fitr_-_2020.jpg\",\"contentUrl\":\"https:\\\/\\\/leregardlibre.com\\\/wp-content\\\/uploads\\\/2020\\\/11\\\/Prime_Minister_Trudeau_delivers_a_message_on_Eid_al-Fitr_-_2020.jpg\",\"width\":1280,\"height\":720},{\"@type\":\"BreadcrumbList\",\"@id\":\"https:\\\/\\\/leregardlibre.com\\\/politique\\\/monde\\\/letrange-definition-de-la-liberte-dexpression-selon-justin-trudeau\\\/#breadcrumb\",\"itemListElement\":[{\"@type\":\"ListItem\",\"position\":1,\"name\":\"Accueil\",\"item\":\"https:\\\/\\\/leregardlibre.com\\\/\"},{\"@type\":\"ListItem\",\"position\":2,\"name\":\"L\u2019\u00e9trange d\u00e9finition de la libert\u00e9 d\u2019expression selon Justin Trudeau\"}]},{\"@type\":\"WebSite\",\"@id\":\"https:\\\/\\\/leregardlibre.com\\\/#website\",\"url\":\"https:\\\/\\\/leregardlibre.com\\\/\",\"name\":\"Le Regard Libre\",\"description\":\"Premier mensuel suisse de d\u00e9bat\",\"publisher\":{\"@id\":\"https:\\\/\\\/leregardlibre.com\\\/#organization\"},\"potentialAction\":[{\"@type\":\"SearchAction\",\"target\":{\"@type\":\"EntryPoint\",\"urlTemplate\":\"https:\\\/\\\/leregardlibre.com\\\/?s={search_term_string}\"},\"query-input\":{\"@type\":\"PropertyValueSpecification\",\"valueRequired\":true,\"valueName\":\"search_term_string\"}}],\"inLanguage\":\"de\"},{\"@type\":\"Organization\",\"@id\":\"https:\\\/\\\/leregardlibre.com\\\/#organization\",\"name\":\"Le Regard Libre\",\"url\":\"https:\\\/\\\/leregardlibre.com\\\/\",\"logo\":{\"@type\":\"ImageObject\",\"inLanguage\":\"de\",\"@id\":\"https:\\\/\\\/leregardlibre.com\\\/#\\\/schema\\\/logo\\\/image\\\/\",\"url\":\"https:\\\/\\\/leregardlibre.com\\\/wp-content\\\/uploads\\\/2025\\\/08\\\/logo-rl-icone-neg.jpeg\",\"contentUrl\":\"https:\\\/\\\/leregardlibre.com\\\/wp-content\\\/uploads\\\/2025\\\/08\\\/logo-rl-icone-neg.jpeg\",\"width\":557,\"height\":556,\"caption\":\"Le Regard Libre\"},\"image\":{\"@id\":\"https:\\\/\\\/leregardlibre.com\\\/#\\\/schema\\\/logo\\\/image\\\/\"},\"sameAs\":[\"https:\\\/\\\/www.facebook.com\\\/leregardlibre\\\/\",\"https:\\\/\\\/x.com\\\/LeRegardLibre\",\"https:\\\/\\\/www.linkedin.com\\\/company\\\/le-regard-libre\",\"https:\\\/\\\/www.instagram.com\\\/leregardlibre\\\/\",\"http:\\\/\\\/t.me\\\/leregardlibre\",\"https:\\\/\\\/youtube.com\\\/channel\\\/UC6HzGPomj1LsUmlz-sJtITQ\"],\"description\":\"Le Regard Libre est un mensuel suisse de d\u00e9bat intellectuel et culturel. Sa r\u00e9daction est jeune, b\u00e9n\u00e9vole, lib\u00e9rale et pluraliste. Le magazine para\u00eet en ligne et sous forme papier. Sa langue est le fran\u00e7ais.\",\"email\":\"redaction@leregardlibre.com\",\"legalName\":\"Le Regard Libre\",\"foundingDate\":\"2014-01-01\",\"numberOfEmployees\":{\"@type\":\"QuantitativeValue\",\"minValue\":\"11\",\"maxValue\":\"50\"},\"publishingPrinciples\":\"https:\\\/\\\/leregardlibre.com\\\/a-propos\\\/notre-manifeste\\\/\",\"ownershipFundingInfo\":\"https:\\\/\\\/leregardlibre.com\\\/mentions-legales\\\/\",\"actionableFeedbackPolicy\":\"https:\\\/\\\/leregardlibre.com\\\/conditions-generales-de-vente\\\/\"},{\"@type\":\"Person\",\"@id\":\"https:\\\/\\\/leregardlibre.com\\\/#\\\/schema\\\/person\\\/bfe5aa794a23be71485d60e2d93ec0d2\",\"name\":\"Jonas Follonier\",\"image\":{\"@type\":\"ImageObject\",\"inLanguage\":\"de\",\"@id\":\"https:\\\/\\\/secure.gravatar.com\\\/avatar\\\/602060b40f6a458420c2d140f49b6caea99152ce6704f2c332e5a0c5aad80303?s=96&d=identicon&r=g\",\"url\":\"https:\\\/\\\/secure.gravatar.com\\\/avatar\\\/602060b40f6a458420c2d140f49b6caea99152ce6704f2c332e5a0c5aad80303?s=96&d=identicon&r=g\",\"contentUrl\":\"https:\\\/\\\/secure.gravatar.com\\\/avatar\\\/602060b40f6a458420c2d140f49b6caea99152ce6704f2c332e5a0c5aad80303?s=96&d=identicon&r=g\",\"caption\":\"Jonas Follonier\"},\"description\":\"Correspondant au Palais f\u00e9d\u00e9ral pour \u00abL\u2019Agefi\u00bb, auteur-compositeur-interpr\u00e8te et essayiste, Jonas Follonier est le fondateur et r\u00e9dacteur en chef du \u00abRegard Libre\u00bb.\",\"sameAs\":[\"https:\\\/\\\/www.facebook.com\\\/jonas.follonier\\\/\",\"https:\\\/\\\/www.instagram.com\\\/jonasfollonier\\\/\",\"https:\\\/\\\/www.linkedin.com\\\/in\\\/jonasfollonier\\\/\",\"https:\\\/\\\/fr.wikipedia.org\\\/wiki\\\/Le_Regard_libre\"],\"url\":\"https:\\\/\\\/leregardlibre.com\\\/de\\\/author\\\/jonas-follonier\\\/\"}]}<\/script>\n<!-- \/ Yoast SEO Premium plugin. -->","yoast_head_json":{"title":"Justin Trudeaus seltsame Definition von Meinungsfreiheit","robots":{"index":"index","follow":"follow","max-snippet":"max-snippet:-1","max-image-preview":"max-image-preview:large","max-video-preview":"max-video-preview:-1"},"canonical":"https:\/\/leregardlibre.com\/de\/politik\/welt\/letrange-definition-of-freedom-of-expression-according-to-justin-trudeau\/","og_locale":"de_DE","og_type":"article","og_title":"L\u2019\u00e9trange d\u00e9finition de la libert\u00e9 d\u2019expression selon Justin Trudeau","og_description":"Plus communautariste, tu meurs!","og_url":"https:\/\/leregardlibre.com\/de\/politik\/welt\/letrange-definition-of-freedom-of-expression-according-to-justin-trudeau\/","og_site_name":"Le Regard Libre","article_publisher":"https:\/\/www.facebook.com\/leregardlibre\/","article_author":"https:\/\/www.facebook.com\/jonas.follonier\/","article_published_time":"2020-11-07T16:25:32+00:00","article_modified_time":"2025-12-13T21:53:37+00:00","og_image":[{"width":1280,"height":720,"url":"https:\/\/leregardlibre.com\/wp-content\/uploads\/2020\/11\/Prime_Minister_Trudeau_delivers_a_message_on_Eid_al-Fitr_-_2020.jpg","type":"image\/jpeg"}],"author":"Jonas Follonier","twitter_card":"summary_large_image","twitter_creator":"@LeRegardLibre","twitter_site":"@LeRegardLibre","twitter_misc":{"Verfasst von":"Jonas Follonier","Gesch\u00e4tzte Lesezeit":"8\u00a0Minuten"},"schema":{"@context":"https:\/\/schema.org","@graph":[{"@type":"Article","@id":"https:\/\/leregardlibre.com\/politique\/monde\/letrange-definition-de-la-liberte-dexpression-selon-justin-trudeau\/#article","isPartOf":{"@id":"https:\/\/leregardlibre.com\/politique\/monde\/letrange-definition-de-la-liberte-dexpression-selon-justin-trudeau\/"},"author":{"name":"Jonas Follonier","@id":"https:\/\/leregardlibre.com\/#\/schema\/person\/bfe5aa794a23be71485d60e2d93ec0d2"},"headline":"L\u2019\u00e9trange d\u00e9finition de la libert\u00e9 d\u2019expression selon Justin Trudeau","datePublished":"2020-11-07T16:25:32+00:00","dateModified":"2025-12-13T21:53:37+00:00","mainEntityOfPage":{"@id":"https:\/\/leregardlibre.com\/politique\/monde\/letrange-definition-de-la-liberte-dexpression-selon-justin-trudeau\/"},"wordCount":1604,"commentCount":0,"publisher":{"@id":"https:\/\/leregardlibre.com\/#organization"},"image":{"@id":"https:\/\/leregardlibre.com\/politique\/monde\/letrange-definition-de-la-liberte-dexpression-selon-justin-trudeau\/#primaryimage"},"thumbnailUrl":"https:\/\/leregardlibre.com\/wp-content\/uploads\/2020\/11\/Prime_Minister_Trudeau_delivers_a_message_on_Eid_al-Fitr_-_2020.jpg","keywords":["Canada","Communautarisme","D\u00e9mocratie lib\u00e9rale","Justin Trudeau","Libert\u00e9 d'expression","Terrorisme","Universalisme"],"articleSection":["Monde"],"inLanguage":"de","potentialAction":[{"@type":"CommentAction","name":"Comment","target":["https:\/\/leregardlibre.com\/politique\/monde\/letrange-definition-de-la-liberte-dexpression-selon-justin-trudeau\/#respond"]}]},{"@type":"WebPage","@id":"https:\/\/leregardlibre.com\/politique\/monde\/letrange-definition-de-la-liberte-dexpression-selon-justin-trudeau\/","url":"https:\/\/leregardlibre.com\/politique\/monde\/letrange-definition-de-la-liberte-dexpression-selon-justin-trudeau\/","name":"Justin Trudeaus seltsame Definition von Meinungsfreiheit","isPartOf":{"@id":"https:\/\/leregardlibre.com\/#website"},"primaryImageOfPage":{"@id":"https:\/\/leregardlibre.com\/politique\/monde\/letrange-definition-de-la-liberte-dexpression-selon-justin-trudeau\/#primaryimage"},"image":{"@id":"https:\/\/leregardlibre.com\/politique\/monde\/letrange-definition-de-la-liberte-dexpression-selon-justin-trudeau\/#primaryimage"},"thumbnailUrl":"https:\/\/leregardlibre.com\/wp-content\/uploads\/2020\/11\/Prime_Minister_Trudeau_delivers_a_message_on_Eid_al-Fitr_-_2020.jpg","datePublished":"2020-11-07T16:25:32+00:00","dateModified":"2025-12-13T21:53:37+00:00","breadcrumb":{"@id":"https:\/\/leregardlibre.com\/politique\/monde\/letrange-definition-de-la-liberte-dexpression-selon-justin-trudeau\/#breadcrumb"},"inLanguage":"de","potentialAction":[{"@type":"ReadAction","target":["https:\/\/leregardlibre.com\/politique\/monde\/letrange-definition-de-la-liberte-dexpression-selon-justin-trudeau\/"]}]},{"@type":"ImageObject","inLanguage":"de","@id":"https:\/\/leregardlibre.com\/politique\/monde\/letrange-definition-de-la-liberte-dexpression-selon-justin-trudeau\/#primaryimage","url":"https:\/\/leregardlibre.com\/wp-content\/uploads\/2020\/11\/Prime_Minister_Trudeau_delivers_a_message_on_Eid_al-Fitr_-_2020.jpg","contentUrl":"https:\/\/leregardlibre.com\/wp-content\/uploads\/2020\/11\/Prime_Minister_Trudeau_delivers_a_message_on_Eid_al-Fitr_-_2020.jpg","width":1280,"height":720},{"@type":"BreadcrumbList","@id":"https:\/\/leregardlibre.com\/politique\/monde\/letrange-definition-de-la-liberte-dexpression-selon-justin-trudeau\/#breadcrumb","itemListElement":[{"@type":"ListItem","position":1,"name":"Accueil","item":"https:\/\/leregardlibre.com\/"},{"@type":"ListItem","position":2,"name":"L\u2019\u00e9trange d\u00e9finition de la libert\u00e9 d\u2019expression selon Justin Trudeau"}]},{"@type":"WebSite","@id":"https:\/\/leregardlibre.com\/#website","url":"https:\/\/leregardlibre.com\/","name":"Le Regard Libre","description":"Erste Schweizer Monatszeitschrift f\u00fcr Debatten","publisher":{"@id":"https:\/\/leregardlibre.com\/#organization"},"potentialAction":[{"@type":"SearchAction","target":{"@type":"EntryPoint","urlTemplate":"https:\/\/leregardlibre.com\/?s={search_term_string}"},"query-input":{"@type":"PropertyValueSpecification","valueRequired":true,"valueName":"search_term_string"}}],"inLanguage":"de"},{"@type":"Organization","@id":"https:\/\/leregardlibre.com\/#organization","name":"Le Regard Libre","url":"https:\/\/leregardlibre.com\/","logo":{"@type":"ImageObject","inLanguage":"de","@id":"https:\/\/leregardlibre.com\/#\/schema\/logo\/image\/","url":"https:\/\/leregardlibre.com\/wp-content\/uploads\/2025\/08\/logo-rl-icone-neg.jpeg","contentUrl":"https:\/\/leregardlibre.com\/wp-content\/uploads\/2025\/08\/logo-rl-icone-neg.jpeg","width":557,"height":556,"caption":"Le Regard Libre"},"image":{"@id":"https:\/\/leregardlibre.com\/#\/schema\/logo\/image\/"},"sameAs":["https:\/\/www.facebook.com\/leregardlibre\/","https:\/\/x.com\/LeRegardLibre","https:\/\/www.linkedin.com\/company\/le-regard-libre","https:\/\/www.instagram.com\/leregardlibre\/","http:\/\/t.me\/leregardlibre","https:\/\/youtube.com\/channel\/UC6HzGPomj1LsUmlz-sJtITQ"],"description":"Le Regard Libre ist eine Schweizer Monatszeitschrift f\u00fcr intellektuelle und kulturelle Debatten. Seine Redaktion ist jung, ehrenamtlich, liberal und pluralistisch. Das Magazin erscheint online und in gedruckter Form. Seine Sprache ist Franz\u00f6sisch.","email":"redaction@leregardlibre.com","legalName":"Le Regard Libre","foundingDate":"2014-01-01","numberOfEmployees":{"@type":"QuantitativeValue","minValue":"11","maxValue":"50"},"publishingPrinciples":"https:\/\/leregardlibre.com\/a-propos\/notre-manifeste\/","ownershipFundingInfo":"https:\/\/leregardlibre.com\/mentions-legales\/","actionableFeedbackPolicy":"https:\/\/leregardlibre.com\/conditions-generales-de-vente\/"},{"@type":"Person","@id":"https:\/\/leregardlibre.com\/#\/schema\/person\/bfe5aa794a23be71485d60e2d93ec0d2","name":"Jonas Follonier","image":{"@type":"ImageObject","inLanguage":"de","@id":"https:\/\/secure.gravatar.com\/avatar\/602060b40f6a458420c2d140f49b6caea99152ce6704f2c332e5a0c5aad80303?s=96&d=identicon&r=g","url":"https:\/\/secure.gravatar.com\/avatar\/602060b40f6a458420c2d140f49b6caea99152ce6704f2c332e5a0c5aad80303?s=96&d=identicon&r=g","contentUrl":"https:\/\/secure.gravatar.com\/avatar\/602060b40f6a458420c2d140f49b6caea99152ce6704f2c332e5a0c5aad80303?s=96&d=identicon&r=g","caption":"Jonas Follonier"},"description":"Bundeshauskorrespondent f\u00fcr \u00abL'Agefi\u00bb, Singer-Songwriter, Jonas Follonier ist Gr\u00fcnder und Chefredakteur von \u00abRegard Libre\u00bb.","sameAs":["https:\/\/www.facebook.com\/jonas.follonier\/","https:\/\/www.instagram.com\/jonasfollonier\/","https:\/\/www.linkedin.com\/in\/jonasfollonier\/","https:\/\/fr.wikipedia.org\/wiki\/Le_Regard_libre"],"url":"https:\/\/leregardlibre.com\/de\/author\/jonas-follonier\/"}]}},"_links":{"self":[{"href":"https:\/\/leregardlibre.com\/de\/wp-json\/wp\/v2\/posts\/36714","targetHints":{"allow":["GET"]}}],"collection":[{"href":"https:\/\/leregardlibre.com\/de\/wp-json\/wp\/v2\/posts"}],"about":[{"href":"https:\/\/leregardlibre.com\/de\/wp-json\/wp\/v2\/types\/post"}],"author":[{"embeddable":true,"href":"https:\/\/leregardlibre.com\/de\/wp-json\/wp\/v2\/users\/138"}],"replies":[{"embeddable":true,"href":"https:\/\/leregardlibre.com\/de\/wp-json\/wp\/v2\/comments?post=36714"}],"version-history":[{"count":1,"href":"https:\/\/leregardlibre.com\/de\/wp-json\/wp\/v2\/posts\/36714\/revisions"}],"predecessor-version":[{"id":510984,"href":"https:\/\/leregardlibre.com\/de\/wp-json\/wp\/v2\/posts\/36714\/revisions\/510984"}],"wp:featuredmedia":[{"embeddable":true,"href":"https:\/\/leregardlibre.com\/de\/wp-json\/wp\/v2\/media\/36780"}],"wp:attachment":[{"href":"https:\/\/leregardlibre.com\/de\/wp-json\/wp\/v2\/media?parent=36714"}],"wp:term":[{"taxonomy":"category","embeddable":true,"href":"https:\/\/leregardlibre.com\/de\/wp-json\/wp\/v2\/categories?post=36714"},{"taxonomy":"post_tag","embeddable":true,"href":"https:\/\/leregardlibre.com\/de\/wp-json\/wp\/v2\/tags?post=36714"}],"curies":[{"name":"wp","href":"https:\/\/api.w.org\/{rel}","templated":true}]}}