{"id":37037,"date":"2020-11-19T06:00:17","date_gmt":"2020-11-19T05:00:17","guid":{"rendered":"https:\/\/leregardlibre.com\/?p=37037"},"modified":"2025-12-13T22:54:38","modified_gmt":"2025-12-13T21:54:38","slug":"lavertissement-von-francois-sureau","status":"publish","type":"post","link":"https:\/\/leregardlibre.com\/de\/politik\/frankreich\/lavertissement-von-francois-sureau\/","title":{"rendered":"Die Warnung von Fran\u00e7ois Sureau"},"content":{"rendered":"<p><em><a href=\"https:\/\/leregardlibre.com\/de\/produkt\/der-freie-blick-nr-68\/\">Le Regard Libre Nr. 68<\/a>&nbsp;- Jonas Follonier<\/em><\/p>\n\n\n\n<p class=\"has-drop-cap\"><strong>Im vergangenen Jahr ver\u00f6ffentlichte der franz\u00f6sische Anwalt, Schriftsteller und nunmehr Akademiker Fran\u00e7ois Sureau bei Gallimard sein Flugblatt <em>Ohne Freiheit<\/em>.<\/strong> In diesem Essay mit dem starken Titel malte und denunzierte der Autor eine Gesellschaft - die heutige franz\u00f6sische Gesellschaft -, die nach und nach ihre Rechtsstaatlichkeit verloren hatte. Eine Gesellschaft \u00abohne Freiheit\u00bb, die ihm einen kalten Schauer \u00fcber den R\u00fccken jagte und deren einziger positiver Ausweg in der wiederentdeckten Liebe zur politischen Freiheit zu finden sei. Wenn es interessant ist, sich f\u00fcr ein Editorial erneut in diesen Text zu vertiefen, dann deshalb, weil er eben offensichtliche Resonanzen zu unserer Gesellschaft, der Schweizer Gesellschaft, findet und, noch markanter, zu dem, was das aktuelle Krisenmanagement uns durchmachen l\u00e4sst.<\/p>\n\n\n\n<!--more Lire la suite de l\u2019\u00e9dito-->\n\n\n\n<p>So fasste Sureau die Situation am Anfang seiner sechsundf\u00fcnfzigseitigen Schrift zusammen:<\/p>\n\n\n\n<blockquote class=\"wp-block-quote is-layout-flow wp-block-quote-is-layout-flow\"><p>\u00abDass Regierungen, die heutige ebenso wie andere, die Freiheit nicht m\u00f6gen, ist nichts Neues. Regierungen tendieren zu Effizienz. Dass Bev\u00f6lkerungen, die sich \u00fcber Terrorismus oder diffuse Unsicherheit Sorgen machen, nach einem halben Jahrhundert, das sie ohne gro\u00dfe Pr\u00fcfungen und zun\u00e4chst ohne Krieg verbracht haben, nicht dazu neigen, ins Detail zu gehen, ist ebenfalls nicht \u00fcberraschend. Aber es geht nicht um Details. Der Rechtsstaat wurde in seinen Grunds\u00e4tzen und Organen so konzipiert, dass weder die W\u00fcnsche der Regierung noch die \u00c4ngste der V\u00f6lker die Grundlagen der politischen Ordnung, und in erster Linie die Freiheit, mit sich rei\u00dfen.\u00bb<\/p><\/blockquote>\n\n\n\n<p>Wenn der Gesetzesh\u00fcter dieser Beziehung zwischen der Bev\u00f6lkerung und dem Parlament einerseits und der Regierung andererseits so viel Bedeutung beimisst, dann liegt das daran, dass wir, wie er schreibt, \u00abB\u00fcrger sind, bevor wir W\u00e4hler sind\u00bb. Dies haben wir jedoch vergessen. Wir haben vergessen, dass wir freie Wesen sind - um uns auszudr\u00fccken, uns zu bewegen, etwas zu unternehmen -, bevor wir W\u00e4hler von Pers\u00f6nlichkeiten sind, die dazu neigen, \u00fcber unsere Pflichten zu entscheiden, anstatt unsere Rechte zu verteidigen. Erinnert Sie das nicht an die aktuellen Ereignisse? Wir haben auch vergessen, dass politische Freiheit sich nicht nur auf uns selbst, sondern auch auf andere bezieht. Daher diese unertr\u00e4gliche Haltung der Covid-N\u00f6rgler, die oft Rentner oder Beamte sind, wie der Schriftsteller Jean-Michel Olivier auf Facebook feststellte, und die die Sorgen der jungen Leute, die leben wollen, und der Selbstst\u00e4ndigen, die \u00fcberleben wollen, kritisieren. Das ist genau wie das \u00abIch habe nichts zu verbergen\u00bb, wenn es um den Datenschutz geht.<\/p>\n\n\n\n<p><strong>Lesen Sie auch | <a href=\"https:\/\/leregardlibre.com\/de\/editorials\/lattitude-liberale\/\" data-type=\"post\" data-id=\"29254\">Die liberale Haltung<\/a><\/strong><\/p>\n\n\n\n<p>Sureau schreibt weiter: \u00abArtikel 16 der Erkl\u00e4rung besagt, dass \u2018jede Gesellschaft, in der die Garantie der Rechte nicht gew\u00e4hrleistet ist und die Gewaltenteilung nicht bestimmt ist, keine Verfassung hat\u2018. Dieser Text vermischt, wie die meisten Texte unserer Zeit, Optimismus in Bezug auf die B\u00fcrger - die als urteilsf\u00e4hig und handlungsf\u00e4hig gelten - mit Pessimismus in Bezug auf die Regierenden - die als anf\u00e4llig f\u00fcr Machtmissbrauch und Missachtung von Rechten gelten. Diese beiden Aussagen tendieren heutzutage dazu, sich umzukehren\u2019.\u2019<\/p>\n\n\n\n\n\n<p>Die Art und Weise, wie unsere Politiker kommunizieren - wir werden nie sagen, wie sehr sie das am meisten vers\u00e4umt haben - bestand vor einigen Wochen darin, zu sagen, wie wenig streng die Kantone und wie wenig verantwortungsbewusst die Jugendlichen gewesen seien. Was den normalen Schweizer betrifft, so hei\u00dft es oft \u00abHut ab Berset, Respekt\u00bb. Und wir wollen gar nicht daran erinnern, mit welch blasiertem G\u00e4hnen das Parlament die vor\u00fcbergehende Entmachtung aufgenommen hat... Auf den mehr oder weniger provisorischen Charakter zu achten, den die derzeitigen freiheitsberaubenden und antiparlamentarischen Ma\u00dfnahmen annehmen k\u00f6nnten, k\u00f6nnte eine ehrliche Besch\u00e4ftigung f\u00fcr den Schweizer B\u00fcrger sein.<\/p>\n\n\n\n<p>Fran\u00e7ois Sureau wird uns gewarnt haben.<\/p>\n\n\n\n<p><em>Schreiben Sie dem Autor:&nbsp;<a href=\"mailto:jonas.follonier@leregardlibre.com\">jonas.follonier@leregardlibre.com<\/a><\/em><\/p>\n\n\n\n<p>Bildnachweis: Screenshot <a href=\"https:\/\/www.youtube.com\/watch?app=desktop&amp;v=P_DQQ4m6Iuk\">YouTube<\/a><\/p>","protected":false},"excerpt":{"rendered":"<p>Den Geschmack der Freiheit wiederfinden<\/p>","protected":false},"author":138,"featured_media":37051,"comment_status":"open","ping_status":"open","sticky":false,"template":"","format":"standard","meta":{"_acf_changed":false,"footnotes":""},"categories":[644357280],"tags":[25045213,897936,644357659,3971480,644355616,644342807,45553],"class_list":["post-37037","post","type-post","status-publish","format-standard","has-post-thumbnail","hentry","category-france","tag-alain-berset","tag-citoyennete","tag-editoriaux","tag-etat-de-droit","tag-francois-sureau","tag-jean-michel-olivier","tag-liberte"],"acf":[],"yoast_head":"<!-- This site is optimized with the Yoast SEO Premium plugin v27.4 (Yoast SEO v27.4) - https:\/\/yoast.com\/product\/yoast-seo-premium-wordpress\/ -->\n<title>L\u2019avertissement de Fran\u00e7ois Sureau<\/title>\n<meta name=\"robots\" content=\"index, follow, max-snippet:-1, max-image-preview:large, max-video-preview:-1\" \/>\n<link rel=\"canonical\" href=\"https:\/\/leregardlibre.com\/de\/politik\/frankreich\/lavertissement-von-francois-sureau\/\" \/>\n<meta property=\"og:locale\" content=\"de_DE\" \/>\n<meta property=\"og:type\" content=\"article\" \/>\n<meta property=\"og:title\" content=\"L\u2019avertissement de Fran\u00e7ois Sureau\" \/>\n<meta property=\"og:description\" content=\"Retrouver le go\u00fbt de la libert\u00e9\" \/>\n<meta property=\"og:url\" content=\"https:\/\/leregardlibre.com\/de\/politik\/frankreich\/lavertissement-von-francois-sureau\/\" \/>\n<meta property=\"og:site_name\" content=\"Le Regard Libre\" \/>\n<meta property=\"article:publisher\" content=\"https:\/\/www.facebook.com\/leregardlibre\/\" \/>\n<meta property=\"article:author\" content=\"https:\/\/www.facebook.com\/jonas.follonier\/\" \/>\n<meta property=\"article:published_time\" content=\"2020-11-19T05:00:17+00:00\" \/>\n<meta property=\"article:modified_time\" content=\"2025-12-13T21:54:38+00:00\" \/>\n<meta property=\"og:image\" content=\"https:\/\/leregardlibre.com\/wp-content\/uploads\/2020\/11\/Franc\u0327ois-Sureau-\u00a9-Capture-de\u0301cran-YouTube.jpg\" \/>\n\t<meta property=\"og:image:width\" content=\"1280\" \/>\n\t<meta property=\"og:image:height\" content=\"720\" \/>\n\t<meta property=\"og:image:type\" content=\"image\/jpeg\" \/>\n<meta name=\"author\" content=\"Jonas Follonier\" \/>\n<meta name=\"twitter:card\" content=\"summary_large_image\" \/>\n<meta name=\"twitter:creator\" content=\"@LeRegardLibre\" \/>\n<meta name=\"twitter:site\" content=\"@LeRegardLibre\" \/>\n<meta name=\"twitter:label1\" content=\"Verfasst von\" \/>\n\t<meta name=\"twitter:data1\" content=\"Jonas Follonier\" \/>\n\t<meta name=\"twitter:label2\" content=\"Gesch\u00e4tzte Lesezeit\" \/>\n\t<meta name=\"twitter:data2\" content=\"3\u00a0Minuten\" \/>\n<script type=\"application\/ld+json\" class=\"yoast-schema-graph\">{\"@context\":\"https:\\\/\\\/schema.org\",\"@graph\":[{\"@type\":\"Article\",\"@id\":\"https:\\\/\\\/leregardlibre.com\\\/politique\\\/france\\\/lavertissement-de-francois-sureau\\\/#article\",\"isPartOf\":{\"@id\":\"https:\\\/\\\/leregardlibre.com\\\/politique\\\/france\\\/lavertissement-de-francois-sureau\\\/\"},\"author\":{\"name\":\"Jonas Follonier\",\"@id\":\"https:\\\/\\\/leregardlibre.com\\\/#\\\/schema\\\/person\\\/bfe5aa794a23be71485d60e2d93ec0d2\"},\"headline\":\"L\u2019avertissement de Fran\u00e7ois Sureau\",\"datePublished\":\"2020-11-19T05:00:17+00:00\",\"dateModified\":\"2025-12-13T21:54:38+00:00\",\"mainEntityOfPage\":{\"@id\":\"https:\\\/\\\/leregardlibre.com\\\/politique\\\/france\\\/lavertissement-de-francois-sureau\\\/\"},\"wordCount\":681,\"commentCount\":0,\"publisher\":{\"@id\":\"https:\\\/\\\/leregardlibre.com\\\/#organization\"},\"image\":{\"@id\":\"https:\\\/\\\/leregardlibre.com\\\/politique\\\/france\\\/lavertissement-de-francois-sureau\\\/#primaryimage\"},\"thumbnailUrl\":\"https:\\\/\\\/leregardlibre.com\\\/wp-content\\\/uploads\\\/2020\\\/11\\\/Franc\u0327ois-Sureau-\u00a9-Capture-de\u0301cran-YouTube.jpg\",\"keywords\":[\"Alain Berset\",\"Citoyennet\u00e9\",\"Editorial\",\"Etat de droit\",\"Fran\u00e7ois Sureau\",\"Jean-Michel Olivier\",\"Libert\u00e9\"],\"articleSection\":[\"France\"],\"inLanguage\":\"de\",\"potentialAction\":[{\"@type\":\"CommentAction\",\"name\":\"Comment\",\"target\":[\"https:\\\/\\\/leregardlibre.com\\\/politique\\\/france\\\/lavertissement-de-francois-sureau\\\/#respond\"]}]},{\"@type\":\"WebPage\",\"@id\":\"https:\\\/\\\/leregardlibre.com\\\/politique\\\/france\\\/lavertissement-de-francois-sureau\\\/\",\"url\":\"https:\\\/\\\/leregardlibre.com\\\/politique\\\/france\\\/lavertissement-de-francois-sureau\\\/\",\"name\":\"L\u2019avertissement de Fran\u00e7ois Sureau\",\"isPartOf\":{\"@id\":\"https:\\\/\\\/leregardlibre.com\\\/#website\"},\"primaryImageOfPage\":{\"@id\":\"https:\\\/\\\/leregardlibre.com\\\/politique\\\/france\\\/lavertissement-de-francois-sureau\\\/#primaryimage\"},\"image\":{\"@id\":\"https:\\\/\\\/leregardlibre.com\\\/politique\\\/france\\\/lavertissement-de-francois-sureau\\\/#primaryimage\"},\"thumbnailUrl\":\"https:\\\/\\\/leregardlibre.com\\\/wp-content\\\/uploads\\\/2020\\\/11\\\/Franc\u0327ois-Sureau-\u00a9-Capture-de\u0301cran-YouTube.jpg\",\"datePublished\":\"2020-11-19T05:00:17+00:00\",\"dateModified\":\"2025-12-13T21:54:38+00:00\",\"breadcrumb\":{\"@id\":\"https:\\\/\\\/leregardlibre.com\\\/politique\\\/france\\\/lavertissement-de-francois-sureau\\\/#breadcrumb\"},\"inLanguage\":\"de\",\"potentialAction\":[{\"@type\":\"ReadAction\",\"target\":[\"https:\\\/\\\/leregardlibre.com\\\/politique\\\/france\\\/lavertissement-de-francois-sureau\\\/\"]}]},{\"@type\":\"ImageObject\",\"inLanguage\":\"de\",\"@id\":\"https:\\\/\\\/leregardlibre.com\\\/politique\\\/france\\\/lavertissement-de-francois-sureau\\\/#primaryimage\",\"url\":\"https:\\\/\\\/leregardlibre.com\\\/wp-content\\\/uploads\\\/2020\\\/11\\\/Franc\u0327ois-Sureau-\u00a9-Capture-de\u0301cran-YouTube.jpg\",\"contentUrl\":\"https:\\\/\\\/leregardlibre.com\\\/wp-content\\\/uploads\\\/2020\\\/11\\\/Franc\u0327ois-Sureau-\u00a9-Capture-de\u0301cran-YouTube.jpg\",\"width\":1280,\"height\":720},{\"@type\":\"BreadcrumbList\",\"@id\":\"https:\\\/\\\/leregardlibre.com\\\/politique\\\/france\\\/lavertissement-de-francois-sureau\\\/#breadcrumb\",\"itemListElement\":[{\"@type\":\"ListItem\",\"position\":1,\"name\":\"Accueil\",\"item\":\"https:\\\/\\\/leregardlibre.com\\\/\"},{\"@type\":\"ListItem\",\"position\":2,\"name\":\"L\u2019avertissement de Fran\u00e7ois Sureau\"}]},{\"@type\":\"WebSite\",\"@id\":\"https:\\\/\\\/leregardlibre.com\\\/#website\",\"url\":\"https:\\\/\\\/leregardlibre.com\\\/\",\"name\":\"Le Regard Libre\",\"description\":\"Premier mensuel suisse de d\u00e9bat\",\"publisher\":{\"@id\":\"https:\\\/\\\/leregardlibre.com\\\/#organization\"},\"potentialAction\":[{\"@type\":\"SearchAction\",\"target\":{\"@type\":\"EntryPoint\",\"urlTemplate\":\"https:\\\/\\\/leregardlibre.com\\\/?s={search_term_string}\"},\"query-input\":{\"@type\":\"PropertyValueSpecification\",\"valueRequired\":true,\"valueName\":\"search_term_string\"}}],\"inLanguage\":\"de\"},{\"@type\":\"Organization\",\"@id\":\"https:\\\/\\\/leregardlibre.com\\\/#organization\",\"name\":\"Le Regard Libre\",\"url\":\"https:\\\/\\\/leregardlibre.com\\\/\",\"logo\":{\"@type\":\"ImageObject\",\"inLanguage\":\"de\",\"@id\":\"https:\\\/\\\/leregardlibre.com\\\/#\\\/schema\\\/logo\\\/image\\\/\",\"url\":\"https:\\\/\\\/leregardlibre.com\\\/wp-content\\\/uploads\\\/2025\\\/08\\\/logo-rl-icone-neg.jpeg\",\"contentUrl\":\"https:\\\/\\\/leregardlibre.com\\\/wp-content\\\/uploads\\\/2025\\\/08\\\/logo-rl-icone-neg.jpeg\",\"width\":557,\"height\":556,\"caption\":\"Le Regard Libre\"},\"image\":{\"@id\":\"https:\\\/\\\/leregardlibre.com\\\/#\\\/schema\\\/logo\\\/image\\\/\"},\"sameAs\":[\"https:\\\/\\\/www.facebook.com\\\/leregardlibre\\\/\",\"https:\\\/\\\/x.com\\\/LeRegardLibre\",\"https:\\\/\\\/www.linkedin.com\\\/company\\\/le-regard-libre\",\"https:\\\/\\\/www.instagram.com\\\/leregardlibre\\\/\",\"http:\\\/\\\/t.me\\\/leregardlibre\",\"https:\\\/\\\/youtube.com\\\/channel\\\/UC6HzGPomj1LsUmlz-sJtITQ\"],\"description\":\"Le Regard Libre est un mensuel suisse de d\u00e9bat intellectuel et culturel. Sa r\u00e9daction est jeune, b\u00e9n\u00e9vole, lib\u00e9rale et pluraliste. Le magazine para\u00eet en ligne et sous forme papier. Sa langue est le fran\u00e7ais.\",\"email\":\"redaction@leregardlibre.com\",\"legalName\":\"Le Regard Libre\",\"foundingDate\":\"2014-01-01\",\"numberOfEmployees\":{\"@type\":\"QuantitativeValue\",\"minValue\":\"11\",\"maxValue\":\"50\"},\"publishingPrinciples\":\"https:\\\/\\\/leregardlibre.com\\\/a-propos\\\/notre-manifeste\\\/\",\"ownershipFundingInfo\":\"https:\\\/\\\/leregardlibre.com\\\/mentions-legales\\\/\",\"actionableFeedbackPolicy\":\"https:\\\/\\\/leregardlibre.com\\\/conditions-generales-de-vente\\\/\"},{\"@type\":\"Person\",\"@id\":\"https:\\\/\\\/leregardlibre.com\\\/#\\\/schema\\\/person\\\/bfe5aa794a23be71485d60e2d93ec0d2\",\"name\":\"Jonas Follonier\",\"image\":{\"@type\":\"ImageObject\",\"inLanguage\":\"de\",\"@id\":\"https:\\\/\\\/secure.gravatar.com\\\/avatar\\\/602060b40f6a458420c2d140f49b6caea99152ce6704f2c332e5a0c5aad80303?s=96&d=identicon&r=g\",\"url\":\"https:\\\/\\\/secure.gravatar.com\\\/avatar\\\/602060b40f6a458420c2d140f49b6caea99152ce6704f2c332e5a0c5aad80303?s=96&d=identicon&r=g\",\"contentUrl\":\"https:\\\/\\\/secure.gravatar.com\\\/avatar\\\/602060b40f6a458420c2d140f49b6caea99152ce6704f2c332e5a0c5aad80303?s=96&d=identicon&r=g\",\"caption\":\"Jonas Follonier\"},\"description\":\"Correspondant au Palais f\u00e9d\u00e9ral pour \u00abL\u2019Agefi\u00bb, auteur-compositeur-interpr\u00e8te et essayiste, Jonas Follonier est le fondateur et r\u00e9dacteur en chef du \u00abRegard Libre\u00bb.\",\"sameAs\":[\"https:\\\/\\\/www.facebook.com\\\/jonas.follonier\\\/\",\"https:\\\/\\\/www.instagram.com\\\/jonasfollonier\\\/\",\"https:\\\/\\\/www.linkedin.com\\\/in\\\/jonasfollonier\\\/\",\"https:\\\/\\\/fr.wikipedia.org\\\/wiki\\\/Le_Regard_libre\"],\"url\":\"https:\\\/\\\/leregardlibre.com\\\/de\\\/author\\\/jonas-follonier\\\/\"}]}<\/script>\n<!-- \/ Yoast SEO Premium plugin. -->","yoast_head_json":{"title":"Die Warnung von Fran\u00e7ois Sureau","robots":{"index":"index","follow":"follow","max-snippet":"max-snippet:-1","max-image-preview":"max-image-preview:large","max-video-preview":"max-video-preview:-1"},"canonical":"https:\/\/leregardlibre.com\/de\/politik\/frankreich\/lavertissement-von-francois-sureau\/","og_locale":"de_DE","og_type":"article","og_title":"L\u2019avertissement de Fran\u00e7ois Sureau","og_description":"Retrouver le go\u00fbt de la libert\u00e9","og_url":"https:\/\/leregardlibre.com\/de\/politik\/frankreich\/lavertissement-von-francois-sureau\/","og_site_name":"Le Regard Libre","article_publisher":"https:\/\/www.facebook.com\/leregardlibre\/","article_author":"https:\/\/www.facebook.com\/jonas.follonier\/","article_published_time":"2020-11-19T05:00:17+00:00","article_modified_time":"2025-12-13T21:54:38+00:00","og_image":[{"width":1280,"height":720,"url":"https:\/\/leregardlibre.com\/wp-content\/uploads\/2020\/11\/Franc\u0327ois-Sureau-\u00a9-Capture-de\u0301cran-YouTube.jpg","type":"image\/jpeg"}],"author":"Jonas Follonier","twitter_card":"summary_large_image","twitter_creator":"@LeRegardLibre","twitter_site":"@LeRegardLibre","twitter_misc":{"Verfasst von":"Jonas Follonier","Gesch\u00e4tzte Lesezeit":"3\u00a0Minuten"},"schema":{"@context":"https:\/\/schema.org","@graph":[{"@type":"Article","@id":"https:\/\/leregardlibre.com\/politique\/france\/lavertissement-de-francois-sureau\/#article","isPartOf":{"@id":"https:\/\/leregardlibre.com\/politique\/france\/lavertissement-de-francois-sureau\/"},"author":{"name":"Jonas Follonier","@id":"https:\/\/leregardlibre.com\/#\/schema\/person\/bfe5aa794a23be71485d60e2d93ec0d2"},"headline":"L\u2019avertissement de Fran\u00e7ois Sureau","datePublished":"2020-11-19T05:00:17+00:00","dateModified":"2025-12-13T21:54:38+00:00","mainEntityOfPage":{"@id":"https:\/\/leregardlibre.com\/politique\/france\/lavertissement-de-francois-sureau\/"},"wordCount":681,"commentCount":0,"publisher":{"@id":"https:\/\/leregardlibre.com\/#organization"},"image":{"@id":"https:\/\/leregardlibre.com\/politique\/france\/lavertissement-de-francois-sureau\/#primaryimage"},"thumbnailUrl":"https:\/\/leregardlibre.com\/wp-content\/uploads\/2020\/11\/Franc\u0327ois-Sureau-\u00a9-Capture-de\u0301cran-YouTube.jpg","keywords":["Alain Berset","Citoyennet\u00e9","Editorial","Etat de droit","Fran\u00e7ois Sureau","Jean-Michel Olivier","Libert\u00e9"],"articleSection":["France"],"inLanguage":"de","potentialAction":[{"@type":"CommentAction","name":"Comment","target":["https:\/\/leregardlibre.com\/politique\/france\/lavertissement-de-francois-sureau\/#respond"]}]},{"@type":"WebPage","@id":"https:\/\/leregardlibre.com\/politique\/france\/lavertissement-de-francois-sureau\/","url":"https:\/\/leregardlibre.com\/politique\/france\/lavertissement-de-francois-sureau\/","name":"Die Warnung von Fran\u00e7ois Sureau","isPartOf":{"@id":"https:\/\/leregardlibre.com\/#website"},"primaryImageOfPage":{"@id":"https:\/\/leregardlibre.com\/politique\/france\/lavertissement-de-francois-sureau\/#primaryimage"},"image":{"@id":"https:\/\/leregardlibre.com\/politique\/france\/lavertissement-de-francois-sureau\/#primaryimage"},"thumbnailUrl":"https:\/\/leregardlibre.com\/wp-content\/uploads\/2020\/11\/Franc\u0327ois-Sureau-\u00a9-Capture-de\u0301cran-YouTube.jpg","datePublished":"2020-11-19T05:00:17+00:00","dateModified":"2025-12-13T21:54:38+00:00","breadcrumb":{"@id":"https:\/\/leregardlibre.com\/politique\/france\/lavertissement-de-francois-sureau\/#breadcrumb"},"inLanguage":"de","potentialAction":[{"@type":"ReadAction","target":["https:\/\/leregardlibre.com\/politique\/france\/lavertissement-de-francois-sureau\/"]}]},{"@type":"ImageObject","inLanguage":"de","@id":"https:\/\/leregardlibre.com\/politique\/france\/lavertissement-de-francois-sureau\/#primaryimage","url":"https:\/\/leregardlibre.com\/wp-content\/uploads\/2020\/11\/Franc\u0327ois-Sureau-\u00a9-Capture-de\u0301cran-YouTube.jpg","contentUrl":"https:\/\/leregardlibre.com\/wp-content\/uploads\/2020\/11\/Franc\u0327ois-Sureau-\u00a9-Capture-de\u0301cran-YouTube.jpg","width":1280,"height":720},{"@type":"BreadcrumbList","@id":"https:\/\/leregardlibre.com\/politique\/france\/lavertissement-de-francois-sureau\/#breadcrumb","itemListElement":[{"@type":"ListItem","position":1,"name":"Accueil","item":"https:\/\/leregardlibre.com\/"},{"@type":"ListItem","position":2,"name":"L\u2019avertissement de Fran\u00e7ois Sureau"}]},{"@type":"WebSite","@id":"https:\/\/leregardlibre.com\/#website","url":"https:\/\/leregardlibre.com\/","name":"Le Regard Libre","description":"Erste Schweizer Monatszeitschrift f\u00fcr Debatten","publisher":{"@id":"https:\/\/leregardlibre.com\/#organization"},"potentialAction":[{"@type":"SearchAction","target":{"@type":"EntryPoint","urlTemplate":"https:\/\/leregardlibre.com\/?s={search_term_string}"},"query-input":{"@type":"PropertyValueSpecification","valueRequired":true,"valueName":"search_term_string"}}],"inLanguage":"de"},{"@type":"Organization","@id":"https:\/\/leregardlibre.com\/#organization","name":"Le Regard Libre","url":"https:\/\/leregardlibre.com\/","logo":{"@type":"ImageObject","inLanguage":"de","@id":"https:\/\/leregardlibre.com\/#\/schema\/logo\/image\/","url":"https:\/\/leregardlibre.com\/wp-content\/uploads\/2025\/08\/logo-rl-icone-neg.jpeg","contentUrl":"https:\/\/leregardlibre.com\/wp-content\/uploads\/2025\/08\/logo-rl-icone-neg.jpeg","width":557,"height":556,"caption":"Le Regard Libre"},"image":{"@id":"https:\/\/leregardlibre.com\/#\/schema\/logo\/image\/"},"sameAs":["https:\/\/www.facebook.com\/leregardlibre\/","https:\/\/x.com\/LeRegardLibre","https:\/\/www.linkedin.com\/company\/le-regard-libre","https:\/\/www.instagram.com\/leregardlibre\/","http:\/\/t.me\/leregardlibre","https:\/\/youtube.com\/channel\/UC6HzGPomj1LsUmlz-sJtITQ"],"description":"Le Regard Libre ist eine Schweizer Monatszeitschrift f\u00fcr intellektuelle und kulturelle Debatten. Seine Redaktion ist jung, ehrenamtlich, liberal und pluralistisch. Das Magazin erscheint online und in gedruckter Form. Seine Sprache ist Franz\u00f6sisch.","email":"redaction@leregardlibre.com","legalName":"Le Regard Libre","foundingDate":"2014-01-01","numberOfEmployees":{"@type":"QuantitativeValue","minValue":"11","maxValue":"50"},"publishingPrinciples":"https:\/\/leregardlibre.com\/a-propos\/notre-manifeste\/","ownershipFundingInfo":"https:\/\/leregardlibre.com\/mentions-legales\/","actionableFeedbackPolicy":"https:\/\/leregardlibre.com\/conditions-generales-de-vente\/"},{"@type":"Person","@id":"https:\/\/leregardlibre.com\/#\/schema\/person\/bfe5aa794a23be71485d60e2d93ec0d2","name":"Jonas Follonier","image":{"@type":"ImageObject","inLanguage":"de","@id":"https:\/\/secure.gravatar.com\/avatar\/602060b40f6a458420c2d140f49b6caea99152ce6704f2c332e5a0c5aad80303?s=96&d=identicon&r=g","url":"https:\/\/secure.gravatar.com\/avatar\/602060b40f6a458420c2d140f49b6caea99152ce6704f2c332e5a0c5aad80303?s=96&d=identicon&r=g","contentUrl":"https:\/\/secure.gravatar.com\/avatar\/602060b40f6a458420c2d140f49b6caea99152ce6704f2c332e5a0c5aad80303?s=96&d=identicon&r=g","caption":"Jonas Follonier"},"description":"Bundeshauskorrespondent f\u00fcr \u00abL'Agefi\u00bb, Singer-Songwriter, Jonas Follonier ist Gr\u00fcnder und Chefredakteur von \u00abRegard Libre\u00bb.","sameAs":["https:\/\/www.facebook.com\/jonas.follonier\/","https:\/\/www.instagram.com\/jonasfollonier\/","https:\/\/www.linkedin.com\/in\/jonasfollonier\/","https:\/\/fr.wikipedia.org\/wiki\/Le_Regard_libre"],"url":"https:\/\/leregardlibre.com\/de\/author\/jonas-follonier\/"}]}},"_links":{"self":[{"href":"https:\/\/leregardlibre.com\/de\/wp-json\/wp\/v2\/posts\/37037","targetHints":{"allow":["GET"]}}],"collection":[{"href":"https:\/\/leregardlibre.com\/de\/wp-json\/wp\/v2\/posts"}],"about":[{"href":"https:\/\/leregardlibre.com\/de\/wp-json\/wp\/v2\/types\/post"}],"author":[{"embeddable":true,"href":"https:\/\/leregardlibre.com\/de\/wp-json\/wp\/v2\/users\/138"}],"replies":[{"embeddable":true,"href":"https:\/\/leregardlibre.com\/de\/wp-json\/wp\/v2\/comments?post=37037"}],"version-history":[{"count":2,"href":"https:\/\/leregardlibre.com\/de\/wp-json\/wp\/v2\/posts\/37037\/revisions"}],"predecessor-version":[{"id":510992,"href":"https:\/\/leregardlibre.com\/de\/wp-json\/wp\/v2\/posts\/37037\/revisions\/510992"}],"wp:featuredmedia":[{"embeddable":true,"href":"https:\/\/leregardlibre.com\/de\/wp-json\/wp\/v2\/media\/37051"}],"wp:attachment":[{"href":"https:\/\/leregardlibre.com\/de\/wp-json\/wp\/v2\/media?parent=37037"}],"wp:term":[{"taxonomy":"category","embeddable":true,"href":"https:\/\/leregardlibre.com\/de\/wp-json\/wp\/v2\/categories?post=37037"},{"taxonomy":"post_tag","embeddable":true,"href":"https:\/\/leregardlibre.com\/de\/wp-json\/wp\/v2\/tags?post=37037"}],"curies":[{"name":"wp","href":"https:\/\/api.w.org\/{rel}","templated":true}]}}