{"id":37057,"date":"2020-11-20T06:00:00","date_gmt":"2020-11-20T05:00:00","guid":{"rendered":"https:\/\/leregardlibre.com\/?p=37057"},"modified":"2025-10-18T16:25:59","modified_gmt":"2025-10-18T14:25:59","slug":"brigitte-rosset-lironie-wie-ein-schwert","status":"publish","type":"post","link":"https:\/\/leregardlibre.com\/de\/darstellende-kunste\/theater\/brigitte-rosset-lironie-wie-ein-schwert\/","title":{"rendered":"Brigitte Rosset, Ironie als Schwert"},"content":{"rendered":"<p><em><a href=\"https:\/\/leregardlibre.com\/de\/produkt\/der-freie-blick-nr-68\/\" data-type=\"URL\" data-id=\"https:\/\/leregardlibre.com\/produit\/le-regard-libre-no-68\/\">Le Regard Libre Nr. 68<\/a>\u00a0- Ivan Garcia<\/em><\/p>\n\n\n\n<p class=\"has-drop-cap\"><strong>Brigitte Rosset ist eine Genfer Schauspielerin, die dem Westschweizer Publikum vor allem wegen ihrer humorvollen Alleinunterhalterinnen bekannt ist. In der Spielzeit 2020-2021 pr\u00e4sentiert sie ihre neue Show, <em>Meine Innenk\u00fcche<\/em>. Wir haben die Gelegenheit, diese Frau zu treffen, die Ironie wie ein Schwert schwingt. Sie ist direkt, aber immer wohlwollend.<\/strong><\/p>\n\n\n\n<!--more Lire l\u2019article long format (abonn\u00e9s)-->\n\n\n\n<p>Es ist ein Sonntagnachmittag im Herbst, als wir Brigitte Rosset in einer Loge des Th\u00e9\u00e2tre Benno Besson treffen. Ausgestattet mit einem langen grauen Mantel und einem bonbonrosa Koffer, sticht die blonde Schauspielerin aus der grauen Landschaft heraus. Brigitte Rosset ist zun\u00e4chst einmal eine Person, die wir letzte Saison im Nebia in Biel bei einer Auff\u00fchrung des St\u00fcckes <em>Der Goldene Drache<\/em>, Dort spielte sie die Figur Hans, einen zuh\u00e4lterischen Lebensmittelh\u00e4ndler. Von dieser Rolle in einer ziemlich <em>trash<\/em> von Robert Sandoz bis zu ihrem neuen, fr\u00f6hlichen Solofilm scheint die Kluft riesig zu sein. Und doch jongliert die Schauspielerin m\u00fchelos von einem zum anderen.<\/p>\n\n\n\n<h3 class=\"wp-block-heading\">Lachen und Versprecher<\/h3>\n\n\n\n<p>In der Spiegelgarderobe haben Indra und ich unser Bestes getan, um \u00abden Star\u00bb zu begr\u00fc\u00dfen, der sich auf das Sofa setzt. Brigitte Rosset ist energisch und hat einen gut gef\u00fcllten Lebenslauf. Auf ihrem Konto stehen mehr als vierzig Auftritte, \u00abau\u00dfergew\u00f6hnliche Schauspielerin\u00bb, die 2015 mit dem Schweizer Theaterpreis ausgezeichnet wurde, sowie der Humorpreis der Schweizerischen Autorengesellschaft 2012 f\u00fcr ihr St\u00fcck <em>Smarties, Kleenex und Canada Dry<\/em>. Sie bezeichnet sich selbst als Schauspielerin, \u00abdie gerne spielt und gerne verschiedene Erfahrungen macht\u00bb. \u00abEigentlich mag ich am Theater vor allem die Emotionen\u00bb, gesteht sie.<\/p>\n\n\n\n<form method=\"post\" action=\"https:\/\/newsletter.infomaniak.com\/external\/submit\" class=\"inf-form\" target=\"_blank\"><input type=\"email\" name=\"email\" style=\"display:none\"><input type=\"hidden\" name=\"key\" value=\"eyJpdiI6ImJLMzBCZjhrQXI2QVZqaHlsQ2xRXC9RbUZ2TlhaY08wSGd6VllUbHc0MUtzPSIsInZhbHVlIjoiYlJ4K0NhTElMb21iY010YkUyVmk2R0pVK2JocklVcERIbUNPTGduczcycz0iLCJtYWMiOiJmY2MwNGM1ZDBjZThjMmQ1MTVkY2Q2ZDE5OTBlNDU0YzE0MjlhM2IxY2M5YWM0NjA2YTgxY2QxNzg2ZmFiY2FkIn0=\"><input type=\"hidden\" name=\"webform_id\" value=\"7291\"><style> .inf-main_3000311ca56a1cb93397bc676c0b7fff{ background-color:#f5f5f5; padding:25px 20px; margin:25px auto; } .inf-main_3000311ca56a1cb93397bc676c0b7fff .inf-content { margin-top:13px;} .inf-main_3000311ca56a1cb93397bc676c0b7fff h4, .inf-main_3000311ca56a1cb93397bc676c0b7fff span, .inf-main_3000311ca56a1cb93397bc676c0b7fff label, .inf-main_3000311ca56a1cb93397bc676c0b7fff input, .inf-main_3000311ca56a1cb93397bc676c0b7fff .inf-submit, .inf-main_3000311ca56a1cb93397bc676c0b7fff .inf-success p a { color:#555555; font-size:14px; } .inf-main_3000311ca56a1cb93397bc676c0b7fff h4{ font-size:18px; margin:0px 0px 13px 0px; } .inf-main_3000311ca56a1cb93397bc676c0b7fff h4, .inf-main_3000311ca56a1cb93397bc676c0b7fff label{ font-weight:bold; } .inf-main_3000311ca56a1cb93397bc676c0b7fff .inf-input { margin-bottom:7px; } .inf-main_3000311ca56a1cb93397bc676c0b7fff label { display:block;} .inf-main_3000311ca56a1cb93397bc676c0b7fff input{ height:35px; color:#999999; border: 1px solid #E9E9E9; border:none; padding-left:7px; } .inf-main_3000311ca56a1cb93397bc676c0b7fff .inf-input.inf-error label, .inf-main_3000311ca56a1cb93397bc676c0b7fff .inf-input.inf-error span.inf-message{ color: #cc0033; } .inf-main_3000311ca56a1cb93397bc676c0b7fff .inf-input.inf-error input{ border: 1px solid #cc0033; } .inf-main_3000311ca56a1cb93397bc676c0b7fff .inf-input input { width:100%;} .inf-main_3000311ca56a1cb93397bc676c0b7fff .inf-input.inf-error span.inf-message { display: block; } .inf-main_3000311ca56a1cb93397bc676c0b7fff .inf-submit { text-align:right;} .inf-main_3000311ca56a1cb93397bc676c0b7fff .inf-submit input{ background-color:#777777; color:#ffffff; border:none; font-weight: normal; height:auto; padding:7px; } .inf-main_3000311ca56a1cb93397bc676c0b7fff .inf-submit input.disabled{ opacity: 0.4; } .inf-btn { color: rgb(85, 85, 85); border: medium none; font-weight: normal; height: auto; padding: 7px; display: inline-block; background-color: white; box-shadow: 0px 1px 1px rgba(0, 0, 0, 0.24); border-radius: 2px; line-height: 1em; } .inf-rgpd { margin:25px 0px 15px 0px; color:#555555; } <\/style> <div class=\"inf-main_3000311ca56a1cb93397bc676c0b7fff\"> <h4>NEWSLETTER DES FREIEN BLICKS<\/h4> <span>Erhalten Sie unsere Artikel jeden Sonntag kostenlos!<\/span> <div class=\"inf-success\" style=\"display:none\"> <h4>Ihre Anmeldung f\u00fcr unseren w\u00f6chentlichen Newsletter wurde erfolgreich registriert!<\/h4> <p> <a href=\"#\" class=\"inf-btn\">\u00ab<\/a> <\/p> <\/div> <div class=\"inf-content\"> <div class=\"inf-input inf-input-text\"> <input type=\"text\" name=\"inf[1]\" data-inf-meta=\"1\" data-inf-error=\"Merci de renseigner une adresse email\" required=\"required\" placeholder=\"E-Mail\"> <\/div> <div class=\"inf-submit\"> <input type=\"submit\" name=\"\" value=\"Anmelden\"> <\/div> <\/div> <\/div> <\/form>\n\n\n\n<p>Wir beginnen unseren Austausch in einer fr\u00f6hlichen Atmosph\u00e4re, indem wir ihn zu seiner Auff\u00fchrung befragen <em>Meine Innenk\u00fcche<\/em>, ihr f\u00fcnftes Solost\u00fcck. Das St\u00fcck geht auf eine besondere Erfahrung zur\u00fcck, die sie gemacht hat: eine Woche Fasten in den Alpes de Haute-Provence. Brigitte Rosset lacht... Tats\u00e4chlich hat sich meine Zunge gel\u00f6st und \u00abjeune\u00bb statt \u00abje\u00fbne\u00bb ausgesprochen, ein immer wiederkehrender Versprecher, den sie zu ihrem humoristischen Gesch\u00e4ft gemacht hat...<\/p>\n\n\n\n<p><strong>Lesen Sie auch | <a href=\"https:\/\/leregardlibre.com\/de\/literatur\/bore-abimi-un-couple-a-lecriture-dejantee\/\" data-type=\"post\" data-id=\"35055\">Boret-Abimi, ein verr\u00fccktes Schreibpaar<\/a><\/strong><\/p>\n\n\n\n<p>\u00abEs stimmt, dass ich noch nie versucht habe, \u201ceinen jungen Mann zu bekommen\u201d. Aber ich werde es versuchen\u00bb, antwortet sie mir und lacht. Wieder ernst geworden, erkl\u00e4rt sie uns, dass dieses St\u00fcck 2017 aus einer Carte blanche entstanden ist, die sie am Th\u00e9\u00e2tre du Cr\u00e8ve-C\u0153ur in Genf erhalten hat. \u00abZun\u00e4chst wollte ich eine Art <em>Best of<\/em>, Aber ich dachte mir, dass das dumm ist, weil das jeder macht. Und dann,<em> Best of<\/em> Das bedeutet nichts! Ich habe mich \u00fcber diesen Ausdruck ge\u00e4rgert. Eine Komikerin, die nicht auf die <em>Best of<\/em>, die erste \u00dcberraschung. Aber in seiner Show gibt es Anspielungen auf fr\u00fchere Kreationen. Man kratzt sich am Kopf. Dann doch ein bisschen <em>Best of<\/em>, oder? \u00abNein, <em>Meine Innenk\u00fcche<\/em> ist eine Auff\u00fchrung, die Fragen stellt, die ich mir bislang nicht gestellt habe. Aber es geht auch darum, ein bisschen Freude zu bereiten\u00bb.\u00bb<\/p>\n\n\n\n<figure class=\"wp-block-image size-large\"><img decoding=\"async\" src=\"http:\/\/leregardlibre.com\/wp-content\/uploads\/2020\/11\/Brigitte-Rosset-\u00a9-Indra-Crittin-pour-Le-Regard-Libre-1-1.jpg\" alt=\"\" class=\"wp-image-37060\"\/><figcaption>Brigitte Rosset, Schauspielerin \u00a9 Indra Crittin f\u00fcr Le Regard Libre<\/figcaption><\/figure>\n\n\n\n<p>In dieser besonderen Saison war Brigitte Rosset, nachdem sie selbst Opfer des Covid geworden war, einige Wochen lang im Th\u00e9\u00e2tre Benno Besson untergebracht, um ihr St\u00fcck \u00abneu zu erschaffen\u00bb. Unterst\u00fctzt wurde sie dabei von dem Regisseur Christian Scheidt, mit dem sie seit drei Jahren zusammenarbeitet, und dem Westschweizer Komiker Jean-Luc Barbezat, der sie in den letzten drei Jahren betreute.<em> script-doctor<\/em>. \u00abMan sagt auch <em>Sparringspartner<\/em>\u00bb, erkl\u00e4rt sie. Ich frage sie am\u00fcsiert, ob sie und Jean-Luc Barbezat bei der Arbeit \u00abSchl\u00e4ge austauschen\u00bb. Sie lacht und sagt: \u00abAber ja, das ist es\u00bb. Man merkt, dass Brigitte Rosset ihr L\u00e4cheln und ihren Humor nicht verloren hat.<\/p>\n\n\n\n<h3 class=\"wp-block-heading\">Theater, Fasten und Philo\u2019.\u2019<\/h3>\n\n\n\n<p>Aber passt dann der Begriff \u00abneue Show\u00bb zu seiner <em>Innere K\u00fcche<\/em>? \u00abTats\u00e4chlich war es, als ich diese Auff\u00fchrung 2017 realisierte, eine Version. Seitdem habe ich sie umgeschrieben, was zu einer neuen Version gef\u00fchrt hat. Au\u00dferdem muss man wissen, dass es in meiner Auff\u00fchrung mehrere Dimensionen gibt.\u00bb Dazu geh\u00f6rt die Figur des Jean-Pierre, eines gutm\u00fctigen Genfers, der versucht, sich in ihre Fastenerfahrung einzumischen, und Brigitte w\u00e4hrend der gesamten Auff\u00fchrung mit \u00abBribou\u00bb neckt.<\/p>\n\n\n\n<p><strong> Lesen Sie auch | <a href=\"https:\/\/leregardlibre.com\/de\/theater\/treffen-mit-einer-lustigen-truppe-die-kokodyniacks\/\" data-type=\"post\" data-id=\"31968\">Treffen mit einer lustigen Truppe: die Kokodyniacks<\/a><\/strong><\/p>\n\n\n\n<p>Am\u00fcsant ist diese Theaterfigur, die versucht, sich in diese Geschichte \u00fcber das Fasten in Bayons einzuschleichen. Brigitte Rosset hat daraus einen roten Faden in ihrer Kreation gemacht, indem sie andere Figuren aus ihren fr\u00fcheren Auff\u00fchrungen einbaut. \u00abSie versuchen, die Sache zu integrieren, obwohl sie nicht dabei sind. Deshalb bin ich gezwungen, ihnen zu sagen, dass sie in dieser Geschichte nicht existieren. Es ist tragisch, einer Figur wie Jean-Pierre zu sagen, dass er ein Teil von mir ist und nicht aus sich selbst heraus existiert...\u00bb. Unter dem Anschein einer leichten Kom\u00f6die, <em>Meine Innenk\u00fcche<\/em> verbirgt Fragen zur Fiktion. Die Autorin geht noch einen Schritt weiter: \u00abIst Theater nicht die Kunst, Dinge existieren zu lassen, die nicht existieren? Und existieren Sie \u00fcberhaupt?\u00bb Brigitte Rosset verbirgt unter ihrem kindlichen Auftreten den Ernst eines Blaise Pascal...<\/p>\n\n\n\n\n\n<p>Da das Thema der Auff\u00fchrung das Fasten ist, kommen wir nicht umhin, sie zu dieser Praxis zu befragen. \u00abFasten ist sehr schwer\u00bb, antwortet sie uns. \u00abDas Prinzip besteht darin, \u00fcberhaupt nichts zu essen, um den K\u00f6rper von \u00dcbers\u00e4uerungen zu befreien und ihn zu reinigen. Ich kenne nicht alle wissenschaftlichen Begriffe... Au\u00dferdem haben wir lange Spazierg\u00e4nge im Wald gemacht. Au\u00dferdem sind die H\u00e4nge in der Haute-Provence steil...\u00bb. Ich entgegne, dass das eine merkw\u00fcrdige Art der Entspannung sei. \u00abEhrlich gesagt, h\u00e4tte ich nie gedacht, dass ich das schaffe. Ich selbst gehe viel zu Fu\u00df, aber ich wei\u00df, dass dort die K\u00e4seschnitte auf mich wartet. Oder ich habe das Picknick. Aber es war eine tolle Erfahrung\u00bb.\u00bb<\/p>\n\n\n\n<p><strong>Lesen Sie auch | <a href=\"https:\/\/leregardlibre.com\/de\/theater\/ce-qua-vrai-dire-aurait-pu-etre-et-ce-quil-sera\/\" data-type=\"post\" data-id=\"33418\">Was A VRAI DIRE h\u00e4tte sein k\u00f6nnen (und was es sein wird)<\/a><\/strong><\/p>\n\n\n\n<p>Wer hat sie w\u00e4hrend ihres Fastenaufenthalts kennengelernt? \u00abDie Leute, die in meiner Show auftreten\u00bb. Sie erkl\u00e4rt uns mit Gesten und Stimme: \u2019Da ist das Naturheilpraktikerpaar, Edwige, die Personalleiterin, die eine Ausbildung gemacht hat, die sie in der Schule gemacht hat, und die anderen. <em>Burn-out<\/em> und deren Ding das Gl\u00fcck ist, Elodie, eine Pilates-Lehrerin, die sich auf ihrer sechsten \u00abinneren Reise\u00bb befindet, ein Ehepaar, Frank und Monique, Ludovic, der Hund Macaron und die H\u00fchner.\u00bb Mit ihrer eloquenten Art stellt Brigitte eine ganze Myriade von Charakteren auf, die vor unseren Augen vorbeiziehen. Wenn man das sieht, ist man fasziniert von der Leichtigkeit, mit der sie in nur wenigen Sekunden die Haut wechselt.<\/p>\n\n\n\n<h3 class=\"wp-block-heading\">Die ironische Bretonin und \u00abder kleine Maurice\u00bb.\u00bb<\/h3>\n\n\n\n<p>Wenn ich Brigitte Rosset befrage, lege ich mich auf die Lauer. Sie ist wie eine Draufg\u00e4ngerin, die mit Worten spielt wie mit einem Florett. Was ist ihre Waffe? Die Ironie. Sie f\u00fchrt sie wie ein Schwert. \u00abAber immer mit Wohlwollen\u00bb, sagt sie. Ich frage sie vorsichtig, ob sie das Fasten wiederholen m\u00f6chte: \u00abJetzt, wo ich es zu einer Show gemacht habe, denke ich, dass es kompliziert ist. Ich habe keinen neutralen Blick mehr auf das Thema.\u00bb<\/p>\n\n\n\n<p>Brigitte Rosset ist eine Bergbewohnerin, die die Gipfel und das Wandern liebt. Als sie nach ihrem Leben abseits der B\u00fchne gefragt wurde, gab sie zu, dass das Theater bereits einen Gro\u00dfteil ihrer Zeit in Anspruch nimmt. Trotzdem versucht sie sich an anderen Aktivit\u00e4ten. \u00abIch mache Pilates, Sir!\u00bb, ruft sie aus. Unsere Gespr\u00e4chspartnerin versucht auch, ihr Berufsleben mit ihrem Familienleben zu vereinbaren. Sie ist Mutter von drei Kindern, von denen eines erfolgreich als Improvisationsk\u00fcnstlerin t\u00e4tig ist.<\/p>\n\n\n\n<figure class=\"wp-block-image size-large\"><img decoding=\"async\" src=\"http:\/\/leregardlibre.com\/wp-content\/uploads\/2020\/11\/Brigitte-Rosset-\u00a9-Indra-Crittin-pour-Le-Regard-Libre-3-1.jpg\" alt=\"\" class=\"wp-image-37047\"\/><figcaption>Brigitte Rosset<em>, Schauspielerin<\/em> Indra Crittin f\u00fcr Le Regard Libre<\/figcaption><\/figure>\n\n\n\n<p>Indra spricht Brigitte beim Fotografieren auf den \u00ablustigen kleinen Zwerg\u00bb an, der auf dem Plakat f\u00fcr ihre Show abgebildet ist. Brigitte reagierte sofort: \u00abAh ja, der kleine Maurice!\u00bb. Sie f\u00fcgte hinzu: \u00abHolen Sie ihn f\u00fcr die Fotos, wenn Sie wollen. Ich ging also zur B\u00fchne und fragte einen Techniker des Theaters nach dem kleinen Maurice. Maurice, ein Gartenzwergschauspieler, der Teil des <em>Besetzung<\/em> von <em>Meine Innenk\u00fcche<\/em>. Der Techniker bringt dann nicht nur einen, sondern gleich zwei Gartenzwerge in die Garderobe ... \u00abMaurice und sein Papa\u00bb, erkl\u00e4rt er.<\/p>\n\n\n\n<figure class=\"wp-block-image size-large\"><img decoding=\"async\" src=\"http:\/\/leregardlibre.com\/wp-content\/uploads\/2020\/11\/Brigitte-Rosset-\u00a9-Indra-Crittin-pour-Le-Regard-Libre-4-1.jpg\" alt=\"\" class=\"wp-image-37061\"\/><figcaption>Maurice, Schauspieler-Gartenzwerg \u00a9 Indra Crittin f\u00fcr Le Regard Libre<\/figcaption><\/figure>\n\n\n\n<p>Nach dem <em>shooting<\/em>, Die beiden Zwerge, die vom Techniker getragen werden, kehren ruhig zum Set zur\u00fcck. Bevor ich mich von ihr verabschiede, sage ich Brigitte, dass ich durch die vielen Gespr\u00e4che mit ihr festgestellt habe, dass sie gut mit Ironie umgehen kann, und frage sie, ob sie sie gerne benutzt. \u00abIronie? Ja, ich denke schon. Dann bin ich vielleicht sogar zynisch.\u00bb Es folgt ein kurzes Schweigen. \u00abDas ist eine Form von Humor\u00bb, sagt sie mit einem L\u00e4cheln. Brigitte Rosset liebt die Ironie. Aber mit Wohlwollen.<\/p>\n\n\n\n<p><em>Schreiben Sie dem Autor: <a href=\"mailto:ivan.garcia@leregardlibre.com\">ivan.garcia@leregardlibre.com<\/a><\/em><\/p>\n\n\n\n<p>Bildnachweis: \u00a9 Indra Crittin f\u00fcr <em>Le Regard Libre<\/em><\/p>\n\n\n<div data-block-name=\"woocommerce\/handpicked-products\" data-edit-mode=\"false\" data-orderby=\"price_asc\" data-products=\"[35767,19241,35852,24185,17631]\" class=\"wc-block-grid wp-block-handpicked-products wp-block-woocommerce-handpicked-products wc-block-handpicked-products has-3-columns has-multiple-rows\"><ul class=\"wc-block-grid__products\"><li class=\"wc-block-grid__product\">\n\t\t\t\t<a href=\"https:\/\/leregardlibre.com\/de\/produkt\/jugendabo\/\" class=\"wc-block-grid__product-link\">\n\t\t\t\t\t\n\t\t\t\t\t<div class=\"wc-block-grid__product-image\"><img fetchpriority=\"high\" decoding=\"async\" width=\"300\" height=\"300\" src=\"https:\/\/leregardlibre.com\/wp-content\/uploads\/woocommerce-placeholder.webp\" class=\"woocommerce-placeholder wp-post-image\" alt=\"\" srcset=\"https:\/\/leregardlibre.com\/wp-content\/uploads\/woocommerce-placeholder.webp 1200w, https:\/\/leregardlibre.com\/wp-content\/uploads\/woocommerce-placeholder-300x300.webp 300w, https:\/\/leregardlibre.com\/wp-content\/uploads\/woocommerce-placeholder-1024x1024.webp 1024w, https:\/\/leregardlibre.com\/wp-content\/uploads\/woocommerce-placeholder-150x150.webp 150w, https:\/\/leregardlibre.com\/wp-content\/uploads\/woocommerce-placeholder-768x768.webp 768w, https:\/\/leregardlibre.com\/wp-content\/uploads\/woocommerce-placeholder-1170x1170.webp 1170w, https:\/\/leregardlibre.com\/wp-content\/uploads\/woocommerce-placeholder-585x585.webp 585w\" sizes=\"(max-width: 300px) 100vw, 300px\" \/><\/div>\n\t\t\t\t\t<div class=\"wc-block-grid__product-title\">Jugend-Abonnement<\/div>\n\t\t\t\t<\/a>\n\t\t\t\t<div class=\"wc-block-grid__product-price price\"><span class=\"woocommerce-Price-amount amount\"><span class=\"woocommerce-Price-currencySymbol\">CHF<\/span>25.00<\/span> <span class=\"subscription-details\"> \/ Jahr<\/span><\/div>\n\t\t\t\t\n\t\t\t\t<div class=\"wp-block-button wc-block-grid__product-add-to-cart\"><a href=\"\/de\/wp-json\/wp\/v2\/posts\/37057?add-to-cart=35852\" aria-label=\"Jetzt anmelden: \u201eJugendabo\u201c.\u201c\" data-quantity=\"1\" data-product_id=\"35852\" data-product_sku=\"\" data-price=\"25\" rel=\"nofollow\" class=\"wp-block-button__link  add_to_cart_button ajax_add_to_cart\">Jetzt abonnieren<\/a><\/div>\n\t\t\t<\/li><li class=\"wc-block-grid__product\">\n\t\t\t\t<a href=\"https:\/\/leregardlibre.com\/de\/produkt\/abonnement-numerique\/\" class=\"wc-block-grid__product-link\">\n\t\t\t\t\t\n\t\t\t\t\t<div class=\"wc-block-grid__product-image\"><img fetchpriority=\"high\" decoding=\"async\" width=\"300\" height=\"300\" src=\"https:\/\/leregardlibre.com\/wp-content\/uploads\/woocommerce-placeholder.webp\" class=\"woocommerce-placeholder wp-post-image\" alt=\"\" srcset=\"https:\/\/leregardlibre.com\/wp-content\/uploads\/woocommerce-placeholder.webp 1200w, https:\/\/leregardlibre.com\/wp-content\/uploads\/woocommerce-placeholder-300x300.webp 300w, https:\/\/leregardlibre.com\/wp-content\/uploads\/woocommerce-placeholder-1024x1024.webp 1024w, https:\/\/leregardlibre.com\/wp-content\/uploads\/woocommerce-placeholder-150x150.webp 150w, https:\/\/leregardlibre.com\/wp-content\/uploads\/woocommerce-placeholder-768x768.webp 768w, https:\/\/leregardlibre.com\/wp-content\/uploads\/woocommerce-placeholder-1170x1170.webp 1170w, https:\/\/leregardlibre.com\/wp-content\/uploads\/woocommerce-placeholder-585x585.webp 585w\" sizes=\"(max-width: 300px) 100vw, 300px\" \/><\/div>\n\t\t\t\t\t<div class=\"wc-block-grid__product-title\">Digitales Abonnement<\/div>\n\t\t\t\t<\/a>\n\t\t\t\t<div class=\"wc-block-grid__product-price price\"><span class=\"woocommerce-Price-amount amount\"><span class=\"woocommerce-Price-currencySymbol\">CHF<\/span>50.00<\/span> <span class=\"subscription-details\"> \/ Jahr<\/span><\/div>\n\t\t\t\t\n\t\t\t\t<div class=\"wp-block-button wc-block-grid__product-add-to-cart\"><a href=\"https:\/\/leregardlibre.com\/de\/produkt\/abonnement-numerique\/\" aria-label=\"Weitere Informationen zu \u201eDigitales Abonnement\u201c\" data-quantity=\"1\" data-product_id=\"24185\" data-product_sku=\"\" data-price=\"50\" rel=\"nofollow\" class=\"wp-block-button__link  add_to_cart_button\">Mehr erfahren<\/a><\/div>\n\t\t\t<\/li><li class=\"wc-block-grid__product\">\n\t\t\t\t<a href=\"https:\/\/leregardlibre.com\/de\/produkt\/le-regard-libre-abonnement-annuel-a-la-version-papier\/\" class=\"wc-block-grid__product-link\">\n\t\t\t\t\t\n\t\t\t\t\t<div class=\"wc-block-grid__product-image\"><img fetchpriority=\"high\" decoding=\"async\" width=\"300\" height=\"300\" src=\"https:\/\/leregardlibre.com\/wp-content\/uploads\/woocommerce-placeholder.webp\" class=\"woocommerce-placeholder wp-post-image\" alt=\"\" srcset=\"https:\/\/leregardlibre.com\/wp-content\/uploads\/woocommerce-placeholder.webp 1200w, https:\/\/leregardlibre.com\/wp-content\/uploads\/woocommerce-placeholder-300x300.webp 300w, https:\/\/leregardlibre.com\/wp-content\/uploads\/woocommerce-placeholder-1024x1024.webp 1024w, https:\/\/leregardlibre.com\/wp-content\/uploads\/woocommerce-placeholder-150x150.webp 150w, https:\/\/leregardlibre.com\/wp-content\/uploads\/woocommerce-placeholder-768x768.webp 768w, https:\/\/leregardlibre.com\/wp-content\/uploads\/woocommerce-placeholder-1170x1170.webp 1170w, https:\/\/leregardlibre.com\/wp-content\/uploads\/woocommerce-placeholder-585x585.webp 585w\" sizes=\"(max-width: 300px) 100vw, 300px\" \/><\/div>\n\t\t\t\t\t<div class=\"wc-block-grid__product-title\">Standard-Abonnement (Schweiz)<\/div>\n\t\t\t\t<\/a>\n\t\t\t\t<div class=\"wc-block-grid__product-price price\"><span class=\"woocommerce-Price-amount amount\"><span class=\"woocommerce-Price-currencySymbol\">CHF<\/span>100.00<\/span> <span class=\"subscription-details\"> \/ Jahr<\/span><\/div>\n\t\t\t\t\n\t\t\t\t<div class=\"wp-block-button wc-block-grid__product-add-to-cart\"><a href=\"\/de\/wp-json\/wp\/v2\/posts\/37057?add-to-cart=17631\" aria-label=\"Jetzt abonnieren: \u201eStandardabonnement (Schweiz)\u201c.\u201c\" data-quantity=\"1\" data-product_id=\"17631\" data-product_sku=\"\" data-price=\"100\" rel=\"nofollow\" class=\"wp-block-button__link  add_to_cart_button ajax_add_to_cart\">Jetzt abonnieren<\/a><\/div>\n\t\t\t<\/li><li class=\"wc-block-grid__product\">\n\t\t\t\t<a href=\"https:\/\/leregardlibre.com\/de\/produkt\/fordermitgliedschaft\/\" class=\"wc-block-grid__product-link\">\n\t\t\t\t\t\n\t\t\t\t\t<div class=\"wc-block-grid__product-image\"><img fetchpriority=\"high\" decoding=\"async\" width=\"300\" height=\"300\" src=\"https:\/\/leregardlibre.com\/wp-content\/uploads\/woocommerce-placeholder.webp\" class=\"woocommerce-placeholder wp-post-image\" alt=\"\" srcset=\"https:\/\/leregardlibre.com\/wp-content\/uploads\/woocommerce-placeholder.webp 1200w, https:\/\/leregardlibre.com\/wp-content\/uploads\/woocommerce-placeholder-300x300.webp 300w, https:\/\/leregardlibre.com\/wp-content\/uploads\/woocommerce-placeholder-1024x1024.webp 1024w, https:\/\/leregardlibre.com\/wp-content\/uploads\/woocommerce-placeholder-150x150.webp 150w, https:\/\/leregardlibre.com\/wp-content\/uploads\/woocommerce-placeholder-768x768.webp 768w, https:\/\/leregardlibre.com\/wp-content\/uploads\/woocommerce-placeholder-1170x1170.webp 1170w, https:\/\/leregardlibre.com\/wp-content\/uploads\/woocommerce-placeholder-585x585.webp 585w\" sizes=\"(max-width: 300px) 100vw, 300px\" \/><\/div>\n\t\t\t\t\t<div class=\"wc-block-grid__product-title\">Unterst\u00fctzendes Abonnement<\/div>\n\t\t\t\t<\/a>\n\t\t\t\t<div class=\"wc-block-grid__product-price price\"><span class=\"woocommerce-Price-amount amount\"><span class=\"woocommerce-Price-currencySymbol\">CHF<\/span>200.00<\/span> <span class=\"subscription-details\"> \/ Jahr<\/span><\/div>\n\t\t\t\t\n\t\t\t\t<div class=\"wp-block-button wc-block-grid__product-add-to-cart\"><a href=\"https:\/\/leregardlibre.com\/de\/produkt\/fordermitgliedschaft\/\" aria-label=\"Weitere Informationen zu \u201eF\u00f6rdermitgliedschaft\u201c\" data-quantity=\"1\" data-product_id=\"19241\" data-product_sku=\"\" data-price=\"200\" rel=\"nofollow\" class=\"wp-block-button__link  add_to_cart_button\">Mehr erfahren<\/a><\/div>\n\t\t\t<\/li><\/ul><\/div>","protected":false},"excerpt":{"rendered":"<p>Portr\u00e4t einer atypischen Schauspielerin<\/p>","protected":false},"author":53,"featured_media":37059,"comment_status":"open","ping_status":"open","sticky":false,"template":"","format":"standard","meta":{"_acf_changed":false,"footnotes":""},"categories":[5386],"tags":[644357172,644342184,644358365],"class_list":["post-37057","post","type-post","status-publish","format-standard","has-post-thumbnail","hentry","category-theatre","tag-portraits","tag-robert-sandoz","tag-seuls-en-scene"],"acf":[],"yoast_head":"<!-- This site is optimized with the Yoast SEO Premium plugin v27.4 (Yoast SEO v27.4) - https:\/\/yoast.com\/product\/yoast-seo-premium-wordpress\/ -->\n<title>Brigitte Rosset, l\u2019ironie comme \u00e9p\u00e9e<\/title>\n<meta name=\"robots\" content=\"index, follow, max-snippet:-1, max-image-preview:large, max-video-preview:-1\" \/>\n<link rel=\"canonical\" href=\"https:\/\/leregardlibre.com\/de\/darstellende-kunste\/theater\/brigitte-rosset-lironie-wie-ein-schwert\/\" \/>\n<meta property=\"og:locale\" content=\"de_DE\" \/>\n<meta property=\"og:type\" content=\"article\" \/>\n<meta property=\"og:title\" content=\"Brigitte Rosset, l\u2019ironie comme \u00e9p\u00e9e\" \/>\n<meta property=\"og:description\" content=\"Portrait d\u2019une com\u00e9dienne atypique\" \/>\n<meta property=\"og:url\" content=\"https:\/\/leregardlibre.com\/de\/darstellende-kunste\/theater\/brigitte-rosset-lironie-wie-ein-schwert\/\" \/>\n<meta property=\"og:site_name\" content=\"Le Regard Libre\" \/>\n<meta property=\"article:publisher\" content=\"https:\/\/www.facebook.com\/leregardlibre\/\" \/>\n<meta property=\"article:published_time\" content=\"2020-11-20T05:00:00+00:00\" \/>\n<meta property=\"article:modified_time\" content=\"2025-10-18T14:25:59+00:00\" \/>\n<meta property=\"og:image\" content=\"https:\/\/leregardlibre.com\/wp-content\/uploads\/2020\/11\/Brigitte-Rosset-\u00a9-Indra-Crittin-pour-Le-Regard-Libre-2-3802068845-1605858519252-scaled.jpg\" \/>\n\t<meta property=\"og:image:width\" content=\"2560\" \/>\n\t<meta property=\"og:image:height\" content=\"1440\" \/>\n\t<meta property=\"og:image:type\" content=\"image\/jpeg\" \/>\n<meta name=\"author\" content=\"Ivan Garcia\" \/>\n<meta name=\"twitter:card\" content=\"summary_large_image\" \/>\n<meta name=\"twitter:creator\" content=\"@LeRegardLibre\" \/>\n<meta name=\"twitter:site\" content=\"@LeRegardLibre\" \/>\n<meta name=\"twitter:label1\" content=\"Verfasst von\" \/>\n\t<meta name=\"twitter:data1\" content=\"Ivan Garcia\" \/>\n\t<meta name=\"twitter:label2\" content=\"Gesch\u00e4tzte Lesezeit\" \/>\n\t<meta name=\"twitter:data2\" content=\"8\u00a0Minuten\" \/>\n<script type=\"application\/ld+json\" class=\"yoast-schema-graph\">{\"@context\":\"https:\\\/\\\/schema.org\",\"@graph\":[{\"@type\":\"Article\",\"@id\":\"https:\\\/\\\/leregardlibre.com\\\/arts-vivants\\\/theatre\\\/brigitte-rosset-lironie-comme-une-epee\\\/#article\",\"isPartOf\":{\"@id\":\"https:\\\/\\\/leregardlibre.com\\\/arts-vivants\\\/theatre\\\/brigitte-rosset-lironie-comme-une-epee\\\/\"},\"author\":{\"name\":\"Ivan Garcia\",\"@id\":\"https:\\\/\\\/leregardlibre.com\\\/#\\\/schema\\\/person\\\/d80dd0028be8739b0c3bed60e131e94a\"},\"headline\":\"Brigitte Rosset, l\u2019ironie comme \u00e9p\u00e9e\",\"datePublished\":\"2020-11-20T05:00:00+00:00\",\"dateModified\":\"2025-10-18T14:25:59+00:00\",\"mainEntityOfPage\":{\"@id\":\"https:\\\/\\\/leregardlibre.com\\\/arts-vivants\\\/theatre\\\/brigitte-rosset-lironie-comme-une-epee\\\/\"},\"wordCount\":1674,\"commentCount\":1,\"publisher\":{\"@id\":\"https:\\\/\\\/leregardlibre.com\\\/#organization\"},\"image\":{\"@id\":\"https:\\\/\\\/leregardlibre.com\\\/arts-vivants\\\/theatre\\\/brigitte-rosset-lironie-comme-une-epee\\\/#primaryimage\"},\"thumbnailUrl\":\"https:\\\/\\\/leregardlibre.com\\\/wp-content\\\/uploads\\\/2020\\\/11\\\/Brigitte-Rosset-\u00a9-Indra-Crittin-pour-Le-Regard-Libre-2-3802068845-1605858519252-scaled.jpg\",\"keywords\":[\"Portrait\",\"Robert Sandoz\",\"Seul en sc\u00e8ne\"],\"articleSection\":[\"Th\u00e9\u00e2tre\"],\"inLanguage\":\"de\",\"potentialAction\":[{\"@type\":\"CommentAction\",\"name\":\"Comment\",\"target\":[\"https:\\\/\\\/leregardlibre.com\\\/arts-vivants\\\/theatre\\\/brigitte-rosset-lironie-comme-une-epee\\\/#respond\"]}]},{\"@type\":\"WebPage\",\"@id\":\"https:\\\/\\\/leregardlibre.com\\\/arts-vivants\\\/theatre\\\/brigitte-rosset-lironie-comme-une-epee\\\/\",\"url\":\"https:\\\/\\\/leregardlibre.com\\\/arts-vivants\\\/theatre\\\/brigitte-rosset-lironie-comme-une-epee\\\/\",\"name\":\"Brigitte Rosset, l\u2019ironie comme \u00e9p\u00e9e\",\"isPartOf\":{\"@id\":\"https:\\\/\\\/leregardlibre.com\\\/#website\"},\"primaryImageOfPage\":{\"@id\":\"https:\\\/\\\/leregardlibre.com\\\/arts-vivants\\\/theatre\\\/brigitte-rosset-lironie-comme-une-epee\\\/#primaryimage\"},\"image\":{\"@id\":\"https:\\\/\\\/leregardlibre.com\\\/arts-vivants\\\/theatre\\\/brigitte-rosset-lironie-comme-une-epee\\\/#primaryimage\"},\"thumbnailUrl\":\"https:\\\/\\\/leregardlibre.com\\\/wp-content\\\/uploads\\\/2020\\\/11\\\/Brigitte-Rosset-\u00a9-Indra-Crittin-pour-Le-Regard-Libre-2-3802068845-1605858519252-scaled.jpg\",\"datePublished\":\"2020-11-20T05:00:00+00:00\",\"dateModified\":\"2025-10-18T14:25:59+00:00\",\"breadcrumb\":{\"@id\":\"https:\\\/\\\/leregardlibre.com\\\/arts-vivants\\\/theatre\\\/brigitte-rosset-lironie-comme-une-epee\\\/#breadcrumb\"},\"inLanguage\":\"de\",\"potentialAction\":[{\"@type\":\"ReadAction\",\"target\":[\"https:\\\/\\\/leregardlibre.com\\\/arts-vivants\\\/theatre\\\/brigitte-rosset-lironie-comme-une-epee\\\/\"]}]},{\"@type\":\"ImageObject\",\"inLanguage\":\"de\",\"@id\":\"https:\\\/\\\/leregardlibre.com\\\/arts-vivants\\\/theatre\\\/brigitte-rosset-lironie-comme-une-epee\\\/#primaryimage\",\"url\":\"https:\\\/\\\/leregardlibre.com\\\/wp-content\\\/uploads\\\/2020\\\/11\\\/Brigitte-Rosset-\u00a9-Indra-Crittin-pour-Le-Regard-Libre-2-3802068845-1605858519252-scaled.jpg\",\"contentUrl\":\"https:\\\/\\\/leregardlibre.com\\\/wp-content\\\/uploads\\\/2020\\\/11\\\/Brigitte-Rosset-\u00a9-Indra-Crittin-pour-Le-Regard-Libre-2-3802068845-1605858519252-scaled.jpg\",\"width\":2560,\"height\":1440,\"caption\":\"Brigitte Rosset \u00a9 Indra Crittin pour Le Regard Libre\"},{\"@type\":\"BreadcrumbList\",\"@id\":\"https:\\\/\\\/leregardlibre.com\\\/arts-vivants\\\/theatre\\\/brigitte-rosset-lironie-comme-une-epee\\\/#breadcrumb\",\"itemListElement\":[{\"@type\":\"ListItem\",\"position\":1,\"name\":\"Accueil\",\"item\":\"https:\\\/\\\/leregardlibre.com\\\/\"},{\"@type\":\"ListItem\",\"position\":2,\"name\":\"Brigitte Rosset, l\u2019ironie comme \u00e9p\u00e9e\"}]},{\"@type\":\"WebSite\",\"@id\":\"https:\\\/\\\/leregardlibre.com\\\/#website\",\"url\":\"https:\\\/\\\/leregardlibre.com\\\/\",\"name\":\"Le Regard Libre\",\"description\":\"Premier mensuel suisse de d\u00e9bat\",\"publisher\":{\"@id\":\"https:\\\/\\\/leregardlibre.com\\\/#organization\"},\"potentialAction\":[{\"@type\":\"SearchAction\",\"target\":{\"@type\":\"EntryPoint\",\"urlTemplate\":\"https:\\\/\\\/leregardlibre.com\\\/?s={search_term_string}\"},\"query-input\":{\"@type\":\"PropertyValueSpecification\",\"valueRequired\":true,\"valueName\":\"search_term_string\"}}],\"inLanguage\":\"de\"},{\"@type\":\"Organization\",\"@id\":\"https:\\\/\\\/leregardlibre.com\\\/#organization\",\"name\":\"Le Regard Libre\",\"url\":\"https:\\\/\\\/leregardlibre.com\\\/\",\"logo\":{\"@type\":\"ImageObject\",\"inLanguage\":\"de\",\"@id\":\"https:\\\/\\\/leregardlibre.com\\\/#\\\/schema\\\/logo\\\/image\\\/\",\"url\":\"https:\\\/\\\/leregardlibre.com\\\/wp-content\\\/uploads\\\/2025\\\/08\\\/logo-rl-icone-neg.jpeg\",\"contentUrl\":\"https:\\\/\\\/leregardlibre.com\\\/wp-content\\\/uploads\\\/2025\\\/08\\\/logo-rl-icone-neg.jpeg\",\"width\":557,\"height\":556,\"caption\":\"Le Regard Libre\"},\"image\":{\"@id\":\"https:\\\/\\\/leregardlibre.com\\\/#\\\/schema\\\/logo\\\/image\\\/\"},\"sameAs\":[\"https:\\\/\\\/www.facebook.com\\\/leregardlibre\\\/\",\"https:\\\/\\\/x.com\\\/LeRegardLibre\",\"https:\\\/\\\/www.linkedin.com\\\/company\\\/le-regard-libre\",\"https:\\\/\\\/www.instagram.com\\\/leregardlibre\\\/\",\"http:\\\/\\\/t.me\\\/leregardlibre\",\"https:\\\/\\\/youtube.com\\\/channel\\\/UC6HzGPomj1LsUmlz-sJtITQ\"],\"description\":\"Le Regard Libre est un mensuel suisse de d\u00e9bat intellectuel et culturel. Sa r\u00e9daction est jeune, b\u00e9n\u00e9vole, lib\u00e9rale et pluraliste. Le magazine para\u00eet en ligne et sous forme papier. Sa langue est le fran\u00e7ais.\",\"email\":\"redaction@leregardlibre.com\",\"legalName\":\"Le Regard Libre\",\"foundingDate\":\"2014-01-01\",\"numberOfEmployees\":{\"@type\":\"QuantitativeValue\",\"minValue\":\"11\",\"maxValue\":\"50\"},\"publishingPrinciples\":\"https:\\\/\\\/leregardlibre.com\\\/a-propos\\\/notre-manifeste\\\/\",\"ownershipFundingInfo\":\"https:\\\/\\\/leregardlibre.com\\\/mentions-legales\\\/\",\"actionableFeedbackPolicy\":\"https:\\\/\\\/leregardlibre.com\\\/conditions-generales-de-vente\\\/\"},{\"@type\":\"Person\",\"@id\":\"https:\\\/\\\/leregardlibre.com\\\/#\\\/schema\\\/person\\\/d80dd0028be8739b0c3bed60e131e94a\",\"name\":\"Ivan Garcia\",\"image\":{\"@type\":\"ImageObject\",\"inLanguage\":\"de\",\"@id\":\"https:\\\/\\\/secure.gravatar.com\\\/avatar\\\/8d1951260e83d4b801d564ae27e751dece8ced40a4256105c3a960ddb6c32ee8?s=96&d=identicon&r=g\",\"url\":\"https:\\\/\\\/secure.gravatar.com\\\/avatar\\\/8d1951260e83d4b801d564ae27e751dece8ced40a4256105c3a960ddb6c32ee8?s=96&d=identicon&r=g\",\"contentUrl\":\"https:\\\/\\\/secure.gravatar.com\\\/avatar\\\/8d1951260e83d4b801d564ae27e751dece8ced40a4256105c3a960ddb6c32ee8?s=96&d=identicon&r=g\",\"caption\":\"Ivan Garcia\"},\"description\":\"Editeur Web au journal Le Temps et stagiaire en enseignement, Ivan Garcia est le responsable de la rubrique Litt\u00e9rature du Regard Libre, o\u00f9 il \u00e9crit r\u00e9guli\u00e8rement.\",\"sameAs\":[\"https:\\\/\\\/leregardlibre.com\\\/\",\"https:\\\/\\\/fr.wikipedia.org\\\/wiki\\\/Le_Regard_libre\"],\"url\":\"https:\\\/\\\/leregardlibre.com\\\/de\\\/author\\\/ivan-garcia-ig89\\\/\"}]}<\/script>\n<!-- \/ Yoast SEO Premium plugin. -->","yoast_head_json":{"title":"Brigitte Rosset, Ironie als Schwert","robots":{"index":"index","follow":"follow","max-snippet":"max-snippet:-1","max-image-preview":"max-image-preview:large","max-video-preview":"max-video-preview:-1"},"canonical":"https:\/\/leregardlibre.com\/de\/darstellende-kunste\/theater\/brigitte-rosset-lironie-wie-ein-schwert\/","og_locale":"de_DE","og_type":"article","og_title":"Brigitte Rosset, l\u2019ironie comme \u00e9p\u00e9e","og_description":"Portrait d\u2019une com\u00e9dienne atypique","og_url":"https:\/\/leregardlibre.com\/de\/darstellende-kunste\/theater\/brigitte-rosset-lironie-wie-ein-schwert\/","og_site_name":"Le Regard Libre","article_publisher":"https:\/\/www.facebook.com\/leregardlibre\/","article_published_time":"2020-11-20T05:00:00+00:00","article_modified_time":"2025-10-18T14:25:59+00:00","og_image":[{"width":2560,"height":1440,"url":"https:\/\/leregardlibre.com\/wp-content\/uploads\/2020\/11\/Brigitte-Rosset-\u00a9-Indra-Crittin-pour-Le-Regard-Libre-2-3802068845-1605858519252-scaled.jpg","type":"image\/jpeg"}],"author":"Ivan Garcia","twitter_card":"summary_large_image","twitter_creator":"@LeRegardLibre","twitter_site":"@LeRegardLibre","twitter_misc":{"Verfasst von":"Ivan Garcia","Gesch\u00e4tzte Lesezeit":"8\u00a0Minuten"},"schema":{"@context":"https:\/\/schema.org","@graph":[{"@type":"Article","@id":"https:\/\/leregardlibre.com\/arts-vivants\/theatre\/brigitte-rosset-lironie-comme-une-epee\/#article","isPartOf":{"@id":"https:\/\/leregardlibre.com\/arts-vivants\/theatre\/brigitte-rosset-lironie-comme-une-epee\/"},"author":{"name":"Ivan Garcia","@id":"https:\/\/leregardlibre.com\/#\/schema\/person\/d80dd0028be8739b0c3bed60e131e94a"},"headline":"Brigitte Rosset, l\u2019ironie comme \u00e9p\u00e9e","datePublished":"2020-11-20T05:00:00+00:00","dateModified":"2025-10-18T14:25:59+00:00","mainEntityOfPage":{"@id":"https:\/\/leregardlibre.com\/arts-vivants\/theatre\/brigitte-rosset-lironie-comme-une-epee\/"},"wordCount":1674,"commentCount":1,"publisher":{"@id":"https:\/\/leregardlibre.com\/#organization"},"image":{"@id":"https:\/\/leregardlibre.com\/arts-vivants\/theatre\/brigitte-rosset-lironie-comme-une-epee\/#primaryimage"},"thumbnailUrl":"https:\/\/leregardlibre.com\/wp-content\/uploads\/2020\/11\/Brigitte-Rosset-\u00a9-Indra-Crittin-pour-Le-Regard-Libre-2-3802068845-1605858519252-scaled.jpg","keywords":["Portrait","Robert Sandoz","Seul en sc\u00e8ne"],"articleSection":["Th\u00e9\u00e2tre"],"inLanguage":"de","potentialAction":[{"@type":"CommentAction","name":"Comment","target":["https:\/\/leregardlibre.com\/arts-vivants\/theatre\/brigitte-rosset-lironie-comme-une-epee\/#respond"]}]},{"@type":"WebPage","@id":"https:\/\/leregardlibre.com\/arts-vivants\/theatre\/brigitte-rosset-lironie-comme-une-epee\/","url":"https:\/\/leregardlibre.com\/arts-vivants\/theatre\/brigitte-rosset-lironie-comme-une-epee\/","name":"Brigitte Rosset, Ironie als Schwert","isPartOf":{"@id":"https:\/\/leregardlibre.com\/#website"},"primaryImageOfPage":{"@id":"https:\/\/leregardlibre.com\/arts-vivants\/theatre\/brigitte-rosset-lironie-comme-une-epee\/#primaryimage"},"image":{"@id":"https:\/\/leregardlibre.com\/arts-vivants\/theatre\/brigitte-rosset-lironie-comme-une-epee\/#primaryimage"},"thumbnailUrl":"https:\/\/leregardlibre.com\/wp-content\/uploads\/2020\/11\/Brigitte-Rosset-\u00a9-Indra-Crittin-pour-Le-Regard-Libre-2-3802068845-1605858519252-scaled.jpg","datePublished":"2020-11-20T05:00:00+00:00","dateModified":"2025-10-18T14:25:59+00:00","breadcrumb":{"@id":"https:\/\/leregardlibre.com\/arts-vivants\/theatre\/brigitte-rosset-lironie-comme-une-epee\/#breadcrumb"},"inLanguage":"de","potentialAction":[{"@type":"ReadAction","target":["https:\/\/leregardlibre.com\/arts-vivants\/theatre\/brigitte-rosset-lironie-comme-une-epee\/"]}]},{"@type":"ImageObject","inLanguage":"de","@id":"https:\/\/leregardlibre.com\/arts-vivants\/theatre\/brigitte-rosset-lironie-comme-une-epee\/#primaryimage","url":"https:\/\/leregardlibre.com\/wp-content\/uploads\/2020\/11\/Brigitte-Rosset-\u00a9-Indra-Crittin-pour-Le-Regard-Libre-2-3802068845-1605858519252-scaled.jpg","contentUrl":"https:\/\/leregardlibre.com\/wp-content\/uploads\/2020\/11\/Brigitte-Rosset-\u00a9-Indra-Crittin-pour-Le-Regard-Libre-2-3802068845-1605858519252-scaled.jpg","width":2560,"height":1440,"caption":"Brigitte Rosset \u00a9 Indra Crittin pour Le Regard Libre"},{"@type":"BreadcrumbList","@id":"https:\/\/leregardlibre.com\/arts-vivants\/theatre\/brigitte-rosset-lironie-comme-une-epee\/#breadcrumb","itemListElement":[{"@type":"ListItem","position":1,"name":"Accueil","item":"https:\/\/leregardlibre.com\/"},{"@type":"ListItem","position":2,"name":"Brigitte Rosset, l\u2019ironie comme \u00e9p\u00e9e"}]},{"@type":"WebSite","@id":"https:\/\/leregardlibre.com\/#website","url":"https:\/\/leregardlibre.com\/","name":"Le Regard Libre","description":"Erste Schweizer Monatszeitschrift f\u00fcr Debatten","publisher":{"@id":"https:\/\/leregardlibre.com\/#organization"},"potentialAction":[{"@type":"SearchAction","target":{"@type":"EntryPoint","urlTemplate":"https:\/\/leregardlibre.com\/?s={search_term_string}"},"query-input":{"@type":"PropertyValueSpecification","valueRequired":true,"valueName":"search_term_string"}}],"inLanguage":"de"},{"@type":"Organization","@id":"https:\/\/leregardlibre.com\/#organization","name":"Le Regard Libre","url":"https:\/\/leregardlibre.com\/","logo":{"@type":"ImageObject","inLanguage":"de","@id":"https:\/\/leregardlibre.com\/#\/schema\/logo\/image\/","url":"https:\/\/leregardlibre.com\/wp-content\/uploads\/2025\/08\/logo-rl-icone-neg.jpeg","contentUrl":"https:\/\/leregardlibre.com\/wp-content\/uploads\/2025\/08\/logo-rl-icone-neg.jpeg","width":557,"height":556,"caption":"Le Regard Libre"},"image":{"@id":"https:\/\/leregardlibre.com\/#\/schema\/logo\/image\/"},"sameAs":["https:\/\/www.facebook.com\/leregardlibre\/","https:\/\/x.com\/LeRegardLibre","https:\/\/www.linkedin.com\/company\/le-regard-libre","https:\/\/www.instagram.com\/leregardlibre\/","http:\/\/t.me\/leregardlibre","https:\/\/youtube.com\/channel\/UC6HzGPomj1LsUmlz-sJtITQ"],"description":"Le Regard Libre ist eine Schweizer Monatszeitschrift f\u00fcr intellektuelle und kulturelle Debatten. Seine Redaktion ist jung, ehrenamtlich, liberal und pluralistisch. Das Magazin erscheint online und in gedruckter Form. Seine Sprache ist Franz\u00f6sisch.","email":"redaction@leregardlibre.com","legalName":"Le Regard Libre","foundingDate":"2014-01-01","numberOfEmployees":{"@type":"QuantitativeValue","minValue":"11","maxValue":"50"},"publishingPrinciples":"https:\/\/leregardlibre.com\/a-propos\/notre-manifeste\/","ownershipFundingInfo":"https:\/\/leregardlibre.com\/mentions-legales\/","actionableFeedbackPolicy":"https:\/\/leregardlibre.com\/conditions-generales-de-vente\/"},{"@type":"Person","@id":"https:\/\/leregardlibre.com\/#\/schema\/person\/d80dd0028be8739b0c3bed60e131e94a","name":"Ivan Garcia","image":{"@type":"ImageObject","inLanguage":"de","@id":"https:\/\/secure.gravatar.com\/avatar\/8d1951260e83d4b801d564ae27e751dece8ced40a4256105c3a960ddb6c32ee8?s=96&d=identicon&r=g","url":"https:\/\/secure.gravatar.com\/avatar\/8d1951260e83d4b801d564ae27e751dece8ced40a4256105c3a960ddb6c32ee8?s=96&d=identicon&r=g","contentUrl":"https:\/\/secure.gravatar.com\/avatar\/8d1951260e83d4b801d564ae27e751dece8ced40a4256105c3a960ddb6c32ee8?s=96&d=identicon&r=g","caption":"Ivan Garcia"},"description":"Ivan Garcia ist Web-Editor bei der Zeitung Le Temps und Referendar. Er leitet die Literaturrubrik von Le Regard Libre und schreibt dort regelm\u00e4\u00dfig.","sameAs":["https:\/\/leregardlibre.com\/","https:\/\/fr.wikipedia.org\/wiki\/Le_Regard_libre"],"url":"https:\/\/leregardlibre.com\/de\/author\/ivan-garcia-ig89\/"}]}},"_links":{"self":[{"href":"https:\/\/leregardlibre.com\/de\/wp-json\/wp\/v2\/posts\/37057","targetHints":{"allow":["GET"]}}],"collection":[{"href":"https:\/\/leregardlibre.com\/de\/wp-json\/wp\/v2\/posts"}],"about":[{"href":"https:\/\/leregardlibre.com\/de\/wp-json\/wp\/v2\/types\/post"}],"author":[{"embeddable":true,"href":"https:\/\/leregardlibre.com\/de\/wp-json\/wp\/v2\/users\/53"}],"replies":[{"embeddable":true,"href":"https:\/\/leregardlibre.com\/de\/wp-json\/wp\/v2\/comments?post=37057"}],"version-history":[{"count":1,"href":"https:\/\/leregardlibre.com\/de\/wp-json\/wp\/v2\/posts\/37057\/revisions"}],"predecessor-version":[{"id":510996,"href":"https:\/\/leregardlibre.com\/de\/wp-json\/wp\/v2\/posts\/37057\/revisions\/510996"}],"wp:featuredmedia":[{"embeddable":true,"href":"https:\/\/leregardlibre.com\/de\/wp-json\/wp\/v2\/media\/37059"}],"wp:attachment":[{"href":"https:\/\/leregardlibre.com\/de\/wp-json\/wp\/v2\/media?parent=37057"}],"wp:term":[{"taxonomy":"category","embeddable":true,"href":"https:\/\/leregardlibre.com\/de\/wp-json\/wp\/v2\/categories?post=37057"},{"taxonomy":"post_tag","embeddable":true,"href":"https:\/\/leregardlibre.com\/de\/wp-json\/wp\/v2\/tags?post=37057"}],"curies":[{"name":"wp","href":"https:\/\/api.w.org\/{rel}","templated":true}]}}