{"id":37869,"date":"2021-01-12T09:45:06","date_gmt":"2021-01-12T08:45:06","guid":{"rendered":"https:\/\/leregardlibre.com\/?p=37869"},"modified":"2022-09-25T16:09:28","modified_gmt":"2022-09-25T14:09:28","slug":"lorgie-litteraire-de-max-lobe","status":"publish","type":"post","link":"https:\/\/leregardlibre.com\/de\/literatur\/lorgie-litteraire-de-max-lobe\/","title":{"rendered":"Die literarische Orgie von Max Lobe"},"content":{"rendered":"<p><em>B\u00fccher am Dienstag - <a href=\"https:\/\/leregardlibre.com\/de\/tag\/jonas-follonier\/\">Jonas Follonier<\/a><\/em><\/p>\n\n\n\n<p class=\"has-drop-cap\"><strong>Orgie de mots, allusions sexuelles \u00e0 tout-va et carnaval de sons, de couleurs et de formes: il faut s\u2019accrocher \u00e0 la lecture du nouveau roman de Max Lobe. <em>La Promesse de Sa Phall\u2019Excellence<\/em>, qui vient de para\u00eetre aux Editions Zo\u00e9, est un carnaval infernal. Mais derri\u00e8re ce charivari, une d\u00e9nonciation tonitruante du totalitarisme s\u2019allie \u00e0 une jouissance de la langue et des corps. Une fois n\u2019est pas coutume, je propose de vous faire d\u00e9couvrir ce monde en compagnie de Max Lobe lui-m\u00eame.<\/strong><\/p>\n\n\n\n<!--more Lire la critique (en libre acc\u00e8s)-->\n\n\n\n<p>Le nouveau roman de Max Lobe est un danger pour la sant\u00e9. On en ressort \u00e9puis\u00e9, comme apr\u00e8s une heure de discussion dans une langue o\u00f9 l\u2019on ne comprend qu\u2019un mot sur deux. C\u2019est qu\u2019avec <em>La Promesse de Sa Phall\u2019Excellence<\/em>, l\u2019auteur genevois d\u2019origine camerounaise a fait une sorte de pari rabelaisien: offrir un festin foutraque \u00e0 ses lecteurs, dans un langage nouveau. La r\u00e9f\u00e9rence est saillante. D\u2019ailleurs, \u00e0 peine le livre ouvert que celle-ci est d\u00e9j\u00e0 annonc\u00e9e par l\u2019auteur: \u00abJe discutais avec Rabelais\u2026 il me demande de te saluer\u00bb: en lisant cette aimable d\u00e9dicace, je n\u2019ai eu qu\u2019une envie, aller discuter, \u00e0 mon tour, avec Rabelais, l\u2019auteur de <em>Pantagruel<\/em> und von <em>Gargantua<\/em>.<br><br><strong>Lesen Sie auch | <\/strong><a href=\"https:\/\/leregardlibre.com\/de\/literatur\/kleine-bestandsaufnahme-des-registers-grivois-in-der-europaischen-literatur\/\"><strong>Ein kleines Inventar des grivoischen Registers in der europ\u00e4ischen Literatur<\/strong><\/a><br><br>En m\u2019ouvrant la porte de son appartement, Max Lobe est tout sourire; il faut dire qu\u2019il aime parler de ses romans \u2013&nbsp;et qu\u2019il aime parler tout court. Un peu comme son narrateur, \u00e0 la fois causeur et gloseur, qui avertit les lecteurs d\u00e8s la premi\u00e8re phrase du roman: \u00abSi vous n\u2019\u00eates pas d\u2019accord avec la langue que je vais utiliser pour dire cette histoire, alors rejoignez-moi seulement ici \u00e0 Elobi, \u00e0 la terrasse du bar de Uncle Godblessyou\u00bb. Me voil\u00e0 donc au bon endroit, un verre en main, pour parler avec Max Lobe de sa jolie folie.<\/p>\n\n\n\n\n\n<p>Je dois d\u2019abord lui dire la v\u00e9rit\u00e9: je ne suis pas s\u00fbr d\u2019avoir compris son nouveau livre. Je le rassure. Le roman m\u2019a plu dans sa d\u00e9mesure et, m\u00eame si je suis peut-\u00eatre pass\u00e9 \u00e0 c\u00f4t\u00e9, j\u2019y ai trouv\u00e9 des significations que j\u2019ai encore plus appr\u00e9ci\u00e9es. Son texte n\u2019est point du charabia ni du gloubi-boulga. Je l\u2019ai plut\u00f4t lu comme une orgie litt\u00e9raire qui s\u2019assume comme telle et qui regorge de symboles. Par exemple, consid\u00e9rer le narrateur de <em>La Promesse de Sa Phall\u2019Excellence<\/em> comme un obs\u00e9d\u00e9 sexuel serait faux \u2013 ou disons, incomplet. La pr\u00e9sence d\u2019images tendancieuses dans un mot sur dix (\u00absa Phall\u2019Excellence\u00bb \u00absa Clith\u2019Alttesse\u00bb, \u00abclitharicot\u00bb, \u00abnom d\u2019un phallanus!\u00bb\u2026), peut \u00eatre une bonne mani\u00e8re de rire de l\u2019\u00e9criture inclusive, o\u00f9 les genres (f\u00e9minin et masculin) deviennent omnipr\u00e9sents.<\/p>\n\n\n\n<blockquote class=\"wp-block-quote is-layout-flow wp-block-quote-is-layout-flow\"><p>\u00abLes merles, les rossignols, les grives, des hibous-hibous l\u00e0-l\u00e0 tiennent mon nom au bout de leurs becs. Ils caqu\u00e8tent que Oooh! je suis sexiste-sexuce, que Oooh! je suis misogyne-misogouine. Que je suis qu\u2019un pauvre\u2019 &#8220;Ah mes chers fr\u00e8\u00e8\u00e8res&#8221;. Un sans-phallancouille! Or, moi Mista AcaDa-Writa, raconteur d\u2019histoires, j\u2019ai bien mes phallancouilles en place, la grosse-droite comme la p\u2019tite-gauche. Et je suis pas pour autant un phallomacho. Du-tout-du-tout. Et m\u00eame si je l\u2019\u00e9tais? O\u00f9 que \u00e7a vous gratterait, hein? L\u00e0? Au niveau du phallanus? Ou plut\u00f4t en bas, l\u00e0-bas, au niveau du clitharicot?<\/p><p>[...]<\/p><p>J\u2019ai pas peur de Tata P\u00e9lagie, ni m\u00eame de ces machins-trucs-chattes d\u2019Ecriture inclusive de sa m\u00e8re-con. Du-tout-du-tout. Faut pas confondre les choses. Se taire ne signifie pas avoir peur.\u00bb<\/p><\/blockquote>\n\n\n\n<p>Lanc\u00e9 sur ce sujet, Max Lobe d\u00e9veloppe son point de vue. \u00abC\u2019est en effet une interpr\u00e9tation possible. Je joue avec le langage et son instrumentalisation \u00e0 des fins politiques. La langue ne <em>fait<\/em> pas la politique, elle ne reste qu\u2019une instrumentalisation. Si quelqu\u2019un dit \u2018\u2018chers Suisses, ch\u00e8res Suissesses\u2019\u2019, il peut ne pas le penser.\u00bb L\u2019instrumentalisation de la langue par des id\u00e9ologues \u00e0 tendance totalitaire est \u00e9galement un sujet pr\u00e9sent, en arri\u00e8re-fond, dans son roman. On y suit une population r\u00e9siliente, celle de la \u00abr\u00e9publique de Crevetterie\u00bb, qui gobe tout ce qu\u2019on lui raconte et qui attend le Grand Jour o\u00f9 appara\u00eetront \u00abSa Phall\u2019Excellence\u00bb et \u00abSa Clith\u2019altesse\u00bb. Le propos est actuel. \u00abEt pas seulement en Afrique\u00bb, me glisse l\u2019auteur.<\/p>\n\n\n\n<p><strong>Lesen Sie auch<\/strong> | <strong><a href=\"https:\/\/leregardlibre.com\/de\/literatur\/weit-weg-von-douala-und-afrika-vermisst-dich\/\"><em>Weit weg von Douala<\/em>, et l&#8217;Afrique vous manque<\/a><\/strong><br><br>\u00abCe qui m\u2019int\u00e9resse le plus, c\u2019est la prise de parole\u00bb, poursuit le romancier. \u00abTous les personnages prennent la parole \u00e0 un moment donn\u00e9 en disant des choses qui se compl\u00e8tent, se contredisent, s&#8217;entrechoquent.\u00bb Face \u00e0 eux, un r\u00e9gime vieillissant, avec un dictateur pr\u00e9sent\u00e9 comme un b\u00e9b\u00e9 dans une poussette. Les mots par lesquels les personnages s\u2019expriment sont toujours les m\u00eames, les rues et les carrefours ont des noms tr\u00e8s similaires, la narration elle-m\u00eame n\u2019en devient qu\u2019un gigantesque et somptueux psittacisme. Et si au d\u00e9but le narrateur est le seul \u00e0 douter, c\u2019est le lecteur lui-m\u00eame qui commence peu \u00e0 peu \u00e0 douter de la cr\u00e9dibilit\u00e9 de ce dernier, un alcoolique raconteur d\u2019histoires.<\/p>\n\n\n\n\n\n<p>A la lecture de cet ouvrage, on pense notamment \u00e0 <em>Meursault, contre-enqu\u00eate <\/em>de Kamel Daoud dans cette fa\u00e7on g\u00e9niale de d\u00e9doubler l\u2019ill\u00e9gitimit\u00e9 jusque dans ce qui nous est racont\u00e9. Mais c\u2019est au fond la litt\u00e9rature en g\u00e9n\u00e9ral qui s\u2019y pr\u00eate \u00e0 merveille. C\u2019est le filon que Max Lobe a trouv\u00e9 pour exprimer son \u00e9loge non seulement du doute, mais de l\u2019\u00e9mancipation. \u00abLe doute, c\u2019est la libert\u00e9 pure. C\u2019est aussi la pens\u00e9e: c\u2019est pour cela que je parle tant du cheveu naturel de mes personnages, il s\u2019agit en quelque sorte de leur pens\u00e9e. Si je mets une perruque, ce n\u2019est pas ma pens\u00e9e, c\u2019est une pens\u00e9e qui vient d\u2019ailleurs.\u00bb<\/p>\n\n\n\n<form method=\"post\" action=\"https:\/\/newsletter.infomaniak.com\/external\/submit\" class=\"inf-form\" target=\"_blank\"><input type=\"email\" name=\"email\" style=\"display:none\"><input type=\"hidden\" name=\"key\" value=\"eyJpdiI6IlZXRVJGMlRGQUU2alNqUE81bitIUk5adnNVa0c4MllFTStzOHdHT1FQZ3c9IiwidmFsdWUiOiJIYzhwMUVCK1pTNnlhY3MyMmhuZlhReWJqemEwNk93blMxTjFHc0s2VHZrPSIsIm1hYyI6ImVhYTQ5N2I1M2NiYWE4NzBmNjk2NzgzYjliM2Y5NmYzM2E2ZmU3NGQxNTU1ZDFkMTU1MzY5NTdjYjE3ZTJmNTUifQ==\"><input type=\"hidden\" name=\"webform_id\" value=\"7291\"><style> .inf-main_3000311ca56a1cb93397bc676c0b7fff{ background-color:#f5f5f5; padding:25px 20px; margin:25px auto; } .inf-main_3000311ca56a1cb93397bc676c0b7fff .inf-content { margin-top:13px;} .inf-main_3000311ca56a1cb93397bc676c0b7fff h4, .inf-main_3000311ca56a1cb93397bc676c0b7fff span, .inf-main_3000311ca56a1cb93397bc676c0b7fff label, .inf-main_3000311ca56a1cb93397bc676c0b7fff input, .inf-main_3000311ca56a1cb93397bc676c0b7fff .inf-submit, .inf-main_3000311ca56a1cb93397bc676c0b7fff .inf-success p a { color:#555555; font-size:14px; } .inf-main_3000311ca56a1cb93397bc676c0b7fff h4{ font-size:18px; margin:0px 0px 13px 0px; } .inf-main_3000311ca56a1cb93397bc676c0b7fff h4, .inf-main_3000311ca56a1cb93397bc676c0b7fff label{ font-weight:bold; } .inf-main_3000311ca56a1cb93397bc676c0b7fff .inf-input { margin-bottom:7px; } .inf-main_3000311ca56a1cb93397bc676c0b7fff label { display:block;} .inf-main_3000311ca56a1cb93397bc676c0b7fff input{ height:35px; color:#999999; border: 1px solid #E9E9E9; border:none; padding-left:7px; } .inf-main_3000311ca56a1cb93397bc676c0b7fff .inf-input.inf-error label, .inf-main_3000311ca56a1cb93397bc676c0b7fff .inf-input.inf-error span.inf-message{ color: #cc0033; } .inf-main_3000311ca56a1cb93397bc676c0b7fff .inf-input.inf-error input{ border: 1px solid #cc0033; } .inf-main_3000311ca56a1cb93397bc676c0b7fff .inf-input input { width:100%;} .inf-main_3000311ca56a1cb93397bc676c0b7fff .inf-input.inf-error span.inf-message { display: block; } .inf-main_3000311ca56a1cb93397bc676c0b7fff .inf-submit { text-align:right;} .inf-main_3000311ca56a1cb93397bc676c0b7fff .inf-submit input{ background-color:#777777; color:#ffffff; border:none; font-weight: normal; height:auto; padding:7px; } .inf-main_3000311ca56a1cb93397bc676c0b7fff .inf-submit input.disabled{ opacity: 0.4; } .inf-btn { color: rgb(85, 85, 85); border: medium none; font-weight: normal; height: auto; padding: 7px; display: inline-block; background-color: white; box-shadow: 0px 1px 1px rgba(0, 0, 0, 0.24); border-radius: 2px; line-height: 1em; } .inf-rgpd { margin:25px 0px 15px 0px; color:#555555; } <\/style> <div class=\"inf-main_3000311ca56a1cb93397bc676c0b7fff\"> <h4>NEWSLETTER DES FREIEN BLICKS<\/h4> <span>Erhalten Sie unsere Artikel jeden Sonntag.<\/span> <div class=\"inf-success\" style=\"display:none\"> <h4>Ihre Anmeldung f\u00fcr unseren w\u00f6chentlichen Newsletter wurde erfolgreich registriert!<\/h4> <p> <a href=\"#\" class=\"inf-btn\">\u00ab<\/a> <\/p> <\/div> <div class=\"inf-content\"> <div class=\"inf-input inf-input-text\"> <input type=\"text\" name=\"inf[1]\" data-inf-meta=\"1\" data-inf-error=\"Merci de renseigner une adresse email\" required=\"required\" placeholder=\"E-Mail\"> <\/div> <div class=\"inf-submit\"> <input type=\"submit\" name=\"\" value=\"Anmelden\"> <\/div> <\/div> <\/div> <\/form>\n\n\n\n<p>Or, pas besoin de bien conna\u00eetre le continent africain qui a tant inspir\u00e9 ce roman pour l\u2019appr\u00e9cier. Il suffit d\u2019un peu de curiosit\u00e9. Et, pourquoi pas, d\u2019un peu de folie. Car si l\u2019on parle beaucoup de celle des grands auteurs, et notamment de Lobe, il ne faut pas oublier cette petite folie en nous, qui nous permet d\u2019acc\u00e9der non seulement \u00e0 de l\u2019in\u00e9dit, \u00e0 du spectacle, mais encore \u00e0 ce qui dormait en nous-m\u00eames. <em>La Promesse de Sa Phall\u2019Excellence<\/em> est une lecture dont l\u2019urgence n\u2019est pas forc\u00e9ment sanitaire, mais salutaire. On ne va donc pas cracher dessus!<br><br><em><em>Schreiben Sie dem Autor: <a href=\"mailto:jonas.follonier@leregardlibre.com\">jonas.follonier@leregardlibre.com<\/a><\/em><\/em><br><br>Cr\u00e9dit photo: \u00a9 Niels Ackermann \/ Lundi13<\/p>\n\n\n\n<div class=\"wp-block-media-text alignwide is-stacked-on-mobile\" style=\"grid-template-columns:40% auto\"><figure class=\"wp-block-media-text__media\"><img fetchpriority=\"high\" decoding=\"async\" width=\"500\" height=\"739\" src=\"http:\/\/leregardlibre.com\/wp-content\/uploads\/2021\/01\/thumb-large_lapromessedesaphallexcellence.png\" alt=\"\" class=\"wp-image-37877 size-full\" srcset=\"https:\/\/leregardlibre.com\/wp-content\/uploads\/2021\/01\/thumb-large_lapromessedesaphallexcellence.png 500w, https:\/\/leregardlibre.com\/wp-content\/uploads\/2021\/01\/thumb-large_lapromessedesaphallexcellence-203x300.png 203w, https:\/\/leregardlibre.com\/wp-content\/uploads\/2021\/01\/thumb-large_lapromessedesaphallexcellence-101x150.png 101w, https:\/\/leregardlibre.com\/wp-content\/uploads\/2021\/01\/thumb-large_lapromessedesaphallexcellence-300x443.png 300w\" sizes=\"(max-width: 500px) 100vw, 500px\" \/><\/figure><div class=\"wp-block-media-text__content\">\n<p class=\"has-text-align-left\"><strong>Max Lobe <br><em>La Promesse de Sa Phall&#8217;Excellence<\/em><br>Zo\u00e9-Verlag<br>2021<br>144 Seiten<\/strong><\/p>\n\n\n\n<div class=\"wp-block-buttons is-layout-flex wp-block-buttons-is-layout-flex\">\n<div class=\"wp-block-button\"><a class=\"wp-block-button__link\" href=\"https:\/\/www.editionszoe.ch\/livre\/la-promesse-de-sa-phall-excellence\">Bestellen<\/a><\/div>\n<\/div>\n<\/div><\/div>","protected":false},"excerpt":{"rendered":"<p>Er ver\u00f6ffentlicht \u201cDas Versprechen Seiner Phall'Excellence\u201d.\u201d<\/p>","protected":false},"author":138,"featured_media":37873,"comment_status":"open","ping_status":"closed","sticky":false,"template":"","format":"standard","meta":{"_acf_changed":false,"footnotes":""},"categories":[20663],"tags":[61519,54879,528495183,257355,57220,644341262,644344597,468162,98538158,644350401,644358101],"class_list":["post-37869","post","type-post","status-publish","format-standard","has-post-thumbnail","hentry","category-litterature","tag-afrique","tag-critiques-litteraires","tag-ecriture-inclusive","tag-rabelais","tag-geneve","tag-genre","tag-kamel-daoud","tag-langage","tag-max-lobe","tag-orgie","tag-sexe-biologique"],"acf":[],"yoast_head":"<!-- This site is optimized with the Yoast SEO Premium plugin v27.4 (Yoast SEO v27.4) - https:\/\/yoast.com\/product\/yoast-seo-premium-wordpress\/ -->\n<title>L\u2019orgie litt\u00e9raire de Max Lobe<\/title>\n<meta name=\"robots\" content=\"index, follow, max-snippet:-1, max-image-preview:large, max-video-preview:-1\" \/>\n<link rel=\"canonical\" href=\"https:\/\/leregardlibre.com\/de\/literatur\/lorgie-litteraire-de-max-lobe\/\" \/>\n<meta property=\"og:locale\" content=\"de_DE\" \/>\n<meta property=\"og:type\" content=\"article\" \/>\n<meta property=\"og:title\" content=\"L\u2019orgie litt\u00e9raire de Max Lobe\" \/>\n<meta property=\"og:description\" content=\"Il publie &quot;La Promesse de Sa Phall&#039;Excellence&quot;\" \/>\n<meta property=\"og:url\" content=\"https:\/\/leregardlibre.com\/de\/literatur\/lorgie-litteraire-de-max-lobe\/\" \/>\n<meta property=\"og:site_name\" content=\"Le Regard Libre\" \/>\n<meta property=\"article:publisher\" content=\"https:\/\/www.facebook.com\/leregardlibre\/\" \/>\n<meta property=\"article:author\" content=\"https:\/\/www.facebook.com\/jonas.follonier\/\" \/>\n<meta property=\"article:published_time\" content=\"2021-01-12T08:45:06+00:00\" \/>\n<meta property=\"article:modified_time\" content=\"2022-09-25T14:09:28+00:00\" \/>\n<meta property=\"og:image\" content=\"https:\/\/leregardlibre.com\/wp-content\/uploads\/2021\/01\/NAK-0745-scaled.jpg\" \/>\n\t<meta property=\"og:image:width\" content=\"2560\" \/>\n\t<meta property=\"og:image:height\" content=\"1707\" \/>\n\t<meta property=\"og:image:type\" content=\"image\/jpeg\" \/>\n<meta name=\"author\" content=\"Jonas Follonier\" \/>\n<meta name=\"twitter:card\" content=\"summary_large_image\" \/>\n<meta name=\"twitter:creator\" content=\"@LeRegardLibre\" \/>\n<meta name=\"twitter:site\" content=\"@LeRegardLibre\" \/>\n<meta name=\"twitter:label1\" content=\"Verfasst von\" \/>\n\t<meta name=\"twitter:data1\" content=\"Jonas Follonier\" \/>\n\t<meta name=\"twitter:label2\" content=\"Gesch\u00e4tzte Lesezeit\" \/>\n\t<meta name=\"twitter:data2\" content=\"7\u00a0Minuten\" \/>\n<script type=\"application\/ld+json\" class=\"yoast-schema-graph\">{\"@context\":\"https:\\\/\\\/schema.org\",\"@graph\":[{\"@type\":\"Article\",\"@id\":\"https:\\\/\\\/leregardlibre.com\\\/litterature\\\/lorgie-litteraire-de-max-lobe\\\/#article\",\"isPartOf\":{\"@id\":\"https:\\\/\\\/leregardlibre.com\\\/litterature\\\/lorgie-litteraire-de-max-lobe\\\/\"},\"author\":{\"name\":\"Jonas Follonier\",\"@id\":\"https:\\\/\\\/leregardlibre.com\\\/#\\\/schema\\\/person\\\/bfe5aa794a23be71485d60e2d93ec0d2\"},\"headline\":\"L\u2019orgie litt\u00e9raire de Max Lobe\",\"datePublished\":\"2021-01-12T08:45:06+00:00\",\"dateModified\":\"2022-09-25T14:09:28+00:00\",\"mainEntityOfPage\":{\"@id\":\"https:\\\/\\\/leregardlibre.com\\\/litterature\\\/lorgie-litteraire-de-max-lobe\\\/\"},\"wordCount\":1192,\"commentCount\":0,\"publisher\":{\"@id\":\"https:\\\/\\\/leregardlibre.com\\\/#organization\"},\"image\":{\"@id\":\"https:\\\/\\\/leregardlibre.com\\\/litterature\\\/lorgie-litteraire-de-max-lobe\\\/#primaryimage\"},\"thumbnailUrl\":\"https:\\\/\\\/leregardlibre.com\\\/wp-content\\\/uploads\\\/2021\\\/01\\\/NAK-0745-scaled.jpg\",\"keywords\":[\"Afrique\",\"Critique litt\u00e9raire\",\"Ecriture inclusive\",\"Fran\u00e7ois Rabelais\",\"Gen\u00e8ve\",\"Genre\",\"kamel daoud\",\"langage\",\"max lobe\",\"orgie\",\"Sexe biologique\"],\"articleSection\":[\"Litt\u00e9rature\"],\"inLanguage\":\"de\",\"potentialAction\":[{\"@type\":\"CommentAction\",\"name\":\"Comment\",\"target\":[\"https:\\\/\\\/leregardlibre.com\\\/litterature\\\/lorgie-litteraire-de-max-lobe\\\/#respond\"]}]},{\"@type\":\"WebPage\",\"@id\":\"https:\\\/\\\/leregardlibre.com\\\/litterature\\\/lorgie-litteraire-de-max-lobe\\\/\",\"url\":\"https:\\\/\\\/leregardlibre.com\\\/litterature\\\/lorgie-litteraire-de-max-lobe\\\/\",\"name\":\"L\u2019orgie litt\u00e9raire de Max Lobe\",\"isPartOf\":{\"@id\":\"https:\\\/\\\/leregardlibre.com\\\/#website\"},\"primaryImageOfPage\":{\"@id\":\"https:\\\/\\\/leregardlibre.com\\\/litterature\\\/lorgie-litteraire-de-max-lobe\\\/#primaryimage\"},\"image\":{\"@id\":\"https:\\\/\\\/leregardlibre.com\\\/litterature\\\/lorgie-litteraire-de-max-lobe\\\/#primaryimage\"},\"thumbnailUrl\":\"https:\\\/\\\/leregardlibre.com\\\/wp-content\\\/uploads\\\/2021\\\/01\\\/NAK-0745-scaled.jpg\",\"datePublished\":\"2021-01-12T08:45:06+00:00\",\"dateModified\":\"2022-09-25T14:09:28+00:00\",\"breadcrumb\":{\"@id\":\"https:\\\/\\\/leregardlibre.com\\\/litterature\\\/lorgie-litteraire-de-max-lobe\\\/#breadcrumb\"},\"inLanguage\":\"de\",\"potentialAction\":[{\"@type\":\"ReadAction\",\"target\":[\"https:\\\/\\\/leregardlibre.com\\\/litterature\\\/lorgie-litteraire-de-max-lobe\\\/\"]}]},{\"@type\":\"ImageObject\",\"inLanguage\":\"de\",\"@id\":\"https:\\\/\\\/leregardlibre.com\\\/litterature\\\/lorgie-litteraire-de-max-lobe\\\/#primaryimage\",\"url\":\"https:\\\/\\\/leregardlibre.com\\\/wp-content\\\/uploads\\\/2021\\\/01\\\/NAK-0745-scaled.jpg\",\"contentUrl\":\"https:\\\/\\\/leregardlibre.com\\\/wp-content\\\/uploads\\\/2021\\\/01\\\/NAK-0745-scaled.jpg\",\"width\":2560,\"height\":1707,\"caption\":\"Gen\u00e8ve, Suisse, 6 janvier 2021. L'\u00e9crivain suisso-camerounais Max Lob\u00e9. \u00a9 Niels Ackermann \\\/ Lundi13\"},{\"@type\":\"BreadcrumbList\",\"@id\":\"https:\\\/\\\/leregardlibre.com\\\/litterature\\\/lorgie-litteraire-de-max-lobe\\\/#breadcrumb\",\"itemListElement\":[{\"@type\":\"ListItem\",\"position\":1,\"name\":\"Accueil\",\"item\":\"https:\\\/\\\/leregardlibre.com\\\/\"},{\"@type\":\"ListItem\",\"position\":2,\"name\":\"L\u2019orgie litt\u00e9raire de Max Lobe\"}]},{\"@type\":\"WebSite\",\"@id\":\"https:\\\/\\\/leregardlibre.com\\\/#website\",\"url\":\"https:\\\/\\\/leregardlibre.com\\\/\",\"name\":\"Le Regard Libre\",\"description\":\"Premier mensuel suisse de d\u00e9bat\",\"publisher\":{\"@id\":\"https:\\\/\\\/leregardlibre.com\\\/#organization\"},\"potentialAction\":[{\"@type\":\"SearchAction\",\"target\":{\"@type\":\"EntryPoint\",\"urlTemplate\":\"https:\\\/\\\/leregardlibre.com\\\/?s={search_term_string}\"},\"query-input\":{\"@type\":\"PropertyValueSpecification\",\"valueRequired\":true,\"valueName\":\"search_term_string\"}}],\"inLanguage\":\"de\"},{\"@type\":\"Organization\",\"@id\":\"https:\\\/\\\/leregardlibre.com\\\/#organization\",\"name\":\"Le Regard Libre\",\"url\":\"https:\\\/\\\/leregardlibre.com\\\/\",\"logo\":{\"@type\":\"ImageObject\",\"inLanguage\":\"de\",\"@id\":\"https:\\\/\\\/leregardlibre.com\\\/#\\\/schema\\\/logo\\\/image\\\/\",\"url\":\"https:\\\/\\\/leregardlibre.com\\\/wp-content\\\/uploads\\\/2025\\\/08\\\/logo-rl-icone-neg.jpeg\",\"contentUrl\":\"https:\\\/\\\/leregardlibre.com\\\/wp-content\\\/uploads\\\/2025\\\/08\\\/logo-rl-icone-neg.jpeg\",\"width\":557,\"height\":556,\"caption\":\"Le Regard Libre\"},\"image\":{\"@id\":\"https:\\\/\\\/leregardlibre.com\\\/#\\\/schema\\\/logo\\\/image\\\/\"},\"sameAs\":[\"https:\\\/\\\/www.facebook.com\\\/leregardlibre\\\/\",\"https:\\\/\\\/x.com\\\/LeRegardLibre\",\"https:\\\/\\\/www.linkedin.com\\\/company\\\/le-regard-libre\",\"https:\\\/\\\/www.instagram.com\\\/leregardlibre\\\/\",\"http:\\\/\\\/t.me\\\/leregardlibre\",\"https:\\\/\\\/youtube.com\\\/channel\\\/UC6HzGPomj1LsUmlz-sJtITQ\"],\"description\":\"Le Regard Libre est un mensuel suisse de d\u00e9bat intellectuel et culturel. Sa r\u00e9daction est jeune, b\u00e9n\u00e9vole, lib\u00e9rale et pluraliste. Le magazine para\u00eet en ligne et sous forme papier. Sa langue est le fran\u00e7ais.\",\"email\":\"redaction@leregardlibre.com\",\"legalName\":\"Le Regard Libre\",\"foundingDate\":\"2014-01-01\",\"numberOfEmployees\":{\"@type\":\"QuantitativeValue\",\"minValue\":\"11\",\"maxValue\":\"50\"},\"publishingPrinciples\":\"https:\\\/\\\/leregardlibre.com\\\/a-propos\\\/notre-manifeste\\\/\",\"ownershipFundingInfo\":\"https:\\\/\\\/leregardlibre.com\\\/mentions-legales\\\/\",\"actionableFeedbackPolicy\":\"https:\\\/\\\/leregardlibre.com\\\/conditions-generales-de-vente\\\/\"},{\"@type\":\"Person\",\"@id\":\"https:\\\/\\\/leregardlibre.com\\\/#\\\/schema\\\/person\\\/bfe5aa794a23be71485d60e2d93ec0d2\",\"name\":\"Jonas Follonier\",\"image\":{\"@type\":\"ImageObject\",\"inLanguage\":\"de\",\"@id\":\"https:\\\/\\\/secure.gravatar.com\\\/avatar\\\/602060b40f6a458420c2d140f49b6caea99152ce6704f2c332e5a0c5aad80303?s=96&d=identicon&r=g\",\"url\":\"https:\\\/\\\/secure.gravatar.com\\\/avatar\\\/602060b40f6a458420c2d140f49b6caea99152ce6704f2c332e5a0c5aad80303?s=96&d=identicon&r=g\",\"contentUrl\":\"https:\\\/\\\/secure.gravatar.com\\\/avatar\\\/602060b40f6a458420c2d140f49b6caea99152ce6704f2c332e5a0c5aad80303?s=96&d=identicon&r=g\",\"caption\":\"Jonas Follonier\"},\"description\":\"Correspondant au Palais f\u00e9d\u00e9ral pour \u00abL\u2019Agefi\u00bb, auteur-compositeur-interpr\u00e8te et essayiste, Jonas Follonier est le fondateur et r\u00e9dacteur en chef du \u00abRegard Libre\u00bb.\",\"sameAs\":[\"https:\\\/\\\/www.facebook.com\\\/jonas.follonier\\\/\",\"https:\\\/\\\/www.instagram.com\\\/jonasfollonier\\\/\",\"https:\\\/\\\/www.linkedin.com\\\/in\\\/jonasfollonier\\\/\",\"https:\\\/\\\/fr.wikipedia.org\\\/wiki\\\/Le_Regard_libre\"],\"url\":\"https:\\\/\\\/leregardlibre.com\\\/de\\\/author\\\/jonas-follonier\\\/\"}]}<\/script>\n<!-- \/ Yoast SEO Premium plugin. -->","yoast_head_json":{"title":"Die literarische Orgie von Max Lobe","robots":{"index":"index","follow":"follow","max-snippet":"max-snippet:-1","max-image-preview":"max-image-preview:large","max-video-preview":"max-video-preview:-1"},"canonical":"https:\/\/leregardlibre.com\/de\/literatur\/lorgie-litteraire-de-max-lobe\/","og_locale":"de_DE","og_type":"article","og_title":"L\u2019orgie litt\u00e9raire de Max Lobe","og_description":"Il publie \"La Promesse de Sa Phall'Excellence\"","og_url":"https:\/\/leregardlibre.com\/de\/literatur\/lorgie-litteraire-de-max-lobe\/","og_site_name":"Le Regard Libre","article_publisher":"https:\/\/www.facebook.com\/leregardlibre\/","article_author":"https:\/\/www.facebook.com\/jonas.follonier\/","article_published_time":"2021-01-12T08:45:06+00:00","article_modified_time":"2022-09-25T14:09:28+00:00","og_image":[{"width":2560,"height":1707,"url":"https:\/\/leregardlibre.com\/wp-content\/uploads\/2021\/01\/NAK-0745-scaled.jpg","type":"image\/jpeg"}],"author":"Jonas Follonier","twitter_card":"summary_large_image","twitter_creator":"@LeRegardLibre","twitter_site":"@LeRegardLibre","twitter_misc":{"Verfasst von":"Jonas Follonier","Gesch\u00e4tzte Lesezeit":"7\u00a0Minuten"},"schema":{"@context":"https:\/\/schema.org","@graph":[{"@type":"Article","@id":"https:\/\/leregardlibre.com\/litterature\/lorgie-litteraire-de-max-lobe\/#article","isPartOf":{"@id":"https:\/\/leregardlibre.com\/litterature\/lorgie-litteraire-de-max-lobe\/"},"author":{"name":"Jonas Follonier","@id":"https:\/\/leregardlibre.com\/#\/schema\/person\/bfe5aa794a23be71485d60e2d93ec0d2"},"headline":"L\u2019orgie litt\u00e9raire de Max Lobe","datePublished":"2021-01-12T08:45:06+00:00","dateModified":"2022-09-25T14:09:28+00:00","mainEntityOfPage":{"@id":"https:\/\/leregardlibre.com\/litterature\/lorgie-litteraire-de-max-lobe\/"},"wordCount":1192,"commentCount":0,"publisher":{"@id":"https:\/\/leregardlibre.com\/#organization"},"image":{"@id":"https:\/\/leregardlibre.com\/litterature\/lorgie-litteraire-de-max-lobe\/#primaryimage"},"thumbnailUrl":"https:\/\/leregardlibre.com\/wp-content\/uploads\/2021\/01\/NAK-0745-scaled.jpg","keywords":["Afrique","Critique litt\u00e9raire","Ecriture inclusive","Fran\u00e7ois Rabelais","Gen\u00e8ve","Genre","kamel daoud","langage","max lobe","orgie","Sexe biologique"],"articleSection":["Litt\u00e9rature"],"inLanguage":"de","potentialAction":[{"@type":"CommentAction","name":"Comment","target":["https:\/\/leregardlibre.com\/litterature\/lorgie-litteraire-de-max-lobe\/#respond"]}]},{"@type":"WebPage","@id":"https:\/\/leregardlibre.com\/litterature\/lorgie-litteraire-de-max-lobe\/","url":"https:\/\/leregardlibre.com\/litterature\/lorgie-litteraire-de-max-lobe\/","name":"Die literarische Orgie von Max Lobe","isPartOf":{"@id":"https:\/\/leregardlibre.com\/#website"},"primaryImageOfPage":{"@id":"https:\/\/leregardlibre.com\/litterature\/lorgie-litteraire-de-max-lobe\/#primaryimage"},"image":{"@id":"https:\/\/leregardlibre.com\/litterature\/lorgie-litteraire-de-max-lobe\/#primaryimage"},"thumbnailUrl":"https:\/\/leregardlibre.com\/wp-content\/uploads\/2021\/01\/NAK-0745-scaled.jpg","datePublished":"2021-01-12T08:45:06+00:00","dateModified":"2022-09-25T14:09:28+00:00","breadcrumb":{"@id":"https:\/\/leregardlibre.com\/litterature\/lorgie-litteraire-de-max-lobe\/#breadcrumb"},"inLanguage":"de","potentialAction":[{"@type":"ReadAction","target":["https:\/\/leregardlibre.com\/litterature\/lorgie-litteraire-de-max-lobe\/"]}]},{"@type":"ImageObject","inLanguage":"de","@id":"https:\/\/leregardlibre.com\/litterature\/lorgie-litteraire-de-max-lobe\/#primaryimage","url":"https:\/\/leregardlibre.com\/wp-content\/uploads\/2021\/01\/NAK-0745-scaled.jpg","contentUrl":"https:\/\/leregardlibre.com\/wp-content\/uploads\/2021\/01\/NAK-0745-scaled.jpg","width":2560,"height":1707,"caption":"Gen\u00e8ve, Suisse, 6 janvier 2021. L'\u00e9crivain suisso-camerounais Max Lob\u00e9. \u00a9 Niels Ackermann \/ Lundi13"},{"@type":"BreadcrumbList","@id":"https:\/\/leregardlibre.com\/litterature\/lorgie-litteraire-de-max-lobe\/#breadcrumb","itemListElement":[{"@type":"ListItem","position":1,"name":"Accueil","item":"https:\/\/leregardlibre.com\/"},{"@type":"ListItem","position":2,"name":"L\u2019orgie litt\u00e9raire de Max Lobe"}]},{"@type":"WebSite","@id":"https:\/\/leregardlibre.com\/#website","url":"https:\/\/leregardlibre.com\/","name":"Le Regard Libre","description":"Erste Schweizer Monatszeitschrift f\u00fcr Debatten","publisher":{"@id":"https:\/\/leregardlibre.com\/#organization"},"potentialAction":[{"@type":"SearchAction","target":{"@type":"EntryPoint","urlTemplate":"https:\/\/leregardlibre.com\/?s={search_term_string}"},"query-input":{"@type":"PropertyValueSpecification","valueRequired":true,"valueName":"search_term_string"}}],"inLanguage":"de"},{"@type":"Organization","@id":"https:\/\/leregardlibre.com\/#organization","name":"Le Regard Libre","url":"https:\/\/leregardlibre.com\/","logo":{"@type":"ImageObject","inLanguage":"de","@id":"https:\/\/leregardlibre.com\/#\/schema\/logo\/image\/","url":"https:\/\/leregardlibre.com\/wp-content\/uploads\/2025\/08\/logo-rl-icone-neg.jpeg","contentUrl":"https:\/\/leregardlibre.com\/wp-content\/uploads\/2025\/08\/logo-rl-icone-neg.jpeg","width":557,"height":556,"caption":"Le Regard Libre"},"image":{"@id":"https:\/\/leregardlibre.com\/#\/schema\/logo\/image\/"},"sameAs":["https:\/\/www.facebook.com\/leregardlibre\/","https:\/\/x.com\/LeRegardLibre","https:\/\/www.linkedin.com\/company\/le-regard-libre","https:\/\/www.instagram.com\/leregardlibre\/","http:\/\/t.me\/leregardlibre","https:\/\/youtube.com\/channel\/UC6HzGPomj1LsUmlz-sJtITQ"],"description":"Le Regard Libre ist eine Schweizer Monatszeitschrift f\u00fcr intellektuelle und kulturelle Debatten. Seine Redaktion ist jung, ehrenamtlich, liberal und pluralistisch. Das Magazin erscheint online und in gedruckter Form. Seine Sprache ist Franz\u00f6sisch.","email":"redaction@leregardlibre.com","legalName":"Le Regard Libre","foundingDate":"2014-01-01","numberOfEmployees":{"@type":"QuantitativeValue","minValue":"11","maxValue":"50"},"publishingPrinciples":"https:\/\/leregardlibre.com\/a-propos\/notre-manifeste\/","ownershipFundingInfo":"https:\/\/leregardlibre.com\/mentions-legales\/","actionableFeedbackPolicy":"https:\/\/leregardlibre.com\/conditions-generales-de-vente\/"},{"@type":"Person","@id":"https:\/\/leregardlibre.com\/#\/schema\/person\/bfe5aa794a23be71485d60e2d93ec0d2","name":"Jonas Follonier","image":{"@type":"ImageObject","inLanguage":"de","@id":"https:\/\/secure.gravatar.com\/avatar\/602060b40f6a458420c2d140f49b6caea99152ce6704f2c332e5a0c5aad80303?s=96&d=identicon&r=g","url":"https:\/\/secure.gravatar.com\/avatar\/602060b40f6a458420c2d140f49b6caea99152ce6704f2c332e5a0c5aad80303?s=96&d=identicon&r=g","contentUrl":"https:\/\/secure.gravatar.com\/avatar\/602060b40f6a458420c2d140f49b6caea99152ce6704f2c332e5a0c5aad80303?s=96&d=identicon&r=g","caption":"Jonas Follonier"},"description":"Bundeshauskorrespondent f\u00fcr \u00abL'Agefi\u00bb, Singer-Songwriter, Jonas Follonier ist Gr\u00fcnder und Chefredakteur von \u00abRegard Libre\u00bb.","sameAs":["https:\/\/www.facebook.com\/jonas.follonier\/","https:\/\/www.instagram.com\/jonasfollonier\/","https:\/\/www.linkedin.com\/in\/jonasfollonier\/","https:\/\/fr.wikipedia.org\/wiki\/Le_Regard_libre"],"url":"https:\/\/leregardlibre.com\/de\/author\/jonas-follonier\/"}]}},"_links":{"self":[{"href":"https:\/\/leregardlibre.com\/de\/wp-json\/wp\/v2\/posts\/37869","targetHints":{"allow":["GET"]}}],"collection":[{"href":"https:\/\/leregardlibre.com\/de\/wp-json\/wp\/v2\/posts"}],"about":[{"href":"https:\/\/leregardlibre.com\/de\/wp-json\/wp\/v2\/types\/post"}],"author":[{"embeddable":true,"href":"https:\/\/leregardlibre.com\/de\/wp-json\/wp\/v2\/users\/138"}],"replies":[{"embeddable":true,"href":"https:\/\/leregardlibre.com\/de\/wp-json\/wp\/v2\/comments?post=37869"}],"version-history":[{"count":1,"href":"https:\/\/leregardlibre.com\/de\/wp-json\/wp\/v2\/posts\/37869\/revisions"}],"predecessor-version":[{"id":511031,"href":"https:\/\/leregardlibre.com\/de\/wp-json\/wp\/v2\/posts\/37869\/revisions\/511031"}],"wp:featuredmedia":[{"embeddable":true,"href":"https:\/\/leregardlibre.com\/de\/wp-json\/wp\/v2\/media\/37873"}],"wp:attachment":[{"href":"https:\/\/leregardlibre.com\/de\/wp-json\/wp\/v2\/media?parent=37869"}],"wp:term":[{"taxonomy":"category","embeddable":true,"href":"https:\/\/leregardlibre.com\/de\/wp-json\/wp\/v2\/categories?post=37869"},{"taxonomy":"post_tag","embeddable":true,"href":"https:\/\/leregardlibre.com\/de\/wp-json\/wp\/v2\/tags?post=37869"}],"curies":[{"name":"wp","href":"https:\/\/api.w.org\/{rel}","templated":true}]}}