{"id":38282,"date":"2021-02-02T06:00:00","date_gmt":"2021-02-02T05:00:00","guid":{"rendered":"https:\/\/leregardlibre.com\/?p=38282"},"modified":"2022-11-13T14:51:28","modified_gmt":"2022-11-13T13:51:28","slug":"belladone-subir-apprendre-puis-grandir","status":"publish","type":"post","link":"https:\/\/leregardlibre.com\/de\/literatur\/belladone-subir-apprendre-puis-grandir\/","title":{"rendered":"\u00abBelladonna\u00bb: Erleiden, lernen und dann erwachsen werden"},"content":{"rendered":"<p><em>B\u00fccher am Dienstag - Ana\u00efs Sierro<\/em><\/p>\n\n\n\n<p class=\"has-drop-cap has-text-align-left\"><strong>Nach einer Maturaarbeit \u00fcber die Tollkirsche und ihre faszinierende Dualit\u00e4t: heilen oder t\u00f6ten, hat mich der Titel dieses Buches angezogen. Die Wirkung des Wirkstoffs Atropin ist mir bekannt. Theoretisch. Doch nun schlug mir Herv\u00e9 Bougel mit diesem einfachen, aber zweideutigen Titel vor, sie auch auf menschlicher Ebene kennenzulernen. Die Auswirkungen auf ein Umfeld, die durch und mit den Augen eines Kindes, des Autors, erlebt werden. Ein Autor, der \u00fcbrigens in der breiten \u00d6ffentlichkeit kaum bekannt ist.<\/strong><\/p>\n\n\n\n<!--more Lire la suite de la critique (en libre acc\u00e8s)-->\n\n\n\n<p class=\"has-text-align-left\">Autodidacte et sans \u00abdipl\u00f4mes\u00bb, le jeune Herv\u00e9 Bougel s\u2019est form\u00e9 par la suite tant professionnellement que personnellement. Educateur socio-culturel, biblioth\u00e9caire et formateur, ces dipl\u00f4mes se sont amen\u00e9s \u00e0 lui plus tardivement. En revanche, l\u2019\u00e9criture l\u2019a toujours suivi. Auteur \u00e0 ce jour de plusieurs recueils de po\u00e9sie et de chroniques, puis fondateur des \u00e9ditions de po\u00e9sie contemporaine Pr\u00e9#Carr\u00e9, il signe avec <em>Belladone<\/em>, non pas son premier roman, mais le premier aux accents autobiographiques. L\u2019enfance d\u2019Herv\u00e9 Bougel, pour ce dont on a connaissance, semble avoir \u00e9t\u00e9 tr\u00e8s proche de celle du personnage principal, anonyme. Un signe de pudeur? L\u2019hypoth\u00e8se nous apparait tangible.<\/p>\n\n\n\n<h3 class=\"wp-block-heading\">Belle dame, cette illusion<\/h3>\n\n\n\n<p class=\"has-text-align-left\">Soyons honn\u00eate, la lecture de ce livre n\u2019est pas une ballade de sant\u00e9, les oiseaux chantants, pr\u00e8s des champs fleurissants du printemps. Tout est annonc\u00e9 dans le titre: la peur, l\u2019abus, l\u2019agonie et surtout la mort. Aucune surprise donc, mais une claque, m\u00eame pr\u00e9venus.<br><br>Herv\u00e9 Bougel nous conte une semaine de l\u2019enfance d\u2019un pr\u00e9-ado, une seule. Peut-\u00eatre celle qui r\u00e9sume tout, qui raconte tout. Certainement, celle qui avoue tout. Car le jeune enfant a beaucoup appris. A \u00ab<em>conna\u00eetre la vie\u00bb, <\/em>mais surtout \u00e0 se taire. Alors ce livre sonne comme la d\u00e9livrance, l\u2019aveu, la parole d\u00e9li\u00e9e, celle-l\u00e0 m\u00eame si souvent refoul\u00e9e par obligation. L\u2019aveu d\u2019un enfant devenu adulte, mais o\u00f9 le pr\u00e9c\u00e9dent hurle encore de ses indigestions.<\/p>\n\n\n\n<blockquote class=\"wp-block-quote has-text-align-left is-layout-flow wp-block-quote-is-layout-flow\"><p>Je savais que tout \u00e9tait vrai, mais je ne pouvais rien dire. Je ne savais pas le dire. Je ne savais pas comment le dire. Je m\u2019en voulais de ne pas parler, mais j\u2019avais peur, j\u2019avais peur de mon fr\u00e8re, j\u2019avais peur de parler. J\u2019avais peur de ma m\u00e8re, des gifles de ma m\u00e8re. Pas de celles qu\u2019elle pourrait me donner, mais de ce que c\u2019\u00e9tait que ces gifles. C\u2019\u00e9taient des gifles pour tuer les mots.<\/p><\/blockquote>\n\n\n\n\n\n<h3 class=\"wp-block-heading\">Poison actif<\/h3>\n\n\n\n<p class=\"has-text-align-left\">Oui, car le poison est factuel. L\u2019abus d\u2019alcool et des cachets de belladone du p\u00e8re, la maladie psychique de la m\u00e8re, les crimes du boucher derri\u00e8re le mur de la cuisine, la col\u00e8re du fr\u00e8re ou la d\u00e9tresse silencieuse de la s\u0153ur. Il est l\u00e0, bien pr\u00e9sent, omnipr\u00e9sent. Il p\u00e9n\u00e8tre les corps, les esprits. Il les ronge et en prend peu \u00e0 peu enti\u00e8re possession. Il domine et agit. Il am\u00e8ne le p\u00e8re aux nombreuses tentatives de suicides, la m\u00e8re \u00e0 l\u2019apathie destructrice, le fr\u00e8re \u00e0 la violence et la s\u0153ur au mutisme mortel. Rien ne peut contrer tel poison, lorsque la victime n\u2019a force que de l\u2019accepter. Accepter ses effets, ses ravages, accepter son emprise et son viol, accepter son issue. Unique et fatale issue: le poison de la vie qui l\u2019asphyxie.<\/p>\n\n\n\n<form method=\"post\" action=\"https:\/\/newsletter.infomaniak.com\/external\/submit\" class=\"inf-form\" target=\"_blank\"><input type=\"email\" name=\"email\" style=\"display:none\" \/><input type=\"hidden\" name=\"key\" value=\"eyJpdiI6IlZXRVJGMlRGQUU2alNqUE81bitIUk5adnNVa0c4MllFTStzOHdHT1FQZ3c9IiwidmFsdWUiOiJIYzhwMUVCK1pTNnlhY3MyMmhuZlhReWJqemEwNk93blMxTjFHc0s2VHZrPSIsIm1hYyI6ImVhYTQ5N2I1M2NiYWE4NzBmNjk2NzgzYjliM2Y5NmYzM2E2ZmU3NGQxNTU1ZDFkMTU1MzY5NTdjYjE3ZTJmNTUifQ==\" \/><input type=\"hidden\" name=\"webform_id\" value=\"7291\" \/><style> .inf-main_3000311ca56a1cb93397bc676c0b7fff{ background-color:#f5f5f5; padding:25px 20px; margin:25px auto; } .inf-main_3000311ca56a1cb93397bc676c0b7fff .inf-content { margin-top:13px;} .inf-main_3000311ca56a1cb93397bc676c0b7fff h4, .inf-main_3000311ca56a1cb93397bc676c0b7fff span, .inf-main_3000311ca56a1cb93397bc676c0b7fff label, .inf-main_3000311ca56a1cb93397bc676c0b7fff input, .inf-main_3000311ca56a1cb93397bc676c0b7fff .inf-submit, .inf-main_3000311ca56a1cb93397bc676c0b7fff .inf-success p a { color:#555555; font-size:14px; } .inf-main_3000311ca56a1cb93397bc676c0b7fff h4{ font-size:18px; margin:0px 0px 13px 0px; } .inf-main_3000311ca56a1cb93397bc676c0b7fff h4, .inf-main_3000311ca56a1cb93397bc676c0b7fff label{ font-weight:bold; } .inf-main_3000311ca56a1cb93397bc676c0b7fff .inf-input { margin-bottom:7px; } .inf-main_3000311ca56a1cb93397bc676c0b7fff label { display:block;} .inf-main_3000311ca56a1cb93397bc676c0b7fff input{ height:35px; color:#999999; border: 1px solid #E9E9E9; border:none; padding-left:7px; } .inf-main_3000311ca56a1cb93397bc676c0b7fff .inf-input.inf-error label, .inf-main_3000311ca56a1cb93397bc676c0b7fff .inf-input.inf-error span.inf-message{ color: #cc0033; } .inf-main_3000311ca56a1cb93397bc676c0b7fff .inf-input.inf-error input{ border: 1px solid #cc0033; } .inf-main_3000311ca56a1cb93397bc676c0b7fff .inf-input input { width:100%;} .inf-main_3000311ca56a1cb93397bc676c0b7fff .inf-input.inf-error span.inf-message { display: block; } .inf-main_3000311ca56a1cb93397bc676c0b7fff .inf-submit { text-align:right;} .inf-main_3000311ca56a1cb93397bc676c0b7fff .inf-submit input{ background-color:#777777; color:#ffffff; border:none; font-weight: normal; height:auto; padding:7px; } .inf-main_3000311ca56a1cb93397bc676c0b7fff .inf-submit input.disabled{ opacity: 0.4; } .inf-btn { color: rgb(85, 85, 85); border: medium none; font-weight: normal; height: auto; padding: 7px; display: inline-block; background-color: white; box-shadow: 0px 1px 1px rgba(0, 0, 0, 0.24); border-radius: 2px; line-height: 1em; } .inf-rgpd { margin:25px 0px 15px 0px; color:#555555; } <\/style> <div class=\"inf-main_3000311ca56a1cb93397bc676c0b7fff\"> <h4>NEWSLETTER DES FREIEN BLICKS<\/h4> <span>Erhalten Sie unsere Artikel jeden Sonntag.<\/span> <div class=\"inf-success\" style=\"display:none\"> <h4>Ihre Anmeldung f\u00fcr unseren w\u00f6chentlichen Newsletter wurde erfolgreich registriert!<\/h4> <p> <a href=\"#\" class=\"inf-btn\">\u00ab<\/a> <\/p> <\/div> <div class=\"inf-content\"> <div class=\"inf-input inf-input-text\"> <input type=\"text\" name=\"inf[1]\" data-inf-meta=\"1\" data-inf-error=\"Merci de renseigner une adresse email\" required=\"required\" placeholder=\"E-Mail\" \/> <\/div> <div class=\"inf-submit\"> <input type=\"submit\" name=\"\" value=\"Anmelden\" \/> <\/div> <\/div> <\/div> <\/form>\n\n\n\n<h3 class=\"wp-block-heading\">Poison passif<\/h3>\n\n\n\n<p class=\"has-text-align-left\">Mais le poison est tout autant vil lorsqu\u2019il est consomm\u00e9 passivement. Ce poison de l\u2019h\u00e9ritage. Il est celui que l\u2019on n\u2019a pas le choix de gober, d\u2019entendre, d\u2019apprendre et d\u2019accepter. Celui que l\u2019on n\u2019arrive pas \u00e0 comprendre, celui que l\u2019on souhaite ignorer, celui dont on a peur, celui qui hante nos jours et nos affreuses insomnies. Celui qui se trouve dans le sang des b\u00eates \u00e9nuqu\u00e9es, dans le corps d\u2019un p\u00e8re cadav\u00e9reux sur le canap\u00e9, dans les mots et phrases assassines d\u2019une m\u00e8re d\u00e9pass\u00e9e, dans les gestes d\u2019un grand fr\u00e8re enrag\u00e9 et dans le silence morne d\u2019une s\u0153ur atrophi\u00e9e. Il est partout autour d\u2019un enfant qui ne demande rien d\u2019autre que de vivre, apprendre et grandir. Mais comment grandir sereinement lorsque l\u2019on est instruit \u00e0 l\u2019empoisonnement? Comment se construire lorsque l\u2019on doit lutter contre un parasite puissant? Comment \u00eatre et demeurer simplement un enfant?<\/p>\n\n\n\n<blockquote class=\"wp-block-quote has-text-align-left is-layout-flow wp-block-quote-is-layout-flow\"><p>Notre p\u00e8re se suicide, nous en avons l\u2019habitude, nous connaissons ses manies. L\u2019hiver pass\u00e9, il \u00e9tait en maison de repos. Un samedi, il est rentr\u00e9 \u00e0 la maison le poignet gauche band\u00e9. Il avait tent\u00e9 de s\u2019ouvrir les veines sous la douche. \u00c7a va plus vite avec de l\u2019eau chaude, a expliqu\u00e9 notre m\u00e8re, \u00e7a active la circulation du sang. <\/p><\/blockquote>\n\n\n\n<p class=\"has-text-align-left\">Il y a des livres qui \u00e9duquent, d\u2019autres qui divertissent, certains qui attristent et d\u2019autres qui claquent. <em>Belladone<\/em> fait partie de la derni\u00e8re cat\u00e9gorie. Rien de nouveau \u00e0 sa lecture: le titre raconte tout. Mais c\u2019est la conscience d\u2019une existence qui touche. Une autre r\u00e9alit\u00e9 ou le souvenir des parts de la sienne, mais une r\u00e9alit\u00e9 qui nous quitte ind\u00e9niablement avec ces mots: subir et apprendre, apprendre \u00e0 subir\u2026 dites-moi seulement ensuite comment grandir, comment continuer \u00e0 vivre?<\/p>\n\n\n\n<blockquote class=\"wp-block-quote has-text-align-left is-layout-flow wp-block-quote-is-layout-flow\"><p><em>Je me suis souvenu qu\u2019elle avait d\u00e9sir\u00e9 ma mort, avant m\u00eame l\u2019heure de ma naissance : J\u2019ai tout fait pour me d\u00e9barrasser de toi ! J\u2019ai tout essay\u00e9 pour te faire passer, mais tu tenais ! Tu \u00e9tais bien accroch\u00e9 ! Moi, j\u2019\u00e9tais fier d\u2019avoir r\u00e9sist\u00e9, d\u2019avoir tenu, d\u2019\u00eatre l\u00e0, en vie. <\/em><\/p><\/blockquote>\n\n\n\n<p><em>Schreiben Sie der Autorin:&nbsp;<a href=\"mailto:anais.sierro@leregardlibre.com\">anais.sierro@leregardlibre.com<\/a><\/em><br \/><br \/>Cr\u00e9dit Photo: Briana Swank &#8211; Pexels<\/p>\n\n\n\n<div class=\"wp-block-media-text alignwide is-stacked-on-mobile\"><figure class=\"wp-block-media-text__media\"><img fetchpriority=\"high\" decoding=\"async\" width=\"248\" height=\"364\" src=\"http:\/\/leregardlibre.com\/wp-content\/uploads\/2021\/02\/BELLA.jpeg\" alt=\"\" class=\"wp-image-38293 size-full\" srcset=\"https:\/\/leregardlibre.com\/wp-content\/uploads\/2021\/02\/BELLA.jpeg 248w, https:\/\/leregardlibre.com\/wp-content\/uploads\/2021\/02\/BELLA-204x300.jpeg 204w, https:\/\/leregardlibre.com\/wp-content\/uploads\/2021\/02\/BELLA-102x150.jpeg 102w\" sizes=\"(max-width: 248px) 100vw, 248px\" \/><\/figure><div class=\"wp-block-media-text__content\">\n<p style=\"font-size:18px\"><strong>Herv\u00e9 Bougel <br \/><em>Belladone<\/em><br \/>Editions Buchet-Chastel<br \/>2021<br \/>138 Seiten<\/strong><\/p>\n\n\n\n<div class=\"wp-block-buttons is-layout-flex wp-block-buttons-is-layout-flex\">\n<div class=\"wp-block-button\"><a class=\"wp-block-button__link\" href=\"https:\/\/www.payot.ch\/Detail\/belladone-herve_bougel_-9782283033111\">Commander Le Livre<\/a><\/div>\n<\/div>\n<\/div><\/div>","protected":false},"excerpt":{"rendered":"<p>\u00abBelladonna\u00bb geh\u00f6rt zu den B\u00fcchern, die klatschen.<\/p>","protected":false},"author":82,"featured_media":38291,"comment_status":"open","ping_status":"closed","sticky":false,"template":"","format":"standard","meta":{"_acf_changed":false,"footnotes":""},"categories":[20663],"tags":[443770,644356040,54879,644356039,277140,1532851,644356043,644356045,38542],"class_list":["post-38282","post","type-post","status-publish","format-standard","has-post-thumbnail","hentry","category-litterature","tag-autobiographie","tag-belladone","tag-critiques-litteraires","tag-herve-bougel","tag-litterature-francaise","tag-litterature-francophone","tag-poison","tag-resilience","tag-roman"],"acf":[],"yoast_head":"<!-- This site is optimized with the Yoast SEO Premium plugin v27.4 (Yoast SEO v27.4) - https:\/\/yoast.com\/product\/yoast-seo-premium-wordpress\/ -->\n<title>\u00abBelladone\u00bb: subir, apprendre, puis grandir<\/title>\n<meta name=\"robots\" content=\"index, follow, max-snippet:-1, max-image-preview:large, max-video-preview:-1\" \/>\n<link rel=\"canonical\" href=\"https:\/\/leregardlibre.com\/de\/literatur\/belladone-subir-apprendre-puis-grandir\/\" \/>\n<meta property=\"og:locale\" content=\"de_DE\" \/>\n<meta property=\"og:type\" content=\"article\" \/>\n<meta property=\"og:title\" content=\"\u00abBelladone\u00bb: subir, apprendre, puis grandir\" \/>\n<meta property=\"og:description\" content=\"\u00abBelladone\u00bb fait partie des livres qui claquent.\" \/>\n<meta property=\"og:url\" content=\"https:\/\/leregardlibre.com\/de\/literatur\/belladone-subir-apprendre-puis-grandir\/\" \/>\n<meta property=\"og:site_name\" content=\"Le Regard Libre\" \/>\n<meta property=\"article:publisher\" content=\"https:\/\/www.facebook.com\/leregardlibre\/\" \/>\n<meta property=\"article:published_time\" content=\"2021-02-02T05:00:00+00:00\" \/>\n<meta property=\"article:modified_time\" content=\"2022-11-13T13:51:28+00:00\" \/>\n<meta property=\"og:image\" content=\"https:\/\/leregardlibre.com\/wp-content\/uploads\/2021\/02\/Briana-Swank-Pexels-scaled.jpg\" \/>\n\t<meta property=\"og:image:width\" content=\"2560\" \/>\n\t<meta property=\"og:image:height\" content=\"2048\" \/>\n\t<meta property=\"og:image:type\" content=\"image\/jpeg\" \/>\n<meta name=\"author\" content=\"Ana\u00efs Sierro\" \/>\n<meta name=\"twitter:card\" content=\"summary_large_image\" \/>\n<meta name=\"twitter:creator\" content=\"@LeRegardLibre\" \/>\n<meta name=\"twitter:site\" content=\"@LeRegardLibre\" \/>\n<meta name=\"twitter:label1\" content=\"Verfasst von\" \/>\n\t<meta name=\"twitter:data1\" content=\"Ana\u00efs Sierro\" \/>\n\t<meta name=\"twitter:label2\" content=\"Gesch\u00e4tzte Lesezeit\" \/>\n\t<meta name=\"twitter:data2\" content=\"5\u00a0Minuten\" \/>\n<script type=\"application\/ld+json\" class=\"yoast-schema-graph\">{\"@context\":\"https:\\\/\\\/schema.org\",\"@graph\":[{\"@type\":\"Article\",\"@id\":\"https:\\\/\\\/leregardlibre.com\\\/litterature\\\/belladone-subir-apprendre-puis-grandir\\\/#article\",\"isPartOf\":{\"@id\":\"https:\\\/\\\/leregardlibre.com\\\/litterature\\\/belladone-subir-apprendre-puis-grandir\\\/\"},\"author\":{\"name\":\"Ana\u00efs Sierro\",\"@id\":\"https:\\\/\\\/leregardlibre.com\\\/#\\\/schema\\\/person\\\/f8e6c3ca4199e62b5403f23f5cff5ab6\"},\"headline\":\"\u00abBelladone\u00bb: subir, apprendre, puis grandir\",\"datePublished\":\"2021-02-02T05:00:00+00:00\",\"dateModified\":\"2022-11-13T13:51:28+00:00\",\"mainEntityOfPage\":{\"@id\":\"https:\\\/\\\/leregardlibre.com\\\/litterature\\\/belladone-subir-apprendre-puis-grandir\\\/\"},\"wordCount\":1019,\"commentCount\":0,\"publisher\":{\"@id\":\"https:\\\/\\\/leregardlibre.com\\\/#organization\"},\"image\":{\"@id\":\"https:\\\/\\\/leregardlibre.com\\\/litterature\\\/belladone-subir-apprendre-puis-grandir\\\/#primaryimage\"},\"thumbnailUrl\":\"https:\\\/\\\/leregardlibre.com\\\/wp-content\\\/uploads\\\/2021\\\/02\\\/Briana-Swank-Pexels-scaled.jpg\",\"keywords\":[\"Autobiographie\",\"belladone\",\"Critique litt\u00e9raire\",\"herv\u00e9 bougel\",\"Litt\u00e9rature fran\u00e7aise\",\"Litt\u00e9rature francophone\",\"poison\",\"r\u00e9silience\",\"Roman\"],\"articleSection\":[\"Litt\u00e9rature\"],\"inLanguage\":\"de\",\"potentialAction\":[{\"@type\":\"CommentAction\",\"name\":\"Comment\",\"target\":[\"https:\\\/\\\/leregardlibre.com\\\/litterature\\\/belladone-subir-apprendre-puis-grandir\\\/#respond\"]}]},{\"@type\":\"WebPage\",\"@id\":\"https:\\\/\\\/leregardlibre.com\\\/litterature\\\/belladone-subir-apprendre-puis-grandir\\\/\",\"url\":\"https:\\\/\\\/leregardlibre.com\\\/litterature\\\/belladone-subir-apprendre-puis-grandir\\\/\",\"name\":\"\u00abBelladone\u00bb: subir, apprendre, puis grandir\",\"isPartOf\":{\"@id\":\"https:\\\/\\\/leregardlibre.com\\\/#website\"},\"primaryImageOfPage\":{\"@id\":\"https:\\\/\\\/leregardlibre.com\\\/litterature\\\/belladone-subir-apprendre-puis-grandir\\\/#primaryimage\"},\"image\":{\"@id\":\"https:\\\/\\\/leregardlibre.com\\\/litterature\\\/belladone-subir-apprendre-puis-grandir\\\/#primaryimage\"},\"thumbnailUrl\":\"https:\\\/\\\/leregardlibre.com\\\/wp-content\\\/uploads\\\/2021\\\/02\\\/Briana-Swank-Pexels-scaled.jpg\",\"datePublished\":\"2021-02-02T05:00:00+00:00\",\"dateModified\":\"2022-11-13T13:51:28+00:00\",\"breadcrumb\":{\"@id\":\"https:\\\/\\\/leregardlibre.com\\\/litterature\\\/belladone-subir-apprendre-puis-grandir\\\/#breadcrumb\"},\"inLanguage\":\"de\",\"potentialAction\":[{\"@type\":\"ReadAction\",\"target\":[\"https:\\\/\\\/leregardlibre.com\\\/litterature\\\/belladone-subir-apprendre-puis-grandir\\\/\"]}]},{\"@type\":\"ImageObject\",\"inLanguage\":\"de\",\"@id\":\"https:\\\/\\\/leregardlibre.com\\\/litterature\\\/belladone-subir-apprendre-puis-grandir\\\/#primaryimage\",\"url\":\"https:\\\/\\\/leregardlibre.com\\\/wp-content\\\/uploads\\\/2021\\\/02\\\/Briana-Swank-Pexels-scaled.jpg\",\"contentUrl\":\"https:\\\/\\\/leregardlibre.com\\\/wp-content\\\/uploads\\\/2021\\\/02\\\/Briana-Swank-Pexels-scaled.jpg\",\"width\":2560,\"height\":2048},{\"@type\":\"BreadcrumbList\",\"@id\":\"https:\\\/\\\/leregardlibre.com\\\/litterature\\\/belladone-subir-apprendre-puis-grandir\\\/#breadcrumb\",\"itemListElement\":[{\"@type\":\"ListItem\",\"position\":1,\"name\":\"Accueil\",\"item\":\"https:\\\/\\\/leregardlibre.com\\\/\"},{\"@type\":\"ListItem\",\"position\":2,\"name\":\"\u00abBelladone\u00bb: subir, apprendre, puis grandir\"}]},{\"@type\":\"WebSite\",\"@id\":\"https:\\\/\\\/leregardlibre.com\\\/#website\",\"url\":\"https:\\\/\\\/leregardlibre.com\\\/\",\"name\":\"Le Regard Libre\",\"description\":\"Premier mensuel suisse de d\u00e9bat\",\"publisher\":{\"@id\":\"https:\\\/\\\/leregardlibre.com\\\/#organization\"},\"potentialAction\":[{\"@type\":\"SearchAction\",\"target\":{\"@type\":\"EntryPoint\",\"urlTemplate\":\"https:\\\/\\\/leregardlibre.com\\\/?s={search_term_string}\"},\"query-input\":{\"@type\":\"PropertyValueSpecification\",\"valueRequired\":true,\"valueName\":\"search_term_string\"}}],\"inLanguage\":\"de\"},{\"@type\":\"Organization\",\"@id\":\"https:\\\/\\\/leregardlibre.com\\\/#organization\",\"name\":\"Le Regard Libre\",\"url\":\"https:\\\/\\\/leregardlibre.com\\\/\",\"logo\":{\"@type\":\"ImageObject\",\"inLanguage\":\"de\",\"@id\":\"https:\\\/\\\/leregardlibre.com\\\/#\\\/schema\\\/logo\\\/image\\\/\",\"url\":\"https:\\\/\\\/leregardlibre.com\\\/wp-content\\\/uploads\\\/2025\\\/08\\\/logo-rl-icone-neg.jpeg\",\"contentUrl\":\"https:\\\/\\\/leregardlibre.com\\\/wp-content\\\/uploads\\\/2025\\\/08\\\/logo-rl-icone-neg.jpeg\",\"width\":557,\"height\":556,\"caption\":\"Le Regard Libre\"},\"image\":{\"@id\":\"https:\\\/\\\/leregardlibre.com\\\/#\\\/schema\\\/logo\\\/image\\\/\"},\"sameAs\":[\"https:\\\/\\\/www.facebook.com\\\/leregardlibre\\\/\",\"https:\\\/\\\/x.com\\\/LeRegardLibre\",\"https:\\\/\\\/www.linkedin.com\\\/company\\\/le-regard-libre\",\"https:\\\/\\\/www.instagram.com\\\/leregardlibre\\\/\",\"http:\\\/\\\/t.me\\\/leregardlibre\",\"https:\\\/\\\/youtube.com\\\/channel\\\/UC6HzGPomj1LsUmlz-sJtITQ\"],\"description\":\"Le Regard Libre est un mensuel suisse de d\u00e9bat intellectuel et culturel. Sa r\u00e9daction est jeune, b\u00e9n\u00e9vole, lib\u00e9rale et pluraliste. Le magazine para\u00eet en ligne et sous forme papier. Sa langue est le fran\u00e7ais.\",\"email\":\"redaction@leregardlibre.com\",\"legalName\":\"Le Regard Libre\",\"foundingDate\":\"2014-01-01\",\"numberOfEmployees\":{\"@type\":\"QuantitativeValue\",\"minValue\":\"11\",\"maxValue\":\"50\"},\"publishingPrinciples\":\"https:\\\/\\\/leregardlibre.com\\\/a-propos\\\/notre-manifeste\\\/\",\"ownershipFundingInfo\":\"https:\\\/\\\/leregardlibre.com\\\/mentions-legales\\\/\",\"actionableFeedbackPolicy\":\"https:\\\/\\\/leregardlibre.com\\\/conditions-generales-de-vente\\\/\"},{\"@type\":\"Person\",\"@id\":\"https:\\\/\\\/leregardlibre.com\\\/#\\\/schema\\\/person\\\/f8e6c3ca4199e62b5403f23f5cff5ab6\",\"name\":\"Ana\u00efs Sierro\",\"image\":{\"@type\":\"ImageObject\",\"inLanguage\":\"de\",\"@id\":\"https:\\\/\\\/secure.gravatar.com\\\/avatar\\\/7514991d2920a1436a9455e6bb5b9dca7ad1c2df05e4ce8d5e2c0cc3c122a463?s=96&d=identicon&r=g\",\"url\":\"https:\\\/\\\/secure.gravatar.com\\\/avatar\\\/7514991d2920a1436a9455e6bb5b9dca7ad1c2df05e4ce8d5e2c0cc3c122a463?s=96&d=identicon&r=g\",\"contentUrl\":\"https:\\\/\\\/secure.gravatar.com\\\/avatar\\\/7514991d2920a1436a9455e6bb5b9dca7ad1c2df05e4ce8d5e2c0cc3c122a463?s=96&d=identicon&r=g\",\"caption\":\"Ana\u00efs Sierro\"},\"sameAs\":[\"https:\\\/\\\/leregardlibre.com\\\/\",\"https:\\\/\\\/fr.wikipedia.org\\\/wiki\\\/Le_Regard_libre\"],\"url\":\"https:\\\/\\\/leregardlibre.com\\\/de\\\/author\\\/anais-sierro\\\/\"}]}<\/script>\n<!-- \/ Yoast SEO Premium plugin. -->","yoast_head_json":{"title":"\u00abBelladonna\u00bb: Erleiden, lernen und dann erwachsen werden","robots":{"index":"index","follow":"follow","max-snippet":"max-snippet:-1","max-image-preview":"max-image-preview:large","max-video-preview":"max-video-preview:-1"},"canonical":"https:\/\/leregardlibre.com\/de\/literatur\/belladone-subir-apprendre-puis-grandir\/","og_locale":"de_DE","og_type":"article","og_title":"\u00abBelladone\u00bb: subir, apprendre, puis grandir","og_description":"\u00abBelladone\u00bb fait partie des livres qui claquent.","og_url":"https:\/\/leregardlibre.com\/de\/literatur\/belladone-subir-apprendre-puis-grandir\/","og_site_name":"Le Regard Libre","article_publisher":"https:\/\/www.facebook.com\/leregardlibre\/","article_published_time":"2021-02-02T05:00:00+00:00","article_modified_time":"2022-11-13T13:51:28+00:00","og_image":[{"width":2560,"height":2048,"url":"https:\/\/leregardlibre.com\/wp-content\/uploads\/2021\/02\/Briana-Swank-Pexels-scaled.jpg","type":"image\/jpeg"}],"author":"Ana\u00efs Sierro","twitter_card":"summary_large_image","twitter_creator":"@LeRegardLibre","twitter_site":"@LeRegardLibre","twitter_misc":{"Verfasst von":"Ana\u00efs Sierro","Gesch\u00e4tzte Lesezeit":"5\u00a0Minuten"},"schema":{"@context":"https:\/\/schema.org","@graph":[{"@type":"Article","@id":"https:\/\/leregardlibre.com\/litterature\/belladone-subir-apprendre-puis-grandir\/#article","isPartOf":{"@id":"https:\/\/leregardlibre.com\/litterature\/belladone-subir-apprendre-puis-grandir\/"},"author":{"name":"Ana\u00efs Sierro","@id":"https:\/\/leregardlibre.com\/#\/schema\/person\/f8e6c3ca4199e62b5403f23f5cff5ab6"},"headline":"\u00abBelladone\u00bb: subir, apprendre, puis grandir","datePublished":"2021-02-02T05:00:00+00:00","dateModified":"2022-11-13T13:51:28+00:00","mainEntityOfPage":{"@id":"https:\/\/leregardlibre.com\/litterature\/belladone-subir-apprendre-puis-grandir\/"},"wordCount":1019,"commentCount":0,"publisher":{"@id":"https:\/\/leregardlibre.com\/#organization"},"image":{"@id":"https:\/\/leregardlibre.com\/litterature\/belladone-subir-apprendre-puis-grandir\/#primaryimage"},"thumbnailUrl":"https:\/\/leregardlibre.com\/wp-content\/uploads\/2021\/02\/Briana-Swank-Pexels-scaled.jpg","keywords":["Autobiographie","belladone","Critique litt\u00e9raire","herv\u00e9 bougel","Litt\u00e9rature fran\u00e7aise","Litt\u00e9rature francophone","poison","r\u00e9silience","Roman"],"articleSection":["Litt\u00e9rature"],"inLanguage":"de","potentialAction":[{"@type":"CommentAction","name":"Comment","target":["https:\/\/leregardlibre.com\/litterature\/belladone-subir-apprendre-puis-grandir\/#respond"]}]},{"@type":"WebPage","@id":"https:\/\/leregardlibre.com\/litterature\/belladone-subir-apprendre-puis-grandir\/","url":"https:\/\/leregardlibre.com\/litterature\/belladone-subir-apprendre-puis-grandir\/","name":"\u00abBelladonna\u00bb: Erleiden, lernen und dann erwachsen werden","isPartOf":{"@id":"https:\/\/leregardlibre.com\/#website"},"primaryImageOfPage":{"@id":"https:\/\/leregardlibre.com\/litterature\/belladone-subir-apprendre-puis-grandir\/#primaryimage"},"image":{"@id":"https:\/\/leregardlibre.com\/litterature\/belladone-subir-apprendre-puis-grandir\/#primaryimage"},"thumbnailUrl":"https:\/\/leregardlibre.com\/wp-content\/uploads\/2021\/02\/Briana-Swank-Pexels-scaled.jpg","datePublished":"2021-02-02T05:00:00+00:00","dateModified":"2022-11-13T13:51:28+00:00","breadcrumb":{"@id":"https:\/\/leregardlibre.com\/litterature\/belladone-subir-apprendre-puis-grandir\/#breadcrumb"},"inLanguage":"de","potentialAction":[{"@type":"ReadAction","target":["https:\/\/leregardlibre.com\/litterature\/belladone-subir-apprendre-puis-grandir\/"]}]},{"@type":"ImageObject","inLanguage":"de","@id":"https:\/\/leregardlibre.com\/litterature\/belladone-subir-apprendre-puis-grandir\/#primaryimage","url":"https:\/\/leregardlibre.com\/wp-content\/uploads\/2021\/02\/Briana-Swank-Pexels-scaled.jpg","contentUrl":"https:\/\/leregardlibre.com\/wp-content\/uploads\/2021\/02\/Briana-Swank-Pexels-scaled.jpg","width":2560,"height":2048},{"@type":"BreadcrumbList","@id":"https:\/\/leregardlibre.com\/litterature\/belladone-subir-apprendre-puis-grandir\/#breadcrumb","itemListElement":[{"@type":"ListItem","position":1,"name":"Accueil","item":"https:\/\/leregardlibre.com\/"},{"@type":"ListItem","position":2,"name":"\u00abBelladone\u00bb: subir, apprendre, puis grandir"}]},{"@type":"WebSite","@id":"https:\/\/leregardlibre.com\/#website","url":"https:\/\/leregardlibre.com\/","name":"Le Regard Libre","description":"Erste Schweizer Monatszeitschrift f\u00fcr Debatten","publisher":{"@id":"https:\/\/leregardlibre.com\/#organization"},"potentialAction":[{"@type":"SearchAction","target":{"@type":"EntryPoint","urlTemplate":"https:\/\/leregardlibre.com\/?s={search_term_string}"},"query-input":{"@type":"PropertyValueSpecification","valueRequired":true,"valueName":"search_term_string"}}],"inLanguage":"de"},{"@type":"Organization","@id":"https:\/\/leregardlibre.com\/#organization","name":"Le Regard Libre","url":"https:\/\/leregardlibre.com\/","logo":{"@type":"ImageObject","inLanguage":"de","@id":"https:\/\/leregardlibre.com\/#\/schema\/logo\/image\/","url":"https:\/\/leregardlibre.com\/wp-content\/uploads\/2025\/08\/logo-rl-icone-neg.jpeg","contentUrl":"https:\/\/leregardlibre.com\/wp-content\/uploads\/2025\/08\/logo-rl-icone-neg.jpeg","width":557,"height":556,"caption":"Le Regard Libre"},"image":{"@id":"https:\/\/leregardlibre.com\/#\/schema\/logo\/image\/"},"sameAs":["https:\/\/www.facebook.com\/leregardlibre\/","https:\/\/x.com\/LeRegardLibre","https:\/\/www.linkedin.com\/company\/le-regard-libre","https:\/\/www.instagram.com\/leregardlibre\/","http:\/\/t.me\/leregardlibre","https:\/\/youtube.com\/channel\/UC6HzGPomj1LsUmlz-sJtITQ"],"description":"Le Regard Libre ist eine Schweizer Monatszeitschrift f\u00fcr intellektuelle und kulturelle Debatten. Seine Redaktion ist jung, ehrenamtlich, liberal und pluralistisch. Das Magazin erscheint online und in gedruckter Form. Seine Sprache ist Franz\u00f6sisch.","email":"redaction@leregardlibre.com","legalName":"Le Regard Libre","foundingDate":"2014-01-01","numberOfEmployees":{"@type":"QuantitativeValue","minValue":"11","maxValue":"50"},"publishingPrinciples":"https:\/\/leregardlibre.com\/a-propos\/notre-manifeste\/","ownershipFundingInfo":"https:\/\/leregardlibre.com\/mentions-legales\/","actionableFeedbackPolicy":"https:\/\/leregardlibre.com\/conditions-generales-de-vente\/"},{"@type":"Person","@id":"https:\/\/leregardlibre.com\/#\/schema\/person\/f8e6c3ca4199e62b5403f23f5cff5ab6","name":"Ana\u00efs Sierro","image":{"@type":"ImageObject","inLanguage":"de","@id":"https:\/\/secure.gravatar.com\/avatar\/7514991d2920a1436a9455e6bb5b9dca7ad1c2df05e4ce8d5e2c0cc3c122a463?s=96&d=identicon&r=g","url":"https:\/\/secure.gravatar.com\/avatar\/7514991d2920a1436a9455e6bb5b9dca7ad1c2df05e4ce8d5e2c0cc3c122a463?s=96&d=identicon&r=g","contentUrl":"https:\/\/secure.gravatar.com\/avatar\/7514991d2920a1436a9455e6bb5b9dca7ad1c2df05e4ce8d5e2c0cc3c122a463?s=96&d=identicon&r=g","caption":"Ana\u00efs Sierro"},"sameAs":["https:\/\/leregardlibre.com\/","https:\/\/fr.wikipedia.org\/wiki\/Le_Regard_libre"],"url":"https:\/\/leregardlibre.com\/de\/author\/anais-sierro\/"}]}},"_links":{"self":[{"href":"https:\/\/leregardlibre.com\/de\/wp-json\/wp\/v2\/posts\/38282","targetHints":{"allow":["GET"]}}],"collection":[{"href":"https:\/\/leregardlibre.com\/de\/wp-json\/wp\/v2\/posts"}],"about":[{"href":"https:\/\/leregardlibre.com\/de\/wp-json\/wp\/v2\/types\/post"}],"author":[{"embeddable":true,"href":"https:\/\/leregardlibre.com\/de\/wp-json\/wp\/v2\/users\/82"}],"replies":[{"embeddable":true,"href":"https:\/\/leregardlibre.com\/de\/wp-json\/wp\/v2\/comments?post=38282"}],"version-history":[{"count":1,"href":"https:\/\/leregardlibre.com\/de\/wp-json\/wp\/v2\/posts\/38282\/revisions"}],"predecessor-version":[{"id":511049,"href":"https:\/\/leregardlibre.com\/de\/wp-json\/wp\/v2\/posts\/38282\/revisions\/511049"}],"wp:featuredmedia":[{"embeddable":true,"href":"https:\/\/leregardlibre.com\/de\/wp-json\/wp\/v2\/media\/38291"}],"wp:attachment":[{"href":"https:\/\/leregardlibre.com\/de\/wp-json\/wp\/v2\/media?parent=38282"}],"wp:term":[{"taxonomy":"category","embeddable":true,"href":"https:\/\/leregardlibre.com\/de\/wp-json\/wp\/v2\/categories?post=38282"},{"taxonomy":"post_tag","embeddable":true,"href":"https:\/\/leregardlibre.com\/de\/wp-json\/wp\/v2\/tags?post=38282"}],"curies":[{"name":"wp","href":"https:\/\/api.w.org\/{rel}","templated":true}]}}