{"id":38567,"date":"2021-02-17T06:00:00","date_gmt":"2021-02-17T05:00:00","guid":{"rendered":"https:\/\/leregardlibre.com\/?p=38567"},"modified":"2025-12-04T22:25:40","modified_gmt":"2025-12-04T21:25:40","slug":"die-rache-der-sith-tragodie-lucas-testament","status":"publish","type":"post","link":"https:\/\/leregardlibre.com\/de\/kino\/filme\/die-rache-der-sith-tragodie-lucas-testament\/","title":{"rendered":"\u00abDie Rache der Sith\u00bb: Lucas' testamentarische Trag\u00f6die"},"content":{"rendered":"<p><em>Mittwochs im Kino - Danilo Heyer<\/em><\/p>\n\n\n\n<p class=\"has-drop-cap\"><strong>An diesem Punkt angelangt <em>Star Wars<\/em>, Nach der Postlogie werden die <em>Spin-off<\/em> und das Ende der zweiten Staffel des<em> Mandalorianisch, <\/em>ist es vielleicht nicht verkehrt, sich auf den Fersen zu drehen und den Blick auf eine Zeit zu richten, in der Disney das Franchise noch nicht unter seiner Kontrolle hatte. Und zwar auf die letzte Episode der Prelogie, Episode III: <em>Die Rache der Sith<\/em> (2005) von George Lucas.<\/strong><\/p>\n\n\n\n<!--more Lire la critique (en libre acc\u00e8s)-->\n\n\n\n<figure class=\"wp-block-embed is-type-video is-provider-youtube wp-block-embed-youtube wp-embed-aspect-16-9 wp-has-aspect-ratio\"><div class=\"wp-block-embed__wrapper\">\n<iframe title=\"Star Wars: Die Rache der Sith - Trailer\" width=\"1000\" height=\"563\" src=\"https:\/\/www.youtube.com\/embed\/Lu0T1TmKlF4?feature=oembed\" frameborder=\"0\" allow=\"accelerometer; autoplay; clipboard-write; encrypted-media; gyroscope; picture-in-picture; web-share\" referrerpolicy=\"strict-origin-when-cross-origin\" allowfullscreen><\/iframe>\n<\/div><\/figure>\n\n\n\n<p>Episode IV (1977) spielte in einer Galaxie, die von einem tyrannischen Imperium und der dunklen Seite der Macht beherrscht wurde. Die Prelogie versuchte also zu erkl\u00e4ren, wie die Dinge so schlecht laufen konnten. Nach zwei Expos\u00e9s von eher zweifelhafter Qualit\u00e4t gelang Lucas das Kunstst\u00fcck, einen erfolgreichen Abschluss in einem Film zu pr\u00e4sentieren, der weitaus ausgereifter war, als er auf den ersten Blick erscheinen mag. Um dies zu erreichen, nahm Lucas endlich die tragische Essenz der \u00fcberraschenden Geschichte, die er zu erz\u00e4hlen hatte, in vollem Umfang an. Die kindlichen Gags, die Teenager-Romanze und die vielen Tonartwechsel, die man in den ersten beiden Filmen sehen konnte, machen endlich Platz f\u00fcr ein sehr d\u00fcsteres Werk, das mit viel Subtilit\u00e4t den Tod einer Gesellschaft und die Geburt eines B\u00f6sewichts \u00fcberzeugend darstellt.<\/p>\n\n\n\n<h3 class=\"wp-block-heading\"><strong>Eine Galaxie und ein Held auf Abwegen<\/strong><\/h3>\n\n\n\n<p>\u00abDer Fall des Gerechten und seine Schande machen Freude\u00bb, hei\u00dft es in <em>Die Br\u00fcder Karamasow<\/em>; es ist wohl so, dass das Gerechte selten ist und dass sein Zusammenbruch immer von selbst kommt. <em>Die Rache der Sith<\/em> Palpatine, der Sith-Lord und zuk\u00fcnftige Imperator - der B\u00f6sewicht des Films - beschr\u00e4nkt sich auf die Rolle eines geschickten Verf\u00fchrers, wie der Teufel in <em>Faust<\/em>. Der Untergang ist ein Spiel auf mehreren Ebenen. Im Hintergrund steht eine atemlose galaktische Republik, die die gr\u00f6\u00dfte Schw\u00e4che demokratischer Systeme offenbart: den Hang zur Anarchie. Die in den beiden vorangegangenen Filmen gezeigte Langsamkeit der \u00f6ffentlichen Debatte und der Kompromissbereitschaft hat dazu gef\u00fchrt, dass die Galaktische Republik nicht in der Lage ist, einen internen Handelskonflikt zu l\u00f6sen oder zu verhindern, dass er sich zu einem schrecklichen B\u00fcrgerkrieg zwischen Separatisten und Republikanern ausweitet. Als Pazifistin st\u00fctzte sie ihre Existenz auf die Verteidiger des Friedens - den religi\u00f6sen Orden der Jedi. Da sie im schicksalhaften Moment unbewaffnet war, musste sie sich auf eine S\u00f6ldnerarmee (die Klonarmee) verlassen, deren undurchsichtige Herkunft sie vor der M\u00f6glichkeit h\u00e4tte warnen m\u00fcssen, dass sie sich gegen sie wenden k\u00f6nnte. Um den Krieg zu gewinnen, \u00fcbertr\u00e4gt sie Kanzler Palpatine immer mehr Macht, der die Gelegenheit nutzt, um sie in ein galaktisches Imperium zu verwandeln.\u00a0\u00a0\u00a0\u00a0\u00a0\u00a0<\/p>\n\n\n\n<p>Auf der anderen Seite steht ein dogmatischer und verblendeter Jedi-Orden, der an seinen jahrtausendealten Prinzipien ebenso festh\u00e4lt wie an der letzten Macht, die ihm noch geblieben ist. Er ist passivistisch und nicht in der Lage, die Gefahr, die ihm droht, rechtzeitig zu erkennen. Als er den Kanzler ausspioniert und dann versucht, ihn aufzuhalten, verliert er durch seine versp\u00e4teten Versuche, die Initiative wieder zu ergreifen, seine Legitimit\u00e4t, sodass Palpatine sie vor dem Senat zu Staatsfeinden erkl\u00e4ren kann. In der neuen Welt, die \u00abauf Ordnung und Sicherheit\u00bb beruht - ein Imperator und eine starke Armee -, gibt es ohnehin keinen Platz f\u00fcr dieses Sicherheitsduplikat mit hungriger Demografie.\u00a0<\/p>\n\n\n\n<p>Im Zentrum des Dramas steht schlie\u00dflich Anakin Skywalker, der sp\u00e4tere Darth Vader. Zun\u00e4chst steht er auf der Seite der Jedi und der Republik, doch schlie\u00dflich verr\u00e4t er sie beide und wechselt zur dunklen Seite. Wer ist schuld daran? Der erste Schuldige ist sein starker, ehrgeiziger und impulsiver Wille, der sich weigert, die Menschen zu verlassen, an denen er h\u00e4ngt. Er treibt Anakin dazu, alles zu tun, um Padm\u00e9 zu retten, die Frau, die er heimlich geheiratet hat und deren Tod er in seinen Tr\u00e4umen sieht, selbst wenn er daf\u00fcr die Galaxis ins Chaos st\u00fcrzen muss. Der talentierte, aber stolze Anakin hat nichts, was ihn dazu pr\u00e4destiniert, als Jedi zu leben, d. h. als eine Art asketischer M\u00f6nch, dem gesagt wird, er solle die Distanz pflegen und die Vernunft \u00fcber die Leidenschaften stellen. Das haben auch die Jedi bemerkt. Deshalb misstrauen sie ihm, zum Beispiel als sie ihm den Rang eines Meisters verweigern. Der ungeduldige Anakin kann sich diese Wege nicht als etwas anderes als eine Dem\u00fctigung vorstellen. Diese grundlegende Unvereinbarkeit erzeugt all die Ressentiments, die Palpatine braucht, um ihn von ihnen fernzuhalten.\u00a0<\/p>\n\n\n\n<h3 class=\"wp-block-heading\"><strong>Ein blendendes Finale<\/strong><\/h3>\n\n\n\n<p>Der Film wechselt nahtlos zwischen offenen Actionszenen und intimeren Sequenzen, in denen Lucas versucht, uns in das innere Dilemma von Anakin einzuf\u00fchren. Zu den ersteren geh\u00f6ren die Raumschlacht und die gro\u00dfartige Er\u00f6ffnungssequenz, in der man Anakins und Obi-Wans Schiffen trotz der gro\u00dfen Verwirrung um sie herum leicht folgen kann. Das lange Duell zwischen den beiden ehemaligen Freunden am Ende des Films ist ebenfalls bewundernswert, wenn man bedenkt, wie viel M\u00fche es gekostet hat, den Lavaplaneten, auf dem es stattfindet, zum Leben zu erwecken, wie schnell die Lichtschwerthiebe ausgetauscht werden und wie komplex die Choreographie ist.<\/p>\n\n\n\n<p>In den Sekunden \u00fcberraschen vor allem zwei Sequenzen durch die Kraft der Emotionen und die F\u00fclle der Ideen, die sie hervorrufen. Zum einen die Szene in der Oper, in der Palpatine vor Anakin seine verlockende Rede inmitten einer sehr originellen visuellen Show h\u00e4lt. Dann die Szene, in der Padm\u00e9 und er einen Blick austauschen, ohne sich zu bemerken. Die Gesichter beider im gleichen letzten Licht des Tages, aber bereits durch Aufnahmen der Stadt Coruscant getrennt, bedarf es nur einer Tr\u00e4ne auf Anakins Wange, um zu begreifen, dass er seine Familie verraten und sich in die Arme des Teufels st\u00fcrzen wird. In diesen Momenten heben die pr\u00e4chtige Partitur von John Williams und das visuelle Genie von Lucas, der endlich die Computergrafiken beherrscht, die Geschichte ins Erhabene. Zwischen Autorenfilm und <em>Blockbuster<\/em>, <em>Die Rache der Sith<\/em> besitzt alle Qualit\u00e4ten, um ein originelles Werk zu bleiben, das wie alle anderen <em>Star Wars<\/em>, Der Film spaltete und wird auch weiterhin Kritiker und Fans spalten.<\/p>\n\n\n\n<p><em>Schreiben Sie dem Autor: danilo.heyer@leregardlibre.com<\/em><\/p>\n\n\n\n<div class=\"wp-block-image\"><figure class=\"aligncenter size-large\"><img fetchpriority=\"high\" decoding=\"async\" width=\"600\" height=\"800\" src=\"http:\/\/leregardlibre.com\/wp-content\/uploads\/2021\/02\/Affiche_La-Revanche-des-Sith.jpg\" alt=\"\" class=\"wp-image-38572\" srcset=\"https:\/\/leregardlibre.com\/wp-content\/uploads\/2021\/02\/Affiche_La-Revanche-des-Sith.jpg 600w, https:\/\/leregardlibre.com\/wp-content\/uploads\/2021\/02\/Affiche_La-Revanche-des-Sith-225x300.jpg 225w, https:\/\/leregardlibre.com\/wp-content\/uploads\/2021\/02\/Affiche_La-Revanche-des-Sith-113x150.jpg 113w, https:\/\/leregardlibre.com\/wp-content\/uploads\/2021\/02\/Affiche_La-Revanche-des-Sith-585x780.jpg 585w, https:\/\/leregardlibre.com\/wp-content\/uploads\/2021\/02\/Affiche_La-Revanche-des-Sith-300x400.jpg 300w\" sizes=\"(max-width: 600px) 100vw, 600px\" \/><\/figure><\/div>","protected":false},"excerpt":{"rendered":"<p>Nach den zahlreichen Debatten \u00fcber die j\u00fcngsten Mitglieder der Star Wars Saga blickt Danilo Heyer zur\u00fcck auf \u00abDie Rache der Sith\u00bb.\u00bb<\/p>","protected":false},"author":96,"featured_media":38573,"comment_status":"open","ping_status":"closed","sticky":false,"template":"","format":"standard","meta":{"_acf_changed":false,"footnotes":""},"categories":[644355829],"tags":[24873,644340373,315456,644356139,158558,644356140,644356137,644356136,644356138,1172],"class_list":["post-38567","post","type-post","status-publish","format-standard","has-post-thumbnail","hentry","category-films","tag-disney","tag-ewan-mcgregor","tag-george-lucas","tag-hayden-christensen","tag-john-williams","tag-la-revanche-des-sith","tag-les-freres-karamazov","tag-mandalorien","tag-natalie-portman","tag-star-wars"],"acf":[],"yoast_head":"<!-- This site is optimized with the Yoast SEO Premium plugin v27.4 (Yoast SEO v27.4) - https:\/\/yoast.com\/product\/yoast-seo-premium-wordpress\/ -->\n<title>\u00abLa Revanche des Sith\u00bb, trag\u00e9die testament de Lucas<\/title>\n<meta name=\"robots\" content=\"index, follow, max-snippet:-1, max-image-preview:large, max-video-preview:-1\" \/>\n<link rel=\"canonical\" href=\"https:\/\/leregardlibre.com\/de\/kino\/filme\/die-rache-der-sith-tragodie-lucas-testament\/\" \/>\n<meta property=\"og:locale\" content=\"de_DE\" \/>\n<meta property=\"og:type\" content=\"article\" \/>\n<meta property=\"og:title\" content=\"\u00abLa Revanche des Sith\u00bb, trag\u00e9die testament de Lucas\" \/>\n<meta property=\"og:description\" content=\"Apr\u00e8s les multiples d\u00e9bats sur les derniers n\u00e9s de la Saga Star Wars, Danilo Heyer revient sur \u00abla Revanche des Sith\u00bb\" \/>\n<meta property=\"og:url\" content=\"https:\/\/leregardlibre.com\/de\/kino\/filme\/die-rache-der-sith-tragodie-lucas-testament\/\" \/>\n<meta property=\"og:site_name\" content=\"Le Regard Libre\" \/>\n<meta property=\"article:publisher\" content=\"https:\/\/www.facebook.com\/leregardlibre\/\" \/>\n<meta property=\"article:published_time\" content=\"2021-02-17T05:00:00+00:00\" \/>\n<meta property=\"article:modified_time\" content=\"2025-12-04T21:25:40+00:00\" \/>\n<meta property=\"og:image\" content=\"https:\/\/leregardlibre.com\/wp-content\/uploads\/2021\/02\/La-Revanche-des-Sith_5.jpg\" \/>\n\t<meta property=\"og:image:width\" content=\"1417\" \/>\n\t<meta property=\"og:image:height\" content=\"600\" \/>\n\t<meta property=\"og:image:type\" content=\"image\/jpeg\" \/>\n<meta name=\"author\" content=\"Danilo Heyer\" \/>\n<meta name=\"twitter:card\" content=\"summary_large_image\" \/>\n<meta name=\"twitter:creator\" content=\"@LeRegardLibre\" \/>\n<meta name=\"twitter:site\" content=\"@LeRegardLibre\" \/>\n<meta name=\"twitter:label1\" content=\"Verfasst von\" \/>\n\t<meta name=\"twitter:data1\" content=\"Danilo Heyer\" \/>\n\t<meta name=\"twitter:label2\" content=\"Gesch\u00e4tzte Lesezeit\" \/>\n\t<meta name=\"twitter:data2\" content=\"6\u00a0Minuten\" \/>\n<script type=\"application\/ld+json\" class=\"yoast-schema-graph\">{\"@context\":\"https:\\\/\\\/schema.org\",\"@graph\":[{\"@type\":\"Article\",\"@id\":\"https:\\\/\\\/leregardlibre.com\\\/cinema\\\/films\\\/la-revanche-des-sith-tragedie-testament-de-lucas\\\/#article\",\"isPartOf\":{\"@id\":\"https:\\\/\\\/leregardlibre.com\\\/cinema\\\/films\\\/la-revanche-des-sith-tragedie-testament-de-lucas\\\/\"},\"author\":{\"name\":\"Danilo Heyer\",\"@id\":\"https:\\\/\\\/leregardlibre.com\\\/#\\\/schema\\\/person\\\/a7ed971e5ac904f89000f342b077bbc5\"},\"headline\":\"\u00abLa Revanche des Sith\u00bb, trag\u00e9die testament de Lucas\",\"datePublished\":\"2021-02-17T05:00:00+00:00\",\"dateModified\":\"2025-12-04T21:25:40+00:00\",\"mainEntityOfPage\":{\"@id\":\"https:\\\/\\\/leregardlibre.com\\\/cinema\\\/films\\\/la-revanche-des-sith-tragedie-testament-de-lucas\\\/\"},\"wordCount\":1169,\"commentCount\":0,\"publisher\":{\"@id\":\"https:\\\/\\\/leregardlibre.com\\\/#organization\"},\"image\":{\"@id\":\"https:\\\/\\\/leregardlibre.com\\\/cinema\\\/films\\\/la-revanche-des-sith-tragedie-testament-de-lucas\\\/#primaryimage\"},\"thumbnailUrl\":\"https:\\\/\\\/leregardlibre.com\\\/wp-content\\\/uploads\\\/2021\\\/02\\\/La-Revanche-des-Sith_5.jpg\",\"keywords\":[\"Disney\",\"ewan mcgregor\",\"George lucas\",\"hayden christensen\",\"John Williams\",\"la revanche des sith\",\"les fr\u00e8res karamazov\",\"mandalorien\",\"natalie portman\",\"Star Wars\"],\"articleSection\":[\"Films\"],\"inLanguage\":\"de\",\"potentialAction\":[{\"@type\":\"CommentAction\",\"name\":\"Comment\",\"target\":[\"https:\\\/\\\/leregardlibre.com\\\/cinema\\\/films\\\/la-revanche-des-sith-tragedie-testament-de-lucas\\\/#respond\"]}]},{\"@type\":\"WebPage\",\"@id\":\"https:\\\/\\\/leregardlibre.com\\\/cinema\\\/films\\\/la-revanche-des-sith-tragedie-testament-de-lucas\\\/\",\"url\":\"https:\\\/\\\/leregardlibre.com\\\/cinema\\\/films\\\/la-revanche-des-sith-tragedie-testament-de-lucas\\\/\",\"name\":\"\u00abLa Revanche des Sith\u00bb, trag\u00e9die testament de Lucas\",\"isPartOf\":{\"@id\":\"https:\\\/\\\/leregardlibre.com\\\/#website\"},\"primaryImageOfPage\":{\"@id\":\"https:\\\/\\\/leregardlibre.com\\\/cinema\\\/films\\\/la-revanche-des-sith-tragedie-testament-de-lucas\\\/#primaryimage\"},\"image\":{\"@id\":\"https:\\\/\\\/leregardlibre.com\\\/cinema\\\/films\\\/la-revanche-des-sith-tragedie-testament-de-lucas\\\/#primaryimage\"},\"thumbnailUrl\":\"https:\\\/\\\/leregardlibre.com\\\/wp-content\\\/uploads\\\/2021\\\/02\\\/La-Revanche-des-Sith_5.jpg\",\"datePublished\":\"2021-02-17T05:00:00+00:00\",\"dateModified\":\"2025-12-04T21:25:40+00:00\",\"breadcrumb\":{\"@id\":\"https:\\\/\\\/leregardlibre.com\\\/cinema\\\/films\\\/la-revanche-des-sith-tragedie-testament-de-lucas\\\/#breadcrumb\"},\"inLanguage\":\"de\",\"potentialAction\":[{\"@type\":\"ReadAction\",\"target\":[\"https:\\\/\\\/leregardlibre.com\\\/cinema\\\/films\\\/la-revanche-des-sith-tragedie-testament-de-lucas\\\/\"]}]},{\"@type\":\"ImageObject\",\"inLanguage\":\"de\",\"@id\":\"https:\\\/\\\/leregardlibre.com\\\/cinema\\\/films\\\/la-revanche-des-sith-tragedie-testament-de-lucas\\\/#primaryimage\",\"url\":\"https:\\\/\\\/leregardlibre.com\\\/wp-content\\\/uploads\\\/2021\\\/02\\\/La-Revanche-des-Sith_5.jpg\",\"contentUrl\":\"https:\\\/\\\/leregardlibre.com\\\/wp-content\\\/uploads\\\/2021\\\/02\\\/La-Revanche-des-Sith_5.jpg\",\"width\":1417,\"height\":600},{\"@type\":\"BreadcrumbList\",\"@id\":\"https:\\\/\\\/leregardlibre.com\\\/cinema\\\/films\\\/la-revanche-des-sith-tragedie-testament-de-lucas\\\/#breadcrumb\",\"itemListElement\":[{\"@type\":\"ListItem\",\"position\":1,\"name\":\"Accueil\",\"item\":\"https:\\\/\\\/leregardlibre.com\\\/\"},{\"@type\":\"ListItem\",\"position\":2,\"name\":\"\u00abLa Revanche des Sith\u00bb, trag\u00e9die testament de Lucas\"}]},{\"@type\":\"WebSite\",\"@id\":\"https:\\\/\\\/leregardlibre.com\\\/#website\",\"url\":\"https:\\\/\\\/leregardlibre.com\\\/\",\"name\":\"Le Regard Libre\",\"description\":\"Premier mensuel suisse de d\u00e9bat\",\"publisher\":{\"@id\":\"https:\\\/\\\/leregardlibre.com\\\/#organization\"},\"potentialAction\":[{\"@type\":\"SearchAction\",\"target\":{\"@type\":\"EntryPoint\",\"urlTemplate\":\"https:\\\/\\\/leregardlibre.com\\\/?s={search_term_string}\"},\"query-input\":{\"@type\":\"PropertyValueSpecification\",\"valueRequired\":true,\"valueName\":\"search_term_string\"}}],\"inLanguage\":\"de\"},{\"@type\":\"Organization\",\"@id\":\"https:\\\/\\\/leregardlibre.com\\\/#organization\",\"name\":\"Le Regard Libre\",\"url\":\"https:\\\/\\\/leregardlibre.com\\\/\",\"logo\":{\"@type\":\"ImageObject\",\"inLanguage\":\"de\",\"@id\":\"https:\\\/\\\/leregardlibre.com\\\/#\\\/schema\\\/logo\\\/image\\\/\",\"url\":\"https:\\\/\\\/leregardlibre.com\\\/wp-content\\\/uploads\\\/2025\\\/08\\\/logo-rl-icone-neg.jpeg\",\"contentUrl\":\"https:\\\/\\\/leregardlibre.com\\\/wp-content\\\/uploads\\\/2025\\\/08\\\/logo-rl-icone-neg.jpeg\",\"width\":557,\"height\":556,\"caption\":\"Le Regard Libre\"},\"image\":{\"@id\":\"https:\\\/\\\/leregardlibre.com\\\/#\\\/schema\\\/logo\\\/image\\\/\"},\"sameAs\":[\"https:\\\/\\\/www.facebook.com\\\/leregardlibre\\\/\",\"https:\\\/\\\/x.com\\\/LeRegardLibre\",\"https:\\\/\\\/www.linkedin.com\\\/company\\\/le-regard-libre\",\"https:\\\/\\\/www.instagram.com\\\/leregardlibre\\\/\",\"http:\\\/\\\/t.me\\\/leregardlibre\",\"https:\\\/\\\/youtube.com\\\/channel\\\/UC6HzGPomj1LsUmlz-sJtITQ\"],\"description\":\"Le Regard Libre est un mensuel suisse de d\u00e9bat intellectuel et culturel. Sa r\u00e9daction est jeune, b\u00e9n\u00e9vole, lib\u00e9rale et pluraliste. Le magazine para\u00eet en ligne et sous forme papier. Sa langue est le fran\u00e7ais.\",\"email\":\"redaction@leregardlibre.com\",\"legalName\":\"Le Regard Libre\",\"foundingDate\":\"2014-01-01\",\"numberOfEmployees\":{\"@type\":\"QuantitativeValue\",\"minValue\":\"11\",\"maxValue\":\"50\"},\"publishingPrinciples\":\"https:\\\/\\\/leregardlibre.com\\\/a-propos\\\/notre-manifeste\\\/\",\"ownershipFundingInfo\":\"https:\\\/\\\/leregardlibre.com\\\/mentions-legales\\\/\",\"actionableFeedbackPolicy\":\"https:\\\/\\\/leregardlibre.com\\\/conditions-generales-de-vente\\\/\"},{\"@type\":\"Person\",\"@id\":\"https:\\\/\\\/leregardlibre.com\\\/#\\\/schema\\\/person\\\/a7ed971e5ac904f89000f342b077bbc5\",\"name\":\"Danilo Heyer\",\"image\":{\"@type\":\"ImageObject\",\"inLanguage\":\"de\",\"@id\":\"https:\\\/\\\/secure.gravatar.com\\\/avatar\\\/ad10c9310144909c0edf0a5b8f3ab878583e04efb0cbd8dddf2d6f4b9678a1ef?s=96&d=identicon&r=g\",\"url\":\"https:\\\/\\\/secure.gravatar.com\\\/avatar\\\/ad10c9310144909c0edf0a5b8f3ab878583e04efb0cbd8dddf2d6f4b9678a1ef?s=96&d=identicon&r=g\",\"contentUrl\":\"https:\\\/\\\/secure.gravatar.com\\\/avatar\\\/ad10c9310144909c0edf0a5b8f3ab878583e04efb0cbd8dddf2d6f4b9678a1ef?s=96&d=identicon&r=g\",\"caption\":\"Danilo Heyer\"},\"sameAs\":[\"https:\\\/\\\/leregardlibre.com\\\/\",\"https:\\\/\\\/fr.wikipedia.org\\\/wiki\\\/Le_Regard_libre\"],\"url\":\"https:\\\/\\\/leregardlibre.com\\\/de\\\/author\\\/daniloheyer\\\/\"}]}<\/script>\n<!-- \/ Yoast SEO Premium plugin. -->","yoast_head_json":{"title":"\u00abDie Rache der Sith\u00bb: Lucas' testamentarische Trag\u00f6die","robots":{"index":"index","follow":"follow","max-snippet":"max-snippet:-1","max-image-preview":"max-image-preview:large","max-video-preview":"max-video-preview:-1"},"canonical":"https:\/\/leregardlibre.com\/de\/kino\/filme\/die-rache-der-sith-tragodie-lucas-testament\/","og_locale":"de_DE","og_type":"article","og_title":"\u00abLa Revanche des Sith\u00bb, trag\u00e9die testament de Lucas","og_description":"Apr\u00e8s les multiples d\u00e9bats sur les derniers n\u00e9s de la Saga Star Wars, Danilo Heyer revient sur \u00abla Revanche des Sith\u00bb","og_url":"https:\/\/leregardlibre.com\/de\/kino\/filme\/die-rache-der-sith-tragodie-lucas-testament\/","og_site_name":"Le Regard Libre","article_publisher":"https:\/\/www.facebook.com\/leregardlibre\/","article_published_time":"2021-02-17T05:00:00+00:00","article_modified_time":"2025-12-04T21:25:40+00:00","og_image":[{"width":1417,"height":600,"url":"https:\/\/leregardlibre.com\/wp-content\/uploads\/2021\/02\/La-Revanche-des-Sith_5.jpg","type":"image\/jpeg"}],"author":"Danilo Heyer","twitter_card":"summary_large_image","twitter_creator":"@LeRegardLibre","twitter_site":"@LeRegardLibre","twitter_misc":{"Verfasst von":"Danilo Heyer","Gesch\u00e4tzte Lesezeit":"6\u00a0Minuten"},"schema":{"@context":"https:\/\/schema.org","@graph":[{"@type":"Article","@id":"https:\/\/leregardlibre.com\/cinema\/films\/la-revanche-des-sith-tragedie-testament-de-lucas\/#article","isPartOf":{"@id":"https:\/\/leregardlibre.com\/cinema\/films\/la-revanche-des-sith-tragedie-testament-de-lucas\/"},"author":{"name":"Danilo Heyer","@id":"https:\/\/leregardlibre.com\/#\/schema\/person\/a7ed971e5ac904f89000f342b077bbc5"},"headline":"\u00abLa Revanche des Sith\u00bb, trag\u00e9die testament de Lucas","datePublished":"2021-02-17T05:00:00+00:00","dateModified":"2025-12-04T21:25:40+00:00","mainEntityOfPage":{"@id":"https:\/\/leregardlibre.com\/cinema\/films\/la-revanche-des-sith-tragedie-testament-de-lucas\/"},"wordCount":1169,"commentCount":0,"publisher":{"@id":"https:\/\/leregardlibre.com\/#organization"},"image":{"@id":"https:\/\/leregardlibre.com\/cinema\/films\/la-revanche-des-sith-tragedie-testament-de-lucas\/#primaryimage"},"thumbnailUrl":"https:\/\/leregardlibre.com\/wp-content\/uploads\/2021\/02\/La-Revanche-des-Sith_5.jpg","keywords":["Disney","ewan mcgregor","George lucas","hayden christensen","John Williams","la revanche des sith","les fr\u00e8res karamazov","mandalorien","natalie portman","Star Wars"],"articleSection":["Films"],"inLanguage":"de","potentialAction":[{"@type":"CommentAction","name":"Comment","target":["https:\/\/leregardlibre.com\/cinema\/films\/la-revanche-des-sith-tragedie-testament-de-lucas\/#respond"]}]},{"@type":"WebPage","@id":"https:\/\/leregardlibre.com\/cinema\/films\/la-revanche-des-sith-tragedie-testament-de-lucas\/","url":"https:\/\/leregardlibre.com\/cinema\/films\/la-revanche-des-sith-tragedie-testament-de-lucas\/","name":"\u00abDie Rache der Sith\u00bb: Lucas' testamentarische Trag\u00f6die","isPartOf":{"@id":"https:\/\/leregardlibre.com\/#website"},"primaryImageOfPage":{"@id":"https:\/\/leregardlibre.com\/cinema\/films\/la-revanche-des-sith-tragedie-testament-de-lucas\/#primaryimage"},"image":{"@id":"https:\/\/leregardlibre.com\/cinema\/films\/la-revanche-des-sith-tragedie-testament-de-lucas\/#primaryimage"},"thumbnailUrl":"https:\/\/leregardlibre.com\/wp-content\/uploads\/2021\/02\/La-Revanche-des-Sith_5.jpg","datePublished":"2021-02-17T05:00:00+00:00","dateModified":"2025-12-04T21:25:40+00:00","breadcrumb":{"@id":"https:\/\/leregardlibre.com\/cinema\/films\/la-revanche-des-sith-tragedie-testament-de-lucas\/#breadcrumb"},"inLanguage":"de","potentialAction":[{"@type":"ReadAction","target":["https:\/\/leregardlibre.com\/cinema\/films\/la-revanche-des-sith-tragedie-testament-de-lucas\/"]}]},{"@type":"ImageObject","inLanguage":"de","@id":"https:\/\/leregardlibre.com\/cinema\/films\/la-revanche-des-sith-tragedie-testament-de-lucas\/#primaryimage","url":"https:\/\/leregardlibre.com\/wp-content\/uploads\/2021\/02\/La-Revanche-des-Sith_5.jpg","contentUrl":"https:\/\/leregardlibre.com\/wp-content\/uploads\/2021\/02\/La-Revanche-des-Sith_5.jpg","width":1417,"height":600},{"@type":"BreadcrumbList","@id":"https:\/\/leregardlibre.com\/cinema\/films\/la-revanche-des-sith-tragedie-testament-de-lucas\/#breadcrumb","itemListElement":[{"@type":"ListItem","position":1,"name":"Accueil","item":"https:\/\/leregardlibre.com\/"},{"@type":"ListItem","position":2,"name":"\u00abLa Revanche des Sith\u00bb, trag\u00e9die testament de Lucas"}]},{"@type":"WebSite","@id":"https:\/\/leregardlibre.com\/#website","url":"https:\/\/leregardlibre.com\/","name":"Le Regard Libre","description":"Erste Schweizer Monatszeitschrift f\u00fcr Debatten","publisher":{"@id":"https:\/\/leregardlibre.com\/#organization"},"potentialAction":[{"@type":"SearchAction","target":{"@type":"EntryPoint","urlTemplate":"https:\/\/leregardlibre.com\/?s={search_term_string}"},"query-input":{"@type":"PropertyValueSpecification","valueRequired":true,"valueName":"search_term_string"}}],"inLanguage":"de"},{"@type":"Organization","@id":"https:\/\/leregardlibre.com\/#organization","name":"Le Regard Libre","url":"https:\/\/leregardlibre.com\/","logo":{"@type":"ImageObject","inLanguage":"de","@id":"https:\/\/leregardlibre.com\/#\/schema\/logo\/image\/","url":"https:\/\/leregardlibre.com\/wp-content\/uploads\/2025\/08\/logo-rl-icone-neg.jpeg","contentUrl":"https:\/\/leregardlibre.com\/wp-content\/uploads\/2025\/08\/logo-rl-icone-neg.jpeg","width":557,"height":556,"caption":"Le Regard Libre"},"image":{"@id":"https:\/\/leregardlibre.com\/#\/schema\/logo\/image\/"},"sameAs":["https:\/\/www.facebook.com\/leregardlibre\/","https:\/\/x.com\/LeRegardLibre","https:\/\/www.linkedin.com\/company\/le-regard-libre","https:\/\/www.instagram.com\/leregardlibre\/","http:\/\/t.me\/leregardlibre","https:\/\/youtube.com\/channel\/UC6HzGPomj1LsUmlz-sJtITQ"],"description":"Le Regard Libre ist eine Schweizer Monatszeitschrift f\u00fcr intellektuelle und kulturelle Debatten. Seine Redaktion ist jung, ehrenamtlich, liberal und pluralistisch. Das Magazin erscheint online und in gedruckter Form. Seine Sprache ist Franz\u00f6sisch.","email":"redaction@leregardlibre.com","legalName":"Le Regard Libre","foundingDate":"2014-01-01","numberOfEmployees":{"@type":"QuantitativeValue","minValue":"11","maxValue":"50"},"publishingPrinciples":"https:\/\/leregardlibre.com\/a-propos\/notre-manifeste\/","ownershipFundingInfo":"https:\/\/leregardlibre.com\/mentions-legales\/","actionableFeedbackPolicy":"https:\/\/leregardlibre.com\/conditions-generales-de-vente\/"},{"@type":"Person","@id":"https:\/\/leregardlibre.com\/#\/schema\/person\/a7ed971e5ac904f89000f342b077bbc5","name":"Danilo Heyer","image":{"@type":"ImageObject","inLanguage":"de","@id":"https:\/\/secure.gravatar.com\/avatar\/ad10c9310144909c0edf0a5b8f3ab878583e04efb0cbd8dddf2d6f4b9678a1ef?s=96&d=identicon&r=g","url":"https:\/\/secure.gravatar.com\/avatar\/ad10c9310144909c0edf0a5b8f3ab878583e04efb0cbd8dddf2d6f4b9678a1ef?s=96&d=identicon&r=g","contentUrl":"https:\/\/secure.gravatar.com\/avatar\/ad10c9310144909c0edf0a5b8f3ab878583e04efb0cbd8dddf2d6f4b9678a1ef?s=96&d=identicon&r=g","caption":"Danilo Heyer"},"sameAs":["https:\/\/leregardlibre.com\/","https:\/\/fr.wikipedia.org\/wiki\/Le_Regard_libre"],"url":"https:\/\/leregardlibre.com\/de\/author\/daniloheyer\/"}]}},"_links":{"self":[{"href":"https:\/\/leregardlibre.com\/de\/wp-json\/wp\/v2\/posts\/38567","targetHints":{"allow":["GET"]}}],"collection":[{"href":"https:\/\/leregardlibre.com\/de\/wp-json\/wp\/v2\/posts"}],"about":[{"href":"https:\/\/leregardlibre.com\/de\/wp-json\/wp\/v2\/types\/post"}],"author":[{"embeddable":true,"href":"https:\/\/leregardlibre.com\/de\/wp-json\/wp\/v2\/users\/96"}],"replies":[{"embeddable":true,"href":"https:\/\/leregardlibre.com\/de\/wp-json\/wp\/v2\/comments?post=38567"}],"version-history":[{"count":1,"href":"https:\/\/leregardlibre.com\/de\/wp-json\/wp\/v2\/posts\/38567\/revisions"}],"predecessor-version":[{"id":511061,"href":"https:\/\/leregardlibre.com\/de\/wp-json\/wp\/v2\/posts\/38567\/revisions\/511061"}],"wp:featuredmedia":[{"embeddable":true,"href":"https:\/\/leregardlibre.com\/de\/wp-json\/wp\/v2\/media\/38573"}],"wp:attachment":[{"href":"https:\/\/leregardlibre.com\/de\/wp-json\/wp\/v2\/media?parent=38567"}],"wp:term":[{"taxonomy":"category","embeddable":true,"href":"https:\/\/leregardlibre.com\/de\/wp-json\/wp\/v2\/categories?post=38567"},{"taxonomy":"post_tag","embeddable":true,"href":"https:\/\/leregardlibre.com\/de\/wp-json\/wp\/v2\/tags?post=38567"}],"curies":[{"name":"wp","href":"https:\/\/api.w.org\/{rel}","templated":true}]}}