{"id":40128,"date":"2021-04-19T07:33:26","date_gmt":"2021-04-19T05:33:26","guid":{"rendered":"https:\/\/leregardlibre.com\/?p=40128"},"modified":"2022-09-04T10:19:18","modified_gmt":"2022-09-04T08:19:18","slug":"hass-und-rache-werden-nie-fur-mich-sein","status":"publish","type":"post","link":"https:\/\/leregardlibre.com\/de\/gesellschaft\/hass-und-rache-werden-nie-fur-mich-sein\/","title":{"rendered":"\u00abHass und Rache werden nie f\u00fcr mich sein\u00bb"},"content":{"rendered":"<p><em><a href=\"https:\/\/leregardlibre.com\/de\/produkt\/der-freie-blick-nr-73\/\" data-type=\"product\" data-id=\"39334\">Le Regard Libre N\u00b0\u00a073<\/a> &#8211; Tribune de Max Lobe<\/em><\/p>\n\n\n\n<p class=\"has-drop-cap\"><strong>Le romancier suisse d\u2019origine camerounaise, multilingue et auteur notamment de <em>39 rue de Berne<\/em> (2013), <em><a href=\"https:\/\/leregardlibre.com\/de\/literatur\/weit-weg-von-douala-und-afrika-vermisst-dich\/\" data-type=\"post\" data-id=\"14956\">Weit weg von Douala<\/a><\/em> (2018) und <em><a href=\"https:\/\/leregardlibre.com\/de\/literatur\/lorgie-litteraire-de-max-lobe\/\" data-type=\"post\" data-id=\"37869\">La Promesse de Sa Phall\u2019Excellence<\/a><\/em> (2021), publie une tribune en r\u00e9action aux derni\u00e8res manifestations d\u2019anti-racisme&#8230; raciste <\/strong><em>(siehe <a href=\"https:\/\/leregardlibre.com\/de\/editorials\/linterpretation-artistique-nouvelle-victime-de-lepoque\/\" data-type=\"post\" data-id=\"39926\">\u00e9dito de Jonas Follonier<\/a>)<\/em><strong>.<\/strong><\/p>\n\n\n\n<!--more Lire la tribune (En libre acc\u00e8s)-->\n\n\n\n\n\n<p>Quel dommage de penser que la r\u00e9ponse \u00e0 la discrimination (quel que soit le type de discrimination, mais surtout le racisme) est de devenir racistes.<\/p>\n\n\n\n<p>Mes amis, ce n\u2019est absolument pas mon choix. Et croyez-moi: en tant qu\u2019homme noir gay, je connais l\u2019odeur du racisme, de la haine, de l\u2019amertume. Ma m\u00e8re m\u2019a toujours dit de r\u00e9pondre par l\u2019amour. C\u2019est difficile, mais possible.<\/p>\n\n\n\n<p>Je me souviens d\u2019une vieille femme blanche dans un bar \u00e0 Zurich, qui m\u2019a demand\u00e9 de retourner dans mes for\u00eats. Je n\u2019\u00e9tais pas seul. Mes amis \u00e9taient choqu\u00e9s. La fille (je crois) de cette vieille femme \u00e9tait choqu\u00e9e. Et vous savez quoi? Je n\u2019ai pas \u00e9t\u00e9 choqu\u00e9. Je suis habitu\u00e9 \u00e0 la haine. Une haine inutile. Je peux la sentir de loin. Non. J\u2019ai attendu quelques minutes et puis, en allant aux toilettes, je me suis arr\u00eat\u00e9 et j\u2019ai pris la vieille femme dans mes bras. J\u2019ai murmur\u00e9 \u00e0 son oreille: \u00abJe serai bient\u00f4t de retour dans ma for\u00eat. Mais ce n\u2019est pas encore le moment. Eh mami!?\u00bb J\u2019ai rigol\u00e9 en allant uriner. La vieille femme, tomate rouge, \u00e9tait choqu\u00e9e.\u00a0<\/p>\n\n\n\n<p>Si je suis ce que je suis devenu aujourd\u2019hui, c\u2019est parce que je pr\u00e9f\u00e8re rire. Parfois, j\u2019apprends \u00e0 rire des racistes, des homophobes, des misogynes, etc. Mais je ne peux pas les ha\u00efr.<\/p>\n\n\n\n<p>\u00abHass und Rache werden nie f\u00fcr mich sein\u00bb<\/p>\n\n\n\n\n\n<p><strong><em>(La version fran\u00e7aise, qui pr\u00e9c\u00e8de, est une traduction, le texte original, ci-apr\u00e8s, \u00e9tant en anglais<\/em>.)<\/strong><\/p>\n\n\n\n<p><em>What a pity to think that the answer to discrimination (no matter what kind of discrimination but especially racism) is to become racists.\u00a0<\/em><\/p>\n\n\n\n<p><em>My people, that\u2019s definitely not my choice. And believe me: as a gay black man, I know the smell of racism, of hate, of bitterness. My mum always taucht me to answer with love. It\u2019s difficult but possible.\u00a0<\/em><\/p>\n\n\n\n<p><em>I remember an old white women in a bar in Zurich who asked to go back to my forests. I wasn\u2019t alone. My friends were shocked. The daughter (I think) of that old woman was shocked. And you know what? I wasn\u2019t shocked. I\u2019m used to hate. Useless hate. I can smell it from afar. No. I waited a few minutes and then, on my way to toilets, I stopped and hugged the old woman. I murmured in her ear: I will be back soon in my forest. But it\u2019s not yet the time. Eh mami!?\u201d I laughed on my way to pi. The red tomato old woman was shocked.<\/em><\/p>\n\n\n\n<p><em>If I\u2019m what I\u2019m becoming today, is because I prefer to laugh. Sometimes, I learn to laugh at racists, homophobic, misogynistic, etc. I just can\u2019t hate them.\u00a0<\/em><\/p>\n\n\n\n<p><em>Hate and revenge will never be my portion.<\/em><\/p>\n\n\n\n<p>Cr\u00e9dit photo: \u00a9 Niels Ackermann<\/p>\n\n\n\n<form method=\"post\" action=\"https:\/\/newsletter.infomaniak.com\/external\/submit\" class=\"inf-form\" target=\"_blank\"><input type=\"email\" name=\"email\" style=\"display:none\" \/><input type=\"hidden\" name=\"key\" value=\"eyJpdiI6IlZXRVJGMlRGQUU2alNqUE81bitIUk5adnNVa0c4MllFTStzOHdHT1FQZ3c9IiwidmFsdWUiOiJIYzhwMUVCK1pTNnlhY3MyMmhuZlhReWJqemEwNk93blMxTjFHc0s2VHZrPSIsIm1hYyI6ImVhYTQ5N2I1M2NiYWE4NzBmNjk2NzgzYjliM2Y5NmYzM2E2ZmU3NGQxNTU1ZDFkMTU1MzY5NTdjYjE3ZTJmNTUifQ==\"><input type=\"hidden\" name=\"webform_id\" value=\"7291\"><style> .inf-main_3000311ca56a1cb93397bc676c0b7fff{ background-color:#f5f5f5; padding:25px 20px; margin:25px auto; } .inf-main_3000311ca56a1cb93397bc676c0b7fff .inf-content { margin-top:13px;} .inf-main_3000311ca56a1cb93397bc676c0b7fff h4, .inf-main_3000311ca56a1cb93397bc676c0b7fff span, .inf-main_3000311ca56a1cb93397bc676c0b7fff label, .inf-main_3000311ca56a1cb93397bc676c0b7fff input, .inf-main_3000311ca56a1cb93397bc676c0b7fff .inf-submit, .inf-main_3000311ca56a1cb93397bc676c0b7fff .inf-success p a { color:#555555; font-size:14px; } .inf-main_3000311ca56a1cb93397bc676c0b7fff h4{ font-size:18px; margin:0px 0px 13px 0px; } .inf-main_3000311ca56a1cb93397bc676c0b7fff h4, .inf-main_3000311ca56a1cb93397bc676c0b7fff label{ font-weight:bold; } .inf-main_3000311ca56a1cb93397bc676c0b7fff .inf-input { margin-bottom:7px; } .inf-main_3000311ca56a1cb93397bc676c0b7fff label { display:block;} .inf-main_3000311ca56a1cb93397bc676c0b7fff input{ height:35px; color:#999999; border: 1px solid #E9E9E9; border:none; padding-left:7px; } .inf-main_3000311ca56a1cb93397bc676c0b7fff .inf-input.inf-error label, .inf-main_3000311ca56a1cb93397bc676c0b7fff .inf-input.inf-error span.inf-message{ color: #cc0033; } .inf-main_3000311ca56a1cb93397bc676c0b7fff .inf-input.inf-error input{ border: 1px solid #cc0033; } .inf-main_3000311ca56a1cb93397bc676c0b7fff .inf-input input { width:100%;} .inf-main_3000311ca56a1cb93397bc676c0b7fff .inf-input.inf-error span.inf-message { display: block; } .inf-main_3000311ca56a1cb93397bc676c0b7fff .inf-submit { text-align:right;} .inf-main_3000311ca56a1cb93397bc676c0b7fff .inf-submit input{ background-color:#777777; color:#ffffff; border:none; font-weight: normal; height:auto; padding:7px; } .inf-main_3000311ca56a1cb93397bc676c0b7fff .inf-submit input.disabled{ opacity: 0.4; } .inf-btn { color: rgb(85, 85, 85); border: medium none; font-weight: normal; height: auto; padding: 7px; display: inline-block; background-color: white; box-shadow: 0px 1px 1px rgba(0, 0, 0, 0.24); border-radius: 2px; line-height: 1em; } .inf-rgpd { margin:25px 0px 15px 0px; color:#555555; } <\/style> <div class=\"inf-main_3000311ca56a1cb93397bc676c0b7fff\"> <h4>NEWSLETTER DES FREIEN BLICKS<\/h4> <span>Erhalten Sie unsere Artikel jeden Sonntag.<\/span> <div class=\"inf-success\" style=\"display:none\"> <h4>Ihre Anmeldung f\u00fcr unseren w\u00f6chentlichen Newsletter wurde erfolgreich registriert!<\/h4> <p> <a href=\"#\" class=\"inf-btn\">\u00ab<\/a> <\/p> <\/div> <div class=\"inf-content\"> <div class=\"inf-input inf-input-text\"> <input type=\"text\" name=\"inf[1]\" data-inf-meta = \"1\" data-inf-error = \"Merci de renseigner une adresse email\" required=\"required\" placeholder=\"E-Mail\" > <\/div> <div class=\"inf-submit\"> <input type=\"submit\" name=\"\" value=\"Anmelden\"> <\/div> <\/div> <\/div> <\/form>\n\n\n\n<div class=\"wp-block-media-text alignwide is-stacked-on-mobile\" style=\"grid-template-columns:33% auto\"><figure class=\"wp-block-media-text__media\"><img fetchpriority=\"high\" decoding=\"async\" width=\"500\" height=\"739\" src=\"http:\/\/leregardlibre.com\/wp-content\/uploads\/2021\/01\/thumb-large_lapromessedesaphallexcellence.png\" alt=\"\" class=\"wp-image-37877 size-full\" srcset=\"https:\/\/leregardlibre.com\/wp-content\/uploads\/2021\/01\/thumb-large_lapromessedesaphallexcellence.png 500w, https:\/\/leregardlibre.com\/wp-content\/uploads\/2021\/01\/thumb-large_lapromessedesaphallexcellence-203x300.png 203w, https:\/\/leregardlibre.com\/wp-content\/uploads\/2021\/01\/thumb-large_lapromessedesaphallexcellence-101x150.png 101w, https:\/\/leregardlibre.com\/wp-content\/uploads\/2021\/01\/thumb-large_lapromessedesaphallexcellence-300x443.png 300w\" sizes=\"(max-width: 500px) 100vw, 500px\" \/><\/figure><div class=\"wp-block-media-text__content\">\n<p class=\"has-text-align-left\"><strong>Max Lobe <br><em>La Promesse de Sa Phall&#8217;Excellence<\/em><br>Zo\u00e9-Verlag<br>2021<br>144 Seiten<\/strong><\/p>\n\n\n\n<div class=\"wp-block-buttons is-layout-flex wp-block-buttons-is-layout-flex\">\n<div class=\"wp-block-button\"><a class=\"wp-block-button__link\" href=\"https:\/\/www.editionszoe.ch\/livre\/la-promesse-de-sa-phall-excellence\">Bestellen<\/a><\/div>\n<\/div>\n<\/div><\/div>","protected":false},"excerpt":{"rendered":"<p>Trib\u00fcne von Max Lobe<\/p>","protected":false},"author":1,"featured_media":40134,"comment_status":"open","ping_status":"closed","sticky":false,"template":"","format":"standard","meta":{"_acf_changed":false,"footnotes":""},"categories":[8796],"tags":[469062,228275,98538158,644353942,26297,644356564,644342149],"class_list":["post-40128","post","type-post","status-publish","format-standard","has-post-thumbnail","hentry","category-societe","tag-antiracisme","tag-haine","tag-max-lobe","tag-racialisme","tag-racisme","tag-tribunes","tag-vengeance"],"acf":[],"yoast_head":"<!-- This site is optimized with the Yoast SEO Premium plugin v27.4 (Yoast SEO v27.4) - https:\/\/yoast.com\/product\/yoast-seo-premium-wordpress\/ -->\n<title>\u00abLa haine et la vengeance ne seront jamais pour moi\u00bb<\/title>\n<meta name=\"robots\" content=\"index, follow, max-snippet:-1, max-image-preview:large, max-video-preview:-1\" \/>\n<link rel=\"canonical\" href=\"https:\/\/leregardlibre.com\/de\/gesellschaft\/hass-und-rache-werden-nie-fur-mich-sein\/\" \/>\n<meta property=\"og:locale\" content=\"de_DE\" \/>\n<meta property=\"og:type\" content=\"article\" \/>\n<meta property=\"og:title\" content=\"\u00abLa haine et la vengeance ne seront jamais pour moi\u00bb\" \/>\n<meta property=\"og:description\" content=\"Tribune de Max Lobe\" \/>\n<meta property=\"og:url\" content=\"https:\/\/leregardlibre.com\/de\/gesellschaft\/hass-und-rache-werden-nie-fur-mich-sein\/\" \/>\n<meta property=\"og:site_name\" content=\"Le Regard Libre\" \/>\n<meta property=\"article:publisher\" content=\"https:\/\/www.facebook.com\/leregardlibre\/\" \/>\n<meta property=\"article:published_time\" content=\"2021-04-19T05:33:26+00:00\" \/>\n<meta property=\"article:modified_time\" content=\"2022-09-04T08:19:18+00:00\" \/>\n<meta property=\"og:image\" content=\"https:\/\/leregardlibre.com\/wp-content\/uploads\/2021\/04\/Max-Lobe-\u00a9-Niels-Ackermann.jpeg\" \/>\n\t<meta property=\"og:image:width\" content=\"1280\" \/>\n\t<meta property=\"og:image:height\" content=\"720\" \/>\n\t<meta property=\"og:image:type\" content=\"image\/jpeg\" \/>\n<meta name=\"author\" content=\"Le Regard Libre\" \/>\n<meta name=\"twitter:card\" content=\"summary_large_image\" \/>\n<meta name=\"twitter:creator\" content=\"@LeRegardLibre\" \/>\n<meta name=\"twitter:site\" content=\"@LeRegardLibre\" \/>\n<meta name=\"twitter:label1\" content=\"Verfasst von\" \/>\n\t<meta name=\"twitter:data1\" content=\"Le Regard Libre\" \/>\n\t<meta name=\"twitter:label2\" content=\"Gesch\u00e4tzte Lesezeit\" \/>\n\t<meta name=\"twitter:data2\" content=\"3\u00a0Minuten\" \/>\n<script type=\"application\/ld+json\" class=\"yoast-schema-graph\">{\"@context\":\"https:\\\/\\\/schema.org\",\"@graph\":[{\"@type\":\"Article\",\"@id\":\"https:\\\/\\\/leregardlibre.com\\\/societe\\\/la-haine-et-la-vengeance-ne-seront-jamais-pour-moi\\\/#article\",\"isPartOf\":{\"@id\":\"https:\\\/\\\/leregardlibre.com\\\/societe\\\/la-haine-et-la-vengeance-ne-seront-jamais-pour-moi\\\/\"},\"author\":{\"name\":\"Le Regard Libre\",\"@id\":\"https:\\\/\\\/leregardlibre.com\\\/#\\\/schema\\\/person\\\/68aceea2de84966d0928b49556d54101\"},\"headline\":\"\u00abLa haine et la vengeance ne seront jamais pour moi\u00bb\",\"datePublished\":\"2021-04-19T05:33:26+00:00\",\"dateModified\":\"2022-09-04T08:19:18+00:00\",\"mainEntityOfPage\":{\"@id\":\"https:\\\/\\\/leregardlibre.com\\\/societe\\\/la-haine-et-la-vengeance-ne-seront-jamais-pour-moi\\\/\"},\"wordCount\":587,\"commentCount\":0,\"publisher\":{\"@id\":\"https:\\\/\\\/leregardlibre.com\\\/#organization\"},\"image\":{\"@id\":\"https:\\\/\\\/leregardlibre.com\\\/societe\\\/la-haine-et-la-vengeance-ne-seront-jamais-pour-moi\\\/#primaryimage\"},\"thumbnailUrl\":\"https:\\\/\\\/leregardlibre.com\\\/wp-content\\\/uploads\\\/2021\\\/04\\\/Max-Lobe-\u00a9-Niels-Ackermann.jpeg\",\"keywords\":[\"Antiracisme\",\"Haine\",\"max lobe\",\"racialisme\",\"Racisme\",\"Tribune\",\"vengeance\"],\"articleSection\":[\"Soci\u00e9t\u00e9\"],\"inLanguage\":\"de\",\"potentialAction\":[{\"@type\":\"CommentAction\",\"name\":\"Comment\",\"target\":[\"https:\\\/\\\/leregardlibre.com\\\/societe\\\/la-haine-et-la-vengeance-ne-seront-jamais-pour-moi\\\/#respond\"]}]},{\"@type\":\"WebPage\",\"@id\":\"https:\\\/\\\/leregardlibre.com\\\/societe\\\/la-haine-et-la-vengeance-ne-seront-jamais-pour-moi\\\/\",\"url\":\"https:\\\/\\\/leregardlibre.com\\\/societe\\\/la-haine-et-la-vengeance-ne-seront-jamais-pour-moi\\\/\",\"name\":\"\u00abLa haine et la vengeance ne seront jamais pour moi\u00bb\",\"isPartOf\":{\"@id\":\"https:\\\/\\\/leregardlibre.com\\\/#website\"},\"primaryImageOfPage\":{\"@id\":\"https:\\\/\\\/leregardlibre.com\\\/societe\\\/la-haine-et-la-vengeance-ne-seront-jamais-pour-moi\\\/#primaryimage\"},\"image\":{\"@id\":\"https:\\\/\\\/leregardlibre.com\\\/societe\\\/la-haine-et-la-vengeance-ne-seront-jamais-pour-moi\\\/#primaryimage\"},\"thumbnailUrl\":\"https:\\\/\\\/leregardlibre.com\\\/wp-content\\\/uploads\\\/2021\\\/04\\\/Max-Lobe-\u00a9-Niels-Ackermann.jpeg\",\"datePublished\":\"2021-04-19T05:33:26+00:00\",\"dateModified\":\"2022-09-04T08:19:18+00:00\",\"breadcrumb\":{\"@id\":\"https:\\\/\\\/leregardlibre.com\\\/societe\\\/la-haine-et-la-vengeance-ne-seront-jamais-pour-moi\\\/#breadcrumb\"},\"inLanguage\":\"de\",\"potentialAction\":[{\"@type\":\"ReadAction\",\"target\":[\"https:\\\/\\\/leregardlibre.com\\\/societe\\\/la-haine-et-la-vengeance-ne-seront-jamais-pour-moi\\\/\"]}]},{\"@type\":\"ImageObject\",\"inLanguage\":\"de\",\"@id\":\"https:\\\/\\\/leregardlibre.com\\\/societe\\\/la-haine-et-la-vengeance-ne-seront-jamais-pour-moi\\\/#primaryimage\",\"url\":\"https:\\\/\\\/leregardlibre.com\\\/wp-content\\\/uploads\\\/2021\\\/04\\\/Max-Lobe-\u00a9-Niels-Ackermann.jpeg\",\"contentUrl\":\"https:\\\/\\\/leregardlibre.com\\\/wp-content\\\/uploads\\\/2021\\\/04\\\/Max-Lobe-\u00a9-Niels-Ackermann.jpeg\",\"width\":1280,\"height\":720},{\"@type\":\"BreadcrumbList\",\"@id\":\"https:\\\/\\\/leregardlibre.com\\\/societe\\\/la-haine-et-la-vengeance-ne-seront-jamais-pour-moi\\\/#breadcrumb\",\"itemListElement\":[{\"@type\":\"ListItem\",\"position\":1,\"name\":\"Accueil\",\"item\":\"https:\\\/\\\/leregardlibre.com\\\/\"},{\"@type\":\"ListItem\",\"position\":2,\"name\":\"\u00abLa haine et la vengeance ne seront jamais pour moi\u00bb\"}]},{\"@type\":\"WebSite\",\"@id\":\"https:\\\/\\\/leregardlibre.com\\\/#website\",\"url\":\"https:\\\/\\\/leregardlibre.com\\\/\",\"name\":\"Le Regard Libre\",\"description\":\"Premier mensuel suisse de d\u00e9bat\",\"publisher\":{\"@id\":\"https:\\\/\\\/leregardlibre.com\\\/#organization\"},\"potentialAction\":[{\"@type\":\"SearchAction\",\"target\":{\"@type\":\"EntryPoint\",\"urlTemplate\":\"https:\\\/\\\/leregardlibre.com\\\/?s={search_term_string}\"},\"query-input\":{\"@type\":\"PropertyValueSpecification\",\"valueRequired\":true,\"valueName\":\"search_term_string\"}}],\"inLanguage\":\"de\"},{\"@type\":\"Organization\",\"@id\":\"https:\\\/\\\/leregardlibre.com\\\/#organization\",\"name\":\"Le Regard Libre\",\"url\":\"https:\\\/\\\/leregardlibre.com\\\/\",\"logo\":{\"@type\":\"ImageObject\",\"inLanguage\":\"de\",\"@id\":\"https:\\\/\\\/leregardlibre.com\\\/#\\\/schema\\\/logo\\\/image\\\/\",\"url\":\"https:\\\/\\\/leregardlibre.com\\\/wp-content\\\/uploads\\\/2025\\\/08\\\/logo-rl-icone-neg.jpeg\",\"contentUrl\":\"https:\\\/\\\/leregardlibre.com\\\/wp-content\\\/uploads\\\/2025\\\/08\\\/logo-rl-icone-neg.jpeg\",\"width\":557,\"height\":556,\"caption\":\"Le Regard Libre\"},\"image\":{\"@id\":\"https:\\\/\\\/leregardlibre.com\\\/#\\\/schema\\\/logo\\\/image\\\/\"},\"sameAs\":[\"https:\\\/\\\/www.facebook.com\\\/leregardlibre\\\/\",\"https:\\\/\\\/x.com\\\/LeRegardLibre\",\"https:\\\/\\\/www.linkedin.com\\\/company\\\/le-regard-libre\",\"https:\\\/\\\/www.instagram.com\\\/leregardlibre\\\/\",\"http:\\\/\\\/t.me\\\/leregardlibre\",\"https:\\\/\\\/youtube.com\\\/channel\\\/UC6HzGPomj1LsUmlz-sJtITQ\"],\"description\":\"Le Regard Libre est un mensuel suisse de d\u00e9bat intellectuel et culturel. Sa r\u00e9daction est jeune, b\u00e9n\u00e9vole, lib\u00e9rale et pluraliste. Le magazine para\u00eet en ligne et sous forme papier. Sa langue est le fran\u00e7ais.\",\"email\":\"redaction@leregardlibre.com\",\"legalName\":\"Le Regard Libre\",\"foundingDate\":\"2014-01-01\",\"numberOfEmployees\":{\"@type\":\"QuantitativeValue\",\"minValue\":\"11\",\"maxValue\":\"50\"},\"publishingPrinciples\":\"https:\\\/\\\/leregardlibre.com\\\/a-propos\\\/notre-manifeste\\\/\",\"ownershipFundingInfo\":\"https:\\\/\\\/leregardlibre.com\\\/mentions-legales\\\/\",\"actionableFeedbackPolicy\":\"https:\\\/\\\/leregardlibre.com\\\/conditions-generales-de-vente\\\/\"},{\"@type\":\"Person\",\"@id\":\"https:\\\/\\\/leregardlibre.com\\\/#\\\/schema\\\/person\\\/68aceea2de84966d0928b49556d54101\",\"name\":\"Le Regard Libre\",\"image\":{\"@type\":\"ImageObject\",\"inLanguage\":\"de\",\"@id\":\"https:\\\/\\\/secure.gravatar.com\\\/avatar\\\/ccf13a262e399e026577c8158b11cbdef98921ac28fa06bc0d43a2d0e2a4a1c0?s=96&d=identicon&r=g\",\"url\":\"https:\\\/\\\/secure.gravatar.com\\\/avatar\\\/ccf13a262e399e026577c8158b11cbdef98921ac28fa06bc0d43a2d0e2a4a1c0?s=96&d=identicon&r=g\",\"contentUrl\":\"https:\\\/\\\/secure.gravatar.com\\\/avatar\\\/ccf13a262e399e026577c8158b11cbdef98921ac28fa06bc0d43a2d0e2a4a1c0?s=96&d=identicon&r=g\",\"caption\":\"Le Regard Libre\"},\"description\":\"Premier mensuel suisse de d\u00e9bat\",\"sameAs\":[\"https:\\\/\\\/fr.wikipedia.org\\\/wiki\\\/Le_Regard_libre\"],\"url\":\"https:\\\/\\\/leregardlibre.com\\\/de\\\/author\\\/leregardlibre\\\/\"}]}<\/script>\n<!-- \/ Yoast SEO Premium plugin. -->","yoast_head_json":{"title":"\u00abHass und Rache werden nie f\u00fcr mich sein\u00bb","robots":{"index":"index","follow":"follow","max-snippet":"max-snippet:-1","max-image-preview":"max-image-preview:large","max-video-preview":"max-video-preview:-1"},"canonical":"https:\/\/leregardlibre.com\/de\/gesellschaft\/hass-und-rache-werden-nie-fur-mich-sein\/","og_locale":"de_DE","og_type":"article","og_title":"\u00abLa haine et la vengeance ne seront jamais pour moi\u00bb","og_description":"Tribune de Max Lobe","og_url":"https:\/\/leregardlibre.com\/de\/gesellschaft\/hass-und-rache-werden-nie-fur-mich-sein\/","og_site_name":"Le Regard Libre","article_publisher":"https:\/\/www.facebook.com\/leregardlibre\/","article_published_time":"2021-04-19T05:33:26+00:00","article_modified_time":"2022-09-04T08:19:18+00:00","og_image":[{"width":1280,"height":720,"url":"https:\/\/leregardlibre.com\/wp-content\/uploads\/2021\/04\/Max-Lobe-\u00a9-Niels-Ackermann.jpeg","type":"image\/jpeg"}],"author":"Le Regard Libre","twitter_card":"summary_large_image","twitter_creator":"@LeRegardLibre","twitter_site":"@LeRegardLibre","twitter_misc":{"Verfasst von":"Le Regard Libre","Gesch\u00e4tzte Lesezeit":"3\u00a0Minuten"},"schema":{"@context":"https:\/\/schema.org","@graph":[{"@type":"Article","@id":"https:\/\/leregardlibre.com\/societe\/la-haine-et-la-vengeance-ne-seront-jamais-pour-moi\/#article","isPartOf":{"@id":"https:\/\/leregardlibre.com\/societe\/la-haine-et-la-vengeance-ne-seront-jamais-pour-moi\/"},"author":{"name":"Le Regard Libre","@id":"https:\/\/leregardlibre.com\/#\/schema\/person\/68aceea2de84966d0928b49556d54101"},"headline":"\u00abLa haine et la vengeance ne seront jamais pour moi\u00bb","datePublished":"2021-04-19T05:33:26+00:00","dateModified":"2022-09-04T08:19:18+00:00","mainEntityOfPage":{"@id":"https:\/\/leregardlibre.com\/societe\/la-haine-et-la-vengeance-ne-seront-jamais-pour-moi\/"},"wordCount":587,"commentCount":0,"publisher":{"@id":"https:\/\/leregardlibre.com\/#organization"},"image":{"@id":"https:\/\/leregardlibre.com\/societe\/la-haine-et-la-vengeance-ne-seront-jamais-pour-moi\/#primaryimage"},"thumbnailUrl":"https:\/\/leregardlibre.com\/wp-content\/uploads\/2021\/04\/Max-Lobe-\u00a9-Niels-Ackermann.jpeg","keywords":["Antiracisme","Haine","max lobe","racialisme","Racisme","Tribune","vengeance"],"articleSection":["Soci\u00e9t\u00e9"],"inLanguage":"de","potentialAction":[{"@type":"CommentAction","name":"Comment","target":["https:\/\/leregardlibre.com\/societe\/la-haine-et-la-vengeance-ne-seront-jamais-pour-moi\/#respond"]}]},{"@type":"WebPage","@id":"https:\/\/leregardlibre.com\/societe\/la-haine-et-la-vengeance-ne-seront-jamais-pour-moi\/","url":"https:\/\/leregardlibre.com\/societe\/la-haine-et-la-vengeance-ne-seront-jamais-pour-moi\/","name":"\u00abHass und Rache werden nie f\u00fcr mich sein\u00bb","isPartOf":{"@id":"https:\/\/leregardlibre.com\/#website"},"primaryImageOfPage":{"@id":"https:\/\/leregardlibre.com\/societe\/la-haine-et-la-vengeance-ne-seront-jamais-pour-moi\/#primaryimage"},"image":{"@id":"https:\/\/leregardlibre.com\/societe\/la-haine-et-la-vengeance-ne-seront-jamais-pour-moi\/#primaryimage"},"thumbnailUrl":"https:\/\/leregardlibre.com\/wp-content\/uploads\/2021\/04\/Max-Lobe-\u00a9-Niels-Ackermann.jpeg","datePublished":"2021-04-19T05:33:26+00:00","dateModified":"2022-09-04T08:19:18+00:00","breadcrumb":{"@id":"https:\/\/leregardlibre.com\/societe\/la-haine-et-la-vengeance-ne-seront-jamais-pour-moi\/#breadcrumb"},"inLanguage":"de","potentialAction":[{"@type":"ReadAction","target":["https:\/\/leregardlibre.com\/societe\/la-haine-et-la-vengeance-ne-seront-jamais-pour-moi\/"]}]},{"@type":"ImageObject","inLanguage":"de","@id":"https:\/\/leregardlibre.com\/societe\/la-haine-et-la-vengeance-ne-seront-jamais-pour-moi\/#primaryimage","url":"https:\/\/leregardlibre.com\/wp-content\/uploads\/2021\/04\/Max-Lobe-\u00a9-Niels-Ackermann.jpeg","contentUrl":"https:\/\/leregardlibre.com\/wp-content\/uploads\/2021\/04\/Max-Lobe-\u00a9-Niels-Ackermann.jpeg","width":1280,"height":720},{"@type":"BreadcrumbList","@id":"https:\/\/leregardlibre.com\/societe\/la-haine-et-la-vengeance-ne-seront-jamais-pour-moi\/#breadcrumb","itemListElement":[{"@type":"ListItem","position":1,"name":"Accueil","item":"https:\/\/leregardlibre.com\/"},{"@type":"ListItem","position":2,"name":"\u00abLa haine et la vengeance ne seront jamais pour moi\u00bb"}]},{"@type":"WebSite","@id":"https:\/\/leregardlibre.com\/#website","url":"https:\/\/leregardlibre.com\/","name":"Le Regard Libre","description":"Erste Schweizer Monatszeitschrift f\u00fcr Debatten","publisher":{"@id":"https:\/\/leregardlibre.com\/#organization"},"potentialAction":[{"@type":"SearchAction","target":{"@type":"EntryPoint","urlTemplate":"https:\/\/leregardlibre.com\/?s={search_term_string}"},"query-input":{"@type":"PropertyValueSpecification","valueRequired":true,"valueName":"search_term_string"}}],"inLanguage":"de"},{"@type":"Organization","@id":"https:\/\/leregardlibre.com\/#organization","name":"Le Regard Libre","url":"https:\/\/leregardlibre.com\/","logo":{"@type":"ImageObject","inLanguage":"de","@id":"https:\/\/leregardlibre.com\/#\/schema\/logo\/image\/","url":"https:\/\/leregardlibre.com\/wp-content\/uploads\/2025\/08\/logo-rl-icone-neg.jpeg","contentUrl":"https:\/\/leregardlibre.com\/wp-content\/uploads\/2025\/08\/logo-rl-icone-neg.jpeg","width":557,"height":556,"caption":"Le Regard Libre"},"image":{"@id":"https:\/\/leregardlibre.com\/#\/schema\/logo\/image\/"},"sameAs":["https:\/\/www.facebook.com\/leregardlibre\/","https:\/\/x.com\/LeRegardLibre","https:\/\/www.linkedin.com\/company\/le-regard-libre","https:\/\/www.instagram.com\/leregardlibre\/","http:\/\/t.me\/leregardlibre","https:\/\/youtube.com\/channel\/UC6HzGPomj1LsUmlz-sJtITQ"],"description":"Le Regard Libre ist eine Schweizer Monatszeitschrift f\u00fcr intellektuelle und kulturelle Debatten. Seine Redaktion ist jung, ehrenamtlich, liberal und pluralistisch. Das Magazin erscheint online und in gedruckter Form. Seine Sprache ist Franz\u00f6sisch.","email":"redaction@leregardlibre.com","legalName":"Le Regard Libre","foundingDate":"2014-01-01","numberOfEmployees":{"@type":"QuantitativeValue","minValue":"11","maxValue":"50"},"publishingPrinciples":"https:\/\/leregardlibre.com\/a-propos\/notre-manifeste\/","ownershipFundingInfo":"https:\/\/leregardlibre.com\/mentions-legales\/","actionableFeedbackPolicy":"https:\/\/leregardlibre.com\/conditions-generales-de-vente\/"},{"@type":"Person","@id":"https:\/\/leregardlibre.com\/#\/schema\/person\/68aceea2de84966d0928b49556d54101","name":"Le Regard Libre","image":{"@type":"ImageObject","inLanguage":"de","@id":"https:\/\/secure.gravatar.com\/avatar\/ccf13a262e399e026577c8158b11cbdef98921ac28fa06bc0d43a2d0e2a4a1c0?s=96&d=identicon&r=g","url":"https:\/\/secure.gravatar.com\/avatar\/ccf13a262e399e026577c8158b11cbdef98921ac28fa06bc0d43a2d0e2a4a1c0?s=96&d=identicon&r=g","contentUrl":"https:\/\/secure.gravatar.com\/avatar\/ccf13a262e399e026577c8158b11cbdef98921ac28fa06bc0d43a2d0e2a4a1c0?s=96&d=identicon&r=g","caption":"Le Regard Libre"},"description":"Erste Schweizer Monatszeitschrift f\u00fcr Debatten","sameAs":["https:\/\/fr.wikipedia.org\/wiki\/Le_Regard_libre"],"url":"https:\/\/leregardlibre.com\/de\/author\/leregardlibre\/"}]}},"_links":{"self":[{"href":"https:\/\/leregardlibre.com\/de\/wp-json\/wp\/v2\/posts\/40128","targetHints":{"allow":["GET"]}}],"collection":[{"href":"https:\/\/leregardlibre.com\/de\/wp-json\/wp\/v2\/posts"}],"about":[{"href":"https:\/\/leregardlibre.com\/de\/wp-json\/wp\/v2\/types\/post"}],"author":[{"embeddable":true,"href":"https:\/\/leregardlibre.com\/de\/wp-json\/wp\/v2\/users\/1"}],"replies":[{"embeddable":true,"href":"https:\/\/leregardlibre.com\/de\/wp-json\/wp\/v2\/comments?post=40128"}],"version-history":[{"count":1,"href":"https:\/\/leregardlibre.com\/de\/wp-json\/wp\/v2\/posts\/40128\/revisions"}],"predecessor-version":[{"id":511116,"href":"https:\/\/leregardlibre.com\/de\/wp-json\/wp\/v2\/posts\/40128\/revisions\/511116"}],"wp:featuredmedia":[{"embeddable":true,"href":"https:\/\/leregardlibre.com\/de\/wp-json\/wp\/v2\/media\/40134"}],"wp:attachment":[{"href":"https:\/\/leregardlibre.com\/de\/wp-json\/wp\/v2\/media?parent=40128"}],"wp:term":[{"taxonomy":"category","embeddable":true,"href":"https:\/\/leregardlibre.com\/de\/wp-json\/wp\/v2\/categories?post=40128"},{"taxonomy":"post_tag","embeddable":true,"href":"https:\/\/leregardlibre.com\/de\/wp-json\/wp\/v2\/tags?post=40128"}],"curies":[{"name":"wp","href":"https:\/\/api.w.org\/{rel}","templated":true}]}}