{"id":40724,"date":"2021-05-26T08:00:00","date_gmt":"2021-05-26T06:00:00","guid":{"rendered":"https:\/\/leregardlibre.com\/?p=40724"},"modified":"2026-01-12T21:42:26","modified_gmt":"2026-01-12T20:42:26","slug":"tom-und-jerry-hatten-es-besser-machen-konnen-va","status":"publish","type":"post","link":"https:\/\/leregardlibre.com\/de\/kino\/filme\/tom-und-jerry-hatten-es-besser-machen-konnen-va\/","title":{"rendered":"\u00abTom und Jerry\u00bb h\u00e4tten es besser machen k\u00f6nnen."},"content":{"rendered":"<p class=\"has-drop-cap\"><strong>Das von William Hanna und Joseph Barbera geschaffene Cartoon-Duo kehrt in einem Spielfilm unter der Regie von Tim Story zur\u00fcck, der die beiden Helden im 21.<sup>.<\/sup> Jahrhundert. Ein zeitweise lustiger Film, dessen Drehbuch jedoch nicht koh\u00e4rent zu sein scheint.\u00a0<\/strong><\/p>\n\n\n\n<!--more-->\n\n\n\n<figure class=\"wp-block-embed is-type-video is-provider-youtube wp-block-embed-youtube wp-embed-aspect-16-9 wp-has-aspect-ratio\"><div class=\"wp-block-embed__wrapper\">\n<iframe title=\"Tom &amp; Jerry - Offizieller Trailer - Chlo\u00eb Grace Moretz, Michael Pe\u00f1a\" width=\"1000\" height=\"563\" src=\"https:\/\/www.youtube.com\/embed\/WGtBtV7GkUA?feature=oembed\" frameborder=\"0\" allow=\"accelerometer; autoplay; clipboard-write; encrypted-media; gyroscope; picture-in-picture; web-share\" referrerpolicy=\"strict-origin-when-cross-origin\" allowfullscreen><\/iframe>\n<\/div><\/figure>\n\n\n\n<p>Als Kind verfolgten Sie ihre Abenteuer, lachten \u00fcber ihre ewigen Verfolgungsjagden und wussten wahrscheinlich nicht, wen Sie lieber mochten: die Katze oder die Maus. Im Jahr 2021 kehren Tom, der Kater, und Jerry, die Maus, in einem Spielfilm zur\u00fcck, der Real- und Animationsfilme miteinander verbindet. Diesmal spielt die Handlung in New York, und eigentlich scheint es, dass der Film eher ein Spielfilm mit einigen Szenen von Tom und Jerry ist, als ein Film, der sich wirklich mit den beiden Figuren befasst. Dies liegt an den zahlreichen Nebenhandlungen, die die uns gezeigte Geschichte durchziehen. Express-Zusammenfassung.&nbsp;<\/p>\n\n\n\n<h3 class=\"wp-block-heading\" id=\"h-une-souris-a-l-hotel-nbsp\"><strong>Eine Maus im Hotel&nbsp;<\/strong><\/h3>\n\n\n\n<p>Die Er\u00f6ffnungssequenz zeigt New York und kr\u00e4hende Tauben. Darauf folgt eine \u00dcberleitung, in der wir bemerken, dass Jerry versucht, ein neues Zuhause im \u00abBig Apple\u00bb zu mieten, aber wie ihm sein Makler sagt, hat er nicht \u00abdas Budget\u00bb ... Was Tom betrifft, so hat er auf Musik umgesattelt und gibt sich als blinde Katze aus, die Klavier spielt, um sich etwas dazuzuverdienen. Er stellt sich vor, im Madison Square Garden aufzutreten, ein Traum, den die Realit\u00e4t - in Form von Jerry - schnell sabotieren wird. Nat\u00fcrlich bleiben die beiden Rivalen nicht lange ungest\u00f6rt, bevor sie sich zu unserem Vergn\u00fcgen gegenseitig auf die Nerven gehen.<\/p>\n\n\n\n<p>Aber eben, es brauchte eine Zutat, um diese Cartoon-Szenen zu verbinden und, was noch wichtiger ist, um einen reiferen, ja sogar ambitionierteren Film zu machen. Wenn in dem vorherigen Spielfilm \u00fcber das Duo, <em>Tom und Jerry, der Film<\/em> (1992) mussten die Protagonisten einer jungen Waise helfen, ihren Vater zu finden, im Jahr 2021 muss man betonen, dass sich die Sache ein wenig ver\u00e4ndert hat. W\u00e4hrend ihrer ersten Verfolgungsjagd rempelt Tom Kayla (Chlo\u00eb Grace Moretz) an, eine junge Frau, die sich mit Gelegenheitsjobs \u00fcber Wasser h\u00e4lt und es schwer hat, in der Gesellschaft Fu\u00df zu fassen.&nbsp;<\/p>\n\n\n\n<p>Nachdem Kayla wegen Tom ihren Job verloren hat, beschlie\u00dft sie, sich mit einem gestohlenen Lebenslauf bei Royal Gate, einem der exklusivsten und renommiertesten Hotels in New York, zu bewerben. Sie fordert das Unternehmen heraus, um zu beweisen, dass sie auch ohne Schulabschluss in der Lage ist, Gro\u00dfes zu leisten. Kayla l\u00e4sst sich vor\u00fcbergehend im Hotel anstellen, um die Hochzeit von Ben und Preeta, \u00abdem Lieblingspaar der New Yorker\u00bb, zu betreuen. Nat\u00fcrlich ist Terence, der Eventmanager und rechte Hand des Hoteldirektors, nicht begeistert von der Ankunft dieser extravaganten jungen Frau, obwohl er ein <em>self-made-man <\/em>die viel durchgemacht hat. Kaylas neuer Job wird kein Zuckerschlecken. Insbesondere hat sie nicht mit der Tatsache gerechnet, dass Jerry beschlossen hat, die Einrichtung zu seinem neuen Zuhause zu machen.<\/p>\n\n\n\n<h3 class=\"wp-block-heading\" id=\"h-un-melange-d-elements\"><strong>Eine Mischung aus Elementen<\/strong><\/h3>\n\n\n\n<p>Zugegeben, die Abenteuer der blauen Katze und der braunen Maus auf der gro\u00dfen Leinwand zu sehen, weckt Erinnerungen an die Zeit, in der wir Kinder waren. Die ewigen Gags vom Rasensprenger, von der Mausefalle, die nicht funktioniert, oder von Toms machiavellistischen Pl\u00e4nen, Jerry zu fangen, sind immer noch sehr unterhaltsam. Eine der St\u00e4rken des Films ist \u00fcbrigens die F\u00e4higkeit des Drehbuchautors, die Geschichte in unsere Zeit zu versetzen. So gibt es zum Beispiel einen Jerry, der einen Ring als Kronleuchter benutzt oder ein gestohlenes Smartphone als Fernsehbildschirm. Bei einem Ausflug zu zweit durch die Stadt besitzen die beiden Tiere einen eigenen Instagram-Account, dem unter anderem Preeta und Ben folgen. Der denkw\u00fcrdigste Moment des Spielfilms ist wohl die abschlie\u00dfende Verfolgungsjagd von Tom und Jerry, die die Braut Preeta einholen und ins Hotel zur\u00fcckbringen m\u00fcssen. Dazu benutzen die beiden Sidekicks ein elektrisches Skateboard (bitte mit WLAN ausgestattet) und eine Drohne, um ihre Mission zu erf\u00fcllen.<\/p>\n\n\n\n<p>Wie bereits erw\u00e4hnt, macht es zwar Spa\u00df, diesen Film zu sehen, aber es f\u00e4llt schwer, eine Koh\u00e4renz zu finden, da die einzelnen Handlungselemente aneinandergereiht zu sein scheinen, ohne einen wirklichen erz\u00e4hlerischen Beitrag zur Handlung zu leisten. Die Hauptgeschichte ist zwar die von Tom und Jerry, aber sie wird schlie\u00dflich zur Nebensache, wenn es um die Hochzeit von Ben und Preeta geht, zwei Charaktere, die letztlich ziemlich hohl sind. Es wird schnell klar, dass Ben Preeta nur das Beste bieten m\u00f6chte, aber nie auf sie h\u00f6rt, und dass sie nicht gl\u00fccklich ist. Kurzum, ein ziemlich vorhersehbares und bedauerliches Klischee, zumal der Spielfilm von diesen Klischees gut gen\u00e4hrt zu sein scheint, wie in Bezug auf die Figur von Kayla, einer jungen Empork\u00f6mmlingin vom Land, die in New York Erfolg haben will, Terence, dem Mann, der sein Hemd nass machen musste, um sich einen Platz zu erk\u00e4mpfen... In unseren Augen kommt die eigentliche Herausforderung des Spielfilms - und seine potenzielle Herausforderung - eher sp\u00e4t, etwa nach zwei Dritteln, wenn Kayla Tom und Jerry bittet, einen Tag lang friedlich zusammenzuleben, indem sie ihnen einen Tagesausflug nach New York organisiert. In gewisser Weise setzt der Film Elemente zusammen, behandelt sie aber nur oberfl\u00e4chlich.<\/p>\n\n\n\n<form method=\"post\" action=\"https:\/\/newsletter.infomaniak.com\/external\/submit\" class=\"inf-form\" target=\"_blank\"><input type=\"email\" name=\"email\" style=\"display:none\"><input type=\"hidden\" name=\"key\" value=\"eyJpdiI6IlZXRVJGMlRGQUU2alNqUE81bitIUk5adnNVa0c4MllFTStzOHdHT1FQZ3c9IiwidmFsdWUiOiJIYzhwMUVCK1pTNnlhY3MyMmhuZlhReWJqemEwNk93blMxTjFHc0s2VHZrPSIsIm1hYyI6ImVhYTQ5N2I1M2NiYWE4NzBmNjk2NzgzYjliM2Y5NmYzM2E2ZmU3NGQxNTU1ZDFkMTU1MzY5NTdjYjE3ZTJmNTUifQ==\"><input type=\"hidden\" name=\"webform_id\" value=\"7291\"><style> .inf-main_3000311ca56a1cb93397bc676c0b7fff{ background-color:#f5f5f5; padding:25px 20px; margin:25px auto; } .inf-main_3000311ca56a1cb93397bc676c0b7fff .inf-content { margin-top:13px;} .inf-main_3000311ca56a1cb93397bc676c0b7fff h4, .inf-main_3000311ca56a1cb93397bc676c0b7fff span, .inf-main_3000311ca56a1cb93397bc676c0b7fff label, .inf-main_3000311ca56a1cb93397bc676c0b7fff input, .inf-main_3000311ca56a1cb93397bc676c0b7fff .inf-submit, .inf-main_3000311ca56a1cb93397bc676c0b7fff .inf-success p a { color:#555555; font-size:14px; } .inf-main_3000311ca56a1cb93397bc676c0b7fff h4{ font-size:18px; margin:0px 0px 13px 0px; } .inf-main_3000311ca56a1cb93397bc676c0b7fff h4, .inf-main_3000311ca56a1cb93397bc676c0b7fff label{ font-weight:bold; } .inf-main_3000311ca56a1cb93397bc676c0b7fff .inf-input { margin-bottom:7px; } .inf-main_3000311ca56a1cb93397bc676c0b7fff label { display:block;} .inf-main_3000311ca56a1cb93397bc676c0b7fff input{ height:35px; color:#999999; border: 1px solid #E9E9E9; border:none; padding-left:7px; } .inf-main_3000311ca56a1cb93397bc676c0b7fff .inf-input.inf-error label, .inf-main_3000311ca56a1cb93397bc676c0b7fff .inf-input.inf-error span.inf-message{ color: #cc0033; } .inf-main_3000311ca56a1cb93397bc676c0b7fff .inf-input.inf-error input{ border: 1px solid #cc0033; } .inf-main_3000311ca56a1cb93397bc676c0b7fff .inf-input input { width:100%;} .inf-main_3000311ca56a1cb93397bc676c0b7fff .inf-input.inf-error span.inf-message { display: block; } .inf-main_3000311ca56a1cb93397bc676c0b7fff .inf-submit { text-align:right;} .inf-main_3000311ca56a1cb93397bc676c0b7fff .inf-submit input{ background-color:#777777; color:#ffffff; border:none; font-weight: normal; height:auto; padding:7px; } .inf-main_3000311ca56a1cb93397bc676c0b7fff .inf-submit input.disabled{ opacity: 0.4; } .inf-btn { color: rgb(85, 85, 85); border: medium none; font-weight: normal; height: auto; padding: 7px; display: inline-block; background-color: white; box-shadow: 0px 1px 1px rgba(0, 0, 0, 0.24); border-radius: 2px; line-height: 1em; } .inf-rgpd { margin:25px 0px 15px 0px; color:#555555; } <\/style> <div class=\"inf-main_3000311ca56a1cb93397bc676c0b7fff\"> <h4>NEWSLETTER DES FREIEN BLICKS<\/h4> <span>Erhalten Sie unsere Artikel jeden Sonntag.<\/span> <div class=\"inf-success\" style=\"display:none\"> <h4>Ihre Anmeldung f\u00fcr unseren w\u00f6chentlichen Newsletter wurde erfolgreich registriert!<\/h4> <p> <a href=\"#\" class=\"inf-btn\">\u00ab<\/a> <\/p> <\/div> <div class=\"inf-content\"> <div class=\"inf-input inf-input-text\"> <input type=\"text\" name=\"inf[1]\" data-inf-meta=\"1\" data-inf-error=\"Merci de renseigner une adresse email\" required=\"required\" placeholder=\"E-Mail\"> <\/div> <div class=\"inf-submit\"> <input type=\"submit\" name=\"\" value=\"Anmelden\"> <\/div> <\/div> <\/div> <\/form>\n\n\n\n<p><em>Tom und Jerry <\/em>ist kein langweiliger Film im eigentlichen Sinne. Wenn man sich die Szenen mit den beiden Figuren ansieht, kann man sich an ihnen erfreuen und sie genie\u00dfen. Aber bei einer R\u00fcckkehr auf die Kinoleinwand - es ist der zweite Spielfilm \u00fcber ihre Abenteuer seit 1992 - h\u00e4tte man erwartet, dass man den Saal mit Sternen in den Augen verlassen w\u00fcrde. Leider l\u00e4sst der Film den Autor dieser Zeilen eher hungrig zur\u00fcck.<\/p>\n\n\n\n<p><em>Schreiben Sie dem Autor: <a href=\"mailto:ivan.garcia@leregardlibre.com\">ivan.garcia@leregardlibre.com<\/a><\/em><\/p>\n\n\n<div class=\"wp-block-image\">\n<figure class=\"aligncenter size-large\"><img fetchpriority=\"high\" decoding=\"async\" width=\"1707\" height=\"2560\" src=\"http:\/\/leregardlibre.com\/wp-content\/uploads\/2021\/05\/Affiche_Tom-Jerry_V1.2-scaled.jpg\" alt=\"\" class=\"wp-image-40731\" srcset=\"https:\/\/leregardlibre.com\/wp-content\/uploads\/2021\/05\/Affiche_Tom-Jerry_V1.2-scaled.jpg 1707w, https:\/\/leregardlibre.com\/wp-content\/uploads\/2021\/05\/Affiche_Tom-Jerry_V1.2-scaled-200x300.jpg 200w, https:\/\/leregardlibre.com\/wp-content\/uploads\/2021\/05\/Affiche_Tom-Jerry_V1.2-scaled-683x1024.jpg 683w, https:\/\/leregardlibre.com\/wp-content\/uploads\/2021\/05\/Affiche_Tom-Jerry_V1.2-scaled-100x150.jpg 100w, https:\/\/leregardlibre.com\/wp-content\/uploads\/2021\/05\/Affiche_Tom-Jerry_V1.2-scaled-768x1152.jpg 768w, https:\/\/leregardlibre.com\/wp-content\/uploads\/2021\/05\/Affiche_Tom-Jerry_V1.2-scaled-1170x1755.jpg 1170w, https:\/\/leregardlibre.com\/wp-content\/uploads\/2021\/05\/Affiche_Tom-Jerry_V1.2-scaled-585x877.jpg 585w, https:\/\/leregardlibre.com\/wp-content\/uploads\/2021\/05\/Affiche_Tom-Jerry_V1.2-scaled-300x450.jpg 300w, https:\/\/leregardlibre.com\/wp-content\/uploads\/2021\/05\/Affiche_Tom-Jerry_V1.2-scaled-600x900.jpg 600w\" sizes=\"(max-width: 1707px) 100vw, 1707px\" \/><\/figure>\n<\/div>","protected":false},"excerpt":{"rendered":"<p>Un film&#8230; dr\u00f4le par moments<\/p>","protected":false},"author":53,"featured_media":40787,"comment_status":"open","ping_status":"closed","sticky":false,"template":"","format":"standard","meta":{"_acf_changed":false,"footnotes":""},"categories":[644355829],"tags":[644356726,644356727,644356728],"class_list":["post-40724","post","type-post","status-publish","format-standard","has-post-thumbnail","hentry","category-films","tag-joseph-barbera","tag-tim-story","tag-tom-et-jerry"],"acf":[],"yoast_head":"<!-- This site is optimized with the Yoast SEO Premium plugin v27.4 (Yoast SEO v27.4) - https:\/\/yoast.com\/product\/yoast-seo-premium-wordpress\/ -->\n<title>\u00abTom et Jerry\u00bb auraient pu mieux faire, va!<\/title>\n<meta name=\"robots\" content=\"index, follow, max-snippet:-1, max-image-preview:large, max-video-preview:-1\" \/>\n<link rel=\"canonical\" href=\"https:\/\/leregardlibre.com\/de\/kino\/filme\/tom-und-jerry-hatten-es-besser-machen-konnen-va\/\" \/>\n<meta property=\"og:locale\" content=\"de_DE\" \/>\n<meta property=\"og:type\" content=\"article\" \/>\n<meta property=\"og:title\" content=\"\u00abTom et Jerry\u00bb auraient pu mieux faire, va!\" \/>\n<meta property=\"og:description\" content=\"Un film... dr\u00f4le par moments\" \/>\n<meta property=\"og:url\" content=\"https:\/\/leregardlibre.com\/de\/kino\/filme\/tom-und-jerry-hatten-es-besser-machen-konnen-va\/\" \/>\n<meta property=\"og:site_name\" content=\"Le Regard Libre\" \/>\n<meta property=\"article:publisher\" content=\"https:\/\/www.facebook.com\/leregardlibre\/\" \/>\n<meta property=\"article:published_time\" content=\"2021-05-26T06:00:00+00:00\" \/>\n<meta property=\"article:modified_time\" content=\"2026-01-12T20:42:26+00:00\" \/>\n<meta property=\"og:image\" content=\"https:\/\/leregardlibre.com\/wp-content\/uploads\/2021\/05\/089DD5ED-1B14-4871-B5E7-D9BB4D7687FD.jpeg\" \/>\n\t<meta property=\"og:image:width\" content=\"1280\" \/>\n\t<meta property=\"og:image:height\" content=\"686\" \/>\n\t<meta property=\"og:image:type\" content=\"image\/jpeg\" \/>\n<meta name=\"author\" content=\"Ivan Garcia\" \/>\n<meta name=\"twitter:card\" content=\"summary_large_image\" \/>\n<meta name=\"twitter:creator\" content=\"@LeRegardLibre\" \/>\n<meta name=\"twitter:site\" content=\"@LeRegardLibre\" \/>\n<meta name=\"twitter:label1\" content=\"Verfasst von\" \/>\n\t<meta name=\"twitter:data1\" content=\"Ivan Garcia\" \/>\n\t<meta name=\"twitter:label2\" content=\"Gesch\u00e4tzte Lesezeit\" \/>\n\t<meta name=\"twitter:data2\" content=\"6\u00a0Minuten\" \/>\n<script type=\"application\/ld+json\" class=\"yoast-schema-graph\">{\"@context\":\"https:\\\/\\\/schema.org\",\"@graph\":[{\"@type\":\"Article\",\"@id\":\"https:\\\/\\\/leregardlibre.com\\\/cinema\\\/films\\\/tom-et-jerry-auraient-pu-mieux-faire-va\\\/#article\",\"isPartOf\":{\"@id\":\"https:\\\/\\\/leregardlibre.com\\\/cinema\\\/films\\\/tom-et-jerry-auraient-pu-mieux-faire-va\\\/\"},\"author\":{\"name\":\"Ivan Garcia\",\"@id\":\"https:\\\/\\\/leregardlibre.com\\\/#\\\/schema\\\/person\\\/d80dd0028be8739b0c3bed60e131e94a\"},\"headline\":\"\u00abTom et Jerry\u00bb auraient pu mieux faire, va!\",\"datePublished\":\"2021-05-26T06:00:00+00:00\",\"dateModified\":\"2026-01-12T20:42:26+00:00\",\"mainEntityOfPage\":{\"@id\":\"https:\\\/\\\/leregardlibre.com\\\/cinema\\\/films\\\/tom-et-jerry-auraient-pu-mieux-faire-va\\\/\"},\"wordCount\":1067,\"commentCount\":0,\"publisher\":{\"@id\":\"https:\\\/\\\/leregardlibre.com\\\/#organization\"},\"image\":{\"@id\":\"https:\\\/\\\/leregardlibre.com\\\/cinema\\\/films\\\/tom-et-jerry-auraient-pu-mieux-faire-va\\\/#primaryimage\"},\"thumbnailUrl\":\"https:\\\/\\\/leregardlibre.com\\\/wp-content\\\/uploads\\\/2021\\\/05\\\/089DD5ED-1B14-4871-B5E7-D9BB4D7687FD.jpeg\",\"keywords\":[\"joseph barbera\",\"tim story\",\"Tom et Jerry\"],\"articleSection\":[\"Films\"],\"inLanguage\":\"de\",\"potentialAction\":[{\"@type\":\"CommentAction\",\"name\":\"Comment\",\"target\":[\"https:\\\/\\\/leregardlibre.com\\\/cinema\\\/films\\\/tom-et-jerry-auraient-pu-mieux-faire-va\\\/#respond\"]}]},{\"@type\":\"WebPage\",\"@id\":\"https:\\\/\\\/leregardlibre.com\\\/cinema\\\/films\\\/tom-et-jerry-auraient-pu-mieux-faire-va\\\/\",\"url\":\"https:\\\/\\\/leregardlibre.com\\\/cinema\\\/films\\\/tom-et-jerry-auraient-pu-mieux-faire-va\\\/\",\"name\":\"\u00abTom et Jerry\u00bb auraient pu mieux faire, va!\",\"isPartOf\":{\"@id\":\"https:\\\/\\\/leregardlibre.com\\\/#website\"},\"primaryImageOfPage\":{\"@id\":\"https:\\\/\\\/leregardlibre.com\\\/cinema\\\/films\\\/tom-et-jerry-auraient-pu-mieux-faire-va\\\/#primaryimage\"},\"image\":{\"@id\":\"https:\\\/\\\/leregardlibre.com\\\/cinema\\\/films\\\/tom-et-jerry-auraient-pu-mieux-faire-va\\\/#primaryimage\"},\"thumbnailUrl\":\"https:\\\/\\\/leregardlibre.com\\\/wp-content\\\/uploads\\\/2021\\\/05\\\/089DD5ED-1B14-4871-B5E7-D9BB4D7687FD.jpeg\",\"datePublished\":\"2021-05-26T06:00:00+00:00\",\"dateModified\":\"2026-01-12T20:42:26+00:00\",\"breadcrumb\":{\"@id\":\"https:\\\/\\\/leregardlibre.com\\\/cinema\\\/films\\\/tom-et-jerry-auraient-pu-mieux-faire-va\\\/#breadcrumb\"},\"inLanguage\":\"de\",\"potentialAction\":[{\"@type\":\"ReadAction\",\"target\":[\"https:\\\/\\\/leregardlibre.com\\\/cinema\\\/films\\\/tom-et-jerry-auraient-pu-mieux-faire-va\\\/\"]}]},{\"@type\":\"ImageObject\",\"inLanguage\":\"de\",\"@id\":\"https:\\\/\\\/leregardlibre.com\\\/cinema\\\/films\\\/tom-et-jerry-auraient-pu-mieux-faire-va\\\/#primaryimage\",\"url\":\"https:\\\/\\\/leregardlibre.com\\\/wp-content\\\/uploads\\\/2021\\\/05\\\/089DD5ED-1B14-4871-B5E7-D9BB4D7687FD.jpeg\",\"contentUrl\":\"https:\\\/\\\/leregardlibre.com\\\/wp-content\\\/uploads\\\/2021\\\/05\\\/089DD5ED-1B14-4871-B5E7-D9BB4D7687FD.jpeg\",\"width\":1280,\"height\":686},{\"@type\":\"BreadcrumbList\",\"@id\":\"https:\\\/\\\/leregardlibre.com\\\/cinema\\\/films\\\/tom-et-jerry-auraient-pu-mieux-faire-va\\\/#breadcrumb\",\"itemListElement\":[{\"@type\":\"ListItem\",\"position\":1,\"name\":\"Accueil\",\"item\":\"https:\\\/\\\/leregardlibre.com\\\/\"},{\"@type\":\"ListItem\",\"position\":2,\"name\":\"\u00abTom et Jerry\u00bb auraient pu mieux faire, va!\"}]},{\"@type\":\"WebSite\",\"@id\":\"https:\\\/\\\/leregardlibre.com\\\/#website\",\"url\":\"https:\\\/\\\/leregardlibre.com\\\/\",\"name\":\"Le Regard Libre\",\"description\":\"Premier mensuel suisse de d\u00e9bat\",\"publisher\":{\"@id\":\"https:\\\/\\\/leregardlibre.com\\\/#organization\"},\"potentialAction\":[{\"@type\":\"SearchAction\",\"target\":{\"@type\":\"EntryPoint\",\"urlTemplate\":\"https:\\\/\\\/leregardlibre.com\\\/?s={search_term_string}\"},\"query-input\":{\"@type\":\"PropertyValueSpecification\",\"valueRequired\":true,\"valueName\":\"search_term_string\"}}],\"inLanguage\":\"de\"},{\"@type\":\"Organization\",\"@id\":\"https:\\\/\\\/leregardlibre.com\\\/#organization\",\"name\":\"Le Regard Libre\",\"url\":\"https:\\\/\\\/leregardlibre.com\\\/\",\"logo\":{\"@type\":\"ImageObject\",\"inLanguage\":\"de\",\"@id\":\"https:\\\/\\\/leregardlibre.com\\\/#\\\/schema\\\/logo\\\/image\\\/\",\"url\":\"https:\\\/\\\/leregardlibre.com\\\/wp-content\\\/uploads\\\/2025\\\/08\\\/logo-rl-icone-neg.jpeg\",\"contentUrl\":\"https:\\\/\\\/leregardlibre.com\\\/wp-content\\\/uploads\\\/2025\\\/08\\\/logo-rl-icone-neg.jpeg\",\"width\":557,\"height\":556,\"caption\":\"Le Regard Libre\"},\"image\":{\"@id\":\"https:\\\/\\\/leregardlibre.com\\\/#\\\/schema\\\/logo\\\/image\\\/\"},\"sameAs\":[\"https:\\\/\\\/www.facebook.com\\\/leregardlibre\\\/\",\"https:\\\/\\\/x.com\\\/LeRegardLibre\",\"https:\\\/\\\/www.linkedin.com\\\/company\\\/le-regard-libre\",\"https:\\\/\\\/www.instagram.com\\\/leregardlibre\\\/\",\"http:\\\/\\\/t.me\\\/leregardlibre\",\"https:\\\/\\\/youtube.com\\\/channel\\\/UC6HzGPomj1LsUmlz-sJtITQ\"],\"description\":\"Le Regard Libre est un mensuel suisse de d\u00e9bat intellectuel et culturel. Sa r\u00e9daction est jeune, b\u00e9n\u00e9vole, lib\u00e9rale et pluraliste. Le magazine para\u00eet en ligne et sous forme papier. Sa langue est le fran\u00e7ais.\",\"email\":\"redaction@leregardlibre.com\",\"legalName\":\"Le Regard Libre\",\"foundingDate\":\"2014-01-01\",\"numberOfEmployees\":{\"@type\":\"QuantitativeValue\",\"minValue\":\"11\",\"maxValue\":\"50\"},\"publishingPrinciples\":\"https:\\\/\\\/leregardlibre.com\\\/a-propos\\\/notre-manifeste\\\/\",\"ownershipFundingInfo\":\"https:\\\/\\\/leregardlibre.com\\\/mentions-legales\\\/\",\"actionableFeedbackPolicy\":\"https:\\\/\\\/leregardlibre.com\\\/conditions-generales-de-vente\\\/\"},{\"@type\":\"Person\",\"@id\":\"https:\\\/\\\/leregardlibre.com\\\/#\\\/schema\\\/person\\\/d80dd0028be8739b0c3bed60e131e94a\",\"name\":\"Ivan Garcia\",\"image\":{\"@type\":\"ImageObject\",\"inLanguage\":\"de\",\"@id\":\"https:\\\/\\\/secure.gravatar.com\\\/avatar\\\/8d1951260e83d4b801d564ae27e751dece8ced40a4256105c3a960ddb6c32ee8?s=96&d=identicon&r=g\",\"url\":\"https:\\\/\\\/secure.gravatar.com\\\/avatar\\\/8d1951260e83d4b801d564ae27e751dece8ced40a4256105c3a960ddb6c32ee8?s=96&d=identicon&r=g\",\"contentUrl\":\"https:\\\/\\\/secure.gravatar.com\\\/avatar\\\/8d1951260e83d4b801d564ae27e751dece8ced40a4256105c3a960ddb6c32ee8?s=96&d=identicon&r=g\",\"caption\":\"Ivan Garcia\"},\"description\":\"Editeur Web au journal Le Temps et stagiaire en enseignement, Ivan Garcia est le responsable de la rubrique Litt\u00e9rature du Regard Libre, o\u00f9 il \u00e9crit r\u00e9guli\u00e8rement.\",\"sameAs\":[\"https:\\\/\\\/leregardlibre.com\\\/\",\"https:\\\/\\\/fr.wikipedia.org\\\/wiki\\\/Le_Regard_libre\"],\"url\":\"https:\\\/\\\/leregardlibre.com\\\/de\\\/author\\\/ivan-garcia-ig89\\\/\"}]}<\/script>\n<!-- \/ Yoast SEO Premium plugin. -->","yoast_head_json":{"title":"\u00abTom und Jerry\u00bb h\u00e4tten es besser machen k\u00f6nnen.","robots":{"index":"index","follow":"follow","max-snippet":"max-snippet:-1","max-image-preview":"max-image-preview:large","max-video-preview":"max-video-preview:-1"},"canonical":"https:\/\/leregardlibre.com\/de\/kino\/filme\/tom-und-jerry-hatten-es-besser-machen-konnen-va\/","og_locale":"de_DE","og_type":"article","og_title":"\u00abTom et Jerry\u00bb auraient pu mieux faire, va!","og_description":"Un film... dr\u00f4le par moments","og_url":"https:\/\/leregardlibre.com\/de\/kino\/filme\/tom-und-jerry-hatten-es-besser-machen-konnen-va\/","og_site_name":"Le Regard Libre","article_publisher":"https:\/\/www.facebook.com\/leregardlibre\/","article_published_time":"2021-05-26T06:00:00+00:00","article_modified_time":"2026-01-12T20:42:26+00:00","og_image":[{"width":1280,"height":686,"url":"https:\/\/leregardlibre.com\/wp-content\/uploads\/2021\/05\/089DD5ED-1B14-4871-B5E7-D9BB4D7687FD.jpeg","type":"image\/jpeg"}],"author":"Ivan Garcia","twitter_card":"summary_large_image","twitter_creator":"@LeRegardLibre","twitter_site":"@LeRegardLibre","twitter_misc":{"Verfasst von":"Ivan Garcia","Gesch\u00e4tzte Lesezeit":"6\u00a0Minuten"},"schema":{"@context":"https:\/\/schema.org","@graph":[{"@type":"Article","@id":"https:\/\/leregardlibre.com\/cinema\/films\/tom-et-jerry-auraient-pu-mieux-faire-va\/#article","isPartOf":{"@id":"https:\/\/leregardlibre.com\/cinema\/films\/tom-et-jerry-auraient-pu-mieux-faire-va\/"},"author":{"name":"Ivan Garcia","@id":"https:\/\/leregardlibre.com\/#\/schema\/person\/d80dd0028be8739b0c3bed60e131e94a"},"headline":"\u00abTom et Jerry\u00bb auraient pu mieux faire, va!","datePublished":"2021-05-26T06:00:00+00:00","dateModified":"2026-01-12T20:42:26+00:00","mainEntityOfPage":{"@id":"https:\/\/leregardlibre.com\/cinema\/films\/tom-et-jerry-auraient-pu-mieux-faire-va\/"},"wordCount":1067,"commentCount":0,"publisher":{"@id":"https:\/\/leregardlibre.com\/#organization"},"image":{"@id":"https:\/\/leregardlibre.com\/cinema\/films\/tom-et-jerry-auraient-pu-mieux-faire-va\/#primaryimage"},"thumbnailUrl":"https:\/\/leregardlibre.com\/wp-content\/uploads\/2021\/05\/089DD5ED-1B14-4871-B5E7-D9BB4D7687FD.jpeg","keywords":["joseph barbera","tim story","Tom et Jerry"],"articleSection":["Films"],"inLanguage":"de","potentialAction":[{"@type":"CommentAction","name":"Comment","target":["https:\/\/leregardlibre.com\/cinema\/films\/tom-et-jerry-auraient-pu-mieux-faire-va\/#respond"]}]},{"@type":"WebPage","@id":"https:\/\/leregardlibre.com\/cinema\/films\/tom-et-jerry-auraient-pu-mieux-faire-va\/","url":"https:\/\/leregardlibre.com\/cinema\/films\/tom-et-jerry-auraient-pu-mieux-faire-va\/","name":"\u00abTom und Jerry\u00bb h\u00e4tten es besser machen k\u00f6nnen.","isPartOf":{"@id":"https:\/\/leregardlibre.com\/#website"},"primaryImageOfPage":{"@id":"https:\/\/leregardlibre.com\/cinema\/films\/tom-et-jerry-auraient-pu-mieux-faire-va\/#primaryimage"},"image":{"@id":"https:\/\/leregardlibre.com\/cinema\/films\/tom-et-jerry-auraient-pu-mieux-faire-va\/#primaryimage"},"thumbnailUrl":"https:\/\/leregardlibre.com\/wp-content\/uploads\/2021\/05\/089DD5ED-1B14-4871-B5E7-D9BB4D7687FD.jpeg","datePublished":"2021-05-26T06:00:00+00:00","dateModified":"2026-01-12T20:42:26+00:00","breadcrumb":{"@id":"https:\/\/leregardlibre.com\/cinema\/films\/tom-et-jerry-auraient-pu-mieux-faire-va\/#breadcrumb"},"inLanguage":"de","potentialAction":[{"@type":"ReadAction","target":["https:\/\/leregardlibre.com\/cinema\/films\/tom-et-jerry-auraient-pu-mieux-faire-va\/"]}]},{"@type":"ImageObject","inLanguage":"de","@id":"https:\/\/leregardlibre.com\/cinema\/films\/tom-et-jerry-auraient-pu-mieux-faire-va\/#primaryimage","url":"https:\/\/leregardlibre.com\/wp-content\/uploads\/2021\/05\/089DD5ED-1B14-4871-B5E7-D9BB4D7687FD.jpeg","contentUrl":"https:\/\/leregardlibre.com\/wp-content\/uploads\/2021\/05\/089DD5ED-1B14-4871-B5E7-D9BB4D7687FD.jpeg","width":1280,"height":686},{"@type":"BreadcrumbList","@id":"https:\/\/leregardlibre.com\/cinema\/films\/tom-et-jerry-auraient-pu-mieux-faire-va\/#breadcrumb","itemListElement":[{"@type":"ListItem","position":1,"name":"Accueil","item":"https:\/\/leregardlibre.com\/"},{"@type":"ListItem","position":2,"name":"\u00abTom et Jerry\u00bb auraient pu mieux faire, va!"}]},{"@type":"WebSite","@id":"https:\/\/leregardlibre.com\/#website","url":"https:\/\/leregardlibre.com\/","name":"Le Regard Libre","description":"Erste Schweizer Monatszeitschrift f\u00fcr Debatten","publisher":{"@id":"https:\/\/leregardlibre.com\/#organization"},"potentialAction":[{"@type":"SearchAction","target":{"@type":"EntryPoint","urlTemplate":"https:\/\/leregardlibre.com\/?s={search_term_string}"},"query-input":{"@type":"PropertyValueSpecification","valueRequired":true,"valueName":"search_term_string"}}],"inLanguage":"de"},{"@type":"Organization","@id":"https:\/\/leregardlibre.com\/#organization","name":"Le Regard Libre","url":"https:\/\/leregardlibre.com\/","logo":{"@type":"ImageObject","inLanguage":"de","@id":"https:\/\/leregardlibre.com\/#\/schema\/logo\/image\/","url":"https:\/\/leregardlibre.com\/wp-content\/uploads\/2025\/08\/logo-rl-icone-neg.jpeg","contentUrl":"https:\/\/leregardlibre.com\/wp-content\/uploads\/2025\/08\/logo-rl-icone-neg.jpeg","width":557,"height":556,"caption":"Le Regard Libre"},"image":{"@id":"https:\/\/leregardlibre.com\/#\/schema\/logo\/image\/"},"sameAs":["https:\/\/www.facebook.com\/leregardlibre\/","https:\/\/x.com\/LeRegardLibre","https:\/\/www.linkedin.com\/company\/le-regard-libre","https:\/\/www.instagram.com\/leregardlibre\/","http:\/\/t.me\/leregardlibre","https:\/\/youtube.com\/channel\/UC6HzGPomj1LsUmlz-sJtITQ"],"description":"Le Regard Libre ist eine Schweizer Monatszeitschrift f\u00fcr intellektuelle und kulturelle Debatten. Seine Redaktion ist jung, ehrenamtlich, liberal und pluralistisch. Das Magazin erscheint online und in gedruckter Form. Seine Sprache ist Franz\u00f6sisch.","email":"redaction@leregardlibre.com","legalName":"Le Regard Libre","foundingDate":"2014-01-01","numberOfEmployees":{"@type":"QuantitativeValue","minValue":"11","maxValue":"50"},"publishingPrinciples":"https:\/\/leregardlibre.com\/a-propos\/notre-manifeste\/","ownershipFundingInfo":"https:\/\/leregardlibre.com\/mentions-legales\/","actionableFeedbackPolicy":"https:\/\/leregardlibre.com\/conditions-generales-de-vente\/"},{"@type":"Person","@id":"https:\/\/leregardlibre.com\/#\/schema\/person\/d80dd0028be8739b0c3bed60e131e94a","name":"Ivan Garcia","image":{"@type":"ImageObject","inLanguage":"de","@id":"https:\/\/secure.gravatar.com\/avatar\/8d1951260e83d4b801d564ae27e751dece8ced40a4256105c3a960ddb6c32ee8?s=96&d=identicon&r=g","url":"https:\/\/secure.gravatar.com\/avatar\/8d1951260e83d4b801d564ae27e751dece8ced40a4256105c3a960ddb6c32ee8?s=96&d=identicon&r=g","contentUrl":"https:\/\/secure.gravatar.com\/avatar\/8d1951260e83d4b801d564ae27e751dece8ced40a4256105c3a960ddb6c32ee8?s=96&d=identicon&r=g","caption":"Ivan Garcia"},"description":"Ivan Garcia ist Web-Editor bei der Zeitung Le Temps und Referendar. Er leitet die Literaturrubrik von Le Regard Libre und schreibt dort regelm\u00e4\u00dfig.","sameAs":["https:\/\/leregardlibre.com\/","https:\/\/fr.wikipedia.org\/wiki\/Le_Regard_libre"],"url":"https:\/\/leregardlibre.com\/de\/author\/ivan-garcia-ig89\/"}]}},"_links":{"self":[{"href":"https:\/\/leregardlibre.com\/de\/wp-json\/wp\/v2\/posts\/40724","targetHints":{"allow":["GET"]}}],"collection":[{"href":"https:\/\/leregardlibre.com\/de\/wp-json\/wp\/v2\/posts"}],"about":[{"href":"https:\/\/leregardlibre.com\/de\/wp-json\/wp\/v2\/types\/post"}],"author":[{"embeddable":true,"href":"https:\/\/leregardlibre.com\/de\/wp-json\/wp\/v2\/users\/53"}],"replies":[{"embeddable":true,"href":"https:\/\/leregardlibre.com\/de\/wp-json\/wp\/v2\/comments?post=40724"}],"version-history":[{"count":2,"href":"https:\/\/leregardlibre.com\/de\/wp-json\/wp\/v2\/posts\/40724\/revisions"}],"predecessor-version":[{"id":530653,"href":"https:\/\/leregardlibre.com\/de\/wp-json\/wp\/v2\/posts\/40724\/revisions\/530653"}],"wp:featuredmedia":[{"embeddable":true,"href":"https:\/\/leregardlibre.com\/de\/wp-json\/wp\/v2\/media\/40787"}],"wp:attachment":[{"href":"https:\/\/leregardlibre.com\/de\/wp-json\/wp\/v2\/media?parent=40724"}],"wp:term":[{"taxonomy":"category","embeddable":true,"href":"https:\/\/leregardlibre.com\/de\/wp-json\/wp\/v2\/categories?post=40724"},{"taxonomy":"post_tag","embeddable":true,"href":"https:\/\/leregardlibre.com\/de\/wp-json\/wp\/v2\/tags?post=40724"}],"curies":[{"name":"wp","href":"https:\/\/api.w.org\/{rel}","templated":true}]}}