{"id":42290,"date":"2021-09-03T06:00:00","date_gmt":"2021-09-03T04:00:00","guid":{"rendered":"https:\/\/leregardlibre.com\/?p=42290"},"modified":"2022-12-26T09:56:53","modified_gmt":"2022-12-26T08:56:53","slug":"uber-die-kluft-zwischen-links-und-rechts-hinaus-der-streit-um-das-universelle","status":"publish","type":"post","link":"https:\/\/leregardlibre.com\/de\/politik\/uber-die-kluft-zwischen-links-und-rechts-hinaus-der-streit-um-das-universelle\/","title":{"rendered":"Jenseits der Links-Rechts-Spaltung: Der Streit um das Universelle"},"content":{"rendered":"<p><em><a href=\"https:\/\/leregardlibre.com\/de\/produkt\/der-freie-blick-nr-77\/\">Le Regard Libre Nr. 77<\/a> - <a href=\"https:\/\/leregardlibre.com\/de\/tag\/jonas-follonier\/\">Jonas Follonier<\/a><\/em><\/p>\n\n\n\n<p class=\"has-drop-cap\"><strong>Die Links-Rechts-Spaltung besteht bei einigen Themen noch immer. <\/strong>Dazu geh\u00f6ren der Mindestlohn, die Einheitskasse oder auch ganz allgemein die Frage, mit welchen Mitteln eine Gesellschaft die Armut verringern kann, verringern muss. Einige Beobachter des politischen Lebens in der Schweiz, wie der Waadtl\u00e4nder Historiker Olivier Meuwly, sehen in den Stellungnahmen zum Umgang mit dem Covid-19 sogar einen allgemeinen Gegensatz zwischen denjenigen, die Gleichheit bevorzugen, und denjenigen, die sie hinter die Freiheit stellen. Die <a href=\"https:\/\/leregardlibre.com\/de\/politik\/la-gauche-et-la-droite-selon-olivier-meuwly\/\">Definition von links und rechts<\/a> laut dem liberal-radikalen Vordenker.<\/p>\n\n\n\n<!--more Lire l\u2019\u00e9dito (en libre acc\u00e8s)-->\n\n\n\n<p><strong>In der Gesellschaft und in den intellektuellen, politischen, akademischen und ideologischen Debatten gibt es jedoch noch andere wesentliche Spaltungen. <\/strong>Die Globalisierungsbef\u00fcrworter und -gegner \u00fcberschneiden sich beispielsweise nicht genau mit der Linken und der Rechten. Typischerweise gibt es eine souver\u00e4nistische Rechte, die der Globalisierung feindlich gegen\u00fcbersteht und in dieser Frage Hand in Hand mit einem Teil der Gewerkschaftslinken gehen kann. Das hat das j\u00fcngste Dossier \u00fcber das Rahmenabkommen der Schweiz mit der Europ\u00e4ischen Union gezeigt.<\/p>\n\n\n\n\n\n<p><strong>Eine der neuen Spaltungen auf westlicher Ebene, deren Bedeutung wir dringend begreifen m\u00fcssen, ist die zwischen Republikanern und Kommunitaristen. <\/strong>Sollten ethnische Herkunft, Geschlecht oder sexuelle Orientierung auf ziviler Ebene gleichg\u00fcltig sein und die einzige Gemeinschaft, die es gibt, eine politische Union sein? Oder sollte eine Gesellschaft nur aus Wei\u00dfen, Schwarzen, Cis-M\u00e4nnern, Lesben und nicht-bin\u00e4ren Veganern bestehen und Gesetze gegen den \u00abstrukturellen Rassismus\u00bb und die \u00abVergewaltigungskultur\u00bb in dieser Gesellschaft erlassen werden?<\/p>\n\n\n\n<p>Lesen Sie auch | <a href=\"https:\/\/leregardlibre.com\/de\/politik\/polemique-a-la-liberte-lere-de-la-repentance\/\">Polemik in <em>Die Freiheit<\/em>: das Zeitalter der Reue<\/a><\/p>\n\n\n\n<p><strong>Es ist eine gewisse heutige Linke, die sich diese zweite Idee zu eigen macht, <\/strong>die \u00abRassen\u00bb-Studien und geschlechtsneutrale Versammlungen wieder aufleben lassen - kurzum: Differenzialismus, (\u00abpositive\u00bb) Diskriminierung. Bei n\u00e4herer Betrachtung ist das nicht \u00fcberraschend, denn alle Totalitarismen des 20.<sup>.<\/sup>&nbsp;Jahrhundert, die urspr\u00fcnglich etwas mit der Linken zu tun hatten.<\/p>\n\n\n\n\n\n<p><strong>Antirassismus ist ein guter Einstieg in diese notwendige Diskussion, ebenso wie Feminismus. <\/strong>Heute gibt es mindestens zwei Arten von Feminismus, die sich grundlegend voneinander unterscheiden. Auf der einen Seite steht der universalistische Feminismus, der einfach die Besonderheit des Menschen und die Rechte des Einzelnen verteidigt. Auf der anderen Seite steht der intersektionale Feminismus, in dem es darum geht, die Frau als unterdr\u00fcckte und politische Einheit zu verteidigen, genauso wie den (post-)kolonisierten Menschen oder die \u00abLGBT-Person\u00bb.<\/p>\n\n\n\n<p><strong>Die Republikaner haben den Kampf gegen die Clanisten (noch?) nicht verloren. <\/strong>Die Verteidigung des liberalen Demokratiemodells bedeutet die Verteidigung des Pluralismus von Sensibilit\u00e4ten, die sich gegenseitig tolerieren. Und es bedeutet, ein politisches System zu verteidigen, in dem keine Forderungen die individuellen Freiheiten beeintr\u00e4chtigen k\u00f6nnen.<\/p>\n\n\n\n<form method=\"post\" action=\"https:\/\/newsletter.infomaniak.com\/external\/submit\" class=\"inf-form\" target=\"_blank\"><input type=\"email\" name=\"email\" style=\"display:none\"><input type=\"hidden\" name=\"key\" value=\"eyJpdiI6IlZXRVJGMlRGQUU2alNqUE81bitIUk5adnNVa0c4MllFTStzOHdHT1FQZ3c9IiwidmFsdWUiOiJIYzhwMUVCK1pTNnlhY3MyMmhuZlhReWJqemEwNk93blMxTjFHc0s2VHZrPSIsIm1hYyI6ImVhYTQ5N2I1M2NiYWE4NzBmNjk2NzgzYjliM2Y5NmYzM2E2ZmU3NGQxNTU1ZDFkMTU1MzY5NTdjYjE3ZTJmNTUifQ==\"><input type=\"hidden\" name=\"webform_id\" value=\"7291\"><style> .inf-main_3000311ca56a1cb93397bc676c0b7fff{ background-color:#f5f5f5; padding:25px 20px; margin:25px auto; } .inf-main_3000311ca56a1cb93397bc676c0b7fff .inf-content { margin-top:13px;} .inf-main_3000311ca56a1cb93397bc676c0b7fff h4, .inf-main_3000311ca56a1cb93397bc676c0b7fff span, .inf-main_3000311ca56a1cb93397bc676c0b7fff label, .inf-main_3000311ca56a1cb93397bc676c0b7fff input, .inf-main_3000311ca56a1cb93397bc676c0b7fff .inf-submit, .inf-main_3000311ca56a1cb93397bc676c0b7fff .inf-success p a { color:#555555; font-size:14px; } .inf-main_3000311ca56a1cb93397bc676c0b7fff h4{ font-size:18px; margin:0px 0px 13px 0px; } .inf-main_3000311ca56a1cb93397bc676c0b7fff h4, .inf-main_3000311ca56a1cb93397bc676c0b7fff label{ font-weight:bold; } .inf-main_3000311ca56a1cb93397bc676c0b7fff .inf-input { margin-bottom:7px; } .inf-main_3000311ca56a1cb93397bc676c0b7fff label { display:block;} .inf-main_3000311ca56a1cb93397bc676c0b7fff input{ height:35px; color:#999999; border: 1px solid #E9E9E9; border:none; padding-left:7px; } .inf-main_3000311ca56a1cb93397bc676c0b7fff .inf-input.inf-error label, .inf-main_3000311ca56a1cb93397bc676c0b7fff .inf-input.inf-error span.inf-message{ color: #cc0033; } .inf-main_3000311ca56a1cb93397bc676c0b7fff .inf-input.inf-error input{ border: 1px solid #cc0033; } .inf-main_3000311ca56a1cb93397bc676c0b7fff .inf-input input { width:100%;} .inf-main_3000311ca56a1cb93397bc676c0b7fff .inf-input.inf-error span.inf-message { display: block; } .inf-main_3000311ca56a1cb93397bc676c0b7fff .inf-submit { text-align:right;} .inf-main_3000311ca56a1cb93397bc676c0b7fff .inf-submit input{ background-color:#777777; color:#ffffff; border:none; font-weight: normal; height:auto; padding:7px; } .inf-main_3000311ca56a1cb93397bc676c0b7fff .inf-submit input.disabled{ opacity: 0.4; } .inf-btn { color: rgb(85, 85, 85); border: medium none; font-weight: normal; height: auto; padding: 7px; display: inline-block; background-color: white; box-shadow: 0px 1px 1px rgba(0, 0, 0, 0.24); border-radius: 2px; line-height: 1em; } .inf-rgpd { margin:25px 0px 15px 0px; color:#555555; } <\/style> <div class=\"inf-main_3000311ca56a1cb93397bc676c0b7fff\"> <h4>NEWSLETTER DES FREIEN BLICKS<\/h4> <span>Erhalten Sie unsere Artikel jeden Sonntag.<\/span> <div class=\"inf-success\" style=\"display:none\"> <h4>Ihre Anmeldung f\u00fcr unseren w\u00f6chentlichen Newsletter wurde erfolgreich registriert!<\/h4> <p> <a href=\"#\" class=\"inf-btn\">\u00ab<\/a> <\/p> <\/div> <div class=\"inf-content\"> <div class=\"inf-input inf-input-text\"> <input type=\"text\" name=\"inf[1]\" data-inf-meta=\"1\" data-inf-error=\"Merci de renseigner une adresse email\" required=\"required\" placeholder=\"E-Mail\"> <\/div> <div class=\"inf-submit\"> <input type=\"submit\" name=\"\" value=\"Anmelden\"> <\/div> <\/div> <\/div> <\/form>\n\n\n\n<p><strong>Der Soziologe aus Quebec <a href=\"https:\/\/leregardlibre.com\/de\/politik\/mathieu-bock-cote-il-y-a-une-corruption-intellectuelle-des-sciences-sociales\/\">Mathieu Bock-C\u00f4t\u00e9<\/a> hat sich f\u00fcr eine Seite entschieden und ist gegen das \u00abdiversit\u00e4re Regime\u00bb in die Bresche gesprungen.<\/strong> Seine spannende Analyse ist nat\u00fcrlich diskussionsw\u00fcrdig. Und es ist der liberalen, republikanischen Demokratie selbst geschuldet, dass es den Gegnern dieser Vision freisteht, sie zu kritisieren.<\/p>\n\n\n\n<p><em>Schreiben Sie dem Autor: <a href=\"mailto:jonas.follonier@leregardlibre.com\">jonas.follonier@leregardlibre.com<\/a><\/em><\/p>\n\n\n\n<p>Zeichnung: \u00a9 Nathana\u00ebl Schmid f\u00fcr&nbsp;<em>Le Regard Libre<\/em><\/p>","protected":false},"excerpt":{"rendered":"<p>Das Editorial von Jonas Follonier<\/p>","protected":false},"author":138,"featured_media":0,"comment_status":"open","ping_status":"closed","sticky":false,"template":"","format":"standard","meta":{"_acf_changed":false,"footnotes":""},"categories":[1001],"tags":[469062,644356892,801668,644339114,644357659,67793,644356886,644356349,644356893,644355397],"class_list":["post-42290","post","type-post","status-publish","format-standard","hentry","category-politique","tag-antiracisme","tag-clanisme","tag-communautarisme","tag-democratie-liberale","tag-editoriaux","tag-feminisme","tag-mathieu-bock-cote","tag-pluralisme","tag-regime-diversitaire","tag-universalisme"],"acf":[],"yoast_head":"<!-- This site is optimized with the Yoast SEO Premium plugin v27.4 (Yoast SEO v27.4) - https:\/\/yoast.com\/product\/yoast-seo-premium-wordpress\/ -->\n<title>Au-del\u00e0 du clivage gauche-droite, la querelle de l&#039;universel<\/title>\n<meta name=\"robots\" content=\"index, follow, max-snippet:-1, max-image-preview:large, max-video-preview:-1\" \/>\n<link rel=\"canonical\" href=\"https:\/\/leregardlibre.com\/de\/politik\/uber-die-kluft-zwischen-links-und-rechts-hinaus-der-streit-um-das-universelle\/\" \/>\n<meta property=\"og:locale\" content=\"de_DE\" \/>\n<meta property=\"og:type\" content=\"article\" \/>\n<meta property=\"og:title\" content=\"Au-del\u00e0 du clivage gauche-droite, la querelle de l&#039;universel\" \/>\n<meta property=\"og:description\" content=\"L&#039;\u00e9dito de Jonas Follonier\" \/>\n<meta property=\"og:url\" content=\"https:\/\/leregardlibre.com\/de\/politik\/uber-die-kluft-zwischen-links-und-rechts-hinaus-der-streit-um-das-universelle\/\" \/>\n<meta property=\"og:site_name\" content=\"Le Regard Libre\" \/>\n<meta property=\"article:publisher\" content=\"https:\/\/www.facebook.com\/leregardlibre\/\" \/>\n<meta property=\"article:author\" content=\"https:\/\/www.facebook.com\/jonas.follonier\/\" \/>\n<meta property=\"article:published_time\" content=\"2021-09-03T04:00:00+00:00\" \/>\n<meta property=\"article:modified_time\" content=\"2022-12-26T08:56:53+00:00\" \/>\n<meta property=\"og:image\" content=\"https:\/\/leregardlibre.com\/wp-content\/uploads\/2022\/08\/Jonas-Follonier-\u00a9-Nathanae\u0308l-Schmid-pour-Le-Regard-Libre.webp\" \/>\n\t<meta property=\"og:image:width\" content=\"1038\" \/>\n\t<meta property=\"og:image:height\" content=\"576\" \/>\n\t<meta property=\"og:image:type\" content=\"image\/webp\" \/>\n<meta name=\"author\" content=\"Jonas Follonier\" \/>\n<meta name=\"twitter:card\" content=\"summary_large_image\" \/>\n<meta name=\"twitter:creator\" content=\"@LeRegardLibre\" \/>\n<meta name=\"twitter:site\" content=\"@LeRegardLibre\" \/>\n<meta name=\"twitter:label1\" content=\"Verfasst von\" \/>\n\t<meta name=\"twitter:data1\" content=\"Jonas Follonier\" \/>\n\t<meta name=\"twitter:label2\" content=\"Gesch\u00e4tzte Lesezeit\" \/>\n\t<meta name=\"twitter:data2\" content=\"4\u00a0Minuten\" \/>\n<script type=\"application\/ld+json\" class=\"yoast-schema-graph\">{\"@context\":\"https:\\\/\\\/schema.org\",\"@graph\":[{\"@type\":\"Article\",\"@id\":\"https:\\\/\\\/leregardlibre.com\\\/politique\\\/au-dela-du-clivage-gauche-droite-la-querelle-de-luniversel\\\/#article\",\"isPartOf\":{\"@id\":\"https:\\\/\\\/leregardlibre.com\\\/politique\\\/au-dela-du-clivage-gauche-droite-la-querelle-de-luniversel\\\/\"},\"author\":{\"name\":\"Jonas Follonier\",\"@id\":\"https:\\\/\\\/leregardlibre.com\\\/#\\\/schema\\\/person\\\/bfe5aa794a23be71485d60e2d93ec0d2\"},\"headline\":\"Au-del\u00e0 du clivage gauche-droite, la querelle de l&#8217;universel\",\"datePublished\":\"2021-09-03T04:00:00+00:00\",\"dateModified\":\"2022-12-26T08:56:53+00:00\",\"mainEntityOfPage\":{\"@id\":\"https:\\\/\\\/leregardlibre.com\\\/politique\\\/au-dela-du-clivage-gauche-droite-la-querelle-de-luniversel\\\/\"},\"wordCount\":650,\"commentCount\":0,\"publisher\":{\"@id\":\"https:\\\/\\\/leregardlibre.com\\\/#organization\"},\"keywords\":[\"Antiracisme\",\"clanisme\",\"Communautarisme\",\"D\u00e9mocratie lib\u00e9rale\",\"Editorial\",\"F\u00e9minisme\",\"Mathieu Bock-C\u00f4t\u00e9\",\"Pluralisme\",\"r\u00e9gime diversitaire\",\"Universalisme\"],\"articleSection\":[\"Politique\"],\"inLanguage\":\"de\",\"potentialAction\":[{\"@type\":\"CommentAction\",\"name\":\"Comment\",\"target\":[\"https:\\\/\\\/leregardlibre.com\\\/politique\\\/au-dela-du-clivage-gauche-droite-la-querelle-de-luniversel\\\/#respond\"]}]},{\"@type\":\"WebPage\",\"@id\":\"https:\\\/\\\/leregardlibre.com\\\/politique\\\/au-dela-du-clivage-gauche-droite-la-querelle-de-luniversel\\\/\",\"url\":\"https:\\\/\\\/leregardlibre.com\\\/politique\\\/au-dela-du-clivage-gauche-droite-la-querelle-de-luniversel\\\/\",\"name\":\"Au-del\u00e0 du clivage gauche-droite, la querelle de l'universel\",\"isPartOf\":{\"@id\":\"https:\\\/\\\/leregardlibre.com\\\/#website\"},\"datePublished\":\"2021-09-03T04:00:00+00:00\",\"dateModified\":\"2022-12-26T08:56:53+00:00\",\"breadcrumb\":{\"@id\":\"https:\\\/\\\/leregardlibre.com\\\/politique\\\/au-dela-du-clivage-gauche-droite-la-querelle-de-luniversel\\\/#breadcrumb\"},\"inLanguage\":\"de\",\"potentialAction\":[{\"@type\":\"ReadAction\",\"target\":[\"https:\\\/\\\/leregardlibre.com\\\/politique\\\/au-dela-du-clivage-gauche-droite-la-querelle-de-luniversel\\\/\"]}]},{\"@type\":\"BreadcrumbList\",\"@id\":\"https:\\\/\\\/leregardlibre.com\\\/politique\\\/au-dela-du-clivage-gauche-droite-la-querelle-de-luniversel\\\/#breadcrumb\",\"itemListElement\":[{\"@type\":\"ListItem\",\"position\":1,\"name\":\"Accueil\",\"item\":\"https:\\\/\\\/leregardlibre.com\\\/\"},{\"@type\":\"ListItem\",\"position\":2,\"name\":\"Au-del\u00e0 du clivage gauche-droite, la querelle de l&#8217;universel\"}]},{\"@type\":\"WebSite\",\"@id\":\"https:\\\/\\\/leregardlibre.com\\\/#website\",\"url\":\"https:\\\/\\\/leregardlibre.com\\\/\",\"name\":\"Le Regard Libre\",\"description\":\"Premier mensuel suisse de d\u00e9bat\",\"publisher\":{\"@id\":\"https:\\\/\\\/leregardlibre.com\\\/#organization\"},\"potentialAction\":[{\"@type\":\"SearchAction\",\"target\":{\"@type\":\"EntryPoint\",\"urlTemplate\":\"https:\\\/\\\/leregardlibre.com\\\/?s={search_term_string}\"},\"query-input\":{\"@type\":\"PropertyValueSpecification\",\"valueRequired\":true,\"valueName\":\"search_term_string\"}}],\"inLanguage\":\"de\"},{\"@type\":\"Organization\",\"@id\":\"https:\\\/\\\/leregardlibre.com\\\/#organization\",\"name\":\"Le Regard Libre\",\"url\":\"https:\\\/\\\/leregardlibre.com\\\/\",\"logo\":{\"@type\":\"ImageObject\",\"inLanguage\":\"de\",\"@id\":\"https:\\\/\\\/leregardlibre.com\\\/#\\\/schema\\\/logo\\\/image\\\/\",\"url\":\"https:\\\/\\\/leregardlibre.com\\\/wp-content\\\/uploads\\\/2025\\\/08\\\/logo-rl-icone-neg.jpeg\",\"contentUrl\":\"https:\\\/\\\/leregardlibre.com\\\/wp-content\\\/uploads\\\/2025\\\/08\\\/logo-rl-icone-neg.jpeg\",\"width\":557,\"height\":556,\"caption\":\"Le Regard Libre\"},\"image\":{\"@id\":\"https:\\\/\\\/leregardlibre.com\\\/#\\\/schema\\\/logo\\\/image\\\/\"},\"sameAs\":[\"https:\\\/\\\/www.facebook.com\\\/leregardlibre\\\/\",\"https:\\\/\\\/x.com\\\/LeRegardLibre\",\"https:\\\/\\\/www.linkedin.com\\\/company\\\/le-regard-libre\",\"https:\\\/\\\/www.instagram.com\\\/leregardlibre\\\/\",\"http:\\\/\\\/t.me\\\/leregardlibre\",\"https:\\\/\\\/youtube.com\\\/channel\\\/UC6HzGPomj1LsUmlz-sJtITQ\"],\"description\":\"Le Regard Libre est un mensuel suisse de d\u00e9bat intellectuel et culturel. Sa r\u00e9daction est jeune, b\u00e9n\u00e9vole, lib\u00e9rale et pluraliste. Le magazine para\u00eet en ligne et sous forme papier. Sa langue est le fran\u00e7ais.\",\"email\":\"redaction@leregardlibre.com\",\"legalName\":\"Le Regard Libre\",\"foundingDate\":\"2014-01-01\",\"numberOfEmployees\":{\"@type\":\"QuantitativeValue\",\"minValue\":\"11\",\"maxValue\":\"50\"},\"publishingPrinciples\":\"https:\\\/\\\/leregardlibre.com\\\/a-propos\\\/notre-manifeste\\\/\",\"ownershipFundingInfo\":\"https:\\\/\\\/leregardlibre.com\\\/mentions-legales\\\/\",\"actionableFeedbackPolicy\":\"https:\\\/\\\/leregardlibre.com\\\/conditions-generales-de-vente\\\/\"},{\"@type\":\"Person\",\"@id\":\"https:\\\/\\\/leregardlibre.com\\\/#\\\/schema\\\/person\\\/bfe5aa794a23be71485d60e2d93ec0d2\",\"name\":\"Jonas Follonier\",\"image\":{\"@type\":\"ImageObject\",\"inLanguage\":\"de\",\"@id\":\"https:\\\/\\\/secure.gravatar.com\\\/avatar\\\/602060b40f6a458420c2d140f49b6caea99152ce6704f2c332e5a0c5aad80303?s=96&d=identicon&r=g\",\"url\":\"https:\\\/\\\/secure.gravatar.com\\\/avatar\\\/602060b40f6a458420c2d140f49b6caea99152ce6704f2c332e5a0c5aad80303?s=96&d=identicon&r=g\",\"contentUrl\":\"https:\\\/\\\/secure.gravatar.com\\\/avatar\\\/602060b40f6a458420c2d140f49b6caea99152ce6704f2c332e5a0c5aad80303?s=96&d=identicon&r=g\",\"caption\":\"Jonas Follonier\"},\"description\":\"Correspondant au Palais f\u00e9d\u00e9ral pour \u00abL\u2019Agefi\u00bb, auteur-compositeur-interpr\u00e8te et essayiste, Jonas Follonier est le fondateur et r\u00e9dacteur en chef du \u00abRegard Libre\u00bb.\",\"sameAs\":[\"https:\\\/\\\/www.facebook.com\\\/jonas.follonier\\\/\",\"https:\\\/\\\/www.instagram.com\\\/jonasfollonier\\\/\",\"https:\\\/\\\/www.linkedin.com\\\/in\\\/jonasfollonier\\\/\",\"https:\\\/\\\/fr.wikipedia.org\\\/wiki\\\/Le_Regard_libre\"],\"url\":\"https:\\\/\\\/leregardlibre.com\\\/de\\\/author\\\/jonas-follonier\\\/\"}]}<\/script>\n<!-- \/ Yoast SEO Premium plugin. -->","yoast_head_json":{"title":"Jenseits der Links-Rechts-Spaltung: Der Streit um das Universelle","robots":{"index":"index","follow":"follow","max-snippet":"max-snippet:-1","max-image-preview":"max-image-preview:large","max-video-preview":"max-video-preview:-1"},"canonical":"https:\/\/leregardlibre.com\/de\/politik\/uber-die-kluft-zwischen-links-und-rechts-hinaus-der-streit-um-das-universelle\/","og_locale":"de_DE","og_type":"article","og_title":"Au-del\u00e0 du clivage gauche-droite, la querelle de l'universel","og_description":"L'\u00e9dito de Jonas Follonier","og_url":"https:\/\/leregardlibre.com\/de\/politik\/uber-die-kluft-zwischen-links-und-rechts-hinaus-der-streit-um-das-universelle\/","og_site_name":"Le Regard Libre","article_publisher":"https:\/\/www.facebook.com\/leregardlibre\/","article_author":"https:\/\/www.facebook.com\/jonas.follonier\/","article_published_time":"2021-09-03T04:00:00+00:00","article_modified_time":"2022-12-26T08:56:53+00:00","og_image":[{"width":1038,"height":576,"url":"https:\/\/leregardlibre.com\/wp-content\/uploads\/2022\/08\/Jonas-Follonier-\u00a9-Nathanae\u0308l-Schmid-pour-Le-Regard-Libre.webp","type":"image\/webp"}],"author":"Jonas Follonier","twitter_card":"summary_large_image","twitter_creator":"@LeRegardLibre","twitter_site":"@LeRegardLibre","twitter_misc":{"Verfasst von":"Jonas Follonier","Gesch\u00e4tzte Lesezeit":"4\u00a0Minuten"},"schema":{"@context":"https:\/\/schema.org","@graph":[{"@type":"Article","@id":"https:\/\/leregardlibre.com\/politique\/au-dela-du-clivage-gauche-droite-la-querelle-de-luniversel\/#article","isPartOf":{"@id":"https:\/\/leregardlibre.com\/politique\/au-dela-du-clivage-gauche-droite-la-querelle-de-luniversel\/"},"author":{"name":"Jonas Follonier","@id":"https:\/\/leregardlibre.com\/#\/schema\/person\/bfe5aa794a23be71485d60e2d93ec0d2"},"headline":"Au-del\u00e0 du clivage gauche-droite, la querelle de l&#8217;universel","datePublished":"2021-09-03T04:00:00+00:00","dateModified":"2022-12-26T08:56:53+00:00","mainEntityOfPage":{"@id":"https:\/\/leregardlibre.com\/politique\/au-dela-du-clivage-gauche-droite-la-querelle-de-luniversel\/"},"wordCount":650,"commentCount":0,"publisher":{"@id":"https:\/\/leregardlibre.com\/#organization"},"keywords":["Antiracisme","clanisme","Communautarisme","D\u00e9mocratie lib\u00e9rale","Editorial","F\u00e9minisme","Mathieu Bock-C\u00f4t\u00e9","Pluralisme","r\u00e9gime diversitaire","Universalisme"],"articleSection":["Politique"],"inLanguage":"de","potentialAction":[{"@type":"CommentAction","name":"Comment","target":["https:\/\/leregardlibre.com\/politique\/au-dela-du-clivage-gauche-droite-la-querelle-de-luniversel\/#respond"]}]},{"@type":"WebPage","@id":"https:\/\/leregardlibre.com\/politique\/au-dela-du-clivage-gauche-droite-la-querelle-de-luniversel\/","url":"https:\/\/leregardlibre.com\/politique\/au-dela-du-clivage-gauche-droite-la-querelle-de-luniversel\/","name":"Jenseits der Links-Rechts-Spaltung: Der Streit um das Universelle","isPartOf":{"@id":"https:\/\/leregardlibre.com\/#website"},"datePublished":"2021-09-03T04:00:00+00:00","dateModified":"2022-12-26T08:56:53+00:00","breadcrumb":{"@id":"https:\/\/leregardlibre.com\/politique\/au-dela-du-clivage-gauche-droite-la-querelle-de-luniversel\/#breadcrumb"},"inLanguage":"de","potentialAction":[{"@type":"ReadAction","target":["https:\/\/leregardlibre.com\/politique\/au-dela-du-clivage-gauche-droite-la-querelle-de-luniversel\/"]}]},{"@type":"BreadcrumbList","@id":"https:\/\/leregardlibre.com\/politique\/au-dela-du-clivage-gauche-droite-la-querelle-de-luniversel\/#breadcrumb","itemListElement":[{"@type":"ListItem","position":1,"name":"Accueil","item":"https:\/\/leregardlibre.com\/"},{"@type":"ListItem","position":2,"name":"Au-del\u00e0 du clivage gauche-droite, la querelle de l&#8217;universel"}]},{"@type":"WebSite","@id":"https:\/\/leregardlibre.com\/#website","url":"https:\/\/leregardlibre.com\/","name":"Le Regard Libre","description":"Erste Schweizer Monatszeitschrift f\u00fcr Debatten","publisher":{"@id":"https:\/\/leregardlibre.com\/#organization"},"potentialAction":[{"@type":"SearchAction","target":{"@type":"EntryPoint","urlTemplate":"https:\/\/leregardlibre.com\/?s={search_term_string}"},"query-input":{"@type":"PropertyValueSpecification","valueRequired":true,"valueName":"search_term_string"}}],"inLanguage":"de"},{"@type":"Organization","@id":"https:\/\/leregardlibre.com\/#organization","name":"Le Regard Libre","url":"https:\/\/leregardlibre.com\/","logo":{"@type":"ImageObject","inLanguage":"de","@id":"https:\/\/leregardlibre.com\/#\/schema\/logo\/image\/","url":"https:\/\/leregardlibre.com\/wp-content\/uploads\/2025\/08\/logo-rl-icone-neg.jpeg","contentUrl":"https:\/\/leregardlibre.com\/wp-content\/uploads\/2025\/08\/logo-rl-icone-neg.jpeg","width":557,"height":556,"caption":"Le Regard Libre"},"image":{"@id":"https:\/\/leregardlibre.com\/#\/schema\/logo\/image\/"},"sameAs":["https:\/\/www.facebook.com\/leregardlibre\/","https:\/\/x.com\/LeRegardLibre","https:\/\/www.linkedin.com\/company\/le-regard-libre","https:\/\/www.instagram.com\/leregardlibre\/","http:\/\/t.me\/leregardlibre","https:\/\/youtube.com\/channel\/UC6HzGPomj1LsUmlz-sJtITQ"],"description":"Le Regard Libre ist eine Schweizer Monatszeitschrift f\u00fcr intellektuelle und kulturelle Debatten. Seine Redaktion ist jung, ehrenamtlich, liberal und pluralistisch. Das Magazin erscheint online und in gedruckter Form. Seine Sprache ist Franz\u00f6sisch.","email":"redaction@leregardlibre.com","legalName":"Le Regard Libre","foundingDate":"2014-01-01","numberOfEmployees":{"@type":"QuantitativeValue","minValue":"11","maxValue":"50"},"publishingPrinciples":"https:\/\/leregardlibre.com\/a-propos\/notre-manifeste\/","ownershipFundingInfo":"https:\/\/leregardlibre.com\/mentions-legales\/","actionableFeedbackPolicy":"https:\/\/leregardlibre.com\/conditions-generales-de-vente\/"},{"@type":"Person","@id":"https:\/\/leregardlibre.com\/#\/schema\/person\/bfe5aa794a23be71485d60e2d93ec0d2","name":"Jonas Follonier","image":{"@type":"ImageObject","inLanguage":"de","@id":"https:\/\/secure.gravatar.com\/avatar\/602060b40f6a458420c2d140f49b6caea99152ce6704f2c332e5a0c5aad80303?s=96&d=identicon&r=g","url":"https:\/\/secure.gravatar.com\/avatar\/602060b40f6a458420c2d140f49b6caea99152ce6704f2c332e5a0c5aad80303?s=96&d=identicon&r=g","contentUrl":"https:\/\/secure.gravatar.com\/avatar\/602060b40f6a458420c2d140f49b6caea99152ce6704f2c332e5a0c5aad80303?s=96&d=identicon&r=g","caption":"Jonas Follonier"},"description":"Bundeshauskorrespondent f\u00fcr \u00abL'Agefi\u00bb, Singer-Songwriter, Jonas Follonier ist Gr\u00fcnder und Chefredakteur von \u00abRegard Libre\u00bb.","sameAs":["https:\/\/www.facebook.com\/jonas.follonier\/","https:\/\/www.instagram.com\/jonasfollonier\/","https:\/\/www.linkedin.com\/in\/jonasfollonier\/","https:\/\/fr.wikipedia.org\/wiki\/Le_Regard_libre"],"url":"https:\/\/leregardlibre.com\/de\/author\/jonas-follonier\/"}]}},"_links":{"self":[{"href":"https:\/\/leregardlibre.com\/de\/wp-json\/wp\/v2\/posts\/42290","targetHints":{"allow":["GET"]}}],"collection":[{"href":"https:\/\/leregardlibre.com\/de\/wp-json\/wp\/v2\/posts"}],"about":[{"href":"https:\/\/leregardlibre.com\/de\/wp-json\/wp\/v2\/types\/post"}],"author":[{"embeddable":true,"href":"https:\/\/leregardlibre.com\/de\/wp-json\/wp\/v2\/users\/138"}],"replies":[{"embeddable":true,"href":"https:\/\/leregardlibre.com\/de\/wp-json\/wp\/v2\/comments?post=42290"}],"version-history":[{"count":2,"href":"https:\/\/leregardlibre.com\/de\/wp-json\/wp\/v2\/posts\/42290\/revisions"}],"predecessor-version":[{"id":511994,"href":"https:\/\/leregardlibre.com\/de\/wp-json\/wp\/v2\/posts\/42290\/revisions\/511994"}],"wp:attachment":[{"href":"https:\/\/leregardlibre.com\/de\/wp-json\/wp\/v2\/media?parent=42290"}],"wp:term":[{"taxonomy":"category","embeddable":true,"href":"https:\/\/leregardlibre.com\/de\/wp-json\/wp\/v2\/categories?post=42290"},{"taxonomy":"post_tag","embeddable":true,"href":"https:\/\/leregardlibre.com\/de\/wp-json\/wp\/v2\/tags?post=42290"}],"curies":[{"name":"wp","href":"https:\/\/api.w.org\/{rel}","templated":true}]}}