{"id":42517,"date":"2021-09-14T14:45:48","date_gmt":"2021-09-14T12:45:48","guid":{"rendered":"https:\/\/leregardlibre.com\/?p=42517"},"modified":"2022-09-25T16:04:06","modified_gmt":"2022-09-25T14:04:06","slug":"frei-werden-in-der-turkei-aus-liebe-zu-madame-vie","status":"publish","type":"post","link":"https:\/\/leregardlibre.com\/de\/literatur\/frei-werden-in-der-turkei-aus-liebe-zu-madame-vie\/","title":{"rendered":"Frei werden in der T\u00fcrkei, aus Liebe zu Madame Vie"},"content":{"rendered":"<p><em>B\u00fccher am Dienstag -&nbsp;<a href=\"https:\/\/leregardlibre.com\/de\/tag\/diana-alice-ramsauer\/\">Diana-Alice Ramsauer<\/a><\/em><\/p>\n\n\n\n<p class=\"has-drop-cap\"><strong>Faz\u0131l braucht zwei Frauen, um seinen Weg in die Freiheit zu finden. Eine von ihnen hat dem Buch ihren Namen gegeben <em>Frau Hayat<\/em>. Die andere bleibt diskreter, erweist sich aber auch als engagierter. Zwei Frauen erz\u00e4hlen von Faz\u0131ls Entwicklung und Bewusstwerdung in einer T\u00fcrkei, die sich nach und nach abschottet. Der Autor Ahmet Altan, dem vorgeworfen wird, am gescheiterten Putschversuch von 2016 beteiligt gewesen zu sein, hat dieses Buch im Gef\u00e4ngnis geschrieben. Dies verleiht der Erz\u00e4hlung eine noch politischere Note.<\/strong><\/p>\n\n\n\n<!--more Lire la suite de la critique (en libre acc\u00e8s)-->\n\n\n\n<p>Die Anspielungen auf die sozio\u00f6konomische Situation in der T\u00fcrkei beginnen sehr fr\u00fch im Buch. Bereits im zweiten Absatz \u00e4ndert sich das Leben des jungen Literaturstudenten Faz\u0131l (aus Istanbul?) grundlegend, als seine Familie in den Ruin getrieben wird, weil \u00abein gro\u00dfes Land den Importstopp f\u00fcr Tomaten verh\u00e4ngt hat\u00bb. Der Schriftsteller und Journalist Ahmet Altan verr\u00e4t es uns nicht, aber abgesehen von der Fiktion ist dieses \u00abgro\u00dfe Land\u00bb Russland, das 2015 ein Embargo gegen Obst und Gem\u00fcse aus der T\u00fcrkei verh\u00e4ngt hat. Diese Sanktionen wurden im Zusammenhang mit dem Krieg in Syrien verh\u00e4ngt. Man versteht also schnell, dass das Buch uns eine gewisse Realit\u00e4t erz\u00e4hlt, die fest in der Gegenwart verankert ist.<\/p>\n\n\n\n<blockquote class=\"wp-block-quote is-layout-flow wp-block-quote-is-layout-flow\"><p>\u00abIn gl\u00fccklichen Familien lernt man nicht viel \u00fcber das Dasein, das wei\u00df ich jetzt, es ist das Ungl\u00fcck, das uns das Leben lehrt.\u00bb<\/p><\/blockquote>\n\n\n\n<p>Faz\u0131l ist nun arm. Er verl\u00e4sst seine kleine Wohnung und nimmt sich ein Zimmer in einer Art Gasthaus, wo sich eine ganze Reihe von gesellschaftlichen Au\u00dfenseitern trifft: ein \u00abDichter\u00bb, der sich als Journalist entpuppt, ein alleinerziehender Vater, einige potenzielle Mafiosi und ein Transsexueller. Um Geld zu verdienen, beginnt der junge Briefeschreiber, als Komparse in einer Fernsehsendung aufzutreten, in der junge Frauen vor einem bezahlten Publikum singen und dabei klatschen, singen und im Takt watscheln. Dort lernt er die beiden Frauen kennen, die ihn dazu bringen werden, die Welt so zu sehen, wie sie ist, ohne den Filter der Naivit\u00e4t.<\/p>\n\n\n\n\n\n<h3 class=\"wp-block-heading\" id=\"prendre-gout-a-la-vie\"><strong>Geschmack am Leben finden<\/strong><\/h3>\n\n\n\n<p>Die erste ist die Frau, die dem Buch seinen Namen gegeben hat: Madame Hayat. Eine Frau, die seine Mutter sein k\u00f6nnte, mit rotblondem Haar, einem schelmischen Gesicht und einem runden K\u00f6rper, der fast immer in ein honigfarbenes Kleid mit tiefem Ausschnitt geh\u00fcllt ist. Eine Figur, die nie als vulg\u00e4r dargestellt wird. Madame Hayat ist gro\u00dfz\u00fcgig und vor allem lebendig und prickelnd. <em>Hayat<\/em> das ist \u00fcbrigens ganz einfach das t\u00fcrkische Wort f\u00fcr <em>Leben<\/em>.<\/p>\n\n\n\n<p>Die andere, S\u0131la, ist in Faz\u0131ls Alter, hat ein edles Gesicht, \u00abvon einem genialen Bildhauer sorgf\u00e4ltig aus dem glattesten Marmor gemei\u00dfelt, eine gerade, feine Nase mit weichen, runden Fl\u00fcgeln [...] Sein ganzes Gesicht schien auf einen herabzusehen, einen zu verurteilen, einen unbedeutend zu machen\u00bb. Die junge Frau ist eine Literaturstudentin, die alles verloren hat, als die Firma, die ihr Vater leitete, von den Beh\u00f6rden beschlagnahmt wird, weil einer der Minderheitsaktion\u00e4re wegen \u00abVorbereitung einer Verschw\u00f6rung gegen die Regierung\u00bb verhaftet wird. \u00c4hnliche Schicksale, die die beiden Charaktere einander n\u00e4her bringen. \u00abIch stellte mir uns wie zwei Babyschildkr\u00f6ten vor, denen man den Panzer abgerissen hat, zwei Babyschildkr\u00f6ten, die sich aneinander kuscheln, um sich gegenseitig W\u00e4rme zu geben.\u00bb<\/p>\n\n\n\n\n\n<h3 class=\"wp-block-heading\" id=\"prendre-gout-a-la-liberte\"><strong>Geschmack an der Freiheit finden<\/strong><\/h3>\n\n\n\n<p>\u00dcber die doppelte Liebesgeschichte hinaus erm\u00f6glichen diese Begegnungen Faz\u0131l, aus seiner Unbek\u00fcmmertheit, seiner Arroganz als Sohn reicher Eltern auszubrechen. Zun\u00e4chst lehrt ihn Madame Hayat, das Leben zu lieben. \u00ab[Sie] war frei. Ohne Kompromisse oder Revolte, frei nur aus Desinteresse, aus Ruhe, und mit jeder unserer Ber\u00fchrungen wurde ihre Freiheit die meine. Bald w\u00fcrde mein Leben keinen Geschmack mehr haben, wenn ich nicht von dieser Freiheit abh\u00e4ngig war. Diese Begegnung \u00f6ffnet Faz\u0131ls Sinne: Er hat pl\u00f6tzlich den Wunsch, aktiv zu leben und nicht nur ein Zuschauer seiner Umgebung zu sein.<\/p>\n\n\n\n<p>Denn im Gegensatz zu diesem Faz\u0131l, der immer freier und lebendiger wird, gleitet die T\u00fcrkei fast gleichg\u00fcltig in eine Diktatur ab. Sie erstickt an sich selbst. Die Terrassen leeren sich von Seite zu Seite. Im Viertel der Buchh\u00e4ndler schlie\u00dfen sich die Vorh\u00e4nge der L\u00e4den. Gruppen von M\u00e4nnern warten mit St\u00f6cken an den Stra\u00dfenecken auf die Feiernden, um ihnen eine Lektion zu erteilen. Und die Verhaftungen h\u00e4ufen sich.<\/p>\n\n\n\n<p>Es ist S\u0131la, die ihm hilft, den n\u00e4chsten Schritt auf dem Weg seiner Entwicklung zu machen. Als leidenschaftliche Literaturkritikerin st\u00fcrzt sie sich mit Freude in die Debatte, den Widerspruch und den Konflikt und bringt Faz\u0131l dazu, sich zu positionieren und damit indirekt auch die politische Situation zu erkennen. F\u00fcr die junge Frau ist klar, dass es unm\u00f6glich ist, in diesem Land eine Zukunft zu haben.<\/p>\n\n\n\n<form method=\"post\" action=\"https:\/\/newsletter.infomaniak.com\/external\/submit\" class=\"inf-form\" target=\"_blank\"><input type=\"email\" name=\"email\" style=\"display:none\"><input type=\"hidden\" name=\"key\" value=\"eyJpdiI6IlZXRVJGMlRGQUU2alNqUE81bitIUk5adnNVa0c4MllFTStzOHdHT1FQZ3c9IiwidmFsdWUiOiJIYzhwMUVCK1pTNnlhY3MyMmhuZlhReWJqemEwNk93blMxTjFHc0s2VHZrPSIsIm1hYyI6ImVhYTQ5N2I1M2NiYWE4NzBmNjk2NzgzYjliM2Y5NmYzM2E2ZmU3NGQxNTU1ZDFkMTU1MzY5NTdjYjE3ZTJmNTUifQ==\"><input type=\"hidden\" name=\"webform_id\" value=\"7291\"><style> .inf-main_3000311ca56a1cb93397bc676c0b7fff{ background-color:#f5f5f5; padding:25px 20px; margin:25px auto; } .inf-main_3000311ca56a1cb93397bc676c0b7fff .inf-content { margin-top:13px;} .inf-main_3000311ca56a1cb93397bc676c0b7fff h4, .inf-main_3000311ca56a1cb93397bc676c0b7fff span, .inf-main_3000311ca56a1cb93397bc676c0b7fff label, .inf-main_3000311ca56a1cb93397bc676c0b7fff input, .inf-main_3000311ca56a1cb93397bc676c0b7fff .inf-submit, .inf-main_3000311ca56a1cb93397bc676c0b7fff .inf-success p a { color:#555555; font-size:14px; } .inf-main_3000311ca56a1cb93397bc676c0b7fff h4{ font-size:18px; margin:0px 0px 13px 0px; } .inf-main_3000311ca56a1cb93397bc676c0b7fff h4, .inf-main_3000311ca56a1cb93397bc676c0b7fff label{ font-weight:bold; } .inf-main_3000311ca56a1cb93397bc676c0b7fff .inf-input { margin-bottom:7px; } .inf-main_3000311ca56a1cb93397bc676c0b7fff label { display:block;} .inf-main_3000311ca56a1cb93397bc676c0b7fff input{ height:35px; color:#999999; border: 1px solid #E9E9E9; border:none; padding-left:7px; } .inf-main_3000311ca56a1cb93397bc676c0b7fff .inf-input.inf-error label, .inf-main_3000311ca56a1cb93397bc676c0b7fff .inf-input.inf-error span.inf-message{ color: #cc0033; } .inf-main_3000311ca56a1cb93397bc676c0b7fff .inf-input.inf-error input{ border: 1px solid #cc0033; } .inf-main_3000311ca56a1cb93397bc676c0b7fff .inf-input input { width:100%;} .inf-main_3000311ca56a1cb93397bc676c0b7fff .inf-input.inf-error span.inf-message { display: block; } .inf-main_3000311ca56a1cb93397bc676c0b7fff .inf-submit { text-align:right;} .inf-main_3000311ca56a1cb93397bc676c0b7fff .inf-submit input{ background-color:#777777; color:#ffffff; border:none; font-weight: normal; height:auto; padding:7px; } .inf-main_3000311ca56a1cb93397bc676c0b7fff .inf-submit input.disabled{ opacity: 0.4; } .inf-btn { color: rgb(85, 85, 85); border: medium none; font-weight: normal; height: auto; padding: 7px; display: inline-block; background-color: white; box-shadow: 0px 1px 1px rgba(0, 0, 0, 0.24); border-radius: 2px; line-height: 1em; } .inf-rgpd { margin:25px 0px 15px 0px; color:#555555; } <\/style> <div class=\"inf-main_3000311ca56a1cb93397bc676c0b7fff\"> <h4>NEWSLETTER DES FREIEN BLICKS<\/h4> <span>Erhalten Sie unsere Artikel jeden Sonntag.<\/span> <div class=\"inf-success\" style=\"display:none\"> <h4>Ihre Anmeldung f\u00fcr unseren w\u00f6chentlichen Newsletter wurde erfolgreich registriert!<\/h4> <p> <a href=\"#\" class=\"inf-btn\">\u00ab<\/a> <\/p> <\/div> <div class=\"inf-content\"> <div class=\"inf-input inf-input-text\"> <input type=\"text\" name=\"inf[1]\" data-inf-meta=\"1\" data-inf-error=\"Merci de renseigner une adresse email\" required=\"required\" placeholder=\"E-Mail\"> <\/div> <div class=\"inf-submit\"> <input type=\"submit\" name=\"\" value=\"Anmelden\"> <\/div> <\/div> <\/div> <\/form>\n\n\n\n<h3 class=\"wp-block-heading\" id=\"prendre-gout-a-la-revolte\"><strong>Geschmack an der Revolte finden<\/strong><\/h3>\n\n\n\n<p>Faz\u0131l beginnt sich zu ver\u00e4ndern: Er f\u00fchlt. Zuerst Angst, dann aber auch Wut. W\u00e4hrend einige Mitsch\u00fcler verhaftet werden, weil sie kritische Texte auf der Website von Faz\u0131l gepostet haben, ist er w\u00fctend. <em>Facebook<\/em>; Als er mit ansehen muss, wie sich ein Freund auf der Flucht vor den Beh\u00f6rden umbringt, beginnt er, Texte f\u00fcr eine Zeitschrift zu korrigieren und neu zu schreiben. Dort wird er mit dem ganzen Schrecken der Dinge um ihn herum konfrontiert. Die Bilder lassen ihn nicht mehr los.<\/p>\n\n\n\n<blockquote class=\"wp-block-quote is-layout-flow wp-block-quote-is-layout-flow\"><p>\u00abIch dachte an das Vertrauen, das ich fr\u00fcher hatte, an die Gef\u00fchle, die ich damals hatte, Gef\u00fchle, die sp\u00e4rlich, unauff\u00e4llig und harmlos waren, wie kleine Feldblumen, und die jetzt vertrocknet, zertreten und verirrt waren inmitten neuer Gef\u00fchle, die meine Seele zerschnitten und tiefe Furchen hinterlie\u00dfen, und ich erinnerte mich mit Erstaunen, ja sogar mit Bewunderung, eigentlich mit Unglauben, an meine fr\u00fcheren Gef\u00fchle\u00bb.\u00bb<\/p><\/blockquote>\n\n\n\n<p>Es ist eine Binsenweisheit ... aber wenn man den journalistischen Hintergrund des Autors kennt, ist dieses Buch eine klare Kritik am Erdogan-Regime. Ahmet Altan, der zwischen 2016 und 2021 in einem Gef\u00e4ngnis in Istanbul eingesperrt war, ist f\u00fcr seine Opposition gegen\u00fcber der Staatsmacht bekannt. Das Buch ist in der T\u00fcrkei nicht erh\u00e4ltlich. Die Rezensentin betont zwar die politischen Anspielungen in der Erz\u00e4hlung, aber das Buch behandelt das Thema unterschwellig: Es ist zwar immer pr\u00e4sent, aber eher wie eine Kulisse. Der Alltag der T\u00fcrken wird nicht st\u00e4ndig von den Handlungen der Regierung ersch\u00fcttert. Der Autor Ahmet Altan scheint sogar zeigen zu wollen, dass man sehr wohl mit geschlossenen Augen leben kann. Aber wenn die Realit\u00e4t der Situation erst einmal offengelegt wurde, gibt es kein Zur\u00fcck mehr. Und es n\u00fctzt auch nichts, wegzulaufen.<\/p>\n\n\n\n\n\n<p>Endlich, <em>Frau Hayat<\/em> ist eine Liebeserkl\u00e4rung an die T\u00fcrkei. Man k\u00f6nnte sogar sagen, dass Frau Hayat die T\u00fcrkei, die Ahmet Altan liebt, ist\/symbolisiert. Sie ist schelmisch, verschmitzt, gro\u00dfz\u00fcgig und zutiefst frei. Sie ist auch undurchschaubar, ihre Vergangenheit ist schwer zu erkennen, geschweige denn ihre Zukunft. Die sich zeitweise in die Einsamkeit zur\u00fcckzieht und sich manchmal in schlechter Verfassung befindet. Aber Ahmet Altan liebt sie mit einer intensiven und verzehrenden Liebe.<\/p>\n\n\n\n<p><em>Schreiben Sie der Autorin:&nbsp;<a href=\"mailto:diana-alice.ramsauer@leregardlibre.com\">diana-alice.ramsauer@leregardlibre.com<\/a><\/em><\/p>\n\n\n\n<p>Fotocredit: \u00a9 Nina Dumauthioz<\/p>\n\n\n\n<div class=\"wp-block-media-text alignwide is-stacked-on-mobile\"><figure class=\"wp-block-media-text__media\"><img fetchpriority=\"high\" decoding=\"async\" width=\"192\" height=\"364\" src=\"http:\/\/leregardlibre.com\/wp-content\/uploads\/2021\/09\/Hayat.jpeg\" alt=\"\" class=\"wp-image-42527 size-full\" srcset=\"https:\/\/leregardlibre.com\/wp-content\/uploads\/2021\/09\/Hayat.jpeg 192w, https:\/\/leregardlibre.com\/wp-content\/uploads\/2021\/09\/Hayat-158x300.jpeg 158w, https:\/\/leregardlibre.com\/wp-content\/uploads\/2021\/09\/Hayat-79x150.jpeg 79w\" sizes=\"(max-width: 192px) 100vw, 192px\" \/><\/figure><div class=\"wp-block-media-text__content\">\n<p style=\"font-size:18px\"><strong>Ahmet Atlan <br><em>Frau Hayat<\/em><br>\u00dcbersetzung von Julien Lapeyre de Cabanes<br>Actes Sud<br>2021<br>272 Seiten<\/strong><\/p>\n\n\n\n<div class=\"wp-block-buttons is-layout-flex wp-block-buttons-is-layout-flex\">\n<div class=\"wp-block-button\"><a class=\"wp-block-button__link\" href=\"https:\/\/www.payot.ch\/Detail\/9782330154530\">Das Buch bestellen<\/a><\/div>\n<\/div>\n<\/div><\/div>","protected":false},"excerpt":{"rendered":"<p>Die Geschichte des t\u00fcrkischen Studenten Fazil, der in zwei Frauen verliebt ist und die Revolte entdeckt. <\/p>","protected":false},"author":91,"featured_media":42525,"comment_status":"open","ping_status":"closed","sticky":false,"template":"","format":"standard","meta":{"_acf_changed":false,"footnotes":""},"categories":[20663],"tags":[54879,599730,644356907,644339652,116482],"class_list":["post-42517","post","type-post","status-publish","format-standard","has-post-thumbnail","hentry","category-litterature","tag-critiques-litteraires","tag-dictature","tag-madame-hayat","tag-erdogan","tag-turquie"],"acf":[],"yoast_head":"<!-- This site is optimized with the Yoast SEO Premium plugin v27.4 (Yoast SEO v27.4) - https:\/\/yoast.com\/product\/yoast-seo-premium-wordpress\/ -->\n<title>Devenir libre en Turquie, par amour pour Madame Vie<\/title>\n<meta name=\"robots\" content=\"index, follow, max-snippet:-1, max-image-preview:large, max-video-preview:-1\" \/>\n<link rel=\"canonical\" href=\"https:\/\/leregardlibre.com\/de\/literatur\/frei-werden-in-der-turkei-aus-liebe-zu-madame-vie\/\" \/>\n<meta property=\"og:locale\" content=\"de_DE\" \/>\n<meta property=\"og:type\" content=\"article\" \/>\n<meta property=\"og:title\" content=\"Devenir libre en Turquie, par amour pour Madame Vie\" \/>\n<meta property=\"og:description\" content=\"L&#039;histoire d&#039;un \u00e9tudiant turc, Fazil, amoureux de deux femmes, qui d\u00e9couvre la r\u00e9volte.\" \/>\n<meta property=\"og:url\" content=\"https:\/\/leregardlibre.com\/de\/literatur\/frei-werden-in-der-turkei-aus-liebe-zu-madame-vie\/\" \/>\n<meta property=\"og:site_name\" content=\"Le Regard Libre\" \/>\n<meta property=\"article:publisher\" content=\"https:\/\/www.facebook.com\/leregardlibre\/\" \/>\n<meta property=\"article:published_time\" content=\"2021-09-14T12:45:48+00:00\" \/>\n<meta property=\"article:modified_time\" content=\"2022-09-25T14:04:06+00:00\" \/>\n<meta property=\"og:image\" content=\"https:\/\/leregardlibre.com\/wp-content\/uploads\/2021\/09\/IMG_0054.jpg\" \/>\n\t<meta property=\"og:image:width\" content=\"2048\" \/>\n\t<meta property=\"og:image:height\" content=\"1536\" \/>\n\t<meta property=\"og:image:type\" content=\"image\/jpeg\" \/>\n<meta name=\"author\" content=\"Diana-Alice Ramsauer\" \/>\n<meta name=\"twitter:card\" content=\"summary_large_image\" \/>\n<meta name=\"twitter:creator\" content=\"@LeRegardLibre\" \/>\n<meta name=\"twitter:site\" content=\"@LeRegardLibre\" \/>\n<meta name=\"twitter:label1\" content=\"Verfasst von\" \/>\n\t<meta name=\"twitter:data1\" content=\"Diana-Alice Ramsauer\" \/>\n\t<meta name=\"twitter:label2\" content=\"Gesch\u00e4tzte Lesezeit\" \/>\n\t<meta name=\"twitter:data2\" content=\"7\u00a0Minuten\" \/>\n<script type=\"application\/ld+json\" class=\"yoast-schema-graph\">{\"@context\":\"https:\\\/\\\/schema.org\",\"@graph\":[{\"@type\":\"Article\",\"@id\":\"https:\\\/\\\/leregardlibre.com\\\/litterature\\\/devenir-libre-en-turquie-par-amour-pour-madame-vie\\\/#article\",\"isPartOf\":{\"@id\":\"https:\\\/\\\/leregardlibre.com\\\/litterature\\\/devenir-libre-en-turquie-par-amour-pour-madame-vie\\\/\"},\"author\":{\"name\":\"Diana-Alice Ramsauer\",\"@id\":\"https:\\\/\\\/leregardlibre.com\\\/#\\\/schema\\\/person\\\/62f947f8b160b1f5efe565d6bd5c8f0a\"},\"headline\":\"Devenir libre en Turquie, par amour pour Madame Vie\",\"datePublished\":\"2021-09-14T12:45:48+00:00\",\"dateModified\":\"2022-09-25T14:04:06+00:00\",\"mainEntityOfPage\":{\"@id\":\"https:\\\/\\\/leregardlibre.com\\\/litterature\\\/devenir-libre-en-turquie-par-amour-pour-madame-vie\\\/\"},\"wordCount\":1332,\"commentCount\":0,\"publisher\":{\"@id\":\"https:\\\/\\\/leregardlibre.com\\\/#organization\"},\"image\":{\"@id\":\"https:\\\/\\\/leregardlibre.com\\\/litterature\\\/devenir-libre-en-turquie-par-amour-pour-madame-vie\\\/#primaryimage\"},\"thumbnailUrl\":\"https:\\\/\\\/leregardlibre.com\\\/wp-content\\\/uploads\\\/2021\\\/09\\\/IMG_0054.jpg\",\"keywords\":[\"Critique litt\u00e9raire\",\"Dictature\",\"madame hayat\",\"Recep Tayyip Erdogan\",\"Turquie\"],\"articleSection\":[\"Litt\u00e9rature\"],\"inLanguage\":\"de\",\"potentialAction\":[{\"@type\":\"CommentAction\",\"name\":\"Comment\",\"target\":[\"https:\\\/\\\/leregardlibre.com\\\/litterature\\\/devenir-libre-en-turquie-par-amour-pour-madame-vie\\\/#respond\"]}]},{\"@type\":\"WebPage\",\"@id\":\"https:\\\/\\\/leregardlibre.com\\\/litterature\\\/devenir-libre-en-turquie-par-amour-pour-madame-vie\\\/\",\"url\":\"https:\\\/\\\/leregardlibre.com\\\/litterature\\\/devenir-libre-en-turquie-par-amour-pour-madame-vie\\\/\",\"name\":\"Devenir libre en Turquie, par amour pour Madame Vie\",\"isPartOf\":{\"@id\":\"https:\\\/\\\/leregardlibre.com\\\/#website\"},\"primaryImageOfPage\":{\"@id\":\"https:\\\/\\\/leregardlibre.com\\\/litterature\\\/devenir-libre-en-turquie-par-amour-pour-madame-vie\\\/#primaryimage\"},\"image\":{\"@id\":\"https:\\\/\\\/leregardlibre.com\\\/litterature\\\/devenir-libre-en-turquie-par-amour-pour-madame-vie\\\/#primaryimage\"},\"thumbnailUrl\":\"https:\\\/\\\/leregardlibre.com\\\/wp-content\\\/uploads\\\/2021\\\/09\\\/IMG_0054.jpg\",\"datePublished\":\"2021-09-14T12:45:48+00:00\",\"dateModified\":\"2022-09-25T14:04:06+00:00\",\"breadcrumb\":{\"@id\":\"https:\\\/\\\/leregardlibre.com\\\/litterature\\\/devenir-libre-en-turquie-par-amour-pour-madame-vie\\\/#breadcrumb\"},\"inLanguage\":\"de\",\"potentialAction\":[{\"@type\":\"ReadAction\",\"target\":[\"https:\\\/\\\/leregardlibre.com\\\/litterature\\\/devenir-libre-en-turquie-par-amour-pour-madame-vie\\\/\"]}]},{\"@type\":\"ImageObject\",\"inLanguage\":\"de\",\"@id\":\"https:\\\/\\\/leregardlibre.com\\\/litterature\\\/devenir-libre-en-turquie-par-amour-pour-madame-vie\\\/#primaryimage\",\"url\":\"https:\\\/\\\/leregardlibre.com\\\/wp-content\\\/uploads\\\/2021\\\/09\\\/IMG_0054.jpg\",\"contentUrl\":\"https:\\\/\\\/leregardlibre.com\\\/wp-content\\\/uploads\\\/2021\\\/09\\\/IMG_0054.jpg\",\"width\":2048,\"height\":1536},{\"@type\":\"BreadcrumbList\",\"@id\":\"https:\\\/\\\/leregardlibre.com\\\/litterature\\\/devenir-libre-en-turquie-par-amour-pour-madame-vie\\\/#breadcrumb\",\"itemListElement\":[{\"@type\":\"ListItem\",\"position\":1,\"name\":\"Accueil\",\"item\":\"https:\\\/\\\/leregardlibre.com\\\/\"},{\"@type\":\"ListItem\",\"position\":2,\"name\":\"Devenir libre en Turquie, par amour pour Madame Vie\"}]},{\"@type\":\"WebSite\",\"@id\":\"https:\\\/\\\/leregardlibre.com\\\/#website\",\"url\":\"https:\\\/\\\/leregardlibre.com\\\/\",\"name\":\"Le Regard Libre\",\"description\":\"Premier mensuel suisse de d\u00e9bat\",\"publisher\":{\"@id\":\"https:\\\/\\\/leregardlibre.com\\\/#organization\"},\"potentialAction\":[{\"@type\":\"SearchAction\",\"target\":{\"@type\":\"EntryPoint\",\"urlTemplate\":\"https:\\\/\\\/leregardlibre.com\\\/?s={search_term_string}\"},\"query-input\":{\"@type\":\"PropertyValueSpecification\",\"valueRequired\":true,\"valueName\":\"search_term_string\"}}],\"inLanguage\":\"de\"},{\"@type\":\"Organization\",\"@id\":\"https:\\\/\\\/leregardlibre.com\\\/#organization\",\"name\":\"Le Regard Libre\",\"url\":\"https:\\\/\\\/leregardlibre.com\\\/\",\"logo\":{\"@type\":\"ImageObject\",\"inLanguage\":\"de\",\"@id\":\"https:\\\/\\\/leregardlibre.com\\\/#\\\/schema\\\/logo\\\/image\\\/\",\"url\":\"https:\\\/\\\/leregardlibre.com\\\/wp-content\\\/uploads\\\/2025\\\/08\\\/logo-rl-icone-neg.jpeg\",\"contentUrl\":\"https:\\\/\\\/leregardlibre.com\\\/wp-content\\\/uploads\\\/2025\\\/08\\\/logo-rl-icone-neg.jpeg\",\"width\":557,\"height\":556,\"caption\":\"Le Regard Libre\"},\"image\":{\"@id\":\"https:\\\/\\\/leregardlibre.com\\\/#\\\/schema\\\/logo\\\/image\\\/\"},\"sameAs\":[\"https:\\\/\\\/www.facebook.com\\\/leregardlibre\\\/\",\"https:\\\/\\\/x.com\\\/LeRegardLibre\",\"https:\\\/\\\/www.linkedin.com\\\/company\\\/le-regard-libre\",\"https:\\\/\\\/www.instagram.com\\\/leregardlibre\\\/\",\"http:\\\/\\\/t.me\\\/leregardlibre\",\"https:\\\/\\\/youtube.com\\\/channel\\\/UC6HzGPomj1LsUmlz-sJtITQ\"],\"description\":\"Le Regard Libre est un mensuel suisse de d\u00e9bat intellectuel et culturel. Sa r\u00e9daction est jeune, b\u00e9n\u00e9vole, lib\u00e9rale et pluraliste. Le magazine para\u00eet en ligne et sous forme papier. Sa langue est le fran\u00e7ais.\",\"email\":\"redaction@leregardlibre.com\",\"legalName\":\"Le Regard Libre\",\"foundingDate\":\"2014-01-01\",\"numberOfEmployees\":{\"@type\":\"QuantitativeValue\",\"minValue\":\"11\",\"maxValue\":\"50\"},\"publishingPrinciples\":\"https:\\\/\\\/leregardlibre.com\\\/a-propos\\\/notre-manifeste\\\/\",\"ownershipFundingInfo\":\"https:\\\/\\\/leregardlibre.com\\\/mentions-legales\\\/\",\"actionableFeedbackPolicy\":\"https:\\\/\\\/leregardlibre.com\\\/conditions-generales-de-vente\\\/\"},{\"@type\":\"Person\",\"@id\":\"https:\\\/\\\/leregardlibre.com\\\/#\\\/schema\\\/person\\\/62f947f8b160b1f5efe565d6bd5c8f0a\",\"name\":\"Diana-Alice Ramsauer\",\"image\":{\"@type\":\"ImageObject\",\"inLanguage\":\"de\",\"@id\":\"https:\\\/\\\/secure.gravatar.com\\\/avatar\\\/51862cca29cd5f278db9e227f155b57590a6a82efb3c6a76f90daf5d4959f176?s=96&d=identicon&r=g\",\"url\":\"https:\\\/\\\/secure.gravatar.com\\\/avatar\\\/51862cca29cd5f278db9e227f155b57590a6a82efb3c6a76f90daf5d4959f176?s=96&d=identicon&r=g\",\"contentUrl\":\"https:\\\/\\\/secure.gravatar.com\\\/avatar\\\/51862cca29cd5f278db9e227f155b57590a6a82efb3c6a76f90daf5d4959f176?s=96&d=identicon&r=g\",\"caption\":\"Diana-Alice Ramsauer\"},\"sameAs\":[\"https:\\\/\\\/leregardlibre.com\\\/\",\"https:\\\/\\\/fr.wikipedia.org\\\/wiki\\\/Le_Regard_libre\"],\"url\":\"https:\\\/\\\/leregardlibre.com\\\/de\\\/author\\\/daramsauer\\\/\"}]}<\/script>\n<!-- \/ Yoast SEO Premium plugin. -->","yoast_head_json":{"title":"Frei werden in der T\u00fcrkei, aus Liebe zu Madame Vie","robots":{"index":"index","follow":"follow","max-snippet":"max-snippet:-1","max-image-preview":"max-image-preview:large","max-video-preview":"max-video-preview:-1"},"canonical":"https:\/\/leregardlibre.com\/de\/literatur\/frei-werden-in-der-turkei-aus-liebe-zu-madame-vie\/","og_locale":"de_DE","og_type":"article","og_title":"Devenir libre en Turquie, par amour pour Madame Vie","og_description":"L'histoire d'un \u00e9tudiant turc, Fazil, amoureux de deux femmes, qui d\u00e9couvre la r\u00e9volte.","og_url":"https:\/\/leregardlibre.com\/de\/literatur\/frei-werden-in-der-turkei-aus-liebe-zu-madame-vie\/","og_site_name":"Le Regard Libre","article_publisher":"https:\/\/www.facebook.com\/leregardlibre\/","article_published_time":"2021-09-14T12:45:48+00:00","article_modified_time":"2022-09-25T14:04:06+00:00","og_image":[{"width":2048,"height":1536,"url":"https:\/\/leregardlibre.com\/wp-content\/uploads\/2021\/09\/IMG_0054.jpg","type":"image\/jpeg"}],"author":"Diana-Alice Ramsauer","twitter_card":"summary_large_image","twitter_creator":"@LeRegardLibre","twitter_site":"@LeRegardLibre","twitter_misc":{"Verfasst von":"Diana-Alice Ramsauer","Gesch\u00e4tzte Lesezeit":"7\u00a0Minuten"},"schema":{"@context":"https:\/\/schema.org","@graph":[{"@type":"Article","@id":"https:\/\/leregardlibre.com\/litterature\/devenir-libre-en-turquie-par-amour-pour-madame-vie\/#article","isPartOf":{"@id":"https:\/\/leregardlibre.com\/litterature\/devenir-libre-en-turquie-par-amour-pour-madame-vie\/"},"author":{"name":"Diana-Alice Ramsauer","@id":"https:\/\/leregardlibre.com\/#\/schema\/person\/62f947f8b160b1f5efe565d6bd5c8f0a"},"headline":"Devenir libre en Turquie, par amour pour Madame Vie","datePublished":"2021-09-14T12:45:48+00:00","dateModified":"2022-09-25T14:04:06+00:00","mainEntityOfPage":{"@id":"https:\/\/leregardlibre.com\/litterature\/devenir-libre-en-turquie-par-amour-pour-madame-vie\/"},"wordCount":1332,"commentCount":0,"publisher":{"@id":"https:\/\/leregardlibre.com\/#organization"},"image":{"@id":"https:\/\/leregardlibre.com\/litterature\/devenir-libre-en-turquie-par-amour-pour-madame-vie\/#primaryimage"},"thumbnailUrl":"https:\/\/leregardlibre.com\/wp-content\/uploads\/2021\/09\/IMG_0054.jpg","keywords":["Critique litt\u00e9raire","Dictature","madame hayat","Recep Tayyip Erdogan","Turquie"],"articleSection":["Litt\u00e9rature"],"inLanguage":"de","potentialAction":[{"@type":"CommentAction","name":"Comment","target":["https:\/\/leregardlibre.com\/litterature\/devenir-libre-en-turquie-par-amour-pour-madame-vie\/#respond"]}]},{"@type":"WebPage","@id":"https:\/\/leregardlibre.com\/litterature\/devenir-libre-en-turquie-par-amour-pour-madame-vie\/","url":"https:\/\/leregardlibre.com\/litterature\/devenir-libre-en-turquie-par-amour-pour-madame-vie\/","name":"Frei werden in der T\u00fcrkei, aus Liebe zu Madame Vie","isPartOf":{"@id":"https:\/\/leregardlibre.com\/#website"},"primaryImageOfPage":{"@id":"https:\/\/leregardlibre.com\/litterature\/devenir-libre-en-turquie-par-amour-pour-madame-vie\/#primaryimage"},"image":{"@id":"https:\/\/leregardlibre.com\/litterature\/devenir-libre-en-turquie-par-amour-pour-madame-vie\/#primaryimage"},"thumbnailUrl":"https:\/\/leregardlibre.com\/wp-content\/uploads\/2021\/09\/IMG_0054.jpg","datePublished":"2021-09-14T12:45:48+00:00","dateModified":"2022-09-25T14:04:06+00:00","breadcrumb":{"@id":"https:\/\/leregardlibre.com\/litterature\/devenir-libre-en-turquie-par-amour-pour-madame-vie\/#breadcrumb"},"inLanguage":"de","potentialAction":[{"@type":"ReadAction","target":["https:\/\/leregardlibre.com\/litterature\/devenir-libre-en-turquie-par-amour-pour-madame-vie\/"]}]},{"@type":"ImageObject","inLanguage":"de","@id":"https:\/\/leregardlibre.com\/litterature\/devenir-libre-en-turquie-par-amour-pour-madame-vie\/#primaryimage","url":"https:\/\/leregardlibre.com\/wp-content\/uploads\/2021\/09\/IMG_0054.jpg","contentUrl":"https:\/\/leregardlibre.com\/wp-content\/uploads\/2021\/09\/IMG_0054.jpg","width":2048,"height":1536},{"@type":"BreadcrumbList","@id":"https:\/\/leregardlibre.com\/litterature\/devenir-libre-en-turquie-par-amour-pour-madame-vie\/#breadcrumb","itemListElement":[{"@type":"ListItem","position":1,"name":"Accueil","item":"https:\/\/leregardlibre.com\/"},{"@type":"ListItem","position":2,"name":"Devenir libre en Turquie, par amour pour Madame Vie"}]},{"@type":"WebSite","@id":"https:\/\/leregardlibre.com\/#website","url":"https:\/\/leregardlibre.com\/","name":"Le Regard Libre","description":"Erste Schweizer Monatszeitschrift f\u00fcr Debatten","publisher":{"@id":"https:\/\/leregardlibre.com\/#organization"},"potentialAction":[{"@type":"SearchAction","target":{"@type":"EntryPoint","urlTemplate":"https:\/\/leregardlibre.com\/?s={search_term_string}"},"query-input":{"@type":"PropertyValueSpecification","valueRequired":true,"valueName":"search_term_string"}}],"inLanguage":"de"},{"@type":"Organization","@id":"https:\/\/leregardlibre.com\/#organization","name":"Le Regard Libre","url":"https:\/\/leregardlibre.com\/","logo":{"@type":"ImageObject","inLanguage":"de","@id":"https:\/\/leregardlibre.com\/#\/schema\/logo\/image\/","url":"https:\/\/leregardlibre.com\/wp-content\/uploads\/2025\/08\/logo-rl-icone-neg.jpeg","contentUrl":"https:\/\/leregardlibre.com\/wp-content\/uploads\/2025\/08\/logo-rl-icone-neg.jpeg","width":557,"height":556,"caption":"Le Regard Libre"},"image":{"@id":"https:\/\/leregardlibre.com\/#\/schema\/logo\/image\/"},"sameAs":["https:\/\/www.facebook.com\/leregardlibre\/","https:\/\/x.com\/LeRegardLibre","https:\/\/www.linkedin.com\/company\/le-regard-libre","https:\/\/www.instagram.com\/leregardlibre\/","http:\/\/t.me\/leregardlibre","https:\/\/youtube.com\/channel\/UC6HzGPomj1LsUmlz-sJtITQ"],"description":"Le Regard Libre ist eine Schweizer Monatszeitschrift f\u00fcr intellektuelle und kulturelle Debatten. Seine Redaktion ist jung, ehrenamtlich, liberal und pluralistisch. Das Magazin erscheint online und in gedruckter Form. Seine Sprache ist Franz\u00f6sisch.","email":"redaction@leregardlibre.com","legalName":"Le Regard Libre","foundingDate":"2014-01-01","numberOfEmployees":{"@type":"QuantitativeValue","minValue":"11","maxValue":"50"},"publishingPrinciples":"https:\/\/leregardlibre.com\/a-propos\/notre-manifeste\/","ownershipFundingInfo":"https:\/\/leregardlibre.com\/mentions-legales\/","actionableFeedbackPolicy":"https:\/\/leregardlibre.com\/conditions-generales-de-vente\/"},{"@type":"Person","@id":"https:\/\/leregardlibre.com\/#\/schema\/person\/62f947f8b160b1f5efe565d6bd5c8f0a","name":"Diana-Alice Ramsauer","image":{"@type":"ImageObject","inLanguage":"de","@id":"https:\/\/secure.gravatar.com\/avatar\/51862cca29cd5f278db9e227f155b57590a6a82efb3c6a76f90daf5d4959f176?s=96&d=identicon&r=g","url":"https:\/\/secure.gravatar.com\/avatar\/51862cca29cd5f278db9e227f155b57590a6a82efb3c6a76f90daf5d4959f176?s=96&d=identicon&r=g","contentUrl":"https:\/\/secure.gravatar.com\/avatar\/51862cca29cd5f278db9e227f155b57590a6a82efb3c6a76f90daf5d4959f176?s=96&d=identicon&r=g","caption":"Diana-Alice Ramsauer"},"sameAs":["https:\/\/leregardlibre.com\/","https:\/\/fr.wikipedia.org\/wiki\/Le_Regard_libre"],"url":"https:\/\/leregardlibre.com\/de\/author\/daramsauer\/"}]}},"_links":{"self":[{"href":"https:\/\/leregardlibre.com\/de\/wp-json\/wp\/v2\/posts\/42517","targetHints":{"allow":["GET"]}}],"collection":[{"href":"https:\/\/leregardlibre.com\/de\/wp-json\/wp\/v2\/posts"}],"about":[{"href":"https:\/\/leregardlibre.com\/de\/wp-json\/wp\/v2\/types\/post"}],"author":[{"embeddable":true,"href":"https:\/\/leregardlibre.com\/de\/wp-json\/wp\/v2\/users\/91"}],"replies":[{"embeddable":true,"href":"https:\/\/leregardlibre.com\/de\/wp-json\/wp\/v2\/comments?post=42517"}],"version-history":[{"count":1,"href":"https:\/\/leregardlibre.com\/de\/wp-json\/wp\/v2\/posts\/42517\/revisions"}],"predecessor-version":[{"id":511203,"href":"https:\/\/leregardlibre.com\/de\/wp-json\/wp\/v2\/posts\/42517\/revisions\/511203"}],"wp:featuredmedia":[{"embeddable":true,"href":"https:\/\/leregardlibre.com\/de\/wp-json\/wp\/v2\/media\/42525"}],"wp:attachment":[{"href":"https:\/\/leregardlibre.com\/de\/wp-json\/wp\/v2\/media?parent=42517"}],"wp:term":[{"taxonomy":"category","embeddable":true,"href":"https:\/\/leregardlibre.com\/de\/wp-json\/wp\/v2\/categories?post=42517"},{"taxonomy":"post_tag","embeddable":true,"href":"https:\/\/leregardlibre.com\/de\/wp-json\/wp\/v2\/tags?post=42517"}],"curies":[{"name":"wp","href":"https:\/\/api.w.org\/{rel}","templated":true}]}}