{"id":42627,"date":"2021-09-26T06:00:00","date_gmt":"2021-09-26T04:00:00","guid":{"rendered":"https:\/\/leregardlibre.com\/?p=42627"},"modified":"2024-08-03T21:34:49","modified_gmt":"2024-08-03T19:34:49","slug":"la-derniere-chronique-de-roland-jaccard-jacques-lecarme-et-moi","status":"publish","type":"post","link":"https:\/\/leregardlibre.com\/de\/gesellschaft\/la-derniere-chronique-de-roland-jaccard-jacques-lecarme-et-moi\/","title":{"rendered":"Roland Jaccards Film: \u00abJacques Lecarme und ich\u00bb.\u00bb"},"content":{"rendered":"<p><strong>Jeden Monat finden Sie die Kolumne einer der Pers\u00f6nlichkeiten, die uns das Vergn\u00fcgen bereiten, abwechselnd zur Feder zu greifen. Der Schriftsteller Roland Jaccard berichtet \u00fcber seinen Lieblingsfilm, der ebenso unglaubw\u00fcrdig wie politisch korrekt ist: den Film seines Lebens.<\/strong><\/p>\n\n\n\n<hr class=\"wp-block-separator has-css-opacity\"\/>\n\n\n\n<blockquote class=\"wp-block-quote is-layout-flow wp-block-quote-is-layout-flow\"><p>Oder zumindest berichtet er es<em>hat<\/em>. Roland Jaccard, der Wort hielt, was er von Buch zu Buch ank\u00fcndigte, starb als freier Mann am 20. September, wenige Tage vor seinem 80. Geburtstag, dem Alter, in dem sich sein Vater und sein Gro\u00dfvater das Leben genommen hatten. Dieser Text ist seine letzte Kolumne f\u00fcr <em>Le Regard Libre<\/em>.<\/p><\/blockquote>\n\n\n\n<hr class=\"wp-block-separator has-css-opacity\"\/>\n\n\n\n<!--more Lire la chronique (en libre acc\u00e8s)-->\n\n\n\n<p>Jacques Lecarme, professeur honoraire de litt\u00e9rature \u00e0 La Sorbonne, ami de Serge Doubrovsky (on ignore en g\u00e9n\u00e9ral que c\u2019est lui qui a \u00e9rig\u00e9 l\u2019auto-fiction en genre litt\u00e9raire) et critique litt\u00e9raire hors pair (sartrien, tendance Drieu), m\u2019a fait remarquer apr\u00e8s avoir lu mon journal intime qu\u2019il doute que je sois un lecteur avide: le go\u00fbt pour les aphorismes exclut une addiction \u00e0 Balzac, Toslto\u00ef ou Dosto\u00efevsi. Je n\u2019ai pu que lui donner raison. Il n\u2019est pas s\u00fbr non plus que j\u2019aie lu int\u00e9gralement les livres que j\u2019ai recens\u00e9s ou ceux que j\u2019ai \u00e9dit\u00e9s. \u00abLes bons critiques, ajoute-t-il, sont ceux qui d\u00e9gainent le plus vite, en limitant au minimum le temps de la lecture \u00e0 quelques pr\u00e9l\u00e8vements hom\u00e9opathiques.\u00bb J\u2019irai m\u00eame plus loin: celui qui n\u2019arrive pas \u00e0 d\u00e9celer en moins d\u2019une page l\u2019orientation sexuelle et politique, voire le compte en banque, de l\u2019\u00e9crivain dans lequel il est plong\u00e9, devrait s\u2019abstenir de p\u00e9rorer sur la litt\u00e9rature.<\/p>\n\n\n\n<p>Jacques Lecarme appr\u00e9cie mon apolitisme profond et tranquille qui n\u2019est pas comme chez Cioran la couverture d\u2019une apostasie. Je lui laisse la responsabilit\u00e9 de cette affirmation: il y aurait tant \u00e0 en dire. En revanche, comment ne pas lui conc\u00e9der que l\u2019indiff\u00e9rence \u00e0 la politique correspond \u00e0 ce fait constant que nous nous foutons tous \u00e9perdument du bien public, sauf quand nous briguons des responsabilit\u00e9s politiques ou une gloriole litt\u00e9raire. Mais il faut vraiment tomber bien bas pour vouloir devenir conseiller municipal ou ministre de la R\u00e9publique. Dictateur \u00e0 la limite\u2026.<\/p>\n\n\n\n<p>N\u2019ignorant pas mon amiti\u00e9 pour Gabriel Matzneff, Jaques Lecarme m\u2019a fait remarquer qu\u2019il y a quand m\u00eame des probl\u00e8mes d\u2019\u00e9valuation litt\u00e9raire. Il m\u2019a racont\u00e9 qu\u2019une de ses \u00e9tudiantes \u00e9tait tomb\u00e9e amoureuse de Gabriel Matzneff et s\u2019\u00e9tait offerte \u00e0 lui: il l\u2019avait trouv\u00e9e trop \u00e2g\u00e9e. Elle s\u2019\u00e9tait d\u00e9dommag\u00e9e en faisant un expos\u00e9 sur la vie et l\u2019\u0153uvre de son idole. \u00abJ\u2019ai donc lu et \u00e9tudi\u00e9 l\u2019\u0153uvre matzn\u00e9vienne, poursuit Lecarme. Il n\u2019y a l\u00e0 aucune valeur intellectuelle ou stylistique, rien qu\u2019une posture d\u2019arrogance et une parade de pr\u00e9dateur de petites filles. Il est peut-\u00eatre beau, mais il est tr\u00e8s con. Il ne suffit pas de faire la sortie des lyc\u00e9es pour devenir un \u00e9crivain. Montherlant qui fut son ma\u00eetre et protecteur avait un immense talent, Matzneff ne lui a emprunt\u00e9 que des tics d\u2019imposteur.\u00bb Je me suis souvent demand\u00e9 si moi aussi je n\u2019avais pas fait qu\u2019emprunter des tics d\u2019imposteur non \u00e0 Montherlant, mais \u00e0 Cioran. Il est vrai qu\u2019il m\u2019y encourageait.<\/p>\n\n\n\n<p>Ce qui a troubl\u00e9 Jacques Lecarme, c\u2019est comment mon amour pour L. m\u2019a conduit \u00e0 un retournement du mythe de Pygmalion, comment j\u2019ai \u00e9t\u00e9 selon lui pygmalionis\u00e9 et d\u00e9pass\u00e9 par ma cr\u00e9ation. L\u2019ai-je vraiment \u00e9t\u00e9 que je m\u2019en f\u00e9liciterai. J\u2019ai cru \u00e0 son g\u00e9nie pr\u00e9coce, mais j\u2019avoue avoir un peu de peine \u00e0 la lire maintenant qu\u2019elle est devenue une femme de lettres. Quoi qu\u2019en pense Lecarme \u2013 dont je suis tr\u00e8s fier, apr\u00e8s l\u2019avoir lu attentivement (\u00e7a m\u2019arrive) d\u2019avoir \u00e9dit\u00e9 <em>Le bal des maudits<\/em> \u2013, je pr\u00e9f\u00e8re l\u2019insouciance et la l\u00e9g\u00e8ret\u00e9 de Gabriel Matzneff \u00e0 l\u2019\u00e9criture trop travaill\u00e9e de L. C\u2019est d\u2019ailleurs un d\u00e9faut typiquement f\u00e9minin: prendre les choses trop au s\u00e9rieux. Une exception: Fran\u00e7oise Sagan.<\/p>\n\n\n\n<p>Je laisse la conclusion \u00e0 l\u2019ami Jacques Lecarme, m\u00eame s\u2019il estime que l\u2019amiti\u00e9, de toute mani\u00e8re, est un impossible et un irr\u00e9alisable: \u00abChaque \u00e9crivain est un crocodile barbotant dans son marigot. De temps en temps, ces pr\u00e9dateurs feignent de chasser en meute. C\u2019est une vaine illusion: tuer les concurrents et rester le seul m\u00e2le du troupeau qui s\u2019approprie toutes les femmes, voil\u00e0 le principe de survie et la pulsion fondatrice.\u00bb Freud ne pensait pas autrement, moi non plus d\u2019ailleurs. Mais c\u2019\u00e9tait le monde d\u2019avant\u2026<\/p>\n\n\n\n<hr class=\"wp-block-separator has-alpha-channel-opacity\"\/>\n\n\n\n<p><strong>Vous venez de lire une chronique exceptionnellement en libre acc\u00e8s, publi\u00e9e <strong>initialement<\/strong> dans notre \u00e9dition papier (<em><a href=\"https:\/\/leregardlibre.com\/de\/produkt\/der-freie-blick-nr-77\/\">Le Regard Libre Nr. 77<\/a><\/em>).<\/strong> Debatten, Analysen, Kulturnachrichten:&nbsp;<a href=\"https:\/\/leregardlibre.com\/de\/abonnement\/\">abonnieren Sie<\/a>&nbsp;um uns zu unterst\u00fctzen und Zugang zu all unseren Inhalten zu erhalten!<\/p>\n\n\n<div data-align-buttons=\"true\" data-block-name=\"woocommerce\/handpicked-products\" data-content-visibility=\"{&quot;image&quot;:true,&quot;title&quot;:true,&quot;price&quot;:true,&quot;rating&quot;:true,&quot;button&quot;:true}\" data-orderby=\"price_asc\" data-products=\"[50366,50371,50354]\" class=\"wc-block-grid wp-block-handpicked-products wp-block-woocommerce-handpicked-products wc-block-handpicked-products has-3-columns has-multiple-rows has-aligned-buttons\"><ul class=\"wc-block-grid__products\"><li class=\"wc-block-grid__product\">\n\t\t\t\t<a href=\"https:\/\/leregardlibre.com\/de\/produkt\/jugendabo-2\/\" class=\"wc-block-grid__product-link\">\n\t\t\t\t\t\n\t\t\t\t\t<div class=\"wc-block-grid__product-image\"><img fetchpriority=\"high\" decoding=\"async\" width=\"300\" height=\"226\" src=\"https:\/\/leregardlibre.com\/wp-content\/uploads\/2024\/03\/rl_abo-1-300x226.png\" class=\"attachment-woocommerce_thumbnail size-woocommerce_thumbnail\" alt=\"Jugend-Abonnement\" srcset=\"https:\/\/leregardlibre.com\/wp-content\/uploads\/2024\/03\/rl_abo-1-300x226.png 300w, https:\/\/leregardlibre.com\/wp-content\/uploads\/2024\/03\/rl_abo-1-150x113.png 150w, https:\/\/leregardlibre.com\/wp-content\/uploads\/2024\/03\/rl_abo-1-768x578.png 768w, https:\/\/leregardlibre.com\/wp-content\/uploads\/2024\/03\/rl_abo-1-585x440.png 585w, https:\/\/leregardlibre.com\/wp-content\/uploads\/2024\/03\/rl_abo-1-600x452.png 600w, https:\/\/leregardlibre.com\/wp-content\/uploads\/2024\/03\/rl_abo-1.png 800w\" sizes=\"(max-width: 300px) 100vw, 300px\" \/><\/div>\n\t\t\t\t\t<div class=\"wc-block-grid__product-title\">Jugend-Abonnement<\/div>\n\t\t\t\t<\/a>\n\t\t\t\t<div class=\"wc-block-grid__product-price price\"><span class=\"from\">Ab: <\/span><span class=\"woocommerce-Price-amount amount\"><span class=\"woocommerce-Price-currencySymbol\">CHF<\/span>2.50<\/span> <span class=\"subscription-details\"> \/ Monat<\/span><\/div>\n\t\t\t\t\n\t\t\t\t<div class=\"wp-block-button wc-block-grid__product-add-to-cart\"><a href=\"https:\/\/leregardlibre.com\/de\/produkt\/jugendabo-2\/\" aria-label=\"W\u00e4hle Optionen f\u00fcr \u201eJugend-Abo\u201c\" data-quantity=\"1\" data-product_id=\"50354\" data-product_sku=\"\" data-price=\"2.5\" rel=\"nofollow\" class=\"wp-block-button__link  add_to_cart_button\">Ausf\u00fchrung w\u00e4hlen<\/a><\/div>\n\t\t\t<\/li><li class=\"wc-block-grid__product\">\n\t\t\t\t<a href=\"https:\/\/leregardlibre.com\/de\/produkt\/digitales-abonnement-2\/\" class=\"wc-block-grid__product-link\">\n\t\t\t\t\t\n\t\t\t\t\t<div class=\"wc-block-grid__product-image\"><img decoding=\"async\" width=\"300\" height=\"226\" src=\"https:\/\/leregardlibre.com\/wp-content\/uploads\/2024\/03\/rl_abo-1-300x226.png\" class=\"attachment-woocommerce_thumbnail size-woocommerce_thumbnail\" alt=\"Digitales Abonnement\" srcset=\"https:\/\/leregardlibre.com\/wp-content\/uploads\/2024\/03\/rl_abo-1-300x226.png 300w, https:\/\/leregardlibre.com\/wp-content\/uploads\/2024\/03\/rl_abo-1-150x113.png 150w, https:\/\/leregardlibre.com\/wp-content\/uploads\/2024\/03\/rl_abo-1-768x578.png 768w, https:\/\/leregardlibre.com\/wp-content\/uploads\/2024\/03\/rl_abo-1-585x440.png 585w, https:\/\/leregardlibre.com\/wp-content\/uploads\/2024\/03\/rl_abo-1-600x452.png 600w, https:\/\/leregardlibre.com\/wp-content\/uploads\/2024\/03\/rl_abo-1.png 800w\" sizes=\"(max-width: 300px) 100vw, 300px\" \/><\/div>\n\t\t\t\t\t<div class=\"wc-block-grid__product-title\">Digitales Abonnement<\/div>\n\t\t\t\t<\/a>\n\t\t\t\t<div class=\"wc-block-grid__product-price price\"><span class=\"from\">Ab: <\/span><span class=\"woocommerce-Price-amount amount\"><span class=\"woocommerce-Price-currencySymbol\">CHF<\/span>5.00<\/span> <span class=\"subscription-details\"> \/ Monat mit einer 30-Tage kostenlosen Testphase und einer <span class=\"woocommerce-Price-amount amount\"><span class=\"woocommerce-Price-currencySymbol\">CHF<\/span>2.50<\/span> Einrichtungsgeb\u00fchr<\/span><\/div>\n\t\t\t\t\n\t\t\t\t<div class=\"wp-block-button wc-block-grid__product-add-to-cart\"><a href=\"https:\/\/leregardlibre.com\/de\/produkt\/digitales-abonnement-2\/\" aria-label=\"W\u00e4hle Optionen f\u00fcr \u201eDigitales Abonnement\u201c\" data-quantity=\"1\" data-product_id=\"50366\" data-product_sku=\"\" data-price=\"5\" rel=\"nofollow\" class=\"wp-block-button__link  add_to_cart_button\">Ausf\u00fchrung w\u00e4hlen<\/a><\/div>\n\t\t\t<\/li><li class=\"wc-block-grid__product\">\n\t\t\t\t<a href=\"https:\/\/leregardlibre.com\/de\/produkt\/standardabonnement\/\" class=\"wc-block-grid__product-link\">\n\t\t\t\t\t\n\t\t\t\t\t<div class=\"wc-block-grid__product-image\"><img decoding=\"async\" width=\"300\" height=\"226\" src=\"https:\/\/leregardlibre.com\/wp-content\/uploads\/2022\/07\/visuel-abonnement-rl-300x226.png\" class=\"attachment-woocommerce_thumbnail size-woocommerce_thumbnail\" alt=\"abonnement le regard libre\" srcset=\"https:\/\/leregardlibre.com\/wp-content\/uploads\/2022\/07\/visuel-abonnement-rl-300x226.png 300w, https:\/\/leregardlibre.com\/wp-content\/uploads\/2022\/07\/visuel-abonnement-rl-150x113.png 150w, https:\/\/leregardlibre.com\/wp-content\/uploads\/2022\/07\/visuel-abonnement-rl-768x578.png 768w, https:\/\/leregardlibre.com\/wp-content\/uploads\/2022\/07\/visuel-abonnement-rl-585x440.png 585w, https:\/\/leregardlibre.com\/wp-content\/uploads\/2022\/07\/visuel-abonnement-rl-600x452.png 600w, https:\/\/leregardlibre.com\/wp-content\/uploads\/2022\/07\/visuel-abonnement-rl.png 800w\" sizes=\"(max-width: 300px) 100vw, 300px\" \/><\/div>\n\t\t\t\t\t<div class=\"wc-block-grid__product-title\">Standard-Abonnement<\/div>\n\t\t\t\t<\/a>\n\t\t\t\t<div class=\"wc-block-grid__product-price price\"><span class=\"from\">Ab: <\/span><span class=\"woocommerce-Price-amount amount\"><span class=\"woocommerce-Price-currencySymbol\">CHF<\/span>10.00<\/span> <span class=\"subscription-details\"> \/ Monat mit einer 30-Tage kostenlosen Testphase und einer <span class=\"woocommerce-Price-amount amount\"><span class=\"woocommerce-Price-currencySymbol\">CHF<\/span>2.50<\/span> Einrichtungsgeb\u00fchr<\/span><\/div>\n\t\t\t\t\n\t\t\t\t<div class=\"wp-block-button wc-block-grid__product-add-to-cart\"><a href=\"https:\/\/leregardlibre.com\/de\/produkt\/standardabonnement\/\" aria-label=\"W\u00e4hle Optionen f\u00fcr \u201eStandardabonnement\u201c\" data-quantity=\"1\" data-product_id=\"50371\" data-product_sku=\"\" data-price=\"10\" rel=\"nofollow\" class=\"wp-block-button__link  add_to_cart_button\">Ausf\u00fchrung w\u00e4hlen<\/a><\/div>\n\t\t\t<\/li><\/ul><\/div>","protected":false},"excerpt":{"rendered":"<p>Jeden Monat finden Sie die Kolumne einer der Pers\u00f6nlichkeiten, die uns das Vergn\u00fcgen bereiten, abwechselnd zur Feder zu greifen. Der Schriftsteller Roland Jaccard berichtet \u00fcber seinen Lieblingsfilm, der ebenso unglaubw\u00fcrdig wie politisch korrekt ist: den Film seines Lebens.<\/p>","protected":false},"author":523,"featured_media":40212,"comment_status":"open","ping_status":"closed","sticky":false,"template":"","format":"standard","meta":{"_acf_changed":false,"footnotes":""},"categories":[8796],"tags":[644355335,644343947,644355880],"class_list":["post-42627","post","type-post","status-publish","format-standard","has-post-thumbnail","hentry","category-societe","tag-francoise-sagan","tag-gabriel-matzneff","tag-le-film-de-roland-jaccard"],"acf":[],"yoast_head":"<!-- This site is optimized with the Yoast SEO Premium plugin v27.4 (Yoast SEO v27.4) - https:\/\/yoast.com\/product\/yoast-seo-premium-wordpress\/ -->\n<title>Le film de Roland Jaccard: \u00abJacques Lecarme et moi\u00bb<\/title>\n<meta name=\"description\" content=\"Dans sa derni\u00e8re chronique, l\u2019\u00e9crivain Roland Jaccard, d\u00e9c\u00e9d\u00e9 le 20 septembre 2021, \u00e9voque sa relation avec Jacques Lecarme.\" \/>\n<meta name=\"robots\" content=\"index, follow, max-snippet:-1, max-image-preview:large, max-video-preview:-1\" \/>\n<link rel=\"canonical\" href=\"https:\/\/leregardlibre.com\/de\/gesellschaft\/la-derniere-chronique-de-roland-jaccard-jacques-lecarme-et-moi\/\" \/>\n<meta property=\"og:locale\" content=\"de_DE\" \/>\n<meta property=\"og:type\" content=\"article\" \/>\n<meta property=\"og:title\" content=\"Le film de Roland Jaccard: \u00abJacques Lecarme et moi\u00bb\" \/>\n<meta property=\"og:description\" content=\"Dans sa derni\u00e8re chronique, l\u2019\u00e9crivain Roland Jaccard, d\u00e9c\u00e9d\u00e9 le 20 septembre 2021, \u00e9voque sa relation avec Jacques Lecarme.\" \/>\n<meta property=\"og:url\" content=\"https:\/\/leregardlibre.com\/de\/gesellschaft\/la-derniere-chronique-de-roland-jaccard-jacques-lecarme-et-moi\/\" \/>\n<meta property=\"og:site_name\" content=\"Le Regard Libre\" \/>\n<meta property=\"article:publisher\" content=\"https:\/\/www.facebook.com\/leregardlibre\/\" \/>\n<meta property=\"article:published_time\" content=\"2021-09-26T04:00:00+00:00\" \/>\n<meta property=\"article:modified_time\" content=\"2024-08-03T19:34:49+00:00\" \/>\n<meta property=\"og:image\" content=\"https:\/\/leregardlibre.com\/wp-content\/uploads\/2021\/04\/Roland-Jaccard-version-horizontale-Roland-Jaccard-version-finale-\u00a9-Nicolas-Locatelli-scaled.jpg\" \/>\n\t<meta property=\"og:image:width\" content=\"2560\" \/>\n\t<meta property=\"og:image:height\" content=\"1541\" \/>\n\t<meta property=\"og:image:type\" content=\"image\/jpeg\" \/>\n<meta name=\"author\" content=\"Roland Jaccard\" \/>\n<meta name=\"twitter:card\" content=\"summary_large_image\" \/>\n<meta name=\"twitter:creator\" content=\"@LeRegardLibre\" \/>\n<meta name=\"twitter:site\" content=\"@LeRegardLibre\" \/>\n<meta name=\"twitter:label1\" content=\"Verfasst von\" \/>\n\t<meta name=\"twitter:data1\" content=\"Roland Jaccard\" \/>\n\t<meta name=\"twitter:label2\" content=\"Gesch\u00e4tzte Lesezeit\" \/>\n\t<meta name=\"twitter:data2\" content=\"4\u00a0Minuten\" \/>\n<script type=\"application\/ld+json\" class=\"yoast-schema-graph\">{\"@context\":\"https:\\\/\\\/schema.org\",\"@graph\":[{\"@type\":\"Article\",\"@id\":\"https:\\\/\\\/leregardlibre.com\\\/societe\\\/la-derniere-chronique-de-roland-jaccard-jacques-lecarme-et-moi\\\/#article\",\"isPartOf\":{\"@id\":\"https:\\\/\\\/leregardlibre.com\\\/societe\\\/la-derniere-chronique-de-roland-jaccard-jacques-lecarme-et-moi\\\/\"},\"author\":{\"name\":\"Roland Jaccard\",\"@id\":\"https:\\\/\\\/leregardlibre.com\\\/#\\\/schema\\\/person\\\/11fe125748e7b9f78ef1b7c8e1e2b026\"},\"headline\":\"Le film de Roland Jaccard: \u00abJacques Lecarme et moi\u00bb\",\"datePublished\":\"2021-09-26T04:00:00+00:00\",\"dateModified\":\"2024-08-03T19:34:49+00:00\",\"mainEntityOfPage\":{\"@id\":\"https:\\\/\\\/leregardlibre.com\\\/societe\\\/la-derniere-chronique-de-roland-jaccard-jacques-lecarme-et-moi\\\/\"},\"wordCount\":878,\"commentCount\":0,\"publisher\":{\"@id\":\"https:\\\/\\\/leregardlibre.com\\\/#organization\"},\"image\":{\"@id\":\"https:\\\/\\\/leregardlibre.com\\\/societe\\\/la-derniere-chronique-de-roland-jaccard-jacques-lecarme-et-moi\\\/#primaryimage\"},\"thumbnailUrl\":\"https:\\\/\\\/leregardlibre.com\\\/wp-content\\\/uploads\\\/2021\\\/04\\\/Roland-Jaccard-version-horizontale-Roland-Jaccard-version-finale-\u00a9-Nicolas-Locatelli-scaled.jpg\",\"keywords\":[\"Fran\u00e7oise Sagan\",\"Gabriel Matzneff\",\"Le film de Roland Jaccard\"],\"articleSection\":[\"Soci\u00e9t\u00e9\"],\"inLanguage\":\"de\",\"potentialAction\":[{\"@type\":\"CommentAction\",\"name\":\"Comment\",\"target\":[\"https:\\\/\\\/leregardlibre.com\\\/societe\\\/la-derniere-chronique-de-roland-jaccard-jacques-lecarme-et-moi\\\/#respond\"]}]},{\"@type\":\"WebPage\",\"@id\":\"https:\\\/\\\/leregardlibre.com\\\/societe\\\/la-derniere-chronique-de-roland-jaccard-jacques-lecarme-et-moi\\\/\",\"url\":\"https:\\\/\\\/leregardlibre.com\\\/societe\\\/la-derniere-chronique-de-roland-jaccard-jacques-lecarme-et-moi\\\/\",\"name\":\"Le film de Roland Jaccard: \u00abJacques Lecarme et moi\u00bb\",\"isPartOf\":{\"@id\":\"https:\\\/\\\/leregardlibre.com\\\/#website\"},\"primaryImageOfPage\":{\"@id\":\"https:\\\/\\\/leregardlibre.com\\\/societe\\\/la-derniere-chronique-de-roland-jaccard-jacques-lecarme-et-moi\\\/#primaryimage\"},\"image\":{\"@id\":\"https:\\\/\\\/leregardlibre.com\\\/societe\\\/la-derniere-chronique-de-roland-jaccard-jacques-lecarme-et-moi\\\/#primaryimage\"},\"thumbnailUrl\":\"https:\\\/\\\/leregardlibre.com\\\/wp-content\\\/uploads\\\/2021\\\/04\\\/Roland-Jaccard-version-horizontale-Roland-Jaccard-version-finale-\u00a9-Nicolas-Locatelli-scaled.jpg\",\"datePublished\":\"2021-09-26T04:00:00+00:00\",\"dateModified\":\"2024-08-03T19:34:49+00:00\",\"description\":\"Dans sa derni\u00e8re chronique, l\u2019\u00e9crivain Roland Jaccard, d\u00e9c\u00e9d\u00e9 le 20 septembre 2021, \u00e9voque sa relation avec Jacques Lecarme.\",\"breadcrumb\":{\"@id\":\"https:\\\/\\\/leregardlibre.com\\\/societe\\\/la-derniere-chronique-de-roland-jaccard-jacques-lecarme-et-moi\\\/#breadcrumb\"},\"inLanguage\":\"de\",\"potentialAction\":[{\"@type\":\"ReadAction\",\"target\":[\"https:\\\/\\\/leregardlibre.com\\\/societe\\\/la-derniere-chronique-de-roland-jaccard-jacques-lecarme-et-moi\\\/\"]}]},{\"@type\":\"ImageObject\",\"inLanguage\":\"de\",\"@id\":\"https:\\\/\\\/leregardlibre.com\\\/societe\\\/la-derniere-chronique-de-roland-jaccard-jacques-lecarme-et-moi\\\/#primaryimage\",\"url\":\"https:\\\/\\\/leregardlibre.com\\\/wp-content\\\/uploads\\\/2021\\\/04\\\/Roland-Jaccard-version-horizontale-Roland-Jaccard-version-finale-\u00a9-Nicolas-Locatelli-scaled.jpg\",\"contentUrl\":\"https:\\\/\\\/leregardlibre.com\\\/wp-content\\\/uploads\\\/2021\\\/04\\\/Roland-Jaccard-version-horizontale-Roland-Jaccard-version-finale-\u00a9-Nicolas-Locatelli-scaled.jpg\",\"width\":2560,\"height\":1541},{\"@type\":\"BreadcrumbList\",\"@id\":\"https:\\\/\\\/leregardlibre.com\\\/societe\\\/la-derniere-chronique-de-roland-jaccard-jacques-lecarme-et-moi\\\/#breadcrumb\",\"itemListElement\":[{\"@type\":\"ListItem\",\"position\":1,\"name\":\"Accueil\",\"item\":\"https:\\\/\\\/leregardlibre.com\\\/\"},{\"@type\":\"ListItem\",\"position\":2,\"name\":\"Le film de Roland Jaccard: \u00abJacques Lecarme et moi\u00bb\"}]},{\"@type\":\"WebSite\",\"@id\":\"https:\\\/\\\/leregardlibre.com\\\/#website\",\"url\":\"https:\\\/\\\/leregardlibre.com\\\/\",\"name\":\"Le Regard Libre\",\"description\":\"Premier mensuel suisse de d\u00e9bat\",\"publisher\":{\"@id\":\"https:\\\/\\\/leregardlibre.com\\\/#organization\"},\"potentialAction\":[{\"@type\":\"SearchAction\",\"target\":{\"@type\":\"EntryPoint\",\"urlTemplate\":\"https:\\\/\\\/leregardlibre.com\\\/?s={search_term_string}\"},\"query-input\":{\"@type\":\"PropertyValueSpecification\",\"valueRequired\":true,\"valueName\":\"search_term_string\"}}],\"inLanguage\":\"de\"},{\"@type\":\"Organization\",\"@id\":\"https:\\\/\\\/leregardlibre.com\\\/#organization\",\"name\":\"Le Regard Libre\",\"url\":\"https:\\\/\\\/leregardlibre.com\\\/\",\"logo\":{\"@type\":\"ImageObject\",\"inLanguage\":\"de\",\"@id\":\"https:\\\/\\\/leregardlibre.com\\\/#\\\/schema\\\/logo\\\/image\\\/\",\"url\":\"https:\\\/\\\/leregardlibre.com\\\/wp-content\\\/uploads\\\/2025\\\/08\\\/logo-rl-icone-neg.jpeg\",\"contentUrl\":\"https:\\\/\\\/leregardlibre.com\\\/wp-content\\\/uploads\\\/2025\\\/08\\\/logo-rl-icone-neg.jpeg\",\"width\":557,\"height\":556,\"caption\":\"Le Regard Libre\"},\"image\":{\"@id\":\"https:\\\/\\\/leregardlibre.com\\\/#\\\/schema\\\/logo\\\/image\\\/\"},\"sameAs\":[\"https:\\\/\\\/www.facebook.com\\\/leregardlibre\\\/\",\"https:\\\/\\\/x.com\\\/LeRegardLibre\",\"https:\\\/\\\/www.linkedin.com\\\/company\\\/le-regard-libre\",\"https:\\\/\\\/www.instagram.com\\\/leregardlibre\\\/\",\"http:\\\/\\\/t.me\\\/leregardlibre\",\"https:\\\/\\\/youtube.com\\\/channel\\\/UC6HzGPomj1LsUmlz-sJtITQ\"],\"description\":\"Le Regard Libre est un mensuel suisse de d\u00e9bat intellectuel et culturel. Sa r\u00e9daction est jeune, b\u00e9n\u00e9vole, lib\u00e9rale et pluraliste. Le magazine para\u00eet en ligne et sous forme papier. Sa langue est le fran\u00e7ais.\",\"email\":\"redaction@leregardlibre.com\",\"legalName\":\"Le Regard Libre\",\"foundingDate\":\"2014-01-01\",\"numberOfEmployees\":{\"@type\":\"QuantitativeValue\",\"minValue\":\"11\",\"maxValue\":\"50\"},\"publishingPrinciples\":\"https:\\\/\\\/leregardlibre.com\\\/a-propos\\\/notre-manifeste\\\/\",\"ownershipFundingInfo\":\"https:\\\/\\\/leregardlibre.com\\\/mentions-legales\\\/\",\"actionableFeedbackPolicy\":\"https:\\\/\\\/leregardlibre.com\\\/conditions-generales-de-vente\\\/\"},{\"@type\":\"Person\",\"@id\":\"https:\\\/\\\/leregardlibre.com\\\/#\\\/schema\\\/person\\\/11fe125748e7b9f78ef1b7c8e1e2b026\",\"name\":\"Roland Jaccard\",\"image\":{\"@type\":\"ImageObject\",\"inLanguage\":\"de\",\"@id\":\"https:\\\/\\\/secure.gravatar.com\\\/avatar\\\/748360f7a3f0b2a14d8083aa6c8d6c0d5cf69fceea06aa17607517f541a93023?s=96&d=identicon&r=g\",\"url\":\"https:\\\/\\\/secure.gravatar.com\\\/avatar\\\/748360f7a3f0b2a14d8083aa6c8d6c0d5cf69fceea06aa17607517f541a93023?s=96&d=identicon&r=g\",\"contentUrl\":\"https:\\\/\\\/secure.gravatar.com\\\/avatar\\\/748360f7a3f0b2a14d8083aa6c8d6c0d5cf69fceea06aa17607517f541a93023?s=96&d=identicon&r=g\",\"caption\":\"Roland Jaccard\"},\"url\":\"https:\\\/\\\/leregardlibre.com\\\/de\\\/author\\\/roland-jaccard\\\/\"}]}<\/script>\n<!-- \/ Yoast SEO Premium plugin. -->","yoast_head_json":{"title":"Roland Jaccards Film: \u00abJacques Lecarme und ich\u00bb.\u00bb","description":"Dans sa derni\u00e8re chronique, l\u2019\u00e9crivain Roland Jaccard, d\u00e9c\u00e9d\u00e9 le 20 septembre 2021, \u00e9voque sa relation avec Jacques Lecarme.","robots":{"index":"index","follow":"follow","max-snippet":"max-snippet:-1","max-image-preview":"max-image-preview:large","max-video-preview":"max-video-preview:-1"},"canonical":"https:\/\/leregardlibre.com\/de\/gesellschaft\/la-derniere-chronique-de-roland-jaccard-jacques-lecarme-et-moi\/","og_locale":"de_DE","og_type":"article","og_title":"Le film de Roland Jaccard: \u00abJacques Lecarme et moi\u00bb","og_description":"Dans sa derni\u00e8re chronique, l\u2019\u00e9crivain Roland Jaccard, d\u00e9c\u00e9d\u00e9 le 20 septembre 2021, \u00e9voque sa relation avec Jacques Lecarme.","og_url":"https:\/\/leregardlibre.com\/de\/gesellschaft\/la-derniere-chronique-de-roland-jaccard-jacques-lecarme-et-moi\/","og_site_name":"Le Regard Libre","article_publisher":"https:\/\/www.facebook.com\/leregardlibre\/","article_published_time":"2021-09-26T04:00:00+00:00","article_modified_time":"2024-08-03T19:34:49+00:00","og_image":[{"width":2560,"height":1541,"url":"https:\/\/leregardlibre.com\/wp-content\/uploads\/2021\/04\/Roland-Jaccard-version-horizontale-Roland-Jaccard-version-finale-\u00a9-Nicolas-Locatelli-scaled.jpg","type":"image\/jpeg"}],"author":"Roland Jaccard","twitter_card":"summary_large_image","twitter_creator":"@LeRegardLibre","twitter_site":"@LeRegardLibre","twitter_misc":{"Verfasst von":"Roland Jaccard","Gesch\u00e4tzte Lesezeit":"4\u00a0Minuten"},"schema":{"@context":"https:\/\/schema.org","@graph":[{"@type":"Article","@id":"https:\/\/leregardlibre.com\/societe\/la-derniere-chronique-de-roland-jaccard-jacques-lecarme-et-moi\/#article","isPartOf":{"@id":"https:\/\/leregardlibre.com\/societe\/la-derniere-chronique-de-roland-jaccard-jacques-lecarme-et-moi\/"},"author":{"name":"Roland Jaccard","@id":"https:\/\/leregardlibre.com\/#\/schema\/person\/11fe125748e7b9f78ef1b7c8e1e2b026"},"headline":"Le film de Roland Jaccard: \u00abJacques Lecarme et moi\u00bb","datePublished":"2021-09-26T04:00:00+00:00","dateModified":"2024-08-03T19:34:49+00:00","mainEntityOfPage":{"@id":"https:\/\/leregardlibre.com\/societe\/la-derniere-chronique-de-roland-jaccard-jacques-lecarme-et-moi\/"},"wordCount":878,"commentCount":0,"publisher":{"@id":"https:\/\/leregardlibre.com\/#organization"},"image":{"@id":"https:\/\/leregardlibre.com\/societe\/la-derniere-chronique-de-roland-jaccard-jacques-lecarme-et-moi\/#primaryimage"},"thumbnailUrl":"https:\/\/leregardlibre.com\/wp-content\/uploads\/2021\/04\/Roland-Jaccard-version-horizontale-Roland-Jaccard-version-finale-\u00a9-Nicolas-Locatelli-scaled.jpg","keywords":["Fran\u00e7oise Sagan","Gabriel Matzneff","Le film de Roland Jaccard"],"articleSection":["Soci\u00e9t\u00e9"],"inLanguage":"de","potentialAction":[{"@type":"CommentAction","name":"Comment","target":["https:\/\/leregardlibre.com\/societe\/la-derniere-chronique-de-roland-jaccard-jacques-lecarme-et-moi\/#respond"]}]},{"@type":"WebPage","@id":"https:\/\/leregardlibre.com\/societe\/la-derniere-chronique-de-roland-jaccard-jacques-lecarme-et-moi\/","url":"https:\/\/leregardlibre.com\/societe\/la-derniere-chronique-de-roland-jaccard-jacques-lecarme-et-moi\/","name":"Roland Jaccards Film: \u00abJacques Lecarme und ich\u00bb.\u00bb","isPartOf":{"@id":"https:\/\/leregardlibre.com\/#website"},"primaryImageOfPage":{"@id":"https:\/\/leregardlibre.com\/societe\/la-derniere-chronique-de-roland-jaccard-jacques-lecarme-et-moi\/#primaryimage"},"image":{"@id":"https:\/\/leregardlibre.com\/societe\/la-derniere-chronique-de-roland-jaccard-jacques-lecarme-et-moi\/#primaryimage"},"thumbnailUrl":"https:\/\/leregardlibre.com\/wp-content\/uploads\/2021\/04\/Roland-Jaccard-version-horizontale-Roland-Jaccard-version-finale-\u00a9-Nicolas-Locatelli-scaled.jpg","datePublished":"2021-09-26T04:00:00+00:00","dateModified":"2024-08-03T19:34:49+00:00","description":"Dans sa derni\u00e8re chronique, l\u2019\u00e9crivain Roland Jaccard, d\u00e9c\u00e9d\u00e9 le 20 septembre 2021, \u00e9voque sa relation avec Jacques Lecarme.","breadcrumb":{"@id":"https:\/\/leregardlibre.com\/societe\/la-derniere-chronique-de-roland-jaccard-jacques-lecarme-et-moi\/#breadcrumb"},"inLanguage":"de","potentialAction":[{"@type":"ReadAction","target":["https:\/\/leregardlibre.com\/societe\/la-derniere-chronique-de-roland-jaccard-jacques-lecarme-et-moi\/"]}]},{"@type":"ImageObject","inLanguage":"de","@id":"https:\/\/leregardlibre.com\/societe\/la-derniere-chronique-de-roland-jaccard-jacques-lecarme-et-moi\/#primaryimage","url":"https:\/\/leregardlibre.com\/wp-content\/uploads\/2021\/04\/Roland-Jaccard-version-horizontale-Roland-Jaccard-version-finale-\u00a9-Nicolas-Locatelli-scaled.jpg","contentUrl":"https:\/\/leregardlibre.com\/wp-content\/uploads\/2021\/04\/Roland-Jaccard-version-horizontale-Roland-Jaccard-version-finale-\u00a9-Nicolas-Locatelli-scaled.jpg","width":2560,"height":1541},{"@type":"BreadcrumbList","@id":"https:\/\/leregardlibre.com\/societe\/la-derniere-chronique-de-roland-jaccard-jacques-lecarme-et-moi\/#breadcrumb","itemListElement":[{"@type":"ListItem","position":1,"name":"Accueil","item":"https:\/\/leregardlibre.com\/"},{"@type":"ListItem","position":2,"name":"Le film de Roland Jaccard: \u00abJacques Lecarme et moi\u00bb"}]},{"@type":"WebSite","@id":"https:\/\/leregardlibre.com\/#website","url":"https:\/\/leregardlibre.com\/","name":"Le Regard Libre","description":"Erste Schweizer Monatszeitschrift f\u00fcr Debatten","publisher":{"@id":"https:\/\/leregardlibre.com\/#organization"},"potentialAction":[{"@type":"SearchAction","target":{"@type":"EntryPoint","urlTemplate":"https:\/\/leregardlibre.com\/?s={search_term_string}"},"query-input":{"@type":"PropertyValueSpecification","valueRequired":true,"valueName":"search_term_string"}}],"inLanguage":"de"},{"@type":"Organization","@id":"https:\/\/leregardlibre.com\/#organization","name":"Le Regard Libre","url":"https:\/\/leregardlibre.com\/","logo":{"@type":"ImageObject","inLanguage":"de","@id":"https:\/\/leregardlibre.com\/#\/schema\/logo\/image\/","url":"https:\/\/leregardlibre.com\/wp-content\/uploads\/2025\/08\/logo-rl-icone-neg.jpeg","contentUrl":"https:\/\/leregardlibre.com\/wp-content\/uploads\/2025\/08\/logo-rl-icone-neg.jpeg","width":557,"height":556,"caption":"Le Regard Libre"},"image":{"@id":"https:\/\/leregardlibre.com\/#\/schema\/logo\/image\/"},"sameAs":["https:\/\/www.facebook.com\/leregardlibre\/","https:\/\/x.com\/LeRegardLibre","https:\/\/www.linkedin.com\/company\/le-regard-libre","https:\/\/www.instagram.com\/leregardlibre\/","http:\/\/t.me\/leregardlibre","https:\/\/youtube.com\/channel\/UC6HzGPomj1LsUmlz-sJtITQ"],"description":"Le Regard Libre ist eine Schweizer Monatszeitschrift f\u00fcr intellektuelle und kulturelle Debatten. Seine Redaktion ist jung, ehrenamtlich, liberal und pluralistisch. Das Magazin erscheint online und in gedruckter Form. Seine Sprache ist Franz\u00f6sisch.","email":"redaction@leregardlibre.com","legalName":"Le Regard Libre","foundingDate":"2014-01-01","numberOfEmployees":{"@type":"QuantitativeValue","minValue":"11","maxValue":"50"},"publishingPrinciples":"https:\/\/leregardlibre.com\/a-propos\/notre-manifeste\/","ownershipFundingInfo":"https:\/\/leregardlibre.com\/mentions-legales\/","actionableFeedbackPolicy":"https:\/\/leregardlibre.com\/conditions-generales-de-vente\/"},{"@type":"Person","@id":"https:\/\/leregardlibre.com\/#\/schema\/person\/11fe125748e7b9f78ef1b7c8e1e2b026","name":"Roland Jaccard","image":{"@type":"ImageObject","inLanguage":"de","@id":"https:\/\/secure.gravatar.com\/avatar\/748360f7a3f0b2a14d8083aa6c8d6c0d5cf69fceea06aa17607517f541a93023?s=96&d=identicon&r=g","url":"https:\/\/secure.gravatar.com\/avatar\/748360f7a3f0b2a14d8083aa6c8d6c0d5cf69fceea06aa17607517f541a93023?s=96&d=identicon&r=g","contentUrl":"https:\/\/secure.gravatar.com\/avatar\/748360f7a3f0b2a14d8083aa6c8d6c0d5cf69fceea06aa17607517f541a93023?s=96&d=identicon&r=g","caption":"Roland Jaccard"},"url":"https:\/\/leregardlibre.com\/de\/author\/roland-jaccard\/"}]}},"_links":{"self":[{"href":"https:\/\/leregardlibre.com\/de\/wp-json\/wp\/v2\/posts\/42627","targetHints":{"allow":["GET"]}}],"collection":[{"href":"https:\/\/leregardlibre.com\/de\/wp-json\/wp\/v2\/posts"}],"about":[{"href":"https:\/\/leregardlibre.com\/de\/wp-json\/wp\/v2\/types\/post"}],"author":[{"embeddable":true,"href":"https:\/\/leregardlibre.com\/de\/wp-json\/wp\/v2\/users\/523"}],"replies":[{"embeddable":true,"href":"https:\/\/leregardlibre.com\/de\/wp-json\/wp\/v2\/comments?post=42627"}],"version-history":[{"count":2,"href":"https:\/\/leregardlibre.com\/de\/wp-json\/wp\/v2\/posts\/42627\/revisions"}],"predecessor-version":[{"id":516269,"href":"https:\/\/leregardlibre.com\/de\/wp-json\/wp\/v2\/posts\/42627\/revisions\/516269"}],"wp:featuredmedia":[{"embeddable":true,"href":"https:\/\/leregardlibre.com\/de\/wp-json\/wp\/v2\/media\/40212"}],"wp:attachment":[{"href":"https:\/\/leregardlibre.com\/de\/wp-json\/wp\/v2\/media?parent=42627"}],"wp:term":[{"taxonomy":"category","embeddable":true,"href":"https:\/\/leregardlibre.com\/de\/wp-json\/wp\/v2\/categories?post=42627"},{"taxonomy":"post_tag","embeddable":true,"href":"https:\/\/leregardlibre.com\/de\/wp-json\/wp\/v2\/tags?post=42627"}],"curies":[{"name":"wp","href":"https:\/\/api.w.org\/{rel}","templated":true}]}}