{"id":43188,"date":"2021-10-26T06:00:00","date_gmt":"2021-10-26T04:00:00","guid":{"rendered":"https:\/\/leregardlibre.com\/?p=43188"},"modified":"2022-09-25T16:04:05","modified_gmt":"2022-09-25T14:04:05","slug":"leila-slimani-une-ecrivaine-enfermee-pour-une-nuit","status":"publish","type":"post","link":"https:\/\/leregardlibre.com\/de\/literatur\/leila-slimani-une-ecrivaine-enfermee-pour-une-nuit\/","title":{"rendered":"Le\u00efla Slimani, eine Schriftstellerin, die f\u00fcr eine Nacht eingesperrt wurde"},"content":{"rendered":"<p><em>B\u00fccher am Dienstag -&nbsp;<a href=\"https:\/\/leregardlibre.com\/de\/tag\/lauriane-pipoz\/\">Lauriane Pipoz<\/a><\/em><\/p>\n\n\n\n<p class=\"has-drop-cap\"><strong>Die marokkanische Autorin Le\u00efla Slimani hat in ihrem neuesten Buch eine ungew\u00f6hnliche Erfahrung gemacht: Sie hat in einem Museum \u00fcbernachtet und ist dabei in eine Selbstreflexion eingetaucht. Ihr Essay beschreibt die Emotionen, die sie dabei empfand, und dient als Grundlage f\u00fcr das Eintauchen in ihre Erinnerungen.<\/strong><\/p>\n\n\n\n<!--more Lire la suite de la critique (en libre acc\u00e8s)-->\n\n\n\n<p>Se faire enfermer dans un mus\u00e9e? C\u2019est l\u2019exp\u00e9rience qu\u2019a tent\u00e9e Le\u00efla Slimani et qui sert de base \u00e0 son dernier livre, <em>Le parfum des fleurs la nuit<\/em>. Sur une terrasse, son \u00e9ditrice lui propose d\u2019aller passer la nuit \u00abau sein de la Punta Dogana, monument mythique de Venise, transform\u00e9 en mus\u00e9e d\u2019art contemporain\u00bb. Elle accepte; non pas pour \u00abla perspective de dormir \u00e0 proximit\u00e9 des \u0153uvres d\u2019art\u00bb, mais pour la simple exp\u00e9rience d\u2019\u00eatre enferm\u00e9e. Une situation qu\u2019elle ch\u00e9rit en tant qu\u2019\u00e9crivain.<\/p>\n\n\n\n<blockquote class=\"wp-block-quote is-layout-flow wp-block-quote-is-layout-flow\"><p>\u00abCe qui m\u2019a pouss\u00e9e \u00e0 accepter [la proposition], c\u2019est l\u2019id\u00e9e d\u2019\u00eatre enferm\u00e9e. Que personne ne puisse m\u2019atteindre et que le dehors me soit inaccessible. Etre seule dans un lieu dont je ne pourrais pas sortir, o\u00f9 personne ne pourrait entrer. Sans doute est-ce un fantasme de romancier.\u00bb<\/p><\/blockquote>\n\n\n\n\n\n<p>Rapidement, cet enfermement donne lieu \u00e0 une introspection. L\u2019auteure marocaine se laisse aller \u00e0 des digressions, devenant le seul sujet du r\u00e9cit. Bien s\u00fbr, en racontant l\u2019activit\u00e9 qu\u2019elle ne peut dissocier d\u2019elle-m\u00eame: l\u2019\u00e9criture. On d\u00e9couvre ainsi sous sa plume l\u2019envers du d\u00e9cor du m\u00e9tier d\u2019\u00e9crivain, qui fait tellement r\u00eaver. Or, il s\u2019agit plut\u00f4t d\u2019un art de vivre: il faut aussi \u00eatre disciplin\u00e9, savoir lutter contre toutes les distractions lorsqu\u2019on a un sujet en t\u00eate ou savoir dire non aux invitations pour ne pas troubler sa cr\u00e9ativit\u00e9. Un art, une passion, mais qui peut presque sembler douloureux sous sa plume.<\/p>\n\n\n\n<blockquote class=\"wp-block-quote is-layout-flow wp-block-quote-is-layout-flow\"><p>\u00abQuand on \u00e9crit, il arrive que le bavardage vous agresse, que l\u2019exercice de la conversation se r\u00e9v\u00e8le insupportable. Peut-\u00eatre parce qu\u2019il contient tout ce que vous redoutez: les clich\u00e9s, les lieux communs, les phrases toutes faites qu\u2019on dit mais qu\u2019on ne pense pas. Les proverbes, les expressions consacr\u00e9es peuvent se r\u00e9v\u00e9ler d\u2019une violence extr\u00eame dans ces moments d\u2019\u00e9criture o\u00f9 l\u2019on tente de saisir l\u2019ambigu, le flou, le gris.\u00bb<\/p><\/blockquote>\n\n\n\n<p>Le\u00efla Slimani se livre aussi \u00e0 des confessions li\u00e9es \u00e0 son histoire, comme l\u2019accusation dont a \u00e9t\u00e9 victime son p\u00e8re (il passera un an en prison), son adolescence et, surtout, les dualit\u00e9s qui l\u2019animent. Sa nationalit\u00e9: ayant grandi dans un pays arabe au sein d\u2019une famille francophone, elle r\u00e9v\u00e8le avoir toujours l\u2019impression de vivre dans le pays des autres. La volont\u00e9 d\u2019\u00eatre enferm\u00e9e: elle souhaite ardemment \u00eatre en captivit\u00e9 et veut en m\u00eame temps y \u00e9chapper, \u00abconqu\u00e9rir le dehors\u00bb.<\/p>\n\n\n\n<blockquote class=\"wp-block-quote is-layout-flow wp-block-quote-is-layout-flow\"><p>\u00abA pr\u00e9sent, seule et pieds nus dans ce mus\u00e9e, je me demande pourquoi j\u2019ai tant voulu \u00eatre enferm\u00e9e ici. Comment la f\u00e9ministe, la militante, l\u2019\u00e9crivain que j\u2019aspire \u00e0 \u00eatre, peut \u00eatre fantasmer de quatre murs et d\u2019une porte bien ferm\u00e9e? [\u2026]&nbsp;Avoir la paix est un fantasme \u00e9go\u00efste.\u00bb<\/p><\/blockquote>\n\n\n\n\n\n<h3 class=\"wp-block-heading\"><strong>\u00abEcrire, c\u2019est jouer avec le silence\u00bb<\/strong><\/h3>\n\n\n\n<p>L\u2019art d\u2019\u00e9crire se mesure dans \u00abce qu\u2019on ne dit pas\u00bb. A partir des anecdotes que l\u2019auteure d\u00e9clame et des personnalit\u00e9s ou artistes qu\u2019elle cite, le lecteur peut deviner les \u00e9motions qui l\u2019ont travers\u00e9e lorsqu\u2019elle a pass\u00e9 la nuit dans ce mus\u00e9e. Parce qu\u2019au final, on sait tr\u00e8s peu de choses sur ce moment privil\u00e9gi\u00e9: les \u0153uvres ne lui servent que de pr\u00e9texte, de point de d\u00e9part pour retrouver des souvenirs et r\u00e9fl\u00e9chir \u00e0 sa propre vie.<\/p>\n\n\n\n\n\n<p>Dans cet ouvrage, Le\u00efla Slimani r\u00e9v\u00e8le avec nostalgie et porte un regard critique, parfois dur, sur sa propre vie, qui offrent des cl\u00e9s de lecture pour ses autres ouvrages. Ses propos, comme lorsqu\u2019elle parle de la mort de son p\u00e8re qui lui a permis d\u2019une certaine mani\u00e8re de s\u2019\u00e9manciper, sont parfois violents, mais jamais exag\u00e9r\u00e9s: ils contiennent une certaine pudeur. Elle ne fait toutefois pas myst\u00e8re de son go\u00fbt pour les mensonges. Dans cet ouvrage, qu\u2019est-ce qui est vrai et qu\u2019est-ce qui est faux? Peu importe; les mots sonnent juste \u00e0 qui veut les entendre.<\/p>\n\n\n\n<form method=\"post\" action=\"https:\/\/newsletter.infomaniak.com\/external\/submit\" class=\"inf-form\" target=\"_blank\"><input type=\"email\" name=\"email\" style=\"display:none\"><input type=\"hidden\" name=\"key\" value=\"eyJpdiI6IlZXRVJGMlRGQUU2alNqUE81bitIUk5adnNVa0c4MllFTStzOHdHT1FQZ3c9IiwidmFsdWUiOiJIYzhwMUVCK1pTNnlhY3MyMmhuZlhReWJqemEwNk93blMxTjFHc0s2VHZrPSIsIm1hYyI6ImVhYTQ5N2I1M2NiYWE4NzBmNjk2NzgzYjliM2Y5NmYzM2E2ZmU3NGQxNTU1ZDFkMTU1MzY5NTdjYjE3ZTJmNTUifQ==\"><input type=\"hidden\" name=\"webform_id\" value=\"7291\"><style> .inf-main_3000311ca56a1cb93397bc676c0b7fff{ background-color:#f5f5f5; padding:25px 20px; margin:25px auto; } .inf-main_3000311ca56a1cb93397bc676c0b7fff .inf-content { margin-top:13px;} .inf-main_3000311ca56a1cb93397bc676c0b7fff h4, .inf-main_3000311ca56a1cb93397bc676c0b7fff span, .inf-main_3000311ca56a1cb93397bc676c0b7fff label, .inf-main_3000311ca56a1cb93397bc676c0b7fff input, .inf-main_3000311ca56a1cb93397bc676c0b7fff .inf-submit, .inf-main_3000311ca56a1cb93397bc676c0b7fff .inf-success p a { color:#555555; font-size:14px; } .inf-main_3000311ca56a1cb93397bc676c0b7fff h4{ font-size:18px; margin:0px 0px 13px 0px; } .inf-main_3000311ca56a1cb93397bc676c0b7fff h4, .inf-main_3000311ca56a1cb93397bc676c0b7fff label{ font-weight:bold; } .inf-main_3000311ca56a1cb93397bc676c0b7fff .inf-input { margin-bottom:7px; } .inf-main_3000311ca56a1cb93397bc676c0b7fff label { display:block;} .inf-main_3000311ca56a1cb93397bc676c0b7fff input{ height:35px; color:#999999; border: 1px solid #E9E9E9; border:none; padding-left:7px; } .inf-main_3000311ca56a1cb93397bc676c0b7fff .inf-input.inf-error label, .inf-main_3000311ca56a1cb93397bc676c0b7fff .inf-input.inf-error span.inf-message{ color: #cc0033; } .inf-main_3000311ca56a1cb93397bc676c0b7fff .inf-input.inf-error input{ border: 1px solid #cc0033; } .inf-main_3000311ca56a1cb93397bc676c0b7fff .inf-input input { width:100%;} .inf-main_3000311ca56a1cb93397bc676c0b7fff .inf-input.inf-error span.inf-message { display: block; } .inf-main_3000311ca56a1cb93397bc676c0b7fff .inf-submit { text-align:right;} .inf-main_3000311ca56a1cb93397bc676c0b7fff .inf-submit input{ background-color:#777777; color:#ffffff; border:none; font-weight: normal; height:auto; padding:7px; } .inf-main_3000311ca56a1cb93397bc676c0b7fff .inf-submit input.disabled{ opacity: 0.4; } .inf-btn { color: rgb(85, 85, 85); border: medium none; font-weight: normal; height: auto; padding: 7px; display: inline-block; background-color: white; box-shadow: 0px 1px 1px rgba(0, 0, 0, 0.24); border-radius: 2px; line-height: 1em; } .inf-rgpd { margin:25px 0px 15px 0px; color:#555555; } <\/style> <div class=\"inf-main_3000311ca56a1cb93397bc676c0b7fff\"> <h4>NEWSLETTER DES FREIEN BLICKS<\/h4> <span>Erhalten Sie unsere Artikel jeden Sonntag.<\/span> <div class=\"inf-success\" style=\"display:none\"> <h4>Ihre Anmeldung f\u00fcr unseren w\u00f6chentlichen Newsletter wurde erfolgreich registriert!<\/h4> <p> <a href=\"#\" class=\"inf-btn\">\u00ab<\/a> <\/p> <\/div> <div class=\"inf-content\"> <div class=\"inf-input inf-input-text\"> <input type=\"text\" name=\"inf[1]\" data-inf-meta=\"1\" data-inf-error=\"Merci de renseigner une adresse email\" required=\"required\" placeholder=\"E-Mail\"> <\/div> <div class=\"inf-submit\"> <input type=\"submit\" name=\"\" value=\"Anmelden\"> <\/div> <\/div> <\/div> <\/form>\n\n\n\n<blockquote class=\"wp-block-quote is-layout-flow wp-block-quote-is-layout-flow\"><p>\u00abJe veux laisser les questions sans r\u00e9ponse car c\u2019est dans ces foss\u00e9s, dans ces trous noirs que je trouve la mati\u00e8re qui sied \u00e0 mon \u00e2me. C\u2019est l\u00e0 que je tisse ma toile, que j\u2019invente des espaces pour la libert\u00e9 et pour le mensonge, qui sont, \u00e0 mes yeux, une seule et m\u00eame chose. [\u2026] Beaucoup pensent qu\u2019\u00e9crire, c\u2019est reporter. Que parler de soi c\u2019est raconter ce qu\u2019on a vu, ce dont je ne sais rien mais qui pourtant m\u2019obs\u00e8de. Raconter ces \u00e9v\u00e9nements auxquels je n\u2019ai pas assist\u00e9 mais qui font n\u00e9anmoins partie de ma vie.\u00bb<\/p><\/blockquote>\n\n\n\n<blockquote class=\"wp-block-quote is-layout-flow wp-block-quote-is-layout-flow\"><p>\u00abMa tante, \u00e0 plus de soixante ans, n\u2019osait pas fumer devant son fr\u00e8re. Car, c\u2019est bien connu, les femmes qui fument n\u2019ont pas de vertu. Mes parents voulaient que nous soyons des femmes libres, ind\u00e9pendantes, capables d\u2019exprimer des choix et des opinions. Mais ni eux ni nous ne pouvions \u00eatre indiff\u00e9rents au contexte dans lequel nous grandissions et \u00e0 ces \u00ablois invisibles\u00bb qui r\u00e9gissaient l\u2019espace public. Alors, ils nous incitaient \u00e0 la prudence, \u00e0 la discr\u00e9tion quand nous franchissions les murs bienveillants de la maison.\u00bb<\/p><\/blockquote>\n\n\n\n<p><em>Schreiben Sie der Autorin:&nbsp;<a href=\"mailto:lauriane.pipoz@leregardlibre.com\">lauriane.pipoz@leregardlibre.com<\/a><\/em><br><br>Image d\u2019en-t\u00eate: Le\u00efla Slimani \u00e0 la Foire du livre de Francfort, en Allemagne, en 2017 \u00a9 Heike Huslage-Koch \/ <a href=\"https:\/\/commons.wikimedia.org\/wiki\/File:Le%C3%AFla_Slimani_auf_der_Frankfurter_Buchmesse_2017.jpg\">Wikimedia<\/a> CC 4.0<\/p>\n\n\n\n<div class=\"wp-block-media-text alignwide is-stacked-on-mobile\" style=\"grid-template-columns:40% auto\"><figure class=\"wp-block-media-text__media\"><img fetchpriority=\"high\" decoding=\"async\" width=\"238\" height=\"364\" src=\"http:\/\/leregardlibre.com\/wp-content\/uploads\/2021\/10\/SLIMAN.jpeg\" alt=\"\" class=\"wp-image-43195 size-full\" srcset=\"https:\/\/leregardlibre.com\/wp-content\/uploads\/2021\/10\/SLIMAN.jpeg 238w, https:\/\/leregardlibre.com\/wp-content\/uploads\/2021\/10\/SLIMAN-98x150.jpeg 98w, https:\/\/leregardlibre.com\/wp-content\/uploads\/2021\/10\/SLIMAN-196x300.jpeg 196w\" sizes=\"(max-width: 238px) 100vw, 238px\" \/><\/figure><div class=\"wp-block-media-text__content\">\n<p><strong>Le\u00efla<\/strong> <strong>Slimani <br><em>Le parfum des fleurs la nuit <\/em><br>Stock Verlag<br>2021<br>151 Seiten<\/strong><br><\/p>\n\n\n\n<div class=\"wp-block-buttons is-layout-flex wp-block-buttons-is-layout-flex\">\n<div class=\"wp-block-button\"><a class=\"wp-block-button__link\" href=\"https:\/\/www.payot.ch\/Detail\/le_parfum_des_fleurs_la_nuit-leila_slimani-9782234088306\">Das Buch bestellen<\/a><\/div>\n<\/div>\n\n\n\n<div class=\"wp-block-buttons is-layout-flex wp-block-buttons-is-layout-flex\"><\/div>\n<\/div><\/div>\n\n\n\n<p><\/p>","protected":false},"excerpt":{"rendered":"<p>Selbstkritik, manchmal hart<\/p>","protected":false},"author":102,"featured_media":43203,"comment_status":"open","ping_status":"closed","sticky":false,"template":"","format":"standard","meta":{"_acf_changed":false,"footnotes":""},"categories":[20663],"tags":[54879,41577,644352733,644347887,644356328,644341309],"class_list":["post-43188","post","type-post","status-publish","format-standard","has-post-thumbnail","hentry","category-litterature","tag-critiques-litteraires","tag-ecriture","tag-leila-slimani","tag-maroc","tag-musees","tag-venise"],"acf":[],"yoast_head":"<!-- This site is optimized with the Yoast SEO Premium plugin v27.4 (Yoast SEO v27.4) - https:\/\/yoast.com\/product\/yoast-seo-premium-wordpress\/ -->\n<title>Le\u00efla Slimani, une \u00e9crivaine enferm\u00e9e pour une nuit<\/title>\n<meta name=\"robots\" content=\"index, follow, max-snippet:-1, max-image-preview:large, max-video-preview:-1\" \/>\n<link rel=\"canonical\" href=\"https:\/\/leregardlibre.com\/de\/literatur\/leila-slimani-une-ecrivaine-enfermee-pour-une-nuit\/\" \/>\n<meta property=\"og:locale\" content=\"de_DE\" \/>\n<meta property=\"og:type\" content=\"article\" \/>\n<meta property=\"og:title\" content=\"Le\u00efla Slimani, une \u00e9crivaine enferm\u00e9e pour une nuit\" \/>\n<meta property=\"og:description\" content=\"Une auto-critique, parfois dure\" \/>\n<meta property=\"og:url\" content=\"https:\/\/leregardlibre.com\/de\/literatur\/leila-slimani-une-ecrivaine-enfermee-pour-une-nuit\/\" \/>\n<meta property=\"og:site_name\" content=\"Le Regard Libre\" \/>\n<meta property=\"article:publisher\" content=\"https:\/\/www.facebook.com\/leregardlibre\/\" \/>\n<meta property=\"article:published_time\" content=\"2021-10-26T04:00:00+00:00\" \/>\n<meta property=\"article:modified_time\" content=\"2022-09-25T14:04:05+00:00\" \/>\n<meta property=\"og:image\" content=\"https:\/\/leregardlibre.com\/wp-content\/uploads\/2021\/10\/1280px-Lei\u0308la_Slimani_auf_der_Frankfurter_Buchmesse_2017-4156599894-1635238142932.jpeg\" \/>\n\t<meta property=\"og:image:width\" content=\"1280\" \/>\n\t<meta property=\"og:image:height\" content=\"720\" \/>\n\t<meta property=\"og:image:type\" content=\"image\/jpeg\" \/>\n<meta name=\"author\" content=\"Lauriane Pipoz\" \/>\n<meta name=\"twitter:card\" content=\"summary_large_image\" \/>\n<meta name=\"twitter:creator\" content=\"@LeRegardLibre\" \/>\n<meta name=\"twitter:site\" content=\"@LeRegardLibre\" \/>\n<meta name=\"twitter:label1\" content=\"Verfasst von\" \/>\n\t<meta name=\"twitter:data1\" content=\"Lauriane Pipoz\" \/>\n\t<meta name=\"twitter:label2\" content=\"Gesch\u00e4tzte Lesezeit\" \/>\n\t<meta name=\"twitter:data2\" content=\"5\u00a0Minuten\" \/>\n<script type=\"application\/ld+json\" class=\"yoast-schema-graph\">{\"@context\":\"https:\\\/\\\/schema.org\",\"@graph\":[{\"@type\":\"Article\",\"@id\":\"https:\\\/\\\/leregardlibre.com\\\/litterature\\\/leila-slimani-une-ecrivaine-enfermee-pour-une-nuit\\\/#article\",\"isPartOf\":{\"@id\":\"https:\\\/\\\/leregardlibre.com\\\/litterature\\\/leila-slimani-une-ecrivaine-enfermee-pour-une-nuit\\\/\"},\"author\":{\"name\":\"Lauriane Pipoz\",\"@id\":\"https:\\\/\\\/leregardlibre.com\\\/#\\\/schema\\\/person\\\/4a90f0c5c8d33c0d6228249a2f2d37f5\"},\"headline\":\"Le\u00efla Slimani, une \u00e9crivaine enferm\u00e9e pour une nuit\",\"datePublished\":\"2021-10-26T04:00:00+00:00\",\"dateModified\":\"2022-09-25T14:04:05+00:00\",\"mainEntityOfPage\":{\"@id\":\"https:\\\/\\\/leregardlibre.com\\\/litterature\\\/leila-slimani-une-ecrivaine-enfermee-pour-une-nuit\\\/\"},\"wordCount\":1040,\"commentCount\":0,\"publisher\":{\"@id\":\"https:\\\/\\\/leregardlibre.com\\\/#organization\"},\"image\":{\"@id\":\"https:\\\/\\\/leregardlibre.com\\\/litterature\\\/leila-slimani-une-ecrivaine-enfermee-pour-une-nuit\\\/#primaryimage\"},\"thumbnailUrl\":\"https:\\\/\\\/leregardlibre.com\\\/wp-content\\\/uploads\\\/2021\\\/10\\\/1280px-Lei\u0308la_Slimani_auf_der_Frankfurter_Buchmesse_2017-4156599894-1635238142932.jpeg\",\"keywords\":[\"Critique litt\u00e9raire\",\"\u00e9criture\",\"Le\u00efla Slimani\",\"Maroc\",\"mus\u00e9es\",\"Venise\"],\"articleSection\":[\"Litt\u00e9rature\"],\"inLanguage\":\"de\",\"potentialAction\":[{\"@type\":\"CommentAction\",\"name\":\"Comment\",\"target\":[\"https:\\\/\\\/leregardlibre.com\\\/litterature\\\/leila-slimani-une-ecrivaine-enfermee-pour-une-nuit\\\/#respond\"]}]},{\"@type\":\"WebPage\",\"@id\":\"https:\\\/\\\/leregardlibre.com\\\/litterature\\\/leila-slimani-une-ecrivaine-enfermee-pour-une-nuit\\\/\",\"url\":\"https:\\\/\\\/leregardlibre.com\\\/litterature\\\/leila-slimani-une-ecrivaine-enfermee-pour-une-nuit\\\/\",\"name\":\"Le\u00efla Slimani, une \u00e9crivaine enferm\u00e9e pour une nuit\",\"isPartOf\":{\"@id\":\"https:\\\/\\\/leregardlibre.com\\\/#website\"},\"primaryImageOfPage\":{\"@id\":\"https:\\\/\\\/leregardlibre.com\\\/litterature\\\/leila-slimani-une-ecrivaine-enfermee-pour-une-nuit\\\/#primaryimage\"},\"image\":{\"@id\":\"https:\\\/\\\/leregardlibre.com\\\/litterature\\\/leila-slimani-une-ecrivaine-enfermee-pour-une-nuit\\\/#primaryimage\"},\"thumbnailUrl\":\"https:\\\/\\\/leregardlibre.com\\\/wp-content\\\/uploads\\\/2021\\\/10\\\/1280px-Lei\u0308la_Slimani_auf_der_Frankfurter_Buchmesse_2017-4156599894-1635238142932.jpeg\",\"datePublished\":\"2021-10-26T04:00:00+00:00\",\"dateModified\":\"2022-09-25T14:04:05+00:00\",\"breadcrumb\":{\"@id\":\"https:\\\/\\\/leregardlibre.com\\\/litterature\\\/leila-slimani-une-ecrivaine-enfermee-pour-une-nuit\\\/#breadcrumb\"},\"inLanguage\":\"de\",\"potentialAction\":[{\"@type\":\"ReadAction\",\"target\":[\"https:\\\/\\\/leregardlibre.com\\\/litterature\\\/leila-slimani-une-ecrivaine-enfermee-pour-une-nuit\\\/\"]}]},{\"@type\":\"ImageObject\",\"inLanguage\":\"de\",\"@id\":\"https:\\\/\\\/leregardlibre.com\\\/litterature\\\/leila-slimani-une-ecrivaine-enfermee-pour-une-nuit\\\/#primaryimage\",\"url\":\"https:\\\/\\\/leregardlibre.com\\\/wp-content\\\/uploads\\\/2021\\\/10\\\/1280px-Lei\u0308la_Slimani_auf_der_Frankfurter_Buchmesse_2017-4156599894-1635238142932.jpeg\",\"contentUrl\":\"https:\\\/\\\/leregardlibre.com\\\/wp-content\\\/uploads\\\/2021\\\/10\\\/1280px-Lei\u0308la_Slimani_auf_der_Frankfurter_Buchmesse_2017-4156599894-1635238142932.jpeg\",\"width\":1280,\"height\":720},{\"@type\":\"BreadcrumbList\",\"@id\":\"https:\\\/\\\/leregardlibre.com\\\/litterature\\\/leila-slimani-une-ecrivaine-enfermee-pour-une-nuit\\\/#breadcrumb\",\"itemListElement\":[{\"@type\":\"ListItem\",\"position\":1,\"name\":\"Accueil\",\"item\":\"https:\\\/\\\/leregardlibre.com\\\/\"},{\"@type\":\"ListItem\",\"position\":2,\"name\":\"Le\u00efla Slimani, une \u00e9crivaine enferm\u00e9e pour une nuit\"}]},{\"@type\":\"WebSite\",\"@id\":\"https:\\\/\\\/leregardlibre.com\\\/#website\",\"url\":\"https:\\\/\\\/leregardlibre.com\\\/\",\"name\":\"Le Regard Libre\",\"description\":\"Premier mensuel suisse de d\u00e9bat\",\"publisher\":{\"@id\":\"https:\\\/\\\/leregardlibre.com\\\/#organization\"},\"potentialAction\":[{\"@type\":\"SearchAction\",\"target\":{\"@type\":\"EntryPoint\",\"urlTemplate\":\"https:\\\/\\\/leregardlibre.com\\\/?s={search_term_string}\"},\"query-input\":{\"@type\":\"PropertyValueSpecification\",\"valueRequired\":true,\"valueName\":\"search_term_string\"}}],\"inLanguage\":\"de\"},{\"@type\":\"Organization\",\"@id\":\"https:\\\/\\\/leregardlibre.com\\\/#organization\",\"name\":\"Le Regard Libre\",\"url\":\"https:\\\/\\\/leregardlibre.com\\\/\",\"logo\":{\"@type\":\"ImageObject\",\"inLanguage\":\"de\",\"@id\":\"https:\\\/\\\/leregardlibre.com\\\/#\\\/schema\\\/logo\\\/image\\\/\",\"url\":\"https:\\\/\\\/leregardlibre.com\\\/wp-content\\\/uploads\\\/2025\\\/08\\\/logo-rl-icone-neg.jpeg\",\"contentUrl\":\"https:\\\/\\\/leregardlibre.com\\\/wp-content\\\/uploads\\\/2025\\\/08\\\/logo-rl-icone-neg.jpeg\",\"width\":557,\"height\":556,\"caption\":\"Le Regard Libre\"},\"image\":{\"@id\":\"https:\\\/\\\/leregardlibre.com\\\/#\\\/schema\\\/logo\\\/image\\\/\"},\"sameAs\":[\"https:\\\/\\\/www.facebook.com\\\/leregardlibre\\\/\",\"https:\\\/\\\/x.com\\\/LeRegardLibre\",\"https:\\\/\\\/www.linkedin.com\\\/company\\\/le-regard-libre\",\"https:\\\/\\\/www.instagram.com\\\/leregardlibre\\\/\",\"http:\\\/\\\/t.me\\\/leregardlibre\",\"https:\\\/\\\/youtube.com\\\/channel\\\/UC6HzGPomj1LsUmlz-sJtITQ\"],\"description\":\"Le Regard Libre est un mensuel suisse de d\u00e9bat intellectuel et culturel. Sa r\u00e9daction est jeune, b\u00e9n\u00e9vole, lib\u00e9rale et pluraliste. Le magazine para\u00eet en ligne et sous forme papier. Sa langue est le fran\u00e7ais.\",\"email\":\"redaction@leregardlibre.com\",\"legalName\":\"Le Regard Libre\",\"foundingDate\":\"2014-01-01\",\"numberOfEmployees\":{\"@type\":\"QuantitativeValue\",\"minValue\":\"11\",\"maxValue\":\"50\"},\"publishingPrinciples\":\"https:\\\/\\\/leregardlibre.com\\\/a-propos\\\/notre-manifeste\\\/\",\"ownershipFundingInfo\":\"https:\\\/\\\/leregardlibre.com\\\/mentions-legales\\\/\",\"actionableFeedbackPolicy\":\"https:\\\/\\\/leregardlibre.com\\\/conditions-generales-de-vente\\\/\"},{\"@type\":\"Person\",\"@id\":\"https:\\\/\\\/leregardlibre.com\\\/#\\\/schema\\\/person\\\/4a90f0c5c8d33c0d6228249a2f2d37f5\",\"name\":\"Lauriane Pipoz\",\"image\":{\"@type\":\"ImageObject\",\"inLanguage\":\"de\",\"@id\":\"https:\\\/\\\/secure.gravatar.com\\\/avatar\\\/9a20095942ede01d828f2fc30b63370b5d10612b2f5f1b4099e9dd868b95749d?s=96&d=identicon&r=g\",\"url\":\"https:\\\/\\\/secure.gravatar.com\\\/avatar\\\/9a20095942ede01d828f2fc30b63370b5d10612b2f5f1b4099e9dd868b95749d?s=96&d=identicon&r=g\",\"contentUrl\":\"https:\\\/\\\/secure.gravatar.com\\\/avatar\\\/9a20095942ede01d828f2fc30b63370b5d10612b2f5f1b4099e9dd868b95749d?s=96&d=identicon&r=g\",\"caption\":\"Lauriane Pipoz\"},\"sameAs\":[\"https:\\\/\\\/leregardlibre.com\\\/\",\"https:\\\/\\\/fr.wikipedia.org\\\/wiki\\\/Le_Regard_libre\"],\"url\":\"https:\\\/\\\/leregardlibre.com\\\/de\\\/author\\\/lauriane00\\\/\"}]}<\/script>\n<!-- \/ Yoast SEO Premium plugin. -->","yoast_head_json":{"title":"Le\u00efla Slimani, eine Schriftstellerin, die f\u00fcr eine Nacht eingesperrt wurde","robots":{"index":"index","follow":"follow","max-snippet":"max-snippet:-1","max-image-preview":"max-image-preview:large","max-video-preview":"max-video-preview:-1"},"canonical":"https:\/\/leregardlibre.com\/de\/literatur\/leila-slimani-une-ecrivaine-enfermee-pour-une-nuit\/","og_locale":"de_DE","og_type":"article","og_title":"Le\u00efla Slimani, une \u00e9crivaine enferm\u00e9e pour une nuit","og_description":"Une auto-critique, parfois dure","og_url":"https:\/\/leregardlibre.com\/de\/literatur\/leila-slimani-une-ecrivaine-enfermee-pour-une-nuit\/","og_site_name":"Le Regard Libre","article_publisher":"https:\/\/www.facebook.com\/leregardlibre\/","article_published_time":"2021-10-26T04:00:00+00:00","article_modified_time":"2022-09-25T14:04:05+00:00","og_image":[{"width":1280,"height":720,"url":"https:\/\/leregardlibre.com\/wp-content\/uploads\/2021\/10\/1280px-Lei\u0308la_Slimani_auf_der_Frankfurter_Buchmesse_2017-4156599894-1635238142932.jpeg","type":"image\/jpeg"}],"author":"Lauriane Pipoz","twitter_card":"summary_large_image","twitter_creator":"@LeRegardLibre","twitter_site":"@LeRegardLibre","twitter_misc":{"Verfasst von":"Lauriane Pipoz","Gesch\u00e4tzte Lesezeit":"5\u00a0Minuten"},"schema":{"@context":"https:\/\/schema.org","@graph":[{"@type":"Article","@id":"https:\/\/leregardlibre.com\/litterature\/leila-slimani-une-ecrivaine-enfermee-pour-une-nuit\/#article","isPartOf":{"@id":"https:\/\/leregardlibre.com\/litterature\/leila-slimani-une-ecrivaine-enfermee-pour-une-nuit\/"},"author":{"name":"Lauriane Pipoz","@id":"https:\/\/leregardlibre.com\/#\/schema\/person\/4a90f0c5c8d33c0d6228249a2f2d37f5"},"headline":"Le\u00efla Slimani, une \u00e9crivaine enferm\u00e9e pour une nuit","datePublished":"2021-10-26T04:00:00+00:00","dateModified":"2022-09-25T14:04:05+00:00","mainEntityOfPage":{"@id":"https:\/\/leregardlibre.com\/litterature\/leila-slimani-une-ecrivaine-enfermee-pour-une-nuit\/"},"wordCount":1040,"commentCount":0,"publisher":{"@id":"https:\/\/leregardlibre.com\/#organization"},"image":{"@id":"https:\/\/leregardlibre.com\/litterature\/leila-slimani-une-ecrivaine-enfermee-pour-une-nuit\/#primaryimage"},"thumbnailUrl":"https:\/\/leregardlibre.com\/wp-content\/uploads\/2021\/10\/1280px-Lei\u0308la_Slimani_auf_der_Frankfurter_Buchmesse_2017-4156599894-1635238142932.jpeg","keywords":["Critique litt\u00e9raire","\u00e9criture","Le\u00efla Slimani","Maroc","mus\u00e9es","Venise"],"articleSection":["Litt\u00e9rature"],"inLanguage":"de","potentialAction":[{"@type":"CommentAction","name":"Comment","target":["https:\/\/leregardlibre.com\/litterature\/leila-slimani-une-ecrivaine-enfermee-pour-une-nuit\/#respond"]}]},{"@type":"WebPage","@id":"https:\/\/leregardlibre.com\/litterature\/leila-slimani-une-ecrivaine-enfermee-pour-une-nuit\/","url":"https:\/\/leregardlibre.com\/litterature\/leila-slimani-une-ecrivaine-enfermee-pour-une-nuit\/","name":"Le\u00efla Slimani, eine Schriftstellerin, die f\u00fcr eine Nacht eingesperrt wurde","isPartOf":{"@id":"https:\/\/leregardlibre.com\/#website"},"primaryImageOfPage":{"@id":"https:\/\/leregardlibre.com\/litterature\/leila-slimani-une-ecrivaine-enfermee-pour-une-nuit\/#primaryimage"},"image":{"@id":"https:\/\/leregardlibre.com\/litterature\/leila-slimani-une-ecrivaine-enfermee-pour-une-nuit\/#primaryimage"},"thumbnailUrl":"https:\/\/leregardlibre.com\/wp-content\/uploads\/2021\/10\/1280px-Lei\u0308la_Slimani_auf_der_Frankfurter_Buchmesse_2017-4156599894-1635238142932.jpeg","datePublished":"2021-10-26T04:00:00+00:00","dateModified":"2022-09-25T14:04:05+00:00","breadcrumb":{"@id":"https:\/\/leregardlibre.com\/litterature\/leila-slimani-une-ecrivaine-enfermee-pour-une-nuit\/#breadcrumb"},"inLanguage":"de","potentialAction":[{"@type":"ReadAction","target":["https:\/\/leregardlibre.com\/litterature\/leila-slimani-une-ecrivaine-enfermee-pour-une-nuit\/"]}]},{"@type":"ImageObject","inLanguage":"de","@id":"https:\/\/leregardlibre.com\/litterature\/leila-slimani-une-ecrivaine-enfermee-pour-une-nuit\/#primaryimage","url":"https:\/\/leregardlibre.com\/wp-content\/uploads\/2021\/10\/1280px-Lei\u0308la_Slimani_auf_der_Frankfurter_Buchmesse_2017-4156599894-1635238142932.jpeg","contentUrl":"https:\/\/leregardlibre.com\/wp-content\/uploads\/2021\/10\/1280px-Lei\u0308la_Slimani_auf_der_Frankfurter_Buchmesse_2017-4156599894-1635238142932.jpeg","width":1280,"height":720},{"@type":"BreadcrumbList","@id":"https:\/\/leregardlibre.com\/litterature\/leila-slimani-une-ecrivaine-enfermee-pour-une-nuit\/#breadcrumb","itemListElement":[{"@type":"ListItem","position":1,"name":"Accueil","item":"https:\/\/leregardlibre.com\/"},{"@type":"ListItem","position":2,"name":"Le\u00efla Slimani, une \u00e9crivaine enferm\u00e9e pour une nuit"}]},{"@type":"WebSite","@id":"https:\/\/leregardlibre.com\/#website","url":"https:\/\/leregardlibre.com\/","name":"Le Regard Libre","description":"Erste Schweizer Monatszeitschrift f\u00fcr Debatten","publisher":{"@id":"https:\/\/leregardlibre.com\/#organization"},"potentialAction":[{"@type":"SearchAction","target":{"@type":"EntryPoint","urlTemplate":"https:\/\/leregardlibre.com\/?s={search_term_string}"},"query-input":{"@type":"PropertyValueSpecification","valueRequired":true,"valueName":"search_term_string"}}],"inLanguage":"de"},{"@type":"Organization","@id":"https:\/\/leregardlibre.com\/#organization","name":"Le Regard Libre","url":"https:\/\/leregardlibre.com\/","logo":{"@type":"ImageObject","inLanguage":"de","@id":"https:\/\/leregardlibre.com\/#\/schema\/logo\/image\/","url":"https:\/\/leregardlibre.com\/wp-content\/uploads\/2025\/08\/logo-rl-icone-neg.jpeg","contentUrl":"https:\/\/leregardlibre.com\/wp-content\/uploads\/2025\/08\/logo-rl-icone-neg.jpeg","width":557,"height":556,"caption":"Le Regard Libre"},"image":{"@id":"https:\/\/leregardlibre.com\/#\/schema\/logo\/image\/"},"sameAs":["https:\/\/www.facebook.com\/leregardlibre\/","https:\/\/x.com\/LeRegardLibre","https:\/\/www.linkedin.com\/company\/le-regard-libre","https:\/\/www.instagram.com\/leregardlibre\/","http:\/\/t.me\/leregardlibre","https:\/\/youtube.com\/channel\/UC6HzGPomj1LsUmlz-sJtITQ"],"description":"Le Regard Libre ist eine Schweizer Monatszeitschrift f\u00fcr intellektuelle und kulturelle Debatten. Seine Redaktion ist jung, ehrenamtlich, liberal und pluralistisch. Das Magazin erscheint online und in gedruckter Form. Seine Sprache ist Franz\u00f6sisch.","email":"redaction@leregardlibre.com","legalName":"Le Regard Libre","foundingDate":"2014-01-01","numberOfEmployees":{"@type":"QuantitativeValue","minValue":"11","maxValue":"50"},"publishingPrinciples":"https:\/\/leregardlibre.com\/a-propos\/notre-manifeste\/","ownershipFundingInfo":"https:\/\/leregardlibre.com\/mentions-legales\/","actionableFeedbackPolicy":"https:\/\/leregardlibre.com\/conditions-generales-de-vente\/"},{"@type":"Person","@id":"https:\/\/leregardlibre.com\/#\/schema\/person\/4a90f0c5c8d33c0d6228249a2f2d37f5","name":"Lauriane Pipoz","image":{"@type":"ImageObject","inLanguage":"de","@id":"https:\/\/secure.gravatar.com\/avatar\/9a20095942ede01d828f2fc30b63370b5d10612b2f5f1b4099e9dd868b95749d?s=96&d=identicon&r=g","url":"https:\/\/secure.gravatar.com\/avatar\/9a20095942ede01d828f2fc30b63370b5d10612b2f5f1b4099e9dd868b95749d?s=96&d=identicon&r=g","contentUrl":"https:\/\/secure.gravatar.com\/avatar\/9a20095942ede01d828f2fc30b63370b5d10612b2f5f1b4099e9dd868b95749d?s=96&d=identicon&r=g","caption":"Lauriane Pipoz"},"sameAs":["https:\/\/leregardlibre.com\/","https:\/\/fr.wikipedia.org\/wiki\/Le_Regard_libre"],"url":"https:\/\/leregardlibre.com\/de\/author\/lauriane00\/"}]}},"_links":{"self":[{"href":"https:\/\/leregardlibre.com\/de\/wp-json\/wp\/v2\/posts\/43188","targetHints":{"allow":["GET"]}}],"collection":[{"href":"https:\/\/leregardlibre.com\/de\/wp-json\/wp\/v2\/posts"}],"about":[{"href":"https:\/\/leregardlibre.com\/de\/wp-json\/wp\/v2\/types\/post"}],"author":[{"embeddable":true,"href":"https:\/\/leregardlibre.com\/de\/wp-json\/wp\/v2\/users\/102"}],"replies":[{"embeddable":true,"href":"https:\/\/leregardlibre.com\/de\/wp-json\/wp\/v2\/comments?post=43188"}],"version-history":[{"count":1,"href":"https:\/\/leregardlibre.com\/de\/wp-json\/wp\/v2\/posts\/43188\/revisions"}],"predecessor-version":[{"id":511232,"href":"https:\/\/leregardlibre.com\/de\/wp-json\/wp\/v2\/posts\/43188\/revisions\/511232"}],"wp:featuredmedia":[{"embeddable":true,"href":"https:\/\/leregardlibre.com\/de\/wp-json\/wp\/v2\/media\/43203"}],"wp:attachment":[{"href":"https:\/\/leregardlibre.com\/de\/wp-json\/wp\/v2\/media?parent=43188"}],"wp:term":[{"taxonomy":"category","embeddable":true,"href":"https:\/\/leregardlibre.com\/de\/wp-json\/wp\/v2\/categories?post=43188"},{"taxonomy":"post_tag","embeddable":true,"href":"https:\/\/leregardlibre.com\/de\/wp-json\/wp\/v2\/tags?post=43188"}],"curies":[{"name":"wp","href":"https:\/\/api.w.org\/{rel}","templated":true}]}}