{"id":44091,"date":"2021-12-12T06:00:00","date_gmt":"2021-12-12T05:00:00","guid":{"rendered":"https:\/\/leregardlibre.com\/?p=44091"},"modified":"2025-10-18T16:08:33","modified_gmt":"2025-10-18T14:08:33","slug":"peter-brook-kunstler-den-die-jahre-kronen","status":"publish","type":"post","link":"https:\/\/leregardlibre.com\/de\/darstellende-kunste\/theater\/peter-brook-kunstler-den-die-jahre-kronen\/","title":{"rendered":"Peter Brook, ein K\u00fcnstler, den die Jahre kr\u00f6nen"},"content":{"rendered":"<p class=\"has-drop-cap\"><strong>Von 1957 bis 1990 inszenierte Peter Brook verschiedene Versionen von Shakespeares Werk <em>Der Sturm<\/em>. Mit 96 Jahren kehrt er nun mit einem neuen, brillanten B\u00fchnenvorschlag zur\u00fcck, der diesmal eine experimentellere Form annimmt, n\u00e4mlich eine Auff\u00fchrung, die auf der Grundlage einer <em>Suche<\/em> rund um das St\u00fcck. Der Text wurde unter Mitwirkung von Marie-H\u00e9l\u00e8ne Estienne frei vom urspr\u00fcnglichen Werk adaptiert und auf eine Auff\u00fchrungsdauer von 1 Stunde und 15 Minuten gek\u00fcrzt, bleibt aber dennoch im Zentrum der Arbeit und verliert in keiner Weise den poetischen Wert, der William Shakespeare eigen ist.<\/strong><\/p>\n\n\n\n<!--more Lire l\u2019article (en libre acc\u00e8s)-->\n\n\n\n<p>\u00abShakespeare ist unersch\u00f6pflich\u00bb, erkl\u00e4rt Brook im Gespr\u00e4ch mit dem Publikum nach der Premiere des St\u00fccks. Immer neugieriger auf die Geheimnisse Shakespeares wurde der Autor von <em>Der leere Raum<\/em> oder von <em>Aufh\u00e4ngepunkte<\/em> bleibt seiner k\u00fcnstlerischen Handschrift treu: einem Theater, in dem die B\u00fchne fast nackt ist, um dem urspr\u00fcnglichen Geschmack des Textes Raum zu geben.<\/p>\n\n\n\n<p>Diese Suche nach N\u00fcchternheit wird sehr treffend von den Schauspielern bedient, die die Gabe haben, den Worten Leben einzuhauchen und den Samen ihrer Vorstellungskraft in die der Zuschauer zu s\u00e4en. Die luftige Anmut der jungen Paula Luna (Miranda), das bet\u00f6rende Charisma von Ery Nzaramba (Prospero), die urkomische Lebendigkeit von Fabio und Luca Maniglio, die unglaubliche Anpassungsf\u00e4higkeit von Sylvain Levitte (mal in der Rolle des Caliban, (mal als Ferdinand) und die saftige Energie von Maril\u00f9 Marini (als Ariel) bilden sozusagen ein perfektes Sextett, dessen Schwingungen wunderbar aufeinander abgestimmt sind und dessen Komplizenschaft unsere Sinne erreicht, sobald sie die B\u00fchne betreten.<\/p>\n\n\n\n\n\n<p>Das Zuh\u00f6ren, laut dem britischen Regisseur das absolute Paradigma der Theaterkunst, existiert hier dank der dreifachen Verbindung von Schweigen, Spracherfahrung und dem Bewusstsein der anderen. Die N\u00fcchternheit des Spiels und die F\u00e4higkeit der Schauspieler, \u00abin der Gegenwart\u00bb zu sein und auf ihre Umgebung zu reagieren, schaffen eine starke Verbindung zwischen der Fiktion und dem Publikum. Tats\u00e4chlich verliert man nicht eine einzige Sekunde den Anschluss an das, was auf der B\u00fchne geschieht. Die Stille beherrscht das Spiel auf der B\u00fchne, aber auch im Zuschauerraum.<\/p>\n\n\n\n<h3 class=\"wp-block-heading\"><strong>Ein \u00abTheater des Wenigen<\/strong>\u00bb<\/h3>\n\n\n\n<p>Brooks ber\u00fchmte \u00abSeil\u00fcbung\u00bb, die an die dramaturgischen Umst\u00e4nde angepasst wurde, ist ebenfalls sehr beliebt: Miranda (Paula Luna) und Ferdinand (Sylvain Levitte), die beiden jungen Liebenden der Insel, bilden mit Hilfe von sehr d\u00fcnnen St\u00f6cken eine Linie, auf der sie aufeinander zugehen, wobei sie einen Stock auf ihrem Kopf balancieren. Eine sch\u00f6ne Metapher f\u00fcr das Erkennen der Seelen. Sie erinnert an das technische Werkzeug, das Peter Brook seinen Schauspielern regelm\u00e4\u00dfig beibringt: sich in \u00e4u\u00dferste Konzentration zu versetzen und eine Vorstellung heraufzubeschw\u00f6ren, um unter anderem Ehrlichkeit und Pr\u00e4zision im Spiel zu f\u00f6rdern.<\/p>\n\n\n\n<form method=\"post\" action=\"https:\/\/newsletter.infomaniak.com\/external\/submit\" class=\"inf-form\" target=\"_blank\"><input type=\"email\" name=\"email\" style=\"display:none\"><input type=\"hidden\" name=\"key\" value=\"eyJpdiI6IlZXRVJGMlRGQUU2alNqUE81bitIUk5adnNVa0c4MllFTStzOHdHT1FQZ3c9IiwidmFsdWUiOiJIYzhwMUVCK1pTNnlhY3MyMmhuZlhReWJqemEwNk93blMxTjFHc0s2VHZrPSIsIm1hYyI6ImVhYTQ5N2I1M2NiYWE4NzBmNjk2NzgzYjliM2Y5NmYzM2E2ZmU3NGQxNTU1ZDFkMTU1MzY5NTdjYjE3ZTJmNTUifQ==\"><input type=\"hidden\" name=\"webform_id\" value=\"7291\"><style> .inf-main_3000311ca56a1cb93397bc676c0b7fff{ background-color:#f5f5f5; padding:25px 20px; margin:25px auto; } .inf-main_3000311ca56a1cb93397bc676c0b7fff .inf-content { margin-top:13px;} .inf-main_3000311ca56a1cb93397bc676c0b7fff h4, .inf-main_3000311ca56a1cb93397bc676c0b7fff span, .inf-main_3000311ca56a1cb93397bc676c0b7fff label, .inf-main_3000311ca56a1cb93397bc676c0b7fff input, .inf-main_3000311ca56a1cb93397bc676c0b7fff .inf-submit, .inf-main_3000311ca56a1cb93397bc676c0b7fff .inf-success p a { color:#555555; font-size:14px; } .inf-main_3000311ca56a1cb93397bc676c0b7fff h4{ font-size:18px; margin:0px 0px 13px 0px; } .inf-main_3000311ca56a1cb93397bc676c0b7fff h4, .inf-main_3000311ca56a1cb93397bc676c0b7fff label{ font-weight:bold; } .inf-main_3000311ca56a1cb93397bc676c0b7fff .inf-input { margin-bottom:7px; } .inf-main_3000311ca56a1cb93397bc676c0b7fff label { display:block;} .inf-main_3000311ca56a1cb93397bc676c0b7fff input{ height:35px; color:#999999; border: 1px solid #E9E9E9; border:none; padding-left:7px; } .inf-main_3000311ca56a1cb93397bc676c0b7fff .inf-input.inf-error label, .inf-main_3000311ca56a1cb93397bc676c0b7fff .inf-input.inf-error span.inf-message{ color: #cc0033; } .inf-main_3000311ca56a1cb93397bc676c0b7fff .inf-input.inf-error input{ border: 1px solid #cc0033; } .inf-main_3000311ca56a1cb93397bc676c0b7fff .inf-input input { width:100%;} .inf-main_3000311ca56a1cb93397bc676c0b7fff .inf-input.inf-error span.inf-message { display: block; } .inf-main_3000311ca56a1cb93397bc676c0b7fff .inf-submit { text-align:right;} .inf-main_3000311ca56a1cb93397bc676c0b7fff .inf-submit input{ background-color:#777777; color:#ffffff; border:none; font-weight: normal; height:auto; padding:7px; } .inf-main_3000311ca56a1cb93397bc676c0b7fff .inf-submit input.disabled{ opacity: 0.4; } .inf-btn { color: rgb(85, 85, 85); border: medium none; font-weight: normal; height: auto; padding: 7px; display: inline-block; background-color: white; box-shadow: 0px 1px 1px rgba(0, 0, 0, 0.24); border-radius: 2px; line-height: 1em; } .inf-rgpd { margin:25px 0px 15px 0px; color:#555555; } <\/style> <div class=\"inf-main_3000311ca56a1cb93397bc676c0b7fff\"> <h4>NEWSLETTER DES FREIEN BLICKS<\/h4> <span>Erhalten Sie unsere Artikel jeden Sonntag.<\/span> <div class=\"inf-success\" style=\"display:none\"> <h4>Ihre Anmeldung f\u00fcr unseren w\u00f6chentlichen Newsletter wurde erfolgreich registriert!<\/h4> <p> <a href=\"#\" class=\"inf-btn\">\u00ab<\/a> <\/p> <\/div> <div class=\"inf-content\"> <div class=\"inf-input inf-input-text\"> <input type=\"text\" name=\"inf[1]\" data-inf-meta=\"1\" data-inf-error=\"Merci de renseigner une adresse email\" required=\"required\" placeholder=\"E-Mail\"> <\/div> <div class=\"inf-submit\"> <input type=\"submit\" name=\"\" value=\"Anmelden\"> <\/div> <\/div> <\/div> <\/form>\n\n\n\n<p>Dieses \u00abTheater des Wenigen\u00bb, wie es Marie-H\u00e9l\u00e8ne Estienne konzipiert hat, f\u00fchrt uns direkt zum Wesentlichen zur\u00fcck: der Menschlichkeit. Die Beleuchtung von Philippe Vialatte, die untrennbar mit der Klangwelt verbunden ist, hebt auf subtile Weise die menschliche Palette hervor, die die Figuren in \"Die Nacht\" bilden. <em>Der Sturm<\/em>So harmonieren der komische Dreh- und Angelpunkt, das Duo Trinculo und Stephano (die Maniglio-Br\u00fcder), die Leichtigkeit der jungen Miranda oder die Bosheit von Ariel, dem Geist, der im Dienste Prosperos agiert.<\/p>\n\n\n\n\n\n<p>Peter Brook betont jedoch die innere Komplexit\u00e4t jedes Einzelnen. Und er betont, dass Shakespeare nie voreingenommen ist. Dies erkl\u00e4rt die vielen verschiedenen Versionen seiner St\u00fccke und Interpretationen seiner Figuren. Dies ist auch einer der Punkte, die Brookl mit Shakespeare verbindet: \u00abWir sind alle aus demselben Holz geschnitzt\u00bb, wie Brookl sagte. Peter Brook ist sozusagen der ewige Optimist der Br\u00fcderlichkeit. Seine Kreation <em>Tempest Project<\/em> mit Marie-H\u00e9l\u00e8ne Estienne ist ein sch\u00f6nes Schlaglicht auf die Sensibilit\u00e4t, mit der er die Welt wahrnimmt.<\/p>\n\n\n\n<p><strong>20-22 Januar || <a href=\"https:\/\/www.theatresqy.org\/\">Theater in Saint-Quentin-en-Yvelines<\/a> (78)<br>22-30 April || <a href=\"https:\/\/www.bouffesdunord.com\/\">Theater des Bouffes du Nord<\/a>, Paris (75)<\/strong><\/p>\n\n\n\n<p><em>Schreiben Sie der Autorin: <a href=\"mailto:chloe.delassis@leregardlibre.com\">chloe.delassis@leregardlibre.com<\/a><\/em><\/p>\n\n\n\n<p>Bildnachweis: \u00a9 Marie Clauzade<\/p>","protected":false},"excerpt":{"rendered":"<p>De 1957 \u00e0 1990, Peter Brook mettait en sc\u00e8ne diff\u00e9rentes versions de l\u2019\u0153uvre shakespearienne La Temp\u00eate. Pourtant \u00e2g\u00e9 de 96&#8230;<\/p>","protected":false},"author":221,"featured_media":44103,"comment_status":"open","ping_status":"closed","sticky":false,"template":"","format":"standard","meta":{"_acf_changed":false,"footnotes":""},"categories":[5386],"tags":[8610,644357113,644357108,90484,644357114,112724],"class_list":["post-44091","post","type-post","status-publish","format-standard","has-post-thumbnail","hentry","category-theatre","tag-paris","tag-paula-luna","tag-peter-brook","tag-spectacle","tag-sylvain-levitte","tag-shakespeare"],"acf":[],"yoast_head":"<!-- This site is optimized with the Yoast SEO Premium plugin v27.4 (Yoast SEO v27.4) - https:\/\/yoast.com\/product\/yoast-seo-premium-wordpress\/ -->\n<title>Peter Brook, artiste que les ann\u00e9es couronnent<\/title>\n<meta name=\"description\" content=\"Peter Brook, 96 ans, revient avec une nouvelle proposition sc\u00e9nique brillante qui prend cette fois une forme plus exp\u00e9rimentale. Critique\" \/>\n<meta name=\"robots\" content=\"index, follow, max-snippet:-1, max-image-preview:large, max-video-preview:-1\" \/>\n<link rel=\"canonical\" href=\"https:\/\/leregardlibre.com\/de\/darstellende-kunste\/theater\/peter-brook-kunstler-den-die-jahre-kronen\/\" \/>\n<meta property=\"og:locale\" content=\"de_DE\" \/>\n<meta property=\"og:type\" content=\"article\" \/>\n<meta property=\"og:title\" content=\"Peter Brook, artiste que les ann\u00e9es couronnent\" \/>\n<meta property=\"og:description\" content=\"Peter Brook, 96 ans, revient avec une nouvelle proposition sc\u00e9nique brillante qui prend cette fois une forme plus exp\u00e9rimentale. Critique\" \/>\n<meta property=\"og:url\" content=\"https:\/\/leregardlibre.com\/de\/darstellende-kunste\/theater\/peter-brook-kunstler-den-die-jahre-kronen\/\" \/>\n<meta property=\"og:site_name\" content=\"Le Regard Libre\" \/>\n<meta property=\"article:publisher\" content=\"https:\/\/www.facebook.com\/leregardlibre\/\" \/>\n<meta property=\"article:author\" content=\"https:\/\/www.facebook.com\/chloe.espinasse.94\" \/>\n<meta property=\"article:published_time\" content=\"2021-12-12T05:00:00+00:00\" \/>\n<meta property=\"article:modified_time\" content=\"2025-10-18T14:08:33+00:00\" \/>\n<meta property=\"og:image\" content=\"https:\/\/leregardlibre.com\/wp-content\/uploads\/2021\/12\/174860-marilu_-marini-ery-nzaramba_tempest-_-marie-clauzade-1454018210-1639266109941.jpeg\" \/>\n\t<meta property=\"og:image:width\" content=\"1061\" \/>\n\t<meta property=\"og:image:height\" content=\"597\" \/>\n\t<meta property=\"og:image:type\" content=\"image\/jpeg\" \/>\n<meta name=\"author\" content=\"Chlo\u00e9 Delassis\" \/>\n<meta name=\"twitter:card\" content=\"summary_large_image\" \/>\n<meta name=\"twitter:creator\" content=\"@LeRegardLibre\" \/>\n<meta name=\"twitter:site\" content=\"@LeRegardLibre\" \/>\n<meta name=\"twitter:label1\" content=\"Verfasst von\" \/>\n\t<meta name=\"twitter:data1\" content=\"Chlo\u00e9 Delassis\" \/>\n\t<meta name=\"twitter:label2\" content=\"Gesch\u00e4tzte Lesezeit\" \/>\n\t<meta name=\"twitter:data2\" content=\"5\u00a0Minuten\" \/>\n<script type=\"application\/ld+json\" class=\"yoast-schema-graph\">{\"@context\":\"https:\\\/\\\/schema.org\",\"@graph\":[{\"@type\":\"Article\",\"@id\":\"https:\\\/\\\/leregardlibre.com\\\/arts-vivants\\\/theatre\\\/peter-brook-artiste-que-les-annees-couronnent\\\/#article\",\"isPartOf\":{\"@id\":\"https:\\\/\\\/leregardlibre.com\\\/arts-vivants\\\/theatre\\\/peter-brook-artiste-que-les-annees-couronnent\\\/\"},\"author\":{\"name\":\"Chlo\u00e9 Delassis\",\"@id\":\"https:\\\/\\\/leregardlibre.com\\\/#\\\/schema\\\/person\\\/27fa9ecdf0475276255bb25d4efec517\"},\"headline\":\"Peter Brook, artiste que les ann\u00e9es couronnent\",\"datePublished\":\"2021-12-12T05:00:00+00:00\",\"dateModified\":\"2025-10-18T14:08:33+00:00\",\"mainEntityOfPage\":{\"@id\":\"https:\\\/\\\/leregardlibre.com\\\/arts-vivants\\\/theatre\\\/peter-brook-artiste-que-les-annees-couronnent\\\/\"},\"wordCount\":771,\"commentCount\":0,\"publisher\":{\"@id\":\"https:\\\/\\\/leregardlibre.com\\\/#organization\"},\"image\":{\"@id\":\"https:\\\/\\\/leregardlibre.com\\\/arts-vivants\\\/theatre\\\/peter-brook-artiste-que-les-annees-couronnent\\\/#primaryimage\"},\"thumbnailUrl\":\"https:\\\/\\\/leregardlibre.com\\\/wp-content\\\/uploads\\\/2021\\\/12\\\/174860-marilu_-marini-ery-nzaramba_tempest-_-marie-clauzade-1454018210-1639266109941.jpeg\",\"keywords\":[\"Paris\",\"paula luna\",\"peter brook\",\"Spectacle\",\"sylvain levitte\",\"William Shakespeare\"],\"articleSection\":[\"Th\u00e9\u00e2tre\"],\"inLanguage\":\"de\",\"potentialAction\":[{\"@type\":\"CommentAction\",\"name\":\"Comment\",\"target\":[\"https:\\\/\\\/leregardlibre.com\\\/arts-vivants\\\/theatre\\\/peter-brook-artiste-que-les-annees-couronnent\\\/#respond\"]}]},{\"@type\":\"WebPage\",\"@id\":\"https:\\\/\\\/leregardlibre.com\\\/arts-vivants\\\/theatre\\\/peter-brook-artiste-que-les-annees-couronnent\\\/\",\"url\":\"https:\\\/\\\/leregardlibre.com\\\/arts-vivants\\\/theatre\\\/peter-brook-artiste-que-les-annees-couronnent\\\/\",\"name\":\"Peter Brook, artiste que les ann\u00e9es couronnent\",\"isPartOf\":{\"@id\":\"https:\\\/\\\/leregardlibre.com\\\/#website\"},\"primaryImageOfPage\":{\"@id\":\"https:\\\/\\\/leregardlibre.com\\\/arts-vivants\\\/theatre\\\/peter-brook-artiste-que-les-annees-couronnent\\\/#primaryimage\"},\"image\":{\"@id\":\"https:\\\/\\\/leregardlibre.com\\\/arts-vivants\\\/theatre\\\/peter-brook-artiste-que-les-annees-couronnent\\\/#primaryimage\"},\"thumbnailUrl\":\"https:\\\/\\\/leregardlibre.com\\\/wp-content\\\/uploads\\\/2021\\\/12\\\/174860-marilu_-marini-ery-nzaramba_tempest-_-marie-clauzade-1454018210-1639266109941.jpeg\",\"datePublished\":\"2021-12-12T05:00:00+00:00\",\"dateModified\":\"2025-10-18T14:08:33+00:00\",\"description\":\"Peter Brook, 96 ans, revient avec une nouvelle proposition sc\u00e9nique brillante qui prend cette fois une forme plus exp\u00e9rimentale. Critique\",\"breadcrumb\":{\"@id\":\"https:\\\/\\\/leregardlibre.com\\\/arts-vivants\\\/theatre\\\/peter-brook-artiste-que-les-annees-couronnent\\\/#breadcrumb\"},\"inLanguage\":\"de\",\"potentialAction\":[{\"@type\":\"ReadAction\",\"target\":[\"https:\\\/\\\/leregardlibre.com\\\/arts-vivants\\\/theatre\\\/peter-brook-artiste-que-les-annees-couronnent\\\/\"]}]},{\"@type\":\"ImageObject\",\"inLanguage\":\"de\",\"@id\":\"https:\\\/\\\/leregardlibre.com\\\/arts-vivants\\\/theatre\\\/peter-brook-artiste-que-les-annees-couronnent\\\/#primaryimage\",\"url\":\"https:\\\/\\\/leregardlibre.com\\\/wp-content\\\/uploads\\\/2021\\\/12\\\/174860-marilu_-marini-ery-nzaramba_tempest-_-marie-clauzade-1454018210-1639266109941.jpeg\",\"contentUrl\":\"https:\\\/\\\/leregardlibre.com\\\/wp-content\\\/uploads\\\/2021\\\/12\\\/174860-marilu_-marini-ery-nzaramba_tempest-_-marie-clauzade-1454018210-1639266109941.jpeg\",\"width\":1061,\"height\":597,\"caption\":\"Tempest Projet \u00a9 Marie Clauzade\"},{\"@type\":\"BreadcrumbList\",\"@id\":\"https:\\\/\\\/leregardlibre.com\\\/arts-vivants\\\/theatre\\\/peter-brook-artiste-que-les-annees-couronnent\\\/#breadcrumb\",\"itemListElement\":[{\"@type\":\"ListItem\",\"position\":1,\"name\":\"Accueil\",\"item\":\"https:\\\/\\\/leregardlibre.com\\\/\"},{\"@type\":\"ListItem\",\"position\":2,\"name\":\"Peter Brook, artiste que les ann\u00e9es couronnent\"}]},{\"@type\":\"WebSite\",\"@id\":\"https:\\\/\\\/leregardlibre.com\\\/#website\",\"url\":\"https:\\\/\\\/leregardlibre.com\\\/\",\"name\":\"Le Regard Libre\",\"description\":\"Premier mensuel suisse de d\u00e9bat\",\"publisher\":{\"@id\":\"https:\\\/\\\/leregardlibre.com\\\/#organization\"},\"potentialAction\":[{\"@type\":\"SearchAction\",\"target\":{\"@type\":\"EntryPoint\",\"urlTemplate\":\"https:\\\/\\\/leregardlibre.com\\\/?s={search_term_string}\"},\"query-input\":{\"@type\":\"PropertyValueSpecification\",\"valueRequired\":true,\"valueName\":\"search_term_string\"}}],\"inLanguage\":\"de\"},{\"@type\":\"Organization\",\"@id\":\"https:\\\/\\\/leregardlibre.com\\\/#organization\",\"name\":\"Le Regard Libre\",\"url\":\"https:\\\/\\\/leregardlibre.com\\\/\",\"logo\":{\"@type\":\"ImageObject\",\"inLanguage\":\"de\",\"@id\":\"https:\\\/\\\/leregardlibre.com\\\/#\\\/schema\\\/logo\\\/image\\\/\",\"url\":\"https:\\\/\\\/leregardlibre.com\\\/wp-content\\\/uploads\\\/2025\\\/08\\\/logo-rl-icone-neg.jpeg\",\"contentUrl\":\"https:\\\/\\\/leregardlibre.com\\\/wp-content\\\/uploads\\\/2025\\\/08\\\/logo-rl-icone-neg.jpeg\",\"width\":557,\"height\":556,\"caption\":\"Le Regard Libre\"},\"image\":{\"@id\":\"https:\\\/\\\/leregardlibre.com\\\/#\\\/schema\\\/logo\\\/image\\\/\"},\"sameAs\":[\"https:\\\/\\\/www.facebook.com\\\/leregardlibre\\\/\",\"https:\\\/\\\/x.com\\\/LeRegardLibre\",\"https:\\\/\\\/www.linkedin.com\\\/company\\\/le-regard-libre\",\"https:\\\/\\\/www.instagram.com\\\/leregardlibre\\\/\",\"http:\\\/\\\/t.me\\\/leregardlibre\",\"https:\\\/\\\/youtube.com\\\/channel\\\/UC6HzGPomj1LsUmlz-sJtITQ\"],\"description\":\"Le Regard Libre est un mensuel suisse de d\u00e9bat intellectuel et culturel. Sa r\u00e9daction est jeune, b\u00e9n\u00e9vole, lib\u00e9rale et pluraliste. Le magazine para\u00eet en ligne et sous forme papier. Sa langue est le fran\u00e7ais.\",\"email\":\"redaction@leregardlibre.com\",\"legalName\":\"Le Regard Libre\",\"foundingDate\":\"2014-01-01\",\"numberOfEmployees\":{\"@type\":\"QuantitativeValue\",\"minValue\":\"11\",\"maxValue\":\"50\"},\"publishingPrinciples\":\"https:\\\/\\\/leregardlibre.com\\\/a-propos\\\/notre-manifeste\\\/\",\"ownershipFundingInfo\":\"https:\\\/\\\/leregardlibre.com\\\/mentions-legales\\\/\",\"actionableFeedbackPolicy\":\"https:\\\/\\\/leregardlibre.com\\\/conditions-generales-de-vente\\\/\"},{\"@type\":\"Person\",\"@id\":\"https:\\\/\\\/leregardlibre.com\\\/#\\\/schema\\\/person\\\/27fa9ecdf0475276255bb25d4efec517\",\"name\":\"Chlo\u00e9 Delassis\",\"image\":{\"@type\":\"ImageObject\",\"inLanguage\":\"de\",\"@id\":\"https:\\\/\\\/secure.gravatar.com\\\/avatar\\\/7fa3d10e185926a6d787bef27ac448ff98fb951db7b33df66e413a9f9c6b12fa?s=96&d=identicon&r=g\",\"url\":\"https:\\\/\\\/secure.gravatar.com\\\/avatar\\\/7fa3d10e185926a6d787bef27ac448ff98fb951db7b33df66e413a9f9c6b12fa?s=96&d=identicon&r=g\",\"contentUrl\":\"https:\\\/\\\/secure.gravatar.com\\\/avatar\\\/7fa3d10e185926a6d787bef27ac448ff98fb951db7b33df66e413a9f9c6b12fa?s=96&d=identicon&r=g\",\"caption\":\"Chlo\u00e9 Delassis\"},\"sameAs\":[\"https:\\\/\\\/www.facebook.com\\\/chloe.espinasse.94\",\"https:\\\/\\\/www.instagram.com\\\/chloedelassis\\\/\",\"https:\\\/\\\/www.linkedin.com\\\/in\\\/chlo-delassis-49ab19194\\\/\",\"https:\\\/\\\/fr.wikipedia.org\\\/wiki\\\/Le_Regard_libre\"],\"url\":\"https:\\\/\\\/leregardlibre.com\\\/de\\\/author\\\/chlodelassis\\\/\"}]}<\/script>\n<!-- \/ Yoast SEO Premium plugin. -->","yoast_head_json":{"title":"Peter Brook, ein K\u00fcnstler, den die Jahre kr\u00f6nen","description":"Der 96-j\u00e4hrige Peter Brook kehrt mit einem brillanten neuen B\u00fchnenvorschlag zur\u00fcck, der dieses Mal eine experimentellere Form annimmt. Kritik","robots":{"index":"index","follow":"follow","max-snippet":"max-snippet:-1","max-image-preview":"max-image-preview:large","max-video-preview":"max-video-preview:-1"},"canonical":"https:\/\/leregardlibre.com\/de\/darstellende-kunste\/theater\/peter-brook-kunstler-den-die-jahre-kronen\/","og_locale":"de_DE","og_type":"article","og_title":"Peter Brook, artiste que les ann\u00e9es couronnent","og_description":"Peter Brook, 96 ans, revient avec une nouvelle proposition sc\u00e9nique brillante qui prend cette fois une forme plus exp\u00e9rimentale. Critique","og_url":"https:\/\/leregardlibre.com\/de\/darstellende-kunste\/theater\/peter-brook-kunstler-den-die-jahre-kronen\/","og_site_name":"Le Regard Libre","article_publisher":"https:\/\/www.facebook.com\/leregardlibre\/","article_author":"https:\/\/www.facebook.com\/chloe.espinasse.94","article_published_time":"2021-12-12T05:00:00+00:00","article_modified_time":"2025-10-18T14:08:33+00:00","og_image":[{"width":1061,"height":597,"url":"https:\/\/leregardlibre.com\/wp-content\/uploads\/2021\/12\/174860-marilu_-marini-ery-nzaramba_tempest-_-marie-clauzade-1454018210-1639266109941.jpeg","type":"image\/jpeg"}],"author":"Chlo\u00e9 Delassis","twitter_card":"summary_large_image","twitter_creator":"@LeRegardLibre","twitter_site":"@LeRegardLibre","twitter_misc":{"Verfasst von":"Chlo\u00e9 Delassis","Gesch\u00e4tzte Lesezeit":"5\u00a0Minuten"},"schema":{"@context":"https:\/\/schema.org","@graph":[{"@type":"Article","@id":"https:\/\/leregardlibre.com\/arts-vivants\/theatre\/peter-brook-artiste-que-les-annees-couronnent\/#article","isPartOf":{"@id":"https:\/\/leregardlibre.com\/arts-vivants\/theatre\/peter-brook-artiste-que-les-annees-couronnent\/"},"author":{"name":"Chlo\u00e9 Delassis","@id":"https:\/\/leregardlibre.com\/#\/schema\/person\/27fa9ecdf0475276255bb25d4efec517"},"headline":"Peter Brook, artiste que les ann\u00e9es couronnent","datePublished":"2021-12-12T05:00:00+00:00","dateModified":"2025-10-18T14:08:33+00:00","mainEntityOfPage":{"@id":"https:\/\/leregardlibre.com\/arts-vivants\/theatre\/peter-brook-artiste-que-les-annees-couronnent\/"},"wordCount":771,"commentCount":0,"publisher":{"@id":"https:\/\/leregardlibre.com\/#organization"},"image":{"@id":"https:\/\/leregardlibre.com\/arts-vivants\/theatre\/peter-brook-artiste-que-les-annees-couronnent\/#primaryimage"},"thumbnailUrl":"https:\/\/leregardlibre.com\/wp-content\/uploads\/2021\/12\/174860-marilu_-marini-ery-nzaramba_tempest-_-marie-clauzade-1454018210-1639266109941.jpeg","keywords":["Paris","paula luna","peter brook","Spectacle","sylvain levitte","William Shakespeare"],"articleSection":["Th\u00e9\u00e2tre"],"inLanguage":"de","potentialAction":[{"@type":"CommentAction","name":"Comment","target":["https:\/\/leregardlibre.com\/arts-vivants\/theatre\/peter-brook-artiste-que-les-annees-couronnent\/#respond"]}]},{"@type":"WebPage","@id":"https:\/\/leregardlibre.com\/arts-vivants\/theatre\/peter-brook-artiste-que-les-annees-couronnent\/","url":"https:\/\/leregardlibre.com\/arts-vivants\/theatre\/peter-brook-artiste-que-les-annees-couronnent\/","name":"Peter Brook, ein K\u00fcnstler, den die Jahre kr\u00f6nen","isPartOf":{"@id":"https:\/\/leregardlibre.com\/#website"},"primaryImageOfPage":{"@id":"https:\/\/leregardlibre.com\/arts-vivants\/theatre\/peter-brook-artiste-que-les-annees-couronnent\/#primaryimage"},"image":{"@id":"https:\/\/leregardlibre.com\/arts-vivants\/theatre\/peter-brook-artiste-que-les-annees-couronnent\/#primaryimage"},"thumbnailUrl":"https:\/\/leregardlibre.com\/wp-content\/uploads\/2021\/12\/174860-marilu_-marini-ery-nzaramba_tempest-_-marie-clauzade-1454018210-1639266109941.jpeg","datePublished":"2021-12-12T05:00:00+00:00","dateModified":"2025-10-18T14:08:33+00:00","description":"Der 96-j\u00e4hrige Peter Brook kehrt mit einem brillanten neuen B\u00fchnenvorschlag zur\u00fcck, der dieses Mal eine experimentellere Form annimmt. Kritik","breadcrumb":{"@id":"https:\/\/leregardlibre.com\/arts-vivants\/theatre\/peter-brook-artiste-que-les-annees-couronnent\/#breadcrumb"},"inLanguage":"de","potentialAction":[{"@type":"ReadAction","target":["https:\/\/leregardlibre.com\/arts-vivants\/theatre\/peter-brook-artiste-que-les-annees-couronnent\/"]}]},{"@type":"ImageObject","inLanguage":"de","@id":"https:\/\/leregardlibre.com\/arts-vivants\/theatre\/peter-brook-artiste-que-les-annees-couronnent\/#primaryimage","url":"https:\/\/leregardlibre.com\/wp-content\/uploads\/2021\/12\/174860-marilu_-marini-ery-nzaramba_tempest-_-marie-clauzade-1454018210-1639266109941.jpeg","contentUrl":"https:\/\/leregardlibre.com\/wp-content\/uploads\/2021\/12\/174860-marilu_-marini-ery-nzaramba_tempest-_-marie-clauzade-1454018210-1639266109941.jpeg","width":1061,"height":597,"caption":"Tempest Projet \u00a9 Marie Clauzade"},{"@type":"BreadcrumbList","@id":"https:\/\/leregardlibre.com\/arts-vivants\/theatre\/peter-brook-artiste-que-les-annees-couronnent\/#breadcrumb","itemListElement":[{"@type":"ListItem","position":1,"name":"Accueil","item":"https:\/\/leregardlibre.com\/"},{"@type":"ListItem","position":2,"name":"Peter Brook, artiste que les ann\u00e9es couronnent"}]},{"@type":"WebSite","@id":"https:\/\/leregardlibre.com\/#website","url":"https:\/\/leregardlibre.com\/","name":"Le Regard Libre","description":"Erste Schweizer Monatszeitschrift f\u00fcr Debatten","publisher":{"@id":"https:\/\/leregardlibre.com\/#organization"},"potentialAction":[{"@type":"SearchAction","target":{"@type":"EntryPoint","urlTemplate":"https:\/\/leregardlibre.com\/?s={search_term_string}"},"query-input":{"@type":"PropertyValueSpecification","valueRequired":true,"valueName":"search_term_string"}}],"inLanguage":"de"},{"@type":"Organization","@id":"https:\/\/leregardlibre.com\/#organization","name":"Le Regard Libre","url":"https:\/\/leregardlibre.com\/","logo":{"@type":"ImageObject","inLanguage":"de","@id":"https:\/\/leregardlibre.com\/#\/schema\/logo\/image\/","url":"https:\/\/leregardlibre.com\/wp-content\/uploads\/2025\/08\/logo-rl-icone-neg.jpeg","contentUrl":"https:\/\/leregardlibre.com\/wp-content\/uploads\/2025\/08\/logo-rl-icone-neg.jpeg","width":557,"height":556,"caption":"Le Regard Libre"},"image":{"@id":"https:\/\/leregardlibre.com\/#\/schema\/logo\/image\/"},"sameAs":["https:\/\/www.facebook.com\/leregardlibre\/","https:\/\/x.com\/LeRegardLibre","https:\/\/www.linkedin.com\/company\/le-regard-libre","https:\/\/www.instagram.com\/leregardlibre\/","http:\/\/t.me\/leregardlibre","https:\/\/youtube.com\/channel\/UC6HzGPomj1LsUmlz-sJtITQ"],"description":"Le Regard Libre ist eine Schweizer Monatszeitschrift f\u00fcr intellektuelle und kulturelle Debatten. Seine Redaktion ist jung, ehrenamtlich, liberal und pluralistisch. Das Magazin erscheint online und in gedruckter Form. Seine Sprache ist Franz\u00f6sisch.","email":"redaction@leregardlibre.com","legalName":"Le Regard Libre","foundingDate":"2014-01-01","numberOfEmployees":{"@type":"QuantitativeValue","minValue":"11","maxValue":"50"},"publishingPrinciples":"https:\/\/leregardlibre.com\/a-propos\/notre-manifeste\/","ownershipFundingInfo":"https:\/\/leregardlibre.com\/mentions-legales\/","actionableFeedbackPolicy":"https:\/\/leregardlibre.com\/conditions-generales-de-vente\/"},{"@type":"Person","@id":"https:\/\/leregardlibre.com\/#\/schema\/person\/27fa9ecdf0475276255bb25d4efec517","name":"Chlo\u00e9 Delassis","image":{"@type":"ImageObject","inLanguage":"de","@id":"https:\/\/secure.gravatar.com\/avatar\/7fa3d10e185926a6d787bef27ac448ff98fb951db7b33df66e413a9f9c6b12fa?s=96&d=identicon&r=g","url":"https:\/\/secure.gravatar.com\/avatar\/7fa3d10e185926a6d787bef27ac448ff98fb951db7b33df66e413a9f9c6b12fa?s=96&d=identicon&r=g","contentUrl":"https:\/\/secure.gravatar.com\/avatar\/7fa3d10e185926a6d787bef27ac448ff98fb951db7b33df66e413a9f9c6b12fa?s=96&d=identicon&r=g","caption":"Chlo\u00e9 Delassis"},"sameAs":["https:\/\/www.facebook.com\/chloe.espinasse.94","https:\/\/www.instagram.com\/chloedelassis\/","https:\/\/www.linkedin.com\/in\/chlo-delassis-49ab19194\/","https:\/\/fr.wikipedia.org\/wiki\/Le_Regard_libre"],"url":"https:\/\/leregardlibre.com\/de\/author\/chlodelassis\/"}]}},"_links":{"self":[{"href":"https:\/\/leregardlibre.com\/de\/wp-json\/wp\/v2\/posts\/44091","targetHints":{"allow":["GET"]}}],"collection":[{"href":"https:\/\/leregardlibre.com\/de\/wp-json\/wp\/v2\/posts"}],"about":[{"href":"https:\/\/leregardlibre.com\/de\/wp-json\/wp\/v2\/types\/post"}],"author":[{"embeddable":true,"href":"https:\/\/leregardlibre.com\/de\/wp-json\/wp\/v2\/users\/221"}],"replies":[{"embeddable":true,"href":"https:\/\/leregardlibre.com\/de\/wp-json\/wp\/v2\/comments?post=44091"}],"version-history":[{"count":1,"href":"https:\/\/leregardlibre.com\/de\/wp-json\/wp\/v2\/posts\/44091\/revisions"}],"predecessor-version":[{"id":511267,"href":"https:\/\/leregardlibre.com\/de\/wp-json\/wp\/v2\/posts\/44091\/revisions\/511267"}],"wp:featuredmedia":[{"embeddable":true,"href":"https:\/\/leregardlibre.com\/de\/wp-json\/wp\/v2\/media\/44103"}],"wp:attachment":[{"href":"https:\/\/leregardlibre.com\/de\/wp-json\/wp\/v2\/media?parent=44091"}],"wp:term":[{"taxonomy":"category","embeddable":true,"href":"https:\/\/leregardlibre.com\/de\/wp-json\/wp\/v2\/categories?post=44091"},{"taxonomy":"post_tag","embeddable":true,"href":"https:\/\/leregardlibre.com\/de\/wp-json\/wp\/v2\/tags?post=44091"}],"curies":[{"name":"wp","href":"https:\/\/api.w.org\/{rel}","templated":true}]}}