{"id":44117,"date":"2021-12-14T16:41:29","date_gmt":"2021-12-14T15:41:29","guid":{"rendered":"https:\/\/leregardlibre.com\/?p=44117"},"modified":"2025-11-05T18:37:36","modified_gmt":"2025-11-05T17:37:36","slug":"pablo-lauteur-rencontre-et-raconte-pablo-lanarchiste","status":"publish","type":"post","link":"https:\/\/leregardlibre.com\/de\/literatur\/pablo-lauteur-rencontre-et-raconte-pablo-lanarchiste\/","title":{"rendered":"Pablo der Autor trifft und erz\u00e4hlt von Pablo dem Anarchisten"},"content":{"rendered":"<p><em>B\u00fccher am Dienstag -&nbsp;<a href=\"https:\/\/leregardlibre.com\/de\/tag\/diana-alice-ramsauer\/\">Diana-Alice Ramsauer<\/a><\/em><\/p>\n\n\n\n<p class=\"has-drop-cap\"><strong>Ich habe gelesen <em>L\u2019anarchiste qui s\u2019appelait comme moi<\/em> comme une sorte de livre d\u2019histoire. Sauf que c\u2019\u00e9tait bien plus palpitant. Au travers du personnage r\u00e9el de Pablo Mart\u00ecn S\u00e0nchez \u2013 du m\u00eame nom donc que l\u2019auteur \u2013 on (re-)vit l\u2019une des exp\u00e9ditions r\u00e9volutionnaires visant \u00e0 renverser le dictateur espagnol Miguel Primo de Rivera. Un \u00e9v\u00e9nement qui a bel et bien eu lieu. Mais ce qui est riche dans l\u2019ouvrage, c\u2019est surtout cette plong\u00e9e dans le monde anarchiste parisien et international du d\u00e9but du XX<sup>.<\/sup> si\u00e8cle. Une aventure de tripes, de c\u0153ur et d\u2019id\u00e9aux.<\/strong><\/p>\n\n\n\n<!--more Lire la critique (en libre acc\u00e8s)-->\n\n\n\n<p>\u00abHistoire. Histoire. Et histoire.\u00bb Ou plut\u00f4t \u00abpr\u00e9sent, pass\u00e9 et r\u00e9cit\u00bb.<\/p>\n\n\n\n<p>Voici la trame narrative qui guide les lignes de <em>L\u2019anarchiste qui s\u2019appelait comme moi<\/em>.<\/p>\n\n\n\n<p>On d\u00e9bute l\u2019ouvrage avec l\u2019auteur Pablo Mart\u00ecn S\u00e0nchez. Il d\u00e9prime. Il n\u2019arrive pas \u00e0 se faire \u00e9diter \u00ab[rejetant] la faute de son \u00e9chec \u00e0 un patronyme trop commun\u00bb. Il tape alors son nom sur Google \u2013 qui ne l\u2019a jamais fait?\u2013 et se rend compte qu\u2019il a une multitude d\u2019homonymes. L\u2019un d\u2019eux est un gars n\u00e9 \u00e0 la fin du XIX<sup>.<\/sup> si\u00e8cle. Ce Pablo Mart\u00ecn S\u00e0nchez est un anarchiste qui a particip\u00e9 en 1924 \u00e0 une exp\u00e9dition r\u00e9volutionnaire pour tenter de renverser la dictature espagnole en place. Il est condamn\u00e9 \u00e0 mort avec d\u2019autres camarades.<\/p>\n\n\n\n\n\n<p>On s\u2019accordera \u00e0 dire que c\u2019est une bonne trame pour un bouquin. L\u2019auteur Pablo Mart\u00ecn S\u00e0nchez s\u2019en empare et plonge alors dans les documents historiques, journaux de l\u2019\u00e9poque et autres registres pour nous livrer son r\u00e9cit.<\/p>\n\n\n\n<h3 class=\"wp-block-heading\"><strong>\u00abVive l\u2019Espagne libre\u00bb, \u00abvive l\u2019Espagne d\u00e9mocratique\u00bb!<\/strong><\/h3>\n\n\n\n<p>C\u2019est l\u00e0 que l\u2019Histoire commence. Car Pablo l\u2019anarchiste que l\u2019on nous pr\u00e9sente aux Editions Zulma &amp; La Contre All\u00e9e a bel et bien exist\u00e9. Il na\u00eet dans une Espagne industrialis\u00e9e, emp\u00eatr\u00e9e dans des conflits coloniaux. Une Espagne gouvern\u00e9e par un Alphonse&nbsp;XIII qui n\u2019est encore qu\u2019un enfant au d\u00e9but du r\u00e9cit. Une Espagne qui subit le coup d\u2019Etat de Miguel Primo de Rivera en 1923, mettant fin au syst\u00e8me parlementaire. On est quelques ann\u00e9es avant la guerre civile et le r\u00e9gime franquiste.<\/p>\n\n\n\n<p>C\u2019est \u00e0 cette \u00e9poque que bon nombre de libertaires, de communistes, de r\u00e9publicains, de catalanistes, de syndicalistes, d\u2019intellectuels et de d\u00e9serteurs&nbsp;fuient ce r\u00e9gime qui les menace d\u2019enfermement et de torture. Les attentats terroristes se multiplient contre le roi d\u2019Espagne. La r\u00e9pression est violente. Se cr\u00e9e alors une petite communaut\u00e9 d\u2019opposants un peu partout en France, mais surtout \u00e0 Paris, \u00e9picentre de l\u2019anarchisme. Pablo Mart\u00ecn S\u00e0nchez en fait partie.<\/p>\n\n\n\n\n\n<h3 class=\"wp-block-heading\"><strong>Paris, de Belleville \u00e0 la Rotonde: carrefour des r\u00e9volutions<\/strong><\/h3>\n\n\n\n<p>C\u2019est dans ce tragique, mais bouillant contexte que l\u2019on suit le jeune r\u00e9volutionnaire. Un r\u00e9cit d\u00e9licieux que l\u2019on prend au s\u00e9rieux tout en doutant \u00e0 chaque instant de la v\u00e9racit\u00e9 des d\u00e9tails.<\/p>\n\n\n\n<p>Tout commence dans cette imprimerie, La Fraternelle, dans le quartier de Belleville. Pablo y travaille et frappe un journal r\u00e9volutionnaire destin\u00e9 \u00e0 la communaut\u00e9 espagnole de France.<\/p>\n\n\n\n<p>Opposant notoire depuis que son p\u00e8re se fait assassiner par deux pauvres diables qui ont simplement le ventre vide, il lit Proudhon, Bakounine et tout un tas de penseurs de gauche et fait de la faim son pire ennemi. Travaillant dans ce qui est le meilleur outil de communication de l\u2019\u00e9poque, l\u2019imprimerie, il se fait embrigader par son ami d\u2019enfance Robinson \u2013 v\u00e9g\u00e9tarien et pr\u00f4nant l\u2019amour libre \u2013 accompagn\u00e9 de son fid\u00e8le teckel Kropotkine (on parle ici bien d\u2019un cl\u00e9bard).<\/p>\n\n\n\n\n\n<h3 class=\"wp-block-heading\"><strong>Coup de c\u0153ur et coup d\u2019Etat<\/strong><\/h3>\n\n\n\n<p>A cette pr\u00e9paration clandestine, s\u2019entrem\u00eale, un chapitre sur deux, le r\u00e9cit de la vie ant\u00e9rieure de Pablo l\u2019anarchiste. Les deux histoires anachroniques du m\u00eame personnage avancent parall\u00e8lement jusqu\u2019\u00e0 se rejoindre en fin de livre. C\u2019est l\u00e0 o\u00f9 l\u2019auteur Pablo Mart\u00ecn S\u00e0nchez est excellent: en m\u00e9langeant ces deux niveaux de r\u00e9cit, il r\u00e9ussit \u00e0 nous faire tourner les pages. Pourtant, la t\u00e2che n\u2019\u00e9tait pas si simple, car il y en a tout de m\u00eame 600. Toutes les critiques de l\u2019ouvrage le mentionnent: c\u2019est bien que cela peut \u00eatre d\u00e9courageant. Mais voil\u00e0, l\u2019amiti\u00e9, l\u2019amour et la trahison: une recette qui fonctionne toujours.&nbsp;<\/p>\n\n\n\n<form method=\"post\" action=\"https:\/\/newsletter.infomaniak.com\/external\/submit\" class=\"inf-form\" target=\"_blank\"><input type=\"email\" name=\"email\" style=\"display:none\"><input type=\"hidden\" name=\"key\" value=\"eyJpdiI6IlZXRVJGMlRGQUU2alNqUE81bitIUk5adnNVa0c4MllFTStzOHdHT1FQZ3c9IiwidmFsdWUiOiJIYzhwMUVCK1pTNnlhY3MyMmhuZlhReWJqemEwNk93blMxTjFHc0s2VHZrPSIsIm1hYyI6ImVhYTQ5N2I1M2NiYWE4NzBmNjk2NzgzYjliM2Y5NmYzM2E2ZmU3NGQxNTU1ZDFkMTU1MzY5NTdjYjE3ZTJmNTUifQ==\"><input type=\"hidden\" name=\"webform_id\" value=\"7291\"><style> .inf-main_3000311ca56a1cb93397bc676c0b7fff{ background-color:#f5f5f5; padding:25px 20px; margin:25px auto; } .inf-main_3000311ca56a1cb93397bc676c0b7fff .inf-content { margin-top:13px;} .inf-main_3000311ca56a1cb93397bc676c0b7fff h4, .inf-main_3000311ca56a1cb93397bc676c0b7fff span, .inf-main_3000311ca56a1cb93397bc676c0b7fff label, .inf-main_3000311ca56a1cb93397bc676c0b7fff input, .inf-main_3000311ca56a1cb93397bc676c0b7fff .inf-submit, .inf-main_3000311ca56a1cb93397bc676c0b7fff .inf-success p a { color:#555555; font-size:14px; } .inf-main_3000311ca56a1cb93397bc676c0b7fff h4{ font-size:18px; margin:0px 0px 13px 0px; } .inf-main_3000311ca56a1cb93397bc676c0b7fff h4, .inf-main_3000311ca56a1cb93397bc676c0b7fff label{ font-weight:bold; } .inf-main_3000311ca56a1cb93397bc676c0b7fff .inf-input { margin-bottom:7px; } .inf-main_3000311ca56a1cb93397bc676c0b7fff label { display:block;} .inf-main_3000311ca56a1cb93397bc676c0b7fff input{ height:35px; color:#999999; border: 1px solid #E9E9E9; border:none; padding-left:7px; } .inf-main_3000311ca56a1cb93397bc676c0b7fff .inf-input.inf-error label, .inf-main_3000311ca56a1cb93397bc676c0b7fff .inf-input.inf-error span.inf-message{ color: #cc0033; } .inf-main_3000311ca56a1cb93397bc676c0b7fff .inf-input.inf-error input{ border: 1px solid #cc0033; } .inf-main_3000311ca56a1cb93397bc676c0b7fff .inf-input input { width:100%;} .inf-main_3000311ca56a1cb93397bc676c0b7fff .inf-input.inf-error span.inf-message { display: block; } .inf-main_3000311ca56a1cb93397bc676c0b7fff .inf-submit { text-align:right;} .inf-main_3000311ca56a1cb93397bc676c0b7fff .inf-submit input{ background-color:#777777; color:#ffffff; border:none; font-weight: normal; height:auto; padding:7px; } .inf-main_3000311ca56a1cb93397bc676c0b7fff .inf-submit input.disabled{ opacity: 0.4; } .inf-btn { color: rgb(85, 85, 85); border: medium none; font-weight: normal; height: auto; padding: 7px; display: inline-block; background-color: white; box-shadow: 0px 1px 1px rgba(0, 0, 0, 0.24); border-radius: 2px; line-height: 1em; } .inf-rgpd { margin:25px 0px 15px 0px; color:#555555; } <\/style> <div class=\"inf-main_3000311ca56a1cb93397bc676c0b7fff\"> <h4>NEWSLETTER DES FREIEN BLICKS<\/h4> <span>Erhalten Sie unsere Artikel jeden Sonntag.<\/span> <div class=\"inf-success\" style=\"display:none\"> <h4>Ihre Anmeldung f\u00fcr unseren w\u00f6chentlichen Newsletter wurde erfolgreich registriert!<\/h4> <p> <a href=\"#\" class=\"inf-btn\">\u00ab<\/a> <\/p> <\/div> <div class=\"inf-content\"> <div class=\"inf-input inf-input-text\"> <input type=\"text\" name=\"inf[1]\" data-inf-meta=\"1\" data-inf-error=\"Merci de renseigner une adresse email\" required=\"required\" placeholder=\"E-Mail\"> <\/div> <div class=\"inf-submit\"> <input type=\"submit\" name=\"\" value=\"Anmelden\"> <\/div> <\/div> <\/div> <\/form>\n\n\n\n<p>On rencontre Emma Goldman aux Etats-Unis, on fait un bout de chemin en Argentine, on visite les tranch\u00e9es de Verdun et finalement on vit les derniers jours d\u2019un condamn\u00e9. C\u2019est \u00e0 la fois magnifique et terrifiant. Et on comprend que l\u2019auteur Pablo Mart\u00ecn S\u00e0nchez ait voulu d\u00e9tailler chaque \u00e9v\u00e9nement. Sous des montagnes d\u2019archives, il semble parfois avoir eu un peu de peine \u00e0 choisir.<\/p>\n\n\n\n<p>Et pour ne pas faire la m\u00eame erreur que l\u2019\u00e9crivain espagnol, je terminerai cette chronique avant d\u2019avoir pu tout dire. Mais pour continuer le voyage, je vous laisse sur l\u2019une des plus belles citations du livre:<\/p>\n\n\n\n<blockquote class=\"wp-block-quote is-layout-flow wp-block-quote-is-layout-flow\"><p>\u00abUn conservateur, c\u2019est quelqu\u2019un qui pr\u00e9f\u00e8re l\u2019injustice au d\u00e9sordre.\u00bb\u00a0<\/p><\/blockquote>\n\n\n\n<p><em>Schreiben Sie der Autorin:&nbsp;<a href=\"mailto:diana-alice.ramsauer@leregardlibre.com\">diana-alice.ramsauer@leregardlibre.com<\/a><\/em><\/p>\n\n\n\n<p>L\u00e9gende de l\u2019image d\u2019illustration: Dans le r\u00e9cit, Pablo Mart\u00ecn S\u00e0nchez travaille pour l\u2019anarchiste S\u00e9bastien Faure, propri\u00e9taire de l\u2019imprimerie \u00abLa Fraternelle\u00bb. Ici, son \u00e9cole libertaire \u00abLa R\u00fbche\u00bb du c\u00f4t\u00e9 de Rambouillet. <br><br>Cr\u00e9dit Photo: <meta charset=\"utf-8\">\u00a9 Le Provost. Argenteuil<\/p>\n\n\n\n<div class=\"wp-block-media-text alignwide is-stacked-on-mobile\" style=\"grid-template-columns:44% auto\"><figure class=\"wp-block-media-text__media\"><img fetchpriority=\"high\" decoding=\"async\" width=\"242\" height=\"364\" src=\"http:\/\/leregardlibre.com\/wp-content\/uploads\/2021\/12\/Pablo.jpeg\" alt=\"\" class=\"wp-image-44157 size-full\" srcset=\"https:\/\/leregardlibre.com\/wp-content\/uploads\/2021\/12\/Pablo.jpeg 242w, https:\/\/leregardlibre.com\/wp-content\/uploads\/2021\/12\/Pablo-100x150.jpeg 100w, https:\/\/leregardlibre.com\/wp-content\/uploads\/2021\/12\/Pablo-199x300.jpeg 199w\" sizes=\"(max-width: 242px) 100vw, 242px\" \/><\/figure><div class=\"wp-block-media-text__content\">\n<p><strong>Pablo Mart\u00ecn S\u00e0nchez<br>L&#8217;anarchiste q<em>ui s&#8217;appelait comme moi<\/em><br>Traduction de Jean-Marie Saint-Lu <br>Editions Zulma &amp; La Contre All\u00e9e<br>2021<\/strong><\/p>\n\n\n\n<div class=\"wp-block-buttons is-layout-flex wp-block-buttons-is-layout-flex\">\n<div class=\"wp-block-button\"><a class=\"wp-block-button__link\" href=\"https:\/\/www.payot.ch\/Detail\/lanarchiste_qui_sappelait_comme_moi-pablo_martin_sanchez-9791038700529?cId=0\">Das Buch bestellen<\/a><\/div>\n<\/div>\n<\/div><\/div>","protected":false},"excerpt":{"rendered":"<p>Eine Reise in das Spanien des fr\u00fchen zwanzigsten Jahrhunderts. <\/p>","protected":false},"author":91,"featured_media":44155,"comment_status":"open","ping_status":"closed","sticky":false,"template":"","format":"standard","meta":{"_acf_changed":false,"footnotes":""},"categories":[20663],"tags":[644340978,54879,209662,644357120,8610],"class_list":["post-44117","post","type-post","status-publish","format-standard","has-post-thumbnail","hentry","category-litterature","tag-anarchisme","tag-critiques-litteraires","tag-espagne","tag-pablo-martin-sanchez","tag-paris"],"acf":[],"yoast_head":"<!-- This site is optimized with the Yoast SEO Premium plugin v27.4 (Yoast SEO v27.4) - https:\/\/yoast.com\/product\/yoast-seo-premium-wordpress\/ -->\n<title>Pablo l\u2019auteur rencontre et raconte Pablo l\u2019anarchiste<\/title>\n<meta name=\"robots\" content=\"index, follow, max-snippet:-1, max-image-preview:large, max-video-preview:-1\" \/>\n<link rel=\"canonical\" href=\"https:\/\/leregardlibre.com\/de\/literatur\/pablo-lauteur-rencontre-et-raconte-pablo-lanarchiste\/\" \/>\n<meta property=\"og:locale\" content=\"de_DE\" \/>\n<meta property=\"og:type\" content=\"article\" \/>\n<meta property=\"og:title\" content=\"Pablo l\u2019auteur rencontre et raconte Pablo l\u2019anarchiste\" \/>\n<meta property=\"og:description\" content=\"Un voyage vers l&#039;Espagne du d\u00e9but du vingti\u00e8me si\u00e8cle.\" \/>\n<meta property=\"og:url\" content=\"https:\/\/leregardlibre.com\/de\/literatur\/pablo-lauteur-rencontre-et-raconte-pablo-lanarchiste\/\" \/>\n<meta property=\"og:site_name\" content=\"Le Regard Libre\" \/>\n<meta property=\"article:publisher\" content=\"https:\/\/www.facebook.com\/leregardlibre\/\" \/>\n<meta property=\"article:published_time\" content=\"2021-12-14T15:41:29+00:00\" \/>\n<meta property=\"article:modified_time\" content=\"2025-11-05T17:37:36+00:00\" \/>\n<meta property=\"og:image\" content=\"https:\/\/leregardlibre.com\/wp-content\/uploads\/2021\/12\/Limprimerie_-Se\u0301bastien-Faure-1.jpg\" \/>\n\t<meta property=\"og:image:width\" content=\"800\" \/>\n\t<meta property=\"og:image:height\" content=\"512\" \/>\n\t<meta property=\"og:image:type\" content=\"image\/jpeg\" \/>\n<meta name=\"author\" content=\"Diana-Alice Ramsauer\" \/>\n<meta name=\"twitter:card\" content=\"summary_large_image\" \/>\n<meta name=\"twitter:creator\" content=\"@LeRegardLibre\" \/>\n<meta name=\"twitter:site\" content=\"@LeRegardLibre\" \/>\n<meta name=\"twitter:label1\" content=\"Verfasst von\" \/>\n\t<meta name=\"twitter:data1\" content=\"Diana-Alice Ramsauer\" \/>\n\t<meta name=\"twitter:label2\" content=\"Gesch\u00e4tzte Lesezeit\" \/>\n\t<meta name=\"twitter:data2\" content=\"5\u00a0Minuten\" \/>\n<script type=\"application\/ld+json\" class=\"yoast-schema-graph\">{\"@context\":\"https:\\\/\\\/schema.org\",\"@graph\":[{\"@type\":\"Article\",\"@id\":\"https:\\\/\\\/leregardlibre.com\\\/litterature\\\/pablo-lauteur-rencontre-et-raconte-pablo-lanarchiste\\\/#article\",\"isPartOf\":{\"@id\":\"https:\\\/\\\/leregardlibre.com\\\/litterature\\\/pablo-lauteur-rencontre-et-raconte-pablo-lanarchiste\\\/\"},\"author\":{\"name\":\"Diana-Alice Ramsauer\",\"@id\":\"https:\\\/\\\/leregardlibre.com\\\/#\\\/schema\\\/person\\\/62f947f8b160b1f5efe565d6bd5c8f0a\"},\"headline\":\"Pablo l\u2019auteur rencontre et raconte Pablo l\u2019anarchiste\",\"datePublished\":\"2021-12-14T15:41:29+00:00\",\"dateModified\":\"2025-11-05T17:37:36+00:00\",\"mainEntityOfPage\":{\"@id\":\"https:\\\/\\\/leregardlibre.com\\\/litterature\\\/pablo-lauteur-rencontre-et-raconte-pablo-lanarchiste\\\/\"},\"wordCount\":1020,\"commentCount\":0,\"publisher\":{\"@id\":\"https:\\\/\\\/leregardlibre.com\\\/#organization\"},\"image\":{\"@id\":\"https:\\\/\\\/leregardlibre.com\\\/litterature\\\/pablo-lauteur-rencontre-et-raconte-pablo-lanarchiste\\\/#primaryimage\"},\"thumbnailUrl\":\"https:\\\/\\\/leregardlibre.com\\\/wp-content\\\/uploads\\\/2021\\\/12\\\/Limprimerie_-Se\u0301bastien-Faure-1.jpg\",\"keywords\":[\"Anarchisme\",\"Critique litt\u00e9raire\",\"Espagne\",\"Pablo Martin Sanchez\",\"Paris\"],\"articleSection\":[\"Litt\u00e9rature\"],\"inLanguage\":\"de\",\"potentialAction\":[{\"@type\":\"CommentAction\",\"name\":\"Comment\",\"target\":[\"https:\\\/\\\/leregardlibre.com\\\/litterature\\\/pablo-lauteur-rencontre-et-raconte-pablo-lanarchiste\\\/#respond\"]}]},{\"@type\":\"WebPage\",\"@id\":\"https:\\\/\\\/leregardlibre.com\\\/litterature\\\/pablo-lauteur-rencontre-et-raconte-pablo-lanarchiste\\\/\",\"url\":\"https:\\\/\\\/leregardlibre.com\\\/litterature\\\/pablo-lauteur-rencontre-et-raconte-pablo-lanarchiste\\\/\",\"name\":\"Pablo l\u2019auteur rencontre et raconte Pablo l\u2019anarchiste\",\"isPartOf\":{\"@id\":\"https:\\\/\\\/leregardlibre.com\\\/#website\"},\"primaryImageOfPage\":{\"@id\":\"https:\\\/\\\/leregardlibre.com\\\/litterature\\\/pablo-lauteur-rencontre-et-raconte-pablo-lanarchiste\\\/#primaryimage\"},\"image\":{\"@id\":\"https:\\\/\\\/leregardlibre.com\\\/litterature\\\/pablo-lauteur-rencontre-et-raconte-pablo-lanarchiste\\\/#primaryimage\"},\"thumbnailUrl\":\"https:\\\/\\\/leregardlibre.com\\\/wp-content\\\/uploads\\\/2021\\\/12\\\/Limprimerie_-Se\u0301bastien-Faure-1.jpg\",\"datePublished\":\"2021-12-14T15:41:29+00:00\",\"dateModified\":\"2025-11-05T17:37:36+00:00\",\"breadcrumb\":{\"@id\":\"https:\\\/\\\/leregardlibre.com\\\/litterature\\\/pablo-lauteur-rencontre-et-raconte-pablo-lanarchiste\\\/#breadcrumb\"},\"inLanguage\":\"de\",\"potentialAction\":[{\"@type\":\"ReadAction\",\"target\":[\"https:\\\/\\\/leregardlibre.com\\\/litterature\\\/pablo-lauteur-rencontre-et-raconte-pablo-lanarchiste\\\/\"]}]},{\"@type\":\"ImageObject\",\"inLanguage\":\"de\",\"@id\":\"https:\\\/\\\/leregardlibre.com\\\/litterature\\\/pablo-lauteur-rencontre-et-raconte-pablo-lanarchiste\\\/#primaryimage\",\"url\":\"https:\\\/\\\/leregardlibre.com\\\/wp-content\\\/uploads\\\/2021\\\/12\\\/Limprimerie_-Se\u0301bastien-Faure-1.jpg\",\"contentUrl\":\"https:\\\/\\\/leregardlibre.com\\\/wp-content\\\/uploads\\\/2021\\\/12\\\/Limprimerie_-Se\u0301bastien-Faure-1.jpg\",\"width\":800,\"height\":512},{\"@type\":\"BreadcrumbList\",\"@id\":\"https:\\\/\\\/leregardlibre.com\\\/litterature\\\/pablo-lauteur-rencontre-et-raconte-pablo-lanarchiste\\\/#breadcrumb\",\"itemListElement\":[{\"@type\":\"ListItem\",\"position\":1,\"name\":\"Accueil\",\"item\":\"https:\\\/\\\/leregardlibre.com\\\/\"},{\"@type\":\"ListItem\",\"position\":2,\"name\":\"Pablo l\u2019auteur rencontre et raconte Pablo l\u2019anarchiste\"}]},{\"@type\":\"WebSite\",\"@id\":\"https:\\\/\\\/leregardlibre.com\\\/#website\",\"url\":\"https:\\\/\\\/leregardlibre.com\\\/\",\"name\":\"Le Regard Libre\",\"description\":\"Premier mensuel suisse de d\u00e9bat\",\"publisher\":{\"@id\":\"https:\\\/\\\/leregardlibre.com\\\/#organization\"},\"potentialAction\":[{\"@type\":\"SearchAction\",\"target\":{\"@type\":\"EntryPoint\",\"urlTemplate\":\"https:\\\/\\\/leregardlibre.com\\\/?s={search_term_string}\"},\"query-input\":{\"@type\":\"PropertyValueSpecification\",\"valueRequired\":true,\"valueName\":\"search_term_string\"}}],\"inLanguage\":\"de\"},{\"@type\":\"Organization\",\"@id\":\"https:\\\/\\\/leregardlibre.com\\\/#organization\",\"name\":\"Le Regard Libre\",\"url\":\"https:\\\/\\\/leregardlibre.com\\\/\",\"logo\":{\"@type\":\"ImageObject\",\"inLanguage\":\"de\",\"@id\":\"https:\\\/\\\/leregardlibre.com\\\/#\\\/schema\\\/logo\\\/image\\\/\",\"url\":\"https:\\\/\\\/leregardlibre.com\\\/wp-content\\\/uploads\\\/2025\\\/08\\\/logo-rl-icone-neg.jpeg\",\"contentUrl\":\"https:\\\/\\\/leregardlibre.com\\\/wp-content\\\/uploads\\\/2025\\\/08\\\/logo-rl-icone-neg.jpeg\",\"width\":557,\"height\":556,\"caption\":\"Le Regard Libre\"},\"image\":{\"@id\":\"https:\\\/\\\/leregardlibre.com\\\/#\\\/schema\\\/logo\\\/image\\\/\"},\"sameAs\":[\"https:\\\/\\\/www.facebook.com\\\/leregardlibre\\\/\",\"https:\\\/\\\/x.com\\\/LeRegardLibre\",\"https:\\\/\\\/www.linkedin.com\\\/company\\\/le-regard-libre\",\"https:\\\/\\\/www.instagram.com\\\/leregardlibre\\\/\",\"http:\\\/\\\/t.me\\\/leregardlibre\",\"https:\\\/\\\/youtube.com\\\/channel\\\/UC6HzGPomj1LsUmlz-sJtITQ\"],\"description\":\"Le Regard Libre est un mensuel suisse de d\u00e9bat intellectuel et culturel. Sa r\u00e9daction est jeune, b\u00e9n\u00e9vole, lib\u00e9rale et pluraliste. Le magazine para\u00eet en ligne et sous forme papier. Sa langue est le fran\u00e7ais.\",\"email\":\"redaction@leregardlibre.com\",\"legalName\":\"Le Regard Libre\",\"foundingDate\":\"2014-01-01\",\"numberOfEmployees\":{\"@type\":\"QuantitativeValue\",\"minValue\":\"11\",\"maxValue\":\"50\"},\"publishingPrinciples\":\"https:\\\/\\\/leregardlibre.com\\\/a-propos\\\/notre-manifeste\\\/\",\"ownershipFundingInfo\":\"https:\\\/\\\/leregardlibre.com\\\/mentions-legales\\\/\",\"actionableFeedbackPolicy\":\"https:\\\/\\\/leregardlibre.com\\\/conditions-generales-de-vente\\\/\"},{\"@type\":\"Person\",\"@id\":\"https:\\\/\\\/leregardlibre.com\\\/#\\\/schema\\\/person\\\/62f947f8b160b1f5efe565d6bd5c8f0a\",\"name\":\"Diana-Alice Ramsauer\",\"image\":{\"@type\":\"ImageObject\",\"inLanguage\":\"de\",\"@id\":\"https:\\\/\\\/secure.gravatar.com\\\/avatar\\\/51862cca29cd5f278db9e227f155b57590a6a82efb3c6a76f90daf5d4959f176?s=96&d=identicon&r=g\",\"url\":\"https:\\\/\\\/secure.gravatar.com\\\/avatar\\\/51862cca29cd5f278db9e227f155b57590a6a82efb3c6a76f90daf5d4959f176?s=96&d=identicon&r=g\",\"contentUrl\":\"https:\\\/\\\/secure.gravatar.com\\\/avatar\\\/51862cca29cd5f278db9e227f155b57590a6a82efb3c6a76f90daf5d4959f176?s=96&d=identicon&r=g\",\"caption\":\"Diana-Alice Ramsauer\"},\"sameAs\":[\"https:\\\/\\\/leregardlibre.com\\\/\",\"https:\\\/\\\/fr.wikipedia.org\\\/wiki\\\/Le_Regard_libre\"],\"url\":\"https:\\\/\\\/leregardlibre.com\\\/de\\\/author\\\/daramsauer\\\/\"}]}<\/script>\n<!-- \/ Yoast SEO Premium plugin. -->","yoast_head_json":{"title":"Pablo der Autor trifft und erz\u00e4hlt von Pablo dem Anarchisten","robots":{"index":"index","follow":"follow","max-snippet":"max-snippet:-1","max-image-preview":"max-image-preview:large","max-video-preview":"max-video-preview:-1"},"canonical":"https:\/\/leregardlibre.com\/de\/literatur\/pablo-lauteur-rencontre-et-raconte-pablo-lanarchiste\/","og_locale":"de_DE","og_type":"article","og_title":"Pablo l\u2019auteur rencontre et raconte Pablo l\u2019anarchiste","og_description":"Un voyage vers l'Espagne du d\u00e9but du vingti\u00e8me si\u00e8cle.","og_url":"https:\/\/leregardlibre.com\/de\/literatur\/pablo-lauteur-rencontre-et-raconte-pablo-lanarchiste\/","og_site_name":"Le Regard Libre","article_publisher":"https:\/\/www.facebook.com\/leregardlibre\/","article_published_time":"2021-12-14T15:41:29+00:00","article_modified_time":"2025-11-05T17:37:36+00:00","og_image":[{"width":800,"height":512,"url":"https:\/\/leregardlibre.com\/wp-content\/uploads\/2021\/12\/Limprimerie_-Se\u0301bastien-Faure-1.jpg","type":"image\/jpeg"}],"author":"Diana-Alice Ramsauer","twitter_card":"summary_large_image","twitter_creator":"@LeRegardLibre","twitter_site":"@LeRegardLibre","twitter_misc":{"Verfasst von":"Diana-Alice Ramsauer","Gesch\u00e4tzte Lesezeit":"5\u00a0Minuten"},"schema":{"@context":"https:\/\/schema.org","@graph":[{"@type":"Article","@id":"https:\/\/leregardlibre.com\/litterature\/pablo-lauteur-rencontre-et-raconte-pablo-lanarchiste\/#article","isPartOf":{"@id":"https:\/\/leregardlibre.com\/litterature\/pablo-lauteur-rencontre-et-raconte-pablo-lanarchiste\/"},"author":{"name":"Diana-Alice Ramsauer","@id":"https:\/\/leregardlibre.com\/#\/schema\/person\/62f947f8b160b1f5efe565d6bd5c8f0a"},"headline":"Pablo l\u2019auteur rencontre et raconte Pablo l\u2019anarchiste","datePublished":"2021-12-14T15:41:29+00:00","dateModified":"2025-11-05T17:37:36+00:00","mainEntityOfPage":{"@id":"https:\/\/leregardlibre.com\/litterature\/pablo-lauteur-rencontre-et-raconte-pablo-lanarchiste\/"},"wordCount":1020,"commentCount":0,"publisher":{"@id":"https:\/\/leregardlibre.com\/#organization"},"image":{"@id":"https:\/\/leregardlibre.com\/litterature\/pablo-lauteur-rencontre-et-raconte-pablo-lanarchiste\/#primaryimage"},"thumbnailUrl":"https:\/\/leregardlibre.com\/wp-content\/uploads\/2021\/12\/Limprimerie_-Se\u0301bastien-Faure-1.jpg","keywords":["Anarchisme","Critique litt\u00e9raire","Espagne","Pablo Martin Sanchez","Paris"],"articleSection":["Litt\u00e9rature"],"inLanguage":"de","potentialAction":[{"@type":"CommentAction","name":"Comment","target":["https:\/\/leregardlibre.com\/litterature\/pablo-lauteur-rencontre-et-raconte-pablo-lanarchiste\/#respond"]}]},{"@type":"WebPage","@id":"https:\/\/leregardlibre.com\/litterature\/pablo-lauteur-rencontre-et-raconte-pablo-lanarchiste\/","url":"https:\/\/leregardlibre.com\/litterature\/pablo-lauteur-rencontre-et-raconte-pablo-lanarchiste\/","name":"Pablo der Autor trifft und erz\u00e4hlt von Pablo dem Anarchisten","isPartOf":{"@id":"https:\/\/leregardlibre.com\/#website"},"primaryImageOfPage":{"@id":"https:\/\/leregardlibre.com\/litterature\/pablo-lauteur-rencontre-et-raconte-pablo-lanarchiste\/#primaryimage"},"image":{"@id":"https:\/\/leregardlibre.com\/litterature\/pablo-lauteur-rencontre-et-raconte-pablo-lanarchiste\/#primaryimage"},"thumbnailUrl":"https:\/\/leregardlibre.com\/wp-content\/uploads\/2021\/12\/Limprimerie_-Se\u0301bastien-Faure-1.jpg","datePublished":"2021-12-14T15:41:29+00:00","dateModified":"2025-11-05T17:37:36+00:00","breadcrumb":{"@id":"https:\/\/leregardlibre.com\/litterature\/pablo-lauteur-rencontre-et-raconte-pablo-lanarchiste\/#breadcrumb"},"inLanguage":"de","potentialAction":[{"@type":"ReadAction","target":["https:\/\/leregardlibre.com\/litterature\/pablo-lauteur-rencontre-et-raconte-pablo-lanarchiste\/"]}]},{"@type":"ImageObject","inLanguage":"de","@id":"https:\/\/leregardlibre.com\/litterature\/pablo-lauteur-rencontre-et-raconte-pablo-lanarchiste\/#primaryimage","url":"https:\/\/leregardlibre.com\/wp-content\/uploads\/2021\/12\/Limprimerie_-Se\u0301bastien-Faure-1.jpg","contentUrl":"https:\/\/leregardlibre.com\/wp-content\/uploads\/2021\/12\/Limprimerie_-Se\u0301bastien-Faure-1.jpg","width":800,"height":512},{"@type":"BreadcrumbList","@id":"https:\/\/leregardlibre.com\/litterature\/pablo-lauteur-rencontre-et-raconte-pablo-lanarchiste\/#breadcrumb","itemListElement":[{"@type":"ListItem","position":1,"name":"Accueil","item":"https:\/\/leregardlibre.com\/"},{"@type":"ListItem","position":2,"name":"Pablo l\u2019auteur rencontre et raconte Pablo l\u2019anarchiste"}]},{"@type":"WebSite","@id":"https:\/\/leregardlibre.com\/#website","url":"https:\/\/leregardlibre.com\/","name":"Le Regard Libre","description":"Erste Schweizer Monatszeitschrift f\u00fcr Debatten","publisher":{"@id":"https:\/\/leregardlibre.com\/#organization"},"potentialAction":[{"@type":"SearchAction","target":{"@type":"EntryPoint","urlTemplate":"https:\/\/leregardlibre.com\/?s={search_term_string}"},"query-input":{"@type":"PropertyValueSpecification","valueRequired":true,"valueName":"search_term_string"}}],"inLanguage":"de"},{"@type":"Organization","@id":"https:\/\/leregardlibre.com\/#organization","name":"Le Regard Libre","url":"https:\/\/leregardlibre.com\/","logo":{"@type":"ImageObject","inLanguage":"de","@id":"https:\/\/leregardlibre.com\/#\/schema\/logo\/image\/","url":"https:\/\/leregardlibre.com\/wp-content\/uploads\/2025\/08\/logo-rl-icone-neg.jpeg","contentUrl":"https:\/\/leregardlibre.com\/wp-content\/uploads\/2025\/08\/logo-rl-icone-neg.jpeg","width":557,"height":556,"caption":"Le Regard Libre"},"image":{"@id":"https:\/\/leregardlibre.com\/#\/schema\/logo\/image\/"},"sameAs":["https:\/\/www.facebook.com\/leregardlibre\/","https:\/\/x.com\/LeRegardLibre","https:\/\/www.linkedin.com\/company\/le-regard-libre","https:\/\/www.instagram.com\/leregardlibre\/","http:\/\/t.me\/leregardlibre","https:\/\/youtube.com\/channel\/UC6HzGPomj1LsUmlz-sJtITQ"],"description":"Le Regard Libre ist eine Schweizer Monatszeitschrift f\u00fcr intellektuelle und kulturelle Debatten. Seine Redaktion ist jung, ehrenamtlich, liberal und pluralistisch. Das Magazin erscheint online und in gedruckter Form. Seine Sprache ist Franz\u00f6sisch.","email":"redaction@leregardlibre.com","legalName":"Le Regard Libre","foundingDate":"2014-01-01","numberOfEmployees":{"@type":"QuantitativeValue","minValue":"11","maxValue":"50"},"publishingPrinciples":"https:\/\/leregardlibre.com\/a-propos\/notre-manifeste\/","ownershipFundingInfo":"https:\/\/leregardlibre.com\/mentions-legales\/","actionableFeedbackPolicy":"https:\/\/leregardlibre.com\/conditions-generales-de-vente\/"},{"@type":"Person","@id":"https:\/\/leregardlibre.com\/#\/schema\/person\/62f947f8b160b1f5efe565d6bd5c8f0a","name":"Diana-Alice Ramsauer","image":{"@type":"ImageObject","inLanguage":"de","@id":"https:\/\/secure.gravatar.com\/avatar\/51862cca29cd5f278db9e227f155b57590a6a82efb3c6a76f90daf5d4959f176?s=96&d=identicon&r=g","url":"https:\/\/secure.gravatar.com\/avatar\/51862cca29cd5f278db9e227f155b57590a6a82efb3c6a76f90daf5d4959f176?s=96&d=identicon&r=g","contentUrl":"https:\/\/secure.gravatar.com\/avatar\/51862cca29cd5f278db9e227f155b57590a6a82efb3c6a76f90daf5d4959f176?s=96&d=identicon&r=g","caption":"Diana-Alice Ramsauer"},"sameAs":["https:\/\/leregardlibre.com\/","https:\/\/fr.wikipedia.org\/wiki\/Le_Regard_libre"],"url":"https:\/\/leregardlibre.com\/de\/author\/daramsauer\/"}]}},"_links":{"self":[{"href":"https:\/\/leregardlibre.com\/de\/wp-json\/wp\/v2\/posts\/44117","targetHints":{"allow":["GET"]}}],"collection":[{"href":"https:\/\/leregardlibre.com\/de\/wp-json\/wp\/v2\/posts"}],"about":[{"href":"https:\/\/leregardlibre.com\/de\/wp-json\/wp\/v2\/types\/post"}],"author":[{"embeddable":true,"href":"https:\/\/leregardlibre.com\/de\/wp-json\/wp\/v2\/users\/91"}],"replies":[{"embeddable":true,"href":"https:\/\/leregardlibre.com\/de\/wp-json\/wp\/v2\/comments?post=44117"}],"version-history":[{"count":1,"href":"https:\/\/leregardlibre.com\/de\/wp-json\/wp\/v2\/posts\/44117\/revisions"}],"predecessor-version":[{"id":511268,"href":"https:\/\/leregardlibre.com\/de\/wp-json\/wp\/v2\/posts\/44117\/revisions\/511268"}],"wp:featuredmedia":[{"embeddable":true,"href":"https:\/\/leregardlibre.com\/de\/wp-json\/wp\/v2\/media\/44155"}],"wp:attachment":[{"href":"https:\/\/leregardlibre.com\/de\/wp-json\/wp\/v2\/media?parent=44117"}],"wp:term":[{"taxonomy":"category","embeddable":true,"href":"https:\/\/leregardlibre.com\/de\/wp-json\/wp\/v2\/categories?post=44117"},{"taxonomy":"post_tag","embeddable":true,"href":"https:\/\/leregardlibre.com\/de\/wp-json\/wp\/v2\/tags?post=44117"}],"curies":[{"name":"wp","href":"https:\/\/api.w.org\/{rel}","templated":true}]}}