{"id":4426,"date":"2017-01-08T23:08:50","date_gmt":"2017-01-08T22:08:50","guid":{"rendered":"http:\/\/leregardlibre.com\/?p=4426"},"modified":"2025-12-13T22:55:07","modified_gmt":"2025-12-13T21:55:07","slug":"die-absurditaten-von-vincent-peillon-als-kandidat-fur-die-vorwahlen-der-ps","status":"publish","type":"post","link":"https:\/\/leregardlibre.com\/de\/politik\/frankreich\/die-absurditaten-von-vincent-peillon-als-kandidat-fur-die-vorwahlen-der-ps\/","title":{"rendered":"Die Absurdit\u00e4ten von Vincent Peillon, Kandidat bei der Vorwahl der PS"},"content":{"rendered":"<p class=\"has-drop-cap\">Wie unendlich gro\u00df war die Entt\u00e4uschung in den letzten Tagen, als man in der Presse einige \u00c4u\u00dferungen fand, von denen man nie vermutet h\u00e4tte, dass sie von einem als intellektuell geltenden Kandidaten f\u00fcr die Vorwahlen der Sozialistischen Partei (PS) in Frankreich stammen k\u00f6nnten. Vincent Peillon, der sich von seinen konkurrierenden Freunden durch seine Ausbildung als Philosoph und seinen Stoff als leidenschaftlicher Republikaner abhob, scheint wirklich tief gefallen zu sein.<\/p>\n\n\n\n<!--more Lire la suite du commentaire (en libre acc\u00e8s)-->\n\n\n\n<p>Sein erster Fehler war der, den er am vergangenen Dienstag auf der B\u00fchne von France 2 beging. Der Kandidat f\u00fcr die linke Vorwahl sagte: \u00abEinige wollen den Laizismus gegen bestimmte Bev\u00f6lkerungsgruppen einsetzen, was bereits in der Vergangenheit geschehen ist. Das war vor vierzig Jahren <em>(sic)<\/em> die Juden, denen man einen gelben Stern aufsetzte, das sind heute einige unserer muslimischen Mitb\u00fcrger\u00bb.\u00bb<\/p>\n\n\n\n<h3 class=\"wp-block-heading\">Juden und Muslime sitzen in einem Boot<\/h3>\n\n\n\n<p>Hier liegt ein dreifaches Missverst\u00e4ndnis vor. Erstens trugen Juden vor vierzig Jahren keinen gelben Stern. Vincent Peillon wollte zweifellos von den 1940er Jahren sprechen, aber ist das nicht eine v\u00f6llig skandal\u00f6se Ungenauigkeit f\u00fcr jemanden, der sich um das Amt des Pr\u00e4sidenten der Republik bewirbt? Zweitens ist das, was der Philosophieprofessor mit diesem Satz vermitteln will, n\u00e4mlich eine Parallelit\u00e4t zwischen Antisemitismus und der Angst vor einem bestimmten Islam oder dem Islam \u00fcberhaupt, eine verwirrende Absurdit\u00e4t: Der Hass auf ein Volk und der Hass auf eine Religion oder eine Ideologie haben nichts miteinander zu tun. Schlie\u00dflich war der Laizismus nie eine Rechtfertigung f\u00fcr den antisemitischen Horror des 20.<sup>.<\/sup> Jahrhundert.<\/p>\n\n\n\n<p>Vor allem aber suggeriert dieser Satz, dass die gemeinschaftlichen Opfer in Frankreich nicht mehr j\u00fcdisch, sondern muslimisch sind. Diese Analyse, die von Edwy Plenel geteilt wird, erstaunt, wenn sie nicht sogar unehrlich ist. Antisemitismus gibt es in Frankreich immer noch, er gewinnt sogar wieder an St\u00e4rke, und er stammt ganz \u00fcberwiegend aus islamischen Milieus. Es sind die arabisch-muslimischen Viertel, in denen sich gerade jetzt und in zunehmendem Ma\u00dfe eine offenkundige Abneigung gegen das j\u00fcdische Volk entwickelt.<\/p>\n\n\n\n<p>Diese Realit\u00e4t scheint leider nicht von den Wellen dessen, was man mittlerweile als islamisch-links bezeichnet, aufgefangen zu werden. Entgegen allen Erwartungen wird Vincent Peillon, so republikanisch er auch sein mag, zu einem unbestrittenen Vertreter dieser Str\u00f6mung, die oft auf niedrigen wahltaktischen Motiven beruht. Nat\u00fcrlich muss man die Ablehnung von Muslimen anerkennen und bek\u00e4mpfen, aber gleichzeitig muss man auch die Ablehnung von Juden anerkennen und bek\u00e4mpfen - die \u00fcbrigens h\u00e4ufiger vorkommt, wenn man darauf besteht, die Gemeinschaften zu vergleichen, wie Peillon es tut, indem er Muslime mit Juden vergleicht...<\/p>\n\n\n\n<h3 class=\"wp-block-heading\">Wie links definiert man rechts<\/h3>\n\n\n\n<p>Der zweite Satz, der schwer zu verdauen war, betraf seine Sicht der Rechten. So definierte er sie am Mittwoch auf TMC: \u00abDie Rechte ist eine Gruppe von Menschen, die der Meinung sind, dass es Unterschiede zwischen uns gibt, die zum Beispiel dazu f\u00fchren, dass ich das Recht habe zu heiraten, wenn wir nicht die gleiche sexuelle Orientierung haben, w\u00e4hrend er nicht heiraten darf; er ist schwarz und hat kein Wahlrecht. Das ist unsere Geschichte seit zwei Jahrhunderten.\u00bb<\/p>\n\n\n\n<p>Hier bedarf es keiner langen Kommentare. Diese Aussage spricht f\u00fcr sich selbst. Und sie zeugt vom derzeitigen Zustand einer Linken, die, da sie sp\u00fcrt, dass sie ihren Verrat an den W\u00e4hlern des Volkes niemals annehmen und wieder gutmachen kann, versucht, sie mit allen m\u00f6glichen Mitteln, die ebenso demagogisch wie kontraproduktiv sind, zu k\u00f6dern. Das ist schade, denn der Kandidat Peillon h\u00e4tte das Niveau der politischen Debatte in Frankreich heben k\u00f6nnen. Gl\u00fccklicherweise hat er dies in letzter Zeit wieder wettgemacht, insbesondere bei seinem Auftritt in der Sendung \u00abOn n'est pas couch\u00e9\u00bb.<\/p>\n\n\n\n<p><em>Schreiben Sie dem Autor: <a href=\"mailto:jonas.follonier@leregardlibre.com\">jonas.follonier@leregardlibre.com<\/a><\/em><\/p>\n\n\n\n<p><strong>Sie haben gerade eine frei zug\u00e4ngliche Rezension gelesen.<\/strong>\u00a0Debatten, Analysen, Kulturnachrichten:\u00a0<a href=\"http:\/\/leregardlibre.com\/de\/abonnement\/\" target=\"_blank\" rel=\"noreferrer noopener\">abonnieren Sie<\/a>\u00a0um uns zu unterst\u00fctzen und Zugang zu all unseren Inhalten zu erhalten!<\/p>","protected":false},"excerpt":{"rendered":"<p>Quelle infinie d\u00e9ception ces derniers jours en d\u00e9couvrant dans la presse certains\u00a0propos dont on n&#8217;aurait jamais soup\u00e7onn\u00e9 qu&#8217;ils puissent\u00a0\u00eatre\u00a0prononc\u00e9s par&#8230;<\/p>","protected":false},"author":138,"featured_media":517046,"comment_status":"open","ping_status":"open","sticky":false,"template":"","format":"standard","meta":{"_acf_changed":false,"footnotes":""},"categories":[644357280],"tags":[71872,644357152,2048247,375508,420,79850,982307],"class_list":["post-4426","post","type-post","status-publish","format-standard","has-post-thumbnail","hentry","category-france","tag-antisemitisme","tag-commentaire","tag-djihad","tag-gauche","tag-islam","tag-laicite","tag-vincent-peillon"],"acf":[],"yoast_head":"<!-- This site is optimized with the Yoast SEO Premium plugin v27.4 (Yoast SEO v27.4) - https:\/\/yoast.com\/product\/yoast-seo-premium-wordpress\/ -->\n<title>Les absurdit\u00e9s de Vincent Peillon, candidat \u00e0 la primaire du PS<\/title>\n<meta name=\"robots\" content=\"index, follow, max-snippet:-1, max-image-preview:large, max-video-preview:-1\" \/>\n<link rel=\"canonical\" href=\"https:\/\/leregardlibre.com\/de\/politik\/frankreich\/die-absurditaten-von-vincent-peillon-als-kandidat-fur-die-vorwahlen-der-ps\/\" \/>\n<meta property=\"og:locale\" content=\"de_DE\" \/>\n<meta property=\"og:type\" content=\"article\" \/>\n<meta property=\"og:title\" content=\"Les absurdit\u00e9s de Vincent Peillon, candidat \u00e0 la primaire du PS\" \/>\n<meta property=\"og:description\" content=\"Quelle infinie d\u00e9ception ces derniers jours en d\u00e9couvrant dans la presse certains\u00a0propos dont on n&#039;aurait jamais soup\u00e7onn\u00e9 qu&#039;ils puissent\u00a0\u00eatre\u00a0prononc\u00e9s par...\" \/>\n<meta property=\"og:url\" content=\"https:\/\/leregardlibre.com\/de\/politik\/frankreich\/die-absurditaten-von-vincent-peillon-als-kandidat-fur-die-vorwahlen-der-ps\/\" \/>\n<meta property=\"og:site_name\" content=\"Le Regard Libre\" \/>\n<meta property=\"article:publisher\" content=\"https:\/\/www.facebook.com\/leregardlibre\/\" \/>\n<meta property=\"article:author\" content=\"https:\/\/www.facebook.com\/jonas.follonier\/\" \/>\n<meta property=\"article:published_time\" content=\"2017-01-08T22:08:50+00:00\" \/>\n<meta property=\"article:modified_time\" content=\"2025-12-13T21:55:07+00:00\" \/>\n<meta property=\"og:image\" content=\"https:\/\/leregardlibre.com\/wp-content\/uploads\/2017\/01\/vincent-peillon-en-2012--flickr.jpg\" \/>\n\t<meta property=\"og:image:width\" content=\"1024\" \/>\n\t<meta property=\"og:image:height\" content=\"620\" \/>\n\t<meta property=\"og:image:type\" content=\"image\/jpeg\" \/>\n<meta name=\"author\" content=\"Jonas Follonier\" \/>\n<meta name=\"twitter:card\" content=\"summary_large_image\" \/>\n<meta name=\"twitter:creator\" content=\"@LeRegardLibre\" \/>\n<meta name=\"twitter:site\" content=\"@LeRegardLibre\" \/>\n<meta name=\"twitter:label1\" content=\"Verfasst von\" \/>\n\t<meta name=\"twitter:data1\" content=\"Jonas Follonier\" \/>\n\t<meta name=\"twitter:label2\" content=\"Gesch\u00e4tzte Lesezeit\" \/>\n\t<meta name=\"twitter:data2\" content=\"4\u00a0Minuten\" \/>\n<script type=\"application\/ld+json\" class=\"yoast-schema-graph\">{\"@context\":\"https:\\\/\\\/schema.org\",\"@graph\":[{\"@type\":\"Article\",\"@id\":\"https:\\\/\\\/leregardlibre.com\\\/politique\\\/france\\\/les-absurdites-de-vincent-peillon-candidat-a-la-primaire-du-ps\\\/#article\",\"isPartOf\":{\"@id\":\"https:\\\/\\\/leregardlibre.com\\\/politique\\\/france\\\/les-absurdites-de-vincent-peillon-candidat-a-la-primaire-du-ps\\\/\"},\"author\":{\"name\":\"Jonas Follonier\",\"@id\":\"https:\\\/\\\/leregardlibre.com\\\/#\\\/schema\\\/person\\\/bfe5aa794a23be71485d60e2d93ec0d2\"},\"headline\":\"Les absurdit\u00e9s de Vincent Peillon, candidat \u00e0 la primaire du PS\",\"datePublished\":\"2017-01-08T22:08:50+00:00\",\"dateModified\":\"2025-12-13T21:55:07+00:00\",\"mainEntityOfPage\":{\"@id\":\"https:\\\/\\\/leregardlibre.com\\\/politique\\\/france\\\/les-absurdites-de-vincent-peillon-candidat-a-la-primaire-du-ps\\\/\"},\"wordCount\":718,\"commentCount\":0,\"publisher\":{\"@id\":\"https:\\\/\\\/leregardlibre.com\\\/#organization\"},\"image\":{\"@id\":\"https:\\\/\\\/leregardlibre.com\\\/politique\\\/france\\\/les-absurdites-de-vincent-peillon-candidat-a-la-primaire-du-ps\\\/#primaryimage\"},\"thumbnailUrl\":\"https:\\\/\\\/leregardlibre.com\\\/wp-content\\\/uploads\\\/2017\\\/01\\\/vincent-peillon-en-2012--flickr.jpg\",\"keywords\":[\"Antis\u00e9mitisme\",\"Commentaire\",\"Djihad\",\"Gauche\",\"Islam\",\"La\u00efcit\u00e9\",\"Vincent Peillon\"],\"articleSection\":[\"France\"],\"inLanguage\":\"de\",\"potentialAction\":[{\"@type\":\"CommentAction\",\"name\":\"Comment\",\"target\":[\"https:\\\/\\\/leregardlibre.com\\\/politique\\\/france\\\/les-absurdites-de-vincent-peillon-candidat-a-la-primaire-du-ps\\\/#respond\"]}]},{\"@type\":\"WebPage\",\"@id\":\"https:\\\/\\\/leregardlibre.com\\\/politique\\\/france\\\/les-absurdites-de-vincent-peillon-candidat-a-la-primaire-du-ps\\\/\",\"url\":\"https:\\\/\\\/leregardlibre.com\\\/politique\\\/france\\\/les-absurdites-de-vincent-peillon-candidat-a-la-primaire-du-ps\\\/\",\"name\":\"Les absurdit\u00e9s de Vincent Peillon, candidat \u00e0 la primaire du PS\",\"isPartOf\":{\"@id\":\"https:\\\/\\\/leregardlibre.com\\\/#website\"},\"primaryImageOfPage\":{\"@id\":\"https:\\\/\\\/leregardlibre.com\\\/politique\\\/france\\\/les-absurdites-de-vincent-peillon-candidat-a-la-primaire-du-ps\\\/#primaryimage\"},\"image\":{\"@id\":\"https:\\\/\\\/leregardlibre.com\\\/politique\\\/france\\\/les-absurdites-de-vincent-peillon-candidat-a-la-primaire-du-ps\\\/#primaryimage\"},\"thumbnailUrl\":\"https:\\\/\\\/leregardlibre.com\\\/wp-content\\\/uploads\\\/2017\\\/01\\\/vincent-peillon-en-2012--flickr.jpg\",\"datePublished\":\"2017-01-08T22:08:50+00:00\",\"dateModified\":\"2025-12-13T21:55:07+00:00\",\"breadcrumb\":{\"@id\":\"https:\\\/\\\/leregardlibre.com\\\/politique\\\/france\\\/les-absurdites-de-vincent-peillon-candidat-a-la-primaire-du-ps\\\/#breadcrumb\"},\"inLanguage\":\"de\",\"potentialAction\":[{\"@type\":\"ReadAction\",\"target\":[\"https:\\\/\\\/leregardlibre.com\\\/politique\\\/france\\\/les-absurdites-de-vincent-peillon-candidat-a-la-primaire-du-ps\\\/\"]}]},{\"@type\":\"ImageObject\",\"inLanguage\":\"de\",\"@id\":\"https:\\\/\\\/leregardlibre.com\\\/politique\\\/france\\\/les-absurdites-de-vincent-peillon-candidat-a-la-primaire-du-ps\\\/#primaryimage\",\"url\":\"https:\\\/\\\/leregardlibre.com\\\/wp-content\\\/uploads\\\/2017\\\/01\\\/vincent-peillon-en-2012--flickr.jpg\",\"contentUrl\":\"https:\\\/\\\/leregardlibre.com\\\/wp-content\\\/uploads\\\/2017\\\/01\\\/vincent-peillon-en-2012--flickr.jpg\",\"width\":1024,\"height\":620,\"caption\":\"Le socialiste fran\u00e7ais Vincent Peillon en 2012 \u00a9 Flickr\"},{\"@type\":\"BreadcrumbList\",\"@id\":\"https:\\\/\\\/leregardlibre.com\\\/politique\\\/france\\\/les-absurdites-de-vincent-peillon-candidat-a-la-primaire-du-ps\\\/#breadcrumb\",\"itemListElement\":[{\"@type\":\"ListItem\",\"position\":1,\"name\":\"Accueil\",\"item\":\"https:\\\/\\\/leregardlibre.com\\\/\"},{\"@type\":\"ListItem\",\"position\":2,\"name\":\"Les absurdit\u00e9s de Vincent Peillon, candidat \u00e0 la primaire du PS\"}]},{\"@type\":\"WebSite\",\"@id\":\"https:\\\/\\\/leregardlibre.com\\\/#website\",\"url\":\"https:\\\/\\\/leregardlibre.com\\\/\",\"name\":\"Le Regard Libre\",\"description\":\"Premier mensuel suisse de d\u00e9bat\",\"publisher\":{\"@id\":\"https:\\\/\\\/leregardlibre.com\\\/#organization\"},\"potentialAction\":[{\"@type\":\"SearchAction\",\"target\":{\"@type\":\"EntryPoint\",\"urlTemplate\":\"https:\\\/\\\/leregardlibre.com\\\/?s={search_term_string}\"},\"query-input\":{\"@type\":\"PropertyValueSpecification\",\"valueRequired\":true,\"valueName\":\"search_term_string\"}}],\"inLanguage\":\"de\"},{\"@type\":\"Organization\",\"@id\":\"https:\\\/\\\/leregardlibre.com\\\/#organization\",\"name\":\"Le Regard Libre\",\"url\":\"https:\\\/\\\/leregardlibre.com\\\/\",\"logo\":{\"@type\":\"ImageObject\",\"inLanguage\":\"de\",\"@id\":\"https:\\\/\\\/leregardlibre.com\\\/#\\\/schema\\\/logo\\\/image\\\/\",\"url\":\"https:\\\/\\\/leregardlibre.com\\\/wp-content\\\/uploads\\\/2025\\\/08\\\/logo-rl-icone-neg.jpeg\",\"contentUrl\":\"https:\\\/\\\/leregardlibre.com\\\/wp-content\\\/uploads\\\/2025\\\/08\\\/logo-rl-icone-neg.jpeg\",\"width\":557,\"height\":556,\"caption\":\"Le Regard Libre\"},\"image\":{\"@id\":\"https:\\\/\\\/leregardlibre.com\\\/#\\\/schema\\\/logo\\\/image\\\/\"},\"sameAs\":[\"https:\\\/\\\/www.facebook.com\\\/leregardlibre\\\/\",\"https:\\\/\\\/x.com\\\/LeRegardLibre\",\"https:\\\/\\\/www.linkedin.com\\\/company\\\/le-regard-libre\",\"https:\\\/\\\/www.instagram.com\\\/leregardlibre\\\/\",\"http:\\\/\\\/t.me\\\/leregardlibre\",\"https:\\\/\\\/youtube.com\\\/channel\\\/UC6HzGPomj1LsUmlz-sJtITQ\"],\"description\":\"Le Regard Libre est un mensuel suisse de d\u00e9bat intellectuel et culturel. Sa r\u00e9daction est jeune, b\u00e9n\u00e9vole, lib\u00e9rale et pluraliste. Le magazine para\u00eet en ligne et sous forme papier. Sa langue est le fran\u00e7ais.\",\"email\":\"redaction@leregardlibre.com\",\"legalName\":\"Le Regard Libre\",\"foundingDate\":\"2014-01-01\",\"numberOfEmployees\":{\"@type\":\"QuantitativeValue\",\"minValue\":\"11\",\"maxValue\":\"50\"},\"publishingPrinciples\":\"https:\\\/\\\/leregardlibre.com\\\/a-propos\\\/notre-manifeste\\\/\",\"ownershipFundingInfo\":\"https:\\\/\\\/leregardlibre.com\\\/mentions-legales\\\/\",\"actionableFeedbackPolicy\":\"https:\\\/\\\/leregardlibre.com\\\/conditions-generales-de-vente\\\/\"},{\"@type\":\"Person\",\"@id\":\"https:\\\/\\\/leregardlibre.com\\\/#\\\/schema\\\/person\\\/bfe5aa794a23be71485d60e2d93ec0d2\",\"name\":\"Jonas Follonier\",\"image\":{\"@type\":\"ImageObject\",\"inLanguage\":\"de\",\"@id\":\"https:\\\/\\\/secure.gravatar.com\\\/avatar\\\/602060b40f6a458420c2d140f49b6caea99152ce6704f2c332e5a0c5aad80303?s=96&d=identicon&r=g\",\"url\":\"https:\\\/\\\/secure.gravatar.com\\\/avatar\\\/602060b40f6a458420c2d140f49b6caea99152ce6704f2c332e5a0c5aad80303?s=96&d=identicon&r=g\",\"contentUrl\":\"https:\\\/\\\/secure.gravatar.com\\\/avatar\\\/602060b40f6a458420c2d140f49b6caea99152ce6704f2c332e5a0c5aad80303?s=96&d=identicon&r=g\",\"caption\":\"Jonas Follonier\"},\"description\":\"Correspondant au Palais f\u00e9d\u00e9ral pour \u00abL\u2019Agefi\u00bb, auteur-compositeur-interpr\u00e8te et essayiste, Jonas Follonier est le fondateur et r\u00e9dacteur en chef du \u00abRegard Libre\u00bb.\",\"sameAs\":[\"https:\\\/\\\/www.facebook.com\\\/jonas.follonier\\\/\",\"https:\\\/\\\/www.instagram.com\\\/jonasfollonier\\\/\",\"https:\\\/\\\/www.linkedin.com\\\/in\\\/jonasfollonier\\\/\",\"https:\\\/\\\/fr.wikipedia.org\\\/wiki\\\/Le_Regard_libre\"],\"url\":\"https:\\\/\\\/leregardlibre.com\\\/de\\\/author\\\/jonas-follonier\\\/\"}]}<\/script>\n<!-- \/ Yoast SEO Premium plugin. -->","yoast_head_json":{"title":"Die Absurdit\u00e4ten von Vincent Peillon, Kandidat bei der Vorwahl der PS","robots":{"index":"index","follow":"follow","max-snippet":"max-snippet:-1","max-image-preview":"max-image-preview:large","max-video-preview":"max-video-preview:-1"},"canonical":"https:\/\/leregardlibre.com\/de\/politik\/frankreich\/die-absurditaten-von-vincent-peillon-als-kandidat-fur-die-vorwahlen-der-ps\/","og_locale":"de_DE","og_type":"article","og_title":"Les absurdit\u00e9s de Vincent Peillon, candidat \u00e0 la primaire du PS","og_description":"Quelle infinie d\u00e9ception ces derniers jours en d\u00e9couvrant dans la presse certains\u00a0propos dont on n'aurait jamais soup\u00e7onn\u00e9 qu'ils puissent\u00a0\u00eatre\u00a0prononc\u00e9s par...","og_url":"https:\/\/leregardlibre.com\/de\/politik\/frankreich\/die-absurditaten-von-vincent-peillon-als-kandidat-fur-die-vorwahlen-der-ps\/","og_site_name":"Le Regard Libre","article_publisher":"https:\/\/www.facebook.com\/leregardlibre\/","article_author":"https:\/\/www.facebook.com\/jonas.follonier\/","article_published_time":"2017-01-08T22:08:50+00:00","article_modified_time":"2025-12-13T21:55:07+00:00","og_image":[{"width":1024,"height":620,"url":"https:\/\/leregardlibre.com\/wp-content\/uploads\/2017\/01\/vincent-peillon-en-2012--flickr.jpg","type":"image\/jpeg"}],"author":"Jonas Follonier","twitter_card":"summary_large_image","twitter_creator":"@LeRegardLibre","twitter_site":"@LeRegardLibre","twitter_misc":{"Verfasst von":"Jonas Follonier","Gesch\u00e4tzte Lesezeit":"4\u00a0Minuten"},"schema":{"@context":"https:\/\/schema.org","@graph":[{"@type":"Article","@id":"https:\/\/leregardlibre.com\/politique\/france\/les-absurdites-de-vincent-peillon-candidat-a-la-primaire-du-ps\/#article","isPartOf":{"@id":"https:\/\/leregardlibre.com\/politique\/france\/les-absurdites-de-vincent-peillon-candidat-a-la-primaire-du-ps\/"},"author":{"name":"Jonas Follonier","@id":"https:\/\/leregardlibre.com\/#\/schema\/person\/bfe5aa794a23be71485d60e2d93ec0d2"},"headline":"Les absurdit\u00e9s de Vincent Peillon, candidat \u00e0 la primaire du PS","datePublished":"2017-01-08T22:08:50+00:00","dateModified":"2025-12-13T21:55:07+00:00","mainEntityOfPage":{"@id":"https:\/\/leregardlibre.com\/politique\/france\/les-absurdites-de-vincent-peillon-candidat-a-la-primaire-du-ps\/"},"wordCount":718,"commentCount":0,"publisher":{"@id":"https:\/\/leregardlibre.com\/#organization"},"image":{"@id":"https:\/\/leregardlibre.com\/politique\/france\/les-absurdites-de-vincent-peillon-candidat-a-la-primaire-du-ps\/#primaryimage"},"thumbnailUrl":"https:\/\/leregardlibre.com\/wp-content\/uploads\/2017\/01\/vincent-peillon-en-2012--flickr.jpg","keywords":["Antis\u00e9mitisme","Commentaire","Djihad","Gauche","Islam","La\u00efcit\u00e9","Vincent Peillon"],"articleSection":["France"],"inLanguage":"de","potentialAction":[{"@type":"CommentAction","name":"Comment","target":["https:\/\/leregardlibre.com\/politique\/france\/les-absurdites-de-vincent-peillon-candidat-a-la-primaire-du-ps\/#respond"]}]},{"@type":"WebPage","@id":"https:\/\/leregardlibre.com\/politique\/france\/les-absurdites-de-vincent-peillon-candidat-a-la-primaire-du-ps\/","url":"https:\/\/leregardlibre.com\/politique\/france\/les-absurdites-de-vincent-peillon-candidat-a-la-primaire-du-ps\/","name":"Die Absurdit\u00e4ten von Vincent Peillon, Kandidat bei der Vorwahl der PS","isPartOf":{"@id":"https:\/\/leregardlibre.com\/#website"},"primaryImageOfPage":{"@id":"https:\/\/leregardlibre.com\/politique\/france\/les-absurdites-de-vincent-peillon-candidat-a-la-primaire-du-ps\/#primaryimage"},"image":{"@id":"https:\/\/leregardlibre.com\/politique\/france\/les-absurdites-de-vincent-peillon-candidat-a-la-primaire-du-ps\/#primaryimage"},"thumbnailUrl":"https:\/\/leregardlibre.com\/wp-content\/uploads\/2017\/01\/vincent-peillon-en-2012--flickr.jpg","datePublished":"2017-01-08T22:08:50+00:00","dateModified":"2025-12-13T21:55:07+00:00","breadcrumb":{"@id":"https:\/\/leregardlibre.com\/politique\/france\/les-absurdites-de-vincent-peillon-candidat-a-la-primaire-du-ps\/#breadcrumb"},"inLanguage":"de","potentialAction":[{"@type":"ReadAction","target":["https:\/\/leregardlibre.com\/politique\/france\/les-absurdites-de-vincent-peillon-candidat-a-la-primaire-du-ps\/"]}]},{"@type":"ImageObject","inLanguage":"de","@id":"https:\/\/leregardlibre.com\/politique\/france\/les-absurdites-de-vincent-peillon-candidat-a-la-primaire-du-ps\/#primaryimage","url":"https:\/\/leregardlibre.com\/wp-content\/uploads\/2017\/01\/vincent-peillon-en-2012--flickr.jpg","contentUrl":"https:\/\/leregardlibre.com\/wp-content\/uploads\/2017\/01\/vincent-peillon-en-2012--flickr.jpg","width":1024,"height":620,"caption":"Le socialiste fran\u00e7ais Vincent Peillon en 2012 \u00a9 Flickr"},{"@type":"BreadcrumbList","@id":"https:\/\/leregardlibre.com\/politique\/france\/les-absurdites-de-vincent-peillon-candidat-a-la-primaire-du-ps\/#breadcrumb","itemListElement":[{"@type":"ListItem","position":1,"name":"Accueil","item":"https:\/\/leregardlibre.com\/"},{"@type":"ListItem","position":2,"name":"Les absurdit\u00e9s de Vincent Peillon, candidat \u00e0 la primaire du PS"}]},{"@type":"WebSite","@id":"https:\/\/leregardlibre.com\/#website","url":"https:\/\/leregardlibre.com\/","name":"Le Regard Libre","description":"Erste Schweizer Monatszeitschrift f\u00fcr Debatten","publisher":{"@id":"https:\/\/leregardlibre.com\/#organization"},"potentialAction":[{"@type":"SearchAction","target":{"@type":"EntryPoint","urlTemplate":"https:\/\/leregardlibre.com\/?s={search_term_string}"},"query-input":{"@type":"PropertyValueSpecification","valueRequired":true,"valueName":"search_term_string"}}],"inLanguage":"de"},{"@type":"Organization","@id":"https:\/\/leregardlibre.com\/#organization","name":"Le Regard Libre","url":"https:\/\/leregardlibre.com\/","logo":{"@type":"ImageObject","inLanguage":"de","@id":"https:\/\/leregardlibre.com\/#\/schema\/logo\/image\/","url":"https:\/\/leregardlibre.com\/wp-content\/uploads\/2025\/08\/logo-rl-icone-neg.jpeg","contentUrl":"https:\/\/leregardlibre.com\/wp-content\/uploads\/2025\/08\/logo-rl-icone-neg.jpeg","width":557,"height":556,"caption":"Le Regard Libre"},"image":{"@id":"https:\/\/leregardlibre.com\/#\/schema\/logo\/image\/"},"sameAs":["https:\/\/www.facebook.com\/leregardlibre\/","https:\/\/x.com\/LeRegardLibre","https:\/\/www.linkedin.com\/company\/le-regard-libre","https:\/\/www.instagram.com\/leregardlibre\/","http:\/\/t.me\/leregardlibre","https:\/\/youtube.com\/channel\/UC6HzGPomj1LsUmlz-sJtITQ"],"description":"Le Regard Libre ist eine Schweizer Monatszeitschrift f\u00fcr intellektuelle und kulturelle Debatten. Seine Redaktion ist jung, ehrenamtlich, liberal und pluralistisch. Das Magazin erscheint online und in gedruckter Form. Seine Sprache ist Franz\u00f6sisch.","email":"redaction@leregardlibre.com","legalName":"Le Regard Libre","foundingDate":"2014-01-01","numberOfEmployees":{"@type":"QuantitativeValue","minValue":"11","maxValue":"50"},"publishingPrinciples":"https:\/\/leregardlibre.com\/a-propos\/notre-manifeste\/","ownershipFundingInfo":"https:\/\/leregardlibre.com\/mentions-legales\/","actionableFeedbackPolicy":"https:\/\/leregardlibre.com\/conditions-generales-de-vente\/"},{"@type":"Person","@id":"https:\/\/leregardlibre.com\/#\/schema\/person\/bfe5aa794a23be71485d60e2d93ec0d2","name":"Jonas Follonier","image":{"@type":"ImageObject","inLanguage":"de","@id":"https:\/\/secure.gravatar.com\/avatar\/602060b40f6a458420c2d140f49b6caea99152ce6704f2c332e5a0c5aad80303?s=96&d=identicon&r=g","url":"https:\/\/secure.gravatar.com\/avatar\/602060b40f6a458420c2d140f49b6caea99152ce6704f2c332e5a0c5aad80303?s=96&d=identicon&r=g","contentUrl":"https:\/\/secure.gravatar.com\/avatar\/602060b40f6a458420c2d140f49b6caea99152ce6704f2c332e5a0c5aad80303?s=96&d=identicon&r=g","caption":"Jonas Follonier"},"description":"Bundeshauskorrespondent f\u00fcr \u00abL'Agefi\u00bb, Singer-Songwriter, Jonas Follonier ist Gr\u00fcnder und Chefredakteur von \u00abRegard Libre\u00bb.","sameAs":["https:\/\/www.facebook.com\/jonas.follonier\/","https:\/\/www.instagram.com\/jonasfollonier\/","https:\/\/www.linkedin.com\/in\/jonasfollonier\/","https:\/\/fr.wikipedia.org\/wiki\/Le_Regard_libre"],"url":"https:\/\/leregardlibre.com\/de\/author\/jonas-follonier\/"}]}},"_links":{"self":[{"href":"https:\/\/leregardlibre.com\/de\/wp-json\/wp\/v2\/posts\/4426","targetHints":{"allow":["GET"]}}],"collection":[{"href":"https:\/\/leregardlibre.com\/de\/wp-json\/wp\/v2\/posts"}],"about":[{"href":"https:\/\/leregardlibre.com\/de\/wp-json\/wp\/v2\/types\/post"}],"author":[{"embeddable":true,"href":"https:\/\/leregardlibre.com\/de\/wp-json\/wp\/v2\/users\/138"}],"replies":[{"embeddable":true,"href":"https:\/\/leregardlibre.com\/de\/wp-json\/wp\/v2\/comments?post=4426"}],"version-history":[{"count":2,"href":"https:\/\/leregardlibre.com\/de\/wp-json\/wp\/v2\/posts\/4426\/revisions"}],"predecessor-version":[{"id":517049,"href":"https:\/\/leregardlibre.com\/de\/wp-json\/wp\/v2\/posts\/4426\/revisions\/517049"}],"wp:featuredmedia":[{"embeddable":true,"href":"https:\/\/leregardlibre.com\/de\/wp-json\/wp\/v2\/media\/517046"}],"wp:attachment":[{"href":"https:\/\/leregardlibre.com\/de\/wp-json\/wp\/v2\/media?parent=4426"}],"wp:term":[{"taxonomy":"category","embeddable":true,"href":"https:\/\/leregardlibre.com\/de\/wp-json\/wp\/v2\/categories?post=4426"},{"taxonomy":"post_tag","embeddable":true,"href":"https:\/\/leregardlibre.com\/de\/wp-json\/wp\/v2\/tags?post=4426"}],"curies":[{"name":"wp","href":"https:\/\/api.w.org\/{rel}","templated":true}]}}