{"id":44547,"date":"2021-12-30T06:00:00","date_gmt":"2021-12-30T05:00:00","guid":{"rendered":"https:\/\/leregardlibre.com\/?p=44547"},"modified":"2022-09-04T10:21:42","modified_gmt":"2022-09-04T08:21:42","slug":"schopenhauer-verbitterter-pessimist","status":"publish","type":"post","link":"https:\/\/leregardlibre.com\/de\/philosophie\/schopenhauer-verbitterter-pessimist\/","title":{"rendered":"Schopenhauer, ein verbitterter Pessimist?"},"content":{"rendered":"<div class='content_excerpt'>\n<p>Le Regard Libre Nr. 80 - Danilo Heyer<\/p>\n\n\n\n<p>Serie \u00abVorurteile gegen\u00fcber Philosophen\u00bb, Episode #5<\/p>\n\n\n\n<p class=\"has-drop-cap\"><strong>Oft h\u00f6rt man den Satz: \u00abMan darf weder Pessimist noch Optimist sein, sondern muss realistisch sein. Das stimmt, wir sollten die Zukunft nicht besch\u00f6nigen. Diese Haltung ist jedoch unzureichend, wenn man wissen will, ob die Welt grunds\u00e4tzlich gut oder schlecht ist, ob das Leben lebenswert ist und ob das Leben gerechtfertigt werden kann. Um dies zu tun, m\u00fcsste man ein metaphysisches Urteil f\u00e4llen, wozu dieser Realismus nicht in der Lage ist. Arthur Schopenhauer, ein deutscher Philosoph des 19. Jahrhunderts, ist vor allem f\u00fcr seinen radikalen Pessimismus bekannt. Hat er der Welt jedoch nur eine verbitterte Philosophie geschenkt, wie manchmal behauptet wird? Eine aufmerksame Lekt\u00fcre offenbart eine erstaunliche Mischung aus Pessimismus und Optimismus inmitten einer praktischen Philosophie, die sich als klar und hilfreich erweist p\n    <div class='restricted_content_fade'><\/div>\n    <\/div>\n  <style>\n    .content_excerpt{\n      position: relative;\n    }\n    .content_excerpt .restricted_content_fade{\n      position: absolute;\n      bottom: 0;\n      left: 0;\n      right: 0;\n      height: 75px;\n\t  margin-bottom: 0px;\n      background-image: linear-gradient(#ffffff2e, white);\n    }\n\n    .restricted_content{\n      margin-top: 30px;\n      border: solid #dddddd 1px;\n      border-radius: 7px;\n      padding: 30px;\n    }\n    \n    .restricted_content .restricted_content_title{\n      font-size: 22px;\n      font-weight: 600;\n    }\n    .restricted_content .restricted_content_flex_row{\n      display: flex;\n      flex-direction: row;\n    }\n    .restricted_content .restricted_content_image_container{\n      flex: 3;\n    }\n    .restricted_content .restricted_content_flex_column{\n      flex: 4;\n      display: flex;\n      flex-direction: column;\n      margin-left: 40px;\n      justify-content: center;\n    }\n\n\n    .restricted_content_buttons{\n      display: flex;\n      flex-direction: column;\n      width: min-content;\n    }\n    .restricted_content_button{\n      background-color: #f2f2f2;\n      text-transform: uppercase;\n      font-weight: 600;\n      padding: 8px 40px;\n      text-align: center;\n      font-size: 13px;\n      margin-top: 10px;\n      width: max-content;\n      width: 100%;\n      white-space: nowrap;\n    }\n    .restricted_content_button:hover {\n      background-color: #111111;\n      color: white;\n      text-decoration: none !important;\n    }\n\n    .restricted_content_primary_button{\n      background-color: #1F2A68 !important;\n      color: white !important;\n    }\n    .restricted_content_primary_button:hover {\n      background-color: #111111;\n    }\n\n    .restricted_content_text{\n      margin-bottom: 10px;\n      line-height: 1.2;\n      font-weight: 500;\n      font-size: 16px;\n    }\n\n  \n  <\/style>\n  <div class='restricted_content'>\n    <h3 class='restricted_content_title'>Dieser Inhalt ist unseren Abonnenten vorbehalten.<\/h3>\n    <div class='restricted_content_flex_row'>\n      <div class='restricted_content_image_container'>\n        <img class='restricted_content_image' src='\/wp-content\/uploads\/2025\/08\/abo_physique.png' \/>\n      <\/div>\n      <div class='restricted_content_flex_column'>\n        <div class='restricted_content_text'>Wenn Sie ein Konto haben, loggen Sie sich ein. Ansonsten entdecken Sie unsere verschiedenen Abonnements und erstellen Sie ein Konto ab CHF 2.50 im ersten Monat.<\/div>\n        <div class='restricted_content_buttons'>\n          <a href='\/de\/abonnement\/' class='restricted_content_button restricted_content_primary_button'>Abonnements ansehen<\/a><a href='\/de\/mein-konto\/?redirect_to=https:\/\/leregardlibre.com\/de\/philosophie\/schopenhauer-verbitterter-pessimist\/'class='restricted_content_button'>Sich anmelden<\/a><\/div>\n      <\/div>\n    <\/div>\n  <\/div>","protected":false},"excerpt":{"rendered":"<div class='content_excerpt'>\n<p>Le Regard Libre Nr. 80 - Danilo Heyer<\/p>\n<p>Serie \u00abVorurteile gegen\u00fcber Philosophen\u00bb, Episode #5<\/p>\n<p class=\"has-drop-cap\"><strong>Oft h\u00f6rt man den Satz: \u00abMan darf weder Pessimist noch Optimist sein, sondern muss realistisch sein. Das stimmt, wir sollten die Zukunft nicht besch\u00f6nigen. Diese Haltung ist jedoch unzureichend, wenn man wissen will, ob die Welt grunds\u00e4tzlich gut oder schlecht ist, ob das Leben lebenswert ist und ob das Leben gerechtfertigt werden kann. Um dies zu tun, m\u00fcsste man ein metaphysisches Urteil f\u00e4llen, wozu dieser Realismus nicht in der Lage ist. Arthur Schopenhauer, ein deutscher Philosoph des 19. Jahrhunderts, ist vor allem f\u00fcr seinen radikalen Pessimismus bekannt. Hat er der Welt jedoch nur eine verbitterte Philosophie geschenkt, wie manchmal behauptet wird? Eine aufmerksame Lekt\u00fcre offenbart eine erstaunliche Mischung aus Pessimismus und Optimismus inmitten einer praktischen Philosophie, die sich als klar und hilfreich erweist p<\/p>\n<div class='restricted_content_fade'><\/div>\n<\/p><\/div>\n<style>\n    .content_excerpt{\n      position: relative;\n    }\n    .content_excerpt .restricted_content_fade{\n      position: absolute;\n      bottom: 0;\n      left: 0;\n      right: 0;\n      height: 75px;\n\t  margin-bottom: 0px;\n      background-image: linear-gradient(#ffffff2e, white);\n    }<\/p>\n<p>    .restricted_content{\n      margin-top: 30px;\n      border: solid #dddddd 1px;\n      border-radius: 7px;\n      padding: 30px;\n    }<\/p>\n<p>    .restricted_content .restricted_content_title{\n      font-size: 22px;\n      font-weight: 600;\n    }\n    .restricted_content .restricted_content_flex_row{\n      display: flex;\n      flex-direction: row;\n    }\n    .restricted_content .restricted_content_image_container{\n      flex: 3;\n    }\n    .restricted_content .restricted_content_flex_column{\n      flex: 4;\n      display: flex;\n      flex-direction: column;\n      margin-left: 40px;\n      justify-content: center;\n    }<\/p>\n<p>    .restricted_content_buttons{\n      display: flex;\n      flex-direction: column;\n      width: min-content;\n    }\n    .restricted_content_button{\n      background-color: #f2f2f2;\n      text-transform: uppercase;\n      font-weight: 600;\n      padding: 8px 40px;\n      text-align: center;\n      font-size: 13px;\n      margin-top: 10px;\n      width: max-content;\n      width: 100%;\n      white-space: nowrap;\n    }\n    .restricted_content_button:hover {\n      background-color: #111111;\n      color: white;\n      text-decoration: none !important;\n    }<\/p>\n<p>    .restricted_content_primary_button{\n      background-color: #1F2A68 !important;\n      color: white !important;\n    }\n    .restricted_content_primary_button:hover {\n      background-color: #111111;\n    }<\/p>\n<p>    .restricted_content_text{\n      margin-bottom: 10px;\n      line-height: 1.2;\n      font-weight: 500;\n      font-size: 16px;\n    }<\/p>\n<\/style>\n<div class='restricted_content'>\n<h3 class='restricted_content_title'>Dieser Inhalt ist unseren Abonnenten vorbehalten.<\/h3>\n<div class='restricted_content_flex_row'>\n<div class='restricted_content_image_container'>\n        <img class='restricted_content_image' src='\/wp-content\/uploads\/2025\/08\/abo_physique.png' \/>\n      <\/div>\n<div class='restricted_content_flex_column'>\n<div class='restricted_content_text'>Wenn Sie ein Konto haben, loggen Sie sich ein. Ansonsten entdecken Sie unsere verschiedenen Abonnements und erstellen Sie ein Konto ab CHF 2.50 im ersten Monat.<\/div>\n<div class='restricted_content_buttons'>\n          <a href='\/de\/abonnement\/' class='restricted_content_button restricted_content_primary_button'>Abonnements ansehen<\/a><a href='\/de\/mein-konto\/?redirect_to=https:\/\/leregardlibre.com\/de\/philosophie\/schopenhauer-verbitterter-pessimist\/'class='restricted_content_button'>Sich anmelden<\/a><\/div>\n<\/p><\/div>\n<\/p><\/div>\n<\/p><\/div>","protected":false},"author":96,"featured_media":44559,"comment_status":"open","ping_status":"closed","sticky":false,"template":"","format":"standard","meta":{"_acf_changed":false,"footnotes":""},"categories":[11566],"tags":[644357162,492454,644357161,644356912],"class_list":["post-44547","post","type-post","status-publish","format-standard","has-post-thumbnail","hentry","category-philosophie","tag-art-detre-heureux","tag-arthur-schopenhauer","tag-eudemonolgie","tag-les-prejuges-a-legard-des-philosophes","membership-content","access-restricted"],"acf":[],"yoast_head":"<!-- This site is optimized with the Yoast SEO Premium plugin v27.4 (Yoast SEO v27.4) - https:\/\/yoast.com\/product\/yoast-seo-premium-wordpress\/ -->\n<title>Schopenhauer, pessimiste aigri? | Le Regard Libre<\/title>\n<meta name=\"description\" content=\"Arthur Schopenhauer est surtout connu pour son pessimisme radical. Mais une lecture attentive de l&#039;auteur r\u00e9v\u00e8le une tout autre philosophie.\" \/>\n<meta name=\"robots\" content=\"index, follow, max-snippet:-1, max-image-preview:large, max-video-preview:-1\" \/>\n<link rel=\"canonical\" href=\"https:\/\/leregardlibre.com\/de\/philosophie\/schopenhauer-verbitterter-pessimist\/\" \/>\n<meta property=\"og:locale\" content=\"de_DE\" \/>\n<meta property=\"og:type\" content=\"article\" \/>\n<meta property=\"og:title\" content=\"Schopenhauer, pessimiste\u00a0aigri?\" \/>\n<meta property=\"og:description\" content=\"Arthur Schopenhauer est surtout connu pour son pessimisme radical. Mais une lecture attentive de l&#039;auteur r\u00e9v\u00e8le une tout autre philosophie.\" \/>\n<meta property=\"og:url\" content=\"https:\/\/leregardlibre.com\/de\/philosophie\/schopenhauer-verbitterter-pessimist\/\" \/>\n<meta property=\"og:site_name\" content=\"Le Regard Libre\" \/>\n<meta property=\"article:publisher\" content=\"https:\/\/www.facebook.com\/leregardlibre\/\" \/>\n<meta property=\"article:published_time\" content=\"2021-12-30T05:00:00+00:00\" \/>\n<meta property=\"article:modified_time\" content=\"2022-09-04T08:21:42+00:00\" \/>\n<meta property=\"og:image\" content=\"https:\/\/leregardlibre.com\/wp-content\/uploads\/2021\/12\/Schopenhauer-\u00a9-Wikimedia-CC0.-1.0-165415499-1640721782499-1024x683.png\" \/>\n\t<meta property=\"og:image:width\" content=\"1024\" \/>\n\t<meta property=\"og:image:height\" content=\"683\" \/>\n\t<meta property=\"og:image:type\" content=\"image\/png\" \/>\n<meta name=\"author\" content=\"Danilo Heyer\" \/>\n<meta name=\"twitter:card\" content=\"summary_large_image\" \/>\n<meta name=\"twitter:creator\" content=\"@LeRegardLibre\" \/>\n<meta name=\"twitter:site\" content=\"@LeRegardLibre\" \/>\n<meta name=\"twitter:label1\" content=\"Verfasst von\" \/>\n\t<meta name=\"twitter:data1\" content=\"Danilo Heyer\" \/>\n\t<meta name=\"twitter:label2\" content=\"Gesch\u00e4tzte Lesezeit\" \/>\n\t<meta name=\"twitter:data2\" content=\"6\u00a0Minuten\" \/>\n<script type=\"application\/ld+json\" class=\"yoast-schema-graph\">{\"@context\":\"https:\\\/\\\/schema.org\",\"@graph\":[{\"@type\":\"Article\",\"@id\":\"https:\\\/\\\/leregardlibre.com\\\/philosophie\\\/schopenhauer-pessimiste-aigri\\\/#article\",\"isPartOf\":{\"@id\":\"https:\\\/\\\/leregardlibre.com\\\/philosophie\\\/schopenhauer-pessimiste-aigri\\\/\"},\"author\":{\"name\":\"Danilo Heyer\",\"@id\":\"https:\\\/\\\/leregardlibre.com\\\/#\\\/schema\\\/person\\\/a7ed971e5ac904f89000f342b077bbc5\"},\"headline\":\"Schopenhauer, pessimiste\u00a0aigri?\",\"datePublished\":\"2021-12-30T05:00:00+00:00\",\"dateModified\":\"2022-09-04T08:21:42+00:00\",\"mainEntityOfPage\":{\"@id\":\"https:\\\/\\\/leregardlibre.com\\\/philosophie\\\/schopenhauer-pessimiste-aigri\\\/\"},\"wordCount\":1319,\"commentCount\":0,\"publisher\":{\"@id\":\"https:\\\/\\\/leregardlibre.com\\\/#organization\"},\"image\":{\"@id\":\"https:\\\/\\\/leregardlibre.com\\\/philosophie\\\/schopenhauer-pessimiste-aigri\\\/#primaryimage\"},\"thumbnailUrl\":\"https:\\\/\\\/leregardlibre.com\\\/wp-content\\\/uploads\\\/2021\\\/12\\\/Schopenhauer-\u00a9-Wikimedia-CC0.-1.0-165415499-1640721782499.png\",\"keywords\":[\"art d&#039;\u00eatre heureux\",\"arthur schopenhauer\",\"eud\u00e9monolgie\",\"Les pr\u00e9jug\u00e9s \u00e0 l\u2019\u00e9gard des philosophes\"],\"articleSection\":[\"Philosophie\"],\"inLanguage\":\"de\",\"potentialAction\":[{\"@type\":\"CommentAction\",\"name\":\"Comment\",\"target\":[\"https:\\\/\\\/leregardlibre.com\\\/philosophie\\\/schopenhauer-pessimiste-aigri\\\/#respond\"]}]},{\"@type\":\"WebPage\",\"@id\":\"https:\\\/\\\/leregardlibre.com\\\/philosophie\\\/schopenhauer-pessimiste-aigri\\\/\",\"url\":\"https:\\\/\\\/leregardlibre.com\\\/philosophie\\\/schopenhauer-pessimiste-aigri\\\/\",\"name\":\"Schopenhauer, pessimiste aigri? | Le Regard Libre\",\"isPartOf\":{\"@id\":\"https:\\\/\\\/leregardlibre.com\\\/#website\"},\"primaryImageOfPage\":{\"@id\":\"https:\\\/\\\/leregardlibre.com\\\/philosophie\\\/schopenhauer-pessimiste-aigri\\\/#primaryimage\"},\"image\":{\"@id\":\"https:\\\/\\\/leregardlibre.com\\\/philosophie\\\/schopenhauer-pessimiste-aigri\\\/#primaryimage\"},\"thumbnailUrl\":\"https:\\\/\\\/leregardlibre.com\\\/wp-content\\\/uploads\\\/2021\\\/12\\\/Schopenhauer-\u00a9-Wikimedia-CC0.-1.0-165415499-1640721782499.png\",\"datePublished\":\"2021-12-30T05:00:00+00:00\",\"dateModified\":\"2022-09-04T08:21:42+00:00\",\"description\":\"Arthur Schopenhauer est surtout connu pour son pessimisme radical. Mais une lecture attentive de l'auteur r\u00e9v\u00e8le une tout autre philosophie.\",\"breadcrumb\":{\"@id\":\"https:\\\/\\\/leregardlibre.com\\\/philosophie\\\/schopenhauer-pessimiste-aigri\\\/#breadcrumb\"},\"inLanguage\":\"de\",\"potentialAction\":[{\"@type\":\"ReadAction\",\"target\":[\"https:\\\/\\\/leregardlibre.com\\\/philosophie\\\/schopenhauer-pessimiste-aigri\\\/\"]}]},{\"@type\":\"ImageObject\",\"inLanguage\":\"de\",\"@id\":\"https:\\\/\\\/leregardlibre.com\\\/philosophie\\\/schopenhauer-pessimiste-aigri\\\/#primaryimage\",\"url\":\"https:\\\/\\\/leregardlibre.com\\\/wp-content\\\/uploads\\\/2021\\\/12\\\/Schopenhauer-\u00a9-Wikimedia-CC0.-1.0-165415499-1640721782499.png\",\"contentUrl\":\"https:\\\/\\\/leregardlibre.com\\\/wp-content\\\/uploads\\\/2021\\\/12\\\/Schopenhauer-\u00a9-Wikimedia-CC0.-1.0-165415499-1640721782499.png\",\"width\":2144,\"height\":1429},{\"@type\":\"BreadcrumbList\",\"@id\":\"https:\\\/\\\/leregardlibre.com\\\/philosophie\\\/schopenhauer-pessimiste-aigri\\\/#breadcrumb\",\"itemListElement\":[{\"@type\":\"ListItem\",\"position\":1,\"name\":\"Accueil\",\"item\":\"https:\\\/\\\/leregardlibre.com\\\/\"},{\"@type\":\"ListItem\",\"position\":2,\"name\":\"Schopenhauer, pessimiste\u00a0aigri?\"}]},{\"@type\":\"WebSite\",\"@id\":\"https:\\\/\\\/leregardlibre.com\\\/#website\",\"url\":\"https:\\\/\\\/leregardlibre.com\\\/\",\"name\":\"Le Regard Libre\",\"description\":\"Premier mensuel suisse de d\u00e9bat\",\"publisher\":{\"@id\":\"https:\\\/\\\/leregardlibre.com\\\/#organization\"},\"potentialAction\":[{\"@type\":\"SearchAction\",\"target\":{\"@type\":\"EntryPoint\",\"urlTemplate\":\"https:\\\/\\\/leregardlibre.com\\\/?s={search_term_string}\"},\"query-input\":{\"@type\":\"PropertyValueSpecification\",\"valueRequired\":true,\"valueName\":\"search_term_string\"}}],\"inLanguage\":\"de\"},{\"@type\":\"Organization\",\"@id\":\"https:\\\/\\\/leregardlibre.com\\\/#organization\",\"name\":\"Le Regard Libre\",\"url\":\"https:\\\/\\\/leregardlibre.com\\\/\",\"logo\":{\"@type\":\"ImageObject\",\"inLanguage\":\"de\",\"@id\":\"https:\\\/\\\/leregardlibre.com\\\/#\\\/schema\\\/logo\\\/image\\\/\",\"url\":\"https:\\\/\\\/leregardlibre.com\\\/wp-content\\\/uploads\\\/2025\\\/08\\\/logo-rl-icone-neg.jpeg\",\"contentUrl\":\"https:\\\/\\\/leregardlibre.com\\\/wp-content\\\/uploads\\\/2025\\\/08\\\/logo-rl-icone-neg.jpeg\",\"width\":557,\"height\":556,\"caption\":\"Le Regard Libre\"},\"image\":{\"@id\":\"https:\\\/\\\/leregardlibre.com\\\/#\\\/schema\\\/logo\\\/image\\\/\"},\"sameAs\":[\"https:\\\/\\\/www.facebook.com\\\/leregardlibre\\\/\",\"https:\\\/\\\/x.com\\\/LeRegardLibre\",\"https:\\\/\\\/www.linkedin.com\\\/company\\\/le-regard-libre\",\"https:\\\/\\\/www.instagram.com\\\/leregardlibre\\\/\",\"http:\\\/\\\/t.me\\\/leregardlibre\",\"https:\\\/\\\/youtube.com\\\/channel\\\/UC6HzGPomj1LsUmlz-sJtITQ\"],\"description\":\"Le Regard Libre est un mensuel suisse de d\u00e9bat intellectuel et culturel. Sa r\u00e9daction est jeune, b\u00e9n\u00e9vole, lib\u00e9rale et pluraliste. Le magazine para\u00eet en ligne et sous forme papier. Sa langue est le fran\u00e7ais.\",\"email\":\"redaction@leregardlibre.com\",\"legalName\":\"Le Regard Libre\",\"foundingDate\":\"2014-01-01\",\"numberOfEmployees\":{\"@type\":\"QuantitativeValue\",\"minValue\":\"11\",\"maxValue\":\"50\"},\"publishingPrinciples\":\"https:\\\/\\\/leregardlibre.com\\\/a-propos\\\/notre-manifeste\\\/\",\"ownershipFundingInfo\":\"https:\\\/\\\/leregardlibre.com\\\/mentions-legales\\\/\",\"actionableFeedbackPolicy\":\"https:\\\/\\\/leregardlibre.com\\\/conditions-generales-de-vente\\\/\"},{\"@type\":\"Person\",\"@id\":\"https:\\\/\\\/leregardlibre.com\\\/#\\\/schema\\\/person\\\/a7ed971e5ac904f89000f342b077bbc5\",\"name\":\"Danilo Heyer\",\"image\":{\"@type\":\"ImageObject\",\"inLanguage\":\"de\",\"@id\":\"https:\\\/\\\/secure.gravatar.com\\\/avatar\\\/ad10c9310144909c0edf0a5b8f3ab878583e04efb0cbd8dddf2d6f4b9678a1ef?s=96&d=identicon&r=g\",\"url\":\"https:\\\/\\\/secure.gravatar.com\\\/avatar\\\/ad10c9310144909c0edf0a5b8f3ab878583e04efb0cbd8dddf2d6f4b9678a1ef?s=96&d=identicon&r=g\",\"contentUrl\":\"https:\\\/\\\/secure.gravatar.com\\\/avatar\\\/ad10c9310144909c0edf0a5b8f3ab878583e04efb0cbd8dddf2d6f4b9678a1ef?s=96&d=identicon&r=g\",\"caption\":\"Danilo Heyer\"},\"sameAs\":[\"https:\\\/\\\/leregardlibre.com\\\/\",\"https:\\\/\\\/fr.wikipedia.org\\\/wiki\\\/Le_Regard_libre\"],\"url\":\"https:\\\/\\\/leregardlibre.com\\\/de\\\/author\\\/daniloheyer\\\/\"}]}<\/script>\n<!-- \/ Yoast SEO Premium plugin. -->","yoast_head_json":{"title":"Schopenhauer, ein verbitterter Pessimist | Le Regard Libre","description":"Arthur Schopenhauer ist vor allem f\u00fcr seinen radikalen Pessimismus bekannt. Doch wenn man den Autor aufmerksam liest, offenbart sich eine ganz andere Philosophie.","robots":{"index":"index","follow":"follow","max-snippet":"max-snippet:-1","max-image-preview":"max-image-preview:large","max-video-preview":"max-video-preview:-1"},"canonical":"https:\/\/leregardlibre.com\/de\/philosophie\/schopenhauer-verbitterter-pessimist\/","og_locale":"de_DE","og_type":"article","og_title":"Schopenhauer, pessimiste\u00a0aigri?","og_description":"Arthur Schopenhauer est surtout connu pour son pessimisme radical. Mais une lecture attentive de l'auteur r\u00e9v\u00e8le une tout autre philosophie.","og_url":"https:\/\/leregardlibre.com\/de\/philosophie\/schopenhauer-verbitterter-pessimist\/","og_site_name":"Le Regard Libre","article_publisher":"https:\/\/www.facebook.com\/leregardlibre\/","article_published_time":"2021-12-30T05:00:00+00:00","article_modified_time":"2022-09-04T08:21:42+00:00","og_image":[{"width":1024,"height":683,"url":"https:\/\/leregardlibre.com\/wp-content\/uploads\/2021\/12\/Schopenhauer-\u00a9-Wikimedia-CC0.-1.0-165415499-1640721782499-1024x683.png","type":"image\/png"}],"author":"Danilo Heyer","twitter_card":"summary_large_image","twitter_creator":"@LeRegardLibre","twitter_site":"@LeRegardLibre","twitter_misc":{"Verfasst von":"Danilo Heyer","Gesch\u00e4tzte Lesezeit":"6\u00a0Minuten"},"schema":{"@context":"https:\/\/schema.org","@graph":[{"@type":"Article","@id":"https:\/\/leregardlibre.com\/philosophie\/schopenhauer-pessimiste-aigri\/#article","isPartOf":{"@id":"https:\/\/leregardlibre.com\/philosophie\/schopenhauer-pessimiste-aigri\/"},"author":{"name":"Danilo Heyer","@id":"https:\/\/leregardlibre.com\/#\/schema\/person\/a7ed971e5ac904f89000f342b077bbc5"},"headline":"Schopenhauer, pessimiste\u00a0aigri?","datePublished":"2021-12-30T05:00:00+00:00","dateModified":"2022-09-04T08:21:42+00:00","mainEntityOfPage":{"@id":"https:\/\/leregardlibre.com\/philosophie\/schopenhauer-pessimiste-aigri\/"},"wordCount":1319,"commentCount":0,"publisher":{"@id":"https:\/\/leregardlibre.com\/#organization"},"image":{"@id":"https:\/\/leregardlibre.com\/philosophie\/schopenhauer-pessimiste-aigri\/#primaryimage"},"thumbnailUrl":"https:\/\/leregardlibre.com\/wp-content\/uploads\/2021\/12\/Schopenhauer-\u00a9-Wikimedia-CC0.-1.0-165415499-1640721782499.png","keywords":["art d&#039;\u00eatre heureux","arthur schopenhauer","eud\u00e9monolgie","Les pr\u00e9jug\u00e9s \u00e0 l\u2019\u00e9gard des philosophes"],"articleSection":["Philosophie"],"inLanguage":"de","potentialAction":[{"@type":"CommentAction","name":"Comment","target":["https:\/\/leregardlibre.com\/philosophie\/schopenhauer-pessimiste-aigri\/#respond"]}]},{"@type":"WebPage","@id":"https:\/\/leregardlibre.com\/philosophie\/schopenhauer-pessimiste-aigri\/","url":"https:\/\/leregardlibre.com\/philosophie\/schopenhauer-pessimiste-aigri\/","name":"Schopenhauer, ein verbitterter Pessimist | Le Regard Libre","isPartOf":{"@id":"https:\/\/leregardlibre.com\/#website"},"primaryImageOfPage":{"@id":"https:\/\/leregardlibre.com\/philosophie\/schopenhauer-pessimiste-aigri\/#primaryimage"},"image":{"@id":"https:\/\/leregardlibre.com\/philosophie\/schopenhauer-pessimiste-aigri\/#primaryimage"},"thumbnailUrl":"https:\/\/leregardlibre.com\/wp-content\/uploads\/2021\/12\/Schopenhauer-\u00a9-Wikimedia-CC0.-1.0-165415499-1640721782499.png","datePublished":"2021-12-30T05:00:00+00:00","dateModified":"2022-09-04T08:21:42+00:00","description":"Arthur Schopenhauer ist vor allem f\u00fcr seinen radikalen Pessimismus bekannt. Doch wenn man den Autor aufmerksam liest, offenbart sich eine ganz andere Philosophie.","breadcrumb":{"@id":"https:\/\/leregardlibre.com\/philosophie\/schopenhauer-pessimiste-aigri\/#breadcrumb"},"inLanguage":"de","potentialAction":[{"@type":"ReadAction","target":["https:\/\/leregardlibre.com\/philosophie\/schopenhauer-pessimiste-aigri\/"]}]},{"@type":"ImageObject","inLanguage":"de","@id":"https:\/\/leregardlibre.com\/philosophie\/schopenhauer-pessimiste-aigri\/#primaryimage","url":"https:\/\/leregardlibre.com\/wp-content\/uploads\/2021\/12\/Schopenhauer-\u00a9-Wikimedia-CC0.-1.0-165415499-1640721782499.png","contentUrl":"https:\/\/leregardlibre.com\/wp-content\/uploads\/2021\/12\/Schopenhauer-\u00a9-Wikimedia-CC0.-1.0-165415499-1640721782499.png","width":2144,"height":1429},{"@type":"BreadcrumbList","@id":"https:\/\/leregardlibre.com\/philosophie\/schopenhauer-pessimiste-aigri\/#breadcrumb","itemListElement":[{"@type":"ListItem","position":1,"name":"Accueil","item":"https:\/\/leregardlibre.com\/"},{"@type":"ListItem","position":2,"name":"Schopenhauer, pessimiste\u00a0aigri?"}]},{"@type":"WebSite","@id":"https:\/\/leregardlibre.com\/#website","url":"https:\/\/leregardlibre.com\/","name":"Le Regard Libre","description":"Erste Schweizer Monatszeitschrift f\u00fcr Debatten","publisher":{"@id":"https:\/\/leregardlibre.com\/#organization"},"potentialAction":[{"@type":"SearchAction","target":{"@type":"EntryPoint","urlTemplate":"https:\/\/leregardlibre.com\/?s={search_term_string}"},"query-input":{"@type":"PropertyValueSpecification","valueRequired":true,"valueName":"search_term_string"}}],"inLanguage":"de"},{"@type":"Organization","@id":"https:\/\/leregardlibre.com\/#organization","name":"Le Regard Libre","url":"https:\/\/leregardlibre.com\/","logo":{"@type":"ImageObject","inLanguage":"de","@id":"https:\/\/leregardlibre.com\/#\/schema\/logo\/image\/","url":"https:\/\/leregardlibre.com\/wp-content\/uploads\/2025\/08\/logo-rl-icone-neg.jpeg","contentUrl":"https:\/\/leregardlibre.com\/wp-content\/uploads\/2025\/08\/logo-rl-icone-neg.jpeg","width":557,"height":556,"caption":"Le Regard Libre"},"image":{"@id":"https:\/\/leregardlibre.com\/#\/schema\/logo\/image\/"},"sameAs":["https:\/\/www.facebook.com\/leregardlibre\/","https:\/\/x.com\/LeRegardLibre","https:\/\/www.linkedin.com\/company\/le-regard-libre","https:\/\/www.instagram.com\/leregardlibre\/","http:\/\/t.me\/leregardlibre","https:\/\/youtube.com\/channel\/UC6HzGPomj1LsUmlz-sJtITQ"],"description":"Le Regard Libre ist eine Schweizer Monatszeitschrift f\u00fcr intellektuelle und kulturelle Debatten. Seine Redaktion ist jung, ehrenamtlich, liberal und pluralistisch. Das Magazin erscheint online und in gedruckter Form. Seine Sprache ist Franz\u00f6sisch.","email":"redaction@leregardlibre.com","legalName":"Le Regard Libre","foundingDate":"2014-01-01","numberOfEmployees":{"@type":"QuantitativeValue","minValue":"11","maxValue":"50"},"publishingPrinciples":"https:\/\/leregardlibre.com\/a-propos\/notre-manifeste\/","ownershipFundingInfo":"https:\/\/leregardlibre.com\/mentions-legales\/","actionableFeedbackPolicy":"https:\/\/leregardlibre.com\/conditions-generales-de-vente\/"},{"@type":"Person","@id":"https:\/\/leregardlibre.com\/#\/schema\/person\/a7ed971e5ac904f89000f342b077bbc5","name":"Danilo Heyer","image":{"@type":"ImageObject","inLanguage":"de","@id":"https:\/\/secure.gravatar.com\/avatar\/ad10c9310144909c0edf0a5b8f3ab878583e04efb0cbd8dddf2d6f4b9678a1ef?s=96&d=identicon&r=g","url":"https:\/\/secure.gravatar.com\/avatar\/ad10c9310144909c0edf0a5b8f3ab878583e04efb0cbd8dddf2d6f4b9678a1ef?s=96&d=identicon&r=g","contentUrl":"https:\/\/secure.gravatar.com\/avatar\/ad10c9310144909c0edf0a5b8f3ab878583e04efb0cbd8dddf2d6f4b9678a1ef?s=96&d=identicon&r=g","caption":"Danilo Heyer"},"sameAs":["https:\/\/leregardlibre.com\/","https:\/\/fr.wikipedia.org\/wiki\/Le_Regard_libre"],"url":"https:\/\/leregardlibre.com\/de\/author\/daniloheyer\/"}]}},"_links":{"self":[{"href":"https:\/\/leregardlibre.com\/de\/wp-json\/wp\/v2\/posts\/44547","targetHints":{"allow":["GET"]}}],"collection":[{"href":"https:\/\/leregardlibre.com\/de\/wp-json\/wp\/v2\/posts"}],"about":[{"href":"https:\/\/leregardlibre.com\/de\/wp-json\/wp\/v2\/types\/post"}],"author":[{"embeddable":true,"href":"https:\/\/leregardlibre.com\/de\/wp-json\/wp\/v2\/users\/96"}],"replies":[{"embeddable":true,"href":"https:\/\/leregardlibre.com\/de\/wp-json\/wp\/v2\/comments?post=44547"}],"version-history":[{"count":1,"href":"https:\/\/leregardlibre.com\/de\/wp-json\/wp\/v2\/posts\/44547\/revisions"}],"predecessor-version":[{"id":511284,"href":"https:\/\/leregardlibre.com\/de\/wp-json\/wp\/v2\/posts\/44547\/revisions\/511284"}],"wp:featuredmedia":[{"embeddable":true,"href":"https:\/\/leregardlibre.com\/de\/wp-json\/wp\/v2\/media\/44559"}],"wp:attachment":[{"href":"https:\/\/leregardlibre.com\/de\/wp-json\/wp\/v2\/media?parent=44547"}],"wp:term":[{"taxonomy":"category","embeddable":true,"href":"https:\/\/leregardlibre.com\/de\/wp-json\/wp\/v2\/categories?post=44547"},{"taxonomy":"post_tag","embeddable":true,"href":"https:\/\/leregardlibre.com\/de\/wp-json\/wp\/v2\/tags?post=44547"}],"curies":[{"name":"wp","href":"https:\/\/api.w.org\/{rel}","templated":true}]}}