{"id":46590,"date":"2022-03-13T17:29:40","date_gmt":"2022-03-13T16:29:40","guid":{"rendered":"https:\/\/leregardlibre.com\/?p=46590"},"modified":"2022-09-04T10:22:57","modified_gmt":"2022-09-04T08:22:57","slug":"gabriele-munter-tout-feu-tout-femme","status":"publish","type":"post","link":"https:\/\/leregardlibre.com\/de\/bildende-kunst\/gabriele-munter-tout-feu-tout-femme\/","title":{"rendered":"Gabriele M\u00fcnter, ganz Feuer, ganz Frau"},"content":{"rendered":"<p class=\"has-drop-cap\"><strong>Gabriele M\u00fcnter a eu le malheur d\u2019\u00eatre la concubine d\u2019un trop grand nom de l\u2019histoire de l\u2019art, le peintre russe Vassily Kandinsky, g\u00e9nial pionnier de l\u2019abstraction. Ce compagnonnage a pour effet qu\u2019on peut imm\u00e9diatement la situer dans une sorte de diaporama de l\u2019art au XX<sup>.<\/sup> si\u00e8cle, mais il la condamne \u00e9galement \u00e0 lutter dans l\u2019ombre d\u2019une trop forte pr\u00e9sence. Elle \u00e9tait pourtant bien plus qu\u2019une amante et une muse, elle fut une peintre et graveuse importante et la gardienne de la m\u00e9moire m\u00eame de l\u2019avant-garde munichoise d\u2019avant 1914 au c\u0153ur de l\u2019Allemagne nazie. Une exposition \u00e0 Berne replace cette artiste en pleine lumi\u00e8re.<\/strong><\/p>\n\n\n\n<!--more Lire la critique (en libre acc\u00e8s)-->\n\n\n\n<p>Nul n\u2019\u00e9tait mieux plac\u00e9 que le <a href=\"https:\/\/www.zpk.org\/fr\/expositions\/actuellement\/gabriele-muenter-pionniere-de-lrart-moderne-1973.html\">centre Paul Klee<\/a> pour accueillir cette exposition monographique. Il faut se souvenir que c\u2019est pr\u00e9cis\u00e9ment dans un m\u00eame environnement que s\u2019\u00e9panouissent les d\u00e9buts de carri\u00e8res d\u2019Alexei von Jawlensky, Vassily Kandinsky, Paul Klee, Gabriele M\u00fcnter et Marianne von Werefkin. Le cadre est celui de Munich, autour de 1910, et la campagne environnante. On trouve des artistes de diff\u00e9rentes origines, plusieurs Russes et des Allemands (Klee n\u2019est alors qu\u2019\u00e0 moiti\u00e9 suisse de naissance et n\u2019a de passeport que l\u2019allemand). Des histoires d\u2019amour se nouent qui se d\u00e9feront par la suite. Le couple Jawlensky-Werefkin se r\u00e9fugiera en Suisse o\u00f9 ils vont se s\u00e9parer. Elle demeure \u00e0 Ascona o\u00f9 l\u2019on peut encore voir ses \u0153uvres aujourd\u2019hui. Seul Klee reste avec sa femme jusqu\u2019\u00e0 sa mort.<\/p>\n\n\n\n<h3 class=\"wp-block-heading\">Une discr\u00e8te fille de bonne famille<\/h3>\n\n\n\n<p>Gabriele M\u00fcnter na\u00eet en 1877 \u00e0 Berlin d\u2019une m\u00e8re am\u00e9ricaine qui d\u00e9c\u00e8de jeune et d\u2019un p\u00e8re allemand. La famille est ais\u00e9e et va toujours soutenir la jeune fille tr\u00e8s ind\u00e9pendante pour avoir couru le monde d\u00e8s son jeune \u00e2ge. Apr\u00e8s le d\u00e9c\u00e8s de sa m\u00e8re, Gabriele fait un long voyage aux USA pour y rencontrer ses cousins. Elle y fait l\u2019acquisition d\u2019un appareil et rapporte des clich\u00e9s du Texas dignes des plus grands westerns. Ces photographies sont pr\u00e9sent\u00e9es \u00e0 Berne dans une premi\u00e8re section de l\u2019exposition. Elles auraient d\u00e9termin\u00e9 son art pictural, sa science du cadrage. Si la chose est difficile \u00e0 d\u00e9montrer, ce pr\u00e9lude a le m\u00e9rite de nous faire mesurer la distance civilisationnelle entre son \u00e9poque et aujourd\u2019hui. Le probl\u00e8me de l\u2019art moderne \u00e9tant qu\u2019il est \u00e9ternellement jeune et actuel. Quand on regarde ses paysages aux montagnes g\u00e9om\u00e9triques et aux arbres rouges, ils pourraient avoir \u00e9t\u00e9 peints hier, ils n\u2019ont pas d\u2019\u00e2ge. Le recours \u00e0 la photographie replace en contexte.<\/p>\n\n\n\n\n\n<p>D\u2019abord form\u00e9e \u00e0 l\u2019\u00e9cole d\u2019art pour femmes de D\u00fcsseldorf, M\u00fcnter s\u2019\u00e9tablit \u00e0 Munich \u00e0 23 ans. Devant Berlin ou Vienne, la ville est alors la capitale du modernisme dans le monde germanophone. On y trouve aussi la plus grande concentration d\u2019acad\u00e9mies priv\u00e9es au m\u00e8tre carr\u00e9. Dans l\u2019une d\u2019elles, M\u00fcnter fait la connaissance de Kandinsky, dont elle devient l\u2019\u00e9l\u00e8ve favorite avant que les deux ne tombent amoureux. Comme il est mari\u00e9, les d\u00e9buts sont compliqu\u00e9s. Les amants vont bient\u00f4t partir pour un long voyage qui les voit s\u00e9journer \u00e0 Paris, au c\u0153ur d\u2019une autre modernit\u00e9, o\u00f9 ils rencontrent Picasso et Matisse. Par la suite, on les retrouve en Italie et en Tunisie.<\/p>\n\n\n\n<p><strong>Lesen Sie auch | <a href=\"https:\/\/leregardlibre.com\/de\/bildende-kunst\/hors-cadre-loeuvre-comme-lieu-de-memoire\/\">Centre Paul Klee: l&#8217;\u0153uvre comme lieu de m\u00e9moire<\/a><\/strong><\/p>\n\n\n\n<p>On sait que ce pays pr\u00e9cis\u00e9ment, qu\u2019il d\u00e9couvre quelques ann\u00e9es plus tard, fera office d\u2019\u00e9lectrochoc pour Paul Klee. Sa palette s\u2019ouvre vers des couleurs toujours plus vibrantes et vives. On regrette que ce n\u2019ait pas \u00e9t\u00e9 le cas pour M\u00fcnter, qui rapporte de ce voyage des tableaux \u00e0 l\u2019apparence bien sage en comparaison. Non pas que sa palette soit terne, bien au contraire, mais c\u2019est comme si l\u2019artiste voyait plus de lumi\u00e8re dans les Pr\u00e9alpes bavaroise que lors de son voyage en Afrique du Nord. Curieux ph\u00e9nom\u00e8ne.<\/p>\n\n\n\n<h3 class=\"wp-block-heading\">L\u2019aventure du Cavalier bleu et la femme invisible<\/h3>\n\n\n\n<p>A Munich, avec Kandinsky, Klee et Jawlensky, on se fr\u00e9quente en voisins, on s\u2019invite les uns chez les autres et on se peint bien s\u00fbr. On trouve dans l\u2019exposition un magnifique portrait de Marianne von Werefkin, un autre de Klee, aux pantalons blancs dans un canap\u00e9 bleu, un de Jawlensky, un autre grav\u00e9 de Kandinsky. Ce petit monde auquel s\u2019ajoutent Franz Marc et Auguste Macke \u2013 mais qui sont \u00e0 Munich de passage, n\u2019y vivant pas \u2013 constitue le c\u0153ur de l\u2019aventure du <em>Cavalier bleu<\/em>.<\/p>\n\n\n\n\n\n<p>Sous ce terme, on d\u00e9signe un groupe d\u2019avant-garde qui expose deux fois ensemble et signe un almanach, sorte de revue illustr\u00e9e avec des textes th\u00e9oriques et des reproductions d\u2019\u0153uvres d\u2019art qui va marquer l\u2019histoire de l\u2019\u00e9dition d\u2019art et de l\u2019art moderne. C\u2019est la premi\u00e8re fois qu\u2019on publie ensemble et \u00absur un m\u00eame plan\u00bb des \u0153uvres modernes, des sculptures primitives, des tableaux na\u00effs, des dessins d\u2019enfants, un m\u00e9li-m\u00e9lo qui ne tient que par ses qualit\u00e9s esth\u00e9tiques. Curieusement, alors que M\u00fcnter vit avec son auteur principal, c\u00f4toie et photographie les protagonistes, on ne trouve ni \u0153uvre, ni texte \u00e0 elle dans l\u2019almanach. Elle reste compl\u00e8tement dans l\u2019angle mort, comme l\u2019autre femme artiste du groupe Marianne von Werefkin. Le patriarcat est pesant, m\u00eame au sein de la boh\u00e8me.<\/p>\n\n\n\n<figure class=\"wp-block-image size-large\"><a href=\"https:\/\/leregardlibre.com\/wp-content\/uploads\/2022\/03\/Gabriele-Mu\u0308nter-Kandinsky-\u00a9-2021-ProLitteris-Zurich.jpg\"><img fetchpriority=\"high\" decoding=\"async\" width=\"1500\" height=\"2034\" src=\"http:\/\/leregardlibre.com\/wp-content\/uploads\/2022\/03\/Gabriele-Mu\u0308nter-Kandinsky-\u00a9-2021-ProLitteris-Zurich.jpg\" alt=\"gabriele m\u00fcnter\" class=\"wp-image-46761\" srcset=\"https:\/\/leregardlibre.com\/wp-content\/uploads\/2022\/03\/Gabriele-Mu\u0308nter-Kandinsky-\u00a9-2021-ProLitteris-Zurich.jpg 1500w, https:\/\/leregardlibre.com\/wp-content\/uploads\/2022\/03\/Gabriele-Mu\u0308nter-Kandinsky-\u00a9-2021-ProLitteris-Zurich-1170x1587.jpg 1170w, https:\/\/leregardlibre.com\/wp-content\/uploads\/2022\/03\/Gabriele-Mu\u0308nter-Kandinsky-\u00a9-2021-ProLitteris-Zurich-585x793.jpg 585w, https:\/\/leregardlibre.com\/wp-content\/uploads\/2022\/03\/Gabriele-Mu\u0308nter-Kandinsky-\u00a9-2021-ProLitteris-Zurich-480x650.jpg 480w, https:\/\/leregardlibre.com\/wp-content\/uploads\/2022\/03\/Gabriele-Mu\u0308nter-Kandinsky-\u00a9-2021-ProLitteris-Zurich-300x407.jpg 300w, https:\/\/leregardlibre.com\/wp-content\/uploads\/2022\/03\/Gabriele-Mu\u0308nter-Kandinsky-\u00a9-2021-ProLitteris-Zurich-600x814.jpg 600w, https:\/\/leregardlibre.com\/wp-content\/uploads\/2022\/03\/Gabriele-Mu\u0308nter-Kandinsky-\u00a9-2021-ProLitteris-Zurich-111x150.jpg 111w, https:\/\/leregardlibre.com\/wp-content\/uploads\/2022\/03\/Gabriele-Mu\u0308nter-Kandinsky-\u00a9-2021-ProLitteris-Zurich-221x300.jpg 221w, https:\/\/leregardlibre.com\/wp-content\/uploads\/2022\/03\/Gabriele-Mu\u0308nter-Kandinsky-\u00a9-2021-ProLitteris-Zurich-768x1041.jpg 768w, https:\/\/leregardlibre.com\/wp-content\/uploads\/2022\/03\/Gabriele-Mu\u0308nter-Kandinsky-\u00a9-2021-ProLitteris-Zurich-755x1024.jpg 755w, https:\/\/leregardlibre.com\/wp-content\/uploads\/2022\/03\/Gabriele-Mu\u0308nter-Kandinsky-\u00a9-2021-ProLitteris-Zurich-1133x1536.jpg 1133w\" sizes=\"(max-width: 1500px) 100vw, 1500px\" \/><\/a><figcaption><strong>Gabriele M\u00fcnter, <em>Kandinsky<\/em>, 1906, gravure au blinol en couleur sur papier japonais, 24,4 x 17,7 cm, St\u00e4dtische Galerie im Lenbachhaus et Kunstbau M\u00fcnchen, Gabriele M\u00fcnter Stiftung, 1957<\/strong> \u00a9 2021, ProLitteris, Zurich<\/figcaption><\/figure>\n\n\n\n<p>Arrive la catastrophe de la Premi\u00e8re Guerre mondiale. Marc et Macke meurent \u00e0 la guerre. Kandinsky doit rentrer en Russie tandis que les Jawlensky-Werefkin fuient en Suisse. Gabriele M\u00fcnter est pri\u00e9e de se rendre en Scandinavie pour y attendre son amant. Il n\u2019y viendra qu\u2019une fois pour un s\u00e9jour, puis la laissera sans nouvelles. Elle sera contrainte de tourner la page et rentrera seule \u00e0 Murnau, lui envoyant une partie des \u0153uvres rest\u00e9es dans leur maison commune et qu\u2019il a r\u00e9clam\u00e9es.<\/p>\n\n\n\n<h3 class=\"wp-block-heading\">Le poids d\u2019\u00eatre rest\u00e9e<\/h3>\n\n\n\n<p>M\u00fcnter est la seule de cette \u00e9poque et de cet intense moment de l\u2019histoire de l\u2019art moderne \u00e0 rester en Allemagne durant le Troisi\u00e8me Reich. Seul Allemand survivant, Klee s\u2019est r\u00e9fugi\u00e9 en Suisse dans les ann\u00e9es 1930. Que fait-elle dans le contexte du national-socialisme? Comment supporte-t-elle? N\u2019est-ce pas l\u00e0 une tare qui vient se poser sur son h\u00e9ritage? L\u2019exposition rentre peu dans la probl\u00e9matique, sinon pour dire qu\u2019elle continue \u00e0 peindre, participe m\u00eame \u00e0 une exposition vantant les travailleurs nazis. C\u2019est en soi d\u00e9j\u00e0 accablant, m\u00eame si elle ne semble pas faire trop de concession stylistique au r\u00e9alisme embl\u00e9matique des totalitarismes. Elle reste elle-m\u00eame, peignant des sujets dans l\u2019air du temps, des constructeurs de route. Tout de m\u00eame, c\u2019est g\u00eanant. Et d\u2019ailleurs l\u2019exposition ne montre pas d\u2019\u0153uvre de la fin de sa vie. Elle meurt pourtant dans les ann\u00e9es 1960. Son art va-t-il de mal en pis?<\/p>\n\n\n\n\n\n<p>C\u2019est en r\u00e9sum\u00e9 un destin ambigu qui nous est pr\u00e9sent\u00e9 \u00e0 Berne. Jusqu\u2019\u00e0 la personne de M\u00fcnter, souvent photographi\u00e9e: elle ne sourit jamais. Ce n\u2019\u00e9tait certes pas la norme, mais tout de m\u00eame, elle d\u00e9gage une impression froide et fantomatique, au diapason de son histoire de femme d\u00e9laiss\u00e9e et de figure de l\u2019ombre.<\/p>\n\n\n\n<form method=\"post\" action=\"https:\/\/newsletter.infomaniak.com\/external\/submit\" class=\"inf-form\" target=\"_blank\"><input type=\"email\" name=\"email\" style=\"display:none\"><input type=\"hidden\" name=\"key\" value=\"eyJpdiI6IlZXRVJGMlRGQUU2alNqUE81bitIUk5adnNVa0c4MllFTStzOHdHT1FQZ3c9IiwidmFsdWUiOiJIYzhwMUVCK1pTNnlhY3MyMmhuZlhReWJqemEwNk93blMxTjFHc0s2VHZrPSIsIm1hYyI6ImVhYTQ5N2I1M2NiYWE4NzBmNjk2NzgzYjliM2Y5NmYzM2E2ZmU3NGQxNTU1ZDFkMTU1MzY5NTdjYjE3ZTJmNTUifQ==\"><input type=\"hidden\" name=\"webform_id\" value=\"7291\"><style> .inf-main_3000311ca56a1cb93397bc676c0b7fff{ background-color:#f5f5f5; padding:25px 20px; margin:25px auto; } .inf-main_3000311ca56a1cb93397bc676c0b7fff .inf-content { margin-top:13px;} .inf-main_3000311ca56a1cb93397bc676c0b7fff h4, .inf-main_3000311ca56a1cb93397bc676c0b7fff span, .inf-main_3000311ca56a1cb93397bc676c0b7fff label, .inf-main_3000311ca56a1cb93397bc676c0b7fff input, .inf-main_3000311ca56a1cb93397bc676c0b7fff .inf-submit, .inf-main_3000311ca56a1cb93397bc676c0b7fff .inf-success p a { color:#555555; font-size:14px; } .inf-main_3000311ca56a1cb93397bc676c0b7fff h4{ font-size:18px; margin:0px 0px 13px 0px; } .inf-main_3000311ca56a1cb93397bc676c0b7fff h4, .inf-main_3000311ca56a1cb93397bc676c0b7fff label{ font-weight:bold; } .inf-main_3000311ca56a1cb93397bc676c0b7fff .inf-input { margin-bottom:7px; } .inf-main_3000311ca56a1cb93397bc676c0b7fff label { display:block;} .inf-main_3000311ca56a1cb93397bc676c0b7fff input{ height:35px; color:#999999; border: 1px solid #E9E9E9; border:none; padding-left:7px; } .inf-main_3000311ca56a1cb93397bc676c0b7fff .inf-input.inf-error label, .inf-main_3000311ca56a1cb93397bc676c0b7fff .inf-input.inf-error span.inf-message{ color: #cc0033; } .inf-main_3000311ca56a1cb93397bc676c0b7fff .inf-input.inf-error input{ border: 1px solid #cc0033; } .inf-main_3000311ca56a1cb93397bc676c0b7fff .inf-input input { width:100%;} .inf-main_3000311ca56a1cb93397bc676c0b7fff .inf-input.inf-error span.inf-message { display: block; } .inf-main_3000311ca56a1cb93397bc676c0b7fff .inf-submit { text-align:right;} .inf-main_3000311ca56a1cb93397bc676c0b7fff .inf-submit input{ background-color:#777777; color:#ffffff; border:none; font-weight: normal; height:auto; padding:7px; } .inf-main_3000311ca56a1cb93397bc676c0b7fff .inf-submit input.disabled{ opacity: 0.4; } .inf-btn { color: rgb(85, 85, 85); border: medium none; font-weight: normal; height: auto; padding: 7px; display: inline-block; background-color: white; box-shadow: 0px 1px 1px rgba(0, 0, 0, 0.24); border-radius: 2px; line-height: 1em; } .inf-rgpd { margin:25px 0px 15px 0px; color:#555555; } <\/style> <div class=\"inf-main_3000311ca56a1cb93397bc676c0b7fff\"> <h4>NEWSLETTER DES FREIEN BLICKS<\/h4> <span>Erhalten Sie unsere Artikel jeden Sonntag.<\/span> <div class=\"inf-success\" style=\"display:none\"> <h4>Ihre Anmeldung f\u00fcr unseren w\u00f6chentlichen Newsletter wurde erfolgreich registriert!<\/h4> <p> <a href=\"#\" class=\"inf-btn\">\u00ab<\/a> <\/p> <\/div> <div class=\"inf-content\"> <div class=\"inf-input inf-input-text\"> <input type=\"text\" name=\"inf[1]\" data-inf-meta=\"1\" data-inf-error=\"Merci de renseigner une adresse email\" required=\"required\" placeholder=\"E-Mail\"> <\/div> <div class=\"inf-submit\"> <input type=\"submit\" name=\"\" value=\"Anmelden\"> <\/div> <\/div> <\/div> <\/form>\n\n\n\n<p>Un point la sauve, et les Munichois s\u2019en f\u00e9licitent aujourd\u2019hui: paisible et sans histoire au sein d\u2019un r\u00e9gime cruel, M\u00fcnter a couv\u00e9 et pr\u00e9serv\u00e9 un tr\u00e9sor moderniste. Ses caves \u00e9taient remplies d\u2019\u0153uvres de Kandinsky, mais \u00e9galement de tous leurs amis. Ces \u0153uvres consid\u00e9r\u00e9es comme d\u00e9g\u00e9n\u00e9r\u00e9es aurait pu \u00eatre br\u00fbl\u00e9es par les nazis, cela s\u2019est vu ailleurs. Ainsi est-elle une h\u00e9ro\u00efne, une r\u00e9sistante malgr\u00e9 tout, au m\u00eame titre que sa peinture faisant mieux que bonne figure au tribunal de l\u2019histoire. Elle n\u2019a pas pris une ride.<\/p>\n\n\n\n<p><strong>\u00abGabriele M\u00fcnter. Pionni\u00e8re de l\u2019art moderne\u00bb, au centre Paul Klee jusqu\u2019au 8 mai 2022<\/strong><\/p>\n\n\n\n<p><em><strong>Yves Guignard<\/strong> est historien d\u2019art. Archiviste en charge du Fonds Balthus, il est l\u2019auteur d\u2019un livre sur Coghuf et a particip\u00e9 \u00e0 l\u2019ouvrage collectif <\/em>Entre arts et lettres \u2013 Trois si\u00e8cles de rayonnement culturel autour de Vevey et de Montreux<em>.<\/em><\/p>\n\n\n\n<p>Image d\u2019en-t\u00eate: Gabriele M\u00fcnter, <em>Aur\u00e9lie<\/em>, 1906, gravure sur linol\u00e9um couleur sur papier japonais, 18,7 x 17 cm, Stadtische Galerie im Lenbachhaus et Kunstbau M\u00fcnchen, Gabriele M\u00fcnter Stiftung, 1957 \u00a9 2021, ProLitteris, Zurich<\/p>","protected":false},"excerpt":{"rendered":"<p>Gabriele M\u00fcnter a eu le malheur d\u2019\u00eatre la concubine d\u2019un trop grand nom de l\u2019histoire de l\u2019art, le peintre russe&#8230;<\/p>","protected":false},"author":218,"featured_media":46762,"comment_status":"open","ping_status":"open","sticky":false,"template":"","format":"standard","meta":{"_acf_changed":false,"footnotes":""},"categories":[85539],"tags":[644357365,82171,644357366],"class_list":["post-46590","post","type-post","status-publish","format-standard","has-post-thumbnail","hentry","category-arts-visuels","tag-gabriele-munter","tag-peinture","tag-vassily-kandinsky"],"acf":[],"yoast_head":"<!-- This site is optimized with the Yoast SEO Premium plugin v27.4 (Yoast SEO v27.4) - https:\/\/yoast.com\/product\/yoast-seo-premium-wordpress\/ -->\n<title>Gabriele M\u00fcnter, tout feu, tout femme<\/title>\n<meta name=\"description\" content=\"Gabriele M\u00fcnter eut le malheur d\u2019\u00eatre la concubine d\u2019un grand nom de l\u2019art. Une exposition \u00e0 Berne replace cette artiste en pleine lumi\u00e8re.\" \/>\n<meta name=\"robots\" content=\"index, follow, max-snippet:-1, max-image-preview:large, max-video-preview:-1\" \/>\n<link rel=\"canonical\" href=\"https:\/\/leregardlibre.com\/de\/bildende-kunst\/gabriele-munter-tout-feu-tout-femme\/\" \/>\n<meta property=\"og:locale\" content=\"de_DE\" \/>\n<meta property=\"og:type\" content=\"article\" \/>\n<meta property=\"og:title\" content=\"Gabriele M\u00fcnter, tout feu, tout femme\" \/>\n<meta property=\"og:description\" content=\"Gabriele M\u00fcnter eut le malheur d\u2019\u00eatre la concubine d\u2019un grand nom de l\u2019art. Une exposition \u00e0 Berne replace cette artiste en pleine lumi\u00e8re.\" \/>\n<meta property=\"og:url\" content=\"https:\/\/leregardlibre.com\/de\/bildende-kunst\/gabriele-munter-tout-feu-tout-femme\/\" \/>\n<meta property=\"og:site_name\" content=\"Le Regard Libre\" \/>\n<meta property=\"article:publisher\" content=\"https:\/\/www.facebook.com\/leregardlibre\/\" \/>\n<meta property=\"article:published_time\" content=\"2022-03-13T16:29:40+00:00\" \/>\n<meta property=\"article:modified_time\" content=\"2022-09-04T08:22:57+00:00\" \/>\n<meta property=\"og:image\" content=\"https:\/\/leregardlibre.com\/wp-content\/uploads\/2022\/03\/Gabriele-Mu\u0308nter-Aure\u0301lie-\u00a9-2021-ProLitteris-Zurich-1065984076-1647188694461-1024x576.jpg\" \/>\n\t<meta property=\"og:image:width\" content=\"1024\" \/>\n\t<meta property=\"og:image:height\" content=\"576\" \/>\n\t<meta property=\"og:image:type\" content=\"image\/jpeg\" \/>\n<meta name=\"author\" content=\"Yves Guignard\" \/>\n<meta name=\"twitter:card\" content=\"summary_large_image\" \/>\n<meta name=\"twitter:creator\" content=\"@LeRegardLibre\" \/>\n<meta name=\"twitter:site\" content=\"@LeRegardLibre\" \/>\n<meta name=\"twitter:label1\" content=\"Verfasst von\" \/>\n\t<meta name=\"twitter:data1\" content=\"Yves Guignard\" \/>\n\t<meta name=\"twitter:label2\" content=\"Gesch\u00e4tzte Lesezeit\" \/>\n\t<meta name=\"twitter:data2\" content=\"8\u00a0Minuten\" \/>\n<script type=\"application\/ld+json\" class=\"yoast-schema-graph\">{\"@context\":\"https:\\\/\\\/schema.org\",\"@graph\":[{\"@type\":\"Article\",\"@id\":\"https:\\\/\\\/leregardlibre.com\\\/arts-visuels\\\/gabriele-munter-tout-feu-tout-femme\\\/#article\",\"isPartOf\":{\"@id\":\"https:\\\/\\\/leregardlibre.com\\\/arts-visuels\\\/gabriele-munter-tout-feu-tout-femme\\\/\"},\"author\":{\"name\":\"Yves Guignard\",\"@id\":\"https:\\\/\\\/leregardlibre.com\\\/#\\\/schema\\\/person\\\/64a0cdc25fa39f4918cbccf37f6e65a6\"},\"headline\":\"Gabriele M\u00fcnter, tout feu, tout femme\",\"datePublished\":\"2022-03-13T16:29:40+00:00\",\"dateModified\":\"2022-09-04T08:22:57+00:00\",\"mainEntityOfPage\":{\"@id\":\"https:\\\/\\\/leregardlibre.com\\\/arts-visuels\\\/gabriele-munter-tout-feu-tout-femme\\\/\"},\"wordCount\":1546,\"commentCount\":0,\"publisher\":{\"@id\":\"https:\\\/\\\/leregardlibre.com\\\/#organization\"},\"image\":{\"@id\":\"https:\\\/\\\/leregardlibre.com\\\/arts-visuels\\\/gabriele-munter-tout-feu-tout-femme\\\/#primaryimage\"},\"thumbnailUrl\":\"https:\\\/\\\/leregardlibre.com\\\/wp-content\\\/uploads\\\/2022\\\/03\\\/Gabriele-Mu\u0308nter-Aure\u0301lie-\u00a9-2021-ProLitteris-Zurich-1065984076-1647188694461.jpg\",\"keywords\":[\"Gabriele M\u00fcnter\",\"Peinture\",\"vassily kandinsky\"],\"articleSection\":[\"Arts visuels\"],\"inLanguage\":\"de\",\"potentialAction\":[{\"@type\":\"CommentAction\",\"name\":\"Comment\",\"target\":[\"https:\\\/\\\/leregardlibre.com\\\/arts-visuels\\\/gabriele-munter-tout-feu-tout-femme\\\/#respond\"]}]},{\"@type\":\"WebPage\",\"@id\":\"https:\\\/\\\/leregardlibre.com\\\/arts-visuels\\\/gabriele-munter-tout-feu-tout-femme\\\/\",\"url\":\"https:\\\/\\\/leregardlibre.com\\\/arts-visuels\\\/gabriele-munter-tout-feu-tout-femme\\\/\",\"name\":\"Gabriele M\u00fcnter, tout feu, tout femme\",\"isPartOf\":{\"@id\":\"https:\\\/\\\/leregardlibre.com\\\/#website\"},\"primaryImageOfPage\":{\"@id\":\"https:\\\/\\\/leregardlibre.com\\\/arts-visuels\\\/gabriele-munter-tout-feu-tout-femme\\\/#primaryimage\"},\"image\":{\"@id\":\"https:\\\/\\\/leregardlibre.com\\\/arts-visuels\\\/gabriele-munter-tout-feu-tout-femme\\\/#primaryimage\"},\"thumbnailUrl\":\"https:\\\/\\\/leregardlibre.com\\\/wp-content\\\/uploads\\\/2022\\\/03\\\/Gabriele-Mu\u0308nter-Aure\u0301lie-\u00a9-2021-ProLitteris-Zurich-1065984076-1647188694461.jpg\",\"datePublished\":\"2022-03-13T16:29:40+00:00\",\"dateModified\":\"2022-09-04T08:22:57+00:00\",\"description\":\"Gabriele M\u00fcnter eut le malheur d\u2019\u00eatre la concubine d\u2019un grand nom de l\u2019art. Une exposition \u00e0 Berne replace cette artiste en pleine lumi\u00e8re.\",\"breadcrumb\":{\"@id\":\"https:\\\/\\\/leregardlibre.com\\\/arts-visuels\\\/gabriele-munter-tout-feu-tout-femme\\\/#breadcrumb\"},\"inLanguage\":\"de\",\"potentialAction\":[{\"@type\":\"ReadAction\",\"target\":[\"https:\\\/\\\/leregardlibre.com\\\/arts-visuels\\\/gabriele-munter-tout-feu-tout-femme\\\/\"]}]},{\"@type\":\"ImageObject\",\"inLanguage\":\"de\",\"@id\":\"https:\\\/\\\/leregardlibre.com\\\/arts-visuels\\\/gabriele-munter-tout-feu-tout-femme\\\/#primaryimage\",\"url\":\"https:\\\/\\\/leregardlibre.com\\\/wp-content\\\/uploads\\\/2022\\\/03\\\/Gabriele-Mu\u0308nter-Aure\u0301lie-\u00a9-2021-ProLitteris-Zurich-1065984076-1647188694461.jpg\",\"contentUrl\":\"https:\\\/\\\/leregardlibre.com\\\/wp-content\\\/uploads\\\/2022\\\/03\\\/Gabriele-Mu\u0308nter-Aure\u0301lie-\u00a9-2021-ProLitteris-Zurich-1065984076-1647188694461.jpg\",\"width\":1598,\"height\":899,\"caption\":\"Gabriele M\u00fcnter, \\\"Aur\u00e9lie\\\", 1906, gravure sur linol\u00e9um couleur sur papier japonais, 18,7 x 17 cm, Stadtische Galerie im Lenbachhaus et Kunstbau M\u00fcnchen, Gabriele M\u00fcnter Stiftung, 1957 \u00a9 2021, ProLitteris, Zurich\"},{\"@type\":\"BreadcrumbList\",\"@id\":\"https:\\\/\\\/leregardlibre.com\\\/arts-visuels\\\/gabriele-munter-tout-feu-tout-femme\\\/#breadcrumb\",\"itemListElement\":[{\"@type\":\"ListItem\",\"position\":1,\"name\":\"Accueil\",\"item\":\"https:\\\/\\\/leregardlibre.com\\\/\"},{\"@type\":\"ListItem\",\"position\":2,\"name\":\"Gabriele M\u00fcnter, tout feu, tout femme\"}]},{\"@type\":\"WebSite\",\"@id\":\"https:\\\/\\\/leregardlibre.com\\\/#website\",\"url\":\"https:\\\/\\\/leregardlibre.com\\\/\",\"name\":\"Le Regard Libre\",\"description\":\"Premier mensuel suisse de d\u00e9bat\",\"publisher\":{\"@id\":\"https:\\\/\\\/leregardlibre.com\\\/#organization\"},\"potentialAction\":[{\"@type\":\"SearchAction\",\"target\":{\"@type\":\"EntryPoint\",\"urlTemplate\":\"https:\\\/\\\/leregardlibre.com\\\/?s={search_term_string}\"},\"query-input\":{\"@type\":\"PropertyValueSpecification\",\"valueRequired\":true,\"valueName\":\"search_term_string\"}}],\"inLanguage\":\"de\"},{\"@type\":\"Organization\",\"@id\":\"https:\\\/\\\/leregardlibre.com\\\/#organization\",\"name\":\"Le Regard Libre\",\"url\":\"https:\\\/\\\/leregardlibre.com\\\/\",\"logo\":{\"@type\":\"ImageObject\",\"inLanguage\":\"de\",\"@id\":\"https:\\\/\\\/leregardlibre.com\\\/#\\\/schema\\\/logo\\\/image\\\/\",\"url\":\"https:\\\/\\\/leregardlibre.com\\\/wp-content\\\/uploads\\\/2025\\\/08\\\/logo-rl-icone-neg.jpeg\",\"contentUrl\":\"https:\\\/\\\/leregardlibre.com\\\/wp-content\\\/uploads\\\/2025\\\/08\\\/logo-rl-icone-neg.jpeg\",\"width\":557,\"height\":556,\"caption\":\"Le Regard Libre\"},\"image\":{\"@id\":\"https:\\\/\\\/leregardlibre.com\\\/#\\\/schema\\\/logo\\\/image\\\/\"},\"sameAs\":[\"https:\\\/\\\/www.facebook.com\\\/leregardlibre\\\/\",\"https:\\\/\\\/x.com\\\/LeRegardLibre\",\"https:\\\/\\\/www.linkedin.com\\\/company\\\/le-regard-libre\",\"https:\\\/\\\/www.instagram.com\\\/leregardlibre\\\/\",\"http:\\\/\\\/t.me\\\/leregardlibre\",\"https:\\\/\\\/youtube.com\\\/channel\\\/UC6HzGPomj1LsUmlz-sJtITQ\"],\"description\":\"Le Regard Libre est un mensuel suisse de d\u00e9bat intellectuel et culturel. Sa r\u00e9daction est jeune, b\u00e9n\u00e9vole, lib\u00e9rale et pluraliste. Le magazine para\u00eet en ligne et sous forme papier. Sa langue est le fran\u00e7ais.\",\"email\":\"redaction@leregardlibre.com\",\"legalName\":\"Le Regard Libre\",\"foundingDate\":\"2014-01-01\",\"numberOfEmployees\":{\"@type\":\"QuantitativeValue\",\"minValue\":\"11\",\"maxValue\":\"50\"},\"publishingPrinciples\":\"https:\\\/\\\/leregardlibre.com\\\/a-propos\\\/notre-manifeste\\\/\",\"ownershipFundingInfo\":\"https:\\\/\\\/leregardlibre.com\\\/mentions-legales\\\/\",\"actionableFeedbackPolicy\":\"https:\\\/\\\/leregardlibre.com\\\/conditions-generales-de-vente\\\/\"},{\"@type\":\"Person\",\"@id\":\"https:\\\/\\\/leregardlibre.com\\\/#\\\/schema\\\/person\\\/64a0cdc25fa39f4918cbccf37f6e65a6\",\"name\":\"Yves Guignard\",\"image\":{\"@type\":\"ImageObject\",\"inLanguage\":\"de\",\"@id\":\"https:\\\/\\\/secure.gravatar.com\\\/avatar\\\/f489ab442f23edad1342881ff319be2c81c59a39fe7191d11408f86a2b7adb50?s=96&d=identicon&r=g\",\"url\":\"https:\\\/\\\/secure.gravatar.com\\\/avatar\\\/f489ab442f23edad1342881ff319be2c81c59a39fe7191d11408f86a2b7adb50?s=96&d=identicon&r=g\",\"contentUrl\":\"https:\\\/\\\/secure.gravatar.com\\\/avatar\\\/f489ab442f23edad1342881ff319be2c81c59a39fe7191d11408f86a2b7adb50?s=96&d=identicon&r=g\",\"caption\":\"Yves Guignard\"},\"description\":\"Historien de l\u2019art, Yves Guignard est archiviste en charge du Fonds Balthus. Ses derni\u00e8res publications portent sur Coghuf et sur Marius Borgeaud.\",\"sameAs\":[\"https:\\\/\\\/leregardlibre.com\\\/\",\"https:\\\/\\\/fr.wikipedia.org\\\/wiki\\\/Le_Regard_libre\"],\"url\":\"https:\\\/\\\/leregardlibre.com\\\/de\\\/author\\\/yves-guignard\\\/\"}]}<\/script>\n<!-- \/ Yoast SEO Premium plugin. -->","yoast_head_json":{"title":"Gabriele M\u00fcnter, ganz Feuer, ganz Frau","description":"Gabriele M\u00fcnter eut le malheur d\u2019\u00eatre la concubine d\u2019un grand nom de l\u2019art. Une exposition \u00e0 Berne replace cette artiste en pleine lumi\u00e8re.","robots":{"index":"index","follow":"follow","max-snippet":"max-snippet:-1","max-image-preview":"max-image-preview:large","max-video-preview":"max-video-preview:-1"},"canonical":"https:\/\/leregardlibre.com\/de\/bildende-kunst\/gabriele-munter-tout-feu-tout-femme\/","og_locale":"de_DE","og_type":"article","og_title":"Gabriele M\u00fcnter, tout feu, tout femme","og_description":"Gabriele M\u00fcnter eut le malheur d\u2019\u00eatre la concubine d\u2019un grand nom de l\u2019art. Une exposition \u00e0 Berne replace cette artiste en pleine lumi\u00e8re.","og_url":"https:\/\/leregardlibre.com\/de\/bildende-kunst\/gabriele-munter-tout-feu-tout-femme\/","og_site_name":"Le Regard Libre","article_publisher":"https:\/\/www.facebook.com\/leregardlibre\/","article_published_time":"2022-03-13T16:29:40+00:00","article_modified_time":"2022-09-04T08:22:57+00:00","og_image":[{"width":1024,"height":576,"url":"https:\/\/leregardlibre.com\/wp-content\/uploads\/2022\/03\/Gabriele-Mu\u0308nter-Aure\u0301lie-\u00a9-2021-ProLitteris-Zurich-1065984076-1647188694461-1024x576.jpg","type":"image\/jpeg"}],"author":"Yves Guignard","twitter_card":"summary_large_image","twitter_creator":"@LeRegardLibre","twitter_site":"@LeRegardLibre","twitter_misc":{"Verfasst von":"Yves Guignard","Gesch\u00e4tzte Lesezeit":"8\u00a0Minuten"},"schema":{"@context":"https:\/\/schema.org","@graph":[{"@type":"Article","@id":"https:\/\/leregardlibre.com\/arts-visuels\/gabriele-munter-tout-feu-tout-femme\/#article","isPartOf":{"@id":"https:\/\/leregardlibre.com\/arts-visuels\/gabriele-munter-tout-feu-tout-femme\/"},"author":{"name":"Yves Guignard","@id":"https:\/\/leregardlibre.com\/#\/schema\/person\/64a0cdc25fa39f4918cbccf37f6e65a6"},"headline":"Gabriele M\u00fcnter, tout feu, tout femme","datePublished":"2022-03-13T16:29:40+00:00","dateModified":"2022-09-04T08:22:57+00:00","mainEntityOfPage":{"@id":"https:\/\/leregardlibre.com\/arts-visuels\/gabriele-munter-tout-feu-tout-femme\/"},"wordCount":1546,"commentCount":0,"publisher":{"@id":"https:\/\/leregardlibre.com\/#organization"},"image":{"@id":"https:\/\/leregardlibre.com\/arts-visuels\/gabriele-munter-tout-feu-tout-femme\/#primaryimage"},"thumbnailUrl":"https:\/\/leregardlibre.com\/wp-content\/uploads\/2022\/03\/Gabriele-Mu\u0308nter-Aure\u0301lie-\u00a9-2021-ProLitteris-Zurich-1065984076-1647188694461.jpg","keywords":["Gabriele M\u00fcnter","Peinture","vassily kandinsky"],"articleSection":["Arts visuels"],"inLanguage":"de","potentialAction":[{"@type":"CommentAction","name":"Comment","target":["https:\/\/leregardlibre.com\/arts-visuels\/gabriele-munter-tout-feu-tout-femme\/#respond"]}]},{"@type":"WebPage","@id":"https:\/\/leregardlibre.com\/arts-visuels\/gabriele-munter-tout-feu-tout-femme\/","url":"https:\/\/leregardlibre.com\/arts-visuels\/gabriele-munter-tout-feu-tout-femme\/","name":"Gabriele M\u00fcnter, ganz Feuer, ganz Frau","isPartOf":{"@id":"https:\/\/leregardlibre.com\/#website"},"primaryImageOfPage":{"@id":"https:\/\/leregardlibre.com\/arts-visuels\/gabriele-munter-tout-feu-tout-femme\/#primaryimage"},"image":{"@id":"https:\/\/leregardlibre.com\/arts-visuels\/gabriele-munter-tout-feu-tout-femme\/#primaryimage"},"thumbnailUrl":"https:\/\/leregardlibre.com\/wp-content\/uploads\/2022\/03\/Gabriele-Mu\u0308nter-Aure\u0301lie-\u00a9-2021-ProLitteris-Zurich-1065984076-1647188694461.jpg","datePublished":"2022-03-13T16:29:40+00:00","dateModified":"2022-09-04T08:22:57+00:00","description":"Gabriele M\u00fcnter eut le malheur d\u2019\u00eatre la concubine d\u2019un grand nom de l\u2019art. Une exposition \u00e0 Berne replace cette artiste en pleine lumi\u00e8re.","breadcrumb":{"@id":"https:\/\/leregardlibre.com\/arts-visuels\/gabriele-munter-tout-feu-tout-femme\/#breadcrumb"},"inLanguage":"de","potentialAction":[{"@type":"ReadAction","target":["https:\/\/leregardlibre.com\/arts-visuels\/gabriele-munter-tout-feu-tout-femme\/"]}]},{"@type":"ImageObject","inLanguage":"de","@id":"https:\/\/leregardlibre.com\/arts-visuels\/gabriele-munter-tout-feu-tout-femme\/#primaryimage","url":"https:\/\/leregardlibre.com\/wp-content\/uploads\/2022\/03\/Gabriele-Mu\u0308nter-Aure\u0301lie-\u00a9-2021-ProLitteris-Zurich-1065984076-1647188694461.jpg","contentUrl":"https:\/\/leregardlibre.com\/wp-content\/uploads\/2022\/03\/Gabriele-Mu\u0308nter-Aure\u0301lie-\u00a9-2021-ProLitteris-Zurich-1065984076-1647188694461.jpg","width":1598,"height":899,"caption":"Gabriele M\u00fcnter, \"Aur\u00e9lie\", 1906, gravure sur linol\u00e9um couleur sur papier japonais, 18,7 x 17 cm, Stadtische Galerie im Lenbachhaus et Kunstbau M\u00fcnchen, Gabriele M\u00fcnter Stiftung, 1957 \u00a9 2021, ProLitteris, Zurich"},{"@type":"BreadcrumbList","@id":"https:\/\/leregardlibre.com\/arts-visuels\/gabriele-munter-tout-feu-tout-femme\/#breadcrumb","itemListElement":[{"@type":"ListItem","position":1,"name":"Accueil","item":"https:\/\/leregardlibre.com\/"},{"@type":"ListItem","position":2,"name":"Gabriele M\u00fcnter, tout feu, tout femme"}]},{"@type":"WebSite","@id":"https:\/\/leregardlibre.com\/#website","url":"https:\/\/leregardlibre.com\/","name":"Le Regard Libre","description":"Erste Schweizer Monatszeitschrift f\u00fcr Debatten","publisher":{"@id":"https:\/\/leregardlibre.com\/#organization"},"potentialAction":[{"@type":"SearchAction","target":{"@type":"EntryPoint","urlTemplate":"https:\/\/leregardlibre.com\/?s={search_term_string}"},"query-input":{"@type":"PropertyValueSpecification","valueRequired":true,"valueName":"search_term_string"}}],"inLanguage":"de"},{"@type":"Organization","@id":"https:\/\/leregardlibre.com\/#organization","name":"Le Regard Libre","url":"https:\/\/leregardlibre.com\/","logo":{"@type":"ImageObject","inLanguage":"de","@id":"https:\/\/leregardlibre.com\/#\/schema\/logo\/image\/","url":"https:\/\/leregardlibre.com\/wp-content\/uploads\/2025\/08\/logo-rl-icone-neg.jpeg","contentUrl":"https:\/\/leregardlibre.com\/wp-content\/uploads\/2025\/08\/logo-rl-icone-neg.jpeg","width":557,"height":556,"caption":"Le Regard Libre"},"image":{"@id":"https:\/\/leregardlibre.com\/#\/schema\/logo\/image\/"},"sameAs":["https:\/\/www.facebook.com\/leregardlibre\/","https:\/\/x.com\/LeRegardLibre","https:\/\/www.linkedin.com\/company\/le-regard-libre","https:\/\/www.instagram.com\/leregardlibre\/","http:\/\/t.me\/leregardlibre","https:\/\/youtube.com\/channel\/UC6HzGPomj1LsUmlz-sJtITQ"],"description":"Le Regard Libre ist eine Schweizer Monatszeitschrift f\u00fcr intellektuelle und kulturelle Debatten. Seine Redaktion ist jung, ehrenamtlich, liberal und pluralistisch. Das Magazin erscheint online und in gedruckter Form. Seine Sprache ist Franz\u00f6sisch.","email":"redaction@leregardlibre.com","legalName":"Le Regard Libre","foundingDate":"2014-01-01","numberOfEmployees":{"@type":"QuantitativeValue","minValue":"11","maxValue":"50"},"publishingPrinciples":"https:\/\/leregardlibre.com\/a-propos\/notre-manifeste\/","ownershipFundingInfo":"https:\/\/leregardlibre.com\/mentions-legales\/","actionableFeedbackPolicy":"https:\/\/leregardlibre.com\/conditions-generales-de-vente\/"},{"@type":"Person","@id":"https:\/\/leregardlibre.com\/#\/schema\/person\/64a0cdc25fa39f4918cbccf37f6e65a6","name":"Yves Guignard","image":{"@type":"ImageObject","inLanguage":"de","@id":"https:\/\/secure.gravatar.com\/avatar\/f489ab442f23edad1342881ff319be2c81c59a39fe7191d11408f86a2b7adb50?s=96&d=identicon&r=g","url":"https:\/\/secure.gravatar.com\/avatar\/f489ab442f23edad1342881ff319be2c81c59a39fe7191d11408f86a2b7adb50?s=96&d=identicon&r=g","contentUrl":"https:\/\/secure.gravatar.com\/avatar\/f489ab442f23edad1342881ff319be2c81c59a39fe7191d11408f86a2b7adb50?s=96&d=identicon&r=g","caption":"Yves Guignard"},"description":"Yves Guignard ist Kunsthistoriker und als Archivar f\u00fcr den Fonds Balthus zust\u00e4ndig. Seine letzten Ver\u00f6ffentlichungen befassen sich mit Coghuf und Marius Borgeaud.","sameAs":["https:\/\/leregardlibre.com\/","https:\/\/fr.wikipedia.org\/wiki\/Le_Regard_libre"],"url":"https:\/\/leregardlibre.com\/de\/author\/yves-guignard\/"}]}},"_links":{"self":[{"href":"https:\/\/leregardlibre.com\/de\/wp-json\/wp\/v2\/posts\/46590","targetHints":{"allow":["GET"]}}],"collection":[{"href":"https:\/\/leregardlibre.com\/de\/wp-json\/wp\/v2\/posts"}],"about":[{"href":"https:\/\/leregardlibre.com\/de\/wp-json\/wp\/v2\/types\/post"}],"author":[{"embeddable":true,"href":"https:\/\/leregardlibre.com\/de\/wp-json\/wp\/v2\/users\/218"}],"replies":[{"embeddable":true,"href":"https:\/\/leregardlibre.com\/de\/wp-json\/wp\/v2\/comments?post=46590"}],"version-history":[{"count":1,"href":"https:\/\/leregardlibre.com\/de\/wp-json\/wp\/v2\/posts\/46590\/revisions"}],"predecessor-version":[{"id":511351,"href":"https:\/\/leregardlibre.com\/de\/wp-json\/wp\/v2\/posts\/46590\/revisions\/511351"}],"wp:featuredmedia":[{"embeddable":true,"href":"https:\/\/leregardlibre.com\/de\/wp-json\/wp\/v2\/media\/46762"}],"wp:attachment":[{"href":"https:\/\/leregardlibre.com\/de\/wp-json\/wp\/v2\/media?parent=46590"}],"wp:term":[{"taxonomy":"category","embeddable":true,"href":"https:\/\/leregardlibre.com\/de\/wp-json\/wp\/v2\/categories?post=46590"},{"taxonomy":"post_tag","embeddable":true,"href":"https:\/\/leregardlibre.com\/de\/wp-json\/wp\/v2\/tags?post=46590"}],"curies":[{"name":"wp","href":"https:\/\/api.w.org\/{rel}","templated":true}]}}