{"id":46669,"date":"2022-03-12T18:00:00","date_gmt":"2022-03-12T17:00:00","guid":{"rendered":"https:\/\/leregardlibre.com\/?p=46669"},"modified":"2025-10-18T16:10:25","modified_gmt":"2025-10-18T14:10:25","slug":"ein-heiliges-stuck-ein-stuck-das-die-trauer-begleitet-und-unsere-toten-ehrt","status":"publish","type":"post","link":"https:\/\/leregardlibre.com\/de\/darstellende-kunste\/theater\/ein-heiliges-stuck-ein-stuck-das-die-trauer-begleitet-und-unsere-toten-ehrt\/","title":{"rendered":"\u00abUn Sacre\u00bb: ein St\u00fcck, das Trauer begleitet und unsere Toten ehrt"},"content":{"rendered":"<p><em>Unver\u00f6ffentlichter Artikel - <a href=\"https:\/\/leregardlibre.com\/de\/tag\/chloe-delassis\/\">Chlo\u00e9 Delassis<\/a><\/em><\/p>\n\n\n\n<p class=\"has-drop-cap\"><strong>Die 2015 von der jungen und vielversprechenden Lorraine de Sagazan gegr\u00fcndete Theatergruppe La Br\u00e8che bringt auf den gro\u00dfen franz\u00f6sischen Theaterb\u00fchnen ein St\u00fcck auf die B\u00fchne, das die Gem\u00fcter bewegt. <em>Ein Sakrament<\/em>, Die Geschichten \u00e4hneln entweder unseren eigenen Erfahrungen oder sind sehr emotional.<\/strong><\/p>\n\n\n\n<!--more Lire l\u2019article (en libre acc\u00e8s)-->\n\n\n\n<p>Ein Jahr lang besuchte das Ensemble 365 Menschen. Auf die Frage: \u00abWelche Bedeutung hat das Wort \u201cWiedergutmachung\u201d in Ihrem Leben?\u00bb wurde der Tod immer wieder thematisiert. Lorraine de Sagazan brachte die Trauer von neun dieser Menschen auf die B\u00fchne, die keine Gelegenheit hatten, um ihre Verstorbenen zu trauern, und verlieh der Auff\u00fchrung, die sie eher als \u00abZeremonie\u00bb bezeichnete, eine rituelle Dimension. Das Feuer, die T\u00e4nze, die Gestik oder auch die Kost\u00fcme erinnern an verschiedene Bestattungsbr\u00e4uche, deren Bedeutung uns trotz ihrer Exotik auf intelligente Weise erreicht.<\/p>\n\n\n\n<p>Auf der B\u00fchne schl\u00fcpfen Jeanne Favre, Andr\u00e9a El Azan, Antonin Meyer-Esquerr\u00e9, Benjamin Tholozan und andere jeweils in die Haut eines dieser Gespr\u00e4chspartner und machen sich deren Zeugnis durch ihre Worte zu eigen, dr\u00fccken diese Ehrung aber auch durch ihren K\u00f6rper aus. Unter der Leitung von Sylv\u00e8re Lamotte malen sie im Laufe des St\u00fccks mehrere choreografische Bilder, die teils feierlich, teils eher ausgelassen sind, wie es f\u00fcr Zeremonien typisch ist. Durch das Loslassen von Energieeinsparungen tragen ihre Bewegungen zu einer Art Katharsis - also einer emotionalen Reinigung - f\u00fcr das Publikum bei.<\/p>\n\n\n\n\n\n<h3 class=\"wp-block-heading\">Das Teilen von Weinen<\/h3>\n\n\n\n<p>Wenn der Hintergrund der Show <em>Ein Sakrament <\/em>eine gewisse Tradition aufgreift (z. B. die Tradition der korsischen Trauernden), ist seine Form offen f\u00fcr einen echten verbalen oder emotionalen Austausch mit den Zuschauern. Es gibt mehrere Interaktionen mit dem Publikum, die eher komisch sind und im Gegensatz zur Dramatik der Handlung stehen, aber die Atmosph\u00e4re ist dicht und befreiend.<\/p>\n\n\n\n<form method=\"post\" action=\"https:\/\/newsletter.infomaniak.com\/external\/submit\" class=\"inf-form\" target=\"_blank\"><input type=\"email\" name=\"email\" style=\"display:none\"><input type=\"hidden\" name=\"key\" value=\"eyJpdiI6IlZXRVJGMlRGQUU2alNqUE81bitIUk5adnNVa0c4MllFTStzOHdHT1FQZ3c9IiwidmFsdWUiOiJIYzhwMUVCK1pTNnlhY3MyMmhuZlhReWJqemEwNk93blMxTjFHc0s2VHZrPSIsIm1hYyI6ImVhYTQ5N2I1M2NiYWE4NzBmNjk2NzgzYjliM2Y5NmYzM2E2ZmU3NGQxNTU1ZDFkMTU1MzY5NTdjYjE3ZTJmNTUifQ==\"><input type=\"hidden\" name=\"webform_id\" value=\"7291\"><style> .inf-main_3000311ca56a1cb93397bc676c0b7fff{ background-color:#f5f5f5; padding:25px 20px; margin:25px auto; } .inf-main_3000311ca56a1cb93397bc676c0b7fff .inf-content { margin-top:13px;} .inf-main_3000311ca56a1cb93397bc676c0b7fff h4, .inf-main_3000311ca56a1cb93397bc676c0b7fff span, .inf-main_3000311ca56a1cb93397bc676c0b7fff label, .inf-main_3000311ca56a1cb93397bc676c0b7fff input, .inf-main_3000311ca56a1cb93397bc676c0b7fff .inf-submit, .inf-main_3000311ca56a1cb93397bc676c0b7fff .inf-success p a { color:#555555; font-size:14px; } .inf-main_3000311ca56a1cb93397bc676c0b7fff h4{ font-size:18px; margin:0px 0px 13px 0px; } .inf-main_3000311ca56a1cb93397bc676c0b7fff h4, .inf-main_3000311ca56a1cb93397bc676c0b7fff label{ font-weight:bold; } .inf-main_3000311ca56a1cb93397bc676c0b7fff .inf-input { margin-bottom:7px; } .inf-main_3000311ca56a1cb93397bc676c0b7fff label { display:block;} .inf-main_3000311ca56a1cb93397bc676c0b7fff input{ height:35px; color:#999999; border: 1px solid #E9E9E9; border:none; padding-left:7px; } .inf-main_3000311ca56a1cb93397bc676c0b7fff .inf-input.inf-error label, .inf-main_3000311ca56a1cb93397bc676c0b7fff .inf-input.inf-error span.inf-message{ color: #cc0033; } .inf-main_3000311ca56a1cb93397bc676c0b7fff .inf-input.inf-error input{ border: 1px solid #cc0033; } .inf-main_3000311ca56a1cb93397bc676c0b7fff .inf-input input { width:100%;} .inf-main_3000311ca56a1cb93397bc676c0b7fff .inf-input.inf-error span.inf-message { display: block; } .inf-main_3000311ca56a1cb93397bc676c0b7fff .inf-submit { text-align:right;} .inf-main_3000311ca56a1cb93397bc676c0b7fff .inf-submit input{ background-color:#777777; color:#ffffff; border:none; font-weight: normal; height:auto; padding:7px; } .inf-main_3000311ca56a1cb93397bc676c0b7fff .inf-submit input.disabled{ opacity: 0.4; } .inf-btn { color: rgb(85, 85, 85); border: medium none; font-weight: normal; height: auto; padding: 7px; display: inline-block; background-color: white; box-shadow: 0px 1px 1px rgba(0, 0, 0, 0.24); border-radius: 2px; line-height: 1em; } .inf-rgpd { margin:25px 0px 15px 0px; color:#555555; } <\/style> <div class=\"inf-main_3000311ca56a1cb93397bc676c0b7fff\"> <h4>NEWSLETTER DES FREIEN BLICKS<\/h4> <span>Erhalten Sie unsere Artikel jeden Sonntag.<\/span> <div class=\"inf-success\" style=\"display:none\"> <h4>Ihre Anmeldung f\u00fcr unseren w\u00f6chentlichen Newsletter wurde erfolgreich registriert!<\/h4> <p> <a href=\"#\" class=\"inf-btn\">\u00ab<\/a> <\/p> <\/div> <div class=\"inf-content\"> <div class=\"inf-input inf-input-text\"> <input type=\"text\" name=\"inf[1]\" data-inf-meta=\"1\" data-inf-error=\"Merci de renseigner une adresse email\" required=\"required\" placeholder=\"E-Mail\"> <\/div> <div class=\"inf-submit\"> <input type=\"submit\" name=\"\" value=\"Anmelden\"> <\/div> <\/div> <\/div> <\/form>\n\n\n\n<p>Der Saal tr\u00e4gt eine gemeinsame Verantwortung f\u00fcr alle im Saal anwesenden Personen: eine w\u00fcrdige Ehrung dieser verstorbenen Menschen, deren Wesen uns jedoch durch die Darbietung der Schauspieler und die Gedanken, die wir gemeinsam an sie richten, noch immer pr\u00e4sent erscheint. Gegenst\u00e4nde, die den urspr\u00fcnglichen Erz\u00e4hlern der Geschichten oder den Schauspielern geh\u00f6ren, werden im Publikum von Hand zu Hand weitergereicht, wodurch wir unsere Emotionen gegen\u00fcber unseren Nachbarn zum Ausdruck bringen k\u00f6nnen.<\/p>\n\n\n\n<p><strong><em>Ein Sakrament<\/em>, La Br\u00e8che Company, Frankreich, 28. September bis 20. Mai<\/strong><\/p>\n\n\n\n<p><strong>12., 13. und 14. April 2022 || <a href=\"https:\/\/theatre-cite.com\/programmation\/2021-2022\/spectacle\/un-sacre\/\">Th\u00e9\u00e2tre de la Cit\u00e9 - CDN de Toulouse Okzitanien<\/a><br>3., 4., 5., 6. und 7. Mai 2022 || <a href=\"https:\/\/www.theatredescelestins.com\/saison-2021-2022\/spectacle\/un-sacre-la-reparation\/\">Th\u00e9\u00e2tre des C\u00e9lestins - Lyon<\/a><br>18., 19. und 20. Mai 2022 || <a href=\"https:\/\/www.lacomediedereims.fr\/saison-21-22\/sacre\">La Com\u00e9die - CDN de Reims<\/a><\/strong><\/p>\n\n\n\n<p><em>Schreiben Sie der Autorin: <a href=\"mailto:chloe.delassis@leregardlibre.com\">chloe.delassis@leregardlibre.com<\/a><\/em> <\/p>\n\n\n\n<p>Fotocredit: \u00a9 Compagnie La Br\u00e8che \/ M\u00e9lissa Leroux \/ Syhleam<\/p>","protected":false},"excerpt":{"rendered":"<p>Article in\u00e9dit \u2013 Chlo\u00e9 Delassis Fond\u00e9e en 2015 par la jeune et prometteuse Lorraine de Sagazan, la compagnie La Br\u00e8che&#8230;<\/p>","protected":false},"author":221,"featured_media":46682,"comment_status":"open","ping_status":"open","sticky":false,"template":"","format":"standard","meta":{"_acf_changed":false,"footnotes":""},"categories":[5386],"tags":[644357379,644357378,90484],"class_list":["post-46669","post","type-post","status-publish","format-standard","has-post-thumbnail","hentry","category-theatre","tag-antoin-meyer-esquerre","tag-jeanne-favre","tag-spectacle"],"acf":[],"yoast_head":"<!-- This site is optimized with the Yoast SEO Premium plugin v27.4 (Yoast SEO v27.4) - https:\/\/yoast.com\/product\/yoast-seo-premium-wordpress\/ -->\n<title>\u00abUn Sacre\u00bb: une pi\u00e8ce qui accompagne les deuils et honore nos morts<\/title>\n<meta name=\"description\" content=\"\u00abUn Sacre\u00bb, c\u2019est l\u2019entrem\u00ealement de plusieurs r\u00e9cits v\u00e9ridiques de d\u00e9c\u00e8s de proches. Un spectacle de la compagnie La Br\u00e8che \u00e0 voir \u00e0 Paris.\" \/>\n<meta name=\"robots\" content=\"index, follow, max-snippet:-1, max-image-preview:large, max-video-preview:-1\" \/>\n<link rel=\"canonical\" href=\"https:\/\/leregardlibre.com\/de\/darstellende-kunste\/theater\/ein-heiliges-stuck-ein-stuck-das-die-trauer-begleitet-und-unsere-toten-ehrt\/\" \/>\n<meta property=\"og:locale\" content=\"de_DE\" \/>\n<meta property=\"og:type\" content=\"article\" \/>\n<meta property=\"og:title\" content=\"\u00abUn Sacre\u00bb: une pi\u00e8ce qui accompagne les deuils et honore nos morts\" \/>\n<meta property=\"og:description\" content=\"\u00abUn Sacre\u00bb, c\u2019est l\u2019entrem\u00ealement de plusieurs r\u00e9cits v\u00e9ridiques de d\u00e9c\u00e8s de proches. Un spectacle de la compagnie La Br\u00e8che \u00e0 voir \u00e0 Paris.\" \/>\n<meta property=\"og:url\" content=\"https:\/\/leregardlibre.com\/de\/darstellende-kunste\/theater\/ein-heiliges-stuck-ein-stuck-das-die-trauer-begleitet-und-unsere-toten-ehrt\/\" \/>\n<meta property=\"og:site_name\" content=\"Le Regard Libre\" \/>\n<meta property=\"article:publisher\" content=\"https:\/\/www.facebook.com\/leregardlibre\/\" \/>\n<meta property=\"article:author\" content=\"https:\/\/www.facebook.com\/chloe.espinasse.94\" \/>\n<meta property=\"article:published_time\" content=\"2022-03-12T17:00:00+00:00\" \/>\n<meta property=\"article:modified_time\" content=\"2025-10-18T14:10:25+00:00\" \/>\n<meta property=\"og:image\" content=\"https:\/\/leregardlibre.com\/wp-content\/uploads\/2022\/03\/Un-Sacre_filage-22092021-_-Syhleam_Melissa-Leroux-4366-scaled.jpg\" \/>\n\t<meta property=\"og:image:width\" content=\"2560\" \/>\n\t<meta property=\"og:image:height\" content=\"1707\" \/>\n\t<meta property=\"og:image:type\" content=\"image\/jpeg\" \/>\n<meta name=\"author\" content=\"Chlo\u00e9 Delassis\" \/>\n<meta name=\"twitter:card\" content=\"summary_large_image\" \/>\n<meta name=\"twitter:creator\" content=\"@LeRegardLibre\" \/>\n<meta name=\"twitter:site\" content=\"@LeRegardLibre\" \/>\n<meta name=\"twitter:label1\" content=\"Verfasst von\" \/>\n\t<meta name=\"twitter:data1\" content=\"Chlo\u00e9 Delassis\" \/>\n\t<meta name=\"twitter:label2\" content=\"Gesch\u00e4tzte Lesezeit\" \/>\n\t<meta name=\"twitter:data2\" content=\"4\u00a0Minuten\" \/>\n<script type=\"application\/ld+json\" class=\"yoast-schema-graph\">{\"@context\":\"https:\\\/\\\/schema.org\",\"@graph\":[{\"@type\":\"Article\",\"@id\":\"https:\\\/\\\/leregardlibre.com\\\/arts-vivants\\\/theatre\\\/un-sacre-une-piece-qui-accompagne-les-deuils-et-honore-nos-morts\\\/#article\",\"isPartOf\":{\"@id\":\"https:\\\/\\\/leregardlibre.com\\\/arts-vivants\\\/theatre\\\/un-sacre-une-piece-qui-accompagne-les-deuils-et-honore-nos-morts\\\/\"},\"author\":{\"name\":\"Chlo\u00e9 Delassis\",\"@id\":\"https:\\\/\\\/leregardlibre.com\\\/#\\\/schema\\\/person\\\/27fa9ecdf0475276255bb25d4efec517\"},\"headline\":\"\u00abUn Sacre\u00bb: une pi\u00e8ce qui accompagne les deuils et honore nos morts\",\"datePublished\":\"2022-03-12T17:00:00+00:00\",\"dateModified\":\"2025-10-18T14:10:25+00:00\",\"mainEntityOfPage\":{\"@id\":\"https:\\\/\\\/leregardlibre.com\\\/arts-vivants\\\/theatre\\\/un-sacre-une-piece-qui-accompagne-les-deuils-et-honore-nos-morts\\\/\"},\"wordCount\":576,\"commentCount\":0,\"publisher\":{\"@id\":\"https:\\\/\\\/leregardlibre.com\\\/#organization\"},\"image\":{\"@id\":\"https:\\\/\\\/leregardlibre.com\\\/arts-vivants\\\/theatre\\\/un-sacre-une-piece-qui-accompagne-les-deuils-et-honore-nos-morts\\\/#primaryimage\"},\"thumbnailUrl\":\"https:\\\/\\\/leregardlibre.com\\\/wp-content\\\/uploads\\\/2022\\\/03\\\/Un-Sacre_filage-22092021-_-Syhleam_Melissa-Leroux-4366-scaled.jpg\",\"keywords\":[\"antoin meyer esquerr\u00e9\",\"jeanne favre\",\"Spectacle\"],\"articleSection\":[\"Th\u00e9\u00e2tre\"],\"inLanguage\":\"de\",\"potentialAction\":[{\"@type\":\"CommentAction\",\"name\":\"Comment\",\"target\":[\"https:\\\/\\\/leregardlibre.com\\\/arts-vivants\\\/theatre\\\/un-sacre-une-piece-qui-accompagne-les-deuils-et-honore-nos-morts\\\/#respond\"]}]},{\"@type\":\"WebPage\",\"@id\":\"https:\\\/\\\/leregardlibre.com\\\/arts-vivants\\\/theatre\\\/un-sacre-une-piece-qui-accompagne-les-deuils-et-honore-nos-morts\\\/\",\"url\":\"https:\\\/\\\/leregardlibre.com\\\/arts-vivants\\\/theatre\\\/un-sacre-une-piece-qui-accompagne-les-deuils-et-honore-nos-morts\\\/\",\"name\":\"\u00abUn Sacre\u00bb: une pi\u00e8ce qui accompagne les deuils et honore nos morts\",\"isPartOf\":{\"@id\":\"https:\\\/\\\/leregardlibre.com\\\/#website\"},\"primaryImageOfPage\":{\"@id\":\"https:\\\/\\\/leregardlibre.com\\\/arts-vivants\\\/theatre\\\/un-sacre-une-piece-qui-accompagne-les-deuils-et-honore-nos-morts\\\/#primaryimage\"},\"image\":{\"@id\":\"https:\\\/\\\/leregardlibre.com\\\/arts-vivants\\\/theatre\\\/un-sacre-une-piece-qui-accompagne-les-deuils-et-honore-nos-morts\\\/#primaryimage\"},\"thumbnailUrl\":\"https:\\\/\\\/leregardlibre.com\\\/wp-content\\\/uploads\\\/2022\\\/03\\\/Un-Sacre_filage-22092021-_-Syhleam_Melissa-Leroux-4366-scaled.jpg\",\"datePublished\":\"2022-03-12T17:00:00+00:00\",\"dateModified\":\"2025-10-18T14:10:25+00:00\",\"description\":\"\u00abUn Sacre\u00bb, c\u2019est l\u2019entrem\u00ealement de plusieurs r\u00e9cits v\u00e9ridiques de d\u00e9c\u00e8s de proches. Un spectacle de la compagnie La Br\u00e8che \u00e0 voir \u00e0 Paris.\",\"breadcrumb\":{\"@id\":\"https:\\\/\\\/leregardlibre.com\\\/arts-vivants\\\/theatre\\\/un-sacre-une-piece-qui-accompagne-les-deuils-et-honore-nos-morts\\\/#breadcrumb\"},\"inLanguage\":\"de\",\"potentialAction\":[{\"@type\":\"ReadAction\",\"target\":[\"https:\\\/\\\/leregardlibre.com\\\/arts-vivants\\\/theatre\\\/un-sacre-une-piece-qui-accompagne-les-deuils-et-honore-nos-morts\\\/\"]}]},{\"@type\":\"ImageObject\",\"inLanguage\":\"de\",\"@id\":\"https:\\\/\\\/leregardlibre.com\\\/arts-vivants\\\/theatre\\\/un-sacre-une-piece-qui-accompagne-les-deuils-et-honore-nos-morts\\\/#primaryimage\",\"url\":\"https:\\\/\\\/leregardlibre.com\\\/wp-content\\\/uploads\\\/2022\\\/03\\\/Un-Sacre_filage-22092021-_-Syhleam_Melissa-Leroux-4366-scaled.jpg\",\"contentUrl\":\"https:\\\/\\\/leregardlibre.com\\\/wp-content\\\/uploads\\\/2022\\\/03\\\/Un-Sacre_filage-22092021-_-Syhleam_Melissa-Leroux-4366-scaled.jpg\",\"width\":2560,\"height\":1707,\"caption\":\"Un Sacre \u00a9 Compagnie La Br\u00e8che \\\/ M\u00e9lissa Leroux \\\/ Syhleam\"},{\"@type\":\"BreadcrumbList\",\"@id\":\"https:\\\/\\\/leregardlibre.com\\\/arts-vivants\\\/theatre\\\/un-sacre-une-piece-qui-accompagne-les-deuils-et-honore-nos-morts\\\/#breadcrumb\",\"itemListElement\":[{\"@type\":\"ListItem\",\"position\":1,\"name\":\"Accueil\",\"item\":\"https:\\\/\\\/leregardlibre.com\\\/\"},{\"@type\":\"ListItem\",\"position\":2,\"name\":\"\u00abUn Sacre\u00bb: une pi\u00e8ce qui accompagne les deuils et honore nos morts\"}]},{\"@type\":\"WebSite\",\"@id\":\"https:\\\/\\\/leregardlibre.com\\\/#website\",\"url\":\"https:\\\/\\\/leregardlibre.com\\\/\",\"name\":\"Le Regard Libre\",\"description\":\"Premier mensuel suisse de d\u00e9bat\",\"publisher\":{\"@id\":\"https:\\\/\\\/leregardlibre.com\\\/#organization\"},\"potentialAction\":[{\"@type\":\"SearchAction\",\"target\":{\"@type\":\"EntryPoint\",\"urlTemplate\":\"https:\\\/\\\/leregardlibre.com\\\/?s={search_term_string}\"},\"query-input\":{\"@type\":\"PropertyValueSpecification\",\"valueRequired\":true,\"valueName\":\"search_term_string\"}}],\"inLanguage\":\"de\"},{\"@type\":\"Organization\",\"@id\":\"https:\\\/\\\/leregardlibre.com\\\/#organization\",\"name\":\"Le Regard Libre\",\"url\":\"https:\\\/\\\/leregardlibre.com\\\/\",\"logo\":{\"@type\":\"ImageObject\",\"inLanguage\":\"de\",\"@id\":\"https:\\\/\\\/leregardlibre.com\\\/#\\\/schema\\\/logo\\\/image\\\/\",\"url\":\"https:\\\/\\\/leregardlibre.com\\\/wp-content\\\/uploads\\\/2025\\\/08\\\/logo-rl-icone-neg.jpeg\",\"contentUrl\":\"https:\\\/\\\/leregardlibre.com\\\/wp-content\\\/uploads\\\/2025\\\/08\\\/logo-rl-icone-neg.jpeg\",\"width\":557,\"height\":556,\"caption\":\"Le Regard Libre\"},\"image\":{\"@id\":\"https:\\\/\\\/leregardlibre.com\\\/#\\\/schema\\\/logo\\\/image\\\/\"},\"sameAs\":[\"https:\\\/\\\/www.facebook.com\\\/leregardlibre\\\/\",\"https:\\\/\\\/x.com\\\/LeRegardLibre\",\"https:\\\/\\\/www.linkedin.com\\\/company\\\/le-regard-libre\",\"https:\\\/\\\/www.instagram.com\\\/leregardlibre\\\/\",\"http:\\\/\\\/t.me\\\/leregardlibre\",\"https:\\\/\\\/youtube.com\\\/channel\\\/UC6HzGPomj1LsUmlz-sJtITQ\"],\"description\":\"Le Regard Libre est un mensuel suisse de d\u00e9bat intellectuel et culturel. Sa r\u00e9daction est jeune, b\u00e9n\u00e9vole, lib\u00e9rale et pluraliste. Le magazine para\u00eet en ligne et sous forme papier. Sa langue est le fran\u00e7ais.\",\"email\":\"redaction@leregardlibre.com\",\"legalName\":\"Le Regard Libre\",\"foundingDate\":\"2014-01-01\",\"numberOfEmployees\":{\"@type\":\"QuantitativeValue\",\"minValue\":\"11\",\"maxValue\":\"50\"},\"publishingPrinciples\":\"https:\\\/\\\/leregardlibre.com\\\/a-propos\\\/notre-manifeste\\\/\",\"ownershipFundingInfo\":\"https:\\\/\\\/leregardlibre.com\\\/mentions-legales\\\/\",\"actionableFeedbackPolicy\":\"https:\\\/\\\/leregardlibre.com\\\/conditions-generales-de-vente\\\/\"},{\"@type\":\"Person\",\"@id\":\"https:\\\/\\\/leregardlibre.com\\\/#\\\/schema\\\/person\\\/27fa9ecdf0475276255bb25d4efec517\",\"name\":\"Chlo\u00e9 Delassis\",\"image\":{\"@type\":\"ImageObject\",\"inLanguage\":\"de\",\"@id\":\"https:\\\/\\\/secure.gravatar.com\\\/avatar\\\/7fa3d10e185926a6d787bef27ac448ff98fb951db7b33df66e413a9f9c6b12fa?s=96&d=identicon&r=g\",\"url\":\"https:\\\/\\\/secure.gravatar.com\\\/avatar\\\/7fa3d10e185926a6d787bef27ac448ff98fb951db7b33df66e413a9f9c6b12fa?s=96&d=identicon&r=g\",\"contentUrl\":\"https:\\\/\\\/secure.gravatar.com\\\/avatar\\\/7fa3d10e185926a6d787bef27ac448ff98fb951db7b33df66e413a9f9c6b12fa?s=96&d=identicon&r=g\",\"caption\":\"Chlo\u00e9 Delassis\"},\"sameAs\":[\"https:\\\/\\\/www.facebook.com\\\/chloe.espinasse.94\",\"https:\\\/\\\/www.instagram.com\\\/chloedelassis\\\/\",\"https:\\\/\\\/www.linkedin.com\\\/in\\\/chlo-delassis-49ab19194\\\/\",\"https:\\\/\\\/fr.wikipedia.org\\\/wiki\\\/Le_Regard_libre\"],\"url\":\"https:\\\/\\\/leregardlibre.com\\\/de\\\/author\\\/chlodelassis\\\/\"}]}<\/script>\n<!-- \/ Yoast SEO Premium plugin. -->","yoast_head_json":{"title":"\u00abUn Sacre\u00bb: ein St\u00fcck, das Trauer begleitet und unsere Toten ehrt","description":"\u00abUn Sacre\u00bb ist die Verflechtung mehrerer wahrer Erz\u00e4hlungen \u00fcber den Tod von Angeh\u00f6rigen. Eine Auff\u00fchrung der Compagnie La Br\u00e8che, die in Paris zu sehen ist.","robots":{"index":"index","follow":"follow","max-snippet":"max-snippet:-1","max-image-preview":"max-image-preview:large","max-video-preview":"max-video-preview:-1"},"canonical":"https:\/\/leregardlibre.com\/de\/darstellende-kunste\/theater\/ein-heiliges-stuck-ein-stuck-das-die-trauer-begleitet-und-unsere-toten-ehrt\/","og_locale":"de_DE","og_type":"article","og_title":"\u00abUn Sacre\u00bb: une pi\u00e8ce qui accompagne les deuils et honore nos morts","og_description":"\u00abUn Sacre\u00bb, c\u2019est l\u2019entrem\u00ealement de plusieurs r\u00e9cits v\u00e9ridiques de d\u00e9c\u00e8s de proches. Un spectacle de la compagnie La Br\u00e8che \u00e0 voir \u00e0 Paris.","og_url":"https:\/\/leregardlibre.com\/de\/darstellende-kunste\/theater\/ein-heiliges-stuck-ein-stuck-das-die-trauer-begleitet-und-unsere-toten-ehrt\/","og_site_name":"Le Regard Libre","article_publisher":"https:\/\/www.facebook.com\/leregardlibre\/","article_author":"https:\/\/www.facebook.com\/chloe.espinasse.94","article_published_time":"2022-03-12T17:00:00+00:00","article_modified_time":"2025-10-18T14:10:25+00:00","og_image":[{"width":2560,"height":1707,"url":"https:\/\/leregardlibre.com\/wp-content\/uploads\/2022\/03\/Un-Sacre_filage-22092021-_-Syhleam_Melissa-Leroux-4366-scaled.jpg","type":"image\/jpeg"}],"author":"Chlo\u00e9 Delassis","twitter_card":"summary_large_image","twitter_creator":"@LeRegardLibre","twitter_site":"@LeRegardLibre","twitter_misc":{"Verfasst von":"Chlo\u00e9 Delassis","Gesch\u00e4tzte Lesezeit":"4\u00a0Minuten"},"schema":{"@context":"https:\/\/schema.org","@graph":[{"@type":"Article","@id":"https:\/\/leregardlibre.com\/arts-vivants\/theatre\/un-sacre-une-piece-qui-accompagne-les-deuils-et-honore-nos-morts\/#article","isPartOf":{"@id":"https:\/\/leregardlibre.com\/arts-vivants\/theatre\/un-sacre-une-piece-qui-accompagne-les-deuils-et-honore-nos-morts\/"},"author":{"name":"Chlo\u00e9 Delassis","@id":"https:\/\/leregardlibre.com\/#\/schema\/person\/27fa9ecdf0475276255bb25d4efec517"},"headline":"\u00abUn Sacre\u00bb: une pi\u00e8ce qui accompagne les deuils et honore nos morts","datePublished":"2022-03-12T17:00:00+00:00","dateModified":"2025-10-18T14:10:25+00:00","mainEntityOfPage":{"@id":"https:\/\/leregardlibre.com\/arts-vivants\/theatre\/un-sacre-une-piece-qui-accompagne-les-deuils-et-honore-nos-morts\/"},"wordCount":576,"commentCount":0,"publisher":{"@id":"https:\/\/leregardlibre.com\/#organization"},"image":{"@id":"https:\/\/leregardlibre.com\/arts-vivants\/theatre\/un-sacre-une-piece-qui-accompagne-les-deuils-et-honore-nos-morts\/#primaryimage"},"thumbnailUrl":"https:\/\/leregardlibre.com\/wp-content\/uploads\/2022\/03\/Un-Sacre_filage-22092021-_-Syhleam_Melissa-Leroux-4366-scaled.jpg","keywords":["antoin meyer esquerr\u00e9","jeanne favre","Spectacle"],"articleSection":["Th\u00e9\u00e2tre"],"inLanguage":"de","potentialAction":[{"@type":"CommentAction","name":"Comment","target":["https:\/\/leregardlibre.com\/arts-vivants\/theatre\/un-sacre-une-piece-qui-accompagne-les-deuils-et-honore-nos-morts\/#respond"]}]},{"@type":"WebPage","@id":"https:\/\/leregardlibre.com\/arts-vivants\/theatre\/un-sacre-une-piece-qui-accompagne-les-deuils-et-honore-nos-morts\/","url":"https:\/\/leregardlibre.com\/arts-vivants\/theatre\/un-sacre-une-piece-qui-accompagne-les-deuils-et-honore-nos-morts\/","name":"\u00abUn Sacre\u00bb: ein St\u00fcck, das Trauer begleitet und unsere Toten ehrt","isPartOf":{"@id":"https:\/\/leregardlibre.com\/#website"},"primaryImageOfPage":{"@id":"https:\/\/leregardlibre.com\/arts-vivants\/theatre\/un-sacre-une-piece-qui-accompagne-les-deuils-et-honore-nos-morts\/#primaryimage"},"image":{"@id":"https:\/\/leregardlibre.com\/arts-vivants\/theatre\/un-sacre-une-piece-qui-accompagne-les-deuils-et-honore-nos-morts\/#primaryimage"},"thumbnailUrl":"https:\/\/leregardlibre.com\/wp-content\/uploads\/2022\/03\/Un-Sacre_filage-22092021-_-Syhleam_Melissa-Leroux-4366-scaled.jpg","datePublished":"2022-03-12T17:00:00+00:00","dateModified":"2025-10-18T14:10:25+00:00","description":"\u00abUn Sacre\u00bb ist die Verflechtung mehrerer wahrer Erz\u00e4hlungen \u00fcber den Tod von Angeh\u00f6rigen. Eine Auff\u00fchrung der Compagnie La Br\u00e8che, die in Paris zu sehen ist.","breadcrumb":{"@id":"https:\/\/leregardlibre.com\/arts-vivants\/theatre\/un-sacre-une-piece-qui-accompagne-les-deuils-et-honore-nos-morts\/#breadcrumb"},"inLanguage":"de","potentialAction":[{"@type":"ReadAction","target":["https:\/\/leregardlibre.com\/arts-vivants\/theatre\/un-sacre-une-piece-qui-accompagne-les-deuils-et-honore-nos-morts\/"]}]},{"@type":"ImageObject","inLanguage":"de","@id":"https:\/\/leregardlibre.com\/arts-vivants\/theatre\/un-sacre-une-piece-qui-accompagne-les-deuils-et-honore-nos-morts\/#primaryimage","url":"https:\/\/leregardlibre.com\/wp-content\/uploads\/2022\/03\/Un-Sacre_filage-22092021-_-Syhleam_Melissa-Leroux-4366-scaled.jpg","contentUrl":"https:\/\/leregardlibre.com\/wp-content\/uploads\/2022\/03\/Un-Sacre_filage-22092021-_-Syhleam_Melissa-Leroux-4366-scaled.jpg","width":2560,"height":1707,"caption":"Un Sacre \u00a9 Compagnie La Br\u00e8che \/ M\u00e9lissa Leroux \/ Syhleam"},{"@type":"BreadcrumbList","@id":"https:\/\/leregardlibre.com\/arts-vivants\/theatre\/un-sacre-une-piece-qui-accompagne-les-deuils-et-honore-nos-morts\/#breadcrumb","itemListElement":[{"@type":"ListItem","position":1,"name":"Accueil","item":"https:\/\/leregardlibre.com\/"},{"@type":"ListItem","position":2,"name":"\u00abUn Sacre\u00bb: une pi\u00e8ce qui accompagne les deuils et honore nos morts"}]},{"@type":"WebSite","@id":"https:\/\/leregardlibre.com\/#website","url":"https:\/\/leregardlibre.com\/","name":"Le Regard Libre","description":"Erste Schweizer Monatszeitschrift f\u00fcr Debatten","publisher":{"@id":"https:\/\/leregardlibre.com\/#organization"},"potentialAction":[{"@type":"SearchAction","target":{"@type":"EntryPoint","urlTemplate":"https:\/\/leregardlibre.com\/?s={search_term_string}"},"query-input":{"@type":"PropertyValueSpecification","valueRequired":true,"valueName":"search_term_string"}}],"inLanguage":"de"},{"@type":"Organization","@id":"https:\/\/leregardlibre.com\/#organization","name":"Le Regard Libre","url":"https:\/\/leregardlibre.com\/","logo":{"@type":"ImageObject","inLanguage":"de","@id":"https:\/\/leregardlibre.com\/#\/schema\/logo\/image\/","url":"https:\/\/leregardlibre.com\/wp-content\/uploads\/2025\/08\/logo-rl-icone-neg.jpeg","contentUrl":"https:\/\/leregardlibre.com\/wp-content\/uploads\/2025\/08\/logo-rl-icone-neg.jpeg","width":557,"height":556,"caption":"Le Regard Libre"},"image":{"@id":"https:\/\/leregardlibre.com\/#\/schema\/logo\/image\/"},"sameAs":["https:\/\/www.facebook.com\/leregardlibre\/","https:\/\/x.com\/LeRegardLibre","https:\/\/www.linkedin.com\/company\/le-regard-libre","https:\/\/www.instagram.com\/leregardlibre\/","http:\/\/t.me\/leregardlibre","https:\/\/youtube.com\/channel\/UC6HzGPomj1LsUmlz-sJtITQ"],"description":"Le Regard Libre ist eine Schweizer Monatszeitschrift f\u00fcr intellektuelle und kulturelle Debatten. Seine Redaktion ist jung, ehrenamtlich, liberal und pluralistisch. Das Magazin erscheint online und in gedruckter Form. Seine Sprache ist Franz\u00f6sisch.","email":"redaction@leregardlibre.com","legalName":"Le Regard Libre","foundingDate":"2014-01-01","numberOfEmployees":{"@type":"QuantitativeValue","minValue":"11","maxValue":"50"},"publishingPrinciples":"https:\/\/leregardlibre.com\/a-propos\/notre-manifeste\/","ownershipFundingInfo":"https:\/\/leregardlibre.com\/mentions-legales\/","actionableFeedbackPolicy":"https:\/\/leregardlibre.com\/conditions-generales-de-vente\/"},{"@type":"Person","@id":"https:\/\/leregardlibre.com\/#\/schema\/person\/27fa9ecdf0475276255bb25d4efec517","name":"Chlo\u00e9 Delassis","image":{"@type":"ImageObject","inLanguage":"de","@id":"https:\/\/secure.gravatar.com\/avatar\/7fa3d10e185926a6d787bef27ac448ff98fb951db7b33df66e413a9f9c6b12fa?s=96&d=identicon&r=g","url":"https:\/\/secure.gravatar.com\/avatar\/7fa3d10e185926a6d787bef27ac448ff98fb951db7b33df66e413a9f9c6b12fa?s=96&d=identicon&r=g","contentUrl":"https:\/\/secure.gravatar.com\/avatar\/7fa3d10e185926a6d787bef27ac448ff98fb951db7b33df66e413a9f9c6b12fa?s=96&d=identicon&r=g","caption":"Chlo\u00e9 Delassis"},"sameAs":["https:\/\/www.facebook.com\/chloe.espinasse.94","https:\/\/www.instagram.com\/chloedelassis\/","https:\/\/www.linkedin.com\/in\/chlo-delassis-49ab19194\/","https:\/\/fr.wikipedia.org\/wiki\/Le_Regard_libre"],"url":"https:\/\/leregardlibre.com\/de\/author\/chlodelassis\/"}]}},"_links":{"self":[{"href":"https:\/\/leregardlibre.com\/de\/wp-json\/wp\/v2\/posts\/46669","targetHints":{"allow":["GET"]}}],"collection":[{"href":"https:\/\/leregardlibre.com\/de\/wp-json\/wp\/v2\/posts"}],"about":[{"href":"https:\/\/leregardlibre.com\/de\/wp-json\/wp\/v2\/types\/post"}],"author":[{"embeddable":true,"href":"https:\/\/leregardlibre.com\/de\/wp-json\/wp\/v2\/users\/221"}],"replies":[{"embeddable":true,"href":"https:\/\/leregardlibre.com\/de\/wp-json\/wp\/v2\/comments?post=46669"}],"version-history":[{"count":1,"href":"https:\/\/leregardlibre.com\/de\/wp-json\/wp\/v2\/posts\/46669\/revisions"}],"predecessor-version":[{"id":511355,"href":"https:\/\/leregardlibre.com\/de\/wp-json\/wp\/v2\/posts\/46669\/revisions\/511355"}],"wp:featuredmedia":[{"embeddable":true,"href":"https:\/\/leregardlibre.com\/de\/wp-json\/wp\/v2\/media\/46682"}],"wp:attachment":[{"href":"https:\/\/leregardlibre.com\/de\/wp-json\/wp\/v2\/media?parent=46669"}],"wp:term":[{"taxonomy":"category","embeddable":true,"href":"https:\/\/leregardlibre.com\/de\/wp-json\/wp\/v2\/categories?post=46669"},{"taxonomy":"post_tag","embeddable":true,"href":"https:\/\/leregardlibre.com\/de\/wp-json\/wp\/v2\/tags?post=46669"}],"curies":[{"name":"wp","href":"https:\/\/api.w.org\/{rel}","templated":true}]}}