{"id":46843,"date":"2022-03-16T10:38:52","date_gmt":"2022-03-16T09:38:52","guid":{"rendered":"https:\/\/leregardlibre.com\/?p=46843"},"modified":"2025-12-04T22:23:36","modified_gmt":"2025-12-04T21:23:36","slug":"unsere-dame-brennt-ein-christlicher-thriller-erstickt","status":"publish","type":"post","link":"https:\/\/leregardlibre.com\/de\/kino\/filme\/unsere-dame-brennt-ein-christlicher-thriller-erstickt\/","title":{"rendered":"\u00abEin christlicher Thriller: \u00bbNotre-Dame br\u00fble\" (Unsere Liebe Frau brennt)"},"content":{"rendered":"<p><em>Film-Mittwochs - <a href=\"https:\/\/leregardlibre.com\/de\/tag\/fanny-agostino\/\">Fanny Agostino<\/a><\/em><\/p>\n\n\n\n<p class=\"has-drop-cap\"><strong>Fassungslosigkeit, Sorge und Erwartung. Diesen Gem\u00fctszustand teilten viele Pariser am 15. April 2019, als die Kathedrale Notre-Dame de Paris in einer Massenpanik in Flammen aufging. Jean-Jacques Annaud (<em><a href=\"https:\/\/www.imdb.com\/title\/tt0091605\/\">Der Name der Rose<\/a><\/em>, <em><a href=\"https:\/\/www.imdb.com\/title\/tt7134194\/\">Die Wahrheit \u00fcber den Fall Harry Quebert<\/a><\/em>) erz\u00e4hlt die Geschichte in streng chronologischer Form. Die dokumentarisch anmutende Fiktion versetzt uns in einen Thriller, der sich an die Ereignisse h\u00e4lt. Der Regisseur hat die Nase in seiner Suppe und es fehlt ihm leider an Perspektive.<\/strong><\/p>\n\n\n\n<!--more Lire la critique (en libre acc\u00e8s)-->\n\n\n\n<figure class=\"wp-block-embed is-type-video is-provider-youtube wp-block-embed-youtube wp-embed-aspect-16-9 wp-has-aspect-ratio\"><div class=\"wp-block-embed__wrapper\">\n<iframe title=\"Notre-Dame Br\u00fble - Offizieller HD-Trailer\" width=\"1000\" height=\"563\" src=\"https:\/\/www.youtube.com\/embed\/YlDXdPSEtgk?feature=oembed\" frameborder=\"0\" allow=\"accelerometer; autoplay; clipboard-write; encrypted-media; gyroscope; picture-in-picture; web-share\" referrerpolicy=\"strict-origin-when-cross-origin\" allowfullscreen><\/iframe>\n<\/div><\/figure>\n\n\n\n<p>Lassen Sie uns die wildesten Spekulationen sofort stoppen. Annaud liefert keine \u00abWahrheit\u00bb \u00fcber die Ursachen des Feuers. Zu Beginn des Films werden mehrere M\u00f6glichkeiten genannt: eine gl\u00fchende Zigarettenkippe, alte brennbare Stoffe, die nicht mehr verwendet wurden, das Alter des Dachstuhls und mangelnde Wartung. Der Regisseur bleibt den Ereignissen treu und entfaltet die verschiedenen Sichtweisen, die zuf\u00e4lligen und manchmal unglaublichen Umst\u00e4nde, die zur Zerst\u00f6rung von Viollet-le-Ducs Pfeil f\u00fchrten und eine Bresche in das zentrale Gew\u00f6lbe des Monuments rissen. Von der amerikanischen Touristin bis zu den Brandbek\u00e4mpfern vergeht die Zeit und das Drama spitzt sich zu. Der Zuschauer ist im Augenblick gefangen, so wie die Feuerwehrleute von den Flammen.<\/p>\n\n\n\n\n\n<p>Die ersten zwanzig Minuten des Films heben sich von der katastrophalen - oder sollte man besser sagen apokalyptischen? - und be\u00e4ngstigenden zweiten Teil. Die erste H\u00e4lfte beschreibt die Umgebung der Kathedrale und die Menschen, die dort von morgens bis abends zusammenkommen. Die Geschichte von Notre Dame wird in aufeinanderfolgenden Einstellungen enth\u00fcllt... und erfunden: Die Zahlen, die von den F\u00fchrern genannt werden, sind nie identisch, der Ton der Inszenierung ist manchmal ironisch gegen\u00fcber den mit Selfie-Stangen bewaffneten Besuchern. Die Aufnahmen ersch\u00f6pfen sich darin, die Ecken von Notre-Dame zu erkunden: Es gibt immer mehr Panoramablicke, Kamerafahrten und schnelle Schnitte, die dem Film einen blendenden und bezaubernden Rhythmus verleihen.<\/p>\n\n\n\n<h3 class=\"wp-block-heading\"><strong>Eifer ohne K\u00fchnheit<\/strong><\/h3>\n\n\n\n<p>Dann wechselt die Erz\u00e4hlung in die Perspektive der Feuerwehrsoldaten. W\u00e4hrend des gesamten Films sp\u00fcrt man den Respekt des Regisseurs f\u00fcr diese M\u00e4nner und Frauen, die an vorderster Front standen. Als Ergebnis einer langen Recherche von Annauds Team werden die Route und die Aktionen der Feuerwehrleute minuti\u00f6s dokumentiert. Die Unm\u00f6glichkeit, wegen des dichten Verkehrs rund um die \u00cele de la Cit\u00e9 sofort einzugreifen, die ungl\u00fcckliche Rettung der Dornenkrone, die Unklarheit der von Emmanuel Macron getroffenen Entscheidungen ...<\/p>\n\n\n\n\n\n<p>Diese Komplexit\u00e4t wird jedoch nie aus der Distanz betrachtet, sondern der Zuschauer wird unter Spannung gesetzt und von einem donnernden Soundtrack und den Bildern der brennenden Kathedrale absorbiert. Die Aufregung geht unter die Haut und l\u00e4sst uns nicht zur Ruhe kommen. Auch wenn der Film wie ein Thriller aufgebaut ist, w\u00e4ren ein paar Momente zum Durchatmen, z. B. in Form von R\u00fcckblenden, sicherlich willkommen gewesen.<\/p>\n\n\n\n<form method=\"post\" action=\"https:\/\/newsletter.infomaniak.com\/external\/submit\" class=\"inf-form\" target=\"_blank\"><input type=\"email\" name=\"email\" style=\"display:none\"><input type=\"hidden\" name=\"key\" value=\"eyJpdiI6IlZXRVJGMlRGQUU2alNqUE81bitIUk5adnNVa0c4MllFTStzOHdHT1FQZ3c9IiwidmFsdWUiOiJIYzhwMUVCK1pTNnlhY3MyMmhuZlhReWJqemEwNk93blMxTjFHc0s2VHZrPSIsIm1hYyI6ImVhYTQ5N2I1M2NiYWE4NzBmNjk2NzgzYjliM2Y5NmYzM2E2ZmU3NGQxNTU1ZDFkMTU1MzY5NTdjYjE3ZTJmNTUifQ==\"><input type=\"hidden\" name=\"webform_id\" value=\"7291\"><style> .inf-main_3000311ca56a1cb93397bc676c0b7fff{ background-color:#f5f5f5; padding:25px 20px; margin:25px auto; } .inf-main_3000311ca56a1cb93397bc676c0b7fff .inf-content { margin-top:13px;} .inf-main_3000311ca56a1cb93397bc676c0b7fff h4, .inf-main_3000311ca56a1cb93397bc676c0b7fff span, .inf-main_3000311ca56a1cb93397bc676c0b7fff label, .inf-main_3000311ca56a1cb93397bc676c0b7fff input, .inf-main_3000311ca56a1cb93397bc676c0b7fff .inf-submit, .inf-main_3000311ca56a1cb93397bc676c0b7fff .inf-success p a { color:#555555; font-size:14px; } .inf-main_3000311ca56a1cb93397bc676c0b7fff h4{ font-size:18px; margin:0px 0px 13px 0px; } .inf-main_3000311ca56a1cb93397bc676c0b7fff h4, .inf-main_3000311ca56a1cb93397bc676c0b7fff label{ font-weight:bold; } .inf-main_3000311ca56a1cb93397bc676c0b7fff .inf-input { margin-bottom:7px; } .inf-main_3000311ca56a1cb93397bc676c0b7fff label { display:block;} .inf-main_3000311ca56a1cb93397bc676c0b7fff input{ height:35px; color:#999999; border: 1px solid #E9E9E9; border:none; padding-left:7px; } .inf-main_3000311ca56a1cb93397bc676c0b7fff .inf-input.inf-error label, .inf-main_3000311ca56a1cb93397bc676c0b7fff .inf-input.inf-error span.inf-message{ color: #cc0033; } .inf-main_3000311ca56a1cb93397bc676c0b7fff .inf-input.inf-error input{ border: 1px solid #cc0033; } .inf-main_3000311ca56a1cb93397bc676c0b7fff .inf-input input { width:100%;} .inf-main_3000311ca56a1cb93397bc676c0b7fff .inf-input.inf-error span.inf-message { display: block; } .inf-main_3000311ca56a1cb93397bc676c0b7fff .inf-submit { text-align:right;} .inf-main_3000311ca56a1cb93397bc676c0b7fff .inf-submit input{ background-color:#777777; color:#ffffff; border:none; font-weight: normal; height:auto; padding:7px; } .inf-main_3000311ca56a1cb93397bc676c0b7fff .inf-submit input.disabled{ opacity: 0.4; } .inf-btn { color: rgb(85, 85, 85); border: medium none; font-weight: normal; height: auto; padding: 7px; display: inline-block; background-color: white; box-shadow: 0px 1px 1px rgba(0, 0, 0, 0.24); border-radius: 2px; line-height: 1em; } .inf-rgpd { margin:25px 0px 15px 0px; color:#555555; } <\/style> <div class=\"inf-main_3000311ca56a1cb93397bc676c0b7fff\"> <h4>NEWSLETTER DES FREIEN BLICKS<\/h4> <span>Erhalten Sie unsere Artikel jeden Sonntag.<\/span> <div class=\"inf-success\" style=\"display:none\"> <h4>Ihre Anmeldung f\u00fcr unseren w\u00f6chentlichen Newsletter wurde erfolgreich registriert!<\/h4> <p> <a href=\"#\" class=\"inf-btn\">\u00ab<\/a> <\/p> <\/div> <div class=\"inf-content\"> <div class=\"inf-input inf-input-text\"> <input type=\"text\" name=\"inf[1]\" data-inf-meta=\"1\" data-inf-error=\"Merci de renseigner une adresse email\" required=\"required\" placeholder=\"E-Mail\"> <\/div> <div class=\"inf-submit\"> <input type=\"submit\" name=\"\" value=\"Anmelden\"> <\/div> <\/div> <\/div> <\/form>\n\n\n\n<p>Zu diesem Mangel kommt noch die ostentative Neigung der Szenen hinzu, die einen mystischen Teil der Ereignisse propagieren. Das Wunder, dass das Geb\u00e4ude noch steht, begeistert Annaud, indem er eine religi\u00f6se Aufregung wiedergibt. Die Fr\u00f6mmigkeit wird bis zum \u00c4u\u00dfersten karikiert, wie der Dialog zwischen zwei Feuerwehrleuten \u00fcber die Rettung des Kelchs oder eine Gebetssequenz, die dem <em>Titanic<\/em>... Zu sehr in seiner Geschichte verhaftet, brennt Notre-Dame... aber nicht das Herz des Zuschauers.<\/p>\n\n\n\n<p><em>Schreiben Sie der Autorin: <a href=\"mailto:fanny.agostino@leregardlibre.com\">fanny.agostino@leregardlibre.com<\/a><\/em><\/p>\n\n\n\n<figure class=\"wp-block-image size-large\"><a href=\"https:\/\/leregardlibre.com\/wp-content\/uploads\/2022\/03\/Affiche_Notre-dame-bru\u0302le.jpg\"><img fetchpriority=\"high\" decoding=\"async\" width=\"1792\" height=\"2560\" src=\"http:\/\/leregardlibre.com\/wp-content\/uploads\/2022\/03\/Affiche_Notre-dame-bru\u0302le-scaled.jpg\" alt=\"\" class=\"wp-image-46888\" srcset=\"https:\/\/leregardlibre.com\/wp-content\/uploads\/2022\/03\/Affiche_Notre-dame-bru\u0302le-scaled.jpg 1792w, https:\/\/leregardlibre.com\/wp-content\/uploads\/2022\/03\/Affiche_Notre-dame-bru\u0302le-scaled-1170x1671.jpg 1170w, https:\/\/leregardlibre.com\/wp-content\/uploads\/2022\/03\/Affiche_Notre-dame-bru\u0302le-scaled-585x836.jpg 585w, https:\/\/leregardlibre.com\/wp-content\/uploads\/2022\/03\/Affiche_Notre-dame-bru\u0302le-scaled-300x429.jpg 300w, https:\/\/leregardlibre.com\/wp-content\/uploads\/2022\/03\/Affiche_Notre-dame-bru\u0302le-scaled-600x857.jpg 600w, https:\/\/leregardlibre.com\/wp-content\/uploads\/2022\/03\/Affiche_Notre-dame-bru\u0302le-105x150.jpg 105w, https:\/\/leregardlibre.com\/wp-content\/uploads\/2022\/03\/Affiche_Notre-dame-bru\u0302le-210x300.jpg 210w, https:\/\/leregardlibre.com\/wp-content\/uploads\/2022\/03\/Affiche_Notre-dame-bru\u0302le-768x1097.jpg 768w, https:\/\/leregardlibre.com\/wp-content\/uploads\/2022\/03\/Affiche_Notre-dame-bru\u0302le-717x1024.jpg 717w, https:\/\/leregardlibre.com\/wp-content\/uploads\/2022\/03\/Affiche_Notre-dame-bru\u0302le-1075x1536.jpg 1075w, https:\/\/leregardlibre.com\/wp-content\/uploads\/2022\/03\/Affiche_Notre-dame-bru\u0302le-1433x2048.jpg 1433w\" sizes=\"(max-width: 1792px) 100vw, 1792px\" \/><\/a><\/figure>","protected":false},"excerpt":{"rendered":"<p>Les mercredis du cin\u00e9ma \u2013 Fanny Agostino Sid\u00e9ration, inqui\u00e9tude et attente. Tel fut l\u2019\u00e9tat d\u2019esprit partag\u00e9 par bon nombre de&#8230;<\/p>","protected":false},"author":97,"featured_media":46854,"comment_status":"open","ping_status":"open","sticky":false,"template":"","format":"standard","meta":{"_acf_changed":false,"footnotes":""},"categories":[644355829],"tags":[644357396,11183],"class_list":["post-46843","post","type-post","status-publish","format-standard","has-post-thumbnail","hentry","category-films","tag-jean-jacques-annaud","tag-thriller"],"acf":[],"yoast_head":"<!-- This site is optimized with the Yoast SEO Premium plugin v27.4 (Yoast SEO v27.4) - https:\/\/yoast.com\/product\/yoast-seo-premium-wordpress\/ -->\n<title>\u00abNotre-Dame br\u00fble\u00bb: un thriller \u00e9touffe-chr\u00e9tien<\/title>\n<meta name=\"description\" content=\"\u00abNotre-Dame br\u00fble\u00bb, le thriller de Jean-Jacques Annaud qui retrace l&#039;incendie de Notre-Dame, est-il un bon film? Notre r\u00e9ponse\" \/>\n<meta name=\"robots\" content=\"index, follow, max-snippet:-1, max-image-preview:large, max-video-preview:-1\" \/>\n<link rel=\"canonical\" href=\"https:\/\/leregardlibre.com\/de\/kino\/filme\/unsere-dame-brennt-ein-christlicher-thriller-erstickt\/\" \/>\n<meta property=\"og:locale\" content=\"de_DE\" \/>\n<meta property=\"og:type\" content=\"article\" \/>\n<meta property=\"og:title\" content=\"\u00abNotre-Dame br\u00fble\u00bb: un thriller \u00e9touffe-chr\u00e9tien\" \/>\n<meta property=\"og:description\" content=\"\u00abNotre-Dame br\u00fble\u00bb, le thriller de Jean-Jacques Annaud qui retrace l&#039;incendie de Notre-Dame, est-il un bon film? Notre r\u00e9ponse\" \/>\n<meta property=\"og:url\" content=\"https:\/\/leregardlibre.com\/de\/kino\/filme\/unsere-dame-brennt-ein-christlicher-thriller-erstickt\/\" \/>\n<meta property=\"og:site_name\" content=\"Le Regard Libre\" \/>\n<meta property=\"article:publisher\" content=\"https:\/\/www.facebook.com\/leregardlibre\/\" \/>\n<meta property=\"article:published_time\" content=\"2022-03-16T09:38:52+00:00\" \/>\n<meta property=\"article:modified_time\" content=\"2025-12-04T21:23:36+00:00\" \/>\n<meta property=\"og:image\" content=\"https:\/\/leregardlibre.com\/wp-content\/uploads\/2022\/03\/Notre-Dame-bru\u0302le_0-\u00a9-Guy-Ferrandis-scaled.jpg\" \/>\n\t<meta property=\"og:image:width\" content=\"2560\" \/>\n\t<meta property=\"og:image:height\" content=\"1763\" \/>\n\t<meta property=\"og:image:type\" content=\"image\/jpeg\" \/>\n<meta name=\"author\" content=\"Fanny Agostino\" \/>\n<meta name=\"twitter:card\" content=\"summary_large_image\" \/>\n<meta name=\"twitter:creator\" content=\"@LeRegardLibre\" \/>\n<meta name=\"twitter:site\" content=\"@LeRegardLibre\" \/>\n<meta name=\"twitter:label1\" content=\"Verfasst von\" \/>\n\t<meta name=\"twitter:data1\" content=\"Fanny Agostino\" \/>\n\t<meta name=\"twitter:label2\" content=\"Gesch\u00e4tzte Lesezeit\" \/>\n\t<meta name=\"twitter:data2\" content=\"4\u00a0Minuten\" \/>\n<script type=\"application\/ld+json\" class=\"yoast-schema-graph\">{\"@context\":\"https:\\\/\\\/schema.org\",\"@graph\":[{\"@type\":\"Article\",\"@id\":\"https:\\\/\\\/leregardlibre.com\\\/cinema\\\/films\\\/notre-dame-brule-un-thriller-etouffe-chretien\\\/#article\",\"isPartOf\":{\"@id\":\"https:\\\/\\\/leregardlibre.com\\\/cinema\\\/films\\\/notre-dame-brule-un-thriller-etouffe-chretien\\\/\"},\"author\":{\"name\":\"Fanny Agostino\",\"@id\":\"https:\\\/\\\/leregardlibre.com\\\/#\\\/schema\\\/person\\\/265ee491807e412149da45979d6eddb7\"},\"headline\":\"\u00abNotre-Dame br\u00fble\u00bb: un thriller \u00e9touffe-chr\u00e9tien\",\"datePublished\":\"2022-03-16T09:38:52+00:00\",\"dateModified\":\"2025-12-04T21:23:36+00:00\",\"mainEntityOfPage\":{\"@id\":\"https:\\\/\\\/leregardlibre.com\\\/cinema\\\/films\\\/notre-dame-brule-un-thriller-etouffe-chretien\\\/\"},\"wordCount\":653,\"commentCount\":0,\"publisher\":{\"@id\":\"https:\\\/\\\/leregardlibre.com\\\/#organization\"},\"image\":{\"@id\":\"https:\\\/\\\/leregardlibre.com\\\/cinema\\\/films\\\/notre-dame-brule-un-thriller-etouffe-chretien\\\/#primaryimage\"},\"thumbnailUrl\":\"https:\\\/\\\/leregardlibre.com\\\/wp-content\\\/uploads\\\/2022\\\/03\\\/Notre-Dame-bru\u0302le_0-\u00a9-Guy-Ferrandis-scaled.jpg\",\"keywords\":[\"jean-jacques annaud\",\"Thriller\"],\"articleSection\":[\"Films\"],\"inLanguage\":\"de\",\"potentialAction\":[{\"@type\":\"CommentAction\",\"name\":\"Comment\",\"target\":[\"https:\\\/\\\/leregardlibre.com\\\/cinema\\\/films\\\/notre-dame-brule-un-thriller-etouffe-chretien\\\/#respond\"]}]},{\"@type\":\"WebPage\",\"@id\":\"https:\\\/\\\/leregardlibre.com\\\/cinema\\\/films\\\/notre-dame-brule-un-thriller-etouffe-chretien\\\/\",\"url\":\"https:\\\/\\\/leregardlibre.com\\\/cinema\\\/films\\\/notre-dame-brule-un-thriller-etouffe-chretien\\\/\",\"name\":\"\u00abNotre-Dame br\u00fble\u00bb: un thriller \u00e9touffe-chr\u00e9tien\",\"isPartOf\":{\"@id\":\"https:\\\/\\\/leregardlibre.com\\\/#website\"},\"primaryImageOfPage\":{\"@id\":\"https:\\\/\\\/leregardlibre.com\\\/cinema\\\/films\\\/notre-dame-brule-un-thriller-etouffe-chretien\\\/#primaryimage\"},\"image\":{\"@id\":\"https:\\\/\\\/leregardlibre.com\\\/cinema\\\/films\\\/notre-dame-brule-un-thriller-etouffe-chretien\\\/#primaryimage\"},\"thumbnailUrl\":\"https:\\\/\\\/leregardlibre.com\\\/wp-content\\\/uploads\\\/2022\\\/03\\\/Notre-Dame-bru\u0302le_0-\u00a9-Guy-Ferrandis-scaled.jpg\",\"datePublished\":\"2022-03-16T09:38:52+00:00\",\"dateModified\":\"2025-12-04T21:23:36+00:00\",\"description\":\"\u00abNotre-Dame br\u00fble\u00bb, le thriller de Jean-Jacques Annaud qui retrace l'incendie de Notre-Dame, est-il un bon film? Notre r\u00e9ponse\",\"breadcrumb\":{\"@id\":\"https:\\\/\\\/leregardlibre.com\\\/cinema\\\/films\\\/notre-dame-brule-un-thriller-etouffe-chretien\\\/#breadcrumb\"},\"inLanguage\":\"de\",\"potentialAction\":[{\"@type\":\"ReadAction\",\"target\":[\"https:\\\/\\\/leregardlibre.com\\\/cinema\\\/films\\\/notre-dame-brule-un-thriller-etouffe-chretien\\\/\"]}]},{\"@type\":\"ImageObject\",\"inLanguage\":\"de\",\"@id\":\"https:\\\/\\\/leregardlibre.com\\\/cinema\\\/films\\\/notre-dame-brule-un-thriller-etouffe-chretien\\\/#primaryimage\",\"url\":\"https:\\\/\\\/leregardlibre.com\\\/wp-content\\\/uploads\\\/2022\\\/03\\\/Notre-Dame-bru\u0302le_0-\u00a9-Guy-Ferrandis-scaled.jpg\",\"contentUrl\":\"https:\\\/\\\/leregardlibre.com\\\/wp-content\\\/uploads\\\/2022\\\/03\\\/Notre-Dame-bru\u0302le_0-\u00a9-Guy-Ferrandis-scaled.jpg\",\"width\":2560,\"height\":1763,\"caption\":\"Notre-Dame bru\u0302le \u00a9 Guy Ferrandis\"},{\"@type\":\"BreadcrumbList\",\"@id\":\"https:\\\/\\\/leregardlibre.com\\\/cinema\\\/films\\\/notre-dame-brule-un-thriller-etouffe-chretien\\\/#breadcrumb\",\"itemListElement\":[{\"@type\":\"ListItem\",\"position\":1,\"name\":\"Accueil\",\"item\":\"https:\\\/\\\/leregardlibre.com\\\/\"},{\"@type\":\"ListItem\",\"position\":2,\"name\":\"\u00abNotre-Dame br\u00fble\u00bb: un thriller \u00e9touffe-chr\u00e9tien\"}]},{\"@type\":\"WebSite\",\"@id\":\"https:\\\/\\\/leregardlibre.com\\\/#website\",\"url\":\"https:\\\/\\\/leregardlibre.com\\\/\",\"name\":\"Le Regard Libre\",\"description\":\"Premier mensuel suisse de d\u00e9bat\",\"publisher\":{\"@id\":\"https:\\\/\\\/leregardlibre.com\\\/#organization\"},\"potentialAction\":[{\"@type\":\"SearchAction\",\"target\":{\"@type\":\"EntryPoint\",\"urlTemplate\":\"https:\\\/\\\/leregardlibre.com\\\/?s={search_term_string}\"},\"query-input\":{\"@type\":\"PropertyValueSpecification\",\"valueRequired\":true,\"valueName\":\"search_term_string\"}}],\"inLanguage\":\"de\"},{\"@type\":\"Organization\",\"@id\":\"https:\\\/\\\/leregardlibre.com\\\/#organization\",\"name\":\"Le Regard Libre\",\"url\":\"https:\\\/\\\/leregardlibre.com\\\/\",\"logo\":{\"@type\":\"ImageObject\",\"inLanguage\":\"de\",\"@id\":\"https:\\\/\\\/leregardlibre.com\\\/#\\\/schema\\\/logo\\\/image\\\/\",\"url\":\"https:\\\/\\\/leregardlibre.com\\\/wp-content\\\/uploads\\\/2025\\\/08\\\/logo-rl-icone-neg.jpeg\",\"contentUrl\":\"https:\\\/\\\/leregardlibre.com\\\/wp-content\\\/uploads\\\/2025\\\/08\\\/logo-rl-icone-neg.jpeg\",\"width\":557,\"height\":556,\"caption\":\"Le Regard Libre\"},\"image\":{\"@id\":\"https:\\\/\\\/leregardlibre.com\\\/#\\\/schema\\\/logo\\\/image\\\/\"},\"sameAs\":[\"https:\\\/\\\/www.facebook.com\\\/leregardlibre\\\/\",\"https:\\\/\\\/x.com\\\/LeRegardLibre\",\"https:\\\/\\\/www.linkedin.com\\\/company\\\/le-regard-libre\",\"https:\\\/\\\/www.instagram.com\\\/leregardlibre\\\/\",\"http:\\\/\\\/t.me\\\/leregardlibre\",\"https:\\\/\\\/youtube.com\\\/channel\\\/UC6HzGPomj1LsUmlz-sJtITQ\"],\"description\":\"Le Regard Libre est un mensuel suisse de d\u00e9bat intellectuel et culturel. Sa r\u00e9daction est jeune, b\u00e9n\u00e9vole, lib\u00e9rale et pluraliste. Le magazine para\u00eet en ligne et sous forme papier. Sa langue est le fran\u00e7ais.\",\"email\":\"redaction@leregardlibre.com\",\"legalName\":\"Le Regard Libre\",\"foundingDate\":\"2014-01-01\",\"numberOfEmployees\":{\"@type\":\"QuantitativeValue\",\"minValue\":\"11\",\"maxValue\":\"50\"},\"publishingPrinciples\":\"https:\\\/\\\/leregardlibre.com\\\/a-propos\\\/notre-manifeste\\\/\",\"ownershipFundingInfo\":\"https:\\\/\\\/leregardlibre.com\\\/mentions-legales\\\/\",\"actionableFeedbackPolicy\":\"https:\\\/\\\/leregardlibre.com\\\/conditions-generales-de-vente\\\/\"},{\"@type\":\"Person\",\"@id\":\"https:\\\/\\\/leregardlibre.com\\\/#\\\/schema\\\/person\\\/265ee491807e412149da45979d6eddb7\",\"name\":\"Fanny Agostino\",\"image\":{\"@type\":\"ImageObject\",\"inLanguage\":\"de\",\"@id\":\"https:\\\/\\\/secure.gravatar.com\\\/avatar\\\/90fe5cd43703154fc2838ee01536fccd2dabf0a8102db425fb3ebed37f2919d2?s=96&d=identicon&r=g\",\"url\":\"https:\\\/\\\/secure.gravatar.com\\\/avatar\\\/90fe5cd43703154fc2838ee01536fccd2dabf0a8102db425fb3ebed37f2919d2?s=96&d=identicon&r=g\",\"contentUrl\":\"https:\\\/\\\/secure.gravatar.com\\\/avatar\\\/90fe5cd43703154fc2838ee01536fccd2dabf0a8102db425fb3ebed37f2919d2?s=96&d=identicon&r=g\",\"caption\":\"Fanny Agostino\"},\"description\":\"Enseignante, Fanny Agostino \u00e9crit des critiques de film et des articles touchant \u00e0 l'histoire et \u00e0 la musique pour Le Regard Libre. Elle est aussi co-responsable la rubrique Cin\u00e9ma.\",\"sameAs\":[\"https:\\\/\\\/leregardlibre.com\\\/\",\"https:\\\/\\\/fr.wikipedia.org\\\/wiki\\\/Le_Regard_libre\"],\"url\":\"https:\\\/\\\/leregardlibre.com\\\/de\\\/author\\\/fanny-agostino\\\/\"}]}<\/script>\n<!-- \/ Yoast SEO Premium plugin. -->","yoast_head_json":{"title":"\u00abEin christlicher Thriller: \u00bbNotre-Dame br\u00fble\" (Unsere Liebe Frau brennt)","description":"\u00abIst \u00bbNotre-Dame br\u00fble\", der Thriller von Jean-Jacques Annaud \u00fcber den Brand von Notre-Dame, ein guter Film? Unsere Antwort","robots":{"index":"index","follow":"follow","max-snippet":"max-snippet:-1","max-image-preview":"max-image-preview:large","max-video-preview":"max-video-preview:-1"},"canonical":"https:\/\/leregardlibre.com\/de\/kino\/filme\/unsere-dame-brennt-ein-christlicher-thriller-erstickt\/","og_locale":"de_DE","og_type":"article","og_title":"\u00abNotre-Dame br\u00fble\u00bb: un thriller \u00e9touffe-chr\u00e9tien","og_description":"\u00abNotre-Dame br\u00fble\u00bb, le thriller de Jean-Jacques Annaud qui retrace l'incendie de Notre-Dame, est-il un bon film? Notre r\u00e9ponse","og_url":"https:\/\/leregardlibre.com\/de\/kino\/filme\/unsere-dame-brennt-ein-christlicher-thriller-erstickt\/","og_site_name":"Le Regard Libre","article_publisher":"https:\/\/www.facebook.com\/leregardlibre\/","article_published_time":"2022-03-16T09:38:52+00:00","article_modified_time":"2025-12-04T21:23:36+00:00","og_image":[{"width":2560,"height":1763,"url":"https:\/\/leregardlibre.com\/wp-content\/uploads\/2022\/03\/Notre-Dame-bru\u0302le_0-\u00a9-Guy-Ferrandis-scaled.jpg","type":"image\/jpeg"}],"author":"Fanny Agostino","twitter_card":"summary_large_image","twitter_creator":"@LeRegardLibre","twitter_site":"@LeRegardLibre","twitter_misc":{"Verfasst von":"Fanny Agostino","Gesch\u00e4tzte Lesezeit":"4\u00a0Minuten"},"schema":{"@context":"https:\/\/schema.org","@graph":[{"@type":"Article","@id":"https:\/\/leregardlibre.com\/cinema\/films\/notre-dame-brule-un-thriller-etouffe-chretien\/#article","isPartOf":{"@id":"https:\/\/leregardlibre.com\/cinema\/films\/notre-dame-brule-un-thriller-etouffe-chretien\/"},"author":{"name":"Fanny Agostino","@id":"https:\/\/leregardlibre.com\/#\/schema\/person\/265ee491807e412149da45979d6eddb7"},"headline":"\u00abNotre-Dame br\u00fble\u00bb: un thriller \u00e9touffe-chr\u00e9tien","datePublished":"2022-03-16T09:38:52+00:00","dateModified":"2025-12-04T21:23:36+00:00","mainEntityOfPage":{"@id":"https:\/\/leregardlibre.com\/cinema\/films\/notre-dame-brule-un-thriller-etouffe-chretien\/"},"wordCount":653,"commentCount":0,"publisher":{"@id":"https:\/\/leregardlibre.com\/#organization"},"image":{"@id":"https:\/\/leregardlibre.com\/cinema\/films\/notre-dame-brule-un-thriller-etouffe-chretien\/#primaryimage"},"thumbnailUrl":"https:\/\/leregardlibre.com\/wp-content\/uploads\/2022\/03\/Notre-Dame-bru\u0302le_0-\u00a9-Guy-Ferrandis-scaled.jpg","keywords":["jean-jacques annaud","Thriller"],"articleSection":["Films"],"inLanguage":"de","potentialAction":[{"@type":"CommentAction","name":"Comment","target":["https:\/\/leregardlibre.com\/cinema\/films\/notre-dame-brule-un-thriller-etouffe-chretien\/#respond"]}]},{"@type":"WebPage","@id":"https:\/\/leregardlibre.com\/cinema\/films\/notre-dame-brule-un-thriller-etouffe-chretien\/","url":"https:\/\/leregardlibre.com\/cinema\/films\/notre-dame-brule-un-thriller-etouffe-chretien\/","name":"\u00abEin christlicher Thriller: \u00bbNotre-Dame br\u00fble\" (Unsere Liebe Frau brennt)","isPartOf":{"@id":"https:\/\/leregardlibre.com\/#website"},"primaryImageOfPage":{"@id":"https:\/\/leregardlibre.com\/cinema\/films\/notre-dame-brule-un-thriller-etouffe-chretien\/#primaryimage"},"image":{"@id":"https:\/\/leregardlibre.com\/cinema\/films\/notre-dame-brule-un-thriller-etouffe-chretien\/#primaryimage"},"thumbnailUrl":"https:\/\/leregardlibre.com\/wp-content\/uploads\/2022\/03\/Notre-Dame-bru\u0302le_0-\u00a9-Guy-Ferrandis-scaled.jpg","datePublished":"2022-03-16T09:38:52+00:00","dateModified":"2025-12-04T21:23:36+00:00","description":"\u00abIst \u00bbNotre-Dame br\u00fble\", der Thriller von Jean-Jacques Annaud \u00fcber den Brand von Notre-Dame, ein guter Film? Unsere Antwort","breadcrumb":{"@id":"https:\/\/leregardlibre.com\/cinema\/films\/notre-dame-brule-un-thriller-etouffe-chretien\/#breadcrumb"},"inLanguage":"de","potentialAction":[{"@type":"ReadAction","target":["https:\/\/leregardlibre.com\/cinema\/films\/notre-dame-brule-un-thriller-etouffe-chretien\/"]}]},{"@type":"ImageObject","inLanguage":"de","@id":"https:\/\/leregardlibre.com\/cinema\/films\/notre-dame-brule-un-thriller-etouffe-chretien\/#primaryimage","url":"https:\/\/leregardlibre.com\/wp-content\/uploads\/2022\/03\/Notre-Dame-bru\u0302le_0-\u00a9-Guy-Ferrandis-scaled.jpg","contentUrl":"https:\/\/leregardlibre.com\/wp-content\/uploads\/2022\/03\/Notre-Dame-bru\u0302le_0-\u00a9-Guy-Ferrandis-scaled.jpg","width":2560,"height":1763,"caption":"Notre-Dame bru\u0302le \u00a9 Guy Ferrandis"},{"@type":"BreadcrumbList","@id":"https:\/\/leregardlibre.com\/cinema\/films\/notre-dame-brule-un-thriller-etouffe-chretien\/#breadcrumb","itemListElement":[{"@type":"ListItem","position":1,"name":"Accueil","item":"https:\/\/leregardlibre.com\/"},{"@type":"ListItem","position":2,"name":"\u00abNotre-Dame br\u00fble\u00bb: un thriller \u00e9touffe-chr\u00e9tien"}]},{"@type":"WebSite","@id":"https:\/\/leregardlibre.com\/#website","url":"https:\/\/leregardlibre.com\/","name":"Le Regard Libre","description":"Erste Schweizer Monatszeitschrift f\u00fcr Debatten","publisher":{"@id":"https:\/\/leregardlibre.com\/#organization"},"potentialAction":[{"@type":"SearchAction","target":{"@type":"EntryPoint","urlTemplate":"https:\/\/leregardlibre.com\/?s={search_term_string}"},"query-input":{"@type":"PropertyValueSpecification","valueRequired":true,"valueName":"search_term_string"}}],"inLanguage":"de"},{"@type":"Organization","@id":"https:\/\/leregardlibre.com\/#organization","name":"Le Regard Libre","url":"https:\/\/leregardlibre.com\/","logo":{"@type":"ImageObject","inLanguage":"de","@id":"https:\/\/leregardlibre.com\/#\/schema\/logo\/image\/","url":"https:\/\/leregardlibre.com\/wp-content\/uploads\/2025\/08\/logo-rl-icone-neg.jpeg","contentUrl":"https:\/\/leregardlibre.com\/wp-content\/uploads\/2025\/08\/logo-rl-icone-neg.jpeg","width":557,"height":556,"caption":"Le Regard Libre"},"image":{"@id":"https:\/\/leregardlibre.com\/#\/schema\/logo\/image\/"},"sameAs":["https:\/\/www.facebook.com\/leregardlibre\/","https:\/\/x.com\/LeRegardLibre","https:\/\/www.linkedin.com\/company\/le-regard-libre","https:\/\/www.instagram.com\/leregardlibre\/","http:\/\/t.me\/leregardlibre","https:\/\/youtube.com\/channel\/UC6HzGPomj1LsUmlz-sJtITQ"],"description":"Le Regard Libre ist eine Schweizer Monatszeitschrift f\u00fcr intellektuelle und kulturelle Debatten. Seine Redaktion ist jung, ehrenamtlich, liberal und pluralistisch. Das Magazin erscheint online und in gedruckter Form. Seine Sprache ist Franz\u00f6sisch.","email":"redaction@leregardlibre.com","legalName":"Le Regard Libre","foundingDate":"2014-01-01","numberOfEmployees":{"@type":"QuantitativeValue","minValue":"11","maxValue":"50"},"publishingPrinciples":"https:\/\/leregardlibre.com\/a-propos\/notre-manifeste\/","ownershipFundingInfo":"https:\/\/leregardlibre.com\/mentions-legales\/","actionableFeedbackPolicy":"https:\/\/leregardlibre.com\/conditions-generales-de-vente\/"},{"@type":"Person","@id":"https:\/\/leregardlibre.com\/#\/schema\/person\/265ee491807e412149da45979d6eddb7","name":"Fanny Agostino","image":{"@type":"ImageObject","inLanguage":"de","@id":"https:\/\/secure.gravatar.com\/avatar\/90fe5cd43703154fc2838ee01536fccd2dabf0a8102db425fb3ebed37f2919d2?s=96&d=identicon&r=g","url":"https:\/\/secure.gravatar.com\/avatar\/90fe5cd43703154fc2838ee01536fccd2dabf0a8102db425fb3ebed37f2919d2?s=96&d=identicon&r=g","contentUrl":"https:\/\/secure.gravatar.com\/avatar\/90fe5cd43703154fc2838ee01536fccd2dabf0a8102db425fb3ebed37f2919d2?s=96&d=identicon&r=g","caption":"Fanny Agostino"},"description":"Fanny Agostino ist Lehrerin und schreibt Filmkritiken sowie Artikel \u00fcber Geschichte und Musik f\u00fcr Le Regard Libre. Sie ist au\u00dferdem f\u00fcr die Rubrik Cin\u00e9ma mitverantwortlich.","sameAs":["https:\/\/leregardlibre.com\/","https:\/\/fr.wikipedia.org\/wiki\/Le_Regard_libre"],"url":"https:\/\/leregardlibre.com\/de\/author\/fanny-agostino\/"}]}},"_links":{"self":[{"href":"https:\/\/leregardlibre.com\/de\/wp-json\/wp\/v2\/posts\/46843","targetHints":{"allow":["GET"]}}],"collection":[{"href":"https:\/\/leregardlibre.com\/de\/wp-json\/wp\/v2\/posts"}],"about":[{"href":"https:\/\/leregardlibre.com\/de\/wp-json\/wp\/v2\/types\/post"}],"author":[{"embeddable":true,"href":"https:\/\/leregardlibre.com\/de\/wp-json\/wp\/v2\/users\/97"}],"replies":[{"embeddable":true,"href":"https:\/\/leregardlibre.com\/de\/wp-json\/wp\/v2\/comments?post=46843"}],"version-history":[{"count":1,"href":"https:\/\/leregardlibre.com\/de\/wp-json\/wp\/v2\/posts\/46843\/revisions"}],"predecessor-version":[{"id":511363,"href":"https:\/\/leregardlibre.com\/de\/wp-json\/wp\/v2\/posts\/46843\/revisions\/511363"}],"wp:featuredmedia":[{"embeddable":true,"href":"https:\/\/leregardlibre.com\/de\/wp-json\/wp\/v2\/media\/46854"}],"wp:attachment":[{"href":"https:\/\/leregardlibre.com\/de\/wp-json\/wp\/v2\/media?parent=46843"}],"wp:term":[{"taxonomy":"category","embeddable":true,"href":"https:\/\/leregardlibre.com\/de\/wp-json\/wp\/v2\/categories?post=46843"},{"taxonomy":"post_tag","embeddable":true,"href":"https:\/\/leregardlibre.com\/de\/wp-json\/wp\/v2\/tags?post=46843"}],"curies":[{"name":"wp","href":"https:\/\/api.w.org\/{rel}","templated":true}]}}