{"id":47339,"date":"2022-03-31T06:00:00","date_gmt":"2022-03-31T04:00:00","guid":{"rendered":"https:\/\/leregardlibre.com\/?p=47339"},"modified":"2023-09-10T17:27:28","modified_gmt":"2023-09-10T15:27:28","slug":"philippe-val-lhumour-setzt-den-sinn-fur-das-tragische-voraus","status":"publish","type":"post","link":"https:\/\/leregardlibre.com\/de\/gesellschaft\/philippe-val-lhumour-setzt-den-sinn-fur-das-tragische-voraus\/","title":{"rendered":"Philippe Val: \u00abHumor setzt den Sinn f\u00fcr das Tragische voraus\u00bb.\u00bb"},"content":{"rendered":"<div class='content_excerpt'>\n<p class=\"has-drop-cap\"><strong>Philippe Val wei\u00df, zu welchen Dramen die Ablehnung von Humor f\u00fchren kann. Der ehemalige Direktor von Charlie Hebdo und France Inter ver\u00f6ffentlichte ein W\u00f6rterbuch, das auf seiner Weltanschauung basiert, und erl\u00e4utert in Le Regard Libre seine Auffassung von Ironie und ihrem Status in der heutigen Welt.<\/strong><\/p>\n\n\n\n Lesen Sie das Interview (Abonnenten)\n    <div class='restricted_content_fade'><\/div>\n    <\/div>\n  <style>\n    .content_excerpt{\n      position: relative;\n    }\n    .content_excerpt .restricted_content_fade{\n      position: absolute;\n      bottom: 0;\n      left: 0;\n      right: 0;\n      height: 75px;\n\t  margin-bottom: 0px;\n      background-image: linear-gradient(#ffffff2e, white);\n    }\n\n    .restricted_content{\n      margin-top: 30px;\n      border: solid #dddddd 1px;\n      border-radius: 7px;\n      padding: 30px;\n    }\n    \n    .restricted_content .restricted_content_title{\n      font-size: 22px;\n      font-weight: 600;\n    }\n    .restricted_content .restricted_content_flex_row{\n      display: flex;\n      flex-direction: row;\n    }\n    .restricted_content .restricted_content_image_container{\n      flex: 3;\n    }\n    .restricted_content .restricted_content_flex_column{\n      flex: 4;\n      display: flex;\n      flex-direction: column;\n      margin-left: 40px;\n      justify-content: center;\n    }\n\n\n    .restricted_content_buttons{\n      display: flex;\n      flex-direction: column;\n      width: min-content;\n    }\n    .restricted_content_button{\n      background-color: #f2f2f2;\n      text-transform: uppercase;\n      font-weight: 600;\n      padding: 8px 40px;\n      text-align: center;\n      font-size: 13px;\n      margin-top: 10px;\n      width: max-content;\n      width: 100%;\n      white-space: nowrap;\n    }\n    .restricted_content_button:hover {\n      background-color: #111111;\n      color: white;\n      text-decoration: none !important;\n    }\n\n    .restricted_content_primary_button{\n      background-color: #1F2A68 !important;\n      color: white !important;\n    }\n    .restricted_content_primary_button:hover {\n      background-color: #111111;\n    }\n\n    .restricted_content_text{\n      margin-bottom: 10px;\n      line-height: 1.2;\n      font-weight: 500;\n      font-size: 16px;\n    }\n\n  \n  <\/style>\n  <div class='restricted_content'>\n    <h3 class='restricted_content_title'>Dieser Inhalt ist unseren Abonnenten vorbehalten.<\/h3>\n    <div class='restricted_content_flex_row'>\n      <div class='restricted_content_image_container'>\n        <img class='restricted_content_image' src='\/wp-content\/uploads\/2025\/08\/abo_physique.png' \/>\n      <\/div>\n      <div class='restricted_content_flex_column'>\n        <div class='restricted_content_text'>Wenn Sie ein Konto haben, loggen Sie sich ein. Ansonsten entdecken Sie unsere verschiedenen Abonnements und erstellen Sie ein Konto ab CHF 2.50 im ersten Monat.<\/div>\n        <div class='restricted_content_buttons'>\n          <a href='\/de\/abonnement\/' class='restricted_content_button restricted_content_primary_button'>Abonnements ansehen<\/a><a href='\/de\/mein-konto\/?redirect_to=https:\/\/leregardlibre.com\/de\/gesellschaft\/philippe-val-lhumour-setzt-den-sinn-fur-das-tragische-voraus\/'class='restricted_content_button'>Sich anmelden<\/a><\/div>\n      <\/div>\n    <\/div>\n  <\/div>","protected":false},"excerpt":{"rendered":"<div class='content_excerpt'>\n<p class=\"has-drop-cap\"><strong>Philippe Val wei\u00df, zu welchen Dramen die Ablehnung von Humor f\u00fchren kann. Der ehemalige Direktor von Charlie Hebdo und France Inter ver\u00f6ffentlichte ein W\u00f6rterbuch, das auf seiner Weltanschauung basiert, und erl\u00e4utert in Le Regard Libre seine Auffassung von Ironie und ihrem Status in der heutigen Welt.<\/strong><\/p>\n<p> Lesen Sie das Interview (Abonnenten)<\/p>\n<div class='restricted_content_fade'><\/div>\n<\/p><\/div>\n<style>\n    .content_excerpt{\n      position: relative;\n    }\n    .content_excerpt .restricted_content_fade{\n      position: absolute;\n      bottom: 0;\n      left: 0;\n      right: 0;\n      height: 75px;\n\t  margin-bottom: 0px;\n      background-image: linear-gradient(#ffffff2e, white);\n    }<\/p>\n<p>    .restricted_content{\n      margin-top: 30px;\n      border: solid #dddddd 1px;\n      border-radius: 7px;\n      padding: 30px;\n    }<\/p>\n<p>    .restricted_content .restricted_content_title{\n      font-size: 22px;\n      font-weight: 600;\n    }\n    .restricted_content .restricted_content_flex_row{\n      display: flex;\n      flex-direction: row;\n    }\n    .restricted_content .restricted_content_image_container{\n      flex: 3;\n    }\n    .restricted_content .restricted_content_flex_column{\n      flex: 4;\n      display: flex;\n      flex-direction: column;\n      margin-left: 40px;\n      justify-content: center;\n    }<\/p>\n<p>    .restricted_content_buttons{\n      display: flex;\n      flex-direction: column;\n      width: min-content;\n    }\n    .restricted_content_button{\n      background-color: #f2f2f2;\n      text-transform: uppercase;\n      font-weight: 600;\n      padding: 8px 40px;\n      text-align: center;\n      font-size: 13px;\n      margin-top: 10px;\n      width: max-content;\n      width: 100%;\n      white-space: nowrap;\n    }\n    .restricted_content_button:hover {\n      background-color: #111111;\n      color: white;\n      text-decoration: none !important;\n    }<\/p>\n<p>    .restricted_content_primary_button{\n      background-color: #1F2A68 !important;\n      color: white !important;\n    }\n    .restricted_content_primary_button:hover {\n      background-color: #111111;\n    }<\/p>\n<p>    .restricted_content_text{\n      margin-bottom: 10px;\n      line-height: 1.2;\n      font-weight: 500;\n      font-size: 16px;\n    }<\/p>\n<\/style>\n<div class='restricted_content'>\n<h3 class='restricted_content_title'>Dieser Inhalt ist unseren Abonnenten vorbehalten.<\/h3>\n<div class='restricted_content_flex_row'>\n<div class='restricted_content_image_container'>\n        <img class='restricted_content_image' src='\/wp-content\/uploads\/2025\/08\/abo_physique.png' \/>\n      <\/div>\n<div class='restricted_content_flex_column'>\n<div class='restricted_content_text'>Wenn Sie ein Konto haben, loggen Sie sich ein. Ansonsten entdecken Sie unsere verschiedenen Abonnements und erstellen Sie ein Konto ab CHF 2.50 im ersten Monat.<\/div>\n<div class='restricted_content_buttons'>\n          <a href='\/de\/abonnement\/' class='restricted_content_button restricted_content_primary_button'>Abonnements ansehen<\/a><a href='\/de\/mein-konto\/?redirect_to=https:\/\/leregardlibre.com\/de\/gesellschaft\/philippe-val-lhumour-setzt-den-sinn-fur-das-tragische-voraus\/'class='restricted_content_button'>Sich anmelden<\/a><\/div>\n<\/p><\/div>\n<\/p><\/div>\n<\/p><\/div>","protected":false},"author":138,"featured_media":47454,"comment_status":"open","ping_status":"open","sticky":false,"template":"","format":"standard","meta":{"_acf_changed":false,"footnotes":""},"categories":[8796],"tags":[710081,644357358,11788,190395,65609286,1796208,644357346],"class_list":["post-47339","post","type-post","status-publish","format-standard","has-post-thumbnail","hentry","category-societe","tag-charlie-hebdo","tag-dossier-ironie","tag-interviews","tag-ironie","tag-liberte-artistique","tag-lumieres","tag-wokisme","membership-content","access-restricted"],"acf":[],"yoast_head":"<!-- This site is optimized with the Yoast SEO Premium plugin v27.4 (Yoast SEO v27.4) - https:\/\/yoast.com\/product\/yoast-seo-premium-wordpress\/ -->\n<title>Philippe Val: \u00abL\u2019humour suppose le sens du tragique\u00bb | Dossier ironie<\/title>\n<meta name=\"description\" content=\"Philippe Val, ancien r\u00e9dacteur en chef de Charlie Hebdo et de France Inter, livre sa vision de l\u2019ironie, de son importance et de ses ennemis.\" \/>\n<meta name=\"robots\" content=\"index, follow, max-snippet:-1, max-image-preview:large, max-video-preview:-1\" \/>\n<link rel=\"canonical\" href=\"https:\/\/leregardlibre.com\/de\/gesellschaft\/philippe-val-lhumour-setzt-den-sinn-fur-das-tragische-voraus\/\" \/>\n<meta property=\"og:locale\" content=\"de_DE\" \/>\n<meta property=\"og:type\" content=\"article\" \/>\n<meta property=\"og:title\" content=\"Philippe Val: \u00abL\u2019humour suppose le sens du tragique\u00bb\" \/>\n<meta property=\"og:description\" content=\"Philippe Val, ancien r\u00e9dacteur en chef de Charlie Hebdo et de France Inter, livre sa vision de l\u2019ironie, de son importance et de ses ennemis.\" \/>\n<meta property=\"og:url\" content=\"https:\/\/leregardlibre.com\/de\/gesellschaft\/philippe-val-lhumour-setzt-den-sinn-fur-das-tragische-voraus\/\" \/>\n<meta property=\"og:site_name\" content=\"Le Regard Libre\" \/>\n<meta property=\"article:publisher\" content=\"https:\/\/www.facebook.com\/leregardlibre\/\" \/>\n<meta property=\"article:author\" content=\"https:\/\/www.facebook.com\/jonas.follonier\/\" \/>\n<meta property=\"article:published_time\" content=\"2022-03-31T04:00:00+00:00\" \/>\n<meta property=\"article:modified_time\" content=\"2023-09-10T15:27:28+00:00\" \/>\n<meta property=\"og:image\" content=\"https:\/\/leregardlibre.com\/wp-content\/uploads\/2022\/03\/Philippe-Val-\u00a9-Hannah-Assouline-scaled.jpg\" \/>\n\t<meta property=\"og:image:width\" content=\"2560\" \/>\n\t<meta property=\"og:image:height\" content=\"1709\" \/>\n\t<meta property=\"og:image:type\" content=\"image\/jpeg\" \/>\n<meta name=\"author\" content=\"Jonas Follonier\" \/>\n<meta name=\"twitter:card\" content=\"summary_large_image\" \/>\n<meta name=\"twitter:creator\" content=\"@LeRegardLibre\" \/>\n<meta name=\"twitter:site\" content=\"@LeRegardLibre\" \/>\n<meta name=\"twitter:label1\" content=\"Verfasst von\" \/>\n\t<meta name=\"twitter:data1\" content=\"Jonas Follonier\" \/>\n\t<meta name=\"twitter:label2\" content=\"Gesch\u00e4tzte Lesezeit\" \/>\n\t<meta name=\"twitter:data2\" content=\"19\u00a0Minuten\" \/>\n<script type=\"application\/ld+json\" class=\"yoast-schema-graph\">{\"@context\":\"https:\\\/\\\/schema.org\",\"@graph\":[{\"@type\":\"Article\",\"@id\":\"https:\\\/\\\/leregardlibre.com\\\/societe\\\/philippe-val-lhumour-suppose-le-sens-du-tragique\\\/#article\",\"isPartOf\":{\"@id\":\"https:\\\/\\\/leregardlibre.com\\\/societe\\\/philippe-val-lhumour-suppose-le-sens-du-tragique\\\/\"},\"author\":{\"name\":\"Jonas Follonier\",\"@id\":\"https:\\\/\\\/leregardlibre.com\\\/#\\\/schema\\\/person\\\/bfe5aa794a23be71485d60e2d93ec0d2\"},\"headline\":\"Philippe Val: \u00abL\u2019humour suppose le sens du tragique\u00bb\",\"datePublished\":\"2022-03-31T04:00:00+00:00\",\"dateModified\":\"2023-09-10T15:27:28+00:00\",\"mainEntityOfPage\":{\"@id\":\"https:\\\/\\\/leregardlibre.com\\\/societe\\\/philippe-val-lhumour-suppose-le-sens-du-tragique\\\/\"},\"wordCount\":4043,\"commentCount\":0,\"publisher\":{\"@id\":\"https:\\\/\\\/leregardlibre.com\\\/#organization\"},\"image\":{\"@id\":\"https:\\\/\\\/leregardlibre.com\\\/societe\\\/philippe-val-lhumour-suppose-le-sens-du-tragique\\\/#primaryimage\"},\"thumbnailUrl\":\"https:\\\/\\\/leregardlibre.com\\\/wp-content\\\/uploads\\\/2022\\\/03\\\/Philippe-Val-\u00a9-Hannah-Assouline-scaled.jpg\",\"keywords\":[\"Charlie Hebdo\",\"Dossier IRONIE\",\"Interview\",\"Ironie\",\"Libert\u00e9 artistique\",\"Lumi\u00e8res\",\"Wokisme\"],\"articleSection\":[\"Soci\u00e9t\u00e9\"],\"inLanguage\":\"de\",\"potentialAction\":[{\"@type\":\"CommentAction\",\"name\":\"Comment\",\"target\":[\"https:\\\/\\\/leregardlibre.com\\\/societe\\\/philippe-val-lhumour-suppose-le-sens-du-tragique\\\/#respond\"]}]},{\"@type\":\"WebPage\",\"@id\":\"https:\\\/\\\/leregardlibre.com\\\/societe\\\/philippe-val-lhumour-suppose-le-sens-du-tragique\\\/\",\"url\":\"https:\\\/\\\/leregardlibre.com\\\/societe\\\/philippe-val-lhumour-suppose-le-sens-du-tragique\\\/\",\"name\":\"Philippe Val: \u00abL\u2019humour suppose le sens du tragique\u00bb | Dossier ironie\",\"isPartOf\":{\"@id\":\"https:\\\/\\\/leregardlibre.com\\\/#website\"},\"primaryImageOfPage\":{\"@id\":\"https:\\\/\\\/leregardlibre.com\\\/societe\\\/philippe-val-lhumour-suppose-le-sens-du-tragique\\\/#primaryimage\"},\"image\":{\"@id\":\"https:\\\/\\\/leregardlibre.com\\\/societe\\\/philippe-val-lhumour-suppose-le-sens-du-tragique\\\/#primaryimage\"},\"thumbnailUrl\":\"https:\\\/\\\/leregardlibre.com\\\/wp-content\\\/uploads\\\/2022\\\/03\\\/Philippe-Val-\u00a9-Hannah-Assouline-scaled.jpg\",\"datePublished\":\"2022-03-31T04:00:00+00:00\",\"dateModified\":\"2023-09-10T15:27:28+00:00\",\"description\":\"Philippe Val, ancien r\u00e9dacteur en chef de Charlie Hebdo et de France Inter, livre sa vision de l\u2019ironie, de son importance et de ses ennemis.\",\"breadcrumb\":{\"@id\":\"https:\\\/\\\/leregardlibre.com\\\/societe\\\/philippe-val-lhumour-suppose-le-sens-du-tragique\\\/#breadcrumb\"},\"inLanguage\":\"de\",\"potentialAction\":[{\"@type\":\"ReadAction\",\"target\":[\"https:\\\/\\\/leregardlibre.com\\\/societe\\\/philippe-val-lhumour-suppose-le-sens-du-tragique\\\/\"]}]},{\"@type\":\"ImageObject\",\"inLanguage\":\"de\",\"@id\":\"https:\\\/\\\/leregardlibre.com\\\/societe\\\/philippe-val-lhumour-suppose-le-sens-du-tragique\\\/#primaryimage\",\"url\":\"https:\\\/\\\/leregardlibre.com\\\/wp-content\\\/uploads\\\/2022\\\/03\\\/Philippe-Val-\u00a9-Hannah-Assouline-scaled.jpg\",\"contentUrl\":\"https:\\\/\\\/leregardlibre.com\\\/wp-content\\\/uploads\\\/2022\\\/03\\\/Philippe-Val-\u00a9-Hannah-Assouline-scaled.jpg\",\"width\":2560,\"height\":1709,\"caption\":\"L\u2019ancien directeur de \u00abCharlie Hebdo\u00bb Philippe Val publie un nouveau livre \u00a9 Hannah Assouline\"},{\"@type\":\"BreadcrumbList\",\"@id\":\"https:\\\/\\\/leregardlibre.com\\\/societe\\\/philippe-val-lhumour-suppose-le-sens-du-tragique\\\/#breadcrumb\",\"itemListElement\":[{\"@type\":\"ListItem\",\"position\":1,\"name\":\"Accueil\",\"item\":\"https:\\\/\\\/leregardlibre.com\\\/\"},{\"@type\":\"ListItem\",\"position\":2,\"name\":\"Philippe Val: \u00abL\u2019humour suppose le sens du tragique\u00bb\"}]},{\"@type\":\"WebSite\",\"@id\":\"https:\\\/\\\/leregardlibre.com\\\/#website\",\"url\":\"https:\\\/\\\/leregardlibre.com\\\/\",\"name\":\"Le Regard Libre\",\"description\":\"Premier mensuel suisse de d\u00e9bat\",\"publisher\":{\"@id\":\"https:\\\/\\\/leregardlibre.com\\\/#organization\"},\"potentialAction\":[{\"@type\":\"SearchAction\",\"target\":{\"@type\":\"EntryPoint\",\"urlTemplate\":\"https:\\\/\\\/leregardlibre.com\\\/?s={search_term_string}\"},\"query-input\":{\"@type\":\"PropertyValueSpecification\",\"valueRequired\":true,\"valueName\":\"search_term_string\"}}],\"inLanguage\":\"de\"},{\"@type\":\"Organization\",\"@id\":\"https:\\\/\\\/leregardlibre.com\\\/#organization\",\"name\":\"Le Regard Libre\",\"url\":\"https:\\\/\\\/leregardlibre.com\\\/\",\"logo\":{\"@type\":\"ImageObject\",\"inLanguage\":\"de\",\"@id\":\"https:\\\/\\\/leregardlibre.com\\\/#\\\/schema\\\/logo\\\/image\\\/\",\"url\":\"https:\\\/\\\/leregardlibre.com\\\/wp-content\\\/uploads\\\/2025\\\/08\\\/logo-rl-icone-neg.jpeg\",\"contentUrl\":\"https:\\\/\\\/leregardlibre.com\\\/wp-content\\\/uploads\\\/2025\\\/08\\\/logo-rl-icone-neg.jpeg\",\"width\":557,\"height\":556,\"caption\":\"Le Regard Libre\"},\"image\":{\"@id\":\"https:\\\/\\\/leregardlibre.com\\\/#\\\/schema\\\/logo\\\/image\\\/\"},\"sameAs\":[\"https:\\\/\\\/www.facebook.com\\\/leregardlibre\\\/\",\"https:\\\/\\\/x.com\\\/LeRegardLibre\",\"https:\\\/\\\/www.linkedin.com\\\/company\\\/le-regard-libre\",\"https:\\\/\\\/www.instagram.com\\\/leregardlibre\\\/\",\"http:\\\/\\\/t.me\\\/leregardlibre\",\"https:\\\/\\\/youtube.com\\\/channel\\\/UC6HzGPomj1LsUmlz-sJtITQ\"],\"description\":\"Le Regard Libre est un mensuel suisse de d\u00e9bat intellectuel et culturel. Sa r\u00e9daction est jeune, b\u00e9n\u00e9vole, lib\u00e9rale et pluraliste. Le magazine para\u00eet en ligne et sous forme papier. Sa langue est le fran\u00e7ais.\",\"email\":\"redaction@leregardlibre.com\",\"legalName\":\"Le Regard Libre\",\"foundingDate\":\"2014-01-01\",\"numberOfEmployees\":{\"@type\":\"QuantitativeValue\",\"minValue\":\"11\",\"maxValue\":\"50\"},\"publishingPrinciples\":\"https:\\\/\\\/leregardlibre.com\\\/a-propos\\\/notre-manifeste\\\/\",\"ownershipFundingInfo\":\"https:\\\/\\\/leregardlibre.com\\\/mentions-legales\\\/\",\"actionableFeedbackPolicy\":\"https:\\\/\\\/leregardlibre.com\\\/conditions-generales-de-vente\\\/\"},{\"@type\":\"Person\",\"@id\":\"https:\\\/\\\/leregardlibre.com\\\/#\\\/schema\\\/person\\\/bfe5aa794a23be71485d60e2d93ec0d2\",\"name\":\"Jonas Follonier\",\"image\":{\"@type\":\"ImageObject\",\"inLanguage\":\"de\",\"@id\":\"https:\\\/\\\/secure.gravatar.com\\\/avatar\\\/602060b40f6a458420c2d140f49b6caea99152ce6704f2c332e5a0c5aad80303?s=96&d=identicon&r=g\",\"url\":\"https:\\\/\\\/secure.gravatar.com\\\/avatar\\\/602060b40f6a458420c2d140f49b6caea99152ce6704f2c332e5a0c5aad80303?s=96&d=identicon&r=g\",\"contentUrl\":\"https:\\\/\\\/secure.gravatar.com\\\/avatar\\\/602060b40f6a458420c2d140f49b6caea99152ce6704f2c332e5a0c5aad80303?s=96&d=identicon&r=g\",\"caption\":\"Jonas Follonier\"},\"description\":\"Correspondant au Palais f\u00e9d\u00e9ral pour \u00abL\u2019Agefi\u00bb, auteur-compositeur-interpr\u00e8te et essayiste, Jonas Follonier est le fondateur et r\u00e9dacteur en chef du \u00abRegard Libre\u00bb.\",\"sameAs\":[\"https:\\\/\\\/www.facebook.com\\\/jonas.follonier\\\/\",\"https:\\\/\\\/www.instagram.com\\\/jonasfollonier\\\/\",\"https:\\\/\\\/www.linkedin.com\\\/in\\\/jonasfollonier\\\/\",\"https:\\\/\\\/fr.wikipedia.org\\\/wiki\\\/Le_Regard_libre\"],\"url\":\"https:\\\/\\\/leregardlibre.com\\\/de\\\/author\\\/jonas-follonier\\\/\"}]}<\/script>\n<!-- \/ Yoast SEO Premium plugin. -->","yoast_head_json":{"title":"Philippe Val: \u00abHumor setzt den Sinn f\u00fcr das Tragische voraus\u00bb | Dossier Ironie","description":"Philippe Val, ehemaliger Chefredakteur von Charlie Hebdo und France Inter, schildert seine Sicht auf die Ironie, ihre Bedeutung und ihre Feinde.","robots":{"index":"index","follow":"follow","max-snippet":"max-snippet:-1","max-image-preview":"max-image-preview:large","max-video-preview":"max-video-preview:-1"},"canonical":"https:\/\/leregardlibre.com\/de\/gesellschaft\/philippe-val-lhumour-setzt-den-sinn-fur-das-tragische-voraus\/","og_locale":"de_DE","og_type":"article","og_title":"Philippe Val: \u00abL\u2019humour suppose le sens du tragique\u00bb","og_description":"Philippe Val, ancien r\u00e9dacteur en chef de Charlie Hebdo et de France Inter, livre sa vision de l\u2019ironie, de son importance et de ses ennemis.","og_url":"https:\/\/leregardlibre.com\/de\/gesellschaft\/philippe-val-lhumour-setzt-den-sinn-fur-das-tragische-voraus\/","og_site_name":"Le Regard Libre","article_publisher":"https:\/\/www.facebook.com\/leregardlibre\/","article_author":"https:\/\/www.facebook.com\/jonas.follonier\/","article_published_time":"2022-03-31T04:00:00+00:00","article_modified_time":"2023-09-10T15:27:28+00:00","og_image":[{"width":2560,"height":1709,"url":"https:\/\/leregardlibre.com\/wp-content\/uploads\/2022\/03\/Philippe-Val-\u00a9-Hannah-Assouline-scaled.jpg","type":"image\/jpeg"}],"author":"Jonas Follonier","twitter_card":"summary_large_image","twitter_creator":"@LeRegardLibre","twitter_site":"@LeRegardLibre","twitter_misc":{"Verfasst von":"Jonas Follonier","Gesch\u00e4tzte Lesezeit":"19\u00a0Minuten"},"schema":{"@context":"https:\/\/schema.org","@graph":[{"@type":"Article","@id":"https:\/\/leregardlibre.com\/societe\/philippe-val-lhumour-suppose-le-sens-du-tragique\/#article","isPartOf":{"@id":"https:\/\/leregardlibre.com\/societe\/philippe-val-lhumour-suppose-le-sens-du-tragique\/"},"author":{"name":"Jonas Follonier","@id":"https:\/\/leregardlibre.com\/#\/schema\/person\/bfe5aa794a23be71485d60e2d93ec0d2"},"headline":"Philippe Val: \u00abL\u2019humour suppose le sens du tragique\u00bb","datePublished":"2022-03-31T04:00:00+00:00","dateModified":"2023-09-10T15:27:28+00:00","mainEntityOfPage":{"@id":"https:\/\/leregardlibre.com\/societe\/philippe-val-lhumour-suppose-le-sens-du-tragique\/"},"wordCount":4043,"commentCount":0,"publisher":{"@id":"https:\/\/leregardlibre.com\/#organization"},"image":{"@id":"https:\/\/leregardlibre.com\/societe\/philippe-val-lhumour-suppose-le-sens-du-tragique\/#primaryimage"},"thumbnailUrl":"https:\/\/leregardlibre.com\/wp-content\/uploads\/2022\/03\/Philippe-Val-\u00a9-Hannah-Assouline-scaled.jpg","keywords":["Charlie Hebdo","Dossier IRONIE","Interview","Ironie","Libert\u00e9 artistique","Lumi\u00e8res","Wokisme"],"articleSection":["Soci\u00e9t\u00e9"],"inLanguage":"de","potentialAction":[{"@type":"CommentAction","name":"Comment","target":["https:\/\/leregardlibre.com\/societe\/philippe-val-lhumour-suppose-le-sens-du-tragique\/#respond"]}]},{"@type":"WebPage","@id":"https:\/\/leregardlibre.com\/societe\/philippe-val-lhumour-suppose-le-sens-du-tragique\/","url":"https:\/\/leregardlibre.com\/societe\/philippe-val-lhumour-suppose-le-sens-du-tragique\/","name":"Philippe Val: \u00abHumor setzt den Sinn f\u00fcr das Tragische voraus\u00bb | Dossier Ironie","isPartOf":{"@id":"https:\/\/leregardlibre.com\/#website"},"primaryImageOfPage":{"@id":"https:\/\/leregardlibre.com\/societe\/philippe-val-lhumour-suppose-le-sens-du-tragique\/#primaryimage"},"image":{"@id":"https:\/\/leregardlibre.com\/societe\/philippe-val-lhumour-suppose-le-sens-du-tragique\/#primaryimage"},"thumbnailUrl":"https:\/\/leregardlibre.com\/wp-content\/uploads\/2022\/03\/Philippe-Val-\u00a9-Hannah-Assouline-scaled.jpg","datePublished":"2022-03-31T04:00:00+00:00","dateModified":"2023-09-10T15:27:28+00:00","description":"Philippe Val, ehemaliger Chefredakteur von Charlie Hebdo und France Inter, schildert seine Sicht auf die Ironie, ihre Bedeutung und ihre Feinde.","breadcrumb":{"@id":"https:\/\/leregardlibre.com\/societe\/philippe-val-lhumour-suppose-le-sens-du-tragique\/#breadcrumb"},"inLanguage":"de","potentialAction":[{"@type":"ReadAction","target":["https:\/\/leregardlibre.com\/societe\/philippe-val-lhumour-suppose-le-sens-du-tragique\/"]}]},{"@type":"ImageObject","inLanguage":"de","@id":"https:\/\/leregardlibre.com\/societe\/philippe-val-lhumour-suppose-le-sens-du-tragique\/#primaryimage","url":"https:\/\/leregardlibre.com\/wp-content\/uploads\/2022\/03\/Philippe-Val-\u00a9-Hannah-Assouline-scaled.jpg","contentUrl":"https:\/\/leregardlibre.com\/wp-content\/uploads\/2022\/03\/Philippe-Val-\u00a9-Hannah-Assouline-scaled.jpg","width":2560,"height":1709,"caption":"L\u2019ancien directeur de \u00abCharlie Hebdo\u00bb Philippe Val publie un nouveau livre \u00a9 Hannah Assouline"},{"@type":"BreadcrumbList","@id":"https:\/\/leregardlibre.com\/societe\/philippe-val-lhumour-suppose-le-sens-du-tragique\/#breadcrumb","itemListElement":[{"@type":"ListItem","position":1,"name":"Accueil","item":"https:\/\/leregardlibre.com\/"},{"@type":"ListItem","position":2,"name":"Philippe Val: \u00abL\u2019humour suppose le sens du tragique\u00bb"}]},{"@type":"WebSite","@id":"https:\/\/leregardlibre.com\/#website","url":"https:\/\/leregardlibre.com\/","name":"Le Regard Libre","description":"Erste Schweizer Monatszeitschrift f\u00fcr Debatten","publisher":{"@id":"https:\/\/leregardlibre.com\/#organization"},"potentialAction":[{"@type":"SearchAction","target":{"@type":"EntryPoint","urlTemplate":"https:\/\/leregardlibre.com\/?s={search_term_string}"},"query-input":{"@type":"PropertyValueSpecification","valueRequired":true,"valueName":"search_term_string"}}],"inLanguage":"de"},{"@type":"Organization","@id":"https:\/\/leregardlibre.com\/#organization","name":"Le Regard Libre","url":"https:\/\/leregardlibre.com\/","logo":{"@type":"ImageObject","inLanguage":"de","@id":"https:\/\/leregardlibre.com\/#\/schema\/logo\/image\/","url":"https:\/\/leregardlibre.com\/wp-content\/uploads\/2025\/08\/logo-rl-icone-neg.jpeg","contentUrl":"https:\/\/leregardlibre.com\/wp-content\/uploads\/2025\/08\/logo-rl-icone-neg.jpeg","width":557,"height":556,"caption":"Le Regard Libre"},"image":{"@id":"https:\/\/leregardlibre.com\/#\/schema\/logo\/image\/"},"sameAs":["https:\/\/www.facebook.com\/leregardlibre\/","https:\/\/x.com\/LeRegardLibre","https:\/\/www.linkedin.com\/company\/le-regard-libre","https:\/\/www.instagram.com\/leregardlibre\/","http:\/\/t.me\/leregardlibre","https:\/\/youtube.com\/channel\/UC6HzGPomj1LsUmlz-sJtITQ"],"description":"Le Regard Libre ist eine Schweizer Monatszeitschrift f\u00fcr intellektuelle und kulturelle Debatten. Seine Redaktion ist jung, ehrenamtlich, liberal und pluralistisch. Das Magazin erscheint online und in gedruckter Form. Seine Sprache ist Franz\u00f6sisch.","email":"redaction@leregardlibre.com","legalName":"Le Regard Libre","foundingDate":"2014-01-01","numberOfEmployees":{"@type":"QuantitativeValue","minValue":"11","maxValue":"50"},"publishingPrinciples":"https:\/\/leregardlibre.com\/a-propos\/notre-manifeste\/","ownershipFundingInfo":"https:\/\/leregardlibre.com\/mentions-legales\/","actionableFeedbackPolicy":"https:\/\/leregardlibre.com\/conditions-generales-de-vente\/"},{"@type":"Person","@id":"https:\/\/leregardlibre.com\/#\/schema\/person\/bfe5aa794a23be71485d60e2d93ec0d2","name":"Jonas Follonier","image":{"@type":"ImageObject","inLanguage":"de","@id":"https:\/\/secure.gravatar.com\/avatar\/602060b40f6a458420c2d140f49b6caea99152ce6704f2c332e5a0c5aad80303?s=96&d=identicon&r=g","url":"https:\/\/secure.gravatar.com\/avatar\/602060b40f6a458420c2d140f49b6caea99152ce6704f2c332e5a0c5aad80303?s=96&d=identicon&r=g","contentUrl":"https:\/\/secure.gravatar.com\/avatar\/602060b40f6a458420c2d140f49b6caea99152ce6704f2c332e5a0c5aad80303?s=96&d=identicon&r=g","caption":"Jonas Follonier"},"description":"Bundeshauskorrespondent f\u00fcr \u00abL'Agefi\u00bb, Singer-Songwriter, Jonas Follonier ist Gr\u00fcnder und Chefredakteur von \u00abRegard Libre\u00bb.","sameAs":["https:\/\/www.facebook.com\/jonas.follonier\/","https:\/\/www.instagram.com\/jonasfollonier\/","https:\/\/www.linkedin.com\/in\/jonasfollonier\/","https:\/\/fr.wikipedia.org\/wiki\/Le_Regard_libre"],"url":"https:\/\/leregardlibre.com\/de\/author\/jonas-follonier\/"}]}},"_links":{"self":[{"href":"https:\/\/leregardlibre.com\/de\/wp-json\/wp\/v2\/posts\/47339","targetHints":{"allow":["GET"]}}],"collection":[{"href":"https:\/\/leregardlibre.com\/de\/wp-json\/wp\/v2\/posts"}],"about":[{"href":"https:\/\/leregardlibre.com\/de\/wp-json\/wp\/v2\/types\/post"}],"author":[{"embeddable":true,"href":"https:\/\/leregardlibre.com\/de\/wp-json\/wp\/v2\/users\/138"}],"replies":[{"embeddable":true,"href":"https:\/\/leregardlibre.com\/de\/wp-json\/wp\/v2\/comments?post=47339"}],"version-history":[{"count":2,"href":"https:\/\/leregardlibre.com\/de\/wp-json\/wp\/v2\/posts\/47339\/revisions"}],"predecessor-version":[{"id":519945,"href":"https:\/\/leregardlibre.com\/de\/wp-json\/wp\/v2\/posts\/47339\/revisions\/519945"}],"wp:featuredmedia":[{"embeddable":true,"href":"https:\/\/leregardlibre.com\/de\/wp-json\/wp\/v2\/media\/47454"}],"wp:attachment":[{"href":"https:\/\/leregardlibre.com\/de\/wp-json\/wp\/v2\/media?parent=47339"}],"wp:term":[{"taxonomy":"category","embeddable":true,"href":"https:\/\/leregardlibre.com\/de\/wp-json\/wp\/v2\/categories?post=47339"},{"taxonomy":"post_tag","embeddable":true,"href":"https:\/\/leregardlibre.com\/de\/wp-json\/wp\/v2\/tags?post=47339"}],"curies":[{"name":"wp","href":"https:\/\/api.w.org\/{rel}","templated":true}]}}