{"id":47591,"date":"2022-04-08T06:00:00","date_gmt":"2022-04-08T04:00:00","guid":{"rendered":"https:\/\/leregardlibre.com\/?p=47591"},"modified":"2023-10-29T11:59:45","modified_gmt":"2023-10-29T10:59:45","slug":"laetitia-guinand-animera-le-poing-depuis-paris-ce-dimanche-interview","status":"publish","type":"post","link":"https:\/\/leregardlibre.com\/de\/gesellschaft\/laetitia-guinand-animera-le-poing-depuis-paris-ce-dimanche-interview\/","title":{"rendered":"Laetitia Guinand wird am Sonntag \u00abLe PoinG\u00bb aus Paris moderieren. Interview"},"content":{"rendered":"<p><em>Unver\u00f6ffentlichter Artikel - <a href=\"https:\/\/leregardlibre.com\/de\/tag\/jonas-follonier\/\">Jonas Follonier<\/a><\/em><\/p>\n\n\n\n<p class=\"has-drop-cap\">Laetitia Guinand anime avec une passion intacte son \u00e9mission de d\u00e9bat \u00abLe PoinG\u00bb lanc\u00e9e en juin de l\u2019ann\u00e9e derni\u00e8re et diffus\u00e9e tous les dimanches soirs \u00e0 20h00 sur la cha\u00eene TV genevoise L\u00e9man Bleu. Un rendez-vous qui compte aussi sur la participation de l\u2019humoriste et com\u00e9dien Alexandre Kominek, avec ses chroniques d\u00e9cal\u00e9es en fin d\u2019\u00e9mission. Ce dimanche 10 avril, pour le premier tour de l\u2019\u00e9lection pr\u00e9sidentielle fran\u00e7aise, la table ronde s\u2019exporte \u00e0 Paris pour accueillir une foultitude de commentateurs et personnalit\u00e9s politiques. L\u2019occasion d&#8217;en apprendre plus sur la mani\u00e8re dont la journaliste romande con\u00e7oit la mission \u00f4 combien n\u00e9cessaire qu\u2019elle s\u2019est fix\u00e9e: lancer la r\u00e9flexion en Suisse romande.<\/p>\n\n\n\n<!--more Lire l\u2019interview (en libre acc\u00e8s)-->\n\n\n\n<h6 class=\"wp-block-heading\"><em>Le Regard Libre<\/em>: Vous produisez le talk-show \u00abLe PoinG\u00bb apparu en juin dernier sur L\u00e9man Bleu. Pourquoi ce titre?<\/h6>\n\n\n\n<p>Laetitia Guinand: Ce titre interpelle, la preuve! Plus s\u00e9rieusement, le G renvoie \u00e0 toute une s\u00e9rie de mots (ou de maux) au c\u0153ur de nos d\u00e9bats: la guerre, le climat (global warming), internet (4\/5G), LGBTQUIA+. Et puis Gen\u00e8ve, en hommage \u00e0 notre cha\u00eene L\u00e9man Bleu, et mon nom, Guinand. Enfin, le point G avec lequel je joue, c\u2019est un climax, ce qu\u2019on recherche sans forc\u00e9ment le trouver. <em>(Sourire)<\/em><\/p>\n\n\n\n\n\n<h6 class=\"wp-block-heading\">Y a-t-il une grande demande de d\u00e9bat en Suisse romande? Avec le nouveau rythme de l\u2019\u00e9mission \u00abInfrarouge\u00bb sur la RTS, chaque quinze jours, on pourrait croire que non\u2026<\/h6>\n\n\n\n<p>Je suis persuad\u00e9e du contraire, \u00e9videmment! Il y a eu un \u00e2ge d\u2019or du d\u00e9bat en Suisse romande; des \u00e9missions comme \u00abInfrarouge\u00bb et \u00abForum\u00bb sur la RTS ou \u00abGen\u00e8ve \u00e0 chaud\u00bb de Pascal D\u00e9caillet sur L\u00e9man Bleu ont positivement boulevers\u00e9 notre paysage m\u00e9diatique. C\u2019est d\u2019ailleurs paradoxal: plus notre soci\u00e9t\u00e9 est conflictuelle et moins elle devrait trouver son expression m\u00e9diatique? Il y a un besoin de d\u00e9bat auquel r\u00e9pondre et c\u2019est d\u2019ailleurs le pari que vous faites avec votre titre, \u00e0 raison je crois.<\/p>\n\n\n\n<h6 class=\"wp-block-heading\">Ce dimanche 10 avril, vous animerez votre \u00e9mission depuis Paris de 19h30 \u00e0 21h00 pour commenter les r\u00e9sultats de la pr\u00e9sidentielle. Votre panel d\u2019invit\u00e9s, allant de Sandrine Rousseau \u00e0 Elisabeth L\u00e9vy, est large. Comment proc\u00e9dez-vous dans la s\u00e9lection de votre casting? Et y aura-t-il une touche suisse dans ce moment de t\u00e9l\u00e9?<\/h6>\n\n\n\n<p>Bien s\u00fbr, une importante touche suisse m\u00eame, puisque nous \u00abembarquons\u00bb dans nos valises C\u00e9line Vara, conseill\u00e8re aux Etats Verte neuch\u00e2teloise et Christian L\u00fcscher, conseiller national PLR genevois. J\u2019aime bien faire de la politique compar\u00e9e. <em>(Lachen)<\/em> Ces deux personnalit\u00e9s seront l\u00e0 justement pour tirer des parall\u00e8les avec la situation en Suisse et nous donner leur vision de la politique fran\u00e7aise. Quant aux invit\u00e9s, le crit\u00e8re d\u00e9terminant reste la vari\u00e9t\u00e9 des points de vue et la qualit\u00e9 des gens qui les portent.<\/p>\n\n\n\n<figure class=\"wp-block-image size-large is-resized\"><img fetchpriority=\"high\" decoding=\"async\" src=\"http:\/\/leregardlibre.com\/wp-content\/uploads\/2022\/04\/le-poing-3-1.jpeg\" alt=\"laetitia guinand le poing l\u00e9man bleu premi\u00e8re juin 2021\" class=\"wp-image-47607\" width=\"800\" height=\"533\"\/><figcaption>Laetitia Guinand lors de la premi\u00e8re de l\u2019\u00e9mission \u00abLe PoinG\u00bb, dont elle est l\u2019animatrice et la productrice \u00e9ditoriale, en juin 2021<\/figcaption><\/figure>\n\n\n\n<h6 class=\"wp-block-heading\"><a href=\"https:\/\/leregardlibre.com\/de\/entretiens\/philippe-val-lhumour-setzt-den-sinn-fur-das-tragische-voraus\/\">Philippe Val<\/a>, ancien r\u00e9dacteur en chef de <em>Charlie Hebdo<\/em> et de France Inter, est le chroniqueur permanent du \u00abPoinG\u00bb. Pourquoi avoir choisi un intervenant fran\u00e7ais, aux positions tr\u00e8s affirm\u00e9es?<\/h6>\n\n\n\n<p>Justement pour susciter la r\u00e9flexion. On peut ne pas \u00eatre d\u2019accord avec Philippe Val, mais on lui reconna\u00eetra une intelligence profonde, capable de surplomb, y compris de sa propre pens\u00e9e. Il sert aussi d\u2019aiguillon, il dope, dans le bon sens du terme, les autres invit\u00e9s. M\u00eame si je trouve qu\u2019il s\u2019est beaucoup \u00absuissis\u00e9\u00bb \u00e0 notre contact, et arrondit souvent les angles, enfin, plus que sur les plateaux fran\u00e7ais!<\/p>\n\n\n\n<h6 class=\"wp-block-heading\">Apr\u00e8s 10 mois d\u2019antenne, quel succ\u00e8s rencontrez-vous?<\/h6>\n\n\n\n<p>Les audiences sont bonnes, en ligne avec nos attentes. Nous avons eu, par exemple, pr\u00e8s de 50 000 t\u00e9l\u00e9spectateurs sur le th\u00e8me <a href=\"https:\/\/www.youtube.com\/watch?v=Hs6yPVE8wEs&amp;ab_channel=L%C3%A9manBleu\">\u00abLe socialisme a-t-il encore un avenir?\u00bb<\/a>. La marque s\u2019est rapidement install\u00e9e et prend un bel envol sur le digital.<\/p>\n\n\n\n\n\n<h6 class=\"wp-block-heading\"><strong>Des controverses s\u00e9vissent actuellement sur la libert\u00e9 d\u2019expression, l\u2019id\u00e9ologie woke\u2026 Estimez-vous que l\u2019\u00e9change d&#8217;opinions a des limites?<\/strong><\/h6>\n\n\n\n<p>J\u2019aurais envie de vous dire spontan\u00e9ment qu\u2019on ne doit rien s\u2019interdire, mais la r\u00e9alit\u00e9 est beaucoup plus complexe. Le journalisme a toujours \u00e9t\u00e9 un savant dosage entre la volont\u00e9 de faire appara\u00eetre des r\u00e9alit\u00e9s, au risque de d\u00e9plaire, et la n\u00e9cessit\u00e9 d\u2019\u00eatre audible. Ce n\u2019est pas une science exacte. Moi-m\u00eame, j\u2019ai d\u00e9programm\u00e9 Alexandre Kominek et sa chronique humour au d\u00e9but de la guerre d\u2019Ukraine, estimant le climat trop \u00e9motionnel pour m\u00e9langer, dans notre \u00e9mission d\u2019abord politique, un contenu s\u00e9rieux voire dramatique, avec de la d\u00e9rision.<\/p>\n\n\n\n<h6 class=\"wp-block-heading\">L\u00e0, c\u2019est votre affaire, car vous avez la libert\u00e9 \u2013 et la responsabilit\u00e9 \u2013 de prendre ce genre de d\u00e9cisions. Mais que dire des pressions qui viennent de l\u2019ext\u00e9rieur, de la soci\u00e9t\u00e9, et qui ont parfois raison de journalistes parce qu\u2019ils ont la trouille ou qu\u2019ils n\u2019ont pas le choix?<\/h6>\n\n\n\n<p>Bien s\u00fbr, la pression aujourd\u2019hui est beaucoup plus importante sur les m\u00e9dias, du fait notamment des r\u00e9seaux sociaux, mais pas que. Les pressions peuvent \u00eatre aussi \u00e9conomiques, politiques et juridiques et il faut lutter pour s\u2019affranchir de l\u2019envie de plaire \u00e0 tout prix, parce qu\u2019elle tr\u00e8s mauvaise conseill\u00e8re pour notre profession.<\/p>\n\n\n\n<form method=\"post\" action=\"https:\/\/newsletter.infomaniak.com\/external\/submit\" class=\"inf-form\" target=\"_blank\"><input type=\"email\" name=\"email\" style=\"display:none\"><input type=\"hidden\" name=\"key\" value=\"eyJpdiI6IlZXRVJGMlRGQUU2alNqUE81bitIUk5adnNVa0c4MllFTStzOHdHT1FQZ3c9IiwidmFsdWUiOiJIYzhwMUVCK1pTNnlhY3MyMmhuZlhReWJqemEwNk93blMxTjFHc0s2VHZrPSIsIm1hYyI6ImVhYTQ5N2I1M2NiYWE4NzBmNjk2NzgzYjliM2Y5NmYzM2E2ZmU3NGQxNTU1ZDFkMTU1MzY5NTdjYjE3ZTJmNTUifQ==\"><input type=\"hidden\" name=\"webform_id\" value=\"7291\"><style> .inf-main_3000311ca56a1cb93397bc676c0b7fff{ background-color:#f5f5f5; padding:25px 20px; margin:25px auto; } .inf-main_3000311ca56a1cb93397bc676c0b7fff .inf-content { margin-top:13px;} .inf-main_3000311ca56a1cb93397bc676c0b7fff h4, .inf-main_3000311ca56a1cb93397bc676c0b7fff span, .inf-main_3000311ca56a1cb93397bc676c0b7fff label, .inf-main_3000311ca56a1cb93397bc676c0b7fff input, .inf-main_3000311ca56a1cb93397bc676c0b7fff .inf-submit, .inf-main_3000311ca56a1cb93397bc676c0b7fff .inf-success p a { color:#555555; font-size:14px; } .inf-main_3000311ca56a1cb93397bc676c0b7fff h4{ font-size:18px; margin:0px 0px 13px 0px; } .inf-main_3000311ca56a1cb93397bc676c0b7fff h4, .inf-main_3000311ca56a1cb93397bc676c0b7fff label{ font-weight:bold; } .inf-main_3000311ca56a1cb93397bc676c0b7fff .inf-input { margin-bottom:7px; } .inf-main_3000311ca56a1cb93397bc676c0b7fff label { display:block;} .inf-main_3000311ca56a1cb93397bc676c0b7fff input{ height:35px; color:#999999; border: 1px solid #E9E9E9; border:none; padding-left:7px; } .inf-main_3000311ca56a1cb93397bc676c0b7fff .inf-input.inf-error label, .inf-main_3000311ca56a1cb93397bc676c0b7fff .inf-input.inf-error span.inf-message{ color: #cc0033; } .inf-main_3000311ca56a1cb93397bc676c0b7fff .inf-input.inf-error input{ border: 1px solid #cc0033; } .inf-main_3000311ca56a1cb93397bc676c0b7fff .inf-input input { width:100%;} .inf-main_3000311ca56a1cb93397bc676c0b7fff .inf-input.inf-error span.inf-message { display: block; } .inf-main_3000311ca56a1cb93397bc676c0b7fff .inf-submit { text-align:right;} .inf-main_3000311ca56a1cb93397bc676c0b7fff .inf-submit input{ background-color:#777777; color:#ffffff; border:none; font-weight: normal; height:auto; padding:7px; } .inf-main_3000311ca56a1cb93397bc676c0b7fff .inf-submit input.disabled{ opacity: 0.4; } .inf-btn { color: rgb(85, 85, 85); border: medium none; font-weight: normal; height: auto; padding: 7px; display: inline-block; background-color: white; box-shadow: 0px 1px 1px rgba(0, 0, 0, 0.24); border-radius: 2px; line-height: 1em; } .inf-rgpd { margin:25px 0px 15px 0px; color:#555555; } <\/style> <div class=\"inf-main_3000311ca56a1cb93397bc676c0b7fff\"> <h4>NEWSLETTER DES FREIEN BLICKS<\/h4> <span>Erhalten Sie unsere Artikel jeden Sonntag.<\/span> <div class=\"inf-success\" style=\"display:none\"> <h4>Ihre Anmeldung f\u00fcr unseren w\u00f6chentlichen Newsletter wurde erfolgreich registriert!<\/h4> <p> <a href=\"#\" class=\"inf-btn\">\u00ab<\/a> <\/p> <\/div> <div class=\"inf-content\"> <div class=\"inf-input inf-input-text\"> <input type=\"text\" name=\"inf[1]\" data-inf-meta=\"1\" data-inf-error=\"Merci de renseigner une adresse email\" required=\"required\" placeholder=\"E-Mail\"> <\/div> <div class=\"inf-submit\"> <input type=\"submit\" name=\"\" value=\"Anmelden\"> <\/div> <\/div> <\/div> <\/form>\n\n\n\n<h6 class=\"wp-block-heading\">Certaines th\u00e9matiques deviennent difficiles \u00e0 aborder dans la s\u00e9r\u00e9nit\u00e9&#8230; Mais vous les abordez. Et parfois, surprise, des id\u00e9es a priori irr\u00e9conciliables s&#8217;av\u00e8rent compl\u00e9mentaires!<\/h6>\n\n\n\n<p>Certains th\u00e8mes sont en effet plus sensibles et polarisants que d\u2019autres, comme ce qui a trait \u00e0 l\u2019identit\u00e9. Mais chaque \u00e9poque a ses tabous. La r\u00e8gle d\u2019or du d\u00e9bat, selon moi, est de s\u2019opposer sur des id\u00e9es, m\u00eame avec virulence, sans attaque personnelle. Le sujet peut \u00eatre identitaire; la dispute, elle, ne doit jamais l\u2019\u00eatre. Voil\u00e0 l\u2019affaire.<\/p>\n\n\n\n\n\n<h6 class=\"wp-block-heading\">Emmanuel Macron n\u2019aura particip\u00e9 \u00e0 aucun d\u00e9bat avant le premier tour. Ses adversaires crient \u00e0 un d\u00e9ni de d\u00e9mocratie. Que pensez-vous de cette critique?<\/h6>\n\n\n\n<p>Emmanuel Macron tente d\u2019\u00eatre un Mitterand bis, un Pr\u00e9sident au-dessus de la m\u00eal\u00e9e, mais les temps ont chang\u00e9. J\u2019ignore ce qui va sortir de l\u2019urne, mais si les sondages disent vrai, il risque de payer cher son absence de campagne de terrain et de proximit\u00e9 avec la population. Plus de 50% des Fran\u00e7ais se r\u00e9clament aujourd\u2019hui d\u2019une radicalit\u00e9, qu\u2019ils aillent ou non voter. Et c\u2019est en bonne partie \u00e0 mettre au bilan d\u2019Emmanuel Macron.<\/p>\n\n\n\n<h6 class=\"wp-block-heading\">Votre invit\u00e9 de r\u00eave pour une prochaine \u00e9mission?<\/h6>\n\n\n\n<p>Madonna? Vladimir Poutine? Plus s\u00e9rieusement, la qualit\u00e9 d\u2019un d\u00e9bat tient beaucoup dans l\u2019alchimie entre les invit\u00e9s. \u00c7a ne repose pas sur une seule personne.<\/p>\n\n\n\n<p><em>Schreiben Sie dem Autor: <a href=\"https:\/\/leregardlibre.com\/de\/tag\/jonas-follonier\/\">jonas.follonier@leregardlibre.com<\/a><\/em><\/p>\n\n\n\n<h3 class=\"wp-block-heading\">Le choix de la r\u00e9daction:<\/h3>\n\n\n\n<figure class=\"wp-block-embed is-type-video is-provider-youtube wp-block-embed-youtube wp-embed-aspect-16-9 wp-has-aspect-ratio\"><div class=\"wp-block-embed__wrapper\">\n<iframe title=\"INT\u00c9GRALE - Le PoinG du 27 mars 2022 - \u269b\ufe0f\" width=\"1000\" height=\"563\" src=\"https:\/\/www.youtube.com\/embed\/imlCTl8JOVQ?start=1184&#038;feature=oembed\" frameborder=\"0\" allow=\"accelerometer; autoplay; clipboard-write; encrypted-media; gyroscope; picture-in-picture; web-share\" referrerpolicy=\"strict-origin-when-cross-origin\" allowfullscreen><\/iframe>\n<\/div><\/figure>\n\n\n\n<figure class=\"wp-block-embed is-type-video is-provider-youtube wp-block-embed-youtube wp-embed-aspect-16-9 wp-has-aspect-ratio\"><div class=\"wp-block-embed__wrapper\">\n<iframe title=\"INT\u00c9GRALE - Le PoinG du 15 novembre\" width=\"1000\" height=\"563\" src=\"https:\/\/www.youtube.com\/embed\/Nspcij9ke_o?feature=oembed\" frameborder=\"0\" allow=\"accelerometer; autoplay; clipboard-write; encrypted-media; gyroscope; picture-in-picture; web-share\" referrerpolicy=\"strict-origin-when-cross-origin\" allowfullscreen><\/iframe>\n<\/div><\/figure>\n\n\n\n<figure class=\"wp-block-embed is-type-video is-provider-youtube wp-block-embed-youtube wp-embed-aspect-16-9 wp-has-aspect-ratio\"><div class=\"wp-block-embed__wrapper\">\n<iframe title=\"INT\u00c9GRALE - Le PoinG du 6 f\u00e9vrier - Gare aux dessins!\" width=\"1000\" height=\"563\" src=\"https:\/\/www.youtube.com\/embed\/C1gROOmlryg?feature=oembed\" frameborder=\"0\" allow=\"accelerometer; autoplay; clipboard-write; encrypted-media; gyroscope; picture-in-picture; web-share\" referrerpolicy=\"strict-origin-when-cross-origin\" allowfullscreen><\/iframe>\n<\/div><\/figure>","protected":false},"excerpt":{"rendered":"<p>Article in\u00e9dit \u2013 Jonas Follonier Laetitia Guinand anime avec une passion intacte son \u00e9mission de d\u00e9bat \u00abLe PoinG\u00bb lanc\u00e9e en&#8230;<\/p>","protected":false},"author":138,"featured_media":47605,"comment_status":"open","ping_status":"open","sticky":false,"template":"","format":"standard","meta":{"_acf_changed":false,"footnotes":""},"categories":[8796],"tags":[4155756,11788,644358343,644352737,644357347,644344797,459],"class_list":["post-47591","post","type-post","status-publish","format-standard","has-post-thumbnail","hentry","category-societe","tag-debat-didees","tag-interviews","tag-laetitia-guinand","tag-madonna","tag-philippe-val","tag-presidentielle-francaise-2022","tag-television"],"acf":[],"yoast_head":"<!-- This site is optimized with the Yoast SEO Premium plugin v27.4 (Yoast SEO v27.4) - https:\/\/yoast.com\/product\/yoast-seo-premium-wordpress\/ -->\n<title>Laetitia Guinand animera \u00abLe PoinG\u00bb depuis Paris ce dimanche. Interview<\/title>\n<meta name=\"description\" content=\"Laetitia Guinand rencontre le succ\u00e8s avec son \u00e9mission de d\u00e9bat hebdomadaire \u00abLe Poing\u00bb, qu&#039;elle animera depuis Paris ce 10 avril. Interview\" \/>\n<meta name=\"robots\" content=\"index, follow, max-snippet:-1, max-image-preview:large, max-video-preview:-1\" \/>\n<link rel=\"canonical\" href=\"https:\/\/leregardlibre.com\/de\/gesellschaft\/laetitia-guinand-animera-le-poing-depuis-paris-ce-dimanche-interview\/\" \/>\n<meta property=\"og:locale\" content=\"de_DE\" \/>\n<meta property=\"og:type\" content=\"article\" \/>\n<meta property=\"og:title\" content=\"Laetitia Guinand animera \u00abLe PoinG\u00bb depuis Paris ce dimanche. Interview\" \/>\n<meta property=\"og:description\" content=\"Laetitia Guinand rencontre le succ\u00e8s avec son \u00e9mission de d\u00e9bat hebdomadaire \u00abLe Poing\u00bb, qu&#039;elle animera depuis Paris ce 10 avril. Interview\" \/>\n<meta property=\"og:url\" content=\"https:\/\/leregardlibre.com\/de\/gesellschaft\/laetitia-guinand-animera-le-poing-depuis-paris-ce-dimanche-interview\/\" \/>\n<meta property=\"og:site_name\" content=\"Le Regard Libre\" \/>\n<meta property=\"article:publisher\" content=\"https:\/\/www.facebook.com\/leregardlibre\/\" \/>\n<meta property=\"article:author\" content=\"https:\/\/www.facebook.com\/jonas.follonier\/\" \/>\n<meta property=\"article:published_time\" content=\"2022-04-08T04:00:00+00:00\" \/>\n<meta property=\"article:modified_time\" content=\"2023-10-29T10:59:45+00:00\" \/>\n<meta property=\"og:image\" content=\"https:\/\/leregardlibre.com\/wp-content\/uploads\/2022\/04\/le-poing-7-3553158409-1649358535418-scaled.jpeg\" \/>\n\t<meta property=\"og:image:width\" content=\"2560\" \/>\n\t<meta property=\"og:image:height\" content=\"1440\" \/>\n\t<meta property=\"og:image:type\" content=\"image\/jpeg\" \/>\n<meta name=\"author\" content=\"Jonas Follonier\" \/>\n<meta name=\"twitter:card\" content=\"summary_large_image\" \/>\n<meta name=\"twitter:creator\" content=\"@LeRegardLibre\" \/>\n<meta name=\"twitter:site\" content=\"@LeRegardLibre\" \/>\n<meta name=\"twitter:label1\" content=\"Verfasst von\" \/>\n\t<meta name=\"twitter:data1\" content=\"Jonas Follonier\" \/>\n\t<meta name=\"twitter:label2\" content=\"Gesch\u00e4tzte Lesezeit\" \/>\n\t<meta name=\"twitter:data2\" content=\"7\u00a0Minuten\" \/>\n<script type=\"application\/ld+json\" class=\"yoast-schema-graph\">{\"@context\":\"https:\\\/\\\/schema.org\",\"@graph\":[{\"@type\":\"Article\",\"@id\":\"https:\\\/\\\/leregardlibre.com\\\/societe\\\/laetitia-guinand-animera-le-poing-depuis-paris-ce-dimanche-interview\\\/#article\",\"isPartOf\":{\"@id\":\"https:\\\/\\\/leregardlibre.com\\\/societe\\\/laetitia-guinand-animera-le-poing-depuis-paris-ce-dimanche-interview\\\/\"},\"author\":{\"name\":\"Jonas Follonier\",\"@id\":\"https:\\\/\\\/leregardlibre.com\\\/#\\\/schema\\\/person\\\/bfe5aa794a23be71485d60e2d93ec0d2\"},\"headline\":\"Laetitia Guinand animera \u00abLe PoinG\u00bb depuis Paris ce dimanche. Interview\",\"datePublished\":\"2022-04-08T04:00:00+00:00\",\"dateModified\":\"2023-10-29T10:59:45+00:00\",\"mainEntityOfPage\":{\"@id\":\"https:\\\/\\\/leregardlibre.com\\\/societe\\\/laetitia-guinand-animera-le-poing-depuis-paris-ce-dimanche-interview\\\/\"},\"wordCount\":1273,\"commentCount\":0,\"publisher\":{\"@id\":\"https:\\\/\\\/leregardlibre.com\\\/#organization\"},\"image\":{\"@id\":\"https:\\\/\\\/leregardlibre.com\\\/societe\\\/laetitia-guinand-animera-le-poing-depuis-paris-ce-dimanche-interview\\\/#primaryimage\"},\"thumbnailUrl\":\"https:\\\/\\\/leregardlibre.com\\\/wp-content\\\/uploads\\\/2022\\\/04\\\/le-poing-7-3553158409-1649358535418-scaled.jpeg\",\"keywords\":[\"D\u00e9bat d\u2019id\u00e9es\",\"Interview\",\"Laetitia Guinand\",\"Madonna\",\"Philippe Val\",\"Pr\u00e9sidentielle fran\u00e7aise 2022\",\"T\u00e9l\u00e9vision\"],\"articleSection\":[\"Soci\u00e9t\u00e9\"],\"inLanguage\":\"de\",\"potentialAction\":[{\"@type\":\"CommentAction\",\"name\":\"Comment\",\"target\":[\"https:\\\/\\\/leregardlibre.com\\\/societe\\\/laetitia-guinand-animera-le-poing-depuis-paris-ce-dimanche-interview\\\/#respond\"]}]},{\"@type\":\"WebPage\",\"@id\":\"https:\\\/\\\/leregardlibre.com\\\/societe\\\/laetitia-guinand-animera-le-poing-depuis-paris-ce-dimanche-interview\\\/\",\"url\":\"https:\\\/\\\/leregardlibre.com\\\/societe\\\/laetitia-guinand-animera-le-poing-depuis-paris-ce-dimanche-interview\\\/\",\"name\":\"Laetitia Guinand animera \u00abLe PoinG\u00bb depuis Paris ce dimanche. Interview\",\"isPartOf\":{\"@id\":\"https:\\\/\\\/leregardlibre.com\\\/#website\"},\"primaryImageOfPage\":{\"@id\":\"https:\\\/\\\/leregardlibre.com\\\/societe\\\/laetitia-guinand-animera-le-poing-depuis-paris-ce-dimanche-interview\\\/#primaryimage\"},\"image\":{\"@id\":\"https:\\\/\\\/leregardlibre.com\\\/societe\\\/laetitia-guinand-animera-le-poing-depuis-paris-ce-dimanche-interview\\\/#primaryimage\"},\"thumbnailUrl\":\"https:\\\/\\\/leregardlibre.com\\\/wp-content\\\/uploads\\\/2022\\\/04\\\/le-poing-7-3553158409-1649358535418-scaled.jpeg\",\"datePublished\":\"2022-04-08T04:00:00+00:00\",\"dateModified\":\"2023-10-29T10:59:45+00:00\",\"description\":\"Laetitia Guinand rencontre le succ\u00e8s avec son \u00e9mission de d\u00e9bat hebdomadaire \u00abLe Poing\u00bb, qu'elle animera depuis Paris ce 10 avril. Interview\",\"breadcrumb\":{\"@id\":\"https:\\\/\\\/leregardlibre.com\\\/societe\\\/laetitia-guinand-animera-le-poing-depuis-paris-ce-dimanche-interview\\\/#breadcrumb\"},\"inLanguage\":\"de\",\"potentialAction\":[{\"@type\":\"ReadAction\",\"target\":[\"https:\\\/\\\/leregardlibre.com\\\/societe\\\/laetitia-guinand-animera-le-poing-depuis-paris-ce-dimanche-interview\\\/\"]}]},{\"@type\":\"ImageObject\",\"inLanguage\":\"de\",\"@id\":\"https:\\\/\\\/leregardlibre.com\\\/societe\\\/laetitia-guinand-animera-le-poing-depuis-paris-ce-dimanche-interview\\\/#primaryimage\",\"url\":\"https:\\\/\\\/leregardlibre.com\\\/wp-content\\\/uploads\\\/2022\\\/04\\\/le-poing-7-3553158409-1649358535418-scaled.jpeg\",\"contentUrl\":\"https:\\\/\\\/leregardlibre.com\\\/wp-content\\\/uploads\\\/2022\\\/04\\\/le-poing-7-3553158409-1649358535418-scaled.jpeg\",\"width\":2560,\"height\":1440,\"caption\":\"Laetitia Guinand, animatrice et productrice de l'\u00e9mission Le PoinG sur L\u00e9man Bleu\"},{\"@type\":\"BreadcrumbList\",\"@id\":\"https:\\\/\\\/leregardlibre.com\\\/societe\\\/laetitia-guinand-animera-le-poing-depuis-paris-ce-dimanche-interview\\\/#breadcrumb\",\"itemListElement\":[{\"@type\":\"ListItem\",\"position\":1,\"name\":\"Accueil\",\"item\":\"https:\\\/\\\/leregardlibre.com\\\/\"},{\"@type\":\"ListItem\",\"position\":2,\"name\":\"Laetitia Guinand animera \u00abLe PoinG\u00bb depuis Paris ce dimanche. Interview\"}]},{\"@type\":\"WebSite\",\"@id\":\"https:\\\/\\\/leregardlibre.com\\\/#website\",\"url\":\"https:\\\/\\\/leregardlibre.com\\\/\",\"name\":\"Le Regard Libre\",\"description\":\"Premier mensuel suisse de d\u00e9bat\",\"publisher\":{\"@id\":\"https:\\\/\\\/leregardlibre.com\\\/#organization\"},\"potentialAction\":[{\"@type\":\"SearchAction\",\"target\":{\"@type\":\"EntryPoint\",\"urlTemplate\":\"https:\\\/\\\/leregardlibre.com\\\/?s={search_term_string}\"},\"query-input\":{\"@type\":\"PropertyValueSpecification\",\"valueRequired\":true,\"valueName\":\"search_term_string\"}}],\"inLanguage\":\"de\"},{\"@type\":\"Organization\",\"@id\":\"https:\\\/\\\/leregardlibre.com\\\/#organization\",\"name\":\"Le Regard Libre\",\"url\":\"https:\\\/\\\/leregardlibre.com\\\/\",\"logo\":{\"@type\":\"ImageObject\",\"inLanguage\":\"de\",\"@id\":\"https:\\\/\\\/leregardlibre.com\\\/#\\\/schema\\\/logo\\\/image\\\/\",\"url\":\"https:\\\/\\\/leregardlibre.com\\\/wp-content\\\/uploads\\\/2025\\\/08\\\/logo-rl-icone-neg.jpeg\",\"contentUrl\":\"https:\\\/\\\/leregardlibre.com\\\/wp-content\\\/uploads\\\/2025\\\/08\\\/logo-rl-icone-neg.jpeg\",\"width\":557,\"height\":556,\"caption\":\"Le Regard Libre\"},\"image\":{\"@id\":\"https:\\\/\\\/leregardlibre.com\\\/#\\\/schema\\\/logo\\\/image\\\/\"},\"sameAs\":[\"https:\\\/\\\/www.facebook.com\\\/leregardlibre\\\/\",\"https:\\\/\\\/x.com\\\/LeRegardLibre\",\"https:\\\/\\\/www.linkedin.com\\\/company\\\/le-regard-libre\",\"https:\\\/\\\/www.instagram.com\\\/leregardlibre\\\/\",\"http:\\\/\\\/t.me\\\/leregardlibre\",\"https:\\\/\\\/youtube.com\\\/channel\\\/UC6HzGPomj1LsUmlz-sJtITQ\"],\"description\":\"Le Regard Libre est un mensuel suisse de d\u00e9bat intellectuel et culturel. Sa r\u00e9daction est jeune, b\u00e9n\u00e9vole, lib\u00e9rale et pluraliste. Le magazine para\u00eet en ligne et sous forme papier. Sa langue est le fran\u00e7ais.\",\"email\":\"redaction@leregardlibre.com\",\"legalName\":\"Le Regard Libre\",\"foundingDate\":\"2014-01-01\",\"numberOfEmployees\":{\"@type\":\"QuantitativeValue\",\"minValue\":\"11\",\"maxValue\":\"50\"},\"publishingPrinciples\":\"https:\\\/\\\/leregardlibre.com\\\/a-propos\\\/notre-manifeste\\\/\",\"ownershipFundingInfo\":\"https:\\\/\\\/leregardlibre.com\\\/mentions-legales\\\/\",\"actionableFeedbackPolicy\":\"https:\\\/\\\/leregardlibre.com\\\/conditions-generales-de-vente\\\/\"},{\"@type\":\"Person\",\"@id\":\"https:\\\/\\\/leregardlibre.com\\\/#\\\/schema\\\/person\\\/bfe5aa794a23be71485d60e2d93ec0d2\",\"name\":\"Jonas Follonier\",\"image\":{\"@type\":\"ImageObject\",\"inLanguage\":\"de\",\"@id\":\"https:\\\/\\\/secure.gravatar.com\\\/avatar\\\/602060b40f6a458420c2d140f49b6caea99152ce6704f2c332e5a0c5aad80303?s=96&d=identicon&r=g\",\"url\":\"https:\\\/\\\/secure.gravatar.com\\\/avatar\\\/602060b40f6a458420c2d140f49b6caea99152ce6704f2c332e5a0c5aad80303?s=96&d=identicon&r=g\",\"contentUrl\":\"https:\\\/\\\/secure.gravatar.com\\\/avatar\\\/602060b40f6a458420c2d140f49b6caea99152ce6704f2c332e5a0c5aad80303?s=96&d=identicon&r=g\",\"caption\":\"Jonas Follonier\"},\"description\":\"Correspondant au Palais f\u00e9d\u00e9ral pour \u00abL\u2019Agefi\u00bb, auteur-compositeur-interpr\u00e8te et essayiste, Jonas Follonier est le fondateur et r\u00e9dacteur en chef du \u00abRegard Libre\u00bb.\",\"sameAs\":[\"https:\\\/\\\/www.facebook.com\\\/jonas.follonier\\\/\",\"https:\\\/\\\/www.instagram.com\\\/jonasfollonier\\\/\",\"https:\\\/\\\/www.linkedin.com\\\/in\\\/jonasfollonier\\\/\",\"https:\\\/\\\/fr.wikipedia.org\\\/wiki\\\/Le_Regard_libre\"],\"url\":\"https:\\\/\\\/leregardlibre.com\\\/de\\\/author\\\/jonas-follonier\\\/\"}]}<\/script>\n<!-- \/ Yoast SEO Premium plugin. -->","yoast_head_json":{"title":"Laetitia Guinand wird am Sonntag \u00abLe PoinG\u00bb aus Paris moderieren. Interview","description":"Laetitia Guinand rencontre le succ\u00e8s avec son \u00e9mission de d\u00e9bat hebdomadaire \u00abLe Poing\u00bb, qu'elle animera depuis Paris ce 10 avril. Interview","robots":{"index":"index","follow":"follow","max-snippet":"max-snippet:-1","max-image-preview":"max-image-preview:large","max-video-preview":"max-video-preview:-1"},"canonical":"https:\/\/leregardlibre.com\/de\/gesellschaft\/laetitia-guinand-animera-le-poing-depuis-paris-ce-dimanche-interview\/","og_locale":"de_DE","og_type":"article","og_title":"Laetitia Guinand animera \u00abLe PoinG\u00bb depuis Paris ce dimanche. Interview","og_description":"Laetitia Guinand rencontre le succ\u00e8s avec son \u00e9mission de d\u00e9bat hebdomadaire \u00abLe Poing\u00bb, qu'elle animera depuis Paris ce 10 avril. Interview","og_url":"https:\/\/leregardlibre.com\/de\/gesellschaft\/laetitia-guinand-animera-le-poing-depuis-paris-ce-dimanche-interview\/","og_site_name":"Le Regard Libre","article_publisher":"https:\/\/www.facebook.com\/leregardlibre\/","article_author":"https:\/\/www.facebook.com\/jonas.follonier\/","article_published_time":"2022-04-08T04:00:00+00:00","article_modified_time":"2023-10-29T10:59:45+00:00","og_image":[{"width":2560,"height":1440,"url":"https:\/\/leregardlibre.com\/wp-content\/uploads\/2022\/04\/le-poing-7-3553158409-1649358535418-scaled.jpeg","type":"image\/jpeg"}],"author":"Jonas Follonier","twitter_card":"summary_large_image","twitter_creator":"@LeRegardLibre","twitter_site":"@LeRegardLibre","twitter_misc":{"Verfasst von":"Jonas Follonier","Gesch\u00e4tzte Lesezeit":"7\u00a0Minuten"},"schema":{"@context":"https:\/\/schema.org","@graph":[{"@type":"Article","@id":"https:\/\/leregardlibre.com\/societe\/laetitia-guinand-animera-le-poing-depuis-paris-ce-dimanche-interview\/#article","isPartOf":{"@id":"https:\/\/leregardlibre.com\/societe\/laetitia-guinand-animera-le-poing-depuis-paris-ce-dimanche-interview\/"},"author":{"name":"Jonas Follonier","@id":"https:\/\/leregardlibre.com\/#\/schema\/person\/bfe5aa794a23be71485d60e2d93ec0d2"},"headline":"Laetitia Guinand animera \u00abLe PoinG\u00bb depuis Paris ce dimanche. Interview","datePublished":"2022-04-08T04:00:00+00:00","dateModified":"2023-10-29T10:59:45+00:00","mainEntityOfPage":{"@id":"https:\/\/leregardlibre.com\/societe\/laetitia-guinand-animera-le-poing-depuis-paris-ce-dimanche-interview\/"},"wordCount":1273,"commentCount":0,"publisher":{"@id":"https:\/\/leregardlibre.com\/#organization"},"image":{"@id":"https:\/\/leregardlibre.com\/societe\/laetitia-guinand-animera-le-poing-depuis-paris-ce-dimanche-interview\/#primaryimage"},"thumbnailUrl":"https:\/\/leregardlibre.com\/wp-content\/uploads\/2022\/04\/le-poing-7-3553158409-1649358535418-scaled.jpeg","keywords":["D\u00e9bat d\u2019id\u00e9es","Interview","Laetitia Guinand","Madonna","Philippe Val","Pr\u00e9sidentielle fran\u00e7aise 2022","T\u00e9l\u00e9vision"],"articleSection":["Soci\u00e9t\u00e9"],"inLanguage":"de","potentialAction":[{"@type":"CommentAction","name":"Comment","target":["https:\/\/leregardlibre.com\/societe\/laetitia-guinand-animera-le-poing-depuis-paris-ce-dimanche-interview\/#respond"]}]},{"@type":"WebPage","@id":"https:\/\/leregardlibre.com\/societe\/laetitia-guinand-animera-le-poing-depuis-paris-ce-dimanche-interview\/","url":"https:\/\/leregardlibre.com\/societe\/laetitia-guinand-animera-le-poing-depuis-paris-ce-dimanche-interview\/","name":"Laetitia Guinand wird am Sonntag \u00abLe PoinG\u00bb aus Paris moderieren. Interview","isPartOf":{"@id":"https:\/\/leregardlibre.com\/#website"},"primaryImageOfPage":{"@id":"https:\/\/leregardlibre.com\/societe\/laetitia-guinand-animera-le-poing-depuis-paris-ce-dimanche-interview\/#primaryimage"},"image":{"@id":"https:\/\/leregardlibre.com\/societe\/laetitia-guinand-animera-le-poing-depuis-paris-ce-dimanche-interview\/#primaryimage"},"thumbnailUrl":"https:\/\/leregardlibre.com\/wp-content\/uploads\/2022\/04\/le-poing-7-3553158409-1649358535418-scaled.jpeg","datePublished":"2022-04-08T04:00:00+00:00","dateModified":"2023-10-29T10:59:45+00:00","description":"Laetitia Guinand rencontre le succ\u00e8s avec son \u00e9mission de d\u00e9bat hebdomadaire \u00abLe Poing\u00bb, qu'elle animera depuis Paris ce 10 avril. Interview","breadcrumb":{"@id":"https:\/\/leregardlibre.com\/societe\/laetitia-guinand-animera-le-poing-depuis-paris-ce-dimanche-interview\/#breadcrumb"},"inLanguage":"de","potentialAction":[{"@type":"ReadAction","target":["https:\/\/leregardlibre.com\/societe\/laetitia-guinand-animera-le-poing-depuis-paris-ce-dimanche-interview\/"]}]},{"@type":"ImageObject","inLanguage":"de","@id":"https:\/\/leregardlibre.com\/societe\/laetitia-guinand-animera-le-poing-depuis-paris-ce-dimanche-interview\/#primaryimage","url":"https:\/\/leregardlibre.com\/wp-content\/uploads\/2022\/04\/le-poing-7-3553158409-1649358535418-scaled.jpeg","contentUrl":"https:\/\/leregardlibre.com\/wp-content\/uploads\/2022\/04\/le-poing-7-3553158409-1649358535418-scaled.jpeg","width":2560,"height":1440,"caption":"Laetitia Guinand, animatrice et productrice de l'\u00e9mission Le PoinG sur L\u00e9man Bleu"},{"@type":"BreadcrumbList","@id":"https:\/\/leregardlibre.com\/societe\/laetitia-guinand-animera-le-poing-depuis-paris-ce-dimanche-interview\/#breadcrumb","itemListElement":[{"@type":"ListItem","position":1,"name":"Accueil","item":"https:\/\/leregardlibre.com\/"},{"@type":"ListItem","position":2,"name":"Laetitia Guinand animera \u00abLe PoinG\u00bb depuis Paris ce dimanche. Interview"}]},{"@type":"WebSite","@id":"https:\/\/leregardlibre.com\/#website","url":"https:\/\/leregardlibre.com\/","name":"Le Regard Libre","description":"Erste Schweizer Monatszeitschrift f\u00fcr Debatten","publisher":{"@id":"https:\/\/leregardlibre.com\/#organization"},"potentialAction":[{"@type":"SearchAction","target":{"@type":"EntryPoint","urlTemplate":"https:\/\/leregardlibre.com\/?s={search_term_string}"},"query-input":{"@type":"PropertyValueSpecification","valueRequired":true,"valueName":"search_term_string"}}],"inLanguage":"de"},{"@type":"Organization","@id":"https:\/\/leregardlibre.com\/#organization","name":"Le Regard Libre","url":"https:\/\/leregardlibre.com\/","logo":{"@type":"ImageObject","inLanguage":"de","@id":"https:\/\/leregardlibre.com\/#\/schema\/logo\/image\/","url":"https:\/\/leregardlibre.com\/wp-content\/uploads\/2025\/08\/logo-rl-icone-neg.jpeg","contentUrl":"https:\/\/leregardlibre.com\/wp-content\/uploads\/2025\/08\/logo-rl-icone-neg.jpeg","width":557,"height":556,"caption":"Le Regard Libre"},"image":{"@id":"https:\/\/leregardlibre.com\/#\/schema\/logo\/image\/"},"sameAs":["https:\/\/www.facebook.com\/leregardlibre\/","https:\/\/x.com\/LeRegardLibre","https:\/\/www.linkedin.com\/company\/le-regard-libre","https:\/\/www.instagram.com\/leregardlibre\/","http:\/\/t.me\/leregardlibre","https:\/\/youtube.com\/channel\/UC6HzGPomj1LsUmlz-sJtITQ"],"description":"Le Regard Libre ist eine Schweizer Monatszeitschrift f\u00fcr intellektuelle und kulturelle Debatten. Seine Redaktion ist jung, ehrenamtlich, liberal und pluralistisch. Das Magazin erscheint online und in gedruckter Form. Seine Sprache ist Franz\u00f6sisch.","email":"redaction@leregardlibre.com","legalName":"Le Regard Libre","foundingDate":"2014-01-01","numberOfEmployees":{"@type":"QuantitativeValue","minValue":"11","maxValue":"50"},"publishingPrinciples":"https:\/\/leregardlibre.com\/a-propos\/notre-manifeste\/","ownershipFundingInfo":"https:\/\/leregardlibre.com\/mentions-legales\/","actionableFeedbackPolicy":"https:\/\/leregardlibre.com\/conditions-generales-de-vente\/"},{"@type":"Person","@id":"https:\/\/leregardlibre.com\/#\/schema\/person\/bfe5aa794a23be71485d60e2d93ec0d2","name":"Jonas Follonier","image":{"@type":"ImageObject","inLanguage":"de","@id":"https:\/\/secure.gravatar.com\/avatar\/602060b40f6a458420c2d140f49b6caea99152ce6704f2c332e5a0c5aad80303?s=96&d=identicon&r=g","url":"https:\/\/secure.gravatar.com\/avatar\/602060b40f6a458420c2d140f49b6caea99152ce6704f2c332e5a0c5aad80303?s=96&d=identicon&r=g","contentUrl":"https:\/\/secure.gravatar.com\/avatar\/602060b40f6a458420c2d140f49b6caea99152ce6704f2c332e5a0c5aad80303?s=96&d=identicon&r=g","caption":"Jonas Follonier"},"description":"Bundeshauskorrespondent f\u00fcr \u00abL'Agefi\u00bb, Singer-Songwriter, Jonas Follonier ist Gr\u00fcnder und Chefredakteur von \u00abRegard Libre\u00bb.","sameAs":["https:\/\/www.facebook.com\/jonas.follonier\/","https:\/\/www.instagram.com\/jonasfollonier\/","https:\/\/www.linkedin.com\/in\/jonasfollonier\/","https:\/\/fr.wikipedia.org\/wiki\/Le_Regard_libre"],"url":"https:\/\/leregardlibre.com\/de\/author\/jonas-follonier\/"}]}},"_links":{"self":[{"href":"https:\/\/leregardlibre.com\/de\/wp-json\/wp\/v2\/posts\/47591","targetHints":{"allow":["GET"]}}],"collection":[{"href":"https:\/\/leregardlibre.com\/de\/wp-json\/wp\/v2\/posts"}],"about":[{"href":"https:\/\/leregardlibre.com\/de\/wp-json\/wp\/v2\/types\/post"}],"author":[{"embeddable":true,"href":"https:\/\/leregardlibre.com\/de\/wp-json\/wp\/v2\/users\/138"}],"replies":[{"embeddable":true,"href":"https:\/\/leregardlibre.com\/de\/wp-json\/wp\/v2\/comments?post=47591"}],"version-history":[{"count":2,"href":"https:\/\/leregardlibre.com\/de\/wp-json\/wp\/v2\/posts\/47591\/revisions"}],"predecessor-version":[{"id":511383,"href":"https:\/\/leregardlibre.com\/de\/wp-json\/wp\/v2\/posts\/47591\/revisions\/511383"}],"wp:featuredmedia":[{"embeddable":true,"href":"https:\/\/leregardlibre.com\/de\/wp-json\/wp\/v2\/media\/47605"}],"wp:attachment":[{"href":"https:\/\/leregardlibre.com\/de\/wp-json\/wp\/v2\/media?parent=47591"}],"wp:term":[{"taxonomy":"category","embeddable":true,"href":"https:\/\/leregardlibre.com\/de\/wp-json\/wp\/v2\/categories?post=47591"},{"taxonomy":"post_tag","embeddable":true,"href":"https:\/\/leregardlibre.com\/de\/wp-json\/wp\/v2\/tags?post=47591"}],"curies":[{"name":"wp","href":"https:\/\/api.w.org\/{rel}","templated":true}]}}