{"id":4824,"date":"2017-01-27T22:32:21","date_gmt":"2017-01-27T21:32:21","guid":{"rendered":"http:\/\/leregardlibre.com\/?p=4824"},"modified":"2025-11-12T19:16:54","modified_gmt":"2025-11-12T18:16:54","slug":"thiefaine-ist-zu-uns-gekommen-wir-haben-ihn-gesehen-und-er-hat-uns-gefallen","status":"publish","type":"post","link":"https:\/\/leregardlibre.com\/de\/musique\/thiefaine-est-venu-nous-lavons-vu-et-il-nous-a-plu\/","title":{"rendered":"Thi\u00e9faine war da, wir haben ihn gesehen und er hat uns gefallen"},"content":{"rendered":"<p class=\"has-drop-cap\">Die Tournee hatte am 11. April 2015 in Reims begonnen. Sie endete am 19. November 2016 im Z\u00e9nith in Paris. Ein echter Marathon f\u00fcr den franz\u00f6sischen S\u00e4nger Hubert-F\u00e9lix Thi\u00e9faine, der nach wie vor gro\u00dfen Wert darauf legt, in der Provinz aufzutreten, und der (fast) genauso oft in den Medien auftaucht wie zuvor, n\u00e4mlich so gut wie nie. Insgesamt bestritt der aus Dole im franz\u00f6sischen Jura stammende Singer-Songwriter im Rahmen seiner \u00abVIXI Tour XVII\u00bb 109 Konzerte.<\/p>\n\n\n\n<!--more-->\n\n\n\n<p>So viele Gelegenheiten f\u00fcr seine Fans, ihn nach seiner letzten und nicht minder gigantischen Tournee mit dem Titel \u00abHomo plebis ultimae Tour\u00bb, die sich von 2011 bis 2013 erstreckte, wiederzusehen. Ebenso viele Gelegenheiten f\u00fcr Hubert-F\u00e9lix Thi\u00e9faine, sein neuestes Album zu pr\u00e4sentieren, <em>Strategie der Hoffnungslosigkeit<\/em>, ein Werk von sehr hoher Qualit\u00e4t, \u00fcber das wir in unserer dreizehnten Ausgabe im vergangenen Februar berichtet hatten. Nicht weniger als acht Titel aus diesem Werk von 2014 wurden in das Repertoire der Tournee aufgenommen, neben \u00e4lteren und oft schon zum Kult gewordenen Liedern wie <em>Die 113. Zigarette ohne Schlaf<\/em>, <em>Alligators 427<\/em> und nat\u00fcrlich <em>Die Tochter des Fugenreissers<\/em>.<\/p>\n\n\n\n<h3 class=\"wp-block-heading\" id=\"h-son-passage-a-morges\">Sein Aufenthalt in Morges<\/h3>\n\n\n\n<p>Das Schicksal wollte es, dass Thi\u00e9faine in der Schweiz Halt machte, um in Morges den vorletzten Termin ihrer Konzerttournee zu bestreiten. Das Th\u00e9\u00e2tre de Beausobre mit seinem \u00fcberaus freundlichen Personal feierte 2016 sein 30-j\u00e4hriges Bestehen, was dem Konzert am 17. November eine besondere emotionale Note verlieh. An diesem Tag hat Thi\u00e9faine das Publikum eindeutig f\u00fcr sich gewonnen. Dieses bestand haupts\u00e4chlich aus Sechzigj\u00e4hrigen, den ehemaligen 68ern. Man muss sagen, dass das Publikum von Hubert-F\u00e9lix Thi\u00e9faine ein treues Publikum ist, das den K\u00fcnstler seit seinen Anf\u00e4ngen in den 70er Jahren begleitet oder erst sp\u00e4ter dazukam und seitdem kein Konzert mehr verpasst hat. Hinzu kommen Neulinge, die \u2013 wie ich \u2013 neugierig auf ein originelles und gut durchdachtes Musikprojekt sind und vor allem den Thi\u00e9faine der letzten Alben sch\u00e4tzen, mit ihrem ausgereiften Klang und ihrer selbstbewussten D\u00fcsternis.<\/p>\n\n\n\n<p>An jenem Donnerstag konnten wir die Vorteile eines Tournee-Finales genie\u00dfen: Kein Z\u00f6gern war in den Stimmen zu h\u00f6ren, jeder Aspekt des Konzerts war bis ins Detail ausgefeilt, und die Musiker f\u00fchlten sich so wohl, dass sie sich an gewagte Improvisationen wagten. Der Abend begann mit dem Lied <em>Den Fluss hinauf<\/em>, eine sehr klarsichtige Reflexion \u00fcber Leben und Tod. Einziger Wermutstropfen: Der Klang ist etwas \u00fcbersteuert. Die Techniker werden das nach einigen St\u00fccken vollst\u00e4ndig beheben. Der Ton ist von Anfang an klar: Das Konzert wird sehr rockig. Hubert-F\u00e9lix\u2019 Sohn Lucas spielt \u00fcbrigens auf der B\u00fchne E-Gitarre. Eine sch\u00f6ne Anerkennung, die sein Vater ihm f\u00fcr sein Talent zollt, nachdem er ihm bereits erlaubt hatte, die Arrangements f\u00fcr das Album von 2014 zu erstellen. Die sehr energiegeladene Atmosph\u00e4re findet dennoch ihr Gleichgewicht durch eher akustische Momente, wie die Liebesballade <em>Ich \u00fcberlasse es dem Wind<\/em>, bei dem Thi\u00e9faine allein an der Gitarre spielt, genau wie bei dem gro\u00dfartigen <em>Fr\u00fch am Morgen, 4:10 Uhr (Sommerzeit)<\/em> und das Finale <em>Ein Abschied<\/em>.<\/p>\n\n\n\n<h3 class=\"wp-block-heading\" id=\"h-une-poesie-symboliste\">Symbolistische Poesie<\/h3>\n\n\n\n<p>Neben der musikalischen Komposition sind es vor allem die Texte, die Hubert-F\u00e9lix Thi\u00e9faine ber\u00fchmt gemacht haben. <em>Seine<\/em> seine Worte, seine ganz eigene Atmosph\u00e4re, seine Gabe, uns das Geheimnis in seinem Wesen sp\u00fcrbar zu machen, uns in den Spleen der Vorst\u00e4dte einzuf\u00fchren, in die klarste Verzweiflung, die es gibt, in die T\u00fccken der Sexualit\u00e4t und der k\u00fcnstlichen Paradiese. Charles Baudelaire ist in all seinen Liedern sp\u00fcrbar, aber wir k\u00f6nnen auch Edgar Allan Poe erw\u00e4hnen, einen weiteren seiner literarischen Vorbilder, dem er die Figur des Raben verdankt. Dieses Symbol findet sich auch bei Rimbaud, einer herausragenden Gestalt des Symbolismus, einer poetischen Bewegung, die Ende des 19. Jahrhunderts entstand<sup>.<\/sup> Jahrhundert, in dem er Verbindungen zwischen Bild und Idee herstellt und dabei stark mit der Vermischung von Empfindungen und dem Ausdruck des Geheimnisvollen spielt.<\/p>\n\n\n\n<p>Man k\u00f6nnte Thi\u00e9faine zweifellos als neo-symbolistischen Rocker bezeichnen, da seine Verse nur so vor Syn\u00e4sthesien strotzen und zu einer gewissen Hermetik neigen. Man sagt \u00fcbrigens oft, dass man bei jedem Anh\u00f6ren eines seiner Lieder W\u00f6rter entdeckt, die man zuvor nicht kannte. Der ehemalige Latein- und Griechischstudent, der sich f\u00fcr die Antike und Literatur begeistert, serviert uns Begriffe wie: \u00abDoryphoren\u00bb, \u00abPetroglyphen\u00bb, \u00abRostren\u00bb oder auch \u00abLykanthrop\u00bb. Und diese werden nicht einfach in einen Brei aus bohemistischen Ges\u00e4ngen geworfen, mit dem der S\u00e4nger das Publikum beeindrucken will. Im Gegenteil, sie sind sorgf\u00e4ltig in eine nachdenkliche, bescheidene Poesie eingebettet, die das \u00abIch\u00bb meidet und \u2013 wie jedes intelligente Werk \u2013 von einer unerbittlichen Nostalgie gepr\u00e4gt ist, von einem Sinn f\u00fcr das Tragische, der zugleich den seligen Optimismus der \u00ab<em>Hits<\/em> des Sommers\u00bb und der Protest der engagierten S\u00e4nger.<\/p>\n\n\n\n<h6 class=\"wp-block-heading\" id=\"h-a-lire-aussi-strategie-de-l-inespoir-une-sublime-lucidite\">Lesen Sie auch | <a href=\"https:\/\/leregardlibre.com\/de\/musik\/strategie-de-linespoir-une-sublime-lucidite\/\"><em>Strategie der Hoffnungslosigkeit<\/em>, eine sublime Klarheit<\/a><\/h6>\n\n\n\n<p>Mit achtundsechzig Jahren verf\u00fcgt Hubert-F\u00e9lix Thi\u00e9faine nach wie vor \u00fcber eine au\u00dfergew\u00f6hnliche Vitalit\u00e4t, eine absolute Souver\u00e4nit\u00e4t auf der B\u00fchne, ungebrochene Inspiration und eine intakte Stimme, die heute sogar noch interessanter ist als zu Beginn seiner Karriere. Dieser Mann, dessen vorletztes Album, <em>L\u00fcgen-Zuschl\u00e4ge<\/em>, wurde mit einer Platin-Schallplatte sowie einem \u00abVictoire de la musique\u00bb-Preis ausgezeichnet, und sein letztes Album erhielt 2015 den Grand Prix der Acad\u00e9mie Charles-Cros in der Kategorie \u201eChanson\u201c, Dieser Mann, der 2011 den Grand Prix de la chanson fran\u00e7aise der SACEM und 2012 den \u201eVictoire\u201c als bester m\u00e4nnlicher Interpret erhielt, wird uns in den kommenden Jahren zweifellos noch viele \u00dcberraschungen bereiten.<\/p>\n\n\n\n<p><em>Schreiben Sie dem Autor: <a href=\"mailto:jonas.follonier@leregardlibre.com\">jonas.follonier@leregardlibre.com<\/a><\/em><\/p>","protected":false},"excerpt":{"rendered":"<p>La tourn\u00e9e avait d\u00e9but\u00e9 le 11 avril 2015, \u00e0 Reims. Elle s\u2019est achev\u00e9e le 19 novembre 2016, au Z\u00e9nith de&#8230;<\/p>","protected":false},"author":138,"featured_media":4852,"comment_status":"open","ping_status":"open","sticky":false,"template":"","format":"standard","meta":{"_acf_changed":false,"footnotes":""},"categories":[6460],"tags":[644339057,488322,8609,5782657,2643102,14831,2403267,755764],"class_list":["post-4824","post","type-post","status-publish","format-standard","has-post-thumbnail","hentry","category-musique","tag-chanson","tag-chanson-francaise","tag-concerts","tag-hubert-felix-thiefaine","tag-morges","tag-poesie","tag-rock-francais","tag-symbolisme"],"acf":[],"yoast_head":"<!-- This site is optimized with the Yoast SEO Premium plugin v28.4 (Yoast SEO v28.4) - https:\/\/yoast.com\/product\/yoast-seo-premium-wordpress\/ -->\n<title>Thi\u00e9faine est venu, nous l&#039;avons vu et il nous a plu<\/title>\n<meta name=\"robots\" content=\"index, follow, max-snippet:-1, max-image-preview:large, max-video-preview:-1\" \/>\n<link rel=\"canonical\" href=\"https:\/\/leregardlibre.com\/de\/musik\/thiefaine-ist-zu-uns-gekommen-wir-haben-ihn-gesehen-und-er-hat-uns-gefallen\/\" \/>\n<meta property=\"og:locale\" content=\"de_DE\" \/>\n<meta property=\"og:type\" content=\"article\" \/>\n<meta property=\"og:title\" content=\"Thi\u00e9faine est venu, nous l&#039;avons vu et il nous a plu\" \/>\n<meta property=\"og:description\" content=\"La tourn\u00e9e avait d\u00e9but\u00e9 le 11 avril 2015, \u00e0 Reims. Elle s\u2019est achev\u00e9e le 19 novembre 2016, au Z\u00e9nith de...\" \/>\n<meta property=\"og:url\" content=\"https:\/\/leregardlibre.com\/de\/musik\/thiefaine-ist-zu-uns-gekommen-wir-haben-ihn-gesehen-und-er-hat-uns-gefallen\/\" \/>\n<meta property=\"og:site_name\" content=\"Le Regard Libre\" \/>\n<meta property=\"article:publisher\" content=\"https:\/\/www.facebook.com\/leregardlibre\/\" \/>\n<meta property=\"article:author\" content=\"https:\/\/www.facebook.com\/jonas.follonier\/\" \/>\n<meta property=\"article:published_time\" content=\"2017-01-27T21:32:21+00:00\" \/>\n<meta property=\"article:modified_time\" content=\"2025-11-12T18:16:54+00:00\" \/>\n<meta property=\"og:image\" content=\"https:\/\/leregardlibre.com\/wp-content\/uploads\/2017\/01\/thic3a9faine-c3a0-morges.jpg\" \/>\n\t<meta property=\"og:image:width\" content=\"1053\" \/>\n\t<meta property=\"og:image:height\" content=\"800\" \/>\n\t<meta property=\"og:image:type\" content=\"image\/jpeg\" \/>\n<meta name=\"author\" content=\"Jonas Follonier\" \/>\n<meta name=\"twitter:card\" content=\"summary_large_image\" \/>\n<meta name=\"twitter:creator\" content=\"@LeRegardLibre\" \/>\n<meta name=\"twitter:site\" content=\"@LeRegardLibre\" \/>\n<meta name=\"twitter:label1\" content=\"Verfasst von\" \/>\n\t<meta name=\"twitter:data1\" content=\"Jonas Follonier\" \/>\n\t<meta name=\"twitter:label2\" content=\"Gesch\u00e4tzte Lesezeit\" \/>\n\t<meta name=\"twitter:data2\" content=\"5\u00a0Minuten\" \/>\n<script type=\"application\/ld+json\" class=\"yoast-schema-graph\">{\"@context\":\"https:\\\/\\\/schema.org\",\"@graph\":[{\"@type\":\"Article\",\"@id\":\"https:\\\/\\\/leregardlibre.com\\\/musique\\\/thiefaine-est-venu-nous-lavons-vu-et-il-nous-a-plu\\\/#article\",\"isPartOf\":{\"@id\":\"https:\\\/\\\/leregardlibre.com\\\/musique\\\/thiefaine-est-venu-nous-lavons-vu-et-il-nous-a-plu\\\/\"},\"author\":{\"name\":\"Jonas Follonier\",\"@id\":\"https:\\\/\\\/leregardlibre.com\\\/#\\\/schema\\\/person\\\/bfe5aa794a23be71485d60e2d93ec0d2\"},\"headline\":\"Thi\u00e9faine est venu, nous l&#8217;avons vu et il nous a plu\",\"datePublished\":\"2017-01-27T21:32:21+00:00\",\"dateModified\":\"2025-11-12T18:16:54+00:00\",\"mainEntityOfPage\":{\"@id\":\"https:\\\/\\\/leregardlibre.com\\\/musique\\\/thiefaine-est-venu-nous-lavons-vu-et-il-nous-a-plu\\\/\"},\"wordCount\":1012,\"commentCount\":0,\"publisher\":{\"@id\":\"https:\\\/\\\/leregardlibre.com\\\/#organization\"},\"image\":{\"@id\":\"https:\\\/\\\/leregardlibre.com\\\/musique\\\/thiefaine-est-venu-nous-lavons-vu-et-il-nous-a-plu\\\/#primaryimage\"},\"thumbnailUrl\":\"https:\\\/\\\/leregardlibre.com\\\/wp-content\\\/uploads\\\/2017\\\/01\\\/thic3a9faine-c3a0-morges.jpg\",\"keywords\":[\"Chanson\",\"Chanson fran\u00e7aise\",\"Concert\",\"Hubert-F\u00e9lix Thi\u00e9faine\",\"Morges\",\"Po\u00e9sie\",\"Rock fran\u00e7ais\",\"Symbolisme\"],\"articleSection\":[\"Musique\"],\"inLanguage\":\"de\",\"potentialAction\":[{\"@type\":\"CommentAction\",\"name\":\"Comment\",\"target\":[\"https:\\\/\\\/leregardlibre.com\\\/musique\\\/thiefaine-est-venu-nous-lavons-vu-et-il-nous-a-plu\\\/#respond\"]}]},{\"@type\":\"WebPage\",\"@id\":\"https:\\\/\\\/leregardlibre.com\\\/musique\\\/thiefaine-est-venu-nous-lavons-vu-et-il-nous-a-plu\\\/\",\"url\":\"https:\\\/\\\/leregardlibre.com\\\/musique\\\/thiefaine-est-venu-nous-lavons-vu-et-il-nous-a-plu\\\/\",\"name\":\"Thi\u00e9faine est venu, nous l'avons vu et il nous a plu\",\"isPartOf\":{\"@id\":\"https:\\\/\\\/leregardlibre.com\\\/#website\"},\"primaryImageOfPage\":{\"@id\":\"https:\\\/\\\/leregardlibre.com\\\/musique\\\/thiefaine-est-venu-nous-lavons-vu-et-il-nous-a-plu\\\/#primaryimage\"},\"image\":{\"@id\":\"https:\\\/\\\/leregardlibre.com\\\/musique\\\/thiefaine-est-venu-nous-lavons-vu-et-il-nous-a-plu\\\/#primaryimage\"},\"thumbnailUrl\":\"https:\\\/\\\/leregardlibre.com\\\/wp-content\\\/uploads\\\/2017\\\/01\\\/thic3a9faine-c3a0-morges.jpg\",\"datePublished\":\"2017-01-27T21:32:21+00:00\",\"dateModified\":\"2025-11-12T18:16:54+00:00\",\"breadcrumb\":{\"@id\":\"https:\\\/\\\/leregardlibre.com\\\/musique\\\/thiefaine-est-venu-nous-lavons-vu-et-il-nous-a-plu\\\/#breadcrumb\"},\"inLanguage\":\"de\",\"potentialAction\":[{\"@type\":\"ReadAction\",\"target\":[\"https:\\\/\\\/leregardlibre.com\\\/musique\\\/thiefaine-est-venu-nous-lavons-vu-et-il-nous-a-plu\\\/\"]}]},{\"@type\":\"ImageObject\",\"inLanguage\":\"de\",\"@id\":\"https:\\\/\\\/leregardlibre.com\\\/musique\\\/thiefaine-est-venu-nous-lavons-vu-et-il-nous-a-plu\\\/#primaryimage\",\"url\":\"https:\\\/\\\/leregardlibre.com\\\/wp-content\\\/uploads\\\/2017\\\/01\\\/thic3a9faine-c3a0-morges.jpg\",\"contentUrl\":\"https:\\\/\\\/leregardlibre.com\\\/wp-content\\\/uploads\\\/2017\\\/01\\\/thic3a9faine-c3a0-morges.jpg\",\"width\":1053,\"height\":800,\"caption\":\"Hubert-F\u00e9lix Thi\u00e9faine en concert au Th\u00e9\u00e2tre de Beausobre de Morges le 17 novembre 2016. Photo: Raoul P\u00e9rez\"},{\"@type\":\"BreadcrumbList\",\"@id\":\"https:\\\/\\\/leregardlibre.com\\\/musique\\\/thiefaine-est-venu-nous-lavons-vu-et-il-nous-a-plu\\\/#breadcrumb\",\"itemListElement\":[{\"@type\":\"ListItem\",\"position\":1,\"name\":\"Accueil\",\"item\":\"https:\\\/\\\/leregardlibre.com\\\/\"},{\"@type\":\"ListItem\",\"position\":2,\"name\":\"Thi\u00e9faine est venu, nous l&#8217;avons vu et il nous a plu\"}]},{\"@type\":\"WebSite\",\"@id\":\"https:\\\/\\\/leregardlibre.com\\\/#website\",\"url\":\"https:\\\/\\\/leregardlibre.com\\\/\",\"name\":\"Le Regard Libre\",\"description\":\"Premier mensuel suisse de d\u00e9bat\",\"publisher\":{\"@id\":\"https:\\\/\\\/leregardlibre.com\\\/#organization\"},\"potentialAction\":[{\"@type\":\"SearchAction\",\"target\":{\"@type\":\"EntryPoint\",\"urlTemplate\":\"https:\\\/\\\/leregardlibre.com\\\/?s={search_term_string}\"},\"query-input\":{\"@type\":\"PropertyValueSpecification\",\"valueRequired\":true,\"valueName\":\"search_term_string\"}}],\"inLanguage\":\"de\"},{\"@type\":\"Organization\",\"@id\":\"https:\\\/\\\/leregardlibre.com\\\/#organization\",\"name\":\"Le Regard Libre\",\"url\":\"https:\\\/\\\/leregardlibre.com\\\/\",\"logo\":{\"@type\":\"ImageObject\",\"inLanguage\":\"de\",\"@id\":\"https:\\\/\\\/leregardlibre.com\\\/#\\\/schema\\\/logo\\\/image\\\/\",\"url\":\"https:\\\/\\\/leregardlibre.com\\\/wp-content\\\/uploads\\\/2025\\\/08\\\/logo-rl-icone-neg.jpeg\",\"contentUrl\":\"https:\\\/\\\/leregardlibre.com\\\/wp-content\\\/uploads\\\/2025\\\/08\\\/logo-rl-icone-neg.jpeg\",\"width\":557,\"height\":556,\"caption\":\"Le Regard Libre\"},\"image\":{\"@id\":\"https:\\\/\\\/leregardlibre.com\\\/#\\\/schema\\\/logo\\\/image\\\/\"},\"sameAs\":[\"https:\\\/\\\/www.facebook.com\\\/leregardlibre\\\/\",\"https:\\\/\\\/x.com\\\/LeRegardLibre\",\"https:\\\/\\\/www.linkedin.com\\\/company\\\/le-regard-libre\",\"https:\\\/\\\/www.instagram.com\\\/leregardlibre\\\/\",\"http:\\\/\\\/t.me\\\/leregardlibre\",\"https:\\\/\\\/youtube.com\\\/channel\\\/UC6HzGPomj1LsUmlz-sJtITQ\"],\"description\":\"Le Regard Libre est un mensuel suisse de d\u00e9bat intellectuel et culturel. Sa r\u00e9daction est jeune, b\u00e9n\u00e9vole, lib\u00e9rale et pluraliste. Le magazine para\u00eet en ligne et sous forme papier. Sa langue est le fran\u00e7ais.\",\"email\":\"redaction@leregardlibre.com\",\"legalName\":\"Le Regard Libre\",\"foundingDate\":\"2014-01-01\",\"numberOfEmployees\":{\"@type\":\"QuantitativeValue\",\"minValue\":\"11\",\"maxValue\":\"50\"},\"publishingPrinciples\":\"https:\\\/\\\/leregardlibre.com\\\/a-propos\\\/notre-manifeste\\\/\",\"ownershipFundingInfo\":\"https:\\\/\\\/leregardlibre.com\\\/mentions-legales\\\/\",\"actionableFeedbackPolicy\":\"https:\\\/\\\/leregardlibre.com\\\/conditions-generales-de-vente\\\/\"},{\"@type\":\"Person\",\"@id\":\"https:\\\/\\\/leregardlibre.com\\\/#\\\/schema\\\/person\\\/bfe5aa794a23be71485d60e2d93ec0d2\",\"name\":\"Jonas Follonier\",\"image\":{\"@type\":\"ImageObject\",\"inLanguage\":\"de\",\"@id\":\"https:\\\/\\\/secure.gravatar.com\\\/avatar\\\/602060b40f6a458420c2d140f49b6caea99152ce6704f2c332e5a0c5aad80303?s=96&d=identicon&r=g\",\"url\":\"https:\\\/\\\/secure.gravatar.com\\\/avatar\\\/602060b40f6a458420c2d140f49b6caea99152ce6704f2c332e5a0c5aad80303?s=96&d=identicon&r=g\",\"contentUrl\":\"https:\\\/\\\/secure.gravatar.com\\\/avatar\\\/602060b40f6a458420c2d140f49b6caea99152ce6704f2c332e5a0c5aad80303?s=96&d=identicon&r=g\",\"caption\":\"Jonas Follonier\"},\"description\":\"R\u00e9dacteur en chef de \u00abL\u2019Agefi\u00bb et essayiste, Jonas Follonier est le fondateur et pr\u00e9sident du \u00abRegard Libre\u00bb.\",\"sameAs\":[\"https:\\\/\\\/www.facebook.com\\\/jonas.follonier\\\/\",\"https:\\\/\\\/www.instagram.com\\\/jonasfollonier\\\/\",\"https:\\\/\\\/www.linkedin.com\\\/in\\\/jonasfollonier\\\/\",\"https:\\\/\\\/fr.wikipedia.org\\\/wiki\\\/Le_Regard_libre\"],\"url\":\"https:\\\/\\\/leregardlibre.com\\\/de\\\/author\\\/jonas-follonier\\\/\"}]}<\/script>\n<!-- \/ Yoast SEO Premium plugin. -->","yoast_head_json":{"title":"Thi\u00e9faine war da, wir haben ihn gesehen und er hat uns gefallen","robots":{"index":"index","follow":"follow","max-snippet":"max-snippet:-1","max-image-preview":"max-image-preview:large","max-video-preview":"max-video-preview:-1"},"canonical":"https:\/\/leregardlibre.com\/de\/musik\/thiefaine-ist-zu-uns-gekommen-wir-haben-ihn-gesehen-und-er-hat-uns-gefallen\/","og_locale":"de_DE","og_type":"article","og_title":"Thi\u00e9faine est venu, nous l'avons vu et il nous a plu","og_description":"La tourn\u00e9e avait d\u00e9but\u00e9 le 11 avril 2015, \u00e0 Reims. Elle s\u2019est achev\u00e9e le 19 novembre 2016, au Z\u00e9nith de...","og_url":"https:\/\/leregardlibre.com\/de\/musik\/thiefaine-ist-zu-uns-gekommen-wir-haben-ihn-gesehen-und-er-hat-uns-gefallen\/","og_site_name":"Le Regard Libre","article_publisher":"https:\/\/www.facebook.com\/leregardlibre\/","article_author":"https:\/\/www.facebook.com\/jonas.follonier\/","article_published_time":"2017-01-27T21:32:21+00:00","article_modified_time":"2025-11-12T18:16:54+00:00","og_image":[{"width":1053,"height":800,"url":"https:\/\/leregardlibre.com\/wp-content\/uploads\/2017\/01\/thic3a9faine-c3a0-morges.jpg","type":"image\/jpeg"}],"author":"Jonas Follonier","twitter_card":"summary_large_image","twitter_creator":"@LeRegardLibre","twitter_site":"@LeRegardLibre","twitter_misc":{"Verfasst von":"Jonas Follonier","Gesch\u00e4tzte Lesezeit":"5\u00a0Minuten"},"schema":{"@context":"https:\/\/schema.org","@graph":[{"@type":"Article","@id":"https:\/\/leregardlibre.com\/musique\/thiefaine-est-venu-nous-lavons-vu-et-il-nous-a-plu\/#article","isPartOf":{"@id":"https:\/\/leregardlibre.com\/musique\/thiefaine-est-venu-nous-lavons-vu-et-il-nous-a-plu\/"},"author":{"name":"Jonas Follonier","@id":"https:\/\/leregardlibre.com\/#\/schema\/person\/bfe5aa794a23be71485d60e2d93ec0d2"},"headline":"Thi\u00e9faine est venu, nous l&#8217;avons vu et il nous a plu","datePublished":"2017-01-27T21:32:21+00:00","dateModified":"2025-11-12T18:16:54+00:00","mainEntityOfPage":{"@id":"https:\/\/leregardlibre.com\/musique\/thiefaine-est-venu-nous-lavons-vu-et-il-nous-a-plu\/"},"wordCount":1012,"commentCount":0,"publisher":{"@id":"https:\/\/leregardlibre.com\/#organization"},"image":{"@id":"https:\/\/leregardlibre.com\/musique\/thiefaine-est-venu-nous-lavons-vu-et-il-nous-a-plu\/#primaryimage"},"thumbnailUrl":"https:\/\/leregardlibre.com\/wp-content\/uploads\/2017\/01\/thic3a9faine-c3a0-morges.jpg","keywords":["Chanson","Chanson fran\u00e7aise","Concert","Hubert-F\u00e9lix Thi\u00e9faine","Morges","Po\u00e9sie","Rock fran\u00e7ais","Symbolisme"],"articleSection":["Musique"],"inLanguage":"de","potentialAction":[{"@type":"CommentAction","name":"Comment","target":["https:\/\/leregardlibre.com\/musique\/thiefaine-est-venu-nous-lavons-vu-et-il-nous-a-plu\/#respond"]}]},{"@type":"WebPage","@id":"https:\/\/leregardlibre.com\/musique\/thiefaine-est-venu-nous-lavons-vu-et-il-nous-a-plu\/","url":"https:\/\/leregardlibre.com\/musique\/thiefaine-est-venu-nous-lavons-vu-et-il-nous-a-plu\/","name":"Thi\u00e9faine war da, wir haben ihn gesehen und er hat uns gefallen","isPartOf":{"@id":"https:\/\/leregardlibre.com\/#website"},"primaryImageOfPage":{"@id":"https:\/\/leregardlibre.com\/musique\/thiefaine-est-venu-nous-lavons-vu-et-il-nous-a-plu\/#primaryimage"},"image":{"@id":"https:\/\/leregardlibre.com\/musique\/thiefaine-est-venu-nous-lavons-vu-et-il-nous-a-plu\/#primaryimage"},"thumbnailUrl":"https:\/\/leregardlibre.com\/wp-content\/uploads\/2017\/01\/thic3a9faine-c3a0-morges.jpg","datePublished":"2017-01-27T21:32:21+00:00","dateModified":"2025-11-12T18:16:54+00:00","breadcrumb":{"@id":"https:\/\/leregardlibre.com\/musique\/thiefaine-est-venu-nous-lavons-vu-et-il-nous-a-plu\/#breadcrumb"},"inLanguage":"de","potentialAction":[{"@type":"ReadAction","target":["https:\/\/leregardlibre.com\/musique\/thiefaine-est-venu-nous-lavons-vu-et-il-nous-a-plu\/"]}]},{"@type":"ImageObject","inLanguage":"de","@id":"https:\/\/leregardlibre.com\/musique\/thiefaine-est-venu-nous-lavons-vu-et-il-nous-a-plu\/#primaryimage","url":"https:\/\/leregardlibre.com\/wp-content\/uploads\/2017\/01\/thic3a9faine-c3a0-morges.jpg","contentUrl":"https:\/\/leregardlibre.com\/wp-content\/uploads\/2017\/01\/thic3a9faine-c3a0-morges.jpg","width":1053,"height":800,"caption":"Hubert-F\u00e9lix Thi\u00e9faine en concert au Th\u00e9\u00e2tre de Beausobre de Morges le 17 novembre 2016. Photo: Raoul P\u00e9rez"},{"@type":"BreadcrumbList","@id":"https:\/\/leregardlibre.com\/musique\/thiefaine-est-venu-nous-lavons-vu-et-il-nous-a-plu\/#breadcrumb","itemListElement":[{"@type":"ListItem","position":1,"name":"Accueil","item":"https:\/\/leregardlibre.com\/"},{"@type":"ListItem","position":2,"name":"Thi\u00e9faine est venu, nous l&#8217;avons vu et il nous a plu"}]},{"@type":"WebSite","@id":"https:\/\/leregardlibre.com\/#website","url":"https:\/\/leregardlibre.com\/","name":"Le Regard Libre","description":"Erste Schweizer Monatszeitschrift f\u00fcr Debatten","publisher":{"@id":"https:\/\/leregardlibre.com\/#organization"},"potentialAction":[{"@type":"SearchAction","target":{"@type":"EntryPoint","urlTemplate":"https:\/\/leregardlibre.com\/?s={search_term_string}"},"query-input":{"@type":"PropertyValueSpecification","valueRequired":true,"valueName":"search_term_string"}}],"inLanguage":"de"},{"@type":"Organization","@id":"https:\/\/leregardlibre.com\/#organization","name":"Le Regard Libre","url":"https:\/\/leregardlibre.com\/","logo":{"@type":"ImageObject","inLanguage":"de","@id":"https:\/\/leregardlibre.com\/#\/schema\/logo\/image\/","url":"https:\/\/leregardlibre.com\/wp-content\/uploads\/2025\/08\/logo-rl-icone-neg.jpeg","contentUrl":"https:\/\/leregardlibre.com\/wp-content\/uploads\/2025\/08\/logo-rl-icone-neg.jpeg","width":557,"height":556,"caption":"Le Regard Libre"},"image":{"@id":"https:\/\/leregardlibre.com\/#\/schema\/logo\/image\/"},"sameAs":["https:\/\/www.facebook.com\/leregardlibre\/","https:\/\/x.com\/LeRegardLibre","https:\/\/www.linkedin.com\/company\/le-regard-libre","https:\/\/www.instagram.com\/leregardlibre\/","http:\/\/t.me\/leregardlibre","https:\/\/youtube.com\/channel\/UC6HzGPomj1LsUmlz-sJtITQ"],"description":"Le Regard Libre ist eine Schweizer Monatszeitschrift f\u00fcr intellektuelle und kulturelle Debatten. Seine Redaktion ist jung, ehrenamtlich, liberal und pluralistisch. Das Magazin erscheint online und in gedruckter Form. Seine Sprache ist Franz\u00f6sisch.","email":"redaction@leregardlibre.com","legalName":"Le Regard Libre","foundingDate":"2014-01-01","numberOfEmployees":{"@type":"QuantitativeValue","minValue":"11","maxValue":"50"},"publishingPrinciples":"https:\/\/leregardlibre.com\/a-propos\/notre-manifeste\/","ownershipFundingInfo":"https:\/\/leregardlibre.com\/mentions-legales\/","actionableFeedbackPolicy":"https:\/\/leregardlibre.com\/conditions-generales-de-vente\/"},{"@type":"Person","@id":"https:\/\/leregardlibre.com\/#\/schema\/person\/bfe5aa794a23be71485d60e2d93ec0d2","name":"Jonas Follonier","image":{"@type":"ImageObject","inLanguage":"de","@id":"https:\/\/secure.gravatar.com\/avatar\/602060b40f6a458420c2d140f49b6caea99152ce6704f2c332e5a0c5aad80303?s=96&d=identicon&r=g","url":"https:\/\/secure.gravatar.com\/avatar\/602060b40f6a458420c2d140f49b6caea99152ce6704f2c332e5a0c5aad80303?s=96&d=identicon&r=g","contentUrl":"https:\/\/secure.gravatar.com\/avatar\/602060b40f6a458420c2d140f49b6caea99152ce6704f2c332e5a0c5aad80303?s=96&d=identicon&r=g","caption":"Jonas Follonier"},"description":"Jonas Follonier ist Chefredakteur von \u00abL\u2019Agefi\u00bb und Essayist sowie Gr\u00fcnder und Vorsitzender von \u00abRegard Libre\u00bb.","sameAs":["https:\/\/www.facebook.com\/jonas.follonier\/","https:\/\/www.instagram.com\/jonasfollonier\/","https:\/\/www.linkedin.com\/in\/jonasfollonier\/","https:\/\/fr.wikipedia.org\/wiki\/Le_Regard_libre"],"url":"https:\/\/leregardlibre.com\/de\/author\/jonas-follonier\/"}]}},"_links":{"self":[{"href":"https:\/\/leregardlibre.com\/de\/wp-json\/wp\/v2\/posts\/4824","targetHints":{"allow":["GET"]}}],"collection":[{"href":"https:\/\/leregardlibre.com\/de\/wp-json\/wp\/v2\/posts"}],"about":[{"href":"https:\/\/leregardlibre.com\/de\/wp-json\/wp\/v2\/types\/post"}],"author":[{"embeddable":true,"href":"https:\/\/leregardlibre.com\/de\/wp-json\/wp\/v2\/users\/138"}],"replies":[{"embeddable":true,"href":"https:\/\/leregardlibre.com\/de\/wp-json\/wp\/v2\/comments?post=4824"}],"version-history":[{"count":2,"href":"https:\/\/leregardlibre.com\/de\/wp-json\/wp\/v2\/posts\/4824\/revisions"}],"predecessor-version":[{"id":529421,"href":"https:\/\/leregardlibre.com\/de\/wp-json\/wp\/v2\/posts\/4824\/revisions\/529421"}],"wp:featuredmedia":[{"embeddable":true,"href":"https:\/\/leregardlibre.com\/de\/wp-json\/wp\/v2\/media\/4852"}],"wp:attachment":[{"href":"https:\/\/leregardlibre.com\/de\/wp-json\/wp\/v2\/media?parent=4824"}],"wp:term":[{"taxonomy":"category","embeddable":true,"href":"https:\/\/leregardlibre.com\/de\/wp-json\/wp\/v2\/categories?post=4824"},{"taxonomy":"post_tag","embeddable":true,"href":"https:\/\/leregardlibre.com\/de\/wp-json\/wp\/v2\/tags?post=4824"}],"curies":[{"name":"wp","href":"https:\/\/api.w.org\/{rel}","templated":true}]}}