{"id":51006,"date":"2022-06-25T07:00:00","date_gmt":"2022-06-25T05:00:00","guid":{"rendered":"https:\/\/leregardlibre.com\/?p=49624"},"modified":"2022-09-25T15:58:41","modified_gmt":"2022-09-25T13:58:41","slug":"une-jolie-fille-comme-ca-on-nen-trouve-pas-ailleurs","status":"publish","type":"post","link":"https:\/\/leregardlibre.com\/de\/literatur\/une-jolie-fille-comme-ca-on-nen-trouve-pas-ailleurs\/","title":{"rendered":"\u00abEin h\u00fcbsches M\u00e4dchen wie dieses\u00bb - ein Wunsch wie kein anderer"},"content":{"rendered":"<p class=\"has-drop-cap\"><b>Nach <\/b><em style=\"font-weight: bold;\">Le dernier en \u00e9t\u00e9 en ville<\/em><b>, roman culte de l\u2019auteur italien Gianfranco Calligarich publi\u00e9 dans les ann\u00e9es 70 et traduit en fran\u00e7ais dans les ann\u00e9es 2020, voici une autre recommandation de lecture de qualit\u00e9 qui se pr\u00eate \u00e0 merveille \u00e0 l\u2019\u00e9t\u00e9: <\/b><em style=\"font-weight: bold;\">Ein h\u00fcbsches M\u00e4dchen wie dieses<\/em><b> de l\u2019auteur britannique Alfred Hayes, <\/b><strong style=\"font-weight: bold;\">paru initialement en 1958.<\/strong><strong> Lui aussi tir\u00e9 de la collection \u00abDu monde entier\u00bb de Gallimard et disponible en poche<\/strong>.<\/p>\n\n\n\n<!--more Lire la recension (en libre acc\u00e8s)-->\n\n\n\n<p>Espaces interdits, espaces des non-dits: peut-on retenir des mots prononc\u00e9s, un je t\u2019aime vacillant lanc\u00e9 dans l\u2019obscurit\u00e9? Des mots planant entre les corps, puis finissant par se dissoudre, comme un secret. Paroles calcin\u00e9es. Lambeaux de r\u00eaves br\u00fbl\u00e9s. Zone qu\u2019on ne pensait jamais franchir. Une note de jazz au loin, qui se mue en une tristesse insondable. L\u2019amour est un d\u00e9sir alourdi par l\u2019erreur, la stupidit\u00e9, la vanit\u00e9 et la souffrance. Une plainte sans nom qui cherche \u00e0 r\u00e9pondre \u00e0 tous les visages. Une m\u00e9lancolie \u00e0 la douce amertume de martini.<\/p>\n\n\n\n<p><strong>Lesen Sie auch | <a href=\"https:\/\/leregardlibre.com\/de\/literatur\/le-dernier-ete-en-ville-livresse-de-la-dolce-vita\/\"><em>Un dernier \u00e9t\u00e9 en ville<\/em>, Der Rausch des Dolce Vita<\/a><\/strong><\/p>\n\n\n\n<p>Hollywood, ann\u00e9es 50. Un soir, lors d\u2019une de ces f\u00eates aussi bruyantes qu\u2019arros\u00e9es, un homme s\u2019approche de la rambarde, las d\u2019observer avec d\u00e9dain ce cocktail de vanit\u00e9 et vacuit\u00e9. L\u2019oc\u00e9an s\u2019\u00e9tale \u00e0 perte de vue, picor\u00e9 par les lumi\u00e8res de la f\u00eate au loin. Il plonge son spleen dans la froideur calme de la nuit et ne pense \u00e0 plus rien, se laisse bercer par l\u2019inconnu. Une silhouette se d\u00e9tache vers le rivage: une femme avec un verre \u00e0 la main. A peine a-t-il le temps de la fixer qu\u2019elle s\u2019\u00e9lance dans l\u2019oc\u00e9an. Quelques minutes plus tard, il la tire p\u00e9niblement des flots. Il l\u2019a sauv\u00e9e.<\/p>\n\n\n\n<h3 class=\"wp-block-heading\">Sauver l\u2019amour pour mieux s\u2019y noyer<\/h3>\n\n\n\n<p>Et pourtant, c\u2019est vers leur perte qu\u2019ils iront. Tr\u00e8s vite, ils deviendront amants. Par la force des choses, l\u2019impuissance des autres. Lui est un sc\u00e9nariste \u00e0 succ\u00e8s, la quarantaine, elle une jeune femme, cherchant la gloire de la sc\u00e8ne et l\u2019\u00e9clat \u00e9ternel de sa vingtaine. Ils ont en commun un d\u00e9sespoir existentiel \u00e9vident et un besoin d\u2019\u00e9vasion. Deux \u00e2mes perdues qui vont tournoyer, un temps, dans ce bal des illusions bris\u00e9es.<\/p>\n\n\n\n<blockquote class=\"wp-block-quote is-layout-flow wp-block-quote-is-layout-flow\"><p>\u00abCe qu\u2019elle poss\u00e9dait, en revanche, apparemment, \u00e9tait une esp\u00e8ce de d\u00e9sespoir, qui engendrait une forme diff\u00e9rente, un genre alternatif de s\u00e9duction.\u00bb<\/p><\/blockquote>\n\n\n\n<p>Alfred Hayes excelle pour sugg\u00e9rer l\u2019essentiel en quelques phrases: un narrateur qui s\u2019ennuie, une jeune femme aussi cr\u00e9pusculaire qu\u2019\u00e9vanescente, une histoire d\u2019amour comme seul rem\u00e8de contre le r\u00e9el, du myst\u00e8re et des pleurs voil\u00e9s. Une plume \u00e0 la fragilit\u00e9 m\u00e9lancolique pour une histoire qu\u2019on lit le regard perdu dans le lointain.<\/p>\n\n\n\n<p><em>Schreiben Sie dem Autor: <a href=\"mailto:quentin.perissinotto@leregardlibre.com\">quentin.perissinotto@leregardlibre.com<\/a><\/em><\/p>\n\n\n\n<p>Image: L\u2019auteur britannique Alfred Hayes \u00a9 DR<\/p>\n\n\n\n<p><strong>Sie haben gerade einen frei zug\u00e4nglichen Artikel gelesen.&nbsp;<\/strong>Debatten, Analysen, Kulturnachrichten:&nbsp;<a href=\"https:\/\/leregardlibre.com\/de\/abonnement\/\">abonnieren Sie<\/a>&nbsp;um uns zu unterst\u00fctzen und Zugang zu all unseren Inhalten zu erhalten!<\/p>\n\n\n\n<div class=\"wp-block-media-text alignwide is-stacked-on-mobile\" style=\"grid-template-columns:36% auto\"><figure class=\"wp-block-media-text__media\"><img decoding=\"async\" src=\"https:\/\/leregardlibre.com\/wp-content\/uploads\/2022\/06\/Une-jolie-fille-comme-c\u0327a.jpg\" alt=\"une jolie fille comme \u00e7a\" class=\"wp-image-49632 size-full\"\/><\/figure><div class=\"wp-block-media-text__content\">\n<p><strong>Alfred Hayes<br><em>Ein h\u00fcbsches M\u00e4dchen wie dieses<br><\/em>Gallimard<br>2015<br>166 pages<\/strong><\/p>\n\n\n\n<div class=\"wp-block-buttons is-layout-flex wp-block-buttons-is-layout-flex\">\n<div class=\"wp-block-button\"><a class=\"wp-block-button__link\" href=\"https:\/\/www.payot.ch\/Detail\/une_jolie_fille_comme_ca-alfred_hayes-9782070147656?cId=0\">Das Buch bestellen<\/a><\/div>\n<\/div>\n<\/div><\/div>","protected":false},"excerpt":{"rendered":"<p>Apr\u00e8s Le dernier en \u00e9t\u00e9 en ville, roman culte de l\u2019auteur italien Gianfranco Calligarich publi\u00e9 dans les ann\u00e9es 70 et&#8230;<\/p>","protected":false},"author":213,"featured_media":512234,"comment_status":"open","ping_status":"open","sticky":false,"template":"","format":"standard","meta":{"_acf_changed":false,"footnotes":""},"categories":[20663],"tags":[31254,54879,4052,671541,54015],"class_list":["post-51006","post","type-post","status-publish","format-standard","has-post-thumbnail","hentry","category-litterature","tag-amour","tag-critiques-litteraires","tag-hollywood","tag-melancolie","tag-suicide"],"acf":[],"yoast_head":"<!-- This site is optimized with the Yoast SEO Premium plugin v27.4 (Yoast SEO v27.4) - https:\/\/yoast.com\/product\/yoast-seo-premium-wordpress\/ -->\n<title>\u00abUne jolie fille comme \u00e7a\u00bb, un d\u00e9sir comme nul autre<\/title>\n<meta name=\"description\" content=\"\u00abUne jolie fille comme \u00e7a\u00bb, de l\u2019auteur am\u00e9ricain Alfred Hayes, a \u00e9t\u00e9 traduit en fran\u00e7ais en 2015. Un joyau de roman \u00e0 lire pendant l\u2019\u00e9t\u00e9.\" \/>\n<meta name=\"robots\" content=\"index, follow, max-snippet:-1, max-image-preview:large, max-video-preview:-1\" \/>\n<link rel=\"canonical\" href=\"https:\/\/leregardlibre.com\/de\/literatur\/une-jolie-fille-comme-ca-on-nen-trouve-pas-ailleurs\/\" \/>\n<meta property=\"og:locale\" content=\"de_DE\" \/>\n<meta property=\"og:type\" content=\"article\" \/>\n<meta property=\"og:title\" content=\"\u00abUne jolie fille comme \u00e7a\u00bb, un d\u00e9sir comme nul autre\" \/>\n<meta property=\"og:description\" content=\"\u00abUne jolie fille comme \u00e7a\u00bb, de l\u2019auteur am\u00e9ricain Alfred Hayes, a \u00e9t\u00e9 traduit en fran\u00e7ais en 2015. Un joyau de roman \u00e0 lire pendant l\u2019\u00e9t\u00e9.\" \/>\n<meta property=\"og:url\" content=\"https:\/\/leregardlibre.com\/de\/literatur\/une-jolie-fille-comme-ca-on-nen-trouve-pas-ailleurs\/\" \/>\n<meta property=\"og:site_name\" content=\"Le Regard Libre\" \/>\n<meta property=\"article:publisher\" content=\"https:\/\/www.facebook.com\/leregardlibre\/\" \/>\n<meta property=\"article:published_time\" content=\"2022-06-25T05:00:00+00:00\" \/>\n<meta property=\"article:modified_time\" content=\"2022-09-25T13:58:41+00:00\" \/>\n<meta property=\"og:image\" content=\"https:\/\/leregardlibre.com\/wp-content\/uploads\/2022\/06\/Alfred-Hayes-dans-les-anne\u0301es-50-c-DR.jpeg\" \/>\n\t<meta property=\"og:image:width\" content=\"2000\" \/>\n\t<meta property=\"og:image:height\" content=\"1000\" \/>\n\t<meta property=\"og:image:type\" content=\"image\/jpeg\" \/>\n<meta name=\"author\" content=\"Quentin Perissinotto\" \/>\n<meta name=\"twitter:card\" content=\"summary_large_image\" \/>\n<meta name=\"twitter:creator\" content=\"@LeRegardLibre\" \/>\n<meta name=\"twitter:site\" content=\"@LeRegardLibre\" \/>\n<meta name=\"twitter:label1\" content=\"Verfasst von\" \/>\n\t<meta name=\"twitter:data1\" content=\"Quentin Perissinotto\" \/>\n\t<meta name=\"twitter:label2\" content=\"Gesch\u00e4tzte Lesezeit\" \/>\n\t<meta name=\"twitter:data2\" content=\"3\u00a0Minuten\" \/>\n<script type=\"application\/ld+json\" class=\"yoast-schema-graph\">{\"@context\":\"https:\\\/\\\/schema.org\",\"@graph\":[{\"@type\":\"Article\",\"@id\":\"https:\\\/\\\/leregardlibre.com\\\/litterature\\\/une-jolie-fille-comme-ca-on-nen-trouve-pas-ailleurs\\\/#article\",\"isPartOf\":{\"@id\":\"https:\\\/\\\/leregardlibre.com\\\/litterature\\\/une-jolie-fille-comme-ca-on-nen-trouve-pas-ailleurs\\\/\"},\"author\":{\"name\":\"Quentin Perissinotto\",\"@id\":\"https:\\\/\\\/leregardlibre.com\\\/#\\\/schema\\\/person\\\/b2ac941a3f3efccb93d920d0cd1629f4\"},\"headline\":\"\u00abUne jolie fille comme \u00e7a\u00bb, un d\u00e9sir comme nul autre\",\"datePublished\":\"2022-06-25T05:00:00+00:00\",\"dateModified\":\"2022-09-25T13:58:41+00:00\",\"mainEntityOfPage\":{\"@id\":\"https:\\\/\\\/leregardlibre.com\\\/litterature\\\/une-jolie-fille-comme-ca-on-nen-trouve-pas-ailleurs\\\/\"},\"wordCount\":563,\"commentCount\":0,\"publisher\":{\"@id\":\"https:\\\/\\\/leregardlibre.com\\\/#organization\"},\"image\":{\"@id\":\"https:\\\/\\\/leregardlibre.com\\\/litterature\\\/une-jolie-fille-comme-ca-on-nen-trouve-pas-ailleurs\\\/#primaryimage\"},\"thumbnailUrl\":\"https:\\\/\\\/leregardlibre.com\\\/wp-content\\\/uploads\\\/2022\\\/06\\\/Alfred-Hayes-dans-les-anne\u0301es-50-c-DR.jpeg\",\"keywords\":[\"Amour\",\"Critique litt\u00e9raire\",\"Hollywood\",\"M\u00e9lancolie\",\"Suicide\"],\"articleSection\":[\"Litt\u00e9rature\"],\"inLanguage\":\"de\",\"potentialAction\":[{\"@type\":\"CommentAction\",\"name\":\"Comment\",\"target\":[\"https:\\\/\\\/leregardlibre.com\\\/litterature\\\/une-jolie-fille-comme-ca-on-nen-trouve-pas-ailleurs\\\/#respond\"]}]},{\"@type\":\"WebPage\",\"@id\":\"https:\\\/\\\/leregardlibre.com\\\/litterature\\\/une-jolie-fille-comme-ca-on-nen-trouve-pas-ailleurs\\\/\",\"url\":\"https:\\\/\\\/leregardlibre.com\\\/litterature\\\/une-jolie-fille-comme-ca-on-nen-trouve-pas-ailleurs\\\/\",\"name\":\"\u00abUne jolie fille comme \u00e7a\u00bb, un d\u00e9sir comme nul autre\",\"isPartOf\":{\"@id\":\"https:\\\/\\\/leregardlibre.com\\\/#website\"},\"primaryImageOfPage\":{\"@id\":\"https:\\\/\\\/leregardlibre.com\\\/litterature\\\/une-jolie-fille-comme-ca-on-nen-trouve-pas-ailleurs\\\/#primaryimage\"},\"image\":{\"@id\":\"https:\\\/\\\/leregardlibre.com\\\/litterature\\\/une-jolie-fille-comme-ca-on-nen-trouve-pas-ailleurs\\\/#primaryimage\"},\"thumbnailUrl\":\"https:\\\/\\\/leregardlibre.com\\\/wp-content\\\/uploads\\\/2022\\\/06\\\/Alfred-Hayes-dans-les-anne\u0301es-50-c-DR.jpeg\",\"datePublished\":\"2022-06-25T05:00:00+00:00\",\"dateModified\":\"2022-09-25T13:58:41+00:00\",\"description\":\"\u00abUne jolie fille comme \u00e7a\u00bb, de l\u2019auteur am\u00e9ricain Alfred Hayes, a \u00e9t\u00e9 traduit en fran\u00e7ais en 2015. Un joyau de roman \u00e0 lire pendant l\u2019\u00e9t\u00e9.\",\"breadcrumb\":{\"@id\":\"https:\\\/\\\/leregardlibre.com\\\/litterature\\\/une-jolie-fille-comme-ca-on-nen-trouve-pas-ailleurs\\\/#breadcrumb\"},\"inLanguage\":\"de\",\"potentialAction\":[{\"@type\":\"ReadAction\",\"target\":[\"https:\\\/\\\/leregardlibre.com\\\/litterature\\\/une-jolie-fille-comme-ca-on-nen-trouve-pas-ailleurs\\\/\"]}]},{\"@type\":\"ImageObject\",\"inLanguage\":\"de\",\"@id\":\"https:\\\/\\\/leregardlibre.com\\\/litterature\\\/une-jolie-fille-comme-ca-on-nen-trouve-pas-ailleurs\\\/#primaryimage\",\"url\":\"https:\\\/\\\/leregardlibre.com\\\/wp-content\\\/uploads\\\/2022\\\/06\\\/Alfred-Hayes-dans-les-anne\u0301es-50-c-DR.jpeg\",\"contentUrl\":\"https:\\\/\\\/leregardlibre.com\\\/wp-content\\\/uploads\\\/2022\\\/06\\\/Alfred-Hayes-dans-les-anne\u0301es-50-c-DR.jpeg\",\"width\":2000,\"height\":1000,\"caption\":\"Alfred Hayes dans les anne\u0301es 50 \u00a9 DR\"},{\"@type\":\"BreadcrumbList\",\"@id\":\"https:\\\/\\\/leregardlibre.com\\\/litterature\\\/une-jolie-fille-comme-ca-on-nen-trouve-pas-ailleurs\\\/#breadcrumb\",\"itemListElement\":[{\"@type\":\"ListItem\",\"position\":1,\"name\":\"Accueil\",\"item\":\"https:\\\/\\\/leregardlibre.com\\\/\"},{\"@type\":\"ListItem\",\"position\":2,\"name\":\"\u00abUne jolie fille comme \u00e7a\u00bb, un d\u00e9sir comme nul autre\"}]},{\"@type\":\"WebSite\",\"@id\":\"https:\\\/\\\/leregardlibre.com\\\/#website\",\"url\":\"https:\\\/\\\/leregardlibre.com\\\/\",\"name\":\"Le Regard Libre\",\"description\":\"Premier mensuel suisse de d\u00e9bat\",\"publisher\":{\"@id\":\"https:\\\/\\\/leregardlibre.com\\\/#organization\"},\"potentialAction\":[{\"@type\":\"SearchAction\",\"target\":{\"@type\":\"EntryPoint\",\"urlTemplate\":\"https:\\\/\\\/leregardlibre.com\\\/?s={search_term_string}\"},\"query-input\":{\"@type\":\"PropertyValueSpecification\",\"valueRequired\":true,\"valueName\":\"search_term_string\"}}],\"inLanguage\":\"de\"},{\"@type\":\"Organization\",\"@id\":\"https:\\\/\\\/leregardlibre.com\\\/#organization\",\"name\":\"Le Regard Libre\",\"url\":\"https:\\\/\\\/leregardlibre.com\\\/\",\"logo\":{\"@type\":\"ImageObject\",\"inLanguage\":\"de\",\"@id\":\"https:\\\/\\\/leregardlibre.com\\\/#\\\/schema\\\/logo\\\/image\\\/\",\"url\":\"https:\\\/\\\/leregardlibre.com\\\/wp-content\\\/uploads\\\/2025\\\/08\\\/logo-rl-icone-neg.jpeg\",\"contentUrl\":\"https:\\\/\\\/leregardlibre.com\\\/wp-content\\\/uploads\\\/2025\\\/08\\\/logo-rl-icone-neg.jpeg\",\"width\":557,\"height\":556,\"caption\":\"Le Regard Libre\"},\"image\":{\"@id\":\"https:\\\/\\\/leregardlibre.com\\\/#\\\/schema\\\/logo\\\/image\\\/\"},\"sameAs\":[\"https:\\\/\\\/www.facebook.com\\\/leregardlibre\\\/\",\"https:\\\/\\\/x.com\\\/LeRegardLibre\",\"https:\\\/\\\/www.linkedin.com\\\/company\\\/le-regard-libre\",\"https:\\\/\\\/www.instagram.com\\\/leregardlibre\\\/\",\"http:\\\/\\\/t.me\\\/leregardlibre\",\"https:\\\/\\\/youtube.com\\\/channel\\\/UC6HzGPomj1LsUmlz-sJtITQ\"],\"description\":\"Le Regard Libre est un mensuel suisse de d\u00e9bat intellectuel et culturel. Sa r\u00e9daction est jeune, b\u00e9n\u00e9vole, lib\u00e9rale et pluraliste. Le magazine para\u00eet en ligne et sous forme papier. Sa langue est le fran\u00e7ais.\",\"email\":\"redaction@leregardlibre.com\",\"legalName\":\"Le Regard Libre\",\"foundingDate\":\"2014-01-01\",\"numberOfEmployees\":{\"@type\":\"QuantitativeValue\",\"minValue\":\"11\",\"maxValue\":\"50\"},\"publishingPrinciples\":\"https:\\\/\\\/leregardlibre.com\\\/a-propos\\\/notre-manifeste\\\/\",\"ownershipFundingInfo\":\"https:\\\/\\\/leregardlibre.com\\\/mentions-legales\\\/\",\"actionableFeedbackPolicy\":\"https:\\\/\\\/leregardlibre.com\\\/conditions-generales-de-vente\\\/\"},{\"@type\":\"Person\",\"@id\":\"https:\\\/\\\/leregardlibre.com\\\/#\\\/schema\\\/person\\\/b2ac941a3f3efccb93d920d0cd1629f4\",\"name\":\"Quentin Perissinotto\",\"image\":{\"@type\":\"ImageObject\",\"inLanguage\":\"de\",\"@id\":\"https:\\\/\\\/secure.gravatar.com\\\/avatar\\\/5bdc85640092297cabef9e4e9fafa5d0f6fdc4d68bde6549c358b1419521e8f3?s=96&d=identicon&r=g\",\"url\":\"https:\\\/\\\/secure.gravatar.com\\\/avatar\\\/5bdc85640092297cabef9e4e9fafa5d0f6fdc4d68bde6549c358b1419521e8f3?s=96&d=identicon&r=g\",\"contentUrl\":\"https:\\\/\\\/secure.gravatar.com\\\/avatar\\\/5bdc85640092297cabef9e4e9fafa5d0f6fdc4d68bde6549c358b1419521e8f3?s=96&d=identicon&r=g\",\"caption\":\"Quentin Perissinotto\"},\"description\":\"Conseiller-clients et \u00e9crivain, Quentin Perissinotto est critique litt\u00e9raire pour Le Regard Libre.\",\"sameAs\":[\"https:\\\/\\\/fr.wikipedia.org\\\/wiki\\\/Le_Regard_libre\"],\"url\":\"https:\\\/\\\/leregardlibre.com\\\/de\\\/author\\\/quentin-perissinotto\\\/\"}]}<\/script>\n<!-- \/ Yoast SEO Premium plugin. -->","yoast_head_json":{"title":"\u00abEin h\u00fcbsches M\u00e4dchen wie dieses\u00bb - ein Wunsch wie kein anderer","description":"\u00abUne jolie fille comme \u00e7a\u00bb, de l\u2019auteur am\u00e9ricain Alfred Hayes, a \u00e9t\u00e9 traduit en fran\u00e7ais en 2015. Un joyau de roman \u00e0 lire pendant l\u2019\u00e9t\u00e9.","robots":{"index":"index","follow":"follow","max-snippet":"max-snippet:-1","max-image-preview":"max-image-preview:large","max-video-preview":"max-video-preview:-1"},"canonical":"https:\/\/leregardlibre.com\/de\/literatur\/une-jolie-fille-comme-ca-on-nen-trouve-pas-ailleurs\/","og_locale":"de_DE","og_type":"article","og_title":"\u00abUne jolie fille comme \u00e7a\u00bb, un d\u00e9sir comme nul autre","og_description":"\u00abUne jolie fille comme \u00e7a\u00bb, de l\u2019auteur am\u00e9ricain Alfred Hayes, a \u00e9t\u00e9 traduit en fran\u00e7ais en 2015. Un joyau de roman \u00e0 lire pendant l\u2019\u00e9t\u00e9.","og_url":"https:\/\/leregardlibre.com\/de\/literatur\/une-jolie-fille-comme-ca-on-nen-trouve-pas-ailleurs\/","og_site_name":"Le Regard Libre","article_publisher":"https:\/\/www.facebook.com\/leregardlibre\/","article_published_time":"2022-06-25T05:00:00+00:00","article_modified_time":"2022-09-25T13:58:41+00:00","og_image":[{"width":2000,"height":1000,"url":"https:\/\/leregardlibre.com\/wp-content\/uploads\/2022\/06\/Alfred-Hayes-dans-les-anne\u0301es-50-c-DR.jpeg","type":"image\/jpeg"}],"author":"Quentin Perissinotto","twitter_card":"summary_large_image","twitter_creator":"@LeRegardLibre","twitter_site":"@LeRegardLibre","twitter_misc":{"Verfasst von":"Quentin Perissinotto","Gesch\u00e4tzte Lesezeit":"3\u00a0Minuten"},"schema":{"@context":"https:\/\/schema.org","@graph":[{"@type":"Article","@id":"https:\/\/leregardlibre.com\/litterature\/une-jolie-fille-comme-ca-on-nen-trouve-pas-ailleurs\/#article","isPartOf":{"@id":"https:\/\/leregardlibre.com\/litterature\/une-jolie-fille-comme-ca-on-nen-trouve-pas-ailleurs\/"},"author":{"name":"Quentin Perissinotto","@id":"https:\/\/leregardlibre.com\/#\/schema\/person\/b2ac941a3f3efccb93d920d0cd1629f4"},"headline":"\u00abUne jolie fille comme \u00e7a\u00bb, un d\u00e9sir comme nul autre","datePublished":"2022-06-25T05:00:00+00:00","dateModified":"2022-09-25T13:58:41+00:00","mainEntityOfPage":{"@id":"https:\/\/leregardlibre.com\/litterature\/une-jolie-fille-comme-ca-on-nen-trouve-pas-ailleurs\/"},"wordCount":563,"commentCount":0,"publisher":{"@id":"https:\/\/leregardlibre.com\/#organization"},"image":{"@id":"https:\/\/leregardlibre.com\/litterature\/une-jolie-fille-comme-ca-on-nen-trouve-pas-ailleurs\/#primaryimage"},"thumbnailUrl":"https:\/\/leregardlibre.com\/wp-content\/uploads\/2022\/06\/Alfred-Hayes-dans-les-anne\u0301es-50-c-DR.jpeg","keywords":["Amour","Critique litt\u00e9raire","Hollywood","M\u00e9lancolie","Suicide"],"articleSection":["Litt\u00e9rature"],"inLanguage":"de","potentialAction":[{"@type":"CommentAction","name":"Comment","target":["https:\/\/leregardlibre.com\/litterature\/une-jolie-fille-comme-ca-on-nen-trouve-pas-ailleurs\/#respond"]}]},{"@type":"WebPage","@id":"https:\/\/leregardlibre.com\/litterature\/une-jolie-fille-comme-ca-on-nen-trouve-pas-ailleurs\/","url":"https:\/\/leregardlibre.com\/litterature\/une-jolie-fille-comme-ca-on-nen-trouve-pas-ailleurs\/","name":"\u00abEin h\u00fcbsches M\u00e4dchen wie dieses\u00bb - ein Wunsch wie kein anderer","isPartOf":{"@id":"https:\/\/leregardlibre.com\/#website"},"primaryImageOfPage":{"@id":"https:\/\/leregardlibre.com\/litterature\/une-jolie-fille-comme-ca-on-nen-trouve-pas-ailleurs\/#primaryimage"},"image":{"@id":"https:\/\/leregardlibre.com\/litterature\/une-jolie-fille-comme-ca-on-nen-trouve-pas-ailleurs\/#primaryimage"},"thumbnailUrl":"https:\/\/leregardlibre.com\/wp-content\/uploads\/2022\/06\/Alfred-Hayes-dans-les-anne\u0301es-50-c-DR.jpeg","datePublished":"2022-06-25T05:00:00+00:00","dateModified":"2022-09-25T13:58:41+00:00","description":"\u00abUne jolie fille comme \u00e7a\u00bb, de l\u2019auteur am\u00e9ricain Alfred Hayes, a \u00e9t\u00e9 traduit en fran\u00e7ais en 2015. Un joyau de roman \u00e0 lire pendant l\u2019\u00e9t\u00e9.","breadcrumb":{"@id":"https:\/\/leregardlibre.com\/litterature\/une-jolie-fille-comme-ca-on-nen-trouve-pas-ailleurs\/#breadcrumb"},"inLanguage":"de","potentialAction":[{"@type":"ReadAction","target":["https:\/\/leregardlibre.com\/litterature\/une-jolie-fille-comme-ca-on-nen-trouve-pas-ailleurs\/"]}]},{"@type":"ImageObject","inLanguage":"de","@id":"https:\/\/leregardlibre.com\/litterature\/une-jolie-fille-comme-ca-on-nen-trouve-pas-ailleurs\/#primaryimage","url":"https:\/\/leregardlibre.com\/wp-content\/uploads\/2022\/06\/Alfred-Hayes-dans-les-anne\u0301es-50-c-DR.jpeg","contentUrl":"https:\/\/leregardlibre.com\/wp-content\/uploads\/2022\/06\/Alfred-Hayes-dans-les-anne\u0301es-50-c-DR.jpeg","width":2000,"height":1000,"caption":"Alfred Hayes dans les anne\u0301es 50 \u00a9 DR"},{"@type":"BreadcrumbList","@id":"https:\/\/leregardlibre.com\/litterature\/une-jolie-fille-comme-ca-on-nen-trouve-pas-ailleurs\/#breadcrumb","itemListElement":[{"@type":"ListItem","position":1,"name":"Accueil","item":"https:\/\/leregardlibre.com\/"},{"@type":"ListItem","position":2,"name":"\u00abUne jolie fille comme \u00e7a\u00bb, un d\u00e9sir comme nul autre"}]},{"@type":"WebSite","@id":"https:\/\/leregardlibre.com\/#website","url":"https:\/\/leregardlibre.com\/","name":"Le Regard Libre","description":"Erste Schweizer Monatszeitschrift f\u00fcr Debatten","publisher":{"@id":"https:\/\/leregardlibre.com\/#organization"},"potentialAction":[{"@type":"SearchAction","target":{"@type":"EntryPoint","urlTemplate":"https:\/\/leregardlibre.com\/?s={search_term_string}"},"query-input":{"@type":"PropertyValueSpecification","valueRequired":true,"valueName":"search_term_string"}}],"inLanguage":"de"},{"@type":"Organization","@id":"https:\/\/leregardlibre.com\/#organization","name":"Le Regard Libre","url":"https:\/\/leregardlibre.com\/","logo":{"@type":"ImageObject","inLanguage":"de","@id":"https:\/\/leregardlibre.com\/#\/schema\/logo\/image\/","url":"https:\/\/leregardlibre.com\/wp-content\/uploads\/2025\/08\/logo-rl-icone-neg.jpeg","contentUrl":"https:\/\/leregardlibre.com\/wp-content\/uploads\/2025\/08\/logo-rl-icone-neg.jpeg","width":557,"height":556,"caption":"Le Regard Libre"},"image":{"@id":"https:\/\/leregardlibre.com\/#\/schema\/logo\/image\/"},"sameAs":["https:\/\/www.facebook.com\/leregardlibre\/","https:\/\/x.com\/LeRegardLibre","https:\/\/www.linkedin.com\/company\/le-regard-libre","https:\/\/www.instagram.com\/leregardlibre\/","http:\/\/t.me\/leregardlibre","https:\/\/youtube.com\/channel\/UC6HzGPomj1LsUmlz-sJtITQ"],"description":"Le Regard Libre ist eine Schweizer Monatszeitschrift f\u00fcr intellektuelle und kulturelle Debatten. Seine Redaktion ist jung, ehrenamtlich, liberal und pluralistisch. Das Magazin erscheint online und in gedruckter Form. Seine Sprache ist Franz\u00f6sisch.","email":"redaction@leregardlibre.com","legalName":"Le Regard Libre","foundingDate":"2014-01-01","numberOfEmployees":{"@type":"QuantitativeValue","minValue":"11","maxValue":"50"},"publishingPrinciples":"https:\/\/leregardlibre.com\/a-propos\/notre-manifeste\/","ownershipFundingInfo":"https:\/\/leregardlibre.com\/mentions-legales\/","actionableFeedbackPolicy":"https:\/\/leregardlibre.com\/conditions-generales-de-vente\/"},{"@type":"Person","@id":"https:\/\/leregardlibre.com\/#\/schema\/person\/b2ac941a3f3efccb93d920d0cd1629f4","name":"Quentin Perissinotto","image":{"@type":"ImageObject","inLanguage":"de","@id":"https:\/\/secure.gravatar.com\/avatar\/5bdc85640092297cabef9e4e9fafa5d0f6fdc4d68bde6549c358b1419521e8f3?s=96&d=identicon&r=g","url":"https:\/\/secure.gravatar.com\/avatar\/5bdc85640092297cabef9e4e9fafa5d0f6fdc4d68bde6549c358b1419521e8f3?s=96&d=identicon&r=g","contentUrl":"https:\/\/secure.gravatar.com\/avatar\/5bdc85640092297cabef9e4e9fafa5d0f6fdc4d68bde6549c358b1419521e8f3?s=96&d=identicon&r=g","caption":"Quentin Perissinotto"},"description":"Kundenberater und Schriftsteller, Quentin Perissinotto ist Literaturkritiker f\u00fcr Le Regard Libre.","sameAs":["https:\/\/fr.wikipedia.org\/wiki\/Le_Regard_libre"],"url":"https:\/\/leregardlibre.com\/de\/author\/quentin-perissinotto\/"}]}},"_links":{"self":[{"href":"https:\/\/leregardlibre.com\/de\/wp-json\/wp\/v2\/posts\/51006","targetHints":{"allow":["GET"]}}],"collection":[{"href":"https:\/\/leregardlibre.com\/de\/wp-json\/wp\/v2\/posts"}],"about":[{"href":"https:\/\/leregardlibre.com\/de\/wp-json\/wp\/v2\/types\/post"}],"author":[{"embeddable":true,"href":"https:\/\/leregardlibre.com\/de\/wp-json\/wp\/v2\/users\/213"}],"replies":[{"embeddable":true,"href":"https:\/\/leregardlibre.com\/de\/wp-json\/wp\/v2\/comments?post=51006"}],"version-history":[{"count":2,"href":"https:\/\/leregardlibre.com\/de\/wp-json\/wp\/v2\/posts\/51006\/revisions"}],"predecessor-version":[{"id":512238,"href":"https:\/\/leregardlibre.com\/de\/wp-json\/wp\/v2\/posts\/51006\/revisions\/512238"}],"wp:featuredmedia":[{"embeddable":true,"href":"https:\/\/leregardlibre.com\/de\/wp-json\/wp\/v2\/media\/512234"}],"wp:attachment":[{"href":"https:\/\/leregardlibre.com\/de\/wp-json\/wp\/v2\/media?parent=51006"}],"wp:term":[{"taxonomy":"category","embeddable":true,"href":"https:\/\/leregardlibre.com\/de\/wp-json\/wp\/v2\/categories?post=51006"},{"taxonomy":"post_tag","embeddable":true,"href":"https:\/\/leregardlibre.com\/de\/wp-json\/wp\/v2\/tags?post=51006"}],"curies":[{"name":"wp","href":"https:\/\/api.w.org\/{rel}","templated":true}]}}