{"id":51014,"date":"2022-07-12T16:00:00","date_gmt":"2022-07-12T14:00:00","guid":{"rendered":"https:\/\/leregardlibre.com\/?p=50089"},"modified":"2026-01-12T22:03:20","modified_gmt":"2026-01-12T21:03:20","slug":"sie-wollten-ein-land-das-ihnen-ahnelt-sie-schufen-liberland","status":"publish","type":"post","link":"https:\/\/leregardlibre.com\/de\/literatur\/sie-wollten-ein-land-das-ihnen-ahnelt-sie-schufen-liberland\/","title":{"rendered":"Sie wollten ein Land, das ihnen \u00e4hnelt: Sie schufen Liberland."},"content":{"rendered":"<p class=\"has-drop-cap\"><strong>Und das ist eine wahre Geschichte. Ich fasse zusammen: Ein paar Freunde finden ein Land zwischen Kroatien und Serbien, das keinem Staat geh\u00f6rt. Sie beschlie\u00dfen, dort eine Mikronation zu gr\u00fcnden, die auf ihren freiheitlichen Werten basiert: Liberland. Das war vor knapp zehn Jahren. Die Schweiz spielt darin \u00fcbrigens eine kleine Rolle. Kaum zu glauben... Aber die Geschichte ist real und wird in einem journalistischen Stil erz\u00e4hlt, der einem fiktiven Roman in nichts nachsteht. Ein lesenswertes Werk. Und ein Verlag, der sich auf dieses Genre spezialisiert hat, verdient es, im Auge behalten zu werden.<\/strong><\/p>\n\n\n\n<!--more-->\n\n\n\n<p>Es gibt die tr\u00e4umenden Utopisten. Die Utopisten, die Forderungen stellen. Und die Utopisten, die sich dazu entschlie\u00dfen, ihr Modell im wirklichen Leben zu verwirklichen. Ich bewundere vor allem die Menschen, die zu dieser letzten Kategorie geh\u00f6ren. Diejenigen, die einfach sagen: \u00abWas w\u00e4re, wenn? Was w\u00e4re, wenn wir zu diesem Gebiet aufbrechen w\u00fcrden, das von keiner Nation beansprucht wird? Was w\u00e4re, wenn man dort einen Staat gr\u00fcnden w\u00fcrde? Was w\u00e4re, wenn wir endlich ein politisches System h\u00e4tten, das unseren Idealen entspricht? Um diese Menschen geht es in dem Buch <em>Reise nach Liberland<\/em>. Und es ist die Geschichte von Jir\u00ed Kreibich, Jarom\u00edr Miskovsky, V\u00edt Jedli\u010dka, Radim Panenka und Jana Markovi\u010dova, jungen Tschechen, ohne die diese Nation nie entstanden w\u00e4re.<\/p>\n\n\n\n<h3 class=\"wp-block-heading\" id=\"h-les-parents-sont-ils-proprietaires-de-leurs-enfants\">Sind Eltern die Eigent\u00fcmer ihrer Kinder?<\/h3>\n\n\n\n<p>Um niemanden zu entt\u00e4uschen, m\u00f6chte ich die Kirche im Dorfzentrum, den Liberalismus im Zentrum der vorherrschenden Werte und die Verzweiflung im Zentrum meiner Existenz verorten: Liberland ist kein Hort der Haarigen, die flache Hierarchien, Selbstverwaltung, freie Liebe, die \u00dcberwindung des Kapitalismus und die Gleichheit aller V\u00f6lker predigen. Die Mikronation, die die oben genannten Charaktere zu errichten versuchen, basiert auf libert\u00e4ren Werten. Anstelle von Hippies handelt es sich also um glatt rasierte M\u00e4nner in Anz\u00fcgen und Krawatten, die nur das Wort \u00abSteuern\u00bb auf den Lippen haben.<\/p>\n\n\n\n<p><strong>Lesen Sie auch | <a href=\"https:\/\/leregardlibre.com\/de\/philosophie\/ferghane-azihari-son-plaidoyer-pour-la-societe-industrielle\/\">Ferghane Azihari und sein Pl\u00e4doyer f\u00fcr die Industriegesellschaft<\/a><\/strong><\/p>\n\n\n\n<p>Was soll's. Rechte Utopisten bleiben Utopisten. Und man kann es den Autoren des Buches nicht einmal ver\u00fcbeln, dass sie diese Figuren bewusst ausgew\u00e4hlt haben, denn <em>Reise nach Liberland <\/em>ist eine <em>Sachbuchnovelle<\/em>, In diesem Buch geht es um eine journalistische Untersuchung, die die Realit\u00e4t sehr genau wiedergibt, mit einem Hauch von Drehbuch und vor allem mit einem sehr gut eingef\u00fchrten Erz\u00e4hlstrang. Ein vollwertiger Roman. Ich habe also keine Angst, es zu behaupten: Die Autoren sind London, Orwell und Hemingway des 21.<sup>.<\/sup> Jahrhundert. Huren von Literaturjournalisten.<\/p>\n\n\n\n<p>Die Autoren Timoth\u00e9e Demeillers und Gr\u00e9goire Osoha haben sich in dieses libert\u00e4re Abenteuer gest\u00fcrzt, um die Grundlagen zu verstehen. Die Ideologie wird besonders gut beschrieben und dreht sich um den Slogan von Liberland: Leben und leben lassen. Die Garantie des Privateigentums, Geld als h\u00f6chster Wert, die vollst\u00e4ndige Liberalisierung aller Lebensbereiche, die Abschaffung des Wohlfahrtsstaates... Alles in allem eine Form von radikalem Anarchokapitalismus, der einige Fragen offen l\u00e4sst, die in den verschiedenen Foren rund um das Projekt des Mikrostaates noch nicht beantwortet wurden. Hier sind einige davon:<\/p>\n\n\n\n<blockquote class=\"wp-block-quote is-layout-flow wp-block-quote-is-layout-flow\">\n<p>\u00abIst es ein Angriff auf das Eigentum des K\u00f6rpers, jemanden zu schubsen? Was tun wir mit Kriminellen? Sie ins Gef\u00e4ngnis stecken? Aber wer bezahlt f\u00fcr die Einrichtung der Gef\u00e4ngnisse? In diesem Fall, die Kriminellen in die Donau werfen? In der Frage der Waffen sind sich alle Libert\u00e4ren einig, dass sie das Recht haben, Waffen zu tragen, um sich im Falle eines Angriffs verteidigen zu k\u00f6nnen, aber einige w\u00fcrden sie gerne psychisch gest\u00f6rten Personen verbieten, w\u00e4hrend andere lieber das Risiko einer uneingeschr\u00e4nkten Erlaubnis eingehen w\u00fcrden. Die Frage der Minderj\u00e4hrigen ist ebenfalls heikel. Sollte ein Alter f\u00fcr die sexuelle Zustimmung gesetzlich festgelegt werden? Sind Eltern die Eigent\u00fcmer ihrer Kinder? Wenn ja, bedeutet das, dass sie sie schlagen d\u00fcrfen? Hat eine Frau das Recht, bis zum letzten Tag ihrer Schwangerschaft abzutreiben?\u00bb<\/p>\n<\/blockquote>\n\n\n\n<h3 class=\"wp-block-heading\" id=\"h-7-km-2-au-bord-du-danube\">7 km<sup>2<\/sup> am Ufer der Donau<\/h3>\n\n\n\n<p>Aber lassen Sie uns vielleicht den Faden der Geschichte wieder aufnehmen. Wir schreiben das Jahr 2015 und die oben erw\u00e4hnte Gruppe von Freunden aus libert\u00e4ren Vereinigungen und radikal rechten Parteien entdeckt, dass ein St\u00fcck Land zwischen Kroatien und Serbien von niemandem beansprucht wird. Sie m\u00fcssten nur die vier Montevideo-Kriterien erf\u00fcllen, die einen souver\u00e4nen Staat nach internationalem Recht definieren, um ihre Utopie zu schaffen: die Region Gornja Siga dauerhaft bev\u00f6lkern, das definierte Gebiet kontrollieren, eine Regierung haben und in der Lage sein, mit anderen Staaten in Verbindung zu treten. Mit einem Herzen voller kreativer Energie und revolution\u00e4rer Ideale wurde ein Pr\u00e4sident ernannt: V\u00edt Jedli\u010dka, ein Politiker der Partei der freien B\u00fcrger. Die Expedition wird gestartet.<\/p>\n\n\n<div class=\"wp-block-image\">\n<figure class=\"aligncenter size-full\"><img decoding=\"async\" src=\"https:\/\/leregardlibre.com\/wp-content\/uploads\/2022\/07\/Liberland-1.jpeg\" alt=\"\" class=\"wp-image-50103\"\/><figcaption class=\"wp-element-caption\">Eines der ersten Fotos des liberl\u00e4ndischen Regierungsteams (zweiter von rechts, der Pr\u00e4sident: V\u00edt Jedli\u010dka)<\/figcaption><\/figure>\n<\/div>\n\n\n<p>7 km<sup>2<\/sup> am Ufer der Donau, eine aufgestellte Flagge, vier Freunde, die eine Unabh\u00e4ngigkeitserkl\u00e4rung vorlesen, ein Foto und schon ist es passiert. Die Ank\u00fcndigung geht um die Welt. Wie Sie sich denken k\u00f6nnen, sind die Medien begeistert. Die Zahl der Antr\u00e4ge auf Staatsb\u00fcrgerschaft steigt explosionsartig an. In den L\u00e4ndern des S\u00fcdens wird Liberland als alternative M\u00f6glichkeit zur Migration nach Europa gesehen. Nach einer Woche sind bereits 200.000 Passantr\u00e4ge gestellt. Es herrscht Hochbetrieb. Das Durcheinander. Hoffnungen. \u2019Es ist besser, sein eigenes Land in einem unhygienischen Sumpf zu gr\u00fcnden, als das System zu reformieren\u00ab, halten die Autoren des Buches fest.<\/p>\n\n\n\n\n\n<h3 class=\"wp-block-heading\" id=\"h-le-27-e-canton-suisse\">Am 27.<sup>.<\/sup> Schweizer Kanton<\/h3>\n\n\n\n<p>In dieser Phase der Geschichte taucht die Schweiz in der Erz\u00e4hlung auf. Das Land des Bankgeheimnisses und des Steuerdumpings muss es sein. Ein in Zug ans\u00e4ssiger Unternehmer st\u00fcrzt sich in das Abenteuer. Niklas Nikolajsen, ein d\u00e4nischer Gesch\u00e4ftsmann, der sich auf den Kryptow\u00e4hrungsmarkt spezialisiert hat, hat sich zum Ziel gesetzt, am 27. Januar 2010 in D\u00e4nemark ein Unternehmen zu gr\u00fcnden, das sich auf den Handel mit Kryptow\u00e4hrungen spezialisiert hat.<sup>.<\/sup> Kanton dort. Eine Kolonie. Machtverh\u00e4ltnisse, Misstrauen, B\u00fcndnisse und Verhandlungen. W\u00e4hrend Liberland noch nicht einmal vollst\u00e4ndig gegr\u00fcndet ist, beginnt ein erster Krieg um Territorien.<\/p>\n\n\n\n<p><em>\u00abBier trinken, W\u00fcrstchen essen und meine F\u00fc\u00dfe in die Donau tauchen im staatenlosen Land Liberland. Ich werde endlich in ein Land ohne Staat ziehen, meine lieben Freunde. Und f\u00fcr die Skeptiker um mich herum sei gesagt, dass ich hier p****** Stra\u00dfen bauen werde. Ich kehre der Gewalt staatlicher Kontrolle den R\u00fccken und mache mich auf den Weg, um eine neue, freiwillige Gesellschaft aufzubauen, die auf Marktwirtschaft und Privateigentum beruht\u00bb, <\/em>verk\u00fcndet Niklas Nikolajsen wenige Stunden, nachdem er die Flagge seiner Kolonie auf liberl\u00e4ndischem Boden aufgestellt hat.<\/p>\n\n\n\n<form method=\"post\" action=\"https:\/\/newsletter.infomaniak.com\/external\/submit\" class=\"inf-form\" target=\"_blank\"><input type=\"email\" name=\"email\" style=\"display:none\"><input type=\"hidden\" name=\"key\" value=\"eyJpdiI6IlZXRVJGMlRGQUU2alNqUE81bitIUk5adnNVa0c4MllFTStzOHdHT1FQZ3c9IiwidmFsdWUiOiJIYzhwMUVCK1pTNnlhY3MyMmhuZlhReWJqemEwNk93blMxTjFHc0s2VHZrPSIsIm1hYyI6ImVhYTQ5N2I1M2NiYWE4NzBmNjk2NzgzYjliM2Y5NmYzM2E2ZmU3NGQxNTU1ZDFkMTU1MzY5NTdjYjE3ZTJmNTUifQ==\"><input type=\"hidden\" name=\"webform_id\" value=\"7291\"><style> .inf-main_3000311ca56a1cb93397bc676c0b7fff{ background-color:#f5f5f5; padding:25px 20px; margin:25px auto; } .inf-main_3000311ca56a1cb93397bc676c0b7fff .inf-content { margin-top:13px;} .inf-main_3000311ca56a1cb93397bc676c0b7fff h4, .inf-main_3000311ca56a1cb93397bc676c0b7fff span, .inf-main_3000311ca56a1cb93397bc676c0b7fff label, .inf-main_3000311ca56a1cb93397bc676c0b7fff input, .inf-main_3000311ca56a1cb93397bc676c0b7fff .inf-submit, .inf-main_3000311ca56a1cb93397bc676c0b7fff .inf-success p a { color:#555555; font-size:14px; } .inf-main_3000311ca56a1cb93397bc676c0b7fff h4{ font-size:18px; margin:0px 0px 13px 0px; } .inf-main_3000311ca56a1cb93397bc676c0b7fff h4, .inf-main_3000311ca56a1cb93397bc676c0b7fff label{ font-weight:bold; } .inf-main_3000311ca56a1cb93397bc676c0b7fff .inf-input { margin-bottom:7px; } .inf-main_3000311ca56a1cb93397bc676c0b7fff label { display:block;} .inf-main_3000311ca56a1cb93397bc676c0b7fff input{ height:35px; color:#999999; border: 1px solid #E9E9E9; border:none; padding-left:7px; } .inf-main_3000311ca56a1cb93397bc676c0b7fff .inf-input.inf-error label, .inf-main_3000311ca56a1cb93397bc676c0b7fff .inf-input.inf-error span.inf-message{ color: #cc0033; } .inf-main_3000311ca56a1cb93397bc676c0b7fff .inf-input.inf-error input{ border: 1px solid #cc0033; } .inf-main_3000311ca56a1cb93397bc676c0b7fff .inf-input input { width:100%;} .inf-main_3000311ca56a1cb93397bc676c0b7fff .inf-input.inf-error span.inf-message { display: block; } .inf-main_3000311ca56a1cb93397bc676c0b7fff .inf-submit { text-align:right;} .inf-main_3000311ca56a1cb93397bc676c0b7fff .inf-submit input{ background-color:#777777; color:#ffffff; border:none; font-weight: normal; height:auto; padding:7px; } .inf-main_3000311ca56a1cb93397bc676c0b7fff .inf-submit input.disabled{ opacity: 0.4; } .inf-btn { color: rgb(85, 85, 85); border: medium none; font-weight: normal; height: auto; padding: 7px; display: inline-block; background-color: white; box-shadow: 0px 1px 1px rgba(0, 0, 0, 0.24); border-radius: 2px; line-height: 1em; } .inf-rgpd { margin:25px 0px 15px 0px; color:#555555; } <\/style> <div class=\"inf-main_3000311ca56a1cb93397bc676c0b7fff\"> <h4>NEWSLETTER DES FREIEN BLICKS<\/h4> <span>Erhalten Sie unsere Artikel jeden Sonntag.<\/span> <div class=\"inf-success\" style=\"display:none\"> <h4>Ihre Anmeldung f\u00fcr unseren w\u00f6chentlichen Newsletter wurde erfolgreich registriert!<\/h4> <p> <a href=\"#\" class=\"inf-btn\">\u00ab<\/a> <\/p> <\/div> <div class=\"inf-content\"> <div class=\"inf-input inf-input-text\"> <input type=\"text\" name=\"inf[1]\" data-inf-meta=\"1\" data-inf-error=\"Merci de renseigner une adresse email\" required=\"required\" placeholder=\"E-Mail\"> <\/div> <div class=\"inf-submit\"> <input type=\"submit\" name=\"\" value=\"Anmelden\"> <\/div> <\/div> <\/div> <\/form>\n\n\n\n<h3 class=\"wp-block-heading\" id=\"h-somaliland-et-miss-liberland\">Somaliland und Miss Liberland<\/h3>\n\n\n\n<p>In der Zwischenzeit wachen die von der internationalen Gemeinschaft anerkannten Staaten auf. Sie verbarrikadieren das Gebiet. Es beginnt ein Hindernislauf, um die Anerkennung dieses neuen Landes zu erreichen. Ab Herbst 2015 wird V\u00edt Jedli\u010dka durch die Welt reisen, um seine Mikronation vorzustellen. Jeden zweiten Tag eine neue Stadt, ein neues Land. Am 22. September 2015 war er in Bern. Am 25. in Rotterdam. Durchquerte Russland im Mai 2016. Schlie\u00dft sich 2017 Somalia an. Um in Somaliland zu enden, einer in den 1990er Jahren selbsternannten Nation.<\/p>\n\n\n\n<p>Es gibt auch die Figuren aus Liberland. Junge Menschen, die gekommen sind, um an ihrem Ideal teilzuhaben. Diese Figuren werden von den beiden Autoren des Buches sehr detailliert beschrieben und repr\u00e4sentieren das Projekt Liberland: seine Tr\u00e4ume und seine Entt\u00e4uschungen. Wir erfahren auch, wie dieser Mikrostaat finanziert wird. Wie eine Miss Liberland ins Spiel kommt. Und wie Ego, Gr\u00f6\u00dfenwahn, soziale Netzwerke und Frauen (die oft vergessen werden) das Projekt vorantreiben.<\/p>\n\n\n\n\n\n<h3 class=\"wp-block-heading\" id=\"h-une-utopie-en-ex-yougoslavie\">Eine Utopie im ehemaligen Jugoslawien<\/h3>\n\n\n\n<p>Abschlie\u00dfend m\u00f6chte ich nur noch ein paar Worte zum soziopolitischen Hintergrund dieses Epos sagen. Denn diese reale Geschichte ist umso interessanter, als sie Fragen des Territoriums, der Ideologie und der Nation im ehemaligen Jugoslawien auseinander nimmt. Diese Utopie h\u00e4tte nirgendwo anders stattfinden k\u00f6nnen als an einem Ort, an dem die internationalen Grenzen in einer st\u00fcrmischen Gegenwart neu gezogen wurden. Stellen Sie sich vor, Liberl\u00e4nder, die aus der ganzen Welt in ein Land gekommen sind, das in einigen St\u00e4dten noch immer Schulkinder verschiedener \u00abEthnien\u00bb trennt. Eine Utopie, die mit einigen Realit\u00e4ten vor Ort konfrontiert wird.<\/p>\n\n\n\n<p>Das Buch ist voller Details und ein gutes Beispiel daf\u00fcr, was uns die gro\u00dfe Reportage bieten kann. Eine besondere Erw\u00e4hnung verdient der Verlag, in dem alles bis ins kleinste Detail durchdacht ist: das Papier, der Einband, das Layout. Und nat\u00fcrlich die redaktionelle Linie.<\/p>\n\n\n\n<h6 class=\"wp-block-heading\" id=\"h-vous-venez-de-lire-un-article-en-libre-acces-debats-analyses-actualites-culturelles-abonnez-vous-a-notre-media-de-reflexion-pour-nous-soutenir-et-avoir-acces-a-tous-nos-contenus\">Sie haben gerade einen frei zug\u00e4nglichen Artikel gelesen. Debatten, Analysen, Kulturnachrichten: <a href=\"https:\/\/leregardlibre.com\/de\/abonnement\/\">abonnieren Sie<\/a> um uns zu unterst\u00fctzen und Zugang zu all unseren Inhalten zu erhalten!<\/h6>\n\n\n\n<div class=\"wp-block-cover alignfull is-light\" style=\"min-height:398px;aspect-ratio:unset;\"><img decoding=\"async\" class=\"wp-block-cover__image-background wp-image-50115\" alt=\"\" src=\"https:\/\/leregardlibre.com\/wp-content\/uploads\/2022\/07\/Liberland-1598891363-1657568875834.jpeg\" data-object-fit=\"cover\"\/><span aria-hidden=\"true\" class=\"wp-block-cover__background has-background-dim-100 has-background-dim\" style=\"background-color:#ffffff\"><\/span><div class=\"wp-block-cover__inner-container is-layout-flow wp-block-cover-is-layout-flow\">\n<div class=\"wp-block-media-text alignwide is-stacked-on-mobile is-image-fill-element\" style=\"grid-template-columns:15% auto\"><figure class=\"wp-block-media-text__media\"><img decoding=\"async\" src=\"https:\/\/leregardlibre.com\/wp-content\/uploads\/2022\/07\/live_liberland.jpeg\" alt=\"\" class=\"wp-image-50111 size-full\" style=\"object-position:50% 50%\"\/><\/figure><div class=\"wp-block-media-text__content\">\n<p><strong>Timoth\u00e9e Demeillers (auteur),&nbsp;Gr\u00e9goire Osoha (<strong>Autor<\/strong>) et&nbsp;Guillaume Guilpart (illustrateur)<\/strong><br><strong><em>Reise nach Liberland.<\/em>&nbsp;<em>Glory and Debries of a Libertarian Adventure in the Heart of Europe<\/em><\/strong> <br><strong>Marchialy&nbsp;<\/strong><br><strong>2022<\/strong><br><strong>289 Seiten<\/strong><\/p>\n\n\n\n<div class=\"wp-block-buttons is-layout-flex wp-block-buttons-is-layout-flex\">\n<div class=\"wp-block-button is-style-fill\"><a class=\"wp-block-button__link wp-element-button\" href=\"https:\/\/www.payot.ch\/Detail\/voyage_au_liberland-timothee_demeillers-9782381340210?cId=0\">DAS BUCH BESTELLEN<\/a><\/div>\n<\/div>\n<\/div><\/div>\n<\/div><\/div>","protected":false},"excerpt":{"rendered":"<p>Et dire que c\u2019est une histoire vraie. Je vous r\u00e9sume: quelques potes trouvent une terre entre la Croatie et la&#8230;<\/p>","protected":false},"author":91,"featured_media":508708,"comment_status":"open","ping_status":"open","sticky":false,"template":"","format":"standard","meta":{"_acf_changed":false,"footnotes":""},"categories":[20663],"tags":[54879,977843,33225,644358352,644356564,240438],"class_list":["post-51014","post","type-post","status-publish","format-standard","has-post-thumbnail","hentry","category-litterature","tag-critiques-litteraires","tag-etat","tag-liberalisme","tag-libertarianisme","tag-tribunes","tag-utopie"],"acf":[],"yoast_head":"<!-- This site is optimized with the Yoast SEO Premium plugin v27.4 (Yoast SEO v27.4) - https:\/\/yoast.com\/product\/yoast-seo-premium-wordpress\/ -->\n<title>Ils voulaient un pays qui leur ressemble: ils ont cr\u00e9\u00e9 le Liberland<\/title>\n<meta name=\"description\" content=\"Des amis trouvent une terre entre la Croatie et la Serbie n\u2019appartenant \u00e0 aucun Etat. Ils d\u00e9cident d\u2019y cr\u00e9er une micronation. Histoire vraie\" \/>\n<meta name=\"robots\" content=\"index, follow, max-snippet:-1, max-image-preview:large, max-video-preview:-1\" \/>\n<link rel=\"canonical\" href=\"https:\/\/leregardlibre.com\/de\/literatur\/sie-wollten-ein-land-das-ihnen-ahnelt-sie-schufen-liberland\/\" \/>\n<meta property=\"og:locale\" content=\"de_DE\" \/>\n<meta property=\"og:type\" content=\"article\" \/>\n<meta property=\"og:title\" content=\"Ils voulaient un pays qui leur ressemble: ils ont cr\u00e9\u00e9 le Liberland\" \/>\n<meta property=\"og:description\" content=\"Des amis trouvent une terre entre la Croatie et la Serbie n\u2019appartenant \u00e0 aucun Etat. Ils d\u00e9cident d\u2019y cr\u00e9er une micronation. Histoire vraie\" \/>\n<meta property=\"og:url\" content=\"https:\/\/leregardlibre.com\/de\/literatur\/sie-wollten-ein-land-das-ihnen-ahnelt-sie-schufen-liberland\/\" \/>\n<meta property=\"og:site_name\" content=\"Le Regard Libre\" \/>\n<meta property=\"article:publisher\" content=\"https:\/\/www.facebook.com\/leregardlibre\/\" \/>\n<meta property=\"article:published_time\" content=\"2022-07-12T14:00:00+00:00\" \/>\n<meta property=\"article:modified_time\" content=\"2026-01-12T21:03:20+00:00\" \/>\n<meta property=\"og:image\" content=\"https:\/\/leregardlibre.com\/wp-content\/uploads\/2022\/07\/Liberland-1598891363-1657568875834.webp\" \/>\n\t<meta property=\"og:image:width\" content=\"1038\" \/>\n\t<meta property=\"og:image:height\" content=\"576\" \/>\n\t<meta property=\"og:image:type\" content=\"image\/webp\" \/>\n<meta name=\"author\" content=\"Diana-Alice Ramsauer\" \/>\n<meta name=\"twitter:card\" content=\"summary_large_image\" \/>\n<meta name=\"twitter:creator\" content=\"@LeRegardLibre\" \/>\n<meta name=\"twitter:site\" content=\"@LeRegardLibre\" \/>\n<meta name=\"twitter:label1\" content=\"Verfasst von\" \/>\n\t<meta name=\"twitter:data1\" content=\"Diana-Alice Ramsauer\" \/>\n\t<meta name=\"twitter:label2\" content=\"Gesch\u00e4tzte Lesezeit\" \/>\n\t<meta name=\"twitter:data2\" content=\"8\u00a0Minuten\" \/>\n<script type=\"application\/ld+json\" class=\"yoast-schema-graph\">{\"@context\":\"https:\\\/\\\/schema.org\",\"@graph\":[{\"@type\":\"Article\",\"@id\":\"https:\\\/\\\/leregardlibre.com\\\/litterature\\\/ils-voulaient-un-pays-qui-leur-ressemble-ils-ont-cree-le-liberland\\\/#article\",\"isPartOf\":{\"@id\":\"https:\\\/\\\/leregardlibre.com\\\/litterature\\\/ils-voulaient-un-pays-qui-leur-ressemble-ils-ont-cree-le-liberland\\\/\"},\"author\":{\"name\":\"Diana-Alice Ramsauer\",\"@id\":\"https:\\\/\\\/leregardlibre.com\\\/#\\\/schema\\\/person\\\/62f947f8b160b1f5efe565d6bd5c8f0a\"},\"headline\":\"Ils voulaient un pays qui leur ressemble: ils ont cr\u00e9\u00e9 le Liberland\",\"datePublished\":\"2022-07-12T14:00:00+00:00\",\"dateModified\":\"2026-01-12T21:03:20+00:00\",\"mainEntityOfPage\":{\"@id\":\"https:\\\/\\\/leregardlibre.com\\\/litterature\\\/ils-voulaient-un-pays-qui-leur-ressemble-ils-ont-cree-le-liberland\\\/\"},\"wordCount\":1641,\"commentCount\":0,\"publisher\":{\"@id\":\"https:\\\/\\\/leregardlibre.com\\\/#organization\"},\"image\":{\"@id\":\"https:\\\/\\\/leregardlibre.com\\\/litterature\\\/ils-voulaient-un-pays-qui-leur-ressemble-ils-ont-cree-le-liberland\\\/#primaryimage\"},\"thumbnailUrl\":\"https:\\\/\\\/leregardlibre.com\\\/wp-content\\\/uploads\\\/2022\\\/07\\\/Liberland-1598891363-1657568875834.webp\",\"keywords\":[\"Critique litt\u00e9raire\",\"Etat\",\"Lib\u00e9ralisme\",\"Libertarianisme\",\"Tribune\",\"Utopie\"],\"articleSection\":[\"Litt\u00e9rature\"],\"inLanguage\":\"de\",\"potentialAction\":[{\"@type\":\"CommentAction\",\"name\":\"Comment\",\"target\":[\"https:\\\/\\\/leregardlibre.com\\\/litterature\\\/ils-voulaient-un-pays-qui-leur-ressemble-ils-ont-cree-le-liberland\\\/#respond\"]}]},{\"@type\":\"WebPage\",\"@id\":\"https:\\\/\\\/leregardlibre.com\\\/litterature\\\/ils-voulaient-un-pays-qui-leur-ressemble-ils-ont-cree-le-liberland\\\/\",\"url\":\"https:\\\/\\\/leregardlibre.com\\\/litterature\\\/ils-voulaient-un-pays-qui-leur-ressemble-ils-ont-cree-le-liberland\\\/\",\"name\":\"Ils voulaient un pays qui leur ressemble: ils ont cr\u00e9\u00e9 le Liberland\",\"isPartOf\":{\"@id\":\"https:\\\/\\\/leregardlibre.com\\\/#website\"},\"primaryImageOfPage\":{\"@id\":\"https:\\\/\\\/leregardlibre.com\\\/litterature\\\/ils-voulaient-un-pays-qui-leur-ressemble-ils-ont-cree-le-liberland\\\/#primaryimage\"},\"image\":{\"@id\":\"https:\\\/\\\/leregardlibre.com\\\/litterature\\\/ils-voulaient-un-pays-qui-leur-ressemble-ils-ont-cree-le-liberland\\\/#primaryimage\"},\"thumbnailUrl\":\"https:\\\/\\\/leregardlibre.com\\\/wp-content\\\/uploads\\\/2022\\\/07\\\/Liberland-1598891363-1657568875834.webp\",\"datePublished\":\"2022-07-12T14:00:00+00:00\",\"dateModified\":\"2026-01-12T21:03:20+00:00\",\"description\":\"Des amis trouvent une terre entre la Croatie et la Serbie n\u2019appartenant \u00e0 aucun Etat. Ils d\u00e9cident d\u2019y cr\u00e9er une micronation. Histoire vraie\",\"breadcrumb\":{\"@id\":\"https:\\\/\\\/leregardlibre.com\\\/litterature\\\/ils-voulaient-un-pays-qui-leur-ressemble-ils-ont-cree-le-liberland\\\/#breadcrumb\"},\"inLanguage\":\"de\",\"potentialAction\":[{\"@type\":\"ReadAction\",\"target\":[\"https:\\\/\\\/leregardlibre.com\\\/litterature\\\/ils-voulaient-un-pays-qui-leur-ressemble-ils-ont-cree-le-liberland\\\/\"]}]},{\"@type\":\"ImageObject\",\"inLanguage\":\"de\",\"@id\":\"https:\\\/\\\/leregardlibre.com\\\/litterature\\\/ils-voulaient-un-pays-qui-leur-ressemble-ils-ont-cree-le-liberland\\\/#primaryimage\",\"url\":\"https:\\\/\\\/leregardlibre.com\\\/wp-content\\\/uploads\\\/2022\\\/07\\\/Liberland-1598891363-1657568875834.webp\",\"contentUrl\":\"https:\\\/\\\/leregardlibre.com\\\/wp-content\\\/uploads\\\/2022\\\/07\\\/Liberland-1598891363-1657568875834.webp\",\"width\":1038,\"height\":576,\"caption\":\"Le 27e canton suisse : la colonie du Liberland. Photo : Facebook.\"},{\"@type\":\"BreadcrumbList\",\"@id\":\"https:\\\/\\\/leregardlibre.com\\\/litterature\\\/ils-voulaient-un-pays-qui-leur-ressemble-ils-ont-cree-le-liberland\\\/#breadcrumb\",\"itemListElement\":[{\"@type\":\"ListItem\",\"position\":1,\"name\":\"Accueil\",\"item\":\"https:\\\/\\\/leregardlibre.com\\\/\"},{\"@type\":\"ListItem\",\"position\":2,\"name\":\"Ils voulaient un pays qui leur ressemble: ils ont cr\u00e9\u00e9 le Liberland\"}]},{\"@type\":\"WebSite\",\"@id\":\"https:\\\/\\\/leregardlibre.com\\\/#website\",\"url\":\"https:\\\/\\\/leregardlibre.com\\\/\",\"name\":\"Le Regard Libre\",\"description\":\"Premier mensuel suisse de d\u00e9bat\",\"publisher\":{\"@id\":\"https:\\\/\\\/leregardlibre.com\\\/#organization\"},\"potentialAction\":[{\"@type\":\"SearchAction\",\"target\":{\"@type\":\"EntryPoint\",\"urlTemplate\":\"https:\\\/\\\/leregardlibre.com\\\/?s={search_term_string}\"},\"query-input\":{\"@type\":\"PropertyValueSpecification\",\"valueRequired\":true,\"valueName\":\"search_term_string\"}}],\"inLanguage\":\"de\"},{\"@type\":\"Organization\",\"@id\":\"https:\\\/\\\/leregardlibre.com\\\/#organization\",\"name\":\"Le Regard Libre\",\"url\":\"https:\\\/\\\/leregardlibre.com\\\/\",\"logo\":{\"@type\":\"ImageObject\",\"inLanguage\":\"de\",\"@id\":\"https:\\\/\\\/leregardlibre.com\\\/#\\\/schema\\\/logo\\\/image\\\/\",\"url\":\"https:\\\/\\\/leregardlibre.com\\\/wp-content\\\/uploads\\\/2025\\\/08\\\/logo-rl-icone-neg.jpeg\",\"contentUrl\":\"https:\\\/\\\/leregardlibre.com\\\/wp-content\\\/uploads\\\/2025\\\/08\\\/logo-rl-icone-neg.jpeg\",\"width\":557,\"height\":556,\"caption\":\"Le Regard Libre\"},\"image\":{\"@id\":\"https:\\\/\\\/leregardlibre.com\\\/#\\\/schema\\\/logo\\\/image\\\/\"},\"sameAs\":[\"https:\\\/\\\/www.facebook.com\\\/leregardlibre\\\/\",\"https:\\\/\\\/x.com\\\/LeRegardLibre\",\"https:\\\/\\\/www.linkedin.com\\\/company\\\/le-regard-libre\",\"https:\\\/\\\/www.instagram.com\\\/leregardlibre\\\/\",\"http:\\\/\\\/t.me\\\/leregardlibre\",\"https:\\\/\\\/youtube.com\\\/channel\\\/UC6HzGPomj1LsUmlz-sJtITQ\"],\"description\":\"Le Regard Libre est un mensuel suisse de d\u00e9bat intellectuel et culturel. Sa r\u00e9daction est jeune, b\u00e9n\u00e9vole, lib\u00e9rale et pluraliste. Le magazine para\u00eet en ligne et sous forme papier. Sa langue est le fran\u00e7ais.\",\"email\":\"redaction@leregardlibre.com\",\"legalName\":\"Le Regard Libre\",\"foundingDate\":\"2014-01-01\",\"numberOfEmployees\":{\"@type\":\"QuantitativeValue\",\"minValue\":\"11\",\"maxValue\":\"50\"},\"publishingPrinciples\":\"https:\\\/\\\/leregardlibre.com\\\/a-propos\\\/notre-manifeste\\\/\",\"ownershipFundingInfo\":\"https:\\\/\\\/leregardlibre.com\\\/mentions-legales\\\/\",\"actionableFeedbackPolicy\":\"https:\\\/\\\/leregardlibre.com\\\/conditions-generales-de-vente\\\/\"},{\"@type\":\"Person\",\"@id\":\"https:\\\/\\\/leregardlibre.com\\\/#\\\/schema\\\/person\\\/62f947f8b160b1f5efe565d6bd5c8f0a\",\"name\":\"Diana-Alice Ramsauer\",\"image\":{\"@type\":\"ImageObject\",\"inLanguage\":\"de\",\"@id\":\"https:\\\/\\\/secure.gravatar.com\\\/avatar\\\/51862cca29cd5f278db9e227f155b57590a6a82efb3c6a76f90daf5d4959f176?s=96&d=identicon&r=g\",\"url\":\"https:\\\/\\\/secure.gravatar.com\\\/avatar\\\/51862cca29cd5f278db9e227f155b57590a6a82efb3c6a76f90daf5d4959f176?s=96&d=identicon&r=g\",\"contentUrl\":\"https:\\\/\\\/secure.gravatar.com\\\/avatar\\\/51862cca29cd5f278db9e227f155b57590a6a82efb3c6a76f90daf5d4959f176?s=96&d=identicon&r=g\",\"caption\":\"Diana-Alice Ramsauer\"},\"sameAs\":[\"https:\\\/\\\/leregardlibre.com\\\/\",\"https:\\\/\\\/fr.wikipedia.org\\\/wiki\\\/Le_Regard_libre\"],\"url\":\"https:\\\/\\\/leregardlibre.com\\\/de\\\/author\\\/daramsauer\\\/\"}]}<\/script>\n<!-- \/ Yoast SEO Premium plugin. -->","yoast_head_json":{"title":"Sie wollten ein Land, das ihnen \u00e4hnelt: Sie schufen Liberland.","description":"Freunde finden ein Land zwischen Kroatien und Serbien, das keinem Staat geh\u00f6rt. Sie beschlie\u00dfen, dort eine Mikronation zu gr\u00fcnden. Wahre Geschichte","robots":{"index":"index","follow":"follow","max-snippet":"max-snippet:-1","max-image-preview":"max-image-preview:large","max-video-preview":"max-video-preview:-1"},"canonical":"https:\/\/leregardlibre.com\/de\/literatur\/sie-wollten-ein-land-das-ihnen-ahnelt-sie-schufen-liberland\/","og_locale":"de_DE","og_type":"article","og_title":"Ils voulaient un pays qui leur ressemble: ils ont cr\u00e9\u00e9 le Liberland","og_description":"Des amis trouvent une terre entre la Croatie et la Serbie n\u2019appartenant \u00e0 aucun Etat. Ils d\u00e9cident d\u2019y cr\u00e9er une micronation. Histoire vraie","og_url":"https:\/\/leregardlibre.com\/de\/literatur\/sie-wollten-ein-land-das-ihnen-ahnelt-sie-schufen-liberland\/","og_site_name":"Le Regard Libre","article_publisher":"https:\/\/www.facebook.com\/leregardlibre\/","article_published_time":"2022-07-12T14:00:00+00:00","article_modified_time":"2026-01-12T21:03:20+00:00","og_image":[{"width":1038,"height":576,"url":"https:\/\/leregardlibre.com\/wp-content\/uploads\/2022\/07\/Liberland-1598891363-1657568875834.webp","type":"image\/webp"}],"author":"Diana-Alice Ramsauer","twitter_card":"summary_large_image","twitter_creator":"@LeRegardLibre","twitter_site":"@LeRegardLibre","twitter_misc":{"Verfasst von":"Diana-Alice Ramsauer","Gesch\u00e4tzte Lesezeit":"8\u00a0Minuten"},"schema":{"@context":"https:\/\/schema.org","@graph":[{"@type":"Article","@id":"https:\/\/leregardlibre.com\/litterature\/ils-voulaient-un-pays-qui-leur-ressemble-ils-ont-cree-le-liberland\/#article","isPartOf":{"@id":"https:\/\/leregardlibre.com\/litterature\/ils-voulaient-un-pays-qui-leur-ressemble-ils-ont-cree-le-liberland\/"},"author":{"name":"Diana-Alice Ramsauer","@id":"https:\/\/leregardlibre.com\/#\/schema\/person\/62f947f8b160b1f5efe565d6bd5c8f0a"},"headline":"Ils voulaient un pays qui leur ressemble: ils ont cr\u00e9\u00e9 le Liberland","datePublished":"2022-07-12T14:00:00+00:00","dateModified":"2026-01-12T21:03:20+00:00","mainEntityOfPage":{"@id":"https:\/\/leregardlibre.com\/litterature\/ils-voulaient-un-pays-qui-leur-ressemble-ils-ont-cree-le-liberland\/"},"wordCount":1641,"commentCount":0,"publisher":{"@id":"https:\/\/leregardlibre.com\/#organization"},"image":{"@id":"https:\/\/leregardlibre.com\/litterature\/ils-voulaient-un-pays-qui-leur-ressemble-ils-ont-cree-le-liberland\/#primaryimage"},"thumbnailUrl":"https:\/\/leregardlibre.com\/wp-content\/uploads\/2022\/07\/Liberland-1598891363-1657568875834.webp","keywords":["Critique litt\u00e9raire","Etat","Lib\u00e9ralisme","Libertarianisme","Tribune","Utopie"],"articleSection":["Litt\u00e9rature"],"inLanguage":"de","potentialAction":[{"@type":"CommentAction","name":"Comment","target":["https:\/\/leregardlibre.com\/litterature\/ils-voulaient-un-pays-qui-leur-ressemble-ils-ont-cree-le-liberland\/#respond"]}]},{"@type":"WebPage","@id":"https:\/\/leregardlibre.com\/litterature\/ils-voulaient-un-pays-qui-leur-ressemble-ils-ont-cree-le-liberland\/","url":"https:\/\/leregardlibre.com\/litterature\/ils-voulaient-un-pays-qui-leur-ressemble-ils-ont-cree-le-liberland\/","name":"Sie wollten ein Land, das ihnen \u00e4hnelt: Sie schufen Liberland.","isPartOf":{"@id":"https:\/\/leregardlibre.com\/#website"},"primaryImageOfPage":{"@id":"https:\/\/leregardlibre.com\/litterature\/ils-voulaient-un-pays-qui-leur-ressemble-ils-ont-cree-le-liberland\/#primaryimage"},"image":{"@id":"https:\/\/leregardlibre.com\/litterature\/ils-voulaient-un-pays-qui-leur-ressemble-ils-ont-cree-le-liberland\/#primaryimage"},"thumbnailUrl":"https:\/\/leregardlibre.com\/wp-content\/uploads\/2022\/07\/Liberland-1598891363-1657568875834.webp","datePublished":"2022-07-12T14:00:00+00:00","dateModified":"2026-01-12T21:03:20+00:00","description":"Freunde finden ein Land zwischen Kroatien und Serbien, das keinem Staat geh\u00f6rt. Sie beschlie\u00dfen, dort eine Mikronation zu gr\u00fcnden. Wahre Geschichte","breadcrumb":{"@id":"https:\/\/leregardlibre.com\/litterature\/ils-voulaient-un-pays-qui-leur-ressemble-ils-ont-cree-le-liberland\/#breadcrumb"},"inLanguage":"de","potentialAction":[{"@type":"ReadAction","target":["https:\/\/leregardlibre.com\/litterature\/ils-voulaient-un-pays-qui-leur-ressemble-ils-ont-cree-le-liberland\/"]}]},{"@type":"ImageObject","inLanguage":"de","@id":"https:\/\/leregardlibre.com\/litterature\/ils-voulaient-un-pays-qui-leur-ressemble-ils-ont-cree-le-liberland\/#primaryimage","url":"https:\/\/leregardlibre.com\/wp-content\/uploads\/2022\/07\/Liberland-1598891363-1657568875834.webp","contentUrl":"https:\/\/leregardlibre.com\/wp-content\/uploads\/2022\/07\/Liberland-1598891363-1657568875834.webp","width":1038,"height":576,"caption":"Le 27e canton suisse : la colonie du Liberland. Photo : Facebook."},{"@type":"BreadcrumbList","@id":"https:\/\/leregardlibre.com\/litterature\/ils-voulaient-un-pays-qui-leur-ressemble-ils-ont-cree-le-liberland\/#breadcrumb","itemListElement":[{"@type":"ListItem","position":1,"name":"Accueil","item":"https:\/\/leregardlibre.com\/"},{"@type":"ListItem","position":2,"name":"Ils voulaient un pays qui leur ressemble: ils ont cr\u00e9\u00e9 le Liberland"}]},{"@type":"WebSite","@id":"https:\/\/leregardlibre.com\/#website","url":"https:\/\/leregardlibre.com\/","name":"Le Regard Libre","description":"Erste Schweizer Monatszeitschrift f\u00fcr Debatten","publisher":{"@id":"https:\/\/leregardlibre.com\/#organization"},"potentialAction":[{"@type":"SearchAction","target":{"@type":"EntryPoint","urlTemplate":"https:\/\/leregardlibre.com\/?s={search_term_string}"},"query-input":{"@type":"PropertyValueSpecification","valueRequired":true,"valueName":"search_term_string"}}],"inLanguage":"de"},{"@type":"Organization","@id":"https:\/\/leregardlibre.com\/#organization","name":"Le Regard Libre","url":"https:\/\/leregardlibre.com\/","logo":{"@type":"ImageObject","inLanguage":"de","@id":"https:\/\/leregardlibre.com\/#\/schema\/logo\/image\/","url":"https:\/\/leregardlibre.com\/wp-content\/uploads\/2025\/08\/logo-rl-icone-neg.jpeg","contentUrl":"https:\/\/leregardlibre.com\/wp-content\/uploads\/2025\/08\/logo-rl-icone-neg.jpeg","width":557,"height":556,"caption":"Le Regard Libre"},"image":{"@id":"https:\/\/leregardlibre.com\/#\/schema\/logo\/image\/"},"sameAs":["https:\/\/www.facebook.com\/leregardlibre\/","https:\/\/x.com\/LeRegardLibre","https:\/\/www.linkedin.com\/company\/le-regard-libre","https:\/\/www.instagram.com\/leregardlibre\/","http:\/\/t.me\/leregardlibre","https:\/\/youtube.com\/channel\/UC6HzGPomj1LsUmlz-sJtITQ"],"description":"Le Regard Libre ist eine Schweizer Monatszeitschrift f\u00fcr intellektuelle und kulturelle Debatten. Seine Redaktion ist jung, ehrenamtlich, liberal und pluralistisch. Das Magazin erscheint online und in gedruckter Form. Seine Sprache ist Franz\u00f6sisch.","email":"redaction@leregardlibre.com","legalName":"Le Regard Libre","foundingDate":"2014-01-01","numberOfEmployees":{"@type":"QuantitativeValue","minValue":"11","maxValue":"50"},"publishingPrinciples":"https:\/\/leregardlibre.com\/a-propos\/notre-manifeste\/","ownershipFundingInfo":"https:\/\/leregardlibre.com\/mentions-legales\/","actionableFeedbackPolicy":"https:\/\/leregardlibre.com\/conditions-generales-de-vente\/"},{"@type":"Person","@id":"https:\/\/leregardlibre.com\/#\/schema\/person\/62f947f8b160b1f5efe565d6bd5c8f0a","name":"Diana-Alice Ramsauer","image":{"@type":"ImageObject","inLanguage":"de","@id":"https:\/\/secure.gravatar.com\/avatar\/51862cca29cd5f278db9e227f155b57590a6a82efb3c6a76f90daf5d4959f176?s=96&d=identicon&r=g","url":"https:\/\/secure.gravatar.com\/avatar\/51862cca29cd5f278db9e227f155b57590a6a82efb3c6a76f90daf5d4959f176?s=96&d=identicon&r=g","contentUrl":"https:\/\/secure.gravatar.com\/avatar\/51862cca29cd5f278db9e227f155b57590a6a82efb3c6a76f90daf5d4959f176?s=96&d=identicon&r=g","caption":"Diana-Alice Ramsauer"},"sameAs":["https:\/\/leregardlibre.com\/","https:\/\/fr.wikipedia.org\/wiki\/Le_Regard_libre"],"url":"https:\/\/leregardlibre.com\/de\/author\/daramsauer\/"}]}},"_links":{"self":[{"href":"https:\/\/leregardlibre.com\/de\/wp-json\/wp\/v2\/posts\/51014","targetHints":{"allow":["GET"]}}],"collection":[{"href":"https:\/\/leregardlibre.com\/de\/wp-json\/wp\/v2\/posts"}],"about":[{"href":"https:\/\/leregardlibre.com\/de\/wp-json\/wp\/v2\/types\/post"}],"author":[{"embeddable":true,"href":"https:\/\/leregardlibre.com\/de\/wp-json\/wp\/v2\/users\/91"}],"replies":[{"embeddable":true,"href":"https:\/\/leregardlibre.com\/de\/wp-json\/wp\/v2\/comments?post=51014"}],"version-history":[{"count":2,"href":"https:\/\/leregardlibre.com\/de\/wp-json\/wp\/v2\/posts\/51014\/revisions"}],"predecessor-version":[{"id":530656,"href":"https:\/\/leregardlibre.com\/de\/wp-json\/wp\/v2\/posts\/51014\/revisions\/530656"}],"wp:featuredmedia":[{"embeddable":true,"href":"https:\/\/leregardlibre.com\/de\/wp-json\/wp\/v2\/media\/508708"}],"wp:attachment":[{"href":"https:\/\/leregardlibre.com\/de\/wp-json\/wp\/v2\/media?parent=51014"}],"wp:term":[{"taxonomy":"category","embeddable":true,"href":"https:\/\/leregardlibre.com\/de\/wp-json\/wp\/v2\/categories?post=51014"},{"taxonomy":"post_tag","embeddable":true,"href":"https:\/\/leregardlibre.com\/de\/wp-json\/wp\/v2\/tags?post=51014"}],"curies":[{"name":"wp","href":"https:\/\/api.w.org\/{rel}","templated":true}]}}