{"id":510949,"date":"2022-09-04T06:00:00","date_gmt":"2022-09-04T04:00:00","guid":{"rendered":"https:\/\/leregardlibre.com\/?p=510949"},"modified":"2025-12-04T22:23:21","modified_gmt":"2025-12-04T21:23:21","slug":"une-urgence-ordinaire-un-film-qui-denonce-les-maux-en-peu-de-mots","status":"publish","type":"post","link":"https:\/\/leregardlibre.com\/de\/kino\/filme\/une-urgence-ordinaire-un-film-qui-denonce-les-maux-en-peu-de-mots\/","title":{"rendered":"\u00abEin gew\u00f6hnlicher Notfall\u00bb - ein Film, der mit wenigen Worten Missst\u00e4nde anprangert"},"content":{"rendered":"<p class=\"has-drop-cap\"><strong><span><b>In <\/b><em style=\"font-weight: bold;\">Ein gew\u00f6hnlicher Notfall, <\/em><b>der franz\u00f6sisch-marokkanische Regisseur <a href=\"https:\/\/www.swissfilms.ch\/fr\/person\/mohcine-besri\/FDA9CA4CEAD74233B7C35A12713BA00B\">Mohcine Besri<\/a> bietet uns die M\u00f6glichkeit, in die Wartezeit einer Familie einzutauchen, die Opfer des Gesundheitssystems ist. <\/b>veraltet<\/span>e aus Marokko. Ein Drama voller Emotionen und schwarzem Humor, das anklagt und seine Zuschauer zum Nachdenken anregt. Im Hintergrund steht die Geschichte eines Landes, das unf\u00e4hig ist, sein Volk zu lieben.<\/strong><\/p>\n\n\n\n<!--more Lire la critique (en libre acc\u00e8s)-->\n\n\n\n<figure class=\"wp-block-embed is-type-video is-provider-vimeo wp-block-embed-vimeo wp-embed-aspect-16-9 wp-has-aspect-ratio\"><div class=\"wp-block-embed__wrapper\">\n<iframe title=\"UNE URGENCE ORDINAIRE (2018) - Bande annonce\" src=\"https:\/\/player.vimeo.com\/video\/314024013?dnt=1&amp;app_id=122963\" width=\"1000\" height=\"563\" frameborder=\"0\" allow=\"autoplay; fullscreen; picture-in-picture; clipboard-write; encrypted-media; web-share\" referrerpolicy=\"strict-origin-when-cross-origin\"><\/iframe>\n<\/div><\/figure>\n\n\n\n<p>Jeudi 25 ao\u00fbt, au Zin\u00e9ma de Lausanne. Le r\u00e9alisateur est pr\u00e9sent afin d&#8217;expliquer l&#8217;origine de son sc\u00e9nario. L\u2019id\u00e9e du film, dit-il en substance, d\u00e9coule d\u2019une conversation \u00e0 Tanger avec un jeune homme souhaitant quitter le territoire marocain. Le co-sc\u00e9nariste et r\u00e9alisateur lui demande alors quels sont les motifs de son d\u00e9part. L\u2019inconnu lui r\u00e9pond simplement que l\u2019amour qu\u2019il porte pour le Maroc ne semble pas r\u00e9ciproque.<\/p>\n\n\n\n<p>Voici maintenant ce que raconte le film. Zahra et Driss se rendent \u00e0 l\u2019h\u00f4pital de Casablanca avec Ayoub, leur gar\u00e7on de cinq ans. Depuis plusieurs semaines, il souffre de migraines. Malheureusement, son \u00e9tat semble plus s\u00e9rieux et co\u00fbteux que pr\u00e9vu. Une longue attente \u00e0 l\u2019int\u00e9rieur de l\u2019h\u00f4pital surcharg\u00e9 commence. Alors que le fr\u00e8re de Driss, Houcine, envisage avec sa femme de vendre leur futur enfant pour financer l\u2019op\u00e9ration d\u2019Ayoub, la famille fait la rencontre d\u2019un jeune homme d\u00e9sesp\u00e9r\u00e9 qui a tent\u00e9 de mettre fin \u00e0 sa vie et qui les soutiendra dans leur \u00e9preuve.<\/p>\n\n\n\n<h3 class=\"wp-block-heading\"><strong>\u00abSi son p\u00e8re \u00e9tait ministre, il serait pass\u00e9 en premier\u00bb<\/strong><\/h3>\n\n\n\n<p>D\u00e8s l\u2019ouverture du long-m\u00e9trage, on remarque le travail sur la profondeur de champ. Son \u00e9tendue, qui donne une impression d\u2019infini, hypnotise. Immerg\u00e9 dans les couloirs \u00e9troits de l\u2019h\u00f4pital casablancais, le public, au m\u00eame titre que les personnages, se retrouve press\u00e9 entre ses murs. Les murs ne sont pas les seuls \u00e9l\u00e9ments architecturaux \u00e0 pouvoir fasciner le spectateur. Dans la s\u00e9quence introductive du film, plusieurs plans exhibent la ville et son urbanisme \u00e9crasant: hauts buildings, trams modernes et routes sans fin.<\/p>\n\n\n\n<p>Mais lorsque les parents arrivent \u00e0 l\u2019h\u00f4pital, c\u2019est tout l\u2019inverse qui les attend. Par ce contraste, Mohcine Besri d\u00e9nonce avec ma\u00eetrise les difficult\u00e9s financi\u00e8res et sanitaires dont souffre le Maroc. Le message du r\u00e9alisateur se transmet par l&#8217;image. La raret\u00e9 des dialogues n\u2019enl\u00e8ve rien \u00e0 l\u2019efficacit\u00e9 du propos. Aussi, l\u2019\u00e9tendue des plans, leur longueur, le mutisme de certains personnages soutiennent la construction d\u2019un rythme lent, en phase avec l\u2019attente de la famille, d\u00e9munie face \u00e0 la situation.<\/p>\n\n\n\n<figure class=\"wp-block-image size-large\"><img fetchpriority=\"high\" decoding=\"async\" width=\"1024\" height=\"576\" src=\"http:\/\/leregardlibre.com\/wp-content\/uploads\/2022\/09\/Une-urgence-ordinaire-2-\u00a9-Louise-Productions-Lausanne-et-La-Prod-Maroc-1024x576.jpg\" alt=\"Une urgence ordinaire \u00a9 Louise Productions Lausanne et La Prod (Maroc)\" class=\"wp-image-510962\" srcset=\"https:\/\/leregardlibre.com\/wp-content\/uploads\/2022\/09\/Une-urgence-ordinaire-2-\u00a9-Louise-Productions-Lausanne-et-La-Prod-Maroc-1024x576.jpg 1024w, https:\/\/leregardlibre.com\/wp-content\/uploads\/2022\/09\/Une-urgence-ordinaire-2-\u00a9-Louise-Productions-Lausanne-et-La-Prod-Maroc-300x169.jpg 300w, https:\/\/leregardlibre.com\/wp-content\/uploads\/2022\/09\/Une-urgence-ordinaire-2-\u00a9-Louise-Productions-Lausanne-et-La-Prod-Maroc-150x84.jpg 150w, https:\/\/leregardlibre.com\/wp-content\/uploads\/2022\/09\/Une-urgence-ordinaire-2-\u00a9-Louise-Productions-Lausanne-et-La-Prod-Maroc-768x432.jpg 768w, https:\/\/leregardlibre.com\/wp-content\/uploads\/2022\/09\/Une-urgence-ordinaire-2-\u00a9-Louise-Productions-Lausanne-et-La-Prod-Maroc-1920x1080.jpg 1920w, https:\/\/leregardlibre.com\/wp-content\/uploads\/2022\/09\/Une-urgence-ordinaire-2-\u00a9-Louise-Productions-Lausanne-et-La-Prod-Maroc-1170x658.jpg 1170w, https:\/\/leregardlibre.com\/wp-content\/uploads\/2022\/09\/Une-urgence-ordinaire-2-\u00a9-Louise-Productions-Lausanne-et-La-Prod-Maroc-585x329.jpg 585w, https:\/\/leregardlibre.com\/wp-content\/uploads\/2022\/09\/Une-urgence-ordinaire-2-\u00a9-Louise-Productions-Lausanne-et-La-Prod-Maroc-600x338.jpg 600w\" sizes=\"(max-width: 1024px) 100vw, 1024px\" \/><figcaption><em>Ein gew\u00f6hnlicher Notfall<\/em> \u00a9 Louise Productions Lausanne et La Prod (Maroc)<\/figcaption><\/figure>\n\n\n\n<p>Si l\u2019attente d\u00e9tient une place importante dans ce que le long-m\u00e9trage exprime, il traduit aussi parfaitement l\u2019impuissance et la frustration des parents d\u2019Ayoub, ainsi que celles de l\u2019ensemble des patients de l\u2019h\u00f4pital. La position assise est pr\u00e9dominante et explicite la passivit\u00e9 des individus, incapables de bouger, entass\u00e9s les uns \u00e0 c\u00f4t\u00e9 des autres dans des couloirs, des escaliers ou \u00e0 m\u00eame le sol. La singularit\u00e9 du film se situe dans le point de vue qu\u2019il aborde. Les spectateurs suivent la d\u00e9ambulation du jeune homme suicidaire; c\u2019est celui qu\u2019on a emp\u00each\u00e9 de mourir qui observe ceux qui tentent d\u00e9sesp\u00e9r\u00e9ment de vivre. Le public accompagne l\u2019homme dans les d\u00e9dales de l\u2019h\u00f4pital, qui sonde les lieux. C\u2019est au moyen de cette promenade silencieuse que l\u2019empathie surgit; cette marche nous oblige \u00e0 patienter <em>mit<\/em> les personnages.<\/p>\n\n\n\n<p>Le film peut para\u00eetre long, lent, mais c\u2019est justement l\u2019effet escompt\u00e9. Le temps est parfaitement reproduit; alors que la projection en salle ne d\u00e9passe pas l\u2019heure et demie, la nuit d\u2019attente interminable v\u00e9cue par les personnages est pourtant comprise et partag\u00e9e. On note tout de m\u00eame une r\u00e9currence quelque peu aga\u00e7ante: les soupirs du jeune homme dont on suit les pas. L\u2019accablement des patients est palpable et ses plaintes ne rajoutent rien, sinon de la lourdeur \u00e0 un sc\u00e9nario finement \u00e9crit. En effet, sans musique, sans parole ou plan superflu, le film va droit au but.&nbsp;<\/p>\n\n\n\n<h3 class=\"wp-block-heading\"><strong>Un h\u00f4pital empli de vies&nbsp;<\/strong><\/h3>\n\n\n\n<p>Fatima Zahra Banacer et Rachid Mustapha, interpr\u00e9tant les r\u00f4les de Driss et Zahra, offrent un bel \u00e9quilibre entre le d\u00e9sarroi apathique et la r\u00e9solution impuissante. Alors que le p\u00e8re \u00e9meut par son mutisme et son visage ferm\u00e9, la volont\u00e9 de la m\u00e8re nous autorise \u00e0 garder espoir. Le personnage d\u2019Ayoub est attendrissant et cr\u00e9dible, malgr\u00e9 le jeune \u00e2ge de son interpr\u00e8te. Houcine et le Chef infirmier, personnages risibles, permettent un peu de l\u00e9g\u00e8ret\u00e9 face aux \u00e9v\u00e8nements que la famille endure. Les personnages, parfois faibles et quelquefois fourbes, sont plus humains que jamais. Ils d\u00e9tonnent ainsi avec la froideur des lieux, teint\u00e9s de diff\u00e9rentes nuances de bleu.<\/p>\n\n\n\n<figure class=\"wp-block-image size-large\"><img decoding=\"async\" width=\"1024\" height=\"576\" src=\"http:\/\/leregardlibre.com\/wp-content\/uploads\/2022\/09\/Une-urgence-ordinaire-\u00a9-Louise-Productions-Lausanne-et-La-Prod-Maroc-1024x576.jpg\" alt=\"Une urgence ordinaire \u00a9 Louise Productions Lausanne et La Prod (Maroc)\" class=\"wp-image-510958\" srcset=\"https:\/\/leregardlibre.com\/wp-content\/uploads\/2022\/09\/Une-urgence-ordinaire-\u00a9-Louise-Productions-Lausanne-et-La-Prod-Maroc-1024x576.jpg 1024w, https:\/\/leregardlibre.com\/wp-content\/uploads\/2022\/09\/Une-urgence-ordinaire-\u00a9-Louise-Productions-Lausanne-et-La-Prod-Maroc-300x169.jpg 300w, https:\/\/leregardlibre.com\/wp-content\/uploads\/2022\/09\/Une-urgence-ordinaire-\u00a9-Louise-Productions-Lausanne-et-La-Prod-Maroc-150x84.jpg 150w, https:\/\/leregardlibre.com\/wp-content\/uploads\/2022\/09\/Une-urgence-ordinaire-\u00a9-Louise-Productions-Lausanne-et-La-Prod-Maroc-768x432.jpg 768w, https:\/\/leregardlibre.com\/wp-content\/uploads\/2022\/09\/Une-urgence-ordinaire-\u00a9-Louise-Productions-Lausanne-et-La-Prod-Maroc-1920x1080.jpg 1920w, https:\/\/leregardlibre.com\/wp-content\/uploads\/2022\/09\/Une-urgence-ordinaire-\u00a9-Louise-Productions-Lausanne-et-La-Prod-Maroc-1170x658.jpg 1170w, https:\/\/leregardlibre.com\/wp-content\/uploads\/2022\/09\/Une-urgence-ordinaire-\u00a9-Louise-Productions-Lausanne-et-La-Prod-Maroc-585x329.jpg 585w, https:\/\/leregardlibre.com\/wp-content\/uploads\/2022\/09\/Une-urgence-ordinaire-\u00a9-Louise-Productions-Lausanne-et-La-Prod-Maroc-600x338.jpg 600w\" sizes=\"(max-width: 1024px) 100vw, 1024px\" \/><figcaption>Une urgence ordinaire \u00a9 Louise Productions Lausanne et La Prod (Maroc)<\/figcaption><\/figure>\n\n\n\n<p>L\u2019amplification du d\u00e9sespoir est admirable. Des \u00e9l\u00e9ments secondaires, v\u00e9cus par le fr\u00e8re de Driss et sa femme, sont gliss\u00e9s au fil du r\u00e9cit pour finalement faire partie du c\u0153ur de l\u2019intrigue. Cette histoire, forte en \u00e9motion, est napp\u00e9e d\u2019une pointe d\u2019humour cynique tr\u00e8s appr\u00e9ci\u00e9e. Celle-ci, au fond, rend compte de l\u2019amoralit\u00e9 des \u00eatres humains.<\/p>\n\n\n\n<p>On regrette cependant la tournure prise par la fin du film lorsque les personnages \u2013 et d\u2019autres figurants \u2013 se retrouvent sur le pont du haut duquel le jeune homme que nous suivons s\u2019est jet\u00e9. A la mani\u00e8re d\u2019un clip accompagn\u00e9 d\u2019une chanson de rap, le changement de ton est d\u00e9concertant. C\u2019est seulement en comprenant les paroles que ce moment lyrique prend tout son sens; une protestation par la parole, \u00e0 l\u2019inverse du long-m\u00e9trage qui, lui, proteste par le silence et l\u2019image. Le film ne montre pas l\u2019issue de l\u2019histoire d\u2019Ayoub et ne propose aucune solution, \u00e0 l\u2019instar de l\u2019Etat qui, hors de la fiction, est lui-m\u00eame incapable d\u2019agir. Par des dialogues efficaces et une image des plus travaill\u00e9es, Mohcine Besri et son \u00e9quipe ont r\u00e9ussi le tour de force de nous indigner tout en douceur.<\/p>\n\n\n\n<p>Cr\u00e9dits photos: \u00a9 Louise Productions Lausanne et La Prod (Maroc)<\/p>\n\n\n\n<p><strong>Sie haben gerade einen frei zug\u00e4nglichen Artikel gelesen.&nbsp;<\/strong>Debatten, Analysen, Kulturnachrichten:&nbsp;<a href=\"https:\/\/leregardlibre.com\/de\/abonnement\/\">abonnieren Sie<\/a>&nbsp;um uns zu unterst\u00fctzen und Zugang zu all unseren Inhalten zu erhalten!<a href=\"https:\/\/leregardlibre.com\/de\/musik\/die-franzosische-gruppe-bei-montreux-jazz\/?share=facebook&amp;nb=1\" target=\"_blank\" rel=\"noreferrer noopener\"><\/a><a href=\"https:\/\/leregardlibre.com\/de\/musik\/woodkid-a-montreux-un-spectacle-audiovisuel-plus-quun-concert\/?share=facebook&amp;nb=1\" target=\"_blank\" rel=\"noreferrer noopener\"><\/a><a href=\"https:\/\/leregardlibre.com\/de\/nicht-klasse\/linsolence-provocatrice-de-maneskin-a-montreux\/?share=facebook&amp;nb=1\" target=\"_blank\" rel=\"noreferrer noopener\"><\/a><a href=\"https:\/\/leregardlibre.com\/wp-content\/uploads\/2022\/08\/Affiche_Jojo-Rabbit.jpg\"><\/a><\/p>\n\n\n\n<figure class=\"wp-block-image size-large\"><a href=\"https:\/\/leregardlibre.com\/wp-content\/uploads\/2022\/09\/Une-urgence-ordinaire-affiche.jpg\"><img decoding=\"async\" width=\"717\" height=\"1024\" src=\"http:\/\/leregardlibre.com\/wp-content\/uploads\/2022\/09\/Une-urgence-ordinaire-affiche-717x1024.jpg\" alt=\"Une urgence ordinaire (affiche)\" class=\"wp-image-510951\" srcset=\"https:\/\/leregardlibre.com\/wp-content\/uploads\/2022\/09\/Une-urgence-ordinaire-affiche-717x1024.jpg 717w, https:\/\/leregardlibre.com\/wp-content\/uploads\/2022\/09\/Une-urgence-ordinaire-affiche-210x300.jpg 210w, https:\/\/leregardlibre.com\/wp-content\/uploads\/2022\/09\/Une-urgence-ordinaire-affiche-105x150.jpg 105w, https:\/\/leregardlibre.com\/wp-content\/uploads\/2022\/09\/Une-urgence-ordinaire-affiche-768x1097.jpg 768w, https:\/\/leregardlibre.com\/wp-content\/uploads\/2022\/09\/Une-urgence-ordinaire-affiche-585x836.jpg 585w, https:\/\/leregardlibre.com\/wp-content\/uploads\/2022\/09\/Une-urgence-ordinaire-affiche-300x429.jpg 300w, https:\/\/leregardlibre.com\/wp-content\/uploads\/2022\/09\/Une-urgence-ordinaire-affiche-600x857.jpg 600w, https:\/\/leregardlibre.com\/wp-content\/uploads\/2022\/09\/Une-urgence-ordinaire-affiche.jpg 1000w\" sizes=\"(max-width: 717px) 100vw, 717px\" \/><\/a><\/figure>","protected":false},"excerpt":{"rendered":"<p>Dans Une urgence ordinaire, le r\u00e9alisateur franco-marocain Mohcine Besri nous propose au de plonger dans l\u2019attente infernale d\u2019une famille victime&#8230;<\/p>","protected":false},"author":410,"featured_media":510959,"comment_status":"open","ping_status":"closed","sticky":false,"template":"","format":"standard","meta":{"_acf_changed":false,"footnotes":""},"categories":[644355829],"tags":[644341146,644358076,644347887,25921],"class_list":["post-510949","post","type-post","status-publish","format-standard","has-post-thumbnail","hentry","category-films","tag-critiques-cinema","tag-hopital","tag-maroc","tag-sante"],"acf":[],"yoast_head":"<!-- This site is optimized with the Yoast SEO Premium plugin v27.4 (Yoast SEO v27.4) - https:\/\/yoast.com\/product\/yoast-seo-premium-wordpress\/ -->\n<title>\u00abUne urgence ordinaire\u00bb, un film qui d\u00e9nonce les maux en peu de mots<\/title>\n<meta name=\"description\" content=\"\u00abUne urgence ordinaire\u00bb nous propose de plonger dans l\u2019attente infernale d\u2019une famille victime du syst\u00e8me de sant\u00e9 obsol\u00e8te du Maroc.\" \/>\n<meta name=\"robots\" content=\"index, follow, max-snippet:-1, max-image-preview:large, max-video-preview:-1\" \/>\n<link rel=\"canonical\" href=\"https:\/\/leregardlibre.com\/de\/kino\/filme\/une-urgence-ordinaire-un-film-qui-denonce-les-maux-en-peu-de-mots\/\" \/>\n<meta property=\"og:locale\" content=\"de_DE\" \/>\n<meta property=\"og:type\" content=\"article\" \/>\n<meta property=\"og:title\" content=\"\u00abUne urgence ordinaire\u00bb, un film qui d\u00e9nonce les maux en peu de mots\" \/>\n<meta property=\"og:description\" content=\"\u00abUne urgence ordinaire\u00bb nous propose de plonger dans l\u2019attente infernale d\u2019une famille victime du syst\u00e8me de sant\u00e9 obsol\u00e8te du Maroc.\" \/>\n<meta property=\"og:url\" content=\"https:\/\/leregardlibre.com\/de\/kino\/filme\/une-urgence-ordinaire-un-film-qui-denonce-les-maux-en-peu-de-mots\/\" \/>\n<meta property=\"og:site_name\" content=\"Le Regard Libre\" \/>\n<meta property=\"article:publisher\" content=\"https:\/\/www.facebook.com\/leregardlibre\/\" \/>\n<meta property=\"article:published_time\" content=\"2022-09-04T04:00:00+00:00\" \/>\n<meta property=\"article:modified_time\" content=\"2025-12-04T21:23:21+00:00\" \/>\n<meta property=\"og:image\" content=\"https:\/\/leregardlibre.com\/wp-content\/uploads\/2022\/09\/Une-urgence-ordinaire.jpg\" \/>\n\t<meta property=\"og:image:width\" content=\"2560\" \/>\n\t<meta property=\"og:image:height\" content=\"1440\" \/>\n\t<meta property=\"og:image:type\" content=\"image\/jpeg\" \/>\n<meta name=\"author\" content=\"Le\u00efla Favre\" \/>\n<meta name=\"twitter:card\" content=\"summary_large_image\" \/>\n<meta name=\"twitter:creator\" content=\"@LeRegardLibre\" \/>\n<meta name=\"twitter:site\" content=\"@LeRegardLibre\" \/>\n<meta name=\"twitter:label1\" content=\"Verfasst von\" \/>\n\t<meta name=\"twitter:data1\" content=\"Le\u00efla Favre\" \/>\n\t<meta name=\"twitter:label2\" content=\"Gesch\u00e4tzte Lesezeit\" \/>\n\t<meta name=\"twitter:data2\" content=\"6\u00a0Minuten\" \/>\n<script type=\"application\/ld+json\" class=\"yoast-schema-graph\">{\"@context\":\"https:\\\/\\\/schema.org\",\"@graph\":[{\"@type\":\"Article\",\"@id\":\"https:\\\/\\\/leregardlibre.com\\\/cinema\\\/films\\\/une-urgence-ordinaire-un-film-qui-denonce-les-maux-en-peu-de-mots\\\/#article\",\"isPartOf\":{\"@id\":\"https:\\\/\\\/leregardlibre.com\\\/cinema\\\/films\\\/une-urgence-ordinaire-un-film-qui-denonce-les-maux-en-peu-de-mots\\\/\"},\"author\":{\"name\":\"Le\u00efla Favre\",\"@id\":\"https:\\\/\\\/leregardlibre.com\\\/#\\\/schema\\\/person\\\/526d927d63e87dbd9adf30cb99d189a8\"},\"headline\":\"\u00abUne urgence ordinaire\u00bb, un film qui d\u00e9nonce les maux en peu de mots\",\"datePublished\":\"2022-09-04T04:00:00+00:00\",\"dateModified\":\"2025-12-04T21:23:21+00:00\",\"mainEntityOfPage\":{\"@id\":\"https:\\\/\\\/leregardlibre.com\\\/cinema\\\/films\\\/une-urgence-ordinaire-un-film-qui-denonce-les-maux-en-peu-de-mots\\\/\"},\"wordCount\":1140,\"commentCount\":0,\"publisher\":{\"@id\":\"https:\\\/\\\/leregardlibre.com\\\/#organization\"},\"image\":{\"@id\":\"https:\\\/\\\/leregardlibre.com\\\/cinema\\\/films\\\/une-urgence-ordinaire-un-film-qui-denonce-les-maux-en-peu-de-mots\\\/#primaryimage\"},\"thumbnailUrl\":\"https:\\\/\\\/leregardlibre.com\\\/wp-content\\\/uploads\\\/2022\\\/09\\\/Une-urgence-ordinaire.jpg\",\"keywords\":[\"Critique cin\u00e9ma\",\"H\u00f4pital\",\"Maroc\",\"Sant\u00e9\"],\"articleSection\":[\"Films\"],\"inLanguage\":\"de\",\"potentialAction\":[{\"@type\":\"CommentAction\",\"name\":\"Comment\",\"target\":[\"https:\\\/\\\/leregardlibre.com\\\/cinema\\\/films\\\/une-urgence-ordinaire-un-film-qui-denonce-les-maux-en-peu-de-mots\\\/#respond\"]}]},{\"@type\":\"WebPage\",\"@id\":\"https:\\\/\\\/leregardlibre.com\\\/cinema\\\/films\\\/une-urgence-ordinaire-un-film-qui-denonce-les-maux-en-peu-de-mots\\\/\",\"url\":\"https:\\\/\\\/leregardlibre.com\\\/cinema\\\/films\\\/une-urgence-ordinaire-un-film-qui-denonce-les-maux-en-peu-de-mots\\\/\",\"name\":\"\u00abUne urgence ordinaire\u00bb, un film qui d\u00e9nonce les maux en peu de mots\",\"isPartOf\":{\"@id\":\"https:\\\/\\\/leregardlibre.com\\\/#website\"},\"primaryImageOfPage\":{\"@id\":\"https:\\\/\\\/leregardlibre.com\\\/cinema\\\/films\\\/une-urgence-ordinaire-un-film-qui-denonce-les-maux-en-peu-de-mots\\\/#primaryimage\"},\"image\":{\"@id\":\"https:\\\/\\\/leregardlibre.com\\\/cinema\\\/films\\\/une-urgence-ordinaire-un-film-qui-denonce-les-maux-en-peu-de-mots\\\/#primaryimage\"},\"thumbnailUrl\":\"https:\\\/\\\/leregardlibre.com\\\/wp-content\\\/uploads\\\/2022\\\/09\\\/Une-urgence-ordinaire.jpg\",\"datePublished\":\"2022-09-04T04:00:00+00:00\",\"dateModified\":\"2025-12-04T21:23:21+00:00\",\"description\":\"\u00abUne urgence ordinaire\u00bb nous propose de plonger dans l\u2019attente infernale d\u2019une famille victime du syst\u00e8me de sant\u00e9 obsol\u00e8te du Maroc.\",\"breadcrumb\":{\"@id\":\"https:\\\/\\\/leregardlibre.com\\\/cinema\\\/films\\\/une-urgence-ordinaire-un-film-qui-denonce-les-maux-en-peu-de-mots\\\/#breadcrumb\"},\"inLanguage\":\"de\",\"potentialAction\":[{\"@type\":\"ReadAction\",\"target\":[\"https:\\\/\\\/leregardlibre.com\\\/cinema\\\/films\\\/une-urgence-ordinaire-un-film-qui-denonce-les-maux-en-peu-de-mots\\\/\"]}]},{\"@type\":\"ImageObject\",\"inLanguage\":\"de\",\"@id\":\"https:\\\/\\\/leregardlibre.com\\\/cinema\\\/films\\\/une-urgence-ordinaire-un-film-qui-denonce-les-maux-en-peu-de-mots\\\/#primaryimage\",\"url\":\"https:\\\/\\\/leregardlibre.com\\\/wp-content\\\/uploads\\\/2022\\\/09\\\/Une-urgence-ordinaire.jpg\",\"contentUrl\":\"https:\\\/\\\/leregardlibre.com\\\/wp-content\\\/uploads\\\/2022\\\/09\\\/Une-urgence-ordinaire.jpg\",\"width\":2560,\"height\":1440,\"caption\":\"Une urgence ordinaire\"},{\"@type\":\"BreadcrumbList\",\"@id\":\"https:\\\/\\\/leregardlibre.com\\\/cinema\\\/films\\\/une-urgence-ordinaire-un-film-qui-denonce-les-maux-en-peu-de-mots\\\/#breadcrumb\",\"itemListElement\":[{\"@type\":\"ListItem\",\"position\":1,\"name\":\"Accueil\",\"item\":\"https:\\\/\\\/leregardlibre.com\\\/\"},{\"@type\":\"ListItem\",\"position\":2,\"name\":\"\u00abUne urgence ordinaire\u00bb, un film qui d\u00e9nonce les maux en peu de mots\"}]},{\"@type\":\"WebSite\",\"@id\":\"https:\\\/\\\/leregardlibre.com\\\/#website\",\"url\":\"https:\\\/\\\/leregardlibre.com\\\/\",\"name\":\"Le Regard Libre\",\"description\":\"Premier mensuel suisse de d\u00e9bat\",\"publisher\":{\"@id\":\"https:\\\/\\\/leregardlibre.com\\\/#organization\"},\"potentialAction\":[{\"@type\":\"SearchAction\",\"target\":{\"@type\":\"EntryPoint\",\"urlTemplate\":\"https:\\\/\\\/leregardlibre.com\\\/?s={search_term_string}\"},\"query-input\":{\"@type\":\"PropertyValueSpecification\",\"valueRequired\":true,\"valueName\":\"search_term_string\"}}],\"inLanguage\":\"de\"},{\"@type\":\"Organization\",\"@id\":\"https:\\\/\\\/leregardlibre.com\\\/#organization\",\"name\":\"Le Regard Libre\",\"url\":\"https:\\\/\\\/leregardlibre.com\\\/\",\"logo\":{\"@type\":\"ImageObject\",\"inLanguage\":\"de\",\"@id\":\"https:\\\/\\\/leregardlibre.com\\\/#\\\/schema\\\/logo\\\/image\\\/\",\"url\":\"https:\\\/\\\/leregardlibre.com\\\/wp-content\\\/uploads\\\/2025\\\/08\\\/logo-rl-icone-neg.jpeg\",\"contentUrl\":\"https:\\\/\\\/leregardlibre.com\\\/wp-content\\\/uploads\\\/2025\\\/08\\\/logo-rl-icone-neg.jpeg\",\"width\":557,\"height\":556,\"caption\":\"Le Regard Libre\"},\"image\":{\"@id\":\"https:\\\/\\\/leregardlibre.com\\\/#\\\/schema\\\/logo\\\/image\\\/\"},\"sameAs\":[\"https:\\\/\\\/www.facebook.com\\\/leregardlibre\\\/\",\"https:\\\/\\\/x.com\\\/LeRegardLibre\",\"https:\\\/\\\/www.linkedin.com\\\/company\\\/le-regard-libre\",\"https:\\\/\\\/www.instagram.com\\\/leregardlibre\\\/\",\"http:\\\/\\\/t.me\\\/leregardlibre\",\"https:\\\/\\\/youtube.com\\\/channel\\\/UC6HzGPomj1LsUmlz-sJtITQ\"],\"description\":\"Le Regard Libre est un mensuel suisse de d\u00e9bat intellectuel et culturel. Sa r\u00e9daction est jeune, b\u00e9n\u00e9vole, lib\u00e9rale et pluraliste. Le magazine para\u00eet en ligne et sous forme papier. Sa langue est le fran\u00e7ais.\",\"email\":\"redaction@leregardlibre.com\",\"legalName\":\"Le Regard Libre\",\"foundingDate\":\"2014-01-01\",\"numberOfEmployees\":{\"@type\":\"QuantitativeValue\",\"minValue\":\"11\",\"maxValue\":\"50\"},\"publishingPrinciples\":\"https:\\\/\\\/leregardlibre.com\\\/a-propos\\\/notre-manifeste\\\/\",\"ownershipFundingInfo\":\"https:\\\/\\\/leregardlibre.com\\\/mentions-legales\\\/\",\"actionableFeedbackPolicy\":\"https:\\\/\\\/leregardlibre.com\\\/conditions-generales-de-vente\\\/\"},{\"@type\":\"Person\",\"@id\":\"https:\\\/\\\/leregardlibre.com\\\/#\\\/schema\\\/person\\\/526d927d63e87dbd9adf30cb99d189a8\",\"name\":\"Le\u00efla Favre\",\"image\":{\"@type\":\"ImageObject\",\"inLanguage\":\"de\",\"@id\":\"https:\\\/\\\/secure.gravatar.com\\\/avatar\\\/004eb576c48e9c01c01fed2281b8508f429ffa40f0c789200a125e974f3791c8?s=96&d=identicon&r=g\",\"url\":\"https:\\\/\\\/secure.gravatar.com\\\/avatar\\\/004eb576c48e9c01c01fed2281b8508f429ffa40f0c789200a125e974f3791c8?s=96&d=identicon&r=g\",\"contentUrl\":\"https:\\\/\\\/secure.gravatar.com\\\/avatar\\\/004eb576c48e9c01c01fed2281b8508f429ffa40f0c789200a125e974f3791c8?s=96&d=identicon&r=g\",\"caption\":\"Le\u00efla Favre\"},\"url\":\"https:\\\/\\\/leregardlibre.com\\\/de\\\/author\\\/leilafavre\\\/\"}]}<\/script>\n<!-- \/ Yoast SEO Premium plugin. -->","yoast_head_json":{"title":"\u00abEin gew\u00f6hnlicher Notfall\u00bb - ein Film, der mit wenigen Worten Missst\u00e4nde anprangert","description":"\u00abUne urgence ordinaire\u00bb nous propose de plonger dans l\u2019attente infernale d\u2019une famille victime du syst\u00e8me de sant\u00e9 obsol\u00e8te du Maroc.","robots":{"index":"index","follow":"follow","max-snippet":"max-snippet:-1","max-image-preview":"max-image-preview:large","max-video-preview":"max-video-preview:-1"},"canonical":"https:\/\/leregardlibre.com\/de\/kino\/filme\/une-urgence-ordinaire-un-film-qui-denonce-les-maux-en-peu-de-mots\/","og_locale":"de_DE","og_type":"article","og_title":"\u00abUne urgence ordinaire\u00bb, un film qui d\u00e9nonce les maux en peu de mots","og_description":"\u00abUne urgence ordinaire\u00bb nous propose de plonger dans l\u2019attente infernale d\u2019une famille victime du syst\u00e8me de sant\u00e9 obsol\u00e8te du Maroc.","og_url":"https:\/\/leregardlibre.com\/de\/kino\/filme\/une-urgence-ordinaire-un-film-qui-denonce-les-maux-en-peu-de-mots\/","og_site_name":"Le Regard Libre","article_publisher":"https:\/\/www.facebook.com\/leregardlibre\/","article_published_time":"2022-09-04T04:00:00+00:00","article_modified_time":"2025-12-04T21:23:21+00:00","og_image":[{"width":2560,"height":1440,"url":"https:\/\/leregardlibre.com\/wp-content\/uploads\/2022\/09\/Une-urgence-ordinaire.jpg","type":"image\/jpeg"}],"author":"Le\u00efla Favre","twitter_card":"summary_large_image","twitter_creator":"@LeRegardLibre","twitter_site":"@LeRegardLibre","twitter_misc":{"Verfasst von":"Le\u00efla Favre","Gesch\u00e4tzte Lesezeit":"6\u00a0Minuten"},"schema":{"@context":"https:\/\/schema.org","@graph":[{"@type":"Article","@id":"https:\/\/leregardlibre.com\/cinema\/films\/une-urgence-ordinaire-un-film-qui-denonce-les-maux-en-peu-de-mots\/#article","isPartOf":{"@id":"https:\/\/leregardlibre.com\/cinema\/films\/une-urgence-ordinaire-un-film-qui-denonce-les-maux-en-peu-de-mots\/"},"author":{"name":"Le\u00efla Favre","@id":"https:\/\/leregardlibre.com\/#\/schema\/person\/526d927d63e87dbd9adf30cb99d189a8"},"headline":"\u00abUne urgence ordinaire\u00bb, un film qui d\u00e9nonce les maux en peu de mots","datePublished":"2022-09-04T04:00:00+00:00","dateModified":"2025-12-04T21:23:21+00:00","mainEntityOfPage":{"@id":"https:\/\/leregardlibre.com\/cinema\/films\/une-urgence-ordinaire-un-film-qui-denonce-les-maux-en-peu-de-mots\/"},"wordCount":1140,"commentCount":0,"publisher":{"@id":"https:\/\/leregardlibre.com\/#organization"},"image":{"@id":"https:\/\/leregardlibre.com\/cinema\/films\/une-urgence-ordinaire-un-film-qui-denonce-les-maux-en-peu-de-mots\/#primaryimage"},"thumbnailUrl":"https:\/\/leregardlibre.com\/wp-content\/uploads\/2022\/09\/Une-urgence-ordinaire.jpg","keywords":["Critique cin\u00e9ma","H\u00f4pital","Maroc","Sant\u00e9"],"articleSection":["Films"],"inLanguage":"de","potentialAction":[{"@type":"CommentAction","name":"Comment","target":["https:\/\/leregardlibre.com\/cinema\/films\/une-urgence-ordinaire-un-film-qui-denonce-les-maux-en-peu-de-mots\/#respond"]}]},{"@type":"WebPage","@id":"https:\/\/leregardlibre.com\/cinema\/films\/une-urgence-ordinaire-un-film-qui-denonce-les-maux-en-peu-de-mots\/","url":"https:\/\/leregardlibre.com\/cinema\/films\/une-urgence-ordinaire-un-film-qui-denonce-les-maux-en-peu-de-mots\/","name":"\u00abEin gew\u00f6hnlicher Notfall\u00bb - ein Film, der mit wenigen Worten Missst\u00e4nde anprangert","isPartOf":{"@id":"https:\/\/leregardlibre.com\/#website"},"primaryImageOfPage":{"@id":"https:\/\/leregardlibre.com\/cinema\/films\/une-urgence-ordinaire-un-film-qui-denonce-les-maux-en-peu-de-mots\/#primaryimage"},"image":{"@id":"https:\/\/leregardlibre.com\/cinema\/films\/une-urgence-ordinaire-un-film-qui-denonce-les-maux-en-peu-de-mots\/#primaryimage"},"thumbnailUrl":"https:\/\/leregardlibre.com\/wp-content\/uploads\/2022\/09\/Une-urgence-ordinaire.jpg","datePublished":"2022-09-04T04:00:00+00:00","dateModified":"2025-12-04T21:23:21+00:00","description":"\u00abUne urgence ordinaire\u00bb nous propose de plonger dans l\u2019attente infernale d\u2019une famille victime du syst\u00e8me de sant\u00e9 obsol\u00e8te du Maroc.","breadcrumb":{"@id":"https:\/\/leregardlibre.com\/cinema\/films\/une-urgence-ordinaire-un-film-qui-denonce-les-maux-en-peu-de-mots\/#breadcrumb"},"inLanguage":"de","potentialAction":[{"@type":"ReadAction","target":["https:\/\/leregardlibre.com\/cinema\/films\/une-urgence-ordinaire-un-film-qui-denonce-les-maux-en-peu-de-mots\/"]}]},{"@type":"ImageObject","inLanguage":"de","@id":"https:\/\/leregardlibre.com\/cinema\/films\/une-urgence-ordinaire-un-film-qui-denonce-les-maux-en-peu-de-mots\/#primaryimage","url":"https:\/\/leregardlibre.com\/wp-content\/uploads\/2022\/09\/Une-urgence-ordinaire.jpg","contentUrl":"https:\/\/leregardlibre.com\/wp-content\/uploads\/2022\/09\/Une-urgence-ordinaire.jpg","width":2560,"height":1440,"caption":"Une urgence ordinaire"},{"@type":"BreadcrumbList","@id":"https:\/\/leregardlibre.com\/cinema\/films\/une-urgence-ordinaire-un-film-qui-denonce-les-maux-en-peu-de-mots\/#breadcrumb","itemListElement":[{"@type":"ListItem","position":1,"name":"Accueil","item":"https:\/\/leregardlibre.com\/"},{"@type":"ListItem","position":2,"name":"\u00abUne urgence ordinaire\u00bb, un film qui d\u00e9nonce les maux en peu de mots"}]},{"@type":"WebSite","@id":"https:\/\/leregardlibre.com\/#website","url":"https:\/\/leregardlibre.com\/","name":"Le Regard Libre","description":"Erste Schweizer Monatszeitschrift f\u00fcr Debatten","publisher":{"@id":"https:\/\/leregardlibre.com\/#organization"},"potentialAction":[{"@type":"SearchAction","target":{"@type":"EntryPoint","urlTemplate":"https:\/\/leregardlibre.com\/?s={search_term_string}"},"query-input":{"@type":"PropertyValueSpecification","valueRequired":true,"valueName":"search_term_string"}}],"inLanguage":"de"},{"@type":"Organization","@id":"https:\/\/leregardlibre.com\/#organization","name":"Le Regard Libre","url":"https:\/\/leregardlibre.com\/","logo":{"@type":"ImageObject","inLanguage":"de","@id":"https:\/\/leregardlibre.com\/#\/schema\/logo\/image\/","url":"https:\/\/leregardlibre.com\/wp-content\/uploads\/2025\/08\/logo-rl-icone-neg.jpeg","contentUrl":"https:\/\/leregardlibre.com\/wp-content\/uploads\/2025\/08\/logo-rl-icone-neg.jpeg","width":557,"height":556,"caption":"Le Regard Libre"},"image":{"@id":"https:\/\/leregardlibre.com\/#\/schema\/logo\/image\/"},"sameAs":["https:\/\/www.facebook.com\/leregardlibre\/","https:\/\/x.com\/LeRegardLibre","https:\/\/www.linkedin.com\/company\/le-regard-libre","https:\/\/www.instagram.com\/leregardlibre\/","http:\/\/t.me\/leregardlibre","https:\/\/youtube.com\/channel\/UC6HzGPomj1LsUmlz-sJtITQ"],"description":"Le Regard Libre ist eine Schweizer Monatszeitschrift f\u00fcr intellektuelle und kulturelle Debatten. Seine Redaktion ist jung, ehrenamtlich, liberal und pluralistisch. Das Magazin erscheint online und in gedruckter Form. Seine Sprache ist Franz\u00f6sisch.","email":"redaction@leregardlibre.com","legalName":"Le Regard Libre","foundingDate":"2014-01-01","numberOfEmployees":{"@type":"QuantitativeValue","minValue":"11","maxValue":"50"},"publishingPrinciples":"https:\/\/leregardlibre.com\/a-propos\/notre-manifeste\/","ownershipFundingInfo":"https:\/\/leregardlibre.com\/mentions-legales\/","actionableFeedbackPolicy":"https:\/\/leregardlibre.com\/conditions-generales-de-vente\/"},{"@type":"Person","@id":"https:\/\/leregardlibre.com\/#\/schema\/person\/526d927d63e87dbd9adf30cb99d189a8","name":"Le\u00efla Favre","image":{"@type":"ImageObject","inLanguage":"de","@id":"https:\/\/secure.gravatar.com\/avatar\/004eb576c48e9c01c01fed2281b8508f429ffa40f0c789200a125e974f3791c8?s=96&d=identicon&r=g","url":"https:\/\/secure.gravatar.com\/avatar\/004eb576c48e9c01c01fed2281b8508f429ffa40f0c789200a125e974f3791c8?s=96&d=identicon&r=g","contentUrl":"https:\/\/secure.gravatar.com\/avatar\/004eb576c48e9c01c01fed2281b8508f429ffa40f0c789200a125e974f3791c8?s=96&d=identicon&r=g","caption":"Le\u00efla Favre"},"url":"https:\/\/leregardlibre.com\/de\/author\/leilafavre\/"}]}},"_links":{"self":[{"href":"https:\/\/leregardlibre.com\/de\/wp-json\/wp\/v2\/posts\/510949","targetHints":{"allow":["GET"]}}],"collection":[{"href":"https:\/\/leregardlibre.com\/de\/wp-json\/wp\/v2\/posts"}],"about":[{"href":"https:\/\/leregardlibre.com\/de\/wp-json\/wp\/v2\/types\/post"}],"author":[{"embeddable":true,"href":"https:\/\/leregardlibre.com\/de\/wp-json\/wp\/v2\/users\/410"}],"replies":[{"embeddable":true,"href":"https:\/\/leregardlibre.com\/de\/wp-json\/wp\/v2\/comments?post=510949"}],"version-history":[{"count":2,"href":"https:\/\/leregardlibre.com\/de\/wp-json\/wp\/v2\/posts\/510949\/revisions"}],"predecessor-version":[{"id":510964,"href":"https:\/\/leregardlibre.com\/de\/wp-json\/wp\/v2\/posts\/510949\/revisions\/510964"}],"wp:featuredmedia":[{"embeddable":true,"href":"https:\/\/leregardlibre.com\/de\/wp-json\/wp\/v2\/media\/510959"}],"wp:attachment":[{"href":"https:\/\/leregardlibre.com\/de\/wp-json\/wp\/v2\/media?parent=510949"}],"wp:term":[{"taxonomy":"category","embeddable":true,"href":"https:\/\/leregardlibre.com\/de\/wp-json\/wp\/v2\/categories?post=510949"},{"taxonomy":"post_tag","embeddable":true,"href":"https:\/\/leregardlibre.com\/de\/wp-json\/wp\/v2\/tags?post=510949"}],"curies":[{"name":"wp","href":"https:\/\/api.w.org\/{rel}","templated":true}]}}