{"id":512402,"date":"2022-09-19T04:28:32","date_gmt":"2022-09-19T02:28:32","guid":{"rendered":"https:\/\/leregardlibre.com\/?p=512402"},"modified":"2024-04-28T20:16:28","modified_gmt":"2024-04-28T18:16:28","slug":"neue-website-app-events-le-regard-libre","status":"publish","type":"post","link":"https:\/\/leregardlibre.com\/de\/gesellschaft\/medien\/neue-website-app-events-le-regard-libre\/","title":{"rendered":"Eine neue Website, eine App und Veranstaltungen!"},"content":{"rendered":"<p class=\"has-drop-cap\"><strong>Gro\u00dfe Neuerungen f\u00fcr das Westschweizer Medium&nbsp;<em>Le Regard Libre<\/em>! Die Monatszeitschrift stellt ihre neue Website, eine App und eine Reihe von Veranstaltungen vor. Au\u00dferdem ist es jetzt m\u00f6glich, Mitglied des gleichnamigen Vereins zu werden.<\/strong><\/p>\n\n\n\n<!--more Lire le communiqu\u00e9 (en libre acc\u00e8s)-->\n\n\n\n<p>Mehrere Monate intensiver Arbeit, deren Ergebnisse nun sichtbar sind. Die jurassische Webagentur&nbsp;<a href=\"https:\/\/novadev.ch\/\">Novadev GmbH<\/a> wurde beauftragt von <em>Le Regard Libre<\/em> um die hier abgebildete neue Website mit ihrem stilvollen und klaren Erscheinungsbild zu erstellen. Die Plattform bietet unter anderem einen <a href=\"https:\/\/leregardlibre.com\/de\/cpt-editions\/\">digitaler Kiosk<\/a> interaktiv zu gestalten. Aus dieser Zusammenarbeit ist auch eine mobile Anwendung entstanden, die kostenlos auf jedes Ger\u00e4t heruntergeladen werden kann.&nbsp;<a href=\"https:\/\/apps.apple.com\/ch\/app\/le-regard-libre\/id1639060744?l=fr\">iOS<\/a>&nbsp;oder&nbsp;<a href=\"https:\/\/play.google.com\/store\/apps\/details?id=ch.novadev.leregardlibre\">Android<\/a>.<\/p>\n\n\n\n<h3 class=\"wp-block-heading\"><strong>Eine Dosis Reflexion pro Tag<\/strong><\/h3>\n\n\n\n<p>\u00abDieser wichtige Schritt ist ein weiterer Schritt zur Professionalisierung unseres Angebots - abgesehen davon bleibt unser Team v\u00f6llig ehrenamtlich\u00bb, erkl\u00e4rt Jonas Follonier, Chefredakteur der Zeitschrift, die er 2014 gegr\u00fcndet hat. Der Start der neuen Website und der App erfolgt auf den Tag genau ein Jahr nach <a href=\"https:\/\/www.lenouvelliste.ch\/valais\/valais-central\/sion-district\/le-magazine-le-regard-libre-desormais-disponible-en-kiosque-1105185\">die Ankunft der Monatszeitschrift an den Kiosken in der Westschweiz<\/a>.<\/p>\n\n\n\n<p>\u00abNachdem wir ein Jahr lang unsere Sichtbarkeit erh\u00f6ht haben, wollen wir nun neue digitale Abonnenten gewinnen und den Lesekomfort f\u00fcr diejenigen, die uns bereits folgen, drastisch erh\u00f6hen\u00bb, f\u00e4hrt der Journalist fort. Die Redaktion setzt auch auf mehr Artikel: Jeden Tag wird nun ein Artikel auf der Website ver\u00f6ffentlicht. Die Linie ist von Anfang an die gleiche geblieben: mehr Reflexion \u00fcber Informationen durch Analysen, Interviews, Kommentare, Kritiken, Debatten...<\/p>\n\n\n\n<h3 class=\"wp-block-heading\"><strong>Eine Premiere f\u00fcr Novadev<\/strong><\/h3>\n\n\n\n<p>\u00abDieses Projekt hatte einen besonderen Stellenwert in unserer Arbeit, da wir unsere IT-Kenntnisse noch nie in den Dienst eines Pressetitels gestellt hatten\u00bb, gesteht S\u00e9bastien Lapaire, Gr\u00fcnder von Novadev S\u00e0rl. \u00abDer digitale Wandel des&nbsp;<em>Regard Libre<\/em>&nbsp;war die perfekte Gelegenheit daf\u00fcr\u00bb. Tats\u00e4chlich hatte die junge Webagentur ihre Dienste bereits zahlreichen und unterschiedlichen lokalen Unternehmen angeboten, aber noch nie einem Medienunternehmen.<\/p>\n\n\n\n<p><strong>Lesen Sie auch | <a href=\"https:\/\/leregardlibre.com\/de\/forum\/medien\/un-coup-de-foudre-professionnel-novadev-und-le-regard-libre-prasentieren\/\">Novadev und <em>Le Regard Libre<\/em>: eine berufliche Liebe auf den ersten Blick<\/a><\/strong><\/p>\n\n\n\n<p>\u00abWir sind mit dem Ergebnis sehr zufrieden, sowohl mit der Website als auch mit der App\u00bb, freut sich der Webentwickler. \u00ab<em>Le Regard Libre<\/em>&nbsp;war der ideale Kunde: Es gab eine Menge vorhandener Inhalte, und zwar in guter Qualit\u00e4t! Wir sind auf jeden Fall motiviert, weitere Projekte dieser Art in Angriff zu nehmen.\u00bb<\/p>\n\n\n\n<p>Doch zun\u00e4chst genie\u00dfen S\u00e9bastien Lapaire und sein Partner Romain Franc zwei Wochen wohlverdienten Urlaub. Sie hatten sie verschieben m\u00fcssen, um den Auftrag des&nbsp;<em>Regard Libre<\/em>. Dieser besch\u00e4ftigte sie drei Monate lang in Vollzeit.<\/p>\n\n\n\n<h3 class=\"wp-block-heading\"><strong>\u00abBedrohung der Freiheiten in der Schweiz?\u00bb<\/strong><\/h3>\n\n\n\n<p>Das ist noch nicht alles. Es ist nun m\u00f6glich, Mitglied des Vereins Le Regard Libre zu werden, indem man einen Unterst\u00fctzungsbetrag zu seinem&nbsp;<a href=\"https:\/\/leregardlibre.com\/de\/abonnement\/\">Abonnementformel<\/a>&nbsp;j\u00e4hrlich: 50 CHF f\u00fcr die Mitgliedschaft&nbsp;<em>befreundetes Mitglied<\/em>&nbsp;und 100 CHF, um zu sein&nbsp;<em>f\u00f6rderndes Mitglied<\/em>. Der Verein Le Regard Libre hat es sich zur Aufgabe gemacht, die gleichnamige Zeitschrift herauszugeben und Veranstaltungen zur F\u00f6rderung der Kultur und der Debatte \u00fcber Ideen zu organisieren. Als Teil der Gemeinschaft k\u00f6nnen Sie zur Finanzierung dieser Westschweizer Treffen beitragen, im Austausch f\u00fcr pers\u00f6nliche Einladungen - und andere Vorteile im Laufe des Jahres.<\/p>\n\n\n\n<form method=\"post\" action=\"https:\/\/newsletter.infomaniak.com\/external\/submit\" class=\"inf-form\" target=\"_blank\"><input type=\"email\" name=\"email\" style=\"display:none\" \/><input type=\"hidden\" name=\"key\" value=\"eyJpdiI6IlZXRVJGMlRGQUU2alNqUE81bitIUk5adnNVa0c4MllFTStzOHdHT1FQZ3c9IiwidmFsdWUiOiJIYzhwMUVCK1pTNnlhY3MyMmhuZlhReWJqemEwNk93blMxTjFHc0s2VHZrPSIsIm1hYyI6ImVhYTQ5N2I1M2NiYWE4NzBmNjk2NzgzYjliM2Y5NmYzM2E2ZmU3NGQxNTU1ZDFkMTU1MzY5NTdjYjE3ZTJmNTUifQ==\"><input type=\"hidden\" name=\"webform_id\" value=\"7291\"><style> .inf-main_3000311ca56a1cb93397bc676c0b7fff{ background-color:#f5f5f5; padding:25px 20px; margin:25px auto; } .inf-main_3000311ca56a1cb93397bc676c0b7fff .inf-content { margin-top:13px;} .inf-main_3000311ca56a1cb93397bc676c0b7fff h4, .inf-main_3000311ca56a1cb93397bc676c0b7fff span, .inf-main_3000311ca56a1cb93397bc676c0b7fff label, .inf-main_3000311ca56a1cb93397bc676c0b7fff input, .inf-main_3000311ca56a1cb93397bc676c0b7fff .inf-submit, .inf-main_3000311ca56a1cb93397bc676c0b7fff .inf-success p a { color:#555555; font-size:14px; } .inf-main_3000311ca56a1cb93397bc676c0b7fff h4{ font-size:18px; margin:0px 0px 13px 0px; } .inf-main_3000311ca56a1cb93397bc676c0b7fff h4, .inf-main_3000311ca56a1cb93397bc676c0b7fff label{ font-weight:bold; } .inf-main_3000311ca56a1cb93397bc676c0b7fff .inf-input { margin-bottom:7px; } .inf-main_3000311ca56a1cb93397bc676c0b7fff label { display:block;} .inf-main_3000311ca56a1cb93397bc676c0b7fff input{ height:35px; color:#999999; border: 1px solid #E9E9E9; border:none; padding-left:7px; } .inf-main_3000311ca56a1cb93397bc676c0b7fff .inf-input.inf-error label, .inf-main_3000311ca56a1cb93397bc676c0b7fff .inf-input.inf-error span.inf-message{ color: #cc0033; } .inf-main_3000311ca56a1cb93397bc676c0b7fff .inf-input.inf-error input{ border: 1px solid #cc0033; } .inf-main_3000311ca56a1cb93397bc676c0b7fff .inf-input input { width:100%;} .inf-main_3000311ca56a1cb93397bc676c0b7fff .inf-input.inf-error span.inf-message { display: block; } .inf-main_3000311ca56a1cb93397bc676c0b7fff .inf-submit { text-align:right;} .inf-main_3000311ca56a1cb93397bc676c0b7fff .inf-submit input{ background-color:#777777; color:#ffffff; border:none; font-weight: normal; height:auto; padding:7px; } .inf-main_3000311ca56a1cb93397bc676c0b7fff .inf-submit input.disabled{ opacity: 0.4; } .inf-btn { color: rgb(85, 85, 85); border: medium none; font-weight: normal; height: auto; padding: 7px; display: inline-block; background-color: white; box-shadow: 0px 1px 1px rgba(0, 0, 0, 0.24); border-radius: 2px; line-height: 1em; } .inf-rgpd { margin:25px 0px 15px 0px; color:#555555; } <\/style> <div class=\"inf-main_3000311ca56a1cb93397bc676c0b7fff\"> <h4>NEWSLETTER DES FREIEN BLICKS<\/h4> <span>Erhalten Sie unsere Artikel jeden Sonntag.<\/span> <div class=\"inf-success\" style=\"display:none\"> <h4>Ihre Anmeldung f\u00fcr unseren w\u00f6chentlichen Newsletter wurde erfolgreich registriert!<\/h4> <p> <a href=\"#\" class=\"inf-btn\">\u00ab<\/a> <\/p> <\/div> <div class=\"inf-content\"> <div class=\"inf-input inf-input-text\"> <input type=\"text\" name=\"inf[1]\" data-inf-meta = \"1\" data-inf-error = \"Merci de renseigner une adresse email\" required=\"required\" placeholder=\"E-Mail\" > <\/div> <div class=\"inf-submit\"> <input type=\"submit\" name=\"\" value=\"Anmelden\"> <\/div> <\/div> <\/div> <\/form>\n\n\n\n<p>Die erste dieser Veranstaltungen findet am Freitag, den 30. September um 19.00 Uhr im Casino de Montbenon in Lausanne statt. Es handelt sich um die Konferenz und Debatte \u00abBedrohungen der Freiheiten in der Schweiz?\u00bb, an der unter anderem der FDP-Historiker Olivier Meuwly, der Journalist und Gr\u00fcnder von&nbsp;<em>L'Hebdo<\/em>&nbsp;Jacques Pilet und der Publizist und ehemalige Pr\u00e4sident der Waadtl\u00e4nder Liga Olivier Delacr\u00e9taz. Der Abend ist kostenlos und wird mit einem Aperitif abgeschlossen, der von&nbsp;<em>Le Regard Libre<\/em>, mit der Unterst\u00fctzung des Centre Patronal. Die Veranstaltung ist bereits ausverkauft, nur wenige Tage nach dem Start des Kartenverkaufs Anfang September.<\/p>\n\n\n\n<p><em>Uns schreiben: <a href=\"mailto:redaction@leregardlibre.com\">redaction@leregardlibre.com<\/a><\/em><\/p>","protected":false},"excerpt":{"rendered":"<p>De grandes nouveaut\u00e9s pour le m\u00e9dia romand\u00a0Le Regard Libre! Le mensuel pr\u00e9sente\u00a0son nouveau site Web, une app et une gamme d&#8217;\u00e9v\u00e9nements. Aussi, il est d\u00e9sormais possible de devenir membre de l\u2019association du m\u00eame nom.<\/p>","protected":false},"author":1,"featured_media":512404,"comment_status":"open","ping_status":"closed","sticky":false,"template":"","format":"standard","meta":{"_acf_changed":false,"footnotes":""},"categories":[644358062],"tags":[644343205,644356883,644358167,9856,26168],"class_list":["post-512402","post","type-post","status-publish","format-standard","has-post-thumbnail","hentry","category-medias","tag-collaboration","tag-communique","tag-evenement","tag-informatique","tag-journalisme"],"acf":[],"yoast_head":"<!-- This site is optimized with the Yoast SEO Premium plugin v27.4 (Yoast SEO v27.4) - https:\/\/yoast.com\/product\/yoast-seo-premium-wordpress\/ -->\n<title>Un nouveau site, une app et des \u00e9v\u00e9nements!<\/title>\n<meta name=\"description\" content=\"De grandes nouveaut\u00e9s pour le m\u00e9dia romand\u00a0Le Regard Libre! Le mensuel pr\u00e9sente\u00a0son nouveau site Web, une app et une gamme d&#039;\u00e9v\u00e9nements.\" \/>\n<meta name=\"robots\" content=\"index, follow, max-snippet:-1, max-image-preview:large, max-video-preview:-1\" \/>\n<link rel=\"canonical\" href=\"https:\/\/leregardlibre.com\/de\/gesellschaft\/medien\/neue-website-app-events-le-regard-libre\/\" \/>\n<meta property=\"og:locale\" content=\"de_DE\" \/>\n<meta property=\"og:type\" content=\"article\" \/>\n<meta property=\"og:title\" content=\"Un nouveau site, une app et des \u00e9v\u00e9nements!\" \/>\n<meta property=\"og:description\" content=\"De grandes nouveaut\u00e9s pour le m\u00e9dia romand\u00a0Le Regard Libre! Le mensuel pr\u00e9sente\u00a0son nouveau site Web, une app et une gamme d&#039;\u00e9v\u00e9nements.\" \/>\n<meta property=\"og:url\" content=\"https:\/\/leregardlibre.com\/de\/gesellschaft\/medien\/neue-website-app-events-le-regard-libre\/\" \/>\n<meta property=\"og:site_name\" content=\"Le Regard Libre\" \/>\n<meta property=\"article:publisher\" content=\"https:\/\/www.facebook.com\/leregardlibre\/\" \/>\n<meta property=\"article:published_time\" content=\"2022-09-19T02:28:32+00:00\" \/>\n<meta property=\"article:modified_time\" content=\"2024-04-28T18:16:28+00:00\" \/>\n<meta property=\"og:image\" content=\"https:\/\/leregardlibre.com\/wp-content\/uploads\/2022\/09\/smartmockups_l74sml8h.jpg\" \/>\n\t<meta property=\"og:image:width\" content=\"1920\" \/>\n\t<meta property=\"og:image:height\" content=\"1280\" \/>\n\t<meta property=\"og:image:type\" content=\"image\/jpeg\" \/>\n<meta name=\"author\" content=\"Le Regard Libre\" \/>\n<meta name=\"twitter:card\" content=\"summary_large_image\" \/>\n<meta name=\"twitter:creator\" content=\"@LeRegardLibre\" \/>\n<meta name=\"twitter:site\" content=\"@LeRegardLibre\" \/>\n<meta name=\"twitter:label1\" content=\"Verfasst von\" \/>\n\t<meta name=\"twitter:data1\" content=\"Le Regard Libre\" \/>\n\t<meta name=\"twitter:label2\" content=\"Gesch\u00e4tzte Lesezeit\" \/>\n\t<meta name=\"twitter:data2\" content=\"4\u00a0Minuten\" \/>\n<script type=\"application\/ld+json\" class=\"yoast-schema-graph\">{\"@context\":\"https:\\\/\\\/schema.org\",\"@graph\":[{\"@type\":\"Article\",\"@id\":\"https:\\\/\\\/leregardlibre.com\\\/societe\\\/medias\\\/nouveau-site-app-evenements-le-regard-libre\\\/#article\",\"isPartOf\":{\"@id\":\"https:\\\/\\\/leregardlibre.com\\\/societe\\\/medias\\\/nouveau-site-app-evenements-le-regard-libre\\\/\"},\"author\":{\"name\":\"Le Regard Libre\",\"@id\":\"https:\\\/\\\/leregardlibre.com\\\/#\\\/schema\\\/person\\\/68aceea2de84966d0928b49556d54101\"},\"headline\":\"Un nouveau site, une app et des \u00e9v\u00e9nements!\",\"datePublished\":\"2022-09-19T02:28:32+00:00\",\"dateModified\":\"2024-04-28T18:16:28+00:00\",\"mainEntityOfPage\":{\"@id\":\"https:\\\/\\\/leregardlibre.com\\\/societe\\\/medias\\\/nouveau-site-app-evenements-le-regard-libre\\\/\"},\"wordCount\":748,\"commentCount\":0,\"publisher\":{\"@id\":\"https:\\\/\\\/leregardlibre.com\\\/#organization\"},\"image\":{\"@id\":\"https:\\\/\\\/leregardlibre.com\\\/societe\\\/medias\\\/nouveau-site-app-evenements-le-regard-libre\\\/#primaryimage\"},\"thumbnailUrl\":\"https:\\\/\\\/leregardlibre.com\\\/wp-content\\\/uploads\\\/2022\\\/09\\\/smartmockups_l74sml8h.jpg\",\"keywords\":[\"Collaboration\",\"Communiqu\u00e9\",\"Ev\u00e9nements\",\"Informatique\",\"Journalisme\"],\"articleSection\":[\"M\u00e9dias\"],\"inLanguage\":\"de\",\"potentialAction\":[{\"@type\":\"CommentAction\",\"name\":\"Comment\",\"target\":[\"https:\\\/\\\/leregardlibre.com\\\/societe\\\/medias\\\/nouveau-site-app-evenements-le-regard-libre\\\/#respond\"]}]},{\"@type\":\"WebPage\",\"@id\":\"https:\\\/\\\/leregardlibre.com\\\/societe\\\/medias\\\/nouveau-site-app-evenements-le-regard-libre\\\/\",\"url\":\"https:\\\/\\\/leregardlibre.com\\\/societe\\\/medias\\\/nouveau-site-app-evenements-le-regard-libre\\\/\",\"name\":\"Un nouveau site, une app et des \u00e9v\u00e9nements!\",\"isPartOf\":{\"@id\":\"https:\\\/\\\/leregardlibre.com\\\/#website\"},\"primaryImageOfPage\":{\"@id\":\"https:\\\/\\\/leregardlibre.com\\\/societe\\\/medias\\\/nouveau-site-app-evenements-le-regard-libre\\\/#primaryimage\"},\"image\":{\"@id\":\"https:\\\/\\\/leregardlibre.com\\\/societe\\\/medias\\\/nouveau-site-app-evenements-le-regard-libre\\\/#primaryimage\"},\"thumbnailUrl\":\"https:\\\/\\\/leregardlibre.com\\\/wp-content\\\/uploads\\\/2022\\\/09\\\/smartmockups_l74sml8h.jpg\",\"datePublished\":\"2022-09-19T02:28:32+00:00\",\"dateModified\":\"2024-04-28T18:16:28+00:00\",\"description\":\"De grandes nouveaut\u00e9s pour le m\u00e9dia romand\u00a0Le Regard Libre! Le mensuel pr\u00e9sente\u00a0son nouveau site Web, une app et une gamme d'\u00e9v\u00e9nements.\",\"breadcrumb\":{\"@id\":\"https:\\\/\\\/leregardlibre.com\\\/societe\\\/medias\\\/nouveau-site-app-evenements-le-regard-libre\\\/#breadcrumb\"},\"inLanguage\":\"de\",\"potentialAction\":[{\"@type\":\"ReadAction\",\"target\":[\"https:\\\/\\\/leregardlibre.com\\\/societe\\\/medias\\\/nouveau-site-app-evenements-le-regard-libre\\\/\"]}]},{\"@type\":\"ImageObject\",\"inLanguage\":\"de\",\"@id\":\"https:\\\/\\\/leregardlibre.com\\\/societe\\\/medias\\\/nouveau-site-app-evenements-le-regard-libre\\\/#primaryimage\",\"url\":\"https:\\\/\\\/leregardlibre.com\\\/wp-content\\\/uploads\\\/2022\\\/09\\\/smartmockups_l74sml8h.jpg\",\"contentUrl\":\"https:\\\/\\\/leregardlibre.com\\\/wp-content\\\/uploads\\\/2022\\\/09\\\/smartmockups_l74sml8h.jpg\",\"width\":1920,\"height\":1280,\"caption\":\"\u00a9 Novadev\"},{\"@type\":\"BreadcrumbList\",\"@id\":\"https:\\\/\\\/leregardlibre.com\\\/societe\\\/medias\\\/nouveau-site-app-evenements-le-regard-libre\\\/#breadcrumb\",\"itemListElement\":[{\"@type\":\"ListItem\",\"position\":1,\"name\":\"Accueil\",\"item\":\"https:\\\/\\\/leregardlibre.com\\\/\"},{\"@type\":\"ListItem\",\"position\":2,\"name\":\"Un nouveau site, une app et des \u00e9v\u00e9nements!\"}]},{\"@type\":\"WebSite\",\"@id\":\"https:\\\/\\\/leregardlibre.com\\\/#website\",\"url\":\"https:\\\/\\\/leregardlibre.com\\\/\",\"name\":\"Le Regard Libre\",\"description\":\"Premier mensuel suisse de d\u00e9bat\",\"publisher\":{\"@id\":\"https:\\\/\\\/leregardlibre.com\\\/#organization\"},\"potentialAction\":[{\"@type\":\"SearchAction\",\"target\":{\"@type\":\"EntryPoint\",\"urlTemplate\":\"https:\\\/\\\/leregardlibre.com\\\/?s={search_term_string}\"},\"query-input\":{\"@type\":\"PropertyValueSpecification\",\"valueRequired\":true,\"valueName\":\"search_term_string\"}}],\"inLanguage\":\"de\"},{\"@type\":\"Organization\",\"@id\":\"https:\\\/\\\/leregardlibre.com\\\/#organization\",\"name\":\"Le Regard Libre\",\"url\":\"https:\\\/\\\/leregardlibre.com\\\/\",\"logo\":{\"@type\":\"ImageObject\",\"inLanguage\":\"de\",\"@id\":\"https:\\\/\\\/leregardlibre.com\\\/#\\\/schema\\\/logo\\\/image\\\/\",\"url\":\"https:\\\/\\\/leregardlibre.com\\\/wp-content\\\/uploads\\\/2025\\\/08\\\/logo-rl-icone-neg.jpeg\",\"contentUrl\":\"https:\\\/\\\/leregardlibre.com\\\/wp-content\\\/uploads\\\/2025\\\/08\\\/logo-rl-icone-neg.jpeg\",\"width\":557,\"height\":556,\"caption\":\"Le Regard Libre\"},\"image\":{\"@id\":\"https:\\\/\\\/leregardlibre.com\\\/#\\\/schema\\\/logo\\\/image\\\/\"},\"sameAs\":[\"https:\\\/\\\/www.facebook.com\\\/leregardlibre\\\/\",\"https:\\\/\\\/x.com\\\/LeRegardLibre\",\"https:\\\/\\\/www.linkedin.com\\\/company\\\/le-regard-libre\",\"https:\\\/\\\/www.instagram.com\\\/leregardlibre\\\/\",\"http:\\\/\\\/t.me\\\/leregardlibre\",\"https:\\\/\\\/youtube.com\\\/channel\\\/UC6HzGPomj1LsUmlz-sJtITQ\"],\"description\":\"Le Regard Libre est un mensuel suisse de d\u00e9bat intellectuel et culturel. Sa r\u00e9daction est jeune, b\u00e9n\u00e9vole, lib\u00e9rale et pluraliste. Le magazine para\u00eet en ligne et sous forme papier. Sa langue est le fran\u00e7ais.\",\"email\":\"redaction@leregardlibre.com\",\"legalName\":\"Le Regard Libre\",\"foundingDate\":\"2014-01-01\",\"numberOfEmployees\":{\"@type\":\"QuantitativeValue\",\"minValue\":\"11\",\"maxValue\":\"50\"},\"publishingPrinciples\":\"https:\\\/\\\/leregardlibre.com\\\/a-propos\\\/notre-manifeste\\\/\",\"ownershipFundingInfo\":\"https:\\\/\\\/leregardlibre.com\\\/mentions-legales\\\/\",\"actionableFeedbackPolicy\":\"https:\\\/\\\/leregardlibre.com\\\/conditions-generales-de-vente\\\/\"},{\"@type\":\"Person\",\"@id\":\"https:\\\/\\\/leregardlibre.com\\\/#\\\/schema\\\/person\\\/68aceea2de84966d0928b49556d54101\",\"name\":\"Le Regard Libre\",\"image\":{\"@type\":\"ImageObject\",\"inLanguage\":\"de\",\"@id\":\"https:\\\/\\\/secure.gravatar.com\\\/avatar\\\/ccf13a262e399e026577c8158b11cbdef98921ac28fa06bc0d43a2d0e2a4a1c0?s=96&d=identicon&r=g\",\"url\":\"https:\\\/\\\/secure.gravatar.com\\\/avatar\\\/ccf13a262e399e026577c8158b11cbdef98921ac28fa06bc0d43a2d0e2a4a1c0?s=96&d=identicon&r=g\",\"contentUrl\":\"https:\\\/\\\/secure.gravatar.com\\\/avatar\\\/ccf13a262e399e026577c8158b11cbdef98921ac28fa06bc0d43a2d0e2a4a1c0?s=96&d=identicon&r=g\",\"caption\":\"Le Regard Libre\"},\"description\":\"Premier mensuel suisse de d\u00e9bat\",\"sameAs\":[\"https:\\\/\\\/fr.wikipedia.org\\\/wiki\\\/Le_Regard_libre\"],\"url\":\"https:\\\/\\\/leregardlibre.com\\\/de\\\/author\\\/leregardlibre\\\/\"}]}<\/script>\n<!-- \/ Yoast SEO Premium plugin. -->","yoast_head_json":{"title":"Eine neue Website, eine App und Veranstaltungen!","description":"Gro\u00dfe Neuigkeiten f\u00fcr das Westschweizer Medium Le Regard Libre! Die Monatszeitschrift pr\u00e4sentiert ihre neue Website, eine App und eine Reihe von Veranstaltungen.","robots":{"index":"index","follow":"follow","max-snippet":"max-snippet:-1","max-image-preview":"max-image-preview:large","max-video-preview":"max-video-preview:-1"},"canonical":"https:\/\/leregardlibre.com\/de\/gesellschaft\/medien\/neue-website-app-events-le-regard-libre\/","og_locale":"de_DE","og_type":"article","og_title":"Un nouveau site, une app et des \u00e9v\u00e9nements!","og_description":"De grandes nouveaut\u00e9s pour le m\u00e9dia romand\u00a0Le Regard Libre! Le mensuel pr\u00e9sente\u00a0son nouveau site Web, une app et une gamme d'\u00e9v\u00e9nements.","og_url":"https:\/\/leregardlibre.com\/de\/gesellschaft\/medien\/neue-website-app-events-le-regard-libre\/","og_site_name":"Le Regard Libre","article_publisher":"https:\/\/www.facebook.com\/leregardlibre\/","article_published_time":"2022-09-19T02:28:32+00:00","article_modified_time":"2024-04-28T18:16:28+00:00","og_image":[{"width":1920,"height":1280,"url":"https:\/\/leregardlibre.com\/wp-content\/uploads\/2022\/09\/smartmockups_l74sml8h.jpg","type":"image\/jpeg"}],"author":"Le Regard Libre","twitter_card":"summary_large_image","twitter_creator":"@LeRegardLibre","twitter_site":"@LeRegardLibre","twitter_misc":{"Verfasst von":"Le Regard Libre","Gesch\u00e4tzte Lesezeit":"4\u00a0Minuten"},"schema":{"@context":"https:\/\/schema.org","@graph":[{"@type":"Article","@id":"https:\/\/leregardlibre.com\/societe\/medias\/nouveau-site-app-evenements-le-regard-libre\/#article","isPartOf":{"@id":"https:\/\/leregardlibre.com\/societe\/medias\/nouveau-site-app-evenements-le-regard-libre\/"},"author":{"name":"Le Regard Libre","@id":"https:\/\/leregardlibre.com\/#\/schema\/person\/68aceea2de84966d0928b49556d54101"},"headline":"Un nouveau site, une app et des \u00e9v\u00e9nements!","datePublished":"2022-09-19T02:28:32+00:00","dateModified":"2024-04-28T18:16:28+00:00","mainEntityOfPage":{"@id":"https:\/\/leregardlibre.com\/societe\/medias\/nouveau-site-app-evenements-le-regard-libre\/"},"wordCount":748,"commentCount":0,"publisher":{"@id":"https:\/\/leregardlibre.com\/#organization"},"image":{"@id":"https:\/\/leregardlibre.com\/societe\/medias\/nouveau-site-app-evenements-le-regard-libre\/#primaryimage"},"thumbnailUrl":"https:\/\/leregardlibre.com\/wp-content\/uploads\/2022\/09\/smartmockups_l74sml8h.jpg","keywords":["Collaboration","Communiqu\u00e9","Ev\u00e9nements","Informatique","Journalisme"],"articleSection":["M\u00e9dias"],"inLanguage":"de","potentialAction":[{"@type":"CommentAction","name":"Comment","target":["https:\/\/leregardlibre.com\/societe\/medias\/nouveau-site-app-evenements-le-regard-libre\/#respond"]}]},{"@type":"WebPage","@id":"https:\/\/leregardlibre.com\/societe\/medias\/nouveau-site-app-evenements-le-regard-libre\/","url":"https:\/\/leregardlibre.com\/societe\/medias\/nouveau-site-app-evenements-le-regard-libre\/","name":"Eine neue Website, eine App und Veranstaltungen!","isPartOf":{"@id":"https:\/\/leregardlibre.com\/#website"},"primaryImageOfPage":{"@id":"https:\/\/leregardlibre.com\/societe\/medias\/nouveau-site-app-evenements-le-regard-libre\/#primaryimage"},"image":{"@id":"https:\/\/leregardlibre.com\/societe\/medias\/nouveau-site-app-evenements-le-regard-libre\/#primaryimage"},"thumbnailUrl":"https:\/\/leregardlibre.com\/wp-content\/uploads\/2022\/09\/smartmockups_l74sml8h.jpg","datePublished":"2022-09-19T02:28:32+00:00","dateModified":"2024-04-28T18:16:28+00:00","description":"Gro\u00dfe Neuigkeiten f\u00fcr das Westschweizer Medium Le Regard Libre! Die Monatszeitschrift pr\u00e4sentiert ihre neue Website, eine App und eine Reihe von Veranstaltungen.","breadcrumb":{"@id":"https:\/\/leregardlibre.com\/societe\/medias\/nouveau-site-app-evenements-le-regard-libre\/#breadcrumb"},"inLanguage":"de","potentialAction":[{"@type":"ReadAction","target":["https:\/\/leregardlibre.com\/societe\/medias\/nouveau-site-app-evenements-le-regard-libre\/"]}]},{"@type":"ImageObject","inLanguage":"de","@id":"https:\/\/leregardlibre.com\/societe\/medias\/nouveau-site-app-evenements-le-regard-libre\/#primaryimage","url":"https:\/\/leregardlibre.com\/wp-content\/uploads\/2022\/09\/smartmockups_l74sml8h.jpg","contentUrl":"https:\/\/leregardlibre.com\/wp-content\/uploads\/2022\/09\/smartmockups_l74sml8h.jpg","width":1920,"height":1280,"caption":"\u00a9 Novadev"},{"@type":"BreadcrumbList","@id":"https:\/\/leregardlibre.com\/societe\/medias\/nouveau-site-app-evenements-le-regard-libre\/#breadcrumb","itemListElement":[{"@type":"ListItem","position":1,"name":"Accueil","item":"https:\/\/leregardlibre.com\/"},{"@type":"ListItem","position":2,"name":"Un nouveau site, une app et des \u00e9v\u00e9nements!"}]},{"@type":"WebSite","@id":"https:\/\/leregardlibre.com\/#website","url":"https:\/\/leregardlibre.com\/","name":"Le Regard Libre","description":"Erste Schweizer Monatszeitschrift f\u00fcr Debatten","publisher":{"@id":"https:\/\/leregardlibre.com\/#organization"},"potentialAction":[{"@type":"SearchAction","target":{"@type":"EntryPoint","urlTemplate":"https:\/\/leregardlibre.com\/?s={search_term_string}"},"query-input":{"@type":"PropertyValueSpecification","valueRequired":true,"valueName":"search_term_string"}}],"inLanguage":"de"},{"@type":"Organization","@id":"https:\/\/leregardlibre.com\/#organization","name":"Le Regard Libre","url":"https:\/\/leregardlibre.com\/","logo":{"@type":"ImageObject","inLanguage":"de","@id":"https:\/\/leregardlibre.com\/#\/schema\/logo\/image\/","url":"https:\/\/leregardlibre.com\/wp-content\/uploads\/2025\/08\/logo-rl-icone-neg.jpeg","contentUrl":"https:\/\/leregardlibre.com\/wp-content\/uploads\/2025\/08\/logo-rl-icone-neg.jpeg","width":557,"height":556,"caption":"Le Regard Libre"},"image":{"@id":"https:\/\/leregardlibre.com\/#\/schema\/logo\/image\/"},"sameAs":["https:\/\/www.facebook.com\/leregardlibre\/","https:\/\/x.com\/LeRegardLibre","https:\/\/www.linkedin.com\/company\/le-regard-libre","https:\/\/www.instagram.com\/leregardlibre\/","http:\/\/t.me\/leregardlibre","https:\/\/youtube.com\/channel\/UC6HzGPomj1LsUmlz-sJtITQ"],"description":"Le Regard Libre ist eine Schweizer Monatszeitschrift f\u00fcr intellektuelle und kulturelle Debatten. Seine Redaktion ist jung, ehrenamtlich, liberal und pluralistisch. Das Magazin erscheint online und in gedruckter Form. Seine Sprache ist Franz\u00f6sisch.","email":"redaction@leregardlibre.com","legalName":"Le Regard Libre","foundingDate":"2014-01-01","numberOfEmployees":{"@type":"QuantitativeValue","minValue":"11","maxValue":"50"},"publishingPrinciples":"https:\/\/leregardlibre.com\/a-propos\/notre-manifeste\/","ownershipFundingInfo":"https:\/\/leregardlibre.com\/mentions-legales\/","actionableFeedbackPolicy":"https:\/\/leregardlibre.com\/conditions-generales-de-vente\/"},{"@type":"Person","@id":"https:\/\/leregardlibre.com\/#\/schema\/person\/68aceea2de84966d0928b49556d54101","name":"Le Regard Libre","image":{"@type":"ImageObject","inLanguage":"de","@id":"https:\/\/secure.gravatar.com\/avatar\/ccf13a262e399e026577c8158b11cbdef98921ac28fa06bc0d43a2d0e2a4a1c0?s=96&d=identicon&r=g","url":"https:\/\/secure.gravatar.com\/avatar\/ccf13a262e399e026577c8158b11cbdef98921ac28fa06bc0d43a2d0e2a4a1c0?s=96&d=identicon&r=g","contentUrl":"https:\/\/secure.gravatar.com\/avatar\/ccf13a262e399e026577c8158b11cbdef98921ac28fa06bc0d43a2d0e2a4a1c0?s=96&d=identicon&r=g","caption":"Le Regard Libre"},"description":"Erste Schweizer Monatszeitschrift f\u00fcr Debatten","sameAs":["https:\/\/fr.wikipedia.org\/wiki\/Le_Regard_libre"],"url":"https:\/\/leregardlibre.com\/de\/author\/leregardlibre\/"}]}},"_links":{"self":[{"href":"https:\/\/leregardlibre.com\/de\/wp-json\/wp\/v2\/posts\/512402","targetHints":{"allow":["GET"]}}],"collection":[{"href":"https:\/\/leregardlibre.com\/de\/wp-json\/wp\/v2\/posts"}],"about":[{"href":"https:\/\/leregardlibre.com\/de\/wp-json\/wp\/v2\/types\/post"}],"author":[{"embeddable":true,"href":"https:\/\/leregardlibre.com\/de\/wp-json\/wp\/v2\/users\/1"}],"replies":[{"embeddable":true,"href":"https:\/\/leregardlibre.com\/de\/wp-json\/wp\/v2\/comments?post=512402"}],"version-history":[{"count":2,"href":"https:\/\/leregardlibre.com\/de\/wp-json\/wp\/v2\/posts\/512402\/revisions"}],"predecessor-version":[{"id":520726,"href":"https:\/\/leregardlibre.com\/de\/wp-json\/wp\/v2\/posts\/512402\/revisions\/520726"}],"wp:featuredmedia":[{"embeddable":true,"href":"https:\/\/leregardlibre.com\/de\/wp-json\/wp\/v2\/media\/512404"}],"wp:attachment":[{"href":"https:\/\/leregardlibre.com\/de\/wp-json\/wp\/v2\/media?parent=512402"}],"wp:term":[{"taxonomy":"category","embeddable":true,"href":"https:\/\/leregardlibre.com\/de\/wp-json\/wp\/v2\/categories?post=512402"},{"taxonomy":"post_tag","embeddable":true,"href":"https:\/\/leregardlibre.com\/de\/wp-json\/wp\/v2\/tags?post=512402"}],"curies":[{"name":"wp","href":"https:\/\/api.w.org\/{rel}","templated":true}]}}