{"id":512578,"date":"2022-09-27T06:00:00","date_gmt":"2022-09-27T04:00:00","guid":{"rendered":"https:\/\/leregardlibre.com\/?p=512578"},"modified":"2022-10-24T15:53:38","modified_gmt":"2022-10-24T13:53:38","slug":"gore-beiser-in-den-mangroven","status":"publish","type":"post","link":"https:\/\/leregardlibre.com\/de\/literatur\/gore-beiser-in-den-mangroven\/","title":{"rendered":"\u00abKiefer\u00bb, Gore in den Mangroven"},"content":{"rendered":"<p class=\"has-drop-cap\"><strong>Was ist passiert, dass eine junge Sch\u00fclerin in einer H\u00fctte mitten im ecuadorianischen Regenwald aufwachte und an einen Stuhl gefesselt war? War es Sadismus? Aus reiner Rache? Warum steht ihre Lehrerin stumm, aber ruhig in der Ferne? Mit ihrem neuen Werk, <em>Backen<\/em>, Monica Ojeda f\u00fchrt uns in einen literarisch anspruchsvollen Psychothriller, der an die Grenzen des Schreckens f\u00fchrt.<\/strong><\/p>\n\n\n\n<!--more LIRE LA CRITIQUE (EN LIBRE ACC\u00c8S)-->\n\n\n\n<p>Nachdem die Handlung wie eine Bombe eingeschlagen hat, spult der Roman den Film zur\u00fcck und stellt dem Leser eine Gruppe von Freundinnen vor, die alle aus der guten katholischen Gesellschaft Ecuadors stammen: Annelise, Fiorella, Natalia, Ximena und nat\u00fcrlich Fernanda, die gefesselte Protagonistin. Ihre Freundschaft ist nicht durch die Schule gepr\u00e4gt, sondern durch ihre gemeinsame Faszination f\u00fcr den Tod. Als sie ein verlassenes Geb\u00e4ude finden, das mitten in den Mangroven gebaut wird, steht fest: Das wird ihr Hauptquartier, der Schutz ihrer Geheimnisse und der Schauplatz ihrer unheimlichen Spiele...<\/p>\n\n\n\n<p>In dieser d\u00fcsteren Umgebung, die jederzeit einzust\u00fcrzen droht, inmitten einer unheimlich \u00fcppigen Natur, die von Hunderten von Tieren bev\u00f6lkert wird, erfinden sie Geschichten und Herausforderungen, um sich selbst zu erschrecken. Um ihrer Fantasie mehr Substanz und Legitimit\u00e4t zu verleihen, veranstalten sie Feiern rund um ihren eigenen Gott, den wei\u00dfen Gott. Doch schon bald reichte ihnen der blo\u00dfe Geschmack des Schreckens nicht mehr aus, sie mussten ihn mit dem Nervenkitzel des Risikos mischen. So werden die Rituale im Laufe ihrer Ideen zu gef\u00e4hrlichen Handlungen.<\/p>\n\n\n\n<blockquote class=\"wp-block-quote is-layout-flow wp-block-quote-is-layout-flow\"><p>\u00abSie hatte nie erkl\u00e4ren k\u00f6nnen, wie sie sich f\u00fchlte, wenn sie Herzklopfen, Schwei\u00dfausbr\u00fcche, Kribbeln in den Armen und Zittern bekam. Sie hatte ihrer Mutter, die sterbend in einem Krankenhausbett lag und deren Wirbels\u00e4ule sich in eine Boa verwandelt hatte, nie sagen k\u00f6nnen, dass die Angst vor dem Sterben viel schlimmer war als das Sterben \u00fcberhaupt.\u00bb<\/p><\/blockquote>\n\n\n\n<h3 class=\"wp-block-heading\"><strong>Den Horror erleben statt ihn zu beschreiben<\/strong><\/h3>\n\n\n\n<p>Gespeist von filmischen und literarischen Referenzen (<em>Lovecraft<\/em>, <em>King<\/em>, <em>Kubrick<\/em>), <em>Backen<\/em> ist kein Horrorthriller, sondern ein Roman, der dem Leser Angst einjagt. Durch die sehr eindringliche und m\u00fcndliche Schreibweise dringt der Leser in die K\u00f6pfe der M\u00e4dchen ein und erf\u00e4hrt von ihren tiefsten \u00c4ngsten, die bis ins Mark reichen. Aber durch diese <em>creepypastas<\/em>, In diesem Buch wird das gesamte Genre der Horrorgeschichten neu beleuchtet und durchleuchtet, indem die schaurigen und mysteri\u00f6sen Legenden, die \u00fcber das Internet verbreitet werden, viral gehen. Monica Ojeda vermittelt uns auf bewundernswerte Weise die Faszination, die der Schrecken durch Filme und Romane aus\u00fcben kann, selbst wenn der Leser kein Fan dieser Art von Produktionen ist.<\/p>\n\n\n\n<p>Wenn Sie wie der Autor dieser Zeilen nicht wirklich verstehen, was Menschen dazu bringt, sich vor einen Horrorfilm zu setzen oder sich in einen Roman zu vertiefen <em>gore<\/em>, Monica Ojeda gibt Ihnen einige Antworten:<\/p>\n\n\n\n<blockquote class=\"wp-block-quote is-layout-flow wp-block-quote-is-layout-flow\"><p>\u00abWenn man Angst hat, f\u00fchlt man sich sehr lebendig und sehr zerbrechlich, als ob man aus Kristall w\u00e4re und jeden Moment zerbrechen k\u00f6nnte. Das kann schrecklich sein, ja, aber es weckt und erf\u00fcllt einen mit immensen Gef\u00fchlen\u00bb.\u00bb<\/p><\/blockquote>\n\n\n\n<h3 class=\"wp-block-heading\">Wenn Schwesternschaft giftig wird<\/h3>\n\n\n\n<p>Die Autorin von <em>Backen <\/em>Die beklemmenden Szenen sind ein Mittel, um das unbest\u00e4ndige Territorium der Jugend zu erforschen, das aus Misstrauen, Glauben und vor allem aus einer Menge Irrungen und Wirrungen besteht. Es ist ein Gebiet der Extreme, in dem die beste Freundin zur schlimmsten Feindin wird. Monica Ojeda schl\u00fcpft mit Talent in die Intimsph\u00e4re dieses <em>Girlband<\/em> um von den sich entwickelnden Machtverh\u00e4ltnissen, dem Einfluss der Gruppe und der verderblichen Seite dieses sozialen Drucks zu erz\u00e4hlen. Das alles geschieht, ohne die Handlung mit langen Theorien zu versehen oder sie zu unterbrechen, um sie zu kommentieren, sondern indem die Ereignisse projiziert und auf den Leser einwirken gelassen werden.<\/p>\n\n\n\n<p>Dieser stimmungsvolle Text schafft ein Klima der Fremdheit, das an die Gothic Novels erinnert. So wie sich diese Zweideutigkeit immer mehr auf den Leser ausbreitet, so entsteht auch ein Unbehagen, das die Beziehungen zwischen den Figuren belastet; alles scheint von Anfang an festgelegt zu sein, doch dann driftet alles auseinander und zerbricht. Je radikaler die Herausforderungen werden, desto mehr zanken sich die M\u00e4dchen, bis diese Streitereien einen Spalt aufrei\u00dfen. Denn die Grenze zwischen Freundschaft und Giftigkeit erweist sich manchmal als sehr schmal.<\/p>\n\n\n\n<form method=\"post\" action=\"https:\/\/newsletter.infomaniak.com\/external\/submit\" class=\"inf-form\" target=\"_blank\"><input type=\"email\" name=\"email\" style=\"display:none\"><input type=\"hidden\" name=\"key\" value=\"eyJpdiI6IlZXRVJGMlRGQUU2alNqUE81bitIUk5adnNVa0c4MllFTStzOHdHT1FQZ3c9IiwidmFsdWUiOiJIYzhwMUVCK1pTNnlhY3MyMmhuZlhReWJqemEwNk93blMxTjFHc0s2VHZrPSIsIm1hYyI6ImVhYTQ5N2I1M2NiYWE4NzBm Njk2NzgzYjliM2Y5NmYzM2E2ZmU3NGQxNTU1ZDFkMTU1MzY5NTdjYjE3ZTJmNTUifQ==\"><input type=\"hidden\" name=\"webform_id\" value=\"7291\"><style> .inf-main_3000311ca56a1cb93397bc676c0b7fff{ background-color:#f5f5f5; padding:25px 20px; margin:25px auto; } .inf-main_3000311ca56a1cb93397bc676c0b7fff .inf-content { margin-top:13px;} .inf-main_3000311ca56a1cb93397bc676c0b7fff h4, .inf-main_3000311ca56a1cb93397bc676c0b7fff span, .inf- main_3000311ca56a1cb93397bc676c0b7fff label, .inf-main_3000311ca56a1cb93397bc676c0b7fff input, .inf-main_3000311ca56a1cb93397bc676c0b7fff .inf-submit, .inf-main_3000311ca56a1cb93397bc676c0b7fff .inf-success p a { color:#555555; font-size:14px; } .inf-main_3000311ca56a1cb93397bc676c0b7fff h4{ font-size:18px; margin:0px 0px 13px 0px; } .inf-main_3000311ca56a1cb93397bc676c0b7fff h4, .inf-main_3000311ca56a1cb93397bc676c0b7fff label{ font-weight:bold; } .inf- main_3000311ca56a1cb93397bc676c0b7fff .inf-input { margin-bottom:7px; } .inf-main_3000311ca56a1cb93397bc676c0b7fff label { display:block;} .inf-main_3000311ca56a1cb93397bc676c0b7fff input{ height:35px; color:#999999; border: 1px solid #E9E9E9; border:none; padding-left:7px; } .inf-main_3000311ca56a1cb93397bc676c0b7fff .inf-input.inf-error label, .inf-main_3000311ca56a1cb93397bc676c0b7fff .inf-input.inf-error span.inf-message{ color: #cc0033; } .inf- main_3000311ca56a1cb93397bc676c0b7fff .inf-input.inf-error input{ border: 1px solid #cc0033; } .inf-main_3000311ca56a1cb93397bc676c0b7fff .inf-input input { width:100%;} .inf-main_3000311ca56a1cb93397bc676c0b7fff .inf-input.inf-error span.inf-message { display: block; } .inf-main_3000311ca56a1cb93397bc676c0b7fff .inf-submit { text-align:right;} .inf-main_3000311ca56a1cb93397bc676c0b7fff .inf-submit input{ background-color:#777777; color:#ffffff; border:none; font-weight: normal; height:auto; padding:7px; } .inf-main_3000311ca56a1cb93397bc676c0b7fff .inf-submit input.disabled{ opacity: 0.4; } .inf-btn { color: rgb(85, 85, 85); border: medium none; font-weight: normal; height: auto; padding: 7px; display: inline- block; background-color: white; box-shadow: 0px 1px 1px rgba(0, 0, 0, 0.24); border-radius: 2px; line-height: 1em; } .inf-rgpd { margin:25px 0px 15px 0px; color:#555555; } <\/style> <div class=\"inf-main_3000311ca56a1cb93397bc676c0b7fff\"> <h4>NEWSLETTER DES FREIEN BLICKS<\/h4> <span>Erhalten Sie unsere Artikel jeden Sonntag.<\/span> <div class=\"inf-success\" style=\"display:none\"> <h4>Ihre Anmeldung f\u00fcr unseren w\u00f6chentlichen Newsletter wurde erfolgreich registriert!<\/h4> <p> <a href=\"#\" class=\"inf-btn\">\u00ab<\/a> <\/p> <\/div> <div class=\"inf-content\"> <div class=\"inf-input inf-input-text\"> <input type=\"text\" name=\"inf[1]\" data-inf-meta=\"1\" data-inf-error=\"Merci de renseigner une adresse email\" required=\"required\" placeholder=\"E-Mail\"> <\/div> <div class=\"inf-submit\"> <input type=\"submit\" name=\"\" value=\"Anmelden\"> <\/div> <\/div> <\/div> <\/form>\n\n\n\n<p>Monica Ojeda hat die Wette gewonnen, ein Buch zu schreiben, das zugleich poetisch und brutal ist, ein Buch der Atmosph\u00e4ren, das nicht beschreibend ist, ein Buch \u00fcber die Faszination des Horrors, die sie von innen heraus erlebt. Es ist zweifellos ein gelungener Roman. Doch obwohl es mir nicht schwerf\u00e4llt, ihm diese Qualit\u00e4ten zuzugestehen, kann ich nicht behaupten, dass er f\u00fcr mich eine Verpuffung war. Er hat mich gest\u00f6rt, in Frage gestellt und mich manchmal am Wegesrand vergessen. F\u00fcr einen Roman der Ambivalenz ist es normal, den Leser in seiner Verwirrung zu lassen. Eine Sache ist jedoch viel klarer: <em>Backen<\/em> ist ein Roman, der zu Beginn des neuen Schuljahres Lehrer auf Ideen bringen k\u00f6nnte, wie z. B. st\u00f6rende Sch\u00fcler zu sequestrieren und zu fesseln.<\/p>\n\n\n\n<blockquote class=\"wp-block-quote is-layout-flow wp-block-quote-is-layout-flow\"><p>\u00abEine Panikattacke ist wie Ertrinken an der frischen Luft\u00bb.\u00bb<\/p><\/blockquote>\n\n\n\n<p><em>Schreiben Sie dem Autor:&nbsp;<a href=\"mailto:quentin.perissinotto@leregardlibre.com\">quentin.perissinotto@leregardlibre.com<\/a><\/em><\/p>\n\n\n\n<p>Fotocredit: \u00a9 Quentin Perissinotto f\u00fcr&nbsp;<em>Le Regard Libre<\/em><\/p>\n\n\n\n<p><strong>Sie haben gerade einen frei zug\u00e4nglichen Artikel gelesen.&nbsp;<\/strong>Debatten, Analysen, Kulturnachrichten:&nbsp;<a href=\"https:\/\/leregardlibre.com\/de\/abonnement\/\">abonnieren Sie<\/a>&nbsp;um uns zu unterst\u00fctzen und Zugang zu all unseren Inhalten zu erhalten!<\/p>\n\n\n\n<div class=\"wp-block-media-text alignwide is-stacked-on-mobile\" style=\"grid-template-columns:15% auto\"><figure class=\"wp-block-media-text__media\"><img fetchpriority=\"high\" decoding=\"async\" width=\"248\" height=\"364\" src=\"http:\/\/leregardlibre.com\/wp-content\/uploads\/2022\/09\/couverture-machoires.jpeg\" alt=\"Kiefer\" class=\"wp-image-512579 size-full\" srcset=\"https:\/\/leregardlibre.com\/wp-content\/uploads\/2022\/09\/couverture-machoires.jpeg 248w, https:\/\/leregardlibre.com\/wp-content\/uploads\/2022\/09\/couverture-machoires-204x300.jpeg 204w, https:\/\/leregardlibre.com\/wp-content\/uploads\/2022\/09\/couverture-machoires-102x150.jpeg 102w\" sizes=\"(max-width: 248px) 100vw, 248px\" \/><\/figure><div class=\"wp-block-media-text__content\">\n<p><strong>M\u00f3nica Ojeda&nbsp;<br><em>Backen&nbsp;<\/em><br>\u00dcbersetzung von Alba-Marina Escalon&nbsp;<br>Gallimard Verlag&nbsp;<br>2022&nbsp;<br>320 Seiten&nbsp;<\/strong><\/p>\n\n\n\n<div class=\"wp-block-buttons is-layout-flex wp-block-buttons-is-layout-flex\">\n<div class=\"wp-block-button\"><a class=\"wp-block-button__link\" href=\"https:\/\/www.payot.ch\/Detail\/machoires-monica_ojeda__alba_marina_escalon-9782072882869 \">Das Buch bestellen<\/a><\/div>\n<\/div>\n<\/div><\/div>","protected":false},"excerpt":{"rendered":"<p>Qu\u2019a-t-il bien pu se passer pour qu\u2019une jeune lyc\u00e9enne se r\u00e9veille dans une cabane perdue au beau milieu de la&#8230;<\/p>","protected":false},"author":213,"featured_media":512580,"comment_status":"open","ping_status":"closed","sticky":false,"template":"","format":"standard","meta":{"_acf_changed":false,"footnotes":""},"categories":[20663],"tags":[54879,211032,22848,38542,11183],"class_list":["post-512578","post","type-post","status-publish","format-standard","has-post-thumbnail","hentry","category-litterature","tag-critiques-litteraires","tag-mort","tag-psychologie","tag-roman","tag-thriller"],"acf":[],"yoast_head":"<!-- This site is optimized with the Yoast SEO Premium plugin v27.4 (Yoast SEO v27.4) - https:\/\/yoast.com\/product\/yoast-seo-premium-wordpress\/ -->\n<title>\u00abM\u00e2choires\u00bb, du gore dans la mangrove<\/title>\n<meta name=\"description\" content=\"Avec son nouveau livre \u00abM\u00e2choires\u00bb, Monica Ojeda nous entra\u00eene dans un thriller psychologique tr\u00e8s litt\u00e9raire, aux confins de l\u2019effroi.\" \/>\n<meta name=\"robots\" content=\"index, follow, max-snippet:-1, max-image-preview:large, max-video-preview:-1\" \/>\n<link rel=\"canonical\" href=\"https:\/\/leregardlibre.com\/de\/literatur\/gore-beiser-in-den-mangroven\/\" \/>\n<meta property=\"og:locale\" content=\"de_DE\" \/>\n<meta property=\"og:type\" content=\"article\" \/>\n<meta property=\"og:title\" content=\"\u00abM\u00e2choires\u00bb, du gore dans la mangrove\" \/>\n<meta property=\"og:description\" content=\"Avec son nouveau livre \u00abM\u00e2choires\u00bb, Monica Ojeda nous entra\u00eene dans un thriller psychologique tr\u00e8s litt\u00e9raire, aux confins de l\u2019effroi.\" \/>\n<meta property=\"og:url\" content=\"https:\/\/leregardlibre.com\/de\/literatur\/gore-beiser-in-den-mangroven\/\" \/>\n<meta property=\"og:site_name\" content=\"Le Regard Libre\" \/>\n<meta property=\"article:publisher\" content=\"https:\/\/www.facebook.com\/leregardlibre\/\" \/>\n<meta property=\"article:published_time\" content=\"2022-09-27T04:00:00+00:00\" \/>\n<meta property=\"article:modified_time\" content=\"2022-10-24T13:53:38+00:00\" \/>\n<meta property=\"og:image\" content=\"https:\/\/leregardlibre.com\/wp-content\/uploads\/2022\/09\/du-monde-entier.jpg\" \/>\n\t<meta property=\"og:image:width\" content=\"1920\" \/>\n\t<meta property=\"og:image:height\" content=\"1080\" \/>\n\t<meta property=\"og:image:type\" content=\"image\/jpeg\" \/>\n<meta name=\"author\" content=\"Quentin Perissinotto\" \/>\n<meta name=\"twitter:card\" content=\"summary_large_image\" \/>\n<meta name=\"twitter:creator\" content=\"@LeRegardLibre\" \/>\n<meta name=\"twitter:site\" content=\"@LeRegardLibre\" \/>\n<meta name=\"twitter:label1\" content=\"Verfasst von\" \/>\n\t<meta name=\"twitter:data1\" content=\"Quentin Perissinotto\" \/>\n\t<meta name=\"twitter:label2\" content=\"Gesch\u00e4tzte Lesezeit\" \/>\n\t<meta name=\"twitter:data2\" content=\"6\u00a0Minuten\" \/>\n<script type=\"application\/ld+json\" class=\"yoast-schema-graph\">{\"@context\":\"https:\\\/\\\/schema.org\",\"@graph\":[{\"@type\":\"Article\",\"@id\":\"https:\\\/\\\/leregardlibre.com\\\/litterature\\\/machoires-du-gore-dans-la-mangrove\\\/#article\",\"isPartOf\":{\"@id\":\"https:\\\/\\\/leregardlibre.com\\\/litterature\\\/machoires-du-gore-dans-la-mangrove\\\/\"},\"author\":{\"name\":\"Quentin Perissinotto\",\"@id\":\"https:\\\/\\\/leregardlibre.com\\\/#\\\/schema\\\/person\\\/b2ac941a3f3efccb93d920d0cd1629f4\"},\"headline\":\"\u00abM\u00e2choires\u00bb, du gore dans la mangrove\",\"datePublished\":\"2022-09-27T04:00:00+00:00\",\"dateModified\":\"2022-10-24T13:53:38+00:00\",\"mainEntityOfPage\":{\"@id\":\"https:\\\/\\\/leregardlibre.com\\\/litterature\\\/machoires-du-gore-dans-la-mangrove\\\/\"},\"wordCount\":1095,\"commentCount\":0,\"publisher\":{\"@id\":\"https:\\\/\\\/leregardlibre.com\\\/#organization\"},\"image\":{\"@id\":\"https:\\\/\\\/leregardlibre.com\\\/litterature\\\/machoires-du-gore-dans-la-mangrove\\\/#primaryimage\"},\"thumbnailUrl\":\"https:\\\/\\\/leregardlibre.com\\\/wp-content\\\/uploads\\\/2022\\\/09\\\/du-monde-entier.jpg\",\"keywords\":[\"Critique litt\u00e9raire\",\"Mort\",\"Psychologie\",\"Roman\",\"Thriller\"],\"articleSection\":[\"Litt\u00e9rature\"],\"inLanguage\":\"de\",\"potentialAction\":[{\"@type\":\"CommentAction\",\"name\":\"Comment\",\"target\":[\"https:\\\/\\\/leregardlibre.com\\\/litterature\\\/machoires-du-gore-dans-la-mangrove\\\/#respond\"]}]},{\"@type\":\"WebPage\",\"@id\":\"https:\\\/\\\/leregardlibre.com\\\/litterature\\\/machoires-du-gore-dans-la-mangrove\\\/\",\"url\":\"https:\\\/\\\/leregardlibre.com\\\/litterature\\\/machoires-du-gore-dans-la-mangrove\\\/\",\"name\":\"\u00abM\u00e2choires\u00bb, du gore dans la mangrove\",\"isPartOf\":{\"@id\":\"https:\\\/\\\/leregardlibre.com\\\/#website\"},\"primaryImageOfPage\":{\"@id\":\"https:\\\/\\\/leregardlibre.com\\\/litterature\\\/machoires-du-gore-dans-la-mangrove\\\/#primaryimage\"},\"image\":{\"@id\":\"https:\\\/\\\/leregardlibre.com\\\/litterature\\\/machoires-du-gore-dans-la-mangrove\\\/#primaryimage\"},\"thumbnailUrl\":\"https:\\\/\\\/leregardlibre.com\\\/wp-content\\\/uploads\\\/2022\\\/09\\\/du-monde-entier.jpg\",\"datePublished\":\"2022-09-27T04:00:00+00:00\",\"dateModified\":\"2022-10-24T13:53:38+00:00\",\"description\":\"Avec son nouveau livre \u00abM\u00e2choires\u00bb, Monica Ojeda nous entra\u00eene dans un thriller psychologique tr\u00e8s litt\u00e9raire, aux confins de l\u2019effroi.\",\"breadcrumb\":{\"@id\":\"https:\\\/\\\/leregardlibre.com\\\/litterature\\\/machoires-du-gore-dans-la-mangrove\\\/#breadcrumb\"},\"inLanguage\":\"de\",\"potentialAction\":[{\"@type\":\"ReadAction\",\"target\":[\"https:\\\/\\\/leregardlibre.com\\\/litterature\\\/machoires-du-gore-dans-la-mangrove\\\/\"]}]},{\"@type\":\"ImageObject\",\"inLanguage\":\"de\",\"@id\":\"https:\\\/\\\/leregardlibre.com\\\/litterature\\\/machoires-du-gore-dans-la-mangrove\\\/#primaryimage\",\"url\":\"https:\\\/\\\/leregardlibre.com\\\/wp-content\\\/uploads\\\/2022\\\/09\\\/du-monde-entier.jpg\",\"contentUrl\":\"https:\\\/\\\/leregardlibre.com\\\/wp-content\\\/uploads\\\/2022\\\/09\\\/du-monde-entier.jpg\",\"width\":1920,\"height\":1080,\"caption\":\"machoires\"},{\"@type\":\"BreadcrumbList\",\"@id\":\"https:\\\/\\\/leregardlibre.com\\\/litterature\\\/machoires-du-gore-dans-la-mangrove\\\/#breadcrumb\",\"itemListElement\":[{\"@type\":\"ListItem\",\"position\":1,\"name\":\"Accueil\",\"item\":\"https:\\\/\\\/leregardlibre.com\\\/\"},{\"@type\":\"ListItem\",\"position\":2,\"name\":\"\u00abM\u00e2choires\u00bb, du gore dans la mangrove\"}]},{\"@type\":\"WebSite\",\"@id\":\"https:\\\/\\\/leregardlibre.com\\\/#website\",\"url\":\"https:\\\/\\\/leregardlibre.com\\\/\",\"name\":\"Le Regard Libre\",\"description\":\"Premier mensuel suisse de d\u00e9bat\",\"publisher\":{\"@id\":\"https:\\\/\\\/leregardlibre.com\\\/#organization\"},\"potentialAction\":[{\"@type\":\"SearchAction\",\"target\":{\"@type\":\"EntryPoint\",\"urlTemplate\":\"https:\\\/\\\/leregardlibre.com\\\/?s={search_term_string}\"},\"query-input\":{\"@type\":\"PropertyValueSpecification\",\"valueRequired\":true,\"valueName\":\"search_term_string\"}}],\"inLanguage\":\"de\"},{\"@type\":\"Organization\",\"@id\":\"https:\\\/\\\/leregardlibre.com\\\/#organization\",\"name\":\"Le Regard Libre\",\"url\":\"https:\\\/\\\/leregardlibre.com\\\/\",\"logo\":{\"@type\":\"ImageObject\",\"inLanguage\":\"de\",\"@id\":\"https:\\\/\\\/leregardlibre.com\\\/#\\\/schema\\\/logo\\\/image\\\/\",\"url\":\"https:\\\/\\\/leregardlibre.com\\\/wp-content\\\/uploads\\\/2025\\\/08\\\/logo-rl-icone-neg.jpeg\",\"contentUrl\":\"https:\\\/\\\/leregardlibre.com\\\/wp-content\\\/uploads\\\/2025\\\/08\\\/logo-rl-icone-neg.jpeg\",\"width\":557,\"height\":556,\"caption\":\"Le Regard Libre\"},\"image\":{\"@id\":\"https:\\\/\\\/leregardlibre.com\\\/#\\\/schema\\\/logo\\\/image\\\/\"},\"sameAs\":[\"https:\\\/\\\/www.facebook.com\\\/leregardlibre\\\/\",\"https:\\\/\\\/x.com\\\/LeRegardLibre\",\"https:\\\/\\\/www.linkedin.com\\\/company\\\/le-regard-libre\",\"https:\\\/\\\/www.instagram.com\\\/leregardlibre\\\/\",\"http:\\\/\\\/t.me\\\/leregardlibre\",\"https:\\\/\\\/youtube.com\\\/channel\\\/UC6HzGPomj1LsUmlz-sJtITQ\"],\"description\":\"Le Regard Libre est un mensuel suisse de d\u00e9bat intellectuel et culturel. Sa r\u00e9daction est jeune, b\u00e9n\u00e9vole, lib\u00e9rale et pluraliste. Le magazine para\u00eet en ligne et sous forme papier. Sa langue est le fran\u00e7ais.\",\"email\":\"redaction@leregardlibre.com\",\"legalName\":\"Le Regard Libre\",\"foundingDate\":\"2014-01-01\",\"numberOfEmployees\":{\"@type\":\"QuantitativeValue\",\"minValue\":\"11\",\"maxValue\":\"50\"},\"publishingPrinciples\":\"https:\\\/\\\/leregardlibre.com\\\/a-propos\\\/notre-manifeste\\\/\",\"ownershipFundingInfo\":\"https:\\\/\\\/leregardlibre.com\\\/mentions-legales\\\/\",\"actionableFeedbackPolicy\":\"https:\\\/\\\/leregardlibre.com\\\/conditions-generales-de-vente\\\/\"},{\"@type\":\"Person\",\"@id\":\"https:\\\/\\\/leregardlibre.com\\\/#\\\/schema\\\/person\\\/b2ac941a3f3efccb93d920d0cd1629f4\",\"name\":\"Quentin Perissinotto\",\"image\":{\"@type\":\"ImageObject\",\"inLanguage\":\"de\",\"@id\":\"https:\\\/\\\/secure.gravatar.com\\\/avatar\\\/5bdc85640092297cabef9e4e9fafa5d0f6fdc4d68bde6549c358b1419521e8f3?s=96&d=identicon&r=g\",\"url\":\"https:\\\/\\\/secure.gravatar.com\\\/avatar\\\/5bdc85640092297cabef9e4e9fafa5d0f6fdc4d68bde6549c358b1419521e8f3?s=96&d=identicon&r=g\",\"contentUrl\":\"https:\\\/\\\/secure.gravatar.com\\\/avatar\\\/5bdc85640092297cabef9e4e9fafa5d0f6fdc4d68bde6549c358b1419521e8f3?s=96&d=identicon&r=g\",\"caption\":\"Quentin Perissinotto\"},\"description\":\"Conseiller-clients et \u00e9crivain, Quentin Perissinotto est critique litt\u00e9raire pour Le Regard Libre.\",\"sameAs\":[\"https:\\\/\\\/fr.wikipedia.org\\\/wiki\\\/Le_Regard_libre\"],\"url\":\"https:\\\/\\\/leregardlibre.com\\\/de\\\/author\\\/quentin-perissinotto\\\/\"}]}<\/script>\n<!-- \/ Yoast SEO Premium plugin. -->","yoast_head_json":{"title":"\u00abKiefer\u00bb, Gore in den Mangroven","description":"Mit ihrem neuen Buch \u00abKiefer\u00bb entf\u00fchrt uns Monica Ojeda in einen hochliterarischen Psychothriller am Rande des Schreckens.","robots":{"index":"index","follow":"follow","max-snippet":"max-snippet:-1","max-image-preview":"max-image-preview:large","max-video-preview":"max-video-preview:-1"},"canonical":"https:\/\/leregardlibre.com\/de\/literatur\/gore-beiser-in-den-mangroven\/","og_locale":"de_DE","og_type":"article","og_title":"\u00abM\u00e2choires\u00bb, du gore dans la mangrove","og_description":"Avec son nouveau livre \u00abM\u00e2choires\u00bb, Monica Ojeda nous entra\u00eene dans un thriller psychologique tr\u00e8s litt\u00e9raire, aux confins de l\u2019effroi.","og_url":"https:\/\/leregardlibre.com\/de\/literatur\/gore-beiser-in-den-mangroven\/","og_site_name":"Le Regard Libre","article_publisher":"https:\/\/www.facebook.com\/leregardlibre\/","article_published_time":"2022-09-27T04:00:00+00:00","article_modified_time":"2022-10-24T13:53:38+00:00","og_image":[{"width":1920,"height":1080,"url":"https:\/\/leregardlibre.com\/wp-content\/uploads\/2022\/09\/du-monde-entier.jpg","type":"image\/jpeg"}],"author":"Quentin Perissinotto","twitter_card":"summary_large_image","twitter_creator":"@LeRegardLibre","twitter_site":"@LeRegardLibre","twitter_misc":{"Verfasst von":"Quentin Perissinotto","Gesch\u00e4tzte Lesezeit":"6\u00a0Minuten"},"schema":{"@context":"https:\/\/schema.org","@graph":[{"@type":"Article","@id":"https:\/\/leregardlibre.com\/litterature\/machoires-du-gore-dans-la-mangrove\/#article","isPartOf":{"@id":"https:\/\/leregardlibre.com\/litterature\/machoires-du-gore-dans-la-mangrove\/"},"author":{"name":"Quentin Perissinotto","@id":"https:\/\/leregardlibre.com\/#\/schema\/person\/b2ac941a3f3efccb93d920d0cd1629f4"},"headline":"\u00abM\u00e2choires\u00bb, du gore dans la mangrove","datePublished":"2022-09-27T04:00:00+00:00","dateModified":"2022-10-24T13:53:38+00:00","mainEntityOfPage":{"@id":"https:\/\/leregardlibre.com\/litterature\/machoires-du-gore-dans-la-mangrove\/"},"wordCount":1095,"commentCount":0,"publisher":{"@id":"https:\/\/leregardlibre.com\/#organization"},"image":{"@id":"https:\/\/leregardlibre.com\/litterature\/machoires-du-gore-dans-la-mangrove\/#primaryimage"},"thumbnailUrl":"https:\/\/leregardlibre.com\/wp-content\/uploads\/2022\/09\/du-monde-entier.jpg","keywords":["Critique litt\u00e9raire","Mort","Psychologie","Roman","Thriller"],"articleSection":["Litt\u00e9rature"],"inLanguage":"de","potentialAction":[{"@type":"CommentAction","name":"Comment","target":["https:\/\/leregardlibre.com\/litterature\/machoires-du-gore-dans-la-mangrove\/#respond"]}]},{"@type":"WebPage","@id":"https:\/\/leregardlibre.com\/litterature\/machoires-du-gore-dans-la-mangrove\/","url":"https:\/\/leregardlibre.com\/litterature\/machoires-du-gore-dans-la-mangrove\/","name":"\u00abKiefer\u00bb, Gore in den Mangroven","isPartOf":{"@id":"https:\/\/leregardlibre.com\/#website"},"primaryImageOfPage":{"@id":"https:\/\/leregardlibre.com\/litterature\/machoires-du-gore-dans-la-mangrove\/#primaryimage"},"image":{"@id":"https:\/\/leregardlibre.com\/litterature\/machoires-du-gore-dans-la-mangrove\/#primaryimage"},"thumbnailUrl":"https:\/\/leregardlibre.com\/wp-content\/uploads\/2022\/09\/du-monde-entier.jpg","datePublished":"2022-09-27T04:00:00+00:00","dateModified":"2022-10-24T13:53:38+00:00","description":"Mit ihrem neuen Buch \u00abKiefer\u00bb entf\u00fchrt uns Monica Ojeda in einen hochliterarischen Psychothriller am Rande des Schreckens.","breadcrumb":{"@id":"https:\/\/leregardlibre.com\/litterature\/machoires-du-gore-dans-la-mangrove\/#breadcrumb"},"inLanguage":"de","potentialAction":[{"@type":"ReadAction","target":["https:\/\/leregardlibre.com\/litterature\/machoires-du-gore-dans-la-mangrove\/"]}]},{"@type":"ImageObject","inLanguage":"de","@id":"https:\/\/leregardlibre.com\/litterature\/machoires-du-gore-dans-la-mangrove\/#primaryimage","url":"https:\/\/leregardlibre.com\/wp-content\/uploads\/2022\/09\/du-monde-entier.jpg","contentUrl":"https:\/\/leregardlibre.com\/wp-content\/uploads\/2022\/09\/du-monde-entier.jpg","width":1920,"height":1080,"caption":"machoires"},{"@type":"BreadcrumbList","@id":"https:\/\/leregardlibre.com\/litterature\/machoires-du-gore-dans-la-mangrove\/#breadcrumb","itemListElement":[{"@type":"ListItem","position":1,"name":"Accueil","item":"https:\/\/leregardlibre.com\/"},{"@type":"ListItem","position":2,"name":"\u00abM\u00e2choires\u00bb, du gore dans la mangrove"}]},{"@type":"WebSite","@id":"https:\/\/leregardlibre.com\/#website","url":"https:\/\/leregardlibre.com\/","name":"Le Regard Libre","description":"Erste Schweizer Monatszeitschrift f\u00fcr Debatten","publisher":{"@id":"https:\/\/leregardlibre.com\/#organization"},"potentialAction":[{"@type":"SearchAction","target":{"@type":"EntryPoint","urlTemplate":"https:\/\/leregardlibre.com\/?s={search_term_string}"},"query-input":{"@type":"PropertyValueSpecification","valueRequired":true,"valueName":"search_term_string"}}],"inLanguage":"de"},{"@type":"Organization","@id":"https:\/\/leregardlibre.com\/#organization","name":"Le Regard Libre","url":"https:\/\/leregardlibre.com\/","logo":{"@type":"ImageObject","inLanguage":"de","@id":"https:\/\/leregardlibre.com\/#\/schema\/logo\/image\/","url":"https:\/\/leregardlibre.com\/wp-content\/uploads\/2025\/08\/logo-rl-icone-neg.jpeg","contentUrl":"https:\/\/leregardlibre.com\/wp-content\/uploads\/2025\/08\/logo-rl-icone-neg.jpeg","width":557,"height":556,"caption":"Le Regard Libre"},"image":{"@id":"https:\/\/leregardlibre.com\/#\/schema\/logo\/image\/"},"sameAs":["https:\/\/www.facebook.com\/leregardlibre\/","https:\/\/x.com\/LeRegardLibre","https:\/\/www.linkedin.com\/company\/le-regard-libre","https:\/\/www.instagram.com\/leregardlibre\/","http:\/\/t.me\/leregardlibre","https:\/\/youtube.com\/channel\/UC6HzGPomj1LsUmlz-sJtITQ"],"description":"Le Regard Libre ist eine Schweizer Monatszeitschrift f\u00fcr intellektuelle und kulturelle Debatten. Seine Redaktion ist jung, ehrenamtlich, liberal und pluralistisch. Das Magazin erscheint online und in gedruckter Form. Seine Sprache ist Franz\u00f6sisch.","email":"redaction@leregardlibre.com","legalName":"Le Regard Libre","foundingDate":"2014-01-01","numberOfEmployees":{"@type":"QuantitativeValue","minValue":"11","maxValue":"50"},"publishingPrinciples":"https:\/\/leregardlibre.com\/a-propos\/notre-manifeste\/","ownershipFundingInfo":"https:\/\/leregardlibre.com\/mentions-legales\/","actionableFeedbackPolicy":"https:\/\/leregardlibre.com\/conditions-generales-de-vente\/"},{"@type":"Person","@id":"https:\/\/leregardlibre.com\/#\/schema\/person\/b2ac941a3f3efccb93d920d0cd1629f4","name":"Quentin Perissinotto","image":{"@type":"ImageObject","inLanguage":"de","@id":"https:\/\/secure.gravatar.com\/avatar\/5bdc85640092297cabef9e4e9fafa5d0f6fdc4d68bde6549c358b1419521e8f3?s=96&d=identicon&r=g","url":"https:\/\/secure.gravatar.com\/avatar\/5bdc85640092297cabef9e4e9fafa5d0f6fdc4d68bde6549c358b1419521e8f3?s=96&d=identicon&r=g","contentUrl":"https:\/\/secure.gravatar.com\/avatar\/5bdc85640092297cabef9e4e9fafa5d0f6fdc4d68bde6549c358b1419521e8f3?s=96&d=identicon&r=g","caption":"Quentin Perissinotto"},"description":"Kundenberater und Schriftsteller, Quentin Perissinotto ist Literaturkritiker f\u00fcr Le Regard Libre.","sameAs":["https:\/\/fr.wikipedia.org\/wiki\/Le_Regard_libre"],"url":"https:\/\/leregardlibre.com\/de\/author\/quentin-perissinotto\/"}]}},"_links":{"self":[{"href":"https:\/\/leregardlibre.com\/de\/wp-json\/wp\/v2\/posts\/512578","targetHints":{"allow":["GET"]}}],"collection":[{"href":"https:\/\/leregardlibre.com\/de\/wp-json\/wp\/v2\/posts"}],"about":[{"href":"https:\/\/leregardlibre.com\/de\/wp-json\/wp\/v2\/types\/post"}],"author":[{"embeddable":true,"href":"https:\/\/leregardlibre.com\/de\/wp-json\/wp\/v2\/users\/213"}],"replies":[{"embeddable":true,"href":"https:\/\/leregardlibre.com\/de\/wp-json\/wp\/v2\/comments?post=512578"}],"version-history":[{"count":2,"href":"https:\/\/leregardlibre.com\/de\/wp-json\/wp\/v2\/posts\/512578\/revisions"}],"predecessor-version":[{"id":513225,"href":"https:\/\/leregardlibre.com\/de\/wp-json\/wp\/v2\/posts\/512578\/revisions\/513225"}],"wp:featuredmedia":[{"embeddable":true,"href":"https:\/\/leregardlibre.com\/de\/wp-json\/wp\/v2\/media\/512580"}],"wp:attachment":[{"href":"https:\/\/leregardlibre.com\/de\/wp-json\/wp\/v2\/media?parent=512578"}],"wp:term":[{"taxonomy":"category","embeddable":true,"href":"https:\/\/leregardlibre.com\/de\/wp-json\/wp\/v2\/categories?post=512578"},{"taxonomy":"post_tag","embeddable":true,"href":"https:\/\/leregardlibre.com\/de\/wp-json\/wp\/v2\/tags?post=512578"}],"curies":[{"name":"wp","href":"https:\/\/api.w.org\/{rel}","templated":true}]}}