{"id":513087,"date":"2022-10-18T06:00:00","date_gmt":"2022-10-18T04:00:00","guid":{"rendered":"https:\/\/leregardlibre.com\/?p=513087"},"modified":"2023-06-16T16:30:13","modified_gmt":"2023-06-16T14:30:13","slug":"wenn-eugene-mit-nicolae-ceausescu-abrechnet","status":"publish","type":"post","link":"https:\/\/leregardlibre.com\/de\/literatur\/wenn-eugene-mit-nicolae-ceausescu-abrechnet\/","title":{"rendered":"Wenn Eugene mit Nicolae Ceau\u0219escu abrechnet"},"content":{"rendered":"<p class=\"has-drop-cap\"><strong>In einem an den rum\u00e4nischen Diktator gerichteten Brief zeichnet der Autor seine Beziehung zu diesem Schatten nach, der \u00fcber seiner Existenz und seinem Weg als Migrant lag. Ein markantes Zeugnis, das zwischen einem Theatertext und einem offenen Brief angesiedelt ist.<\/strong><\/p>\n\n\n\n<!--more LIRE LA RECENSION (EN LIBRE ACC\u00c8S)-->\n\n\n\n<p>\u00abRelativ fr\u00fch wurde mir klar, dass meine Erinnerungen, meine Kindheit, mein ganzes fr\u00fcheres Leben zum kommunistischen Jurassic Park geh\u00f6rten, der mit der Idee von Jugoslawien verschwunden und begraben war\u00bb, schrieb Velibor \u0106oli\u0107 in seiner Erz\u00e4hlung <em>Jesus und Tito<\/em>. Der in Bosnien und Herzegowina geborene Velibor \u0106oli\u0107 verbrachte seine Kindheit - wie der Titel der Erz\u00e4hlung andeutet - umgeben von Bildern des kommunistischen Diktators Tito und von Jesus, bevor er 1992 aus den Reihen der bosnischen Armee desertierte und nach Frankreich auswanderte. <\/p>\n\n\n\n<p>Eines der Merkmale totalit\u00e4rer Regime ist die Einf\u00fchrung eines Personenkults um den charismatischen F\u00fchrer. Die Bev\u00f6lkerung wird indoktriniert, die Diktatoren lesen Texte, die sie selbst verfasst haben, und auf Propagandapostern werden sie als \u00dcbermenschen dargestellt... Die manipulativen Instrumente sind zahlreich und wirksam, um die Einwohner eines Landes, das mit eiserner Hand regiert wird, zu konditionieren. Der Autor von <em>Jesus und Tito<\/em>, Wie andere Schriftsteller, die unter \u00e4hnlichen Bedingungen gelebt haben, blickt er auf seine Vergangenheit zur\u00fcck und erz\u00e4hlt, wie der jugoslawische Diktator auf die eine oder andere Weise ein Teil seiner Familie und seines Lebens war. Und zwar von Kindheit an.<\/p>\n\n\n\n<h3 class=\"wp-block-heading\"><strong>Blick in die Vergangenheit<\/strong><\/h3>\n\n\n\n<p>Der Waadtl\u00e4nder Schriftsteller rum\u00e4nischer Abstammung Eug\u00e8ne - mit vollem Namen Eug\u00e8ne Meiltz - ver\u00f6ffentlichte das Buch \"Der Weg zur\u00fcck in die Vergangenheit\", in dem er sich mit einer Person austauscht, die sein Leben gepr\u00e4gt hat. <em>Brief an meinen Diktator <\/em>im Slaktine Verlag ver\u00f6ffentlicht. Nach <em>Das Tal der Jugend <\/em>(La Joie de Lire, 2007) und <em>Das Mammut und der Virus <\/em>(Slatkine, 2020) \u00f6ffnet uns der Autor weiterhin die T\u00fcren zu seinem Leben, indem er einen offenen Brief an \u00abNicolae\u00bb schreibt. Einem Mann, der kein anderer ist als der rum\u00e4nische Diktator Nicolae Ceau\u0219escu, der auch \u00abDie Donau des Denkens\u00bb oder \u00abConduc\u0103tor\u00bb genannt wird.<\/p>\n\n\n\n<p>Als er diesen Brief schreibt, ist Eugene 52 Jahre alt. Der Autor kam im Alter von sechs Jahren zu seinen Eltern in die Schweiz, die vor dem kommunistischen Regime in Rum\u00e4nien fliehen konnten - eine Episode, die in dem Brief erz\u00e4hlt wird - und hat hier sein Leben, seine Erfahrungen, seine Liebe und seine Freundschaften aufgebaut. Aber trotz der zeitlichen und geografischen Distanz hat Eugene nicht aufgeh\u00f6rt, mit diesem Diktator, vor dem er geflohen ist, einen Dialog zu f\u00fchren oder mit Rum\u00e4nien gleichgesetzt zu werden. Ein Land, zu dem er eine zwiesp\u00e4ltige Beziehung zwischen Verbundenheit und Fremdheit unterh\u00e4lt und das er zu verschiedenen Zeitpunkten seines Lebens mehrmals besucht.<\/p>\n\n\n\n<p>Das Werk, das die Form eines Briefes annimmt, ist eine lange Adresse an diesen \u00abNicolae\u00bb, den der Autor nicht z\u00f6gert, zu duzen, zu befragen, herauszufordern, zu verspotten und sogar zu danken. Unter dem Anschein eines theatralischen Monologs ist dieser <em>Brief an meinen Diktator <\/em>umfasst andere literarische Formen: Erz\u00e4hlungen von historischen Episoden, ein Telegramm, Dialoge, offene Briefe und sogar ein kurzes Theaterst\u00fcck mit dem Titel <em>Der Prozess des Ehepaars Ceau\u0219escu. Tragikom\u00f6die in einem Akt<\/em>.<\/p>\n\n\n\n<p>Aber warum sollte man dieses Buch schreiben, und noch mehr, warum jetzt? Der Autor beginnt seinen Text mit einer Art Bilanz (\u00fcber sein Leben, sein Werk...). Eine zyklische Bilanz, die am Ende des Buches ausf\u00fchrlicher dargestellt wird und die Erz\u00e4hlung erg\u00e4nzt und abschlie\u00dft.  Zu Beginn des Briefes geht Eugene auf seine Beziehung zu Nicolae ein und spricht von einer gewissen \u00abSchuld\u00bb, die er dem Diktator gegen\u00fcber hat. Dieser Brief ist also f\u00fcr den Autor ein Mittel, um mit dem rum\u00e4nischen Tyrannen abzurechnen, aber auch eine M\u00f6glichkeit f\u00fcr den Schriftsteller, seinen Lebensweg niederzuschreiben und ihn mit der Geschichte zu verkn\u00fcpfen. Und letztlich ist es auch eine Gelegenheit f\u00fcr Eugene, sich wie ein Theaterschauspieler vor den Lesern zu enth\u00fcllen.<\/p>\n\n\n\n<blockquote class=\"wp-block-quote is-layout-flow wp-block-quote-is-layout-flow\"><p>\u00abIch bin jemand geworden, den du wahrscheinlich nicht gemocht h\u00e4ttest. Meine Geschichten beschw\u00f6ren die Absurdit\u00e4t der Welt herauf. Ich liebe die Ironie und halte Selbstironie f\u00fcr heilsam. Kurz gesagt, ich lege gro\u00dfen Wert darauf, nichts mit dir gemeinsam zu haben. Dennoch schulde ich dir etwas. Ich habe eine Schuld. Verst\u00f6rend und irritierend\u00bb.\u00bb<\/p><\/blockquote>\n\n\n\n<form method=\"post\" action=\"https:\/\/newsletter.infomaniak.com\/external\/submit\" class=\"inf-form\" target=\"_blank\"><input type=\"email\" name=\"email\" style=\"display:none\"><input type=\"hidden\" name=\"key\" value=\"eyJpdiI6IlZXRVJGMlRGQUU2alNqUE81bitIUk5adnNVa0c4MllFTStzOHdHT1FQZ3c9IiwidmFsdWUiOiJIYzhwMUVCK1pTNnlhY3MyMmhuZlhReWJqemEwNk93blMxTjFHc0s2VHZrPSIsIm1hYyI6ImVhYTQ5N2I1M2NiYWE4NzBm Njk2NzgzYjliM2Y5NmYzM2E2ZmU3NGQxNTU1ZDFkMTU1MzY5NTdjYjE3ZTJmNTUifQ==\"><input type=\"hidden\" name=\"webform_id\" value=\"7291\"><style> .inf-main_3000311ca56a1cb93397bc676c0b7fff{ background-color:#f5f5f5; padding:25px 20px; margin:25px auto; } .inf-main_3000311ca56a1cb93397bc676c0b7fff .inf-content { margin-top:13px;} .inf-main_3000311ca56a1cb93397bc676c0b7fff h4, .inf-main_3000311ca56a1cb93397bc676c0b7fff span, .inf- main_3000311ca56a1cb93397bc676c0b7fff label, .inf-main_3000311ca56a1cb93397bc676c0b7fff input, .inf-main_3000311ca56a1cb93397bc676c0b7fff .inf-submit, .inf-main_3000311ca56a1cb93397bc676c0b7fff .inf-success p a { color:#555555; font-size:14px; } .inf-main_3000311ca56a1cb93397bc676c0b7fff h4{ font-size:18px; margin:0px 0px 13px 0px; } .inf-main_3000311ca56a1cb93397bc676c0b7fff h4, .inf-main_3000311ca56a1cb93397bc676c0b7fff label{ font-weight:bold; } .inf- main_3000311ca56a1cb93397bc676c0b7fff .inf-input { margin-bottom:7px; } .inf-main_3000311ca56a1cb93397bc676c0b7fff label { display:block;} .inf-main_3000311ca56a1cb93397bc676c0b7fff input{ height:35px; color:#999999; border: 1px solid #E9E9E9; border:none; padding-left:7px; } .inf-main_3000311ca56a1cb93397bc676c0b7fff .inf-input.inf-error label, .inf-main_3000311ca56a1cb93397bc676c0b7fff .inf-input.inf-error span.inf-message{ color: #cc0033; } .inf- main_3000311ca56a1cb93397bc676c0b7fff .inf-input.inf-error input{ border: 1px solid #cc0033; } .inf-main_3000311ca56a1cb93397bc676c0b7fff .inf-input input { width:100%;} .inf-main_3000311ca56a1cb93397bc676c0b7fff .inf-input.inf-error span.inf-message { display: block; } .inf-main_3000311ca56a1cb93397bc676c0b7fff .inf-submit { text-align:right;} .inf-main_3000311ca56a1cb93397bc676c0b7fff .inf-submit input{ background-color:#777777; color:#ffffff; border:none; font-weight: normal; height:auto; padding:7px; } .inf-main_3000311ca56a1cb93397bc676c0b7fff .inf-submit input.disabled{ opacity: 0.4; } .inf-btn { color: rgb(85, 85, 85); border: medium none; font-weight: normal; height: auto; padding: 7px; display: inline- block; background-color: white; box-shadow: 0px 1px 1px rgba(0, 0, 0, 0.24); border-radius: 2px; line-height: 1em; } .inf-rgpd { margin:25px 0px 15px 0px; color:#555555; } <\/style> <div class=\"inf-main_3000311ca56a1cb93397bc676c0b7fff\"> <h4>NEWSLETTER DES FREIEN BLICKS<\/h4> <span>Erhalten Sie unsere Artikel jeden Sonntag.<\/span> <div class=\"inf-success\" style=\"display:none\"> <h4>Ihre Anmeldung f\u00fcr unseren w\u00f6chentlichen Newsletter wurde erfolgreich registriert!<\/h4> <p> <a href=\"#\" class=\"inf-btn\">\u00ab<\/a> <\/p> <\/div> <div class=\"inf-content\"> <div class=\"inf-input inf-input-text\"> <input type=\"text\" name=\"inf[1]\" data-inf-meta=\"1\" data-inf-error=\"Merci de renseigner une adresse email\" required=\"required\" placeholder=\"E-Mail\"> <\/div> <div class=\"inf-submit\"> <input type=\"submit\" name=\"\" value=\"Anmelden\"> <\/div> <\/div> <\/div> <\/form>\n\n\n\n<h3 class=\"wp-block-heading\"><strong>Offener Brief und Geschichte<\/strong><\/h3>\n\n\n\n<p><em>Brief an meinen Diktator <\/em>ist ein hybrides Werk: sowohl ein intimer Briefwechsel zwischen dem Autor und einem Verschwundenen, dem Diktator Ceau\u0219escu, als auch die Enth\u00fcllung (und Adressierung) dieses Briefwechsels an ein breiteres Publikum (die Leser). Innerhalb der Korrespondenz zeichnet der Autor einige wichtige historische Ereignisse in Rum\u00e4nien nach, wie den Besuch von Charles de Gaulle w\u00e4hrend der Ereignisse im Mai 68 in Rum\u00e4nien, die rum\u00e4nische Revolution von 1989, die Aff\u00e4re um die Massengr\u00e4ber von Timi\u0219oara...<\/p>\n\n\n\n<p>Man erf\u00e4hrt unter anderem, dass Nicolae Ceau\u0219escu im Laufe des Jahres 1989 mehrere offene Briefe von Politikern, dem Dichter Dan De\u0219liu und anderen, die das Regime kritisierten, erhielt. Das Besondere an diesen Sendungen war - abgesehen davon, dass sie in einem kommunistischen Land verboten und zensiert waren -, dass sie auf Radio Free Europe (mit Sitz im damaligen M\u00fcnchen, Westdeutschland) verlesen wurden. Dies unterstreicht die Besonderheit dieser Schriften (und des Buches des Autors): Die Briefe wurden verfasst, um gelesen zu werden... laut. Es ist, als w\u00fcrde man laut aussprechen, was unter der Diktatur verschwiegen wird.<\/p>\n\n\n\n<blockquote class=\"wp-block-quote is-layout-flow wp-block-quote-is-layout-flow\"><p>\u00abMein Brief an meinen Diktator ist nicht der erste, den ich verfasst habe: Politikveteranen, ein Dichter, Anonyme. Mein Schritt ist Teil einer Art Tradition. Ich verneige mich vor dem Mut meiner Vorg\u00e4nger. Sie haben dir geschrieben <em>zu deinen Lebzeiten<\/em> und haben daher ihren Hals riskiert\u00bb.\u00bb<\/p><\/blockquote>\n\n\n\n<h3 class=\"wp-block-heading\"><strong>Das Verh\u00e4ltnis zur Sprache<\/strong><\/h3>\n\n\n\n<p>Eines der markantesten Themen des Buches erweist sich als die Beziehung zur Sprache. Die Autorin, deren erste Sprache Rum\u00e4nisch ist, lernte Franz\u00f6sisch, das zu ihrer \u00abzweiten Muttersprache\u00bb wurde, und frankisierte ihren Vornamen. Diese franz\u00f6sische Sprache, \u00abdie Sprache von Charles de Gaulle\u00bb, findet sich \u00fcbrigens auch im Mund des Vaters wieder, als er mit dem Polizeibeamten spricht, um das Asylrecht zu erhalten. Eine Sprache, in der sich der Autor ausdr\u00fcckt und zur Feder greift.<\/p>\n\n\n\n<p>\u00abFrankreich liebt Ausl\u00e4nder, die Franz\u00f6sisch sprechen\u00bb, schreibt Eug\u00e8ne in seinem Brief \u00fcber die Berichterstattung der franz\u00f6sischen Sender \u00fcber die Ereignisse der rum\u00e4nischen Revolution. Die Rum\u00e4nen sind, wenn \u00fcberhaupt, ein frankophiles Volk und ihre Beziehungen zu Frankreich erweisen sich als eng. Man denke nur an Tristan Tzara, Eug\u00e8ne Ionesco, Emil Cioran oder Dumitru Tsepeneag - um nur einige zu nennen.<\/p>\n\n\n\n<p>In seiner Beziehung zu seinen Sprachen bewegt sich der Autor zwischen zwei Identit\u00e4tsfl\u00fcssen: In Rum\u00e4nien macht ihn seine Beherrschung der Sprache Eminescus in den Augen der Einheimischen verd\u00e4chtig; in der Schweiz wird er st\u00e4ndig auf seine rum\u00e4nische \u00abIdentit\u00e4t\u00bb verwiesen - insbesondere die Klassenkameraden seiner Kindheit, die Eugene mit der Diktatur von Ceau\u0219escu in Verbindung bringen. Diese beiden Sprachen, die sowohl famili\u00e4re als auch soziale Bindungen darstellen, erweisen sich als grundlegend f\u00fcr den Werdegang des Autors und die Geschichte seiner Eltern.<\/p>\n\n\n\n<p>Mit <em>Brief an meinen Diktator<\/em>, Eugene entbl\u00f6\u00dft sich und saldiert seine Geschichte mit Nicolae Ceau\u0219escu. Ein reiches und ergreifendes Zeugnis, das vielleicht, wie <em>Das Tal der Jugend<\/em>, Das Buch k\u00f6nnte f\u00fcr die B\u00fchne adaptiert werden, um den Vorl\u00e4ufern, die diese \u00dcbung inspiriert haben, weiter zu folgen. Das Wort befreien, um mit der Zensur abzurechnen.<\/p>\n\n\n\n<blockquote class=\"wp-block-quote is-layout-flow wp-block-quote-is-layout-flow\"><p>\u00ab[...] Am 6. Juli desselben Jahres [1978] best\u00e4tigte das Innenministerium des Kantons Waadt meinen Erwerb der Schweizer Staatsb\u00fcrgerschaft. Von nun an stammte ich aus Lausanne. In diesem Zuge \u00e4nderte ich auch meinen Vornamen. Zuvor hatte ich \u201cEugen\u201d gehei\u00dfen. Das war mein rum\u00e4nischer Vorname. Aber so wurde mein Vorname auch im Deutschen geschrieben. Das st\u00f6rte mich. Ich hatte nichts gegen die deutsche Sprache, aber ich wollte nicht, dass die Leute denken, ich sei in Z\u00fcrich, Stuttgart oder B\u00fcmplitz geboren. Franz\u00f6sisch war meine zweite Muttersprache. Aus diesem Grund wurde ich offiziell zu \u201cEug\u00e8ne\u201d mit einem tiefen Akzent und einem abschlie\u00dfenden \u201ce\u201d.\u00bb<\/p><\/blockquote>\n\n\n\n<p>Bildnachweis: \u00a9. <a href=\"https:\/\/pixabay.com\/fr\/users\/hpgruesen-2204343\/?utm_source=link-attribution&amp;utm_medium=referral&amp;utm_campaign=image&amp;utm_content=1280226\" target=\"_blank\" rel=\"noreferrer noopener\">Erich Westendarp<\/a>&nbsp;von&nbsp;<a href=\"https:\/\/pixabay.com\/fr\/photos\/bucarest-palais-du-parlement-1280226\/\" target=\"_blank\" rel=\"noreferrer noopener\">Pixabay&nbsp;<\/a><\/p>\n\n\n\n<p><em>Schreiben Sie dem Autor:&nbsp;<a href=\"mailto:ivan.garcia@leregardlibre.com\">ivan.garcia@leregardlibre.com<\/a><\/em><\/p>\n\n\n\n<p><strong>Sie haben gerade einen frei zug\u00e4nglichen Artikel gelesen.&nbsp;<\/strong>Debatten, Analysen, Kulturnachrichten:&nbsp;<a href=\"https:\/\/leregardlibre.com\/de\/abonnement\/\">abonnieren Sie<\/a>&nbsp;um uns zu unterst\u00fctzen und Zugang zu all unseren Inhalten zu erhalten!<\/p>\n\n\n\n<div class=\"wp-block-media-text alignwide is-stacked-on-mobile\" style=\"grid-template-columns:15% auto\"><figure class=\"wp-block-media-text__media\"><img fetchpriority=\"high\" decoding=\"async\" width=\"200\" height=\"364\" src=\"https:\/\/leregardlibre.com\/wp-content\/uploads\/2022\/10\/couv-lettre-eugene.jpeg\" alt=\"\" class=\"wp-image-513088 size-full\" srcset=\"https:\/\/leregardlibre.com\/wp-content\/uploads\/2022\/10\/couv-lettre-eugene.jpeg 200w, https:\/\/leregardlibre.com\/wp-content\/uploads\/2022\/10\/couv-lettre-eugene-165x300.jpeg 165w, https:\/\/leregardlibre.com\/wp-content\/uploads\/2022\/10\/couv-lettre-eugene-82x150.jpeg 82w\" sizes=\"(max-width: 200px) 100vw, 200px\" \/><\/figure><div class=\"wp-block-media-text__content\">\n<p><strong>Eugene&nbsp;<br><em>Brief an meinen Diktator<\/em><br>Slaktine-Verlag&nbsp;<br>2022&nbsp;<br>190 Seiten&nbsp;<\/strong><\/p>\n\n\n\n<div class=\"wp-block-buttons is-layout-flex wp-block-buttons-is-layout-flex\">\n<div class=\"wp-block-button\"><a class=\"wp-block-button__link\" href=\"https:\/\/www.payot.ch\/Detail\/lettre_a_mon_dictateur-eugene_-9782832111420 \">Das Buch bestellen<\/a><\/div>\n<\/div>\n<\/div><\/div>","protected":false},"excerpt":{"rendered":"<p>Dans une lettre adress\u00e9e au dictateur roumain, l\u2019auteur retrace sa relation avec cette ombre qui a plan\u00e9 sur son existence&#8230;<\/p>","protected":false},"author":53,"featured_media":513089,"comment_status":"open","ping_status":"closed","sticky":false,"template":"","format":"standard","meta":{"_acf_changed":false,"footnotes":""},"categories":[20663],"tags":[787259,54879,599730,644358224,644340971,644358225,644342480],"class_list":["post-513087","post","type-post","status-publish","format-standard","has-post-thumbnail","hentry","category-litterature","tag-communisme","tag-critiques-litteraires","tag-dictature","tag-eugene","tag-lettre","tag-roumanie","tag-temoignage"],"acf":[],"yoast_head":"<!-- This site is optimized with the Yoast SEO Premium plugin v27.4 (Yoast SEO v27.4) - https:\/\/yoast.com\/product\/yoast-seo-premium-wordpress\/ -->\n<title>Quand Eug\u00e8ne r\u00e8gle ses comptes avec Nicolae Ceau\u0219escu<\/title>\n<meta name=\"description\" content=\"Dans une lettre adress\u00e9e au dictateur roumain, l\u2019auteur retrace sa relation avec cette ombre qui a plan\u00e9 sur son existence. A Lire.\" \/>\n<meta name=\"robots\" content=\"index, follow, max-snippet:-1, max-image-preview:large, max-video-preview:-1\" \/>\n<link rel=\"canonical\" href=\"https:\/\/leregardlibre.com\/de\/literatur\/wenn-eugene-mit-nicolae-ceausescu-abrechnet\/\" \/>\n<meta property=\"og:locale\" content=\"de_DE\" \/>\n<meta property=\"og:type\" content=\"article\" \/>\n<meta property=\"og:title\" content=\"Quand Eug\u00e8ne r\u00e8gle ses comptes avec Nicolae Ceau\u0219escu\" \/>\n<meta property=\"og:description\" content=\"Dans une lettre adress\u00e9e au dictateur roumain, l\u2019auteur retrace sa relation avec cette ombre qui a plan\u00e9 sur son existence. A Lire.\" \/>\n<meta property=\"og:url\" content=\"https:\/\/leregardlibre.com\/de\/literatur\/wenn-eugene-mit-nicolae-ceausescu-abrechnet\/\" \/>\n<meta property=\"og:site_name\" content=\"Le Regard Libre\" \/>\n<meta property=\"article:publisher\" content=\"https:\/\/www.facebook.com\/leregardlibre\/\" \/>\n<meta property=\"article:published_time\" content=\"2022-10-18T04:00:00+00:00\" \/>\n<meta property=\"article:modified_time\" content=\"2023-06-16T14:30:13+00:00\" \/>\n<meta property=\"og:image\" content=\"https:\/\/leregardlibre.com\/wp-content\/uploads\/2022\/10\/bucharest-g90d761231_1920.jpg\" \/>\n\t<meta property=\"og:image:width\" content=\"1920\" \/>\n\t<meta property=\"og:image:height\" content=\"1091\" \/>\n\t<meta property=\"og:image:type\" content=\"image\/jpeg\" \/>\n<meta name=\"author\" content=\"Ivan Garcia\" \/>\n<meta name=\"twitter:card\" content=\"summary_large_image\" \/>\n<meta name=\"twitter:creator\" content=\"@LeRegardLibre\" \/>\n<meta name=\"twitter:site\" content=\"@LeRegardLibre\" \/>\n<meta name=\"twitter:label1\" content=\"Verfasst von\" \/>\n\t<meta name=\"twitter:data1\" content=\"Ivan Garcia\" \/>\n\t<meta name=\"twitter:label2\" content=\"Gesch\u00e4tzte Lesezeit\" \/>\n\t<meta name=\"twitter:data2\" content=\"8\u00a0Minuten\" \/>\n<script type=\"application\/ld+json\" class=\"yoast-schema-graph\">{\"@context\":\"https:\\\/\\\/schema.org\",\"@graph\":[{\"@type\":\"Article\",\"@id\":\"https:\\\/\\\/leregardlibre.com\\\/litterature\\\/quand-eugene-regle-ses-comptes-avec-nicolae-ceausescu%ef%bf%bc\\\/#article\",\"isPartOf\":{\"@id\":\"https:\\\/\\\/leregardlibre.com\\\/litterature\\\/quand-eugene-regle-ses-comptes-avec-nicolae-ceausescu%ef%bf%bc\\\/\"},\"author\":{\"name\":\"Ivan Garcia\",\"@id\":\"https:\\\/\\\/leregardlibre.com\\\/#\\\/schema\\\/person\\\/d80dd0028be8739b0c3bed60e131e94a\"},\"headline\":\"Quand Eug\u00e8ne r\u00e8gle ses comptes avec Nicolae Ceau\u0219escu\",\"datePublished\":\"2022-10-18T04:00:00+00:00\",\"dateModified\":\"2023-06-16T14:30:13+00:00\",\"mainEntityOfPage\":{\"@id\":\"https:\\\/\\\/leregardlibre.com\\\/litterature\\\/quand-eugene-regle-ses-comptes-avec-nicolae-ceausescu%ef%bf%bc\\\/\"},\"wordCount\":1586,\"commentCount\":0,\"publisher\":{\"@id\":\"https:\\\/\\\/leregardlibre.com\\\/#organization\"},\"image\":{\"@id\":\"https:\\\/\\\/leregardlibre.com\\\/litterature\\\/quand-eugene-regle-ses-comptes-avec-nicolae-ceausescu%ef%bf%bc\\\/#primaryimage\"},\"thumbnailUrl\":\"https:\\\/\\\/leregardlibre.com\\\/wp-content\\\/uploads\\\/2022\\\/10\\\/bucharest-g90d761231_1920.jpg\",\"keywords\":[\"Communisme\",\"Critique litt\u00e9raire\",\"Dictature\",\"Eug\u00e8ne\",\"Lettre\",\"Roumanie\",\"T\u00e9moignage\"],\"articleSection\":[\"Litt\u00e9rature\"],\"inLanguage\":\"de\",\"potentialAction\":[{\"@type\":\"CommentAction\",\"name\":\"Comment\",\"target\":[\"https:\\\/\\\/leregardlibre.com\\\/litterature\\\/quand-eugene-regle-ses-comptes-avec-nicolae-ceausescu%ef%bf%bc\\\/#respond\"]}]},{\"@type\":\"WebPage\",\"@id\":\"https:\\\/\\\/leregardlibre.com\\\/litterature\\\/quand-eugene-regle-ses-comptes-avec-nicolae-ceausescu%ef%bf%bc\\\/\",\"url\":\"https:\\\/\\\/leregardlibre.com\\\/litterature\\\/quand-eugene-regle-ses-comptes-avec-nicolae-ceausescu%ef%bf%bc\\\/\",\"name\":\"Quand Eug\u00e8ne r\u00e8gle ses comptes avec Nicolae Ceau\u0219escu\",\"isPartOf\":{\"@id\":\"https:\\\/\\\/leregardlibre.com\\\/#website\"},\"primaryImageOfPage\":{\"@id\":\"https:\\\/\\\/leregardlibre.com\\\/litterature\\\/quand-eugene-regle-ses-comptes-avec-nicolae-ceausescu%ef%bf%bc\\\/#primaryimage\"},\"image\":{\"@id\":\"https:\\\/\\\/leregardlibre.com\\\/litterature\\\/quand-eugene-regle-ses-comptes-avec-nicolae-ceausescu%ef%bf%bc\\\/#primaryimage\"},\"thumbnailUrl\":\"https:\\\/\\\/leregardlibre.com\\\/wp-content\\\/uploads\\\/2022\\\/10\\\/bucharest-g90d761231_1920.jpg\",\"datePublished\":\"2022-10-18T04:00:00+00:00\",\"dateModified\":\"2023-06-16T14:30:13+00:00\",\"description\":\"Dans une lettre adress\u00e9e au dictateur roumain, l\u2019auteur retrace sa relation avec cette ombre qui a plan\u00e9 sur son existence. A Lire.\",\"breadcrumb\":{\"@id\":\"https:\\\/\\\/leregardlibre.com\\\/litterature\\\/quand-eugene-regle-ses-comptes-avec-nicolae-ceausescu%ef%bf%bc\\\/#breadcrumb\"},\"inLanguage\":\"de\",\"potentialAction\":[{\"@type\":\"ReadAction\",\"target\":[\"https:\\\/\\\/leregardlibre.com\\\/litterature\\\/quand-eugene-regle-ses-comptes-avec-nicolae-ceausescu%ef%bf%bc\\\/\"]}]},{\"@type\":\"ImageObject\",\"inLanguage\":\"de\",\"@id\":\"https:\\\/\\\/leregardlibre.com\\\/litterature\\\/quand-eugene-regle-ses-comptes-avec-nicolae-ceausescu%ef%bf%bc\\\/#primaryimage\",\"url\":\"https:\\\/\\\/leregardlibre.com\\\/wp-content\\\/uploads\\\/2022\\\/10\\\/bucharest-g90d761231_1920.jpg\",\"contentUrl\":\"https:\\\/\\\/leregardlibre.com\\\/wp-content\\\/uploads\\\/2022\\\/10\\\/bucharest-g90d761231_1920.jpg\",\"width\":1920,\"height\":1091,\"caption\":\"Le palais du Parlement roumain, construit par l\u2019architecte Anca Petrescu. Cet \u00e9difice, souhait\u00e9 par Nicolae Ceau\u0219escu et appel\u00e9 \u00e0 l\u2019origine \u00ab La Maison du peuple \u00bb, compte parmi les plus imposants b\u00e2timents du monde.\"},{\"@type\":\"BreadcrumbList\",\"@id\":\"https:\\\/\\\/leregardlibre.com\\\/litterature\\\/quand-eugene-regle-ses-comptes-avec-nicolae-ceausescu%ef%bf%bc\\\/#breadcrumb\",\"itemListElement\":[{\"@type\":\"ListItem\",\"position\":1,\"name\":\"Accueil\",\"item\":\"https:\\\/\\\/leregardlibre.com\\\/\"},{\"@type\":\"ListItem\",\"position\":2,\"name\":\"Quand Eug\u00e8ne r\u00e8gle ses comptes avec Nicolae Ceau\u0219escu\"}]},{\"@type\":\"WebSite\",\"@id\":\"https:\\\/\\\/leregardlibre.com\\\/#website\",\"url\":\"https:\\\/\\\/leregardlibre.com\\\/\",\"name\":\"Le Regard Libre\",\"description\":\"Premier mensuel suisse de d\u00e9bat\",\"publisher\":{\"@id\":\"https:\\\/\\\/leregardlibre.com\\\/#organization\"},\"potentialAction\":[{\"@type\":\"SearchAction\",\"target\":{\"@type\":\"EntryPoint\",\"urlTemplate\":\"https:\\\/\\\/leregardlibre.com\\\/?s={search_term_string}\"},\"query-input\":{\"@type\":\"PropertyValueSpecification\",\"valueRequired\":true,\"valueName\":\"search_term_string\"}}],\"inLanguage\":\"de\"},{\"@type\":\"Organization\",\"@id\":\"https:\\\/\\\/leregardlibre.com\\\/#organization\",\"name\":\"Le Regard Libre\",\"url\":\"https:\\\/\\\/leregardlibre.com\\\/\",\"logo\":{\"@type\":\"ImageObject\",\"inLanguage\":\"de\",\"@id\":\"https:\\\/\\\/leregardlibre.com\\\/#\\\/schema\\\/logo\\\/image\\\/\",\"url\":\"https:\\\/\\\/leregardlibre.com\\\/wp-content\\\/uploads\\\/2025\\\/08\\\/logo-rl-icone-neg.jpeg\",\"contentUrl\":\"https:\\\/\\\/leregardlibre.com\\\/wp-content\\\/uploads\\\/2025\\\/08\\\/logo-rl-icone-neg.jpeg\",\"width\":557,\"height\":556,\"caption\":\"Le Regard Libre\"},\"image\":{\"@id\":\"https:\\\/\\\/leregardlibre.com\\\/#\\\/schema\\\/logo\\\/image\\\/\"},\"sameAs\":[\"https:\\\/\\\/www.facebook.com\\\/leregardlibre\\\/\",\"https:\\\/\\\/x.com\\\/LeRegardLibre\",\"https:\\\/\\\/www.linkedin.com\\\/company\\\/le-regard-libre\",\"https:\\\/\\\/www.instagram.com\\\/leregardlibre\\\/\",\"http:\\\/\\\/t.me\\\/leregardlibre\",\"https:\\\/\\\/youtube.com\\\/channel\\\/UC6HzGPomj1LsUmlz-sJtITQ\"],\"description\":\"Le Regard Libre est un mensuel suisse de d\u00e9bat intellectuel et culturel. Sa r\u00e9daction est jeune, b\u00e9n\u00e9vole, lib\u00e9rale et pluraliste. Le magazine para\u00eet en ligne et sous forme papier. Sa langue est le fran\u00e7ais.\",\"email\":\"redaction@leregardlibre.com\",\"legalName\":\"Le Regard Libre\",\"foundingDate\":\"2014-01-01\",\"numberOfEmployees\":{\"@type\":\"QuantitativeValue\",\"minValue\":\"11\",\"maxValue\":\"50\"},\"publishingPrinciples\":\"https:\\\/\\\/leregardlibre.com\\\/a-propos\\\/notre-manifeste\\\/\",\"ownershipFundingInfo\":\"https:\\\/\\\/leregardlibre.com\\\/mentions-legales\\\/\",\"actionableFeedbackPolicy\":\"https:\\\/\\\/leregardlibre.com\\\/conditions-generales-de-vente\\\/\"},{\"@type\":\"Person\",\"@id\":\"https:\\\/\\\/leregardlibre.com\\\/#\\\/schema\\\/person\\\/d80dd0028be8739b0c3bed60e131e94a\",\"name\":\"Ivan Garcia\",\"image\":{\"@type\":\"ImageObject\",\"inLanguage\":\"de\",\"@id\":\"https:\\\/\\\/secure.gravatar.com\\\/avatar\\\/8d1951260e83d4b801d564ae27e751dece8ced40a4256105c3a960ddb6c32ee8?s=96&d=identicon&r=g\",\"url\":\"https:\\\/\\\/secure.gravatar.com\\\/avatar\\\/8d1951260e83d4b801d564ae27e751dece8ced40a4256105c3a960ddb6c32ee8?s=96&d=identicon&r=g\",\"contentUrl\":\"https:\\\/\\\/secure.gravatar.com\\\/avatar\\\/8d1951260e83d4b801d564ae27e751dece8ced40a4256105c3a960ddb6c32ee8?s=96&d=identicon&r=g\",\"caption\":\"Ivan Garcia\"},\"description\":\"Editeur Web au journal Le Temps et stagiaire en enseignement, Ivan Garcia est le responsable de la rubrique Litt\u00e9rature du Regard Libre, o\u00f9 il \u00e9crit r\u00e9guli\u00e8rement.\",\"sameAs\":[\"https:\\\/\\\/leregardlibre.com\\\/\",\"https:\\\/\\\/fr.wikipedia.org\\\/wiki\\\/Le_Regard_libre\"],\"url\":\"https:\\\/\\\/leregardlibre.com\\\/de\\\/author\\\/ivan-garcia-ig89\\\/\"}]}<\/script>\n<!-- \/ Yoast SEO Premium plugin. -->","yoast_head_json":{"title":"Wenn Eugene mit Nicolae Ceau\u0219escu abrechnet","description":"In einem Brief an den rum\u00e4nischen Diktator zeichnet der Autor seine Beziehung zu diesem Schatten nach, der \u00fcber seiner Existenz hing. Lesenswert.","robots":{"index":"index","follow":"follow","max-snippet":"max-snippet:-1","max-image-preview":"max-image-preview:large","max-video-preview":"max-video-preview:-1"},"canonical":"https:\/\/leregardlibre.com\/de\/literatur\/wenn-eugene-mit-nicolae-ceausescu-abrechnet\/","og_locale":"de_DE","og_type":"article","og_title":"Quand Eug\u00e8ne r\u00e8gle ses comptes avec Nicolae Ceau\u0219escu","og_description":"Dans une lettre adress\u00e9e au dictateur roumain, l\u2019auteur retrace sa relation avec cette ombre qui a plan\u00e9 sur son existence. A Lire.","og_url":"https:\/\/leregardlibre.com\/de\/literatur\/wenn-eugene-mit-nicolae-ceausescu-abrechnet\/","og_site_name":"Le Regard Libre","article_publisher":"https:\/\/www.facebook.com\/leregardlibre\/","article_published_time":"2022-10-18T04:00:00+00:00","article_modified_time":"2023-06-16T14:30:13+00:00","og_image":[{"width":1920,"height":1091,"url":"https:\/\/leregardlibre.com\/wp-content\/uploads\/2022\/10\/bucharest-g90d761231_1920.jpg","type":"image\/jpeg"}],"author":"Ivan Garcia","twitter_card":"summary_large_image","twitter_creator":"@LeRegardLibre","twitter_site":"@LeRegardLibre","twitter_misc":{"Verfasst von":"Ivan Garcia","Gesch\u00e4tzte Lesezeit":"8\u00a0Minuten"},"schema":{"@context":"https:\/\/schema.org","@graph":[{"@type":"Article","@id":"https:\/\/leregardlibre.com\/litterature\/quand-eugene-regle-ses-comptes-avec-nicolae-ceausescu%ef%bf%bc\/#article","isPartOf":{"@id":"https:\/\/leregardlibre.com\/litterature\/quand-eugene-regle-ses-comptes-avec-nicolae-ceausescu%ef%bf%bc\/"},"author":{"name":"Ivan Garcia","@id":"https:\/\/leregardlibre.com\/#\/schema\/person\/d80dd0028be8739b0c3bed60e131e94a"},"headline":"Quand Eug\u00e8ne r\u00e8gle ses comptes avec Nicolae Ceau\u0219escu","datePublished":"2022-10-18T04:00:00+00:00","dateModified":"2023-06-16T14:30:13+00:00","mainEntityOfPage":{"@id":"https:\/\/leregardlibre.com\/litterature\/quand-eugene-regle-ses-comptes-avec-nicolae-ceausescu%ef%bf%bc\/"},"wordCount":1586,"commentCount":0,"publisher":{"@id":"https:\/\/leregardlibre.com\/#organization"},"image":{"@id":"https:\/\/leregardlibre.com\/litterature\/quand-eugene-regle-ses-comptes-avec-nicolae-ceausescu%ef%bf%bc\/#primaryimage"},"thumbnailUrl":"https:\/\/leregardlibre.com\/wp-content\/uploads\/2022\/10\/bucharest-g90d761231_1920.jpg","keywords":["Communisme","Critique litt\u00e9raire","Dictature","Eug\u00e8ne","Lettre","Roumanie","T\u00e9moignage"],"articleSection":["Litt\u00e9rature"],"inLanguage":"de","potentialAction":[{"@type":"CommentAction","name":"Comment","target":["https:\/\/leregardlibre.com\/litterature\/quand-eugene-regle-ses-comptes-avec-nicolae-ceausescu%ef%bf%bc\/#respond"]}]},{"@type":"WebPage","@id":"https:\/\/leregardlibre.com\/litterature\/quand-eugene-regle-ses-comptes-avec-nicolae-ceausescu%ef%bf%bc\/","url":"https:\/\/leregardlibre.com\/litterature\/quand-eugene-regle-ses-comptes-avec-nicolae-ceausescu%ef%bf%bc\/","name":"Wenn Eugene mit Nicolae Ceau\u0219escu abrechnet","isPartOf":{"@id":"https:\/\/leregardlibre.com\/#website"},"primaryImageOfPage":{"@id":"https:\/\/leregardlibre.com\/litterature\/quand-eugene-regle-ses-comptes-avec-nicolae-ceausescu%ef%bf%bc\/#primaryimage"},"image":{"@id":"https:\/\/leregardlibre.com\/litterature\/quand-eugene-regle-ses-comptes-avec-nicolae-ceausescu%ef%bf%bc\/#primaryimage"},"thumbnailUrl":"https:\/\/leregardlibre.com\/wp-content\/uploads\/2022\/10\/bucharest-g90d761231_1920.jpg","datePublished":"2022-10-18T04:00:00+00:00","dateModified":"2023-06-16T14:30:13+00:00","description":"In einem Brief an den rum\u00e4nischen Diktator zeichnet der Autor seine Beziehung zu diesem Schatten nach, der \u00fcber seiner Existenz hing. Lesenswert.","breadcrumb":{"@id":"https:\/\/leregardlibre.com\/litterature\/quand-eugene-regle-ses-comptes-avec-nicolae-ceausescu%ef%bf%bc\/#breadcrumb"},"inLanguage":"de","potentialAction":[{"@type":"ReadAction","target":["https:\/\/leregardlibre.com\/litterature\/quand-eugene-regle-ses-comptes-avec-nicolae-ceausescu%ef%bf%bc\/"]}]},{"@type":"ImageObject","inLanguage":"de","@id":"https:\/\/leregardlibre.com\/litterature\/quand-eugene-regle-ses-comptes-avec-nicolae-ceausescu%ef%bf%bc\/#primaryimage","url":"https:\/\/leregardlibre.com\/wp-content\/uploads\/2022\/10\/bucharest-g90d761231_1920.jpg","contentUrl":"https:\/\/leregardlibre.com\/wp-content\/uploads\/2022\/10\/bucharest-g90d761231_1920.jpg","width":1920,"height":1091,"caption":"Le palais du Parlement roumain, construit par l\u2019architecte Anca Petrescu. Cet \u00e9difice, souhait\u00e9 par Nicolae Ceau\u0219escu et appel\u00e9 \u00e0 l\u2019origine \u00ab La Maison du peuple \u00bb, compte parmi les plus imposants b\u00e2timents du monde."},{"@type":"BreadcrumbList","@id":"https:\/\/leregardlibre.com\/litterature\/quand-eugene-regle-ses-comptes-avec-nicolae-ceausescu%ef%bf%bc\/#breadcrumb","itemListElement":[{"@type":"ListItem","position":1,"name":"Accueil","item":"https:\/\/leregardlibre.com\/"},{"@type":"ListItem","position":2,"name":"Quand Eug\u00e8ne r\u00e8gle ses comptes avec Nicolae Ceau\u0219escu"}]},{"@type":"WebSite","@id":"https:\/\/leregardlibre.com\/#website","url":"https:\/\/leregardlibre.com\/","name":"Le Regard Libre","description":"Erste Schweizer Monatszeitschrift f\u00fcr Debatten","publisher":{"@id":"https:\/\/leregardlibre.com\/#organization"},"potentialAction":[{"@type":"SearchAction","target":{"@type":"EntryPoint","urlTemplate":"https:\/\/leregardlibre.com\/?s={search_term_string}"},"query-input":{"@type":"PropertyValueSpecification","valueRequired":true,"valueName":"search_term_string"}}],"inLanguage":"de"},{"@type":"Organization","@id":"https:\/\/leregardlibre.com\/#organization","name":"Le Regard Libre","url":"https:\/\/leregardlibre.com\/","logo":{"@type":"ImageObject","inLanguage":"de","@id":"https:\/\/leregardlibre.com\/#\/schema\/logo\/image\/","url":"https:\/\/leregardlibre.com\/wp-content\/uploads\/2025\/08\/logo-rl-icone-neg.jpeg","contentUrl":"https:\/\/leregardlibre.com\/wp-content\/uploads\/2025\/08\/logo-rl-icone-neg.jpeg","width":557,"height":556,"caption":"Le Regard Libre"},"image":{"@id":"https:\/\/leregardlibre.com\/#\/schema\/logo\/image\/"},"sameAs":["https:\/\/www.facebook.com\/leregardlibre\/","https:\/\/x.com\/LeRegardLibre","https:\/\/www.linkedin.com\/company\/le-regard-libre","https:\/\/www.instagram.com\/leregardlibre\/","http:\/\/t.me\/leregardlibre","https:\/\/youtube.com\/channel\/UC6HzGPomj1LsUmlz-sJtITQ"],"description":"Le Regard Libre ist eine Schweizer Monatszeitschrift f\u00fcr intellektuelle und kulturelle Debatten. Seine Redaktion ist jung, ehrenamtlich, liberal und pluralistisch. Das Magazin erscheint online und in gedruckter Form. Seine Sprache ist Franz\u00f6sisch.","email":"redaction@leregardlibre.com","legalName":"Le Regard Libre","foundingDate":"2014-01-01","numberOfEmployees":{"@type":"QuantitativeValue","minValue":"11","maxValue":"50"},"publishingPrinciples":"https:\/\/leregardlibre.com\/a-propos\/notre-manifeste\/","ownershipFundingInfo":"https:\/\/leregardlibre.com\/mentions-legales\/","actionableFeedbackPolicy":"https:\/\/leregardlibre.com\/conditions-generales-de-vente\/"},{"@type":"Person","@id":"https:\/\/leregardlibre.com\/#\/schema\/person\/d80dd0028be8739b0c3bed60e131e94a","name":"Ivan Garcia","image":{"@type":"ImageObject","inLanguage":"de","@id":"https:\/\/secure.gravatar.com\/avatar\/8d1951260e83d4b801d564ae27e751dece8ced40a4256105c3a960ddb6c32ee8?s=96&d=identicon&r=g","url":"https:\/\/secure.gravatar.com\/avatar\/8d1951260e83d4b801d564ae27e751dece8ced40a4256105c3a960ddb6c32ee8?s=96&d=identicon&r=g","contentUrl":"https:\/\/secure.gravatar.com\/avatar\/8d1951260e83d4b801d564ae27e751dece8ced40a4256105c3a960ddb6c32ee8?s=96&d=identicon&r=g","caption":"Ivan Garcia"},"description":"Ivan Garcia ist Web-Editor bei der Zeitung Le Temps und Referendar. Er leitet die Literaturrubrik von Le Regard Libre und schreibt dort regelm\u00e4\u00dfig.","sameAs":["https:\/\/leregardlibre.com\/","https:\/\/fr.wikipedia.org\/wiki\/Le_Regard_libre"],"url":"https:\/\/leregardlibre.com\/de\/author\/ivan-garcia-ig89\/"}]}},"_links":{"self":[{"href":"https:\/\/leregardlibre.com\/de\/wp-json\/wp\/v2\/posts\/513087","targetHints":{"allow":["GET"]}}],"collection":[{"href":"https:\/\/leregardlibre.com\/de\/wp-json\/wp\/v2\/posts"}],"about":[{"href":"https:\/\/leregardlibre.com\/de\/wp-json\/wp\/v2\/types\/post"}],"author":[{"embeddable":true,"href":"https:\/\/leregardlibre.com\/de\/wp-json\/wp\/v2\/users\/53"}],"replies":[{"embeddable":true,"href":"https:\/\/leregardlibre.com\/de\/wp-json\/wp\/v2\/comments?post=513087"}],"version-history":[{"count":2,"href":"https:\/\/leregardlibre.com\/de\/wp-json\/wp\/v2\/posts\/513087\/revisions"}],"predecessor-version":[{"id":518743,"href":"https:\/\/leregardlibre.com\/de\/wp-json\/wp\/v2\/posts\/513087\/revisions\/518743"}],"wp:featuredmedia":[{"embeddable":true,"href":"https:\/\/leregardlibre.com\/de\/wp-json\/wp\/v2\/media\/513089"}],"wp:attachment":[{"href":"https:\/\/leregardlibre.com\/de\/wp-json\/wp\/v2\/media?parent=513087"}],"wp:term":[{"taxonomy":"category","embeddable":true,"href":"https:\/\/leregardlibre.com\/de\/wp-json\/wp\/v2\/categories?post=513087"},{"taxonomy":"post_tag","embeddable":true,"href":"https:\/\/leregardlibre.com\/de\/wp-json\/wp\/v2\/tags?post=513087"}],"curies":[{"name":"wp","href":"https:\/\/api.w.org\/{rel}","templated":true}]}}