{"id":513210,"date":"2022-10-24T09:32:33","date_gmt":"2022-10-24T07:32:33","guid":{"rendered":"https:\/\/leregardlibre.com\/?p=513210"},"modified":"2022-10-24T09:33:07","modified_gmt":"2022-10-24T07:33:07","slug":"das-fest-der-weinlese-ein-fest-der-lironie","status":"publish","type":"post","link":"https:\/\/leregardlibre.com\/de\/gesellschaft\/das-fest-der-weinlese-ein-fest-der-lironie\/","title":{"rendered":"Die F\u00eate des Vendanges, ein Fest der Ironie"},"content":{"rendered":"<p>Die legend\u00e4re F\u00eate des Vendanges in Neuenburg, ein Tempel der lokalen Genusssucht, feierte nach drei Jahren pandemiebedingter Durststrecke ihr Comeback. Man muss feststellen, dass die Dinge trotz des schlechten Wetters nicht halbherzig gemacht wurden. Es kamen 350.000 Menschen zusammen, um sich fr\u00f6hlich zu betrinken, das sind 50.000 mehr als bei der letzten Ausgabe im Jahr 2019. Und ein absoluter Rekord, der wohl kaum noch zu \u00fcberbieten sein wird. Aber vielleicht gibt es etwas Bemerkenswerteres...<\/p>\n\n\n\n<!--more Lire la suite (en libre acc\u00e8s)-->\n\n\n\n<p>Das Fest der Weinlese ist auch ein Fest der Ironie: Man sagt, man trinke alles, nur keinen Wein. Und vor allem nicht den lokalen Wein, der von den anderen Romands oft verunglimpft wird. Es stimmt, dass die Partyg\u00e4nger eine ausgepr\u00e4gte Tendenz haben, zwanghaft Bier, Gin Tonic oder andere hochprozentige Alkoholika zu sich zu nehmen, die sich in Reichweite ihrer bereits verschwitzten und klebrigen H\u00e4nde befinden. Dieses Klischee ist zwar karikaturistisch, wird aber zumindest teilweise best\u00e4tigt, wenn man von Stand zu Stand schlendert. Das ist leichter gesagt als getan, wenn man die Ellenbogen der Schaulustigen zusammenpresst, Getr\u00e4nke wirft und Pf\u00fctzen mit nicht identifizierten Fl\u00fcssigkeiten bildet, so viele Dinge, die zur Festfolklore geh\u00f6ren.<\/p>\n\n\n\n<p><em>Schreiben Sie dem Autor:&nbsp;<a href=\"mailto:max.moeschler@leregardlibre.com\">max.moeschler@leregardlibre.com<\/a><\/em><\/p>\n\n\n\n<p><strong><strong>Sie haben gerade einen frei zug\u00e4nglichen Artikel gelesen.\u00a0<\/strong>Debatten, Analysen, Kulturnachrichten:\u00a0<a href=\"https:\/\/leregardlibre.com\/de\/abonnement\/\">abonnieren Sie<\/a>\u00a0um uns zu unterst\u00fctzen und Zugang zu all unseren Inhalten zu erhalten!<\/strong><\/p>\n\n\n\n<p>Bild: Foto von der Ausgabe 2022 \u00a9 F\u00eate des Vendanges<\/p>","protected":false},"excerpt":{"rendered":"<p>La l\u00e9gendaire F\u00eate des Vendanges de Neuch\u00e2tel, temple de l\u2019\u00e9picurisme local, a fait son grand retour apr\u00e8s trois ans de&#8230;<\/p>","protected":false},"author":100,"featured_media":513212,"comment_status":"open","ping_status":"closed","sticky":false,"template":"","format":"standard","meta":{"_acf_changed":false,"footnotes":""},"categories":[8796],"tags":[226570,644358105,549264,146140,62044],"class_list":["post-513210","post","type-post","status-publish","format-standard","has-post-thumbnail","hentry","category-societe","tag-alcool","tag-breves-insolites","tag-fete","tag-neuchatel","tag-vin"],"acf":[],"yoast_head":"<!-- This site is optimized with the Yoast SEO Premium plugin v27.4 (Yoast SEO v27.4) - https:\/\/yoast.com\/product\/yoast-seo-premium-wordpress\/ -->\n<title>La F\u00eate des Vendanges, une f\u00eate de l\u2019ironie<\/title>\n<meta name=\"description\" content=\"La F\u00eate des Vendanges de Neuch\u00e2tel a fait son grand retour apr\u00e8s trois ans de disette d\u00fbs \u00e0 la pand\u00e9mie. Avec toujours un m\u00eame paradoxe...\" \/>\n<meta name=\"robots\" content=\"index, follow, max-snippet:-1, max-image-preview:large, max-video-preview:-1\" \/>\n<link rel=\"canonical\" href=\"https:\/\/leregardlibre.com\/de\/gesellschaft\/das-fest-der-weinlese-ein-fest-der-lironie\/\" \/>\n<meta property=\"og:locale\" content=\"de_DE\" \/>\n<meta property=\"og:type\" content=\"article\" \/>\n<meta property=\"og:title\" content=\"La F\u00eate des Vendanges, une f\u00eate de l\u2019ironie\" \/>\n<meta property=\"og:description\" content=\"La F\u00eate des Vendanges de Neuch\u00e2tel a fait son grand retour apr\u00e8s trois ans de disette d\u00fbs \u00e0 la pand\u00e9mie. Avec toujours un m\u00eame paradoxe...\" \/>\n<meta property=\"og:url\" content=\"https:\/\/leregardlibre.com\/de\/gesellschaft\/das-fest-der-weinlese-ein-fest-der-lironie\/\" \/>\n<meta property=\"og:site_name\" content=\"Le Regard Libre\" \/>\n<meta property=\"article:publisher\" content=\"https:\/\/www.facebook.com\/leregardlibre\/\" \/>\n<meta property=\"article:published_time\" content=\"2022-10-24T07:32:33+00:00\" \/>\n<meta property=\"article:modified_time\" content=\"2022-10-24T07:33:07+00:00\" \/>\n<meta property=\"og:image\" content=\"https:\/\/leregardlibre.com\/wp-content\/uploads\/2022\/10\/fete-des-vendanges-2022--fete-des-vendanges-e1666596741867.jpg\" \/>\n\t<meta property=\"og:image:width\" content=\"1920\" \/>\n\t<meta property=\"og:image:height\" content=\"1280\" \/>\n\t<meta property=\"og:image:type\" content=\"image\/jpeg\" \/>\n<meta name=\"author\" content=\"Max Moeschler\" \/>\n<meta name=\"twitter:card\" content=\"summary_large_image\" \/>\n<meta name=\"twitter:creator\" content=\"@LeRegardLibre\" \/>\n<meta name=\"twitter:site\" content=\"@LeRegardLibre\" \/>\n<meta name=\"twitter:label1\" content=\"Verfasst von\" \/>\n\t<meta name=\"twitter:data1\" content=\"Max Moeschler\" \/>\n\t<meta name=\"twitter:label2\" content=\"Gesch\u00e4tzte Lesezeit\" \/>\n\t<meta name=\"twitter:data2\" content=\"2\u00a0Minuten\" \/>\n<script type=\"application\/ld+json\" class=\"yoast-schema-graph\">{\"@context\":\"https:\\\/\\\/schema.org\",\"@graph\":[{\"@type\":\"Article\",\"@id\":\"https:\\\/\\\/leregardlibre.com\\\/societe\\\/la-fete-des-vendanges-une-fete-de-lironie\\\/#article\",\"isPartOf\":{\"@id\":\"https:\\\/\\\/leregardlibre.com\\\/societe\\\/la-fete-des-vendanges-une-fete-de-lironie\\\/\"},\"author\":{\"name\":\"Max Moeschler\",\"@id\":\"https:\\\/\\\/leregardlibre.com\\\/#\\\/schema\\\/person\\\/439e8d2dc64266e912da6f674b0b2c4b\"},\"headline\":\"La F\u00eate des Vendanges, une f\u00eate de l\u2019ironie\",\"datePublished\":\"2022-10-24T07:32:33+00:00\",\"dateModified\":\"2022-10-24T07:33:07+00:00\",\"mainEntityOfPage\":{\"@id\":\"https:\\\/\\\/leregardlibre.com\\\/societe\\\/la-fete-des-vendanges-une-fete-de-lironie\\\/\"},\"wordCount\":291,\"commentCount\":0,\"publisher\":{\"@id\":\"https:\\\/\\\/leregardlibre.com\\\/#organization\"},\"image\":{\"@id\":\"https:\\\/\\\/leregardlibre.com\\\/societe\\\/la-fete-des-vendanges-une-fete-de-lironie\\\/#primaryimage\"},\"thumbnailUrl\":\"https:\\\/\\\/leregardlibre.com\\\/wp-content\\\/uploads\\\/2022\\\/10\\\/fete-des-vendanges-2022--fete-des-vendanges-e1666596741867.jpg\",\"keywords\":[\"Alcool\",\"Br\u00e8ve insolite\",\"F\u00eate\",\"Neuch\u00e2tel\",\"Vin\"],\"articleSection\":[\"Soci\u00e9t\u00e9\"],\"inLanguage\":\"de\",\"potentialAction\":[{\"@type\":\"CommentAction\",\"name\":\"Comment\",\"target\":[\"https:\\\/\\\/leregardlibre.com\\\/societe\\\/la-fete-des-vendanges-une-fete-de-lironie\\\/#respond\"]}]},{\"@type\":\"WebPage\",\"@id\":\"https:\\\/\\\/leregardlibre.com\\\/societe\\\/la-fete-des-vendanges-une-fete-de-lironie\\\/\",\"url\":\"https:\\\/\\\/leregardlibre.com\\\/societe\\\/la-fete-des-vendanges-une-fete-de-lironie\\\/\",\"name\":\"La F\u00eate des Vendanges, une f\u00eate de l\u2019ironie\",\"isPartOf\":{\"@id\":\"https:\\\/\\\/leregardlibre.com\\\/#website\"},\"primaryImageOfPage\":{\"@id\":\"https:\\\/\\\/leregardlibre.com\\\/societe\\\/la-fete-des-vendanges-une-fete-de-lironie\\\/#primaryimage\"},\"image\":{\"@id\":\"https:\\\/\\\/leregardlibre.com\\\/societe\\\/la-fete-des-vendanges-une-fete-de-lironie\\\/#primaryimage\"},\"thumbnailUrl\":\"https:\\\/\\\/leregardlibre.com\\\/wp-content\\\/uploads\\\/2022\\\/10\\\/fete-des-vendanges-2022--fete-des-vendanges-e1666596741867.jpg\",\"datePublished\":\"2022-10-24T07:32:33+00:00\",\"dateModified\":\"2022-10-24T07:33:07+00:00\",\"description\":\"La F\u00eate des Vendanges de Neuch\u00e2tel a fait son grand retour apr\u00e8s trois ans de disette d\u00fbs \u00e0 la pand\u00e9mie. Avec toujours un m\u00eame paradoxe...\",\"breadcrumb\":{\"@id\":\"https:\\\/\\\/leregardlibre.com\\\/societe\\\/la-fete-des-vendanges-une-fete-de-lironie\\\/#breadcrumb\"},\"inLanguage\":\"de\",\"potentialAction\":[{\"@type\":\"ReadAction\",\"target\":[\"https:\\\/\\\/leregardlibre.com\\\/societe\\\/la-fete-des-vendanges-une-fete-de-lironie\\\/\"]}]},{\"@type\":\"ImageObject\",\"inLanguage\":\"de\",\"@id\":\"https:\\\/\\\/leregardlibre.com\\\/societe\\\/la-fete-des-vendanges-une-fete-de-lironie\\\/#primaryimage\",\"url\":\"https:\\\/\\\/leregardlibre.com\\\/wp-content\\\/uploads\\\/2022\\\/10\\\/fete-des-vendanges-2022--fete-des-vendanges-e1666596741867.jpg\",\"contentUrl\":\"https:\\\/\\\/leregardlibre.com\\\/wp-content\\\/uploads\\\/2022\\\/10\\\/fete-des-vendanges-2022--fete-des-vendanges-e1666596741867.jpg\",\"width\":1920,\"height\":1280,\"caption\":\"Fe\u0302te des Vendanges 2022 \u00a9 Fe\u0302te des Vendanges\"},{\"@type\":\"BreadcrumbList\",\"@id\":\"https:\\\/\\\/leregardlibre.com\\\/societe\\\/la-fete-des-vendanges-une-fete-de-lironie\\\/#breadcrumb\",\"itemListElement\":[{\"@type\":\"ListItem\",\"position\":1,\"name\":\"Accueil\",\"item\":\"https:\\\/\\\/leregardlibre.com\\\/\"},{\"@type\":\"ListItem\",\"position\":2,\"name\":\"La F\u00eate des Vendanges, une f\u00eate de l\u2019ironie\"}]},{\"@type\":\"WebSite\",\"@id\":\"https:\\\/\\\/leregardlibre.com\\\/#website\",\"url\":\"https:\\\/\\\/leregardlibre.com\\\/\",\"name\":\"Le Regard Libre\",\"description\":\"Premier mensuel suisse de d\u00e9bat\",\"publisher\":{\"@id\":\"https:\\\/\\\/leregardlibre.com\\\/#organization\"},\"potentialAction\":[{\"@type\":\"SearchAction\",\"target\":{\"@type\":\"EntryPoint\",\"urlTemplate\":\"https:\\\/\\\/leregardlibre.com\\\/?s={search_term_string}\"},\"query-input\":{\"@type\":\"PropertyValueSpecification\",\"valueRequired\":true,\"valueName\":\"search_term_string\"}}],\"inLanguage\":\"de\"},{\"@type\":\"Organization\",\"@id\":\"https:\\\/\\\/leregardlibre.com\\\/#organization\",\"name\":\"Le Regard Libre\",\"url\":\"https:\\\/\\\/leregardlibre.com\\\/\",\"logo\":{\"@type\":\"ImageObject\",\"inLanguage\":\"de\",\"@id\":\"https:\\\/\\\/leregardlibre.com\\\/#\\\/schema\\\/logo\\\/image\\\/\",\"url\":\"https:\\\/\\\/leregardlibre.com\\\/wp-content\\\/uploads\\\/2025\\\/08\\\/logo-rl-icone-neg.jpeg\",\"contentUrl\":\"https:\\\/\\\/leregardlibre.com\\\/wp-content\\\/uploads\\\/2025\\\/08\\\/logo-rl-icone-neg.jpeg\",\"width\":557,\"height\":556,\"caption\":\"Le Regard Libre\"},\"image\":{\"@id\":\"https:\\\/\\\/leregardlibre.com\\\/#\\\/schema\\\/logo\\\/image\\\/\"},\"sameAs\":[\"https:\\\/\\\/www.facebook.com\\\/leregardlibre\\\/\",\"https:\\\/\\\/x.com\\\/LeRegardLibre\",\"https:\\\/\\\/www.linkedin.com\\\/company\\\/le-regard-libre\",\"https:\\\/\\\/www.instagram.com\\\/leregardlibre\\\/\",\"http:\\\/\\\/t.me\\\/leregardlibre\",\"https:\\\/\\\/youtube.com\\\/channel\\\/UC6HzGPomj1LsUmlz-sJtITQ\"],\"description\":\"Le Regard Libre est un mensuel suisse de d\u00e9bat intellectuel et culturel. Sa r\u00e9daction est jeune, b\u00e9n\u00e9vole, lib\u00e9rale et pluraliste. Le magazine para\u00eet en ligne et sous forme papier. Sa langue est le fran\u00e7ais.\",\"email\":\"redaction@leregardlibre.com\",\"legalName\":\"Le Regard Libre\",\"foundingDate\":\"2014-01-01\",\"numberOfEmployees\":{\"@type\":\"QuantitativeValue\",\"minValue\":\"11\",\"maxValue\":\"50\"},\"publishingPrinciples\":\"https:\\\/\\\/leregardlibre.com\\\/a-propos\\\/notre-manifeste\\\/\",\"ownershipFundingInfo\":\"https:\\\/\\\/leregardlibre.com\\\/mentions-legales\\\/\",\"actionableFeedbackPolicy\":\"https:\\\/\\\/leregardlibre.com\\\/conditions-generales-de-vente\\\/\"},{\"@type\":\"Person\",\"@id\":\"https:\\\/\\\/leregardlibre.com\\\/#\\\/schema\\\/person\\\/439e8d2dc64266e912da6f674b0b2c4b\",\"name\":\"Max Moeschler\",\"image\":{\"@type\":\"ImageObject\",\"inLanguage\":\"de\",\"@id\":\"https:\\\/\\\/secure.gravatar.com\\\/avatar\\\/a68b78ce98e86136d3956bc6f17e4879a7897c9744bef17da17a56ef38a02555?s=96&d=identicon&r=g\",\"url\":\"https:\\\/\\\/secure.gravatar.com\\\/avatar\\\/a68b78ce98e86136d3956bc6f17e4879a7897c9744bef17da17a56ef38a02555?s=96&d=identicon&r=g\",\"contentUrl\":\"https:\\\/\\\/secure.gravatar.com\\\/avatar\\\/a68b78ce98e86136d3956bc6f17e4879a7897c9744bef17da17a56ef38a02555?s=96&d=identicon&r=g\",\"caption\":\"Max Moeschler\"},\"sameAs\":[\"https:\\\/\\\/leregardlibre.com\\\/\",\"https:\\\/\\\/fr.wikipedia.org\\\/wiki\\\/Le_Regard_libre\"],\"url\":\"https:\\\/\\\/leregardlibre.com\\\/de\\\/author\\\/max-moeschler\\\/\"}]}<\/script>\n<!-- \/ Yoast SEO Premium plugin. -->","yoast_head_json":{"title":"Die F\u00eate des Vendanges, ein Fest der Ironie","description":"Die F\u00eate des Vendanges in Neuenburg feierte nach drei Jahren pandemiebedingter Durststrecke ihr gro\u00dfes Comeback. Mit immer demselben Paradoxon...","robots":{"index":"index","follow":"follow","max-snippet":"max-snippet:-1","max-image-preview":"max-image-preview:large","max-video-preview":"max-video-preview:-1"},"canonical":"https:\/\/leregardlibre.com\/de\/gesellschaft\/das-fest-der-weinlese-ein-fest-der-lironie\/","og_locale":"de_DE","og_type":"article","og_title":"La F\u00eate des Vendanges, une f\u00eate de l\u2019ironie","og_description":"La F\u00eate des Vendanges de Neuch\u00e2tel a fait son grand retour apr\u00e8s trois ans de disette d\u00fbs \u00e0 la pand\u00e9mie. Avec toujours un m\u00eame paradoxe...","og_url":"https:\/\/leregardlibre.com\/de\/gesellschaft\/das-fest-der-weinlese-ein-fest-der-lironie\/","og_site_name":"Le Regard Libre","article_publisher":"https:\/\/www.facebook.com\/leregardlibre\/","article_published_time":"2022-10-24T07:32:33+00:00","article_modified_time":"2022-10-24T07:33:07+00:00","og_image":[{"width":1920,"height":1280,"url":"https:\/\/leregardlibre.com\/wp-content\/uploads\/2022\/10\/fete-des-vendanges-2022--fete-des-vendanges-e1666596741867.jpg","type":"image\/jpeg"}],"author":"Max Moeschler","twitter_card":"summary_large_image","twitter_creator":"@LeRegardLibre","twitter_site":"@LeRegardLibre","twitter_misc":{"Verfasst von":"Max Moeschler","Gesch\u00e4tzte Lesezeit":"2\u00a0Minuten"},"schema":{"@context":"https:\/\/schema.org","@graph":[{"@type":"Article","@id":"https:\/\/leregardlibre.com\/societe\/la-fete-des-vendanges-une-fete-de-lironie\/#article","isPartOf":{"@id":"https:\/\/leregardlibre.com\/societe\/la-fete-des-vendanges-une-fete-de-lironie\/"},"author":{"name":"Max Moeschler","@id":"https:\/\/leregardlibre.com\/#\/schema\/person\/439e8d2dc64266e912da6f674b0b2c4b"},"headline":"La F\u00eate des Vendanges, une f\u00eate de l\u2019ironie","datePublished":"2022-10-24T07:32:33+00:00","dateModified":"2022-10-24T07:33:07+00:00","mainEntityOfPage":{"@id":"https:\/\/leregardlibre.com\/societe\/la-fete-des-vendanges-une-fete-de-lironie\/"},"wordCount":291,"commentCount":0,"publisher":{"@id":"https:\/\/leregardlibre.com\/#organization"},"image":{"@id":"https:\/\/leregardlibre.com\/societe\/la-fete-des-vendanges-une-fete-de-lironie\/#primaryimage"},"thumbnailUrl":"https:\/\/leregardlibre.com\/wp-content\/uploads\/2022\/10\/fete-des-vendanges-2022--fete-des-vendanges-e1666596741867.jpg","keywords":["Alcool","Br\u00e8ve insolite","F\u00eate","Neuch\u00e2tel","Vin"],"articleSection":["Soci\u00e9t\u00e9"],"inLanguage":"de","potentialAction":[{"@type":"CommentAction","name":"Comment","target":["https:\/\/leregardlibre.com\/societe\/la-fete-des-vendanges-une-fete-de-lironie\/#respond"]}]},{"@type":"WebPage","@id":"https:\/\/leregardlibre.com\/societe\/la-fete-des-vendanges-une-fete-de-lironie\/","url":"https:\/\/leregardlibre.com\/societe\/la-fete-des-vendanges-une-fete-de-lironie\/","name":"Die F\u00eate des Vendanges, ein Fest der Ironie","isPartOf":{"@id":"https:\/\/leregardlibre.com\/#website"},"primaryImageOfPage":{"@id":"https:\/\/leregardlibre.com\/societe\/la-fete-des-vendanges-une-fete-de-lironie\/#primaryimage"},"image":{"@id":"https:\/\/leregardlibre.com\/societe\/la-fete-des-vendanges-une-fete-de-lironie\/#primaryimage"},"thumbnailUrl":"https:\/\/leregardlibre.com\/wp-content\/uploads\/2022\/10\/fete-des-vendanges-2022--fete-des-vendanges-e1666596741867.jpg","datePublished":"2022-10-24T07:32:33+00:00","dateModified":"2022-10-24T07:33:07+00:00","description":"Die F\u00eate des Vendanges in Neuenburg feierte nach drei Jahren pandemiebedingter Durststrecke ihr gro\u00dfes Comeback. Mit immer demselben Paradoxon...","breadcrumb":{"@id":"https:\/\/leregardlibre.com\/societe\/la-fete-des-vendanges-une-fete-de-lironie\/#breadcrumb"},"inLanguage":"de","potentialAction":[{"@type":"ReadAction","target":["https:\/\/leregardlibre.com\/societe\/la-fete-des-vendanges-une-fete-de-lironie\/"]}]},{"@type":"ImageObject","inLanguage":"de","@id":"https:\/\/leregardlibre.com\/societe\/la-fete-des-vendanges-une-fete-de-lironie\/#primaryimage","url":"https:\/\/leregardlibre.com\/wp-content\/uploads\/2022\/10\/fete-des-vendanges-2022--fete-des-vendanges-e1666596741867.jpg","contentUrl":"https:\/\/leregardlibre.com\/wp-content\/uploads\/2022\/10\/fete-des-vendanges-2022--fete-des-vendanges-e1666596741867.jpg","width":1920,"height":1280,"caption":"Fe\u0302te des Vendanges 2022 \u00a9 Fe\u0302te des Vendanges"},{"@type":"BreadcrumbList","@id":"https:\/\/leregardlibre.com\/societe\/la-fete-des-vendanges-une-fete-de-lironie\/#breadcrumb","itemListElement":[{"@type":"ListItem","position":1,"name":"Accueil","item":"https:\/\/leregardlibre.com\/"},{"@type":"ListItem","position":2,"name":"La F\u00eate des Vendanges, une f\u00eate de l\u2019ironie"}]},{"@type":"WebSite","@id":"https:\/\/leregardlibre.com\/#website","url":"https:\/\/leregardlibre.com\/","name":"Le Regard Libre","description":"Erste Schweizer Monatszeitschrift f\u00fcr Debatten","publisher":{"@id":"https:\/\/leregardlibre.com\/#organization"},"potentialAction":[{"@type":"SearchAction","target":{"@type":"EntryPoint","urlTemplate":"https:\/\/leregardlibre.com\/?s={search_term_string}"},"query-input":{"@type":"PropertyValueSpecification","valueRequired":true,"valueName":"search_term_string"}}],"inLanguage":"de"},{"@type":"Organization","@id":"https:\/\/leregardlibre.com\/#organization","name":"Le Regard Libre","url":"https:\/\/leregardlibre.com\/","logo":{"@type":"ImageObject","inLanguage":"de","@id":"https:\/\/leregardlibre.com\/#\/schema\/logo\/image\/","url":"https:\/\/leregardlibre.com\/wp-content\/uploads\/2025\/08\/logo-rl-icone-neg.jpeg","contentUrl":"https:\/\/leregardlibre.com\/wp-content\/uploads\/2025\/08\/logo-rl-icone-neg.jpeg","width":557,"height":556,"caption":"Le Regard Libre"},"image":{"@id":"https:\/\/leregardlibre.com\/#\/schema\/logo\/image\/"},"sameAs":["https:\/\/www.facebook.com\/leregardlibre\/","https:\/\/x.com\/LeRegardLibre","https:\/\/www.linkedin.com\/company\/le-regard-libre","https:\/\/www.instagram.com\/leregardlibre\/","http:\/\/t.me\/leregardlibre","https:\/\/youtube.com\/channel\/UC6HzGPomj1LsUmlz-sJtITQ"],"description":"Le Regard Libre ist eine Schweizer Monatszeitschrift f\u00fcr intellektuelle und kulturelle Debatten. Seine Redaktion ist jung, ehrenamtlich, liberal und pluralistisch. Das Magazin erscheint online und in gedruckter Form. Seine Sprache ist Franz\u00f6sisch.","email":"redaction@leregardlibre.com","legalName":"Le Regard Libre","foundingDate":"2014-01-01","numberOfEmployees":{"@type":"QuantitativeValue","minValue":"11","maxValue":"50"},"publishingPrinciples":"https:\/\/leregardlibre.com\/a-propos\/notre-manifeste\/","ownershipFundingInfo":"https:\/\/leregardlibre.com\/mentions-legales\/","actionableFeedbackPolicy":"https:\/\/leregardlibre.com\/conditions-generales-de-vente\/"},{"@type":"Person","@id":"https:\/\/leregardlibre.com\/#\/schema\/person\/439e8d2dc64266e912da6f674b0b2c4b","name":"Max Moeschler","image":{"@type":"ImageObject","inLanguage":"de","@id":"https:\/\/secure.gravatar.com\/avatar\/a68b78ce98e86136d3956bc6f17e4879a7897c9744bef17da17a56ef38a02555?s=96&d=identicon&r=g","url":"https:\/\/secure.gravatar.com\/avatar\/a68b78ce98e86136d3956bc6f17e4879a7897c9744bef17da17a56ef38a02555?s=96&d=identicon&r=g","contentUrl":"https:\/\/secure.gravatar.com\/avatar\/a68b78ce98e86136d3956bc6f17e4879a7897c9744bef17da17a56ef38a02555?s=96&d=identicon&r=g","caption":"Max Moeschler"},"sameAs":["https:\/\/leregardlibre.com\/","https:\/\/fr.wikipedia.org\/wiki\/Le_Regard_libre"],"url":"https:\/\/leregardlibre.com\/de\/author\/max-moeschler\/"}]}},"_links":{"self":[{"href":"https:\/\/leregardlibre.com\/de\/wp-json\/wp\/v2\/posts\/513210","targetHints":{"allow":["GET"]}}],"collection":[{"href":"https:\/\/leregardlibre.com\/de\/wp-json\/wp\/v2\/posts"}],"about":[{"href":"https:\/\/leregardlibre.com\/de\/wp-json\/wp\/v2\/types\/post"}],"author":[{"embeddable":true,"href":"https:\/\/leregardlibre.com\/de\/wp-json\/wp\/v2\/users\/100"}],"replies":[{"embeddable":true,"href":"https:\/\/leregardlibre.com\/de\/wp-json\/wp\/v2\/comments?post=513210"}],"version-history":[{"count":2,"href":"https:\/\/leregardlibre.com\/de\/wp-json\/wp\/v2\/posts\/513210\/revisions"}],"predecessor-version":[{"id":513214,"href":"https:\/\/leregardlibre.com\/de\/wp-json\/wp\/v2\/posts\/513210\/revisions\/513214"}],"wp:featuredmedia":[{"embeddable":true,"href":"https:\/\/leregardlibre.com\/de\/wp-json\/wp\/v2\/media\/513212"}],"wp:attachment":[{"href":"https:\/\/leregardlibre.com\/de\/wp-json\/wp\/v2\/media?parent=513210"}],"wp:term":[{"taxonomy":"category","embeddable":true,"href":"https:\/\/leregardlibre.com\/de\/wp-json\/wp\/v2\/categories?post=513210"},{"taxonomy":"post_tag","embeddable":true,"href":"https:\/\/leregardlibre.com\/de\/wp-json\/wp\/v2\/tags?post=513210"}],"curies":[{"name":"wp","href":"https:\/\/api.w.org\/{rel}","templated":true}]}}